{"id":89,"name":"Mar\u00eda Olazar\u00e1n Juanmarti\u00f1ena","url":"","description":"Periodista freelance, sobre la \u00faltima entrega de AbiertoXObras de Espacio BIM","link":"https:\/\/veredes.es\/blog\/author\/maria-olazaran\/","slug":"maria-olazaran","avatar_urls":{"24":"https:\/\/veredes.es\/blog\/wp-content\/uploads\/2023\/12\/cropped-Maria-Olazaran-24x24.jpg","48":"https:\/\/veredes.es\/blog\/wp-content\/uploads\/2023\/12\/cropped-Maria-Olazaran-48x48.jpg","96":"https:\/\/veredes.es\/blog\/wp-content\/uploads\/2023\/12\/cropped-Maria-Olazaran-96x96.jpg"},"meta":[],"simple_local_avatar":{"media_id":96470,"full":"https:\/\/veredes.es\/blog\/wp-content\/uploads\/2023\/12\/cropped-Maria-Olazaran.jpg","blog_id":1,"192":"https:\/\/veredes.es\/blog\/wp-content\/uploads\/2023\/12\/cropped-Maria-Olazaran-192x192.jpg","96":"https:\/\/veredes.es\/blog\/wp-content\/uploads\/2023\/12\/cropped-Maria-Olazaran-96x96.jpg","140":"https:\/\/veredes.es\/blog\/wp-content\/uploads\/2023\/12\/cropped-Maria-Olazaran-140x140.jpg","70":"https:\/\/veredes.es\/blog\/wp-content\/uploads\/2023\/12\/cropped-Maria-Olazaran-70x70.jpg","500":"https:\/\/veredes.es\/blog\/wp-content\/uploads\/2023\/12\/cropped-Maria-Olazaran.jpg","234":"https:\/\/veredes.es\/blog\/wp-content\/uploads\/2023\/12\/cropped-Maria-Olazaran-234x234.jpg","117":"https:\/\/veredes.es\/blog\/wp-content\/uploads\/2023\/12\/cropped-Maria-Olazaran-117x117.jpg","1000":"https:\/\/veredes.es\/blog\/wp-content\/uploads\/2023\/12\/cropped-Maria-Olazaran.jpg","25":"https:\/\/veredes.es\/blog\/wp-content\/uploads\/2023\/12\/cropped-Maria-Olazaran-25x25.jpg","72":"https:\/\/veredes.es\/blog\/wp-content\/uploads\/2023\/12\/cropped-Maria-Olazaran-72x72.jpg","24":"https:\/\/veredes.es\/blog\/wp-content\/uploads\/2023\/12\/cropped-Maria-Olazaran-24x24.jpg","48":"https:\/\/veredes.es\/blog\/wp-content\/uploads\/2023\/12\/cropped-Maria-Olazaran-48x48.jpg","64":"https:\/\/veredes.es\/blog\/wp-content\/uploads\/2023\/12\/cropped-Maria-Olazaran-64x64.jpg","32":"https:\/\/veredes.es\/blog\/wp-content\/uploads\/2023\/12\/cropped-Maria-Olazaran-32x32.jpg","246":"https:\/\/veredes.es\/blog\/wp-content\/uploads\/2023\/12\/cropped-Maria-Olazaran-246x246.jpg","123":"https:\/\/veredes.es\/blog\/wp-content\/uploads\/2023\/12\/cropped-Maria-Olazaran-123x123.jpg","20":"https:\/\/veredes.es\/blog\/wp-content\/uploads\/2023\/12\/cropped-Maria-Olazaran-20x20.jpg","10":"https:\/\/veredes.es\/blog\/wp-content\/uploads\/2023\/12\/cropped-Maria-Olazaran-10x10.jpg","200":"https:\/\/veredes.es\/blog\/wp-content\/uploads\/2023\/12\/cropped-Maria-Olazaran-200x200.jpg","100":"https:\/\/veredes.es\/blog\/wp-content\/uploads\/2023\/12\/cropped-Maria-Olazaran-100x100.jpg","600":"https:\/\/veredes.es\/blog\/wp-content\/uploads\/2023\/12\/cropped-Maria-Olazaran.jpg","300":"https:\/\/veredes.es\/blog\/wp-content\/uploads\/2023\/12\/cropped-Maria-Olazaran-300x300.jpg","400":"https:\/\/veredes.es\/blog\/wp-content\/uploads\/2023\/12\/cropped-Maria-Olazaran-400x400.jpg","150":"https:\/\/veredes.es\/blog\/wp-content\/uploads\/2023\/12\/cropped-Maria-Olazaran-150x150.jpg"},"yoast_head":"<!-- This site is optimized with the Yoast SEO plugin v27.5 - https:\/\/yoast.com\/product\/yoast-seo-wordpress\/ -->\n<title>Mar\u00eda Olazar\u00e1n Juanmarti\u00f1ena<\/title>\n<meta name=\"description\" content=\"Maria Olazaran\" \/>\n<meta name=\"robots\" content=\"index, follow, max-snippet:-1, max-image-preview:large, max-video-preview:-1\" \/>\n<link rel=\"canonical\" href=\"https:\/\/veredes.es\/blog\/author\/maria-olazaran\/\" \/>\n<meta property=\"og:locale\" content=\"es_ES\" \/>\n<meta property=\"og:type\" content=\"profile\" \/>\n<meta property=\"og:title\" content=\"Mar\u00eda Olazar\u00e1n Juanmarti\u00f1ena\" \/>\n<meta property=\"og:description\" content=\"Maria Olazaran\" \/>\n<meta property=\"og:url\" content=\"https:\/\/veredes.es\/blog\/author\/maria-olazaran\/\" \/>\n<meta property=\"og:site_name\" content=\"veredes, arquitectura y divulgaci\u00f3n\" \/>\n<meta property=\"og:image\" content=\"https:\/\/veredes.es\/blog\/wp-content\/uploads\/2023\/12\/cropped-Maria-Olazaran.jpg\" \/>\n\t<meta property=\"og:image:width\" content=\"400\" \/>\n\t<meta property=\"og:image:height\" content=\"400\" \/>\n\t<meta property=\"og:image:type\" content=\"image\/jpeg\" \/>\n<meta name=\"twitter:card\" content=\"summary_large_image\" \/>\n<meta name=\"twitter:site\" content=\"@veredes\" \/>\n<script type=\"application\/ld+json\" class=\"yoast-schema-graph\">{\"@context\":\"https:\\\/\\\/schema.org\",\"@graph\":[{\"@type\":\"ProfilePage\",\"@id\":\"https:\\\/\\\/veredes.es\\\/blog\\\/author\\\/maria-olazaran\\\/\",\"url\":\"https:\\\/\\\/veredes.es\\\/blog\\\/author\\\/maria-olazaran\\\/\",\"name\":\"Mar\u00eda Olazar\u00e1n Juanmarti\u00f1ena\",\"isPartOf\":{\"@id\":\"https:\\\/\\\/veredes.es\\\/blog\\\/#website\"},\"description\":\"Maria Olazaran\",\"breadcrumb\":{\"@id\":\"https:\\\/\\\/veredes.es\\\/blog\\\/author\\\/maria-olazaran\\\/#breadcrumb\"},\"inLanguage\":\"es\",\"potentialAction\":[{\"@type\":\"ReadAction\",\"target\":[\"https:\\\/\\\/veredes.es\\\/blog\\\/author\\\/maria-olazaran\\\/\"]}]},{\"@type\":\"BreadcrumbList\",\"@id\":\"https:\\\/\\\/veredes.es\\\/blog\\\/author\\\/maria-olazaran\\\/#breadcrumb\",\"itemListElement\":[{\"@type\":\"ListItem\",\"position\":1,\"name\":\"Portada\",\"item\":\"https:\\\/\\\/veredes.es\\\/blog\\\/\"},{\"@type\":\"ListItem\",\"position\":2,\"name\":\"Archivos por Mar\u00eda Olazar\u00e1n Juanmarti\u00f1ena\"}]},{\"@type\":\"WebSite\",\"@id\":\"https:\\\/\\\/veredes.es\\\/blog\\\/#website\",\"url\":\"https:\\\/\\\/veredes.es\\\/blog\\\/\",\"name\":\"veredes, arquitectura y divulgaci\u00f3n\",\"description\":\"veredes\",\"publisher\":{\"@id\":\"https:\\\/\\\/veredes.es\\\/blog\\\/#organization\"},\"alternateName\":\"veredes\",\"potentialAction\":[{\"@type\":\"SearchAction\",\"target\":{\"@type\":\"EntryPoint\",\"urlTemplate\":\"https:\\\/\\\/veredes.es\\\/blog\\\/?s={search_term_string}\"},\"query-input\":{\"@type\":\"PropertyValueSpecification\",\"valueRequired\":true,\"valueName\":\"search_term_string\"}}],\"inLanguage\":\"es\"},{\"@type\":\"Organization\",\"@id\":\"https:\\\/\\\/veredes.es\\\/blog\\\/#organization\",\"name\":\"veredes, arquitectura y divulgaci\u00f3n\",\"alternateName\":\"veredes\",\"url\":\"https:\\\/\\\/veredes.es\\\/blog\\\/\",\"logo\":{\"@type\":\"ImageObject\",\"inLanguage\":\"es\",\"@id\":\"https:\\\/\\\/veredes.es\\\/blog\\\/#\\\/schema\\\/logo\\\/image\\\/\",\"url\":\"https:\\\/\\\/veredes.es\\\/blog\\\/wp-content\\\/uploads\\\/2021\\\/12\\\/veredes-logo-centrado_140x54.png\",\"contentUrl\":\"https:\\\/\\\/veredes.es\\\/blog\\\/wp-content\\\/uploads\\\/2021\\\/12\\\/veredes-logo-centrado_140x54.png\",\"width\":140,\"height\":54,\"caption\":\"veredes, arquitectura y divulgaci\u00f3n\"},\"image\":{\"@id\":\"https:\\\/\\\/veredes.es\\\/blog\\\/#\\\/schema\\\/logo\\\/image\\\/\"},\"sameAs\":[\"https:\\\/\\\/www.facebook.com\\\/veredesArquitecturayDivulgacion\\\/\",\"https:\\\/\\\/x.com\\\/veredes\",\"https:\\\/\\\/instagram.com\\\/veredes\\\/\",\"https:\\\/\\\/www.linkedin.com\\\/company\\\/veredes-arquitectura-y-divulgacion\\\/\",\"https:\\\/\\\/es.pinterest.com\\\/veredes\\\/\",\"https:\\\/\\\/www.tumblr.com\\\/veredes\"]},{\"@type\":\"Person\",\"@id\":\"https:\\\/\\\/veredes.es\\\/blog\\\/#\\\/schema\\\/person\\\/22dc473782d353733066876b711c88d3\",\"name\":\"Mar\u00eda Olazar\u00e1n Juanmarti\u00f1ena\",\"image\":{\"@type\":\"ImageObject\",\"inLanguage\":\"es\",\"@id\":\"https:\\\/\\\/veredes.es\\\/blog\\\/wp-content\\\/uploads\\\/2023\\\/12\\\/cropped-Maria-Olazaran-96x96.jpg\",\"url\":\"https:\\\/\\\/veredes.es\\\/blog\\\/wp-content\\\/uploads\\\/2023\\\/12\\\/cropped-Maria-Olazaran-96x96.jpg\",\"contentUrl\":\"https:\\\/\\\/veredes.es\\\/blog\\\/wp-content\\\/uploads\\\/2023\\\/12\\\/cropped-Maria-Olazaran-96x96.jpg\",\"caption\":\"Mar\u00eda Olazar\u00e1n Juanmarti\u00f1ena\"},\"description\":\"Periodista freelance, sobre la \u00faltima entrega de AbiertoXObras de Espacio BIM\",\"mainEntityOfPage\":{\"@id\":\"https:\\\/\\\/veredes.es\\\/blog\\\/author\\\/maria-olazaran\\\/\"}}]}<\/script>\n<!-- \/ Yoast SEO plugin. -->","yoast_head_json":{"title":"Mar\u00eda Olazar\u00e1n Juanmarti\u00f1ena","description":"Maria Olazaran","robots":{"index":"index","follow":"follow","max-snippet":"max-snippet:-1","max-image-preview":"max-image-preview:large","max-video-preview":"max-video-preview:-1"},"canonical":"https:\/\/veredes.es\/blog\/author\/maria-olazaran\/","og_locale":"es_ES","og_type":"profile","og_title":"Mar\u00eda Olazar\u00e1n Juanmarti\u00f1ena","og_description":"Maria Olazaran","og_url":"https:\/\/veredes.es\/blog\/author\/maria-olazaran\/","og_site_name":"veredes, arquitectura y divulgaci\u00f3n","og_image":[{"width":400,"height":400,"url":"https:\/\/veredes.es\/blog\/wp-content\/uploads\/2023\/12\/cropped-Maria-Olazaran.jpg","type":"image\/jpeg"}],"twitter_card":"summary_large_image","twitter_site":"@veredes","schema":{"@context":"https:\/\/schema.org","@graph":[{"@type":"ProfilePage","@id":"https:\/\/veredes.es\/blog\/author\/maria-olazaran\/","url":"https:\/\/veredes.es\/blog\/author\/maria-olazaran\/","name":"Mar\u00eda Olazar\u00e1n Juanmarti\u00f1ena","isPartOf":{"@id":"https:\/\/veredes.es\/blog\/#website"},"description":"Maria Olazaran","breadcrumb":{"@id":"https:\/\/veredes.es\/blog\/author\/maria-olazaran\/#breadcrumb"},"inLanguage":"es","potentialAction":[{"@type":"ReadAction","target":["https:\/\/veredes.es\/blog\/author\/maria-olazaran\/"]}]},{"@type":"BreadcrumbList","@id":"https:\/\/veredes.es\/blog\/author\/maria-olazaran\/#breadcrumb","itemListElement":[{"@type":"ListItem","position":1,"name":"Portada","item":"https:\/\/veredes.es\/blog\/"},{"@type":"ListItem","position":2,"name":"Archivos por Mar\u00eda Olazar\u00e1n Juanmarti\u00f1ena"}]},{"@type":"WebSite","@id":"https:\/\/veredes.es\/blog\/#website","url":"https:\/\/veredes.es\/blog\/","name":"veredes, arquitectura y divulgaci\u00f3n","description":"veredes","publisher":{"@id":"https:\/\/veredes.es\/blog\/#organization"},"alternateName":"veredes","potentialAction":[{"@type":"SearchAction","target":{"@type":"EntryPoint","urlTemplate":"https:\/\/veredes.es\/blog\/?s={search_term_string}"},"query-input":{"@type":"PropertyValueSpecification","valueRequired":true,"valueName":"search_term_string"}}],"inLanguage":"es"},{"@type":"Organization","@id":"https:\/\/veredes.es\/blog\/#organization","name":"veredes, arquitectura y divulgaci\u00f3n","alternateName":"veredes","url":"https:\/\/veredes.es\/blog\/","logo":{"@type":"ImageObject","inLanguage":"es","@id":"https:\/\/veredes.es\/blog\/#\/schema\/logo\/image\/","url":"https:\/\/veredes.es\/blog\/wp-content\/uploads\/2021\/12\/veredes-logo-centrado_140x54.png","contentUrl":"https:\/\/veredes.es\/blog\/wp-content\/uploads\/2021\/12\/veredes-logo-centrado_140x54.png","width":140,"height":54,"caption":"veredes, arquitectura y divulgaci\u00f3n"},"image":{"@id":"https:\/\/veredes.es\/blog\/#\/schema\/logo\/image\/"},"sameAs":["https:\/\/www.facebook.com\/veredesArquitecturayDivulgacion\/","https:\/\/x.com\/veredes","https:\/\/instagram.com\/veredes\/","https:\/\/www.linkedin.com\/company\/veredes-arquitectura-y-divulgacion\/","https:\/\/es.pinterest.com\/veredes\/","https:\/\/www.tumblr.com\/veredes"]},{"@type":"Person","@id":"https:\/\/veredes.es\/blog\/#\/schema\/person\/22dc473782d353733066876b711c88d3","name":"Mar\u00eda Olazar\u00e1n Juanmarti\u00f1ena","image":{"@type":"ImageObject","inLanguage":"es","@id":"https:\/\/veredes.es\/blog\/wp-content\/uploads\/2023\/12\/cropped-Maria-Olazaran-96x96.jpg","url":"https:\/\/veredes.es\/blog\/wp-content\/uploads\/2023\/12\/cropped-Maria-Olazaran-96x96.jpg","contentUrl":"https:\/\/veredes.es\/blog\/wp-content\/uploads\/2023\/12\/cropped-Maria-Olazaran-96x96.jpg","caption":"Mar\u00eda Olazar\u00e1n Juanmarti\u00f1ena"},"description":"Periodista freelance, sobre la \u00faltima entrega de AbiertoXObras de Espacio BIM","mainEntityOfPage":{"@id":"https:\/\/veredes.es\/blog\/author\/maria-olazaran\/"}}]}},"_links":{"self":[{"href":"https:\/\/veredes.es\/blog\/wp-json\/wp\/v2\/users\/89","targetHints":{"allow":["GET"]}}],"collection":[{"href":"https:\/\/veredes.es\/blog\/wp-json\/wp\/v2\/users"}]}}