{"id":87,"name":"Isabel Dom\u00ednguez P\u00e9rez","url":"","description":"Historiadora del arte","link":"https:\/\/veredes.es\/blog\/author\/isabel-dominguez-perez\/","slug":"isabel-dominguez-perez","avatar_urls":{"24":"https:\/\/veredes.es\/blog\/wp-content\/uploads\/2015\/03\/cropped-IMG-20150127-WA0038-24x24.jpg","48":"https:\/\/veredes.es\/blog\/wp-content\/uploads\/2015\/03\/cropped-IMG-20150127-WA0038-48x48.jpg","96":"https:\/\/veredes.es\/blog\/wp-content\/uploads\/2015\/03\/cropped-IMG-20150127-WA0038-96x96.jpg"},"meta":[],"simple_local_avatar":{"media_id":94856,"full":"https:\/\/veredes.es\/blog\/wp-content\/uploads\/2015\/03\/cropped-IMG-20150127-WA0038.jpg","blog_id":1,"192":"https:\/\/veredes.es\/blog\/wp-content\/uploads\/2015\/03\/cropped-IMG-20150127-WA0038-192x192.jpg","96":"https:\/\/veredes.es\/blog\/wp-content\/uploads\/2015\/03\/cropped-IMG-20150127-WA0038-96x96.jpg","140":"https:\/\/veredes.es\/blog\/wp-content\/uploads\/2015\/03\/cropped-IMG-20150127-WA0038-140x140.jpg","70":"https:\/\/veredes.es\/blog\/wp-content\/uploads\/2015\/03\/cropped-IMG-20150127-WA0038-70x70.jpg","500":"https:\/\/veredes.es\/blog\/wp-content\/uploads\/2015\/03\/cropped-IMG-20150127-WA0038.jpg","234":"https:\/\/veredes.es\/blog\/wp-content\/uploads\/2015\/03\/cropped-IMG-20150127-WA0038-234x234.jpg","117":"https:\/\/veredes.es\/blog\/wp-content\/uploads\/2015\/03\/cropped-IMG-20150127-WA0038-117x117.jpg","1000":"https:\/\/veredes.es\/blog\/wp-content\/uploads\/2015\/03\/cropped-IMG-20150127-WA0038.jpg","25":"https:\/\/veredes.es\/blog\/wp-content\/uploads\/2015\/03\/cropped-IMG-20150127-WA0038-25x25.jpg","24":"https:\/\/veredes.es\/blog\/wp-content\/uploads\/2015\/03\/cropped-IMG-20150127-WA0038-24x24.jpg","48":"https:\/\/veredes.es\/blog\/wp-content\/uploads\/2015\/03\/cropped-IMG-20150127-WA0038-48x48.jpg","64":"https:\/\/veredes.es\/blog\/wp-content\/uploads\/2015\/03\/cropped-IMG-20150127-WA0038-64x64.jpg","32":"https:\/\/veredes.es\/blog\/wp-content\/uploads\/2015\/03\/cropped-IMG-20150127-WA0038-32x32.jpg","246":"https:\/\/veredes.es\/blog\/wp-content\/uploads\/2015\/03\/cropped-IMG-20150127-WA0038-246x246.jpg","123":"https:\/\/veredes.es\/blog\/wp-content\/uploads\/2015\/03\/cropped-IMG-20150127-WA0038-123x123.jpg","20":"https:\/\/veredes.es\/blog\/wp-content\/uploads\/2015\/03\/cropped-IMG-20150127-WA0038-20x20.jpg","10":"https:\/\/veredes.es\/blog\/wp-content\/uploads\/2015\/03\/cropped-IMG-20150127-WA0038-10x10.jpg","200":"https:\/\/veredes.es\/blog\/wp-content\/uploads\/2015\/03\/cropped-IMG-20150127-WA0038-200x200.jpg","100":"https:\/\/veredes.es\/blog\/wp-content\/uploads\/2015\/03\/cropped-IMG-20150127-WA0038-100x100.jpg","600":"https:\/\/veredes.es\/blog\/wp-content\/uploads\/2015\/03\/cropped-IMG-20150127-WA0038.jpg","300":"https:\/\/veredes.es\/blog\/wp-content\/uploads\/2015\/03\/cropped-IMG-20150127-WA0038-300x300.jpg","400":"https:\/\/veredes.es\/blog\/wp-content\/uploads\/2015\/03\/cropped-IMG-20150127-WA0038-400x400.jpg","150":"https:\/\/veredes.es\/blog\/wp-content\/uploads\/2015\/03\/cropped-IMG-20150127-WA0038-150x150.jpg"},"yoast_head":"<!-- This site is optimized with the Yoast SEO plugin v27.4 - https:\/\/yoast.com\/product\/yoast-seo-wordpress\/ -->\n<title>Isabel Dom\u00ednguez P\u00e9rez<\/title>\n<meta name=\"description\" content=\"Isabel Dom\u00ednguez P\u00e9rez\" \/>\n<meta name=\"robots\" content=\"index, follow, max-snippet:-1, max-image-preview:large, max-video-preview:-1\" \/>\n<link rel=\"canonical\" href=\"https:\/\/veredes.es\/blog\/author\/isabel-dominguez-perez\/\" \/>\n<meta property=\"og:locale\" content=\"es_ES\" \/>\n<meta property=\"og:type\" content=\"profile\" \/>\n<meta property=\"og:title\" content=\"Isabel Dom\u00ednguez P\u00e9rez\" \/>\n<meta property=\"og:description\" content=\"Isabel Dom\u00ednguez P\u00e9rez\" \/>\n<meta property=\"og:url\" content=\"https:\/\/veredes.es\/blog\/author\/isabel-dominguez-perez\/\" \/>\n<meta property=\"og:site_name\" content=\"veredes, arquitectura y divulgaci\u00f3n\" \/>\n<meta property=\"og:image\" content=\"https:\/\/veredes.es\/blog\/wp-content\/uploads\/2015\/03\/cropped-IMG-20150127-WA0038.jpg\" \/>\n\t<meta property=\"og:image:width\" content=\"465\" \/>\n\t<meta property=\"og:image:height\" content=\"465\" \/>\n\t<meta property=\"og:image:type\" content=\"image\/jpeg\" \/>\n<meta name=\"twitter:card\" content=\"summary_large_image\" \/>\n<meta name=\"twitter:site\" content=\"@veredes\" \/>\n<script type=\"application\/ld+json\" class=\"yoast-schema-graph\">{\"@context\":\"https:\\\/\\\/schema.org\",\"@graph\":[{\"@type\":\"ProfilePage\",\"@id\":\"https:\\\/\\\/veredes.es\\\/blog\\\/author\\\/isabel-dominguez-perez\\\/\",\"url\":\"https:\\\/\\\/veredes.es\\\/blog\\\/author\\\/isabel-dominguez-perez\\\/\",\"name\":\"Isabel Dom\u00ednguez P\u00e9rez\",\"isPartOf\":{\"@id\":\"https:\\\/\\\/veredes.es\\\/blog\\\/#website\"},\"description\":\"Isabel Dom\u00ednguez P\u00e9rez\",\"breadcrumb\":{\"@id\":\"https:\\\/\\\/veredes.es\\\/blog\\\/author\\\/isabel-dominguez-perez\\\/#breadcrumb\"},\"inLanguage\":\"es\",\"potentialAction\":[{\"@type\":\"ReadAction\",\"target\":[\"https:\\\/\\\/veredes.es\\\/blog\\\/author\\\/isabel-dominguez-perez\\\/\"]}]},{\"@type\":\"BreadcrumbList\",\"@id\":\"https:\\\/\\\/veredes.es\\\/blog\\\/author\\\/isabel-dominguez-perez\\\/#breadcrumb\",\"itemListElement\":[{\"@type\":\"ListItem\",\"position\":1,\"name\":\"Portada\",\"item\":\"https:\\\/\\\/veredes.es\\\/blog\\\/\"},{\"@type\":\"ListItem\",\"position\":2,\"name\":\"Archivos por Isabel Dom\u00ednguez P\u00e9rez\"}]},{\"@type\":\"WebSite\",\"@id\":\"https:\\\/\\\/veredes.es\\\/blog\\\/#website\",\"url\":\"https:\\\/\\\/veredes.es\\\/blog\\\/\",\"name\":\"veredes, arquitectura y divulgaci\u00f3n\",\"description\":\"veredes\",\"publisher\":{\"@id\":\"https:\\\/\\\/veredes.es\\\/blog\\\/#organization\"},\"alternateName\":\"veredes\",\"potentialAction\":[{\"@type\":\"SearchAction\",\"target\":{\"@type\":\"EntryPoint\",\"urlTemplate\":\"https:\\\/\\\/veredes.es\\\/blog\\\/?s={search_term_string}\"},\"query-input\":{\"@type\":\"PropertyValueSpecification\",\"valueRequired\":true,\"valueName\":\"search_term_string\"}}],\"inLanguage\":\"es\"},{\"@type\":\"Organization\",\"@id\":\"https:\\\/\\\/veredes.es\\\/blog\\\/#organization\",\"name\":\"veredes, arquitectura y divulgaci\u00f3n\",\"alternateName\":\"veredes\",\"url\":\"https:\\\/\\\/veredes.es\\\/blog\\\/\",\"logo\":{\"@type\":\"ImageObject\",\"inLanguage\":\"es\",\"@id\":\"https:\\\/\\\/veredes.es\\\/blog\\\/#\\\/schema\\\/logo\\\/image\\\/\",\"url\":\"https:\\\/\\\/veredes.es\\\/blog\\\/wp-content\\\/uploads\\\/2021\\\/12\\\/veredes-logo-centrado_140x54.png\",\"contentUrl\":\"https:\\\/\\\/veredes.es\\\/blog\\\/wp-content\\\/uploads\\\/2021\\\/12\\\/veredes-logo-centrado_140x54.png\",\"width\":140,\"height\":54,\"caption\":\"veredes, arquitectura y divulgaci\u00f3n\"},\"image\":{\"@id\":\"https:\\\/\\\/veredes.es\\\/blog\\\/#\\\/schema\\\/logo\\\/image\\\/\"},\"sameAs\":[\"https:\\\/\\\/www.facebook.com\\\/veredesArquitecturayDivulgacion\\\/\",\"https:\\\/\\\/x.com\\\/veredes\",\"https:\\\/\\\/instagram.com\\\/veredes\\\/\",\"https:\\\/\\\/www.linkedin.com\\\/company\\\/veredes-arquitectura-y-divulgacion\\\/\",\"https:\\\/\\\/es.pinterest.com\\\/veredes\\\/\",\"https:\\\/\\\/www.tumblr.com\\\/veredes\"]},{\"@type\":\"Person\",\"@id\":\"https:\\\/\\\/veredes.es\\\/blog\\\/#\\\/schema\\\/person\\\/b9c8f29e575f80a1317f05247b28a4cb\",\"name\":\"Isabel Dom\u00ednguez P\u00e9rez\",\"image\":{\"@type\":\"ImageObject\",\"inLanguage\":\"es\",\"@id\":\"https:\\\/\\\/veredes.es\\\/blog\\\/wp-content\\\/uploads\\\/2015\\\/03\\\/cropped-IMG-20150127-WA0038-96x96.jpg\",\"url\":\"https:\\\/\\\/veredes.es\\\/blog\\\/wp-content\\\/uploads\\\/2015\\\/03\\\/cropped-IMG-20150127-WA0038-96x96.jpg\",\"contentUrl\":\"https:\\\/\\\/veredes.es\\\/blog\\\/wp-content\\\/uploads\\\/2015\\\/03\\\/cropped-IMG-20150127-WA0038-96x96.jpg\",\"caption\":\"Isabel Dom\u00ednguez P\u00e9rez\"},\"description\":\"Historiadora del arte\",\"mainEntityOfPage\":{\"@id\":\"https:\\\/\\\/veredes.es\\\/blog\\\/author\\\/isabel-dominguez-perez\\\/\"}}]}<\/script>\n<!-- \/ Yoast SEO plugin. -->","yoast_head_json":{"title":"Isabel Dom\u00ednguez P\u00e9rez","description":"Isabel Dom\u00ednguez P\u00e9rez","robots":{"index":"index","follow":"follow","max-snippet":"max-snippet:-1","max-image-preview":"max-image-preview:large","max-video-preview":"max-video-preview:-1"},"canonical":"https:\/\/veredes.es\/blog\/author\/isabel-dominguez-perez\/","og_locale":"es_ES","og_type":"profile","og_title":"Isabel Dom\u00ednguez P\u00e9rez","og_description":"Isabel Dom\u00ednguez P\u00e9rez","og_url":"https:\/\/veredes.es\/blog\/author\/isabel-dominguez-perez\/","og_site_name":"veredes, arquitectura y divulgaci\u00f3n","og_image":[{"width":465,"height":465,"url":"https:\/\/veredes.es\/blog\/wp-content\/uploads\/2015\/03\/cropped-IMG-20150127-WA0038.jpg","type":"image\/jpeg"}],"twitter_card":"summary_large_image","twitter_site":"@veredes","schema":{"@context":"https:\/\/schema.org","@graph":[{"@type":"ProfilePage","@id":"https:\/\/veredes.es\/blog\/author\/isabel-dominguez-perez\/","url":"https:\/\/veredes.es\/blog\/author\/isabel-dominguez-perez\/","name":"Isabel Dom\u00ednguez P\u00e9rez","isPartOf":{"@id":"https:\/\/veredes.es\/blog\/#website"},"description":"Isabel Dom\u00ednguez P\u00e9rez","breadcrumb":{"@id":"https:\/\/veredes.es\/blog\/author\/isabel-dominguez-perez\/#breadcrumb"},"inLanguage":"es","potentialAction":[{"@type":"ReadAction","target":["https:\/\/veredes.es\/blog\/author\/isabel-dominguez-perez\/"]}]},{"@type":"BreadcrumbList","@id":"https:\/\/veredes.es\/blog\/author\/isabel-dominguez-perez\/#breadcrumb","itemListElement":[{"@type":"ListItem","position":1,"name":"Portada","item":"https:\/\/veredes.es\/blog\/"},{"@type":"ListItem","position":2,"name":"Archivos por Isabel Dom\u00ednguez P\u00e9rez"}]},{"@type":"WebSite","@id":"https:\/\/veredes.es\/blog\/#website","url":"https:\/\/veredes.es\/blog\/","name":"veredes, arquitectura y divulgaci\u00f3n","description":"veredes","publisher":{"@id":"https:\/\/veredes.es\/blog\/#organization"},"alternateName":"veredes","potentialAction":[{"@type":"SearchAction","target":{"@type":"EntryPoint","urlTemplate":"https:\/\/veredes.es\/blog\/?s={search_term_string}"},"query-input":{"@type":"PropertyValueSpecification","valueRequired":true,"valueName":"search_term_string"}}],"inLanguage":"es"},{"@type":"Organization","@id":"https:\/\/veredes.es\/blog\/#organization","name":"veredes, arquitectura y divulgaci\u00f3n","alternateName":"veredes","url":"https:\/\/veredes.es\/blog\/","logo":{"@type":"ImageObject","inLanguage":"es","@id":"https:\/\/veredes.es\/blog\/#\/schema\/logo\/image\/","url":"https:\/\/veredes.es\/blog\/wp-content\/uploads\/2021\/12\/veredes-logo-centrado_140x54.png","contentUrl":"https:\/\/veredes.es\/blog\/wp-content\/uploads\/2021\/12\/veredes-logo-centrado_140x54.png","width":140,"height":54,"caption":"veredes, arquitectura y divulgaci\u00f3n"},"image":{"@id":"https:\/\/veredes.es\/blog\/#\/schema\/logo\/image\/"},"sameAs":["https:\/\/www.facebook.com\/veredesArquitecturayDivulgacion\/","https:\/\/x.com\/veredes","https:\/\/instagram.com\/veredes\/","https:\/\/www.linkedin.com\/company\/veredes-arquitectura-y-divulgacion\/","https:\/\/es.pinterest.com\/veredes\/","https:\/\/www.tumblr.com\/veredes"]},{"@type":"Person","@id":"https:\/\/veredes.es\/blog\/#\/schema\/person\/b9c8f29e575f80a1317f05247b28a4cb","name":"Isabel Dom\u00ednguez P\u00e9rez","image":{"@type":"ImageObject","inLanguage":"es","@id":"https:\/\/veredes.es\/blog\/wp-content\/uploads\/2015\/03\/cropped-IMG-20150127-WA0038-96x96.jpg","url":"https:\/\/veredes.es\/blog\/wp-content\/uploads\/2015\/03\/cropped-IMG-20150127-WA0038-96x96.jpg","contentUrl":"https:\/\/veredes.es\/blog\/wp-content\/uploads\/2015\/03\/cropped-IMG-20150127-WA0038-96x96.jpg","caption":"Isabel Dom\u00ednguez P\u00e9rez"},"description":"Historiadora del arte","mainEntityOfPage":{"@id":"https:\/\/veredes.es\/blog\/author\/isabel-dominguez-perez\/"}}]}},"_links":{"self":[{"href":"https:\/\/veredes.es\/blog\/wp-json\/wp\/v2\/users\/87","targetHints":{"allow":["GET"]}}],"collection":[{"href":"https:\/\/veredes.es\/blog\/wp-json\/wp\/v2\/users"}]}}