{"id":38,"name":"Mar\u00eda Gonz\u00e1lez \u2013 Juanjo L\u00f3pez de la Cruz","url":"http:\/\/sol89.sol89.com\/","description":"Mar\u00eda (Huelva, 1975) y Juanjo (Sevilla, 1974) son arquitectos por la Escuela T\u00e9cnica Superior de Arquitectura de Sevilla en 2000, n\u00fameros 10 y 3 de su promoci\u00f3n de un total de 348 egresados, con la calificaci\u00f3n de sobresaliente en sus Proyectos Fin de Carrera y ambos premiados en la 13\u00aa edici\u00f3n del Premio Dragados Fin de Carrera. Despu\u00e9s de un a\u00f1o de estudios becados en L\u00b4\u00c9cole d\u00b4Architecture de Paris-la Seine en Francia, trabajan con los arquitectos Javier Terrados y Guillermo V\u00e1zquez Consuegra, tras lo cual fundan SOL89, un estudio desde el que intentan conciliar investigaci\u00f3n, docencia y profesi\u00f3n. \r\n\r\nDurante estos a\u00f1os han podido desarrollar y construir proyectos desde los que indagar en los espacios intermedios de la ciudad y la reutilizaci\u00f3n de estructuras obsoletas, trabajo habitualmente difundido por publicaciones especializadas de \u00e1mbito nacional e internacional y que ha obtenido m\u00faltiples premios, como el Primer Premio de Arquitectura de los Colegios de Arquitectos de Sevilla y Huelva en diversas categor\u00edas (2006, 2015 y 2016), la Medalla de Plata del Premio Fassa Bortolo (Italia, 2013), Primer Premio Wiener Berger (Austria, 2014), Medalla de plata del Premio Fritz-H\u00f6ger (Alemania, 2014), Primer Grand Prix Europ\u00e9en d\u00b4architecture Philippe Rotthier (B\u00e9lgica, 2014), Primer Premio Enor de Arquitectura Joven (Espa\u00f1a, 2014) y el Premio 40under40 para j\u00f3venes arquitectos europeos del Chicago Athenaeum (EEUU, 2015). Son finalistas de los premios FAD en 2013 y 2015, finalistas de la Bienal Espa\u00f1ola de Arquitectura y Urbanismo en 2014 y premiados en la de 2016, nominados al premio europeo Mies van der Rohe en 2015 y elegidos para formar parte del Pabell\u00f3n espa\u00f1ol en la XV Bienal de Venecia en 2016, galardonado con el Le\u00f3n de Oro. \r\n\r\nSon profesores asociados del Departamento de Proyectos de la Escuela de Arquitectura de Sevilla desde 2005 y m\u00e1sters en Arquitectura y ciudades sostenibles por la misma Universidad en 2008. Su labor profesional y docente se extiende a la difusi\u00f3n del pensamiento arquitect\u00f3nico mediante la colaboraci\u00f3n habitual con escritos en publicaciones especializadas y la organizaci\u00f3n y direcci\u00f3n de diversos encuentros y seminarios junto a \u00c1ngel Mart\u00ednez Garc\u00eda-Posada (Sevilla, 1976), como el Congreso Internacional dedicado a J\u00f8rn Utzon en la Universidad Internacional de Andaluc\u00eda en 2009 y el seminario Acciones Comunes  sobre arte y arquitectura de la Universidad Internacional Men\u00e9ndez Pelayo en las ediciones de 2013, 2016 y 2017. Son editores de Cuaderno Rojo (Universidad de Sevilla, 2010) y Acciones Comunes (Universidad Internacional Men\u00e9ndez Pelayo, 2014), y autores de Proyectos Encontrados (Recolectores Urbanos, 2012) y El dibujo del mundo (Lampreave, 2014), libros en los que reflexionan en torno a la reutilizaci\u00f3n en la cultura arquitect\u00f3nica y sobre los dibujos y la obra del arquitecto noruego Sverre Fehn.","link":"https:\/\/veredes.es\/blog\/author\/maria-gonzalez-juanjo-lopez-de-la-cruz\/","slug":"maria-gonzalez-juanjo-lopez-de-la-cruz","avatar_urls":{"24":"https:\/\/veredes.es\/blog\/wp-content\/uploads\/2018\/04\/Mar\u00eda-Gonz\u00e1lez-\u2013-Juanjo-L\u00f3pez-de-la-Cruz-24x24.jpeg","48":"https:\/\/veredes.es\/blog\/wp-content\/uploads\/2018\/04\/Mar\u00eda-Gonz\u00e1lez-\u2013-Juanjo-L\u00f3pez-de-la-Cruz-48x48.jpeg","96":"https:\/\/veredes.es\/blog\/wp-content\/uploads\/2018\/04\/Mar\u00eda-Gonz\u00e1lez-\u2013-Juanjo-L\u00f3pez-de-la-Cruz-96x96.jpeg"},"meta":[],"simple_local_avatar":{"media_id":68799,"full":"https:\/\/veredes.es\/blog\/wp-content\/uploads\/2018\/04\/Mar\u00eda-Gonz\u00e1lez-\u2013-Juanjo-L\u00f3pez-de-la-Cruz.jpeg","96":"https:\/\/veredes.es\/blog\/wp-content\/uploads\/2018\/04\/Mar\u00eda-Gonz\u00e1lez-\u2013-Juanjo-L\u00f3pez-de-la-Cruz-96x96.jpeg","32":"https:\/\/veredes.es\/blog\/wp-content\/uploads\/2018\/04\/Mar\u00eda-Gonz\u00e1lez-\u2013-Juanjo-L\u00f3pez-de-la-Cruz-32x32.jpeg","200":"https:\/\/veredes.es\/blog\/wp-content\/uploads\/2018\/04\/Mar\u00eda-Gonz\u00e1lez-\u2013-Juanjo-L\u00f3pez-de-la-Cruz-200x200.jpeg","400":"https:\/\/veredes.es\/blog\/wp-content\/uploads\/2018\/04\/Mar\u00eda-Gonz\u00e1lez-\u2013-Juanjo-L\u00f3pez-de-la-Cruz-400x400.jpeg","24":"https:\/\/veredes.es\/blog\/wp-content\/uploads\/2018\/04\/Mar\u00eda-Gonz\u00e1lez-\u2013-Juanjo-L\u00f3pez-de-la-Cruz-24x24.jpeg","64":"https:\/\/veredes.es\/blog\/wp-content\/uploads\/2018\/04\/Mar\u00eda-Gonz\u00e1lez-\u2013-Juanjo-L\u00f3pez-de-la-Cruz-64x64.jpeg","500":"https:\/\/veredes.es\/blog\/wp-content\/uploads\/2018\/04\/Mar\u00eda-Gonz\u00e1lez-\u2013-Juanjo-L\u00f3pez-de-la-Cruz.jpeg","128":"https:\/\/veredes.es\/blog\/wp-content\/uploads\/2018\/04\/Mar\u00eda-Gonz\u00e1lez-\u2013-Juanjo-L\u00f3pez-de-la-Cruz-128x128.jpeg","140":"https:\/\/veredes.es\/blog\/wp-content\/uploads\/2018\/04\/Mar\u00eda-Gonz\u00e1lez-\u2013-Juanjo-L\u00f3pez-de-la-Cruz-140x140.jpeg","70":"https:\/\/veredes.es\/blog\/wp-content\/uploads\/2018\/04\/Mar\u00eda-Gonz\u00e1lez-\u2013-Juanjo-L\u00f3pez-de-la-Cruz-70x70.jpeg","192":"https:\/\/veredes.es\/blog\/wp-content\/uploads\/2018\/04\/Mar\u00eda-Gonz\u00e1lez-\u2013-Juanjo-L\u00f3pez-de-la-Cruz-192x192.jpeg","234":"https:\/\/veredes.es\/blog\/wp-content\/uploads\/2018\/04\/Mar\u00eda-Gonz\u00e1lez-\u2013-Juanjo-L\u00f3pez-de-la-Cruz-234x234.jpeg","117":"https:\/\/veredes.es\/blog\/wp-content\/uploads\/2018\/04\/Mar\u00eda-Gonz\u00e1lez-\u2013-Juanjo-L\u00f3pez-de-la-Cruz-117x117.jpeg","1000":"https:\/\/veredes.es\/blog\/wp-content\/uploads\/2018\/04\/Mar\u00eda-Gonz\u00e1lez-\u2013-Juanjo-L\u00f3pez-de-la-Cruz.jpeg","25":"https:\/\/veredes.es\/blog\/wp-content\/uploads\/2018\/04\/Mar\u00eda-Gonz\u00e1lez-\u2013-Juanjo-L\u00f3pez-de-la-Cruz-25x25.jpeg","48":"https:\/\/veredes.es\/blog\/wp-content\/uploads\/2018\/04\/Mar\u00eda-Gonz\u00e1lez-\u2013-Juanjo-L\u00f3pez-de-la-Cruz-48x48.jpeg","246":"https:\/\/veredes.es\/blog\/wp-content\/uploads\/2018\/04\/Mar\u00eda-Gonz\u00e1lez-\u2013-Juanjo-L\u00f3pez-de-la-Cruz-246x246.jpeg","123":"https:\/\/veredes.es\/blog\/wp-content\/uploads\/2018\/04\/Mar\u00eda-Gonz\u00e1lez-\u2013-Juanjo-L\u00f3pez-de-la-Cruz-123x123.jpeg","20":"https:\/\/veredes.es\/blog\/wp-content\/uploads\/2018\/04\/Mar\u00eda-Gonz\u00e1lez-\u2013-Juanjo-L\u00f3pez-de-la-Cruz-20x20.jpeg","10":"https:\/\/veredes.es\/blog\/wp-content\/uploads\/2018\/04\/Mar\u00eda-Gonz\u00e1lez-\u2013-Juanjo-L\u00f3pez-de-la-Cruz-10x10.jpeg","100":"https:\/\/veredes.es\/blog\/wp-content\/uploads\/2018\/04\/Mar\u00eda-Gonz\u00e1lez-\u2013-Juanjo-L\u00f3pez-de-la-Cruz-100x100.jpeg","600":"https:\/\/veredes.es\/blog\/wp-content\/uploads\/2018\/04\/Mar\u00eda-Gonz\u00e1lez-\u2013-Juanjo-L\u00f3pez-de-la-Cruz.jpeg","300":"https:\/\/veredes.es\/blog\/wp-content\/uploads\/2018\/04\/Mar\u00eda-Gonz\u00e1lez-\u2013-Juanjo-L\u00f3pez-de-la-Cruz-300x300.jpeg","150":"https:\/\/veredes.es\/blog\/wp-content\/uploads\/2018\/04\/Mar\u00eda-Gonz\u00e1lez-\u2013-Juanjo-L\u00f3pez-de-la-Cruz-150x150.jpeg"},"yoast_head":"<!-- This site is optimized with the Yoast SEO plugin v27.4 - https:\/\/yoast.com\/product\/yoast-seo-wordpress\/ -->\n<title>Mar\u00eda Gonz\u00e1lez \u2013 Juanjo L\u00f3pez de la Cruz<\/title>\n<meta name=\"description\" content=\"Mar\u00eda (Huelva, 1975) y Juanjo (Sevilla, 1974) son arquitectos por la Escuela T\u00e9cnica Superior de Arquitectura de Sevilla en 2000, n\u00fameros 10 y 3 de su promoci\u00f3n de un total de 348 egresados, con la calificaci\u00f3n de sobresaliente en sus Proyectos Fin de Carrera y ambos premiados en la 13\u00aa edici\u00f3n del Premio Dragados Fin de Carrera. Despu\u00e9s de un a\u00f1o de estudios becados en L\u00b4\u00c9cole d\u00b4Architecture de Paris-la Seine en Francia, trabajan con los arquitectos Javier Terrados y Guillermo V\u00e1zquez Consuegra, tras lo cual fundan SOL89, un estudio desde el que intentan conciliar investigaci\u00f3n, docencia y profesi\u00f3n. Durante estos a\u00f1os han podido desarrollar y construir proyectos desde los que indagar en los espacios intermedios de la ciudad y la reutilizaci\u00f3n de estructuras obsoletas, trabajo habitualmente difundido por publicaciones especializadas de \u00e1mbito nacional e internacional y que ha obtenido m\u00faltiples premios, como el Primer Premio de Arquitectura de los Colegios de Arquitectos de Sevilla y Huelva en diversas categor\u00edas (2006, 2015 y 2016), la Medalla de Plata del Premio Fassa Bortolo (Italia, 2013), Primer Premio Wiener Berger (Austria, 2014), Medalla de plata del Premio Fritz-H\u00f6ger (Alemania, 2014), Primer Grand Prix Europ\u00e9en d\u00b4architecture Philippe Rotthier (B\u00e9lgica, 2014), Primer Premio Enor de Arquitectura Joven (Espa\u00f1a, 2014) y el Premio 40under40 para j\u00f3venes arquitectos europeos del Chicago Athenaeum (EEUU, 2015). Son finalistas de los premios FAD en 2013 y 2015, finalistas de la Bienal Espa\u00f1ola de Arquitectura y Urbanismo en 2014 y premiados en la de 2016, nominados al premio europeo Mies van der Rohe en 2015 y elegidos para formar parte del Pabell\u00f3n espa\u00f1ol en la XV Bienal de Venecia en 2016, galardonado con el Le\u00f3n de Oro. Son profesores asociados del Departamento de Proyectos de la Escuela de Arquitectura de Sevilla desde 2005 y m\u00e1sters en Arquitectura y ciudades sostenibles por la misma Universidad en 2008. Su labor profesional y docente se extiende a la difusi\u00f3n del pensamiento arquitect\u00f3nico mediante la colaboraci\u00f3n habitual con escritos en publicaciones especializadas y la organizaci\u00f3n y direcci\u00f3n de diversos encuentros y seminarios junto a \u00c1ngel Mart\u00ednez Garc\u00eda-Posada (Sevilla, 1976), como el Congreso Internacional dedicado a J\u00f8rn Utzon en la Universidad Internacional de Andaluc\u00eda en 2009 y el seminario Acciones Comunes sobre arte y arquitectura de la Universidad Internacional Men\u00e9ndez Pelayo en las ediciones de 2013, 2016 y 2017. Son editores de Cuaderno Rojo (Universidad de Sevilla, 2010) y Acciones Comunes (Universidad Internacional Men\u00e9ndez Pelayo, 2014), y autores de Proyectos Encontrados (Recolectores Urbanos, 2012) y El dibujo del mundo (Lampreave, 2014), libros en los que reflexionan en torno a la reutilizaci\u00f3n en la cultura arquitect\u00f3nica y sobre los dibujos y la obra del arquitecto noruego Sverre Fehn.\" \/>\n<meta name=\"robots\" content=\"index, follow, max-snippet:-1, max-image-preview:large, max-video-preview:-1\" \/>\n<link rel=\"canonical\" href=\"https:\/\/veredes.es\/blog\/author\/maria-gonzalez-juanjo-lopez-de-la-cruz\/\" \/>\n<meta property=\"og:locale\" content=\"es_ES\" \/>\n<meta property=\"og:type\" content=\"profile\" \/>\n<meta property=\"og:title\" content=\"Mar\u00eda Gonz\u00e1lez \u2013 Juanjo L\u00f3pez de la Cruz\" \/>\n<meta property=\"og:description\" content=\"Mar\u00eda (Huelva, 1975) y Juanjo (Sevilla, 1974) son arquitectos por la Escuela T\u00e9cnica Superior de Arquitectura de Sevilla en 2000, n\u00fameros 10 y 3 de su promoci\u00f3n de un total de 348 egresados, con la calificaci\u00f3n de sobresaliente en sus Proyectos Fin de Carrera y ambos premiados en la 13\u00aa edici\u00f3n del Premio Dragados Fin de Carrera. Despu\u00e9s de un a\u00f1o de estudios becados en L\u00b4\u00c9cole d\u00b4Architecture de Paris-la Seine en Francia, trabajan con los arquitectos Javier Terrados y Guillermo V\u00e1zquez Consuegra, tras lo cual fundan SOL89, un estudio desde el que intentan conciliar investigaci\u00f3n, docencia y profesi\u00f3n. Durante estos a\u00f1os han podido desarrollar y construir proyectos desde los que indagar en los espacios intermedios de la ciudad y la reutilizaci\u00f3n de estructuras obsoletas, trabajo habitualmente difundido por publicaciones especializadas de \u00e1mbito nacional e internacional y que ha obtenido m\u00faltiples premios, como el Primer Premio de Arquitectura de los Colegios de Arquitectos de Sevilla y Huelva en diversas categor\u00edas (2006, 2015 y 2016), la Medalla de Plata del Premio Fassa Bortolo (Italia, 2013), Primer Premio Wiener Berger (Austria, 2014), Medalla de plata del Premio Fritz-H\u00f6ger (Alemania, 2014), Primer Grand Prix Europ\u00e9en d\u00b4architecture Philippe Rotthier (B\u00e9lgica, 2014), Primer Premio Enor de Arquitectura Joven (Espa\u00f1a, 2014) y el Premio 40under40 para j\u00f3venes arquitectos europeos del Chicago Athenaeum (EEUU, 2015). Son finalistas de los premios FAD en 2013 y 2015, finalistas de la Bienal Espa\u00f1ola de Arquitectura y Urbanismo en 2014 y premiados en la de 2016, nominados al premio europeo Mies van der Rohe en 2015 y elegidos para formar parte del Pabell\u00f3n espa\u00f1ol en la XV Bienal de Venecia en 2016, galardonado con el Le\u00f3n de Oro. Son profesores asociados del Departamento de Proyectos de la Escuela de Arquitectura de Sevilla desde 2005 y m\u00e1sters en Arquitectura y ciudades sostenibles por la misma Universidad en 2008. Su labor profesional y docente se extiende a la difusi\u00f3n del pensamiento arquitect\u00f3nico mediante la colaboraci\u00f3n habitual con escritos en publicaciones especializadas y la organizaci\u00f3n y direcci\u00f3n de diversos encuentros y seminarios junto a \u00c1ngel Mart\u00ednez Garc\u00eda-Posada (Sevilla, 1976), como el Congreso Internacional dedicado a J\u00f8rn Utzon en la Universidad Internacional de Andaluc\u00eda en 2009 y el seminario Acciones Comunes sobre arte y arquitectura de la Universidad Internacional Men\u00e9ndez Pelayo en las ediciones de 2013, 2016 y 2017. Son editores de Cuaderno Rojo (Universidad de Sevilla, 2010) y Acciones Comunes (Universidad Internacional Men\u00e9ndez Pelayo, 2014), y autores de Proyectos Encontrados (Recolectores Urbanos, 2012) y El dibujo del mundo (Lampreave, 2014), libros en los que reflexionan en torno a la reutilizaci\u00f3n en la cultura arquitect\u00f3nica y sobre los dibujos y la obra del arquitecto noruego Sverre Fehn.\" \/>\n<meta property=\"og:url\" content=\"https:\/\/veredes.es\/blog\/author\/maria-gonzalez-juanjo-lopez-de-la-cruz\/\" \/>\n<meta property=\"og:site_name\" content=\"veredes, arquitectura y divulgaci\u00f3n\" \/>\n<meta property=\"og:image\" content=\"https:\/\/veredes.es\/blog\/wp-content\/uploads\/2018\/04\/Mar\u00eda-Gonz\u00e1lez-\u2013-Juanjo-L\u00f3pez-de-la-Cruz.jpeg\" \/>\n<meta name=\"twitter:card\" content=\"summary_large_image\" \/>\n<meta name=\"twitter:site\" content=\"@veredes\" \/>\n<script type=\"application\/ld+json\" class=\"yoast-schema-graph\">{\"@context\":\"https:\\\/\\\/schema.org\",\"@graph\":[{\"@type\":\"ProfilePage\",\"@id\":\"https:\\\/\\\/veredes.es\\\/blog\\\/author\\\/maria-gonzalez-juanjo-lopez-de-la-cruz\\\/\",\"url\":\"https:\\\/\\\/veredes.es\\\/blog\\\/author\\\/maria-gonzalez-juanjo-lopez-de-la-cruz\\\/\",\"name\":\"Mar\u00eda Gonz\u00e1lez \u2013 Juanjo L\u00f3pez de la Cruz\",\"isPartOf\":{\"@id\":\"https:\\\/\\\/veredes.es\\\/blog\\\/#website\"},\"description\":\"Mar\u00eda (Huelva, 1975) y Juanjo (Sevilla, 1974) son arquitectos por la Escuela T\u00e9cnica Superior de Arquitectura de Sevilla en 2000, n\u00fameros 10 y 3 de su promoci\u00f3n de un total de 348 egresados, con la calificaci\u00f3n de sobresaliente en sus Proyectos Fin de Carrera y ambos premiados en la 13\u00aa edici\u00f3n del Premio Dragados Fin de Carrera. Despu\u00e9s de un a\u00f1o de estudios becados en L\u00b4\u00c9cole d\u00b4Architecture de Paris-la Seine en Francia, trabajan con los arquitectos Javier Terrados y Guillermo V\u00e1zquez Consuegra, tras lo cual fundan SOL89, un estudio desde el que intentan conciliar investigaci\u00f3n, docencia y profesi\u00f3n. Durante estos a\u00f1os han podido desarrollar y construir proyectos desde los que indagar en los espacios intermedios de la ciudad y la reutilizaci\u00f3n de estructuras obsoletas, trabajo habitualmente difundido por publicaciones especializadas de \u00e1mbito nacional e internacional y que ha obtenido m\u00faltiples premios, como el Primer Premio de Arquitectura de los Colegios de Arquitectos de Sevilla y Huelva en diversas categor\u00edas (2006, 2015 y 2016), la Medalla de Plata del Premio Fassa Bortolo (Italia, 2013), Primer Premio Wiener Berger (Austria, 2014), Medalla de plata del Premio Fritz-H\u00f6ger (Alemania, 2014), Primer Grand Prix Europ\u00e9en d\u00b4architecture Philippe Rotthier (B\u00e9lgica, 2014), Primer Premio Enor de Arquitectura Joven (Espa\u00f1a, 2014) y el Premio 40under40 para j\u00f3venes arquitectos europeos del Chicago Athenaeum (EEUU, 2015). Son finalistas de los premios FAD en 2013 y 2015, finalistas de la Bienal Espa\u00f1ola de Arquitectura y Urbanismo en 2014 y premiados en la de 2016, nominados al premio europeo Mies van der Rohe en 2015 y elegidos para formar parte del Pabell\u00f3n espa\u00f1ol en la XV Bienal de Venecia en 2016, galardonado con el Le\u00f3n de Oro. Son profesores asociados del Departamento de Proyectos de la Escuela de Arquitectura de Sevilla desde 2005 y m\u00e1sters en Arquitectura y ciudades sostenibles por la misma Universidad en 2008. Su labor profesional y docente se extiende a la difusi\u00f3n del pensamiento arquitect\u00f3nico mediante la colaboraci\u00f3n habitual con escritos en publicaciones especializadas y la organizaci\u00f3n y direcci\u00f3n de diversos encuentros y seminarios junto a \u00c1ngel Mart\u00ednez Garc\u00eda-Posada (Sevilla, 1976), como el Congreso Internacional dedicado a J\u00f8rn Utzon en la Universidad Internacional de Andaluc\u00eda en 2009 y el seminario Acciones Comunes sobre arte y arquitectura de la Universidad Internacional Men\u00e9ndez Pelayo en las ediciones de 2013, 2016 y 2017. Son editores de Cuaderno Rojo (Universidad de Sevilla, 2010) y Acciones Comunes (Universidad Internacional Men\u00e9ndez Pelayo, 2014), y autores de Proyectos Encontrados (Recolectores Urbanos, 2012) y El dibujo del mundo (Lampreave, 2014), libros en los que reflexionan en torno a la reutilizaci\u00f3n en la cultura arquitect\u00f3nica y sobre los dibujos y la obra del arquitecto noruego Sverre Fehn.\",\"breadcrumb\":{\"@id\":\"https:\\\/\\\/veredes.es\\\/blog\\\/author\\\/maria-gonzalez-juanjo-lopez-de-la-cruz\\\/#breadcrumb\"},\"inLanguage\":\"es\",\"potentialAction\":[{\"@type\":\"ReadAction\",\"target\":[\"https:\\\/\\\/veredes.es\\\/blog\\\/author\\\/maria-gonzalez-juanjo-lopez-de-la-cruz\\\/\"]}]},{\"@type\":\"BreadcrumbList\",\"@id\":\"https:\\\/\\\/veredes.es\\\/blog\\\/author\\\/maria-gonzalez-juanjo-lopez-de-la-cruz\\\/#breadcrumb\",\"itemListElement\":[{\"@type\":\"ListItem\",\"position\":1,\"name\":\"Portada\",\"item\":\"https:\\\/\\\/veredes.es\\\/blog\\\/\"},{\"@type\":\"ListItem\",\"position\":2,\"name\":\"Archivos por Mar\u00eda Gonz\u00e1lez \u2013 Juanjo L\u00f3pez de la Cruz\"}]},{\"@type\":\"WebSite\",\"@id\":\"https:\\\/\\\/veredes.es\\\/blog\\\/#website\",\"url\":\"https:\\\/\\\/veredes.es\\\/blog\\\/\",\"name\":\"veredes, arquitectura y divulgaci\u00f3n\",\"description\":\"veredes\",\"publisher\":{\"@id\":\"https:\\\/\\\/veredes.es\\\/blog\\\/#organization\"},\"alternateName\":\"veredes\",\"potentialAction\":[{\"@type\":\"SearchAction\",\"target\":{\"@type\":\"EntryPoint\",\"urlTemplate\":\"https:\\\/\\\/veredes.es\\\/blog\\\/?s={search_term_string}\"},\"query-input\":{\"@type\":\"PropertyValueSpecification\",\"valueRequired\":true,\"valueName\":\"search_term_string\"}}],\"inLanguage\":\"es\"},{\"@type\":\"Organization\",\"@id\":\"https:\\\/\\\/veredes.es\\\/blog\\\/#organization\",\"name\":\"veredes, arquitectura y divulgaci\u00f3n\",\"alternateName\":\"veredes\",\"url\":\"https:\\\/\\\/veredes.es\\\/blog\\\/\",\"logo\":{\"@type\":\"ImageObject\",\"inLanguage\":\"es\",\"@id\":\"https:\\\/\\\/veredes.es\\\/blog\\\/#\\\/schema\\\/logo\\\/image\\\/\",\"url\":\"https:\\\/\\\/veredes.es\\\/blog\\\/wp-content\\\/uploads\\\/2021\\\/12\\\/veredes-logo-centrado_140x54.png\",\"contentUrl\":\"https:\\\/\\\/veredes.es\\\/blog\\\/wp-content\\\/uploads\\\/2021\\\/12\\\/veredes-logo-centrado_140x54.png\",\"width\":140,\"height\":54,\"caption\":\"veredes, arquitectura y divulgaci\u00f3n\"},\"image\":{\"@id\":\"https:\\\/\\\/veredes.es\\\/blog\\\/#\\\/schema\\\/logo\\\/image\\\/\"},\"sameAs\":[\"https:\\\/\\\/www.facebook.com\\\/veredesArquitecturayDivulgacion\\\/\",\"https:\\\/\\\/x.com\\\/veredes\",\"https:\\\/\\\/instagram.com\\\/veredes\\\/\",\"https:\\\/\\\/www.linkedin.com\\\/company\\\/veredes-arquitectura-y-divulgacion\\\/\",\"https:\\\/\\\/es.pinterest.com\\\/veredes\\\/\",\"https:\\\/\\\/www.tumblr.com\\\/veredes\"]},{\"@type\":\"Person\",\"@id\":\"https:\\\/\\\/veredes.es\\\/blog\\\/#\\\/schema\\\/person\\\/d45815268078778c0eb6cc7a6b168174\",\"name\":\"Mar\u00eda Gonz\u00e1lez \u2013 Juanjo L\u00f3pez de la Cruz\",\"image\":{\"@type\":\"ImageObject\",\"inLanguage\":\"es\",\"@id\":\"https:\\\/\\\/veredes.es\\\/blog\\\/wp-content\\\/uploads\\\/2018\\\/04\\\/Mar\u00eda-Gonz\u00e1lez-\u2013-Juanjo-L\u00f3pez-de-la-Cruz-96x96.jpeg\",\"url\":\"https:\\\/\\\/veredes.es\\\/blog\\\/wp-content\\\/uploads\\\/2018\\\/04\\\/Mar\u00eda-Gonz\u00e1lez-\u2013-Juanjo-L\u00f3pez-de-la-Cruz-96x96.jpeg\",\"contentUrl\":\"https:\\\/\\\/veredes.es\\\/blog\\\/wp-content\\\/uploads\\\/2018\\\/04\\\/Mar\u00eda-Gonz\u00e1lez-\u2013-Juanjo-L\u00f3pez-de-la-Cruz-96x96.jpeg\",\"caption\":\"Mar\u00eda Gonz\u00e1lez \u2013 Juanjo L\u00f3pez de la Cruz\"},\"description\":\"Mar\u00eda (Huelva, 1975) y Juanjo (Sevilla, 1974) son arquitectos por la Escuela T\u00e9cnica Superior de Arquitectura de Sevilla en 2000, n\u00fameros 10 y 3 de su promoci\u00f3n de un total de 348 egresados, con la calificaci\u00f3n de sobresaliente en sus Proyectos Fin de Carrera y ambos premiados en la 13\u00aa edici\u00f3n del Premio Dragados Fin de Carrera. Despu\u00e9s de un a\u00f1o de estudios becados en L\u00b4\u00c9cole d\u00b4Architecture de Paris-la Seine en Francia, trabajan con los arquitectos Javier Terrados y Guillermo V\u00e1zquez Consuegra, tras lo cual fundan SOL89, un estudio desde el que intentan conciliar investigaci\u00f3n, docencia y profesi\u00f3n. Durante estos a\u00f1os han podido desarrollar y construir proyectos desde los que indagar en los espacios intermedios de la ciudad y la reutilizaci\u00f3n de estructuras obsoletas, trabajo habitualmente difundido por publicaciones especializadas de \u00e1mbito nacional e internacional y que ha obtenido m\u00faltiples premios, como el Primer Premio de Arquitectura de los Colegios de Arquitectos de Sevilla y Huelva en diversas categor\u00edas (2006, 2015 y 2016), la Medalla de Plata del Premio Fassa Bortolo (Italia, 2013), Primer Premio Wiener Berger (Austria, 2014), Medalla de plata del Premio Fritz-H\u00f6ger (Alemania, 2014), Primer Grand Prix Europ\u00e9en d\u00b4architecture Philippe Rotthier (B\u00e9lgica, 2014), Primer Premio Enor de Arquitectura Joven (Espa\u00f1a, 2014) y el Premio 40under40 para j\u00f3venes arquitectos europeos del Chicago Athenaeum (EEUU, 2015). Son finalistas de los premios FAD en 2013 y 2015, finalistas de la Bienal Espa\u00f1ola de Arquitectura y Urbanismo en 2014 y premiados en la de 2016, nominados al premio europeo Mies van der Rohe en 2015 y elegidos para formar parte del Pabell\u00f3n espa\u00f1ol en la XV Bienal de Venecia en 2016, galardonado con el Le\u00f3n de Oro. Son profesores asociados del Departamento de Proyectos de la Escuela de Arquitectura de Sevilla desde 2005 y m\u00e1sters en Arquitectura y ciudades sostenibles por la misma Universidad en 2008. Su labor profesional y docente se extiende a la difusi\u00f3n del pensamiento arquitect\u00f3nico mediante la colaboraci\u00f3n habitual con escritos en publicaciones especializadas y la organizaci\u00f3n y direcci\u00f3n de diversos encuentros y seminarios junto a \u00c1ngel Mart\u00ednez Garc\u00eda-Posada (Sevilla, 1976), como el Congreso Internacional dedicado a J\u00f8rn Utzon en la Universidad Internacional de Andaluc\u00eda en 2009 y el seminario Acciones Comunes sobre arte y arquitectura de la Universidad Internacional Men\u00e9ndez Pelayo en las ediciones de 2013, 2016 y 2017. Son editores de Cuaderno Rojo (Universidad de Sevilla, 2010) y Acciones Comunes (Universidad Internacional Men\u00e9ndez Pelayo, 2014), y autores de Proyectos Encontrados (Recolectores Urbanos, 2012) y El dibujo del mundo (Lampreave, 2014), libros en los que reflexionan en torno a la reutilizaci\u00f3n en la cultura arquitect\u00f3nica y sobre los dibujos y la obra del arquitecto noruego Sverre Fehn.\",\"sameAs\":[\"http:\\\/\\\/sol89.sol89.com\\\/\",\"https:\\\/\\\/www.facebook.com\\\/SOL89-Mara-Gonzlez-y-Juanjo-Lpez-de-la-Cruz-250010081686138\",\"https:\\\/\\\/www.instagram.com\\\/sol89arq\\\/\",\"https:\\\/\\\/x.com\\\/https:\\\/\\\/twitter.com\\\/Sol89arq\"],\"mainEntityOfPage\":{\"@id\":\"https:\\\/\\\/veredes.es\\\/blog\\\/author\\\/maria-gonzalez-juanjo-lopez-de-la-cruz\\\/\"}}]}<\/script>\n<!-- \/ Yoast SEO plugin. -->","yoast_head_json":{"title":"Mar\u00eda Gonz\u00e1lez \u2013 Juanjo L\u00f3pez de la Cruz","description":"Mar\u00eda (Huelva, 1975) y Juanjo (Sevilla, 1974) son arquitectos por la Escuela T\u00e9cnica Superior de Arquitectura de Sevilla en 2000, n\u00fameros 10 y 3 de su promoci\u00f3n de un total de 348 egresados, con la calificaci\u00f3n de sobresaliente en sus Proyectos Fin de Carrera y ambos premiados en la 13\u00aa edici\u00f3n del Premio Dragados Fin de Carrera. Despu\u00e9s de un a\u00f1o de estudios becados en L\u00b4\u00c9cole d\u00b4Architecture de Paris-la Seine en Francia, trabajan con los arquitectos Javier Terrados y Guillermo V\u00e1zquez Consuegra, tras lo cual fundan SOL89, un estudio desde el que intentan conciliar investigaci\u00f3n, docencia y profesi\u00f3n. Durante estos a\u00f1os han podido desarrollar y construir proyectos desde los que indagar en los espacios intermedios de la ciudad y la reutilizaci\u00f3n de estructuras obsoletas, trabajo habitualmente difundido por publicaciones especializadas de \u00e1mbito nacional e internacional y que ha obtenido m\u00faltiples premios, como el Primer Premio de Arquitectura de los Colegios de Arquitectos de Sevilla y Huelva en diversas categor\u00edas (2006, 2015 y 2016), la Medalla de Plata del Premio Fassa Bortolo (Italia, 2013), Primer Premio Wiener Berger (Austria, 2014), Medalla de plata del Premio Fritz-H\u00f6ger (Alemania, 2014), Primer Grand Prix Europ\u00e9en d\u00b4architecture Philippe Rotthier (B\u00e9lgica, 2014), Primer Premio Enor de Arquitectura Joven (Espa\u00f1a, 2014) y el Premio 40under40 para j\u00f3venes arquitectos europeos del Chicago Athenaeum (EEUU, 2015). Son finalistas de los premios FAD en 2013 y 2015, finalistas de la Bienal Espa\u00f1ola de Arquitectura y Urbanismo en 2014 y premiados en la de 2016, nominados al premio europeo Mies van der Rohe en 2015 y elegidos para formar parte del Pabell\u00f3n espa\u00f1ol en la XV Bienal de Venecia en 2016, galardonado con el Le\u00f3n de Oro. Son profesores asociados del Departamento de Proyectos de la Escuela de Arquitectura de Sevilla desde 2005 y m\u00e1sters en Arquitectura y ciudades sostenibles por la misma Universidad en 2008. Su labor profesional y docente se extiende a la difusi\u00f3n del pensamiento arquitect\u00f3nico mediante la colaboraci\u00f3n habitual con escritos en publicaciones especializadas y la organizaci\u00f3n y direcci\u00f3n de diversos encuentros y seminarios junto a \u00c1ngel Mart\u00ednez Garc\u00eda-Posada (Sevilla, 1976), como el Congreso Internacional dedicado a J\u00f8rn Utzon en la Universidad Internacional de Andaluc\u00eda en 2009 y el seminario Acciones Comunes sobre arte y arquitectura de la Universidad Internacional Men\u00e9ndez Pelayo en las ediciones de 2013, 2016 y 2017. Son editores de Cuaderno Rojo (Universidad de Sevilla, 2010) y Acciones Comunes (Universidad Internacional Men\u00e9ndez Pelayo, 2014), y autores de Proyectos Encontrados (Recolectores Urbanos, 2012) y El dibujo del mundo (Lampreave, 2014), libros en los que reflexionan en torno a la reutilizaci\u00f3n en la cultura arquitect\u00f3nica y sobre los dibujos y la obra del arquitecto noruego Sverre Fehn.","robots":{"index":"index","follow":"follow","max-snippet":"max-snippet:-1","max-image-preview":"max-image-preview:large","max-video-preview":"max-video-preview:-1"},"canonical":"https:\/\/veredes.es\/blog\/author\/maria-gonzalez-juanjo-lopez-de-la-cruz\/","og_locale":"es_ES","og_type":"profile","og_title":"Mar\u00eda Gonz\u00e1lez \u2013 Juanjo L\u00f3pez de la Cruz","og_description":"Mar\u00eda (Huelva, 1975) y Juanjo (Sevilla, 1974) son arquitectos por la Escuela T\u00e9cnica Superior de Arquitectura de Sevilla en 2000, n\u00fameros 10 y 3 de su promoci\u00f3n de un total de 348 egresados, con la calificaci\u00f3n de sobresaliente en sus Proyectos Fin de Carrera y ambos premiados en la 13\u00aa edici\u00f3n del Premio Dragados Fin de Carrera. Despu\u00e9s de un a\u00f1o de estudios becados en L\u00b4\u00c9cole d\u00b4Architecture de Paris-la Seine en Francia, trabajan con los arquitectos Javier Terrados y Guillermo V\u00e1zquez Consuegra, tras lo cual fundan SOL89, un estudio desde el que intentan conciliar investigaci\u00f3n, docencia y profesi\u00f3n. Durante estos a\u00f1os han podido desarrollar y construir proyectos desde los que indagar en los espacios intermedios de la ciudad y la reutilizaci\u00f3n de estructuras obsoletas, trabajo habitualmente difundido por publicaciones especializadas de \u00e1mbito nacional e internacional y que ha obtenido m\u00faltiples premios, como el Primer Premio de Arquitectura de los Colegios de Arquitectos de Sevilla y Huelva en diversas categor\u00edas (2006, 2015 y 2016), la Medalla de Plata del Premio Fassa Bortolo (Italia, 2013), Primer Premio Wiener Berger (Austria, 2014), Medalla de plata del Premio Fritz-H\u00f6ger (Alemania, 2014), Primer Grand Prix Europ\u00e9en d\u00b4architecture Philippe Rotthier (B\u00e9lgica, 2014), Primer Premio Enor de Arquitectura Joven (Espa\u00f1a, 2014) y el Premio 40under40 para j\u00f3venes arquitectos europeos del Chicago Athenaeum (EEUU, 2015). Son finalistas de los premios FAD en 2013 y 2015, finalistas de la Bienal Espa\u00f1ola de Arquitectura y Urbanismo en 2014 y premiados en la de 2016, nominados al premio europeo Mies van der Rohe en 2015 y elegidos para formar parte del Pabell\u00f3n espa\u00f1ol en la XV Bienal de Venecia en 2016, galardonado con el Le\u00f3n de Oro. Son profesores asociados del Departamento de Proyectos de la Escuela de Arquitectura de Sevilla desde 2005 y m\u00e1sters en Arquitectura y ciudades sostenibles por la misma Universidad en 2008. Su labor profesional y docente se extiende a la difusi\u00f3n del pensamiento arquitect\u00f3nico mediante la colaboraci\u00f3n habitual con escritos en publicaciones especializadas y la organizaci\u00f3n y direcci\u00f3n de diversos encuentros y seminarios junto a \u00c1ngel Mart\u00ednez Garc\u00eda-Posada (Sevilla, 1976), como el Congreso Internacional dedicado a J\u00f8rn Utzon en la Universidad Internacional de Andaluc\u00eda en 2009 y el seminario Acciones Comunes sobre arte y arquitectura de la Universidad Internacional Men\u00e9ndez Pelayo en las ediciones de 2013, 2016 y 2017. Son editores de Cuaderno Rojo (Universidad de Sevilla, 2010) y Acciones Comunes (Universidad Internacional Men\u00e9ndez Pelayo, 2014), y autores de Proyectos Encontrados (Recolectores Urbanos, 2012) y El dibujo del mundo (Lampreave, 2014), libros en los que reflexionan en torno a la reutilizaci\u00f3n en la cultura arquitect\u00f3nica y sobre los dibujos y la obra del arquitecto noruego Sverre Fehn.","og_url":"https:\/\/veredes.es\/blog\/author\/maria-gonzalez-juanjo-lopez-de-la-cruz\/","og_site_name":"veredes, arquitectura y divulgaci\u00f3n","og_image":[{"url":"https:\/\/veredes.es\/blog\/wp-content\/uploads\/2018\/04\/Mar\u00eda-Gonz\u00e1lez-\u2013-Juanjo-L\u00f3pez-de-la-Cruz.jpeg","type":"","width":"","height":""}],"twitter_card":"summary_large_image","twitter_site":"@veredes","schema":{"@context":"https:\/\/schema.org","@graph":[{"@type":"ProfilePage","@id":"https:\/\/veredes.es\/blog\/author\/maria-gonzalez-juanjo-lopez-de-la-cruz\/","url":"https:\/\/veredes.es\/blog\/author\/maria-gonzalez-juanjo-lopez-de-la-cruz\/","name":"Mar\u00eda Gonz\u00e1lez \u2013 Juanjo L\u00f3pez de la Cruz","isPartOf":{"@id":"https:\/\/veredes.es\/blog\/#website"},"description":"Mar\u00eda (Huelva, 1975) y Juanjo (Sevilla, 1974) son arquitectos por la Escuela T\u00e9cnica Superior de Arquitectura de Sevilla en 2000, n\u00fameros 10 y 3 de su promoci\u00f3n de un total de 348 egresados, con la calificaci\u00f3n de sobresaliente en sus Proyectos Fin de Carrera y ambos premiados en la 13\u00aa edici\u00f3n del Premio Dragados Fin de Carrera. Despu\u00e9s de un a\u00f1o de estudios becados en L\u00b4\u00c9cole d\u00b4Architecture de Paris-la Seine en Francia, trabajan con los arquitectos Javier Terrados y Guillermo V\u00e1zquez Consuegra, tras lo cual fundan SOL89, un estudio desde el que intentan conciliar investigaci\u00f3n, docencia y profesi\u00f3n. Durante estos a\u00f1os han podido desarrollar y construir proyectos desde los que indagar en los espacios intermedios de la ciudad y la reutilizaci\u00f3n de estructuras obsoletas, trabajo habitualmente difundido por publicaciones especializadas de \u00e1mbito nacional e internacional y que ha obtenido m\u00faltiples premios, como el Primer Premio de Arquitectura de los Colegios de Arquitectos de Sevilla y Huelva en diversas categor\u00edas (2006, 2015 y 2016), la Medalla de Plata del Premio Fassa Bortolo (Italia, 2013), Primer Premio Wiener Berger (Austria, 2014), Medalla de plata del Premio Fritz-H\u00f6ger (Alemania, 2014), Primer Grand Prix Europ\u00e9en d\u00b4architecture Philippe Rotthier (B\u00e9lgica, 2014), Primer Premio Enor de Arquitectura Joven (Espa\u00f1a, 2014) y el Premio 40under40 para j\u00f3venes arquitectos europeos del Chicago Athenaeum (EEUU, 2015). Son finalistas de los premios FAD en 2013 y 2015, finalistas de la Bienal Espa\u00f1ola de Arquitectura y Urbanismo en 2014 y premiados en la de 2016, nominados al premio europeo Mies van der Rohe en 2015 y elegidos para formar parte del Pabell\u00f3n espa\u00f1ol en la XV Bienal de Venecia en 2016, galardonado con el Le\u00f3n de Oro. Son profesores asociados del Departamento de Proyectos de la Escuela de Arquitectura de Sevilla desde 2005 y m\u00e1sters en Arquitectura y ciudades sostenibles por la misma Universidad en 2008. Su labor profesional y docente se extiende a la difusi\u00f3n del pensamiento arquitect\u00f3nico mediante la colaboraci\u00f3n habitual con escritos en publicaciones especializadas y la organizaci\u00f3n y direcci\u00f3n de diversos encuentros y seminarios junto a \u00c1ngel Mart\u00ednez Garc\u00eda-Posada (Sevilla, 1976), como el Congreso Internacional dedicado a J\u00f8rn Utzon en la Universidad Internacional de Andaluc\u00eda en 2009 y el seminario Acciones Comunes sobre arte y arquitectura de la Universidad Internacional Men\u00e9ndez Pelayo en las ediciones de 2013, 2016 y 2017. Son editores de Cuaderno Rojo (Universidad de Sevilla, 2010) y Acciones Comunes (Universidad Internacional Men\u00e9ndez Pelayo, 2014), y autores de Proyectos Encontrados (Recolectores Urbanos, 2012) y El dibujo del mundo (Lampreave, 2014), libros en los que reflexionan en torno a la reutilizaci\u00f3n en la cultura arquitect\u00f3nica y sobre los dibujos y la obra del arquitecto noruego Sverre Fehn.","breadcrumb":{"@id":"https:\/\/veredes.es\/blog\/author\/maria-gonzalez-juanjo-lopez-de-la-cruz\/#breadcrumb"},"inLanguage":"es","potentialAction":[{"@type":"ReadAction","target":["https:\/\/veredes.es\/blog\/author\/maria-gonzalez-juanjo-lopez-de-la-cruz\/"]}]},{"@type":"BreadcrumbList","@id":"https:\/\/veredes.es\/blog\/author\/maria-gonzalez-juanjo-lopez-de-la-cruz\/#breadcrumb","itemListElement":[{"@type":"ListItem","position":1,"name":"Portada","item":"https:\/\/veredes.es\/blog\/"},{"@type":"ListItem","position":2,"name":"Archivos por Mar\u00eda Gonz\u00e1lez \u2013 Juanjo L\u00f3pez de la Cruz"}]},{"@type":"WebSite","@id":"https:\/\/veredes.es\/blog\/#website","url":"https:\/\/veredes.es\/blog\/","name":"veredes, arquitectura y divulgaci\u00f3n","description":"veredes","publisher":{"@id":"https:\/\/veredes.es\/blog\/#organization"},"alternateName":"veredes","potentialAction":[{"@type":"SearchAction","target":{"@type":"EntryPoint","urlTemplate":"https:\/\/veredes.es\/blog\/?s={search_term_string}"},"query-input":{"@type":"PropertyValueSpecification","valueRequired":true,"valueName":"search_term_string"}}],"inLanguage":"es"},{"@type":"Organization","@id":"https:\/\/veredes.es\/blog\/#organization","name":"veredes, arquitectura y divulgaci\u00f3n","alternateName":"veredes","url":"https:\/\/veredes.es\/blog\/","logo":{"@type":"ImageObject","inLanguage":"es","@id":"https:\/\/veredes.es\/blog\/#\/schema\/logo\/image\/","url":"https:\/\/veredes.es\/blog\/wp-content\/uploads\/2021\/12\/veredes-logo-centrado_140x54.png","contentUrl":"https:\/\/veredes.es\/blog\/wp-content\/uploads\/2021\/12\/veredes-logo-centrado_140x54.png","width":140,"height":54,"caption":"veredes, arquitectura y divulgaci\u00f3n"},"image":{"@id":"https:\/\/veredes.es\/blog\/#\/schema\/logo\/image\/"},"sameAs":["https:\/\/www.facebook.com\/veredesArquitecturayDivulgacion\/","https:\/\/x.com\/veredes","https:\/\/instagram.com\/veredes\/","https:\/\/www.linkedin.com\/company\/veredes-arquitectura-y-divulgacion\/","https:\/\/es.pinterest.com\/veredes\/","https:\/\/www.tumblr.com\/veredes"]},{"@type":"Person","@id":"https:\/\/veredes.es\/blog\/#\/schema\/person\/d45815268078778c0eb6cc7a6b168174","name":"Mar\u00eda Gonz\u00e1lez \u2013 Juanjo L\u00f3pez de la Cruz","image":{"@type":"ImageObject","inLanguage":"es","@id":"https:\/\/veredes.es\/blog\/wp-content\/uploads\/2018\/04\/Mar\u00eda-Gonz\u00e1lez-\u2013-Juanjo-L\u00f3pez-de-la-Cruz-96x96.jpeg","url":"https:\/\/veredes.es\/blog\/wp-content\/uploads\/2018\/04\/Mar\u00eda-Gonz\u00e1lez-\u2013-Juanjo-L\u00f3pez-de-la-Cruz-96x96.jpeg","contentUrl":"https:\/\/veredes.es\/blog\/wp-content\/uploads\/2018\/04\/Mar\u00eda-Gonz\u00e1lez-\u2013-Juanjo-L\u00f3pez-de-la-Cruz-96x96.jpeg","caption":"Mar\u00eda Gonz\u00e1lez \u2013 Juanjo L\u00f3pez de la Cruz"},"description":"Mar\u00eda (Huelva, 1975) y Juanjo (Sevilla, 1974) son arquitectos por la Escuela T\u00e9cnica Superior de Arquitectura de Sevilla en 2000, n\u00fameros 10 y 3 de su promoci\u00f3n de un total de 348 egresados, con la calificaci\u00f3n de sobresaliente en sus Proyectos Fin de Carrera y ambos premiados en la 13\u00aa edici\u00f3n del Premio Dragados Fin de Carrera. Despu\u00e9s de un a\u00f1o de estudios becados en L\u00b4\u00c9cole d\u00b4Architecture de Paris-la Seine en Francia, trabajan con los arquitectos Javier Terrados y Guillermo V\u00e1zquez Consuegra, tras lo cual fundan SOL89, un estudio desde el que intentan conciliar investigaci\u00f3n, docencia y profesi\u00f3n. Durante estos a\u00f1os han podido desarrollar y construir proyectos desde los que indagar en los espacios intermedios de la ciudad y la reutilizaci\u00f3n de estructuras obsoletas, trabajo habitualmente difundido por publicaciones especializadas de \u00e1mbito nacional e internacional y que ha obtenido m\u00faltiples premios, como el Primer Premio de Arquitectura de los Colegios de Arquitectos de Sevilla y Huelva en diversas categor\u00edas (2006, 2015 y 2016), la Medalla de Plata del Premio Fassa Bortolo (Italia, 2013), Primer Premio Wiener Berger (Austria, 2014), Medalla de plata del Premio Fritz-H\u00f6ger (Alemania, 2014), Primer Grand Prix Europ\u00e9en d\u00b4architecture Philippe Rotthier (B\u00e9lgica, 2014), Primer Premio Enor de Arquitectura Joven (Espa\u00f1a, 2014) y el Premio 40under40 para j\u00f3venes arquitectos europeos del Chicago Athenaeum (EEUU, 2015). Son finalistas de los premios FAD en 2013 y 2015, finalistas de la Bienal Espa\u00f1ola de Arquitectura y Urbanismo en 2014 y premiados en la de 2016, nominados al premio europeo Mies van der Rohe en 2015 y elegidos para formar parte del Pabell\u00f3n espa\u00f1ol en la XV Bienal de Venecia en 2016, galardonado con el Le\u00f3n de Oro. Son profesores asociados del Departamento de Proyectos de la Escuela de Arquitectura de Sevilla desde 2005 y m\u00e1sters en Arquitectura y ciudades sostenibles por la misma Universidad en 2008. Su labor profesional y docente se extiende a la difusi\u00f3n del pensamiento arquitect\u00f3nico mediante la colaboraci\u00f3n habitual con escritos en publicaciones especializadas y la organizaci\u00f3n y direcci\u00f3n de diversos encuentros y seminarios junto a \u00c1ngel Mart\u00ednez Garc\u00eda-Posada (Sevilla, 1976), como el Congreso Internacional dedicado a J\u00f8rn Utzon en la Universidad Internacional de Andaluc\u00eda en 2009 y el seminario Acciones Comunes sobre arte y arquitectura de la Universidad Internacional Men\u00e9ndez Pelayo en las ediciones de 2013, 2016 y 2017. Son editores de Cuaderno Rojo (Universidad de Sevilla, 2010) y Acciones Comunes (Universidad Internacional Men\u00e9ndez Pelayo, 2014), y autores de Proyectos Encontrados (Recolectores Urbanos, 2012) y El dibujo del mundo (Lampreave, 2014), libros en los que reflexionan en torno a la reutilizaci\u00f3n en la cultura arquitect\u00f3nica y sobre los dibujos y la obra del arquitecto noruego Sverre Fehn.","sameAs":["http:\/\/sol89.sol89.com\/","https:\/\/www.facebook.com\/SOL89-Mara-Gonzlez-y-Juanjo-Lpez-de-la-Cruz-250010081686138","https:\/\/www.instagram.com\/sol89arq\/","https:\/\/x.com\/https:\/\/twitter.com\/Sol89arq"],"mainEntityOfPage":{"@id":"https:\/\/veredes.es\/blog\/author\/maria-gonzalez-juanjo-lopez-de-la-cruz\/"}}]}},"_links":{"self":[{"href":"https:\/\/veredes.es\/blog\/wp-json\/wp\/v2\/users\/38","targetHints":{"allow":["GET"]}}],"collection":[{"href":"https:\/\/veredes.es\/blog\/wp-json\/wp\/v2\/users"}]}}