{"id":17,"name":"Borja L\u00f3pez Cotelo","url":"http:\/\/lasonceymedia.com\/","description":"Borja L\u00f3pez Cotelo y Maria Olmo B\u00e9jar, arquitectos por la ETSAC desde 2007.\r\nBorja L\u00f3pez Cotelo, arquitecto doctor por la Universidade da Coru\u00f1a desde 2013.","link":"https:\/\/veredes.es\/blog\/author\/borja-lopez-cotelo\/","slug":"borja-lopez-cotelo","avatar_urls":{"24":"https:\/\/veredes.es\/blog\/wp-content\/uploads\/2018\/04\/borja-l\u00f3pez-cotelo-24x24.jpg","48":"https:\/\/veredes.es\/blog\/wp-content\/uploads\/2018\/04\/borja-l\u00f3pez-cotelo-48x48.jpg","96":"https:\/\/veredes.es\/blog\/wp-content\/uploads\/2018\/04\/borja-l\u00f3pez-cotelo-96x96.jpg"},"meta":[],"simple_local_avatar":{"media_id":68585,"full":"https:\/\/veredes.es\/blog\/wp-content\/uploads\/2018\/04\/borja-l\u00f3pez-cotelo.jpg","96":"https:\/\/veredes.es\/blog\/wp-content\/uploads\/2018\/04\/borja-l\u00f3pez-cotelo-96x96.jpg","32":"https:\/\/veredes.es\/blog\/wp-content\/uploads\/2018\/04\/borja-l\u00f3pez-cotelo-32x32.jpg","200":"https:\/\/veredes.es\/blog\/wp-content\/uploads\/2018\/04\/borja-l\u00f3pez-cotelo.jpg","400":"https:\/\/veredes.es\/blog\/wp-content\/uploads\/2018\/04\/borja-l\u00f3pez-cotelo.jpg","24":"https:\/\/veredes.es\/blog\/wp-content\/uploads\/2018\/04\/borja-l\u00f3pez-cotelo-24x24.jpg","64":"https:\/\/veredes.es\/blog\/wp-content\/uploads\/2018\/04\/borja-l\u00f3pez-cotelo-64x64.jpg","192":"https:\/\/veredes.es\/blog\/wp-content\/uploads\/2018\/04\/borja-l\u00f3pez-cotelo.jpg","500":"https:\/\/veredes.es\/blog\/wp-content\/uploads\/2018\/04\/borja-l\u00f3pez-cotelo.jpg","140":"https:\/\/veredes.es\/blog\/wp-content\/uploads\/2018\/04\/borja-l\u00f3pez-cotelo.jpg","70":"https:\/\/veredes.es\/blog\/wp-content\/uploads\/2018\/04\/borja-l\u00f3pez-cotelo-70x70.jpg","234":"https:\/\/veredes.es\/blog\/wp-content\/uploads\/2018\/04\/borja-l\u00f3pez-cotelo.jpg","117":"https:\/\/veredes.es\/blog\/wp-content\/uploads\/2018\/04\/borja-l\u00f3pez-cotelo.jpg","1000":"https:\/\/veredes.es\/blog\/wp-content\/uploads\/2018\/04\/borja-l\u00f3pez-cotelo.jpg","25":"https:\/\/veredes.es\/blog\/wp-content\/uploads\/2018\/04\/borja-l\u00f3pez-cotelo-25x25.jpg","48":"https:\/\/veredes.es\/blog\/wp-content\/uploads\/2018\/04\/borja-l\u00f3pez-cotelo-48x48.jpg","246":"https:\/\/veredes.es\/blog\/wp-content\/uploads\/2018\/04\/borja-l\u00f3pez-cotelo.jpg","123":"https:\/\/veredes.es\/blog\/wp-content\/uploads\/2018\/04\/borja-l\u00f3pez-cotelo.jpg","20":"https:\/\/veredes.es\/blog\/wp-content\/uploads\/2018\/04\/borja-l\u00f3pez-cotelo-20x20.jpg","10":"https:\/\/veredes.es\/blog\/wp-content\/uploads\/2018\/04\/borja-l\u00f3pez-cotelo-10x10.jpg","100":"https:\/\/veredes.es\/blog\/wp-content\/uploads\/2018\/04\/borja-l\u00f3pez-cotelo-100x100.jpg","600":"https:\/\/veredes.es\/blog\/wp-content\/uploads\/2018\/04\/borja-l\u00f3pez-cotelo.jpg","300":"https:\/\/veredes.es\/blog\/wp-content\/uploads\/2018\/04\/borja-l\u00f3pez-cotelo.jpg","150":"https:\/\/veredes.es\/blog\/wp-content\/uploads\/2018\/04\/borja-l\u00f3pez-cotelo.jpg"},"yoast_head":"<!-- This site is optimized with the Yoast SEO plugin v27.4 - https:\/\/yoast.com\/product\/yoast-seo-wordpress\/ -->\n<title>Borja L\u00f3pez Cotelo<\/title>\n<meta name=\"description\" content=\"Borja L\u00f3pez Cotelo y Maria Olmo B\u00e9jar, arquitectos por la ETSAC desde 2007. Borja L\u00f3pez Cotelo, arquitecto doctor por la Universidade da Coru\u00f1a desde 2013.\" \/>\n<meta name=\"robots\" content=\"index, follow, max-snippet:-1, max-image-preview:large, max-video-preview:-1\" \/>\n<link rel=\"canonical\" href=\"https:\/\/veredes.es\/blog\/author\/borja-lopez-cotelo\/\" \/>\n<meta property=\"og:locale\" content=\"es_ES\" \/>\n<meta property=\"og:type\" content=\"profile\" \/>\n<meta property=\"og:title\" content=\"Borja L\u00f3pez Cotelo\" \/>\n<meta property=\"og:description\" content=\"Borja L\u00f3pez Cotelo y Maria Olmo B\u00e9jar, arquitectos por la ETSAC desde 2007. Borja L\u00f3pez Cotelo, arquitecto doctor por la Universidade da Coru\u00f1a desde 2013.\" \/>\n<meta property=\"og:url\" content=\"https:\/\/veredes.es\/blog\/author\/borja-lopez-cotelo\/\" \/>\n<meta property=\"og:site_name\" content=\"veredes, arquitectura y divulgaci\u00f3n\" \/>\n<meta property=\"og:image\" content=\"https:\/\/veredes.es\/blog\/wp-content\/uploads\/2018\/04\/borja-l\u00f3pez-cotelo.jpg\" \/>\n<meta name=\"twitter:card\" content=\"summary_large_image\" \/>\n<meta name=\"twitter:site\" content=\"@veredes\" \/>\n<script type=\"application\/ld+json\" class=\"yoast-schema-graph\">{\"@context\":\"https:\\\/\\\/schema.org\",\"@graph\":[{\"@type\":\"ProfilePage\",\"@id\":\"https:\\\/\\\/veredes.es\\\/blog\\\/author\\\/borja-lopez-cotelo\\\/\",\"url\":\"https:\\\/\\\/veredes.es\\\/blog\\\/author\\\/borja-lopez-cotelo\\\/\",\"name\":\"Borja L\u00f3pez Cotelo\",\"isPartOf\":{\"@id\":\"https:\\\/\\\/veredes.es\\\/blog\\\/#website\"},\"description\":\"Borja L\u00f3pez Cotelo y Maria Olmo B\u00e9jar, arquitectos por la ETSAC desde 2007. Borja L\u00f3pez Cotelo, arquitecto doctor por la Universidade da Coru\u00f1a desde 2013.\",\"breadcrumb\":{\"@id\":\"https:\\\/\\\/veredes.es\\\/blog\\\/author\\\/borja-lopez-cotelo\\\/#breadcrumb\"},\"inLanguage\":\"es\",\"potentialAction\":[{\"@type\":\"ReadAction\",\"target\":[\"https:\\\/\\\/veredes.es\\\/blog\\\/author\\\/borja-lopez-cotelo\\\/\"]}]},{\"@type\":\"BreadcrumbList\",\"@id\":\"https:\\\/\\\/veredes.es\\\/blog\\\/author\\\/borja-lopez-cotelo\\\/#breadcrumb\",\"itemListElement\":[{\"@type\":\"ListItem\",\"position\":1,\"name\":\"Portada\",\"item\":\"https:\\\/\\\/veredes.es\\\/blog\\\/\"},{\"@type\":\"ListItem\",\"position\":2,\"name\":\"Archivos por Borja L\u00f3pez Cotelo\"}]},{\"@type\":\"WebSite\",\"@id\":\"https:\\\/\\\/veredes.es\\\/blog\\\/#website\",\"url\":\"https:\\\/\\\/veredes.es\\\/blog\\\/\",\"name\":\"veredes, arquitectura y divulgaci\u00f3n\",\"description\":\"veredes\",\"publisher\":{\"@id\":\"https:\\\/\\\/veredes.es\\\/blog\\\/#organization\"},\"alternateName\":\"veredes\",\"potentialAction\":[{\"@type\":\"SearchAction\",\"target\":{\"@type\":\"EntryPoint\",\"urlTemplate\":\"https:\\\/\\\/veredes.es\\\/blog\\\/?s={search_term_string}\"},\"query-input\":{\"@type\":\"PropertyValueSpecification\",\"valueRequired\":true,\"valueName\":\"search_term_string\"}}],\"inLanguage\":\"es\"},{\"@type\":\"Organization\",\"@id\":\"https:\\\/\\\/veredes.es\\\/blog\\\/#organization\",\"name\":\"veredes, arquitectura y divulgaci\u00f3n\",\"alternateName\":\"veredes\",\"url\":\"https:\\\/\\\/veredes.es\\\/blog\\\/\",\"logo\":{\"@type\":\"ImageObject\",\"inLanguage\":\"es\",\"@id\":\"https:\\\/\\\/veredes.es\\\/blog\\\/#\\\/schema\\\/logo\\\/image\\\/\",\"url\":\"https:\\\/\\\/veredes.es\\\/blog\\\/wp-content\\\/uploads\\\/2021\\\/12\\\/veredes-logo-centrado_140x54.png\",\"contentUrl\":\"https:\\\/\\\/veredes.es\\\/blog\\\/wp-content\\\/uploads\\\/2021\\\/12\\\/veredes-logo-centrado_140x54.png\",\"width\":140,\"height\":54,\"caption\":\"veredes, arquitectura y divulgaci\u00f3n\"},\"image\":{\"@id\":\"https:\\\/\\\/veredes.es\\\/blog\\\/#\\\/schema\\\/logo\\\/image\\\/\"},\"sameAs\":[\"https:\\\/\\\/www.facebook.com\\\/veredesArquitecturayDivulgacion\\\/\",\"https:\\\/\\\/x.com\\\/veredes\",\"https:\\\/\\\/instagram.com\\\/veredes\\\/\",\"https:\\\/\\\/www.linkedin.com\\\/company\\\/veredes-arquitectura-y-divulgacion\\\/\",\"https:\\\/\\\/es.pinterest.com\\\/veredes\\\/\",\"https:\\\/\\\/www.tumblr.com\\\/veredes\"]},{\"@type\":\"Person\",\"@id\":\"https:\\\/\\\/veredes.es\\\/blog\\\/#\\\/schema\\\/person\\\/0ed637ae44a657b55da8bf9dae752ffb\",\"name\":\"Borja L\u00f3pez Cotelo\",\"image\":{\"@type\":\"ImageObject\",\"inLanguage\":\"es\",\"@id\":\"https:\\\/\\\/veredes.es\\\/blog\\\/wp-content\\\/uploads\\\/2018\\\/04\\\/borja-l\u00f3pez-cotelo-96x96.jpg\",\"url\":\"https:\\\/\\\/veredes.es\\\/blog\\\/wp-content\\\/uploads\\\/2018\\\/04\\\/borja-l\u00f3pez-cotelo-96x96.jpg\",\"contentUrl\":\"https:\\\/\\\/veredes.es\\\/blog\\\/wp-content\\\/uploads\\\/2018\\\/04\\\/borja-l\u00f3pez-cotelo-96x96.jpg\",\"caption\":\"Borja L\u00f3pez Cotelo\"},\"description\":\"Borja L\u00f3pez Cotelo y Maria Olmo B\u00e9jar, arquitectos por la ETSAC desde 2007. Borja L\u00f3pez Cotelo, arquitecto doctor por la Universidade da Coru\u00f1a desde 2013.\",\"sameAs\":[\"http:\\\/\\\/lasonceymedia.com\\\/\",\"https:\\\/\\\/www.linkedin.com\\\/in\\\/borja-ramn-lpez-cotelo-7842b31b4\\\/\",\"https:\\\/\\\/x.com\\\/https:\\\/\\\/twitter.com\\\/lineasdetrabajo\"],\"mainEntityOfPage\":{\"@id\":\"https:\\\/\\\/veredes.es\\\/blog\\\/author\\\/borja-lopez-cotelo\\\/\"}}]}<\/script>\n<!-- \/ Yoast SEO plugin. -->","yoast_head_json":{"title":"Borja L\u00f3pez Cotelo","description":"Borja L\u00f3pez Cotelo y Maria Olmo B\u00e9jar, arquitectos por la ETSAC desde 2007. Borja L\u00f3pez Cotelo, arquitecto doctor por la Universidade da Coru\u00f1a desde 2013.","robots":{"index":"index","follow":"follow","max-snippet":"max-snippet:-1","max-image-preview":"max-image-preview:large","max-video-preview":"max-video-preview:-1"},"canonical":"https:\/\/veredes.es\/blog\/author\/borja-lopez-cotelo\/","og_locale":"es_ES","og_type":"profile","og_title":"Borja L\u00f3pez Cotelo","og_description":"Borja L\u00f3pez Cotelo y Maria Olmo B\u00e9jar, arquitectos por la ETSAC desde 2007. Borja L\u00f3pez Cotelo, arquitecto doctor por la Universidade da Coru\u00f1a desde 2013.","og_url":"https:\/\/veredes.es\/blog\/author\/borja-lopez-cotelo\/","og_site_name":"veredes, arquitectura y divulgaci\u00f3n","og_image":[{"url":"https:\/\/veredes.es\/blog\/wp-content\/uploads\/2018\/04\/borja-l\u00f3pez-cotelo.jpg","type":"","width":"","height":""}],"twitter_card":"summary_large_image","twitter_site":"@veredes","schema":{"@context":"https:\/\/schema.org","@graph":[{"@type":"ProfilePage","@id":"https:\/\/veredes.es\/blog\/author\/borja-lopez-cotelo\/","url":"https:\/\/veredes.es\/blog\/author\/borja-lopez-cotelo\/","name":"Borja L\u00f3pez Cotelo","isPartOf":{"@id":"https:\/\/veredes.es\/blog\/#website"},"description":"Borja L\u00f3pez Cotelo y Maria Olmo B\u00e9jar, arquitectos por la ETSAC desde 2007. Borja L\u00f3pez Cotelo, arquitecto doctor por la Universidade da Coru\u00f1a desde 2013.","breadcrumb":{"@id":"https:\/\/veredes.es\/blog\/author\/borja-lopez-cotelo\/#breadcrumb"},"inLanguage":"es","potentialAction":[{"@type":"ReadAction","target":["https:\/\/veredes.es\/blog\/author\/borja-lopez-cotelo\/"]}]},{"@type":"BreadcrumbList","@id":"https:\/\/veredes.es\/blog\/author\/borja-lopez-cotelo\/#breadcrumb","itemListElement":[{"@type":"ListItem","position":1,"name":"Portada","item":"https:\/\/veredes.es\/blog\/"},{"@type":"ListItem","position":2,"name":"Archivos por Borja L\u00f3pez Cotelo"}]},{"@type":"WebSite","@id":"https:\/\/veredes.es\/blog\/#website","url":"https:\/\/veredes.es\/blog\/","name":"veredes, arquitectura y divulgaci\u00f3n","description":"veredes","publisher":{"@id":"https:\/\/veredes.es\/blog\/#organization"},"alternateName":"veredes","potentialAction":[{"@type":"SearchAction","target":{"@type":"EntryPoint","urlTemplate":"https:\/\/veredes.es\/blog\/?s={search_term_string}"},"query-input":{"@type":"PropertyValueSpecification","valueRequired":true,"valueName":"search_term_string"}}],"inLanguage":"es"},{"@type":"Organization","@id":"https:\/\/veredes.es\/blog\/#organization","name":"veredes, arquitectura y divulgaci\u00f3n","alternateName":"veredes","url":"https:\/\/veredes.es\/blog\/","logo":{"@type":"ImageObject","inLanguage":"es","@id":"https:\/\/veredes.es\/blog\/#\/schema\/logo\/image\/","url":"https:\/\/veredes.es\/blog\/wp-content\/uploads\/2021\/12\/veredes-logo-centrado_140x54.png","contentUrl":"https:\/\/veredes.es\/blog\/wp-content\/uploads\/2021\/12\/veredes-logo-centrado_140x54.png","width":140,"height":54,"caption":"veredes, arquitectura y divulgaci\u00f3n"},"image":{"@id":"https:\/\/veredes.es\/blog\/#\/schema\/logo\/image\/"},"sameAs":["https:\/\/www.facebook.com\/veredesArquitecturayDivulgacion\/","https:\/\/x.com\/veredes","https:\/\/instagram.com\/veredes\/","https:\/\/www.linkedin.com\/company\/veredes-arquitectura-y-divulgacion\/","https:\/\/es.pinterest.com\/veredes\/","https:\/\/www.tumblr.com\/veredes"]},{"@type":"Person","@id":"https:\/\/veredes.es\/blog\/#\/schema\/person\/0ed637ae44a657b55da8bf9dae752ffb","name":"Borja L\u00f3pez Cotelo","image":{"@type":"ImageObject","inLanguage":"es","@id":"https:\/\/veredes.es\/blog\/wp-content\/uploads\/2018\/04\/borja-l\u00f3pez-cotelo-96x96.jpg","url":"https:\/\/veredes.es\/blog\/wp-content\/uploads\/2018\/04\/borja-l\u00f3pez-cotelo-96x96.jpg","contentUrl":"https:\/\/veredes.es\/blog\/wp-content\/uploads\/2018\/04\/borja-l\u00f3pez-cotelo-96x96.jpg","caption":"Borja L\u00f3pez Cotelo"},"description":"Borja L\u00f3pez Cotelo y Maria Olmo B\u00e9jar, arquitectos por la ETSAC desde 2007. Borja L\u00f3pez Cotelo, arquitecto doctor por la Universidade da Coru\u00f1a desde 2013.","sameAs":["http:\/\/lasonceymedia.com\/","https:\/\/www.linkedin.com\/in\/borja-ramn-lpez-cotelo-7842b31b4\/","https:\/\/x.com\/https:\/\/twitter.com\/lineasdetrabajo"],"mainEntityOfPage":{"@id":"https:\/\/veredes.es\/blog\/author\/borja-lopez-cotelo\/"}}]}},"_links":{"self":[{"href":"https:\/\/veredes.es\/blog\/wp-json\/wp\/v2\/users\/17","targetHints":{"allow":["GET"]}}],"collection":[{"href":"https:\/\/veredes.es\/blog\/wp-json\/wp\/v2\/users"}]}}