{"id":99902,"date":"2024-09-09T00:01:18","date_gmt":"2024-09-08T22:01:18","guid":{"rendered":"https:\/\/veredes.es\/blog\/?p=99902"},"modified":"2024-09-06T14:56:11","modified_gmt":"2024-09-06T12:56:11","slug":"me-llamo-monadnock-y-tu-javier-garcia-librero","status":"publish","type":"post","link":"https:\/\/veredes.es\/blog\/me-llamo-monadnock-y-tu-javier-garcia-librero\/","title":{"rendered":"Me llamo Monadnock y \u00bft\u00fa? | Javier Garc\u00eda Librero"},"content":{"rendered":"<figure id=\"attachment_99903\" aria-describedby=\"caption-attachment-99903\" style=\"width: 1400px\" class=\"wp-caption alignnone\"><img loading=\"lazy\" decoding=\"async\" class=\"wp-image-99903 size-full\" title=\"Me llamo Monadnock y \u00bft\u00fa Javier Garc\u00eda Librero service-pnp-habshaer-il-il0000-il0049-photos-215257pr\" src=\"https:\/\/veredes.es\/blog\/wp-content\/uploads\/2024\/09\/Me-llamo-Monadnock-y-\u00bftu-Javier-Garcia-Librero-service-pnp-habshaer-il-il0000-il0049-photos-215257pr.jpg\" alt=\"Me llamo Monadnock y \u00bft\u00fa Javier Garc\u00eda Librero service-pnp-habshaer-il-il0000-il0049-photos-215257pr\" width=\"1400\" height=\"1927\" srcset=\"https:\/\/veredes.es\/blog\/wp-content\/uploads\/2024\/09\/Me-llamo-Monadnock-y-\u00bftu-Javier-Garcia-Librero-service-pnp-habshaer-il-il0000-il0049-photos-215257pr.jpg 1400w, https:\/\/veredes.es\/blog\/wp-content\/uploads\/2024\/09\/Me-llamo-Monadnock-y-\u00bftu-Javier-Garcia-Librero-service-pnp-habshaer-il-il0000-il0049-photos-215257pr-218x300.jpg 218w, https:\/\/veredes.es\/blog\/wp-content\/uploads\/2024\/09\/Me-llamo-Monadnock-y-\u00bftu-Javier-Garcia-Librero-service-pnp-habshaer-il-il0000-il0049-photos-215257pr-744x1024.jpg 744w, https:\/\/veredes.es\/blog\/wp-content\/uploads\/2024\/09\/Me-llamo-Monadnock-y-\u00bftu-Javier-Garcia-Librero-service-pnp-habshaer-il-il0000-il0049-photos-215257pr-1116x1536.jpg 1116w, https:\/\/veredes.es\/blog\/wp-content\/uploads\/2024\/09\/Me-llamo-Monadnock-y-\u00bftu-Javier-Garcia-Librero-service-pnp-habshaer-il-il0000-il0049-photos-215257pr-305x420.jpg 305w, https:\/\/veredes.es\/blog\/wp-content\/uploads\/2024\/09\/Me-llamo-Monadnock-y-\u00bftu-Javier-Garcia-Librero-service-pnp-habshaer-il-il0000-il0049-photos-215257pr-696x958.jpg 696w, https:\/\/veredes.es\/blog\/wp-content\/uploads\/2024\/09\/Me-llamo-Monadnock-y-\u00bftu-Javier-Garcia-Librero-service-pnp-habshaer-il-il0000-il0049-photos-215257pr-1068x1470.jpg 1068w\" sizes=\"auto, (max-width: 1400px) 100vw, 1400px\" \/><figcaption id=\"caption-attachment-99903\" class=\"wp-caption-text\"><span style=\"color: #999999;\">Monadnock es tambi\u00e9n un fant\u00e1stico edificio ubicado en Chicago y construido en 1891 | Fuente: <a style=\"color: #999999;\" href=\"https:\/\/www.loc.gov\/collections\/\" target=\"_blank\" rel=\"noopener\">loc.gov<\/a><\/span><\/figcaption><\/figure>\n<h5 style=\"text-align: justify;\"><strong>\u00bfVas a montar tu propio estudio de arquitectura o est\u00e1s pensando lanzar una nueva marca?<\/strong><\/h5>\n<p style=\"text-align: justify;\">Si es as\u00ed o has pasado por ello, sabr\u00e1s que una de las <strong>primeras y m\u00e1s importantes decisiones<\/strong> que hay que tomar es la elecci\u00f3n del nombre comercial de tu empresa.<\/p>\n<p style=\"text-align: justify;\">Este nombre te acompa\u00f1ar\u00e1 en el <strong>futuro del estudio<\/strong> y, lo que es m\u00e1s importante, permitir\u00e1 a los clientes identificar tu marca y asociar dicho nombre a la actividad profesional que desarrolles.<\/p>\n<p style=\"text-align: justify;\">Philip Kotler economista estadounidense considerado uno de los padres del <a href=\"https:\/\/veredes.es\/blog\/tag\/marketing\/\" target=\"_blank\" rel=\"noopener\">marketing<\/a> actual ya recalc\u00f3 la importancia de construir una marca cuando dijo: si no eres una marca, eres una mercanc\u00eda. \u200b<\/p>\n<p style=\"text-align: justify;\">En este sentido, la arquitectura no ha sido menos y existen numerosos arquitectos y empresas que han sabido reconocer la importancia de construir una marca de alto valor. Apostando por profesionales del dise\u00f1o que les han ayudado a crear una imagen corporativa acorde a los objetivos a alcanzar y consiguiendo aumentar el <a href=\"https:\/\/www.kantar.com\/es\/inspiracion\/marcas\/brand-equity-arma-secreta-para-impulsar-el-crecimiento#:~:text=El%20brand%20equity%2C%20el%20activo,la%20rentabilidad%20de%20una%20empresa.\" target=\"_blank\" rel=\"noopener\">Brand Equity<\/a> de la empresa.<\/p>\n<p style=\"text-align: justify;\">Si en algo se caracteriza el sector de la arquitectura es por la gran cantidad de estudios que usan como nombre de marca el del <strong>propio arquitecto principal<\/strong> (<a href=\"https:\/\/www.campobaeza.com\/es\/archivo-docente\/noticias\/\" target=\"_blank\" rel=\"noopener\">Alberto Campo Baeza<\/a> o <a href=\"https:\/\/rafaelmoneo.com\/\" target=\"_blank\" rel=\"noopener\">Rafael Moneo<\/a> por poner alg\u00fan ejemplo) o el apellido o apellidos en caso de ser varios socios (<a href=\"https:\/\/www.batlleiroig.com\/es\/\" target=\"_blank\" rel=\"noopener\">Batlle i Roig,<\/a> <a href=\"https:\/\/barozziveiga.com\/\" target=\"_blank\" rel=\"noopener\">Barozzi Veiga<\/a> o <a href=\"https:\/\/www.peredaperez.com\/\" target=\"_blank\" rel=\"noopener\">Pereda P\u00e9rez<\/a>). Hay incluso nombres de marca que por su significado, trascendencia e importancia perduran en el tiempo m\u00e1s all\u00e1 del propio arquitecto fundador (<a href=\"https:\/\/www.zaha-hadid.com\/\" target=\"_blank\" rel=\"noopener\">Zaha Hadid Architects<\/a> o <a href=\"https:\/\/www.som.com\/\" target=\"_blank\" rel=\"noopener\">SOM<\/a>).<\/p>\n<p style=\"text-align: justify;\">Sin embargo, el mundo del <em>naming<\/em> dentro de la arquitectura presenta <strong>ejemplos interesantes y singulares<\/strong> que nos pueden sirven de inspiraci\u00f3n para encontrar ese \u201calgo\u201d que nos hace \u00fanicos.<\/p>\n<figure id=\"attachment_99904\" aria-describedby=\"caption-attachment-99904\" style=\"width: 1400px\" class=\"wp-caption alignnone\"><img loading=\"lazy\" decoding=\"async\" class=\"wp-image-99904 size-full\" title=\"Me llamo Monadnock y \u00bft\u00fa Javier Garc\u00eda Librero master-pnp-habshaer-il-il0000-il0049-photos-580897pu\" src=\"https:\/\/veredes.es\/blog\/wp-content\/uploads\/2024\/09\/Me-llamo-Monadnock-y-\u00bftu-Javier-Garcia-Librero-master-pnp-habshaer-il-il0000-il0049-photos-580897pu.jpg\" alt=\"Me llamo Monadnock y \u00bft\u00fa Javier Garc\u00eda Librero master-pnp-habshaer-il-il0000-il0049-photos-580897pu\" width=\"1400\" height=\"1954\" srcset=\"https:\/\/veredes.es\/blog\/wp-content\/uploads\/2024\/09\/Me-llamo-Monadnock-y-\u00bftu-Javier-Garcia-Librero-master-pnp-habshaer-il-il0000-il0049-photos-580897pu.jpg 1400w, https:\/\/veredes.es\/blog\/wp-content\/uploads\/2024\/09\/Me-llamo-Monadnock-y-\u00bftu-Javier-Garcia-Librero-master-pnp-habshaer-il-il0000-il0049-photos-580897pu-215x300.jpg 215w, https:\/\/veredes.es\/blog\/wp-content\/uploads\/2024\/09\/Me-llamo-Monadnock-y-\u00bftu-Javier-Garcia-Librero-master-pnp-habshaer-il-il0000-il0049-photos-580897pu-734x1024.jpg 734w, https:\/\/veredes.es\/blog\/wp-content\/uploads\/2024\/09\/Me-llamo-Monadnock-y-\u00bftu-Javier-Garcia-Librero-master-pnp-habshaer-il-il0000-il0049-photos-580897pu-1101x1536.jpg 1101w, https:\/\/veredes.es\/blog\/wp-content\/uploads\/2024\/09\/Me-llamo-Monadnock-y-\u00bftu-Javier-Garcia-Librero-master-pnp-habshaer-il-il0000-il0049-photos-580897pu-301x420.jpg 301w, https:\/\/veredes.es\/blog\/wp-content\/uploads\/2024\/09\/Me-llamo-Monadnock-y-\u00bftu-Javier-Garcia-Librero-master-pnp-habshaer-il-il0000-il0049-photos-580897pu-696x971.jpg 696w, https:\/\/veredes.es\/blog\/wp-content\/uploads\/2024\/09\/Me-llamo-Monadnock-y-\u00bftu-Javier-Garcia-Librero-master-pnp-habshaer-il-il0000-il0049-photos-580897pu-1068x1491.jpg 1068w\" sizes=\"auto, (max-width: 1400px) 100vw, 1400px\" \/><figcaption id=\"caption-attachment-99904\" class=\"wp-caption-text\"><span style=\"color: #999999;\">Monadnock es tambi\u00e9n un fant\u00e1stico edificio ubicado en Chicago y construido en 1891 | Fuente: <a style=\"color: #999999;\" href=\"https:\/\/www.loc.gov\/collections\/\" target=\"_blank\" rel=\"noopener\">loc.gov<\/a><\/span><\/figcaption><\/figure>\n<p style=\"text-align: justify;\">Uno de estos casos es el del estudio de arquitectura Monadnock.<\/p>\n<p style=\"text-align: justify;\">Monadnock es un <strong>estudio neerland\u00e9s<\/strong> fundado en 2006 por 2 socios: Job Floris y Sandor Naus.<\/p>\n<p style=\"text-align: justify;\">Monadnock es tambi\u00e9n un fant\u00e1stico <strong>edificio ubicado en Chicago<\/strong> y construido en 1891.<\/p>\n<figure id=\"attachment_99905\" aria-describedby=\"caption-attachment-99905\" style=\"width: 1400px\" class=\"wp-caption alignnone\"><img loading=\"lazy\" decoding=\"async\" class=\"wp-image-99905 size-full\" title=\"Me llamo Monadnock y \u00bft\u00fa Javier Garc\u00eda Librero Monadnock_Building_North_Angle_Jessica-Sheridan\" src=\"https:\/\/veredes.es\/blog\/wp-content\/uploads\/2024\/09\/Me-llamo-Monadnock-y-\u00bftu-Javier-Garcia-Librero-Monadnock_Building_North_Angle_Jessica-Sheridan.jpg\" alt=\"Me llamo Monadnock y \u00bft\u00fa Javier Garc\u00eda Librero Monadnock_Building_North_Angle_Jessica-Sheridan\" width=\"1400\" height=\"1050\" srcset=\"https:\/\/veredes.es\/blog\/wp-content\/uploads\/2024\/09\/Me-llamo-Monadnock-y-\u00bftu-Javier-Garcia-Librero-Monadnock_Building_North_Angle_Jessica-Sheridan.jpg 1400w, https:\/\/veredes.es\/blog\/wp-content\/uploads\/2024\/09\/Me-llamo-Monadnock-y-\u00bftu-Javier-Garcia-Librero-Monadnock_Building_North_Angle_Jessica-Sheridan-300x225.jpg 300w, https:\/\/veredes.es\/blog\/wp-content\/uploads\/2024\/09\/Me-llamo-Monadnock-y-\u00bftu-Javier-Garcia-Librero-Monadnock_Building_North_Angle_Jessica-Sheridan-1024x768.jpg 1024w, https:\/\/veredes.es\/blog\/wp-content\/uploads\/2024\/09\/Me-llamo-Monadnock-y-\u00bftu-Javier-Garcia-Librero-Monadnock_Building_North_Angle_Jessica-Sheridan-560x420.jpg 560w, https:\/\/veredes.es\/blog\/wp-content\/uploads\/2024\/09\/Me-llamo-Monadnock-y-\u00bftu-Javier-Garcia-Librero-Monadnock_Building_North_Angle_Jessica-Sheridan-80x60.jpg 80w, https:\/\/veredes.es\/blog\/wp-content\/uploads\/2024\/09\/Me-llamo-Monadnock-y-\u00bftu-Javier-Garcia-Librero-Monadnock_Building_North_Angle_Jessica-Sheridan-696x522.jpg 696w, https:\/\/veredes.es\/blog\/wp-content\/uploads\/2024\/09\/Me-llamo-Monadnock-y-\u00bftu-Javier-Garcia-Librero-Monadnock_Building_North_Angle_Jessica-Sheridan-1068x801.jpg 1068w\" sizes=\"auto, (max-width: 1400px) 100vw, 1400px\" \/><figcaption id=\"caption-attachment-99905\" class=\"wp-caption-text\"><span style=\"color: #999999;\">Monadnock es tambi\u00e9n un fant\u00e1stico edificio ubicado en Chicago y construido en 1891 | Fuente: <a style=\"color: #999999;\" href=\"https:\/\/www.loc.gov\/collections\/\" target=\"_blank\" rel=\"noopener\">loc.gov<\/a><\/span><\/figcaption><\/figure>\n<p style=\"text-align: justify;\">Este edificio es interesante por diversas razones, entre ellas destaca que su ejecuci\u00f3n se realiz\u00f3 en 2 partes, con 2 sistemas constructivos diferentes y por 2 equipos de arquitectos distintos: por un lado, el edificio sur de muros de carga de ladrillo dise\u00f1ado por Holabird Roche y, por el otro, el edificio norte de estructura de acero dise\u00f1ado por el equipo Burnham &amp; Root.<\/p>\n<h5 style=\"text-align: justify;\"><strong>\u00bfPor qu\u00e9 Job y Sandor, fundadores del estudio Monadnock, se fijaron en este edificio? \u00bfPor qu\u00e9 este edificio y no otro representa su trabajo y su forma de hacer arquitectura?<\/strong><\/h5>\n<p>Los propios arquitectos lo explican:<\/p>\n<p><iframe loading=\"lazy\" title=\"YouTube video player\" src=\"https:\/\/www.youtube.com\/embed\/JrbTQibuUdQ?si=jy40orS6dRNRewQP&amp;clip=UgkxMNzJ2XwRyiMo6PHphVXwrGsYAN0YOR3i&amp;clipt=EMiGEBio2xM\" width=\"560\" height=\"315\" frameborder=\"0\" allowfullscreen=\"allowfullscreen\"><\/iframe><\/p>\n<p style=\"text-align: justify;\">Monadnock es un ejemplo concreto de c\u00f3mo crear un nombre de marca basada en unos valores claros, coherentes y concretos. Sin fisuras.<\/p>\n<h6 style=\"text-align: justify;\"><strong>\u00bfQu\u00e9 razones, historias y motivos se encuentran tras nombres de empresas tan reconocidas como B720, Morph o L35 por citar algunos ejemplos?<\/strong><\/h6>\n<p style=\"text-align: justify;\">Es interesante y resulta muy did\u00e1ctico conocer esta informaci\u00f3n ya que puede servir de inspiraci\u00f3n a otros compa\u00f1eros y profesionales que se encuentran actualmente en el importante proceso de crear un marca.<\/p>\n<p style=\"text-align: justify;\">Por lo tanto, a la hora de lanzar una empresa de arquitectura es importante encontrar un nombre o concepto que represente los valores y caracter\u00edsticas que te hacen especial y \u00fanico. Es el primer paso para comenzar de forma coherente un camino profesional con el que conseguir comunicar una marca, unos valores y una filosof\u00eda a tu futuros clientes y a la sociedad.<\/p>\n<p style=\"text-align: justify;\">Y t\u00fa \u00bfc\u00f3mo te llamas?<\/p>\n","protected":false},"excerpt":{"rendered":"<p>\u00bfVas a montar tu propio estudio de arquitectura o est\u00e1s pensando lanzar una nueva marca? Si es as\u00ed o has pasado por ello, sabr\u00e1s que una de las primeras y m\u00e1s importantes decisiones que hay que tomar es la elecci\u00f3n del nombre comercial de tu empresa. Este nombre te acompa\u00f1ar\u00e1 en el futuro del estudio [&hellip;]<\/p>\n","protected":false},"author":73,"featured_media":99905,"comment_status":"open","ping_status":"closed","sticky":false,"template":"","format":"standard","meta":{"footnotes":""},"categories":[33,3,5951],"tags":[3428,15329,4774,5815,536,6059,15067,8912,15984,4798,8116,17700,1103,10901,6600],"class_list":{"0":"post-99902","1":"post","2":"type-post","3":"status-publish","4":"format-standard","5":"has-post-thumbnail","7":"category-arquitectos","8":"category-capturas","9":"category-slider-principal","10":"tag-alberto-campo-baeza","11":"tag-batlle-i-roig","12":"tag-desarrollo-de-empresas-creativas","13":"tag-empresa","14":"tag-estudio","15":"tag-estudio-barozzi-veiga","16":"tag-javier-garcia-librero","17":"tag-jose-rafael-moneo-valles","18":"tag-marketing","19":"tag-modelo-profesional","20":"tag-pereda-perez-arquitectos","21":"tag-philip-kotler","22":"tag-profesion","23":"tag-skidmore-owings-merrill","24":"tag-zaha-hadid-architects"},"yoast_head":"<!-- This site is optimized with the Yoast SEO plugin v27.4 - https:\/\/yoast.com\/product\/yoast-seo-wordpress\/ -->\n<title>Me llamo Monadnock y \u00bft\u00fa? | Javier Garc\u00eda Librero - veredes<\/title>\n<meta name=\"description\" content=\"Toda la informaci\u00f3n sobre: Me llamo Monadnock y \u00bft\u00fa? | Javier Garc\u00eda Librero\" \/>\n<meta name=\"robots\" content=\"index, follow, max-snippet:-1, max-image-preview:large, max-video-preview:-1\" \/>\n<link rel=\"canonical\" href=\"https:\/\/veredes.es\/blog\/me-llamo-monadnock-y-tu-javier-garcia-librero\/\" \/>\n<meta property=\"og:locale\" content=\"es_ES\" \/>\n<meta property=\"og:type\" content=\"article\" \/>\n<meta property=\"og:title\" content=\"Me llamo Monadnock y \u00bft\u00fa? | Javier Garc\u00eda Librero - veredes\" \/>\n<meta property=\"og:description\" content=\"Toda la informaci\u00f3n sobre: Me llamo Monadnock y \u00bft\u00fa? | Javier Garc\u00eda Librero\" \/>\n<meta property=\"og:url\" content=\"https:\/\/veredes.es\/blog\/me-llamo-monadnock-y-tu-javier-garcia-librero\/\" \/>\n<meta property=\"og:site_name\" content=\"veredes, arquitectura y divulgaci\u00f3n\" \/>\n<meta property=\"article:publisher\" content=\"https:\/\/www.facebook.com\/veredesArquitecturayDivulgacion\/\" \/>\n<meta property=\"article:author\" content=\"https:\/\/www.facebook.com\/jgarcialibrero\" \/>\n<meta property=\"article:published_time\" content=\"2024-09-08T22:01:18+00:00\" \/>\n<meta property=\"og:image\" content=\"https:\/\/veredes.es\/blog\/wp-content\/uploads\/2024\/09\/Me-llamo-Monadnock-y-\u00bftu-Javier-Garcia-Librero-Monadnock_Building_North_Angle_Jessica-Sheridan.jpg\" \/>\n\t<meta property=\"og:image:width\" content=\"1400\" \/>\n\t<meta property=\"og:image:height\" content=\"1050\" \/>\n\t<meta property=\"og:image:type\" content=\"image\/jpeg\" \/>\n<meta name=\"author\" content=\"Javier Garc\u00eda Librero\" \/>\n<meta name=\"twitter:card\" content=\"summary_large_image\" \/>\n<meta name=\"twitter:creator\" content=\"@https:\/\/twitter.com\/j_garcialibrero\" \/>\n<meta name=\"twitter:site\" content=\"@veredes\" \/>\n<meta name=\"twitter:label1\" content=\"Escrito por\" \/>\n\t<meta name=\"twitter:data1\" content=\"Javier Garc\u00eda Librero\" \/>\n\t<meta name=\"twitter:label2\" content=\"Tiempo de lectura\" \/>\n\t<meta name=\"twitter:data2\" content=\"4 minutos\" \/>\n<script type=\"application\/ld+json\" class=\"yoast-schema-graph\">{\"@context\":\"https:\\\/\\\/schema.org\",\"@graph\":[{\"@type\":\"Article\",\"@id\":\"https:\\\/\\\/veredes.es\\\/blog\\\/me-llamo-monadnock-y-tu-javier-garcia-librero\\\/#article\",\"isPartOf\":{\"@id\":\"https:\\\/\\\/veredes.es\\\/blog\\\/me-llamo-monadnock-y-tu-javier-garcia-librero\\\/\"},\"author\":{\"name\":\"Javier Garc\u00eda Librero\",\"@id\":\"https:\\\/\\\/veredes.es\\\/blog\\\/#\\\/schema\\\/person\\\/0ce4205b960745e79b3d6cd1dcce60b7\"},\"headline\":\"Me llamo Monadnock y \u00bft\u00fa? | Javier Garc\u00eda Librero\",\"datePublished\":\"2024-09-08T22:01:18+00:00\",\"mainEntityOfPage\":{\"@id\":\"https:\\\/\\\/veredes.es\\\/blog\\\/me-llamo-monadnock-y-tu-javier-garcia-librero\\\/\"},\"wordCount\":662,\"commentCount\":0,\"publisher\":{\"@id\":\"https:\\\/\\\/veredes.es\\\/blog\\\/#organization\"},\"image\":{\"@id\":\"https:\\\/\\\/veredes.es\\\/blog\\\/me-llamo-monadnock-y-tu-javier-garcia-librero\\\/#primaryimage\"},\"thumbnailUrl\":\"https:\\\/\\\/veredes.es\\\/blog\\\/wp-content\\\/uploads\\\/2024\\\/09\\\/Me-llamo-Monadnock-y-\u00bftu-Javier-Garcia-Librero-Monadnock_Building_North_Angle_Jessica-Sheridan.jpg\",\"keywords\":[\"Alberto Campo Baeza\",\"Batlle i Roig\",\"desarrollo de empresas creativas\",\"empresa\",\"estudio\",\"Estudio Barozzi Veiga\",\"Javier Garc\u00eda Librero\",\"Jos\u00e9 Rafael Moneo Vall\u00e9s\",\"Marketing\",\"modelo profesional\",\"pereda p\u00e9rez arquitectos\",\"Philip Kotler\",\"profesi\u00f3n\",\"skidmore &amp; owings &amp; merrill\",\"Zaha Hadid Architects\"],\"articleSection\":[\"arquitectos\",\"capturas\",\"slider principal\"],\"inLanguage\":\"es\",\"potentialAction\":[{\"@type\":\"CommentAction\",\"name\":\"Comment\",\"target\":[\"https:\\\/\\\/veredes.es\\\/blog\\\/me-llamo-monadnock-y-tu-javier-garcia-librero\\\/#respond\"]}]},{\"@type\":\"WebPage\",\"@id\":\"https:\\\/\\\/veredes.es\\\/blog\\\/me-llamo-monadnock-y-tu-javier-garcia-librero\\\/\",\"url\":\"https:\\\/\\\/veredes.es\\\/blog\\\/me-llamo-monadnock-y-tu-javier-garcia-librero\\\/\",\"name\":\"Me llamo Monadnock y \u00bft\u00fa? | Javier Garc\u00eda Librero - veredes\",\"isPartOf\":{\"@id\":\"https:\\\/\\\/veredes.es\\\/blog\\\/#website\"},\"primaryImageOfPage\":{\"@id\":\"https:\\\/\\\/veredes.es\\\/blog\\\/me-llamo-monadnock-y-tu-javier-garcia-librero\\\/#primaryimage\"},\"image\":{\"@id\":\"https:\\\/\\\/veredes.es\\\/blog\\\/me-llamo-monadnock-y-tu-javier-garcia-librero\\\/#primaryimage\"},\"thumbnailUrl\":\"https:\\\/\\\/veredes.es\\\/blog\\\/wp-content\\\/uploads\\\/2024\\\/09\\\/Me-llamo-Monadnock-y-\u00bftu-Javier-Garcia-Librero-Monadnock_Building_North_Angle_Jessica-Sheridan.jpg\",\"datePublished\":\"2024-09-08T22:01:18+00:00\",\"description\":\"Toda la informaci\u00f3n sobre: Me llamo Monadnock y \u00bft\u00fa? | Javier Garc\u00eda Librero\",\"breadcrumb\":{\"@id\":\"https:\\\/\\\/veredes.es\\\/blog\\\/me-llamo-monadnock-y-tu-javier-garcia-librero\\\/#breadcrumb\"},\"inLanguage\":\"es\",\"potentialAction\":[{\"@type\":\"ReadAction\",\"target\":[\"https:\\\/\\\/veredes.es\\\/blog\\\/me-llamo-monadnock-y-tu-javier-garcia-librero\\\/\"]}]},{\"@type\":\"ImageObject\",\"inLanguage\":\"es\",\"@id\":\"https:\\\/\\\/veredes.es\\\/blog\\\/me-llamo-monadnock-y-tu-javier-garcia-librero\\\/#primaryimage\",\"url\":\"https:\\\/\\\/veredes.es\\\/blog\\\/wp-content\\\/uploads\\\/2024\\\/09\\\/Me-llamo-Monadnock-y-\u00bftu-Javier-Garcia-Librero-Monadnock_Building_North_Angle_Jessica-Sheridan.jpg\",\"contentUrl\":\"https:\\\/\\\/veredes.es\\\/blog\\\/wp-content\\\/uploads\\\/2024\\\/09\\\/Me-llamo-Monadnock-y-\u00bftu-Javier-Garcia-Librero-Monadnock_Building_North_Angle_Jessica-Sheridan.jpg\",\"width\":1400,\"height\":1050,\"caption\":\"Monadnock es tambi\u00e9n un fant\u00e1stico edificio ubicado en Chicago y construido en 1891\"},{\"@type\":\"BreadcrumbList\",\"@id\":\"https:\\\/\\\/veredes.es\\\/blog\\\/me-llamo-monadnock-y-tu-javier-garcia-librero\\\/#breadcrumb\",\"itemListElement\":[{\"@type\":\"ListItem\",\"position\":1,\"name\":\"Portada\",\"item\":\"https:\\\/\\\/veredes.es\\\/blog\\\/\"},{\"@type\":\"ListItem\",\"position\":2,\"name\":\"Me llamo Monadnock y \u00bft\u00fa? | Javier Garc\u00eda Librero\"}]},{\"@type\":\"WebSite\",\"@id\":\"https:\\\/\\\/veredes.es\\\/blog\\\/#website\",\"url\":\"https:\\\/\\\/veredes.es\\\/blog\\\/\",\"name\":\"veredes, arquitectura y divulgaci\u00f3n\",\"description\":\"veredes\",\"publisher\":{\"@id\":\"https:\\\/\\\/veredes.es\\\/blog\\\/#organization\"},\"alternateName\":\"veredes\",\"potentialAction\":[{\"@type\":\"SearchAction\",\"target\":{\"@type\":\"EntryPoint\",\"urlTemplate\":\"https:\\\/\\\/veredes.es\\\/blog\\\/?s={search_term_string}\"},\"query-input\":{\"@type\":\"PropertyValueSpecification\",\"valueRequired\":true,\"valueName\":\"search_term_string\"}}],\"inLanguage\":\"es\"},{\"@type\":\"Organization\",\"@id\":\"https:\\\/\\\/veredes.es\\\/blog\\\/#organization\",\"name\":\"veredes, arquitectura y divulgaci\u00f3n\",\"alternateName\":\"veredes\",\"url\":\"https:\\\/\\\/veredes.es\\\/blog\\\/\",\"logo\":{\"@type\":\"ImageObject\",\"inLanguage\":\"es\",\"@id\":\"https:\\\/\\\/veredes.es\\\/blog\\\/#\\\/schema\\\/logo\\\/image\\\/\",\"url\":\"https:\\\/\\\/veredes.es\\\/blog\\\/wp-content\\\/uploads\\\/2021\\\/12\\\/veredes-logo-centrado_140x54.png\",\"contentUrl\":\"https:\\\/\\\/veredes.es\\\/blog\\\/wp-content\\\/uploads\\\/2021\\\/12\\\/veredes-logo-centrado_140x54.png\",\"width\":140,\"height\":54,\"caption\":\"veredes, arquitectura y divulgaci\u00f3n\"},\"image\":{\"@id\":\"https:\\\/\\\/veredes.es\\\/blog\\\/#\\\/schema\\\/logo\\\/image\\\/\"},\"sameAs\":[\"https:\\\/\\\/www.facebook.com\\\/veredesArquitecturayDivulgacion\\\/\",\"https:\\\/\\\/x.com\\\/veredes\",\"https:\\\/\\\/instagram.com\\\/veredes\\\/\",\"https:\\\/\\\/www.linkedin.com\\\/company\\\/veredes-arquitectura-y-divulgacion\\\/\",\"https:\\\/\\\/es.pinterest.com\\\/veredes\\\/\",\"https:\\\/\\\/www.tumblr.com\\\/veredes\"]},{\"@type\":\"Person\",\"@id\":\"https:\\\/\\\/veredes.es\\\/blog\\\/#\\\/schema\\\/person\\\/0ce4205b960745e79b3d6cd1dcce60b7\",\"name\":\"Javier Garc\u00eda Librero\",\"image\":{\"@type\":\"ImageObject\",\"inLanguage\":\"es\",\"@id\":\"https:\\\/\\\/veredes.es\\\/blog\\\/wp-content\\\/uploads\\\/2021\\\/03\\\/Javier-Garcia-Librero-96x96.jpg\",\"url\":\"https:\\\/\\\/veredes.es\\\/blog\\\/wp-content\\\/uploads\\\/2021\\\/03\\\/Javier-Garcia-Librero-96x96.jpg\",\"contentUrl\":\"https:\\\/\\\/veredes.es\\\/blog\\\/wp-content\\\/uploads\\\/2021\\\/03\\\/Javier-Garcia-Librero-96x96.jpg\",\"caption\":\"Javier Garc\u00eda Librero\"},\"description\":\"Javier Garc\u00eda Librero es arquitecto y socio fundador de la empresa The Bloom Department. Su trayectoria profesional le ha permitido especializarse en comunicaci\u00f3n, marketing y ventas. Su experiencia como arquitecto se complementa con su pasi\u00f3n por la comunicaci\u00f3n ayudando a empresas a aumentar su reputaci\u00f3n, visibilidad y oportunidades de negocio. Ha colaborado con diferentes medios de comunicaci\u00f3n como ArchDaily, TC Cuadernos y Veredes.\",\"sameAs\":[\"http:\\\/\\\/javiergarcialibrero.com\\\/\",\"https:\\\/\\\/www.facebook.com\\\/jgarcialibrero\",\"https:\\\/\\\/www.instagram.com\\\/j_garcialibrero\\\/\",\"https:\\\/\\\/www.linkedin.com\\\/in\\\/javiergarcialibrero\\\/\",\"https:\\\/\\\/x.com\\\/https:\\\/\\\/twitter.com\\\/j_garcialibrero\"],\"url\":\"https:\\\/\\\/veredes.es\\\/blog\\\/author\\\/javier-garcia-librero\\\/\"}]}<\/script>\n<!-- \/ Yoast SEO plugin. -->","yoast_head_json":{"title":"Me llamo Monadnock y \u00bft\u00fa? | Javier Garc\u00eda Librero - veredes","description":"Toda la informaci\u00f3n sobre: Me llamo Monadnock y \u00bft\u00fa? | Javier Garc\u00eda Librero","robots":{"index":"index","follow":"follow","max-snippet":"max-snippet:-1","max-image-preview":"max-image-preview:large","max-video-preview":"max-video-preview:-1"},"canonical":"https:\/\/veredes.es\/blog\/me-llamo-monadnock-y-tu-javier-garcia-librero\/","og_locale":"es_ES","og_type":"article","og_title":"Me llamo Monadnock y \u00bft\u00fa? | Javier Garc\u00eda Librero - veredes","og_description":"Toda la informaci\u00f3n sobre: Me llamo Monadnock y \u00bft\u00fa? | Javier Garc\u00eda Librero","og_url":"https:\/\/veredes.es\/blog\/me-llamo-monadnock-y-tu-javier-garcia-librero\/","og_site_name":"veredes, arquitectura y divulgaci\u00f3n","article_publisher":"https:\/\/www.facebook.com\/veredesArquitecturayDivulgacion\/","article_author":"https:\/\/www.facebook.com\/jgarcialibrero","article_published_time":"2024-09-08T22:01:18+00:00","og_image":[{"width":1400,"height":1050,"url":"https:\/\/veredes.es\/blog\/wp-content\/uploads\/2024\/09\/Me-llamo-Monadnock-y-\u00bftu-Javier-Garcia-Librero-Monadnock_Building_North_Angle_Jessica-Sheridan.jpg","type":"image\/jpeg"}],"author":"Javier Garc\u00eda Librero","twitter_card":"summary_large_image","twitter_creator":"@https:\/\/twitter.com\/j_garcialibrero","twitter_site":"@veredes","twitter_misc":{"Escrito por":"Javier Garc\u00eda Librero","Tiempo de lectura":"4 minutos"},"schema":{"@context":"https:\/\/schema.org","@graph":[{"@type":"Article","@id":"https:\/\/veredes.es\/blog\/me-llamo-monadnock-y-tu-javier-garcia-librero\/#article","isPartOf":{"@id":"https:\/\/veredes.es\/blog\/me-llamo-monadnock-y-tu-javier-garcia-librero\/"},"author":{"name":"Javier Garc\u00eda Librero","@id":"https:\/\/veredes.es\/blog\/#\/schema\/person\/0ce4205b960745e79b3d6cd1dcce60b7"},"headline":"Me llamo Monadnock y \u00bft\u00fa? | Javier Garc\u00eda Librero","datePublished":"2024-09-08T22:01:18+00:00","mainEntityOfPage":{"@id":"https:\/\/veredes.es\/blog\/me-llamo-monadnock-y-tu-javier-garcia-librero\/"},"wordCount":662,"commentCount":0,"publisher":{"@id":"https:\/\/veredes.es\/blog\/#organization"},"image":{"@id":"https:\/\/veredes.es\/blog\/me-llamo-monadnock-y-tu-javier-garcia-librero\/#primaryimage"},"thumbnailUrl":"https:\/\/veredes.es\/blog\/wp-content\/uploads\/2024\/09\/Me-llamo-Monadnock-y-\u00bftu-Javier-Garcia-Librero-Monadnock_Building_North_Angle_Jessica-Sheridan.jpg","keywords":["Alberto Campo Baeza","Batlle i Roig","desarrollo de empresas creativas","empresa","estudio","Estudio Barozzi Veiga","Javier Garc\u00eda Librero","Jos\u00e9 Rafael Moneo Vall\u00e9s","Marketing","modelo profesional","pereda p\u00e9rez arquitectos","Philip Kotler","profesi\u00f3n","skidmore &amp; owings &amp; merrill","Zaha Hadid Architects"],"articleSection":["arquitectos","capturas","slider principal"],"inLanguage":"es","potentialAction":[{"@type":"CommentAction","name":"Comment","target":["https:\/\/veredes.es\/blog\/me-llamo-monadnock-y-tu-javier-garcia-librero\/#respond"]}]},{"@type":"WebPage","@id":"https:\/\/veredes.es\/blog\/me-llamo-monadnock-y-tu-javier-garcia-librero\/","url":"https:\/\/veredes.es\/blog\/me-llamo-monadnock-y-tu-javier-garcia-librero\/","name":"Me llamo Monadnock y \u00bft\u00fa? | Javier Garc\u00eda Librero - veredes","isPartOf":{"@id":"https:\/\/veredes.es\/blog\/#website"},"primaryImageOfPage":{"@id":"https:\/\/veredes.es\/blog\/me-llamo-monadnock-y-tu-javier-garcia-librero\/#primaryimage"},"image":{"@id":"https:\/\/veredes.es\/blog\/me-llamo-monadnock-y-tu-javier-garcia-librero\/#primaryimage"},"thumbnailUrl":"https:\/\/veredes.es\/blog\/wp-content\/uploads\/2024\/09\/Me-llamo-Monadnock-y-\u00bftu-Javier-Garcia-Librero-Monadnock_Building_North_Angle_Jessica-Sheridan.jpg","datePublished":"2024-09-08T22:01:18+00:00","description":"Toda la informaci\u00f3n sobre: Me llamo Monadnock y \u00bft\u00fa? | Javier Garc\u00eda Librero","breadcrumb":{"@id":"https:\/\/veredes.es\/blog\/me-llamo-monadnock-y-tu-javier-garcia-librero\/#breadcrumb"},"inLanguage":"es","potentialAction":[{"@type":"ReadAction","target":["https:\/\/veredes.es\/blog\/me-llamo-monadnock-y-tu-javier-garcia-librero\/"]}]},{"@type":"ImageObject","inLanguage":"es","@id":"https:\/\/veredes.es\/blog\/me-llamo-monadnock-y-tu-javier-garcia-librero\/#primaryimage","url":"https:\/\/veredes.es\/blog\/wp-content\/uploads\/2024\/09\/Me-llamo-Monadnock-y-\u00bftu-Javier-Garcia-Librero-Monadnock_Building_North_Angle_Jessica-Sheridan.jpg","contentUrl":"https:\/\/veredes.es\/blog\/wp-content\/uploads\/2024\/09\/Me-llamo-Monadnock-y-\u00bftu-Javier-Garcia-Librero-Monadnock_Building_North_Angle_Jessica-Sheridan.jpg","width":1400,"height":1050,"caption":"Monadnock es tambi\u00e9n un fant\u00e1stico edificio ubicado en Chicago y construido en 1891"},{"@type":"BreadcrumbList","@id":"https:\/\/veredes.es\/blog\/me-llamo-monadnock-y-tu-javier-garcia-librero\/#breadcrumb","itemListElement":[{"@type":"ListItem","position":1,"name":"Portada","item":"https:\/\/veredes.es\/blog\/"},{"@type":"ListItem","position":2,"name":"Me llamo Monadnock y \u00bft\u00fa? | Javier Garc\u00eda Librero"}]},{"@type":"WebSite","@id":"https:\/\/veredes.es\/blog\/#website","url":"https:\/\/veredes.es\/blog\/","name":"veredes, arquitectura y divulgaci\u00f3n","description":"veredes","publisher":{"@id":"https:\/\/veredes.es\/blog\/#organization"},"alternateName":"veredes","potentialAction":[{"@type":"SearchAction","target":{"@type":"EntryPoint","urlTemplate":"https:\/\/veredes.es\/blog\/?s={search_term_string}"},"query-input":{"@type":"PropertyValueSpecification","valueRequired":true,"valueName":"search_term_string"}}],"inLanguage":"es"},{"@type":"Organization","@id":"https:\/\/veredes.es\/blog\/#organization","name":"veredes, arquitectura y divulgaci\u00f3n","alternateName":"veredes","url":"https:\/\/veredes.es\/blog\/","logo":{"@type":"ImageObject","inLanguage":"es","@id":"https:\/\/veredes.es\/blog\/#\/schema\/logo\/image\/","url":"https:\/\/veredes.es\/blog\/wp-content\/uploads\/2021\/12\/veredes-logo-centrado_140x54.png","contentUrl":"https:\/\/veredes.es\/blog\/wp-content\/uploads\/2021\/12\/veredes-logo-centrado_140x54.png","width":140,"height":54,"caption":"veredes, arquitectura y divulgaci\u00f3n"},"image":{"@id":"https:\/\/veredes.es\/blog\/#\/schema\/logo\/image\/"},"sameAs":["https:\/\/www.facebook.com\/veredesArquitecturayDivulgacion\/","https:\/\/x.com\/veredes","https:\/\/instagram.com\/veredes\/","https:\/\/www.linkedin.com\/company\/veredes-arquitectura-y-divulgacion\/","https:\/\/es.pinterest.com\/veredes\/","https:\/\/www.tumblr.com\/veredes"]},{"@type":"Person","@id":"https:\/\/veredes.es\/blog\/#\/schema\/person\/0ce4205b960745e79b3d6cd1dcce60b7","name":"Javier Garc\u00eda Librero","image":{"@type":"ImageObject","inLanguage":"es","@id":"https:\/\/veredes.es\/blog\/wp-content\/uploads\/2021\/03\/Javier-Garcia-Librero-96x96.jpg","url":"https:\/\/veredes.es\/blog\/wp-content\/uploads\/2021\/03\/Javier-Garcia-Librero-96x96.jpg","contentUrl":"https:\/\/veredes.es\/blog\/wp-content\/uploads\/2021\/03\/Javier-Garcia-Librero-96x96.jpg","caption":"Javier Garc\u00eda Librero"},"description":"Javier Garc\u00eda Librero es arquitecto y socio fundador de la empresa The Bloom Department. Su trayectoria profesional le ha permitido especializarse en comunicaci\u00f3n, marketing y ventas. Su experiencia como arquitecto se complementa con su pasi\u00f3n por la comunicaci\u00f3n ayudando a empresas a aumentar su reputaci\u00f3n, visibilidad y oportunidades de negocio. Ha colaborado con diferentes medios de comunicaci\u00f3n como ArchDaily, TC Cuadernos y Veredes.","sameAs":["http:\/\/javiergarcialibrero.com\/","https:\/\/www.facebook.com\/jgarcialibrero","https:\/\/www.instagram.com\/j_garcialibrero\/","https:\/\/www.linkedin.com\/in\/javiergarcialibrero\/","https:\/\/x.com\/https:\/\/twitter.com\/j_garcialibrero"],"url":"https:\/\/veredes.es\/blog\/author\/javier-garcia-librero\/"}]}},"_links":{"self":[{"href":"https:\/\/veredes.es\/blog\/wp-json\/wp\/v2\/posts\/99902","targetHints":{"allow":["GET"]}}],"collection":[{"href":"https:\/\/veredes.es\/blog\/wp-json\/wp\/v2\/posts"}],"about":[{"href":"https:\/\/veredes.es\/blog\/wp-json\/wp\/v2\/types\/post"}],"author":[{"embeddable":true,"href":"https:\/\/veredes.es\/blog\/wp-json\/wp\/v2\/users\/73"}],"replies":[{"embeddable":true,"href":"https:\/\/veredes.es\/blog\/wp-json\/wp\/v2\/comments?post=99902"}],"version-history":[{"count":0,"href":"https:\/\/veredes.es\/blog\/wp-json\/wp\/v2\/posts\/99902\/revisions"}],"wp:featuredmedia":[{"embeddable":true,"href":"https:\/\/veredes.es\/blog\/wp-json\/wp\/v2\/media\/99905"}],"wp:attachment":[{"href":"https:\/\/veredes.es\/blog\/wp-json\/wp\/v2\/media?parent=99902"}],"wp:term":[{"taxonomy":"category","embeddable":true,"href":"https:\/\/veredes.es\/blog\/wp-json\/wp\/v2\/categories?post=99902"},{"taxonomy":"post_tag","embeddable":true,"href":"https:\/\/veredes.es\/blog\/wp-json\/wp\/v2\/tags?post=99902"}],"curies":[{"name":"wp","href":"https:\/\/api.w.org\/{rel}","templated":true}]}}