{"id":99869,"date":"2024-09-23T00:01:20","date_gmt":"2024-09-22T22:01:20","guid":{"rendered":"https:\/\/veredes.es\/blog\/?p=99869"},"modified":"2024-10-28T16:58:45","modified_gmt":"2024-10-28T15:58:45","slug":"le-corbusier-y-todo-llega-al-mar-ii-oscar-tenreiro-degwitz","status":"publish","type":"post","link":"https:\/\/veredes.es\/blog\/le-corbusier-y-todo-llega-al-mar-ii-oscar-tenreiro-degwitz\/","title":{"rendered":"Le Corbusier y Todo llega al mar (II) | \u00d3scar Tenreiro Degwitz"},"content":{"rendered":"<figure id=\"attachment_99870\" aria-describedby=\"caption-attachment-99870\" style=\"width: 1593px\" class=\"wp-caption alignnone\"><img loading=\"lazy\" decoding=\"async\" class=\"size-full wp-image-99870\" src=\"https:\/\/veredes.es\/blog\/wp-content\/uploads\/2024\/09\/Le-Corbusier-y-Todo-llega-al-mar-II-Oscar-Tenreiro-Degwitz-le-corbusier.jpg\" alt=\"Le Corbusier y Todo llega al mar (II) \u00d3scar Tenreiro Degwitz le-corbusier\" width=\"1593\" height=\"991\" srcset=\"https:\/\/veredes.es\/blog\/wp-content\/uploads\/2024\/09\/Le-Corbusier-y-Todo-llega-al-mar-II-Oscar-Tenreiro-Degwitz-le-corbusier.jpg 1593w, https:\/\/veredes.es\/blog\/wp-content\/uploads\/2024\/09\/Le-Corbusier-y-Todo-llega-al-mar-II-Oscar-Tenreiro-Degwitz-le-corbusier-300x187.jpg 300w, https:\/\/veredes.es\/blog\/wp-content\/uploads\/2024\/09\/Le-Corbusier-y-Todo-llega-al-mar-II-Oscar-Tenreiro-Degwitz-le-corbusier-1024x637.jpg 1024w, https:\/\/veredes.es\/blog\/wp-content\/uploads\/2024\/09\/Le-Corbusier-y-Todo-llega-al-mar-II-Oscar-Tenreiro-Degwitz-le-corbusier-1536x956.jpg 1536w, https:\/\/veredes.es\/blog\/wp-content\/uploads\/2024\/09\/Le-Corbusier-y-Todo-llega-al-mar-II-Oscar-Tenreiro-Degwitz-le-corbusier-675x420.jpg 675w, https:\/\/veredes.es\/blog\/wp-content\/uploads\/2024\/09\/Le-Corbusier-y-Todo-llega-al-mar-II-Oscar-Tenreiro-Degwitz-le-corbusier-696x433.jpg 696w, https:\/\/veredes.es\/blog\/wp-content\/uploads\/2024\/09\/Le-Corbusier-y-Todo-llega-al-mar-II-Oscar-Tenreiro-Degwitz-le-corbusier-1068x664.jpg 1068w\" sizes=\"auto, (max-width: 1593px) 100vw, 1593px\" \/><figcaption id=\"caption-attachment-99870\" class=\"wp-caption-text\"><span style=\"color: #999999;\">Casa proyectada por Le Corbusier y the Heidi Weber, Z\u00fcrich, Switzerland \u00a9 Andrew Bossi | Fuente: <a style=\"color: #999999;\" href=\"https:\/\/es.wikipedia.org\/wiki\/Archivo:7293_-_Z%C3%BCrich_-_Le_Corbusier_-_Heidi_Weber_Museum.JPG\" target=\"_blank\" rel=\"noopener\">es.wikipedia.org<\/a><\/span><\/figcaption><\/figure>\n<p style=\"text-align: justify;\">A quienes leyeron en este blog hace tres semanas la primera parte de estas notas sobre Le Corbusier que cuentan las distintas incidencias que culminaron en su invitaci\u00f3n a Venezuela, les hago notar que en la carta que le dirig\u00ed le ped\u00eda un texto para \u00ablos j\u00f3venes\u00bb.<\/p>\n<blockquote class=\"wp-embedded-content\" data-secret=\"N5BkmuHwcj\"><p><a href=\"https:\/\/veredes.es\/blog\/le-corbusier-y-todo-llega-al-mar-i-oscar-tenreiro-degwitz\/\">Le Corbusier y Todo llega al mar (I) | \u00d3scar Tenreiro Degwitz<\/a><\/p><\/blockquote>\n<p><iframe loading=\"lazy\" class=\"wp-embedded-content\" sandbox=\"allow-scripts\" security=\"restricted\" style=\"position: absolute; visibility: hidden;\" title=\"\u00abLe Corbusier y Todo llega al mar (I) | \u00d3scar Tenreiro Degwitz\u00bb \u2014 veredes, arquitectura y divulgaci\u00f3n\" src=\"https:\/\/veredes.es\/blog\/le-corbusier-y-todo-llega-al-mar-i-oscar-tenreiro-degwitz\/embed\/#?secret=Fax65gBabL#?secret=N5BkmuHwcj\" data-secret=\"N5BkmuHwcj\" width=\"600\" height=\"338\" frameborder=\"0\" marginwidth=\"0\" marginheight=\"0\" scrolling=\"no\"><\/iframe><\/p>\n<p style=\"text-align: justify;\">Para situar ese pedido en el contexto de la carta de la cual guardo, por haberla escrito a mano s\u00f3lo una fotocopia, paso a traducirla:<\/p>\n<p style=\"padding-left: 40px; text-align: justify;\">Est\u00e1 fechada en Caracas el 19 de Junio de 1963, ayer hace exactamente cincuenta a\u00f1os.<\/p>\n<p style=\"padding-left: 40px; text-align: justify;\"><em>\u00abM. Le Corbusier, Par\u00eds<\/em><br \/>\n<em>Querido se\u00f1or: Me he decidido de nuevo a escribirle. No s\u00e9 incluso si usted lleg\u00f3 a leer mis dos cartas precedentes. Estaba yo en ese momento en Par\u00eds. Ahora regres\u00e9 a casa y trabajo en la Facultad de Arquitectura. Preparo un n\u00famero especial de una revista editada en la Facultad que ser\u00e1 dedicado a usted.<\/em><\/p>\n<p style=\"padding-left: 40px; text-align: justify;\"><em>Sabemos que durante su vida de trabajo ha dado usted mucha importancia a su comunicaci\u00f3n con la juventud, los estudiantes, los arquitectos j\u00f3venes. Sabemos tambi\u00e9n que su deseo no ha sido siempre seguido (de parte de su audiencia) por iniciativas efectivas que hayan permitido una aplicaci\u00f3n real de sus teor\u00edas. Es explicable entonces que su locuacidad de otros d\u00edas haya sido suplantada por una cierta desconfianza de la gente que quiere \u00abescucharlo\u00bb.<\/em><\/p>\n<p style=\"padding-left: 40px; text-align: justify;\"><em>Es por ello, que no sin temeridad (y duda) oso pedirle unas palabras que comenzando el n\u00famero puedan recordarnos a nosotros arquitectos y estudiantes de arquitectura venezolanos algunos de los principios fundamentales de su obra de arquitecto.<\/em><\/p>\n<p style=\"padding-left: 40px; text-align: justify;\"><em>A usted le gustar\u00eda saber por qu\u00e9 este deseo. Acabo de leer la carta que usted le envi\u00f3 al Grupo de Arquitectos Modernos de Johannesburg en Septiembre de 1936. Todas las cosas que usted dice en esa carta han significado para nosotros mensajes profundos sobre nuestra misi\u00f3n como arquitectos.<\/em><\/p>\n<p style=\"padding-left: 40px; text-align: justify;\"><em>Tuve entonces la idea de escribirle. Discut\u00ed la idea y recib\u00ed esta respuesta \u00abhay pocas probabilidades de que recibas una respuesta\u00bb. Incluso el se\u00f1or Tobito, uno de sus antiguos colaboradores, ha sido de la misma opini\u00f3n. Pero he insistido. Nuestro pa\u00eds es joven. Vivimos momentos muy dif\u00edciles y nuestra arquitectura es el reflejo de este estado cr\u00edtico. En nuestra Facultad no son siempre las voces claras las que son m\u00e1s escuchadas. Vuestro mensaje personal puede decirnos mucho y sobre todo estimularnos en este momento para penetrar m\u00e1s profundamente el sentido de su obra y a esforzarnos en la b\u00fasqueda de una verdad que usted ha seguido durante toda su vida.<\/em><\/p>\n<p style=\"padding-left: 40px; text-align: justify;\"><em>Espero que su voz vendr\u00e1 hacia nosotros. Estoy confiado. Am\u00e9rica del Sur es un continente joven y a pesar de nuestros graves problemas tenemos una gran esperanza de realizaci\u00f3n. Es a hombres como usted a los que nos dirigimos y de quienes esperamos la palabra y la gu\u00eda.<\/em><\/p>\n<p style=\"padding-left: 40px; text-align: justify;\"><em>Gracias.<\/em><br \/>\n<em>Oscar Tenreiro\u00bb<\/em><\/p>\n<figure id=\"attachment_99874\" aria-describedby=\"caption-attachment-99874\" style=\"width: 905px\" class=\"wp-caption alignnone\"><img loading=\"lazy\" decoding=\"async\" class=\"size-full wp-image-99874\" src=\"https:\/\/veredes.es\/blog\/wp-content\/uploads\/2024\/09\/Le-Corbusier-y-Todo-llega-al-mar-Carta-del-Grupo-a-Mariano-Picon-Salas.jpg\" alt=\"Le Corbusier y Todo llega al mar Carta del Grupo a Mariano Pic\u00f3n Salas.\" width=\"905\" height=\"1280\" srcset=\"https:\/\/veredes.es\/blog\/wp-content\/uploads\/2024\/09\/Le-Corbusier-y-Todo-llega-al-mar-Carta-del-Grupo-a-Mariano-Picon-Salas.jpg 905w, https:\/\/veredes.es\/blog\/wp-content\/uploads\/2024\/09\/Le-Corbusier-y-Todo-llega-al-mar-Carta-del-Grupo-a-Mariano-Picon-Salas-212x300.jpg 212w, https:\/\/veredes.es\/blog\/wp-content\/uploads\/2024\/09\/Le-Corbusier-y-Todo-llega-al-mar-Carta-del-Grupo-a-Mariano-Picon-Salas-724x1024.jpg 724w, https:\/\/veredes.es\/blog\/wp-content\/uploads\/2024\/09\/Le-Corbusier-y-Todo-llega-al-mar-Carta-del-Grupo-a-Mariano-Picon-Salas-297x420.jpg 297w, https:\/\/veredes.es\/blog\/wp-content\/uploads\/2024\/09\/Le-Corbusier-y-Todo-llega-al-mar-Carta-del-Grupo-a-Mariano-Picon-Salas-696x984.jpg 696w\" sizes=\"auto, (max-width: 905px) 100vw, 905px\" \/><figcaption id=\"caption-attachment-99874\" class=\"wp-caption-text\"><span style=\"color: #999999;\">Carta del Grupo a Mariano Pic\u00f3n Salas<\/span><\/figcaption><\/figure>\n<h5><strong>Le Corbusier en Venezuela y la invitaci\u00f3n que nunca se concret\u00f3<\/strong><\/h5>\n<p style=\"text-align: justify;\">Mencion\u00e9 que Mariano Pic\u00f3n Salas, para entonces (1963) Secretario de la Presidencia de la Rep\u00fablica, llevar\u00eda ante el alto gobierno la idea de invitar a Le Corbusier.<\/p>\n<p style=\"text-align: justify;\">Mi juventud<sup>1 <\/sup>(25 a\u00f1os) y mi falta de representatividad exig\u00edan sumar voluntades de personas conocidas dispuestas a sumarse a la iniciativa. Decid\u00ed entonces dirigirme a quienes pensaba, gracias a su trayectoria profesional y docente, que estar\u00edan de acuerdo en constituir un grupo promotor que presentar\u00eda formalmente la idea ante las autoridades.<\/p>\n<figure id=\"attachment_99873\" aria-describedby=\"caption-attachment-99873\" style=\"width: 971px\" class=\"wp-caption alignnone\"><img loading=\"lazy\" decoding=\"async\" class=\"size-full wp-image-99873\" src=\"https:\/\/veredes.es\/blog\/wp-content\/uploads\/2024\/09\/Le-Corbusier-y-Todo-llega-al-mar-Acta-de-Constitucion-del-Grupo-Promotor-de-la-invitacion.jpg\" alt=\"Le Corbusier y Todo llega al mar Acta de Constituci\u00f3n del Grupo Promotor de la invitaci\u00f3n\" width=\"971\" height=\"1280\" srcset=\"https:\/\/veredes.es\/blog\/wp-content\/uploads\/2024\/09\/Le-Corbusier-y-Todo-llega-al-mar-Acta-de-Constitucion-del-Grupo-Promotor-de-la-invitacion.jpg 971w, https:\/\/veredes.es\/blog\/wp-content\/uploads\/2024\/09\/Le-Corbusier-y-Todo-llega-al-mar-Acta-de-Constitucion-del-Grupo-Promotor-de-la-invitacion-228x300.jpg 228w, https:\/\/veredes.es\/blog\/wp-content\/uploads\/2024\/09\/Le-Corbusier-y-Todo-llega-al-mar-Acta-de-Constitucion-del-Grupo-Promotor-de-la-invitacion-777x1024.jpg 777w, https:\/\/veredes.es\/blog\/wp-content\/uploads\/2024\/09\/Le-Corbusier-y-Todo-llega-al-mar-Acta-de-Constitucion-del-Grupo-Promotor-de-la-invitacion-319x420.jpg 319w, https:\/\/veredes.es\/blog\/wp-content\/uploads\/2024\/09\/Le-Corbusier-y-Todo-llega-al-mar-Acta-de-Constitucion-del-Grupo-Promotor-de-la-invitacion-696x917.jpg 696w\" sizes=\"auto, (max-width: 971px) 100vw, 971px\" \/><figcaption id=\"caption-attachment-99873\" class=\"wp-caption-text\"><span style=\"color: #999999;\">Acta de Constituci\u00f3n del Grupo Promotor de la invitaci\u00f3n<\/span><\/figcaption><\/figure>\n<p style=\"text-align: justify;\">Era obvio que Villanueva ten\u00eda que ser figura principal del grupo, no s\u00f3lo porque su obra ten\u00eda ra\u00edces firmes en el legado de Le Corbusier, sino porque sus conexiones personales con \u00e9l garantizaban su adhesi\u00f3n. Lo hizo sin reserva alguna y de all\u00ed en adelante asumi\u00f3 una actitud clave en todo el proceso. Los dem\u00e1s fueron: Oscar Carpio, Decano encargado de nuestra Facultad; Juli\u00e1n Ferris, Presidente de la Sociedad Venezolana de Arquitectos y ex-Decano; Guido Berm\u00fadez Brice\u00f1o, Presidente de la Sociedad Bolivariana de Arquitectos; y Antonio Cruz Fern\u00e1ndez Director de la Oficina Municipal de Planeamiento Urbano del Distrito Federal. Con todos habl\u00e9 y en una primera reuni\u00f3n redactamos una carta dirigida a Pic\u00f3n Salas para pedir formalmente su intermediaci\u00f3n, la cual culmin\u00f3 en su sugerencia de orientar todo a trav\u00e9s de Alejandro Oropeza Castillo, Gobernador del Distrito Federal, mientras \u00e9l se compromet\u00eda a apoyar la idea desde su elevada posici\u00f3n.<\/p>\n<figure id=\"attachment_99875\" aria-describedby=\"caption-attachment-99875\" style=\"width: 896px\" class=\"wp-caption alignnone\"><img loading=\"lazy\" decoding=\"async\" class=\"size-full wp-image-99875\" src=\"https:\/\/veredes.es\/blog\/wp-content\/uploads\/2024\/09\/Le-Corbusier-y-Todo-llega-al-mar-Primera-pagina-de-la-semblanza-Memorando-que-el-Grupo-presento-a-las-autoridades.jpg\" alt=\"Le Corbusier y Todo llega al mar Primera p\u00e1gina de la \u00absemblanza\u00bb -Memorando que el Grupo present\u00f3 a las autoridades\" width=\"896\" height=\"1280\" srcset=\"https:\/\/veredes.es\/blog\/wp-content\/uploads\/2024\/09\/Le-Corbusier-y-Todo-llega-al-mar-Primera-pagina-de-la-semblanza-Memorando-que-el-Grupo-presento-a-las-autoridades.jpg 896w, https:\/\/veredes.es\/blog\/wp-content\/uploads\/2024\/09\/Le-Corbusier-y-Todo-llega-al-mar-Primera-pagina-de-la-semblanza-Memorando-que-el-Grupo-presento-a-las-autoridades-210x300.jpg 210w, https:\/\/veredes.es\/blog\/wp-content\/uploads\/2024\/09\/Le-Corbusier-y-Todo-llega-al-mar-Primera-pagina-de-la-semblanza-Memorando-que-el-Grupo-presento-a-las-autoridades-717x1024.jpg 717w, https:\/\/veredes.es\/blog\/wp-content\/uploads\/2024\/09\/Le-Corbusier-y-Todo-llega-al-mar-Primera-pagina-de-la-semblanza-Memorando-que-el-Grupo-presento-a-las-autoridades-294x420.jpg 294w, https:\/\/veredes.es\/blog\/wp-content\/uploads\/2024\/09\/Le-Corbusier-y-Todo-llega-al-mar-Primera-pagina-de-la-semblanza-Memorando-que-el-Grupo-presento-a-las-autoridades-696x994.jpg 696w\" sizes=\"auto, (max-width: 896px) 100vw, 896px\" \/><figcaption id=\"caption-attachment-99875\" class=\"wp-caption-text\"><span style=\"color: #999999;\">Primera p\u00e1gina de la \u00absemblanza\u00bb -Memorando que el Grupo present\u00f3 a las autoridades<\/span><\/figcaption><\/figure>\n<p style=\"text-align: justify;\">Hubo una segunda reuni\u00f3n celebrada en el Decanato de la Facultad donde acordamos convertirnos en un grupo promotor, seg\u00fan consta en un acta que Carpio hizo preparar ese mismo d\u00eda, el 20 de Septiembre. All\u00ed Cruz Fern\u00e1ndez propuso que se le encomendara a Le Corbusier el Proyecto del Conjunto Cultural de los Caobos, incluyendo el desarrollo del Teatro de \u00d3pera, propuesta que su despacho hab\u00eda incluido en el programa de obras para los 400 a\u00f1os de Caracas, el cual, como es habitual entre nosotros, nunca se ejecut\u00f3.<\/p>\n<figure id=\"attachment_99876\" aria-describedby=\"caption-attachment-99876\" style=\"width: 927px\" class=\"wp-caption alignnone\"><img loading=\"lazy\" decoding=\"async\" class=\"size-full wp-image-99876\" src=\"https:\/\/veredes.es\/blog\/wp-content\/uploads\/2024\/09\/Le-Corbusier-y-Todo-llega-al-mar-Carta-de-Villanueva-a-Le-Corbusier-invitandolo.jpg\" alt=\"Le Corbusier y Todo llega al mar Carta de Villanueva a Le Corbusier invit\u00e1ndolo\" width=\"927\" height=\"1280\" srcset=\"https:\/\/veredes.es\/blog\/wp-content\/uploads\/2024\/09\/Le-Corbusier-y-Todo-llega-al-mar-Carta-de-Villanueva-a-Le-Corbusier-invitandolo.jpg 927w, https:\/\/veredes.es\/blog\/wp-content\/uploads\/2024\/09\/Le-Corbusier-y-Todo-llega-al-mar-Carta-de-Villanueva-a-Le-Corbusier-invitandolo-217x300.jpg 217w, https:\/\/veredes.es\/blog\/wp-content\/uploads\/2024\/09\/Le-Corbusier-y-Todo-llega-al-mar-Carta-de-Villanueva-a-Le-Corbusier-invitandolo-742x1024.jpg 742w, https:\/\/veredes.es\/blog\/wp-content\/uploads\/2024\/09\/Le-Corbusier-y-Todo-llega-al-mar-Carta-de-Villanueva-a-Le-Corbusier-invitandolo-304x420.jpg 304w, https:\/\/veredes.es\/blog\/wp-content\/uploads\/2024\/09\/Le-Corbusier-y-Todo-llega-al-mar-Carta-de-Villanueva-a-Le-Corbusier-invitandolo-696x961.jpg 696w\" sizes=\"auto, (max-width: 927px) 100vw, 927px\" \/><figcaption id=\"caption-attachment-99876\" class=\"wp-caption-text\"><span style=\"color: #999999;\">Carta de Villanueva a Le Corbusier invit\u00e1ndolo<\/span><\/figcaption><\/figure>\n<p style=\"text-align: justify;\">En esa reuni\u00f3n se acord\u00f3 que Villanueva le escribiera de inmediato a Le Corbusier para consultarle la posibilidad de aceptaci\u00f3n a la invitaci\u00f3n. \u00c9l lo acept\u00f3 de muy buen grado y as\u00ed lo hizo en carta fechada el 27 de Septiembre. Ese mismo d\u00eda, estimulado por los contactos anteriores, tambi\u00e9n yo le escrib\u00ed de modo m\u00e1s informal (a mano y con unas cuantas tachaduras) ampliando el alcance de lo que se le ofrec\u00eda y extendi\u00e9ndome en otras consideraciones sobre el posible impacto de su visita. Y como yo ven\u00eda siendo de hecho algo as\u00ed como el secretario ejecutivo del grupo, me pidieron que preparara una semblanza de Le Corbusier que sirviera de fundamento a la audiencia con Oropeza Castillo.<\/p>\n<figure id=\"attachment_99877\" aria-describedby=\"caption-attachment-99877\" style=\"width: 943px\" class=\"wp-caption alignnone\"><img loading=\"lazy\" decoding=\"async\" class=\"size-full wp-image-99877\" src=\"https:\/\/veredes.es\/blog\/wp-content\/uploads\/2024\/09\/Le-Corbusier-y-Todo-llega-al-mar-Contestacion-de-Le-Corbusier-copia-enviada-por-este-a-Oscar-Tenreiro.jpg\" alt=\"Le Corbusier y Todo llega al mar Contestaci\u00f3n de Le Corbusier, copia enviada por \u00e9ste a Oscar Tenreiro\" width=\"943\" height=\"1280\" srcset=\"https:\/\/veredes.es\/blog\/wp-content\/uploads\/2024\/09\/Le-Corbusier-y-Todo-llega-al-mar-Contestacion-de-Le-Corbusier-copia-enviada-por-este-a-Oscar-Tenreiro.jpg 943w, https:\/\/veredes.es\/blog\/wp-content\/uploads\/2024\/09\/Le-Corbusier-y-Todo-llega-al-mar-Contestacion-de-Le-Corbusier-copia-enviada-por-este-a-Oscar-Tenreiro-221x300.jpg 221w, https:\/\/veredes.es\/blog\/wp-content\/uploads\/2024\/09\/Le-Corbusier-y-Todo-llega-al-mar-Contestacion-de-Le-Corbusier-copia-enviada-por-este-a-Oscar-Tenreiro-754x1024.jpg 754w, https:\/\/veredes.es\/blog\/wp-content\/uploads\/2024\/09\/Le-Corbusier-y-Todo-llega-al-mar-Contestacion-de-Le-Corbusier-copia-enviada-por-este-a-Oscar-Tenreiro-309x420.jpg 309w, https:\/\/veredes.es\/blog\/wp-content\/uploads\/2024\/09\/Le-Corbusier-y-Todo-llega-al-mar-Contestacion-de-Le-Corbusier-copia-enviada-por-este-a-Oscar-Tenreiro-696x945.jpg 696w\" sizes=\"auto, (max-width: 943px) 100vw, 943px\" \/><figcaption id=\"caption-attachment-99877\" class=\"wp-caption-text\"><span style=\"color: #999999;\">Contestaci\u00f3n de Le Corbusier, copia enviada por \u00e9ste a Oscar Tenreiro<\/span><\/figcaption><\/figure>\n<p style=\"text-align: justify;\">Nunca en mi vida he redactado algo de modo m\u00e1s r\u00e1pido. Llegu\u00e9 a mi casa y en unas tres horas ten\u00eda ya un peque\u00f1o documento de 2700 palabras sobre la trayectoria vital de Le Corbusier, que servir\u00eda como Memorando presentado para sustentar la iniciativa. Iba anexo a una carta dirigida al Gobernador fechada el primero de Octubre, quien nos recibi\u00f3 el d\u00eda 4 con particular amabilidad. Cuando nos desped\u00eda pronunci\u00f3 una frase que no he olvidado y que pese a que puede parecer un tanto convencional, de todos modos subraya su sensibilidad de hombre que era capaz de valorar la importancia de la propuesta: Caracas contar\u00eda, de hacerse realidad el plan, con\u00a0<em>una flor en el ojal<\/em>.<\/p>\n<figure id=\"attachment_99878\" aria-describedby=\"caption-attachment-99878\" style=\"width: 896px\" class=\"wp-caption alignnone\"><img loading=\"lazy\" decoding=\"async\" class=\"size-full wp-image-99878\" src=\"https:\/\/veredes.es\/blog\/wp-content\/uploads\/2024\/09\/Le-Corbusier-y-Todo-llega-al-mar-Carta-de-Le-Corbusier-a-Oscar-Tenreiro-enviando-copia-de-la-respuesta.jpg\" alt=\"Le Corbusier y Todo llega al mar Carta de Le Corbusier a Oscar Tenreiro enviando copia de la respuesta\" width=\"896\" height=\"1280\" srcset=\"https:\/\/veredes.es\/blog\/wp-content\/uploads\/2024\/09\/Le-Corbusier-y-Todo-llega-al-mar-Carta-de-Le-Corbusier-a-Oscar-Tenreiro-enviando-copia-de-la-respuesta.jpg 896w, https:\/\/veredes.es\/blog\/wp-content\/uploads\/2024\/09\/Le-Corbusier-y-Todo-llega-al-mar-Carta-de-Le-Corbusier-a-Oscar-Tenreiro-enviando-copia-de-la-respuesta-210x300.jpg 210w, https:\/\/veredes.es\/blog\/wp-content\/uploads\/2024\/09\/Le-Corbusier-y-Todo-llega-al-mar-Carta-de-Le-Corbusier-a-Oscar-Tenreiro-enviando-copia-de-la-respuesta-717x1024.jpg 717w, https:\/\/veredes.es\/blog\/wp-content\/uploads\/2024\/09\/Le-Corbusier-y-Todo-llega-al-mar-Carta-de-Le-Corbusier-a-Oscar-Tenreiro-enviando-copia-de-la-respuesta-294x420.jpg 294w, https:\/\/veredes.es\/blog\/wp-content\/uploads\/2024\/09\/Le-Corbusier-y-Todo-llega-al-mar-Carta-de-Le-Corbusier-a-Oscar-Tenreiro-enviando-copia-de-la-respuesta-696x994.jpg 696w\" sizes=\"auto, (max-width: 896px) 100vw, 896px\" \/><figcaption id=\"caption-attachment-99878\" class=\"wp-caption-text\"><span style=\"color: #999999;\">Carta de Le Corbusier a Oscar Tenreiro enviando copia de la respuesta<\/span><\/figcaption><\/figure>\n<p style=\"text-align: justify;\">Quedaba entonces solamente esperar la contestaci\u00f3n de Corbusier, que vino en carta del 14 de Octubre:<\/p>\n<p style=\"padding-left: 40px; text-align: justify;\"><em>Mi querido Villanueva:<br \/>\nGracias por su gentil carta del 27 de Septiembre de 1963.<br \/>\nUsted me pide ir a Caracas para llevar adelante grandes trabajos. L\u00e1stima, todo esto es imposible de ahora en adelante: mi m\u00e9dico me recomienda limitar mi trabajo y evitar las fatigas de algunos viajes. Es por ello que ustedes no podr\u00e1n verme en Caracas ni como visitante ni como arquitecto para nuevos proyectos.<br \/>\nRecib\u00ed una carta del Sr. Tenreiro, a quien le env\u00edo una copia de la carta que aqu\u00ed le env\u00edo.<br \/>\nRecib\u00ed igualmente una carta firmada por el Sr. Jorge Soto Nones y cuatro de sus amigos (Taller de Arquitectura Taliesin de La Floresta) conteniendo los art\u00edculos de prensa que anuncian mi visita.<br \/>\nPerd\u00f3neme por ser negativo. Sepa usted que tengo casi todos los d\u00edas en mi correo pedidos similares venidos de Europa, Am\u00e9rica y Asia que rechazo absolutamente. Tengo 76 a\u00f1os y debo tener cuidado.<br \/>\nAgradeci\u00e9ndole vivamente su gran simpat\u00eda, quiera usted aceptar, querido amigo, mis mejores sentimientos.<br \/>\nLe Corbusier<\/em><\/p>\n<figure id=\"attachment_99879\" aria-describedby=\"caption-attachment-99879\" style=\"width: 925px\" class=\"wp-caption alignnone\"><img loading=\"lazy\" decoding=\"async\" class=\"size-full wp-image-99879\" src=\"https:\/\/veredes.es\/blog\/wp-content\/uploads\/2024\/09\/Le-Corbusier-y-Todo-llega-al-mar-Carta-de-Villanueva-a-LC-sobre-su-respuesta.-Copia-obtenida-en-la-FLC.jpg\" alt=\"Le Corbusier y Todo llega al mar Carta de Villanueva a LC, sobre su respuesta. Copia obtenida en la FLC\" width=\"925\" height=\"1280\" srcset=\"https:\/\/veredes.es\/blog\/wp-content\/uploads\/2024\/09\/Le-Corbusier-y-Todo-llega-al-mar-Carta-de-Villanueva-a-LC-sobre-su-respuesta.-Copia-obtenida-en-la-FLC.jpg 925w, https:\/\/veredes.es\/blog\/wp-content\/uploads\/2024\/09\/Le-Corbusier-y-Todo-llega-al-mar-Carta-de-Villanueva-a-LC-sobre-su-respuesta.-Copia-obtenida-en-la-FLC-217x300.jpg 217w, https:\/\/veredes.es\/blog\/wp-content\/uploads\/2024\/09\/Le-Corbusier-y-Todo-llega-al-mar-Carta-de-Villanueva-a-LC-sobre-su-respuesta.-Copia-obtenida-en-la-FLC-740x1024.jpg 740w, https:\/\/veredes.es\/blog\/wp-content\/uploads\/2024\/09\/Le-Corbusier-y-Todo-llega-al-mar-Carta-de-Villanueva-a-LC-sobre-su-respuesta.-Copia-obtenida-en-la-FLC-304x420.jpg 304w, https:\/\/veredes.es\/blog\/wp-content\/uploads\/2024\/09\/Le-Corbusier-y-Todo-llega-al-mar-Carta-de-Villanueva-a-LC-sobre-su-respuesta.-Copia-obtenida-en-la-FLC-696x963.jpg 696w\" sizes=\"auto, (max-width: 925px) 100vw, 925px\" \/><figcaption id=\"caption-attachment-99879\" class=\"wp-caption-text\"><span style=\"color: #999999;\">Carta de Villanueva a LC, sobre su respuesta. Copia obtenida en la FLC<\/span><\/figcaption><\/figure>\n<p style=\"text-align: justify;\">Le Corbusier morir\u00eda menos de dos a\u00f1os despu\u00e9s, de un infarto mientras nadaba en el Mediterr\u00e1neo, algo que su m\u00e9dico tambi\u00e9n le hab\u00eda prohibido.<\/p>\n<figure id=\"attachment_99880\" aria-describedby=\"caption-attachment-99880\" style=\"width: 750px\" class=\"wp-caption alignnone\"><img loading=\"lazy\" decoding=\"async\" class=\"wp-image-99880\" src=\"https:\/\/veredes.es\/blog\/wp-content\/uploads\/2024\/09\/Le-Corbusier-y-Todo-llega-al-mar-Uno-de-los-recortes-de-prensa.-Fotocopias-obtenidas-por-Oscar-Tenreiro-en-la-FLC.jpg\" alt=\"Le Corbusier y Todo llega al mar Uno de los recortes de prensa. Fotocopias obtenidas por Oscar Tenreiro en la FLC\" width=\"750\" height=\"1582\" srcset=\"https:\/\/veredes.es\/blog\/wp-content\/uploads\/2024\/09\/Le-Corbusier-y-Todo-llega-al-mar-Uno-de-los-recortes-de-prensa.-Fotocopias-obtenidas-por-Oscar-Tenreiro-en-la-FLC.jpg 607w, https:\/\/veredes.es\/blog\/wp-content\/uploads\/2024\/09\/Le-Corbusier-y-Todo-llega-al-mar-Uno-de-los-recortes-de-prensa.-Fotocopias-obtenidas-por-Oscar-Tenreiro-en-la-FLC-142x300.jpg 142w, https:\/\/veredes.es\/blog\/wp-content\/uploads\/2024\/09\/Le-Corbusier-y-Todo-llega-al-mar-Uno-de-los-recortes-de-prensa.-Fotocopias-obtenidas-por-Oscar-Tenreiro-en-la-FLC-486x1024.jpg 486w, https:\/\/veredes.es\/blog\/wp-content\/uploads\/2024\/09\/Le-Corbusier-y-Todo-llega-al-mar-Uno-de-los-recortes-de-prensa.-Fotocopias-obtenidas-por-Oscar-Tenreiro-en-la-FLC-199x420.jpg 199w\" sizes=\"auto, (max-width: 750px) 100vw, 750px\" \/><figcaption id=\"caption-attachment-99880\" class=\"wp-caption-text\">Uno de los recortes de prensa. Fotocopias obtenidas por Oscar Tenreiro en la FLC<\/figcaption><\/figure>\n<h5 style=\"text-align: justify;\"><strong>La Respuesta de Le Corbusier. Un Decline y sus Consecuencias para Venezuela<\/strong><\/h5>\n<p style=\"text-align: justify;\">As\u00ed termin\u00f3 esta historia impulsada por la aureola de renovaci\u00f3n y apertura que suscitaba este arquitecto esencial. Siempre he pensado que fue un cap\u00edtulo que retrataba una Venezuela con deseos muy fuertes de abrirse al conocimiento y a una visi\u00f3n de universalidad que hoy parece oculta por una marea gruesa de consignas vac\u00edas e hipocres\u00eda.<\/p>\n<figure id=\"attachment_99881\" aria-describedby=\"caption-attachment-99881\" style=\"width: 888px\" class=\"wp-caption alignnone\"><img loading=\"lazy\" decoding=\"async\" class=\"size-full wp-image-99881\" src=\"https:\/\/veredes.es\/blog\/wp-content\/uploads\/2024\/09\/Le-Corbusier-y-Todo-llega-al-mar-Recorte-de-prensa-de-la-visita-del-Grupo-a-Picon-Salas.jpg\" alt=\"Le Corbusier y Todo llega al mar Recorte de prensa de la visita del Grupo a Pic\u00f3n Salas\" width=\"888\" height=\"1280\" srcset=\"https:\/\/veredes.es\/blog\/wp-content\/uploads\/2024\/09\/Le-Corbusier-y-Todo-llega-al-mar-Recorte-de-prensa-de-la-visita-del-Grupo-a-Picon-Salas.jpg 888w, https:\/\/veredes.es\/blog\/wp-content\/uploads\/2024\/09\/Le-Corbusier-y-Todo-llega-al-mar-Recorte-de-prensa-de-la-visita-del-Grupo-a-Picon-Salas-208x300.jpg 208w, https:\/\/veredes.es\/blog\/wp-content\/uploads\/2024\/09\/Le-Corbusier-y-Todo-llega-al-mar-Recorte-de-prensa-de-la-visita-del-Grupo-a-Picon-Salas-710x1024.jpg 710w, https:\/\/veredes.es\/blog\/wp-content\/uploads\/2024\/09\/Le-Corbusier-y-Todo-llega-al-mar-Recorte-de-prensa-de-la-visita-del-Grupo-a-Picon-Salas-291x420.jpg 291w, https:\/\/veredes.es\/blog\/wp-content\/uploads\/2024\/09\/Le-Corbusier-y-Todo-llega-al-mar-Recorte-de-prensa-de-la-visita-del-Grupo-a-Picon-Salas-696x1003.jpg 696w\" sizes=\"auto, (max-width: 888px) 100vw, 888px\" \/><figcaption id=\"caption-attachment-99881\" class=\"wp-caption-text\"><span style=\"color: #999999;\">Recorte de prensa de la visita del Grupo a Pic\u00f3n Salas<\/span><\/figcaption><\/figure>\n<p style=\"text-align: justify;\">Era la de entonces una sociedad que deseaba ver hacia adelante. Y quienes ten\u00edan responsabilidades unidas a una representatividad institucional, pese a sus errores y limitaciones que en un medio como el nuestro siempre agobian, hac\u00edan el esfuerzo por abrir espacio a los valores de la cultura, independientemente de su origen. Esa Venezuela debe ser recuperada.<\/p>\n<figure id=\"attachment_99871\" aria-describedby=\"caption-attachment-99871\" style=\"width: 1280px\" class=\"wp-caption alignnone\"><img loading=\"lazy\" decoding=\"async\" class=\"size-full wp-image-99871\" src=\"https:\/\/veredes.es\/blog\/wp-content\/uploads\/2024\/09\/Le-Corbusier-y-Todo-llega-al-mar-II-Oscar-Tenreiro-Degwitz-le-corbusier-2.jpg\" alt=\"Le Corbusier y Todo llega al mar (II) \u00d3scar Tenreiro Degwitz le-corbusier 2\" width=\"1280\" height=\"960\" srcset=\"https:\/\/veredes.es\/blog\/wp-content\/uploads\/2024\/09\/Le-Corbusier-y-Todo-llega-al-mar-II-Oscar-Tenreiro-Degwitz-le-corbusier-2.jpg 1280w, https:\/\/veredes.es\/blog\/wp-content\/uploads\/2024\/09\/Le-Corbusier-y-Todo-llega-al-mar-II-Oscar-Tenreiro-Degwitz-le-corbusier-2-300x225.jpg 300w, https:\/\/veredes.es\/blog\/wp-content\/uploads\/2024\/09\/Le-Corbusier-y-Todo-llega-al-mar-II-Oscar-Tenreiro-Degwitz-le-corbusier-2-1024x768.jpg 1024w, https:\/\/veredes.es\/blog\/wp-content\/uploads\/2024\/09\/Le-Corbusier-y-Todo-llega-al-mar-II-Oscar-Tenreiro-Degwitz-le-corbusier-2-560x420.jpg 560w, https:\/\/veredes.es\/blog\/wp-content\/uploads\/2024\/09\/Le-Corbusier-y-Todo-llega-al-mar-II-Oscar-Tenreiro-Degwitz-le-corbusier-2-80x60.jpg 80w, https:\/\/veredes.es\/blog\/wp-content\/uploads\/2024\/09\/Le-Corbusier-y-Todo-llega-al-mar-II-Oscar-Tenreiro-Degwitz-le-corbusier-2-696x522.jpg 696w, https:\/\/veredes.es\/blog\/wp-content\/uploads\/2024\/09\/Le-Corbusier-y-Todo-llega-al-mar-II-Oscar-Tenreiro-Degwitz-le-corbusier-2-1068x801.jpg 1068w\" sizes=\"auto, (max-width: 1280px) 100vw, 1280px\" \/><figcaption id=\"caption-attachment-99871\" class=\"wp-caption-text\"><\/span> <span style=\"color: #999999;\">Le Corbusier<\/span><\/figcaption><\/figure>\n<p>\u00d3scar Tenreiro Degwitz, arquitecto.<br \/>\nVenezuela, Junio 2013<\/p>\n<blockquote class=\"wp-embedded-content\" data-secret=\"t6ehY9zf1a\"><p><a href=\"https:\/\/veredes.es\/blog\/le-corbusier-y-todo-llega-al-mar-iii-oscar-tenreiro-degwitz\/\">Le Corbusier y Todo llega al mar (III) | \u00d3scar Tenreiro Degwitz<\/a><\/p><\/blockquote>\n<p><iframe loading=\"lazy\" class=\"wp-embedded-content\" sandbox=\"allow-scripts\" security=\"restricted\" style=\"position: absolute; visibility: hidden;\" title=\"\u00abLe Corbusier y Todo llega al mar (III) | \u00d3scar Tenreiro Degwitz\u00bb \u2014 veredes, arquitectura y divulgaci\u00f3n\" src=\"https:\/\/veredes.es\/blog\/le-corbusier-y-todo-llega-al-mar-iii-oscar-tenreiro-degwitz\/embed\/#?secret=pYoVdmf3xN#?secret=t6ehY9zf1a\" data-secret=\"t6ehY9zf1a\" width=\"600\" height=\"338\" frameborder=\"0\" marginwidth=\"0\" marginheight=\"0\" scrolling=\"no\"><\/iframe><\/p>\n<h6><strong>Notas:<\/strong><\/h6>\n<p style=\"text-align: justify;\"><sup>1 <\/sup>Son palabras marcadas por la juventud (23 a\u00f1os) y por una efusi\u00f3n acalorada que aunque hoy me hace ruborizar un poco, renueva en m\u00ed y aspiro que en otros, sentimientos que siguen vivos, entre los cuales el de una esperanza, vaga pero persistente, respecto a lo que podr\u00eda surgir en estas tierras con la arquitectura como instrumento. Un deseo que ha sido tan desacreditado por el relativismo y la visi\u00f3n esc\u00e9ptica de las olas posmodernistas que aunque luce apartado de los deseos de las nuevas generaciones, insistimos en se\u00f1alar. Hay tambi\u00e9n en esa carta un deseo de seducir al destinatario para vencer posibles resistencias surgidas de su historia personal. Las us\u00e9 en ese entonces como las usar\u00eda quien quiera ganar la voluntad de alguien muy establecido y por ello mismo distante, a quien reconoce sin embargo la entrega a un universo \u00e9tico en el que figura destacada la idea de que el conocimiento disciplinar es una suerte de sacerdocio. Si cuando ten\u00eda veintipocos a\u00f1os esa idea me fascinaba, debo decir que a los setentipocos me sigue fascinando, pese a las limitaciones, a los errores, a las desviaciones, a las inexactitudes, a los errores de juicio cometidos durante cincuenta a\u00f1os. Poco importa, hubiera dicho con seguridad el destinatario, hay que seguir el rumbo que uno se ha propuesto.<\/p>\n<p style=\"text-align: justify;\"><sup>2 <\/sup>Y como dec\u00eda al principio, en la carta de contestaci\u00f3n cuya reproducci\u00f3n ya publiqu\u00e9 en este blog y fue el punto de partida de las cosas que he narrado, hacia su parte final estaba el p\u00e1rrafo siguiente, referido al texto para los j\u00f3venes.<\/p>\n<p style=\"text-align: justify; padding-left: 40px;\"><em>\u00abPara el texto, le agradezco referirse al libro aparecido en franc\u00e9s, en las ediciones Vincent y Freal en Par\u00eds (4, rue des Beaux Arts) titulado: Le Corbusier-El Taller de la B\u00fasqueda Paciente\u00bb. All\u00ed encontrar\u00e1 en la\u00a0<strong>p\u00e1gina 21<\/strong> un texto que es el mensaje m\u00e1s objetivo que puedo yo dirigir a los j\u00f3venes. Usted podr\u00e1 traducirlo al espa\u00f1ol y eventualmente hacerlo preceder del dise\u00f1o de la\u00a0<strong>p\u00e1gina 20<\/strong>\u00a0en color y en negro.\u00bb<\/em><\/p>\n<p style=\"text-align: justify;\">Este es el texto:<\/p>\n<p style=\"text-align: justify; padding-left: 40px;\"><em>\u00abDe los trece a los diecisiete a\u00f1os. el buril de grabador de cajas de relojes en la mano; y tambi\u00e9n el martillo y cincel del orfebre\u2026<\/em><br \/>\n<em>A los diecisiete a\u00f1os y medio emprende la construcci\u00f3n de su primera obra (una casa con su equipamiento interno). Su maestro: L\u2019Eplattenier. Estudio de la naturaleza. El maestro es un pedagogo liberado y liberador: no es un profesional de la ense\u00f1anza.<\/em><br \/>\n<em>A los diecinueve a\u00f1os, Le Corbusier, con sus honorarios en el bolsillo parte a Italia \u00abpara ver\u00bb\u20261907 Budapest, Viena. Par\u00eds en el mes de Febrero de 1908. Gana su vida donde Auguste Perret (atacado entonces violentamente por sus colegas porque era contratista de sus propias obras: crimen de lesa arquitectura!). 1910, retiro a la monta\u00f1a para estudiar, en los libros, el c\u00e1lculo del concreto armado. 1910, Munich, despu\u00e9s Berl\u00edn. 1911, partida al Oriente -viaje de siete meses con su mochila en la espalda: Praga, Danubio, Serbia, Rumania, Bulgaria, Turqu\u00eda (Constantinopla), Asia menor. Veinti\u00fan d\u00edas en el monte Athos (pintura bizantina); Atenas, seis semanas en la Acr\u00f3polis. Las columnas de la fachada Norte y el arquitrabe del Parten\u00f3n estaban a\u00fan acostadas sobre el suelo. Con los dedos se toca, se acaricia, se aprecia el modelado de la obra. Estupefacci\u00f3n: la realidad no tiene nada en com\u00fan con los libros de ense\u00f1anza. Aqu\u00ed cada cosa es un grito de invenci\u00f3n una danza bajo el sol\u2026Grande, definitiva admonici\u00f3n: no hay que creer sino despu\u00e9s de haber visto y medido\u2026y tocado con el dedo!<\/em><\/p>\n<p style=\"text-align: justify;\">Tal fue la escuela de arquitectura de Le Corbusier. Ella le hab\u00eda proporcionado la ense\u00f1anza; le hab\u00eda abierto las puertas y las ventanas ante s\u00ed, o sobre el futuro.<\/p>\n<p style=\"text-align: justify;\">La vida que pas\u00f3 a trav\u00e9s de cincuenta y dos a\u00f1os de luchas, de derrotas, de amenazas, no afect\u00f3 la ingenuidad que hac\u00eda falta tener para ir delante de lo desconocido, no bloque\u00f3 la ruta que conduce a veces a la juventud de la edad\u2026a quedarse joven, a VOLVERSE joven.<br \/>\nYa en 1914, concepci\u00f3n de las \u00abCasas Dom-Ino\u00bb.<\/p>\n","protected":false},"excerpt":{"rendered":"<p>A quienes leyeron en este blog hace tres semanas la primera parte de estas notas sobre Le Corbusier que cuentan las distintas incidencias que culminaron en su invitaci\u00f3n a Venezuela, les hago notar que en la carta que le dirig\u00ed le ped\u00eda un texto para \u00ablos j\u00f3venes\u00bb. Le Corbusier y Todo llega al mar (I) [&hellip;]<\/p>\n","protected":false},"author":35,"featured_media":99871,"comment_status":"open","ping_status":"closed","sticky":false,"template":"","format":"standard","meta":{"footnotes":""},"categories":[5934,5951],"tags":[7089,147,17494,7103,5971,3733,5989,8746,13353,9781,605,668,13572,14349,1621,785,832,13571,898,4414,11762,977,2634,1820,1933,4982,10880,1286,12468],"class_list":{"0":"post-99869","1":"post","2":"type-post","3":"status-publish","4":"format-standard","5":"has-post-thumbnail","7":"category-articulos","8":"category-slider-principal","9":"tag-arquitectura-francesa","10":"tag-arquitectura-moderna","11":"tag-bernard-zehrfuss","12":"tag-carlos-raul-villanueva","13":"tag-charles-edouard-jeanneret","14":"tag-charlotte-perriand","15":"tag-ecole-de-beaux-arts","16":"tag-estilo-internacional","17":"tag-eugene-claudius-petit","18":"tag-fondation-le-corbusier","19":"tag-frank-lloyd-wright","20":"tag-historia","21":"tag-jose-r-oubrerie","22":"tag-julian-ferris","23":"tag-kenneth-frampton","24":"tag-le-corbusier","25":"tag-marcel-breuer","26":"tag-michel-w-kagan","27":"tag-movimiento-moderno","28":"tag-oriol-bohigas","29":"tag-oscar-tenreiro-degwitz","30":"tag-paisaje","31":"tag-pier-luigi-nervi","32":"tag-politica","33":"tag-politica-social","34":"tag-politicas-urbanas","35":"tag-revista-arts-architecture","36":"tag-territorio","37":"tag-urbanismo"},"yoast_head":"<!-- This site is optimized with the Yoast SEO plugin v27.4 - https:\/\/yoast.com\/product\/yoast-seo-wordpress\/ -->\n<title>Le Corbusier y Todo llega al mar (II) | \u00d3scar Tenreiro Degwitz - veredes<\/title>\n<meta name=\"description\" content=\"Toda la informaci\u00f3n sobre: Le Corbusier y Todo llega al mar (II) | \u00d3scar Tenreiro Degwitz\" \/>\n<meta name=\"robots\" content=\"index, follow, max-snippet:-1, max-image-preview:large, max-video-preview:-1\" \/>\n<link rel=\"canonical\" href=\"https:\/\/veredes.es\/blog\/le-corbusier-y-todo-llega-al-mar-ii-oscar-tenreiro-degwitz\/\" \/>\n<meta property=\"og:locale\" content=\"es_ES\" \/>\n<meta property=\"og:type\" content=\"article\" \/>\n<meta property=\"og:title\" content=\"Le Corbusier y Todo llega al mar (II) | \u00d3scar Tenreiro Degwitz - veredes\" \/>\n<meta property=\"og:description\" content=\"Toda la informaci\u00f3n sobre: Le Corbusier y Todo llega al mar (II) | \u00d3scar Tenreiro Degwitz\" \/>\n<meta property=\"og:url\" content=\"https:\/\/veredes.es\/blog\/le-corbusier-y-todo-llega-al-mar-ii-oscar-tenreiro-degwitz\/\" \/>\n<meta property=\"og:site_name\" content=\"veredes, arquitectura y divulgaci\u00f3n\" \/>\n<meta property=\"article:publisher\" content=\"https:\/\/www.facebook.com\/veredesArquitecturayDivulgacion\/\" \/>\n<meta property=\"article:published_time\" content=\"2024-09-22T22:01:20+00:00\" \/>\n<meta property=\"article:modified_time\" content=\"2024-10-28T15:58:45+00:00\" \/>\n<meta property=\"og:image\" content=\"https:\/\/veredes.es\/blog\/wp-content\/uploads\/2024\/09\/Le-Corbusier-y-Todo-llega-al-mar-II-Oscar-Tenreiro-Degwitz-le-corbusier-2.jpg\" \/>\n\t<meta property=\"og:image:width\" content=\"1280\" \/>\n\t<meta property=\"og:image:height\" content=\"960\" \/>\n\t<meta property=\"og:image:type\" content=\"image\/jpeg\" \/>\n<meta name=\"author\" content=\"\u00d3scar Tenreiro Degwitz\" \/>\n<meta name=\"twitter:card\" content=\"summary_large_image\" \/>\n<meta name=\"twitter:creator\" content=\"@veredes\" \/>\n<meta name=\"twitter:site\" content=\"@veredes\" \/>\n<meta name=\"twitter:label1\" content=\"Escrito por\" \/>\n\t<meta name=\"twitter:data1\" content=\"\u00d3scar Tenreiro Degwitz\" \/>\n\t<meta name=\"twitter:label2\" content=\"Tiempo de lectura\" \/>\n\t<meta name=\"twitter:data2\" content=\"13 minutos\" \/>\n<script type=\"application\/ld+json\" class=\"yoast-schema-graph\">{\"@context\":\"https:\\\/\\\/schema.org\",\"@graph\":[{\"@type\":\"Article\",\"@id\":\"https:\\\/\\\/veredes.es\\\/blog\\\/le-corbusier-y-todo-llega-al-mar-ii-oscar-tenreiro-degwitz\\\/#article\",\"isPartOf\":{\"@id\":\"https:\\\/\\\/veredes.es\\\/blog\\\/le-corbusier-y-todo-llega-al-mar-ii-oscar-tenreiro-degwitz\\\/\"},\"author\":{\"name\":\"\u00d3scar Tenreiro Degwitz\",\"@id\":\"https:\\\/\\\/veredes.es\\\/blog\\\/#\\\/schema\\\/person\\\/3612c3173c340910b53bc7a6a8816b19\"},\"headline\":\"Le Corbusier y Todo llega al mar (II) | \u00d3scar Tenreiro Degwitz\",\"datePublished\":\"2024-09-22T22:01:20+00:00\",\"dateModified\":\"2024-10-28T15:58:45+00:00\",\"mainEntityOfPage\":{\"@id\":\"https:\\\/\\\/veredes.es\\\/blog\\\/le-corbusier-y-todo-llega-al-mar-ii-oscar-tenreiro-degwitz\\\/\"},\"wordCount\":2395,\"commentCount\":0,\"publisher\":{\"@id\":\"https:\\\/\\\/veredes.es\\\/blog\\\/#organization\"},\"image\":{\"@id\":\"https:\\\/\\\/veredes.es\\\/blog\\\/le-corbusier-y-todo-llega-al-mar-ii-oscar-tenreiro-degwitz\\\/#primaryimage\"},\"thumbnailUrl\":\"https:\\\/\\\/veredes.es\\\/blog\\\/wp-content\\\/uploads\\\/2024\\\/09\\\/Le-Corbusier-y-Todo-llega-al-mar-II-Oscar-Tenreiro-Degwitz-le-corbusier-2.jpg\",\"keywords\":[\"arquitectura francesa\",\"arquitectura moderna\",\"Bernard Zehrfuss\",\"Carlos Ra\u00fal Villanueva\",\"Charles-\u00c9douard Jeanneret\",\"Charlotte Perriand\",\"ecole de beaux arts\",\"estilo internacional\",\"Eug\u00e8ne Claudius-Petit\",\"fondation Le Corbusier\",\"Frank Lloyd Wright\",\"historia\",\"Jos\u00e9 R. Oubrerie\",\"Juli\u00e1n Ferris\",\"Kenneth Frampton\",\"Le Corbusier\",\"Marcel Breuer\",\"Michel W. Kagan\",\"movimiento moderno\",\"Oriol Bohigas\",\"\u00d3scar Tenreiro Degwitz\",\"paisaje\",\"Pier Luigi Nervi\",\"pol\u00edtica\",\"pol\u00edtica social\",\"pol\u00edticas urbanas\",\"revista arts &amp; architecture\",\"territorio\",\"urbanismo\"],\"articleSection\":[\"art\u00edculos\",\"slider principal\"],\"inLanguage\":\"es\",\"potentialAction\":[{\"@type\":\"CommentAction\",\"name\":\"Comment\",\"target\":[\"https:\\\/\\\/veredes.es\\\/blog\\\/le-corbusier-y-todo-llega-al-mar-ii-oscar-tenreiro-degwitz\\\/#respond\"]}]},{\"@type\":\"WebPage\",\"@id\":\"https:\\\/\\\/veredes.es\\\/blog\\\/le-corbusier-y-todo-llega-al-mar-ii-oscar-tenreiro-degwitz\\\/\",\"url\":\"https:\\\/\\\/veredes.es\\\/blog\\\/le-corbusier-y-todo-llega-al-mar-ii-oscar-tenreiro-degwitz\\\/\",\"name\":\"Le Corbusier y Todo llega al mar (II) | \u00d3scar Tenreiro Degwitz - veredes\",\"isPartOf\":{\"@id\":\"https:\\\/\\\/veredes.es\\\/blog\\\/#website\"},\"primaryImageOfPage\":{\"@id\":\"https:\\\/\\\/veredes.es\\\/blog\\\/le-corbusier-y-todo-llega-al-mar-ii-oscar-tenreiro-degwitz\\\/#primaryimage\"},\"image\":{\"@id\":\"https:\\\/\\\/veredes.es\\\/blog\\\/le-corbusier-y-todo-llega-al-mar-ii-oscar-tenreiro-degwitz\\\/#primaryimage\"},\"thumbnailUrl\":\"https:\\\/\\\/veredes.es\\\/blog\\\/wp-content\\\/uploads\\\/2024\\\/09\\\/Le-Corbusier-y-Todo-llega-al-mar-II-Oscar-Tenreiro-Degwitz-le-corbusier-2.jpg\",\"datePublished\":\"2024-09-22T22:01:20+00:00\",\"dateModified\":\"2024-10-28T15:58:45+00:00\",\"description\":\"Toda la informaci\u00f3n sobre: Le Corbusier y Todo llega al mar (II) | \u00d3scar Tenreiro Degwitz\",\"breadcrumb\":{\"@id\":\"https:\\\/\\\/veredes.es\\\/blog\\\/le-corbusier-y-todo-llega-al-mar-ii-oscar-tenreiro-degwitz\\\/#breadcrumb\"},\"inLanguage\":\"es\",\"potentialAction\":[{\"@type\":\"ReadAction\",\"target\":[\"https:\\\/\\\/veredes.es\\\/blog\\\/le-corbusier-y-todo-llega-al-mar-ii-oscar-tenreiro-degwitz\\\/\"]}]},{\"@type\":\"ImageObject\",\"inLanguage\":\"es\",\"@id\":\"https:\\\/\\\/veredes.es\\\/blog\\\/le-corbusier-y-todo-llega-al-mar-ii-oscar-tenreiro-degwitz\\\/#primaryimage\",\"url\":\"https:\\\/\\\/veredes.es\\\/blog\\\/wp-content\\\/uploads\\\/2024\\\/09\\\/Le-Corbusier-y-Todo-llega-al-mar-II-Oscar-Tenreiro-Degwitz-le-corbusier-2.jpg\",\"contentUrl\":\"https:\\\/\\\/veredes.es\\\/blog\\\/wp-content\\\/uploads\\\/2024\\\/09\\\/Le-Corbusier-y-Todo-llega-al-mar-II-Oscar-Tenreiro-Degwitz-le-corbusier-2.jpg\",\"width\":1280,\"height\":960,\"caption\":\"Le Corbusier\"},{\"@type\":\"BreadcrumbList\",\"@id\":\"https:\\\/\\\/veredes.es\\\/blog\\\/le-corbusier-y-todo-llega-al-mar-ii-oscar-tenreiro-degwitz\\\/#breadcrumb\",\"itemListElement\":[{\"@type\":\"ListItem\",\"position\":1,\"name\":\"Portada\",\"item\":\"https:\\\/\\\/veredes.es\\\/blog\\\/\"},{\"@type\":\"ListItem\",\"position\":2,\"name\":\"Le Corbusier y Todo llega al mar (II) | \u00d3scar Tenreiro Degwitz\"}]},{\"@type\":\"WebSite\",\"@id\":\"https:\\\/\\\/veredes.es\\\/blog\\\/#website\",\"url\":\"https:\\\/\\\/veredes.es\\\/blog\\\/\",\"name\":\"veredes, arquitectura y divulgaci\u00f3n\",\"description\":\"veredes\",\"publisher\":{\"@id\":\"https:\\\/\\\/veredes.es\\\/blog\\\/#organization\"},\"alternateName\":\"veredes\",\"potentialAction\":[{\"@type\":\"SearchAction\",\"target\":{\"@type\":\"EntryPoint\",\"urlTemplate\":\"https:\\\/\\\/veredes.es\\\/blog\\\/?s={search_term_string}\"},\"query-input\":{\"@type\":\"PropertyValueSpecification\",\"valueRequired\":true,\"valueName\":\"search_term_string\"}}],\"inLanguage\":\"es\"},{\"@type\":\"Organization\",\"@id\":\"https:\\\/\\\/veredes.es\\\/blog\\\/#organization\",\"name\":\"veredes, arquitectura y divulgaci\u00f3n\",\"alternateName\":\"veredes\",\"url\":\"https:\\\/\\\/veredes.es\\\/blog\\\/\",\"logo\":{\"@type\":\"ImageObject\",\"inLanguage\":\"es\",\"@id\":\"https:\\\/\\\/veredes.es\\\/blog\\\/#\\\/schema\\\/logo\\\/image\\\/\",\"url\":\"https:\\\/\\\/veredes.es\\\/blog\\\/wp-content\\\/uploads\\\/2021\\\/12\\\/veredes-logo-centrado_140x54.png\",\"contentUrl\":\"https:\\\/\\\/veredes.es\\\/blog\\\/wp-content\\\/uploads\\\/2021\\\/12\\\/veredes-logo-centrado_140x54.png\",\"width\":140,\"height\":54,\"caption\":\"veredes, arquitectura y divulgaci\u00f3n\"},\"image\":{\"@id\":\"https:\\\/\\\/veredes.es\\\/blog\\\/#\\\/schema\\\/logo\\\/image\\\/\"},\"sameAs\":[\"https:\\\/\\\/www.facebook.com\\\/veredesArquitecturayDivulgacion\\\/\",\"https:\\\/\\\/x.com\\\/veredes\",\"https:\\\/\\\/instagram.com\\\/veredes\\\/\",\"https:\\\/\\\/www.linkedin.com\\\/company\\\/veredes-arquitectura-y-divulgacion\\\/\",\"https:\\\/\\\/es.pinterest.com\\\/veredes\\\/\",\"https:\\\/\\\/www.tumblr.com\\\/veredes\"]},{\"@type\":\"Person\",\"@id\":\"https:\\\/\\\/veredes.es\\\/blog\\\/#\\\/schema\\\/person\\\/3612c3173c340910b53bc7a6a8816b19\",\"name\":\"\u00d3scar Tenreiro Degwitz\",\"image\":{\"@type\":\"ImageObject\",\"inLanguage\":\"es\",\"@id\":\"https:\\\/\\\/veredes.es\\\/blog\\\/wp-content\\\/uploads\\\/2018\\\/04\\\/\u00d3scar-Tenreiro-Degwitz-96x96.jpg\",\"url\":\"https:\\\/\\\/veredes.es\\\/blog\\\/wp-content\\\/uploads\\\/2018\\\/04\\\/\u00d3scar-Tenreiro-Degwitz-96x96.jpg\",\"contentUrl\":\"https:\\\/\\\/veredes.es\\\/blog\\\/wp-content\\\/uploads\\\/2018\\\/04\\\/\u00d3scar-Tenreiro-Degwitz-96x96.jpg\",\"caption\":\"\u00d3scar Tenreiro Degwitz\"},\"description\":\"Es un arquitecto venezolano, nacido en 1939, Premio Nacional de Arquitectura de su pa\u00eds en 2002-2003, profesor de Dise\u00f1o Arquitect\u00f3nico por m\u00e1s de treinta a\u00f1os en la Universidad Central de Venezuela, quien paralelamente con su ejercicio ha mantenido ya por a\u00f1os presencia en la prensa de su pa\u00eds en un esfuerzo de comunicaci\u00f3n hacia la gente en general de los puntos de vista del arquitecto acerca de los m\u00e1s diversos temas, entre los cuales figuran los agudos problemas pol\u00edticos de una sociedad como la venezolana. Tenreiro practica as\u00ed lo que el llama el \u201cpensamiento desde y hacia la arquitectura\u201d, insistiendo en que lo hace como arquitecto en ejercicio, para escapar de los estereotipos y cautelas propios de la \u201ccr\u00edtica arquitect\u00f3nica\u201d. Respecto a la cual no oculta su desconfianza, que explica recurriendo al aforismo de Nietzsche sobre el cr\u00edtico de arte \u201cque ve el arte desde cerca sin llegar a tocarlo nunca\u201d.\",\"sameAs\":[\"https:\\\/\\\/oscartenreiro.com\\\/\"],\"url\":\"https:\\\/\\\/veredes.es\\\/blog\\\/author\\\/oscar-tenreiro-degwitz\\\/\"}]}<\/script>\n<!-- \/ Yoast SEO plugin. -->","yoast_head_json":{"title":"Le Corbusier y Todo llega al mar (II) | \u00d3scar Tenreiro Degwitz - veredes","description":"Toda la informaci\u00f3n sobre: Le Corbusier y Todo llega al mar (II) | \u00d3scar Tenreiro Degwitz","robots":{"index":"index","follow":"follow","max-snippet":"max-snippet:-1","max-image-preview":"max-image-preview:large","max-video-preview":"max-video-preview:-1"},"canonical":"https:\/\/veredes.es\/blog\/le-corbusier-y-todo-llega-al-mar-ii-oscar-tenreiro-degwitz\/","og_locale":"es_ES","og_type":"article","og_title":"Le Corbusier y Todo llega al mar (II) | \u00d3scar Tenreiro Degwitz - veredes","og_description":"Toda la informaci\u00f3n sobre: Le Corbusier y Todo llega al mar (II) | \u00d3scar Tenreiro Degwitz","og_url":"https:\/\/veredes.es\/blog\/le-corbusier-y-todo-llega-al-mar-ii-oscar-tenreiro-degwitz\/","og_site_name":"veredes, arquitectura y divulgaci\u00f3n","article_publisher":"https:\/\/www.facebook.com\/veredesArquitecturayDivulgacion\/","article_published_time":"2024-09-22T22:01:20+00:00","article_modified_time":"2024-10-28T15:58:45+00:00","og_image":[{"width":1280,"height":960,"url":"https:\/\/veredes.es\/blog\/wp-content\/uploads\/2024\/09\/Le-Corbusier-y-Todo-llega-al-mar-II-Oscar-Tenreiro-Degwitz-le-corbusier-2.jpg","type":"image\/jpeg"}],"author":"\u00d3scar Tenreiro Degwitz","twitter_card":"summary_large_image","twitter_creator":"@veredes","twitter_site":"@veredes","twitter_misc":{"Escrito por":"\u00d3scar Tenreiro Degwitz","Tiempo de lectura":"13 minutos"},"schema":{"@context":"https:\/\/schema.org","@graph":[{"@type":"Article","@id":"https:\/\/veredes.es\/blog\/le-corbusier-y-todo-llega-al-mar-ii-oscar-tenreiro-degwitz\/#article","isPartOf":{"@id":"https:\/\/veredes.es\/blog\/le-corbusier-y-todo-llega-al-mar-ii-oscar-tenreiro-degwitz\/"},"author":{"name":"\u00d3scar Tenreiro Degwitz","@id":"https:\/\/veredes.es\/blog\/#\/schema\/person\/3612c3173c340910b53bc7a6a8816b19"},"headline":"Le Corbusier y Todo llega al mar (II) | \u00d3scar Tenreiro Degwitz","datePublished":"2024-09-22T22:01:20+00:00","dateModified":"2024-10-28T15:58:45+00:00","mainEntityOfPage":{"@id":"https:\/\/veredes.es\/blog\/le-corbusier-y-todo-llega-al-mar-ii-oscar-tenreiro-degwitz\/"},"wordCount":2395,"commentCount":0,"publisher":{"@id":"https:\/\/veredes.es\/blog\/#organization"},"image":{"@id":"https:\/\/veredes.es\/blog\/le-corbusier-y-todo-llega-al-mar-ii-oscar-tenreiro-degwitz\/#primaryimage"},"thumbnailUrl":"https:\/\/veredes.es\/blog\/wp-content\/uploads\/2024\/09\/Le-Corbusier-y-Todo-llega-al-mar-II-Oscar-Tenreiro-Degwitz-le-corbusier-2.jpg","keywords":["arquitectura francesa","arquitectura moderna","Bernard Zehrfuss","Carlos Ra\u00fal Villanueva","Charles-\u00c9douard Jeanneret","Charlotte Perriand","ecole de beaux arts","estilo internacional","Eug\u00e8ne Claudius-Petit","fondation Le Corbusier","Frank Lloyd Wright","historia","Jos\u00e9 R. Oubrerie","Juli\u00e1n Ferris","Kenneth Frampton","Le Corbusier","Marcel Breuer","Michel W. Kagan","movimiento moderno","Oriol Bohigas","\u00d3scar Tenreiro Degwitz","paisaje","Pier Luigi Nervi","pol\u00edtica","pol\u00edtica social","pol\u00edticas urbanas","revista arts &amp; architecture","territorio","urbanismo"],"articleSection":["art\u00edculos","slider principal"],"inLanguage":"es","potentialAction":[{"@type":"CommentAction","name":"Comment","target":["https:\/\/veredes.es\/blog\/le-corbusier-y-todo-llega-al-mar-ii-oscar-tenreiro-degwitz\/#respond"]}]},{"@type":"WebPage","@id":"https:\/\/veredes.es\/blog\/le-corbusier-y-todo-llega-al-mar-ii-oscar-tenreiro-degwitz\/","url":"https:\/\/veredes.es\/blog\/le-corbusier-y-todo-llega-al-mar-ii-oscar-tenreiro-degwitz\/","name":"Le Corbusier y Todo llega al mar (II) | \u00d3scar Tenreiro Degwitz - veredes","isPartOf":{"@id":"https:\/\/veredes.es\/blog\/#website"},"primaryImageOfPage":{"@id":"https:\/\/veredes.es\/blog\/le-corbusier-y-todo-llega-al-mar-ii-oscar-tenreiro-degwitz\/#primaryimage"},"image":{"@id":"https:\/\/veredes.es\/blog\/le-corbusier-y-todo-llega-al-mar-ii-oscar-tenreiro-degwitz\/#primaryimage"},"thumbnailUrl":"https:\/\/veredes.es\/blog\/wp-content\/uploads\/2024\/09\/Le-Corbusier-y-Todo-llega-al-mar-II-Oscar-Tenreiro-Degwitz-le-corbusier-2.jpg","datePublished":"2024-09-22T22:01:20+00:00","dateModified":"2024-10-28T15:58:45+00:00","description":"Toda la informaci\u00f3n sobre: Le Corbusier y Todo llega al mar (II) | \u00d3scar Tenreiro Degwitz","breadcrumb":{"@id":"https:\/\/veredes.es\/blog\/le-corbusier-y-todo-llega-al-mar-ii-oscar-tenreiro-degwitz\/#breadcrumb"},"inLanguage":"es","potentialAction":[{"@type":"ReadAction","target":["https:\/\/veredes.es\/blog\/le-corbusier-y-todo-llega-al-mar-ii-oscar-tenreiro-degwitz\/"]}]},{"@type":"ImageObject","inLanguage":"es","@id":"https:\/\/veredes.es\/blog\/le-corbusier-y-todo-llega-al-mar-ii-oscar-tenreiro-degwitz\/#primaryimage","url":"https:\/\/veredes.es\/blog\/wp-content\/uploads\/2024\/09\/Le-Corbusier-y-Todo-llega-al-mar-II-Oscar-Tenreiro-Degwitz-le-corbusier-2.jpg","contentUrl":"https:\/\/veredes.es\/blog\/wp-content\/uploads\/2024\/09\/Le-Corbusier-y-Todo-llega-al-mar-II-Oscar-Tenreiro-Degwitz-le-corbusier-2.jpg","width":1280,"height":960,"caption":"Le Corbusier"},{"@type":"BreadcrumbList","@id":"https:\/\/veredes.es\/blog\/le-corbusier-y-todo-llega-al-mar-ii-oscar-tenreiro-degwitz\/#breadcrumb","itemListElement":[{"@type":"ListItem","position":1,"name":"Portada","item":"https:\/\/veredes.es\/blog\/"},{"@type":"ListItem","position":2,"name":"Le Corbusier y Todo llega al mar (II) | \u00d3scar Tenreiro Degwitz"}]},{"@type":"WebSite","@id":"https:\/\/veredes.es\/blog\/#website","url":"https:\/\/veredes.es\/blog\/","name":"veredes, arquitectura y divulgaci\u00f3n","description":"veredes","publisher":{"@id":"https:\/\/veredes.es\/blog\/#organization"},"alternateName":"veredes","potentialAction":[{"@type":"SearchAction","target":{"@type":"EntryPoint","urlTemplate":"https:\/\/veredes.es\/blog\/?s={search_term_string}"},"query-input":{"@type":"PropertyValueSpecification","valueRequired":true,"valueName":"search_term_string"}}],"inLanguage":"es"},{"@type":"Organization","@id":"https:\/\/veredes.es\/blog\/#organization","name":"veredes, arquitectura y divulgaci\u00f3n","alternateName":"veredes","url":"https:\/\/veredes.es\/blog\/","logo":{"@type":"ImageObject","inLanguage":"es","@id":"https:\/\/veredes.es\/blog\/#\/schema\/logo\/image\/","url":"https:\/\/veredes.es\/blog\/wp-content\/uploads\/2021\/12\/veredes-logo-centrado_140x54.png","contentUrl":"https:\/\/veredes.es\/blog\/wp-content\/uploads\/2021\/12\/veredes-logo-centrado_140x54.png","width":140,"height":54,"caption":"veredes, arquitectura y divulgaci\u00f3n"},"image":{"@id":"https:\/\/veredes.es\/blog\/#\/schema\/logo\/image\/"},"sameAs":["https:\/\/www.facebook.com\/veredesArquitecturayDivulgacion\/","https:\/\/x.com\/veredes","https:\/\/instagram.com\/veredes\/","https:\/\/www.linkedin.com\/company\/veredes-arquitectura-y-divulgacion\/","https:\/\/es.pinterest.com\/veredes\/","https:\/\/www.tumblr.com\/veredes"]},{"@type":"Person","@id":"https:\/\/veredes.es\/blog\/#\/schema\/person\/3612c3173c340910b53bc7a6a8816b19","name":"\u00d3scar Tenreiro Degwitz","image":{"@type":"ImageObject","inLanguage":"es","@id":"https:\/\/veredes.es\/blog\/wp-content\/uploads\/2018\/04\/\u00d3scar-Tenreiro-Degwitz-96x96.jpg","url":"https:\/\/veredes.es\/blog\/wp-content\/uploads\/2018\/04\/\u00d3scar-Tenreiro-Degwitz-96x96.jpg","contentUrl":"https:\/\/veredes.es\/blog\/wp-content\/uploads\/2018\/04\/\u00d3scar-Tenreiro-Degwitz-96x96.jpg","caption":"\u00d3scar Tenreiro Degwitz"},"description":"Es un arquitecto venezolano, nacido en 1939, Premio Nacional de Arquitectura de su pa\u00eds en 2002-2003, profesor de Dise\u00f1o Arquitect\u00f3nico por m\u00e1s de treinta a\u00f1os en la Universidad Central de Venezuela, quien paralelamente con su ejercicio ha mantenido ya por a\u00f1os presencia en la prensa de su pa\u00eds en un esfuerzo de comunicaci\u00f3n hacia la gente en general de los puntos de vista del arquitecto acerca de los m\u00e1s diversos temas, entre los cuales figuran los agudos problemas pol\u00edticos de una sociedad como la venezolana. Tenreiro practica as\u00ed lo que el llama el \u201cpensamiento desde y hacia la arquitectura\u201d, insistiendo en que lo hace como arquitecto en ejercicio, para escapar de los estereotipos y cautelas propios de la \u201ccr\u00edtica arquitect\u00f3nica\u201d. Respecto a la cual no oculta su desconfianza, que explica recurriendo al aforismo de Nietzsche sobre el cr\u00edtico de arte \u201cque ve el arte desde cerca sin llegar a tocarlo nunca\u201d.","sameAs":["https:\/\/oscartenreiro.com\/"],"url":"https:\/\/veredes.es\/blog\/author\/oscar-tenreiro-degwitz\/"}]}},"_links":{"self":[{"href":"https:\/\/veredes.es\/blog\/wp-json\/wp\/v2\/posts\/99869","targetHints":{"allow":["GET"]}}],"collection":[{"href":"https:\/\/veredes.es\/blog\/wp-json\/wp\/v2\/posts"}],"about":[{"href":"https:\/\/veredes.es\/blog\/wp-json\/wp\/v2\/types\/post"}],"author":[{"embeddable":true,"href":"https:\/\/veredes.es\/blog\/wp-json\/wp\/v2\/users\/35"}],"replies":[{"embeddable":true,"href":"https:\/\/veredes.es\/blog\/wp-json\/wp\/v2\/comments?post=99869"}],"version-history":[{"count":0,"href":"https:\/\/veredes.es\/blog\/wp-json\/wp\/v2\/posts\/99869\/revisions"}],"wp:featuredmedia":[{"embeddable":true,"href":"https:\/\/veredes.es\/blog\/wp-json\/wp\/v2\/media\/99871"}],"wp:attachment":[{"href":"https:\/\/veredes.es\/blog\/wp-json\/wp\/v2\/media?parent=99869"}],"wp:term":[{"taxonomy":"category","embeddable":true,"href":"https:\/\/veredes.es\/blog\/wp-json\/wp\/v2\/categories?post=99869"},{"taxonomy":"post_tag","embeddable":true,"href":"https:\/\/veredes.es\/blog\/wp-json\/wp\/v2\/tags?post=99869"}],"curies":[{"name":"wp","href":"https:\/\/api.w.org\/{rel}","templated":true}]}}