{"id":99589,"date":"2024-09-10T00:01:27","date_gmt":"2024-09-09T22:01:27","guid":{"rendered":"https:\/\/veredes.es\/blog\/?p=99589"},"modified":"2024-09-03T19:39:03","modified_gmt":"2024-09-03T17:39:03","slug":"felix-candela-from-mexico-city-to-chicago","status":"publish","type":"post","link":"https:\/\/veredes.es\/blog\/felix-candela-from-mexico-city-to-chicago\/","title":{"rendered":"Felix Candela From Mexico City to Chicago"},"content":{"rendered":"<figure id=\"attachment_99592\" aria-describedby=\"caption-attachment-99592\" style=\"width: 1600px\" class=\"wp-caption alignnone\"><img loading=\"lazy\" decoding=\"async\" class=\"size-full wp-image-99592\" src=\"https:\/\/veredes.es\/blog\/wp-content\/uploads\/2024\/09\/Felix-Candela-From-Mexico-City-to-Chicago-Alexander-Eisenschmidt.jpg\" alt=\"Felix Candela From Mexico City to Chicago Alexander Eisenschmidt\" width=\"1600\" height=\"1923\" srcset=\"https:\/\/veredes.es\/blog\/wp-content\/uploads\/2024\/09\/Felix-Candela-From-Mexico-City-to-Chicago-Alexander-Eisenschmidt.jpg 1600w, https:\/\/veredes.es\/blog\/wp-content\/uploads\/2024\/09\/Felix-Candela-From-Mexico-City-to-Chicago-Alexander-Eisenschmidt-250x300.jpg 250w, https:\/\/veredes.es\/blog\/wp-content\/uploads\/2024\/09\/Felix-Candela-From-Mexico-City-to-Chicago-Alexander-Eisenschmidt-852x1024.jpg 852w, https:\/\/veredes.es\/blog\/wp-content\/uploads\/2024\/09\/Felix-Candela-From-Mexico-City-to-Chicago-Alexander-Eisenschmidt-1278x1536.jpg 1278w, https:\/\/veredes.es\/blog\/wp-content\/uploads\/2024\/09\/Felix-Candela-From-Mexico-City-to-Chicago-Alexander-Eisenschmidt-349x420.jpg 349w, https:\/\/veredes.es\/blog\/wp-content\/uploads\/2024\/09\/Felix-Candela-From-Mexico-City-to-Chicago-Alexander-Eisenschmidt-696x837.jpg 696w, https:\/\/veredes.es\/blog\/wp-content\/uploads\/2024\/09\/Felix-Candela-From-Mexico-City-to-Chicago-Alexander-Eisenschmidt-1068x1284.jpg 1068w\" sizes=\"auto, (max-width: 1600px) 100vw, 1600px\" \/><figcaption id=\"caption-attachment-99592\" class=\"wp-caption-text\"><span style=\"color: #999999;\">Felix Candela From Mexico City to Chicago | Alexander Eisenschmidt<\/span><\/figcaption><\/figure>\n<h5><strong>Ascenso y ca\u00edda de la experimentaci\u00f3n en hormig\u00f3n<\/strong><\/h5>\n<p style=\"text-align: justify;\">La mudanza de Candela de la Ciudad de M\u00e9xico a Chicago, a pesar de su \u00e9xito profesional, es un aspecto que rara vez se discute. <a href=\"https:\/\/amzn.to\/3McdFBA\" target=\"_blank\" rel=\"noopener\">Este libro<\/a> investiga las condiciones pol\u00edticas y econ\u00f3micas que influyeron en su obra y motivaron su partida, ofreciendo una comprensi\u00f3n m\u00e1s matizada de sus aportes a la arquitectura de mediados del siglo XX.<\/p>\n<p style=\"text-align: justify;\">A diferencia de la literatura existente, este texto examina el trabajo de Candela tanto en M\u00e9xico como en Estados Unidos, resaltando su papel como un arquitecto que molde\u00f3 nuevos espacios arquitect\u00f3nicos con curvas suaves y concreto \u00e1spero.<\/p>\n<figure id=\"attachment_99593\" aria-describedby=\"caption-attachment-99593\" style=\"width: 2560px\" class=\"wp-caption alignnone\"><img loading=\"lazy\" decoding=\"async\" class=\"size-full wp-image-99593\" src=\"https:\/\/veredes.es\/blog\/wp-content\/uploads\/2024\/09\/Felix-Candela-From-Mexico-City-to-Chicago-Alexander-Eisenschmidt-2-scaled.jpg\" alt=\"Felix Candela From Mexico City to Chicago Alexander Eisenschmidt\" width=\"2560\" height=\"2560\" srcset=\"https:\/\/veredes.es\/blog\/wp-content\/uploads\/2024\/09\/Felix-Candela-From-Mexico-City-to-Chicago-Alexander-Eisenschmidt-2-scaled.jpg 2560w, https:\/\/veredes.es\/blog\/wp-content\/uploads\/2024\/09\/Felix-Candela-From-Mexico-City-to-Chicago-Alexander-Eisenschmidt-2-300x300.jpg 300w, https:\/\/veredes.es\/blog\/wp-content\/uploads\/2024\/09\/Felix-Candela-From-Mexico-City-to-Chicago-Alexander-Eisenschmidt-2-1024x1024.jpg 1024w, https:\/\/veredes.es\/blog\/wp-content\/uploads\/2024\/09\/Felix-Candela-From-Mexico-City-to-Chicago-Alexander-Eisenschmidt-2-120x120.jpg 120w, https:\/\/veredes.es\/blog\/wp-content\/uploads\/2024\/09\/Felix-Candela-From-Mexico-City-to-Chicago-Alexander-Eisenschmidt-2-1536x1536.jpg 1536w, https:\/\/veredes.es\/blog\/wp-content\/uploads\/2024\/09\/Felix-Candela-From-Mexico-City-to-Chicago-Alexander-Eisenschmidt-2-2048x2048.jpg 2048w, https:\/\/veredes.es\/blog\/wp-content\/uploads\/2024\/09\/Felix-Candela-From-Mexico-City-to-Chicago-Alexander-Eisenschmidt-2-420x420.jpg 420w, https:\/\/veredes.es\/blog\/wp-content\/uploads\/2024\/09\/Felix-Candela-From-Mexico-City-to-Chicago-Alexander-Eisenschmidt-2-696x696.jpg 696w, https:\/\/veredes.es\/blog\/wp-content\/uploads\/2024\/09\/Felix-Candela-From-Mexico-City-to-Chicago-Alexander-Eisenschmidt-2-1068x1068.jpg 1068w, https:\/\/veredes.es\/blog\/wp-content\/uploads\/2024\/09\/Felix-Candela-From-Mexico-City-to-Chicago-Alexander-Eisenschmidt-2-1920x1920.jpg 1920w\" sizes=\"auto, (max-width: 2560px) 100vw, 2560px\" \/><figcaption id=\"caption-attachment-99593\" class=\"wp-caption-text\"><span style=\"color: #999999;\">Felix Candela From Mexico City to Chicago | Alexander Eisenschmidt<\/span><\/figcaption><\/figure>\n<p style=\"text-align: justify;\">Combinando investigaci\u00f3n hist\u00f3rica, historias orales, teor\u00edas contempor\u00e1neas, fotograf\u00edas de construcci\u00f3n, ensayos, entrevistas y traducciones de los escritos de Candela, este libro revela su posici\u00f3n \u00fanica en la arquitectura latinoamericana y estadounidense.<\/p>\n<p style=\"text-align: justify;\">Explora las condiciones en ambos pa\u00edses, como los bajos salarios en M\u00e9xico y la madera barata que fomentaron la experimentaci\u00f3n con el concreto en la d\u00e9cada de 1950, y c\u00f3mo las manifestaciones estudiantiles de 1968 en la Ciudad de M\u00e9xico y el legado arquitect\u00f3nico de Chicago influyeron en Candela.<\/p>\n<figure id=\"attachment_99594\" aria-describedby=\"caption-attachment-99594\" style=\"width: 2560px\" class=\"wp-caption alignnone\"><img loading=\"lazy\" decoding=\"async\" class=\"size-full wp-image-99594\" src=\"https:\/\/veredes.es\/blog\/wp-content\/uploads\/2024\/09\/Felix-Candela-From-Mexico-City-to-Chicago-Alexander-Eisenschmidt-1-scaled.jpg\" alt=\"Felix Candela From Mexico City to Chicago Alexander Eisenschmidt\" width=\"2560\" height=\"2560\" srcset=\"https:\/\/veredes.es\/blog\/wp-content\/uploads\/2024\/09\/Felix-Candela-From-Mexico-City-to-Chicago-Alexander-Eisenschmidt-1-scaled.jpg 2560w, https:\/\/veredes.es\/blog\/wp-content\/uploads\/2024\/09\/Felix-Candela-From-Mexico-City-to-Chicago-Alexander-Eisenschmidt-1-300x300.jpg 300w, https:\/\/veredes.es\/blog\/wp-content\/uploads\/2024\/09\/Felix-Candela-From-Mexico-City-to-Chicago-Alexander-Eisenschmidt-1-1024x1024.jpg 1024w, https:\/\/veredes.es\/blog\/wp-content\/uploads\/2024\/09\/Felix-Candela-From-Mexico-City-to-Chicago-Alexander-Eisenschmidt-1-120x120.jpg 120w, https:\/\/veredes.es\/blog\/wp-content\/uploads\/2024\/09\/Felix-Candela-From-Mexico-City-to-Chicago-Alexander-Eisenschmidt-1-1536x1536.jpg 1536w, https:\/\/veredes.es\/blog\/wp-content\/uploads\/2024\/09\/Felix-Candela-From-Mexico-City-to-Chicago-Alexander-Eisenschmidt-1-2048x2048.jpg 2048w, https:\/\/veredes.es\/blog\/wp-content\/uploads\/2024\/09\/Felix-Candela-From-Mexico-City-to-Chicago-Alexander-Eisenschmidt-1-420x420.jpg 420w, https:\/\/veredes.es\/blog\/wp-content\/uploads\/2024\/09\/Felix-Candela-From-Mexico-City-to-Chicago-Alexander-Eisenschmidt-1-696x696.jpg 696w, https:\/\/veredes.es\/blog\/wp-content\/uploads\/2024\/09\/Felix-Candela-From-Mexico-City-to-Chicago-Alexander-Eisenschmidt-1-1068x1068.jpg 1068w, https:\/\/veredes.es\/blog\/wp-content\/uploads\/2024\/09\/Felix-Candela-From-Mexico-City-to-Chicago-Alexander-Eisenschmidt-1-1920x1920.jpg 1920w\" sizes=\"auto, (max-width: 2560px) 100vw, 2560px\" \/><figcaption id=\"caption-attachment-99594\" class=\"wp-caption-text\"><span style=\"color: #999999;\">Felix Candela From Mexico City to Chicago | Alexander Eisenschmidt<\/span><\/figcaption><\/figure>\n<p style=\"text-align: justify;\">El libro tambi\u00e9n profundiza en el \u00abper\u00edodo de Chicago\u00bb de Candela a trav\u00e9s de ensayos basados en investigaciones de archivo y entrevistas con sus colegas y estudiantes en la Universidad de Illinois en Chicago, presentando nuevos hallazgos que iluminan los complejos factores que moldearon su trabajo durante la d\u00e9cada de 1970.<\/p>\n<h6 style=\"text-align: justify;\"><strong>Con contribuciones de:<\/strong><\/h6>\n<p style=\"text-align: justify;\">Alexander Eisenschmidt, Juan Ignacio del Cueto, Nader Tehrani, Kathryn O\u2019Rourke, Jonathan Miller, George F. Flaherty, Stuart Cohen, Geoff Goldberg, Ero Aggelopoulou-Amiridis, William Baker, Bob Bruegmann, Elisa Mar\u00eda Teresa Drago Quaglia, Stanley Tigerman (en el orden de aparici\u00f3n).<\/p>\n","protected":false},"excerpt":{"rendered":"<p>Ascenso y ca\u00edda de la experimentaci\u00f3n en hormig\u00f3n La mudanza de Candela de la Ciudad de M\u00e9xico a Chicago, a pesar de su \u00e9xito profesional, es un aspecto que rara vez se discute. Este libro investiga las condiciones pol\u00edticas y econ\u00f3micas que influyeron en su obra y motivaron su partida, ofreciendo una comprensi\u00f3n m\u00e1s matizada [&hellip;]<\/p>\n","protected":false},"author":2,"featured_media":99592,"comment_status":"open","ping_status":"closed","sticky":false,"template":"","format":"standard","meta":{"footnotes":""},"categories":[794,26],"tags":[17657,114,6572,6734,17666,1798,9121,2779,17667,17664,570,17663,17661,17660,17658,17659,12205,859,4657,1120,17668,17662,17665],"class_list":{"0":"post-99589","1":"post","2":"type-post","3":"status-publish","4":"format-standard","5":"has-post-thumbnail","7":"category-libros","8":"category-publicaciones","9":"tag-alexander-eisenschmidt","10":"tag-anos-50","11":"tag-anos-70","12":"tag-arquitectura-mexicana","13":"tag-bob-bruegmann","14":"tag-chicago","15":"tag-ciudad-de-mexico","16":"tag-editorial-actar","17":"tag-elisa-maria-teresa-drago-quaglia","18":"tag-ero-aggelopoulou-amiridis","19":"tag-felix-candela","20":"tag-geoff-goldberg","21":"tag-george-f-flaherty","22":"tag-jonathan-miller","23":"tag-juan-ignacio-del-cueto","24":"tag-kathryn-orourke","25":"tag-libro","26":"tag-mexico","27":"tag-nader-tehrani","28":"tag-publicacion","29":"tag-stanley-tigerman","30":"tag-stuart-cohen","31":"tag-william-baker"},"yoast_head":"<!-- This site is optimized with the Yoast SEO plugin v27.4 - https:\/\/yoast.com\/product\/yoast-seo-wordpress\/ -->\n<title>Felix Candela From Mexico City to Chicago - veredes<\/title>\n<meta name=\"description\" content=\"Toda la informaci\u00f3n sobre: Felix Candela From Mexico City to Chicago\" \/>\n<meta name=\"robots\" content=\"index, follow, max-snippet:-1, max-image-preview:large, max-video-preview:-1\" \/>\n<link rel=\"canonical\" href=\"https:\/\/veredes.es\/blog\/felix-candela-from-mexico-city-to-chicago\/\" \/>\n<meta property=\"og:locale\" content=\"es_ES\" \/>\n<meta property=\"og:type\" content=\"article\" \/>\n<meta property=\"og:title\" content=\"Felix Candela From Mexico City to Chicago - veredes\" \/>\n<meta property=\"og:description\" content=\"Toda la informaci\u00f3n sobre: Felix Candela From Mexico City to Chicago\" \/>\n<meta property=\"og:url\" content=\"https:\/\/veredes.es\/blog\/felix-candela-from-mexico-city-to-chicago\/\" \/>\n<meta property=\"og:site_name\" content=\"veredes, arquitectura y divulgaci\u00f3n\" \/>\n<meta property=\"article:publisher\" content=\"https:\/\/www.facebook.com\/veredesArquitecturayDivulgacion\/\" \/>\n<meta property=\"article:author\" content=\"https:\/\/www.facebook.com\/veredesArquitecturayDivulgacion\/\" \/>\n<meta property=\"article:published_time\" content=\"2024-09-09T22:01:27+00:00\" \/>\n<meta property=\"og:image\" content=\"https:\/\/veredes.es\/blog\/wp-content\/uploads\/2024\/09\/Felix-Candela-From-Mexico-City-to-Chicago-Alexander-Eisenschmidt.jpg\" \/>\n\t<meta property=\"og:image:width\" content=\"1600\" \/>\n\t<meta property=\"og:image:height\" content=\"1923\" \/>\n\t<meta property=\"og:image:type\" content=\"image\/jpeg\" \/>\n<meta name=\"author\" content=\"veredes\" \/>\n<meta name=\"twitter:card\" content=\"summary_large_image\" \/>\n<meta name=\"twitter:creator\" content=\"@https:\/\/twitter.com\/veredes\" \/>\n<meta name=\"twitter:site\" content=\"@veredes\" \/>\n<meta name=\"twitter:label1\" content=\"Escrito por\" \/>\n\t<meta name=\"twitter:data1\" content=\"veredes\" \/>\n\t<meta name=\"twitter:label2\" content=\"Tiempo de lectura\" \/>\n\t<meta name=\"twitter:data2\" content=\"3 minutos\" \/>\n<script type=\"application\/ld+json\" class=\"yoast-schema-graph\">{\"@context\":\"https:\\\/\\\/schema.org\",\"@graph\":[{\"@type\":\"Article\",\"@id\":\"https:\\\/\\\/veredes.es\\\/blog\\\/felix-candela-from-mexico-city-to-chicago\\\/#article\",\"isPartOf\":{\"@id\":\"https:\\\/\\\/veredes.es\\\/blog\\\/felix-candela-from-mexico-city-to-chicago\\\/\"},\"author\":{\"name\":\"veredes\",\"@id\":\"https:\\\/\\\/veredes.es\\\/blog\\\/#\\\/schema\\\/person\\\/0bbb669073ef7faba5168a0844e93d2c\"},\"headline\":\"Felix Candela From Mexico City to Chicago\",\"datePublished\":\"2024-09-09T22:01:27+00:00\",\"mainEntityOfPage\":{\"@id\":\"https:\\\/\\\/veredes.es\\\/blog\\\/felix-candela-from-mexico-city-to-chicago\\\/\"},\"wordCount\":357,\"commentCount\":0,\"publisher\":{\"@id\":\"https:\\\/\\\/veredes.es\\\/blog\\\/#organization\"},\"image\":{\"@id\":\"https:\\\/\\\/veredes.es\\\/blog\\\/felix-candela-from-mexico-city-to-chicago\\\/#primaryimage\"},\"thumbnailUrl\":\"https:\\\/\\\/veredes.es\\\/blog\\\/wp-content\\\/uploads\\\/2024\\\/09\\\/Felix-Candela-From-Mexico-City-to-Chicago-Alexander-Eisenschmidt.jpg\",\"keywords\":[\"Alexander Eisenschmidt\",\"a\u00f1os 50\",\"a\u00f1os 70\",\"arquitectura mexicana\",\"Bob Bruegmann\",\"Chicago\",\"Ciudad de M\u00e9xico\",\"editorial actar\",\"Elisa Mar\u00eda Teresa Drago Quaglia\",\"Ero Aggelopoulou-Amiridis\",\"F\u00e9lix Candela\",\"Geoff Goldberg\",\"George F. Flaherty\",\"Jonathan Miller\",\"Juan Ignacio del Cueto\",\"Kathryn O\u2019Rourke\",\"libro\",\"M\u00e9xico\",\"Nader Tehrani,\",\"publicaci\u00f3n\",\"Stanley Tigerman\",\"Stuart Cohen\",\"William Baker\"],\"articleSection\":[\"libros\",\"publicaciones\"],\"inLanguage\":\"es\",\"potentialAction\":[{\"@type\":\"CommentAction\",\"name\":\"Comment\",\"target\":[\"https:\\\/\\\/veredes.es\\\/blog\\\/felix-candela-from-mexico-city-to-chicago\\\/#respond\"]}]},{\"@type\":\"WebPage\",\"@id\":\"https:\\\/\\\/veredes.es\\\/blog\\\/felix-candela-from-mexico-city-to-chicago\\\/\",\"url\":\"https:\\\/\\\/veredes.es\\\/blog\\\/felix-candela-from-mexico-city-to-chicago\\\/\",\"name\":\"Felix Candela From Mexico City to Chicago - veredes\",\"isPartOf\":{\"@id\":\"https:\\\/\\\/veredes.es\\\/blog\\\/#website\"},\"primaryImageOfPage\":{\"@id\":\"https:\\\/\\\/veredes.es\\\/blog\\\/felix-candela-from-mexico-city-to-chicago\\\/#primaryimage\"},\"image\":{\"@id\":\"https:\\\/\\\/veredes.es\\\/blog\\\/felix-candela-from-mexico-city-to-chicago\\\/#primaryimage\"},\"thumbnailUrl\":\"https:\\\/\\\/veredes.es\\\/blog\\\/wp-content\\\/uploads\\\/2024\\\/09\\\/Felix-Candela-From-Mexico-City-to-Chicago-Alexander-Eisenschmidt.jpg\",\"datePublished\":\"2024-09-09T22:01:27+00:00\",\"description\":\"Toda la informaci\u00f3n sobre: Felix Candela From Mexico City to Chicago\",\"breadcrumb\":{\"@id\":\"https:\\\/\\\/veredes.es\\\/blog\\\/felix-candela-from-mexico-city-to-chicago\\\/#breadcrumb\"},\"inLanguage\":\"es\",\"potentialAction\":[{\"@type\":\"ReadAction\",\"target\":[\"https:\\\/\\\/veredes.es\\\/blog\\\/felix-candela-from-mexico-city-to-chicago\\\/\"]}]},{\"@type\":\"ImageObject\",\"inLanguage\":\"es\",\"@id\":\"https:\\\/\\\/veredes.es\\\/blog\\\/felix-candela-from-mexico-city-to-chicago\\\/#primaryimage\",\"url\":\"https:\\\/\\\/veredes.es\\\/blog\\\/wp-content\\\/uploads\\\/2024\\\/09\\\/Felix-Candela-From-Mexico-City-to-Chicago-Alexander-Eisenschmidt.jpg\",\"contentUrl\":\"https:\\\/\\\/veredes.es\\\/blog\\\/wp-content\\\/uploads\\\/2024\\\/09\\\/Felix-Candela-From-Mexico-City-to-Chicago-Alexander-Eisenschmidt.jpg\",\"width\":1600,\"height\":1923,\"caption\":\"Felix Candela From Mexico City to Chicago | Alexander Eisenschmidt\"},{\"@type\":\"BreadcrumbList\",\"@id\":\"https:\\\/\\\/veredes.es\\\/blog\\\/felix-candela-from-mexico-city-to-chicago\\\/#breadcrumb\",\"itemListElement\":[{\"@type\":\"ListItem\",\"position\":1,\"name\":\"Portada\",\"item\":\"https:\\\/\\\/veredes.es\\\/blog\\\/\"},{\"@type\":\"ListItem\",\"position\":2,\"name\":\"Felix Candela From Mexico City to Chicago\"}]},{\"@type\":\"WebSite\",\"@id\":\"https:\\\/\\\/veredes.es\\\/blog\\\/#website\",\"url\":\"https:\\\/\\\/veredes.es\\\/blog\\\/\",\"name\":\"veredes, arquitectura y divulgaci\u00f3n\",\"description\":\"veredes\",\"publisher\":{\"@id\":\"https:\\\/\\\/veredes.es\\\/blog\\\/#organization\"},\"alternateName\":\"veredes\",\"potentialAction\":[{\"@type\":\"SearchAction\",\"target\":{\"@type\":\"EntryPoint\",\"urlTemplate\":\"https:\\\/\\\/veredes.es\\\/blog\\\/?s={search_term_string}\"},\"query-input\":{\"@type\":\"PropertyValueSpecification\",\"valueRequired\":true,\"valueName\":\"search_term_string\"}}],\"inLanguage\":\"es\"},{\"@type\":\"Organization\",\"@id\":\"https:\\\/\\\/veredes.es\\\/blog\\\/#organization\",\"name\":\"veredes, arquitectura y divulgaci\u00f3n\",\"alternateName\":\"veredes\",\"url\":\"https:\\\/\\\/veredes.es\\\/blog\\\/\",\"logo\":{\"@type\":\"ImageObject\",\"inLanguage\":\"es\",\"@id\":\"https:\\\/\\\/veredes.es\\\/blog\\\/#\\\/schema\\\/logo\\\/image\\\/\",\"url\":\"https:\\\/\\\/veredes.es\\\/blog\\\/wp-content\\\/uploads\\\/2021\\\/12\\\/veredes-logo-centrado_140x54.png\",\"contentUrl\":\"https:\\\/\\\/veredes.es\\\/blog\\\/wp-content\\\/uploads\\\/2021\\\/12\\\/veredes-logo-centrado_140x54.png\",\"width\":140,\"height\":54,\"caption\":\"veredes, arquitectura y divulgaci\u00f3n\"},\"image\":{\"@id\":\"https:\\\/\\\/veredes.es\\\/blog\\\/#\\\/schema\\\/logo\\\/image\\\/\"},\"sameAs\":[\"https:\\\/\\\/www.facebook.com\\\/veredesArquitecturayDivulgacion\\\/\",\"https:\\\/\\\/x.com\\\/veredes\",\"https:\\\/\\\/instagram.com\\\/veredes\\\/\",\"https:\\\/\\\/www.linkedin.com\\\/company\\\/veredes-arquitectura-y-divulgacion\\\/\",\"https:\\\/\\\/es.pinterest.com\\\/veredes\\\/\",\"https:\\\/\\\/www.tumblr.com\\\/veredes\"]},{\"@type\":\"Person\",\"@id\":\"https:\\\/\\\/veredes.es\\\/blog\\\/#\\\/schema\\\/person\\\/0bbb669073ef7faba5168a0844e93d2c\",\"name\":\"veredes\",\"image\":{\"@type\":\"ImageObject\",\"inLanguage\":\"es\",\"@id\":\"https:\\\/\\\/veredes.es\\\/blog\\\/wp-content\\\/uploads\\\/2018\\\/04\\\/face-96x96.jpg\",\"url\":\"https:\\\/\\\/veredes.es\\\/blog\\\/wp-content\\\/uploads\\\/2018\\\/04\\\/face-96x96.jpg\",\"contentUrl\":\"https:\\\/\\\/veredes.es\\\/blog\\\/wp-content\\\/uploads\\\/2018\\\/04\\\/face-96x96.jpg\",\"caption\":\"veredes\"},\"description\":\"Surge enero de 2009 como b\u00fasqueda de satisfacer el conocimiento de la actividad arquitect\u00f3nica y tangentes que se generan. La idea es crear un espacio para divulgar los diversos proyectos en busca de nueva inspiraci\u00f3n y de intercambio.\",\"sameAs\":[\"https:\\\/\\\/veredes.es\\\/\",\"https:\\\/\\\/www.facebook.com\\\/veredesArquitecturayDivulgacion\\\/\",\"https:\\\/\\\/www.instagram.com\\\/veredes\\\/\",\"https:\\\/\\\/www.linkedin.com\\\/company\\\/veredes-arquitectura-y-divulgacion\\\/\",\"https:\\\/\\\/www.pinterest.es\\\/veredes\\\/\",\"https:\\\/\\\/x.com\\\/https:\\\/\\\/twitter.com\\\/veredes\",\"https:\\\/\\\/veredes.tumblr.com\\\/\"],\"url\":\"https:\\\/\\\/veredes.es\\\/blog\\\/author\\\/alberto\\\/\"}]}<\/script>\n<!-- \/ Yoast SEO plugin. -->","yoast_head_json":{"title":"Felix Candela From Mexico City to Chicago - veredes","description":"Toda la informaci\u00f3n sobre: Felix Candela From Mexico City to Chicago","robots":{"index":"index","follow":"follow","max-snippet":"max-snippet:-1","max-image-preview":"max-image-preview:large","max-video-preview":"max-video-preview:-1"},"canonical":"https:\/\/veredes.es\/blog\/felix-candela-from-mexico-city-to-chicago\/","og_locale":"es_ES","og_type":"article","og_title":"Felix Candela From Mexico City to Chicago - veredes","og_description":"Toda la informaci\u00f3n sobre: Felix Candela From Mexico City to Chicago","og_url":"https:\/\/veredes.es\/blog\/felix-candela-from-mexico-city-to-chicago\/","og_site_name":"veredes, arquitectura y divulgaci\u00f3n","article_publisher":"https:\/\/www.facebook.com\/veredesArquitecturayDivulgacion\/","article_author":"https:\/\/www.facebook.com\/veredesArquitecturayDivulgacion\/","article_published_time":"2024-09-09T22:01:27+00:00","og_image":[{"width":1600,"height":1923,"url":"https:\/\/veredes.es\/blog\/wp-content\/uploads\/2024\/09\/Felix-Candela-From-Mexico-City-to-Chicago-Alexander-Eisenschmidt.jpg","type":"image\/jpeg"}],"author":"veredes","twitter_card":"summary_large_image","twitter_creator":"@https:\/\/twitter.com\/veredes","twitter_site":"@veredes","twitter_misc":{"Escrito por":"veredes","Tiempo de lectura":"3 minutos"},"schema":{"@context":"https:\/\/schema.org","@graph":[{"@type":"Article","@id":"https:\/\/veredes.es\/blog\/felix-candela-from-mexico-city-to-chicago\/#article","isPartOf":{"@id":"https:\/\/veredes.es\/blog\/felix-candela-from-mexico-city-to-chicago\/"},"author":{"name":"veredes","@id":"https:\/\/veredes.es\/blog\/#\/schema\/person\/0bbb669073ef7faba5168a0844e93d2c"},"headline":"Felix Candela From Mexico City to Chicago","datePublished":"2024-09-09T22:01:27+00:00","mainEntityOfPage":{"@id":"https:\/\/veredes.es\/blog\/felix-candela-from-mexico-city-to-chicago\/"},"wordCount":357,"commentCount":0,"publisher":{"@id":"https:\/\/veredes.es\/blog\/#organization"},"image":{"@id":"https:\/\/veredes.es\/blog\/felix-candela-from-mexico-city-to-chicago\/#primaryimage"},"thumbnailUrl":"https:\/\/veredes.es\/blog\/wp-content\/uploads\/2024\/09\/Felix-Candela-From-Mexico-City-to-Chicago-Alexander-Eisenschmidt.jpg","keywords":["Alexander Eisenschmidt","a\u00f1os 50","a\u00f1os 70","arquitectura mexicana","Bob Bruegmann","Chicago","Ciudad de M\u00e9xico","editorial actar","Elisa Mar\u00eda Teresa Drago Quaglia","Ero Aggelopoulou-Amiridis","F\u00e9lix Candela","Geoff Goldberg","George F. Flaherty","Jonathan Miller","Juan Ignacio del Cueto","Kathryn O\u2019Rourke","libro","M\u00e9xico","Nader Tehrani,","publicaci\u00f3n","Stanley Tigerman","Stuart Cohen","William Baker"],"articleSection":["libros","publicaciones"],"inLanguage":"es","potentialAction":[{"@type":"CommentAction","name":"Comment","target":["https:\/\/veredes.es\/blog\/felix-candela-from-mexico-city-to-chicago\/#respond"]}]},{"@type":"WebPage","@id":"https:\/\/veredes.es\/blog\/felix-candela-from-mexico-city-to-chicago\/","url":"https:\/\/veredes.es\/blog\/felix-candela-from-mexico-city-to-chicago\/","name":"Felix Candela From Mexico City to Chicago - veredes","isPartOf":{"@id":"https:\/\/veredes.es\/blog\/#website"},"primaryImageOfPage":{"@id":"https:\/\/veredes.es\/blog\/felix-candela-from-mexico-city-to-chicago\/#primaryimage"},"image":{"@id":"https:\/\/veredes.es\/blog\/felix-candela-from-mexico-city-to-chicago\/#primaryimage"},"thumbnailUrl":"https:\/\/veredes.es\/blog\/wp-content\/uploads\/2024\/09\/Felix-Candela-From-Mexico-City-to-Chicago-Alexander-Eisenschmidt.jpg","datePublished":"2024-09-09T22:01:27+00:00","description":"Toda la informaci\u00f3n sobre: Felix Candela From Mexico City to Chicago","breadcrumb":{"@id":"https:\/\/veredes.es\/blog\/felix-candela-from-mexico-city-to-chicago\/#breadcrumb"},"inLanguage":"es","potentialAction":[{"@type":"ReadAction","target":["https:\/\/veredes.es\/blog\/felix-candela-from-mexico-city-to-chicago\/"]}]},{"@type":"ImageObject","inLanguage":"es","@id":"https:\/\/veredes.es\/blog\/felix-candela-from-mexico-city-to-chicago\/#primaryimage","url":"https:\/\/veredes.es\/blog\/wp-content\/uploads\/2024\/09\/Felix-Candela-From-Mexico-City-to-Chicago-Alexander-Eisenschmidt.jpg","contentUrl":"https:\/\/veredes.es\/blog\/wp-content\/uploads\/2024\/09\/Felix-Candela-From-Mexico-City-to-Chicago-Alexander-Eisenschmidt.jpg","width":1600,"height":1923,"caption":"Felix Candela From Mexico City to Chicago | Alexander Eisenschmidt"},{"@type":"BreadcrumbList","@id":"https:\/\/veredes.es\/blog\/felix-candela-from-mexico-city-to-chicago\/#breadcrumb","itemListElement":[{"@type":"ListItem","position":1,"name":"Portada","item":"https:\/\/veredes.es\/blog\/"},{"@type":"ListItem","position":2,"name":"Felix Candela From Mexico City to Chicago"}]},{"@type":"WebSite","@id":"https:\/\/veredes.es\/blog\/#website","url":"https:\/\/veredes.es\/blog\/","name":"veredes, arquitectura y divulgaci\u00f3n","description":"veredes","publisher":{"@id":"https:\/\/veredes.es\/blog\/#organization"},"alternateName":"veredes","potentialAction":[{"@type":"SearchAction","target":{"@type":"EntryPoint","urlTemplate":"https:\/\/veredes.es\/blog\/?s={search_term_string}"},"query-input":{"@type":"PropertyValueSpecification","valueRequired":true,"valueName":"search_term_string"}}],"inLanguage":"es"},{"@type":"Organization","@id":"https:\/\/veredes.es\/blog\/#organization","name":"veredes, arquitectura y divulgaci\u00f3n","alternateName":"veredes","url":"https:\/\/veredes.es\/blog\/","logo":{"@type":"ImageObject","inLanguage":"es","@id":"https:\/\/veredes.es\/blog\/#\/schema\/logo\/image\/","url":"https:\/\/veredes.es\/blog\/wp-content\/uploads\/2021\/12\/veredes-logo-centrado_140x54.png","contentUrl":"https:\/\/veredes.es\/blog\/wp-content\/uploads\/2021\/12\/veredes-logo-centrado_140x54.png","width":140,"height":54,"caption":"veredes, arquitectura y divulgaci\u00f3n"},"image":{"@id":"https:\/\/veredes.es\/blog\/#\/schema\/logo\/image\/"},"sameAs":["https:\/\/www.facebook.com\/veredesArquitecturayDivulgacion\/","https:\/\/x.com\/veredes","https:\/\/instagram.com\/veredes\/","https:\/\/www.linkedin.com\/company\/veredes-arquitectura-y-divulgacion\/","https:\/\/es.pinterest.com\/veredes\/","https:\/\/www.tumblr.com\/veredes"]},{"@type":"Person","@id":"https:\/\/veredes.es\/blog\/#\/schema\/person\/0bbb669073ef7faba5168a0844e93d2c","name":"veredes","image":{"@type":"ImageObject","inLanguage":"es","@id":"https:\/\/veredes.es\/blog\/wp-content\/uploads\/2018\/04\/face-96x96.jpg","url":"https:\/\/veredes.es\/blog\/wp-content\/uploads\/2018\/04\/face-96x96.jpg","contentUrl":"https:\/\/veredes.es\/blog\/wp-content\/uploads\/2018\/04\/face-96x96.jpg","caption":"veredes"},"description":"Surge enero de 2009 como b\u00fasqueda de satisfacer el conocimiento de la actividad arquitect\u00f3nica y tangentes que se generan. La idea es crear un espacio para divulgar los diversos proyectos en busca de nueva inspiraci\u00f3n y de intercambio.","sameAs":["https:\/\/veredes.es\/","https:\/\/www.facebook.com\/veredesArquitecturayDivulgacion\/","https:\/\/www.instagram.com\/veredes\/","https:\/\/www.linkedin.com\/company\/veredes-arquitectura-y-divulgacion\/","https:\/\/www.pinterest.es\/veredes\/","https:\/\/x.com\/https:\/\/twitter.com\/veredes","https:\/\/veredes.tumblr.com\/"],"url":"https:\/\/veredes.es\/blog\/author\/alberto\/"}]}},"_links":{"self":[{"href":"https:\/\/veredes.es\/blog\/wp-json\/wp\/v2\/posts\/99589","targetHints":{"allow":["GET"]}}],"collection":[{"href":"https:\/\/veredes.es\/blog\/wp-json\/wp\/v2\/posts"}],"about":[{"href":"https:\/\/veredes.es\/blog\/wp-json\/wp\/v2\/types\/post"}],"author":[{"embeddable":true,"href":"https:\/\/veredes.es\/blog\/wp-json\/wp\/v2\/users\/2"}],"replies":[{"embeddable":true,"href":"https:\/\/veredes.es\/blog\/wp-json\/wp\/v2\/comments?post=99589"}],"version-history":[{"count":0,"href":"https:\/\/veredes.es\/blog\/wp-json\/wp\/v2\/posts\/99589\/revisions"}],"wp:featuredmedia":[{"embeddable":true,"href":"https:\/\/veredes.es\/blog\/wp-json\/wp\/v2\/media\/99592"}],"wp:attachment":[{"href":"https:\/\/veredes.es\/blog\/wp-json\/wp\/v2\/media?parent=99589"}],"wp:term":[{"taxonomy":"category","embeddable":true,"href":"https:\/\/veredes.es\/blog\/wp-json\/wp\/v2\/categories?post=99589"},{"taxonomy":"post_tag","embeddable":true,"href":"https:\/\/veredes.es\/blog\/wp-json\/wp\/v2\/tags?post=99589"}],"curies":[{"name":"wp","href":"https:\/\/api.w.org\/{rel}","templated":true}]}}