{"id":97939,"date":"2024-04-24T00:01:31","date_gmt":"2024-04-23T22:01:31","guid":{"rendered":"https:\/\/veredes.es\/blog\/?p=97939"},"modified":"2024-03-19T17:37:09","modified_gmt":"2024-03-19T16:37:09","slug":"reforma-y-ampliacion-de-les-cases-dels-mestres-zaga-arquitectura-som-habitat","status":"publish","type":"post","link":"https:\/\/veredes.es\/blog\/reforma-y-ampliacion-de-les-cases-dels-mestres-zaga-arquitectura-som-habitat\/","title":{"rendered":"Reforma y Ampliaci\u00f3n de Les Cases dels Mestres | Zaga Arquitectura &#8211; Som Habitat"},"content":{"rendered":"<figure id=\"attachment_97978\" aria-describedby=\"caption-attachment-97978\" style=\"width: 1400px\" class=\"wp-caption alignnone\"><img loading=\"lazy\" decoding=\"async\" class=\"wp-image-97978 size-full\" title=\"Reforma y Ampliaci\u00f3n de Les Cases dels Mestres Zaga Arquitectura - Som Habitat 1 Emplazaminto\" src=\"https:\/\/veredes.es\/blog\/wp-content\/uploads\/2024\/04\/Reforma-y-Ampliacion-de-Les-Cases-dels-Mestres-Zaga-Arquitectura-Som-Habitat-1-Emplazaminto.jpg\" alt=\"Reforma y Ampliaci\u00f3n de Les Cases dels Mestres Zaga Arquitectura - Som Habitat 1 Emplazaminto\" width=\"1400\" height=\"807\" srcset=\"https:\/\/veredes.es\/blog\/wp-content\/uploads\/2024\/04\/Reforma-y-Ampliacion-de-Les-Cases-dels-Mestres-Zaga-Arquitectura-Som-Habitat-1-Emplazaminto.jpg 1400w, https:\/\/veredes.es\/blog\/wp-content\/uploads\/2024\/04\/Reforma-y-Ampliacion-de-Les-Cases-dels-Mestres-Zaga-Arquitectura-Som-Habitat-1-Emplazaminto-300x173.jpg 300w, https:\/\/veredes.es\/blog\/wp-content\/uploads\/2024\/04\/Reforma-y-Ampliacion-de-Les-Cases-dels-Mestres-Zaga-Arquitectura-Som-Habitat-1-Emplazaminto-1024x590.jpg 1024w, https:\/\/veredes.es\/blog\/wp-content\/uploads\/2024\/04\/Reforma-y-Ampliacion-de-Les-Cases-dels-Mestres-Zaga-Arquitectura-Som-Habitat-1-Emplazaminto-729x420.jpg 729w, https:\/\/veredes.es\/blog\/wp-content\/uploads\/2024\/04\/Reforma-y-Ampliacion-de-Les-Cases-dels-Mestres-Zaga-Arquitectura-Som-Habitat-1-Emplazaminto-696x401.jpg 696w, https:\/\/veredes.es\/blog\/wp-content\/uploads\/2024\/04\/Reforma-y-Ampliacion-de-Les-Cases-dels-Mestres-Zaga-Arquitectura-Som-Habitat-1-Emplazaminto-1068x616.jpg 1068w\" sizes=\"auto, (max-width: 1400px) 100vw, 1400px\" \/><figcaption id=\"caption-attachment-97978\" class=\"wp-caption-text\"><span style=\"color: #999999;\">Reforma y Ampliaci\u00f3n de Les Cases dels Mestres | Zaga Arquitectura &#8211; Som Habitat | Emplazaminto<\/span><\/figcaption><\/figure>\n<h5 style=\"text-align: justify;\"><strong>La historia de Les Cases dels Mestres<\/strong><\/h5>\n<p style=\"text-align: justify;\">Justo al lado de la Escuela de La Floresta, en una zona de gran valor natural que linda con la masa boscosa del Parc de Collserola, se encuentra una edificaci\u00f3n de <a href=\"https:\/\/veredes.es\/blog\/tag\/vivienda-colectiva\/\" target=\"_blank\" rel=\"noopener\">vivienda colectiva<\/a> conocida popularmente como \u00ab<strong>Les Cases dels Mestres<\/strong>\u00ab, destinada en su d\u00eda a alojar a los docentes que trabajaban en el centro educativo.<\/p>\n<figure id=\"attachment_97966\" aria-describedby=\"caption-attachment-97966\" style=\"width: 1400px\" class=\"wp-caption alignnone\"><img loading=\"lazy\" decoding=\"async\" class=\"wp-image-97966 size-full\" title=\"Reforma y Ampliaci\u00f3n de Les Cases dels Mestres Zaga Arquitectura - Som Habitat 1 \u00a9Milena Villalba\" src=\"https:\/\/veredes.es\/blog\/wp-content\/uploads\/2024\/04\/Reforma-y-Ampliacion-de-Les-Cases-dels-Mestres-Zaga-Arquitectura-Som-Habitat-1-\u00a9Milena-Villalba.jpg\" alt=\"Reforma y Ampliaci\u00f3n de Les Cases dels Mestres Zaga Arquitectura - Som Habitat 1 \u00a9Milena Villalba\" width=\"1400\" height=\"933\" srcset=\"https:\/\/veredes.es\/blog\/wp-content\/uploads\/2024\/04\/Reforma-y-Ampliacion-de-Les-Cases-dels-Mestres-Zaga-Arquitectura-Som-Habitat-1-\u00a9Milena-Villalba.jpg 1400w, https:\/\/veredes.es\/blog\/wp-content\/uploads\/2024\/04\/Reforma-y-Ampliacion-de-Les-Cases-dels-Mestres-Zaga-Arquitectura-Som-Habitat-1-\u00a9Milena-Villalba-300x200.jpg 300w, https:\/\/veredes.es\/blog\/wp-content\/uploads\/2024\/04\/Reforma-y-Ampliacion-de-Les-Cases-dels-Mestres-Zaga-Arquitectura-Som-Habitat-1-\u00a9Milena-Villalba-1024x682.jpg 1024w, https:\/\/veredes.es\/blog\/wp-content\/uploads\/2024\/04\/Reforma-y-Ampliacion-de-Les-Cases-dels-Mestres-Zaga-Arquitectura-Som-Habitat-1-\u00a9Milena-Villalba-630x420.jpg 630w, https:\/\/veredes.es\/blog\/wp-content\/uploads\/2024\/04\/Reforma-y-Ampliacion-de-Les-Cases-dels-Mestres-Zaga-Arquitectura-Som-Habitat-1-\u00a9Milena-Villalba-696x464.jpg 696w, https:\/\/veredes.es\/blog\/wp-content\/uploads\/2024\/04\/Reforma-y-Ampliacion-de-Les-Cases-dels-Mestres-Zaga-Arquitectura-Som-Habitat-1-\u00a9Milena-Villalba-1068x712.jpg 1068w\" sizes=\"auto, (max-width: 1400px) 100vw, 1400px\" \/><figcaption id=\"caption-attachment-97966\" class=\"wp-caption-text\"><span style=\"color: #999999;\">Reforma y Ampliaci\u00f3n de Les Cases dels Mestres | Zaga Arquitectura &#8211; Som Habitat \u00a9 Milena Villalba<\/span><\/figcaption><\/figure>\n<p style=\"text-align: justify;\">El edificio se construy\u00f3 en 1969 y fue planteado como una promoci\u00f3n de viviendas baratas habitual de la \u00e9poca. Estas construcciones, severas y honestas, respond\u00edan a unos rasgos comunes: volumetr\u00edas sencillas y desprejuiciadas, lenguaje levemente tradicional, cruj\u00edas estructurales muy cortas y medios de construcci\u00f3n racionales y de coste limitado.<\/p>\n<div id='gallery-1' class='gallery galleryid-97939 gallery-columns-4 gallery-size-thumbnail'><figure class='gallery-item'>\n\t\t\t<div class='gallery-icon landscape'>\n\t\t\t\t<a href='https:\/\/veredes.es\/blog\/wp-content\/uploads\/2024\/04\/Reforma-y-Ampliacion-de-Les-Cases-dels-Mestres-Zaga-Arquitectura-Som-Habitat-2-\u00a9Milena-Villalba.jpg'><img loading=\"lazy\" decoding=\"async\" width=\"120\" height=\"120\" src=\"https:\/\/veredes.es\/blog\/wp-content\/uploads\/2024\/04\/Reforma-y-Ampliacion-de-Les-Cases-dels-Mestres-Zaga-Arquitectura-Som-Habitat-2-\u00a9Milena-Villalba-120x120.jpg\" class=\"attachment-thumbnail size-thumbnail\" alt=\"Reforma y Ampliaci\u00f3n de Les Cases dels Mestres Zaga Arquitectura - Som Habitat 2 \u00a9Milena Villalba\" aria-describedby=\"gallery-1-97968\" \/><\/a>\n\t\t\t<\/div>\n\t\t\t\t<figcaption class='wp-caption-text gallery-caption' id='gallery-1-97968'>\n\t\t\t\tReforma y Ampliaci\u00f3n de Les Cases dels Mestres | Zaga Arquitectura &#8211; Som Habitat \u00a9Milena Villalba\n\t\t\t\t<\/figcaption><\/figure><figure class='gallery-item'>\n\t\t\t<div class='gallery-icon landscape'>\n\t\t\t\t<a href='https:\/\/veredes.es\/blog\/wp-content\/uploads\/2024\/04\/Reforma-y-Ampliacion-de-Les-Cases-dels-Mestres-Zaga-Arquitectura-Som-Habitat-3-\u00a9Milena-Villalba.jpg'><img loading=\"lazy\" decoding=\"async\" width=\"120\" height=\"120\" src=\"https:\/\/veredes.es\/blog\/wp-content\/uploads\/2024\/04\/Reforma-y-Ampliacion-de-Les-Cases-dels-Mestres-Zaga-Arquitectura-Som-Habitat-3-\u00a9Milena-Villalba-120x120.jpg\" class=\"attachment-thumbnail size-thumbnail\" alt=\"Reforma y Ampliaci\u00f3n de Les Cases dels Mestres Zaga Arquitectura - Som Habitat 3 \u00a9Milena Villalba\" aria-describedby=\"gallery-1-97969\" \/><\/a>\n\t\t\t<\/div>\n\t\t\t\t<figcaption class='wp-caption-text gallery-caption' id='gallery-1-97969'>\n\t\t\t\tReforma y Ampliaci\u00f3n de Les Cases dels Mestres | Zaga Arquitectura &#8211; Som Habitat \u00a9Milena Villalba\n\t\t\t\t<\/figcaption><\/figure><figure class='gallery-item'>\n\t\t\t<div class='gallery-icon landscape'>\n\t\t\t\t<a href='https:\/\/veredes.es\/blog\/wp-content\/uploads\/2024\/04\/Reforma-y-Ampliacion-de-Les-Cases-dels-Mestres-Zaga-Arquitectura-Som-Habitat-4-\u00a9Milena-Villalba.jpg'><img loading=\"lazy\" decoding=\"async\" width=\"120\" height=\"120\" src=\"https:\/\/veredes.es\/blog\/wp-content\/uploads\/2024\/04\/Reforma-y-Ampliacion-de-Les-Cases-dels-Mestres-Zaga-Arquitectura-Som-Habitat-4-\u00a9Milena-Villalba-120x120.jpg\" class=\"attachment-thumbnail size-thumbnail\" alt=\"Reforma y Ampliaci\u00f3n de Les Cases dels Mestres Zaga Arquitectura - Som Habitat 4 \u00a9Milena Villalba\" aria-describedby=\"gallery-1-97970\" \/><\/a>\n\t\t\t<\/div>\n\t\t\t\t<figcaption class='wp-caption-text gallery-caption' id='gallery-1-97970'>\n\t\t\t\tReforma y Ampliaci\u00f3n de Les Cases dels Mestres | Zaga Arquitectura &#8211; Som Habitat \u00a9Milena Villalba\n\t\t\t\t<\/figcaption><\/figure><figure class='gallery-item'>\n\t\t\t<div class='gallery-icon landscape'>\n\t\t\t\t<a href='https:\/\/veredes.es\/blog\/wp-content\/uploads\/2024\/04\/Reforma-y-Ampliacion-de-Les-Cases-dels-Mestres-Zaga-Arquitectura-Som-Habitat-5-\u00a9Milena-Villalba.jpg'><img loading=\"lazy\" decoding=\"async\" width=\"120\" height=\"120\" src=\"https:\/\/veredes.es\/blog\/wp-content\/uploads\/2024\/04\/Reforma-y-Ampliacion-de-Les-Cases-dels-Mestres-Zaga-Arquitectura-Som-Habitat-5-\u00a9Milena-Villalba-120x120.jpg\" class=\"attachment-thumbnail size-thumbnail\" alt=\"Reforma y Ampliaci\u00f3n de Les Cases dels Mestres Zaga Arquitectura - Som Habitat 5 \u00a9Milena Villalba\" aria-describedby=\"gallery-1-97971\" \/><\/a>\n\t\t\t<\/div>\n\t\t\t\t<figcaption class='wp-caption-text gallery-caption' id='gallery-1-97971'>\n\t\t\t\tReforma y Ampliaci\u00f3n de Les Cases dels Mestres | Zaga Arquitectura &#8211; Som Habitat \u00a9Milena Villalba\n\t\t\t\t<\/figcaption><\/figure>\n\t\t<\/div>\n\n<p style=\"text-align: justify;\">Las casas perdieron su raz\u00f3n de ser y el edificio cay\u00f3 en el abandono. A pesar de ello, permaneci\u00f3 presente en la memoria de la poblaci\u00f3n y, d\u00e9cadas despu\u00e9s, la iniciativa vecinal consigui\u00f3 que fuera recuperado y rehabilitado para su uso como vivienda social cooperativa.<\/p>\n<figure id=\"attachment_97979\" aria-describedby=\"caption-attachment-97979\" style=\"width: 1400px\" class=\"wp-caption alignnone\"><img loading=\"lazy\" decoding=\"async\" class=\"wp-image-97979 size-full\" title=\"Reforma y Ampliaci\u00f3n de Les Cases dels Mestres Zaga Arquitectura - Som Habitat 11 \u00a9Milena Villalba\" src=\"https:\/\/veredes.es\/blog\/wp-content\/uploads\/2024\/04\/Reforma-y-Ampliacion-de-Les-Cases-dels-Mestres-Zaga-Arquitectura-Som-Habitat-11-\u00a9Milena-Villalba.jpg\" alt=\"Reforma y Ampliaci\u00f3n de Les Cases dels Mestres Zaga Arquitectura - Som Habitat 11 \u00a9Milena Villalba\" width=\"1400\" height=\"1120\" srcset=\"https:\/\/veredes.es\/blog\/wp-content\/uploads\/2024\/04\/Reforma-y-Ampliacion-de-Les-Cases-dels-Mestres-Zaga-Arquitectura-Som-Habitat-11-\u00a9Milena-Villalba.jpg 1400w, https:\/\/veredes.es\/blog\/wp-content\/uploads\/2024\/04\/Reforma-y-Ampliacion-de-Les-Cases-dels-Mestres-Zaga-Arquitectura-Som-Habitat-11-\u00a9Milena-Villalba-300x240.jpg 300w, https:\/\/veredes.es\/blog\/wp-content\/uploads\/2024\/04\/Reforma-y-Ampliacion-de-Les-Cases-dels-Mestres-Zaga-Arquitectura-Som-Habitat-11-\u00a9Milena-Villalba-1024x819.jpg 1024w, https:\/\/veredes.es\/blog\/wp-content\/uploads\/2024\/04\/Reforma-y-Ampliacion-de-Les-Cases-dels-Mestres-Zaga-Arquitectura-Som-Habitat-11-\u00a9Milena-Villalba-525x420.jpg 525w, https:\/\/veredes.es\/blog\/wp-content\/uploads\/2024\/04\/Reforma-y-Ampliacion-de-Les-Cases-dels-Mestres-Zaga-Arquitectura-Som-Habitat-11-\u00a9Milena-Villalba-696x557.jpg 696w, https:\/\/veredes.es\/blog\/wp-content\/uploads\/2024\/04\/Reforma-y-Ampliacion-de-Les-Cases-dels-Mestres-Zaga-Arquitectura-Som-Habitat-11-\u00a9Milena-Villalba-1068x854.jpg 1068w\" sizes=\"auto, (max-width: 1400px) 100vw, 1400px\" \/><figcaption id=\"caption-attachment-97979\" class=\"wp-caption-text\"><span style=\"color: #999999;\">Reforma y Ampliaci\u00f3n de Les Cases dels Mestres | Zaga Arquitectura &#8211; Som Habitat \u00a9 Milena Villalba<\/span><\/figcaption><\/figure>\n<h5 style=\"text-align: justify;\"><strong>El proyecto de rehabilitaci\u00f3n de Les Cases dels Mestres<\/strong><\/h5>\n<p style=\"text-align: justify;\">El proyecto de rehabilitaci\u00f3n persigue la adecuaci\u00f3n del edificio para el uso de vivienda social cooperativa, poniendo en valor su identidad original y permitiendo la necesaria flexibilidad en la configuraci\u00f3n de las distintas unidades.<\/p>\n<figure id=\"attachment_97972\" aria-describedby=\"caption-attachment-97972\" style=\"width: 1400px\" class=\"wp-caption alignnone\"><img loading=\"lazy\" decoding=\"async\" class=\"wp-image-97972 size-full\" title=\"Reforma y Ampliaci\u00f3n de Les Cases dels Mestres Zaga Arquitectura - Som Habitat 6 Planta Tipo\" src=\"https:\/\/veredes.es\/blog\/wp-content\/uploads\/2024\/04\/Reforma-y-Ampliacion-de-Les-Cases-dels-Mestres-Zaga-Arquitectura-Som-Habitat-6-Planta-Tipo.jpg\" alt=\"Reforma y Ampliaci\u00f3n de Les Cases dels Mestres Zaga Arquitectura - Som Habitat 6 Planta Tipo\" width=\"1400\" height=\"917\" srcset=\"https:\/\/veredes.es\/blog\/wp-content\/uploads\/2024\/04\/Reforma-y-Ampliacion-de-Les-Cases-dels-Mestres-Zaga-Arquitectura-Som-Habitat-6-Planta-Tipo.jpg 1400w, https:\/\/veredes.es\/blog\/wp-content\/uploads\/2024\/04\/Reforma-y-Ampliacion-de-Les-Cases-dels-Mestres-Zaga-Arquitectura-Som-Habitat-6-Planta-Tipo-300x197.jpg 300w, https:\/\/veredes.es\/blog\/wp-content\/uploads\/2024\/04\/Reforma-y-Ampliacion-de-Les-Cases-dels-Mestres-Zaga-Arquitectura-Som-Habitat-6-Planta-Tipo-1024x671.jpg 1024w, https:\/\/veredes.es\/blog\/wp-content\/uploads\/2024\/04\/Reforma-y-Ampliacion-de-Les-Cases-dels-Mestres-Zaga-Arquitectura-Som-Habitat-6-Planta-Tipo-641x420.jpg 641w, https:\/\/veredes.es\/blog\/wp-content\/uploads\/2024\/04\/Reforma-y-Ampliacion-de-Les-Cases-dels-Mestres-Zaga-Arquitectura-Som-Habitat-6-Planta-Tipo-696x456.jpg 696w, https:\/\/veredes.es\/blog\/wp-content\/uploads\/2024\/04\/Reforma-y-Ampliacion-de-Les-Cases-dels-Mestres-Zaga-Arquitectura-Som-Habitat-6-Planta-Tipo-1068x700.jpg 1068w\" sizes=\"auto, (max-width: 1400px) 100vw, 1400px\" \/><figcaption id=\"caption-attachment-97972\" class=\"wp-caption-text\"><span style=\"color: #999999;\">Reforma y Ampliaci\u00f3n de Les Cases dels Mestres | Zaga Arquitectura &#8211; Som Habitat | Planta Tipo<\/span><\/figcaption><\/figure>\n<p style=\"text-align: justify;\">La propuesta se basa en la adici\u00f3n de dos nuevas cruj\u00edas al edificio existente, una por cada fachada larga. Dos nuevas construcciones que dialogan con el edificio original, le acompa\u00f1an y le complementan. Que permiten resolver sus carencias en aspectos como la accesibilidad de las nuevas viviendas, el tama\u00f1o de sus estancias, la flexibilidad en el uso o la eficiencia energ\u00e9tica de su envolvente.<\/p>\n<div id='gallery-2' class='gallery galleryid-97939 gallery-columns-4 gallery-size-thumbnail'><figure class='gallery-item'>\n\t\t\t<div class='gallery-icon landscape'>\n\t\t\t\t<a href='https:\/\/veredes.es\/blog\/wp-content\/uploads\/2024\/04\/Reforma-y-Ampliacion-de-Les-Cases-dels-Mestres-Zaga-Arquitectura-Som-Habitat-6-\u00a9Milena-Villalba.jpg'><img loading=\"lazy\" decoding=\"async\" width=\"120\" height=\"120\" src=\"https:\/\/veredes.es\/blog\/wp-content\/uploads\/2024\/04\/Reforma-y-Ampliacion-de-Les-Cases-dels-Mestres-Zaga-Arquitectura-Som-Habitat-6-\u00a9Milena-Villalba-120x120.jpg\" class=\"attachment-thumbnail size-thumbnail\" alt=\"Reforma y Ampliaci\u00f3n de Les Cases dels Mestres Zaga Arquitectura - Som Habitat 6 \u00a9Milena Villalba\" aria-describedby=\"gallery-2-97983\" \/><\/a>\n\t\t\t<\/div>\n\t\t\t\t<figcaption class='wp-caption-text gallery-caption' id='gallery-2-97983'>\n\t\t\t\tReforma y Ampliaci\u00f3n de Les Cases dels Mestres | Zaga Arquitectura &#8211; Som Habitat \u00a9 Milena Villalba\n\t\t\t\t<\/figcaption><\/figure><figure class='gallery-item'>\n\t\t\t<div class='gallery-icon landscape'>\n\t\t\t\t<a href='https:\/\/veredes.es\/blog\/wp-content\/uploads\/2024\/04\/Reforma-y-Ampliacion-de-Les-Cases-dels-Mestres-Zaga-Arquitectura-Som-Habitat-7-\u00a9Milena-Villalba.jpg'><img loading=\"lazy\" decoding=\"async\" width=\"120\" height=\"120\" src=\"https:\/\/veredes.es\/blog\/wp-content\/uploads\/2024\/04\/Reforma-y-Ampliacion-de-Les-Cases-dels-Mestres-Zaga-Arquitectura-Som-Habitat-7-\u00a9Milena-Villalba-120x120.jpg\" class=\"attachment-thumbnail size-thumbnail\" alt=\"Reforma y Ampliaci\u00f3n de Les Cases dels Mestres Zaga Arquitectura - Som Habitat 7 \u00a9Milena Villalba\" aria-describedby=\"gallery-2-97984\" \/><\/a>\n\t\t\t<\/div>\n\t\t\t\t<figcaption class='wp-caption-text gallery-caption' id='gallery-2-97984'>\n\t\t\t\tReforma y Ampliaci\u00f3n de Les Cases dels Mestres | Zaga Arquitectura &#8211; Som Habitat \u00a9 Milena Villalba\n\t\t\t\t<\/figcaption><\/figure><figure class='gallery-item'>\n\t\t\t<div class='gallery-icon portrait'>\n\t\t\t\t<a href='https:\/\/veredes.es\/blog\/wp-content\/uploads\/2024\/04\/Reforma-y-Ampliacion-de-Les-Cases-dels-Mestres-Zaga-Arquitectura-Som-Habitat-8-\u00a9Milena-Villalba.jpg'><img loading=\"lazy\" decoding=\"async\" width=\"120\" height=\"120\" src=\"https:\/\/veredes.es\/blog\/wp-content\/uploads\/2024\/04\/Reforma-y-Ampliacion-de-Les-Cases-dels-Mestres-Zaga-Arquitectura-Som-Habitat-8-\u00a9Milena-Villalba-120x120.jpg\" class=\"attachment-thumbnail size-thumbnail\" alt=\"Reforma y Ampliaci\u00f3n de Les Cases dels Mestres Zaga Arquitectura - Som Habitat 8 \u00a9Milena Villalba\" aria-describedby=\"gallery-2-97985\" \/><\/a>\n\t\t\t<\/div>\n\t\t\t\t<figcaption class='wp-caption-text gallery-caption' id='gallery-2-97985'>\n\t\t\t\tReforma y Ampliaci\u00f3n de Les Cases dels Mestres | Zaga Arquitectura &#8211; Som Habitat \u00a9 Milena Villalba\n\t\t\t\t<\/figcaption><\/figure><figure class='gallery-item'>\n\t\t\t<div class='gallery-icon landscape'>\n\t\t\t\t<a href='https:\/\/veredes.es\/blog\/wp-content\/uploads\/2024\/04\/Reforma-y-Ampliacion-de-Les-Cases-dels-Mestres-Zaga-Arquitectura-Som-Habitat-9-\u00a9Milena-Villalba-1.jpg'><img loading=\"lazy\" decoding=\"async\" width=\"120\" height=\"120\" src=\"https:\/\/veredes.es\/blog\/wp-content\/uploads\/2024\/04\/Reforma-y-Ampliacion-de-Les-Cases-dels-Mestres-Zaga-Arquitectura-Som-Habitat-9-\u00a9Milena-Villalba-1-120x120.jpg\" class=\"attachment-thumbnail size-thumbnail\" alt=\"Reforma y Ampliaci\u00f3n de Les Cases dels Mestres Zaga Arquitectura - Som Habitat 9 \u00a9Milena Villalba\" aria-describedby=\"gallery-2-97987\" \/><\/a>\n\t\t\t<\/div>\n\t\t\t\t<figcaption class='wp-caption-text gallery-caption' id='gallery-2-97987'>\n\t\t\t\tReforma y Ampliaci\u00f3n de Les Cases dels Mestres | Zaga Arquitectura &#8211; Som Habitat \u00a9 Milena Villalba\n\t\t\t\t<\/figcaption><\/figure>\n\t\t<\/div>\n\n<p style=\"text-align: justify;\">La primera de estas nuevas alas del edificio, la que recibe al visitante desde el este, ofrece una serie de pasarelas y escaleras que se adaptan a la pendiente del terreno y acompa\u00f1an al usuario hasta la puerta de cada casa.<\/p>\n<figure id=\"attachment_97973\" aria-describedby=\"caption-attachment-97973\" style=\"width: 1400px\" class=\"wp-caption alignnone\"><img loading=\"lazy\" decoding=\"async\" class=\"wp-image-97973 size-full\" title=\"Reforma y Ampliaci\u00f3n de Les Cases dels Mestres Zaga Arquitectura - Som Habitat 4 Secci\u00f3n transversal\" src=\"https:\/\/veredes.es\/blog\/wp-content\/uploads\/2024\/04\/Reforma-y-Ampliacion-de-Les-Cases-dels-Mestres-Zaga-Arquitectura-Som-Habitat-4-Seccion-transversal.jpg\" alt=\"Reforma y Ampliaci\u00f3n de Les Cases dels Mestres Zaga Arquitectura - Som Habitat 4 Secci\u00f3n transversal\" width=\"1400\" height=\"865\" srcset=\"https:\/\/veredes.es\/blog\/wp-content\/uploads\/2024\/04\/Reforma-y-Ampliacion-de-Les-Cases-dels-Mestres-Zaga-Arquitectura-Som-Habitat-4-Seccion-transversal.jpg 1400w, https:\/\/veredes.es\/blog\/wp-content\/uploads\/2024\/04\/Reforma-y-Ampliacion-de-Les-Cases-dels-Mestres-Zaga-Arquitectura-Som-Habitat-4-Seccion-transversal-300x185.jpg 300w, https:\/\/veredes.es\/blog\/wp-content\/uploads\/2024\/04\/Reforma-y-Ampliacion-de-Les-Cases-dels-Mestres-Zaga-Arquitectura-Som-Habitat-4-Seccion-transversal-1024x633.jpg 1024w, https:\/\/veredes.es\/blog\/wp-content\/uploads\/2024\/04\/Reforma-y-Ampliacion-de-Les-Cases-dels-Mestres-Zaga-Arquitectura-Som-Habitat-4-Seccion-transversal-680x420.jpg 680w, https:\/\/veredes.es\/blog\/wp-content\/uploads\/2024\/04\/Reforma-y-Ampliacion-de-Les-Cases-dels-Mestres-Zaga-Arquitectura-Som-Habitat-4-Seccion-transversal-696x430.jpg 696w, https:\/\/veredes.es\/blog\/wp-content\/uploads\/2024\/04\/Reforma-y-Ampliacion-de-Les-Cases-dels-Mestres-Zaga-Arquitectura-Som-Habitat-4-Seccion-transversal-1068x660.jpg 1068w\" sizes=\"auto, (max-width: 1400px) 100vw, 1400px\" \/><figcaption id=\"caption-attachment-97973\" class=\"wp-caption-text\"><span style=\"color: #999999;\">Reforma y Ampliaci\u00f3n de Les Cases dels Mestres | Zaga Arquitectura &#8211; Som Habitat | Secci\u00f3n transversal<\/span><\/figcaption><\/figure>\n<p style=\"text-align: justify;\">Esta nueva fachada se configura como una serie de capas que se a\u00f1aden al edificio original, dejando traslucir lo que en su d\u00eda fue y d\u00e1ndole una nueva dimensi\u00f3n. Las nuevas pasarelas de acceso, se convierten adem\u00e1s en agradables terrazas de reposo y convivencia comunitaria, asomadas al entorno natural circundante.<\/p>\n<figure id=\"attachment_97980\" aria-describedby=\"caption-attachment-97980\" style=\"width: 1400px\" class=\"wp-caption alignnone\"><img loading=\"lazy\" decoding=\"async\" class=\"wp-image-97980 size-full\" title=\"Reforma y Ampliaci\u00f3n de Les Cases dels Mestres Zaga Arquitectura - Som Habitat 13 \u00a9Milena Villalba\" src=\"https:\/\/veredes.es\/blog\/wp-content\/uploads\/2024\/04\/Reforma-y-Ampliacion-de-Les-Cases-dels-Mestres-Zaga-Arquitectura-Som-Habitat-13-\u00a9Milena-Villalba.jpg\" alt=\"Reforma y Ampliaci\u00f3n de Les Cases dels Mestres Zaga Arquitectura - Som Habitat 13 \u00a9Milena Villalba\" width=\"1400\" height=\"1750\" srcset=\"https:\/\/veredes.es\/blog\/wp-content\/uploads\/2024\/04\/Reforma-y-Ampliacion-de-Les-Cases-dels-Mestres-Zaga-Arquitectura-Som-Habitat-13-\u00a9Milena-Villalba.jpg 1400w, https:\/\/veredes.es\/blog\/wp-content\/uploads\/2024\/04\/Reforma-y-Ampliacion-de-Les-Cases-dels-Mestres-Zaga-Arquitectura-Som-Habitat-13-\u00a9Milena-Villalba-240x300.jpg 240w, https:\/\/veredes.es\/blog\/wp-content\/uploads\/2024\/04\/Reforma-y-Ampliacion-de-Les-Cases-dels-Mestres-Zaga-Arquitectura-Som-Habitat-13-\u00a9Milena-Villalba-819x1024.jpg 819w, https:\/\/veredes.es\/blog\/wp-content\/uploads\/2024\/04\/Reforma-y-Ampliacion-de-Les-Cases-dels-Mestres-Zaga-Arquitectura-Som-Habitat-13-\u00a9Milena-Villalba-1229x1536.jpg 1229w, https:\/\/veredes.es\/blog\/wp-content\/uploads\/2024\/04\/Reforma-y-Ampliacion-de-Les-Cases-dels-Mestres-Zaga-Arquitectura-Som-Habitat-13-\u00a9Milena-Villalba-336x420.jpg 336w, https:\/\/veredes.es\/blog\/wp-content\/uploads\/2024\/04\/Reforma-y-Ampliacion-de-Les-Cases-dels-Mestres-Zaga-Arquitectura-Som-Habitat-13-\u00a9Milena-Villalba-696x870.jpg 696w, https:\/\/veredes.es\/blog\/wp-content\/uploads\/2024\/04\/Reforma-y-Ampliacion-de-Les-Cases-dels-Mestres-Zaga-Arquitectura-Som-Habitat-13-\u00a9Milena-Villalba-1068x1335.jpg 1068w\" sizes=\"auto, (max-width: 1400px) 100vw, 1400px\" \/><figcaption id=\"caption-attachment-97980\" class=\"wp-caption-text\"><span style=\"color: #999999;\">Reforma y Ampliaci\u00f3n de Les Cases dels Mestres | Zaga Arquitectura &#8211; Som Habitat \u00a9 Milena Villalba<\/span><\/figcaption><\/figure>\n<p style=\"text-align: justify;\">La cruj\u00eda oeste, de car\u00e1cter m\u00e1s privado, permite ampliar la superficie y la altura de las viviendas, hasta llegar a las 11 unidades m\u00e1s un espacio comunitario. Esta fachada tiene una relaci\u00f3n diferente con el entorno.<\/p>\n<div id='gallery-3' class='gallery galleryid-97939 gallery-columns-4 gallery-size-thumbnail'><figure class='gallery-item'>\n\t\t\t<div class='gallery-icon landscape'>\n\t\t\t\t<a href='https:\/\/veredes.es\/blog\/wp-content\/uploads\/2024\/04\/Reforma-y-Ampliacion-de-Les-Cases-dels-Mestres-Zaga-Arquitectura-Som-Habitat-12-\u00a9Milena-Villalba.jpg'><img loading=\"lazy\" decoding=\"async\" width=\"120\" height=\"120\" src=\"https:\/\/veredes.es\/blog\/wp-content\/uploads\/2024\/04\/Reforma-y-Ampliacion-de-Les-Cases-dels-Mestres-Zaga-Arquitectura-Som-Habitat-12-\u00a9Milena-Villalba-120x120.jpg\" class=\"attachment-thumbnail size-thumbnail\" alt=\"Reforma y Ampliaci\u00f3n de Les Cases dels Mestres Zaga Arquitectura - Som Habitat 12 \u00a9Milena Villalba\" aria-describedby=\"gallery-3-97988\" \/><\/a>\n\t\t\t<\/div>\n\t\t\t\t<figcaption class='wp-caption-text gallery-caption' id='gallery-3-97988'>\n\t\t\t\tReforma y Ampliaci\u00f3n de Les Cases dels Mestres | Zaga Arquitectura &#8211; Som Habitat \u00a9 Milena Villalba\n\t\t\t\t<\/figcaption><\/figure><figure class='gallery-item'>\n\t\t\t<div class='gallery-icon landscape'>\n\t\t\t\t<a href='https:\/\/veredes.es\/blog\/wp-content\/uploads\/2024\/04\/Reforma-y-Ampliacion-de-Les-Cases-dels-Mestres-Zaga-Arquitectura-Som-Habitat-14-\u00a9Milena-Villalba.jpg'><img loading=\"lazy\" decoding=\"async\" width=\"120\" height=\"120\" src=\"https:\/\/veredes.es\/blog\/wp-content\/uploads\/2024\/04\/Reforma-y-Ampliacion-de-Les-Cases-dels-Mestres-Zaga-Arquitectura-Som-Habitat-14-\u00a9Milena-Villalba-120x120.jpg\" class=\"attachment-thumbnail size-thumbnail\" alt=\"\" aria-describedby=\"gallery-3-97989\" \/><\/a>\n\t\t\t<\/div>\n\t\t\t\t<figcaption class='wp-caption-text gallery-caption' id='gallery-3-97989'>\n\t\t\t\tReforma y Ampliaci\u00f3n de Les Cases dels Mestres | Zaga Arquitectura &#8211; Som Habitat \u00a9 Milena Villalba\n\t\t\t\t<\/figcaption><\/figure><figure class='gallery-item'>\n\t\t\t<div class='gallery-icon landscape'>\n\t\t\t\t<a href='https:\/\/veredes.es\/blog\/wp-content\/uploads\/2024\/04\/Reforma-y-Ampliacion-de-Les-Cases-dels-Mestres-Zaga-Arquitectura-Som-Habitat-15-\u00a9Milena-Villalba.jpg'><img loading=\"lazy\" decoding=\"async\" width=\"120\" height=\"120\" src=\"https:\/\/veredes.es\/blog\/wp-content\/uploads\/2024\/04\/Reforma-y-Ampliacion-de-Les-Cases-dels-Mestres-Zaga-Arquitectura-Som-Habitat-15-\u00a9Milena-Villalba-120x120.jpg\" class=\"attachment-thumbnail size-thumbnail\" alt=\"\" aria-describedby=\"gallery-3-97990\" \/><\/a>\n\t\t\t<\/div>\n\t\t\t\t<figcaption class='wp-caption-text gallery-caption' id='gallery-3-97990'>\n\t\t\t\tReforma y Ampliaci\u00f3n de Les Cases dels Mestres | Zaga Arquitectura &#8211; Som Habitat \u00a9 Milena Villalba\n\t\t\t\t<\/figcaption><\/figure><figure class='gallery-item'>\n\t\t\t<div class='gallery-icon portrait'>\n\t\t\t\t<a href='https:\/\/veredes.es\/blog\/wp-content\/uploads\/2024\/04\/Reforma-y-Ampliacion-de-Les-Cases-dels-Mestres-Zaga-Arquitectura-Som-Habitat-16-\u00a9Milena-Villalba.jpg'><img loading=\"lazy\" decoding=\"async\" width=\"120\" height=\"120\" src=\"https:\/\/veredes.es\/blog\/wp-content\/uploads\/2024\/04\/Reforma-y-Ampliacion-de-Les-Cases-dels-Mestres-Zaga-Arquitectura-Som-Habitat-16-\u00a9Milena-Villalba-120x120.jpg\" class=\"attachment-thumbnail size-thumbnail\" alt=\"\" aria-describedby=\"gallery-3-97991\" \/><\/a>\n\t\t\t<\/div>\n\t\t\t\t<figcaption class='wp-caption-text gallery-caption' id='gallery-3-97991'>\n\t\t\t\tReforma y Ampliaci\u00f3n de Les Cases dels Mestres | Zaga Arquitectura &#8211; Som Habitat \u00a9 Milena Villalba\n\t\t\t\t<\/figcaption><\/figure><figure class='gallery-item'>\n\t\t\t<div class='gallery-icon portrait'>\n\t\t\t\t<a href='https:\/\/veredes.es\/blog\/wp-content\/uploads\/2024\/04\/Reforma-y-Ampliacion-de-Les-Cases-dels-Mestres-Zaga-Arquitectura-Som-Habitat-17-\u00a9Milena-Villalba.jpg'><img loading=\"lazy\" decoding=\"async\" width=\"120\" height=\"120\" src=\"https:\/\/veredes.es\/blog\/wp-content\/uploads\/2024\/04\/Reforma-y-Ampliacion-de-Les-Cases-dels-Mestres-Zaga-Arquitectura-Som-Habitat-17-\u00a9Milena-Villalba-120x120.jpg\" class=\"attachment-thumbnail size-thumbnail\" alt=\"\" aria-describedby=\"gallery-3-97992\" \/><\/a>\n\t\t\t<\/div>\n\t\t\t\t<figcaption class='wp-caption-text gallery-caption' id='gallery-3-97992'>\n\t\t\t\tReforma y Ampliaci\u00f3n de Les Cases dels Mestres | Zaga Arquitectura &#8211; Som Habitat \u00a9 Milena Villalba\n\t\t\t\t<\/figcaption><\/figure><figure class='gallery-item'>\n\t\t\t<div class='gallery-icon landscape'>\n\t\t\t\t<a href='https:\/\/veredes.es\/blog\/wp-content\/uploads\/2024\/04\/Reforma-y-Ampliacion-de-Les-Cases-dels-Mestres-Zaga-Arquitectura-Som-Habitat-21-\u00a9Milena-Villalba.jpg'><img loading=\"lazy\" decoding=\"async\" width=\"120\" height=\"120\" src=\"https:\/\/veredes.es\/blog\/wp-content\/uploads\/2024\/04\/Reforma-y-Ampliacion-de-Les-Cases-dels-Mestres-Zaga-Arquitectura-Som-Habitat-21-\u00a9Milena-Villalba-120x120.jpg\" class=\"attachment-thumbnail size-thumbnail\" alt=\"\" aria-describedby=\"gallery-3-97994\" srcset=\"https:\/\/veredes.es\/blog\/wp-content\/uploads\/2024\/04\/Reforma-y-Ampliacion-de-Les-Cases-dels-Mestres-Zaga-Arquitectura-Som-Habitat-21-\u00a9Milena-Villalba-120x120.jpg 120w, https:\/\/veredes.es\/blog\/wp-content\/uploads\/2024\/04\/Reforma-y-Ampliacion-de-Les-Cases-dels-Mestres-Zaga-Arquitectura-Som-Habitat-21-\u00a9Milena-Villalba-300x300.jpg 300w, https:\/\/veredes.es\/blog\/wp-content\/uploads\/2024\/04\/Reforma-y-Ampliacion-de-Les-Cases-dels-Mestres-Zaga-Arquitectura-Som-Habitat-21-\u00a9Milena-Villalba-1024x1024.jpg 1024w, https:\/\/veredes.es\/blog\/wp-content\/uploads\/2024\/04\/Reforma-y-Ampliacion-de-Les-Cases-dels-Mestres-Zaga-Arquitectura-Som-Habitat-21-\u00a9Milena-Villalba-420x420.jpg 420w, https:\/\/veredes.es\/blog\/wp-content\/uploads\/2024\/04\/Reforma-y-Ampliacion-de-Les-Cases-dels-Mestres-Zaga-Arquitectura-Som-Habitat-21-\u00a9Milena-Villalba-696x696.jpg 696w, https:\/\/veredes.es\/blog\/wp-content\/uploads\/2024\/04\/Reforma-y-Ampliacion-de-Les-Cases-dels-Mestres-Zaga-Arquitectura-Som-Habitat-21-\u00a9Milena-Villalba-1068x1068.jpg 1068w, https:\/\/veredes.es\/blog\/wp-content\/uploads\/2024\/04\/Reforma-y-Ampliacion-de-Les-Cases-dels-Mestres-Zaga-Arquitectura-Som-Habitat-21-\u00a9Milena-Villalba.jpg 1400w\" sizes=\"auto, (max-width: 120px) 100vw, 120px\" \/><\/a>\n\t\t\t<\/div>\n\t\t\t\t<figcaption class='wp-caption-text gallery-caption' id='gallery-3-97994'>\n\t\t\t\tReforma y Ampliaci\u00f3n de Les Cases dels Mestres | Zaga Arquitectura &#8211; Som Habitat \u00a9 Milena Villalba\n\t\t\t\t<\/figcaption><\/figure><figure class='gallery-item'>\n\t\t\t<div class='gallery-icon landscape'>\n\t\t\t\t<a href='https:\/\/veredes.es\/blog\/wp-content\/uploads\/2024\/04\/Reforma-y-Ampliacion-de-Les-Cases-dels-Mestres-Zaga-Arquitectura-Som-Habitat-20-\u00a9Milena-Villalba.jpg'><img loading=\"lazy\" decoding=\"async\" width=\"120\" height=\"120\" src=\"https:\/\/veredes.es\/blog\/wp-content\/uploads\/2024\/04\/Reforma-y-Ampliacion-de-Les-Cases-dels-Mestres-Zaga-Arquitectura-Som-Habitat-20-\u00a9Milena-Villalba-120x120.jpg\" class=\"attachment-thumbnail size-thumbnail\" alt=\"\" aria-describedby=\"gallery-3-97993\" \/><\/a>\n\t\t\t<\/div>\n\t\t\t\t<figcaption class='wp-caption-text gallery-caption' id='gallery-3-97993'>\n\t\t\t\tReforma y Ampliaci\u00f3n de Les Cases dels Mestres | Zaga Arquitectura &#8211; Som Habitat \u00a9 Milena Villalba\n\t\t\t\t<\/figcaption><\/figure><figure class='gallery-item'>\n\t\t\t<div class='gallery-icon landscape'>\n\t\t\t\t<a href='https:\/\/veredes.es\/blog\/wp-content\/uploads\/2024\/04\/Reforma-y-Ampliacion-de-Les-Cases-dels-Mestres-Zaga-Arquitectura-Som-Habitat-24-\u00a9Milena-Villalba.jpg'><img loading=\"lazy\" decoding=\"async\" width=\"120\" height=\"120\" src=\"https:\/\/veredes.es\/blog\/wp-content\/uploads\/2024\/04\/Reforma-y-Ampliacion-de-Les-Cases-dels-Mestres-Zaga-Arquitectura-Som-Habitat-24-\u00a9Milena-Villalba-120x120.jpg\" class=\"attachment-thumbnail size-thumbnail\" alt=\"\" aria-describedby=\"gallery-3-97995\" srcset=\"https:\/\/veredes.es\/blog\/wp-content\/uploads\/2024\/04\/Reforma-y-Ampliacion-de-Les-Cases-dels-Mestres-Zaga-Arquitectura-Som-Habitat-24-\u00a9Milena-Villalba-120x120.jpg 120w, https:\/\/veredes.es\/blog\/wp-content\/uploads\/2024\/04\/Reforma-y-Ampliacion-de-Les-Cases-dels-Mestres-Zaga-Arquitectura-Som-Habitat-24-\u00a9Milena-Villalba-300x300.jpg 300w, https:\/\/veredes.es\/blog\/wp-content\/uploads\/2024\/04\/Reforma-y-Ampliacion-de-Les-Cases-dels-Mestres-Zaga-Arquitectura-Som-Habitat-24-\u00a9Milena-Villalba-1024x1024.jpg 1024w, https:\/\/veredes.es\/blog\/wp-content\/uploads\/2024\/04\/Reforma-y-Ampliacion-de-Les-Cases-dels-Mestres-Zaga-Arquitectura-Som-Habitat-24-\u00a9Milena-Villalba-420x420.jpg 420w, https:\/\/veredes.es\/blog\/wp-content\/uploads\/2024\/04\/Reforma-y-Ampliacion-de-Les-Cases-dels-Mestres-Zaga-Arquitectura-Som-Habitat-24-\u00a9Milena-Villalba-696x696.jpg 696w, https:\/\/veredes.es\/blog\/wp-content\/uploads\/2024\/04\/Reforma-y-Ampliacion-de-Les-Cases-dels-Mestres-Zaga-Arquitectura-Som-Habitat-24-\u00a9Milena-Villalba-1068x1068.jpg 1068w, https:\/\/veredes.es\/blog\/wp-content\/uploads\/2024\/04\/Reforma-y-Ampliacion-de-Les-Cases-dels-Mestres-Zaga-Arquitectura-Som-Habitat-24-\u00a9Milena-Villalba.jpg 1400w\" sizes=\"auto, (max-width: 120px) 100vw, 120px\" \/><\/a>\n\t\t\t<\/div>\n\t\t\t\t<figcaption class='wp-caption-text gallery-caption' id='gallery-3-97995'>\n\t\t\t\tReforma y Ampliaci\u00f3n de Les Cases dels Mestres | Zaga Arquitectura &#8211; Som Habitat \u00a9 Milena Villalba\n\t\t\t\t<\/figcaption><\/figure>\n\t\t<\/div>\n\n<p style=\"text-align: justify;\">Se permite jugar con la pendiente del terreno, quebr\u00e1ndose, dej\u00e1ndose llevar por su influjo, derramando sus ventanas cuesta abajo.<\/p>\n<figure id=\"attachment_97981\" aria-describedby=\"caption-attachment-97981\" style=\"width: 1400px\" class=\"wp-caption alignnone\"><img loading=\"lazy\" decoding=\"async\" class=\"wp-image-97981 size-full\" title=\"Reforma y Ampliaci\u00f3n de Les Cases dels Mestres Zaga Arquitectura - Som Habitat 23 \u00a9Milena Villalba\" src=\"https:\/\/veredes.es\/blog\/wp-content\/uploads\/2024\/04\/Reforma-y-Ampliacion-de-Les-Cases-dels-Mestres-Zaga-Arquitectura-Som-Habitat-23-\u00a9Milena-Villalba.jpg\" alt=\"Reforma y Ampliaci\u00f3n de Les Cases dels Mestres Zaga Arquitectura - Som Habitat 23 \u00a9Milena Villalba\" width=\"1400\" height=\"1018\" srcset=\"https:\/\/veredes.es\/blog\/wp-content\/uploads\/2024\/04\/Reforma-y-Ampliacion-de-Les-Cases-dels-Mestres-Zaga-Arquitectura-Som-Habitat-23-\u00a9Milena-Villalba.jpg 1400w, https:\/\/veredes.es\/blog\/wp-content\/uploads\/2024\/04\/Reforma-y-Ampliacion-de-Les-Cases-dels-Mestres-Zaga-Arquitectura-Som-Habitat-23-\u00a9Milena-Villalba-300x218.jpg 300w, https:\/\/veredes.es\/blog\/wp-content\/uploads\/2024\/04\/Reforma-y-Ampliacion-de-Les-Cases-dels-Mestres-Zaga-Arquitectura-Som-Habitat-23-\u00a9Milena-Villalba-1024x745.jpg 1024w, https:\/\/veredes.es\/blog\/wp-content\/uploads\/2024\/04\/Reforma-y-Ampliacion-de-Les-Cases-dels-Mestres-Zaga-Arquitectura-Som-Habitat-23-\u00a9Milena-Villalba-578x420.jpg 578w, https:\/\/veredes.es\/blog\/wp-content\/uploads\/2024\/04\/Reforma-y-Ampliacion-de-Les-Cases-dels-Mestres-Zaga-Arquitectura-Som-Habitat-23-\u00a9Milena-Villalba-696x506.jpg 696w, https:\/\/veredes.es\/blog\/wp-content\/uploads\/2024\/04\/Reforma-y-Ampliacion-de-Les-Cases-dels-Mestres-Zaga-Arquitectura-Som-Habitat-23-\u00a9Milena-Villalba-1068x777.jpg 1068w\" sizes=\"auto, (max-width: 1400px) 100vw, 1400px\" \/><figcaption id=\"caption-attachment-97981\" class=\"wp-caption-text\"><span style=\"color: #999999;\">Reforma y Ampliaci\u00f3n de Les Cases dels Mestres | Zaga Arquitectura &#8211; Som Habitat \u00a9 Milena Villalba<\/span><\/figcaption><\/figure>\n<p style=\"text-align: justify;\">Las viviendas resultantes, por tanto, son capaces de conservar el esp\u00edritu del edificio original, pero mejorando las condiciones de habitabilidad y flexibilidad, adem\u00e1s de propiciar una relaci\u00f3n mucha m\u00e1s directa del residente con un entorno privilegiado.<\/p>\n<div id='gallery-4' class='gallery galleryid-97939 gallery-columns-4 gallery-size-thumbnail'><figure class='gallery-item'>\n\t\t\t<div class='gallery-icon landscape'>\n\t\t\t\t<a href='https:\/\/veredes.es\/blog\/wp-content\/uploads\/2024\/04\/Reforma-y-Ampliacion-de-Les-Cases-dels-Mestres-Zaga-Arquitectura-Som-Habitat-2-Planta-Baja.jpg'><img loading=\"lazy\" decoding=\"async\" width=\"120\" height=\"120\" src=\"https:\/\/veredes.es\/blog\/wp-content\/uploads\/2024\/04\/Reforma-y-Ampliacion-de-Les-Cases-dels-Mestres-Zaga-Arquitectura-Som-Habitat-2-Planta-Baja-120x120.jpg\" class=\"attachment-thumbnail size-thumbnail\" alt=\"Reforma y Ampliaci\u00f3n de Les Cases dels Mestres Zaga Arquitectura - Som Habitat 2 Planta Baja\" aria-describedby=\"gallery-4-97974\" \/><\/a>\n\t\t\t<\/div>\n\t\t\t\t<figcaption class='wp-caption-text gallery-caption' id='gallery-4-97974'>\n\t\t\t\tReforma y Ampliaci\u00f3n de Les Cases dels Mestres | Zaga Arquitectura &#8211; Som Habitat | Planta Baja\n\t\t\t\t<\/figcaption><\/figure><figure class='gallery-item'>\n\t\t\t<div class='gallery-icon landscape'>\n\t\t\t\t<a href='https:\/\/veredes.es\/blog\/wp-content\/uploads\/2024\/04\/Reforma-y-Ampliacion-de-Les-Cases-dels-Mestres-Zaga-Arquitectura-Som-Habitat-5-Alzado-Este.jpg'><img loading=\"lazy\" decoding=\"async\" width=\"120\" height=\"120\" src=\"https:\/\/veredes.es\/blog\/wp-content\/uploads\/2024\/04\/Reforma-y-Ampliacion-de-Les-Cases-dels-Mestres-Zaga-Arquitectura-Som-Habitat-5-Alzado-Este-120x120.jpg\" class=\"attachment-thumbnail size-thumbnail\" alt=\"Reforma y Ampliaci\u00f3n de Les Cases dels Mestres Zaga Arquitectura - Som Habitat 5 Alzado Este\" aria-describedby=\"gallery-4-97977\" \/><\/a>\n\t\t\t<\/div>\n\t\t\t\t<figcaption class='wp-caption-text gallery-caption' id='gallery-4-97977'>\n\t\t\t\tReforma y Ampliaci\u00f3n de Les Cases dels Mestres | Zaga Arquitectura &#8211; Som Habitat | Alzado Este\n\t\t\t\t<\/figcaption><\/figure><figure class='gallery-item'>\n\t\t\t<div class='gallery-icon landscape'>\n\t\t\t\t<a href='https:\/\/veredes.es\/blog\/wp-content\/uploads\/2024\/04\/Reforma-y-Ampliacion-de-Les-Cases-dels-Mestres-Zaga-Arquitectura-Som-Habitat-5-Alzado-Oeste.jpg'><img loading=\"lazy\" decoding=\"async\" width=\"120\" height=\"120\" src=\"https:\/\/veredes.es\/blog\/wp-content\/uploads\/2024\/04\/Reforma-y-Ampliacion-de-Les-Cases-dels-Mestres-Zaga-Arquitectura-Som-Habitat-5-Alzado-Oeste-120x120.jpg\" class=\"attachment-thumbnail size-thumbnail\" alt=\"Reforma y Ampliaci\u00f3n de Les Cases dels Mestres Zaga Arquitectura - Som Habitat 5 Alzado Oeste\" aria-describedby=\"gallery-4-97976\" \/><\/a>\n\t\t\t<\/div>\n\t\t\t\t<figcaption class='wp-caption-text gallery-caption' id='gallery-4-97976'>\n\t\t\t\tReforma y Ampliaci\u00f3n de Les Cases dels Mestres | Zaga Arquitectura &#8211; Som Habitat | Alzado Oeste\n\t\t\t\t<\/figcaption><\/figure><figure class='gallery-item'>\n\t\t\t<div class='gallery-icon landscape'>\n\t\t\t\t<a href='https:\/\/veredes.es\/blog\/wp-content\/uploads\/2024\/04\/Reforma-y-Ampliacion-de-Les-Cases-dels-Mestres-Zaga-Arquitectura-Som-Habitat-3-planta-primera.jpg'><img loading=\"lazy\" decoding=\"async\" width=\"120\" height=\"120\" src=\"https:\/\/veredes.es\/blog\/wp-content\/uploads\/2024\/04\/Reforma-y-Ampliacion-de-Les-Cases-dels-Mestres-Zaga-Arquitectura-Som-Habitat-3-planta-primera-120x120.jpg\" class=\"attachment-thumbnail size-thumbnail\" alt=\"Reforma y Ampliaci\u00f3n de Les Cases dels Mestres Zaga Arquitectura - Som Habitat 3 planta primera\" aria-describedby=\"gallery-4-97975\" \/><\/a>\n\t\t\t<\/div>\n\t\t\t\t<figcaption class='wp-caption-text gallery-caption' id='gallery-4-97975'>\n\t\t\t\tReforma y Ampliaci\u00f3n de Les Cases dels Mestres | Zaga Arquitectura &#8211; Som Habitat | Planta primera\n\t\t\t\t<\/figcaption><\/figure>\n\t\t<\/div>\n\n<h5><strong>Planteamiento inicial de Les Cases dels Mestres<\/strong><\/h5>\n<p style=\"text-align: justify;\">Es importante destacar que desde su planteamiento inicial, este proyecto se ha centrado en reforzar una serie de valores esenciales, como son:<\/p>\n<p style=\"text-align: justify; padding-left: 40px;\">&#8211; Participaci\u00f3n e inclusi\u00f3n. En este proyecto, se ha modificado de forma sustancial el proceso habitual de trabajo. Durante la concepci\u00f3n del proyecto e incluso en la construcci\u00f3n del mismo, se ha colocado al usuario en una posici\u00f3n determinante, participando de forma activa en la toma de gran parte de las decisiones. En la fase de dise\u00f1o de las viviendas se organizaron talleres participativos en la que todos los residentes pudieron valorar y elegir entre las diferentes opciones de distribuci\u00f3n, lo que permiti\u00f3 ofrecer viviendas adecuadas a las diferentes unidades familiares y con un grado suficiente de flexibilidad.<\/p>\n<p style=\"text-align: justify; padding-left: 40px;\">&#8211; Autoconstrucci\u00f3n. En la fase de obra, los usuarios contribuyeron con su trabajo, realizando tareas de reforma interior de las viviendas a trav\u00e9s de talleres de formaci\u00f3n. Este labor permiti\u00f3 conseguir un doble objetivo: reducir el coste de la obra y por tanto la renta que deb\u00eda aportar cada unidad familiar e incrementar el grado de identificaci\u00f3n de cada persona con su nueva vivienda.<\/p>\n<p style=\"text-align: justify; padding-left: 40px;\">&#8211; Sostenibilidad. Una de las premisas b\u00e1sicas de la cooperativa fue realizar una edificio con un grado exigente de sostenibilidad y una baja huella de carbono: ello incluye el empleo de materiales locales de origen no contaminante, optar por una estructura prefabricada de entramado de madera, dotar al edificio de un alto grado de aislamiento y colocar instalaciones colectivas eficientes como son una caldera central de pellets o un sistema para la recuperaci\u00f3n y tratamiento de las aguas grises y pluviales.<\/p>\n<p style=\"text-align: justify; padding-left: 40px;\">&#8211; Rehabilitaci\u00f3n y Memoria Colectiva. Como ya se ha se\u00f1alado, el edificio objeto de reforma se encontraba en desuso y abandonado. El proyecto permiti\u00f3 recuperar una construcci\u00f3n que ha demostrado ser viable y reforzar con ello la memoria colectiva y cohesi\u00f3n de la comunidad.<\/p>\n<p style=\"text-align: justify; padding-left: 40px;\">&#8211; Bienestar y contacto con la naturaleza. El proyecto ha tratado de sacar el mayor partido de la excepcional situaci\u00f3n del edificio, habilitando espacios privados y colectivos que permitan conciliar el encuentro colectivo y la privacidad, las actividades comunitarias y el descanso individual. Todo ello en contacto directo con la naturaleza circundante.<\/p>\n<div id='gallery-5' class='gallery galleryid-97939 gallery-columns-4 gallery-size-thumbnail'><figure class='gallery-item'>\n\t\t\t<div class='gallery-icon portrait'>\n\t\t\t\t<a href='https:\/\/veredes.es\/blog\/wp-content\/uploads\/2024\/04\/Reforma-y-Ampliacion-de-Les-Cases-dels-Mestres-Zaga-Arquitectura-Som-Habitat-10-\u00a9Milena-Villalba.jpg'><img loading=\"lazy\" decoding=\"async\" width=\"120\" height=\"120\" src=\"https:\/\/veredes.es\/blog\/wp-content\/uploads\/2024\/04\/Reforma-y-Ampliacion-de-Les-Cases-dels-Mestres-Zaga-Arquitectura-Som-Habitat-10-\u00a9Milena-Villalba-120x120.jpg\" class=\"attachment-thumbnail size-thumbnail\" alt=\"Reforma y Ampliaci\u00f3n de Les Cases dels Mestres Zaga Arquitectura - Som Habitat 10 \u00a9Milena Villalba\" aria-describedby=\"gallery-5-97999\" \/><\/a>\n\t\t\t<\/div>\n\t\t\t\t<figcaption class='wp-caption-text gallery-caption' id='gallery-5-97999'>\n\t\t\t\tReforma y Ampliaci\u00f3n de Les Cases dels Mestres | Zaga Arquitectura &#8211; Som Habitat \u00a9 Milena Villalba\n\t\t\t\t<\/figcaption><\/figure><figure class='gallery-item'>\n\t\t\t<div class='gallery-icon landscape'>\n\t\t\t\t<a href='https:\/\/veredes.es\/blog\/wp-content\/uploads\/2024\/04\/Reforma-y-Ampliacion-de-Les-Cases-dels-Mestres-Zaga-Arquitectura-Som-Habitat-18-\u00a9Milena-Villalba.jpg'><img loading=\"lazy\" decoding=\"async\" width=\"120\" height=\"120\" src=\"https:\/\/veredes.es\/blog\/wp-content\/uploads\/2024\/04\/Reforma-y-Ampliacion-de-Les-Cases-dels-Mestres-Zaga-Arquitectura-Som-Habitat-18-\u00a9Milena-Villalba-120x120.jpg\" class=\"attachment-thumbnail size-thumbnail\" alt=\"Reforma y Ampliaci\u00f3n de Les Cases dels Mestres Zaga Arquitectura - Som Habitat 18 \u00a9Milena Villalba\" aria-describedby=\"gallery-5-98001\" \/><\/a>\n\t\t\t<\/div>\n\t\t\t\t<figcaption class='wp-caption-text gallery-caption' id='gallery-5-98001'>\n\t\t\t\tReforma y Ampliaci\u00f3n de Les Cases dels Mestres | Zaga Arquitectura &#8211; Som Habitat \u00a9 Milena Villalba\n\t\t\t\t<\/figcaption><\/figure><figure class='gallery-item'>\n\t\t\t<div class='gallery-icon landscape'>\n\t\t\t\t<a href='https:\/\/veredes.es\/blog\/wp-content\/uploads\/2024\/04\/Reforma-y-Ampliacion-de-Les-Cases-dels-Mestres-Zaga-Arquitectura-Som-Habitat-19-\u00a9Milena-Villalba.jpg'><img loading=\"lazy\" decoding=\"async\" width=\"120\" height=\"120\" src=\"https:\/\/veredes.es\/blog\/wp-content\/uploads\/2024\/04\/Reforma-y-Ampliacion-de-Les-Cases-dels-Mestres-Zaga-Arquitectura-Som-Habitat-19-\u00a9Milena-Villalba-120x120.jpg\" class=\"attachment-thumbnail size-thumbnail\" alt=\"Reforma y Ampliaci\u00f3n de Les Cases dels Mestres Zaga Arquitectura - Som Habitat 19 \u00a9Milena Villalba\" aria-describedby=\"gallery-5-98002\" \/><\/a>\n\t\t\t<\/div>\n\t\t\t\t<figcaption class='wp-caption-text gallery-caption' id='gallery-5-98002'>\n\t\t\t\tReforma y Ampliaci\u00f3n de Les Cases dels Mestres | Zaga Arquitectura &#8211; Som Habitat \u00a9 Milena Villalba\n\t\t\t\t<\/figcaption><\/figure><figure class='gallery-item'>\n\t\t\t<div class='gallery-icon landscape'>\n\t\t\t\t<a href='https:\/\/veredes.es\/blog\/wp-content\/uploads\/2024\/04\/Reforma-y-Ampliacion-de-Les-Cases-dels-Mestres-Zaga-Arquitectura-Som-Habitat-22-\u00a9Milena-Villalba.jpg'><img loading=\"lazy\" decoding=\"async\" width=\"120\" height=\"120\" src=\"https:\/\/veredes.es\/blog\/wp-content\/uploads\/2024\/04\/Reforma-y-Ampliacion-de-Les-Cases-dels-Mestres-Zaga-Arquitectura-Som-Habitat-22-\u00a9Milena-Villalba-120x120.jpg\" class=\"attachment-thumbnail size-thumbnail\" alt=\"Reforma y Ampliaci\u00f3n de Les Cases dels Mestres Zaga Arquitectura - Som Habitat 22 \u00a9Milena Villalba\" aria-describedby=\"gallery-5-98003\" \/><\/a>\n\t\t\t<\/div>\n\t\t\t\t<figcaption class='wp-caption-text gallery-caption' id='gallery-5-98003'>\n\t\t\t\tReforma y Ampliaci\u00f3n de Les Cases dels Mestres | Zaga Arquitectura &#8211; Som Habitat \u00a9 Milena Villalba\n\t\t\t\t<\/figcaption><\/figure><figure class='gallery-item'>\n\t\t\t<div class='gallery-icon landscape'>\n\t\t\t\t<a href='https:\/\/veredes.es\/blog\/wp-content\/uploads\/2024\/04\/Reforma-y-Ampliacion-de-Les-Cases-dels-Mestres-Zaga-Arquitectura-Som-Habitat-7.jpg'><img loading=\"lazy\" decoding=\"async\" width=\"120\" height=\"120\" src=\"https:\/\/veredes.es\/blog\/wp-content\/uploads\/2024\/04\/Reforma-y-Ampliacion-de-Les-Cases-dels-Mestres-Zaga-Arquitectura-Som-Habitat-7-120x120.jpg\" class=\"attachment-thumbnail size-thumbnail\" alt=\"Reforma y Ampliaci\u00f3n de Les Cases dels Mestres Zaga Arquitectura - Som Habitat 7\" aria-describedby=\"gallery-5-97996\" \/><\/a>\n\t\t\t<\/div>\n\t\t\t\t<figcaption class='wp-caption-text gallery-caption' id='gallery-5-97996'>\n\t\t\t\tReforma y Ampliaci\u00f3n de Les Cases dels Mestres | Zaga Arquitectura &#8211; Som Habitat Milena Villalba\n\t\t\t\t<\/figcaption><\/figure><figure class='gallery-item'>\n\t\t\t<div class='gallery-icon landscape'>\n\t\t\t\t<a href='https:\/\/veredes.es\/blog\/wp-content\/uploads\/2024\/04\/Reforma-y-Ampliacion-de-Les-Cases-dels-Mestres-Zaga-Arquitectura-Som-Habitat-8.jpg'><img loading=\"lazy\" decoding=\"async\" width=\"120\" height=\"120\" src=\"https:\/\/veredes.es\/blog\/wp-content\/uploads\/2024\/04\/Reforma-y-Ampliacion-de-Les-Cases-dels-Mestres-Zaga-Arquitectura-Som-Habitat-8-120x120.jpg\" class=\"attachment-thumbnail size-thumbnail\" alt=\"Reforma y Ampliaci\u00f3n de Les Cases dels Mestres Zaga Arquitectura - Som Habitat 8\" aria-describedby=\"gallery-5-97997\" \/><\/a>\n\t\t\t<\/div>\n\t\t\t\t<figcaption class='wp-caption-text gallery-caption' id='gallery-5-97997'>\n\t\t\t\tReforma y Ampliaci\u00f3n de Les Cases dels Mestres | Zaga Arquitectura &#8211; Som Habitat \n\t\t\t\t<\/figcaption><\/figure><figure class='gallery-item'>\n\t\t\t<div class='gallery-icon landscape'>\n\t\t\t\t<a href='https:\/\/veredes.es\/blog\/wp-content\/uploads\/2024\/04\/Reforma-y-Ampliacion-de-Les-Cases-dels-Mestres-Zaga-Arquitectura-Som-Habitat-9.jpg'><img loading=\"lazy\" decoding=\"async\" width=\"120\" height=\"120\" src=\"https:\/\/veredes.es\/blog\/wp-content\/uploads\/2024\/04\/Reforma-y-Ampliacion-de-Les-Cases-dels-Mestres-Zaga-Arquitectura-Som-Habitat-9-120x120.jpg\" class=\"attachment-thumbnail size-thumbnail\" alt=\"Reforma y Ampliaci\u00f3n de Les Cases dels Mestres Zaga Arquitectura - Som Habitat 10 \u00a9Milena Villalba\" aria-describedby=\"gallery-5-97998\" \/><\/a>\n\t\t\t<\/div>\n\t\t\t\t<figcaption class='wp-caption-text gallery-caption' id='gallery-5-97998'>\n\t\t\t\tReforma y Ampliaci\u00f3n de Les Cases dels Mestres | Zaga Arquitectura &#8211; Som Habitat  \n\t\t\t\t<\/figcaption><\/figure><figure class='gallery-item'>\n\t\t\t<div class='gallery-icon portrait'>\n\t\t\t\t<a href='https:\/\/veredes.es\/blog\/wp-content\/uploads\/2024\/04\/Reforma-y-Ampliacion-de-Les-Cases-dels-Mestres-Zaga-Arquitectura-Som-Habitat-10.jpg'><img loading=\"lazy\" decoding=\"async\" width=\"120\" height=\"120\" src=\"https:\/\/veredes.es\/blog\/wp-content\/uploads\/2024\/04\/Reforma-y-Ampliacion-de-Les-Cases-dels-Mestres-Zaga-Arquitectura-Som-Habitat-10-120x120.jpg\" class=\"attachment-thumbnail size-thumbnail\" alt=\"Reforma y Ampliaci\u00f3n de Les Cases dels Mestres Zaga Arquitectura - Som Habitat 10\" aria-describedby=\"gallery-5-98000\" \/><\/a>\n\t\t\t<\/div>\n\t\t\t\t<figcaption class='wp-caption-text gallery-caption' id='gallery-5-98000'>\n\t\t\t\tReforma y Ampliaci\u00f3n de Les Cases dels Mestres | Zaga Arquitectura &#8211; Som Habitat  \n\t\t\t\t<\/figcaption><\/figure>\n\t\t<\/div>\n\n<p style=\"text-align: justify;\">Obra: Reforma y Ampliaci\u00f3n de Les Cases dels Mestres<br \/>\nAutores: Zaga arquitectura (Nicol\u00e1s Markuerkiaga, Mariana Plana, Maribel Gonz\u00e1lez, arquitectos) en colaboraci\u00f3n con Som Habitat (Daniel Molina arquitecto. David Pradas aparejador)<br \/>\nA\u00f1o: Inicio proyecto, enero 2017 | Finalizaci\u00f3n obra, julio 2022<br \/>\nSuperficie Construida: 885 m2<br \/>\nUbicaci\u00f3n: La Floresta. Sant Cugat del Vall\u00e8s. Barcelona<br \/>\nCliente: Sostre Civic \/ Cooperativa Clau Mestra<br \/>\nArquitecto\/a t\u00e9cnico: David Pradas<br \/>\nConstructora: La Constructiva. Jefe de Obra : Borja Fern\u00e1ndez<br \/>\nColaboradores: Giorgiana Padurean, Joana Ball\u00f3, Klaudia Witkowska, arquitectas, Jordi Carbonell, ingeniero, asesor de instalaciones<br \/>\nCoordinadores Sostre Civic: \u00c0ngel Est\u00e9vez, Eva Ortigosa, Nina Turull<br \/>\nCoordinadora Clau Mestra: Maria Morillo<br \/>\nGesti\u00f3n de Participaci\u00f3n y Auto Construcci\u00f3n: Som Habitat. Daniel Molina, arquitecto David Pradas, aparejador<br \/>\nFotograf\u00eda: <a href=\"https:\/\/milenavillalba.com\/\" target=\"_blank\" rel=\"noopener\">Milena Villalba<\/a><br \/>\n<a href=\"https:\/\/zaga.com.es\/\" target=\"_blank\" rel=\"noopener\"><span style=\"color: #999999;\">+ zaga.com.es<\/span><\/a> | <a href=\"https:\/\/www.somhabitat.cat\/\" target=\"_blank\" rel=\"noopener\"><span style=\"color: #999999;\">+ somhabitat.cat<\/span><\/a><\/p>\n","protected":false},"excerpt":{"rendered":"<p>La historia de Les Cases dels Mestres Justo al lado de la Escuela de La Floresta, en una zona de gran valor natural que linda con la masa boscosa del Parc de Collserola, se encuentra una edificaci\u00f3n de vivienda colectiva conocida popularmente como \u00abLes Cases dels Mestres\u00ab, destinada en su d\u00eda a alojar a los [&hellip;]<\/p>\n","protected":false},"author":2,"featured_media":97968,"comment_status":"open","ping_status":"closed","sticky":false,"template":"","format":"standard","meta":{"footnotes":""},"categories":[34,2037,23,1159,5951,58],"tags":[17395,17393,17394,17392,12464,17390,12454,17391],"class_list":{"0":"post-97939","1":"post","2":"type-post","3":"status-publish","4":"format-standard","5":"has-post-thumbnail","7":"category-arquitectura","8":"category-equipamiento-docente-arquitectura","9":"category-obras","10":"category-rehabilitacion","11":"category-slider-principal","12":"category-vivienda-colectiva","13":"tag-daniel-molina","14":"tag-mariana-plana","15":"tag-maribel-gonzalez","16":"tag-nicolas-markuerkiaga","17":"tag-rehabilitacion","18":"tag-som-habitat","19":"tag-vivienda-colectiva","20":"tag-zaga-arquitectura"},"yoast_head":"<!-- This site is optimized with the Yoast SEO plugin v27.4 - https:\/\/yoast.com\/product\/yoast-seo-wordpress\/ -->\n<title>Reforma y Ampliaci\u00f3n de Les Cases dels Mestres | Zaga Arquitectura - Som Habitat - veredes<\/title>\n<meta name=\"description\" content=\"Toda la informaci\u00f3n sobre: Reforma y Ampliaci\u00f3n de Les Cases dels Mestres | Zaga Arquitectura - Som Habitat\" \/>\n<meta name=\"robots\" content=\"index, follow, max-snippet:-1, max-image-preview:large, max-video-preview:-1\" \/>\n<link rel=\"canonical\" href=\"https:\/\/veredes.es\/blog\/reforma-y-ampliacion-de-les-cases-dels-mestres-zaga-arquitectura-som-habitat\/\" \/>\n<meta property=\"og:locale\" content=\"es_ES\" \/>\n<meta property=\"og:type\" content=\"article\" \/>\n<meta property=\"og:title\" content=\"Reforma y Ampliaci\u00f3n de Les Cases dels Mestres | Zaga Arquitectura - Som Habitat - veredes\" \/>\n<meta property=\"og:description\" content=\"Toda la informaci\u00f3n sobre: Reforma y Ampliaci\u00f3n de Les Cases dels Mestres | Zaga Arquitectura - Som Habitat\" \/>\n<meta property=\"og:url\" content=\"https:\/\/veredes.es\/blog\/reforma-y-ampliacion-de-les-cases-dels-mestres-zaga-arquitectura-som-habitat\/\" \/>\n<meta property=\"og:site_name\" content=\"veredes, arquitectura y divulgaci\u00f3n\" \/>\n<meta property=\"article:publisher\" content=\"https:\/\/www.facebook.com\/veredesArquitecturayDivulgacion\/\" \/>\n<meta property=\"article:author\" content=\"https:\/\/www.facebook.com\/veredesArquitecturayDivulgacion\/\" \/>\n<meta property=\"article:published_time\" content=\"2024-04-23T22:01:31+00:00\" \/>\n<meta property=\"og:image\" content=\"https:\/\/veredes.es\/blog\/wp-content\/uploads\/2024\/04\/Reforma-y-Ampliacion-de-Les-Cases-dels-Mestres-Zaga-Arquitectura-Som-Habitat-2-\u00a9Milena-Villalba.jpg\" \/>\n\t<meta property=\"og:image:width\" content=\"1400\" \/>\n\t<meta property=\"og:image:height\" content=\"933\" \/>\n\t<meta property=\"og:image:type\" content=\"image\/jpeg\" \/>\n<meta name=\"author\" content=\"veredes\" \/>\n<meta name=\"twitter:card\" content=\"summary_large_image\" \/>\n<meta name=\"twitter:creator\" content=\"@https:\/\/twitter.com\/veredes\" \/>\n<meta name=\"twitter:site\" content=\"@veredes\" \/>\n<meta name=\"twitter:label1\" content=\"Escrito por\" \/>\n\t<meta name=\"twitter:data1\" content=\"veredes\" \/>\n\t<meta name=\"twitter:label2\" content=\"Tiempo de lectura\" \/>\n\t<meta name=\"twitter:data2\" content=\"7 minutos\" \/>\n<script type=\"application\/ld+json\" class=\"yoast-schema-graph\">{\"@context\":\"https:\\\/\\\/schema.org\",\"@graph\":[{\"@type\":\"Article\",\"@id\":\"https:\\\/\\\/veredes.es\\\/blog\\\/reforma-y-ampliacion-de-les-cases-dels-mestres-zaga-arquitectura-som-habitat\\\/#article\",\"isPartOf\":{\"@id\":\"https:\\\/\\\/veredes.es\\\/blog\\\/reforma-y-ampliacion-de-les-cases-dels-mestres-zaga-arquitectura-som-habitat\\\/\"},\"author\":{\"name\":\"veredes\",\"@id\":\"https:\\\/\\\/veredes.es\\\/blog\\\/#\\\/schema\\\/person\\\/0bbb669073ef7faba5168a0844e93d2c\"},\"headline\":\"Reforma y Ampliaci\u00f3n de Les Cases dels Mestres | Zaga Arquitectura &#8211; Som Habitat\",\"datePublished\":\"2024-04-23T22:01:31+00:00\",\"mainEntityOfPage\":{\"@id\":\"https:\\\/\\\/veredes.es\\\/blog\\\/reforma-y-ampliacion-de-les-cases-dels-mestres-zaga-arquitectura-som-habitat\\\/\"},\"wordCount\":1199,\"commentCount\":0,\"publisher\":{\"@id\":\"https:\\\/\\\/veredes.es\\\/blog\\\/#organization\"},\"image\":{\"@id\":\"https:\\\/\\\/veredes.es\\\/blog\\\/reforma-y-ampliacion-de-les-cases-dels-mestres-zaga-arquitectura-som-habitat\\\/#primaryimage\"},\"thumbnailUrl\":\"https:\\\/\\\/veredes.es\\\/blog\\\/wp-content\\\/uploads\\\/2024\\\/04\\\/Reforma-y-Ampliacion-de-Les-Cases-dels-Mestres-Zaga-Arquitectura-Som-Habitat-2-\u00a9Milena-Villalba.jpg\",\"keywords\":[\"Daniel Molina\",\"Mariana Plana\",\"Maribel Gonz\u00e1lez\",\"Nicol\u00e1s Markuerkiaga\",\"rehabilitaci\u00f3n\",\"Som Habitat\",\"vivienda colectiva\",\"Zaga Arquitectura\"],\"articleSection\":[\"arquitectura\",\"equipamiento docente\",\"obras\",\"rehabilitaci\u00f3n\",\"slider principal\",\"vivienda colectiva\"],\"inLanguage\":\"es\",\"potentialAction\":[{\"@type\":\"CommentAction\",\"name\":\"Comment\",\"target\":[\"https:\\\/\\\/veredes.es\\\/blog\\\/reforma-y-ampliacion-de-les-cases-dels-mestres-zaga-arquitectura-som-habitat\\\/#respond\"]}]},{\"@type\":\"WebPage\",\"@id\":\"https:\\\/\\\/veredes.es\\\/blog\\\/reforma-y-ampliacion-de-les-cases-dels-mestres-zaga-arquitectura-som-habitat\\\/\",\"url\":\"https:\\\/\\\/veredes.es\\\/blog\\\/reforma-y-ampliacion-de-les-cases-dels-mestres-zaga-arquitectura-som-habitat\\\/\",\"name\":\"Reforma y Ampliaci\u00f3n de Les Cases dels Mestres | Zaga Arquitectura - Som Habitat - veredes\",\"isPartOf\":{\"@id\":\"https:\\\/\\\/veredes.es\\\/blog\\\/#website\"},\"primaryImageOfPage\":{\"@id\":\"https:\\\/\\\/veredes.es\\\/blog\\\/reforma-y-ampliacion-de-les-cases-dels-mestres-zaga-arquitectura-som-habitat\\\/#primaryimage\"},\"image\":{\"@id\":\"https:\\\/\\\/veredes.es\\\/blog\\\/reforma-y-ampliacion-de-les-cases-dels-mestres-zaga-arquitectura-som-habitat\\\/#primaryimage\"},\"thumbnailUrl\":\"https:\\\/\\\/veredes.es\\\/blog\\\/wp-content\\\/uploads\\\/2024\\\/04\\\/Reforma-y-Ampliacion-de-Les-Cases-dels-Mestres-Zaga-Arquitectura-Som-Habitat-2-\u00a9Milena-Villalba.jpg\",\"datePublished\":\"2024-04-23T22:01:31+00:00\",\"description\":\"Toda la informaci\u00f3n sobre: Reforma y Ampliaci\u00f3n de Les Cases dels Mestres | Zaga Arquitectura - Som Habitat\",\"breadcrumb\":{\"@id\":\"https:\\\/\\\/veredes.es\\\/blog\\\/reforma-y-ampliacion-de-les-cases-dels-mestres-zaga-arquitectura-som-habitat\\\/#breadcrumb\"},\"inLanguage\":\"es\",\"potentialAction\":[{\"@type\":\"ReadAction\",\"target\":[\"https:\\\/\\\/veredes.es\\\/blog\\\/reforma-y-ampliacion-de-les-cases-dels-mestres-zaga-arquitectura-som-habitat\\\/\"]}]},{\"@type\":\"ImageObject\",\"inLanguage\":\"es\",\"@id\":\"https:\\\/\\\/veredes.es\\\/blog\\\/reforma-y-ampliacion-de-les-cases-dels-mestres-zaga-arquitectura-som-habitat\\\/#primaryimage\",\"url\":\"https:\\\/\\\/veredes.es\\\/blog\\\/wp-content\\\/uploads\\\/2024\\\/04\\\/Reforma-y-Ampliacion-de-Les-Cases-dels-Mestres-Zaga-Arquitectura-Som-Habitat-2-\u00a9Milena-Villalba.jpg\",\"contentUrl\":\"https:\\\/\\\/veredes.es\\\/blog\\\/wp-content\\\/uploads\\\/2024\\\/04\\\/Reforma-y-Ampliacion-de-Les-Cases-dels-Mestres-Zaga-Arquitectura-Som-Habitat-2-\u00a9Milena-Villalba.jpg\",\"width\":1400,\"height\":933,\"caption\":\"Reforma y Ampliaci\u00f3n de Les Cases dels Mestres | Zaga Arquitectura - Som Habitat \u00a9Milena Villalba\"},{\"@type\":\"BreadcrumbList\",\"@id\":\"https:\\\/\\\/veredes.es\\\/blog\\\/reforma-y-ampliacion-de-les-cases-dels-mestres-zaga-arquitectura-som-habitat\\\/#breadcrumb\",\"itemListElement\":[{\"@type\":\"ListItem\",\"position\":1,\"name\":\"Portada\",\"item\":\"https:\\\/\\\/veredes.es\\\/blog\\\/\"},{\"@type\":\"ListItem\",\"position\":2,\"name\":\"Reforma y Ampliaci\u00f3n de Les Cases dels Mestres | Zaga Arquitectura &#8211; Som Habitat\"}]},{\"@type\":\"WebSite\",\"@id\":\"https:\\\/\\\/veredes.es\\\/blog\\\/#website\",\"url\":\"https:\\\/\\\/veredes.es\\\/blog\\\/\",\"name\":\"veredes, arquitectura y divulgaci\u00f3n\",\"description\":\"veredes\",\"publisher\":{\"@id\":\"https:\\\/\\\/veredes.es\\\/blog\\\/#organization\"},\"alternateName\":\"veredes\",\"potentialAction\":[{\"@type\":\"SearchAction\",\"target\":{\"@type\":\"EntryPoint\",\"urlTemplate\":\"https:\\\/\\\/veredes.es\\\/blog\\\/?s={search_term_string}\"},\"query-input\":{\"@type\":\"PropertyValueSpecification\",\"valueRequired\":true,\"valueName\":\"search_term_string\"}}],\"inLanguage\":\"es\"},{\"@type\":\"Organization\",\"@id\":\"https:\\\/\\\/veredes.es\\\/blog\\\/#organization\",\"name\":\"veredes, arquitectura y divulgaci\u00f3n\",\"alternateName\":\"veredes\",\"url\":\"https:\\\/\\\/veredes.es\\\/blog\\\/\",\"logo\":{\"@type\":\"ImageObject\",\"inLanguage\":\"es\",\"@id\":\"https:\\\/\\\/veredes.es\\\/blog\\\/#\\\/schema\\\/logo\\\/image\\\/\",\"url\":\"https:\\\/\\\/veredes.es\\\/blog\\\/wp-content\\\/uploads\\\/2021\\\/12\\\/veredes-logo-centrado_140x54.png\",\"contentUrl\":\"https:\\\/\\\/veredes.es\\\/blog\\\/wp-content\\\/uploads\\\/2021\\\/12\\\/veredes-logo-centrado_140x54.png\",\"width\":140,\"height\":54,\"caption\":\"veredes, arquitectura y divulgaci\u00f3n\"},\"image\":{\"@id\":\"https:\\\/\\\/veredes.es\\\/blog\\\/#\\\/schema\\\/logo\\\/image\\\/\"},\"sameAs\":[\"https:\\\/\\\/www.facebook.com\\\/veredesArquitecturayDivulgacion\\\/\",\"https:\\\/\\\/x.com\\\/veredes\",\"https:\\\/\\\/instagram.com\\\/veredes\\\/\",\"https:\\\/\\\/www.linkedin.com\\\/company\\\/veredes-arquitectura-y-divulgacion\\\/\",\"https:\\\/\\\/es.pinterest.com\\\/veredes\\\/\",\"https:\\\/\\\/www.tumblr.com\\\/veredes\"]},{\"@type\":\"Person\",\"@id\":\"https:\\\/\\\/veredes.es\\\/blog\\\/#\\\/schema\\\/person\\\/0bbb669073ef7faba5168a0844e93d2c\",\"name\":\"veredes\",\"image\":{\"@type\":\"ImageObject\",\"inLanguage\":\"es\",\"@id\":\"https:\\\/\\\/veredes.es\\\/blog\\\/wp-content\\\/uploads\\\/2018\\\/04\\\/face-96x96.jpg\",\"url\":\"https:\\\/\\\/veredes.es\\\/blog\\\/wp-content\\\/uploads\\\/2018\\\/04\\\/face-96x96.jpg\",\"contentUrl\":\"https:\\\/\\\/veredes.es\\\/blog\\\/wp-content\\\/uploads\\\/2018\\\/04\\\/face-96x96.jpg\",\"caption\":\"veredes\"},\"description\":\"Surge enero de 2009 como b\u00fasqueda de satisfacer el conocimiento de la actividad arquitect\u00f3nica y tangentes que se generan. La idea es crear un espacio para divulgar los diversos proyectos en busca de nueva inspiraci\u00f3n y de intercambio.\",\"sameAs\":[\"https:\\\/\\\/veredes.es\\\/\",\"https:\\\/\\\/www.facebook.com\\\/veredesArquitecturayDivulgacion\\\/\",\"https:\\\/\\\/www.instagram.com\\\/veredes\\\/\",\"https:\\\/\\\/www.linkedin.com\\\/company\\\/veredes-arquitectura-y-divulgacion\\\/\",\"https:\\\/\\\/www.pinterest.es\\\/veredes\\\/\",\"https:\\\/\\\/x.com\\\/https:\\\/\\\/twitter.com\\\/veredes\",\"https:\\\/\\\/veredes.tumblr.com\\\/\"],\"url\":\"https:\\\/\\\/veredes.es\\\/blog\\\/author\\\/alberto\\\/\"}]}<\/script>\n<!-- \/ Yoast SEO plugin. -->","yoast_head_json":{"title":"Reforma y Ampliaci\u00f3n de Les Cases dels Mestres | Zaga Arquitectura - Som Habitat - veredes","description":"Toda la informaci\u00f3n sobre: Reforma y Ampliaci\u00f3n de Les Cases dels Mestres | Zaga Arquitectura - Som Habitat","robots":{"index":"index","follow":"follow","max-snippet":"max-snippet:-1","max-image-preview":"max-image-preview:large","max-video-preview":"max-video-preview:-1"},"canonical":"https:\/\/veredes.es\/blog\/reforma-y-ampliacion-de-les-cases-dels-mestres-zaga-arquitectura-som-habitat\/","og_locale":"es_ES","og_type":"article","og_title":"Reforma y Ampliaci\u00f3n de Les Cases dels Mestres | Zaga Arquitectura - Som Habitat - veredes","og_description":"Toda la informaci\u00f3n sobre: Reforma y Ampliaci\u00f3n de Les Cases dels Mestres | Zaga Arquitectura - Som Habitat","og_url":"https:\/\/veredes.es\/blog\/reforma-y-ampliacion-de-les-cases-dels-mestres-zaga-arquitectura-som-habitat\/","og_site_name":"veredes, arquitectura y divulgaci\u00f3n","article_publisher":"https:\/\/www.facebook.com\/veredesArquitecturayDivulgacion\/","article_author":"https:\/\/www.facebook.com\/veredesArquitecturayDivulgacion\/","article_published_time":"2024-04-23T22:01:31+00:00","og_image":[{"width":1400,"height":933,"url":"https:\/\/veredes.es\/blog\/wp-content\/uploads\/2024\/04\/Reforma-y-Ampliacion-de-Les-Cases-dels-Mestres-Zaga-Arquitectura-Som-Habitat-2-\u00a9Milena-Villalba.jpg","type":"image\/jpeg"}],"author":"veredes","twitter_card":"summary_large_image","twitter_creator":"@https:\/\/twitter.com\/veredes","twitter_site":"@veredes","twitter_misc":{"Escrito por":"veredes","Tiempo de lectura":"7 minutos"},"schema":{"@context":"https:\/\/schema.org","@graph":[{"@type":"Article","@id":"https:\/\/veredes.es\/blog\/reforma-y-ampliacion-de-les-cases-dels-mestres-zaga-arquitectura-som-habitat\/#article","isPartOf":{"@id":"https:\/\/veredes.es\/blog\/reforma-y-ampliacion-de-les-cases-dels-mestres-zaga-arquitectura-som-habitat\/"},"author":{"name":"veredes","@id":"https:\/\/veredes.es\/blog\/#\/schema\/person\/0bbb669073ef7faba5168a0844e93d2c"},"headline":"Reforma y Ampliaci\u00f3n de Les Cases dels Mestres | Zaga Arquitectura &#8211; Som Habitat","datePublished":"2024-04-23T22:01:31+00:00","mainEntityOfPage":{"@id":"https:\/\/veredes.es\/blog\/reforma-y-ampliacion-de-les-cases-dels-mestres-zaga-arquitectura-som-habitat\/"},"wordCount":1199,"commentCount":0,"publisher":{"@id":"https:\/\/veredes.es\/blog\/#organization"},"image":{"@id":"https:\/\/veredes.es\/blog\/reforma-y-ampliacion-de-les-cases-dels-mestres-zaga-arquitectura-som-habitat\/#primaryimage"},"thumbnailUrl":"https:\/\/veredes.es\/blog\/wp-content\/uploads\/2024\/04\/Reforma-y-Ampliacion-de-Les-Cases-dels-Mestres-Zaga-Arquitectura-Som-Habitat-2-\u00a9Milena-Villalba.jpg","keywords":["Daniel Molina","Mariana Plana","Maribel Gonz\u00e1lez","Nicol\u00e1s Markuerkiaga","rehabilitaci\u00f3n","Som Habitat","vivienda colectiva","Zaga Arquitectura"],"articleSection":["arquitectura","equipamiento docente","obras","rehabilitaci\u00f3n","slider principal","vivienda colectiva"],"inLanguage":"es","potentialAction":[{"@type":"CommentAction","name":"Comment","target":["https:\/\/veredes.es\/blog\/reforma-y-ampliacion-de-les-cases-dels-mestres-zaga-arquitectura-som-habitat\/#respond"]}]},{"@type":"WebPage","@id":"https:\/\/veredes.es\/blog\/reforma-y-ampliacion-de-les-cases-dels-mestres-zaga-arquitectura-som-habitat\/","url":"https:\/\/veredes.es\/blog\/reforma-y-ampliacion-de-les-cases-dels-mestres-zaga-arquitectura-som-habitat\/","name":"Reforma y Ampliaci\u00f3n de Les Cases dels Mestres | Zaga Arquitectura - Som Habitat - veredes","isPartOf":{"@id":"https:\/\/veredes.es\/blog\/#website"},"primaryImageOfPage":{"@id":"https:\/\/veredes.es\/blog\/reforma-y-ampliacion-de-les-cases-dels-mestres-zaga-arquitectura-som-habitat\/#primaryimage"},"image":{"@id":"https:\/\/veredes.es\/blog\/reforma-y-ampliacion-de-les-cases-dels-mestres-zaga-arquitectura-som-habitat\/#primaryimage"},"thumbnailUrl":"https:\/\/veredes.es\/blog\/wp-content\/uploads\/2024\/04\/Reforma-y-Ampliacion-de-Les-Cases-dels-Mestres-Zaga-Arquitectura-Som-Habitat-2-\u00a9Milena-Villalba.jpg","datePublished":"2024-04-23T22:01:31+00:00","description":"Toda la informaci\u00f3n sobre: Reforma y Ampliaci\u00f3n de Les Cases dels Mestres | Zaga Arquitectura - Som Habitat","breadcrumb":{"@id":"https:\/\/veredes.es\/blog\/reforma-y-ampliacion-de-les-cases-dels-mestres-zaga-arquitectura-som-habitat\/#breadcrumb"},"inLanguage":"es","potentialAction":[{"@type":"ReadAction","target":["https:\/\/veredes.es\/blog\/reforma-y-ampliacion-de-les-cases-dels-mestres-zaga-arquitectura-som-habitat\/"]}]},{"@type":"ImageObject","inLanguage":"es","@id":"https:\/\/veredes.es\/blog\/reforma-y-ampliacion-de-les-cases-dels-mestres-zaga-arquitectura-som-habitat\/#primaryimage","url":"https:\/\/veredes.es\/blog\/wp-content\/uploads\/2024\/04\/Reforma-y-Ampliacion-de-Les-Cases-dels-Mestres-Zaga-Arquitectura-Som-Habitat-2-\u00a9Milena-Villalba.jpg","contentUrl":"https:\/\/veredes.es\/blog\/wp-content\/uploads\/2024\/04\/Reforma-y-Ampliacion-de-Les-Cases-dels-Mestres-Zaga-Arquitectura-Som-Habitat-2-\u00a9Milena-Villalba.jpg","width":1400,"height":933,"caption":"Reforma y Ampliaci\u00f3n de Les Cases dels Mestres | Zaga Arquitectura - Som Habitat \u00a9Milena Villalba"},{"@type":"BreadcrumbList","@id":"https:\/\/veredes.es\/blog\/reforma-y-ampliacion-de-les-cases-dels-mestres-zaga-arquitectura-som-habitat\/#breadcrumb","itemListElement":[{"@type":"ListItem","position":1,"name":"Portada","item":"https:\/\/veredes.es\/blog\/"},{"@type":"ListItem","position":2,"name":"Reforma y Ampliaci\u00f3n de Les Cases dels Mestres | Zaga Arquitectura &#8211; Som Habitat"}]},{"@type":"WebSite","@id":"https:\/\/veredes.es\/blog\/#website","url":"https:\/\/veredes.es\/blog\/","name":"veredes, arquitectura y divulgaci\u00f3n","description":"veredes","publisher":{"@id":"https:\/\/veredes.es\/blog\/#organization"},"alternateName":"veredes","potentialAction":[{"@type":"SearchAction","target":{"@type":"EntryPoint","urlTemplate":"https:\/\/veredes.es\/blog\/?s={search_term_string}"},"query-input":{"@type":"PropertyValueSpecification","valueRequired":true,"valueName":"search_term_string"}}],"inLanguage":"es"},{"@type":"Organization","@id":"https:\/\/veredes.es\/blog\/#organization","name":"veredes, arquitectura y divulgaci\u00f3n","alternateName":"veredes","url":"https:\/\/veredes.es\/blog\/","logo":{"@type":"ImageObject","inLanguage":"es","@id":"https:\/\/veredes.es\/blog\/#\/schema\/logo\/image\/","url":"https:\/\/veredes.es\/blog\/wp-content\/uploads\/2021\/12\/veredes-logo-centrado_140x54.png","contentUrl":"https:\/\/veredes.es\/blog\/wp-content\/uploads\/2021\/12\/veredes-logo-centrado_140x54.png","width":140,"height":54,"caption":"veredes, arquitectura y divulgaci\u00f3n"},"image":{"@id":"https:\/\/veredes.es\/blog\/#\/schema\/logo\/image\/"},"sameAs":["https:\/\/www.facebook.com\/veredesArquitecturayDivulgacion\/","https:\/\/x.com\/veredes","https:\/\/instagram.com\/veredes\/","https:\/\/www.linkedin.com\/company\/veredes-arquitectura-y-divulgacion\/","https:\/\/es.pinterest.com\/veredes\/","https:\/\/www.tumblr.com\/veredes"]},{"@type":"Person","@id":"https:\/\/veredes.es\/blog\/#\/schema\/person\/0bbb669073ef7faba5168a0844e93d2c","name":"veredes","image":{"@type":"ImageObject","inLanguage":"es","@id":"https:\/\/veredes.es\/blog\/wp-content\/uploads\/2018\/04\/face-96x96.jpg","url":"https:\/\/veredes.es\/blog\/wp-content\/uploads\/2018\/04\/face-96x96.jpg","contentUrl":"https:\/\/veredes.es\/blog\/wp-content\/uploads\/2018\/04\/face-96x96.jpg","caption":"veredes"},"description":"Surge enero de 2009 como b\u00fasqueda de satisfacer el conocimiento de la actividad arquitect\u00f3nica y tangentes que se generan. La idea es crear un espacio para divulgar los diversos proyectos en busca de nueva inspiraci\u00f3n y de intercambio.","sameAs":["https:\/\/veredes.es\/","https:\/\/www.facebook.com\/veredesArquitecturayDivulgacion\/","https:\/\/www.instagram.com\/veredes\/","https:\/\/www.linkedin.com\/company\/veredes-arquitectura-y-divulgacion\/","https:\/\/www.pinterest.es\/veredes\/","https:\/\/x.com\/https:\/\/twitter.com\/veredes","https:\/\/veredes.tumblr.com\/"],"url":"https:\/\/veredes.es\/blog\/author\/alberto\/"}]}},"_links":{"self":[{"href":"https:\/\/veredes.es\/blog\/wp-json\/wp\/v2\/posts\/97939","targetHints":{"allow":["GET"]}}],"collection":[{"href":"https:\/\/veredes.es\/blog\/wp-json\/wp\/v2\/posts"}],"about":[{"href":"https:\/\/veredes.es\/blog\/wp-json\/wp\/v2\/types\/post"}],"author":[{"embeddable":true,"href":"https:\/\/veredes.es\/blog\/wp-json\/wp\/v2\/users\/2"}],"replies":[{"embeddable":true,"href":"https:\/\/veredes.es\/blog\/wp-json\/wp\/v2\/comments?post=97939"}],"version-history":[{"count":0,"href":"https:\/\/veredes.es\/blog\/wp-json\/wp\/v2\/posts\/97939\/revisions"}],"wp:featuredmedia":[{"embeddable":true,"href":"https:\/\/veredes.es\/blog\/wp-json\/wp\/v2\/media\/97968"}],"wp:attachment":[{"href":"https:\/\/veredes.es\/blog\/wp-json\/wp\/v2\/media?parent=97939"}],"wp:term":[{"taxonomy":"category","embeddable":true,"href":"https:\/\/veredes.es\/blog\/wp-json\/wp\/v2\/categories?post=97939"},{"taxonomy":"post_tag","embeddable":true,"href":"https:\/\/veredes.es\/blog\/wp-json\/wp\/v2\/tags?post=97939"}],"curies":[{"name":"wp","href":"https:\/\/api.w.org\/{rel}","templated":true}]}}