{"id":97914,"date":"2024-04-17T00:01:25","date_gmt":"2024-04-16T22:01:25","guid":{"rendered":"https:\/\/veredes.es\/blog\/?p=97914"},"modified":"2024-03-15T10:35:12","modified_gmt":"2024-03-15T09:35:12","slug":"pabellon-sombras-en-gravedad-facultad-de-arquitectura-y-arte-udd-sursur-eletres-studio","status":"publish","type":"post","link":"https:\/\/veredes.es\/blog\/pabellon-sombras-en-gravedad-facultad-de-arquitectura-y-arte-udd-sursur-eletres-studio\/","title":{"rendered":"Pabell\u00f3n Sombras en Gravedad | Facultad de Arquitectura y Arte UDD SurSur + Eletres Studio"},"content":{"rendered":"<figure id=\"attachment_97917\" aria-describedby=\"caption-attachment-97917\" style=\"width: 1400px\" class=\"wp-caption alignnone\"><img loading=\"lazy\" decoding=\"async\" class=\"size-full wp-image-97917\" src=\"https:\/\/veredes.es\/blog\/wp-content\/uploads\/2024\/04\/Pabellon-Sombras-en-Gravedad-Facultad-de-Arquitectura-y-Arte-UDD-SurSur-Eletres-Studio-1.jpg\" alt=\"Pabell\u00f3n Sombras en Gravedad  Facultad de Arquitectura y Arte UDD SurSur + Eletres Studio\" width=\"1400\" height=\"933\" srcset=\"https:\/\/veredes.es\/blog\/wp-content\/uploads\/2024\/04\/Pabellon-Sombras-en-Gravedad-Facultad-de-Arquitectura-y-Arte-UDD-SurSur-Eletres-Studio-1.jpg 1400w, https:\/\/veredes.es\/blog\/wp-content\/uploads\/2024\/04\/Pabellon-Sombras-en-Gravedad-Facultad-de-Arquitectura-y-Arte-UDD-SurSur-Eletres-Studio-1-300x200.jpg 300w, https:\/\/veredes.es\/blog\/wp-content\/uploads\/2024\/04\/Pabellon-Sombras-en-Gravedad-Facultad-de-Arquitectura-y-Arte-UDD-SurSur-Eletres-Studio-1-1024x682.jpg 1024w, https:\/\/veredes.es\/blog\/wp-content\/uploads\/2024\/04\/Pabellon-Sombras-en-Gravedad-Facultad-de-Arquitectura-y-Arte-UDD-SurSur-Eletres-Studio-1-696x464.jpg 696w, https:\/\/veredes.es\/blog\/wp-content\/uploads\/2024\/04\/Pabellon-Sombras-en-Gravedad-Facultad-de-Arquitectura-y-Arte-UDD-SurSur-Eletres-Studio-1-1068x712.jpg 1068w\" sizes=\"auto, (max-width: 1400px) 100vw, 1400px\" \/><figcaption id=\"caption-attachment-97917\" class=\"wp-caption-text\"><span style=\"color: #999999;\">Pabell\u00f3n Sombras en Gravedad | Facultad de Arquitectura y Arte UDD SurSur + Eletres Studio \u00a9 Facultad de Arquitectura y Arte UDD SurSur<\/span><\/figcaption><\/figure>\n<p style=\"text-align: justify;\">Inicia su materializaci\u00f3n desde la oficina de arquitectura Eletres Studio y en colaboraci\u00f3n con la Facultad de Arquitectura y Arte UDD SurSur, Concepci\u00f3n Chile, el proyecto <strong>Pabell\u00f3n Sombras en Gravedad<\/strong> tuvo como idea general proponer un pabell\u00f3n experimental y sensitivo que permitiese reconocer los valores sociales y paisaj\u00edsticos de uno de los escenarios culturales m\u00e1s grandes de Chile, la explanada del Teatro Regional del Biob\u00edo dise\u00f1ado por <a href=\"https:\/\/veredes.es\/blog\/tag\/smiljan-radic\/\" target=\"_blank\" rel=\"noopener\">Smiljan Radic<\/a>, Eduardo Castillo y Gabriela Medrano.<\/p>\n<div id='gallery-1' class='gallery galleryid-97914 gallery-columns-4 gallery-size-thumbnail'><figure class='gallery-item'>\n\t\t\t<div class='gallery-icon landscape'>\n\t\t\t\t<a href='https:\/\/veredes.es\/blog\/wp-content\/uploads\/2024\/04\/Pabellon-Sombras-en-Gravedad-Facultad-de-Arquitectura-y-Arte-UDD-SurSur-Eletres-Studio-I1.jpg'><img loading=\"lazy\" decoding=\"async\" width=\"120\" height=\"120\" src=\"https:\/\/veredes.es\/blog\/wp-content\/uploads\/2024\/04\/Pabellon-Sombras-en-Gravedad-Facultad-de-Arquitectura-y-Arte-UDD-SurSur-Eletres-Studio-I1-120x120.jpg\" class=\"attachment-thumbnail size-thumbnail\" alt=\"Pabell\u00f3n Sombras en Gravedad Facultad de Arquitectura y Arte UDD SurSur + Eletres Studio I1\" aria-describedby=\"gallery-1-97918\" \/><\/a>\n\t\t\t<\/div>\n\t\t\t\t<figcaption class='wp-caption-text gallery-caption' id='gallery-1-97918'>\n\t\t\t\tPabell\u00f3n Sombras en Gravedad | Facultad de Arquitectura y Arte UDD SurSur + Eletres Studio \n\t\t\t\t<\/figcaption><\/figure><figure class='gallery-item'>\n\t\t\t<div class='gallery-icon landscape'>\n\t\t\t\t<a href='https:\/\/veredes.es\/blog\/wp-content\/uploads\/2024\/04\/Pabellon-Sombras-en-Gravedad-Facultad-de-Arquitectura-y-Arte-UDD-SurSur-Eletres-Studio-I2.jpg'><img loading=\"lazy\" decoding=\"async\" width=\"120\" height=\"120\" src=\"https:\/\/veredes.es\/blog\/wp-content\/uploads\/2024\/04\/Pabellon-Sombras-en-Gravedad-Facultad-de-Arquitectura-y-Arte-UDD-SurSur-Eletres-Studio-I2-120x120.jpg\" class=\"attachment-thumbnail size-thumbnail\" alt=\"Pabell\u00f3n Sombras en Gravedad Facultad de Arquitectura y Arte UDD SurSur + Eletres Studio I2\" aria-describedby=\"gallery-1-97919\" \/><\/a>\n\t\t\t<\/div>\n\t\t\t\t<figcaption class='wp-caption-text gallery-caption' id='gallery-1-97919'>\n\t\t\t\tPabell\u00f3n Sombras en Gravedad | Facultad de Arquitectura y Arte UDD SurSur + Eletres Studio \n\t\t\t\t<\/figcaption><\/figure><figure class='gallery-item'>\n\t\t\t<div class='gallery-icon landscape'>\n\t\t\t\t<a href='https:\/\/veredes.es\/blog\/wp-content\/uploads\/2024\/04\/Pabellon-Sombras-en-Gravedad-Facultad-de-Arquitectura-y-Arte-UDD-SurSur-Eletres-Studio-I3.jpg'><img loading=\"lazy\" decoding=\"async\" width=\"120\" height=\"120\" src=\"https:\/\/veredes.es\/blog\/wp-content\/uploads\/2024\/04\/Pabellon-Sombras-en-Gravedad-Facultad-de-Arquitectura-y-Arte-UDD-SurSur-Eletres-Studio-I3-120x120.jpg\" class=\"attachment-thumbnail size-thumbnail\" alt=\"Pabell\u00f3n Sombras en Gravedad Facultad de Arquitectura y Arte UDD SurSur + Eletres Studio I3\" aria-describedby=\"gallery-1-97920\" \/><\/a>\n\t\t\t<\/div>\n\t\t\t\t<figcaption class='wp-caption-text gallery-caption' id='gallery-1-97920'>\n\t\t\t\tPabell\u00f3n Sombras en Gravedad | Facultad de Arquitectura y Arte UDD SurSur + Eletres Studio \n\t\t\t\t<\/figcaption><\/figure><figure class='gallery-item'>\n\t\t\t<div class='gallery-icon landscape'>\n\t\t\t\t<a href='https:\/\/veredes.es\/blog\/wp-content\/uploads\/2024\/04\/Pabellon-Sombras-en-Gravedad-Facultad-de-Arquitectura-y-Arte-UDD-SurSur-Eletres-Studio-I4.jpg'><img loading=\"lazy\" decoding=\"async\" width=\"120\" height=\"120\" src=\"https:\/\/veredes.es\/blog\/wp-content\/uploads\/2024\/04\/Pabellon-Sombras-en-Gravedad-Facultad-de-Arquitectura-y-Arte-UDD-SurSur-Eletres-Studio-I4-120x120.jpg\" class=\"attachment-thumbnail size-thumbnail\" alt=\"Pabell\u00f3n Sombras en Gravedad Facultad de Arquitectura y Arte UDD SurSur + Eletres Studio I4\" aria-describedby=\"gallery-1-97921\" \/><\/a>\n\t\t\t<\/div>\n\t\t\t\t<figcaption class='wp-caption-text gallery-caption' id='gallery-1-97921'>\n\t\t\t\tPabell\u00f3n Sombras en Gravedad | Facultad de Arquitectura y Arte UDD SurSur + Eletres Studio \n\t\t\t\t<\/figcaption><\/figure>\n\t\t<\/div>\n\n<p style=\"text-align: justify;\">El proyecto fue ejecutado dentro del ciclo de actividades acad\u00e9micas anuales denominadas <strong>Experiencia detonante 01 \u201cContacto con el territorio\u201d,<\/strong> por el equipo docente integrado por Miguel Nazar, Yanko Bugue\u00f1o, Jos\u00e9 Angel Brunel y Alessandra Sandolo junto a los estudiantes del Taller de primer a\u00f1o de la carrera de arquitectura UDD SurSur, durante el segundo semestre del a\u00f1o 2023.<\/p>\n<figure id=\"attachment_97922\" aria-describedby=\"caption-attachment-97922\" style=\"width: 900px\" class=\"wp-caption alignnone\"><img loading=\"lazy\" decoding=\"async\" class=\"wp-image-97922 size-full\" title=\"Pabell\u00f3n Sombras en Gravedad Facultad de Arquitectura y Arte UDD SurSur + Eletres Studio Planos\" src=\"https:\/\/veredes.es\/blog\/wp-content\/uploads\/2024\/04\/Pabellon-Sombras-en-Gravedad-Facultad-de-Arquitectura-y-Arte-UDD-SurSur-Eletres-Studio-Planos.gif\" alt=\"Pabell\u00f3n Sombras en Gravedad Facultad de Arquitectura y Arte UDD SurSur + Eletres Studio Planos\" width=\"900\" height=\"600\" \/><figcaption id=\"caption-attachment-97922\" class=\"wp-caption-text\"><span style=\"color: #999999;\">Pabell\u00f3n Sombras en Gravedad | Facultad de Arquitectura y Arte UDD SurSur + Eletres Studio | Planimetria<\/span><\/figcaption><\/figure>\n<p style=\"text-align: justify;\">La metodolog\u00eda de las actividades acad\u00e9micas propuso indagar sobre c\u00f3mo la arquitectura interpreta el territorio y comprende el lugar donde habitamos. Experiencia Detonante 01 agrupa actividades que exploran espacios y logran su transformaci\u00f3n temporal como parte del ejercicio acad\u00e9mico, el montaje del <strong>pabell\u00f3n Sombras en Gravedad<\/strong> representa el inicio de estas actividades, analizando las capacidades de los cambios temporales mediante la instalaci\u00f3n de proyectos ef\u00edmeros como ejercicio en el espacio p\u00fablico.<\/p>\n<figure id=\"attachment_97924\" aria-describedby=\"caption-attachment-97924\" style=\"width: 1400px\" class=\"wp-caption alignnone\"><img loading=\"lazy\" decoding=\"async\" class=\"wp-image-97924 size-full\" title=\"Pabell\u00f3n Sombras en Gravedad Facultad de Arquitectura y Arte UDD SurSur + Eletres Studio 2\" src=\"https:\/\/veredes.es\/blog\/wp-content\/uploads\/2024\/04\/Pabellon-Sombras-en-Gravedad-Facultad-de-Arquitectura-y-Arte-UDD-SurSur-Eletres-Studio-2.jpg\" alt=\"Pabell\u00f3n Sombras en Gravedad Facultad de Arquitectura y Arte UDD SurSur + Eletres Studio 2\" width=\"1400\" height=\"1872\" srcset=\"https:\/\/veredes.es\/blog\/wp-content\/uploads\/2024\/04\/Pabellon-Sombras-en-Gravedad-Facultad-de-Arquitectura-y-Arte-UDD-SurSur-Eletres-Studio-2.jpg 1400w, https:\/\/veredes.es\/blog\/wp-content\/uploads\/2024\/04\/Pabellon-Sombras-en-Gravedad-Facultad-de-Arquitectura-y-Arte-UDD-SurSur-Eletres-Studio-2-224x300.jpg 224w, https:\/\/veredes.es\/blog\/wp-content\/uploads\/2024\/04\/Pabellon-Sombras-en-Gravedad-Facultad-de-Arquitectura-y-Arte-UDD-SurSur-Eletres-Studio-2-766x1024.jpg 766w, https:\/\/veredes.es\/blog\/wp-content\/uploads\/2024\/04\/Pabellon-Sombras-en-Gravedad-Facultad-de-Arquitectura-y-Arte-UDD-SurSur-Eletres-Studio-2-1149x1536.jpg 1149w, https:\/\/veredes.es\/blog\/wp-content\/uploads\/2024\/04\/Pabellon-Sombras-en-Gravedad-Facultad-de-Arquitectura-y-Arte-UDD-SurSur-Eletres-Studio-2-696x931.jpg 696w, https:\/\/veredes.es\/blog\/wp-content\/uploads\/2024\/04\/Pabellon-Sombras-en-Gravedad-Facultad-de-Arquitectura-y-Arte-UDD-SurSur-Eletres-Studio-2-1068x1428.jpg 1068w\" sizes=\"auto, (max-width: 1400px) 100vw, 1400px\" \/><figcaption id=\"caption-attachment-97924\" class=\"wp-caption-text\"><span style=\"color: #999999;\">Pabell\u00f3n Sombras en Gravedad | Facultad de Arquitectura y Arte UDD SurSur + Eletres Studio \u00a9 Facultad de Arquitectura y Arte UDD SurSur<\/span><\/figcaption><\/figure>\n<p style=\"text-align: justify;\">La composici\u00f3n final del pabell\u00f3n propone un espacio experimental que simula la nulidad de la gravedad, cuerpos inflables de luz se organizan de forma radial, encontr\u00e1ndose en suspensi\u00f3n a trav\u00e9s de armazones livianos de soporte, estos elementos de soporte son r\u00edgidos en su composici\u00f3n pero fr\u00e1giles en su percepci\u00f3n, aportando a las caracter\u00edsticas de ingravidez de cada volumen inflable. Cada elemento en unitario recrea un ambiente lum\u00ednico y en conjunto, una atm\u00f3sfera que no responde a un espacio cartogr\u00e1fico, pero s\u00ed a un momento espec\u00edfico.<\/p>\n<figure id=\"attachment_97923\" aria-describedby=\"caption-attachment-97923\" style=\"width: 1400px\" class=\"wp-caption alignnone\"><img loading=\"lazy\" decoding=\"async\" class=\"wp-image-97923 size-full\" title=\"Pabell\u00f3n Sombras en Gravedad Facultad de Arquitectura y Arte UDD SurSur + Eletres Studio 5\" src=\"https:\/\/veredes.es\/blog\/wp-content\/uploads\/2024\/04\/Pabellon-Sombras-en-Gravedad-Facultad-de-Arquitectura-y-Arte-UDD-SurSur-Eletres-Studio-5.jpg\" alt=\"Pabell\u00f3n Sombras en Gravedad Facultad de Arquitectura y Arte UDD SurSur + Eletres Studio 5\" width=\"1400\" height=\"2431\" srcset=\"https:\/\/veredes.es\/blog\/wp-content\/uploads\/2024\/04\/Pabellon-Sombras-en-Gravedad-Facultad-de-Arquitectura-y-Arte-UDD-SurSur-Eletres-Studio-5.jpg 1400w, https:\/\/veredes.es\/blog\/wp-content\/uploads\/2024\/04\/Pabellon-Sombras-en-Gravedad-Facultad-de-Arquitectura-y-Arte-UDD-SurSur-Eletres-Studio-5-173x300.jpg 173w, https:\/\/veredes.es\/blog\/wp-content\/uploads\/2024\/04\/Pabellon-Sombras-en-Gravedad-Facultad-de-Arquitectura-y-Arte-UDD-SurSur-Eletres-Studio-5-590x1024.jpg 590w, https:\/\/veredes.es\/blog\/wp-content\/uploads\/2024\/04\/Pabellon-Sombras-en-Gravedad-Facultad-de-Arquitectura-y-Arte-UDD-SurSur-Eletres-Studio-5-885x1536.jpg 885w, https:\/\/veredes.es\/blog\/wp-content\/uploads\/2024\/04\/Pabellon-Sombras-en-Gravedad-Facultad-de-Arquitectura-y-Arte-UDD-SurSur-Eletres-Studio-5-1179x2048.jpg 1179w, https:\/\/veredes.es\/blog\/wp-content\/uploads\/2024\/04\/Pabellon-Sombras-en-Gravedad-Facultad-de-Arquitectura-y-Arte-UDD-SurSur-Eletres-Studio-5-696x1209.jpg 696w, https:\/\/veredes.es\/blog\/wp-content\/uploads\/2024\/04\/Pabellon-Sombras-en-Gravedad-Facultad-de-Arquitectura-y-Arte-UDD-SurSur-Eletres-Studio-5-1068x1855.jpg 1068w\" sizes=\"auto, (max-width: 1400px) 100vw, 1400px\" \/><figcaption id=\"caption-attachment-97923\" class=\"wp-caption-text\"><span style=\"color: #999999;\">Pabell\u00f3n Sombras en Gravedad | Facultad de Arquitectura y Arte UDD SurSur + Eletres Studio \u00a9 Facultad de Arquitectura y Arte UDD SurSur<\/span><\/figcaption><\/figure>\n<p style=\"text-align: justify;\">La estructura se caracteriza por la organizaci\u00f3n sim\u00e9trica y en equilibrio de las 6 esferas, cada una adosada a un anillo met\u00e1lico, soportado por 6 elementos verticales de anclaje de 3 metros de altura, el \u00e1rea en conjunto es aproximadamente de 35 m\u00b2 y la composici\u00f3n final incluye contrapesos de hormig\u00f3n como soportes laterales para contrarrestar la oscilaci\u00f3n.<\/p>\n<figure id=\"attachment_97925\" aria-describedby=\"caption-attachment-97925\" style=\"width: 1400px\" class=\"wp-caption alignnone\"><img loading=\"lazy\" decoding=\"async\" class=\"size-full wp-image-97925\" src=\"https:\/\/veredes.es\/blog\/wp-content\/uploads\/2024\/04\/Pabellon-Sombras-en-Gravedad-Facultad-de-Arquitectura-y-Arte-UDD-SurSur-Eletres-Studio-7.jpg\" alt=\"Pabell\u00f3n Sombras en Gravedad Facultad de Arquitectura y Arte UDD SurSur + Eletres Studio 7\" width=\"1400\" height=\"2431\" srcset=\"https:\/\/veredes.es\/blog\/wp-content\/uploads\/2024\/04\/Pabellon-Sombras-en-Gravedad-Facultad-de-Arquitectura-y-Arte-UDD-SurSur-Eletres-Studio-7.jpg 1400w, https:\/\/veredes.es\/blog\/wp-content\/uploads\/2024\/04\/Pabellon-Sombras-en-Gravedad-Facultad-de-Arquitectura-y-Arte-UDD-SurSur-Eletres-Studio-7-173x300.jpg 173w, https:\/\/veredes.es\/blog\/wp-content\/uploads\/2024\/04\/Pabellon-Sombras-en-Gravedad-Facultad-de-Arquitectura-y-Arte-UDD-SurSur-Eletres-Studio-7-590x1024.jpg 590w, https:\/\/veredes.es\/blog\/wp-content\/uploads\/2024\/04\/Pabellon-Sombras-en-Gravedad-Facultad-de-Arquitectura-y-Arte-UDD-SurSur-Eletres-Studio-7-885x1536.jpg 885w, https:\/\/veredes.es\/blog\/wp-content\/uploads\/2024\/04\/Pabellon-Sombras-en-Gravedad-Facultad-de-Arquitectura-y-Arte-UDD-SurSur-Eletres-Studio-7-1179x2048.jpg 1179w, https:\/\/veredes.es\/blog\/wp-content\/uploads\/2024\/04\/Pabellon-Sombras-en-Gravedad-Facultad-de-Arquitectura-y-Arte-UDD-SurSur-Eletres-Studio-7-696x1209.jpg 696w, https:\/\/veredes.es\/blog\/wp-content\/uploads\/2024\/04\/Pabellon-Sombras-en-Gravedad-Facultad-de-Arquitectura-y-Arte-UDD-SurSur-Eletres-Studio-7-1068x1855.jpg 1068w\" sizes=\"auto, (max-width: 1400px) 100vw, 1400px\" \/><figcaption id=\"caption-attachment-97925\" class=\"wp-caption-text\"><span style=\"color: #999999;\">Pabell\u00f3n Sombras en Gravedad | Facultad de Arquitectura y Arte UDD SurSur + Eletres Studio \u00a9 Facultad de Arquitectura y Arte UDD SurSur<\/span><\/figcaption><\/figure>\n<p style=\"text-align: justify;\">Respetando la jerarqu\u00eda de un entorno de alto valor cultural, el pabell\u00f3n se orienta hacia el oeste y contin\u00faa la extensi\u00f3n del eje central que conecta el Teatro del BioB\u00edo y el Memorial del 27F, simbolizando una pauta entre ambas infraestructuras, jerarquizando as\u00ed temporalmente la alameda central con una obra que pretende ir m\u00e1s all\u00e1 de una propuesta arquitect\u00f3nica temporal en el espacio p\u00fablico, otorgando caracter\u00edsticas diferenciadas a la actividad diaria cotidiana que ocurre en este espacio cultural.<\/p>\n<div id='gallery-2' class='gallery galleryid-97914 gallery-columns-4 gallery-size-thumbnail'><figure class='gallery-item'>\n\t\t\t<div class='gallery-icon landscape'>\n\t\t\t\t<a href='https:\/\/veredes.es\/blog\/wp-content\/uploads\/2024\/04\/Pabellon-Sombras-en-Gravedad-Facultad-de-Arquitectura-y-Arte-UDD-SurSur-Eletres-Studio-P1-situacion.jpg'><img loading=\"lazy\" decoding=\"async\" width=\"120\" height=\"120\" src=\"https:\/\/veredes.es\/blog\/wp-content\/uploads\/2024\/04\/Pabellon-Sombras-en-Gravedad-Facultad-de-Arquitectura-y-Arte-UDD-SurSur-Eletres-Studio-P1-situacion-120x120.jpg\" class=\"attachment-thumbnail size-thumbnail\" alt=\"Pabell\u00f3n Sombras en Gravedad Facultad de Arquitectura y Arte UDD SurSur + Eletres Studio P1 situaci\u00f3n\" aria-describedby=\"gallery-2-97931\" \/><\/a>\n\t\t\t<\/div>\n\t\t\t\t<figcaption class='wp-caption-text gallery-caption' id='gallery-2-97931'>\n\t\t\t\tPabell\u00f3n Sombras en Gravedad | Facultad de Arquitectura y Arte UDD SurSur + Eletres Studio | Situaci\u00f3n\n\t\t\t\t<\/figcaption><\/figure><figure class='gallery-item'>\n\t\t\t<div class='gallery-icon landscape'>\n\t\t\t\t<a href='https:\/\/veredes.es\/blog\/wp-content\/uploads\/2024\/04\/Pabellon-Sombras-en-Gravedad-Facultad-de-Arquitectura-y-Arte-UDD-SurSur-Eletres-Studio-P2-situacion.jpg'><img loading=\"lazy\" decoding=\"async\" width=\"120\" height=\"120\" src=\"https:\/\/veredes.es\/blog\/wp-content\/uploads\/2024\/04\/Pabellon-Sombras-en-Gravedad-Facultad-de-Arquitectura-y-Arte-UDD-SurSur-Eletres-Studio-P2-situacion-120x120.jpg\" class=\"attachment-thumbnail size-thumbnail\" alt=\"Pabell\u00f3n Sombras en Gravedad Facultad de Arquitectura y Arte UDD SurSur + Eletres Studio P2 situaci\u00f3n\" aria-describedby=\"gallery-2-97932\" \/><\/a>\n\t\t\t<\/div>\n\t\t\t\t<figcaption class='wp-caption-text gallery-caption' id='gallery-2-97932'>\n\t\t\t\tPabell\u00f3n Sombras en Gravedad | Facultad de Arquitectura y Arte UDD SurSur + Eletres Studio | Situaci\u00f3n\n\t\t\t\t<\/figcaption><\/figure><figure class='gallery-item'>\n\t\t\t<div class='gallery-icon landscape'>\n\t\t\t\t<a href='https:\/\/veredes.es\/blog\/wp-content\/uploads\/2024\/04\/Pabellon-Sombras-en-Gravedad-Facultad-de-Arquitectura-y-Arte-UDD-SurSur-Eletres-Studio-P3-Planimetria.jpg'><img loading=\"lazy\" decoding=\"async\" width=\"120\" height=\"120\" src=\"https:\/\/veredes.es\/blog\/wp-content\/uploads\/2024\/04\/Pabellon-Sombras-en-Gravedad-Facultad-de-Arquitectura-y-Arte-UDD-SurSur-Eletres-Studio-P3-Planimetria-120x120.jpg\" class=\"attachment-thumbnail size-thumbnail\" alt=\"Pabell\u00f3n Sombras en Gravedad Facultad de Arquitectura y Arte UDD SurSur + Eletres Studio P3 Planimetr\u00eda\" aria-describedby=\"gallery-2-97933\" \/><\/a>\n\t\t\t<\/div>\n\t\t\t\t<figcaption class='wp-caption-text gallery-caption' id='gallery-2-97933'>\n\t\t\t\tPabell\u00f3n Sombras en Gravedad | Facultad de Arquitectura y Arte UDD SurSur + Eletres Studio | Planimetria\n\t\t\t\t<\/figcaption><\/figure><figure class='gallery-item'>\n\t\t\t<div class='gallery-icon landscape'>\n\t\t\t\t<a href='https:\/\/veredes.es\/blog\/wp-content\/uploads\/2024\/04\/Pabellon-Sombras-en-Gravedad-Facultad-de-Arquitectura-y-Arte-UDD-SurSur-Eletres-Studio-M1.jpg'><img loading=\"lazy\" decoding=\"async\" width=\"120\" height=\"120\" src=\"https:\/\/veredes.es\/blog\/wp-content\/uploads\/2024\/04\/Pabellon-Sombras-en-Gravedad-Facultad-de-Arquitectura-y-Arte-UDD-SurSur-Eletres-Studio-M1-120x120.jpg\" class=\"attachment-thumbnail size-thumbnail\" alt=\"Pabell\u00f3n Sombras en Gravedad Facultad de Arquitectura y Arte UDD SurSur + Eletres Studio M1\" aria-describedby=\"gallery-2-97927\" \/><\/a>\n\t\t\t<\/div>\n\t\t\t\t<figcaption class='wp-caption-text gallery-caption' id='gallery-2-97927'>\n\t\t\t\tPabell\u00f3n Sombras en Gravedad | Facultad de Arquitectura y Arte UDD SurSur + Eletres Studio \n\t\t\t\t<\/figcaption><\/figure><figure class='gallery-item'>\n\t\t\t<div class='gallery-icon landscape'>\n\t\t\t\t<a href='https:\/\/veredes.es\/blog\/wp-content\/uploads\/2024\/04\/Pabellon-Sombras-en-Gravedad-Facultad-de-Arquitectura-y-Arte-UDD-SurSur-Eletres-Studio-M2.jpg'><img loading=\"lazy\" decoding=\"async\" width=\"120\" height=\"120\" src=\"https:\/\/veredes.es\/blog\/wp-content\/uploads\/2024\/04\/Pabellon-Sombras-en-Gravedad-Facultad-de-Arquitectura-y-Arte-UDD-SurSur-Eletres-Studio-M2-120x120.jpg\" class=\"attachment-thumbnail size-thumbnail\" alt=\"Pabell\u00f3n Sombras en Gravedad Facultad de Arquitectura y Arte UDD SurSur + Eletres Studio M2\" aria-describedby=\"gallery-2-97926\" \/><\/a>\n\t\t\t<\/div>\n\t\t\t\t<figcaption class='wp-caption-text gallery-caption' id='gallery-2-97926'>\n\t\t\t\tPabell\u00f3n Sombras en Gravedad | Facultad de Arquitectura y Arte UDD SurSur + Eletres Studio \n\t\t\t\t<\/figcaption><\/figure><figure class='gallery-item'>\n\t\t\t<div class='gallery-icon landscape'>\n\t\t\t\t<a href='https:\/\/veredes.es\/blog\/wp-content\/uploads\/2024\/04\/Pabellon-Sombras-en-Gravedad-Facultad-de-Arquitectura-y-Arte-UDD-SurSur-Eletres-Studio-M3.jpg'><img loading=\"lazy\" decoding=\"async\" width=\"120\" height=\"120\" src=\"https:\/\/veredes.es\/blog\/wp-content\/uploads\/2024\/04\/Pabellon-Sombras-en-Gravedad-Facultad-de-Arquitectura-y-Arte-UDD-SurSur-Eletres-Studio-M3-120x120.jpg\" class=\"attachment-thumbnail size-thumbnail\" alt=\"Pabell\u00f3n Sombras en Gravedad Facultad de Arquitectura y Arte UDD SurSur + Eletres Studio M3\" aria-describedby=\"gallery-2-97928\" \/><\/a>\n\t\t\t<\/div>\n\t\t\t\t<figcaption class='wp-caption-text gallery-caption' id='gallery-2-97928'>\n\t\t\t\tPabell\u00f3n Sombras en Gravedad | Facultad de Arquitectura y Arte UDD SurSur + Eletres Studio \n\t\t\t\t<\/figcaption><\/figure><figure class='gallery-item'>\n\t\t\t<div class='gallery-icon landscape'>\n\t\t\t\t<a href='https:\/\/veredes.es\/blog\/wp-content\/uploads\/2024\/04\/Pabellon-Sombras-en-Gravedad-Facultad-de-Arquitectura-y-Arte-UDD-SurSur-Eletres-Studio-4.jpg'><img loading=\"lazy\" decoding=\"async\" width=\"120\" height=\"120\" src=\"https:\/\/veredes.es\/blog\/wp-content\/uploads\/2024\/04\/Pabellon-Sombras-en-Gravedad-Facultad-de-Arquitectura-y-Arte-UDD-SurSur-Eletres-Studio-4-120x120.jpg\" class=\"attachment-thumbnail size-thumbnail\" alt=\"Pabell\u00f3n Sombras en Gravedad Facultad de Arquitectura y Arte UDD SurSur + Eletres Studio 4\" aria-describedby=\"gallery-2-97929\" \/><\/a>\n\t\t\t<\/div>\n\t\t\t\t<figcaption class='wp-caption-text gallery-caption' id='gallery-2-97929'>\n\t\t\t\tPabell\u00f3n Sombras en Gravedad | Facultad de Arquitectura y Arte UDD SurSur + Eletres Studio \u00a9 Facultad de Arquitectura y Arte UDD SurSur \n\t\t\t\t<\/figcaption><\/figure><figure class='gallery-item'>\n\t\t\t<div class='gallery-icon portrait'>\n\t\t\t\t<a href='https:\/\/veredes.es\/blog\/wp-content\/uploads\/2024\/04\/Pabellon-Sombras-en-Gravedad-Facultad-de-Arquitectura-y-Arte-UDD-SurSur-Eletres-Studio-6.jpg'><img loading=\"lazy\" decoding=\"async\" width=\"120\" height=\"120\" src=\"https:\/\/veredes.es\/blog\/wp-content\/uploads\/2024\/04\/Pabellon-Sombras-en-Gravedad-Facultad-de-Arquitectura-y-Arte-UDD-SurSur-Eletres-Studio-6-120x120.jpg\" class=\"attachment-thumbnail size-thumbnail\" alt=\"Pabell\u00f3n Sombras en Gravedad Facultad de Arquitectura y Arte UDD SurSur + Eletres Studio 6\" aria-describedby=\"gallery-2-97930\" \/><\/a>\n\t\t\t<\/div>\n\t\t\t\t<figcaption class='wp-caption-text gallery-caption' id='gallery-2-97930'>\n\t\t\t\tPabell\u00f3n Sombras en Gravedad | Facultad de Arquitectura y Arte UDD SurSur + Eletres Studio \u00a9 Facultad de Arquitectura y Arte UDD SurSur \n\t\t\t\t<\/figcaption><\/figure>\n\t\t<\/div>\n\n<p>Obra: Pabell\u00f3n Sombras en Gravedad<br \/>\nA\u00f1o: 2023<br \/>\nSuperficie construida:35 m2<br \/>\nUbicaci\u00f3n: Tortosa, Espa\u00f1a<br \/>\nAutores: Facultad de Arquitectura y Arte UDD SurSur (Miguel Nazard) Director de carrera de Arquitectura Concepci\u00f3n- Eletres Studio (Luis Albino Reyes &#8211; Danerix C\u00e1rdenas Ramos)<br \/>\nIlustraciones: Eletres Studio<br \/>\nFotograf\u00eda: Facultad de Arquitectura UDD SurSur<br \/>\n<a href=\"https:\/\/eletresstudio.com\/\" target=\"_blank\" rel=\"noopener\"><span style=\"color: #999999;\">+ eletresstudio.com\u00a0\u00a0<\/span><\/a><\/p>\n","protected":false},"excerpt":{"rendered":"<p>Inicia su materializaci\u00f3n desde la oficina de arquitectura Eletres Studio y en colaboraci\u00f3n con la Facultad de Arquitectura y Arte UDD SurSur, Concepci\u00f3n Chile, el proyecto Pabell\u00f3n Sombras en Gravedad tuvo como idea general proponer un pabell\u00f3n experimental y sensitivo que permitiese reconocer los valores sociales y paisaj\u00edsticos de uno de los escenarios culturales m\u00e1s [&hellip;]<\/p>\n","protected":false},"author":2,"featured_media":97917,"comment_status":"open","ping_status":"closed","sticky":false,"template":"","format":"standard","meta":{"footnotes":""},"categories":[34,1465,735,23,5951],"tags":[6682,45,2210,12449,158,309,17375,17373,511,3356,17374,17389],"class_list":{"0":"post-97914","1":"post","2":"type-post","3":"status-publish","4":"format-standard","5":"has-post-thumbnail","7":"category-arquitectura","8":"category-espacio-publico-arquitectura","9":"category-intervencion-urbana","10":"category-obras","11":"category-slider-principal","12":"tag-arquitectura-chilena","13":"tag-arquitectura-efimera","14":"tag-arquitectura-temporal","15":"tag-arte","16":"tag-artes-plasticas","17":"tag-chile","18":"tag-danerix-cardenas-ramos","19":"tag-eletres-studio","20":"tag-espacio-cultural","21":"tag-intervencion-efimera","22":"tag-luis-albino-reyes","23":"tag-miguel-nazard"},"yoast_head":"<!-- This site is optimized with the Yoast SEO plugin v27.4 - https:\/\/yoast.com\/product\/yoast-seo-wordpress\/ -->\n<title>Pabell\u00f3n Sombras en Gravedad | Facultad de Arquitectura y Arte UDD SurSur + Eletres Studio - veredes<\/title>\n<meta name=\"description\" content=\"Toda la informaci\u00f3n sobre: Pabell\u00f3n Sombras en Gravedad | Facultad de Arquitectura y Arte UDD SurSur + Eletres Studio\" \/>\n<meta name=\"robots\" content=\"index, follow, max-snippet:-1, max-image-preview:large, max-video-preview:-1\" \/>\n<link rel=\"canonical\" href=\"https:\/\/veredes.es\/blog\/pabellon-sombras-en-gravedad-facultad-de-arquitectura-y-arte-udd-sursur-eletres-studio\/\" \/>\n<meta property=\"og:locale\" content=\"es_ES\" \/>\n<meta property=\"og:type\" content=\"article\" \/>\n<meta property=\"og:title\" content=\"Pabell\u00f3n Sombras en Gravedad | Facultad de Arquitectura y Arte UDD SurSur + Eletres Studio - veredes\" \/>\n<meta property=\"og:description\" content=\"Toda la informaci\u00f3n sobre: Pabell\u00f3n Sombras en Gravedad | Facultad de Arquitectura y Arte UDD SurSur + Eletres Studio\" \/>\n<meta property=\"og:url\" content=\"https:\/\/veredes.es\/blog\/pabellon-sombras-en-gravedad-facultad-de-arquitectura-y-arte-udd-sursur-eletres-studio\/\" \/>\n<meta property=\"og:site_name\" content=\"veredes, arquitectura y divulgaci\u00f3n\" \/>\n<meta property=\"article:publisher\" content=\"https:\/\/www.facebook.com\/veredesArquitecturayDivulgacion\/\" \/>\n<meta property=\"article:author\" content=\"https:\/\/www.facebook.com\/veredesArquitecturayDivulgacion\/\" \/>\n<meta property=\"article:published_time\" content=\"2024-04-16T22:01:25+00:00\" \/>\n<meta property=\"og:image\" content=\"https:\/\/veredes.es\/blog\/wp-content\/uploads\/2024\/04\/Pabellon-Sombras-en-Gravedad-Facultad-de-Arquitectura-y-Arte-UDD-SurSur-Eletres-Studio-1.jpg\" \/>\n\t<meta property=\"og:image:width\" content=\"1400\" \/>\n\t<meta property=\"og:image:height\" content=\"933\" \/>\n\t<meta property=\"og:image:type\" content=\"image\/jpeg\" \/>\n<meta name=\"author\" content=\"veredes\" \/>\n<meta name=\"twitter:card\" content=\"summary_large_image\" \/>\n<meta name=\"twitter:creator\" content=\"@https:\/\/twitter.com\/veredes\" \/>\n<meta name=\"twitter:site\" content=\"@veredes\" \/>\n<meta name=\"twitter:label1\" content=\"Escrito por\" \/>\n\t<meta name=\"twitter:data1\" content=\"veredes\" \/>\n\t<meta name=\"twitter:label2\" content=\"Tiempo de lectura\" \/>\n\t<meta name=\"twitter:data2\" content=\"4 minutos\" \/>\n<script type=\"application\/ld+json\" class=\"yoast-schema-graph\">{\"@context\":\"https:\\\/\\\/schema.org\",\"@graph\":[{\"@type\":\"Article\",\"@id\":\"https:\\\/\\\/veredes.es\\\/blog\\\/pabellon-sombras-en-gravedad-facultad-de-arquitectura-y-arte-udd-sursur-eletres-studio\\\/#article\",\"isPartOf\":{\"@id\":\"https:\\\/\\\/veredes.es\\\/blog\\\/pabellon-sombras-en-gravedad-facultad-de-arquitectura-y-arte-udd-sursur-eletres-studio\\\/\"},\"author\":{\"name\":\"veredes\",\"@id\":\"https:\\\/\\\/veredes.es\\\/blog\\\/#\\\/schema\\\/person\\\/0bbb669073ef7faba5168a0844e93d2c\"},\"headline\":\"Pabell\u00f3n Sombras en Gravedad | Facultad de Arquitectura y Arte UDD SurSur + Eletres Studio\",\"datePublished\":\"2024-04-16T22:01:25+00:00\",\"mainEntityOfPage\":{\"@id\":\"https:\\\/\\\/veredes.es\\\/blog\\\/pabellon-sombras-en-gravedad-facultad-de-arquitectura-y-arte-udd-sursur-eletres-studio\\\/\"},\"wordCount\":681,\"commentCount\":0,\"publisher\":{\"@id\":\"https:\\\/\\\/veredes.es\\\/blog\\\/#organization\"},\"image\":{\"@id\":\"https:\\\/\\\/veredes.es\\\/blog\\\/pabellon-sombras-en-gravedad-facultad-de-arquitectura-y-arte-udd-sursur-eletres-studio\\\/#primaryimage\"},\"thumbnailUrl\":\"https:\\\/\\\/veredes.es\\\/blog\\\/wp-content\\\/uploads\\\/2024\\\/04\\\/Pabellon-Sombras-en-Gravedad-Facultad-de-Arquitectura-y-Arte-UDD-SurSur-Eletres-Studio-1.jpg\",\"keywords\":[\"arquitectura chilena\",\"arquitectura ef\u00edmera\",\"arquitectura temporal\",\"arte\",\"artes pl\u00e1sticas\",\"Chile\",\"Danerix C\u00e1rdenas Ramos\",\"Eletres Studio\",\"espacio cultural\",\"intervenci\u00f3n ef\u00edmera\",\"Luis Albino Reyes\",\"Miguel Nazard\"],\"articleSection\":[\"arquitectura\",\"espacio publico\",\"intervenci\u00f3n urbana\",\"obras\",\"slider principal\"],\"inLanguage\":\"es\",\"potentialAction\":[{\"@type\":\"CommentAction\",\"name\":\"Comment\",\"target\":[\"https:\\\/\\\/veredes.es\\\/blog\\\/pabellon-sombras-en-gravedad-facultad-de-arquitectura-y-arte-udd-sursur-eletres-studio\\\/#respond\"]}]},{\"@type\":\"WebPage\",\"@id\":\"https:\\\/\\\/veredes.es\\\/blog\\\/pabellon-sombras-en-gravedad-facultad-de-arquitectura-y-arte-udd-sursur-eletres-studio\\\/\",\"url\":\"https:\\\/\\\/veredes.es\\\/blog\\\/pabellon-sombras-en-gravedad-facultad-de-arquitectura-y-arte-udd-sursur-eletres-studio\\\/\",\"name\":\"Pabell\u00f3n Sombras en Gravedad | Facultad de Arquitectura y Arte UDD SurSur + Eletres Studio - veredes\",\"isPartOf\":{\"@id\":\"https:\\\/\\\/veredes.es\\\/blog\\\/#website\"},\"primaryImageOfPage\":{\"@id\":\"https:\\\/\\\/veredes.es\\\/blog\\\/pabellon-sombras-en-gravedad-facultad-de-arquitectura-y-arte-udd-sursur-eletres-studio\\\/#primaryimage\"},\"image\":{\"@id\":\"https:\\\/\\\/veredes.es\\\/blog\\\/pabellon-sombras-en-gravedad-facultad-de-arquitectura-y-arte-udd-sursur-eletres-studio\\\/#primaryimage\"},\"thumbnailUrl\":\"https:\\\/\\\/veredes.es\\\/blog\\\/wp-content\\\/uploads\\\/2024\\\/04\\\/Pabellon-Sombras-en-Gravedad-Facultad-de-Arquitectura-y-Arte-UDD-SurSur-Eletres-Studio-1.jpg\",\"datePublished\":\"2024-04-16T22:01:25+00:00\",\"description\":\"Toda la informaci\u00f3n sobre: Pabell\u00f3n Sombras en Gravedad | Facultad de Arquitectura y Arte UDD SurSur + Eletres Studio\",\"breadcrumb\":{\"@id\":\"https:\\\/\\\/veredes.es\\\/blog\\\/pabellon-sombras-en-gravedad-facultad-de-arquitectura-y-arte-udd-sursur-eletres-studio\\\/#breadcrumb\"},\"inLanguage\":\"es\",\"potentialAction\":[{\"@type\":\"ReadAction\",\"target\":[\"https:\\\/\\\/veredes.es\\\/blog\\\/pabellon-sombras-en-gravedad-facultad-de-arquitectura-y-arte-udd-sursur-eletres-studio\\\/\"]}]},{\"@type\":\"ImageObject\",\"inLanguage\":\"es\",\"@id\":\"https:\\\/\\\/veredes.es\\\/blog\\\/pabellon-sombras-en-gravedad-facultad-de-arquitectura-y-arte-udd-sursur-eletres-studio\\\/#primaryimage\",\"url\":\"https:\\\/\\\/veredes.es\\\/blog\\\/wp-content\\\/uploads\\\/2024\\\/04\\\/Pabellon-Sombras-en-Gravedad-Facultad-de-Arquitectura-y-Arte-UDD-SurSur-Eletres-Studio-1.jpg\",\"contentUrl\":\"https:\\\/\\\/veredes.es\\\/blog\\\/wp-content\\\/uploads\\\/2024\\\/04\\\/Pabellon-Sombras-en-Gravedad-Facultad-de-Arquitectura-y-Arte-UDD-SurSur-Eletres-Studio-1.jpg\",\"width\":1400,\"height\":933,\"caption\":\"Pabell\u00f3n Sombras en Gravedad Facultad de Arquitectura y Arte UDD SurSur + Eletres Studio \u00a9 Facultad de Arquitectura y Arte UDD SurSur\"},{\"@type\":\"BreadcrumbList\",\"@id\":\"https:\\\/\\\/veredes.es\\\/blog\\\/pabellon-sombras-en-gravedad-facultad-de-arquitectura-y-arte-udd-sursur-eletres-studio\\\/#breadcrumb\",\"itemListElement\":[{\"@type\":\"ListItem\",\"position\":1,\"name\":\"Portada\",\"item\":\"https:\\\/\\\/veredes.es\\\/blog\\\/\"},{\"@type\":\"ListItem\",\"position\":2,\"name\":\"Pabell\u00f3n Sombras en Gravedad | Facultad de Arquitectura y Arte UDD SurSur + Eletres Studio\"}]},{\"@type\":\"WebSite\",\"@id\":\"https:\\\/\\\/veredes.es\\\/blog\\\/#website\",\"url\":\"https:\\\/\\\/veredes.es\\\/blog\\\/\",\"name\":\"veredes, arquitectura y divulgaci\u00f3n\",\"description\":\"veredes\",\"publisher\":{\"@id\":\"https:\\\/\\\/veredes.es\\\/blog\\\/#organization\"},\"alternateName\":\"veredes\",\"potentialAction\":[{\"@type\":\"SearchAction\",\"target\":{\"@type\":\"EntryPoint\",\"urlTemplate\":\"https:\\\/\\\/veredes.es\\\/blog\\\/?s={search_term_string}\"},\"query-input\":{\"@type\":\"PropertyValueSpecification\",\"valueRequired\":true,\"valueName\":\"search_term_string\"}}],\"inLanguage\":\"es\"},{\"@type\":\"Organization\",\"@id\":\"https:\\\/\\\/veredes.es\\\/blog\\\/#organization\",\"name\":\"veredes, arquitectura y divulgaci\u00f3n\",\"alternateName\":\"veredes\",\"url\":\"https:\\\/\\\/veredes.es\\\/blog\\\/\",\"logo\":{\"@type\":\"ImageObject\",\"inLanguage\":\"es\",\"@id\":\"https:\\\/\\\/veredes.es\\\/blog\\\/#\\\/schema\\\/logo\\\/image\\\/\",\"url\":\"https:\\\/\\\/veredes.es\\\/blog\\\/wp-content\\\/uploads\\\/2021\\\/12\\\/veredes-logo-centrado_140x54.png\",\"contentUrl\":\"https:\\\/\\\/veredes.es\\\/blog\\\/wp-content\\\/uploads\\\/2021\\\/12\\\/veredes-logo-centrado_140x54.png\",\"width\":140,\"height\":54,\"caption\":\"veredes, arquitectura y divulgaci\u00f3n\"},\"image\":{\"@id\":\"https:\\\/\\\/veredes.es\\\/blog\\\/#\\\/schema\\\/logo\\\/image\\\/\"},\"sameAs\":[\"https:\\\/\\\/www.facebook.com\\\/veredesArquitecturayDivulgacion\\\/\",\"https:\\\/\\\/x.com\\\/veredes\",\"https:\\\/\\\/instagram.com\\\/veredes\\\/\",\"https:\\\/\\\/www.linkedin.com\\\/company\\\/veredes-arquitectura-y-divulgacion\\\/\",\"https:\\\/\\\/es.pinterest.com\\\/veredes\\\/\",\"https:\\\/\\\/www.tumblr.com\\\/veredes\"]},{\"@type\":\"Person\",\"@id\":\"https:\\\/\\\/veredes.es\\\/blog\\\/#\\\/schema\\\/person\\\/0bbb669073ef7faba5168a0844e93d2c\",\"name\":\"veredes\",\"image\":{\"@type\":\"ImageObject\",\"inLanguage\":\"es\",\"@id\":\"https:\\\/\\\/veredes.es\\\/blog\\\/wp-content\\\/uploads\\\/2018\\\/04\\\/face-96x96.jpg\",\"url\":\"https:\\\/\\\/veredes.es\\\/blog\\\/wp-content\\\/uploads\\\/2018\\\/04\\\/face-96x96.jpg\",\"contentUrl\":\"https:\\\/\\\/veredes.es\\\/blog\\\/wp-content\\\/uploads\\\/2018\\\/04\\\/face-96x96.jpg\",\"caption\":\"veredes\"},\"description\":\"Surge enero de 2009 como b\u00fasqueda de satisfacer el conocimiento de la actividad arquitect\u00f3nica y tangentes que se generan. La idea es crear un espacio para divulgar los diversos proyectos en busca de nueva inspiraci\u00f3n y de intercambio.\",\"sameAs\":[\"https:\\\/\\\/veredes.es\\\/\",\"https:\\\/\\\/www.facebook.com\\\/veredesArquitecturayDivulgacion\\\/\",\"https:\\\/\\\/www.instagram.com\\\/veredes\\\/\",\"https:\\\/\\\/www.linkedin.com\\\/company\\\/veredes-arquitectura-y-divulgacion\\\/\",\"https:\\\/\\\/www.pinterest.es\\\/veredes\\\/\",\"https:\\\/\\\/x.com\\\/https:\\\/\\\/twitter.com\\\/veredes\",\"https:\\\/\\\/veredes.tumblr.com\\\/\"],\"url\":\"https:\\\/\\\/veredes.es\\\/blog\\\/author\\\/alberto\\\/\"}]}<\/script>\n<!-- \/ Yoast SEO plugin. -->","yoast_head_json":{"title":"Pabell\u00f3n Sombras en Gravedad | Facultad de Arquitectura y Arte UDD SurSur + Eletres Studio - veredes","description":"Toda la informaci\u00f3n sobre: Pabell\u00f3n Sombras en Gravedad | Facultad de Arquitectura y Arte UDD SurSur + Eletres Studio","robots":{"index":"index","follow":"follow","max-snippet":"max-snippet:-1","max-image-preview":"max-image-preview:large","max-video-preview":"max-video-preview:-1"},"canonical":"https:\/\/veredes.es\/blog\/pabellon-sombras-en-gravedad-facultad-de-arquitectura-y-arte-udd-sursur-eletres-studio\/","og_locale":"es_ES","og_type":"article","og_title":"Pabell\u00f3n Sombras en Gravedad | Facultad de Arquitectura y Arte UDD SurSur + Eletres Studio - veredes","og_description":"Toda la informaci\u00f3n sobre: Pabell\u00f3n Sombras en Gravedad | Facultad de Arquitectura y Arte UDD SurSur + Eletres Studio","og_url":"https:\/\/veredes.es\/blog\/pabellon-sombras-en-gravedad-facultad-de-arquitectura-y-arte-udd-sursur-eletres-studio\/","og_site_name":"veredes, arquitectura y divulgaci\u00f3n","article_publisher":"https:\/\/www.facebook.com\/veredesArquitecturayDivulgacion\/","article_author":"https:\/\/www.facebook.com\/veredesArquitecturayDivulgacion\/","article_published_time":"2024-04-16T22:01:25+00:00","og_image":[{"width":1400,"height":933,"url":"https:\/\/veredes.es\/blog\/wp-content\/uploads\/2024\/04\/Pabellon-Sombras-en-Gravedad-Facultad-de-Arquitectura-y-Arte-UDD-SurSur-Eletres-Studio-1.jpg","type":"image\/jpeg"}],"author":"veredes","twitter_card":"summary_large_image","twitter_creator":"@https:\/\/twitter.com\/veredes","twitter_site":"@veredes","twitter_misc":{"Escrito por":"veredes","Tiempo de lectura":"4 minutos"},"schema":{"@context":"https:\/\/schema.org","@graph":[{"@type":"Article","@id":"https:\/\/veredes.es\/blog\/pabellon-sombras-en-gravedad-facultad-de-arquitectura-y-arte-udd-sursur-eletres-studio\/#article","isPartOf":{"@id":"https:\/\/veredes.es\/blog\/pabellon-sombras-en-gravedad-facultad-de-arquitectura-y-arte-udd-sursur-eletres-studio\/"},"author":{"name":"veredes","@id":"https:\/\/veredes.es\/blog\/#\/schema\/person\/0bbb669073ef7faba5168a0844e93d2c"},"headline":"Pabell\u00f3n Sombras en Gravedad | Facultad de Arquitectura y Arte UDD SurSur + Eletres Studio","datePublished":"2024-04-16T22:01:25+00:00","mainEntityOfPage":{"@id":"https:\/\/veredes.es\/blog\/pabellon-sombras-en-gravedad-facultad-de-arquitectura-y-arte-udd-sursur-eletres-studio\/"},"wordCount":681,"commentCount":0,"publisher":{"@id":"https:\/\/veredes.es\/blog\/#organization"},"image":{"@id":"https:\/\/veredes.es\/blog\/pabellon-sombras-en-gravedad-facultad-de-arquitectura-y-arte-udd-sursur-eletres-studio\/#primaryimage"},"thumbnailUrl":"https:\/\/veredes.es\/blog\/wp-content\/uploads\/2024\/04\/Pabellon-Sombras-en-Gravedad-Facultad-de-Arquitectura-y-Arte-UDD-SurSur-Eletres-Studio-1.jpg","keywords":["arquitectura chilena","arquitectura ef\u00edmera","arquitectura temporal","arte","artes pl\u00e1sticas","Chile","Danerix C\u00e1rdenas Ramos","Eletres Studio","espacio cultural","intervenci\u00f3n ef\u00edmera","Luis Albino Reyes","Miguel Nazard"],"articleSection":["arquitectura","espacio publico","intervenci\u00f3n urbana","obras","slider principal"],"inLanguage":"es","potentialAction":[{"@type":"CommentAction","name":"Comment","target":["https:\/\/veredes.es\/blog\/pabellon-sombras-en-gravedad-facultad-de-arquitectura-y-arte-udd-sursur-eletres-studio\/#respond"]}]},{"@type":"WebPage","@id":"https:\/\/veredes.es\/blog\/pabellon-sombras-en-gravedad-facultad-de-arquitectura-y-arte-udd-sursur-eletres-studio\/","url":"https:\/\/veredes.es\/blog\/pabellon-sombras-en-gravedad-facultad-de-arquitectura-y-arte-udd-sursur-eletres-studio\/","name":"Pabell\u00f3n Sombras en Gravedad | Facultad de Arquitectura y Arte UDD SurSur + Eletres Studio - veredes","isPartOf":{"@id":"https:\/\/veredes.es\/blog\/#website"},"primaryImageOfPage":{"@id":"https:\/\/veredes.es\/blog\/pabellon-sombras-en-gravedad-facultad-de-arquitectura-y-arte-udd-sursur-eletres-studio\/#primaryimage"},"image":{"@id":"https:\/\/veredes.es\/blog\/pabellon-sombras-en-gravedad-facultad-de-arquitectura-y-arte-udd-sursur-eletres-studio\/#primaryimage"},"thumbnailUrl":"https:\/\/veredes.es\/blog\/wp-content\/uploads\/2024\/04\/Pabellon-Sombras-en-Gravedad-Facultad-de-Arquitectura-y-Arte-UDD-SurSur-Eletres-Studio-1.jpg","datePublished":"2024-04-16T22:01:25+00:00","description":"Toda la informaci\u00f3n sobre: Pabell\u00f3n Sombras en Gravedad | Facultad de Arquitectura y Arte UDD SurSur + Eletres Studio","breadcrumb":{"@id":"https:\/\/veredes.es\/blog\/pabellon-sombras-en-gravedad-facultad-de-arquitectura-y-arte-udd-sursur-eletres-studio\/#breadcrumb"},"inLanguage":"es","potentialAction":[{"@type":"ReadAction","target":["https:\/\/veredes.es\/blog\/pabellon-sombras-en-gravedad-facultad-de-arquitectura-y-arte-udd-sursur-eletres-studio\/"]}]},{"@type":"ImageObject","inLanguage":"es","@id":"https:\/\/veredes.es\/blog\/pabellon-sombras-en-gravedad-facultad-de-arquitectura-y-arte-udd-sursur-eletres-studio\/#primaryimage","url":"https:\/\/veredes.es\/blog\/wp-content\/uploads\/2024\/04\/Pabellon-Sombras-en-Gravedad-Facultad-de-Arquitectura-y-Arte-UDD-SurSur-Eletres-Studio-1.jpg","contentUrl":"https:\/\/veredes.es\/blog\/wp-content\/uploads\/2024\/04\/Pabellon-Sombras-en-Gravedad-Facultad-de-Arquitectura-y-Arte-UDD-SurSur-Eletres-Studio-1.jpg","width":1400,"height":933,"caption":"Pabell\u00f3n Sombras en Gravedad Facultad de Arquitectura y Arte UDD SurSur + Eletres Studio \u00a9 Facultad de Arquitectura y Arte UDD SurSur"},{"@type":"BreadcrumbList","@id":"https:\/\/veredes.es\/blog\/pabellon-sombras-en-gravedad-facultad-de-arquitectura-y-arte-udd-sursur-eletres-studio\/#breadcrumb","itemListElement":[{"@type":"ListItem","position":1,"name":"Portada","item":"https:\/\/veredes.es\/blog\/"},{"@type":"ListItem","position":2,"name":"Pabell\u00f3n Sombras en Gravedad | Facultad de Arquitectura y Arte UDD SurSur + Eletres Studio"}]},{"@type":"WebSite","@id":"https:\/\/veredes.es\/blog\/#website","url":"https:\/\/veredes.es\/blog\/","name":"veredes, arquitectura y divulgaci\u00f3n","description":"veredes","publisher":{"@id":"https:\/\/veredes.es\/blog\/#organization"},"alternateName":"veredes","potentialAction":[{"@type":"SearchAction","target":{"@type":"EntryPoint","urlTemplate":"https:\/\/veredes.es\/blog\/?s={search_term_string}"},"query-input":{"@type":"PropertyValueSpecification","valueRequired":true,"valueName":"search_term_string"}}],"inLanguage":"es"},{"@type":"Organization","@id":"https:\/\/veredes.es\/blog\/#organization","name":"veredes, arquitectura y divulgaci\u00f3n","alternateName":"veredes","url":"https:\/\/veredes.es\/blog\/","logo":{"@type":"ImageObject","inLanguage":"es","@id":"https:\/\/veredes.es\/blog\/#\/schema\/logo\/image\/","url":"https:\/\/veredes.es\/blog\/wp-content\/uploads\/2021\/12\/veredes-logo-centrado_140x54.png","contentUrl":"https:\/\/veredes.es\/blog\/wp-content\/uploads\/2021\/12\/veredes-logo-centrado_140x54.png","width":140,"height":54,"caption":"veredes, arquitectura y divulgaci\u00f3n"},"image":{"@id":"https:\/\/veredes.es\/blog\/#\/schema\/logo\/image\/"},"sameAs":["https:\/\/www.facebook.com\/veredesArquitecturayDivulgacion\/","https:\/\/x.com\/veredes","https:\/\/instagram.com\/veredes\/","https:\/\/www.linkedin.com\/company\/veredes-arquitectura-y-divulgacion\/","https:\/\/es.pinterest.com\/veredes\/","https:\/\/www.tumblr.com\/veredes"]},{"@type":"Person","@id":"https:\/\/veredes.es\/blog\/#\/schema\/person\/0bbb669073ef7faba5168a0844e93d2c","name":"veredes","image":{"@type":"ImageObject","inLanguage":"es","@id":"https:\/\/veredes.es\/blog\/wp-content\/uploads\/2018\/04\/face-96x96.jpg","url":"https:\/\/veredes.es\/blog\/wp-content\/uploads\/2018\/04\/face-96x96.jpg","contentUrl":"https:\/\/veredes.es\/blog\/wp-content\/uploads\/2018\/04\/face-96x96.jpg","caption":"veredes"},"description":"Surge enero de 2009 como b\u00fasqueda de satisfacer el conocimiento de la actividad arquitect\u00f3nica y tangentes que se generan. La idea es crear un espacio para divulgar los diversos proyectos en busca de nueva inspiraci\u00f3n y de intercambio.","sameAs":["https:\/\/veredes.es\/","https:\/\/www.facebook.com\/veredesArquitecturayDivulgacion\/","https:\/\/www.instagram.com\/veredes\/","https:\/\/www.linkedin.com\/company\/veredes-arquitectura-y-divulgacion\/","https:\/\/www.pinterest.es\/veredes\/","https:\/\/x.com\/https:\/\/twitter.com\/veredes","https:\/\/veredes.tumblr.com\/"],"url":"https:\/\/veredes.es\/blog\/author\/alberto\/"}]}},"_links":{"self":[{"href":"https:\/\/veredes.es\/blog\/wp-json\/wp\/v2\/posts\/97914","targetHints":{"allow":["GET"]}}],"collection":[{"href":"https:\/\/veredes.es\/blog\/wp-json\/wp\/v2\/posts"}],"about":[{"href":"https:\/\/veredes.es\/blog\/wp-json\/wp\/v2\/types\/post"}],"author":[{"embeddable":true,"href":"https:\/\/veredes.es\/blog\/wp-json\/wp\/v2\/users\/2"}],"replies":[{"embeddable":true,"href":"https:\/\/veredes.es\/blog\/wp-json\/wp\/v2\/comments?post=97914"}],"version-history":[{"count":0,"href":"https:\/\/veredes.es\/blog\/wp-json\/wp\/v2\/posts\/97914\/revisions"}],"wp:featuredmedia":[{"embeddable":true,"href":"https:\/\/veredes.es\/blog\/wp-json\/wp\/v2\/media\/97917"}],"wp:attachment":[{"href":"https:\/\/veredes.es\/blog\/wp-json\/wp\/v2\/media?parent=97914"}],"wp:term":[{"taxonomy":"category","embeddable":true,"href":"https:\/\/veredes.es\/blog\/wp-json\/wp\/v2\/categories?post=97914"},{"taxonomy":"post_tag","embeddable":true,"href":"https:\/\/veredes.es\/blog\/wp-json\/wp\/v2\/tags?post=97914"}],"curies":[{"name":"wp","href":"https:\/\/api.w.org\/{rel}","templated":true}]}}