{"id":97845,"date":"2024-03-14T00:01:49","date_gmt":"2024-03-13T23:01:49","guid":{"rendered":"https:\/\/veredes.es\/blog\/?p=97845"},"modified":"2024-04-19T18:38:06","modified_gmt":"2024-04-19T16:38:06","slug":"consejos-para-la-rehabilitacion-de-cubiertas-en-edificios-historicos","status":"publish","type":"post","link":"https:\/\/veredes.es\/blog\/consejos-para-la-rehabilitacion-de-cubiertas-en-edificios-historicos\/","title":{"rendered":"Consejos para la rehabilitaci\u00f3n de cubiertas en edificios hist\u00f3ricos"},"content":{"rendered":"<p style=\"text-align: justify;\">La rehabilitaci\u00f3n de los edificios hist\u00f3ricos es una tarea fundamental para mantener nuestra herencia arquitect\u00f3nica y cultural. En Espa\u00f1a, contamos con un amplio y diverso patrimonio de edificios hist\u00f3ricos, testimonio de nuestra historia y herencia de estilos arquitect\u00f3nicos y t\u00e9cnicas constructivas que merecen ser bien conservadas.<\/p>\n<p style=\"text-align: justify;\">En esta ocasi\u00f3n, abordamos los desaf\u00edos que implican la rehabilitaci\u00f3n de la cubierta de un edificio hist\u00f3rico y c\u00f3mo acometerla con \u00e9xito, en este ocasi\u00f3n gracias al sistema de impermeabilizaci\u00f3n de tejados: <strong>ONDULINE BAJO TEJA DRS<\/strong>.<\/p>\n<figure id=\"attachment_97852\" aria-describedby=\"caption-attachment-97852\" style=\"width: 2048px\" class=\"wp-caption alignnone\"><img loading=\"lazy\" decoding=\"async\" class=\"wp-image-97852 size-full\" title=\"Consejos para la rehabilitaci\u00f3n de cubiertas en edificios hist\u00f3ricos\" src=\"https:\/\/veredes.es\/blog\/wp-content\/uploads\/2024\/03\/Rehabilitacion-de-tejado-edificio-historico-con-Onduline-Bajo-Teja.jpg\" alt=\"Rehabilitacion de tejado edificio historico con Onduline Bajo Teja\" width=\"2048\" height=\"1536\" srcset=\"https:\/\/veredes.es\/blog\/wp-content\/uploads\/2024\/03\/Rehabilitacion-de-tejado-edificio-historico-con-Onduline-Bajo-Teja.jpg 2048w, https:\/\/veredes.es\/blog\/wp-content\/uploads\/2024\/03\/Rehabilitacion-de-tejado-edificio-historico-con-Onduline-Bajo-Teja-300x225.jpg 300w, https:\/\/veredes.es\/blog\/wp-content\/uploads\/2024\/03\/Rehabilitacion-de-tejado-edificio-historico-con-Onduline-Bajo-Teja-1024x768.jpg 1024w, https:\/\/veredes.es\/blog\/wp-content\/uploads\/2024\/03\/Rehabilitacion-de-tejado-edificio-historico-con-Onduline-Bajo-Teja-1536x1152.jpg 1536w, https:\/\/veredes.es\/blog\/wp-content\/uploads\/2024\/03\/Rehabilitacion-de-tejado-edificio-historico-con-Onduline-Bajo-Teja-696x522.jpg 696w, https:\/\/veredes.es\/blog\/wp-content\/uploads\/2024\/03\/Rehabilitacion-de-tejado-edificio-historico-con-Onduline-Bajo-Teja-1068x801.jpg 1068w, https:\/\/veredes.es\/blog\/wp-content\/uploads\/2024\/03\/Rehabilitacion-de-tejado-edificio-historico-con-Onduline-Bajo-Teja-1920x1440.jpg 1920w\" sizes=\"auto, (max-width: 2048px) 100vw, 2048px\" \/><figcaption id=\"caption-attachment-97852\" class=\"wp-caption-text\"><span style=\"color: #999999;\">Rehabilitacion de tejado edificio historico con Onduline Bajo Teja o pizarra<\/span><\/figcaption><\/figure>\n<h5 style=\"text-align: justify;\"><strong>Desaf\u00edos en la rehabilitaci\u00f3n de cubiertas de edificios hist\u00f3ricos<\/strong><\/h5>\n<p style=\"text-align: justify;\">La rehabilitaci\u00f3n de edificios hist\u00f3ricos implica una serie de desaf\u00edos que van m\u00e1s all\u00e1 de las consideraciones t\u00e9cnicas. Estos desaf\u00edos incluyen:<\/p>\n<p style=\"padding-left: 40px; text-align: justify;\">\u2022 Conservar su car\u00e1cter y mantener la autenticidad durante la rehabilitaci\u00f3n.<\/p>\n<p style=\"padding-left: 40px; text-align: justify;\">\u2022 Se debe buscar el equilibrio entre incorporar actualizaciones t\u00e9cnicas con el respeto por la integridad hist\u00f3rica.<\/p>\n<p style=\"padding-left: 40px; text-align: justify;\">\u2022 Se han de comprender y reproducir las <strong>t\u00e9cnicas constructivas originales<\/strong>, lo que puede suponer un desaf\u00edo por estar en desuso o ser dif\u00edciles de replicar. Por ello, se recomienda contar con empresas instaladoras especializadas en restauraciones de esta \u00edndole.<\/p>\n<p style=\"padding-left: 40px; text-align: justify;\">\u2022 Al rehabilitar un edificio hist\u00f3rico, es habitual contar con restricciones y <strong>normativas espec\u00edficas<\/strong> destinadas a preservar su valor cultural.<\/p>\n<p style=\"padding-left: 40px; text-align: justify;\">\u2022 La <strong>incorporaci\u00f3n de nuevas prestaciones t\u00e9cnicas<\/strong>, como sistemas de alisamiento o impermeabilizaci\u00f3n, sin comprometer la integridad hist\u00f3rica.<\/p>\n<h5 style=\"text-align: justify;\"><strong>Las ventajas de rehabilitar las cubiertas de los edificios hist\u00f3ricos con Onduline Bajo Teja o Pizarra<\/strong><\/h5>\n<p style=\"text-align: justify;\"><a href=\"https:\/\/es.onduline.com\/es\/profesional\/sistemas-cubierta-y-tejado\/impermeabilizacion-tejados-bajo-teja\/onduline-bajo-teja\" target=\"_blank\" rel=\"noopener\"><strong>Onduline Bajo Teja o pizarra<\/strong> <\/a>es una soluci\u00f3n completa de impermeabilizaci\u00f3n dise\u00f1ada para tejados (cubiertas inclinadas de teja o pizarra). El elemento principal de este sistema es una placa bajo teja ondulada fabricada en un proceso continuo y en masa, que se compone de fibras org\u00e1nicas saturadas en una emulsi\u00f3n bituminosa, logrando as\u00ed un producto final con excelentes propiedades impermeables, resistencia y durabilidad.<\/p>\n<p style=\"text-align: justify;\">Gracias al uso de <strong>Onduline Bajo Teja o pizarra<\/strong>\u00a0en la rehabilitaci\u00f3n de edificios hist\u00f3ricos podemos obtener <strong>grandes beneficios<\/strong> como:<\/p>\n<p style=\"padding-left: 40px; text-align: justify;\">\u2022 Una buena garant\u00eda de impermeabilidad, que aporta una barrera duradera contra la lluvia y la humedad, preservando as\u00ed la estructura y\/o aislamiento del tejado, evitando da\u00f1os causados por filtraciones que pueden darse a trav\u00e9s de las tejas.<\/p>\n<p style=\"padding-left: 40px; text-align: justify;\">\u2022 La <strong>flexibilidad<\/strong> de las placas Onduline Bajo Teja o pizarra facilita la adaptaci\u00f3n a diferentes formas y curvas presentes en tejados hist\u00f3ricos, garantizando una instalaci\u00f3n sin comprometer la est\u00e9tica original. Adem\u00e1s, esta flexibilidad evita la aparici\u00f3n de grietas y fisuras por movimientos entre materiales debido a la contracci\u00f3n y dilataci\u00f3n por cambios de temperatura.<\/p>\n<p style=\"padding-left: 40px; text-align: justify;\">\u2022 Al ser un <strong>material ligero<\/strong>, apenas a\u00f1ade cargas a la estructura de la cubierta, lo cual es crucial en la preservaci\u00f3n de edificios hist\u00f3ricos.<\/p>\n<p style=\"padding-left: 40px; text-align: justify;\">\u2022 Gracias a su <a href=\"https:\/\/veredes.es\/blog\/impermeabilizacion-de-cubiertas-planas-protegiendo-la-salubridad-de-la-edificacion\/\" target=\"_blank\" rel=\"noopener\">impermeabilidad<\/a> y <a href=\"https:\/\/veredes.es\/blog\/tipos-de-fijaciones-para-sistemas-de-cubiertas-inclinadas\/\" target=\"_blank\" rel=\"noopener\">formato ondulado<\/a>, preserva y mejora las prestaciones del aislamiento t\u00e9rmico, mejorando la<a href=\"https:\/\/veredes.es\/blog\/rehabilitacion-bajo-teja-de-cubiertas-una-solucion-eficaz-para-la-reduccion-en-el-consumo-energetico-en-edificios\/\" target=\"_blank\" rel=\"noopener\"> eficiencia energ\u00e9tica<\/a> y el confort interior del edificio.<\/p>\n<p style=\"padding-left: 40px; text-align: justify;\">\u2022 Su <strong>resistencia<\/strong> a la humedad y <strong>durabilidad<\/strong> aseguran una protecci\u00f3n a largo plazo, reduciendo la necesidad de intervenciones frecuentes y costosas.<\/p>\n<p style=\"padding-left: 40px; text-align: justify;\">\u2022 Onduline Bajo Teja o pizarra es <strong>compatible con una amplia variedad de materiales<\/strong>, tanto de soportes y estructuras de cubierta como de tipos de teja o pizarra, lo que facilita su integraci\u00f3n en cualquier proyecto sin comprometer la est\u00e9tica original, pero si mejorando la funcionalidad del tejado.<\/p>\n<p style=\"padding-left: 40px; text-align: justify;\">\u2022 La composici\u00f3n de las placas Onduline Bajo Teja o pizarra, refleja un <strong>enfoque sostenible<\/strong>, ya que est\u00e1n compuestas de m\u00e1s de un 50% de material reciclado y cuentan con una huella de carbono positiva de 4,066 Kg CO2\/m2*.<\/p>\n<figure id=\"attachment_97853\" aria-describedby=\"caption-attachment-97853\" style=\"width: 2048px\" class=\"wp-caption alignnone\"><img loading=\"lazy\" decoding=\"async\" class=\"wp-image-97853 size-full\" title=\"Consejos para la rehabilitaci\u00f3n de cubiertas en edificios hist\u00f3ricos \" src=\"https:\/\/veredes.es\/blog\/wp-content\/uploads\/2024\/03\/Consejos-para-la-rehabilitacion-de-cubiertas-en-edificios-historicos-Antigua-Prision-Provincial-de-Ranilla-Sevilla.jpg\" alt=\"Consejos para la rehabilitaci\u00f3n de cubiertas en edificios hist\u00f3ricos Antigua Prisi\u00f3n Provincial de Ranilla, Sevilla\" width=\"2048\" height=\"1153\" srcset=\"https:\/\/veredes.es\/blog\/wp-content\/uploads\/2024\/03\/Consejos-para-la-rehabilitacion-de-cubiertas-en-edificios-historicos-Antigua-Prision-Provincial-de-Ranilla-Sevilla.jpg 2048w, https:\/\/veredes.es\/blog\/wp-content\/uploads\/2024\/03\/Consejos-para-la-rehabilitacion-de-cubiertas-en-edificios-historicos-Antigua-Prision-Provincial-de-Ranilla-Sevilla-300x169.jpg 300w, https:\/\/veredes.es\/blog\/wp-content\/uploads\/2024\/03\/Consejos-para-la-rehabilitacion-de-cubiertas-en-edificios-historicos-Antigua-Prision-Provincial-de-Ranilla-Sevilla-1024x577.jpg 1024w, https:\/\/veredes.es\/blog\/wp-content\/uploads\/2024\/03\/Consejos-para-la-rehabilitacion-de-cubiertas-en-edificios-historicos-Antigua-Prision-Provincial-de-Ranilla-Sevilla-1536x865.jpg 1536w, https:\/\/veredes.es\/blog\/wp-content\/uploads\/2024\/03\/Consejos-para-la-rehabilitacion-de-cubiertas-en-edificios-historicos-Antigua-Prision-Provincial-de-Ranilla-Sevilla-696x392.jpg 696w, https:\/\/veredes.es\/blog\/wp-content\/uploads\/2024\/03\/Consejos-para-la-rehabilitacion-de-cubiertas-en-edificios-historicos-Antigua-Prision-Provincial-de-Ranilla-Sevilla-1068x601.jpg 1068w, https:\/\/veredes.es\/blog\/wp-content\/uploads\/2024\/03\/Consejos-para-la-rehabilitacion-de-cubiertas-en-edificios-historicos-Antigua-Prision-Provincial-de-Ranilla-Sevilla-1920x1081.jpg 1920w\" sizes=\"auto, (max-width: 2048px) 100vw, 2048px\" \/><figcaption id=\"caption-attachment-97853\" class=\"wp-caption-text\"><span style=\"color: #999999;\">Consejos para la rehabilitaci\u00f3n de cubiertas en edificios hist\u00f3ricos como la Antigua Prisi\u00f3n Provincial de Ranilla, Sevilla<\/span><\/figcaption><\/figure>\n<h5 style=\"text-align: justify;\"><strong>Pasos para rehabilitar la cubierta de un edificio hist\u00f3rico<\/strong><\/h5>\n<p style=\"text-align: justify;\">Rehabilitar la cubierta de un edificio hist\u00f3rico es algo complejo. Por ello, reunimos a continuaci\u00f3n algunos pasos imprescindibles para que tu proyecto de rehabilitaci\u00f3n tenga \u00e9xito:<\/p>\n<p style=\"text-align: justify; padding-left: 40px;\">1. En primer lugar, es esencial realizar una <strong>evaluaci\u00f3n exhaustiva del estado de la cubierta del edificio hist\u00f3rico<\/strong>. Lo que implica comenzar con un an\u00e1lisis detallado de la estructura de la cubierta y una clara identificaci\u00f3n de los componentes de esta (estructura, subestructura, formaci\u00f3n de pendientes, aislamiento, soportes, etc.). Durante este proceso, se deber\u00eda prestar atenci\u00f3n a la detecci\u00f3n de posibles patolog\u00edas existentes o latentes y a la falta o mala ejecuci\u00f3n de ciertos remates, lo cual, puede derivar\u00e1 en una evaluaci\u00f3n de la estabilidad estructural y una revisi\u00f3n de cualquier intervenci\u00f3n previa que haya podido tener. La evaluaci\u00f3n inicial sienta las bases para el plan de rehabilitaci\u00f3n, proporcionando informaci\u00f3n crucial para abordar las necesidades espec\u00edficas de la cubierta del edificio hist\u00f3rico.<\/p>\n<p style=\"text-align: justify; padding-left: 40px;\">2. La segunda fase implica una <strong>planificaci\u00f3n cuidadosa del proceso de rehabilitaci\u00f3n<\/strong> como clave para el \u00e9xito del proyecto. Se deber\u00e1 elaborar un proyecto detallado que incluya las necesidades existentes de la cubierta del edificio y los objetivos a alcanzar. Se deber\u00e1 determinar la soluci\u00f3n constructiva nueva, as\u00ed como los pasos previos a su instalaci\u00f3n; desmantelamiento, saneado, sustituci\u00f3n de ciertos elementos, etc. Por supuesto, ser\u00e1 preciso determinar el presupuesto, los plazos y los recursos necesarios. Adem\u00e1s, se deben considerar las necesidades funcionales modernas sin comprometer la integridad hist\u00f3rica.<\/p>\n<p style=\"text-align: justify; padding-left: 40px;\">3. Tambi\u00e9n ser\u00e1 bueno <a href=\"https:\/\/veredes.es\/blog\/rehabilitacion-energetica-de-cubierta-en-el-tsj-de-la-comunitat-valenciana-con-el-sistema-siate-top-onduline\/\" target=\"_blank\" rel=\"noopener\">estudiar el<\/a> <strong>contexto hist\u00f3rico del edificio<\/strong>, documentar sus caracter\u00edsticas arquitect\u00f3nicas \u00fanicas y comprender los m\u00e9todos de construcci\u00f3n originales, para tratar de preservar la autenticidad de este, a pesar de acometer una rehabilitaci\u00f3n.<\/p>\n<p style=\"text-align: justify; padding-left: 40px;\">4. Por \u00faltimo, es fundamental <strong>obtener los permisos necesarios<\/strong> de las autoridades locales y asegurar el cumplimiento de las regulaciones tanto en construcci\u00f3n como en seguridad laboral. En este sentido, siempre ser\u00e1 recomendable contar con el presupuesto de alguna empresa instaladora que tenga experiencia en la rehabilitaci\u00f3n de edificios hist\u00f3ricos y la ejecuci\u00f3n de cubiertas inclinadas de teja o pizarra, que suelen ser los m\u00e1s habituales en este tipo de edificios.<\/p>\n<figure id=\"attachment_97854\" aria-describedby=\"caption-attachment-97854\" style=\"width: 1280px\" class=\"wp-caption alignnone\"><img loading=\"lazy\" decoding=\"async\" class=\"size-full wp-image-97854\" src=\"https:\/\/veredes.es\/blog\/wp-content\/uploads\/2024\/03\/Consejos-para-la-rehabilitacion-de-cubiertas-en-edificios-historicos-Parador-Toledo-SATE.jpg\" alt=\"Consejos para la rehabilitaci\u00f3n de cubiertas en edificios hist\u00f3ricos Parador Toledo SATE\" width=\"1280\" height=\"720\" srcset=\"https:\/\/veredes.es\/blog\/wp-content\/uploads\/2024\/03\/Consejos-para-la-rehabilitacion-de-cubiertas-en-edificios-historicos-Parador-Toledo-SATE.jpg 1280w, https:\/\/veredes.es\/blog\/wp-content\/uploads\/2024\/03\/Consejos-para-la-rehabilitacion-de-cubiertas-en-edificios-historicos-Parador-Toledo-SATE-300x169.jpg 300w, https:\/\/veredes.es\/blog\/wp-content\/uploads\/2024\/03\/Consejos-para-la-rehabilitacion-de-cubiertas-en-edificios-historicos-Parador-Toledo-SATE-1024x576.jpg 1024w, https:\/\/veredes.es\/blog\/wp-content\/uploads\/2024\/03\/Consejos-para-la-rehabilitacion-de-cubiertas-en-edificios-historicos-Parador-Toledo-SATE-696x392.jpg 696w, https:\/\/veredes.es\/blog\/wp-content\/uploads\/2024\/03\/Consejos-para-la-rehabilitacion-de-cubiertas-en-edificios-historicos-Parador-Toledo-SATE-1068x601.jpg 1068w\" sizes=\"auto, (max-width: 1280px) 100vw, 1280px\" \/><figcaption id=\"caption-attachment-97854\" class=\"wp-caption-text\"><span style=\"color: #999999;\">Consejos para la rehabilitaci\u00f3n de cubiertas en edificios hist\u00f3ricos como el Parador Toledo mediante SATE<\/span><\/figcaption><\/figure>\n<h5 style=\"text-align: justify;\"><strong>\u00bfC\u00f3mo instalar Onduline Bajo Teja en la rehabilitaci\u00f3n de un edificio hist\u00f3rico?<\/strong><\/h5>\n<p style=\"text-align: justify;\">En la impermeabilizaci\u00f3n y rehabilitaci\u00f3n de tejados de edificios hist\u00f3ricos, <a href=\"https:\/\/es.onduline.com\/es\/profesional\/sistemas-cubierta-y-tejado\/impermeabilizacion-tejados-bajo-teja\/onduline-bajo-teja\" target=\"_blank\" rel=\"noopener\">Onduline Bajo Teja o pizarra<\/a> es un aliado perfecto para la protecci\u00f3n del patrimonio hist\u00f3rico cultural de nuestro pa\u00eds. A continuaci\u00f3n, te contamos los puntos fundamentales para saber c\u00f3mo instalar Onduline Bajo Teja o pizarra en la cubierta de un edificio hist\u00f3rico:<\/p>\n<p style=\"padding-left: 40px; text-align: justify;\">1. El proceso de instalaci\u00f3n comienza con una <strong>preparaci\u00f3n adecuada del soporte de la cubierta<\/strong>. Esto implica la retirada de la teja, la limpieza de escombros, la reparaci\u00f3n de cualquier da\u00f1o existente y la formaci\u00f3n de una superficie continua uniforme como soporte de cubierta. Las placas Onduline Bajo Teja o pizarra se fijan mec\u00e1nicamente y los materiales a los que estas se pueden atornillar son muchos: madera, hormig\u00f3n, cer\u00e1mica, e incluso algunos tipos de aislantes gracias al sistema de fijaci\u00f3n VLS.<\/p>\n<p style=\"padding-left: 40px; text-align: justify;\">2. La <strong>instalaci\u00f3n de Onduline Bajo Teja o pizarra<\/strong> es muy sencilla y se lleva a cabo de manera met\u00f3dica, asegurando una cobertura completa y uniforme. Las placas se colocan sobre el soporte de la cubierta o del panel aislante. Estas se instalan de alero a cumbrera y se solapan entre si tanto lateral como verticalmente. El tama\u00f1o del solape var\u00eda en funci\u00f3n de la pendiente, y las propias placas bajo teja cuentan con unas marcas que act\u00faan como gu\u00edas indicando el punto adecuado de solape. Una vez solapadas, las placas se fijan con la torniller\u00eda adecuada al tipo de soporte de cubierta, atraves\u00e1ndose siempre por la parte alta de las ondas. Este proceso se repite por hiladas desde el alero a la cumbrera y en las zonas de remates, basta con aproximar las placas para despu\u00e9s proceder al corte y ajuste seg\u00fan sea necesario.<\/p>\n<p style=\"padding-left: 40px; text-align: justify;\">3. La instalaci\u00f3n de Onduline Bajo Teja o pizarra en edificios hist\u00f3ricos resulta muy apropiada por su capacidad de adaptaci\u00f3n a distintas formas, soportes y tipos de teja, manteniendo siempre su calidad y prestaciones impermeables. <strong>Siempre se deben tener en cuenta las caracter\u00edsticas arquitect\u00f3nicas y est\u00e9ticas del edificio para preservar su autenticidad<\/strong>. La adaptabilidad de Onduline permite integrarse sin comprometer la est\u00e9tica original, asegurando una soluci\u00f3n efectiva y respetuosa con la historia del edificio. La supervisi\u00f3n constante y la colaboraci\u00f3n con profesionales especializados son esenciales para garantizar una instalaci\u00f3n exitosa y compatible con la preservaci\u00f3n del edificio hist\u00f3rico.<\/p>\n<h5 style=\"text-align: justify;\"><strong>\u00bfTienes dudas en la rehabilitaci\u00f3n de un edificio hist\u00f3rico?<\/strong><\/h5>\n<p style=\"text-align: justify;\">Si quieres conocer m\u00e1s informaci\u00f3n sobre cubiertas y tejados para profesionales, te sugerimos bien visitar <a href=\"https:\/\/es.onduline.com\/es\/profesional\" target=\"_blank\" rel=\"noopener\">Onduline<\/a> o bien si tienes cualquier duda puedes <a href=\"https:\/\/es.onduline.com\/es\/profesional\/departamento-tecnico-onduline\" target=\"_blank\" rel=\"noopener\">contactar con su departamento t\u00e9cnico<\/a>, que podr\u00e1n resolverla.<\/p>\n<p style=\"text-align: justify;\"><span style=\"color: #999999;\"><em>* Calculado en 2011, alcance de placas y tejas onduladas bituminosas, basado en el suministro, transporte y fabricaci\u00f3n de materia prima (actualmente en proceso de actualizaci\u00f3n).<\/em><\/span><\/p>\n","protected":false},"excerpt":{"rendered":"<p>La rehabilitaci\u00f3n de los edificios hist\u00f3ricos es una tarea fundamental para mantener nuestra herencia arquitect\u00f3nica y cultural. En Espa\u00f1a, contamos con un amplio y diverso patrimonio de edificios hist\u00f3ricos, testimonio de nuestra historia y herencia de estilos arquitect\u00f3nicos y t\u00e9cnicas constructivas que merecen ser bien conservadas. En esta ocasi\u00f3n, abordamos los desaf\u00edos que implican la [&hellip;]<\/p>\n","protected":false},"author":2,"featured_media":97852,"comment_status":"open","ping_status":"closed","sticky":false,"template":"","format":"standard","meta":{"footnotes":""},"categories":[10089,5951],"tags":[365,15852,12464,3686],"class_list":{"0":"post-97845","1":"post","2":"type-post","3":"status-publish","4":"format-standard","5":"has-post-thumbnail","7":"category-aparejo","8":"category-slider-principal","9":"tag-construccion","10":"tag-onduline","11":"tag-rehabilitacion","12":"tag-rehabilitar"},"yoast_head":"<!-- This site is optimized with the Yoast SEO plugin v27.4 - https:\/\/yoast.com\/product\/yoast-seo-wordpress\/ -->\n<title>Consejos para la rehabilitaci\u00f3n de cubiertas en edificios hist\u00f3ricos - veredes<\/title>\n<meta name=\"description\" content=\"Toda la informaci\u00f3n sobre: Consejos para la rehabilitaci\u00f3n de cubiertas en edificios hist\u00f3ricos\" \/>\n<meta name=\"robots\" content=\"index, follow, max-snippet:-1, max-image-preview:large, max-video-preview:-1\" \/>\n<link rel=\"canonical\" href=\"https:\/\/veredes.es\/blog\/consejos-para-la-rehabilitacion-de-cubiertas-en-edificios-historicos\/\" \/>\n<meta property=\"og:locale\" content=\"es_ES\" \/>\n<meta property=\"og:type\" content=\"article\" \/>\n<meta property=\"og:title\" content=\"Consejos para la rehabilitaci\u00f3n de cubiertas en edificios hist\u00f3ricos - veredes\" \/>\n<meta property=\"og:description\" content=\"Toda la informaci\u00f3n sobre: Consejos para la rehabilitaci\u00f3n de cubiertas en edificios hist\u00f3ricos\" \/>\n<meta property=\"og:url\" content=\"https:\/\/veredes.es\/blog\/consejos-para-la-rehabilitacion-de-cubiertas-en-edificios-historicos\/\" \/>\n<meta property=\"og:site_name\" content=\"veredes, arquitectura y divulgaci\u00f3n\" \/>\n<meta property=\"article:publisher\" content=\"https:\/\/www.facebook.com\/veredesArquitecturayDivulgacion\/\" \/>\n<meta property=\"article:author\" content=\"https:\/\/www.facebook.com\/veredesArquitecturayDivulgacion\/\" \/>\n<meta property=\"article:published_time\" content=\"2024-03-13T23:01:49+00:00\" \/>\n<meta property=\"article:modified_time\" content=\"2024-04-19T16:38:06+00:00\" \/>\n<meta property=\"og:image\" content=\"https:\/\/veredes.es\/blog\/wp-content\/uploads\/2024\/03\/Rehabilitacion-de-tejado-edificio-historico-con-Onduline-Bajo-Teja.jpg\" \/>\n\t<meta property=\"og:image:width\" content=\"2048\" \/>\n\t<meta property=\"og:image:height\" content=\"1536\" \/>\n\t<meta property=\"og:image:type\" content=\"image\/jpeg\" \/>\n<meta name=\"author\" content=\"veredes\" \/>\n<meta name=\"twitter:card\" content=\"summary_large_image\" \/>\n<meta name=\"twitter:creator\" content=\"@https:\/\/twitter.com\/veredes\" \/>\n<meta name=\"twitter:site\" content=\"@veredes\" \/>\n<meta name=\"twitter:label1\" content=\"Escrito por\" \/>\n\t<meta name=\"twitter:data1\" content=\"veredes\" \/>\n\t<meta name=\"twitter:label2\" content=\"Tiempo de lectura\" \/>\n\t<meta name=\"twitter:data2\" content=\"8 minutos\" \/>\n<script type=\"application\/ld+json\" class=\"yoast-schema-graph\">{\"@context\":\"https:\\\/\\\/schema.org\",\"@graph\":[{\"@type\":\"Article\",\"@id\":\"https:\\\/\\\/veredes.es\\\/blog\\\/consejos-para-la-rehabilitacion-de-cubiertas-en-edificios-historicos\\\/#article\",\"isPartOf\":{\"@id\":\"https:\\\/\\\/veredes.es\\\/blog\\\/consejos-para-la-rehabilitacion-de-cubiertas-en-edificios-historicos\\\/\"},\"author\":{\"name\":\"veredes\",\"@id\":\"https:\\\/\\\/veredes.es\\\/blog\\\/#\\\/schema\\\/person\\\/0bbb669073ef7faba5168a0844e93d2c\"},\"headline\":\"Consejos para la rehabilitaci\u00f3n de cubiertas en edificios hist\u00f3ricos\",\"datePublished\":\"2024-03-13T23:01:49+00:00\",\"dateModified\":\"2024-04-19T16:38:06+00:00\",\"mainEntityOfPage\":{\"@id\":\"https:\\\/\\\/veredes.es\\\/blog\\\/consejos-para-la-rehabilitacion-de-cubiertas-en-edificios-historicos\\\/\"},\"wordCount\":1595,\"commentCount\":0,\"publisher\":{\"@id\":\"https:\\\/\\\/veredes.es\\\/blog\\\/#organization\"},\"image\":{\"@id\":\"https:\\\/\\\/veredes.es\\\/blog\\\/consejos-para-la-rehabilitacion-de-cubiertas-en-edificios-historicos\\\/#primaryimage\"},\"thumbnailUrl\":\"https:\\\/\\\/veredes.es\\\/blog\\\/wp-content\\\/uploads\\\/2024\\\/03\\\/Rehabilitacion-de-tejado-edificio-historico-con-Onduline-Bajo-Teja.jpg\",\"keywords\":[\"construcci\u00f3n\",\"onduline\",\"rehabilitaci\u00f3n\",\"rehabilitar\"],\"articleSection\":[\"aparejo\",\"slider principal\"],\"inLanguage\":\"es\",\"potentialAction\":[{\"@type\":\"CommentAction\",\"name\":\"Comment\",\"target\":[\"https:\\\/\\\/veredes.es\\\/blog\\\/consejos-para-la-rehabilitacion-de-cubiertas-en-edificios-historicos\\\/#respond\"]}]},{\"@type\":\"WebPage\",\"@id\":\"https:\\\/\\\/veredes.es\\\/blog\\\/consejos-para-la-rehabilitacion-de-cubiertas-en-edificios-historicos\\\/\",\"url\":\"https:\\\/\\\/veredes.es\\\/blog\\\/consejos-para-la-rehabilitacion-de-cubiertas-en-edificios-historicos\\\/\",\"name\":\"Consejos para la rehabilitaci\u00f3n de cubiertas en edificios hist\u00f3ricos - veredes\",\"isPartOf\":{\"@id\":\"https:\\\/\\\/veredes.es\\\/blog\\\/#website\"},\"primaryImageOfPage\":{\"@id\":\"https:\\\/\\\/veredes.es\\\/blog\\\/consejos-para-la-rehabilitacion-de-cubiertas-en-edificios-historicos\\\/#primaryimage\"},\"image\":{\"@id\":\"https:\\\/\\\/veredes.es\\\/blog\\\/consejos-para-la-rehabilitacion-de-cubiertas-en-edificios-historicos\\\/#primaryimage\"},\"thumbnailUrl\":\"https:\\\/\\\/veredes.es\\\/blog\\\/wp-content\\\/uploads\\\/2024\\\/03\\\/Rehabilitacion-de-tejado-edificio-historico-con-Onduline-Bajo-Teja.jpg\",\"datePublished\":\"2024-03-13T23:01:49+00:00\",\"dateModified\":\"2024-04-19T16:38:06+00:00\",\"description\":\"Toda la informaci\u00f3n sobre: Consejos para la rehabilitaci\u00f3n de cubiertas en edificios hist\u00f3ricos\",\"breadcrumb\":{\"@id\":\"https:\\\/\\\/veredes.es\\\/blog\\\/consejos-para-la-rehabilitacion-de-cubiertas-en-edificios-historicos\\\/#breadcrumb\"},\"inLanguage\":\"es\",\"potentialAction\":[{\"@type\":\"ReadAction\",\"target\":[\"https:\\\/\\\/veredes.es\\\/blog\\\/consejos-para-la-rehabilitacion-de-cubiertas-en-edificios-historicos\\\/\"]}]},{\"@type\":\"ImageObject\",\"inLanguage\":\"es\",\"@id\":\"https:\\\/\\\/veredes.es\\\/blog\\\/consejos-para-la-rehabilitacion-de-cubiertas-en-edificios-historicos\\\/#primaryimage\",\"url\":\"https:\\\/\\\/veredes.es\\\/blog\\\/wp-content\\\/uploads\\\/2024\\\/03\\\/Rehabilitacion-de-tejado-edificio-historico-con-Onduline-Bajo-Teja.jpg\",\"contentUrl\":\"https:\\\/\\\/veredes.es\\\/blog\\\/wp-content\\\/uploads\\\/2024\\\/03\\\/Rehabilitacion-de-tejado-edificio-historico-con-Onduline-Bajo-Teja.jpg\",\"width\":2048,\"height\":1536,\"caption\":\"Rehabilitacion de tejado edificio historico con Onduline Bajo Teja\"},{\"@type\":\"BreadcrumbList\",\"@id\":\"https:\\\/\\\/veredes.es\\\/blog\\\/consejos-para-la-rehabilitacion-de-cubiertas-en-edificios-historicos\\\/#breadcrumb\",\"itemListElement\":[{\"@type\":\"ListItem\",\"position\":1,\"name\":\"Portada\",\"item\":\"https:\\\/\\\/veredes.es\\\/blog\\\/\"},{\"@type\":\"ListItem\",\"position\":2,\"name\":\"Consejos para la rehabilitaci\u00f3n de cubiertas en edificios hist\u00f3ricos\"}]},{\"@type\":\"WebSite\",\"@id\":\"https:\\\/\\\/veredes.es\\\/blog\\\/#website\",\"url\":\"https:\\\/\\\/veredes.es\\\/blog\\\/\",\"name\":\"veredes, arquitectura y divulgaci\u00f3n\",\"description\":\"veredes\",\"publisher\":{\"@id\":\"https:\\\/\\\/veredes.es\\\/blog\\\/#organization\"},\"alternateName\":\"veredes\",\"potentialAction\":[{\"@type\":\"SearchAction\",\"target\":{\"@type\":\"EntryPoint\",\"urlTemplate\":\"https:\\\/\\\/veredes.es\\\/blog\\\/?s={search_term_string}\"},\"query-input\":{\"@type\":\"PropertyValueSpecification\",\"valueRequired\":true,\"valueName\":\"search_term_string\"}}],\"inLanguage\":\"es\"},{\"@type\":\"Organization\",\"@id\":\"https:\\\/\\\/veredes.es\\\/blog\\\/#organization\",\"name\":\"veredes, arquitectura y divulgaci\u00f3n\",\"alternateName\":\"veredes\",\"url\":\"https:\\\/\\\/veredes.es\\\/blog\\\/\",\"logo\":{\"@type\":\"ImageObject\",\"inLanguage\":\"es\",\"@id\":\"https:\\\/\\\/veredes.es\\\/blog\\\/#\\\/schema\\\/logo\\\/image\\\/\",\"url\":\"https:\\\/\\\/veredes.es\\\/blog\\\/wp-content\\\/uploads\\\/2021\\\/12\\\/veredes-logo-centrado_140x54.png\",\"contentUrl\":\"https:\\\/\\\/veredes.es\\\/blog\\\/wp-content\\\/uploads\\\/2021\\\/12\\\/veredes-logo-centrado_140x54.png\",\"width\":140,\"height\":54,\"caption\":\"veredes, arquitectura y divulgaci\u00f3n\"},\"image\":{\"@id\":\"https:\\\/\\\/veredes.es\\\/blog\\\/#\\\/schema\\\/logo\\\/image\\\/\"},\"sameAs\":[\"https:\\\/\\\/www.facebook.com\\\/veredesArquitecturayDivulgacion\\\/\",\"https:\\\/\\\/x.com\\\/veredes\",\"https:\\\/\\\/instagram.com\\\/veredes\\\/\",\"https:\\\/\\\/www.linkedin.com\\\/company\\\/veredes-arquitectura-y-divulgacion\\\/\",\"https:\\\/\\\/es.pinterest.com\\\/veredes\\\/\",\"https:\\\/\\\/www.tumblr.com\\\/veredes\"]},{\"@type\":\"Person\",\"@id\":\"https:\\\/\\\/veredes.es\\\/blog\\\/#\\\/schema\\\/person\\\/0bbb669073ef7faba5168a0844e93d2c\",\"name\":\"veredes\",\"image\":{\"@type\":\"ImageObject\",\"inLanguage\":\"es\",\"@id\":\"https:\\\/\\\/veredes.es\\\/blog\\\/wp-content\\\/uploads\\\/2018\\\/04\\\/face-96x96.jpg\",\"url\":\"https:\\\/\\\/veredes.es\\\/blog\\\/wp-content\\\/uploads\\\/2018\\\/04\\\/face-96x96.jpg\",\"contentUrl\":\"https:\\\/\\\/veredes.es\\\/blog\\\/wp-content\\\/uploads\\\/2018\\\/04\\\/face-96x96.jpg\",\"caption\":\"veredes\"},\"description\":\"Surge enero de 2009 como b\u00fasqueda de satisfacer el conocimiento de la actividad arquitect\u00f3nica y tangentes que se generan. La idea es crear un espacio para divulgar los diversos proyectos en busca de nueva inspiraci\u00f3n y de intercambio.\",\"sameAs\":[\"https:\\\/\\\/veredes.es\\\/\",\"https:\\\/\\\/www.facebook.com\\\/veredesArquitecturayDivulgacion\\\/\",\"https:\\\/\\\/www.instagram.com\\\/veredes\\\/\",\"https:\\\/\\\/www.linkedin.com\\\/company\\\/veredes-arquitectura-y-divulgacion\\\/\",\"https:\\\/\\\/www.pinterest.es\\\/veredes\\\/\",\"https:\\\/\\\/x.com\\\/https:\\\/\\\/twitter.com\\\/veredes\",\"https:\\\/\\\/veredes.tumblr.com\\\/\"],\"url\":\"https:\\\/\\\/veredes.es\\\/blog\\\/author\\\/alberto\\\/\"}]}<\/script>\n<!-- \/ Yoast SEO plugin. -->","yoast_head_json":{"title":"Consejos para la rehabilitaci\u00f3n de cubiertas en edificios hist\u00f3ricos - veredes","description":"Toda la informaci\u00f3n sobre: Consejos para la rehabilitaci\u00f3n de cubiertas en edificios hist\u00f3ricos","robots":{"index":"index","follow":"follow","max-snippet":"max-snippet:-1","max-image-preview":"max-image-preview:large","max-video-preview":"max-video-preview:-1"},"canonical":"https:\/\/veredes.es\/blog\/consejos-para-la-rehabilitacion-de-cubiertas-en-edificios-historicos\/","og_locale":"es_ES","og_type":"article","og_title":"Consejos para la rehabilitaci\u00f3n de cubiertas en edificios hist\u00f3ricos - veredes","og_description":"Toda la informaci\u00f3n sobre: Consejos para la rehabilitaci\u00f3n de cubiertas en edificios hist\u00f3ricos","og_url":"https:\/\/veredes.es\/blog\/consejos-para-la-rehabilitacion-de-cubiertas-en-edificios-historicos\/","og_site_name":"veredes, arquitectura y divulgaci\u00f3n","article_publisher":"https:\/\/www.facebook.com\/veredesArquitecturayDivulgacion\/","article_author":"https:\/\/www.facebook.com\/veredesArquitecturayDivulgacion\/","article_published_time":"2024-03-13T23:01:49+00:00","article_modified_time":"2024-04-19T16:38:06+00:00","og_image":[{"width":2048,"height":1536,"url":"https:\/\/veredes.es\/blog\/wp-content\/uploads\/2024\/03\/Rehabilitacion-de-tejado-edificio-historico-con-Onduline-Bajo-Teja.jpg","type":"image\/jpeg"}],"author":"veredes","twitter_card":"summary_large_image","twitter_creator":"@https:\/\/twitter.com\/veredes","twitter_site":"@veredes","twitter_misc":{"Escrito por":"veredes","Tiempo de lectura":"8 minutos"},"schema":{"@context":"https:\/\/schema.org","@graph":[{"@type":"Article","@id":"https:\/\/veredes.es\/blog\/consejos-para-la-rehabilitacion-de-cubiertas-en-edificios-historicos\/#article","isPartOf":{"@id":"https:\/\/veredes.es\/blog\/consejos-para-la-rehabilitacion-de-cubiertas-en-edificios-historicos\/"},"author":{"name":"veredes","@id":"https:\/\/veredes.es\/blog\/#\/schema\/person\/0bbb669073ef7faba5168a0844e93d2c"},"headline":"Consejos para la rehabilitaci\u00f3n de cubiertas en edificios hist\u00f3ricos","datePublished":"2024-03-13T23:01:49+00:00","dateModified":"2024-04-19T16:38:06+00:00","mainEntityOfPage":{"@id":"https:\/\/veredes.es\/blog\/consejos-para-la-rehabilitacion-de-cubiertas-en-edificios-historicos\/"},"wordCount":1595,"commentCount":0,"publisher":{"@id":"https:\/\/veredes.es\/blog\/#organization"},"image":{"@id":"https:\/\/veredes.es\/blog\/consejos-para-la-rehabilitacion-de-cubiertas-en-edificios-historicos\/#primaryimage"},"thumbnailUrl":"https:\/\/veredes.es\/blog\/wp-content\/uploads\/2024\/03\/Rehabilitacion-de-tejado-edificio-historico-con-Onduline-Bajo-Teja.jpg","keywords":["construcci\u00f3n","onduline","rehabilitaci\u00f3n","rehabilitar"],"articleSection":["aparejo","slider principal"],"inLanguage":"es","potentialAction":[{"@type":"CommentAction","name":"Comment","target":["https:\/\/veredes.es\/blog\/consejos-para-la-rehabilitacion-de-cubiertas-en-edificios-historicos\/#respond"]}]},{"@type":"WebPage","@id":"https:\/\/veredes.es\/blog\/consejos-para-la-rehabilitacion-de-cubiertas-en-edificios-historicos\/","url":"https:\/\/veredes.es\/blog\/consejos-para-la-rehabilitacion-de-cubiertas-en-edificios-historicos\/","name":"Consejos para la rehabilitaci\u00f3n de cubiertas en edificios hist\u00f3ricos - veredes","isPartOf":{"@id":"https:\/\/veredes.es\/blog\/#website"},"primaryImageOfPage":{"@id":"https:\/\/veredes.es\/blog\/consejos-para-la-rehabilitacion-de-cubiertas-en-edificios-historicos\/#primaryimage"},"image":{"@id":"https:\/\/veredes.es\/blog\/consejos-para-la-rehabilitacion-de-cubiertas-en-edificios-historicos\/#primaryimage"},"thumbnailUrl":"https:\/\/veredes.es\/blog\/wp-content\/uploads\/2024\/03\/Rehabilitacion-de-tejado-edificio-historico-con-Onduline-Bajo-Teja.jpg","datePublished":"2024-03-13T23:01:49+00:00","dateModified":"2024-04-19T16:38:06+00:00","description":"Toda la informaci\u00f3n sobre: Consejos para la rehabilitaci\u00f3n de cubiertas en edificios hist\u00f3ricos","breadcrumb":{"@id":"https:\/\/veredes.es\/blog\/consejos-para-la-rehabilitacion-de-cubiertas-en-edificios-historicos\/#breadcrumb"},"inLanguage":"es","potentialAction":[{"@type":"ReadAction","target":["https:\/\/veredes.es\/blog\/consejos-para-la-rehabilitacion-de-cubiertas-en-edificios-historicos\/"]}]},{"@type":"ImageObject","inLanguage":"es","@id":"https:\/\/veredes.es\/blog\/consejos-para-la-rehabilitacion-de-cubiertas-en-edificios-historicos\/#primaryimage","url":"https:\/\/veredes.es\/blog\/wp-content\/uploads\/2024\/03\/Rehabilitacion-de-tejado-edificio-historico-con-Onduline-Bajo-Teja.jpg","contentUrl":"https:\/\/veredes.es\/blog\/wp-content\/uploads\/2024\/03\/Rehabilitacion-de-tejado-edificio-historico-con-Onduline-Bajo-Teja.jpg","width":2048,"height":1536,"caption":"Rehabilitacion de tejado edificio historico con Onduline Bajo Teja"},{"@type":"BreadcrumbList","@id":"https:\/\/veredes.es\/blog\/consejos-para-la-rehabilitacion-de-cubiertas-en-edificios-historicos\/#breadcrumb","itemListElement":[{"@type":"ListItem","position":1,"name":"Portada","item":"https:\/\/veredes.es\/blog\/"},{"@type":"ListItem","position":2,"name":"Consejos para la rehabilitaci\u00f3n de cubiertas en edificios hist\u00f3ricos"}]},{"@type":"WebSite","@id":"https:\/\/veredes.es\/blog\/#website","url":"https:\/\/veredes.es\/blog\/","name":"veredes, arquitectura y divulgaci\u00f3n","description":"veredes","publisher":{"@id":"https:\/\/veredes.es\/blog\/#organization"},"alternateName":"veredes","potentialAction":[{"@type":"SearchAction","target":{"@type":"EntryPoint","urlTemplate":"https:\/\/veredes.es\/blog\/?s={search_term_string}"},"query-input":{"@type":"PropertyValueSpecification","valueRequired":true,"valueName":"search_term_string"}}],"inLanguage":"es"},{"@type":"Organization","@id":"https:\/\/veredes.es\/blog\/#organization","name":"veredes, arquitectura y divulgaci\u00f3n","alternateName":"veredes","url":"https:\/\/veredes.es\/blog\/","logo":{"@type":"ImageObject","inLanguage":"es","@id":"https:\/\/veredes.es\/blog\/#\/schema\/logo\/image\/","url":"https:\/\/veredes.es\/blog\/wp-content\/uploads\/2021\/12\/veredes-logo-centrado_140x54.png","contentUrl":"https:\/\/veredes.es\/blog\/wp-content\/uploads\/2021\/12\/veredes-logo-centrado_140x54.png","width":140,"height":54,"caption":"veredes, arquitectura y divulgaci\u00f3n"},"image":{"@id":"https:\/\/veredes.es\/blog\/#\/schema\/logo\/image\/"},"sameAs":["https:\/\/www.facebook.com\/veredesArquitecturayDivulgacion\/","https:\/\/x.com\/veredes","https:\/\/instagram.com\/veredes\/","https:\/\/www.linkedin.com\/company\/veredes-arquitectura-y-divulgacion\/","https:\/\/es.pinterest.com\/veredes\/","https:\/\/www.tumblr.com\/veredes"]},{"@type":"Person","@id":"https:\/\/veredes.es\/blog\/#\/schema\/person\/0bbb669073ef7faba5168a0844e93d2c","name":"veredes","image":{"@type":"ImageObject","inLanguage":"es","@id":"https:\/\/veredes.es\/blog\/wp-content\/uploads\/2018\/04\/face-96x96.jpg","url":"https:\/\/veredes.es\/blog\/wp-content\/uploads\/2018\/04\/face-96x96.jpg","contentUrl":"https:\/\/veredes.es\/blog\/wp-content\/uploads\/2018\/04\/face-96x96.jpg","caption":"veredes"},"description":"Surge enero de 2009 como b\u00fasqueda de satisfacer el conocimiento de la actividad arquitect\u00f3nica y tangentes que se generan. La idea es crear un espacio para divulgar los diversos proyectos en busca de nueva inspiraci\u00f3n y de intercambio.","sameAs":["https:\/\/veredes.es\/","https:\/\/www.facebook.com\/veredesArquitecturayDivulgacion\/","https:\/\/www.instagram.com\/veredes\/","https:\/\/www.linkedin.com\/company\/veredes-arquitectura-y-divulgacion\/","https:\/\/www.pinterest.es\/veredes\/","https:\/\/x.com\/https:\/\/twitter.com\/veredes","https:\/\/veredes.tumblr.com\/"],"url":"https:\/\/veredes.es\/blog\/author\/alberto\/"}]}},"_links":{"self":[{"href":"https:\/\/veredes.es\/blog\/wp-json\/wp\/v2\/posts\/97845","targetHints":{"allow":["GET"]}}],"collection":[{"href":"https:\/\/veredes.es\/blog\/wp-json\/wp\/v2\/posts"}],"about":[{"href":"https:\/\/veredes.es\/blog\/wp-json\/wp\/v2\/types\/post"}],"author":[{"embeddable":true,"href":"https:\/\/veredes.es\/blog\/wp-json\/wp\/v2\/users\/2"}],"replies":[{"embeddable":true,"href":"https:\/\/veredes.es\/blog\/wp-json\/wp\/v2\/comments?post=97845"}],"version-history":[{"count":0,"href":"https:\/\/veredes.es\/blog\/wp-json\/wp\/v2\/posts\/97845\/revisions"}],"wp:featuredmedia":[{"embeddable":true,"href":"https:\/\/veredes.es\/blog\/wp-json\/wp\/v2\/media\/97852"}],"wp:attachment":[{"href":"https:\/\/veredes.es\/blog\/wp-json\/wp\/v2\/media?parent=97845"}],"wp:term":[{"taxonomy":"category","embeddable":true,"href":"https:\/\/veredes.es\/blog\/wp-json\/wp\/v2\/categories?post=97845"},{"taxonomy":"post_tag","embeddable":true,"href":"https:\/\/veredes.es\/blog\/wp-json\/wp\/v2\/tags?post=97845"}],"curies":[{"name":"wp","href":"https:\/\/api.w.org\/{rel}","templated":true}]}}