{"id":9712,"date":"2011-01-25T08:00:30","date_gmt":"2011-01-25T08:00:30","guid":{"rendered":"http:\/\/veredes.es\/blog\/?p=9712"},"modified":"2020-11-25T14:24:24","modified_gmt":"2020-11-25T13:24:24","slug":"usde-regeneracion-sostenible-de-centros-urbanos","status":"publish","type":"post","link":"https:\/\/veredes.es\/blog\/usde-regeneracion-sostenible-de-centros-urbanos\/","title":{"rendered":"USDE | Regeneraci\u00f3n sostenible de centros urbanos"},"content":{"rendered":"<p><\/p>\n<p style=\"text-align: justify;\">Os presentamos otro de los ocho \u201cexperiences\u201d que componen el\u00a0Urban Social Design Experience: un nuevo modelo de universidad basado en cursos on-line (experiences) y destinado a estudiantes y profesionales con inter\u00e9s en la exploraci\u00f3n de nuevas herramientas, din\u00e1micas y metodolog\u00edas sobre\u00a0<strong>participaci\u00f3n, creaci\u00f3n colectiva, trabajo en red, nuevas tecnolog\u00edas, cultura urbana e innovaci\u00f3n social<\/strong>. Se trata de <strong>\u201cRegeneraci\u00f3n sostenible de centros urbanos: Retos y estrategias en la intervenci\u00f3n en barrios hist\u00f3ricos\u201d<\/strong>,\u00a0dirigido\u00a0por Andr\u00e9s Walliser.<\/p>\n<p style=\"text-align: justify;\"><a href=\"https:\/\/veredes.es\/blog\/wp-content\/uploads\/2011\/01\/USDE_regeneracion_640x1401-620x135.jpg\"><img loading=\"lazy\" decoding=\"async\" class=\"alignnone size-full wp-image-9713\" title=\"USDE_regeneracion_640x1401-620x135\" src=\"https:\/\/veredes.es\/blog\/wp-content\/uploads\/2011\/01\/USDE_regeneracion_640x1401-620x135.jpg\" alt=\"\" width=\"620\" height=\"135\" srcset=\"https:\/\/veredes.es\/blog\/wp-content\/uploads\/2011\/01\/USDE_regeneracion_640x1401-620x135.jpg 620w, https:\/\/veredes.es\/blog\/wp-content\/uploads\/2011\/01\/USDE_regeneracion_640x1401-620x135-300x65.jpg 300w\" sizes=\"auto, (max-width: 620px) 100vw, 620px\" \/><\/a><\/p>\n<p style=\"text-align: justify;\">[&#8230;]<\/p>\n<p style=\"text-align: justify;\"><a href=\"http:\/\/ecosistemaurbano.org\/castellano\/usde-regeneracion-sostenible-de-centros-urbanos\/\" target=\"_blank\" rel=\"noopener noreferrer\"><span style=\"color: #888888;\">+ info<\/span><\/a><\/p>\n<p><\/p>","protected":false},"excerpt":{"rendered":"<p>Os presentamos otro de los ocho \u201cexperiences\u201d que componen el\u00a0Urban Social Design Experience: un nuevo modelo de universidad basado en cursos on-line (experiences) y destinado a estudiantes y profesionales con inter\u00e9s en la exploraci\u00f3n de nuevas herramientas, din\u00e1micas y metodolog\u00edas sobre\u00a0participaci\u00f3n, creaci\u00f3n colectiva, trabajo en red, nuevas tecnolog\u00edas, cultura urbana e innovaci\u00f3n social. Se trata [&hellip;]<\/p>\n","protected":false},"author":2,"featured_media":9713,"comment_status":"open","ping_status":"closed","sticky":false,"template":"","format":"standard","meta":{"footnotes":""},"categories":[43,16],"tags":[1524,295,401,3026,1152,1156,1264],"class_list":{"0":"post-9712","1":"post","2":"type-post","3":"status-publish","4":"format-standard","5":"has-post-thumbnail","7":"category-cursos-talleres","8":"category-eventos","9":"tag-andres-walliser","10":"tag-centro-tecnologico","11":"tag-curso","12":"tag-experiencia","13":"tag-red-social","14":"tag-regeneracion-urbana","15":"tag-taller"},"yoast_head":"<!-- This site is optimized with the Yoast SEO plugin v27.5 - https:\/\/yoast.com\/product\/yoast-seo-wordpress\/ -->\n<title>USDE | Regeneraci\u00f3n sostenible de centros urbanos - veredes<\/title>\n<meta name=\"description\" content=\"Toda la informaci\u00f3n sobre: [:es]USDE | Regeneraci\u00f3n sostenible de centros urbanos[:gl]USDE | Rexeneraci\u00f3n sustentable de centros urbanos[:en]USDE | Sustainable regeneration of urban centres[:]\" \/>\n<meta name=\"robots\" content=\"index, follow, max-snippet:-1, max-image-preview:large, max-video-preview:-1\" \/>\n<link rel=\"canonical\" href=\"https:\/\/veredes.es\/blog\/usde-regeneracion-sostenible-de-centros-urbanos\/\" \/>\n<meta property=\"og:locale\" content=\"es_ES\" \/>\n<meta property=\"og:type\" content=\"article\" \/>\n<meta property=\"og:title\" content=\"[:es]USDE | Regeneraci\u00f3n sostenible de centros urbanos[:gl]USDE | Rexeneraci\u00f3n sustentable de centros urbanos[:en]USDE | Sustainable regeneration of urban centres[:] - veredes\" \/>\n<meta property=\"og:description\" content=\"Toda la informaci\u00f3n sobre: [:es]USDE | Regeneraci\u00f3n sostenible de centros urbanos[:gl]USDE | Rexeneraci\u00f3n sustentable de centros urbanos[:en]USDE | Sustainable regeneration of urban centres[:]\" \/>\n<meta property=\"og:url\" content=\"https:\/\/veredes.es\/blog\/usde-regeneracion-sostenible-de-centros-urbanos\/\" \/>\n<meta property=\"og:site_name\" content=\"veredes, arquitectura y divulgaci\u00f3n\" \/>\n<meta property=\"article:publisher\" content=\"https:\/\/www.facebook.com\/veredesArquitecturayDivulgacion\/\" \/>\n<meta property=\"article:author\" content=\"https:\/\/www.facebook.com\/veredesArquitecturayDivulgacion\/\" \/>\n<meta property=\"article:published_time\" content=\"2011-01-25T08:00:30+00:00\" \/>\n<meta property=\"article:modified_time\" content=\"2020-11-25T13:24:24+00:00\" \/>\n<meta property=\"og:image\" content=\"https:\/\/veredes.es\/blog\/wp-content\/uploads\/2011\/01\/USDE_regeneracion_640x1401-620x135.jpg\" \/>\n\t<meta property=\"og:image:width\" content=\"620\" \/>\n\t<meta property=\"og:image:height\" content=\"135\" \/>\n\t<meta property=\"og:image:type\" content=\"image\/jpeg\" \/>\n<meta name=\"author\" content=\"veredes\" \/>\n<meta name=\"twitter:card\" content=\"summary_large_image\" \/>\n<meta name=\"twitter:creator\" content=\"@https:\/\/twitter.com\/veredes\" \/>\n<meta name=\"twitter:site\" content=\"@veredes\" \/>\n<meta name=\"twitter:label1\" content=\"Escrito por\" \/>\n\t<meta name=\"twitter:data1\" content=\"veredes\" \/>\n\t<meta name=\"twitter:label2\" content=\"Tiempo de lectura\" \/>\n\t<meta name=\"twitter:data2\" content=\"1 minuto\" \/>\n<script type=\"application\/ld+json\" class=\"yoast-schema-graph\">{\"@context\":\"https:\\\/\\\/schema.org\",\"@graph\":[{\"@type\":\"Article\",\"@id\":\"https:\\\/\\\/veredes.es\\\/blog\\\/usde-regeneracion-sostenible-de-centros-urbanos\\\/#article\",\"isPartOf\":{\"@id\":\"https:\\\/\\\/veredes.es\\\/blog\\\/usde-regeneracion-sostenible-de-centros-urbanos\\\/\"},\"author\":{\"name\":\"veredes\",\"@id\":\"https:\\\/\\\/veredes.es\\\/blog\\\/#\\\/schema\\\/person\\\/0bbb669073ef7faba5168a0844e93d2c\"},\"headline\":\"USDE | Regeneraci\u00f3n sostenible de centros urbanos\",\"datePublished\":\"2011-01-25T08:00:30+00:00\",\"dateModified\":\"2020-11-25T13:24:24+00:00\",\"mainEntityOfPage\":{\"@id\":\"https:\\\/\\\/veredes.es\\\/blog\\\/usde-regeneracion-sostenible-de-centros-urbanos\\\/\"},\"wordCount\":273,\"commentCount\":35,\"publisher\":{\"@id\":\"https:\\\/\\\/veredes.es\\\/blog\\\/#organization\"},\"image\":{\"@id\":\"https:\\\/\\\/veredes.es\\\/blog\\\/usde-regeneracion-sostenible-de-centros-urbanos\\\/#primaryimage\"},\"thumbnailUrl\":\"https:\\\/\\\/veredes.es\\\/blog\\\/wp-content\\\/uploads\\\/2011\\\/01\\\/USDE_regeneracion_640x1401-620x135.jpg\",\"keywords\":[\"Andr\u00e9s Walliser\",\"centro tecnol\u00f3gico\",\"curso\",\"experiencia\",\"red social\",\"regeneraci\u00f3n urbana\",\"taller\"],\"articleSection\":[\"cursos-talleres\",\"eventos\"],\"inLanguage\":\"es\",\"potentialAction\":[{\"@type\":\"CommentAction\",\"name\":\"Comment\",\"target\":[\"https:\\\/\\\/veredes.es\\\/blog\\\/usde-regeneracion-sostenible-de-centros-urbanos\\\/#respond\"]}]},{\"@type\":\"WebPage\",\"@id\":\"https:\\\/\\\/veredes.es\\\/blog\\\/usde-regeneracion-sostenible-de-centros-urbanos\\\/\",\"url\":\"https:\\\/\\\/veredes.es\\\/blog\\\/usde-regeneracion-sostenible-de-centros-urbanos\\\/\",\"name\":\"[:es]USDE | Regeneraci\u00f3n sostenible de centros urbanos[:gl]USDE | Rexeneraci\u00f3n sustentable de centros urbanos[:en]USDE | Sustainable regeneration of urban centres[:] - veredes\",\"isPartOf\":{\"@id\":\"https:\\\/\\\/veredes.es\\\/blog\\\/#website\"},\"primaryImageOfPage\":{\"@id\":\"https:\\\/\\\/veredes.es\\\/blog\\\/usde-regeneracion-sostenible-de-centros-urbanos\\\/#primaryimage\"},\"image\":{\"@id\":\"https:\\\/\\\/veredes.es\\\/blog\\\/usde-regeneracion-sostenible-de-centros-urbanos\\\/#primaryimage\"},\"thumbnailUrl\":\"https:\\\/\\\/veredes.es\\\/blog\\\/wp-content\\\/uploads\\\/2011\\\/01\\\/USDE_regeneracion_640x1401-620x135.jpg\",\"datePublished\":\"2011-01-25T08:00:30+00:00\",\"dateModified\":\"2020-11-25T13:24:24+00:00\",\"description\":\"Toda la informaci\u00f3n sobre: [:es]USDE | Regeneraci\u00f3n sostenible de centros urbanos[:gl]USDE | Rexeneraci\u00f3n sustentable de centros urbanos[:en]USDE | Sustainable regeneration of urban centres[:]\",\"breadcrumb\":{\"@id\":\"https:\\\/\\\/veredes.es\\\/blog\\\/usde-regeneracion-sostenible-de-centros-urbanos\\\/#breadcrumb\"},\"inLanguage\":\"es\",\"potentialAction\":[{\"@type\":\"ReadAction\",\"target\":[\"https:\\\/\\\/veredes.es\\\/blog\\\/usde-regeneracion-sostenible-de-centros-urbanos\\\/\"]}]},{\"@type\":\"ImageObject\",\"inLanguage\":\"es\",\"@id\":\"https:\\\/\\\/veredes.es\\\/blog\\\/usde-regeneracion-sostenible-de-centros-urbanos\\\/#primaryimage\",\"url\":\"https:\\\/\\\/veredes.es\\\/blog\\\/wp-content\\\/uploads\\\/2011\\\/01\\\/USDE_regeneracion_640x1401-620x135.jpg\",\"contentUrl\":\"https:\\\/\\\/veredes.es\\\/blog\\\/wp-content\\\/uploads\\\/2011\\\/01\\\/USDE_regeneracion_640x1401-620x135.jpg\",\"width\":\"620\",\"height\":\"135\"},{\"@type\":\"BreadcrumbList\",\"@id\":\"https:\\\/\\\/veredes.es\\\/blog\\\/usde-regeneracion-sostenible-de-centros-urbanos\\\/#breadcrumb\",\"itemListElement\":[{\"@type\":\"ListItem\",\"position\":1,\"name\":\"Portada\",\"item\":\"https:\\\/\\\/veredes.es\\\/blog\\\/\"},{\"@type\":\"ListItem\",\"position\":2,\"name\":\"USDE | Regeneraci\u00f3n sostenible de centros urbanos\"}]},{\"@type\":\"WebSite\",\"@id\":\"https:\\\/\\\/veredes.es\\\/blog\\\/#website\",\"url\":\"https:\\\/\\\/veredes.es\\\/blog\\\/\",\"name\":\"veredes, arquitectura y divulgaci\u00f3n\",\"description\":\"veredes\",\"publisher\":{\"@id\":\"https:\\\/\\\/veredes.es\\\/blog\\\/#organization\"},\"alternateName\":\"veredes\",\"potentialAction\":[{\"@type\":\"SearchAction\",\"target\":{\"@type\":\"EntryPoint\",\"urlTemplate\":\"https:\\\/\\\/veredes.es\\\/blog\\\/?s={search_term_string}\"},\"query-input\":{\"@type\":\"PropertyValueSpecification\",\"valueRequired\":true,\"valueName\":\"search_term_string\"}}],\"inLanguage\":\"es\"},{\"@type\":\"Organization\",\"@id\":\"https:\\\/\\\/veredes.es\\\/blog\\\/#organization\",\"name\":\"veredes, arquitectura y divulgaci\u00f3n\",\"alternateName\":\"veredes\",\"url\":\"https:\\\/\\\/veredes.es\\\/blog\\\/\",\"logo\":{\"@type\":\"ImageObject\",\"inLanguage\":\"es\",\"@id\":\"https:\\\/\\\/veredes.es\\\/blog\\\/#\\\/schema\\\/logo\\\/image\\\/\",\"url\":\"https:\\\/\\\/veredes.es\\\/blog\\\/wp-content\\\/uploads\\\/2021\\\/12\\\/veredes-logo-centrado_140x54.png\",\"contentUrl\":\"https:\\\/\\\/veredes.es\\\/blog\\\/wp-content\\\/uploads\\\/2021\\\/12\\\/veredes-logo-centrado_140x54.png\",\"width\":140,\"height\":54,\"caption\":\"veredes, arquitectura y divulgaci\u00f3n\"},\"image\":{\"@id\":\"https:\\\/\\\/veredes.es\\\/blog\\\/#\\\/schema\\\/logo\\\/image\\\/\"},\"sameAs\":[\"https:\\\/\\\/www.facebook.com\\\/veredesArquitecturayDivulgacion\\\/\",\"https:\\\/\\\/x.com\\\/veredes\",\"https:\\\/\\\/instagram.com\\\/veredes\\\/\",\"https:\\\/\\\/www.linkedin.com\\\/company\\\/veredes-arquitectura-y-divulgacion\\\/\",\"https:\\\/\\\/es.pinterest.com\\\/veredes\\\/\",\"https:\\\/\\\/www.tumblr.com\\\/veredes\"]},{\"@type\":\"Person\",\"@id\":\"https:\\\/\\\/veredes.es\\\/blog\\\/#\\\/schema\\\/person\\\/0bbb669073ef7faba5168a0844e93d2c\",\"name\":\"veredes\",\"image\":{\"@type\":\"ImageObject\",\"inLanguage\":\"es\",\"@id\":\"https:\\\/\\\/veredes.es\\\/blog\\\/wp-content\\\/uploads\\\/2018\\\/04\\\/face-96x96.jpg\",\"url\":\"https:\\\/\\\/veredes.es\\\/blog\\\/wp-content\\\/uploads\\\/2018\\\/04\\\/face-96x96.jpg\",\"contentUrl\":\"https:\\\/\\\/veredes.es\\\/blog\\\/wp-content\\\/uploads\\\/2018\\\/04\\\/face-96x96.jpg\",\"caption\":\"veredes\"},\"description\":\"Surge enero de 2009 como b\u00fasqueda de satisfacer el conocimiento de la actividad arquitect\u00f3nica y tangentes que se generan. La idea es crear un espacio para divulgar los diversos proyectos en busca de nueva inspiraci\u00f3n y de intercambio.\",\"sameAs\":[\"https:\\\/\\\/veredes.es\\\/\",\"https:\\\/\\\/www.facebook.com\\\/veredesArquitecturayDivulgacion\\\/\",\"https:\\\/\\\/www.instagram.com\\\/veredes\\\/\",\"https:\\\/\\\/www.linkedin.com\\\/company\\\/veredes-arquitectura-y-divulgacion\\\/\",\"https:\\\/\\\/www.pinterest.es\\\/veredes\\\/\",\"https:\\\/\\\/x.com\\\/https:\\\/\\\/twitter.com\\\/veredes\",\"https:\\\/\\\/veredes.tumblr.com\\\/\"],\"url\":\"https:\\\/\\\/veredes.es\\\/blog\\\/author\\\/alberto\\\/\"}]}<\/script>\n<!-- \/ Yoast SEO plugin. -->","yoast_head_json":{"title":"[:es]USDE | Regeneraci\u00f3n sostenible de centros urbanos[:gl]USDE | Rexeneraci\u00f3n sustentable de centros urbanos[:en]USDE | Sustainable regeneration of urban centres[:] - veredes","description":"Toda la informaci\u00f3n sobre: [:es]USDE | Regeneraci\u00f3n sostenible de centros urbanos[:gl]USDE | Rexeneraci\u00f3n sustentable de centros urbanos[:en]USDE | Sustainable regeneration of urban centres[:]","robots":{"index":"index","follow":"follow","max-snippet":"max-snippet:-1","max-image-preview":"max-image-preview:large","max-video-preview":"max-video-preview:-1"},"canonical":"https:\/\/veredes.es\/blog\/usde-regeneracion-sostenible-de-centros-urbanos\/","og_locale":"es_ES","og_type":"article","og_title":"[:es]USDE | Regeneraci\u00f3n sostenible de centros urbanos[:gl]USDE | Rexeneraci\u00f3n sustentable de centros urbanos[:en]USDE | Sustainable regeneration of urban centres[:] - veredes","og_description":"Toda la informaci\u00f3n sobre: [:es]USDE | Regeneraci\u00f3n sostenible de centros urbanos[:gl]USDE | Rexeneraci\u00f3n sustentable de centros urbanos[:en]USDE | Sustainable regeneration of urban centres[:]","og_url":"https:\/\/veredes.es\/blog\/usde-regeneracion-sostenible-de-centros-urbanos\/","og_site_name":"veredes, arquitectura y divulgaci\u00f3n","article_publisher":"https:\/\/www.facebook.com\/veredesArquitecturayDivulgacion\/","article_author":"https:\/\/www.facebook.com\/veredesArquitecturayDivulgacion\/","article_published_time":"2011-01-25T08:00:30+00:00","article_modified_time":"2020-11-25T13:24:24+00:00","og_image":[{"width":620,"height":135,"url":"https:\/\/veredes.es\/blog\/wp-content\/uploads\/2011\/01\/USDE_regeneracion_640x1401-620x135.jpg","type":"image\/jpeg"}],"author":"veredes","twitter_card":"summary_large_image","twitter_creator":"@https:\/\/twitter.com\/veredes","twitter_site":"@veredes","twitter_misc":{"Escrito por":"veredes","Tiempo de lectura":"1 minuto"},"schema":{"@context":"https:\/\/schema.org","@graph":[{"@type":"Article","@id":"https:\/\/veredes.es\/blog\/usde-regeneracion-sostenible-de-centros-urbanos\/#article","isPartOf":{"@id":"https:\/\/veredes.es\/blog\/usde-regeneracion-sostenible-de-centros-urbanos\/"},"author":{"name":"veredes","@id":"https:\/\/veredes.es\/blog\/#\/schema\/person\/0bbb669073ef7faba5168a0844e93d2c"},"headline":"USDE | Regeneraci\u00f3n sostenible de centros urbanos","datePublished":"2011-01-25T08:00:30+00:00","dateModified":"2020-11-25T13:24:24+00:00","mainEntityOfPage":{"@id":"https:\/\/veredes.es\/blog\/usde-regeneracion-sostenible-de-centros-urbanos\/"},"wordCount":273,"commentCount":35,"publisher":{"@id":"https:\/\/veredes.es\/blog\/#organization"},"image":{"@id":"https:\/\/veredes.es\/blog\/usde-regeneracion-sostenible-de-centros-urbanos\/#primaryimage"},"thumbnailUrl":"https:\/\/veredes.es\/blog\/wp-content\/uploads\/2011\/01\/USDE_regeneracion_640x1401-620x135.jpg","keywords":["Andr\u00e9s Walliser","centro tecnol\u00f3gico","curso","experiencia","red social","regeneraci\u00f3n urbana","taller"],"articleSection":["cursos-talleres","eventos"],"inLanguage":"es","potentialAction":[{"@type":"CommentAction","name":"Comment","target":["https:\/\/veredes.es\/blog\/usde-regeneracion-sostenible-de-centros-urbanos\/#respond"]}]},{"@type":"WebPage","@id":"https:\/\/veredes.es\/blog\/usde-regeneracion-sostenible-de-centros-urbanos\/","url":"https:\/\/veredes.es\/blog\/usde-regeneracion-sostenible-de-centros-urbanos\/","name":"[:es]USDE | Regeneraci\u00f3n sostenible de centros urbanos[:gl]USDE | Rexeneraci\u00f3n sustentable de centros urbanos[:en]USDE | Sustainable regeneration of urban centres[:] - veredes","isPartOf":{"@id":"https:\/\/veredes.es\/blog\/#website"},"primaryImageOfPage":{"@id":"https:\/\/veredes.es\/blog\/usde-regeneracion-sostenible-de-centros-urbanos\/#primaryimage"},"image":{"@id":"https:\/\/veredes.es\/blog\/usde-regeneracion-sostenible-de-centros-urbanos\/#primaryimage"},"thumbnailUrl":"https:\/\/veredes.es\/blog\/wp-content\/uploads\/2011\/01\/USDE_regeneracion_640x1401-620x135.jpg","datePublished":"2011-01-25T08:00:30+00:00","dateModified":"2020-11-25T13:24:24+00:00","description":"Toda la informaci\u00f3n sobre: [:es]USDE | Regeneraci\u00f3n sostenible de centros urbanos[:gl]USDE | Rexeneraci\u00f3n sustentable de centros urbanos[:en]USDE | Sustainable regeneration of urban centres[:]","breadcrumb":{"@id":"https:\/\/veredes.es\/blog\/usde-regeneracion-sostenible-de-centros-urbanos\/#breadcrumb"},"inLanguage":"es","potentialAction":[{"@type":"ReadAction","target":["https:\/\/veredes.es\/blog\/usde-regeneracion-sostenible-de-centros-urbanos\/"]}]},{"@type":"ImageObject","inLanguage":"es","@id":"https:\/\/veredes.es\/blog\/usde-regeneracion-sostenible-de-centros-urbanos\/#primaryimage","url":"https:\/\/veredes.es\/blog\/wp-content\/uploads\/2011\/01\/USDE_regeneracion_640x1401-620x135.jpg","contentUrl":"https:\/\/veredes.es\/blog\/wp-content\/uploads\/2011\/01\/USDE_regeneracion_640x1401-620x135.jpg","width":"620","height":"135"},{"@type":"BreadcrumbList","@id":"https:\/\/veredes.es\/blog\/usde-regeneracion-sostenible-de-centros-urbanos\/#breadcrumb","itemListElement":[{"@type":"ListItem","position":1,"name":"Portada","item":"https:\/\/veredes.es\/blog\/"},{"@type":"ListItem","position":2,"name":"USDE | Regeneraci\u00f3n sostenible de centros urbanos"}]},{"@type":"WebSite","@id":"https:\/\/veredes.es\/blog\/#website","url":"https:\/\/veredes.es\/blog\/","name":"veredes, arquitectura y divulgaci\u00f3n","description":"veredes","publisher":{"@id":"https:\/\/veredes.es\/blog\/#organization"},"alternateName":"veredes","potentialAction":[{"@type":"SearchAction","target":{"@type":"EntryPoint","urlTemplate":"https:\/\/veredes.es\/blog\/?s={search_term_string}"},"query-input":{"@type":"PropertyValueSpecification","valueRequired":true,"valueName":"search_term_string"}}],"inLanguage":"es"},{"@type":"Organization","@id":"https:\/\/veredes.es\/blog\/#organization","name":"veredes, arquitectura y divulgaci\u00f3n","alternateName":"veredes","url":"https:\/\/veredes.es\/blog\/","logo":{"@type":"ImageObject","inLanguage":"es","@id":"https:\/\/veredes.es\/blog\/#\/schema\/logo\/image\/","url":"https:\/\/veredes.es\/blog\/wp-content\/uploads\/2021\/12\/veredes-logo-centrado_140x54.png","contentUrl":"https:\/\/veredes.es\/blog\/wp-content\/uploads\/2021\/12\/veredes-logo-centrado_140x54.png","width":140,"height":54,"caption":"veredes, arquitectura y divulgaci\u00f3n"},"image":{"@id":"https:\/\/veredes.es\/blog\/#\/schema\/logo\/image\/"},"sameAs":["https:\/\/www.facebook.com\/veredesArquitecturayDivulgacion\/","https:\/\/x.com\/veredes","https:\/\/instagram.com\/veredes\/","https:\/\/www.linkedin.com\/company\/veredes-arquitectura-y-divulgacion\/","https:\/\/es.pinterest.com\/veredes\/","https:\/\/www.tumblr.com\/veredes"]},{"@type":"Person","@id":"https:\/\/veredes.es\/blog\/#\/schema\/person\/0bbb669073ef7faba5168a0844e93d2c","name":"veredes","image":{"@type":"ImageObject","inLanguage":"es","@id":"https:\/\/veredes.es\/blog\/wp-content\/uploads\/2018\/04\/face-96x96.jpg","url":"https:\/\/veredes.es\/blog\/wp-content\/uploads\/2018\/04\/face-96x96.jpg","contentUrl":"https:\/\/veredes.es\/blog\/wp-content\/uploads\/2018\/04\/face-96x96.jpg","caption":"veredes"},"description":"Surge enero de 2009 como b\u00fasqueda de satisfacer el conocimiento de la actividad arquitect\u00f3nica y tangentes que se generan. La idea es crear un espacio para divulgar los diversos proyectos en busca de nueva inspiraci\u00f3n y de intercambio.","sameAs":["https:\/\/veredes.es\/","https:\/\/www.facebook.com\/veredesArquitecturayDivulgacion\/","https:\/\/www.instagram.com\/veredes\/","https:\/\/www.linkedin.com\/company\/veredes-arquitectura-y-divulgacion\/","https:\/\/www.pinterest.es\/veredes\/","https:\/\/x.com\/https:\/\/twitter.com\/veredes","https:\/\/veredes.tumblr.com\/"],"url":"https:\/\/veredes.es\/blog\/author\/alberto\/"}]}},"_links":{"self":[{"href":"https:\/\/veredes.es\/blog\/wp-json\/wp\/v2\/posts\/9712","targetHints":{"allow":["GET"]}}],"collection":[{"href":"https:\/\/veredes.es\/blog\/wp-json\/wp\/v2\/posts"}],"about":[{"href":"https:\/\/veredes.es\/blog\/wp-json\/wp\/v2\/types\/post"}],"author":[{"embeddable":true,"href":"https:\/\/veredes.es\/blog\/wp-json\/wp\/v2\/users\/2"}],"replies":[{"embeddable":true,"href":"https:\/\/veredes.es\/blog\/wp-json\/wp\/v2\/comments?post=9712"}],"version-history":[{"count":0,"href":"https:\/\/veredes.es\/blog\/wp-json\/wp\/v2\/posts\/9712\/revisions"}],"wp:featuredmedia":[{"embeddable":true,"href":"https:\/\/veredes.es\/blog\/wp-json\/wp\/v2\/media\/9713"}],"wp:attachment":[{"href":"https:\/\/veredes.es\/blog\/wp-json\/wp\/v2\/media?parent=9712"}],"wp:term":[{"taxonomy":"category","embeddable":true,"href":"https:\/\/veredes.es\/blog\/wp-json\/wp\/v2\/categories?post=9712"},{"taxonomy":"post_tag","embeddable":true,"href":"https:\/\/veredes.es\/blog\/wp-json\/wp\/v2\/tags?post=9712"}],"curies":[{"name":"wp","href":"https:\/\/api.w.org\/{rel}","templated":true}]}}