{"id":96694,"date":"2024-02-23T00:01:41","date_gmt":"2024-02-22T23:01:41","guid":{"rendered":"https:\/\/veredes.es\/blog\/?p=96694"},"modified":"2024-02-22T19:09:36","modified_gmt":"2024-02-22T18:09:36","slug":"eduardo-m-rodriguez-bardeo","status":"publish","type":"post","link":"https:\/\/veredes.es\/blog\/eduardo-m-rodriguez-bardeo\/","title":{"rendered":"Eduardo M. Rodr\u00edguez \u00b7 Bardeo"},"content":{"rendered":"<p style=\"text-align: justify;\">En la secci\u00f3n Baliza exploramos caminos divergentes dentro del \u00e1mbito de la arquitectura, destacando las experiencias de aquellos profesionales que han decidido trazar nuevas sendas en su carrera. En esta ocasi\u00f3n, entrevistamos a Eduardo M. Rodr\u00edguez, alias Bardeo, arquitecto graduado por la ETSAM, cuya trayectoria profesional ha florecido en tierras alemanas desde el a\u00f1o 2013.<\/p>\n<p style=\"text-align: justify;\">A lo largo de su periplo, Eduardo ha dejado su huella en diversos estudios y ha contribuido al desarrollo de proyectos tan heterog\u00e9neos como oficinas premiadas por su <a href=\"https:\/\/www.haascookzemmrich.com\/de\/projekte\/alnatura-campus\/\" target=\"_blank\" rel=\"noopener\">sostenibilidad<\/a>, <a href=\"https:\/\/www.haascookzemmrich.com\/de\/projekte\/franklin-mannheim\/\" target=\"_blank\" rel=\"noopener\">viviendas sociales<\/a> y, en la actualidad, un fascinante <a href=\"https:\/\/www.h4a-architekten.de\/de\/projekte\/neubau-gutenberg-museum-mainz\" target=\"_blank\" rel=\"noopener\">museo.<\/a><\/p>\n<p style=\"text-align: justify;\">Sin embargo, la traves\u00eda de Eduardo no se limita \u00fanicamente al \u00e1mbito arquitect\u00f3nico. En 2021, bajo el seud\u00f3nimo de Bardeo, public\u00f3 su primer <a href=\"https:\/\/veredes.es\/blog\/agustin-ferrer-casas-%c2%b7-historietista-guionista-dibujante\/\" target=\"_blank\" rel=\"noopener\">c\u00f3mic<\/a> titulado <a href=\"https:\/\/amzn.to\/3S7XbwT\" target=\"_blank\" rel=\"noopener\"><em>D\u00e9sida<\/em><\/a>,\u00a0present\u00e1ndolo en la feria C\u00f3mic Pop Up de Madrid. Este arquitecto, lejos de conformarse con los l\u00edmites convencionales de su profesi\u00f3n, se aventura en el mundo del tebeo, demostrando que la creatividad no conoce fronteras.<\/p>\n<p style=\"text-align: justify;\">Con la vista puesta en el futuro, Eduardo M. Rodr\u00edguez, Bardeo, comparte sus perspectivas y experiencias, animando a estudiantes y arquitectos a explorar nuevos campos y no quedarse est\u00e1ticos en su desarrollo profesional. Su historia es una inspiraci\u00f3n para aquellos que buscan desafiar los convencionalismos y ampliar sus horizontes en el vasto mundo de la arquitectura y m\u00e1s all\u00e1.<\/p>\n<figure id=\"attachment_96696\" aria-describedby=\"caption-attachment-96696\" style=\"width: 1400px\" class=\"wp-caption alignnone\"><img loading=\"lazy\" decoding=\"async\" class=\"wp-image-96696 size-full\" title=\"Eduardo-M.-Rodr\u00edguez \u00a92021 Bardeo\" src=\"https:\/\/veredes.es\/blog\/wp-content\/uploads\/2024\/01\/Eduardo-M.-Rodriguez-\u00a92021-Bardeo.jpg\" alt=\"Eduardo-M.-Rodr\u00edguez \u00a92021 Bardeo\" width=\"1400\" height=\"1980\" srcset=\"https:\/\/veredes.es\/blog\/wp-content\/uploads\/2024\/01\/Eduardo-M.-Rodriguez-\u00a92021-Bardeo.jpg 1400w, https:\/\/veredes.es\/blog\/wp-content\/uploads\/2024\/01\/Eduardo-M.-Rodriguez-\u00a92021-Bardeo-212x300.jpg 212w, https:\/\/veredes.es\/blog\/wp-content\/uploads\/2024\/01\/Eduardo-M.-Rodriguez-\u00a92021-Bardeo-724x1024.jpg 724w, https:\/\/veredes.es\/blog\/wp-content\/uploads\/2024\/01\/Eduardo-M.-Rodriguez-\u00a92021-Bardeo-1086x1536.jpg 1086w, https:\/\/veredes.es\/blog\/wp-content\/uploads\/2024\/01\/Eduardo-M.-Rodriguez-\u00a92021-Bardeo-696x984.jpg 696w, https:\/\/veredes.es\/blog\/wp-content\/uploads\/2024\/01\/Eduardo-M.-Rodriguez-\u00a92021-Bardeo-1068x1510.jpg 1068w\" sizes=\"auto, (max-width: 1400px) 100vw, 1400px\" \/><figcaption id=\"caption-attachment-96696\" class=\"wp-caption-text\"><span style=\"color: #999999;\">Eduardo M. Rodr\u00edguez \u00a9 2021 Bardeo<\/span><\/figcaption><\/figure>\n<h5 style=\"text-align: justify;\"><strong>\u00bfC\u00f3mo se definir\u00eda Eduardo M. Rodr\u00edguez y su alter ego Bardeo?<\/strong><\/h5>\n<p style=\"text-align: justify;\">Una vez le\u00ed que Batman es un multimillonario que se disfraza de superh\u00e9roe y Superman, por el contrario, es un superh\u00e9roe que se disfraza de periodista. \u00c9sas ser\u00edan, en s\u00edntesis, las dos formas m\u00e1s ic\u00f3nicas de doble identidad del mundo del c\u00f3mic, por empezar ya tocando el tema.<\/p>\n<p style=\"text-align: justify;\">En mi caso no creo que haya una ocupaci\u00f3n dominante sino m\u00e1s bien una mezcla de ambas: soy un arquitecto que toma con frecuencia recursos del c\u00f3mic para ilustrar un proyecto y tambi\u00e9n un autor de tebeos que introduce reflexiones arquitect\u00f3nicas en sus vi\u00f1etas.<\/p>\n<h5 style=\"text-align: justify;\"><strong>\u00bfC\u00f3mo, cu\u00e1ndo y por qu\u00e9 surge el inter\u00e9s en el c\u00f3mic?<\/strong><\/h5>\n<p style=\"text-align: justify;\">Supongo que durante mi infancia: crec\u00ed en un pueblo muy peque\u00f1o a las afueras de Madrid que antes de tener biblioteca era visitado semanalmente por un <em>bibliobus<\/em> con una peque\u00f1a secci\u00f3n de tebeos entre los que pronto encontr\u00e9 algunos que a\u00fan hoy me siguen pareciendo imprescindibles, como la colecci\u00f3n de Tint\u00edn del maestro Herg\u00e9.<\/p>\n<p style=\"text-align: justify;\">Siempre fui aficionado al dibujo y en ese sentido mi formaci\u00f3n como arquitecto me aport\u00f3 nuevas inquietudes y herramientas que de alg\u00fan modo se incorporaron a las que ya ten\u00eda. Para m\u00ed fue un proceso relativamente natural alternar referencias de Rossi o Wright con otras de Moebius o Mazzuchelli.<\/p>\n<p style=\"text-align: justify;\">Adem\u00e1s el c\u00f3mic me parece un medio muy vers\u00e1til y libre, sobre todo en su variante m\u00e1s <em>underground<\/em> heredera de publicaciones como M\u00e9tal Hurlant o, qued\u00e1ndonos en Espa\u00f1a, El V\u00edbora. Quiz\u00e1s sea el contraste entre el actual e hiperregulado mundo de la construcci\u00f3n con este universo (casi) sin pautas lo que me llev\u00f3 a escribir y dibujar D\u00e9sida.<\/p>\n<h5 style=\"text-align: justify;\"><strong>\u00bfTe encontraste con muchas dificultades para iniciarte?\u00bfCu\u00e1les fueron las m\u00e1s problem\u00e1ticas? \u00bfCu\u00e1l fue (o es o ser\u00e1) el momento m\u00e1s cr\u00edtico?<\/strong><\/h5>\n<p style=\"text-align: justify;\">Publicar un c\u00f3mic es una tarea dif\u00edcil para cualquier autor experimentado. Por lo que he hablado en ferias con gente de mayor trayectoria es comparable a la entrega de un concurso de arquitectura, con plazos ajustados y trabajo intensivo hasta la fecha l\u00edmite. Adem\u00e1s es una labor tremendamente solitaria: el aislamiento impuesto en la pandemia no vari\u00f3 apenas mi rutina de trabajo.<\/p>\n<p style=\"text-align: justify;\"><a href=\"https:\/\/amzn.to\/3S7XbwT\" target=\"_blank\" rel=\"noopener\"><em>D\u00e9sida <\/em><\/a>es mi primer c\u00f3mic y, aparte de lo mencionado, fue dif\u00edcil porque es relativamente largo y yo me ocupo de todo. Generalmente en las grandes editoriales del sector que todos conocemos las obras se desarrollan con una cierta especializaci\u00f3n: hay equipos con guionista, dibujante, entintador y colorista. Es cierto tambi\u00e9n que muchos grandes autores abarcan todo el proceso, pero hay detr\u00e1s una editorial que se encarga de la producci\u00f3n, distribuci\u00f3n y, por lo general, financiaci\u00f3n.<\/p>\n<p style=\"text-align: justify;\">Encontrar apoyo editorial es tarea muy dif\u00edcil para un autor novel, as\u00ed que en mi caso estoy s\u00f3lo yo para escribir, dibujar, grabar un tr\u00e1iler, maquetar, pelear con la imprenta, publicitar y vender. El mayor desaf\u00edo es ser capaz de abarcar todo este proceso y sacar el proyecto adelante, y el momento m\u00e1s cr\u00edtico quiz\u00e1s sea el de leer las rese\u00f1as de la prensa especializada.<\/p>\n<p style=\"text-align: justify;\">Por otra parte, el hecho de que la autopublicaci\u00f3n sea ahora mismo tan accesible es algo a celebrar.<\/p>\n<h5 style=\"text-align: justify;\"><strong>\u00bfHas tenido que complementar tu formaci\u00f3n y trayectoria profesional para desarrollar tu inter\u00e9s por el c\u00f3mic? \u00bfConsideras que estudiar arquitectura ha sido importante para desarrollar tu trabajo actual?<\/strong><\/h5>\n<p style=\"text-align: justify;\">En lo que respecta a mi estilo de dibujo soy autodidacta y tampoco tengo ning\u00fan tipo de formaci\u00f3n como guionista, as\u00ed que puede decirse que mis \u00fanicos estudios son en arquitectura. En clase de proyectos Justo Isasi sol\u00eda decir que no se puede escribir poes\u00eda sin leer poes\u00eda, y yo he le\u00eddo a lo largo de mi vida much\u00edsimos tebeos de cualquier g\u00e9nero y \u00e9poca. Supongo que \u00e9se ha sido el complemento necesario.<\/p>\n<p style=\"text-align: justify;\">Por otra parte estudiar arquitectura ha contribuido a construir mi visi\u00f3n de la realidad y eso queda patente en cada p\u00e1gina de <a href=\"https:\/\/amzn.to\/3S7XbwT\" target=\"_blank\" rel=\"noopener\"><em>D\u00e9sida<\/em><\/a>: la mayor\u00eda de lectores han coincidido, por ejemplo, en el especial protagonismo de la ciudad de M\u00e1geryt, una especie de Madrid an\u00e1loga.<\/p>\n<figure id=\"attachment_96697\" aria-describedby=\"caption-attachment-96697\" style=\"width: 1400px\" class=\"wp-caption alignnone\"><img loading=\"lazy\" decoding=\"async\" class=\"wp-image-96697 size-full\" title=\"Eduardo-M.-Rodr\u00edguez-Bardeo-D\u00e9sida, P\u00f3ster pomocional \u201cM\u00e1geryt digital\u201d. \u00a92021 Bardeo\" src=\"https:\/\/veredes.es\/blog\/wp-content\/uploads\/2024\/01\/Eduardo-M.-Rodriguez-Bardeo-Desida-Poster-pomocional-Mageryt-digital.-\u00a92021-Bardeo.jpg\" alt=\"Eduardo-M.-Rodr\u00edguez-Bardeo-D\u00e9sida, P\u00f3ster pomocional \u201cM\u00e1geryt digital\u201d. \u00a92021 Bardeo\" width=\"1400\" height=\"990\" srcset=\"https:\/\/veredes.es\/blog\/wp-content\/uploads\/2024\/01\/Eduardo-M.-Rodriguez-Bardeo-Desida-Poster-pomocional-Mageryt-digital.-\u00a92021-Bardeo.jpg 1400w, https:\/\/veredes.es\/blog\/wp-content\/uploads\/2024\/01\/Eduardo-M.-Rodriguez-Bardeo-Desida-Poster-pomocional-Mageryt-digital.-\u00a92021-Bardeo-300x212.jpg 300w, https:\/\/veredes.es\/blog\/wp-content\/uploads\/2024\/01\/Eduardo-M.-Rodriguez-Bardeo-Desida-Poster-pomocional-Mageryt-digital.-\u00a92021-Bardeo-1024x724.jpg 1024w, https:\/\/veredes.es\/blog\/wp-content\/uploads\/2024\/01\/Eduardo-M.-Rodriguez-Bardeo-Desida-Poster-pomocional-Mageryt-digital.-\u00a92021-Bardeo-696x492.jpg 696w, https:\/\/veredes.es\/blog\/wp-content\/uploads\/2024\/01\/Eduardo-M.-Rodriguez-Bardeo-Desida-Poster-pomocional-Mageryt-digital.-\u00a92021-Bardeo-1068x755.jpg 1068w\" sizes=\"auto, (max-width: 1400px) 100vw, 1400px\" \/><figcaption id=\"caption-attachment-96697\" class=\"wp-caption-text\"><span style=\"color: #999999;\">D\u00e9sida, P\u00f3ster pomocional \u201cM\u00e1geryt digital\u201d \u00a9 2021, Bardeo<\/span><\/figcaption><\/figure>\n<h5 style=\"text-align: justify;\"><strong>\u00bfC\u00f3mo es el d\u00eda a d\u00eda a la hora de crear un c\u00f3mic?<\/strong><\/h5>\n<p style=\"text-align: justify;\">Es bastante diferente dependiendo de la tarea. Escribir el gui\u00f3n o dibujar <em>storyboards<\/em> es la parte m\u00e1s creativa y podr\u00eda compararse a hacer los primeros croquis para un proyecto, con las posibles alternativas, referencias, etc. Una vez definidas las p\u00e1ginas se hacen l\u00e1pices, tintas y color.<\/p>\n<p style=\"text-align: justify;\">En mi caso los primeros los hago en papel porque soy algo rom\u00e1ntico pero eso ya no es lo m\u00e1s habitual. La sensaci\u00f3n m\u00e1s com\u00fan durante todo el proceso es, como ya coment\u00e9 antes, la de soledad e introspecci\u00f3n. El a\u00f1o que estuve dibujando casi con dedicaci\u00f3n completa ten\u00eda casi siempre la radio de fondo para no volverme loco.<\/p>\n<h5 style=\"text-align: justify;\"><strong>\u00bfC\u00f3mo coordinas las distintas tareas?<\/strong><\/h5>\n<p style=\"text-align: justify;\">Esa es la parte m\u00e1s dif\u00edcil para m\u00ed, que tengo por lo general cierta tendencia al desorden. En este caso empec\u00e9 escribiendo un guion en mis ratos libres y, cuando estuvo listo, la historia me hab\u00eda absorbido de tal forma que necesitaba dibujarla sin importar que fuera ambiciosa o extensa. Es la propia historia el motor que me va llevando por las distintas fases del desarrollo hasta bien entradas las tareas finales, ya que suelo dejar partes indefinidas o cambiar otras durante el dibujo sin demasiados problemas.<\/p>\n<p style=\"text-align: justify;\"><strong>\u00bfQu\u00e9 tipo de proyectos o actividades desarrollas?<\/strong><\/p>\n<p style=\"text-align: justify;\">Ahora mismo mi principal ocupaci\u00f3n es mi trabajo como arquitecto en una oficina. Cuando dibuj\u00e9 <a href=\"https:\/\/amzn.to\/3S7XbwT\" target=\"_blank\" rel=\"noopener\"><em>D\u00e9sida <\/em><\/a>decid\u00ed dejar la arquitectura aparcada temporalmente para llevar a cabo el proyecto, ya que de otra forma hubiera sido muy complicado. Hace poco empec\u00e9 a dibujar la segunda parte, esta vez a tiempo parcial y con plazos m\u00e1s flexibles con el objetivo de presentarla en 2025 y seguir entre tanto publicitando y vendiendo la primera, cosa que me toma a\u00fan cierto tiempo.<\/p>\n<p style=\"text-align: justify;\">En mi paso por ferias de c\u00f3mic me surgi\u00f3 la posibilidad de colaborar en alguna revista y tuve que rechazarla por falta de capacidad, pero es un tema que me parece muy interesante a futuro cuando termine los proyectos ya empezados.<\/p>\n<p style=\"text-align: justify;\"><strong>\u00bfQu\u00e9 referencias manejas a la hora marcar el rumbo?<\/strong><\/p>\n<p style=\"text-align: justify;\">En cuanto a arquitectura, en <a href=\"https:\/\/amzn.to\/3S7XbwT\" target=\"_blank\" rel=\"noopener\"><em>D\u00e9sida <\/em><\/a>hay alg\u00fan que otro homenaje m\u00e1s o menos expl\u00edcito a la obra de <a href=\"https:\/\/veredes.es\/blog\/tag\/fernando-higueras\/\" target=\"_blank\" rel=\"noopener\">Fernando Higueras<\/a> o <a href=\"https:\/\/veredes.es\/blog\/tag\/kisho-kurokawa\/\" target=\"_blank\" rel=\"noopener\">Kisho Kurokawa<\/a>, por ejemplo. En lo que respecta a autores de c\u00f3mic, mis principales referentes son tambi\u00e9n cl\u00e1sicos: me apasiona Frank Miller, que es en mi opini\u00f3n el gran maestro de la narrativa secuencial por delante incluso de Will Eisner.<\/p>\n<p style=\"text-align: justify;\">A prop\u00f3sito de \u00e9ste \u00faltimo, creo que leer al menos una vez su obra <em>El c\u00f3mic y el arte secuencial\u201d<\/em> es muy recomendable para cualquier persona interesada en el dibujo de c\u00f3mic (como arquitecto recomendar\u00eda tambi\u00e9n <em>La vida en la Avenida Dropsie<\/em>). Algunos de los autores que me han influenciado de alg\u00fan modo ser\u00edan Herg\u00e9, Moebius\/ Giraud, Neal Adams, Mike Mignola, David Mazzuchelli, Enki Bilal, Jacques Tardi etc. Por otra parte, es frecuente que acuda en busca de inspiraci\u00f3n a la obra de dise\u00f1adores como Ron Cobb, H.R. Gigger o Ralph McQuarrie.<\/p>\n<figure id=\"attachment_96698\" aria-describedby=\"caption-attachment-96698\" style=\"width: 1400px\" class=\"wp-caption alignnone\"><img loading=\"lazy\" decoding=\"async\" class=\"wp-image-96698 size-full\" title=\"Eduardo-M.-Rodr\u00edguez-Bardeo-D\u00e9sida, realidad vs. videojuego (los puentes sobre la Cava 30, M\u00e1geryt) \u00a92021 Bardeo\" src=\"https:\/\/veredes.es\/blog\/wp-content\/uploads\/2024\/01\/Eduardo-M.-Rodriguez-Bardeo-Desida-realidad-vs.-videojuego-los-puentes-sobre-la-Cava-30-Mageryt-\u00a92021-Bardeo.jpg\" alt=\"Eduardo-M.-Rodr\u00edguez-Bardeo-D\u00e9sida, realidad vs. videojuego (los puentes sobre la Cava 30, M\u00e1geryt) \u00a92021 Bardeo\" width=\"1400\" height=\"990\" srcset=\"https:\/\/veredes.es\/blog\/wp-content\/uploads\/2024\/01\/Eduardo-M.-Rodriguez-Bardeo-Desida-realidad-vs.-videojuego-los-puentes-sobre-la-Cava-30-Mageryt-\u00a92021-Bardeo.jpg 1400w, https:\/\/veredes.es\/blog\/wp-content\/uploads\/2024\/01\/Eduardo-M.-Rodriguez-Bardeo-Desida-realidad-vs.-videojuego-los-puentes-sobre-la-Cava-30-Mageryt-\u00a92021-Bardeo-300x212.jpg 300w, https:\/\/veredes.es\/blog\/wp-content\/uploads\/2024\/01\/Eduardo-M.-Rodriguez-Bardeo-Desida-realidad-vs.-videojuego-los-puentes-sobre-la-Cava-30-Mageryt-\u00a92021-Bardeo-1024x724.jpg 1024w, https:\/\/veredes.es\/blog\/wp-content\/uploads\/2024\/01\/Eduardo-M.-Rodriguez-Bardeo-Desida-realidad-vs.-videojuego-los-puentes-sobre-la-Cava-30-Mageryt-\u00a92021-Bardeo-696x492.jpg 696w, https:\/\/veredes.es\/blog\/wp-content\/uploads\/2024\/01\/Eduardo-M.-Rodriguez-Bardeo-Desida-realidad-vs.-videojuego-los-puentes-sobre-la-Cava-30-Mageryt-\u00a92021-Bardeo-1068x755.jpg 1068w\" sizes=\"auto, (max-width: 1400px) 100vw, 1400px\" \/><figcaption id=\"caption-attachment-96698\" class=\"wp-caption-text\"><span style=\"color: #999999;\">D\u00e9sida, realidad vs. videojuego (los puentes sobre la Cava 30, M\u00e1geryt) \u00a9 2021, Bardeo<\/span><\/figcaption><\/figure>\n<h5 style=\"text-align: justify;\"><strong>\u00bfA qu\u00e9 segmento de p\u00fablico\/cliente te diriges?<\/strong><\/h5>\n<p style=\"text-align: justify;\">No me dirijo conscientemente a ning\u00fan nicho en concreto. Durante mi primera feria me di cuenta en seguida de que ten\u00eda m\u00e1s aceptaci\u00f3n dentro de un tipo de p\u00fablico m\u00e1s o menos acotado como masculino adulto entre veinticinco y cincuenta a\u00f1os, simplificando bastante.<\/p>\n<p style=\"text-align: justify;\">Supongo que se deriva de la tem\u00e1tica del c\u00f3mic, que puede resumirse como distop\u00eda pol\u00edtica con un videojuego como nexo entre realidades entrelazadas, pero no es un factor creativo que me preocupase cuando empec\u00e9 el proyecto ni creo que lo haga en el futuro.<\/p>\n<p style=\"text-align: justify;\"><strong>\u00bfC\u00f3mo es el proceso de captaci\u00f3n de lectores?<\/strong><\/p>\n<p style=\"text-align: justify;\">Mucho m\u00e1s arduo que el de dibujar, aunque quiz\u00e1s esta percepci\u00f3n se deba a mis propias limitaciones personales y a que hablamos de un proyecto surgido de la nada. Yo no era dibujante ni ten\u00eda contactos en el sector, estaba bastante alejado del mundo de las redes sociales y, por tanto, no contaba con una base de seguidores ni con apoyo editorial. Con esas premisas lo que queda es buscar cualquier espacio f\u00edsico a trav\u00e9s de ferias o en la red a trav\u00e9s de p\u00e1ginas especializadas y foros donde poder obtener visibilidad.<\/p>\n<p style=\"text-align: justify;\">Durante el proceso he tenido adem\u00e1s la suerte de conocer a gente incre\u00edble que me ha ayudado mucho con su experiencia y consejos. Solamente por eso ya ha merecido la pena publicar <a href=\"https:\/\/amzn.to\/3S7XbwT\" target=\"_blank\" rel=\"noopener\"><em>D\u00e9sida.<\/em><\/a><\/p>\n<h5 style=\"text-align: justify;\"><strong>\u00bfEstableces sinergias con otros campos?<\/strong><\/h5>\n<p style=\"text-align: justify;\">Constantemente, convencido adem\u00e1s de que la aproximaci\u00f3n y el intercambio con otros campos enriquece por lo general un proyecto. Por ejemplo y dado que la tem\u00e1tica de la obra gira en torno a un <a href=\"https:\/\/veredes.es\/blog\/german-valle-divulgador-de-arquitectura-de-videojuegos\/\" target=\"_blank\" rel=\"noopener\">videojuego<\/a>, contact\u00e9 con varias p\u00e1ginas del sector para que lo rese\u00f1aran y su enfoque ofrece un contrapunto muy interesante a las cr\u00edticas de plataformas dedicadas exclusivamente al mundo del tebeo. Igualmente creo que la arquitectura tiene un papel fundamental para entender <a href=\"https:\/\/amzn.to\/3S7XbwT\" target=\"_blank\" rel=\"noopener\"><em>D\u00e9sida<\/em><\/a>\u00a0y de ah\u00ed surge esta entrevista.<\/p>\n<p style=\"text-align: justify;\"><strong>\u00bfC\u00f3mo y para qu\u00e9 utilizas las \u201cnuevas tecnolog\u00edas\u201d? \u00bfLa \u201cred\u201d ha facilitado tu labor? \u00bfEn qu\u00e9 sentido?<\/strong><\/p>\n<p style=\"text-align: justify;\">La red ha posibilitado en buena medida mi labor. No solamente porque, como ya he dicho, la mitad del trabajo de difusi\u00f3n y venta tenga lugar online, sino porque a d\u00eda de hoy es una herramienta did\u00e1ctica muy poderosa que permite acceder al conocimiento necesario para llevar a cabo casi cualquier tarea pr\u00e1cticamente a demanda. De esta forma mont\u00e9 el tr\u00e1iler que estoy usando en las diversas presentaciones de la obra.<\/p>\n<p><iframe loading=\"lazy\" title=\"D\u00c9SIDA\" width=\"696\" height=\"392\" src=\"https:\/\/www.youtube.com\/embed\/fZjYEj7wyN4?feature=oembed\" frameborder=\"0\" allow=\"accelerometer; autoplay; clipboard-write; encrypted-media; gyroscope; picture-in-picture; web-share\" allowfullscreen><\/iframe><\/p>\n<h5 style=\"text-align: justify;\"><strong>\u00bfCompaginas o complementas esta actividad con otras labores o en otros campos?<\/strong><\/h5>\n<p style=\"text-align: justify;\">\u00danicamente con mi trabajo como arquitecto.<\/p>\n<h5 style=\"text-align: justify;\"><strong>La arquitectura, tiene abiertos muchos frentes de batalla (LSP, Bolonia, paro, precariedad laboral, COAs, ETSAs, emigraci\u00f3n, comunicaci\u00f3n, etc), \u00bfno ser\u00e1n demasiados para la polarizaci\u00f3n existente dentro de la misma?<\/strong><\/h5>\n<p style=\"text-align: justify;\">Como emigrante que soy, no me considero cualificado para hablar de la situaci\u00f3n actual de la arquitectura en Espa\u00f1a. Tan s\u00f3lo puedo manifestar mi sorpresa al ver que la mayor\u00eda de temas que mencionan como problemas lo eran ya hace diez a\u00f1os cuando las circunstancias me obligaron a buscar un futuro en otro pa\u00eds y mi tristeza por constatar que las manifestaciones en que particip\u00e9 en su momento no sirvieron de mucho. De alguna forma <a href=\"https:\/\/amzn.to\/3S7XbwT\" target=\"_blank\" rel=\"noopener\"><em>D\u00e9sida. <\/em><\/a>recoge tambi\u00e9n esta decepci\u00f3n en forma de reflexi\u00f3n sobre las protestas del ya lejano 15M.<\/p>\n<h5 style=\"text-align: justify;\"><strong>\u00bfC\u00f3mo ves el futuro de la arquitectura? \u00bfY el de la profesi\u00f3n?<\/strong><\/h5>\n<p style=\"text-align: justify;\">En mi actual ciudad hay una importante universidad de arquitectura con c\u00e1tedra dedicada a la construcci\u00f3n (por el momento s\u00f3lo de peque\u00f1os pabellones) in situ mediante brazos rob\u00f3ticos que \u201ctejen\u201d estructuras autoportantes empleando para ello fibras de alta resistencia. \u00c9sta y otras formas similares de \u201cimpresi\u00f3n\u201d de elementos constructivos que ya han empezado a emplearse con cierto \u00e9xito son parte de lo que puedo imaginarme como futuro a medio plazo de la arquitectura.<\/p>\n<p style=\"text-align: justify;\">La simplificaci\u00f3n y mecanizaci\u00f3n de los procesos constructivos que traer\u00edan aparejados estos m\u00e9todos junto con los recientes avances en el desarrollo de la inteligencia artificial que parece l\u00f3gico considerar extensibles a nuestro campo implicar\u00e1n, como m\u00ednimo, una fuerte reestructuraci\u00f3n de la profesi\u00f3n de arquitecto. \u00c9sta es mi predicci\u00f3n optimista. Para conocer la pesimista, lean el c\u00f3mic.<\/p>\n<h5 style=\"text-align: justify;\"><strong>\u00bfQu\u00e9 mejoras crees que son fundamentales y que deber\u00edan ser puestas en marcha de forma inmediata?<\/strong><\/h5>\n<p style=\"text-align: justify;\">El problema m\u00e1s acuciante a mi modo de ver es la precariedad laboral en el sector, algo que por desgracia no es nuevo ni afecta \u00fanicamente a Espa\u00f1a. Como ya he comentado, viv\u00ed la \u00e9poca de las manifestaciones contra la LSP y la creaci\u00f3n de los primeros sindicatos de arquitectos como respuesta a la precariedad que se ven\u00eda arrastrando desde la burbuja y que despu\u00e9s la crisis increment\u00f3.<\/p>\n<p style=\"text-align: justify;\">No me siento, como ya dije, autorizado para hablar de las mejoras necesarias que pudieran revertir esta situaci\u00f3n: se trata de un problema que se ha convertido en estructural y no creo que existan recetas inmediatas capaces de cambiar algo as\u00ed. Lo que s\u00ed creo es que un colegio profesional que no ha servido para solucionarlo deber\u00eda ser repensado a muchos niveles.<\/p>\n<figure id=\"attachment_96699\" aria-describedby=\"caption-attachment-96699\" style=\"width: 1400px\" class=\"wp-caption alignnone\"><img loading=\"lazy\" decoding=\"async\" class=\"wp-image-96699 size-full\" title=\"Eduardo-M-Rodr\u00edguez \" src=\"https:\/\/veredes.es\/blog\/wp-content\/uploads\/2024\/01\/Eduardo-M-Rodriguez-Bardeo-Desida-videojuego-vs.-Realidad-Glorieta-de-Claraval-Mageryt-\u00a92021-Bardeo.jpg\" alt=\"Eduardo-M-Rodr\u00edguez-Bardeo-D\u00e9sida, videojuego vs. Realidad (Glorieta de Claraval, M\u00e1geryt) \u00a92021, Bardeo\" width=\"1400\" height=\"990\" srcset=\"https:\/\/veredes.es\/blog\/wp-content\/uploads\/2024\/01\/Eduardo-M-Rodriguez-Bardeo-Desida-videojuego-vs.-Realidad-Glorieta-de-Claraval-Mageryt-\u00a92021-Bardeo.jpg 1400w, https:\/\/veredes.es\/blog\/wp-content\/uploads\/2024\/01\/Eduardo-M-Rodriguez-Bardeo-Desida-videojuego-vs.-Realidad-Glorieta-de-Claraval-Mageryt-\u00a92021-Bardeo-300x212.jpg 300w, https:\/\/veredes.es\/blog\/wp-content\/uploads\/2024\/01\/Eduardo-M-Rodriguez-Bardeo-Desida-videojuego-vs.-Realidad-Glorieta-de-Claraval-Mageryt-\u00a92021-Bardeo-1024x724.jpg 1024w, https:\/\/veredes.es\/blog\/wp-content\/uploads\/2024\/01\/Eduardo-M-Rodriguez-Bardeo-Desida-videojuego-vs.-Realidad-Glorieta-de-Claraval-Mageryt-\u00a92021-Bardeo-696x492.jpg 696w, https:\/\/veredes.es\/blog\/wp-content\/uploads\/2024\/01\/Eduardo-M-Rodriguez-Bardeo-Desida-videojuego-vs.-Realidad-Glorieta-de-Claraval-Mageryt-\u00a92021-Bardeo-1068x755.jpg 1068w\" sizes=\"auto, (max-width: 1400px) 100vw, 1400px\" \/><figcaption id=\"caption-attachment-96699\" class=\"wp-caption-text\"><span style=\"color: #999999;\">D\u00e9sida, videojuego vs. Realidad (Glorieta de Claraval, M\u00e1geryt) \u00a9 2021, Bardeo<\/span><\/figcaption><\/figure>\n<h5 style=\"text-align: justify;\"><strong>Como \u201cemprendedor\u201d, \u00bfqu\u00e9 opinas de los arquitectos\/as que \u201cabren y\/o recuperan\u201d nuevos campos y\/o enfoques de la profesi\u00f3n?<\/strong><\/h5>\n<p style=\"text-align: justify;\">Merecen mi mayor admiraci\u00f3n. Pertenezco a una generaci\u00f3n en la que abunda el reciclaje profesional, a veces por pura necesidad, y conozco muchos casos de gente que de esta necesidad ha hecho virtud.<\/p>\n<p style=\"text-align: justify;\"><strong>\u00bfEst\u00e1s contento con la trayectoria realizada hasta ahora? \u00bfQu\u00e9 proyectos de futuro te esperan tanto personal como profesionalmente?<\/strong><\/p>\n<p style=\"text-align: justify;\">Como arquitecto siempre me quedar\u00e1 una cierta duda que no creo vaya a poder resolver acerca de c\u00f3mo hubiera sido mi carrera de haber podido desarrollarla en mi pa\u00eds.<\/p>\n<p style=\"text-align: justify;\">Como autor de c\u00f3mics estoy empezando a dibujar el segundo -y \u00faltimo- acto de <a href=\"https:\/\/amzn.to\/3S7XbwT\" target=\"_blank\" rel=\"noopener\"><em>D\u00e9sida<\/em><\/a>, y supongo que una vez cierre ese c\u00edrculo podr\u00e9 decidir mi siguiente paso con algo de perspectiva.<\/p>\n<h5 style=\"text-align: justify;\"><strong>Para acabar, \u00bfqu\u00e9 le aconsejar\u00edas a los actuales estudiantes y futuros profesionales de arquitectura?<\/strong><\/h5>\n<p style=\"text-align: justify;\">Que tengan esp\u00edritu cr\u00edtico.<\/p>\n<figure id=\"attachment_96700\" aria-describedby=\"caption-attachment-96700\" style=\"width: 1400px\" class=\"wp-caption alignnone\"><img loading=\"lazy\" decoding=\"async\" class=\"wp-image-96700 size-full\" title=\"Eduardo-M-Rodr\u00edguez\" src=\"https:\/\/veredes.es\/blog\/wp-content\/uploads\/2024\/01\/Eduardo-M-Rodriguez-Bardeo-Desida-Acto-II.-Deposito-Mayor-de-Mageryt-\u00a9-2024-Bardeo.jpg\" alt=\"Eduardo-M-Rodr\u00edguez-Bardeo-D\u00e9sida, Acto II. Dep\u00f3sito Mayor de M\u00e1geryt \u00a9 2024, Bardeo\" width=\"1400\" height=\"990\" srcset=\"https:\/\/veredes.es\/blog\/wp-content\/uploads\/2024\/01\/Eduardo-M-Rodriguez-Bardeo-Desida-Acto-II.-Deposito-Mayor-de-Mageryt-\u00a9-2024-Bardeo.jpg 1400w, https:\/\/veredes.es\/blog\/wp-content\/uploads\/2024\/01\/Eduardo-M-Rodriguez-Bardeo-Desida-Acto-II.-Deposito-Mayor-de-Mageryt-\u00a9-2024-Bardeo-300x212.jpg 300w, https:\/\/veredes.es\/blog\/wp-content\/uploads\/2024\/01\/Eduardo-M-Rodriguez-Bardeo-Desida-Acto-II.-Deposito-Mayor-de-Mageryt-\u00a9-2024-Bardeo-1024x724.jpg 1024w, https:\/\/veredes.es\/blog\/wp-content\/uploads\/2024\/01\/Eduardo-M-Rodriguez-Bardeo-Desida-Acto-II.-Deposito-Mayor-de-Mageryt-\u00a9-2024-Bardeo-696x492.jpg 696w, https:\/\/veredes.es\/blog\/wp-content\/uploads\/2024\/01\/Eduardo-M-Rodriguez-Bardeo-Desida-Acto-II.-Deposito-Mayor-de-Mageryt-\u00a9-2024-Bardeo-1068x755.jpg 1068w\" sizes=\"auto, (max-width: 1400px) 100vw, 1400px\" \/><figcaption id=\"caption-attachment-96700\" class=\"wp-caption-text\"><span style=\"color: #999999;\">D\u00e9sida, Acto II. Dep\u00f3sito Mayor de M\u00e1geryt \u00a9 2024, Bardeo<\/span><\/figcaption><\/figure>\n<p style=\"text-align: justify;\"><span style=\"color: #999999;\"><em>Entrevista realizada por Ana Barreiro Blanco y Alberto Alonso Oro. Agradecer a Eduardo su tiempo y predisposici\u00f3n con este peque\u00f1o espacio.<\/em><\/span><\/p>\n","protected":false},"excerpt":{"rendered":"<p>En la secci\u00f3n Baliza exploramos caminos divergentes dentro del \u00e1mbito de la arquitectura, destacando las experiencias de aquellos profesionales que han decidido trazar nuevas sendas en su carrera. En esta ocasi\u00f3n, entrevistamos a Eduardo M. Rodr\u00edguez, alias Bardeo, arquitecto graduado por la ETSAM, cuya trayectoria profesional ha florecido en tierras alemanas desde el a\u00f1o 2013. [&hellip;]<\/p>\n","protected":false},"author":15,"featured_media":96696,"comment_status":"open","ping_status":"closed","sticky":false,"template":"","format":"standard","meta":{"footnotes":""},"categories":[9430,5951],"tags":[12273,12275,2631,12477,17288,346,430,447,17287,3087,5333,698,2489,16330,15338,1103],"class_list":{"0":"post-96694","1":"post","2":"type-post","3":"status-publish","4":"format-standard","5":"has-post-thumbnail","7":"category-baliza","8":"category-slider-principal","9":"tag-alberto-alonso-oro","11":"tag-arquitectura-espanola","12":"tag-baliza","13":"tag-bardeo","14":"tag-comic","15":"tag-diseno-grafico","16":"tag-economia","17":"tag-eduardo-m-rodriguez","18":"tag-emprendimiento","19":"tag-fernando-higueras","20":"tag-ilustracion","21":"tag-kisho-kurokawa","22":"tag-moebius","23":"tag-novela","24":"tag-profesion"},"yoast_head":"<!-- This site is optimized with the Yoast SEO plugin v27.5 - https:\/\/yoast.com\/product\/yoast-seo-wordpress\/ -->\n<title>Eduardo M. Rodr\u00edguez \u00b7 Bardeo - veredes<\/title>\n<meta name=\"description\" content=\"Toda la informaci\u00f3n sobre: Eduardo M. Rodr\u00edguez \u00b7 Bardeo\" \/>\n<meta name=\"robots\" content=\"index, follow, max-snippet:-1, max-image-preview:large, max-video-preview:-1\" \/>\n<link rel=\"canonical\" href=\"https:\/\/veredes.es\/blog\/eduardo-m-rodriguez-bardeo\/\" \/>\n<meta property=\"og:locale\" content=\"es_ES\" \/>\n<meta property=\"og:type\" content=\"article\" \/>\n<meta property=\"og:title\" content=\"Eduardo M. Rodr\u00edguez \u00b7 Bardeo - veredes\" \/>\n<meta property=\"og:description\" content=\"Toda la informaci\u00f3n sobre: Eduardo M. Rodr\u00edguez \u00b7 Bardeo\" \/>\n<meta property=\"og:url\" content=\"https:\/\/veredes.es\/blog\/eduardo-m-rodriguez-bardeo\/\" \/>\n<meta property=\"og:site_name\" content=\"veredes, arquitectura y divulgaci\u00f3n\" \/>\n<meta property=\"article:publisher\" content=\"https:\/\/www.facebook.com\/veredesArquitecturayDivulgacion\/\" \/>\n<meta property=\"article:author\" content=\"https:\/\/www.facebook.com\/alberto.alonso.oro\/\" \/>\n<meta property=\"article:published_time\" content=\"2024-02-22T23:01:41+00:00\" \/>\n<meta property=\"og:image\" content=\"https:\/\/veredes.es\/blog\/wp-content\/uploads\/2024\/01\/Eduardo-M.-Rodriguez-\u00a92021-Bardeo.jpg\" \/>\n\t<meta property=\"og:image:width\" content=\"1400\" \/>\n\t<meta property=\"og:image:height\" content=\"1980\" \/>\n\t<meta property=\"og:image:type\" content=\"image\/jpeg\" \/>\n<meta name=\"author\" content=\"Alberto Alonso Oro\" \/>\n<meta name=\"twitter:card\" content=\"summary_large_image\" \/>\n<meta name=\"twitter:creator\" content=\"@https:\/\/twitter.com\/AAlonsoOro\" \/>\n<meta name=\"twitter:site\" content=\"@veredes\" \/>\n<meta name=\"twitter:label1\" content=\"Escrito por\" \/>\n\t<meta name=\"twitter:data1\" content=\"Alberto Alonso Oro\" \/>\n\t<meta name=\"twitter:label2\" content=\"Tiempo de lectura\" \/>\n\t<meta name=\"twitter:data2\" content=\"13 minutos\" \/>\n<script type=\"application\/ld+json\" class=\"yoast-schema-graph\">{\"@context\":\"https:\\\/\\\/schema.org\",\"@graph\":[{\"@type\":\"Article\",\"@id\":\"https:\\\/\\\/veredes.es\\\/blog\\\/eduardo-m-rodriguez-bardeo\\\/#article\",\"isPartOf\":{\"@id\":\"https:\\\/\\\/veredes.es\\\/blog\\\/eduardo-m-rodriguez-bardeo\\\/\"},\"author\":{\"name\":\"Alberto Alonso Oro\",\"@id\":\"https:\\\/\\\/veredes.es\\\/blog\\\/#\\\/schema\\\/person\\\/d49f4c26e4f97c2c0b443ea745a1d48a\"},\"headline\":\"Eduardo M. Rodr\u00edguez \u00b7 Bardeo\",\"datePublished\":\"2024-02-22T23:01:41+00:00\",\"mainEntityOfPage\":{\"@id\":\"https:\\\/\\\/veredes.es\\\/blog\\\/eduardo-m-rodriguez-bardeo\\\/\"},\"wordCount\":2712,\"commentCount\":0,\"publisher\":{\"@id\":\"https:\\\/\\\/veredes.es\\\/blog\\\/#organization\"},\"image\":{\"@id\":\"https:\\\/\\\/veredes.es\\\/blog\\\/eduardo-m-rodriguez-bardeo\\\/#primaryimage\"},\"thumbnailUrl\":\"https:\\\/\\\/veredes.es\\\/blog\\\/wp-content\\\/uploads\\\/2024\\\/01\\\/Eduardo-M.-Rodriguez-\u00a92021-Bardeo.jpg\",\"keywords\":[\"Alberto Alonso Oro\",\"Ana Barreiro Blanco\",\"arquitectura espa\u00f1ola\",\"baliza\",\"Bardeo\",\"comic\",\"dise\u00f1o gr\u00e1fico\",\"econom\u00eda\",\"Eduardo M. Rodr\u00edguez\",\"emprendimiento\",\"Fernando Higueras\",\"ilustraci\u00f3n\",\"Kish\u014d Kurokawa\u200b\",\"Moebius\",\"novela\",\"profesi\u00f3n\"],\"articleSection\":[\"baliza\",\"slider principal\"],\"inLanguage\":\"es\",\"potentialAction\":[{\"@type\":\"CommentAction\",\"name\":\"Comment\",\"target\":[\"https:\\\/\\\/veredes.es\\\/blog\\\/eduardo-m-rodriguez-bardeo\\\/#respond\"]}]},{\"@type\":\"WebPage\",\"@id\":\"https:\\\/\\\/veredes.es\\\/blog\\\/eduardo-m-rodriguez-bardeo\\\/\",\"url\":\"https:\\\/\\\/veredes.es\\\/blog\\\/eduardo-m-rodriguez-bardeo\\\/\",\"name\":\"Eduardo M. Rodr\u00edguez \u00b7 Bardeo - veredes\",\"isPartOf\":{\"@id\":\"https:\\\/\\\/veredes.es\\\/blog\\\/#website\"},\"primaryImageOfPage\":{\"@id\":\"https:\\\/\\\/veredes.es\\\/blog\\\/eduardo-m-rodriguez-bardeo\\\/#primaryimage\"},\"image\":{\"@id\":\"https:\\\/\\\/veredes.es\\\/blog\\\/eduardo-m-rodriguez-bardeo\\\/#primaryimage\"},\"thumbnailUrl\":\"https:\\\/\\\/veredes.es\\\/blog\\\/wp-content\\\/uploads\\\/2024\\\/01\\\/Eduardo-M.-Rodriguez-\u00a92021-Bardeo.jpg\",\"datePublished\":\"2024-02-22T23:01:41+00:00\",\"description\":\"Toda la informaci\u00f3n sobre: Eduardo M. Rodr\u00edguez \u00b7 Bardeo\",\"breadcrumb\":{\"@id\":\"https:\\\/\\\/veredes.es\\\/blog\\\/eduardo-m-rodriguez-bardeo\\\/#breadcrumb\"},\"inLanguage\":\"es\",\"potentialAction\":[{\"@type\":\"ReadAction\",\"target\":[\"https:\\\/\\\/veredes.es\\\/blog\\\/eduardo-m-rodriguez-bardeo\\\/\"]}]},{\"@type\":\"ImageObject\",\"inLanguage\":\"es\",\"@id\":\"https:\\\/\\\/veredes.es\\\/blog\\\/eduardo-m-rodriguez-bardeo\\\/#primaryimage\",\"url\":\"https:\\\/\\\/veredes.es\\\/blog\\\/wp-content\\\/uploads\\\/2024\\\/01\\\/Eduardo-M.-Rodriguez-\u00a92021-Bardeo.jpg\",\"contentUrl\":\"https:\\\/\\\/veredes.es\\\/blog\\\/wp-content\\\/uploads\\\/2024\\\/01\\\/Eduardo-M.-Rodriguez-\u00a92021-Bardeo.jpg\",\"width\":1400,\"height\":1980,\"caption\":\"Eduardo M. Rodr\u00edguez \u00a92021 Bardeo\"},{\"@type\":\"BreadcrumbList\",\"@id\":\"https:\\\/\\\/veredes.es\\\/blog\\\/eduardo-m-rodriguez-bardeo\\\/#breadcrumb\",\"itemListElement\":[{\"@type\":\"ListItem\",\"position\":1,\"name\":\"Portada\",\"item\":\"https:\\\/\\\/veredes.es\\\/blog\\\/\"},{\"@type\":\"ListItem\",\"position\":2,\"name\":\"Eduardo M. Rodr\u00edguez \u00b7 Bardeo\"}]},{\"@type\":\"WebSite\",\"@id\":\"https:\\\/\\\/veredes.es\\\/blog\\\/#website\",\"url\":\"https:\\\/\\\/veredes.es\\\/blog\\\/\",\"name\":\"veredes, arquitectura y divulgaci\u00f3n\",\"description\":\"veredes\",\"publisher\":{\"@id\":\"https:\\\/\\\/veredes.es\\\/blog\\\/#organization\"},\"alternateName\":\"veredes\",\"potentialAction\":[{\"@type\":\"SearchAction\",\"target\":{\"@type\":\"EntryPoint\",\"urlTemplate\":\"https:\\\/\\\/veredes.es\\\/blog\\\/?s={search_term_string}\"},\"query-input\":{\"@type\":\"PropertyValueSpecification\",\"valueRequired\":true,\"valueName\":\"search_term_string\"}}],\"inLanguage\":\"es\"},{\"@type\":\"Organization\",\"@id\":\"https:\\\/\\\/veredes.es\\\/blog\\\/#organization\",\"name\":\"veredes, arquitectura y divulgaci\u00f3n\",\"alternateName\":\"veredes\",\"url\":\"https:\\\/\\\/veredes.es\\\/blog\\\/\",\"logo\":{\"@type\":\"ImageObject\",\"inLanguage\":\"es\",\"@id\":\"https:\\\/\\\/veredes.es\\\/blog\\\/#\\\/schema\\\/logo\\\/image\\\/\",\"url\":\"https:\\\/\\\/veredes.es\\\/blog\\\/wp-content\\\/uploads\\\/2021\\\/12\\\/veredes-logo-centrado_140x54.png\",\"contentUrl\":\"https:\\\/\\\/veredes.es\\\/blog\\\/wp-content\\\/uploads\\\/2021\\\/12\\\/veredes-logo-centrado_140x54.png\",\"width\":140,\"height\":54,\"caption\":\"veredes, arquitectura y divulgaci\u00f3n\"},\"image\":{\"@id\":\"https:\\\/\\\/veredes.es\\\/blog\\\/#\\\/schema\\\/logo\\\/image\\\/\"},\"sameAs\":[\"https:\\\/\\\/www.facebook.com\\\/veredesArquitecturayDivulgacion\\\/\",\"https:\\\/\\\/x.com\\\/veredes\",\"https:\\\/\\\/instagram.com\\\/veredes\\\/\",\"https:\\\/\\\/www.linkedin.com\\\/company\\\/veredes-arquitectura-y-divulgacion\\\/\",\"https:\\\/\\\/es.pinterest.com\\\/veredes\\\/\",\"https:\\\/\\\/www.tumblr.com\\\/veredes\"]},{\"@type\":\"Person\",\"@id\":\"https:\\\/\\\/veredes.es\\\/blog\\\/#\\\/schema\\\/person\\\/d49f4c26e4f97c2c0b443ea745a1d48a\",\"name\":\"Alberto Alonso Oro\",\"image\":{\"@type\":\"ImageObject\",\"inLanguage\":\"es\",\"@id\":\"https:\\\/\\\/veredes.es\\\/blog\\\/wp-content\\\/uploads\\\/2018\\\/04\\\/aao02-96x96.jpg\",\"url\":\"https:\\\/\\\/veredes.es\\\/blog\\\/wp-content\\\/uploads\\\/2018\\\/04\\\/aao02-96x96.jpg\",\"contentUrl\":\"https:\\\/\\\/veredes.es\\\/blog\\\/wp-content\\\/uploads\\\/2018\\\/04\\\/aao02-96x96.jpg\",\"caption\":\"Alberto Alonso Oro\"},\"description\":\"Arquitecto y editor en veredes, arquitectura y divulgaci\u00f3n. A veces escribo en Fundacion Arquia y en Madera y Construcci\u00f3n. Doctorando en Universidad de Alcal\u00e1 de Henares. Invernalia es un buen lugar.\",\"sameAs\":[\"https:\\\/\\\/hbdos.wordpress.com\\\/\",\"https:\\\/\\\/www.facebook.com\\\/alberto.alonso.oro\\\/\",\"https:\\\/\\\/x.com\\\/https:\\\/\\\/twitter.com\\\/AAlonsoOro\"],\"url\":\"https:\\\/\\\/veredes.es\\\/blog\\\/author\\\/alberto-alonso-oro\\\/\"}]}<\/script>\n<!-- \/ Yoast SEO plugin. -->","yoast_head_json":{"title":"Eduardo M. Rodr\u00edguez \u00b7 Bardeo - veredes","description":"Toda la informaci\u00f3n sobre: Eduardo M. Rodr\u00edguez \u00b7 Bardeo","robots":{"index":"index","follow":"follow","max-snippet":"max-snippet:-1","max-image-preview":"max-image-preview:large","max-video-preview":"max-video-preview:-1"},"canonical":"https:\/\/veredes.es\/blog\/eduardo-m-rodriguez-bardeo\/","og_locale":"es_ES","og_type":"article","og_title":"Eduardo M. Rodr\u00edguez \u00b7 Bardeo - veredes","og_description":"Toda la informaci\u00f3n sobre: Eduardo M. Rodr\u00edguez \u00b7 Bardeo","og_url":"https:\/\/veredes.es\/blog\/eduardo-m-rodriguez-bardeo\/","og_site_name":"veredes, arquitectura y divulgaci\u00f3n","article_publisher":"https:\/\/www.facebook.com\/veredesArquitecturayDivulgacion\/","article_author":"https:\/\/www.facebook.com\/alberto.alonso.oro\/","article_published_time":"2024-02-22T23:01:41+00:00","og_image":[{"width":1400,"height":1980,"url":"https:\/\/veredes.es\/blog\/wp-content\/uploads\/2024\/01\/Eduardo-M.-Rodriguez-\u00a92021-Bardeo.jpg","type":"image\/jpeg"}],"author":"Alberto Alonso Oro","twitter_card":"summary_large_image","twitter_creator":"@https:\/\/twitter.com\/AAlonsoOro","twitter_site":"@veredes","twitter_misc":{"Escrito por":"Alberto Alonso Oro","Tiempo de lectura":"13 minutos"},"schema":{"@context":"https:\/\/schema.org","@graph":[{"@type":"Article","@id":"https:\/\/veredes.es\/blog\/eduardo-m-rodriguez-bardeo\/#article","isPartOf":{"@id":"https:\/\/veredes.es\/blog\/eduardo-m-rodriguez-bardeo\/"},"author":{"name":"Alberto Alonso Oro","@id":"https:\/\/veredes.es\/blog\/#\/schema\/person\/d49f4c26e4f97c2c0b443ea745a1d48a"},"headline":"Eduardo M. Rodr\u00edguez \u00b7 Bardeo","datePublished":"2024-02-22T23:01:41+00:00","mainEntityOfPage":{"@id":"https:\/\/veredes.es\/blog\/eduardo-m-rodriguez-bardeo\/"},"wordCount":2712,"commentCount":0,"publisher":{"@id":"https:\/\/veredes.es\/blog\/#organization"},"image":{"@id":"https:\/\/veredes.es\/blog\/eduardo-m-rodriguez-bardeo\/#primaryimage"},"thumbnailUrl":"https:\/\/veredes.es\/blog\/wp-content\/uploads\/2024\/01\/Eduardo-M.-Rodriguez-\u00a92021-Bardeo.jpg","keywords":["Alberto Alonso Oro","Ana Barreiro Blanco","arquitectura espa\u00f1ola","baliza","Bardeo","comic","dise\u00f1o gr\u00e1fico","econom\u00eda","Eduardo M. Rodr\u00edguez","emprendimiento","Fernando Higueras","ilustraci\u00f3n","Kish\u014d Kurokawa\u200b","Moebius","novela","profesi\u00f3n"],"articleSection":["baliza","slider principal"],"inLanguage":"es","potentialAction":[{"@type":"CommentAction","name":"Comment","target":["https:\/\/veredes.es\/blog\/eduardo-m-rodriguez-bardeo\/#respond"]}]},{"@type":"WebPage","@id":"https:\/\/veredes.es\/blog\/eduardo-m-rodriguez-bardeo\/","url":"https:\/\/veredes.es\/blog\/eduardo-m-rodriguez-bardeo\/","name":"Eduardo M. Rodr\u00edguez \u00b7 Bardeo - veredes","isPartOf":{"@id":"https:\/\/veredes.es\/blog\/#website"},"primaryImageOfPage":{"@id":"https:\/\/veredes.es\/blog\/eduardo-m-rodriguez-bardeo\/#primaryimage"},"image":{"@id":"https:\/\/veredes.es\/blog\/eduardo-m-rodriguez-bardeo\/#primaryimage"},"thumbnailUrl":"https:\/\/veredes.es\/blog\/wp-content\/uploads\/2024\/01\/Eduardo-M.-Rodriguez-\u00a92021-Bardeo.jpg","datePublished":"2024-02-22T23:01:41+00:00","description":"Toda la informaci\u00f3n sobre: Eduardo M. Rodr\u00edguez \u00b7 Bardeo","breadcrumb":{"@id":"https:\/\/veredes.es\/blog\/eduardo-m-rodriguez-bardeo\/#breadcrumb"},"inLanguage":"es","potentialAction":[{"@type":"ReadAction","target":["https:\/\/veredes.es\/blog\/eduardo-m-rodriguez-bardeo\/"]}]},{"@type":"ImageObject","inLanguage":"es","@id":"https:\/\/veredes.es\/blog\/eduardo-m-rodriguez-bardeo\/#primaryimage","url":"https:\/\/veredes.es\/blog\/wp-content\/uploads\/2024\/01\/Eduardo-M.-Rodriguez-\u00a92021-Bardeo.jpg","contentUrl":"https:\/\/veredes.es\/blog\/wp-content\/uploads\/2024\/01\/Eduardo-M.-Rodriguez-\u00a92021-Bardeo.jpg","width":1400,"height":1980,"caption":"Eduardo M. Rodr\u00edguez \u00a92021 Bardeo"},{"@type":"BreadcrumbList","@id":"https:\/\/veredes.es\/blog\/eduardo-m-rodriguez-bardeo\/#breadcrumb","itemListElement":[{"@type":"ListItem","position":1,"name":"Portada","item":"https:\/\/veredes.es\/blog\/"},{"@type":"ListItem","position":2,"name":"Eduardo M. Rodr\u00edguez \u00b7 Bardeo"}]},{"@type":"WebSite","@id":"https:\/\/veredes.es\/blog\/#website","url":"https:\/\/veredes.es\/blog\/","name":"veredes, arquitectura y divulgaci\u00f3n","description":"veredes","publisher":{"@id":"https:\/\/veredes.es\/blog\/#organization"},"alternateName":"veredes","potentialAction":[{"@type":"SearchAction","target":{"@type":"EntryPoint","urlTemplate":"https:\/\/veredes.es\/blog\/?s={search_term_string}"},"query-input":{"@type":"PropertyValueSpecification","valueRequired":true,"valueName":"search_term_string"}}],"inLanguage":"es"},{"@type":"Organization","@id":"https:\/\/veredes.es\/blog\/#organization","name":"veredes, arquitectura y divulgaci\u00f3n","alternateName":"veredes","url":"https:\/\/veredes.es\/blog\/","logo":{"@type":"ImageObject","inLanguage":"es","@id":"https:\/\/veredes.es\/blog\/#\/schema\/logo\/image\/","url":"https:\/\/veredes.es\/blog\/wp-content\/uploads\/2021\/12\/veredes-logo-centrado_140x54.png","contentUrl":"https:\/\/veredes.es\/blog\/wp-content\/uploads\/2021\/12\/veredes-logo-centrado_140x54.png","width":140,"height":54,"caption":"veredes, arquitectura y divulgaci\u00f3n"},"image":{"@id":"https:\/\/veredes.es\/blog\/#\/schema\/logo\/image\/"},"sameAs":["https:\/\/www.facebook.com\/veredesArquitecturayDivulgacion\/","https:\/\/x.com\/veredes","https:\/\/instagram.com\/veredes\/","https:\/\/www.linkedin.com\/company\/veredes-arquitectura-y-divulgacion\/","https:\/\/es.pinterest.com\/veredes\/","https:\/\/www.tumblr.com\/veredes"]},{"@type":"Person","@id":"https:\/\/veredes.es\/blog\/#\/schema\/person\/d49f4c26e4f97c2c0b443ea745a1d48a","name":"Alberto Alonso Oro","image":{"@type":"ImageObject","inLanguage":"es","@id":"https:\/\/veredes.es\/blog\/wp-content\/uploads\/2018\/04\/aao02-96x96.jpg","url":"https:\/\/veredes.es\/blog\/wp-content\/uploads\/2018\/04\/aao02-96x96.jpg","contentUrl":"https:\/\/veredes.es\/blog\/wp-content\/uploads\/2018\/04\/aao02-96x96.jpg","caption":"Alberto Alonso Oro"},"description":"Arquitecto y editor en veredes, arquitectura y divulgaci\u00f3n. A veces escribo en Fundacion Arquia y en Madera y Construcci\u00f3n. Doctorando en Universidad de Alcal\u00e1 de Henares. Invernalia es un buen lugar.","sameAs":["https:\/\/hbdos.wordpress.com\/","https:\/\/www.facebook.com\/alberto.alonso.oro\/","https:\/\/x.com\/https:\/\/twitter.com\/AAlonsoOro"],"url":"https:\/\/veredes.es\/blog\/author\/alberto-alonso-oro\/"}]}},"_links":{"self":[{"href":"https:\/\/veredes.es\/blog\/wp-json\/wp\/v2\/posts\/96694","targetHints":{"allow":["GET"]}}],"collection":[{"href":"https:\/\/veredes.es\/blog\/wp-json\/wp\/v2\/posts"}],"about":[{"href":"https:\/\/veredes.es\/blog\/wp-json\/wp\/v2\/types\/post"}],"author":[{"embeddable":true,"href":"https:\/\/veredes.es\/blog\/wp-json\/wp\/v2\/users\/15"}],"replies":[{"embeddable":true,"href":"https:\/\/veredes.es\/blog\/wp-json\/wp\/v2\/comments?post=96694"}],"version-history":[{"count":0,"href":"https:\/\/veredes.es\/blog\/wp-json\/wp\/v2\/posts\/96694\/revisions"}],"wp:featuredmedia":[{"embeddable":true,"href":"https:\/\/veredes.es\/blog\/wp-json\/wp\/v2\/media\/96696"}],"wp:attachment":[{"href":"https:\/\/veredes.es\/blog\/wp-json\/wp\/v2\/media?parent=96694"}],"wp:term":[{"taxonomy":"category","embeddable":true,"href":"https:\/\/veredes.es\/blog\/wp-json\/wp\/v2\/categories?post=96694"},{"taxonomy":"post_tag","embeddable":true,"href":"https:\/\/veredes.es\/blog\/wp-json\/wp\/v2\/tags?post=96694"}],"curies":[{"name":"wp","href":"https:\/\/api.w.org\/{rel}","templated":true}]}}