{"id":96467,"date":"2023-12-21T00:01:09","date_gmt":"2023-12-20T23:01:09","guid":{"rendered":"https:\/\/veredes.es\/blog\/?p=96456"},"modified":"2024-02-23T14:45:50","modified_gmt":"2024-02-23T13:45:50","slug":"torre-mendez-alvaro-un-edificio-hecho-con-bim-maria-olazaran-juanmartinena","status":"publish","type":"post","link":"https:\/\/veredes.es\/blog\/torre-mendez-alvaro-un-edificio-hecho-con-bim-maria-olazaran-juanmartinena\/","title":{"rendered":"Torre M\u00e9ndez \u00c1lvaro, un edificio hecho con BIM | Mar\u00eda Olazar\u00e1n Juanmarti\u00f1ena"},"content":{"rendered":"<figure id=\"attachment_96471\" aria-describedby=\"caption-attachment-96471\" style=\"width: 1505px\" class=\"wp-caption alignnone\"><img loading=\"lazy\" decoding=\"async\" class=\"size-full wp-image-96471\" src=\"https:\/\/veredes.es\/blog\/wp-content\/uploads\/2023\/12\/Torre-Mendez-Alvaro-un-edificio-hecho-con-BIM-Maria-Olazaran-Juanmartinena-master-bim-1.jpg\" alt=\"Torre M\u00e9ndez \u00c1lvaro, un edificio hecho con BIM | Mar\u00eda Olazar\u00e1n Juanmarti\u00f1ena\" width=\"1505\" height=\"914\" srcset=\"https:\/\/veredes.es\/blog\/wp-content\/uploads\/2023\/12\/Torre-Mendez-Alvaro-un-edificio-hecho-con-BIM-Maria-Olazaran-Juanmartinena-master-bim-1.jpg 1505w, https:\/\/veredes.es\/blog\/wp-content\/uploads\/2023\/12\/Torre-Mendez-Alvaro-un-edificio-hecho-con-BIM-Maria-Olazaran-Juanmartinena-master-bim-1-300x182.jpg 300w, https:\/\/veredes.es\/blog\/wp-content\/uploads\/2023\/12\/Torre-Mendez-Alvaro-un-edificio-hecho-con-BIM-Maria-Olazaran-Juanmartinena-master-bim-1-1024x622.jpg 1024w, https:\/\/veredes.es\/blog\/wp-content\/uploads\/2023\/12\/Torre-Mendez-Alvaro-un-edificio-hecho-con-BIM-Maria-Olazaran-Juanmartinena-master-bim-1-696x423.jpg 696w, https:\/\/veredes.es\/blog\/wp-content\/uploads\/2023\/12\/Torre-Mendez-Alvaro-un-edificio-hecho-con-BIM-Maria-Olazaran-Juanmartinena-master-bim-1-1068x649.jpg 1068w\" sizes=\"auto, (max-width: 1505px) 100vw, 1505px\" \/><figcaption id=\"caption-attachment-96471\" class=\"wp-caption-text\"><span style=\"color: #999999;\">Torre M\u00e9ndez \u00c1lvaro, un edificio hecho con BIM\u00a0<\/span><\/figcaption><\/figure>\n<h6 style=\"text-align: justify;\"><strong>La nueva Torre M\u00e9ndez \u00c1lvaro, ubicada en el c\u00e9ntrico barrio de Madrid, espera convertirse en un ejemplo de sostenibilidad y eficiencia arquitect\u00f3nica con la ayuda de la tecnolog\u00eda BIM.<\/strong><\/h6>\n<p style=\"text-align: justify;\">La firma espa\u00f1ola de arquitectura e interiorismo GCA Architects es la encargada de llevar a cabo la reforma integral del edificio Retama 3, situado en el barrio M\u00e9ndez \u00c1lvaro, aleda\u00f1o a la autov\u00eda de circunvalaci\u00f3n M-30 y las v\u00edas del tren. La revolucionaria tecnolog\u00eda BIM (Building Infomation Modeling) est\u00e1 detr\u00e1s de la nueva torre, de 14 plantas y 13.200 metros cuadrados, que busca convertirse en un referente arquitect\u00f3nico de Madrid y situarse a la vanguardia en eficiencia y sostenibilidad.<\/p>\n<p style=\"text-align: justify;\">Con el objetivo de conseguir un equilibrio crom\u00e1tico y sensitivo que refuerce la sobriedad y contemporaneidad del conjunto, se utilizar\u00e1n tres materiales para su construcci\u00f3n: metal, madera y vidrio. Para mantener una imagen amable, sin romper la sinton\u00eda con el resto de las torres, se han usado vidrios curvos en las esquinas; del mismo modo, un juego de costillas met\u00e1licas pasar\u00e1 a formar parte del nuevo muro cortina de fachada, logrando dar un toque distintivo a la torre. El uso de un sistema de terrazas a doble altura, que giran conforme aumentan los niveles, y que conectan las oficinas con espacios exteriores donde hay abundante vegetaci\u00f3n, consigue crear un dise\u00f1o din\u00e1mico y original.<\/p>\n<h5 style=\"text-align: justify;\"><strong>Herramientas BIM<\/strong><\/h5>\n<p style=\"text-align: justify;\">El proyecto ya est\u00e1 en marcha y se espera que el nuevo edificio sea inaugurado el pr\u00f3ximo verano.<\/p>\n<blockquote>\n<p style=\"text-align: justify;\"><em>\u201cEstamos completando la fase de derribos. Se han ampliado las plantas y se ha cambiado de posici\u00f3n la escalera para mejorar la funcionalidad de ah\u00ed que el estudio de la estructura ha sido clave para la definici\u00f3n del proyecto\u201d, <\/em><\/p>\n<\/blockquote>\n<p style=\"text-align: justify;\">declara Daniel Garc\u00eda, BIM Manager de GCA Architects en la entrevista publicada en la secci\u00f3n AbiertoXObras de la empresa especializada Espacio BIM.<\/p>\n<blockquote>\n<p style=\"text-align: justify;\"><em>\u201cBIM ha permitido centralizar toda la informaci\u00f3n de la Torre M\u00e9ndez \u00c1lvaro (geom\u00e9trica, documental, etc\u00e9tera) en un modelo digital desarrollado por todos los agentes que han intervenido en el proyecto\u201d <\/em><\/p>\n<\/blockquote>\n<p style=\"text-align: justify;\">se\u00f1ala Borja S\u00e1nchez Ortega, Director de Proyectos y Director del M\u00e1ster BIM Manager Internacional (+VR) de la mencionada consultora. La firma ha apostado por el m\u00e9todo open BIM: un flujo de trabajo en el que todos los involucrados intercambian informaci\u00f3n del proyecto y cooperan, mediante el uso de formatos abierto, neutrales y no prioritarios, independientes de las herramientas y aplicaciones BIM utilizadas.<\/p>\n<p style=\"text-align: justify;\">Con el fin de obtener m\u00e1s precisi\u00f3n en el punto de partida y aproximar de mejor manera la altura entre las plantas, se realiz\u00f3 el primer modelo del estado actual del edificio utilizando una nube de puntos. Del mismo modo, la firma de arquitectura hizo uso de la herramienta BIMcollab,<\/p>\n<blockquote>\n<p style=\"text-align: justify;\"><em>\u201cCon ella, mostramos los elementos de la estructura existente que quer\u00edamos conservar, as\u00ed como los refuerzos y ampliaciones de los forjados\u201d <\/em><\/p>\n<\/blockquote>\n<p style=\"text-align: justify;\">explica Garc\u00eda. De esta manera, contin\u00faa,<\/p>\n<blockquote>\n<p style=\"text-align: justify;\"><em>\u201cpudimos diferenciar gr\u00e1ficamente los componentes seg\u00fan su fase de construcci\u00f3n, existentes o de nueva construcci\u00f3n, y nos ayud\u00f3 mucho a valorar con los estructuristas el alcance de la intervenci\u00f3n\u201d.<\/em><\/p>\n<\/blockquote>\n<p style=\"text-align: justify;\">Las ventajas de utilizar BIM en proyectos arquitect\u00f3nicos hace que cada d\u00eda m\u00e1s profesionales del sector AECO opten por actualizar sus conocimientos y exploren la oferta de cursos y m\u00e1ster existentes con este modelo de trabajo colaborativo, como el <a href=\"https:\/\/www.master-bim.online\/\" target=\"_blank\" rel=\"noopener\">m\u00e1ster BIM<\/a> de la mencionada consultora, para actualizar as\u00ed su curr\u00edculum y ampliar sus opciones laborales.<\/p>\n","protected":false},"excerpt":{"rendered":"<p>La nueva Torre M\u00e9ndez \u00c1lvaro, ubicada en el c\u00e9ntrico barrio de Madrid, espera convertirse en un ejemplo de sostenibilidad y eficiencia arquitect\u00f3nica con la ayuda de la tecnolog\u00eda BIM. La firma espa\u00f1ola de arquitectura e interiorismo GCA Architects es la encargada de llevar a cabo la reforma integral del edificio Retama 3, situado en el [&hellip;]<\/p>\n","protected":false},"author":89,"featured_media":96471,"comment_status":"open","ping_status":"closed","sticky":false,"template":"","format":"standard","meta":{"footnotes":""},"categories":[33,3,5951],"tags":[12847,16295,399,16293,16089,10109,16842,6148],"class_list":{"0":"post-96467","1":"post","2":"type-post","3":"status-publish","4":"format-standard","5":"has-post-thumbnail","7":"category-arquitectos","8":"category-capturas","9":"category-slider-principal","10":"tag-bim","11":"tag-borja-sanchez-ortega","12":"tag-cultura","13":"tag-espacio-bim","14":"tag-gca-architects","15":"tag-herramienta","16":"tag-maria-olazaran-juanmartinena","17":"tag-procesos-digitales"},"yoast_head":"<!-- This site is optimized with the Yoast SEO plugin v27.5 - https:\/\/yoast.com\/product\/yoast-seo-wordpress\/ -->\n<title>Torre M\u00e9ndez \u00c1lvaro, un edificio hecho con BIM | Mar\u00eda Olazar\u00e1n Juanmarti\u00f1ena - veredes<\/title>\n<meta name=\"description\" content=\"Toda la informaci\u00f3n sobre: Torre M\u00e9ndez \u00c1lvaro, un edificio hecho con BIM | Mar\u00eda Olazar\u00e1n Juanmarti\u00f1ena\" \/>\n<meta name=\"robots\" content=\"index, follow, max-snippet:-1, max-image-preview:large, max-video-preview:-1\" \/>\n<link rel=\"canonical\" href=\"https:\/\/veredes.es\/blog\/torre-mendez-alvaro-un-edificio-hecho-con-bim-maria-olazaran-juanmartinena\/\" \/>\n<meta property=\"og:locale\" content=\"es_ES\" \/>\n<meta property=\"og:type\" content=\"article\" \/>\n<meta property=\"og:title\" content=\"Torre M\u00e9ndez \u00c1lvaro, un edificio hecho con BIM | Mar\u00eda Olazar\u00e1n Juanmarti\u00f1ena - veredes\" \/>\n<meta property=\"og:description\" content=\"Toda la informaci\u00f3n sobre: Torre M\u00e9ndez \u00c1lvaro, un edificio hecho con BIM | Mar\u00eda Olazar\u00e1n Juanmarti\u00f1ena\" \/>\n<meta property=\"og:url\" content=\"https:\/\/veredes.es\/blog\/torre-mendez-alvaro-un-edificio-hecho-con-bim-maria-olazaran-juanmartinena\/\" \/>\n<meta property=\"og:site_name\" content=\"veredes, arquitectura y divulgaci\u00f3n\" \/>\n<meta property=\"article:publisher\" content=\"https:\/\/www.facebook.com\/veredesArquitecturayDivulgacion\/\" \/>\n<meta property=\"article:published_time\" content=\"2023-12-20T23:01:09+00:00\" \/>\n<meta property=\"article:modified_time\" content=\"2024-02-23T13:45:50+00:00\" \/>\n<meta property=\"og:image\" content=\"https:\/\/veredes.es\/blog\/wp-content\/uploads\/2023\/12\/Torre-Mendez-Alvaro-un-edificio-hecho-con-BIM-Maria-Olazaran-Juanmartinena-master-bim-1.jpg\" \/>\n\t<meta property=\"og:image:width\" content=\"1505\" \/>\n\t<meta property=\"og:image:height\" content=\"914\" \/>\n\t<meta property=\"og:image:type\" content=\"image\/jpeg\" \/>\n<meta name=\"author\" content=\"Mar\u00eda Olazar\u00e1n Juanmarti\u00f1ena\" \/>\n<meta name=\"twitter:card\" content=\"summary_large_image\" \/>\n<meta name=\"twitter:creator\" content=\"@veredes\" \/>\n<meta name=\"twitter:site\" content=\"@veredes\" \/>\n<meta name=\"twitter:label1\" content=\"Escrito por\" \/>\n\t<meta name=\"twitter:data1\" content=\"Mar\u00eda Olazar\u00e1n Juanmarti\u00f1ena\" \/>\n\t<meta name=\"twitter:label2\" content=\"Tiempo de lectura\" \/>\n\t<meta name=\"twitter:data2\" content=\"3 minutos\" \/>\n<script type=\"application\/ld+json\" class=\"yoast-schema-graph\">{\"@context\":\"https:\\\/\\\/schema.org\",\"@graph\":[{\"@type\":\"Article\",\"@id\":\"https:\\\/\\\/veredes.es\\\/blog\\\/torre-mendez-alvaro-un-edificio-hecho-con-bim-maria-olazaran-juanmartinena\\\/#article\",\"isPartOf\":{\"@id\":\"https:\\\/\\\/veredes.es\\\/blog\\\/torre-mendez-alvaro-un-edificio-hecho-con-bim-maria-olazaran-juanmartinena\\\/\"},\"author\":{\"name\":\"Mar\u00eda Olazar\u00e1n Juanmarti\u00f1ena\",\"@id\":\"https:\\\/\\\/veredes.es\\\/blog\\\/#\\\/schema\\\/person\\\/22dc473782d353733066876b711c88d3\"},\"headline\":\"Torre M\u00e9ndez \u00c1lvaro, un edificio hecho con BIM | Mar\u00eda Olazar\u00e1n Juanmarti\u00f1ena\",\"datePublished\":\"2023-12-20T23:01:09+00:00\",\"dateModified\":\"2024-02-23T13:45:50+00:00\",\"mainEntityOfPage\":{\"@id\":\"https:\\\/\\\/veredes.es\\\/blog\\\/torre-mendez-alvaro-un-edificio-hecho-con-bim-maria-olazaran-juanmartinena\\\/\"},\"wordCount\":634,\"commentCount\":0,\"publisher\":{\"@id\":\"https:\\\/\\\/veredes.es\\\/blog\\\/#organization\"},\"image\":{\"@id\":\"https:\\\/\\\/veredes.es\\\/blog\\\/torre-mendez-alvaro-un-edificio-hecho-con-bim-maria-olazaran-juanmartinena\\\/#primaryimage\"},\"thumbnailUrl\":\"https:\\\/\\\/veredes.es\\\/blog\\\/wp-content\\\/uploads\\\/2023\\\/12\\\/Torre-Mendez-Alvaro-un-edificio-hecho-con-BIM-Maria-Olazaran-Juanmartinena-master-bim-1.jpg\",\"keywords\":[\"BIM\",\"Borja S\u00e1nchez Ortega\",\"cultura\",\"espacio BIM\",\"GCA Architects\",\"herramienta\",\"Mar\u00eda Olazar\u00e1n Juanmarti\u00f1ena\",\"procesos digitales\"],\"articleSection\":[\"arquitectos\",\"capturas\",\"slider principal\"],\"inLanguage\":\"es\",\"potentialAction\":[{\"@type\":\"CommentAction\",\"name\":\"Comment\",\"target\":[\"https:\\\/\\\/veredes.es\\\/blog\\\/torre-mendez-alvaro-un-edificio-hecho-con-bim-maria-olazaran-juanmartinena\\\/#respond\"]}]},{\"@type\":\"WebPage\",\"@id\":\"https:\\\/\\\/veredes.es\\\/blog\\\/torre-mendez-alvaro-un-edificio-hecho-con-bim-maria-olazaran-juanmartinena\\\/\",\"url\":\"https:\\\/\\\/veredes.es\\\/blog\\\/torre-mendez-alvaro-un-edificio-hecho-con-bim-maria-olazaran-juanmartinena\\\/\",\"name\":\"Torre M\u00e9ndez \u00c1lvaro, un edificio hecho con BIM | Mar\u00eda Olazar\u00e1n Juanmarti\u00f1ena - veredes\",\"isPartOf\":{\"@id\":\"https:\\\/\\\/veredes.es\\\/blog\\\/#website\"},\"primaryImageOfPage\":{\"@id\":\"https:\\\/\\\/veredes.es\\\/blog\\\/torre-mendez-alvaro-un-edificio-hecho-con-bim-maria-olazaran-juanmartinena\\\/#primaryimage\"},\"image\":{\"@id\":\"https:\\\/\\\/veredes.es\\\/blog\\\/torre-mendez-alvaro-un-edificio-hecho-con-bim-maria-olazaran-juanmartinena\\\/#primaryimage\"},\"thumbnailUrl\":\"https:\\\/\\\/veredes.es\\\/blog\\\/wp-content\\\/uploads\\\/2023\\\/12\\\/Torre-Mendez-Alvaro-un-edificio-hecho-con-BIM-Maria-Olazaran-Juanmartinena-master-bim-1.jpg\",\"datePublished\":\"2023-12-20T23:01:09+00:00\",\"dateModified\":\"2024-02-23T13:45:50+00:00\",\"description\":\"Toda la informaci\u00f3n sobre: Torre M\u00e9ndez \u00c1lvaro, un edificio hecho con BIM | Mar\u00eda Olazar\u00e1n Juanmarti\u00f1ena\",\"breadcrumb\":{\"@id\":\"https:\\\/\\\/veredes.es\\\/blog\\\/torre-mendez-alvaro-un-edificio-hecho-con-bim-maria-olazaran-juanmartinena\\\/#breadcrumb\"},\"inLanguage\":\"es\",\"potentialAction\":[{\"@type\":\"ReadAction\",\"target\":[\"https:\\\/\\\/veredes.es\\\/blog\\\/torre-mendez-alvaro-un-edificio-hecho-con-bim-maria-olazaran-juanmartinena\\\/\"]}]},{\"@type\":\"ImageObject\",\"inLanguage\":\"es\",\"@id\":\"https:\\\/\\\/veredes.es\\\/blog\\\/torre-mendez-alvaro-un-edificio-hecho-con-bim-maria-olazaran-juanmartinena\\\/#primaryimage\",\"url\":\"https:\\\/\\\/veredes.es\\\/blog\\\/wp-content\\\/uploads\\\/2023\\\/12\\\/Torre-Mendez-Alvaro-un-edificio-hecho-con-BIM-Maria-Olazaran-Juanmartinena-master-bim-1.jpg\",\"contentUrl\":\"https:\\\/\\\/veredes.es\\\/blog\\\/wp-content\\\/uploads\\\/2023\\\/12\\\/Torre-Mendez-Alvaro-un-edificio-hecho-con-BIM-Maria-Olazaran-Juanmartinena-master-bim-1.jpg\",\"width\":1505,\"height\":914,\"caption\":\"Torre M\u00e9ndez \u00c1lvaro, un edificio hecho con BIM | Mar\u00eda Olazar\u00e1n Juanmarti\u00f1ena\"},{\"@type\":\"BreadcrumbList\",\"@id\":\"https:\\\/\\\/veredes.es\\\/blog\\\/torre-mendez-alvaro-un-edificio-hecho-con-bim-maria-olazaran-juanmartinena\\\/#breadcrumb\",\"itemListElement\":[{\"@type\":\"ListItem\",\"position\":1,\"name\":\"Portada\",\"item\":\"https:\\\/\\\/veredes.es\\\/blog\\\/\"},{\"@type\":\"ListItem\",\"position\":2,\"name\":\"Torre M\u00e9ndez \u00c1lvaro, un edificio hecho con BIM | Mar\u00eda Olazar\u00e1n Juanmarti\u00f1ena\"}]},{\"@type\":\"WebSite\",\"@id\":\"https:\\\/\\\/veredes.es\\\/blog\\\/#website\",\"url\":\"https:\\\/\\\/veredes.es\\\/blog\\\/\",\"name\":\"veredes, arquitectura y divulgaci\u00f3n\",\"description\":\"veredes\",\"publisher\":{\"@id\":\"https:\\\/\\\/veredes.es\\\/blog\\\/#organization\"},\"alternateName\":\"veredes\",\"potentialAction\":[{\"@type\":\"SearchAction\",\"target\":{\"@type\":\"EntryPoint\",\"urlTemplate\":\"https:\\\/\\\/veredes.es\\\/blog\\\/?s={search_term_string}\"},\"query-input\":{\"@type\":\"PropertyValueSpecification\",\"valueRequired\":true,\"valueName\":\"search_term_string\"}}],\"inLanguage\":\"es\"},{\"@type\":\"Organization\",\"@id\":\"https:\\\/\\\/veredes.es\\\/blog\\\/#organization\",\"name\":\"veredes, arquitectura y divulgaci\u00f3n\",\"alternateName\":\"veredes\",\"url\":\"https:\\\/\\\/veredes.es\\\/blog\\\/\",\"logo\":{\"@type\":\"ImageObject\",\"inLanguage\":\"es\",\"@id\":\"https:\\\/\\\/veredes.es\\\/blog\\\/#\\\/schema\\\/logo\\\/image\\\/\",\"url\":\"https:\\\/\\\/veredes.es\\\/blog\\\/wp-content\\\/uploads\\\/2021\\\/12\\\/veredes-logo-centrado_140x54.png\",\"contentUrl\":\"https:\\\/\\\/veredes.es\\\/blog\\\/wp-content\\\/uploads\\\/2021\\\/12\\\/veredes-logo-centrado_140x54.png\",\"width\":140,\"height\":54,\"caption\":\"veredes, arquitectura y divulgaci\u00f3n\"},\"image\":{\"@id\":\"https:\\\/\\\/veredes.es\\\/blog\\\/#\\\/schema\\\/logo\\\/image\\\/\"},\"sameAs\":[\"https:\\\/\\\/www.facebook.com\\\/veredesArquitecturayDivulgacion\\\/\",\"https:\\\/\\\/x.com\\\/veredes\",\"https:\\\/\\\/instagram.com\\\/veredes\\\/\",\"https:\\\/\\\/www.linkedin.com\\\/company\\\/veredes-arquitectura-y-divulgacion\\\/\",\"https:\\\/\\\/es.pinterest.com\\\/veredes\\\/\",\"https:\\\/\\\/www.tumblr.com\\\/veredes\"]},{\"@type\":\"Person\",\"@id\":\"https:\\\/\\\/veredes.es\\\/blog\\\/#\\\/schema\\\/person\\\/22dc473782d353733066876b711c88d3\",\"name\":\"Mar\u00eda Olazar\u00e1n Juanmarti\u00f1ena\",\"image\":{\"@type\":\"ImageObject\",\"inLanguage\":\"es\",\"@id\":\"https:\\\/\\\/veredes.es\\\/blog\\\/wp-content\\\/uploads\\\/2023\\\/12\\\/cropped-Maria-Olazaran-96x96.jpg\",\"url\":\"https:\\\/\\\/veredes.es\\\/blog\\\/wp-content\\\/uploads\\\/2023\\\/12\\\/cropped-Maria-Olazaran-96x96.jpg\",\"contentUrl\":\"https:\\\/\\\/veredes.es\\\/blog\\\/wp-content\\\/uploads\\\/2023\\\/12\\\/cropped-Maria-Olazaran-96x96.jpg\",\"caption\":\"Mar\u00eda Olazar\u00e1n Juanmarti\u00f1ena\"},\"description\":\"Periodista freelance, sobre la \u00faltima entrega de AbiertoXObras de Espacio BIM\",\"url\":\"https:\\\/\\\/veredes.es\\\/blog\\\/author\\\/maria-olazaran\\\/\"}]}<\/script>\n<!-- \/ Yoast SEO plugin. -->","yoast_head_json":{"title":"Torre M\u00e9ndez \u00c1lvaro, un edificio hecho con BIM | Mar\u00eda Olazar\u00e1n Juanmarti\u00f1ena - veredes","description":"Toda la informaci\u00f3n sobre: Torre M\u00e9ndez \u00c1lvaro, un edificio hecho con BIM | Mar\u00eda Olazar\u00e1n Juanmarti\u00f1ena","robots":{"index":"index","follow":"follow","max-snippet":"max-snippet:-1","max-image-preview":"max-image-preview:large","max-video-preview":"max-video-preview:-1"},"canonical":"https:\/\/veredes.es\/blog\/torre-mendez-alvaro-un-edificio-hecho-con-bim-maria-olazaran-juanmartinena\/","og_locale":"es_ES","og_type":"article","og_title":"Torre M\u00e9ndez \u00c1lvaro, un edificio hecho con BIM | Mar\u00eda Olazar\u00e1n Juanmarti\u00f1ena - veredes","og_description":"Toda la informaci\u00f3n sobre: Torre M\u00e9ndez \u00c1lvaro, un edificio hecho con BIM | Mar\u00eda Olazar\u00e1n Juanmarti\u00f1ena","og_url":"https:\/\/veredes.es\/blog\/torre-mendez-alvaro-un-edificio-hecho-con-bim-maria-olazaran-juanmartinena\/","og_site_name":"veredes, arquitectura y divulgaci\u00f3n","article_publisher":"https:\/\/www.facebook.com\/veredesArquitecturayDivulgacion\/","article_published_time":"2023-12-20T23:01:09+00:00","article_modified_time":"2024-02-23T13:45:50+00:00","og_image":[{"width":1505,"height":914,"url":"https:\/\/veredes.es\/blog\/wp-content\/uploads\/2023\/12\/Torre-Mendez-Alvaro-un-edificio-hecho-con-BIM-Maria-Olazaran-Juanmartinena-master-bim-1.jpg","type":"image\/jpeg"}],"author":"Mar\u00eda Olazar\u00e1n Juanmarti\u00f1ena","twitter_card":"summary_large_image","twitter_creator":"@veredes","twitter_site":"@veredes","twitter_misc":{"Escrito por":"Mar\u00eda Olazar\u00e1n Juanmarti\u00f1ena","Tiempo de lectura":"3 minutos"},"schema":{"@context":"https:\/\/schema.org","@graph":[{"@type":"Article","@id":"https:\/\/veredes.es\/blog\/torre-mendez-alvaro-un-edificio-hecho-con-bim-maria-olazaran-juanmartinena\/#article","isPartOf":{"@id":"https:\/\/veredes.es\/blog\/torre-mendez-alvaro-un-edificio-hecho-con-bim-maria-olazaran-juanmartinena\/"},"author":{"name":"Mar\u00eda Olazar\u00e1n Juanmarti\u00f1ena","@id":"https:\/\/veredes.es\/blog\/#\/schema\/person\/22dc473782d353733066876b711c88d3"},"headline":"Torre M\u00e9ndez \u00c1lvaro, un edificio hecho con BIM | Mar\u00eda Olazar\u00e1n Juanmarti\u00f1ena","datePublished":"2023-12-20T23:01:09+00:00","dateModified":"2024-02-23T13:45:50+00:00","mainEntityOfPage":{"@id":"https:\/\/veredes.es\/blog\/torre-mendez-alvaro-un-edificio-hecho-con-bim-maria-olazaran-juanmartinena\/"},"wordCount":634,"commentCount":0,"publisher":{"@id":"https:\/\/veredes.es\/blog\/#organization"},"image":{"@id":"https:\/\/veredes.es\/blog\/torre-mendez-alvaro-un-edificio-hecho-con-bim-maria-olazaran-juanmartinena\/#primaryimage"},"thumbnailUrl":"https:\/\/veredes.es\/blog\/wp-content\/uploads\/2023\/12\/Torre-Mendez-Alvaro-un-edificio-hecho-con-BIM-Maria-Olazaran-Juanmartinena-master-bim-1.jpg","keywords":["BIM","Borja S\u00e1nchez Ortega","cultura","espacio BIM","GCA Architects","herramienta","Mar\u00eda Olazar\u00e1n Juanmarti\u00f1ena","procesos digitales"],"articleSection":["arquitectos","capturas","slider principal"],"inLanguage":"es","potentialAction":[{"@type":"CommentAction","name":"Comment","target":["https:\/\/veredes.es\/blog\/torre-mendez-alvaro-un-edificio-hecho-con-bim-maria-olazaran-juanmartinena\/#respond"]}]},{"@type":"WebPage","@id":"https:\/\/veredes.es\/blog\/torre-mendez-alvaro-un-edificio-hecho-con-bim-maria-olazaran-juanmartinena\/","url":"https:\/\/veredes.es\/blog\/torre-mendez-alvaro-un-edificio-hecho-con-bim-maria-olazaran-juanmartinena\/","name":"Torre M\u00e9ndez \u00c1lvaro, un edificio hecho con BIM | Mar\u00eda Olazar\u00e1n Juanmarti\u00f1ena - veredes","isPartOf":{"@id":"https:\/\/veredes.es\/blog\/#website"},"primaryImageOfPage":{"@id":"https:\/\/veredes.es\/blog\/torre-mendez-alvaro-un-edificio-hecho-con-bim-maria-olazaran-juanmartinena\/#primaryimage"},"image":{"@id":"https:\/\/veredes.es\/blog\/torre-mendez-alvaro-un-edificio-hecho-con-bim-maria-olazaran-juanmartinena\/#primaryimage"},"thumbnailUrl":"https:\/\/veredes.es\/blog\/wp-content\/uploads\/2023\/12\/Torre-Mendez-Alvaro-un-edificio-hecho-con-BIM-Maria-Olazaran-Juanmartinena-master-bim-1.jpg","datePublished":"2023-12-20T23:01:09+00:00","dateModified":"2024-02-23T13:45:50+00:00","description":"Toda la informaci\u00f3n sobre: Torre M\u00e9ndez \u00c1lvaro, un edificio hecho con BIM | Mar\u00eda Olazar\u00e1n Juanmarti\u00f1ena","breadcrumb":{"@id":"https:\/\/veredes.es\/blog\/torre-mendez-alvaro-un-edificio-hecho-con-bim-maria-olazaran-juanmartinena\/#breadcrumb"},"inLanguage":"es","potentialAction":[{"@type":"ReadAction","target":["https:\/\/veredes.es\/blog\/torre-mendez-alvaro-un-edificio-hecho-con-bim-maria-olazaran-juanmartinena\/"]}]},{"@type":"ImageObject","inLanguage":"es","@id":"https:\/\/veredes.es\/blog\/torre-mendez-alvaro-un-edificio-hecho-con-bim-maria-olazaran-juanmartinena\/#primaryimage","url":"https:\/\/veredes.es\/blog\/wp-content\/uploads\/2023\/12\/Torre-Mendez-Alvaro-un-edificio-hecho-con-BIM-Maria-Olazaran-Juanmartinena-master-bim-1.jpg","contentUrl":"https:\/\/veredes.es\/blog\/wp-content\/uploads\/2023\/12\/Torre-Mendez-Alvaro-un-edificio-hecho-con-BIM-Maria-Olazaran-Juanmartinena-master-bim-1.jpg","width":1505,"height":914,"caption":"Torre M\u00e9ndez \u00c1lvaro, un edificio hecho con BIM | Mar\u00eda Olazar\u00e1n Juanmarti\u00f1ena"},{"@type":"BreadcrumbList","@id":"https:\/\/veredes.es\/blog\/torre-mendez-alvaro-un-edificio-hecho-con-bim-maria-olazaran-juanmartinena\/#breadcrumb","itemListElement":[{"@type":"ListItem","position":1,"name":"Portada","item":"https:\/\/veredes.es\/blog\/"},{"@type":"ListItem","position":2,"name":"Torre M\u00e9ndez \u00c1lvaro, un edificio hecho con BIM | Mar\u00eda Olazar\u00e1n Juanmarti\u00f1ena"}]},{"@type":"WebSite","@id":"https:\/\/veredes.es\/blog\/#website","url":"https:\/\/veredes.es\/blog\/","name":"veredes, arquitectura y divulgaci\u00f3n","description":"veredes","publisher":{"@id":"https:\/\/veredes.es\/blog\/#organization"},"alternateName":"veredes","potentialAction":[{"@type":"SearchAction","target":{"@type":"EntryPoint","urlTemplate":"https:\/\/veredes.es\/blog\/?s={search_term_string}"},"query-input":{"@type":"PropertyValueSpecification","valueRequired":true,"valueName":"search_term_string"}}],"inLanguage":"es"},{"@type":"Organization","@id":"https:\/\/veredes.es\/blog\/#organization","name":"veredes, arquitectura y divulgaci\u00f3n","alternateName":"veredes","url":"https:\/\/veredes.es\/blog\/","logo":{"@type":"ImageObject","inLanguage":"es","@id":"https:\/\/veredes.es\/blog\/#\/schema\/logo\/image\/","url":"https:\/\/veredes.es\/blog\/wp-content\/uploads\/2021\/12\/veredes-logo-centrado_140x54.png","contentUrl":"https:\/\/veredes.es\/blog\/wp-content\/uploads\/2021\/12\/veredes-logo-centrado_140x54.png","width":140,"height":54,"caption":"veredes, arquitectura y divulgaci\u00f3n"},"image":{"@id":"https:\/\/veredes.es\/blog\/#\/schema\/logo\/image\/"},"sameAs":["https:\/\/www.facebook.com\/veredesArquitecturayDivulgacion\/","https:\/\/x.com\/veredes","https:\/\/instagram.com\/veredes\/","https:\/\/www.linkedin.com\/company\/veredes-arquitectura-y-divulgacion\/","https:\/\/es.pinterest.com\/veredes\/","https:\/\/www.tumblr.com\/veredes"]},{"@type":"Person","@id":"https:\/\/veredes.es\/blog\/#\/schema\/person\/22dc473782d353733066876b711c88d3","name":"Mar\u00eda Olazar\u00e1n Juanmarti\u00f1ena","image":{"@type":"ImageObject","inLanguage":"es","@id":"https:\/\/veredes.es\/blog\/wp-content\/uploads\/2023\/12\/cropped-Maria-Olazaran-96x96.jpg","url":"https:\/\/veredes.es\/blog\/wp-content\/uploads\/2023\/12\/cropped-Maria-Olazaran-96x96.jpg","contentUrl":"https:\/\/veredes.es\/blog\/wp-content\/uploads\/2023\/12\/cropped-Maria-Olazaran-96x96.jpg","caption":"Mar\u00eda Olazar\u00e1n Juanmarti\u00f1ena"},"description":"Periodista freelance, sobre la \u00faltima entrega de AbiertoXObras de Espacio BIM","url":"https:\/\/veredes.es\/blog\/author\/maria-olazaran\/"}]}},"_links":{"self":[{"href":"https:\/\/veredes.es\/blog\/wp-json\/wp\/v2\/posts\/96467","targetHints":{"allow":["GET"]}}],"collection":[{"href":"https:\/\/veredes.es\/blog\/wp-json\/wp\/v2\/posts"}],"about":[{"href":"https:\/\/veredes.es\/blog\/wp-json\/wp\/v2\/types\/post"}],"author":[{"embeddable":true,"href":"https:\/\/veredes.es\/blog\/wp-json\/wp\/v2\/users\/89"}],"replies":[{"embeddable":true,"href":"https:\/\/veredes.es\/blog\/wp-json\/wp\/v2\/comments?post=96467"}],"version-history":[{"count":0,"href":"https:\/\/veredes.es\/blog\/wp-json\/wp\/v2\/posts\/96467\/revisions"}],"wp:featuredmedia":[{"embeddable":true,"href":"https:\/\/veredes.es\/blog\/wp-json\/wp\/v2\/media\/96471"}],"wp:attachment":[{"href":"https:\/\/veredes.es\/blog\/wp-json\/wp\/v2\/media?parent=96467"}],"wp:term":[{"taxonomy":"category","embeddable":true,"href":"https:\/\/veredes.es\/blog\/wp-json\/wp\/v2\/categories?post=96467"},{"taxonomy":"post_tag","embeddable":true,"href":"https:\/\/veredes.es\/blog\/wp-json\/wp\/v2\/tags?post=96467"}],"curies":[{"name":"wp","href":"https:\/\/api.w.org\/{rel}","templated":true}]}}