{"id":95897,"date":"2024-01-05T00:01:41","date_gmt":"2024-01-04T23:01:41","guid":{"rendered":"https:\/\/veredes.es\/blog\/?p=95897"},"modified":"2024-01-05T09:56:13","modified_gmt":"2024-01-05T08:56:13","slug":"la-ciudad-de-barbie-jorge-gorostiza","status":"publish","type":"post","link":"https:\/\/veredes.es\/blog\/la-ciudad-de-barbie-jorge-gorostiza\/","title":{"rendered":"La ciudad de Barbie | Jorge Gorostiza"},"content":{"rendered":"<p style=\"text-align: justify;\">En los <a href=\"https:\/\/veredes.es\/blog\/las-otras-casas-de-barbie-siglo-xxi-jorge-gorostiza\/\" target=\"_blank\" rel=\"noopener\">art\u00edculos precedentes<\/a> se ha visto la \u00abarquitectura\u00bb de la mu\u00f1eca Barbie, junto con su entorno familiar y afectivo, en \u00e9sta se mencionar\u00e1 su relaci\u00f3n con aspectos urbanos.<\/p>\n<p style=\"text-align: justify;\">Las aventuras del personaje se han narrado en muchas colecciones de c\u00f3mics desde 1962, en que empezaron a publicarse con el nombre\u00a0<i>Barbie and Ken<\/i>, hasta<i>\u00a0<\/i>la actualidad. Tambi\u00e9n ha protagonizado\u00a0<a href=\"https:\/\/en.wikipedia.org\/wiki\/List_of_Barbie_films\" target=\"_blank\" rel=\"noopener\">pel\u00edculas<\/a>\u00a0de animaci\u00f3n, dos especiales para televisi\u00f3n en 1987, y a partir de principios de este siglo, primero diecis\u00e9is t\u00edtulos, entre 2002 y 2009, en los que se adaptaban narraciones populares, pero interpretados por la mu\u00f1eca; a partir de ese a\u00f1o y hasta 2015 aparecieron catorce pel\u00edculas m\u00e1s, pero con historias desarrolladas en el siglo veintiuno; posteriormente, entre 2015 y 2017 se estrenaron cinco cintas destinadas al v\u00eddeo dom\u00e9stico y tambi\u00e9n ambientadas en aquellos a\u00f1os, y por \u00faltimo, desde 2017 hasta la actualidad se han emitido otras siete pel\u00edculas, en total cuarenta y cuatro t\u00edtulos; adem\u00e1s se han de mencionar las cinco temporadas de la serie\u00a0<i><a href=\"https:\/\/en.wikipedia.org\/wiki\/Barbie_Dreamhouse_Adventures\" target=\"_blank\" rel=\"noopener\">Barbie Dreamhose Adventures<\/a>\u00a0<\/i>con un total de\u00a0cincuenta y dos episodios.<\/p>\n<p style=\"text-align: justify;\">Por supuesto que es imposible ver todos los c\u00f3mics, pel\u00edculas y episodios de la serie, pero revisados muchos de ellos, se puede comprobar que la mayor\u00eda de los edificios que aparecen\u00a0 son como los reales y lo mismo sucede con las ciudades, no teniendo relaci\u00f3n con las casas de juguete que se han mostrado en las entradas anteriores. Hay que tener en cuenta que las\u00a0<i>dreamhouses<\/i>\u00a0que se venden para jugar con las mu\u00f1ecas, simulan ser reales y de hecho para las ni\u00f1as lo son, tanto como las figuras reducidas de los seres humanos que pueblan el universo Barbie.<\/p>\n<p style=\"text-align: justify;\">Esta representaci\u00f3n de las edificaciones y las ciudades parece haberse modificado. Desde hace tiempo se lleva anunciando que se filmar\u00e1 una\u00a0<a href=\"https:\/\/es.wikipedia.org\/wiki\/Barbie_(pel%C3%ADcula)\" target=\"_blank\" rel=\"noopener\">pel\u00edcula<\/a>\u00a0sobre la mu\u00f1eca con personajes reales, parece ser que ya est\u00e1 rodada y se encuentra en preproducci\u00f3n, estren\u00e1ndose en julio de este 2023, dirigida por\u00a0<a href=\"https:\/\/collider.com\/underrated-movies-recommended-by-greta-gerwig\/#39-pretty-in-pink-39-1986\" target=\"_blank\" rel=\"noopener\">Greta Gerwig<\/a>, y protagonizada por\u00a0<a href=\"https:\/\/www.instagram.com\/margotrobbieofficial\/?hl=es\" target=\"_blank\" rel=\"noopener\">Margot Robbie<\/a>\u00a0y\u00a0<a href=\"https:\/\/es.wikipedia.org\/wiki\/Ryan_Gosling\" target=\"_blank\" rel=\"noopener\">Ryan Goslin<\/a>.<\/p>\n<figure id=\"attachment_95899\" aria-describedby=\"caption-attachment-95899\" style=\"width: 750px\" class=\"wp-caption alignnone\"><img loading=\"lazy\" decoding=\"async\" class=\"wp-image-95899\" title=\"La ciudad de Barbie Jorge Gorostiza Barbie film\" src=\"https:\/\/veredes.es\/blog\/wp-content\/uploads\/2023\/11\/La-ciudad-de-Barbie-Jorge-Gorostiza-Barbie-film.jpg\" alt=\"La ciudad de Barbie Jorge Gorostiza Barbie film\" width=\"750\" height=\"422\" srcset=\"https:\/\/veredes.es\/blog\/wp-content\/uploads\/2023\/11\/La-ciudad-de-Barbie-Jorge-Gorostiza-Barbie-film.jpg 448w, https:\/\/veredes.es\/blog\/wp-content\/uploads\/2023\/11\/La-ciudad-de-Barbie-Jorge-Gorostiza-Barbie-film-300x169.jpg 300w\" sizes=\"auto, (max-width: 750px) 100vw, 750px\" \/><figcaption id=\"caption-attachment-95899\" class=\"wp-caption-text\"><span style=\"color: #999999;\">Captura del trailer de Barbie<\/span><\/figcaption><\/figure>\n<p style=\"text-align: justify;\">Por ahora lo \u00fanico que se conoce es un\u00a0<a href=\"https:\/\/www.youtube.com\/watch?v=tavZ13BUs7Q\" target=\"_blank\" rel=\"noopener\">trailer<\/a> -por cierto, muy ingenioso, parodiando a\u00a0<i><a href=\"https:\/\/www.espinof.com\/criticas\/gran-clasico-ciencia-ficcion-tambien-cumbre-estilo-inhumano-2001-odisea-espacio-marco-antes-despues-obra-stanley-kubrick\" target=\"_blank\" rel=\"noopener\">2001 una odisea del espacio<\/a><\/i>-, y en una de sus im\u00e1genes se ve a Barbie sobre la cubierta de una casa mirando hacia una ciudad rosa, que est\u00e1 compuesta por edificaciones abiertas, sin fachadas, como las de las casas de juguete y tambi\u00e9n como las de <a href=\"https:\/\/secondlife.com\/\" target=\"_blank\" rel=\"noopener\">Second Life<\/a>. Esta representaci\u00f3n de la arquitectura y la ciudad es m\u00e1s interesante que la de las anteriores pel\u00edculas, porque copia directamente a las ficciones con las que se juega en el mundo real.<\/p>\n<p style=\"text-align: justify;\">Adem\u00e1s de mostrar un conjunto de casas un tanto desordenado, en el horizonte se ven una serie de edificaciones c\u00e9lebres: la torre de control y un\u00a0<a href=\"https:\/\/www.laconservancy.org\/locations\/theme-building-lax\" target=\"_blank\" rel=\"noopener\">restaurante<\/a>\u00a0del aeropuerto de Los \u00c1ngeles; letreros de Las Vegas; un faro; la cafeter\u00eda de\u00a0<a href=\"https:\/\/www.laconservancy.org\/locations\/randys-donuts\" target=\"_blank\" rel=\"noopener\">Randy&#8217;s<\/a> con su donut gigante en el techo -tambi\u00e9n en Los \u00c1ngeles-; el hotel <a href=\"https:\/\/es.wikipedia.org\/wiki\/Burj_Al_Arab\" target=\"_blank\" rel=\"noopener\">Burj Al Arab<\/a>\u00a0en Dubai; el Capitolio de Washington; la Estatua de la Libertad y para rematarlo todo, una noria tan grande, que es m\u00e1s alta que el \u00faltimo monumento mencionado.<\/p>\n<p style=\"text-align: justify;\">Esta representaci\u00f3n de nuestro mundo a trav\u00e9s de unos determinados monumentos -la mayor\u00eda estadounidenses-, implica una visi\u00f3n centrada en la arquitectura del ocio y de unos a\u00f1os determinados, que en vez de reproducir los mundos que se crearon para la mu\u00f1eca en su momento, aporta datos de las intenciones de sus creadores y de las tendencias actuales de lo que puede ser una terrible <i>dreamcity<\/i>.<\/p>\n<p>Jorge Gorostiza, Doctor arquitecto.<br \/>\nSanta Cruz de Tenerife, marzo 2023<\/p>\n","protected":false},"excerpt":{"rendered":"<p>En los art\u00edculos precedentes se ha visto la \u00abarquitectura\u00bb de la mu\u00f1eca Barbie, junto con su entorno familiar y afectivo, en \u00e9sta se mencionar\u00e1 su relaci\u00f3n con aspectos urbanos. Las aventuras del personaje se han narrado en muchas colecciones de c\u00f3mics desde 1962, en que empezaron a publicarse con el nombre\u00a0Barbie and Ken, hasta\u00a0la actualidad. [&hellip;]<\/p>\n","protected":false},"author":34,"featured_media":95899,"comment_status":"open","ping_status":"closed","sticky":false,"template":"","format":"standard","meta":{"footnotes":""},"categories":[3,1460,5951],"tags":[5096,12471,4503,9130,16651,1593,12468],"class_list":{"0":"post-95897","1":"post","2":"type-post","3":"status-publish","4":"format-standard","5":"has-post-thumbnail","7":"category-capturas","8":"category-cine","9":"category-slider-principal","10":"tag-beatriz-colomina","11":"tag-cine","12":"tag-diseno-de-mobiliario","13":"tag-diseno-domestico","14":"tag-ian-volner","15":"tag-jorge-gorostiza","16":"tag-urbanismo"},"yoast_head":"<!-- This site is optimized with the Yoast SEO plugin v27.5 - https:\/\/yoast.com\/product\/yoast-seo-wordpress\/ -->\n<title>La ciudad de Barbie | Jorge Gorostiza - veredes<\/title>\n<meta name=\"description\" content=\"Toda la informaci\u00f3n sobre: La ciudad de Barbie | Jorge Gorostiza\" \/>\n<meta name=\"robots\" content=\"index, follow, max-snippet:-1, max-image-preview:large, max-video-preview:-1\" \/>\n<link rel=\"canonical\" href=\"https:\/\/veredes.es\/blog\/la-ciudad-de-barbie-jorge-gorostiza\/\" \/>\n<meta property=\"og:locale\" content=\"es_ES\" \/>\n<meta property=\"og:type\" content=\"article\" \/>\n<meta property=\"og:title\" content=\"La ciudad de Barbie | Jorge Gorostiza - veredes\" \/>\n<meta property=\"og:description\" content=\"Toda la informaci\u00f3n sobre: La ciudad de Barbie | Jorge Gorostiza\" \/>\n<meta property=\"og:url\" content=\"https:\/\/veredes.es\/blog\/la-ciudad-de-barbie-jorge-gorostiza\/\" \/>\n<meta property=\"og:site_name\" content=\"veredes, arquitectura y divulgaci\u00f3n\" \/>\n<meta property=\"article:publisher\" content=\"https:\/\/www.facebook.com\/veredesArquitecturayDivulgacion\/\" \/>\n<meta property=\"article:author\" content=\"https:\/\/www.facebook.com\/gorostiza\" \/>\n<meta property=\"article:published_time\" content=\"2024-01-04T23:01:41+00:00\" \/>\n<meta property=\"article:modified_time\" content=\"2024-01-05T08:56:13+00:00\" \/>\n<meta property=\"og:image\" content=\"https:\/\/veredes.es\/blog\/wp-content\/uploads\/2023\/11\/La-ciudad-de-Barbie-Jorge-Gorostiza-Barbie-film.jpg\" \/>\n\t<meta property=\"og:image:width\" content=\"448\" \/>\n\t<meta property=\"og:image:height\" content=\"252\" \/>\n\t<meta property=\"og:image:type\" content=\"image\/jpeg\" \/>\n<meta name=\"author\" content=\"Jorge Gorostiza\" \/>\n<meta name=\"twitter:card\" content=\"summary_large_image\" \/>\n<meta name=\"twitter:creator\" content=\"@https:\/\/twitter.com\/jorgegorostiza\" \/>\n<meta name=\"twitter:site\" content=\"@veredes\" \/>\n<meta name=\"twitter:label1\" content=\"Escrito por\" \/>\n\t<meta name=\"twitter:data1\" content=\"Jorge Gorostiza\" \/>\n\t<meta name=\"twitter:label2\" content=\"Tiempo de lectura\" \/>\n\t<meta name=\"twitter:data2\" content=\"4 minutos\" \/>\n<script type=\"application\/ld+json\" class=\"yoast-schema-graph\">{\"@context\":\"https:\\\/\\\/schema.org\",\"@graph\":[{\"@type\":\"Article\",\"@id\":\"https:\\\/\\\/veredes.es\\\/blog\\\/la-ciudad-de-barbie-jorge-gorostiza\\\/#article\",\"isPartOf\":{\"@id\":\"https:\\\/\\\/veredes.es\\\/blog\\\/la-ciudad-de-barbie-jorge-gorostiza\\\/\"},\"author\":{\"name\":\"Jorge Gorostiza\",\"@id\":\"https:\\\/\\\/veredes.es\\\/blog\\\/#\\\/schema\\\/person\\\/3f2d8efdf175df3cfcfa51a2b06cc527\"},\"headline\":\"La ciudad de Barbie | Jorge Gorostiza\",\"datePublished\":\"2024-01-04T23:01:41+00:00\",\"dateModified\":\"2024-01-05T08:56:13+00:00\",\"mainEntityOfPage\":{\"@id\":\"https:\\\/\\\/veredes.es\\\/blog\\\/la-ciudad-de-barbie-jorge-gorostiza\\\/\"},\"wordCount\":647,\"commentCount\":0,\"publisher\":{\"@id\":\"https:\\\/\\\/veredes.es\\\/blog\\\/#organization\"},\"image\":{\"@id\":\"https:\\\/\\\/veredes.es\\\/blog\\\/la-ciudad-de-barbie-jorge-gorostiza\\\/#primaryimage\"},\"thumbnailUrl\":\"https:\\\/\\\/veredes.es\\\/blog\\\/wp-content\\\/uploads\\\/2023\\\/11\\\/La-ciudad-de-Barbie-Jorge-Gorostiza-Barbie-film.jpg\",\"keywords\":[\"Beatriz Colomina\",\"cine\",\"dise\u00f1o de mobiliario\",\"dise\u00f1o dom\u00e9stico\",\"Ian Volner\",\"Jorge Gorostiza\",\"urbanismo\"],\"articleSection\":[\"capturas\",\"cine\",\"slider principal\"],\"inLanguage\":\"es\",\"potentialAction\":[{\"@type\":\"CommentAction\",\"name\":\"Comment\",\"target\":[\"https:\\\/\\\/veredes.es\\\/blog\\\/la-ciudad-de-barbie-jorge-gorostiza\\\/#respond\"]}]},{\"@type\":\"WebPage\",\"@id\":\"https:\\\/\\\/veredes.es\\\/blog\\\/la-ciudad-de-barbie-jorge-gorostiza\\\/\",\"url\":\"https:\\\/\\\/veredes.es\\\/blog\\\/la-ciudad-de-barbie-jorge-gorostiza\\\/\",\"name\":\"La ciudad de Barbie | Jorge Gorostiza - veredes\",\"isPartOf\":{\"@id\":\"https:\\\/\\\/veredes.es\\\/blog\\\/#website\"},\"primaryImageOfPage\":{\"@id\":\"https:\\\/\\\/veredes.es\\\/blog\\\/la-ciudad-de-barbie-jorge-gorostiza\\\/#primaryimage\"},\"image\":{\"@id\":\"https:\\\/\\\/veredes.es\\\/blog\\\/la-ciudad-de-barbie-jorge-gorostiza\\\/#primaryimage\"},\"thumbnailUrl\":\"https:\\\/\\\/veredes.es\\\/blog\\\/wp-content\\\/uploads\\\/2023\\\/11\\\/La-ciudad-de-Barbie-Jorge-Gorostiza-Barbie-film.jpg\",\"datePublished\":\"2024-01-04T23:01:41+00:00\",\"dateModified\":\"2024-01-05T08:56:13+00:00\",\"description\":\"Toda la informaci\u00f3n sobre: La ciudad de Barbie | Jorge Gorostiza\",\"breadcrumb\":{\"@id\":\"https:\\\/\\\/veredes.es\\\/blog\\\/la-ciudad-de-barbie-jorge-gorostiza\\\/#breadcrumb\"},\"inLanguage\":\"es\",\"potentialAction\":[{\"@type\":\"ReadAction\",\"target\":[\"https:\\\/\\\/veredes.es\\\/blog\\\/la-ciudad-de-barbie-jorge-gorostiza\\\/\"]}]},{\"@type\":\"ImageObject\",\"inLanguage\":\"es\",\"@id\":\"https:\\\/\\\/veredes.es\\\/blog\\\/la-ciudad-de-barbie-jorge-gorostiza\\\/#primaryimage\",\"url\":\"https:\\\/\\\/veredes.es\\\/blog\\\/wp-content\\\/uploads\\\/2023\\\/11\\\/La-ciudad-de-Barbie-Jorge-Gorostiza-Barbie-film.jpg\",\"contentUrl\":\"https:\\\/\\\/veredes.es\\\/blog\\\/wp-content\\\/uploads\\\/2023\\\/11\\\/La-ciudad-de-Barbie-Jorge-Gorostiza-Barbie-film.jpg\",\"width\":448,\"height\":252,\"caption\":\"La ciudad de Barbie Jorge Gorostiza Barbie film\"},{\"@type\":\"BreadcrumbList\",\"@id\":\"https:\\\/\\\/veredes.es\\\/blog\\\/la-ciudad-de-barbie-jorge-gorostiza\\\/#breadcrumb\",\"itemListElement\":[{\"@type\":\"ListItem\",\"position\":1,\"name\":\"Portada\",\"item\":\"https:\\\/\\\/veredes.es\\\/blog\\\/\"},{\"@type\":\"ListItem\",\"position\":2,\"name\":\"La ciudad de Barbie | Jorge Gorostiza\"}]},{\"@type\":\"WebSite\",\"@id\":\"https:\\\/\\\/veredes.es\\\/blog\\\/#website\",\"url\":\"https:\\\/\\\/veredes.es\\\/blog\\\/\",\"name\":\"veredes, arquitectura y divulgaci\u00f3n\",\"description\":\"veredes\",\"publisher\":{\"@id\":\"https:\\\/\\\/veredes.es\\\/blog\\\/#organization\"},\"alternateName\":\"veredes\",\"potentialAction\":[{\"@type\":\"SearchAction\",\"target\":{\"@type\":\"EntryPoint\",\"urlTemplate\":\"https:\\\/\\\/veredes.es\\\/blog\\\/?s={search_term_string}\"},\"query-input\":{\"@type\":\"PropertyValueSpecification\",\"valueRequired\":true,\"valueName\":\"search_term_string\"}}],\"inLanguage\":\"es\"},{\"@type\":\"Organization\",\"@id\":\"https:\\\/\\\/veredes.es\\\/blog\\\/#organization\",\"name\":\"veredes, arquitectura y divulgaci\u00f3n\",\"alternateName\":\"veredes\",\"url\":\"https:\\\/\\\/veredes.es\\\/blog\\\/\",\"logo\":{\"@type\":\"ImageObject\",\"inLanguage\":\"es\",\"@id\":\"https:\\\/\\\/veredes.es\\\/blog\\\/#\\\/schema\\\/logo\\\/image\\\/\",\"url\":\"https:\\\/\\\/veredes.es\\\/blog\\\/wp-content\\\/uploads\\\/2021\\\/12\\\/veredes-logo-centrado_140x54.png\",\"contentUrl\":\"https:\\\/\\\/veredes.es\\\/blog\\\/wp-content\\\/uploads\\\/2021\\\/12\\\/veredes-logo-centrado_140x54.png\",\"width\":140,\"height\":54,\"caption\":\"veredes, arquitectura y divulgaci\u00f3n\"},\"image\":{\"@id\":\"https:\\\/\\\/veredes.es\\\/blog\\\/#\\\/schema\\\/logo\\\/image\\\/\"},\"sameAs\":[\"https:\\\/\\\/www.facebook.com\\\/veredesArquitecturayDivulgacion\\\/\",\"https:\\\/\\\/x.com\\\/veredes\",\"https:\\\/\\\/instagram.com\\\/veredes\\\/\",\"https:\\\/\\\/www.linkedin.com\\\/company\\\/veredes-arquitectura-y-divulgacion\\\/\",\"https:\\\/\\\/es.pinterest.com\\\/veredes\\\/\",\"https:\\\/\\\/www.tumblr.com\\\/veredes\"]},{\"@type\":\"Person\",\"@id\":\"https:\\\/\\\/veredes.es\\\/blog\\\/#\\\/schema\\\/person\\\/3f2d8efdf175df3cfcfa51a2b06cc527\",\"name\":\"Jorge Gorostiza\",\"image\":{\"@type\":\"ImageObject\",\"inLanguage\":\"es\",\"@id\":\"https:\\\/\\\/veredes.es\\\/blog\\\/wp-content\\\/uploads\\\/2018\\\/04\\\/jorge-gorostiza-96x96.jpg\",\"url\":\"https:\\\/\\\/veredes.es\\\/blog\\\/wp-content\\\/uploads\\\/2018\\\/04\\\/jorge-gorostiza-96x96.jpg\",\"contentUrl\":\"https:\\\/\\\/veredes.es\\\/blog\\\/wp-content\\\/uploads\\\/2018\\\/04\\\/jorge-gorostiza-96x96.jpg\",\"caption\":\"Jorge Gorostiza\"},\"description\":\"Doctor arquitecto por la UPM, 2015. He publicado bastantes libros y muchos art\u00edculos, he impartido conferencias, he sido comisario de exposiciones y jurado en much\u00edsmos festivales. Si quieren saber m\u00e1s no duden en consultar mi blog ARQUITECTURA + CINE + CIUDAD. En este blog se ir\u00e1n recogiendo art\u00edculos y textos dispersos por la Web, as\u00ed como otros publicados y libres de derechos, que traten sobre Cine, Arquitectura y Ciudad. As\u00ed quienes est\u00e9n interesados por las relaciones entre la ficci\u00f3n y la realidad, podr\u00e1n tener m\u00e1s argumentos para profundizar en esas relaciones. No es un blog en el que se vayan a hacer comentarios sobre las vivencias personales de su responsable, que adem\u00e1s a nadie interesan. Por supuesto que est\u00e1 abierto a cualquiera que le gusten estos temas, sirviendo como foro de debate y como lugar donde todos podamos aprender con las ideas de los dem\u00e1s.\",\"sameAs\":[\"http:\\\/\\\/cinearquitecturaciudad.blogspot.com.es\\\/\",\"https:\\\/\\\/www.facebook.com\\\/gorostiza\",\"https:\\\/\\\/www.instagram.com\\\/jorge.gorostiza\\\/\",\"https:\\\/\\\/www.linkedin.com\\\/in\\\/jorge-gorostiza-022a6a13\\\/\",\"https:\\\/\\\/x.com\\\/https:\\\/\\\/twitter.com\\\/jorgegorostiza\"],\"url\":\"https:\\\/\\\/veredes.es\\\/blog\\\/author\\\/jorge-gorostiza\\\/\"}]}<\/script>\n<!-- \/ Yoast SEO plugin. -->","yoast_head_json":{"title":"La ciudad de Barbie | Jorge Gorostiza - veredes","description":"Toda la informaci\u00f3n sobre: La ciudad de Barbie | Jorge Gorostiza","robots":{"index":"index","follow":"follow","max-snippet":"max-snippet:-1","max-image-preview":"max-image-preview:large","max-video-preview":"max-video-preview:-1"},"canonical":"https:\/\/veredes.es\/blog\/la-ciudad-de-barbie-jorge-gorostiza\/","og_locale":"es_ES","og_type":"article","og_title":"La ciudad de Barbie | Jorge Gorostiza - veredes","og_description":"Toda la informaci\u00f3n sobre: La ciudad de Barbie | Jorge Gorostiza","og_url":"https:\/\/veredes.es\/blog\/la-ciudad-de-barbie-jorge-gorostiza\/","og_site_name":"veredes, arquitectura y divulgaci\u00f3n","article_publisher":"https:\/\/www.facebook.com\/veredesArquitecturayDivulgacion\/","article_author":"https:\/\/www.facebook.com\/gorostiza","article_published_time":"2024-01-04T23:01:41+00:00","article_modified_time":"2024-01-05T08:56:13+00:00","og_image":[{"width":448,"height":252,"url":"https:\/\/veredes.es\/blog\/wp-content\/uploads\/2023\/11\/La-ciudad-de-Barbie-Jorge-Gorostiza-Barbie-film.jpg","type":"image\/jpeg"}],"author":"Jorge Gorostiza","twitter_card":"summary_large_image","twitter_creator":"@https:\/\/twitter.com\/jorgegorostiza","twitter_site":"@veredes","twitter_misc":{"Escrito por":"Jorge Gorostiza","Tiempo de lectura":"4 minutos"},"schema":{"@context":"https:\/\/schema.org","@graph":[{"@type":"Article","@id":"https:\/\/veredes.es\/blog\/la-ciudad-de-barbie-jorge-gorostiza\/#article","isPartOf":{"@id":"https:\/\/veredes.es\/blog\/la-ciudad-de-barbie-jorge-gorostiza\/"},"author":{"name":"Jorge Gorostiza","@id":"https:\/\/veredes.es\/blog\/#\/schema\/person\/3f2d8efdf175df3cfcfa51a2b06cc527"},"headline":"La ciudad de Barbie | Jorge Gorostiza","datePublished":"2024-01-04T23:01:41+00:00","dateModified":"2024-01-05T08:56:13+00:00","mainEntityOfPage":{"@id":"https:\/\/veredes.es\/blog\/la-ciudad-de-barbie-jorge-gorostiza\/"},"wordCount":647,"commentCount":0,"publisher":{"@id":"https:\/\/veredes.es\/blog\/#organization"},"image":{"@id":"https:\/\/veredes.es\/blog\/la-ciudad-de-barbie-jorge-gorostiza\/#primaryimage"},"thumbnailUrl":"https:\/\/veredes.es\/blog\/wp-content\/uploads\/2023\/11\/La-ciudad-de-Barbie-Jorge-Gorostiza-Barbie-film.jpg","keywords":["Beatriz Colomina","cine","dise\u00f1o de mobiliario","dise\u00f1o dom\u00e9stico","Ian Volner","Jorge Gorostiza","urbanismo"],"articleSection":["capturas","cine","slider principal"],"inLanguage":"es","potentialAction":[{"@type":"CommentAction","name":"Comment","target":["https:\/\/veredes.es\/blog\/la-ciudad-de-barbie-jorge-gorostiza\/#respond"]}]},{"@type":"WebPage","@id":"https:\/\/veredes.es\/blog\/la-ciudad-de-barbie-jorge-gorostiza\/","url":"https:\/\/veredes.es\/blog\/la-ciudad-de-barbie-jorge-gorostiza\/","name":"La ciudad de Barbie | Jorge Gorostiza - veredes","isPartOf":{"@id":"https:\/\/veredes.es\/blog\/#website"},"primaryImageOfPage":{"@id":"https:\/\/veredes.es\/blog\/la-ciudad-de-barbie-jorge-gorostiza\/#primaryimage"},"image":{"@id":"https:\/\/veredes.es\/blog\/la-ciudad-de-barbie-jorge-gorostiza\/#primaryimage"},"thumbnailUrl":"https:\/\/veredes.es\/blog\/wp-content\/uploads\/2023\/11\/La-ciudad-de-Barbie-Jorge-Gorostiza-Barbie-film.jpg","datePublished":"2024-01-04T23:01:41+00:00","dateModified":"2024-01-05T08:56:13+00:00","description":"Toda la informaci\u00f3n sobre: La ciudad de Barbie | Jorge Gorostiza","breadcrumb":{"@id":"https:\/\/veredes.es\/blog\/la-ciudad-de-barbie-jorge-gorostiza\/#breadcrumb"},"inLanguage":"es","potentialAction":[{"@type":"ReadAction","target":["https:\/\/veredes.es\/blog\/la-ciudad-de-barbie-jorge-gorostiza\/"]}]},{"@type":"ImageObject","inLanguage":"es","@id":"https:\/\/veredes.es\/blog\/la-ciudad-de-barbie-jorge-gorostiza\/#primaryimage","url":"https:\/\/veredes.es\/blog\/wp-content\/uploads\/2023\/11\/La-ciudad-de-Barbie-Jorge-Gorostiza-Barbie-film.jpg","contentUrl":"https:\/\/veredes.es\/blog\/wp-content\/uploads\/2023\/11\/La-ciudad-de-Barbie-Jorge-Gorostiza-Barbie-film.jpg","width":448,"height":252,"caption":"La ciudad de Barbie Jorge Gorostiza Barbie film"},{"@type":"BreadcrumbList","@id":"https:\/\/veredes.es\/blog\/la-ciudad-de-barbie-jorge-gorostiza\/#breadcrumb","itemListElement":[{"@type":"ListItem","position":1,"name":"Portada","item":"https:\/\/veredes.es\/blog\/"},{"@type":"ListItem","position":2,"name":"La ciudad de Barbie | Jorge Gorostiza"}]},{"@type":"WebSite","@id":"https:\/\/veredes.es\/blog\/#website","url":"https:\/\/veredes.es\/blog\/","name":"veredes, arquitectura y divulgaci\u00f3n","description":"veredes","publisher":{"@id":"https:\/\/veredes.es\/blog\/#organization"},"alternateName":"veredes","potentialAction":[{"@type":"SearchAction","target":{"@type":"EntryPoint","urlTemplate":"https:\/\/veredes.es\/blog\/?s={search_term_string}"},"query-input":{"@type":"PropertyValueSpecification","valueRequired":true,"valueName":"search_term_string"}}],"inLanguage":"es"},{"@type":"Organization","@id":"https:\/\/veredes.es\/blog\/#organization","name":"veredes, arquitectura y divulgaci\u00f3n","alternateName":"veredes","url":"https:\/\/veredes.es\/blog\/","logo":{"@type":"ImageObject","inLanguage":"es","@id":"https:\/\/veredes.es\/blog\/#\/schema\/logo\/image\/","url":"https:\/\/veredes.es\/blog\/wp-content\/uploads\/2021\/12\/veredes-logo-centrado_140x54.png","contentUrl":"https:\/\/veredes.es\/blog\/wp-content\/uploads\/2021\/12\/veredes-logo-centrado_140x54.png","width":140,"height":54,"caption":"veredes, arquitectura y divulgaci\u00f3n"},"image":{"@id":"https:\/\/veredes.es\/blog\/#\/schema\/logo\/image\/"},"sameAs":["https:\/\/www.facebook.com\/veredesArquitecturayDivulgacion\/","https:\/\/x.com\/veredes","https:\/\/instagram.com\/veredes\/","https:\/\/www.linkedin.com\/company\/veredes-arquitectura-y-divulgacion\/","https:\/\/es.pinterest.com\/veredes\/","https:\/\/www.tumblr.com\/veredes"]},{"@type":"Person","@id":"https:\/\/veredes.es\/blog\/#\/schema\/person\/3f2d8efdf175df3cfcfa51a2b06cc527","name":"Jorge Gorostiza","image":{"@type":"ImageObject","inLanguage":"es","@id":"https:\/\/veredes.es\/blog\/wp-content\/uploads\/2018\/04\/jorge-gorostiza-96x96.jpg","url":"https:\/\/veredes.es\/blog\/wp-content\/uploads\/2018\/04\/jorge-gorostiza-96x96.jpg","contentUrl":"https:\/\/veredes.es\/blog\/wp-content\/uploads\/2018\/04\/jorge-gorostiza-96x96.jpg","caption":"Jorge Gorostiza"},"description":"Doctor arquitecto por la UPM, 2015. He publicado bastantes libros y muchos art\u00edculos, he impartido conferencias, he sido comisario de exposiciones y jurado en much\u00edsmos festivales. Si quieren saber m\u00e1s no duden en consultar mi blog ARQUITECTURA + CINE + CIUDAD. En este blog se ir\u00e1n recogiendo art\u00edculos y textos dispersos por la Web, as\u00ed como otros publicados y libres de derechos, que traten sobre Cine, Arquitectura y Ciudad. As\u00ed quienes est\u00e9n interesados por las relaciones entre la ficci\u00f3n y la realidad, podr\u00e1n tener m\u00e1s argumentos para profundizar en esas relaciones. No es un blog en el que se vayan a hacer comentarios sobre las vivencias personales de su responsable, que adem\u00e1s a nadie interesan. Por supuesto que est\u00e1 abierto a cualquiera que le gusten estos temas, sirviendo como foro de debate y como lugar donde todos podamos aprender con las ideas de los dem\u00e1s.","sameAs":["http:\/\/cinearquitecturaciudad.blogspot.com.es\/","https:\/\/www.facebook.com\/gorostiza","https:\/\/www.instagram.com\/jorge.gorostiza\/","https:\/\/www.linkedin.com\/in\/jorge-gorostiza-022a6a13\/","https:\/\/x.com\/https:\/\/twitter.com\/jorgegorostiza"],"url":"https:\/\/veredes.es\/blog\/author\/jorge-gorostiza\/"}]}},"_links":{"self":[{"href":"https:\/\/veredes.es\/blog\/wp-json\/wp\/v2\/posts\/95897","targetHints":{"allow":["GET"]}}],"collection":[{"href":"https:\/\/veredes.es\/blog\/wp-json\/wp\/v2\/posts"}],"about":[{"href":"https:\/\/veredes.es\/blog\/wp-json\/wp\/v2\/types\/post"}],"author":[{"embeddable":true,"href":"https:\/\/veredes.es\/blog\/wp-json\/wp\/v2\/users\/34"}],"replies":[{"embeddable":true,"href":"https:\/\/veredes.es\/blog\/wp-json\/wp\/v2\/comments?post=95897"}],"version-history":[{"count":0,"href":"https:\/\/veredes.es\/blog\/wp-json\/wp\/v2\/posts\/95897\/revisions"}],"wp:featuredmedia":[{"embeddable":true,"href":"https:\/\/veredes.es\/blog\/wp-json\/wp\/v2\/media\/95899"}],"wp:attachment":[{"href":"https:\/\/veredes.es\/blog\/wp-json\/wp\/v2\/media?parent=95897"}],"wp:term":[{"taxonomy":"category","embeddable":true,"href":"https:\/\/veredes.es\/blog\/wp-json\/wp\/v2\/categories?post=95897"},{"taxonomy":"post_tag","embeddable":true,"href":"https:\/\/veredes.es\/blog\/wp-json\/wp\/v2\/tags?post=95897"}],"curies":[{"name":"wp","href":"https:\/\/api.w.org\/{rel}","templated":true}]}}