{"id":95725,"date":"2023-11-09T00:01:35","date_gmt":"2023-11-08T23:01:35","guid":{"rendered":"https:\/\/veredes.es\/blog\/?p=95725"},"modified":"2023-11-18T17:27:59","modified_gmt":"2023-11-18T16:27:59","slug":"koolhaas-autoeditado-del-delirio-a-los-elementos","status":"publish","type":"post","link":"https:\/\/veredes.es\/blog\/koolhaas-autoeditado-del-delirio-a-los-elementos\/","title":{"rendered":"Koolhaas (auto)editado. Del delirio a los elementos"},"content":{"rendered":"<figure id=\"attachment_95885\" aria-describedby=\"caption-attachment-95885\" style=\"width: 874px\" class=\"wp-caption alignnone\"><img loading=\"lazy\" decoding=\"async\" class=\"wp-image-95885 size-full\" title=\"Koolhaas (auto)editado. Del delirio a los elementos Bel\u00e9n Butrague\u00f1o\" src=\"https:\/\/veredes.es\/blog\/wp-content\/uploads\/2023\/11\/Koolhaas-autoeditado.-Del-delirio-a-los-elementos-Belen-Butragueno.jpg\" alt=\"Koolhaas (auto)editado. Del delirio a los elementos Bel\u00e9n Butrague\u00f1o\" width=\"874\" height=\"1079\" srcset=\"https:\/\/veredes.es\/blog\/wp-content\/uploads\/2023\/11\/Koolhaas-autoeditado.-Del-delirio-a-los-elementos-Belen-Butragueno.jpg 874w, https:\/\/veredes.es\/blog\/wp-content\/uploads\/2023\/11\/Koolhaas-autoeditado.-Del-delirio-a-los-elementos-Belen-Butragueno-243x300.jpg 243w, https:\/\/veredes.es\/blog\/wp-content\/uploads\/2023\/11\/Koolhaas-autoeditado.-Del-delirio-a-los-elementos-Belen-Butragueno-829x1024.jpg 829w, https:\/\/veredes.es\/blog\/wp-content\/uploads\/2023\/11\/Koolhaas-autoeditado.-Del-delirio-a-los-elementos-Belen-Butragueno-324x400.jpg 324w, https:\/\/veredes.es\/blog\/wp-content\/uploads\/2023\/11\/Koolhaas-autoeditado.-Del-delirio-a-los-elementos-Belen-Butragueno-696x859.jpg 696w\" sizes=\"auto, (max-width: 874px) 100vw, 874px\" \/><figcaption id=\"caption-attachment-95885\" class=\"wp-caption-text\"><span style=\"color: #999999;\">Koolhaas (auto)editado. Del delirio a los elementos | Bel\u00e9n Butrague\u00f1o<\/span><\/figcaption><\/figure>\n<p style=\"text-align: justify;\">Si hay un arquitecto que, en los \u00faltimos a\u00f1os, ha sabido desarrollar el binomio\u00a0<i>creaci\u00f3n-comunicaci\u00f3n<\/i>\u00a0es, sin duda, <a href=\"https:\/\/veredes.es\/blog\/tag\/rem-koolhaas\/\" target=\"_blank\" rel=\"noopener\">Rem Koolhaas<\/a>. El holand\u00e9s navega como pocos entre la teor\u00eda y la pr\u00e1ctica arquitect\u00f3nica, con un sentido cr\u00edtico excepcional y un enfoque brillante en el desarrollo de la comunicaci\u00f3n, marcando con sus propuestas el devenir arquitect\u00f3nico de este siglo.<span class=\"Apple-converted-space\">\u00a0<\/span><\/p>\n<p class=\"p2\" style=\"text-align: justify;\"><strong><i>Koolhaas (auto)editado. Del delirio a los elementos<\/i>,<\/strong> pretende estudiar la comunicaci\u00f3n como un acto de creaci\u00f3n en s\u00ed mismo, la integraci\u00f3n del dise\u00f1o de la informaci\u00f3n desde el inicio del proceso creativo que transforma y enriquece dicho proceso. A trav\u00e9s de un an\u00e1lisis comparativo de su obra escrita m\u00e1s relevante, este libro disecciona las estrategias proyectuales por las que la comunicaci\u00f3n se convierte en determinante a nivel compositivo en el conjunto de su obra.<\/p>\n<p class=\"p2\" style=\"text-align: justify;\">Comenzando por su\u00a0<a href=\"https:\/\/veredes.es\/blog\/delirio-de-nueva-york-un-manifiesto-retroactivo-por-manhattan\/\" target=\"_blank\" rel=\"noopener\"><i>Delirio Neoyorkino<\/i><\/a>, con paradas en su monogr\u00e1fico estandarte \u2014<a href=\"https:\/\/amzn.to\/3SlwEOt\" target=\"_blank\" rel=\"noopener\"><i>S,M,L,XL<\/i><\/a>\u2014 y su monogr\u00e1fico <em>underground<\/em> \u2014<i>Content<\/i>\u2014, llegaremos a su \u00faltima revisi\u00f3n de los fundamentos en el mastod\u00f3ntica\u00a0<a href=\"https:\/\/veredes.es\/blog\/elements-of-architecture-rem-koolhaas-2\/\" target=\"_blank\" rel=\"noopener\"><i>Elements of Architecture<\/i><\/a>, la idea fundamental es dar a conocer esta serie de estrategias que pueden ser incorporadas en la pr\u00e1ctica proyectual de las nuevas generaciones de arquitectos y creadores, nacidos en la era de la sobreinformaci\u00f3n.<\/p>\n<h6 class=\"p2\" style=\"text-align: justify;\"><strong>Bel\u00e9n Butrague\u00f1o<\/strong><\/h6>\n<p class=\"p2\" style=\"text-align: justify;\">Doctora Arquitecto por la ETSAM, UPM. Combina su actividad profesional con la investigaci\u00f3n y la docencia. Comenz\u00f3 su actividad docente en la Universidad IE de Segovia; en la actualidad es Profesora Ayudante Doctor del Dpto. de Ideaci\u00f3n Gr\u00e1fica Arquitect\u00f3nica de la ETSAM, donde colabora desde 2007; ha sido profesora invitada en la Universidad Woodbury de Los Angeles y Calpoly de San Luis Obispo (California) y es Profesora de Proyectos, Dibujo Arquitect\u00f3nico e Historia de la Arquitectura en Cuesta College (California), UTA y TCC (Texas). Como investigadora, sus l\u00edneas de investigaci\u00f3n se centran en el an\u00e1lisis de los procesos de comunicaci\u00f3n, cr\u00edtica y expresi\u00f3n en la arquitectura, con atenci\u00f3n a la aplicaci\u00f3n de las nuevas tecnolog\u00edas en la docencia del dibujo arquitect\u00f3nico. Es autora de libros docentes, m\u00faltiples comunicaciones en Congresos Internacionales de prestigio en Stanford (USA), Amberes (Bruselas), Dalian (China) o Italia, as\u00ed como nacionales (EGA, JIDA, CriticAll, EURAU, Edulearn, etc.) y art\u00edculos de investigaci\u00f3n en revistas como\u00a0<i>EGA<\/i>,\u00a0<i>ZARCH<\/i>,\u00a0<i>Rev. Arte<\/i>,\u00a0<i>Individuo y Sociedad<\/i>\u00a0y\u00a0<i>Rev. de Arquitectura<\/i>, entre otras. Como arquitecta, comenz\u00f3 colaborando en estudios nacionales, como SMAO, PO2 y Soriano\/Palacios, e internacionales como MVRDV. En 2007 fund\u00f3 B2bConcept, una oficina colaborativa donde se desarrollan proyectos y concursos de arquitectura y entorno urbano.<\/p>\n<p><iframe style=\"width: 120px; height: 240px;\" src=\"\/\/rcm-eu.amazon-adsystem.com\/e\/cm?lt1=_blank&amp;bc1=000000&amp;IS2=1&amp;bg1=FFFFFF&amp;fc1=000000&amp;lc1=0000FF&amp;t=veredes-21&amp;language=es_ES&amp;o=30&amp;p=8&amp;l=as4&amp;m=amazon&amp;f=ifr&amp;ref=as_ss_li_til&amp;asins=8419050792&amp;linkId=402531a81f7eac4103741f6719a877bb\" frameborder=\"0\" marginwidth=\"0\" marginheight=\"0\" scrolling=\"no\" sandbox=\"allow-popups allow-scripts allow-modals allow-forms allow-same-origin\"><\/iframe> <iframe loading=\"lazy\" style=\"width: 120px; height: 240px;\" src=\"https:\/\/rcm-eu.amazon-adsystem.com\/e\/cm?ref=tf_til&amp;t=veredes-21&amp;m=amazon&amp;o=30&amp;p=8&amp;l=as1&amp;IS2=1&amp;asins=3836556146&amp;linkId=d990f5c8ea7a20208a0ed0fa436fea90&amp;bc1=000000&amp;lt1=_blank&amp;fc1=333333&amp;lc1=0066C0&amp;bg1=FFFFFF&amp;f=ifr\" width=\"300\" height=\"150\" frameborder=\"0\" marginwidth=\"0\" marginheight=\"0\" scrolling=\"no\"> <\/iframe>\u00a0\u00a0<iframe loading=\"lazy\" style=\"width: 120px; height: 240px;\" src=\"https:\/\/rcm-eu.amazon-adsystem.com\/e\/cm?ref=tf_til&amp;t=veredes-21&amp;m=amazon&amp;o=30&amp;p=8&amp;l=as1&amp;IS2=1&amp;asins=0415831253&amp;linkId=7cc2202542916e4bd8b22f84f1d77d44&amp;bc1=000000&amp;lt1=_blank&amp;fc1=333333&amp;lc1=0066C0&amp;bg1=FFFFFF&amp;f=ifr\" width=\"300\" height=\"150\" frameborder=\"0\" marginwidth=\"0\" marginheight=\"0\" scrolling=\"no\"> <\/iframe> <iframe loading=\"lazy\" style=\"width: 120px; height: 240px;\" src=\"https:\/\/rcm-eu.amazon-adsystem.com\/e\/cm?ref=tf_til&amp;t=veredes-21&amp;m=amazon&amp;o=30&amp;p=8&amp;l=as1&amp;IS2=1&amp;asins=8489861846&amp;linkId=585b813a20d455c567c3578fae0e3357&amp;bc1=000000&amp;lt1=_blank&amp;fc1=333333&amp;lc1=0066C0&amp;bg1=FFFFFF&amp;f=ifr\" width=\"300\" height=\"150\" frameborder=\"0\" marginwidth=\"0\" marginheight=\"0\" scrolling=\"no\"> <\/iframe> <iframe loading=\"lazy\" style=\"width: 120px; height: 240px;\" src=\"https:\/\/rcm-eu.amazon-adsystem.com\/e\/cm?ref=tf_til&amp;t=veredes-21&amp;m=amazon&amp;o=30&amp;p=8&amp;l=as1&amp;IS2=1&amp;asins=8831724347&amp;linkId=a839e33a2f5762bc4644d325c968e931&amp;bc1=000000&amp;lt1=_blank&amp;fc1=333333&amp;lc1=0066C0&amp;bg1=FFFFFF&amp;f=ifr\" width=\"300\" height=\"150\" frameborder=\"0\" marginwidth=\"0\" marginheight=\"0\" scrolling=\"no\"> <\/iframe> <iframe loading=\"lazy\" style=\"width: 120px; height: 240px;\" src=\"https:\/\/rcm-eu.amazon-adsystem.com\/e\/cm?ref=tf_til&amp;t=veredes-21&amp;m=amazon&amp;o=30&amp;p=8&amp;l=as1&amp;IS2=1&amp;asins=0649448758&amp;linkId=4ffbf01740755758883607e7c472b50e&amp;bc1=000000&amp;lt1=_blank&amp;fc1=333333&amp;lc1=0066C0&amp;bg1=FFFFFF&amp;f=ifr\" width=\"300\" height=\"150\" frameborder=\"0\" marginwidth=\"0\" marginheight=\"0\" scrolling=\"no\"> <\/iframe><\/p>\n","protected":false},"excerpt":{"rendered":"<p>Si hay un arquitecto que, en los \u00faltimos a\u00f1os, ha sabido desarrollar el binomio\u00a0creaci\u00f3n-comunicaci\u00f3n\u00a0es, sin duda, Rem Koolhaas. El holand\u00e9s navega como pocos entre la teor\u00eda y la pr\u00e1ctica arquitect\u00f3nica, con un sentido cr\u00edtico excepcional y un enfoque brillante en el desarrollo de la comunicaci\u00f3n, marcando con sus propuestas el devenir arquitect\u00f3nico de este siglo.\u00a0 [&hellip;]<\/p>\n","protected":false},"author":2,"featured_media":95885,"comment_status":"open","ping_status":"closed","sticky":false,"template":"","format":"standard","meta":{"footnotes":""},"categories":[794,26],"tags":[16784,9387,530,542,12205,1120,2173,1278,2048],"class_list":{"0":"post-95725","1":"post","2":"type-post","3":"status-publish","4":"format-standard","5":"has-post-thumbnail","7":"category-libros","8":"category-publicaciones","9":"tag-belen-butragueno","10":"tag-ediciones-asimetricas","11":"tag-estrategias","12":"tag-etsam","13":"tag-libro","14":"tag-publicacion","15":"tag-rem-koolhaas","16":"tag-teoria","17":"tag-teoria-e-historia"},"yoast_head":"<!-- This site is optimized with the Yoast SEO plugin v27.5 - https:\/\/yoast.com\/product\/yoast-seo-wordpress\/ -->\n<title>Koolhaas (auto)editado. Del delirio a los elementos - veredes<\/title>\n<meta name=\"description\" content=\"Toda la informaci\u00f3n sobre: Koolhaas (auto)editado. Del delirio a los elementos\" \/>\n<meta name=\"robots\" content=\"index, follow, max-snippet:-1, max-image-preview:large, max-video-preview:-1\" \/>\n<link rel=\"canonical\" href=\"https:\/\/veredes.es\/blog\/koolhaas-autoeditado-del-delirio-a-los-elementos\/\" \/>\n<meta property=\"og:locale\" content=\"es_ES\" \/>\n<meta property=\"og:type\" content=\"article\" \/>\n<meta property=\"og:title\" content=\"Koolhaas (auto)editado. Del delirio a los elementos - veredes\" \/>\n<meta property=\"og:description\" content=\"Toda la informaci\u00f3n sobre: Koolhaas (auto)editado. Del delirio a los elementos\" \/>\n<meta property=\"og:url\" content=\"https:\/\/veredes.es\/blog\/koolhaas-autoeditado-del-delirio-a-los-elementos\/\" \/>\n<meta property=\"og:site_name\" content=\"veredes, arquitectura y divulgaci\u00f3n\" \/>\n<meta property=\"article:publisher\" content=\"https:\/\/www.facebook.com\/veredesArquitecturayDivulgacion\/\" \/>\n<meta property=\"article:author\" content=\"https:\/\/www.facebook.com\/veredesArquitecturayDivulgacion\/\" \/>\n<meta property=\"article:published_time\" content=\"2023-11-08T23:01:35+00:00\" \/>\n<meta property=\"article:modified_time\" content=\"2023-11-18T16:27:59+00:00\" \/>\n<meta property=\"og:image\" content=\"https:\/\/veredes.es\/blog\/wp-content\/uploads\/2023\/11\/Koolhaas-autoeditado.-Del-delirio-a-los-elementos-Belen-Butragueno.jpg\" \/>\n\t<meta property=\"og:image:width\" content=\"874\" \/>\n\t<meta property=\"og:image:height\" content=\"1079\" \/>\n\t<meta property=\"og:image:type\" content=\"image\/jpeg\" \/>\n<meta name=\"author\" content=\"veredes\" \/>\n<meta name=\"twitter:card\" content=\"summary_large_image\" \/>\n<meta name=\"twitter:creator\" content=\"@https:\/\/twitter.com\/veredes\" \/>\n<meta name=\"twitter:site\" content=\"@veredes\" \/>\n<meta name=\"twitter:label1\" content=\"Escrito por\" \/>\n\t<meta name=\"twitter:data1\" content=\"veredes\" \/>\n\t<meta name=\"twitter:label2\" content=\"Tiempo de lectura\" \/>\n\t<meta name=\"twitter:data2\" content=\"3 minutos\" \/>\n<script type=\"application\/ld+json\" class=\"yoast-schema-graph\">{\"@context\":\"https:\\\/\\\/schema.org\",\"@graph\":[{\"@type\":\"Article\",\"@id\":\"https:\\\/\\\/veredes.es\\\/blog\\\/koolhaas-autoeditado-del-delirio-a-los-elementos\\\/#article\",\"isPartOf\":{\"@id\":\"https:\\\/\\\/veredes.es\\\/blog\\\/koolhaas-autoeditado-del-delirio-a-los-elementos\\\/\"},\"author\":{\"name\":\"veredes\",\"@id\":\"https:\\\/\\\/veredes.es\\\/blog\\\/#\\\/schema\\\/person\\\/0bbb669073ef7faba5168a0844e93d2c\"},\"headline\":\"Koolhaas (auto)editado. Del delirio a los elementos\",\"datePublished\":\"2023-11-08T23:01:35+00:00\",\"dateModified\":\"2023-11-18T16:27:59+00:00\",\"mainEntityOfPage\":{\"@id\":\"https:\\\/\\\/veredes.es\\\/blog\\\/koolhaas-autoeditado-del-delirio-a-los-elementos\\\/\"},\"wordCount\":479,\"commentCount\":0,\"publisher\":{\"@id\":\"https:\\\/\\\/veredes.es\\\/blog\\\/#organization\"},\"image\":{\"@id\":\"https:\\\/\\\/veredes.es\\\/blog\\\/koolhaas-autoeditado-del-delirio-a-los-elementos\\\/#primaryimage\"},\"thumbnailUrl\":\"https:\\\/\\\/veredes.es\\\/blog\\\/wp-content\\\/uploads\\\/2023\\\/11\\\/Koolhaas-autoeditado.-Del-delirio-a-los-elementos-Belen-Butragueno.jpg\",\"keywords\":[\"Bel\u00e9n Butrague\u00f1o\",\"ediciones asim\u00e9tricas\",\"estrategias\",\"ETSAM\",\"libro\",\"publicaci\u00f3n\",\"Rem Koolhaas\",\"teor\u00eda\",\"teor\u00eda e historia\"],\"articleSection\":[\"libros\",\"publicaciones\"],\"inLanguage\":\"es\",\"potentialAction\":[{\"@type\":\"CommentAction\",\"name\":\"Comment\",\"target\":[\"https:\\\/\\\/veredes.es\\\/blog\\\/koolhaas-autoeditado-del-delirio-a-los-elementos\\\/#respond\"]}]},{\"@type\":\"WebPage\",\"@id\":\"https:\\\/\\\/veredes.es\\\/blog\\\/koolhaas-autoeditado-del-delirio-a-los-elementos\\\/\",\"url\":\"https:\\\/\\\/veredes.es\\\/blog\\\/koolhaas-autoeditado-del-delirio-a-los-elementos\\\/\",\"name\":\"Koolhaas (auto)editado. Del delirio a los elementos - veredes\",\"isPartOf\":{\"@id\":\"https:\\\/\\\/veredes.es\\\/blog\\\/#website\"},\"primaryImageOfPage\":{\"@id\":\"https:\\\/\\\/veredes.es\\\/blog\\\/koolhaas-autoeditado-del-delirio-a-los-elementos\\\/#primaryimage\"},\"image\":{\"@id\":\"https:\\\/\\\/veredes.es\\\/blog\\\/koolhaas-autoeditado-del-delirio-a-los-elementos\\\/#primaryimage\"},\"thumbnailUrl\":\"https:\\\/\\\/veredes.es\\\/blog\\\/wp-content\\\/uploads\\\/2023\\\/11\\\/Koolhaas-autoeditado.-Del-delirio-a-los-elementos-Belen-Butragueno.jpg\",\"datePublished\":\"2023-11-08T23:01:35+00:00\",\"dateModified\":\"2023-11-18T16:27:59+00:00\",\"description\":\"Toda la informaci\u00f3n sobre: Koolhaas (auto)editado. Del delirio a los elementos\",\"breadcrumb\":{\"@id\":\"https:\\\/\\\/veredes.es\\\/blog\\\/koolhaas-autoeditado-del-delirio-a-los-elementos\\\/#breadcrumb\"},\"inLanguage\":\"es\",\"potentialAction\":[{\"@type\":\"ReadAction\",\"target\":[\"https:\\\/\\\/veredes.es\\\/blog\\\/koolhaas-autoeditado-del-delirio-a-los-elementos\\\/\"]}]},{\"@type\":\"ImageObject\",\"inLanguage\":\"es\",\"@id\":\"https:\\\/\\\/veredes.es\\\/blog\\\/koolhaas-autoeditado-del-delirio-a-los-elementos\\\/#primaryimage\",\"url\":\"https:\\\/\\\/veredes.es\\\/blog\\\/wp-content\\\/uploads\\\/2023\\\/11\\\/Koolhaas-autoeditado.-Del-delirio-a-los-elementos-Belen-Butragueno.jpg\",\"contentUrl\":\"https:\\\/\\\/veredes.es\\\/blog\\\/wp-content\\\/uploads\\\/2023\\\/11\\\/Koolhaas-autoeditado.-Del-delirio-a-los-elementos-Belen-Butragueno.jpg\",\"width\":874,\"height\":1079,\"caption\":\"Koolhaas (auto)editado. Del delirio a los elementos | Bel\u00e9n Butrague\u00f1o\"},{\"@type\":\"BreadcrumbList\",\"@id\":\"https:\\\/\\\/veredes.es\\\/blog\\\/koolhaas-autoeditado-del-delirio-a-los-elementos\\\/#breadcrumb\",\"itemListElement\":[{\"@type\":\"ListItem\",\"position\":1,\"name\":\"Portada\",\"item\":\"https:\\\/\\\/veredes.es\\\/blog\\\/\"},{\"@type\":\"ListItem\",\"position\":2,\"name\":\"Koolhaas (auto)editado. Del delirio a los elementos\"}]},{\"@type\":\"WebSite\",\"@id\":\"https:\\\/\\\/veredes.es\\\/blog\\\/#website\",\"url\":\"https:\\\/\\\/veredes.es\\\/blog\\\/\",\"name\":\"veredes, arquitectura y divulgaci\u00f3n\",\"description\":\"veredes\",\"publisher\":{\"@id\":\"https:\\\/\\\/veredes.es\\\/blog\\\/#organization\"},\"alternateName\":\"veredes\",\"potentialAction\":[{\"@type\":\"SearchAction\",\"target\":{\"@type\":\"EntryPoint\",\"urlTemplate\":\"https:\\\/\\\/veredes.es\\\/blog\\\/?s={search_term_string}\"},\"query-input\":{\"@type\":\"PropertyValueSpecification\",\"valueRequired\":true,\"valueName\":\"search_term_string\"}}],\"inLanguage\":\"es\"},{\"@type\":\"Organization\",\"@id\":\"https:\\\/\\\/veredes.es\\\/blog\\\/#organization\",\"name\":\"veredes, arquitectura y divulgaci\u00f3n\",\"alternateName\":\"veredes\",\"url\":\"https:\\\/\\\/veredes.es\\\/blog\\\/\",\"logo\":{\"@type\":\"ImageObject\",\"inLanguage\":\"es\",\"@id\":\"https:\\\/\\\/veredes.es\\\/blog\\\/#\\\/schema\\\/logo\\\/image\\\/\",\"url\":\"https:\\\/\\\/veredes.es\\\/blog\\\/wp-content\\\/uploads\\\/2021\\\/12\\\/veredes-logo-centrado_140x54.png\",\"contentUrl\":\"https:\\\/\\\/veredes.es\\\/blog\\\/wp-content\\\/uploads\\\/2021\\\/12\\\/veredes-logo-centrado_140x54.png\",\"width\":140,\"height\":54,\"caption\":\"veredes, arquitectura y divulgaci\u00f3n\"},\"image\":{\"@id\":\"https:\\\/\\\/veredes.es\\\/blog\\\/#\\\/schema\\\/logo\\\/image\\\/\"},\"sameAs\":[\"https:\\\/\\\/www.facebook.com\\\/veredesArquitecturayDivulgacion\\\/\",\"https:\\\/\\\/x.com\\\/veredes\",\"https:\\\/\\\/instagram.com\\\/veredes\\\/\",\"https:\\\/\\\/www.linkedin.com\\\/company\\\/veredes-arquitectura-y-divulgacion\\\/\",\"https:\\\/\\\/es.pinterest.com\\\/veredes\\\/\",\"https:\\\/\\\/www.tumblr.com\\\/veredes\"]},{\"@type\":\"Person\",\"@id\":\"https:\\\/\\\/veredes.es\\\/blog\\\/#\\\/schema\\\/person\\\/0bbb669073ef7faba5168a0844e93d2c\",\"name\":\"veredes\",\"image\":{\"@type\":\"ImageObject\",\"inLanguage\":\"es\",\"@id\":\"https:\\\/\\\/veredes.es\\\/blog\\\/wp-content\\\/uploads\\\/2018\\\/04\\\/face-96x96.jpg\",\"url\":\"https:\\\/\\\/veredes.es\\\/blog\\\/wp-content\\\/uploads\\\/2018\\\/04\\\/face-96x96.jpg\",\"contentUrl\":\"https:\\\/\\\/veredes.es\\\/blog\\\/wp-content\\\/uploads\\\/2018\\\/04\\\/face-96x96.jpg\",\"caption\":\"veredes\"},\"description\":\"Surge enero de 2009 como b\u00fasqueda de satisfacer el conocimiento de la actividad arquitect\u00f3nica y tangentes que se generan. La idea es crear un espacio para divulgar los diversos proyectos en busca de nueva inspiraci\u00f3n y de intercambio.\",\"sameAs\":[\"https:\\\/\\\/veredes.es\\\/\",\"https:\\\/\\\/www.facebook.com\\\/veredesArquitecturayDivulgacion\\\/\",\"https:\\\/\\\/www.instagram.com\\\/veredes\\\/\",\"https:\\\/\\\/www.linkedin.com\\\/company\\\/veredes-arquitectura-y-divulgacion\\\/\",\"https:\\\/\\\/www.pinterest.es\\\/veredes\\\/\",\"https:\\\/\\\/x.com\\\/https:\\\/\\\/twitter.com\\\/veredes\",\"https:\\\/\\\/veredes.tumblr.com\\\/\"],\"url\":\"https:\\\/\\\/veredes.es\\\/blog\\\/author\\\/alberto\\\/\"}]}<\/script>\n<!-- \/ Yoast SEO plugin. -->","yoast_head_json":{"title":"Koolhaas (auto)editado. Del delirio a los elementos - veredes","description":"Toda la informaci\u00f3n sobre: Koolhaas (auto)editado. Del delirio a los elementos","robots":{"index":"index","follow":"follow","max-snippet":"max-snippet:-1","max-image-preview":"max-image-preview:large","max-video-preview":"max-video-preview:-1"},"canonical":"https:\/\/veredes.es\/blog\/koolhaas-autoeditado-del-delirio-a-los-elementos\/","og_locale":"es_ES","og_type":"article","og_title":"Koolhaas (auto)editado. Del delirio a los elementos - veredes","og_description":"Toda la informaci\u00f3n sobre: Koolhaas (auto)editado. Del delirio a los elementos","og_url":"https:\/\/veredes.es\/blog\/koolhaas-autoeditado-del-delirio-a-los-elementos\/","og_site_name":"veredes, arquitectura y divulgaci\u00f3n","article_publisher":"https:\/\/www.facebook.com\/veredesArquitecturayDivulgacion\/","article_author":"https:\/\/www.facebook.com\/veredesArquitecturayDivulgacion\/","article_published_time":"2023-11-08T23:01:35+00:00","article_modified_time":"2023-11-18T16:27:59+00:00","og_image":[{"width":874,"height":1079,"url":"https:\/\/veredes.es\/blog\/wp-content\/uploads\/2023\/11\/Koolhaas-autoeditado.-Del-delirio-a-los-elementos-Belen-Butragueno.jpg","type":"image\/jpeg"}],"author":"veredes","twitter_card":"summary_large_image","twitter_creator":"@https:\/\/twitter.com\/veredes","twitter_site":"@veredes","twitter_misc":{"Escrito por":"veredes","Tiempo de lectura":"3 minutos"},"schema":{"@context":"https:\/\/schema.org","@graph":[{"@type":"Article","@id":"https:\/\/veredes.es\/blog\/koolhaas-autoeditado-del-delirio-a-los-elementos\/#article","isPartOf":{"@id":"https:\/\/veredes.es\/blog\/koolhaas-autoeditado-del-delirio-a-los-elementos\/"},"author":{"name":"veredes","@id":"https:\/\/veredes.es\/blog\/#\/schema\/person\/0bbb669073ef7faba5168a0844e93d2c"},"headline":"Koolhaas (auto)editado. Del delirio a los elementos","datePublished":"2023-11-08T23:01:35+00:00","dateModified":"2023-11-18T16:27:59+00:00","mainEntityOfPage":{"@id":"https:\/\/veredes.es\/blog\/koolhaas-autoeditado-del-delirio-a-los-elementos\/"},"wordCount":479,"commentCount":0,"publisher":{"@id":"https:\/\/veredes.es\/blog\/#organization"},"image":{"@id":"https:\/\/veredes.es\/blog\/koolhaas-autoeditado-del-delirio-a-los-elementos\/#primaryimage"},"thumbnailUrl":"https:\/\/veredes.es\/blog\/wp-content\/uploads\/2023\/11\/Koolhaas-autoeditado.-Del-delirio-a-los-elementos-Belen-Butragueno.jpg","keywords":["Bel\u00e9n Butrague\u00f1o","ediciones asim\u00e9tricas","estrategias","ETSAM","libro","publicaci\u00f3n","Rem Koolhaas","teor\u00eda","teor\u00eda e historia"],"articleSection":["libros","publicaciones"],"inLanguage":"es","potentialAction":[{"@type":"CommentAction","name":"Comment","target":["https:\/\/veredes.es\/blog\/koolhaas-autoeditado-del-delirio-a-los-elementos\/#respond"]}]},{"@type":"WebPage","@id":"https:\/\/veredes.es\/blog\/koolhaas-autoeditado-del-delirio-a-los-elementos\/","url":"https:\/\/veredes.es\/blog\/koolhaas-autoeditado-del-delirio-a-los-elementos\/","name":"Koolhaas (auto)editado. Del delirio a los elementos - veredes","isPartOf":{"@id":"https:\/\/veredes.es\/blog\/#website"},"primaryImageOfPage":{"@id":"https:\/\/veredes.es\/blog\/koolhaas-autoeditado-del-delirio-a-los-elementos\/#primaryimage"},"image":{"@id":"https:\/\/veredes.es\/blog\/koolhaas-autoeditado-del-delirio-a-los-elementos\/#primaryimage"},"thumbnailUrl":"https:\/\/veredes.es\/blog\/wp-content\/uploads\/2023\/11\/Koolhaas-autoeditado.-Del-delirio-a-los-elementos-Belen-Butragueno.jpg","datePublished":"2023-11-08T23:01:35+00:00","dateModified":"2023-11-18T16:27:59+00:00","description":"Toda la informaci\u00f3n sobre: Koolhaas (auto)editado. Del delirio a los elementos","breadcrumb":{"@id":"https:\/\/veredes.es\/blog\/koolhaas-autoeditado-del-delirio-a-los-elementos\/#breadcrumb"},"inLanguage":"es","potentialAction":[{"@type":"ReadAction","target":["https:\/\/veredes.es\/blog\/koolhaas-autoeditado-del-delirio-a-los-elementos\/"]}]},{"@type":"ImageObject","inLanguage":"es","@id":"https:\/\/veredes.es\/blog\/koolhaas-autoeditado-del-delirio-a-los-elementos\/#primaryimage","url":"https:\/\/veredes.es\/blog\/wp-content\/uploads\/2023\/11\/Koolhaas-autoeditado.-Del-delirio-a-los-elementos-Belen-Butragueno.jpg","contentUrl":"https:\/\/veredes.es\/blog\/wp-content\/uploads\/2023\/11\/Koolhaas-autoeditado.-Del-delirio-a-los-elementos-Belen-Butragueno.jpg","width":874,"height":1079,"caption":"Koolhaas (auto)editado. Del delirio a los elementos | Bel\u00e9n Butrague\u00f1o"},{"@type":"BreadcrumbList","@id":"https:\/\/veredes.es\/blog\/koolhaas-autoeditado-del-delirio-a-los-elementos\/#breadcrumb","itemListElement":[{"@type":"ListItem","position":1,"name":"Portada","item":"https:\/\/veredes.es\/blog\/"},{"@type":"ListItem","position":2,"name":"Koolhaas (auto)editado. Del delirio a los elementos"}]},{"@type":"WebSite","@id":"https:\/\/veredes.es\/blog\/#website","url":"https:\/\/veredes.es\/blog\/","name":"veredes, arquitectura y divulgaci\u00f3n","description":"veredes","publisher":{"@id":"https:\/\/veredes.es\/blog\/#organization"},"alternateName":"veredes","potentialAction":[{"@type":"SearchAction","target":{"@type":"EntryPoint","urlTemplate":"https:\/\/veredes.es\/blog\/?s={search_term_string}"},"query-input":{"@type":"PropertyValueSpecification","valueRequired":true,"valueName":"search_term_string"}}],"inLanguage":"es"},{"@type":"Organization","@id":"https:\/\/veredes.es\/blog\/#organization","name":"veredes, arquitectura y divulgaci\u00f3n","alternateName":"veredes","url":"https:\/\/veredes.es\/blog\/","logo":{"@type":"ImageObject","inLanguage":"es","@id":"https:\/\/veredes.es\/blog\/#\/schema\/logo\/image\/","url":"https:\/\/veredes.es\/blog\/wp-content\/uploads\/2021\/12\/veredes-logo-centrado_140x54.png","contentUrl":"https:\/\/veredes.es\/blog\/wp-content\/uploads\/2021\/12\/veredes-logo-centrado_140x54.png","width":140,"height":54,"caption":"veredes, arquitectura y divulgaci\u00f3n"},"image":{"@id":"https:\/\/veredes.es\/blog\/#\/schema\/logo\/image\/"},"sameAs":["https:\/\/www.facebook.com\/veredesArquitecturayDivulgacion\/","https:\/\/x.com\/veredes","https:\/\/instagram.com\/veredes\/","https:\/\/www.linkedin.com\/company\/veredes-arquitectura-y-divulgacion\/","https:\/\/es.pinterest.com\/veredes\/","https:\/\/www.tumblr.com\/veredes"]},{"@type":"Person","@id":"https:\/\/veredes.es\/blog\/#\/schema\/person\/0bbb669073ef7faba5168a0844e93d2c","name":"veredes","image":{"@type":"ImageObject","inLanguage":"es","@id":"https:\/\/veredes.es\/blog\/wp-content\/uploads\/2018\/04\/face-96x96.jpg","url":"https:\/\/veredes.es\/blog\/wp-content\/uploads\/2018\/04\/face-96x96.jpg","contentUrl":"https:\/\/veredes.es\/blog\/wp-content\/uploads\/2018\/04\/face-96x96.jpg","caption":"veredes"},"description":"Surge enero de 2009 como b\u00fasqueda de satisfacer el conocimiento de la actividad arquitect\u00f3nica y tangentes que se generan. La idea es crear un espacio para divulgar los diversos proyectos en busca de nueva inspiraci\u00f3n y de intercambio.","sameAs":["https:\/\/veredes.es\/","https:\/\/www.facebook.com\/veredesArquitecturayDivulgacion\/","https:\/\/www.instagram.com\/veredes\/","https:\/\/www.linkedin.com\/company\/veredes-arquitectura-y-divulgacion\/","https:\/\/www.pinterest.es\/veredes\/","https:\/\/x.com\/https:\/\/twitter.com\/veredes","https:\/\/veredes.tumblr.com\/"],"url":"https:\/\/veredes.es\/blog\/author\/alberto\/"}]}},"_links":{"self":[{"href":"https:\/\/veredes.es\/blog\/wp-json\/wp\/v2\/posts\/95725","targetHints":{"allow":["GET"]}}],"collection":[{"href":"https:\/\/veredes.es\/blog\/wp-json\/wp\/v2\/posts"}],"about":[{"href":"https:\/\/veredes.es\/blog\/wp-json\/wp\/v2\/types\/post"}],"author":[{"embeddable":true,"href":"https:\/\/veredes.es\/blog\/wp-json\/wp\/v2\/users\/2"}],"replies":[{"embeddable":true,"href":"https:\/\/veredes.es\/blog\/wp-json\/wp\/v2\/comments?post=95725"}],"version-history":[{"count":0,"href":"https:\/\/veredes.es\/blog\/wp-json\/wp\/v2\/posts\/95725\/revisions"}],"wp:featuredmedia":[{"embeddable":true,"href":"https:\/\/veredes.es\/blog\/wp-json\/wp\/v2\/media\/95885"}],"wp:attachment":[{"href":"https:\/\/veredes.es\/blog\/wp-json\/wp\/v2\/media?parent=95725"}],"wp:term":[{"taxonomy":"category","embeddable":true,"href":"https:\/\/veredes.es\/blog\/wp-json\/wp\/v2\/categories?post=95725"},{"taxonomy":"post_tag","embeddable":true,"href":"https:\/\/veredes.es\/blog\/wp-json\/wp\/v2\/tags?post=95725"}],"curies":[{"name":"wp","href":"https:\/\/api.w.org\/{rel}","templated":true}]}}