{"id":95598,"date":"2024-01-26T00:01:44","date_gmt":"2024-01-25T23:01:44","guid":{"rendered":"https:\/\/veredes.es\/blog\/?p=95598"},"modified":"2023-10-05T19:47:40","modified_gmt":"2023-10-05T17:47:40","slug":"ciudades-que-inspiran-xii-la-balanza-barrio-y-gobernanza-urbanistas-lat-aldo-g-facho-dede","status":"publish","type":"post","link":"https:\/\/veredes.es\/blog\/ciudades-que-inspiran-xii-la-balanza-barrio-y-gobernanza-urbanistas-lat-aldo-g-facho-dede\/","title":{"rendered":"Ciudades que inspiran (XII) La Balanza, barrio y gobernanza | Urbanistas.lat \u2013 Aldo G. Facho Dede"},"content":{"rendered":"<figure id=\"attachment_95599\" aria-describedby=\"caption-attachment-95599\" style=\"width: 1191px\" class=\"wp-caption alignnone\"><img loading=\"lazy\" decoding=\"async\" class=\"wp-image-95599 size-full\" title=\"Ciudades que inspiran (XII) La Balanza, barrio y gobernanza  Urbanistas.lat \u2013 Aldo G. Facho Dede ARQA - La Casa de los Mu\u00f1econes en el Barrio La Balanza, Comas  Fotograf\u00edas INformal.\" src=\"https:\/\/veredes.es\/blog\/wp-content\/uploads\/2023\/10\/Ciudades-que-inspiran-XII-La-Balanza-barrio-y-gobernanza-Urbanistas.lat-\u2013-Aldo-G.-Facho-Dede-ARQA-La-Casa-de-los-Munecones-en-el-Barrio-La-Balanza-Comas-Fotografias-INformal.jpg\" alt=\"Ciudades que inspiran (XII) La Balanza, barrio y gobernanza  Urbanistas.lat \u2013 Aldo G. Facho Dede ARQA - La Casa de los Mu\u00f1econes en el Barrio La Balanza, Comas  Fotograf\u00edas INformal.\" width=\"1191\" height=\"842\" srcset=\"https:\/\/veredes.es\/blog\/wp-content\/uploads\/2023\/10\/Ciudades-que-inspiran-XII-La-Balanza-barrio-y-gobernanza-Urbanistas.lat-\u2013-Aldo-G.-Facho-Dede-ARQA-La-Casa-de-los-Munecones-en-el-Barrio-La-Balanza-Comas-Fotografias-INformal.jpg 1191w, https:\/\/veredes.es\/blog\/wp-content\/uploads\/2023\/10\/Ciudades-que-inspiran-XII-La-Balanza-barrio-y-gobernanza-Urbanistas.lat-\u2013-Aldo-G.-Facho-Dede-ARQA-La-Casa-de-los-Munecones-en-el-Barrio-La-Balanza-Comas-Fotografias-INformal-300x212.jpg 300w, https:\/\/veredes.es\/blog\/wp-content\/uploads\/2023\/10\/Ciudades-que-inspiran-XII-La-Balanza-barrio-y-gobernanza-Urbanistas.lat-\u2013-Aldo-G.-Facho-Dede-ARQA-La-Casa-de-los-Munecones-en-el-Barrio-La-Balanza-Comas-Fotografias-INformal-1024x724.jpg 1024w, https:\/\/veredes.es\/blog\/wp-content\/uploads\/2023\/10\/Ciudades-que-inspiran-XII-La-Balanza-barrio-y-gobernanza-Urbanistas.lat-\u2013-Aldo-G.-Facho-Dede-ARQA-La-Casa-de-los-Munecones-en-el-Barrio-La-Balanza-Comas-Fotografias-INformal-696x492.jpg 696w, https:\/\/veredes.es\/blog\/wp-content\/uploads\/2023\/10\/Ciudades-que-inspiran-XII-La-Balanza-barrio-y-gobernanza-Urbanistas.lat-\u2013-Aldo-G.-Facho-Dede-ARQA-La-Casa-de-los-Munecones-en-el-Barrio-La-Balanza-Comas-Fotografias-INformal-1068x755.jpg 1068w\" sizes=\"auto, (max-width: 1191px) 100vw, 1191px\" \/><figcaption id=\"caption-attachment-95599\" class=\"wp-caption-text\"><span style=\"color: #999999;\">La Casa de los Mu\u00f1econes en el Barrio La Balanza, Comas \u00a9 INformal | Fuente: <a style=\"color: #999999;\" href=\"https:\/\/arqa.com\/arquitectura\/premios\/la-casa-de-los-munecones-en-el-barrio-la-balanza-comas.html\" target=\"_blank\" rel=\"noopener\">arqa.com<\/a><\/span><\/figcaption><\/figure>\n<p style=\"text-align: justify;\">\u201c<a href=\"https:\/\/veredes.es\/blog\/?s=Ciudades+que+Inspiran\" target=\"_blank\" rel=\"noopener\">Ciudades que Inspiran<\/a>\u201d es una iniciativa conjunta entre la Red Latinoamericana de Urbanistas y el Comit\u00e9 de Lectura, desde donde visitaremos diversas ciudades del Per\u00fa y Latinoam\u00e9rica a trav\u00e9s de las miradas cr\u00edticas de sus ciudadanas y ciudadanos, buscando destacar aquellos aspectos que les inspiran y apasionan.<\/p>\n<p style=\"text-align: justify;\">En el doceavo episodio del podcast vamos a hablar con <a href=\"https:\/\/veredes.es\/blog\/tag\/javier-vera-cubas\/\" target=\"_blank\" rel=\"noopener\">Javier Vera Cubas<\/a> sobre su experiencia ciudadana y profesional en el <a href=\"https:\/\/www.archdaily.pe\/pe\/773034\/foro-barrio-y-cultura-en-la-balanza-comas\" target=\"_blank\" rel=\"noopener\">barrio de La Balanza<\/a>, en el distrito lime\u00f1o de Comas, y c\u00f3mo se podr\u00eda mejorar la gobernanza de nuestras ciudades desde el fortalecimiento de las redes vecinales.<\/p>\n<p style=\"text-align: justify;\">Javier es arquitecto y urbanista egresado de la Facultad de Arquitectura, Urbanismo y Artes de la UNI, con diplomados en Urbanismo Social en la Universidad EAFIT de Medell\u00edn, y en Habitabilidad B\u00e1sica para la Inclusi\u00f3n Social en la FAUA-UNI.<\/p>\n<p><iframe title=\"Spotify Embed: 12. La Balanza, barrio y gobernanza\" style=\"border-radius: 12px\" width=\"100%\" height=\"152\" frameborder=\"0\" allowfullscreen allow=\"autoplay; clipboard-write; encrypted-media; fullscreen; picture-in-picture\" loading=\"lazy\" src=\"https:\/\/open.spotify.com\/embed\/episode\/4FGfJiKZed8U6OCoF6FEgt?go=1&#038;sp_cid=87af48ac016e28df23ef650bf4065049&#038;utm_source=oembed&#038;utm_medium=desktop\"><\/iframe><\/p>\n","protected":false},"excerpt":{"rendered":"<p>\u201cCiudades que Inspiran\u201d es una iniciativa conjunta entre la Red Latinoamericana de Urbanistas y el Comit\u00e9 de Lectura, desde donde visitaremos diversas ciudades del Per\u00fa y Latinoam\u00e9rica a trav\u00e9s de las miradas cr\u00edticas de sus ciudadanas y ciudadanos, buscando destacar aquellos aspectos que les inspiran y apasionan. En el doceavo episodio del podcast vamos a [&hellip;]<\/p>\n","protected":false},"author":6,"featured_media":95599,"comment_status":"open","ping_status":"closed","sticky":false,"template":"","format":"standard","meta":{"footnotes":""},"categories":[568,5951],"tags":[3866,5921,318,16628,16669,847,1030,6587,1286,12468,1908,6605],"class_list":{"0":"post-95598","1":"post","2":"type-post","3":"status-publish","4":"format-standard","5":"has-post-thumbnail","7":"category-faro","8":"category-slider-principal","9":"tag-aldo-facho-dede","10":"tag-arquitectura-peruana","11":"tag-ciudad","12":"tag-javier-vera-cubas","13":"tag-lucia-dammert","14":"tag-medio-rural","15":"tag-peru","16":"tag-reflexion-urbanistica","17":"tag-territorio","18":"tag-urbanismo","19":"tag-urbanismo-responsable","20":"tag-urbanismo-sostenible"},"yoast_head":"<!-- This site is optimized with the Yoast SEO plugin v27.5 - https:\/\/yoast.com\/product\/yoast-seo-wordpress\/ -->\n<title>Ciudades que inspiran (XII) La Balanza, barrio y gobernanza | Urbanistas.lat \u2013 Aldo G. Facho Dede - veredes<\/title>\n<meta name=\"description\" content=\"Toda la informaci\u00f3n sobre: Ciudades que inspiran (XII) La Balanza, barrio y gobernanza | Urbanistas.lat \u2013 Aldo G. Facho Dede\" \/>\n<meta name=\"robots\" content=\"index, follow, max-snippet:-1, max-image-preview:large, max-video-preview:-1\" \/>\n<link rel=\"canonical\" href=\"https:\/\/veredes.es\/blog\/ciudades-que-inspiran-xii-la-balanza-barrio-y-gobernanza-urbanistas-lat-aldo-g-facho-dede\/\" \/>\n<meta property=\"og:locale\" content=\"es_ES\" \/>\n<meta property=\"og:type\" content=\"article\" \/>\n<meta property=\"og:title\" content=\"Ciudades que inspiran (XII) La Balanza, barrio y gobernanza | Urbanistas.lat \u2013 Aldo G. Facho Dede - veredes\" \/>\n<meta property=\"og:description\" content=\"Toda la informaci\u00f3n sobre: Ciudades que inspiran (XII) La Balanza, barrio y gobernanza | Urbanistas.lat \u2013 Aldo G. Facho Dede\" \/>\n<meta property=\"og:url\" content=\"https:\/\/veredes.es\/blog\/ciudades-que-inspiran-xii-la-balanza-barrio-y-gobernanza-urbanistas-lat-aldo-g-facho-dede\/\" \/>\n<meta property=\"og:site_name\" content=\"veredes, arquitectura y divulgaci\u00f3n\" \/>\n<meta property=\"article:publisher\" content=\"https:\/\/www.facebook.com\/veredesArquitecturayDivulgacion\/\" \/>\n<meta property=\"article:author\" content=\"https:\/\/www.facebook.com\/aldogfd\" \/>\n<meta property=\"article:published_time\" content=\"2024-01-25T23:01:44+00:00\" \/>\n<meta property=\"og:image\" content=\"https:\/\/veredes.es\/blog\/wp-content\/uploads\/2023\/10\/Ciudades-que-inspiran-XII-La-Balanza-barrio-y-gobernanza-Urbanistas.lat-\u2013-Aldo-G.-Facho-Dede-ARQA-La-Casa-de-los-Munecones-en-el-Barrio-La-Balanza-Comas-Fotografias-INformal.jpg\" \/>\n\t<meta property=\"og:image:width\" content=\"1191\" \/>\n\t<meta property=\"og:image:height\" content=\"842\" \/>\n\t<meta property=\"og:image:type\" content=\"image\/jpeg\" \/>\n<meta name=\"author\" content=\"Aldo G. Facho Dede\" \/>\n<meta name=\"twitter:card\" content=\"summary_large_image\" \/>\n<meta name=\"twitter:creator\" content=\"@https:\/\/twitter.com\/Aldo_FD\" \/>\n<meta name=\"twitter:site\" content=\"@veredes\" \/>\n<meta name=\"twitter:label1\" content=\"Escrito por\" \/>\n\t<meta name=\"twitter:data1\" content=\"Aldo G. Facho Dede\" \/>\n\t<meta name=\"twitter:label2\" content=\"Tiempo de lectura\" \/>\n\t<meta name=\"twitter:data2\" content=\"1 minuto\" \/>\n<script type=\"application\/ld+json\" class=\"yoast-schema-graph\">{\"@context\":\"https:\\\/\\\/schema.org\",\"@graph\":[{\"@type\":\"Article\",\"@id\":\"https:\\\/\\\/veredes.es\\\/blog\\\/ciudades-que-inspiran-xii-la-balanza-barrio-y-gobernanza-urbanistas-lat-aldo-g-facho-dede\\\/#article\",\"isPartOf\":{\"@id\":\"https:\\\/\\\/veredes.es\\\/blog\\\/ciudades-que-inspiran-xii-la-balanza-barrio-y-gobernanza-urbanistas-lat-aldo-g-facho-dede\\\/\"},\"author\":{\"name\":\"Aldo G. Facho Dede\",\"@id\":\"https:\\\/\\\/veredes.es\\\/blog\\\/#\\\/schema\\\/person\\\/3cc9f8d7361e24dbbfa9a9811f917ebe\"},\"headline\":\"Ciudades que inspiran (XII) La Balanza, barrio y gobernanza | Urbanistas.lat \u2013 Aldo G. Facho Dede\",\"datePublished\":\"2024-01-25T23:01:44+00:00\",\"mainEntityOfPage\":{\"@id\":\"https:\\\/\\\/veredes.es\\\/blog\\\/ciudades-que-inspiran-xii-la-balanza-barrio-y-gobernanza-urbanistas-lat-aldo-g-facho-dede\\\/\"},\"wordCount\":210,\"commentCount\":0,\"publisher\":{\"@id\":\"https:\\\/\\\/veredes.es\\\/blog\\\/#organization\"},\"image\":{\"@id\":\"https:\\\/\\\/veredes.es\\\/blog\\\/ciudades-que-inspiran-xii-la-balanza-barrio-y-gobernanza-urbanistas-lat-aldo-g-facho-dede\\\/#primaryimage\"},\"thumbnailUrl\":\"https:\\\/\\\/veredes.es\\\/blog\\\/wp-content\\\/uploads\\\/2023\\\/10\\\/Ciudades-que-inspiran-XII-La-Balanza-barrio-y-gobernanza-Urbanistas.lat-\u2013-Aldo-G.-Facho-Dede-ARQA-La-Casa-de-los-Munecones-en-el-Barrio-La-Balanza-Comas-Fotografias-INformal.jpg\",\"keywords\":[\"Aldo Facho Dede\",\"arquitectura peruana\",\"ciudad\",\"Javier Vera Cubas\",\"Luc\u00eda Dammert\",\"medio rural\",\"Per\u00fa\",\"reflexi\u00f3n urban\u00edstica\",\"territorio\",\"urbanismo\",\"urbanismo responsable\",\"urbanismo sostenible\"],\"articleSection\":[\"faro\",\"slider principal\"],\"inLanguage\":\"es\",\"potentialAction\":[{\"@type\":\"CommentAction\",\"name\":\"Comment\",\"target\":[\"https:\\\/\\\/veredes.es\\\/blog\\\/ciudades-que-inspiran-xii-la-balanza-barrio-y-gobernanza-urbanistas-lat-aldo-g-facho-dede\\\/#respond\"]}]},{\"@type\":\"WebPage\",\"@id\":\"https:\\\/\\\/veredes.es\\\/blog\\\/ciudades-que-inspiran-xii-la-balanza-barrio-y-gobernanza-urbanistas-lat-aldo-g-facho-dede\\\/\",\"url\":\"https:\\\/\\\/veredes.es\\\/blog\\\/ciudades-que-inspiran-xii-la-balanza-barrio-y-gobernanza-urbanistas-lat-aldo-g-facho-dede\\\/\",\"name\":\"Ciudades que inspiran (XII) La Balanza, barrio y gobernanza | Urbanistas.lat \u2013 Aldo G. Facho Dede - veredes\",\"isPartOf\":{\"@id\":\"https:\\\/\\\/veredes.es\\\/blog\\\/#website\"},\"primaryImageOfPage\":{\"@id\":\"https:\\\/\\\/veredes.es\\\/blog\\\/ciudades-que-inspiran-xii-la-balanza-barrio-y-gobernanza-urbanistas-lat-aldo-g-facho-dede\\\/#primaryimage\"},\"image\":{\"@id\":\"https:\\\/\\\/veredes.es\\\/blog\\\/ciudades-que-inspiran-xii-la-balanza-barrio-y-gobernanza-urbanistas-lat-aldo-g-facho-dede\\\/#primaryimage\"},\"thumbnailUrl\":\"https:\\\/\\\/veredes.es\\\/blog\\\/wp-content\\\/uploads\\\/2023\\\/10\\\/Ciudades-que-inspiran-XII-La-Balanza-barrio-y-gobernanza-Urbanistas.lat-\u2013-Aldo-G.-Facho-Dede-ARQA-La-Casa-de-los-Munecones-en-el-Barrio-La-Balanza-Comas-Fotografias-INformal.jpg\",\"datePublished\":\"2024-01-25T23:01:44+00:00\",\"description\":\"Toda la informaci\u00f3n sobre: Ciudades que inspiran (XII) La Balanza, barrio y gobernanza | Urbanistas.lat \u2013 Aldo G. Facho Dede\",\"breadcrumb\":{\"@id\":\"https:\\\/\\\/veredes.es\\\/blog\\\/ciudades-que-inspiran-xii-la-balanza-barrio-y-gobernanza-urbanistas-lat-aldo-g-facho-dede\\\/#breadcrumb\"},\"inLanguage\":\"es\",\"potentialAction\":[{\"@type\":\"ReadAction\",\"target\":[\"https:\\\/\\\/veredes.es\\\/blog\\\/ciudades-que-inspiran-xii-la-balanza-barrio-y-gobernanza-urbanistas-lat-aldo-g-facho-dede\\\/\"]}]},{\"@type\":\"ImageObject\",\"inLanguage\":\"es\",\"@id\":\"https:\\\/\\\/veredes.es\\\/blog\\\/ciudades-que-inspiran-xii-la-balanza-barrio-y-gobernanza-urbanistas-lat-aldo-g-facho-dede\\\/#primaryimage\",\"url\":\"https:\\\/\\\/veredes.es\\\/blog\\\/wp-content\\\/uploads\\\/2023\\\/10\\\/Ciudades-que-inspiran-XII-La-Balanza-barrio-y-gobernanza-Urbanistas.lat-\u2013-Aldo-G.-Facho-Dede-ARQA-La-Casa-de-los-Munecones-en-el-Barrio-La-Balanza-Comas-Fotografias-INformal.jpg\",\"contentUrl\":\"https:\\\/\\\/veredes.es\\\/blog\\\/wp-content\\\/uploads\\\/2023\\\/10\\\/Ciudades-que-inspiran-XII-La-Balanza-barrio-y-gobernanza-Urbanistas.lat-\u2013-Aldo-G.-Facho-Dede-ARQA-La-Casa-de-los-Munecones-en-el-Barrio-La-Balanza-Comas-Fotografias-INformal.jpg\",\"width\":1191,\"height\":842,\"caption\":\"Ciudades que inspiran (XII) La Balanza, barrio y gobernanza Urbanistas.lat \u2013 Aldo G. Facho Dede ARQA - La Casa de los Mu\u00f1econes en el Barrio La Balanza, Comas Fotograf\u00edas INformal.\"},{\"@type\":\"BreadcrumbList\",\"@id\":\"https:\\\/\\\/veredes.es\\\/blog\\\/ciudades-que-inspiran-xii-la-balanza-barrio-y-gobernanza-urbanistas-lat-aldo-g-facho-dede\\\/#breadcrumb\",\"itemListElement\":[{\"@type\":\"ListItem\",\"position\":1,\"name\":\"Portada\",\"item\":\"https:\\\/\\\/veredes.es\\\/blog\\\/\"},{\"@type\":\"ListItem\",\"position\":2,\"name\":\"Ciudades que inspiran (XII) La Balanza, barrio y gobernanza | Urbanistas.lat \u2013 Aldo G. Facho Dede\"}]},{\"@type\":\"WebSite\",\"@id\":\"https:\\\/\\\/veredes.es\\\/blog\\\/#website\",\"url\":\"https:\\\/\\\/veredes.es\\\/blog\\\/\",\"name\":\"veredes, arquitectura y divulgaci\u00f3n\",\"description\":\"veredes\",\"publisher\":{\"@id\":\"https:\\\/\\\/veredes.es\\\/blog\\\/#organization\"},\"alternateName\":\"veredes\",\"potentialAction\":[{\"@type\":\"SearchAction\",\"target\":{\"@type\":\"EntryPoint\",\"urlTemplate\":\"https:\\\/\\\/veredes.es\\\/blog\\\/?s={search_term_string}\"},\"query-input\":{\"@type\":\"PropertyValueSpecification\",\"valueRequired\":true,\"valueName\":\"search_term_string\"}}],\"inLanguage\":\"es\"},{\"@type\":\"Organization\",\"@id\":\"https:\\\/\\\/veredes.es\\\/blog\\\/#organization\",\"name\":\"veredes, arquitectura y divulgaci\u00f3n\",\"alternateName\":\"veredes\",\"url\":\"https:\\\/\\\/veredes.es\\\/blog\\\/\",\"logo\":{\"@type\":\"ImageObject\",\"inLanguage\":\"es\",\"@id\":\"https:\\\/\\\/veredes.es\\\/blog\\\/#\\\/schema\\\/logo\\\/image\\\/\",\"url\":\"https:\\\/\\\/veredes.es\\\/blog\\\/wp-content\\\/uploads\\\/2021\\\/12\\\/veredes-logo-centrado_140x54.png\",\"contentUrl\":\"https:\\\/\\\/veredes.es\\\/blog\\\/wp-content\\\/uploads\\\/2021\\\/12\\\/veredes-logo-centrado_140x54.png\",\"width\":140,\"height\":54,\"caption\":\"veredes, arquitectura y divulgaci\u00f3n\"},\"image\":{\"@id\":\"https:\\\/\\\/veredes.es\\\/blog\\\/#\\\/schema\\\/logo\\\/image\\\/\"},\"sameAs\":[\"https:\\\/\\\/www.facebook.com\\\/veredesArquitecturayDivulgacion\\\/\",\"https:\\\/\\\/x.com\\\/veredes\",\"https:\\\/\\\/instagram.com\\\/veredes\\\/\",\"https:\\\/\\\/www.linkedin.com\\\/company\\\/veredes-arquitectura-y-divulgacion\\\/\",\"https:\\\/\\\/es.pinterest.com\\\/veredes\\\/\",\"https:\\\/\\\/www.tumblr.com\\\/veredes\"]},{\"@type\":\"Person\",\"@id\":\"https:\\\/\\\/veredes.es\\\/blog\\\/#\\\/schema\\\/person\\\/3cc9f8d7361e24dbbfa9a9811f917ebe\",\"name\":\"Aldo G. Facho Dede\",\"image\":{\"@type\":\"ImageObject\",\"inLanguage\":\"es\",\"@id\":\"https:\\\/\\\/veredes.es\\\/blog\\\/wp-content\\\/uploads\\\/2024\\\/05\\\/cropped-Aldo-G.-Facho-Dede-96x96.jpg\",\"url\":\"https:\\\/\\\/veredes.es\\\/blog\\\/wp-content\\\/uploads\\\/2024\\\/05\\\/cropped-Aldo-G.-Facho-Dede-96x96.jpg\",\"contentUrl\":\"https:\\\/\\\/veredes.es\\\/blog\\\/wp-content\\\/uploads\\\/2024\\\/05\\\/cropped-Aldo-G.-Facho-Dede-96x96.jpg\",\"caption\":\"Aldo G. Facho Dede\"},\"description\":\"Arquitecto urbanista asociado a FD Arquitectos y editor principal de la \u201cRed Latinoamericana de Urbanistas\u201d. Est\u00e1 convencido que nuestras ciudades se deben planificar en base a modelos estrat\u00e9gicos y adaptativos, que partan del reconocimiento de la diversidad del territorio, ambiente y culturas, y sirvan para estimular el desarrollo integral de los talentos de sus ciudadanas y ciudadanos. Aldo cuenta con m\u00e1s de veinte a\u00f1os de experiencia profesional en urbanismo, planificaci\u00f3n urbana y arquitectura en Latinoam\u00e9rica y Espa\u00f1a, principalmente en el Per\u00fa y la Argentina. Ha enfocado su labor docente en aportar a la formaci\u00f3n de arquitectos con conciencia social, sensibles con su ciudad y medio ambiente. Adem\u00e1s, en alianza con el Comit\u00e9 de Lectura, produce el podcast \u201cCiudades que Inspiran\u201d. Junto a su esposa intenta formar a sus tres hijos como personas libres y ciudadanos de bien. Arquitecto-Urbanista por la Universidad Nacional de Ingenier\u00eda (UNI-FAUA), t\u00edtulo homologado en Argentina. Magister en Desarrollo Sustentable por la Universidad de Lan\u00fas (UNLA-FLACAM, Argentina). Estudios de Doctorado en la Universidad Polit\u00e9cnica de Catalu\u00f1a (Espa\u00f1a). Experiencia profesional en Urbanismo, Planificaci\u00f3n Urbana y Arquitectura, desarrollada en las ciudades de Lima-Per\u00fa, La Plata-Argentina y Barcelona-Espa\u00f1a. Ha participado en el desarrollo de proyectos y consultor\u00edas para Per\u00fa, Argentina, Espa\u00f1a, M\u00e9xico y Brasil. Ha ganado concursos de arquitectura y dise\u00f1o urbano en Per\u00fa y Argentina. Es docente del \u00e1rea de Urbanismo de la USAT y miembro del Consejo Consultivo de la Escuela de Arquitectura de la UDEP. Es socio de FDARQ Urbanismo + Arquitectura y editor del blog HABITAR\",\"sameAs\":[\"http:\\\/\\\/urbanistas.lat\\\/\",\"https:\\\/\\\/www.facebook.com\\\/aldogfd\",\"https:\\\/\\\/www.instagram.com\\\/aldo_fd\\\/\",\"https:\\\/\\\/www.linkedin.com\\\/in\\\/aldofachodede\\\/\",\"https:\\\/\\\/x.com\\\/https:\\\/\\\/twitter.com\\\/Aldo_FD\"],\"url\":\"https:\\\/\\\/veredes.es\\\/blog\\\/author\\\/aldo-g-facho-dede\\\/\"}]}<\/script>\n<!-- \/ Yoast SEO plugin. -->","yoast_head_json":{"title":"Ciudades que inspiran (XII) La Balanza, barrio y gobernanza | Urbanistas.lat \u2013 Aldo G. Facho Dede - veredes","description":"Toda la informaci\u00f3n sobre: Ciudades que inspiran (XII) La Balanza, barrio y gobernanza | Urbanistas.lat \u2013 Aldo G. Facho Dede","robots":{"index":"index","follow":"follow","max-snippet":"max-snippet:-1","max-image-preview":"max-image-preview:large","max-video-preview":"max-video-preview:-1"},"canonical":"https:\/\/veredes.es\/blog\/ciudades-que-inspiran-xii-la-balanza-barrio-y-gobernanza-urbanistas-lat-aldo-g-facho-dede\/","og_locale":"es_ES","og_type":"article","og_title":"Ciudades que inspiran (XII) La Balanza, barrio y gobernanza | Urbanistas.lat \u2013 Aldo G. Facho Dede - veredes","og_description":"Toda la informaci\u00f3n sobre: Ciudades que inspiran (XII) La Balanza, barrio y gobernanza | Urbanistas.lat \u2013 Aldo G. Facho Dede","og_url":"https:\/\/veredes.es\/blog\/ciudades-que-inspiran-xii-la-balanza-barrio-y-gobernanza-urbanistas-lat-aldo-g-facho-dede\/","og_site_name":"veredes, arquitectura y divulgaci\u00f3n","article_publisher":"https:\/\/www.facebook.com\/veredesArquitecturayDivulgacion\/","article_author":"https:\/\/www.facebook.com\/aldogfd","article_published_time":"2024-01-25T23:01:44+00:00","og_image":[{"width":1191,"height":842,"url":"https:\/\/veredes.es\/blog\/wp-content\/uploads\/2023\/10\/Ciudades-que-inspiran-XII-La-Balanza-barrio-y-gobernanza-Urbanistas.lat-\u2013-Aldo-G.-Facho-Dede-ARQA-La-Casa-de-los-Munecones-en-el-Barrio-La-Balanza-Comas-Fotografias-INformal.jpg","type":"image\/jpeg"}],"author":"Aldo G. Facho Dede","twitter_card":"summary_large_image","twitter_creator":"@https:\/\/twitter.com\/Aldo_FD","twitter_site":"@veredes","twitter_misc":{"Escrito por":"Aldo G. Facho Dede","Tiempo de lectura":"1 minuto"},"schema":{"@context":"https:\/\/schema.org","@graph":[{"@type":"Article","@id":"https:\/\/veredes.es\/blog\/ciudades-que-inspiran-xii-la-balanza-barrio-y-gobernanza-urbanistas-lat-aldo-g-facho-dede\/#article","isPartOf":{"@id":"https:\/\/veredes.es\/blog\/ciudades-que-inspiran-xii-la-balanza-barrio-y-gobernanza-urbanistas-lat-aldo-g-facho-dede\/"},"author":{"name":"Aldo G. Facho Dede","@id":"https:\/\/veredes.es\/blog\/#\/schema\/person\/3cc9f8d7361e24dbbfa9a9811f917ebe"},"headline":"Ciudades que inspiran (XII) La Balanza, barrio y gobernanza | Urbanistas.lat \u2013 Aldo G. Facho Dede","datePublished":"2024-01-25T23:01:44+00:00","mainEntityOfPage":{"@id":"https:\/\/veredes.es\/blog\/ciudades-que-inspiran-xii-la-balanza-barrio-y-gobernanza-urbanistas-lat-aldo-g-facho-dede\/"},"wordCount":210,"commentCount":0,"publisher":{"@id":"https:\/\/veredes.es\/blog\/#organization"},"image":{"@id":"https:\/\/veredes.es\/blog\/ciudades-que-inspiran-xii-la-balanza-barrio-y-gobernanza-urbanistas-lat-aldo-g-facho-dede\/#primaryimage"},"thumbnailUrl":"https:\/\/veredes.es\/blog\/wp-content\/uploads\/2023\/10\/Ciudades-que-inspiran-XII-La-Balanza-barrio-y-gobernanza-Urbanistas.lat-\u2013-Aldo-G.-Facho-Dede-ARQA-La-Casa-de-los-Munecones-en-el-Barrio-La-Balanza-Comas-Fotografias-INformal.jpg","keywords":["Aldo Facho Dede","arquitectura peruana","ciudad","Javier Vera Cubas","Luc\u00eda Dammert","medio rural","Per\u00fa","reflexi\u00f3n urban\u00edstica","territorio","urbanismo","urbanismo responsable","urbanismo sostenible"],"articleSection":["faro","slider principal"],"inLanguage":"es","potentialAction":[{"@type":"CommentAction","name":"Comment","target":["https:\/\/veredes.es\/blog\/ciudades-que-inspiran-xii-la-balanza-barrio-y-gobernanza-urbanistas-lat-aldo-g-facho-dede\/#respond"]}]},{"@type":"WebPage","@id":"https:\/\/veredes.es\/blog\/ciudades-que-inspiran-xii-la-balanza-barrio-y-gobernanza-urbanistas-lat-aldo-g-facho-dede\/","url":"https:\/\/veredes.es\/blog\/ciudades-que-inspiran-xii-la-balanza-barrio-y-gobernanza-urbanistas-lat-aldo-g-facho-dede\/","name":"Ciudades que inspiran (XII) La Balanza, barrio y gobernanza | Urbanistas.lat \u2013 Aldo G. Facho Dede - veredes","isPartOf":{"@id":"https:\/\/veredes.es\/blog\/#website"},"primaryImageOfPage":{"@id":"https:\/\/veredes.es\/blog\/ciudades-que-inspiran-xii-la-balanza-barrio-y-gobernanza-urbanistas-lat-aldo-g-facho-dede\/#primaryimage"},"image":{"@id":"https:\/\/veredes.es\/blog\/ciudades-que-inspiran-xii-la-balanza-barrio-y-gobernanza-urbanistas-lat-aldo-g-facho-dede\/#primaryimage"},"thumbnailUrl":"https:\/\/veredes.es\/blog\/wp-content\/uploads\/2023\/10\/Ciudades-que-inspiran-XII-La-Balanza-barrio-y-gobernanza-Urbanistas.lat-\u2013-Aldo-G.-Facho-Dede-ARQA-La-Casa-de-los-Munecones-en-el-Barrio-La-Balanza-Comas-Fotografias-INformal.jpg","datePublished":"2024-01-25T23:01:44+00:00","description":"Toda la informaci\u00f3n sobre: Ciudades que inspiran (XII) La Balanza, barrio y gobernanza | Urbanistas.lat \u2013 Aldo G. Facho Dede","breadcrumb":{"@id":"https:\/\/veredes.es\/blog\/ciudades-que-inspiran-xii-la-balanza-barrio-y-gobernanza-urbanistas-lat-aldo-g-facho-dede\/#breadcrumb"},"inLanguage":"es","potentialAction":[{"@type":"ReadAction","target":["https:\/\/veredes.es\/blog\/ciudades-que-inspiran-xii-la-balanza-barrio-y-gobernanza-urbanistas-lat-aldo-g-facho-dede\/"]}]},{"@type":"ImageObject","inLanguage":"es","@id":"https:\/\/veredes.es\/blog\/ciudades-que-inspiran-xii-la-balanza-barrio-y-gobernanza-urbanistas-lat-aldo-g-facho-dede\/#primaryimage","url":"https:\/\/veredes.es\/blog\/wp-content\/uploads\/2023\/10\/Ciudades-que-inspiran-XII-La-Balanza-barrio-y-gobernanza-Urbanistas.lat-\u2013-Aldo-G.-Facho-Dede-ARQA-La-Casa-de-los-Munecones-en-el-Barrio-La-Balanza-Comas-Fotografias-INformal.jpg","contentUrl":"https:\/\/veredes.es\/blog\/wp-content\/uploads\/2023\/10\/Ciudades-que-inspiran-XII-La-Balanza-barrio-y-gobernanza-Urbanistas.lat-\u2013-Aldo-G.-Facho-Dede-ARQA-La-Casa-de-los-Munecones-en-el-Barrio-La-Balanza-Comas-Fotografias-INformal.jpg","width":1191,"height":842,"caption":"Ciudades que inspiran (XII) La Balanza, barrio y gobernanza Urbanistas.lat \u2013 Aldo G. Facho Dede ARQA - La Casa de los Mu\u00f1econes en el Barrio La Balanza, Comas Fotograf\u00edas INformal."},{"@type":"BreadcrumbList","@id":"https:\/\/veredes.es\/blog\/ciudades-que-inspiran-xii-la-balanza-barrio-y-gobernanza-urbanistas-lat-aldo-g-facho-dede\/#breadcrumb","itemListElement":[{"@type":"ListItem","position":1,"name":"Portada","item":"https:\/\/veredes.es\/blog\/"},{"@type":"ListItem","position":2,"name":"Ciudades que inspiran (XII) La Balanza, barrio y gobernanza | Urbanistas.lat \u2013 Aldo G. Facho Dede"}]},{"@type":"WebSite","@id":"https:\/\/veredes.es\/blog\/#website","url":"https:\/\/veredes.es\/blog\/","name":"veredes, arquitectura y divulgaci\u00f3n","description":"veredes","publisher":{"@id":"https:\/\/veredes.es\/blog\/#organization"},"alternateName":"veredes","potentialAction":[{"@type":"SearchAction","target":{"@type":"EntryPoint","urlTemplate":"https:\/\/veredes.es\/blog\/?s={search_term_string}"},"query-input":{"@type":"PropertyValueSpecification","valueRequired":true,"valueName":"search_term_string"}}],"inLanguage":"es"},{"@type":"Organization","@id":"https:\/\/veredes.es\/blog\/#organization","name":"veredes, arquitectura y divulgaci\u00f3n","alternateName":"veredes","url":"https:\/\/veredes.es\/blog\/","logo":{"@type":"ImageObject","inLanguage":"es","@id":"https:\/\/veredes.es\/blog\/#\/schema\/logo\/image\/","url":"https:\/\/veredes.es\/blog\/wp-content\/uploads\/2021\/12\/veredes-logo-centrado_140x54.png","contentUrl":"https:\/\/veredes.es\/blog\/wp-content\/uploads\/2021\/12\/veredes-logo-centrado_140x54.png","width":140,"height":54,"caption":"veredes, arquitectura y divulgaci\u00f3n"},"image":{"@id":"https:\/\/veredes.es\/blog\/#\/schema\/logo\/image\/"},"sameAs":["https:\/\/www.facebook.com\/veredesArquitecturayDivulgacion\/","https:\/\/x.com\/veredes","https:\/\/instagram.com\/veredes\/","https:\/\/www.linkedin.com\/company\/veredes-arquitectura-y-divulgacion\/","https:\/\/es.pinterest.com\/veredes\/","https:\/\/www.tumblr.com\/veredes"]},{"@type":"Person","@id":"https:\/\/veredes.es\/blog\/#\/schema\/person\/3cc9f8d7361e24dbbfa9a9811f917ebe","name":"Aldo G. Facho Dede","image":{"@type":"ImageObject","inLanguage":"es","@id":"https:\/\/veredes.es\/blog\/wp-content\/uploads\/2024\/05\/cropped-Aldo-G.-Facho-Dede-96x96.jpg","url":"https:\/\/veredes.es\/blog\/wp-content\/uploads\/2024\/05\/cropped-Aldo-G.-Facho-Dede-96x96.jpg","contentUrl":"https:\/\/veredes.es\/blog\/wp-content\/uploads\/2024\/05\/cropped-Aldo-G.-Facho-Dede-96x96.jpg","caption":"Aldo G. Facho Dede"},"description":"Arquitecto urbanista asociado a FD Arquitectos y editor principal de la \u201cRed Latinoamericana de Urbanistas\u201d. Est\u00e1 convencido que nuestras ciudades se deben planificar en base a modelos estrat\u00e9gicos y adaptativos, que partan del reconocimiento de la diversidad del territorio, ambiente y culturas, y sirvan para estimular el desarrollo integral de los talentos de sus ciudadanas y ciudadanos. Aldo cuenta con m\u00e1s de veinte a\u00f1os de experiencia profesional en urbanismo, planificaci\u00f3n urbana y arquitectura en Latinoam\u00e9rica y Espa\u00f1a, principalmente en el Per\u00fa y la Argentina. Ha enfocado su labor docente en aportar a la formaci\u00f3n de arquitectos con conciencia social, sensibles con su ciudad y medio ambiente. Adem\u00e1s, en alianza con el Comit\u00e9 de Lectura, produce el podcast \u201cCiudades que Inspiran\u201d. Junto a su esposa intenta formar a sus tres hijos como personas libres y ciudadanos de bien. Arquitecto-Urbanista por la Universidad Nacional de Ingenier\u00eda (UNI-FAUA), t\u00edtulo homologado en Argentina. Magister en Desarrollo Sustentable por la Universidad de Lan\u00fas (UNLA-FLACAM, Argentina). Estudios de Doctorado en la Universidad Polit\u00e9cnica de Catalu\u00f1a (Espa\u00f1a). Experiencia profesional en Urbanismo, Planificaci\u00f3n Urbana y Arquitectura, desarrollada en las ciudades de Lima-Per\u00fa, La Plata-Argentina y Barcelona-Espa\u00f1a. Ha participado en el desarrollo de proyectos y consultor\u00edas para Per\u00fa, Argentina, Espa\u00f1a, M\u00e9xico y Brasil. Ha ganado concursos de arquitectura y dise\u00f1o urbano en Per\u00fa y Argentina. Es docente del \u00e1rea de Urbanismo de la USAT y miembro del Consejo Consultivo de la Escuela de Arquitectura de la UDEP. Es socio de FDARQ Urbanismo + Arquitectura y editor del blog HABITAR","sameAs":["http:\/\/urbanistas.lat\/","https:\/\/www.facebook.com\/aldogfd","https:\/\/www.instagram.com\/aldo_fd\/","https:\/\/www.linkedin.com\/in\/aldofachodede\/","https:\/\/x.com\/https:\/\/twitter.com\/Aldo_FD"],"url":"https:\/\/veredes.es\/blog\/author\/aldo-g-facho-dede\/"}]}},"_links":{"self":[{"href":"https:\/\/veredes.es\/blog\/wp-json\/wp\/v2\/posts\/95598","targetHints":{"allow":["GET"]}}],"collection":[{"href":"https:\/\/veredes.es\/blog\/wp-json\/wp\/v2\/posts"}],"about":[{"href":"https:\/\/veredes.es\/blog\/wp-json\/wp\/v2\/types\/post"}],"author":[{"embeddable":true,"href":"https:\/\/veredes.es\/blog\/wp-json\/wp\/v2\/users\/6"}],"replies":[{"embeddable":true,"href":"https:\/\/veredes.es\/blog\/wp-json\/wp\/v2\/comments?post=95598"}],"version-history":[{"count":0,"href":"https:\/\/veredes.es\/blog\/wp-json\/wp\/v2\/posts\/95598\/revisions"}],"wp:featuredmedia":[{"embeddable":true,"href":"https:\/\/veredes.es\/blog\/wp-json\/wp\/v2\/media\/95599"}],"wp:attachment":[{"href":"https:\/\/veredes.es\/blog\/wp-json\/wp\/v2\/media?parent=95598"}],"wp:term":[{"taxonomy":"category","embeddable":true,"href":"https:\/\/veredes.es\/blog\/wp-json\/wp\/v2\/categories?post=95598"},{"taxonomy":"post_tag","embeddable":true,"href":"https:\/\/veredes.es\/blog\/wp-json\/wp\/v2\/tags?post=95598"}],"curies":[{"name":"wp","href":"https:\/\/api.w.org\/{rel}","templated":true}]}}