{"id":95361,"date":"2023-09-29T00:01:52","date_gmt":"2023-09-28T22:01:52","guid":{"rendered":"https:\/\/veredes.es\/blog\/?p=95361"},"modified":"2023-09-21T20:17:04","modified_gmt":"2023-09-21T18:17:04","slug":"ciudades-que-inspiran-viii-santiago-de-chile-y-la-vuelta-a-la-calle-urbanistas-lat-aldo-g-facho-dede","status":"publish","type":"post","link":"https:\/\/veredes.es\/blog\/ciudades-que-inspiran-viii-santiago-de-chile-y-la-vuelta-a-la-calle-urbanistas-lat-aldo-g-facho-dede\/","title":{"rendered":"Ciudades que inspiran (VIII) Santiago de Chile y la vuelta a la calle | Urbanistas.lat \u2013 Aldo G. Facho Dede"},"content":{"rendered":"<figure id=\"attachment_95362\" aria-describedby=\"caption-attachment-95362\" style=\"width: 1280px\" class=\"wp-caption alignnone\"><img loading=\"lazy\" decoding=\"async\" class=\"wp-image-95362 size-full\" title=\"Ciudades que inspiran (VIII) Santiago de Chile y la vuelta a la calle Urbanistas.lat \u2013 Aldo G. Facho Dede Pablo Garc\u00eda Salda\u00f1a\" src=\"https:\/\/veredes.es\/blog\/wp-content\/uploads\/2023\/09\/Ciudades-que-inspiran-VIII-Santiago-de-Chile-y-la-vuelta-a-la-calle-Urbanistas.lat-\u2013-Aldo-G.-Facho-Dede-Pablo-Garcia-Saldana-.jpg\" alt=\"Ciudades que inspiran (VIII) Santiago de Chile y la vuelta a la calle Urbanistas.lat \u2013 Aldo G. Facho Dede Pablo Garc\u00eda Salda\u00f1a\" width=\"1280\" height=\"853\" srcset=\"https:\/\/veredes.es\/blog\/wp-content\/uploads\/2023\/09\/Ciudades-que-inspiran-VIII-Santiago-de-Chile-y-la-vuelta-a-la-calle-Urbanistas.lat-\u2013-Aldo-G.-Facho-Dede-Pablo-Garcia-Saldana-.jpg 1280w, https:\/\/veredes.es\/blog\/wp-content\/uploads\/2023\/09\/Ciudades-que-inspiran-VIII-Santiago-de-Chile-y-la-vuelta-a-la-calle-Urbanistas.lat-\u2013-Aldo-G.-Facho-Dede-Pablo-Garcia-Saldana--300x200.jpg 300w, https:\/\/veredes.es\/blog\/wp-content\/uploads\/2023\/09\/Ciudades-que-inspiran-VIII-Santiago-de-Chile-y-la-vuelta-a-la-calle-Urbanistas.lat-\u2013-Aldo-G.-Facho-Dede-Pablo-Garcia-Saldana--1024x682.jpg 1024w, https:\/\/veredes.es\/blog\/wp-content\/uploads\/2023\/09\/Ciudades-que-inspiran-VIII-Santiago-de-Chile-y-la-vuelta-a-la-calle-Urbanistas.lat-\u2013-Aldo-G.-Facho-Dede-Pablo-Garcia-Saldana--696x464.jpg 696w, https:\/\/veredes.es\/blog\/wp-content\/uploads\/2023\/09\/Ciudades-que-inspiran-VIII-Santiago-de-Chile-y-la-vuelta-a-la-calle-Urbanistas.lat-\u2013-Aldo-G.-Facho-Dede-Pablo-Garcia-Saldana--1068x712.jpg 1068w\" sizes=\"auto, (max-width: 1280px) 100vw, 1280px\" \/><figcaption id=\"caption-attachment-95362\" class=\"wp-caption-text\"><span style=\"color: #999999;\">Ciudades que inspiran (VIII) Santiago de Chile y la vuelta a la calle Urbanistas.lat \u2013 Aldo G. Facho Dede \u00a9 Pablo Garc\u00eda Salda\u00f1a<\/span><\/figcaption><\/figure>\n<p style=\"text-align: justify;\">\u201c<a href=\"https:\/\/veredes.es\/blog\/?s=Ciudades+que+Inspiran\" target=\"_blank\" rel=\"noopener\">Ciudades que Inspiran<\/a>\u201d es una iniciativa conjunta entre la Red Latinoamericana de Urbanistas y el Comit\u00e9 de Lectura, desde donde visitaremos diversas ciudades del Per\u00fa y Latinoam\u00e9rica a trav\u00e9s de las miradas cr\u00edticas de sus ciudadanas y ciudadanos, buscando destacar aquellos aspectos que les inspiran y apasionan.<\/p>\n<p style=\"text-align: justify;\"><strong>Les presentamos el octavo episodio del podcast \u201cCiudadesQueInspiran\u201d en donde conversamos con <a href=\"https:\/\/www.nosinmujeres.com\/politologas\/1097\/lucia-dammert\/\" target=\"_blank\" rel=\"noopener\">Luc\u00eda Dammert<\/a> sobre la ciudad de Santiago de Chile,\u00a0los contrastes urbanos y sociales, y el impacto del estallido social del 2019 en la reapropiaci\u00f3n de sus espacios p\u00fablicos.<\/strong><\/p>\n<p style=\"text-align: justify;\">Luc\u00eda es soci\u00f3loga y urbanista, Doctora en Ciencia Pol\u00edtica en la Universidad de Leiden, Holanda.\u00a0 Es Profesora Titular de la Facultad de Humanidades de la Universidad de Santiago de Chile. Es entrevistada y publica constantemente art\u00edculos, libros e investigaciones sobre temas relacionados a la seguridad ciudadana y conflictividad social. Ha asesorado a m\u00faltiples gobiernos en temas relacionados con la seguridad ciudadana, entre los que destacan Chile, Argentina, Per\u00fa y M\u00e9xico.<\/p>\n<p><iframe title=\"Spotify Embed: 8. Santiago de Chile y la vuelta a la calle\" style=\"border-radius: 12px\" width=\"100%\" height=\"152\" frameborder=\"0\" allowfullscreen allow=\"autoplay; clipboard-write; encrypted-media; fullscreen; picture-in-picture\" loading=\"lazy\" src=\"https:\/\/open.spotify.com\/embed\/episode\/51uO2WkkAbvMoiZKUcFUjD?utm_source=oembed\"><\/iframe><\/p>\n","protected":false},"excerpt":{"rendered":"<p>\u201cCiudades que Inspiran\u201d es una iniciativa conjunta entre la Red Latinoamericana de Urbanistas y el Comit\u00e9 de Lectura, desde donde visitaremos diversas ciudades del Per\u00fa y Latinoam\u00e9rica a trav\u00e9s de las miradas cr\u00edticas de sus ciudadanas y ciudadanos, buscando destacar aquellos aspectos que les inspiran y apasionan. Les presentamos el octavo episodio del podcast \u201cCiudadesQueInspiran\u201d [&hellip;]<\/p>\n","protected":false},"author":6,"featured_media":95362,"comment_status":"open","ping_status":"closed","sticky":false,"template":"","format":"standard","meta":{"footnotes":""},"categories":[568,5951],"tags":[3866,5921,318,16669,847,6587,1286,12468,1908,6605],"class_list":{"0":"post-95361","1":"post","2":"type-post","3":"status-publish","4":"format-standard","5":"has-post-thumbnail","7":"category-faro","8":"category-slider-principal","9":"tag-aldo-facho-dede","10":"tag-arquitectura-peruana","11":"tag-ciudad","12":"tag-lucia-dammert","13":"tag-medio-rural","14":"tag-reflexion-urbanistica","15":"tag-territorio","16":"tag-urbanismo","17":"tag-urbanismo-responsable","18":"tag-urbanismo-sostenible"},"yoast_head":"<!-- This site is optimized with the Yoast SEO plugin v27.5 - https:\/\/yoast.com\/product\/yoast-seo-wordpress\/ -->\n<title>Ciudades que inspiran (VIII) Santiago de Chile y la vuelta a la calle | Urbanistas.lat \u2013 Aldo G. Facho Dede - veredes<\/title>\n<meta name=\"description\" content=\"Toda la informaci\u00f3n sobre: Ciudades que inspiran (VIII) Santiago de Chile y la vuelta a la calle | Urbanistas.lat \u2013 Aldo G. Facho Dede\" \/>\n<meta name=\"robots\" content=\"index, follow, max-snippet:-1, max-image-preview:large, max-video-preview:-1\" \/>\n<link rel=\"canonical\" href=\"https:\/\/veredes.es\/blog\/ciudades-que-inspiran-viii-santiago-de-chile-y-la-vuelta-a-la-calle-urbanistas-lat-aldo-g-facho-dede\/\" \/>\n<meta property=\"og:locale\" content=\"es_ES\" \/>\n<meta property=\"og:type\" content=\"article\" \/>\n<meta property=\"og:title\" content=\"Ciudades que inspiran (VIII) Santiago de Chile y la vuelta a la calle | Urbanistas.lat \u2013 Aldo G. Facho Dede - veredes\" \/>\n<meta property=\"og:description\" content=\"Toda la informaci\u00f3n sobre: Ciudades que inspiran (VIII) Santiago de Chile y la vuelta a la calle | Urbanistas.lat \u2013 Aldo G. Facho Dede\" \/>\n<meta property=\"og:url\" content=\"https:\/\/veredes.es\/blog\/ciudades-que-inspiran-viii-santiago-de-chile-y-la-vuelta-a-la-calle-urbanistas-lat-aldo-g-facho-dede\/\" \/>\n<meta property=\"og:site_name\" content=\"veredes, arquitectura y divulgaci\u00f3n\" \/>\n<meta property=\"article:publisher\" content=\"https:\/\/www.facebook.com\/veredesArquitecturayDivulgacion\/\" \/>\n<meta property=\"article:author\" content=\"https:\/\/www.facebook.com\/aldogfd\" \/>\n<meta property=\"article:published_time\" content=\"2023-09-28T22:01:52+00:00\" \/>\n<meta property=\"og:image\" content=\"https:\/\/veredes.es\/blog\/wp-content\/uploads\/2023\/09\/Ciudades-que-inspiran-VIII-Santiago-de-Chile-y-la-vuelta-a-la-calle-Urbanistas.lat-\u2013-Aldo-G.-Facho-Dede-Pablo-Garcia-Saldana-.jpg\" \/>\n\t<meta property=\"og:image:width\" content=\"1280\" \/>\n\t<meta property=\"og:image:height\" content=\"853\" \/>\n\t<meta property=\"og:image:type\" content=\"image\/jpeg\" \/>\n<meta name=\"author\" content=\"Aldo G. Facho Dede\" \/>\n<meta name=\"twitter:card\" content=\"summary_large_image\" \/>\n<meta name=\"twitter:creator\" content=\"@https:\/\/twitter.com\/Aldo_FD\" \/>\n<meta name=\"twitter:site\" content=\"@veredes\" \/>\n<meta name=\"twitter:label1\" content=\"Escrito por\" \/>\n\t<meta name=\"twitter:data1\" content=\"Aldo G. Facho Dede\" \/>\n\t<meta name=\"twitter:label2\" content=\"Tiempo de lectura\" \/>\n\t<meta name=\"twitter:data2\" content=\"2 minutos\" \/>\n<script type=\"application\/ld+json\" class=\"yoast-schema-graph\">{\"@context\":\"https:\\\/\\\/schema.org\",\"@graph\":[{\"@type\":\"Article\",\"@id\":\"https:\\\/\\\/veredes.es\\\/blog\\\/ciudades-que-inspiran-viii-santiago-de-chile-y-la-vuelta-a-la-calle-urbanistas-lat-aldo-g-facho-dede\\\/#article\",\"isPartOf\":{\"@id\":\"https:\\\/\\\/veredes.es\\\/blog\\\/ciudades-que-inspiran-viii-santiago-de-chile-y-la-vuelta-a-la-calle-urbanistas-lat-aldo-g-facho-dede\\\/\"},\"author\":{\"name\":\"Aldo G. Facho Dede\",\"@id\":\"https:\\\/\\\/veredes.es\\\/blog\\\/#\\\/schema\\\/person\\\/3cc9f8d7361e24dbbfa9a9811f917ebe\"},\"headline\":\"Ciudades que inspiran (VIII) Santiago de Chile y la vuelta a la calle | Urbanistas.lat \u2013 Aldo G. Facho Dede\",\"datePublished\":\"2023-09-28T22:01:52+00:00\",\"mainEntityOfPage\":{\"@id\":\"https:\\\/\\\/veredes.es\\\/blog\\\/ciudades-que-inspiran-viii-santiago-de-chile-y-la-vuelta-a-la-calle-urbanistas-lat-aldo-g-facho-dede\\\/\"},\"wordCount\":226,\"commentCount\":0,\"publisher\":{\"@id\":\"https:\\\/\\\/veredes.es\\\/blog\\\/#organization\"},\"image\":{\"@id\":\"https:\\\/\\\/veredes.es\\\/blog\\\/ciudades-que-inspiran-viii-santiago-de-chile-y-la-vuelta-a-la-calle-urbanistas-lat-aldo-g-facho-dede\\\/#primaryimage\"},\"thumbnailUrl\":\"https:\\\/\\\/veredes.es\\\/blog\\\/wp-content\\\/uploads\\\/2023\\\/09\\\/Ciudades-que-inspiran-VIII-Santiago-de-Chile-y-la-vuelta-a-la-calle-Urbanistas.lat-\u2013-Aldo-G.-Facho-Dede-Pablo-Garcia-Saldana-.jpg\",\"keywords\":[\"Aldo Facho Dede\",\"arquitectura peruana\",\"ciudad\",\"Luc\u00eda Dammert\",\"medio rural\",\"reflexi\u00f3n urban\u00edstica\",\"territorio\",\"urbanismo\",\"urbanismo responsable\",\"urbanismo sostenible\"],\"articleSection\":[\"faro\",\"slider principal\"],\"inLanguage\":\"es\",\"potentialAction\":[{\"@type\":\"CommentAction\",\"name\":\"Comment\",\"target\":[\"https:\\\/\\\/veredes.es\\\/blog\\\/ciudades-que-inspiran-viii-santiago-de-chile-y-la-vuelta-a-la-calle-urbanistas-lat-aldo-g-facho-dede\\\/#respond\"]}]},{\"@type\":\"WebPage\",\"@id\":\"https:\\\/\\\/veredes.es\\\/blog\\\/ciudades-que-inspiran-viii-santiago-de-chile-y-la-vuelta-a-la-calle-urbanistas-lat-aldo-g-facho-dede\\\/\",\"url\":\"https:\\\/\\\/veredes.es\\\/blog\\\/ciudades-que-inspiran-viii-santiago-de-chile-y-la-vuelta-a-la-calle-urbanistas-lat-aldo-g-facho-dede\\\/\",\"name\":\"Ciudades que inspiran (VIII) Santiago de Chile y la vuelta a la calle | Urbanistas.lat \u2013 Aldo G. Facho Dede - veredes\",\"isPartOf\":{\"@id\":\"https:\\\/\\\/veredes.es\\\/blog\\\/#website\"},\"primaryImageOfPage\":{\"@id\":\"https:\\\/\\\/veredes.es\\\/blog\\\/ciudades-que-inspiran-viii-santiago-de-chile-y-la-vuelta-a-la-calle-urbanistas-lat-aldo-g-facho-dede\\\/#primaryimage\"},\"image\":{\"@id\":\"https:\\\/\\\/veredes.es\\\/blog\\\/ciudades-que-inspiran-viii-santiago-de-chile-y-la-vuelta-a-la-calle-urbanistas-lat-aldo-g-facho-dede\\\/#primaryimage\"},\"thumbnailUrl\":\"https:\\\/\\\/veredes.es\\\/blog\\\/wp-content\\\/uploads\\\/2023\\\/09\\\/Ciudades-que-inspiran-VIII-Santiago-de-Chile-y-la-vuelta-a-la-calle-Urbanistas.lat-\u2013-Aldo-G.-Facho-Dede-Pablo-Garcia-Saldana-.jpg\",\"datePublished\":\"2023-09-28T22:01:52+00:00\",\"description\":\"Toda la informaci\u00f3n sobre: Ciudades que inspiran (VIII) Santiago de Chile y la vuelta a la calle | Urbanistas.lat \u2013 Aldo G. Facho Dede\",\"breadcrumb\":{\"@id\":\"https:\\\/\\\/veredes.es\\\/blog\\\/ciudades-que-inspiran-viii-santiago-de-chile-y-la-vuelta-a-la-calle-urbanistas-lat-aldo-g-facho-dede\\\/#breadcrumb\"},\"inLanguage\":\"es\",\"potentialAction\":[{\"@type\":\"ReadAction\",\"target\":[\"https:\\\/\\\/veredes.es\\\/blog\\\/ciudades-que-inspiran-viii-santiago-de-chile-y-la-vuelta-a-la-calle-urbanistas-lat-aldo-g-facho-dede\\\/\"]}]},{\"@type\":\"ImageObject\",\"inLanguage\":\"es\",\"@id\":\"https:\\\/\\\/veredes.es\\\/blog\\\/ciudades-que-inspiran-viii-santiago-de-chile-y-la-vuelta-a-la-calle-urbanistas-lat-aldo-g-facho-dede\\\/#primaryimage\",\"url\":\"https:\\\/\\\/veredes.es\\\/blog\\\/wp-content\\\/uploads\\\/2023\\\/09\\\/Ciudades-que-inspiran-VIII-Santiago-de-Chile-y-la-vuelta-a-la-calle-Urbanistas.lat-\u2013-Aldo-G.-Facho-Dede-Pablo-Garcia-Saldana-.jpg\",\"contentUrl\":\"https:\\\/\\\/veredes.es\\\/blog\\\/wp-content\\\/uploads\\\/2023\\\/09\\\/Ciudades-que-inspiran-VIII-Santiago-de-Chile-y-la-vuelta-a-la-calle-Urbanistas.lat-\u2013-Aldo-G.-Facho-Dede-Pablo-Garcia-Saldana-.jpg\",\"width\":1280,\"height\":853,\"caption\":\"Ciudades que inspiran (VIII) Santiago de Chile y la vuelta a la calle Urbanistas.lat \u2013 Aldo G. Facho Dede \u00a9 Pablo Garc\u00eda Salda\u00f1a\"},{\"@type\":\"BreadcrumbList\",\"@id\":\"https:\\\/\\\/veredes.es\\\/blog\\\/ciudades-que-inspiran-viii-santiago-de-chile-y-la-vuelta-a-la-calle-urbanistas-lat-aldo-g-facho-dede\\\/#breadcrumb\",\"itemListElement\":[{\"@type\":\"ListItem\",\"position\":1,\"name\":\"Portada\",\"item\":\"https:\\\/\\\/veredes.es\\\/blog\\\/\"},{\"@type\":\"ListItem\",\"position\":2,\"name\":\"Ciudades que inspiran (VIII) Santiago de Chile y la vuelta a la calle | Urbanistas.lat \u2013 Aldo G. Facho Dede\"}]},{\"@type\":\"WebSite\",\"@id\":\"https:\\\/\\\/veredes.es\\\/blog\\\/#website\",\"url\":\"https:\\\/\\\/veredes.es\\\/blog\\\/\",\"name\":\"veredes, arquitectura y divulgaci\u00f3n\",\"description\":\"veredes\",\"publisher\":{\"@id\":\"https:\\\/\\\/veredes.es\\\/blog\\\/#organization\"},\"alternateName\":\"veredes\",\"potentialAction\":[{\"@type\":\"SearchAction\",\"target\":{\"@type\":\"EntryPoint\",\"urlTemplate\":\"https:\\\/\\\/veredes.es\\\/blog\\\/?s={search_term_string}\"},\"query-input\":{\"@type\":\"PropertyValueSpecification\",\"valueRequired\":true,\"valueName\":\"search_term_string\"}}],\"inLanguage\":\"es\"},{\"@type\":\"Organization\",\"@id\":\"https:\\\/\\\/veredes.es\\\/blog\\\/#organization\",\"name\":\"veredes, arquitectura y divulgaci\u00f3n\",\"alternateName\":\"veredes\",\"url\":\"https:\\\/\\\/veredes.es\\\/blog\\\/\",\"logo\":{\"@type\":\"ImageObject\",\"inLanguage\":\"es\",\"@id\":\"https:\\\/\\\/veredes.es\\\/blog\\\/#\\\/schema\\\/logo\\\/image\\\/\",\"url\":\"https:\\\/\\\/veredes.es\\\/blog\\\/wp-content\\\/uploads\\\/2021\\\/12\\\/veredes-logo-centrado_140x54.png\",\"contentUrl\":\"https:\\\/\\\/veredes.es\\\/blog\\\/wp-content\\\/uploads\\\/2021\\\/12\\\/veredes-logo-centrado_140x54.png\",\"width\":140,\"height\":54,\"caption\":\"veredes, arquitectura y divulgaci\u00f3n\"},\"image\":{\"@id\":\"https:\\\/\\\/veredes.es\\\/blog\\\/#\\\/schema\\\/logo\\\/image\\\/\"},\"sameAs\":[\"https:\\\/\\\/www.facebook.com\\\/veredesArquitecturayDivulgacion\\\/\",\"https:\\\/\\\/x.com\\\/veredes\",\"https:\\\/\\\/instagram.com\\\/veredes\\\/\",\"https:\\\/\\\/www.linkedin.com\\\/company\\\/veredes-arquitectura-y-divulgacion\\\/\",\"https:\\\/\\\/es.pinterest.com\\\/veredes\\\/\",\"https:\\\/\\\/www.tumblr.com\\\/veredes\"]},{\"@type\":\"Person\",\"@id\":\"https:\\\/\\\/veredes.es\\\/blog\\\/#\\\/schema\\\/person\\\/3cc9f8d7361e24dbbfa9a9811f917ebe\",\"name\":\"Aldo G. Facho Dede\",\"image\":{\"@type\":\"ImageObject\",\"inLanguage\":\"es\",\"@id\":\"https:\\\/\\\/veredes.es\\\/blog\\\/wp-content\\\/uploads\\\/2024\\\/05\\\/cropped-Aldo-G.-Facho-Dede-96x96.jpg\",\"url\":\"https:\\\/\\\/veredes.es\\\/blog\\\/wp-content\\\/uploads\\\/2024\\\/05\\\/cropped-Aldo-G.-Facho-Dede-96x96.jpg\",\"contentUrl\":\"https:\\\/\\\/veredes.es\\\/blog\\\/wp-content\\\/uploads\\\/2024\\\/05\\\/cropped-Aldo-G.-Facho-Dede-96x96.jpg\",\"caption\":\"Aldo G. Facho Dede\"},\"description\":\"Arquitecto urbanista asociado a FD Arquitectos y editor principal de la \u201cRed Latinoamericana de Urbanistas\u201d. Est\u00e1 convencido que nuestras ciudades se deben planificar en base a modelos estrat\u00e9gicos y adaptativos, que partan del reconocimiento de la diversidad del territorio, ambiente y culturas, y sirvan para estimular el desarrollo integral de los talentos de sus ciudadanas y ciudadanos. Aldo cuenta con m\u00e1s de veinte a\u00f1os de experiencia profesional en urbanismo, planificaci\u00f3n urbana y arquitectura en Latinoam\u00e9rica y Espa\u00f1a, principalmente en el Per\u00fa y la Argentina. Ha enfocado su labor docente en aportar a la formaci\u00f3n de arquitectos con conciencia social, sensibles con su ciudad y medio ambiente. Adem\u00e1s, en alianza con el Comit\u00e9 de Lectura, produce el podcast \u201cCiudades que Inspiran\u201d. Junto a su esposa intenta formar a sus tres hijos como personas libres y ciudadanos de bien. Arquitecto-Urbanista por la Universidad Nacional de Ingenier\u00eda (UNI-FAUA), t\u00edtulo homologado en Argentina. Magister en Desarrollo Sustentable por la Universidad de Lan\u00fas (UNLA-FLACAM, Argentina). Estudios de Doctorado en la Universidad Polit\u00e9cnica de Catalu\u00f1a (Espa\u00f1a). Experiencia profesional en Urbanismo, Planificaci\u00f3n Urbana y Arquitectura, desarrollada en las ciudades de Lima-Per\u00fa, La Plata-Argentina y Barcelona-Espa\u00f1a. Ha participado en el desarrollo de proyectos y consultor\u00edas para Per\u00fa, Argentina, Espa\u00f1a, M\u00e9xico y Brasil. Ha ganado concursos de arquitectura y dise\u00f1o urbano en Per\u00fa y Argentina. Es docente del \u00e1rea de Urbanismo de la USAT y miembro del Consejo Consultivo de la Escuela de Arquitectura de la UDEP. Es socio de FDARQ Urbanismo + Arquitectura y editor del blog HABITAR\",\"sameAs\":[\"http:\\\/\\\/urbanistas.lat\\\/\",\"https:\\\/\\\/www.facebook.com\\\/aldogfd\",\"https:\\\/\\\/www.instagram.com\\\/aldo_fd\\\/\",\"https:\\\/\\\/www.linkedin.com\\\/in\\\/aldofachodede\\\/\",\"https:\\\/\\\/x.com\\\/https:\\\/\\\/twitter.com\\\/Aldo_FD\"],\"url\":\"https:\\\/\\\/veredes.es\\\/blog\\\/author\\\/aldo-g-facho-dede\\\/\"}]}<\/script>\n<!-- \/ Yoast SEO plugin. -->","yoast_head_json":{"title":"Ciudades que inspiran (VIII) Santiago de Chile y la vuelta a la calle | Urbanistas.lat \u2013 Aldo G. Facho Dede - veredes","description":"Toda la informaci\u00f3n sobre: Ciudades que inspiran (VIII) Santiago de Chile y la vuelta a la calle | Urbanistas.lat \u2013 Aldo G. Facho Dede","robots":{"index":"index","follow":"follow","max-snippet":"max-snippet:-1","max-image-preview":"max-image-preview:large","max-video-preview":"max-video-preview:-1"},"canonical":"https:\/\/veredes.es\/blog\/ciudades-que-inspiran-viii-santiago-de-chile-y-la-vuelta-a-la-calle-urbanistas-lat-aldo-g-facho-dede\/","og_locale":"es_ES","og_type":"article","og_title":"Ciudades que inspiran (VIII) Santiago de Chile y la vuelta a la calle | Urbanistas.lat \u2013 Aldo G. Facho Dede - veredes","og_description":"Toda la informaci\u00f3n sobre: Ciudades que inspiran (VIII) Santiago de Chile y la vuelta a la calle | Urbanistas.lat \u2013 Aldo G. Facho Dede","og_url":"https:\/\/veredes.es\/blog\/ciudades-que-inspiran-viii-santiago-de-chile-y-la-vuelta-a-la-calle-urbanistas-lat-aldo-g-facho-dede\/","og_site_name":"veredes, arquitectura y divulgaci\u00f3n","article_publisher":"https:\/\/www.facebook.com\/veredesArquitecturayDivulgacion\/","article_author":"https:\/\/www.facebook.com\/aldogfd","article_published_time":"2023-09-28T22:01:52+00:00","og_image":[{"width":1280,"height":853,"url":"https:\/\/veredes.es\/blog\/wp-content\/uploads\/2023\/09\/Ciudades-que-inspiran-VIII-Santiago-de-Chile-y-la-vuelta-a-la-calle-Urbanistas.lat-\u2013-Aldo-G.-Facho-Dede-Pablo-Garcia-Saldana-.jpg","type":"image\/jpeg"}],"author":"Aldo G. Facho Dede","twitter_card":"summary_large_image","twitter_creator":"@https:\/\/twitter.com\/Aldo_FD","twitter_site":"@veredes","twitter_misc":{"Escrito por":"Aldo G. Facho Dede","Tiempo de lectura":"2 minutos"},"schema":{"@context":"https:\/\/schema.org","@graph":[{"@type":"Article","@id":"https:\/\/veredes.es\/blog\/ciudades-que-inspiran-viii-santiago-de-chile-y-la-vuelta-a-la-calle-urbanistas-lat-aldo-g-facho-dede\/#article","isPartOf":{"@id":"https:\/\/veredes.es\/blog\/ciudades-que-inspiran-viii-santiago-de-chile-y-la-vuelta-a-la-calle-urbanistas-lat-aldo-g-facho-dede\/"},"author":{"name":"Aldo G. Facho Dede","@id":"https:\/\/veredes.es\/blog\/#\/schema\/person\/3cc9f8d7361e24dbbfa9a9811f917ebe"},"headline":"Ciudades que inspiran (VIII) Santiago de Chile y la vuelta a la calle | Urbanistas.lat \u2013 Aldo G. Facho Dede","datePublished":"2023-09-28T22:01:52+00:00","mainEntityOfPage":{"@id":"https:\/\/veredes.es\/blog\/ciudades-que-inspiran-viii-santiago-de-chile-y-la-vuelta-a-la-calle-urbanistas-lat-aldo-g-facho-dede\/"},"wordCount":226,"commentCount":0,"publisher":{"@id":"https:\/\/veredes.es\/blog\/#organization"},"image":{"@id":"https:\/\/veredes.es\/blog\/ciudades-que-inspiran-viii-santiago-de-chile-y-la-vuelta-a-la-calle-urbanistas-lat-aldo-g-facho-dede\/#primaryimage"},"thumbnailUrl":"https:\/\/veredes.es\/blog\/wp-content\/uploads\/2023\/09\/Ciudades-que-inspiran-VIII-Santiago-de-Chile-y-la-vuelta-a-la-calle-Urbanistas.lat-\u2013-Aldo-G.-Facho-Dede-Pablo-Garcia-Saldana-.jpg","keywords":["Aldo Facho Dede","arquitectura peruana","ciudad","Luc\u00eda Dammert","medio rural","reflexi\u00f3n urban\u00edstica","territorio","urbanismo","urbanismo responsable","urbanismo sostenible"],"articleSection":["faro","slider principal"],"inLanguage":"es","potentialAction":[{"@type":"CommentAction","name":"Comment","target":["https:\/\/veredes.es\/blog\/ciudades-que-inspiran-viii-santiago-de-chile-y-la-vuelta-a-la-calle-urbanistas-lat-aldo-g-facho-dede\/#respond"]}]},{"@type":"WebPage","@id":"https:\/\/veredes.es\/blog\/ciudades-que-inspiran-viii-santiago-de-chile-y-la-vuelta-a-la-calle-urbanistas-lat-aldo-g-facho-dede\/","url":"https:\/\/veredes.es\/blog\/ciudades-que-inspiran-viii-santiago-de-chile-y-la-vuelta-a-la-calle-urbanistas-lat-aldo-g-facho-dede\/","name":"Ciudades que inspiran (VIII) Santiago de Chile y la vuelta a la calle | Urbanistas.lat \u2013 Aldo G. Facho Dede - veredes","isPartOf":{"@id":"https:\/\/veredes.es\/blog\/#website"},"primaryImageOfPage":{"@id":"https:\/\/veredes.es\/blog\/ciudades-que-inspiran-viii-santiago-de-chile-y-la-vuelta-a-la-calle-urbanistas-lat-aldo-g-facho-dede\/#primaryimage"},"image":{"@id":"https:\/\/veredes.es\/blog\/ciudades-que-inspiran-viii-santiago-de-chile-y-la-vuelta-a-la-calle-urbanistas-lat-aldo-g-facho-dede\/#primaryimage"},"thumbnailUrl":"https:\/\/veredes.es\/blog\/wp-content\/uploads\/2023\/09\/Ciudades-que-inspiran-VIII-Santiago-de-Chile-y-la-vuelta-a-la-calle-Urbanistas.lat-\u2013-Aldo-G.-Facho-Dede-Pablo-Garcia-Saldana-.jpg","datePublished":"2023-09-28T22:01:52+00:00","description":"Toda la informaci\u00f3n sobre: Ciudades que inspiran (VIII) Santiago de Chile y la vuelta a la calle | Urbanistas.lat \u2013 Aldo G. Facho Dede","breadcrumb":{"@id":"https:\/\/veredes.es\/blog\/ciudades-que-inspiran-viii-santiago-de-chile-y-la-vuelta-a-la-calle-urbanistas-lat-aldo-g-facho-dede\/#breadcrumb"},"inLanguage":"es","potentialAction":[{"@type":"ReadAction","target":["https:\/\/veredes.es\/blog\/ciudades-que-inspiran-viii-santiago-de-chile-y-la-vuelta-a-la-calle-urbanistas-lat-aldo-g-facho-dede\/"]}]},{"@type":"ImageObject","inLanguage":"es","@id":"https:\/\/veredes.es\/blog\/ciudades-que-inspiran-viii-santiago-de-chile-y-la-vuelta-a-la-calle-urbanistas-lat-aldo-g-facho-dede\/#primaryimage","url":"https:\/\/veredes.es\/blog\/wp-content\/uploads\/2023\/09\/Ciudades-que-inspiran-VIII-Santiago-de-Chile-y-la-vuelta-a-la-calle-Urbanistas.lat-\u2013-Aldo-G.-Facho-Dede-Pablo-Garcia-Saldana-.jpg","contentUrl":"https:\/\/veredes.es\/blog\/wp-content\/uploads\/2023\/09\/Ciudades-que-inspiran-VIII-Santiago-de-Chile-y-la-vuelta-a-la-calle-Urbanistas.lat-\u2013-Aldo-G.-Facho-Dede-Pablo-Garcia-Saldana-.jpg","width":1280,"height":853,"caption":"Ciudades que inspiran (VIII) Santiago de Chile y la vuelta a la calle Urbanistas.lat \u2013 Aldo G. Facho Dede \u00a9 Pablo Garc\u00eda Salda\u00f1a"},{"@type":"BreadcrumbList","@id":"https:\/\/veredes.es\/blog\/ciudades-que-inspiran-viii-santiago-de-chile-y-la-vuelta-a-la-calle-urbanistas-lat-aldo-g-facho-dede\/#breadcrumb","itemListElement":[{"@type":"ListItem","position":1,"name":"Portada","item":"https:\/\/veredes.es\/blog\/"},{"@type":"ListItem","position":2,"name":"Ciudades que inspiran (VIII) Santiago de Chile y la vuelta a la calle | Urbanistas.lat \u2013 Aldo G. Facho Dede"}]},{"@type":"WebSite","@id":"https:\/\/veredes.es\/blog\/#website","url":"https:\/\/veredes.es\/blog\/","name":"veredes, arquitectura y divulgaci\u00f3n","description":"veredes","publisher":{"@id":"https:\/\/veredes.es\/blog\/#organization"},"alternateName":"veredes","potentialAction":[{"@type":"SearchAction","target":{"@type":"EntryPoint","urlTemplate":"https:\/\/veredes.es\/blog\/?s={search_term_string}"},"query-input":{"@type":"PropertyValueSpecification","valueRequired":true,"valueName":"search_term_string"}}],"inLanguage":"es"},{"@type":"Organization","@id":"https:\/\/veredes.es\/blog\/#organization","name":"veredes, arquitectura y divulgaci\u00f3n","alternateName":"veredes","url":"https:\/\/veredes.es\/blog\/","logo":{"@type":"ImageObject","inLanguage":"es","@id":"https:\/\/veredes.es\/blog\/#\/schema\/logo\/image\/","url":"https:\/\/veredes.es\/blog\/wp-content\/uploads\/2021\/12\/veredes-logo-centrado_140x54.png","contentUrl":"https:\/\/veredes.es\/blog\/wp-content\/uploads\/2021\/12\/veredes-logo-centrado_140x54.png","width":140,"height":54,"caption":"veredes, arquitectura y divulgaci\u00f3n"},"image":{"@id":"https:\/\/veredes.es\/blog\/#\/schema\/logo\/image\/"},"sameAs":["https:\/\/www.facebook.com\/veredesArquitecturayDivulgacion\/","https:\/\/x.com\/veredes","https:\/\/instagram.com\/veredes\/","https:\/\/www.linkedin.com\/company\/veredes-arquitectura-y-divulgacion\/","https:\/\/es.pinterest.com\/veredes\/","https:\/\/www.tumblr.com\/veredes"]},{"@type":"Person","@id":"https:\/\/veredes.es\/blog\/#\/schema\/person\/3cc9f8d7361e24dbbfa9a9811f917ebe","name":"Aldo G. Facho Dede","image":{"@type":"ImageObject","inLanguage":"es","@id":"https:\/\/veredes.es\/blog\/wp-content\/uploads\/2024\/05\/cropped-Aldo-G.-Facho-Dede-96x96.jpg","url":"https:\/\/veredes.es\/blog\/wp-content\/uploads\/2024\/05\/cropped-Aldo-G.-Facho-Dede-96x96.jpg","contentUrl":"https:\/\/veredes.es\/blog\/wp-content\/uploads\/2024\/05\/cropped-Aldo-G.-Facho-Dede-96x96.jpg","caption":"Aldo G. Facho Dede"},"description":"Arquitecto urbanista asociado a FD Arquitectos y editor principal de la \u201cRed Latinoamericana de Urbanistas\u201d. Est\u00e1 convencido que nuestras ciudades se deben planificar en base a modelos estrat\u00e9gicos y adaptativos, que partan del reconocimiento de la diversidad del territorio, ambiente y culturas, y sirvan para estimular el desarrollo integral de los talentos de sus ciudadanas y ciudadanos. Aldo cuenta con m\u00e1s de veinte a\u00f1os de experiencia profesional en urbanismo, planificaci\u00f3n urbana y arquitectura en Latinoam\u00e9rica y Espa\u00f1a, principalmente en el Per\u00fa y la Argentina. Ha enfocado su labor docente en aportar a la formaci\u00f3n de arquitectos con conciencia social, sensibles con su ciudad y medio ambiente. Adem\u00e1s, en alianza con el Comit\u00e9 de Lectura, produce el podcast \u201cCiudades que Inspiran\u201d. Junto a su esposa intenta formar a sus tres hijos como personas libres y ciudadanos de bien. Arquitecto-Urbanista por la Universidad Nacional de Ingenier\u00eda (UNI-FAUA), t\u00edtulo homologado en Argentina. Magister en Desarrollo Sustentable por la Universidad de Lan\u00fas (UNLA-FLACAM, Argentina). Estudios de Doctorado en la Universidad Polit\u00e9cnica de Catalu\u00f1a (Espa\u00f1a). Experiencia profesional en Urbanismo, Planificaci\u00f3n Urbana y Arquitectura, desarrollada en las ciudades de Lima-Per\u00fa, La Plata-Argentina y Barcelona-Espa\u00f1a. Ha participado en el desarrollo de proyectos y consultor\u00edas para Per\u00fa, Argentina, Espa\u00f1a, M\u00e9xico y Brasil. Ha ganado concursos de arquitectura y dise\u00f1o urbano en Per\u00fa y Argentina. Es docente del \u00e1rea de Urbanismo de la USAT y miembro del Consejo Consultivo de la Escuela de Arquitectura de la UDEP. Es socio de FDARQ Urbanismo + Arquitectura y editor del blog HABITAR","sameAs":["http:\/\/urbanistas.lat\/","https:\/\/www.facebook.com\/aldogfd","https:\/\/www.instagram.com\/aldo_fd\/","https:\/\/www.linkedin.com\/in\/aldofachodede\/","https:\/\/x.com\/https:\/\/twitter.com\/Aldo_FD"],"url":"https:\/\/veredes.es\/blog\/author\/aldo-g-facho-dede\/"}]}},"_links":{"self":[{"href":"https:\/\/veredes.es\/blog\/wp-json\/wp\/v2\/posts\/95361","targetHints":{"allow":["GET"]}}],"collection":[{"href":"https:\/\/veredes.es\/blog\/wp-json\/wp\/v2\/posts"}],"about":[{"href":"https:\/\/veredes.es\/blog\/wp-json\/wp\/v2\/types\/post"}],"author":[{"embeddable":true,"href":"https:\/\/veredes.es\/blog\/wp-json\/wp\/v2\/users\/6"}],"replies":[{"embeddable":true,"href":"https:\/\/veredes.es\/blog\/wp-json\/wp\/v2\/comments?post=95361"}],"version-history":[{"count":0,"href":"https:\/\/veredes.es\/blog\/wp-json\/wp\/v2\/posts\/95361\/revisions"}],"wp:featuredmedia":[{"embeddable":true,"href":"https:\/\/veredes.es\/blog\/wp-json\/wp\/v2\/media\/95362"}],"wp:attachment":[{"href":"https:\/\/veredes.es\/blog\/wp-json\/wp\/v2\/media?parent=95361"}],"wp:term":[{"taxonomy":"category","embeddable":true,"href":"https:\/\/veredes.es\/blog\/wp-json\/wp\/v2\/categories?post=95361"},{"taxonomy":"post_tag","embeddable":true,"href":"https:\/\/veredes.es\/blog\/wp-json\/wp\/v2\/tags?post=95361"}],"curies":[{"name":"wp","href":"https:\/\/api.w.org\/{rel}","templated":true}]}}