{"id":95161,"date":"2023-10-02T00:01:25","date_gmt":"2023-10-01T22:01:25","guid":{"rendered":"https:\/\/veredes.es\/blog\/?p=95161"},"modified":"2023-09-15T14:54:26","modified_gmt":"2023-09-15T12:54:26","slug":"habitar-es-reconstruirse-jose-del-carmen-palacios-aguilar","status":"publish","type":"post","link":"https:\/\/veredes.es\/blog\/habitar-es-reconstruirse-jose-del-carmen-palacios-aguilar\/","title":{"rendered":"Habitar es reconstruirse | Jos\u00e9 del Carmen Palacios Aguilar"},"content":{"rendered":"<figure id=\"attachment_95162\" aria-describedby=\"caption-attachment-95162\" style=\"width: 1200px\" class=\"wp-caption alignnone\"><img loading=\"lazy\" decoding=\"async\" class=\"wp-image-95162 size-full\" title=\"Habitar es reconstruirse  Jos\u00e9 del Carmen Palacios Aguilar Puruchuco antes de su restauraci\u00f3nFoto Henri Reichlen, 1950. Archivo Sucesi\u00f3n Jim\u00e9nez Borja\" src=\"https:\/\/veredes.es\/blog\/wp-content\/uploads\/2023\/08\/Habitar-es-reconstruirse-Jose-del-Carmen-Palacios-Aguilar-Puruchuco-antes-de-su-restauracionFoto-Henri-Reichlen-1950.-Archivo-Sucesion-Jimenez-Borja.jpg\" alt=\"Habitar es reconstruirse  Jos\u00e9 del Carmen Palacios Aguilar Puruchuco antes de su restauraci\u00f3nFoto Henri Reichlen, 1950. Archivo Sucesi\u00f3n Jim\u00e9nez Borja\" width=\"1200\" height=\"834\" srcset=\"https:\/\/veredes.es\/blog\/wp-content\/uploads\/2023\/08\/Habitar-es-reconstruirse-Jose-del-Carmen-Palacios-Aguilar-Puruchuco-antes-de-su-restauracionFoto-Henri-Reichlen-1950.-Archivo-Sucesion-Jimenez-Borja.jpg 1200w, https:\/\/veredes.es\/blog\/wp-content\/uploads\/2023\/08\/Habitar-es-reconstruirse-Jose-del-Carmen-Palacios-Aguilar-Puruchuco-antes-de-su-restauracionFoto-Henri-Reichlen-1950.-Archivo-Sucesion-Jimenez-Borja-300x209.jpg 300w, https:\/\/veredes.es\/blog\/wp-content\/uploads\/2023\/08\/Habitar-es-reconstruirse-Jose-del-Carmen-Palacios-Aguilar-Puruchuco-antes-de-su-restauracionFoto-Henri-Reichlen-1950.-Archivo-Sucesion-Jimenez-Borja-1024x712.jpg 1024w, https:\/\/veredes.es\/blog\/wp-content\/uploads\/2023\/08\/Habitar-es-reconstruirse-Jose-del-Carmen-Palacios-Aguilar-Puruchuco-antes-de-su-restauracionFoto-Henri-Reichlen-1950.-Archivo-Sucesion-Jimenez-Borja-696x484.jpg 696w, https:\/\/veredes.es\/blog\/wp-content\/uploads\/2023\/08\/Habitar-es-reconstruirse-Jose-del-Carmen-Palacios-Aguilar-Puruchuco-antes-de-su-restauracionFoto-Henri-Reichlen-1950.-Archivo-Sucesion-Jimenez-Borja-1068x742.jpg 1068w\" sizes=\"auto, (max-width: 1200px) 100vw, 1200px\" \/><figcaption id=\"caption-attachment-95162\" class=\"wp-caption-text\"><span style=\"color: #999999;\">Puruchuco antes de su restauraci\u00f3n Foto Henri Reichlen, 1950. Archivo Sucesi\u00f3n Jim\u00e9nez Borja<\/span><\/figcaption><\/figure>\n<p style=\"text-align: justify;\"><a href=\"https:\/\/veredes.es\/blog\/habitar-la-mirada-jose-del-carmen-palacios-aguilar\/\" target=\"_blank\" rel=\"noopener\">Habitar<\/a> es recomponerse, es tomar ese algo que cada vez va dejando de ser para volver a ser. Es sentarse, observar a nuestro yo del pasado y someterlo al escrutinio cotidiano. Es contemplar su descanso mientras narramos ese mundo que imaginamos a la vez que vamos fundando rincones y pasillos.<\/p>\n<p style=\"text-align: justify;\"><a href=\"https:\/\/veredes.es\/blog\/despojar-el-habitar-jose-del-carmen-palacios-aguilar\/\" target=\"_blank\" rel=\"noopener\">Habitar<\/a> es reconstruirse de fragmentos de recuerdos, es recoger de los recuerdos trozos de espacio, pedazos de lugares, es repasar los quehaceres que en el horno han fraguado masas y talento.<\/p>\n<p style=\"text-align: justify;\"><a href=\"https:\/\/veredes.es\/blog\/habitar-se-jose-del-carmen-palacios-aguilar\/\" target=\"_blank\" rel=\"noopener\">Habitarse<\/a> es preparase para soltar y tomar lo que aspiramos a ser, es sentir el soplo de lo que el espacio nos depara.<\/p>\n<p style=\"text-align: justify;\"><a href=\"https:\/\/veredes.es\/blog\/tag\/habitar\/\" target=\"_blank\" rel=\"noopener\">Habitarse<\/a> para sentir que estamos siendo parte de ese ser que a\u00fan no abandona ese lugar habitado, testigo de nuestra dimensi\u00f3n y holgura.<\/p>\n<figure id=\"attachment_95163\" aria-describedby=\"caption-attachment-95163\" style=\"width: 1200px\" class=\"wp-caption alignnone\"><img loading=\"lazy\" decoding=\"async\" class=\"wp-image-95163 size-full\" title=\"Habitar es reconstruirse Jos\u00e9 del Carmen Palacios Aguilar Kintsugi\" src=\"https:\/\/veredes.es\/blog\/wp-content\/uploads\/2023\/08\/Habitar-es-reconstruirse-Jose-del-Carmen-Palacios-Aguilar-Kintsugi.jpg\" alt=\"Habitar es reconstruirse Jos\u00e9 del Carmen Palacios Aguilar Kintsugi\" width=\"1200\" height=\"800\" srcset=\"https:\/\/veredes.es\/blog\/wp-content\/uploads\/2023\/08\/Habitar-es-reconstruirse-Jose-del-Carmen-Palacios-Aguilar-Kintsugi.jpg 1200w, https:\/\/veredes.es\/blog\/wp-content\/uploads\/2023\/08\/Habitar-es-reconstruirse-Jose-del-Carmen-Palacios-Aguilar-Kintsugi-300x200.jpg 300w, https:\/\/veredes.es\/blog\/wp-content\/uploads\/2023\/08\/Habitar-es-reconstruirse-Jose-del-Carmen-Palacios-Aguilar-Kintsugi-1024x683.jpg 1024w, https:\/\/veredes.es\/blog\/wp-content\/uploads\/2023\/08\/Habitar-es-reconstruirse-Jose-del-Carmen-Palacios-Aguilar-Kintsugi-696x464.jpg 696w, https:\/\/veredes.es\/blog\/wp-content\/uploads\/2023\/08\/Habitar-es-reconstruirse-Jose-del-Carmen-Palacios-Aguilar-Kintsugi-1068x712.jpg 1068w\" sizes=\"auto, (max-width: 1200px) 100vw, 1200px\" \/><figcaption id=\"caption-attachment-95163\" class=\"wp-caption-text\"><span style=\"color: #999999;\">kintsugi: t\u00e9cnica artesanal con el fin de reparar un cuenco de cer\u00e1mica roto<\/span><\/figcaption><\/figure>\n<p style=\"text-align: justify;\"><a href=\"https:\/\/veredes.es\/blog\/medir-la-vida-habitar-las-medidas-jose-del-carmen-palacios-aguilar\/\" target=\"_blank\" rel=\"noopener\">Habitar<\/a> siempre nos reclama estar presente y acarrear con nuestros vestigios, nos conmina a revelar esa conciencia del ser pasado y a su vez del ser presente: que hace instantes ya vuelve a pertenecer al pasado.<\/p>\n<p style=\"text-align: justify;\"><a href=\"https:\/\/arquine.com\/un-habitar-sin-occidente\/\" target=\"_blank\" rel=\"noopener\">Habitar<\/a> es reconstruirse, es construirse con parte de nuestro ser construido, es seguir construyendo ese ser incompleto, inconcluso, indeterminado; es reconocerse estar medios hechos.<\/p>\n<p style=\"text-align: justify;\">Es sentirse \u2013 en cada paso- vulnerable a los hechos, en el que su propia disciplina lo ha convertido. Habitar es volver a ser cada vez, es no dejarse seducir por el abandono de haber sido. Habitar es vaciarse, es volverse a ocupar, es estar vivo.<\/p>\n","protected":false},"excerpt":{"rendered":"<p>Habitar es recomponerse, es tomar ese algo que cada vez va dejando de ser para volver a ser. Es sentarse, observar a nuestro yo del pasado y someterlo al escrutinio cotidiano. Es contemplar su descanso mientras narramos ese mundo que imaginamos a la vez que vamos fundando rincones y pasillos. Habitar es reconstruirse de fragmentos [&hellip;]<\/p>\n","protected":false},"author":74,"featured_media":95162,"comment_status":"open","ping_status":"closed","sticky":false,"template":"","format":"standard","meta":{"footnotes":""},"categories":[5934,5951],"tags":[659,668,15443,1985,1143,1865,1916,1278,2048,1289],"class_list":{"0":"post-95161","1":"post","2":"type-post","3":"status-publish","4":"format-standard","5":"has-post-thumbnail","7":"category-articulos","8":"category-slider-principal","9":"tag-habitar","10":"tag-historia","11":"tag-jose-del-carmen-palacios-aguilar","12":"tag-pensar","13":"tag-re-pensar","14":"tag-reflexion","15":"tag-rehabitar","16":"tag-teoria","17":"tag-teoria-e-historia","18":"tag-tiempo"},"yoast_head":"<!-- This site is optimized with the Yoast SEO plugin v27.5 - https:\/\/yoast.com\/product\/yoast-seo-wordpress\/ -->\n<title>Habitar es reconstruirse | Jos\u00e9 del Carmen Palacios Aguilar - veredes<\/title>\n<meta name=\"description\" content=\"Toda la informaci\u00f3n sobre: Habitar es reconstruirse | Jos\u00e9 del Carmen Palacios Aguilar Habitar es vaciarse, es volverse a ocupar, es estar vivo\" \/>\n<meta name=\"robots\" content=\"index, follow, max-snippet:-1, max-image-preview:large, max-video-preview:-1\" \/>\n<link rel=\"canonical\" href=\"https:\/\/veredes.es\/blog\/habitar-es-reconstruirse-jose-del-carmen-palacios-aguilar\/\" \/>\n<meta property=\"og:locale\" content=\"es_ES\" \/>\n<meta property=\"og:type\" content=\"article\" \/>\n<meta property=\"og:title\" content=\"Habitar es reconstruirse | Jos\u00e9 del Carmen Palacios Aguilar - veredes\" \/>\n<meta property=\"og:description\" content=\"Toda la informaci\u00f3n sobre: Habitar es reconstruirse | Jos\u00e9 del Carmen Palacios Aguilar Habitar es vaciarse, es volverse a ocupar, es estar vivo\" \/>\n<meta property=\"og:url\" content=\"https:\/\/veredes.es\/blog\/habitar-es-reconstruirse-jose-del-carmen-palacios-aguilar\/\" \/>\n<meta property=\"og:site_name\" content=\"veredes, arquitectura y divulgaci\u00f3n\" \/>\n<meta property=\"article:publisher\" content=\"https:\/\/www.facebook.com\/veredesArquitecturayDivulgacion\/\" \/>\n<meta property=\"article:author\" content=\"https:\/\/www.facebook.com\/profile.php?id=774079565\" \/>\n<meta property=\"article:published_time\" content=\"2023-10-01T22:01:25+00:00\" \/>\n<meta property=\"og:image\" content=\"https:\/\/veredes.es\/blog\/wp-content\/uploads\/2023\/08\/Habitar-es-reconstruirse-Jose-del-Carmen-Palacios-Aguilar-Puruchuco-antes-de-su-restauracionFoto-Henri-Reichlen-1950.-Archivo-Sucesion-Jimenez-Borja.jpg\" \/>\n\t<meta property=\"og:image:width\" content=\"1200\" \/>\n\t<meta property=\"og:image:height\" content=\"834\" \/>\n\t<meta property=\"og:image:type\" content=\"image\/jpeg\" \/>\n<meta name=\"author\" content=\"Jos\u00e9 del Carmen Palacios Aguilar\" \/>\n<meta name=\"twitter:card\" content=\"summary_large_image\" \/>\n<meta name=\"twitter:creator\" content=\"@https:\/\/twitter.com\/joepalack\" \/>\n<meta name=\"twitter:site\" content=\"@veredes\" \/>\n<meta name=\"twitter:label1\" content=\"Escrito por\" \/>\n\t<meta name=\"twitter:data1\" content=\"Jos\u00e9 del Carmen Palacios Aguilar\" \/>\n\t<meta name=\"twitter:label2\" content=\"Tiempo de lectura\" \/>\n\t<meta name=\"twitter:data2\" content=\"2 minutos\" \/>\n<script type=\"application\/ld+json\" class=\"yoast-schema-graph\">{\"@context\":\"https:\\\/\\\/schema.org\",\"@graph\":[{\"@type\":\"Article\",\"@id\":\"https:\\\/\\\/veredes.es\\\/blog\\\/habitar-es-reconstruirse-jose-del-carmen-palacios-aguilar\\\/#article\",\"isPartOf\":{\"@id\":\"https:\\\/\\\/veredes.es\\\/blog\\\/habitar-es-reconstruirse-jose-del-carmen-palacios-aguilar\\\/\"},\"author\":{\"name\":\"Jos\u00e9 del Carmen Palacios Aguilar\",\"@id\":\"https:\\\/\\\/veredes.es\\\/blog\\\/#\\\/schema\\\/person\\\/66210ae933d0e051b11bb2fb8ee47bee\"},\"headline\":\"Habitar es reconstruirse | Jos\u00e9 del Carmen Palacios Aguilar\",\"datePublished\":\"2023-10-01T22:01:25+00:00\",\"mainEntityOfPage\":{\"@id\":\"https:\\\/\\\/veredes.es\\\/blog\\\/habitar-es-reconstruirse-jose-del-carmen-palacios-aguilar\\\/\"},\"wordCount\":286,\"commentCount\":0,\"publisher\":{\"@id\":\"https:\\\/\\\/veredes.es\\\/blog\\\/#organization\"},\"image\":{\"@id\":\"https:\\\/\\\/veredes.es\\\/blog\\\/habitar-es-reconstruirse-jose-del-carmen-palacios-aguilar\\\/#primaryimage\"},\"thumbnailUrl\":\"https:\\\/\\\/veredes.es\\\/blog\\\/wp-content\\\/uploads\\\/2023\\\/08\\\/Habitar-es-reconstruirse-Jose-del-Carmen-Palacios-Aguilar-Puruchuco-antes-de-su-restauracionFoto-Henri-Reichlen-1950.-Archivo-Sucesion-Jimenez-Borja.jpg\",\"keywords\":[\"habitar\",\"historia\",\"Jos\u00e9 del Carmen Palacios Aguilar\",\"pensar\",\"Re-pensar\",\"reflexi\u00f3n\",\"rehabitar\",\"teor\u00eda\",\"teor\u00eda e historia\",\"tiempo\"],\"articleSection\":[\"art\u00edculos\",\"slider principal\"],\"inLanguage\":\"es\",\"potentialAction\":[{\"@type\":\"CommentAction\",\"name\":\"Comment\",\"target\":[\"https:\\\/\\\/veredes.es\\\/blog\\\/habitar-es-reconstruirse-jose-del-carmen-palacios-aguilar\\\/#respond\"]}]},{\"@type\":\"WebPage\",\"@id\":\"https:\\\/\\\/veredes.es\\\/blog\\\/habitar-es-reconstruirse-jose-del-carmen-palacios-aguilar\\\/\",\"url\":\"https:\\\/\\\/veredes.es\\\/blog\\\/habitar-es-reconstruirse-jose-del-carmen-palacios-aguilar\\\/\",\"name\":\"Habitar es reconstruirse | Jos\u00e9 del Carmen Palacios Aguilar - veredes\",\"isPartOf\":{\"@id\":\"https:\\\/\\\/veredes.es\\\/blog\\\/#website\"},\"primaryImageOfPage\":{\"@id\":\"https:\\\/\\\/veredes.es\\\/blog\\\/habitar-es-reconstruirse-jose-del-carmen-palacios-aguilar\\\/#primaryimage\"},\"image\":{\"@id\":\"https:\\\/\\\/veredes.es\\\/blog\\\/habitar-es-reconstruirse-jose-del-carmen-palacios-aguilar\\\/#primaryimage\"},\"thumbnailUrl\":\"https:\\\/\\\/veredes.es\\\/blog\\\/wp-content\\\/uploads\\\/2023\\\/08\\\/Habitar-es-reconstruirse-Jose-del-Carmen-Palacios-Aguilar-Puruchuco-antes-de-su-restauracionFoto-Henri-Reichlen-1950.-Archivo-Sucesion-Jimenez-Borja.jpg\",\"datePublished\":\"2023-10-01T22:01:25+00:00\",\"description\":\"Toda la informaci\u00f3n sobre: Habitar es reconstruirse | Jos\u00e9 del Carmen Palacios Aguilar Habitar es vaciarse, es volverse a ocupar, es estar vivo\",\"breadcrumb\":{\"@id\":\"https:\\\/\\\/veredes.es\\\/blog\\\/habitar-es-reconstruirse-jose-del-carmen-palacios-aguilar\\\/#breadcrumb\"},\"inLanguage\":\"es\",\"potentialAction\":[{\"@type\":\"ReadAction\",\"target\":[\"https:\\\/\\\/veredes.es\\\/blog\\\/habitar-es-reconstruirse-jose-del-carmen-palacios-aguilar\\\/\"]}]},{\"@type\":\"ImageObject\",\"inLanguage\":\"es\",\"@id\":\"https:\\\/\\\/veredes.es\\\/blog\\\/habitar-es-reconstruirse-jose-del-carmen-palacios-aguilar\\\/#primaryimage\",\"url\":\"https:\\\/\\\/veredes.es\\\/blog\\\/wp-content\\\/uploads\\\/2023\\\/08\\\/Habitar-es-reconstruirse-Jose-del-Carmen-Palacios-Aguilar-Puruchuco-antes-de-su-restauracionFoto-Henri-Reichlen-1950.-Archivo-Sucesion-Jimenez-Borja.jpg\",\"contentUrl\":\"https:\\\/\\\/veredes.es\\\/blog\\\/wp-content\\\/uploads\\\/2023\\\/08\\\/Habitar-es-reconstruirse-Jose-del-Carmen-Palacios-Aguilar-Puruchuco-antes-de-su-restauracionFoto-Henri-Reichlen-1950.-Archivo-Sucesion-Jimenez-Borja.jpg\",\"width\":1200,\"height\":834,\"caption\":\"Puruchuco antes de su restauraci\u00f3n Foto Henri Reichlen, 1950. Archivo Sucesi\u00f3n Jim\u00e9nez Borja\"},{\"@type\":\"BreadcrumbList\",\"@id\":\"https:\\\/\\\/veredes.es\\\/blog\\\/habitar-es-reconstruirse-jose-del-carmen-palacios-aguilar\\\/#breadcrumb\",\"itemListElement\":[{\"@type\":\"ListItem\",\"position\":1,\"name\":\"Portada\",\"item\":\"https:\\\/\\\/veredes.es\\\/blog\\\/\"},{\"@type\":\"ListItem\",\"position\":2,\"name\":\"Habitar es reconstruirse | Jos\u00e9 del Carmen Palacios Aguilar\"}]},{\"@type\":\"WebSite\",\"@id\":\"https:\\\/\\\/veredes.es\\\/blog\\\/#website\",\"url\":\"https:\\\/\\\/veredes.es\\\/blog\\\/\",\"name\":\"veredes, arquitectura y divulgaci\u00f3n\",\"description\":\"veredes\",\"publisher\":{\"@id\":\"https:\\\/\\\/veredes.es\\\/blog\\\/#organization\"},\"alternateName\":\"veredes\",\"potentialAction\":[{\"@type\":\"SearchAction\",\"target\":{\"@type\":\"EntryPoint\",\"urlTemplate\":\"https:\\\/\\\/veredes.es\\\/blog\\\/?s={search_term_string}\"},\"query-input\":{\"@type\":\"PropertyValueSpecification\",\"valueRequired\":true,\"valueName\":\"search_term_string\"}}],\"inLanguage\":\"es\"},{\"@type\":\"Organization\",\"@id\":\"https:\\\/\\\/veredes.es\\\/blog\\\/#organization\",\"name\":\"veredes, arquitectura y divulgaci\u00f3n\",\"alternateName\":\"veredes\",\"url\":\"https:\\\/\\\/veredes.es\\\/blog\\\/\",\"logo\":{\"@type\":\"ImageObject\",\"inLanguage\":\"es\",\"@id\":\"https:\\\/\\\/veredes.es\\\/blog\\\/#\\\/schema\\\/logo\\\/image\\\/\",\"url\":\"https:\\\/\\\/veredes.es\\\/blog\\\/wp-content\\\/uploads\\\/2021\\\/12\\\/veredes-logo-centrado_140x54.png\",\"contentUrl\":\"https:\\\/\\\/veredes.es\\\/blog\\\/wp-content\\\/uploads\\\/2021\\\/12\\\/veredes-logo-centrado_140x54.png\",\"width\":140,\"height\":54,\"caption\":\"veredes, arquitectura y divulgaci\u00f3n\"},\"image\":{\"@id\":\"https:\\\/\\\/veredes.es\\\/blog\\\/#\\\/schema\\\/logo\\\/image\\\/\"},\"sameAs\":[\"https:\\\/\\\/www.facebook.com\\\/veredesArquitecturayDivulgacion\\\/\",\"https:\\\/\\\/x.com\\\/veredes\",\"https:\\\/\\\/instagram.com\\\/veredes\\\/\",\"https:\\\/\\\/www.linkedin.com\\\/company\\\/veredes-arquitectura-y-divulgacion\\\/\",\"https:\\\/\\\/es.pinterest.com\\\/veredes\\\/\",\"https:\\\/\\\/www.tumblr.com\\\/veredes\"]},{\"@type\":\"Person\",\"@id\":\"https:\\\/\\\/veredes.es\\\/blog\\\/#\\\/schema\\\/person\\\/66210ae933d0e051b11bb2fb8ee47bee\",\"name\":\"Jos\u00e9 del Carmen Palacios Aguilar\",\"image\":{\"@type\":\"ImageObject\",\"inLanguage\":\"es\",\"@id\":\"https:\\\/\\\/veredes.es\\\/blog\\\/wp-content\\\/uploads\\\/2021\\\/07\\\/Jose-del-Carmen-Palacios-96x96.jpg\",\"url\":\"https:\\\/\\\/veredes.es\\\/blog\\\/wp-content\\\/uploads\\\/2021\\\/07\\\/Jose-del-Carmen-Palacios-96x96.jpg\",\"contentUrl\":\"https:\\\/\\\/veredes.es\\\/blog\\\/wp-content\\\/uploads\\\/2021\\\/07\\\/Jose-del-Carmen-Palacios-96x96.jpg\",\"caption\":\"Jos\u00e9 del Carmen Palacios Aguilar\"},\"description\":\"Es Master en Proyectos de Arquitectura, Profesor Asociado a tiempo completo por la Universidad de Lima, Profesor de Proyecto de Arquitectura (2010 hasta la fecha), responsable de la Catedra de Proyectos (2010 \u2013 a la fecha). Coordinador de Talleres b\u00e1sicos de Proyectos desde el 2012, miembro del Comit\u00e9 de Internacionalizaci\u00f3n y Coordinador de Grados y T\u00edtulos de la Carrera de Arquitectura. Realiz\u00f3 estudios de Master en Laboratorio de la Vivienda SXXI ETSAB- UPC- Espa\u00f1a (2005-2007), Master en Teor\u00eda y An\u00e1lisis de Proyectos Arquitect\u00f3nicos UPC -Espa\u00f1a (2007-2008), actualmente es revisor en diversas revisas acad\u00e9micas. Investigador acad\u00e9mico con publicaciones de estudios sobre la vivienda y constante observador sobre los modos de habitar, adem\u00e1s cuenta con publicaciones acad\u00e9micas referidas a las metodolog\u00edas de aprendizaje aplicados a la ense\u00f1anza de la arquitectura en las JIDA. Conferencista en diversos congresos nacionales y seminarios internacionales, en Argentina, Costa Rica, Espa\u00f1a, Holanda, Italia, M\u00e9xico, Paraguay.\",\"sameAs\":[\"https:\\\/\\\/www.facebook.com\\\/profile.php?id=774079565\",\"https:\\\/\\\/www.instagram.com\\\/joepalack\\\/\",\"https:\\\/\\\/www.linkedin.com\\\/in\\\/josedelcarmenpalaciosaguilar\\\/\",\"https:\\\/\\\/x.com\\\/https:\\\/\\\/twitter.com\\\/joepalack\"],\"url\":\"https:\\\/\\\/veredes.es\\\/blog\\\/author\\\/jose-del-carmen-palacios-aguilar\\\/\"}]}<\/script>\n<!-- \/ Yoast SEO plugin. -->","yoast_head_json":{"title":"Habitar es reconstruirse | Jos\u00e9 del Carmen Palacios Aguilar - veredes","description":"Toda la informaci\u00f3n sobre: Habitar es reconstruirse | Jos\u00e9 del Carmen Palacios Aguilar Habitar es vaciarse, es volverse a ocupar, es estar vivo","robots":{"index":"index","follow":"follow","max-snippet":"max-snippet:-1","max-image-preview":"max-image-preview:large","max-video-preview":"max-video-preview:-1"},"canonical":"https:\/\/veredes.es\/blog\/habitar-es-reconstruirse-jose-del-carmen-palacios-aguilar\/","og_locale":"es_ES","og_type":"article","og_title":"Habitar es reconstruirse | Jos\u00e9 del Carmen Palacios Aguilar - veredes","og_description":"Toda la informaci\u00f3n sobre: Habitar es reconstruirse | Jos\u00e9 del Carmen Palacios Aguilar Habitar es vaciarse, es volverse a ocupar, es estar vivo","og_url":"https:\/\/veredes.es\/blog\/habitar-es-reconstruirse-jose-del-carmen-palacios-aguilar\/","og_site_name":"veredes, arquitectura y divulgaci\u00f3n","article_publisher":"https:\/\/www.facebook.com\/veredesArquitecturayDivulgacion\/","article_author":"https:\/\/www.facebook.com\/profile.php?id=774079565","article_published_time":"2023-10-01T22:01:25+00:00","og_image":[{"width":1200,"height":834,"url":"https:\/\/veredes.es\/blog\/wp-content\/uploads\/2023\/08\/Habitar-es-reconstruirse-Jose-del-Carmen-Palacios-Aguilar-Puruchuco-antes-de-su-restauracionFoto-Henri-Reichlen-1950.-Archivo-Sucesion-Jimenez-Borja.jpg","type":"image\/jpeg"}],"author":"Jos\u00e9 del Carmen Palacios Aguilar","twitter_card":"summary_large_image","twitter_creator":"@https:\/\/twitter.com\/joepalack","twitter_site":"@veredes","twitter_misc":{"Escrito por":"Jos\u00e9 del Carmen Palacios Aguilar","Tiempo de lectura":"2 minutos"},"schema":{"@context":"https:\/\/schema.org","@graph":[{"@type":"Article","@id":"https:\/\/veredes.es\/blog\/habitar-es-reconstruirse-jose-del-carmen-palacios-aguilar\/#article","isPartOf":{"@id":"https:\/\/veredes.es\/blog\/habitar-es-reconstruirse-jose-del-carmen-palacios-aguilar\/"},"author":{"name":"Jos\u00e9 del Carmen Palacios Aguilar","@id":"https:\/\/veredes.es\/blog\/#\/schema\/person\/66210ae933d0e051b11bb2fb8ee47bee"},"headline":"Habitar es reconstruirse | Jos\u00e9 del Carmen Palacios Aguilar","datePublished":"2023-10-01T22:01:25+00:00","mainEntityOfPage":{"@id":"https:\/\/veredes.es\/blog\/habitar-es-reconstruirse-jose-del-carmen-palacios-aguilar\/"},"wordCount":286,"commentCount":0,"publisher":{"@id":"https:\/\/veredes.es\/blog\/#organization"},"image":{"@id":"https:\/\/veredes.es\/blog\/habitar-es-reconstruirse-jose-del-carmen-palacios-aguilar\/#primaryimage"},"thumbnailUrl":"https:\/\/veredes.es\/blog\/wp-content\/uploads\/2023\/08\/Habitar-es-reconstruirse-Jose-del-Carmen-Palacios-Aguilar-Puruchuco-antes-de-su-restauracionFoto-Henri-Reichlen-1950.-Archivo-Sucesion-Jimenez-Borja.jpg","keywords":["habitar","historia","Jos\u00e9 del Carmen Palacios Aguilar","pensar","Re-pensar","reflexi\u00f3n","rehabitar","teor\u00eda","teor\u00eda e historia","tiempo"],"articleSection":["art\u00edculos","slider principal"],"inLanguage":"es","potentialAction":[{"@type":"CommentAction","name":"Comment","target":["https:\/\/veredes.es\/blog\/habitar-es-reconstruirse-jose-del-carmen-palacios-aguilar\/#respond"]}]},{"@type":"WebPage","@id":"https:\/\/veredes.es\/blog\/habitar-es-reconstruirse-jose-del-carmen-palacios-aguilar\/","url":"https:\/\/veredes.es\/blog\/habitar-es-reconstruirse-jose-del-carmen-palacios-aguilar\/","name":"Habitar es reconstruirse | Jos\u00e9 del Carmen Palacios Aguilar - veredes","isPartOf":{"@id":"https:\/\/veredes.es\/blog\/#website"},"primaryImageOfPage":{"@id":"https:\/\/veredes.es\/blog\/habitar-es-reconstruirse-jose-del-carmen-palacios-aguilar\/#primaryimage"},"image":{"@id":"https:\/\/veredes.es\/blog\/habitar-es-reconstruirse-jose-del-carmen-palacios-aguilar\/#primaryimage"},"thumbnailUrl":"https:\/\/veredes.es\/blog\/wp-content\/uploads\/2023\/08\/Habitar-es-reconstruirse-Jose-del-Carmen-Palacios-Aguilar-Puruchuco-antes-de-su-restauracionFoto-Henri-Reichlen-1950.-Archivo-Sucesion-Jimenez-Borja.jpg","datePublished":"2023-10-01T22:01:25+00:00","description":"Toda la informaci\u00f3n sobre: Habitar es reconstruirse | Jos\u00e9 del Carmen Palacios Aguilar Habitar es vaciarse, es volverse a ocupar, es estar vivo","breadcrumb":{"@id":"https:\/\/veredes.es\/blog\/habitar-es-reconstruirse-jose-del-carmen-palacios-aguilar\/#breadcrumb"},"inLanguage":"es","potentialAction":[{"@type":"ReadAction","target":["https:\/\/veredes.es\/blog\/habitar-es-reconstruirse-jose-del-carmen-palacios-aguilar\/"]}]},{"@type":"ImageObject","inLanguage":"es","@id":"https:\/\/veredes.es\/blog\/habitar-es-reconstruirse-jose-del-carmen-palacios-aguilar\/#primaryimage","url":"https:\/\/veredes.es\/blog\/wp-content\/uploads\/2023\/08\/Habitar-es-reconstruirse-Jose-del-Carmen-Palacios-Aguilar-Puruchuco-antes-de-su-restauracionFoto-Henri-Reichlen-1950.-Archivo-Sucesion-Jimenez-Borja.jpg","contentUrl":"https:\/\/veredes.es\/blog\/wp-content\/uploads\/2023\/08\/Habitar-es-reconstruirse-Jose-del-Carmen-Palacios-Aguilar-Puruchuco-antes-de-su-restauracionFoto-Henri-Reichlen-1950.-Archivo-Sucesion-Jimenez-Borja.jpg","width":1200,"height":834,"caption":"Puruchuco antes de su restauraci\u00f3n Foto Henri Reichlen, 1950. Archivo Sucesi\u00f3n Jim\u00e9nez Borja"},{"@type":"BreadcrumbList","@id":"https:\/\/veredes.es\/blog\/habitar-es-reconstruirse-jose-del-carmen-palacios-aguilar\/#breadcrumb","itemListElement":[{"@type":"ListItem","position":1,"name":"Portada","item":"https:\/\/veredes.es\/blog\/"},{"@type":"ListItem","position":2,"name":"Habitar es reconstruirse | Jos\u00e9 del Carmen Palacios Aguilar"}]},{"@type":"WebSite","@id":"https:\/\/veredes.es\/blog\/#website","url":"https:\/\/veredes.es\/blog\/","name":"veredes, arquitectura y divulgaci\u00f3n","description":"veredes","publisher":{"@id":"https:\/\/veredes.es\/blog\/#organization"},"alternateName":"veredes","potentialAction":[{"@type":"SearchAction","target":{"@type":"EntryPoint","urlTemplate":"https:\/\/veredes.es\/blog\/?s={search_term_string}"},"query-input":{"@type":"PropertyValueSpecification","valueRequired":true,"valueName":"search_term_string"}}],"inLanguage":"es"},{"@type":"Organization","@id":"https:\/\/veredes.es\/blog\/#organization","name":"veredes, arquitectura y divulgaci\u00f3n","alternateName":"veredes","url":"https:\/\/veredes.es\/blog\/","logo":{"@type":"ImageObject","inLanguage":"es","@id":"https:\/\/veredes.es\/blog\/#\/schema\/logo\/image\/","url":"https:\/\/veredes.es\/blog\/wp-content\/uploads\/2021\/12\/veredes-logo-centrado_140x54.png","contentUrl":"https:\/\/veredes.es\/blog\/wp-content\/uploads\/2021\/12\/veredes-logo-centrado_140x54.png","width":140,"height":54,"caption":"veredes, arquitectura y divulgaci\u00f3n"},"image":{"@id":"https:\/\/veredes.es\/blog\/#\/schema\/logo\/image\/"},"sameAs":["https:\/\/www.facebook.com\/veredesArquitecturayDivulgacion\/","https:\/\/x.com\/veredes","https:\/\/instagram.com\/veredes\/","https:\/\/www.linkedin.com\/company\/veredes-arquitectura-y-divulgacion\/","https:\/\/es.pinterest.com\/veredes\/","https:\/\/www.tumblr.com\/veredes"]},{"@type":"Person","@id":"https:\/\/veredes.es\/blog\/#\/schema\/person\/66210ae933d0e051b11bb2fb8ee47bee","name":"Jos\u00e9 del Carmen Palacios Aguilar","image":{"@type":"ImageObject","inLanguage":"es","@id":"https:\/\/veredes.es\/blog\/wp-content\/uploads\/2021\/07\/Jose-del-Carmen-Palacios-96x96.jpg","url":"https:\/\/veredes.es\/blog\/wp-content\/uploads\/2021\/07\/Jose-del-Carmen-Palacios-96x96.jpg","contentUrl":"https:\/\/veredes.es\/blog\/wp-content\/uploads\/2021\/07\/Jose-del-Carmen-Palacios-96x96.jpg","caption":"Jos\u00e9 del Carmen Palacios Aguilar"},"description":"Es Master en Proyectos de Arquitectura, Profesor Asociado a tiempo completo por la Universidad de Lima, Profesor de Proyecto de Arquitectura (2010 hasta la fecha), responsable de la Catedra de Proyectos (2010 \u2013 a la fecha). Coordinador de Talleres b\u00e1sicos de Proyectos desde el 2012, miembro del Comit\u00e9 de Internacionalizaci\u00f3n y Coordinador de Grados y T\u00edtulos de la Carrera de Arquitectura. Realiz\u00f3 estudios de Master en Laboratorio de la Vivienda SXXI ETSAB- UPC- Espa\u00f1a (2005-2007), Master en Teor\u00eda y An\u00e1lisis de Proyectos Arquitect\u00f3nicos UPC -Espa\u00f1a (2007-2008), actualmente es revisor en diversas revisas acad\u00e9micas. Investigador acad\u00e9mico con publicaciones de estudios sobre la vivienda y constante observador sobre los modos de habitar, adem\u00e1s cuenta con publicaciones acad\u00e9micas referidas a las metodolog\u00edas de aprendizaje aplicados a la ense\u00f1anza de la arquitectura en las JIDA. Conferencista en diversos congresos nacionales y seminarios internacionales, en Argentina, Costa Rica, Espa\u00f1a, Holanda, Italia, M\u00e9xico, Paraguay.","sameAs":["https:\/\/www.facebook.com\/profile.php?id=774079565","https:\/\/www.instagram.com\/joepalack\/","https:\/\/www.linkedin.com\/in\/josedelcarmenpalaciosaguilar\/","https:\/\/x.com\/https:\/\/twitter.com\/joepalack"],"url":"https:\/\/veredes.es\/blog\/author\/jose-del-carmen-palacios-aguilar\/"}]}},"_links":{"self":[{"href":"https:\/\/veredes.es\/blog\/wp-json\/wp\/v2\/posts\/95161","targetHints":{"allow":["GET"]}}],"collection":[{"href":"https:\/\/veredes.es\/blog\/wp-json\/wp\/v2\/posts"}],"about":[{"href":"https:\/\/veredes.es\/blog\/wp-json\/wp\/v2\/types\/post"}],"author":[{"embeddable":true,"href":"https:\/\/veredes.es\/blog\/wp-json\/wp\/v2\/users\/74"}],"replies":[{"embeddable":true,"href":"https:\/\/veredes.es\/blog\/wp-json\/wp\/v2\/comments?post=95161"}],"version-history":[{"count":0,"href":"https:\/\/veredes.es\/blog\/wp-json\/wp\/v2\/posts\/95161\/revisions"}],"wp:featuredmedia":[{"embeddable":true,"href":"https:\/\/veredes.es\/blog\/wp-json\/wp\/v2\/media\/95162"}],"wp:attachment":[{"href":"https:\/\/veredes.es\/blog\/wp-json\/wp\/v2\/media?parent=95161"}],"wp:term":[{"taxonomy":"category","embeddable":true,"href":"https:\/\/veredes.es\/blog\/wp-json\/wp\/v2\/categories?post=95161"},{"taxonomy":"post_tag","embeddable":true,"href":"https:\/\/veredes.es\/blog\/wp-json\/wp\/v2\/tags?post=95161"}],"curies":[{"name":"wp","href":"https:\/\/api.w.org\/{rel}","templated":true}]}}