{"id":95128,"date":"2023-09-15T00:01:58","date_gmt":"2023-09-14T22:01:58","guid":{"rendered":"https:\/\/veredes.es\/blog\/?p=95128"},"modified":"2023-12-09T12:04:07","modified_gmt":"2023-12-09T11:04:07","slug":"las-casas-de-barbie-jorge-gorostiza","status":"publish","type":"post","link":"https:\/\/veredes.es\/blog\/las-casas-de-barbie-jorge-gorostiza\/","title":{"rendered":"Las casas de Barbie | Jorge Gorostiza"},"content":{"rendered":"<p style=\"text-align: justify;\">Hace once a\u00f1os escrib\u00ed una\u00a0entrada\u00a0sobre la\u00a0<a href=\"https:\/\/cinearquitecturaciudad.blogspot.com\/2012\/07\/barbie-arquitecta.html\" target=\"_blank\" rel=\"noopener\">Barbie Arquitecta<\/a>, ahora gracias a\u00a0Design Taxi,\u00a0he descubierto que la empresa\u00a0Mattel Creations\u00a0y la revista de arquitectura\u00a0PIN-UP\u00a0han publicado un libro titulado\u00a0<a href=\"https:\/\/creations.mattel.com\/en-es\/pages\/mc-drop-pin-up-magazine-barbie-dreamhouse-book\" target=\"_blank\" rel=\"noopener\"><em>Six Decades of Dreams: An Architectular Survey<\/em><\/a>;\u00a0sus editores son\u00a0Felix Burrichter\u00a0y\u00a0Whitney Mallett, dise\u00f1ado por\u00a0Ben Ganz, tiene textos, entre otras, de la comisaria\u00a0Alexandra Cunnigham Cameron, la escritora\u00a0Natasha Stagg, la novelista\u00a0Elvia Wilk,\u00a0el cr\u00edtico de arquitectura\u00a0Ian Volner\u00a0e incluso la arquitecta\u00a0Beatriz Colomina; adem\u00e1s se debe mencionar a la autora de todas las fotograf\u00edas:\u00a0<a href=\"https:\/\/www.evelynpustka.com\/\" target=\"_blank\" rel=\"noopener\">Evelyn Pustka<\/a>.<\/p>\n<p style=\"text-align: justify;\">En este libro se estudian seis casas de Barbie de diferentes a\u00f1os -1962, 1974, 1979, 1990, 2000 y 2021-, como si fueran edificios construidos en su momento, aportando sus sencillos planos de plantas y alzados, y recogiendo adem\u00e1s detalles de casi todo su mobiliario, compar\u00e1ndolo con muebles reales de esas \u00e9pocas.<\/p>\n<h5><strong>La casa de Barbie, 1962<\/strong><\/h5>\n<figure id=\"attachment_95129\" aria-describedby=\"caption-attachment-95129\" style=\"width: 750px\" class=\"wp-caption alignnone\"><img loading=\"lazy\" decoding=\"async\" class=\"wp-image-95129\" title=\"Las casas de Barbie Jorge Gorostiza 1962 cerrado\" src=\"https:\/\/veredes.es\/blog\/wp-content\/uploads\/2023\/08\/Las-casas-de-Barbie-Jorge-Gorostiza-1962-cerrado.jpg\" alt=\"Las casas de Barbie Jorge Gorostiza 1962 cerrado\" width=\"750\" height=\"459\" srcset=\"https:\/\/veredes.es\/blog\/wp-content\/uploads\/2023\/08\/Las-casas-de-Barbie-Jorge-Gorostiza-1962-cerrado.jpg 448w, https:\/\/veredes.es\/blog\/wp-content\/uploads\/2023\/08\/Las-casas-de-Barbie-Jorge-Gorostiza-1962-cerrado-300x183.jpg 300w\" sizes=\"auto, (max-width: 750px) 100vw, 750px\" \/><figcaption id=\"caption-attachment-95129\" class=\"wp-caption-text\"><span style=\"color: #999999;\">La casa de Barbie, 1962<\/span><\/figcaption><\/figure>\n<p style=\"text-align: justify;\">La que corresponde a 1962 fue el primer intento de crear un entorno arquitect\u00f3nico para la mu\u00f1eca; est\u00e1 formada solo por cuatro planos de cart\u00f3n que representan el suelo y tres paredes de una \u00fanica habitaci\u00f3n, un apartamento m\u00ednimo, dedicado a cuarto de estar y dormitorio.<\/p>\n<p style=\"text-align: justify;\">Su mobiliario est\u00e1 compuesto por una cama sencilla -no hay sitio para nadie m\u00e1s en el lecho de la mu\u00f1eca&#8211;, un sof\u00e1 doble, una mesa, un sill\u00f3n con reposa pies, una silla peque\u00f1a, una l\u00e1mpara y un mueble con un televisor, todos ellos con patas de madera; tambi\u00e9n hay un armario para guardar bastantes trajes, un tocador y una estanter\u00eda con libros, en la pared del fondo, el resto de los elementos, como un ventanal con tres estores, cuadros, y unos banderines, est\u00e1n dibujados sobre esas paredes.<\/p>\n<p style=\"text-align: justify;\">En esos elementos pintados destaca un cuadro en la pared del fondo que representa una casa victoriana, parecida a alguna de las que se comercializar\u00edan d\u00e9cada despu\u00e9s, as\u00ed mismo son interesantes los banderines -en todos se puede leer \u00abState\u00bb-, porque se ha escrito que demuestran que Barbie era universitaria, desconociendo completamente que entonces hasta los ni\u00f1os peque\u00f1os colgaban banderines en las paredes de sus habitaciones.<\/p>\n<p style=\"text-align: justify;\">Todo el conjunto es sobrio y moderno, con colores chillones y por su propia configuraci\u00f3n podr\u00eda ser un decorado cinematogr\u00e1fico, para la televisi\u00f3n o teatral.<\/p>\n<h5><strong>La casa de Barbie, 1974<\/strong><\/h5>\n<figure id=\"attachment_95130\" aria-describedby=\"caption-attachment-95130\" style=\"width: 750px\" class=\"wp-caption alignnone\"><img loading=\"lazy\" decoding=\"async\" class=\"wp-image-95130\" title=\"Las casas de Barbie Jorge Gorostiza 1974 dreamhouse1974\" src=\"https:\/\/veredes.es\/blog\/wp-content\/uploads\/2023\/08\/Las-casas-de-Barbie-Jorge-Gorostiza-1974-dreamhouse1974.jpg\" alt=\"Las casas de Barbie Jorge Gorostiza 1974 dreamhouse1974\" width=\"750\" height=\"1077\" \/><figcaption id=\"caption-attachment-95130\" class=\"wp-caption-text\"><span style=\"color: #999999;\">La casa de Barbie, 1974<\/span><\/figcaption><\/figure>\n<p style=\"text-align: justify;\">La segunda casa elegida en el libro sali\u00f3 a la venta en 1974, es mucho mayor, con tres plantas sostenidas por unos pilares cil\u00edndricos y en medio un ascensor amarillo que las comunica; en la baja hay un espacio abierto y en el fondo, pintado sobre la pared se puede ver un jard\u00edn con una piscina, al lado est\u00e1 la cocina con una ventana a trav\u00e9s de la que se ve un paisaje campestre; la planta intermedia es un sal\u00f3n con un sof\u00e1 y un mueble con un tocadiscos encima, un televisor encastrado debajo y al lado de unas baldas con libros; la planta alta est\u00e1 ocupada por un dormitorio, otra vez con una sola cama, y al fondo puede verse parte de una ba\u00f1era con una cortina para una ducha.<\/p>\n<p style=\"text-align: justify;\">La mayor\u00eda del mobiliario, ventanas, cortinas, cojines cuadros, macetas y l\u00e1mparas, est\u00e1n pintados sobre las paredes, como suced\u00eda con el modelo antes mencionado.<\/p>\n<p style=\"text-align: justify;\">Por primera vez la casa es un edificio con varias alturas y los colores chillones se reservan para el ascensor y algunos muebles, y empiezan a aparecer los rosas y tonos pastel que, como la superposici\u00f3n de las estancias, se seguir\u00e1n usando en las siguientes viviendas; tambi\u00e9n hay que mencionar la aparici\u00f3n todav\u00eda discreta -casi oculta- de un aseo, aunque con un \u00fanico aparato sanitario, con una ba\u00f1era.<\/p>\n<h5><strong>La casa de Barbie, 1979<\/strong><\/h5>\n<figure id=\"attachment_95131\" aria-describedby=\"caption-attachment-95131\" style=\"width: 750px\" class=\"wp-caption alignnone\"><img loading=\"lazy\" decoding=\"async\" class=\"wp-image-95131\" title=\"Las casas de Barbie Jorge Gorostiza 1979 cat\u00e1logo Matel\" src=\"https:\/\/veredes.es\/blog\/wp-content\/uploads\/2023\/08\/Las-casas-de-Barbie-Jorge-Gorostiza-1979-catalogo-Matel.jpg\" alt=\"La casa de Barbie, 1979 cat\u00e1logo Matel\" width=\"750\" height=\"615\" srcset=\"https:\/\/veredes.es\/blog\/wp-content\/uploads\/2023\/08\/Las-casas-de-Barbie-Jorge-Gorostiza-1979-catalogo-Matel.jpg 410w, https:\/\/veredes.es\/blog\/wp-content\/uploads\/2023\/08\/Las-casas-de-Barbie-Jorge-Gorostiza-1979-catalogo-Matel-300x246.jpg 300w\" sizes=\"auto, (max-width: 750px) 100vw, 750px\" \/><figcaption id=\"caption-attachment-95131\" class=\"wp-caption-text\"><span style=\"color: #999999;\">La casa de Barbie, 1979, cat\u00e1logo Matel<\/span><\/figcaption><\/figure>\n<p style=\"text-align: justify;\">La tercera casa corresponde a la misma d\u00e9cada de los setenta, a 1979, y tiene solo dos plantas, la superior est\u00e1 abuhardillada debajo de una cubierta a dos aguas, ocupada casi toda por grandes lucernarios; esta cubierta inclinada que parece de tejas y los maceteros con plantas le dan un aspecto m\u00e1s pr\u00f3ximo a una casa de campo que las dos anteriores.<\/p>\n<p style=\"text-align: justify;\">En las paredes ya no hay ventanas ni muebles, ni elementos pintados como en las anteriores. El edificio es sim\u00e9trico y sus dependencias a ambos lados del eje de simetr\u00eda son iguales, por lo que no es obligatorio que sus usos est\u00e9n predeterminados, pudiendo colocar mobiliario distinto donde se quiera, una libertad que daba m\u00e1s posibilidades a su propietario para que tomase decisiones decorativas, aunque en la mayor\u00eda de las ilustraciones, se muestre el dormitorio en la planta alta, mientras en la baja est\u00e1n la cocina, el comedor y el cuarto de estar, reproduciendo un modelo est\u00e1ndar en que la zona de d\u00eda est\u00e1 debajo, siendo accesible y la de noche, m\u00e1s privada, en la superior.<\/p>\n<h5><strong>La casa de Barbie, 1990<\/strong><\/h5>\n<figure id=\"attachment_95132\" aria-describedby=\"caption-attachment-95132\" style=\"width: 750px\" class=\"wp-caption alignnone\"><img loading=\"lazy\" decoding=\"async\" class=\"wp-image-95132\" title=\"Las casas de Barbie Jorge Gorostiza 1990 dreamhouse1990\" src=\"https:\/\/veredes.es\/blog\/wp-content\/uploads\/2023\/08\/Las-casas-de-Barbie-Jorge-Gorostiza-1990-dreamhouse1990.jpg\" alt=\"Las casas de Barbie, 1990 \" width=\"750\" height=\"622\" \/><figcaption id=\"caption-attachment-95132\" class=\"wp-caption-text\"><span style=\"color: #999999;\">La casa de Barbie, 1990\u00a0<\/span><\/figcaption><\/figure>\n<p style=\"text-align: justify;\">Los autores el libro no eligieron casas de la d\u00e9cada de los ochenta y la siguiente ya es de 1990. Esta edificaci\u00f3n, denominada Magical Mansion, tiene dos plantas, en la baja est\u00e1n el sal\u00f3n comedor, con un tresillo y una mesa circular con cuatro sillas, y en la alta hay un dormitorio y un aseo con una gran ba\u00f1era y un lavabo con un espejo circular en lo alto, aunque todav\u00eda no se han atrevido a incluir un inodoro, ni un bid\u00e9.<\/p>\n<p style=\"text-align: justify;\">Las paredes tampoco tienen dibujos del mobiliario, ni otros elementos, sino solo los azulejos del cuarto de ba\u00f1o y unos papeles pintados con recargado motivos florales. La cubierta vuelve a ser de teja y, a dos aguas, pero esta vez con una terraza en uno de los faldones superiores.<\/p>\n<p style=\"text-align: justify;\">Sin duda, esta es una de las casas m\u00e1s adocenada y con menos inventiva de todas las que han ido produciendo, toda ella tiene el color rosa que ha caracterizado a la mu\u00f1eca, y tanto el mobiliario, como los huecos -con dos <em>bay windows<\/em> incluidos- imitan mal las formas cl\u00e1sicas, banaliz\u00e1ndolas y consiguiendo que todo el conjunto sea un edulcorado pastiche\u00a0 sin inter\u00e9s.<\/p>\n<h5><strong>La casa de Barbie, 2000<\/strong><\/h5>\n<figure id=\"attachment_95133\" aria-describedby=\"caption-attachment-95133\" style=\"width: 750px\" class=\"wp-caption alignnone\"><img loading=\"lazy\" decoding=\"async\" class=\"wp-image-95133\" title=\"Las casas de Barbie Jorge Gorostiza 2000\" src=\"https:\/\/veredes.es\/blog\/wp-content\/uploads\/2023\/08\/Las-casas-de-Barbie-Jorge-Gorostiza-2000.jpg\" alt=\"Las casas de Barbie Jorge Gorostiza 2000\" width=\"750\" height=\"693\" srcset=\"https:\/\/veredes.es\/blog\/wp-content\/uploads\/2023\/08\/Las-casas-de-Barbie-Jorge-Gorostiza-2000.jpg 341w, https:\/\/veredes.es\/blog\/wp-content\/uploads\/2023\/08\/Las-casas-de-Barbie-Jorge-Gorostiza-2000-300x277.jpg 300w\" sizes=\"auto, (max-width: 750px) 100vw, 750px\" \/><figcaption id=\"caption-attachment-95133\" class=\"wp-caption-text\"><span style=\"color: #999999;\">La casa de Barbie, 2000<\/span><\/figcaption><\/figure>\n<p style=\"text-align: justify;\">La pen\u00faltima casa seleccionada es de 2000, vuelve a tener dos plantas, en la baja est\u00e1n la cocina y el sal\u00f3n, incluyendo el hogar de una chimenea, pero sin conducto de humos; y en la alta el dormitorio y un cuarto de ba\u00f1o, con solo una ba\u00f1era y un lavabo, sobre el que hay un espejo ovalado.<\/p>\n<p style=\"text-align: justify;\">En esta edificaci\u00f3n sus creadores se volvieron a acordar de que la mu\u00f1eca ten\u00eda que acceder al piso superior y, como en la de 1974, incluyeron un ascensor, esta vez circular, situado en una esquina con un remate c\u00f3nico, que sobresale de la cubierta, d\u00e1ndole a da a la casa un aire victoriano que la emparenta con los edificios embrujados de las narraciones terror\u00edficas, aunque sus colores con los habituales tonos rosas y pasteles, pretenden eliminar connotaciones siniestras -si se olvida que todo el universo de la mu\u00f1eca es bastante inquietante-.<\/p>\n<p style=\"text-align: justify;\">El estilo formal de esta edificaci\u00f3n es similar al de la anterior, pero depurando sus elementos, lo que logra una peque\u00f1a mejor\u00eda respecto a la de diez a\u00f1os antes.<\/p>\n<h5><strong>La casa de Barbie, 2021<\/strong><\/h5>\n<figure id=\"attachment_95134\" aria-describedby=\"caption-attachment-95134\" style=\"width: 750px\" class=\"wp-caption alignnone\"><img loading=\"lazy\" decoding=\"async\" class=\"wp-image-95134\" src=\"https:\/\/veredes.es\/blog\/wp-content\/uploads\/2023\/08\/Las-casas-de-Barbie-Jorge-Gorostiza-2021.jpg\" alt=\"Las casas de Barbie Jorge Gorostiza 2021\" width=\"750\" height=\"792\" srcset=\"https:\/\/veredes.es\/blog\/wp-content\/uploads\/2023\/08\/Las-casas-de-Barbie-Jorge-Gorostiza-2021.jpg 336w, https:\/\/veredes.es\/blog\/wp-content\/uploads\/2023\/08\/Las-casas-de-Barbie-Jorge-Gorostiza-2021-284x300.jpg 284w\" sizes=\"auto, (max-width: 750px) 100vw, 750px\" \/><figcaption id=\"caption-attachment-95134\" class=\"wp-caption-text\"><span style=\"color: #999999;\">La casa de Barbie, 2021<\/span><\/figcaption><\/figure>\n<p style=\"text-align: justify;\">La \u00faltima vivienda elegida es de 2021 y, dentro de la mediocridad general de todas ellas, tiene un poco m\u00e1s de inter\u00e9s.<\/p>\n<p style=\"text-align: justify;\">Otra vez dispone de tres plantas, la baja vuelve a estar destinada a cocina, comedor y cuarto de estar, con un televisor con una gran pantalla, en un extremo hay un peque\u00f1o jard\u00edn y una piscina a la que llega un tobog\u00e1n que parte de la planta superior; donde est\u00e1 el dormitorio, con literas y un cuarto de ba\u00f1o con una ducha -parece que ya no caben las ba\u00f1eras quiz\u00e1s porque son incorrectas por gastar mucha agua-, un lavabo encastrado y una novedad: un inodoro; en la planta m\u00e1s alta hay una p\u00e9rgola que no ocupa toda la cubierta, sobre un espacio que parece dedicado a las fiestas, porque en \u00e9l hay un equipo de m\u00fasica con platos y dos altavoces grandes, farolillos e incluso una esfera giratoria con espejos, como las de las discotecas.<\/p>\n<p style=\"text-align: justify;\">En un lateral de la edificaci\u00f3n se ha instalado un ascensor adaptado para sillas de ruedas, transparente con paramentos de color -como no- rosa. Se debe mencionar que la mu\u00f1eca Barbie dise\u00f1adora de interiores, que por cierto tiene una pierna ortop\u00e9dica -no se sabe si a causa de un accidente laboral- tiene como accesorio una tableta en la que puede verse esta casa.<\/p>\n<p style=\"text-align: justify;\">Como antes se dec\u00eda, el universo de la mu\u00f1eca es bastante inquietante, con ese af\u00e1n de perfecci\u00f3n en sus vestuarios y complementos, as\u00ed como con una belleza codificada; aunque en los \u00faltimos a\u00f1os, para evitar esas caracter\u00edsticas, se han incluido barbies con tallas, razas y rasgos f\u00edsicos diferentes, pertenecientes adem\u00e1s a profesiones \u00abempoderadas\u00bb, adecu\u00e1ndose a los dictados de lo \u00abpol\u00edticamente correcto\u00bb. Pero no debe olvidarse que los dise\u00f1os de sus casas -a pesar de ser juguetes-, no son inocentes, no se reproducen las viviendas habituales de los seres humanos comunes y corrientes, sino que las edificaciones se convierten en objetos de deseo para ni\u00f1as y en modelos de aquello a lo que deben aspirar en su futuro: riqueza, belleza, glamur&#8230; estereotipos que en conjunto sirven para promocionar un tipo de vida y unas actitudes determinadas, que coinciden con las directrices y la propaganda promulgada por el <em><a href=\"https:\/\/veredes.es\/blog\/tag\/cine\/\" target=\"_blank\" rel=\"noopener\">establishment<\/a><\/em>.<\/p>\n<blockquote class=\"wp-embedded-content\" data-secret=\"laNGuRwtBc\"><p><a href=\"https:\/\/veredes.es\/blog\/las-otras-casas-de-barbie-siglo-xx-jorge-gorostiza\/\">Las otras casas de Barbie. Siglo XX | Jorge Gorostiza<\/a><\/p><\/blockquote>\n<p><iframe loading=\"lazy\" class=\"wp-embedded-content\" sandbox=\"allow-scripts\" security=\"restricted\" style=\"position: absolute; clip: rect(1px, 1px, 1px, 1px);\" title=\"\u00abLas otras casas de Barbie. Siglo XX | Jorge Gorostiza\u00bb \u2014 veredes, arquitectura y divulgaci\u00f3n\" src=\"https:\/\/veredes.es\/blog\/las-otras-casas-de-barbie-siglo-xx-jorge-gorostiza\/embed\/#?secret=MJatgHD6Ei#?secret=laNGuRwtBc\" data-secret=\"laNGuRwtBc\" width=\"600\" height=\"338\" frameborder=\"0\" marginwidth=\"0\" marginheight=\"0\" scrolling=\"no\"><\/iframe><\/p>\n<p>Jorge Gorostiza, Doctor arquitecto.<br \/>\nSanta Cruz de Tenerife, marzo 2023<\/p>\n","protected":false},"excerpt":{"rendered":"<p>Hace once a\u00f1os escrib\u00ed una\u00a0entrada\u00a0sobre la\u00a0Barbie Arquitecta, ahora gracias a\u00a0Design Taxi,\u00a0he descubierto que la empresa\u00a0Mattel Creations\u00a0y la revista de arquitectura\u00a0PIN-UP\u00a0han publicado un libro titulado\u00a0Six Decades of Dreams: An Architectular Survey;\u00a0sus editores son\u00a0Felix Burrichter\u00a0y\u00a0Whitney Mallett, dise\u00f1ado por\u00a0Ben Ganz, tiene textos, entre otras, de la comisaria\u00a0Alexandra Cunnigham Cameron, la escritora\u00a0Natasha Stagg, la novelista\u00a0Elvia Wilk,\u00a0el cr\u00edtico de arquitectura\u00a0Ian [&hellip;]<\/p>\n","protected":false},"author":34,"featured_media":95129,"comment_status":"open","ping_status":"closed","sticky":false,"template":"","format":"standard","meta":{"footnotes":""},"categories":[3,1460,5951],"tags":[5096,12471,4503,9130,16651,1593],"class_list":{"0":"post-95128","1":"post","2":"type-post","3":"status-publish","4":"format-standard","5":"has-post-thumbnail","7":"category-capturas","8":"category-cine","9":"category-slider-principal","10":"tag-beatriz-colomina","11":"tag-cine","12":"tag-diseno-de-mobiliario","13":"tag-diseno-domestico","14":"tag-ian-volner","15":"tag-jorge-gorostiza"},"yoast_head":"<!-- This site is optimized with the Yoast SEO plugin v27.5 - https:\/\/yoast.com\/product\/yoast-seo-wordpress\/ -->\n<title>Las casas de Barbie | Jorge Gorostiza - veredes<\/title>\n<meta name=\"description\" content=\"Toda la informaci\u00f3n sobre: Las casas de Barbie | Jorge Gorostiza\" \/>\n<meta name=\"robots\" content=\"index, follow, max-snippet:-1, max-image-preview:large, max-video-preview:-1\" \/>\n<link rel=\"canonical\" href=\"https:\/\/veredes.es\/blog\/las-casas-de-barbie-jorge-gorostiza\/\" \/>\n<meta property=\"og:locale\" content=\"es_ES\" \/>\n<meta property=\"og:type\" content=\"article\" \/>\n<meta property=\"og:title\" content=\"Las casas de Barbie | Jorge Gorostiza - veredes\" \/>\n<meta property=\"og:description\" content=\"Toda la informaci\u00f3n sobre: Las casas de Barbie | Jorge Gorostiza\" \/>\n<meta property=\"og:url\" content=\"https:\/\/veredes.es\/blog\/las-casas-de-barbie-jorge-gorostiza\/\" \/>\n<meta property=\"og:site_name\" content=\"veredes, arquitectura y divulgaci\u00f3n\" \/>\n<meta property=\"article:publisher\" content=\"https:\/\/www.facebook.com\/veredesArquitecturayDivulgacion\/\" \/>\n<meta property=\"article:author\" content=\"https:\/\/www.facebook.com\/gorostiza\" \/>\n<meta property=\"article:published_time\" content=\"2023-09-14T22:01:58+00:00\" \/>\n<meta property=\"article:modified_time\" content=\"2023-12-09T11:04:07+00:00\" \/>\n<meta property=\"og:image\" content=\"https:\/\/veredes.es\/blog\/wp-content\/uploads\/2023\/08\/Las-casas-de-Barbie-Jorge-Gorostiza-1962-cerrado.jpg\" \/>\n\t<meta property=\"og:image:width\" content=\"448\" \/>\n\t<meta property=\"og:image:height\" content=\"274\" \/>\n\t<meta property=\"og:image:type\" content=\"image\/jpeg\" \/>\n<meta name=\"author\" content=\"Jorge Gorostiza\" \/>\n<meta name=\"twitter:card\" content=\"summary_large_image\" \/>\n<meta name=\"twitter:creator\" content=\"@https:\/\/twitter.com\/jorgegorostiza\" \/>\n<meta name=\"twitter:site\" content=\"@veredes\" \/>\n<meta name=\"twitter:label1\" content=\"Escrito por\" \/>\n\t<meta name=\"twitter:data1\" content=\"Jorge Gorostiza\" \/>\n\t<meta name=\"twitter:label2\" content=\"Tiempo de lectura\" \/>\n\t<meta name=\"twitter:data2\" content=\"9 minutos\" \/>\n<script type=\"application\/ld+json\" class=\"yoast-schema-graph\">{\"@context\":\"https:\\\/\\\/schema.org\",\"@graph\":[{\"@type\":\"Article\",\"@id\":\"https:\\\/\\\/veredes.es\\\/blog\\\/las-casas-de-barbie-jorge-gorostiza\\\/#article\",\"isPartOf\":{\"@id\":\"https:\\\/\\\/veredes.es\\\/blog\\\/las-casas-de-barbie-jorge-gorostiza\\\/\"},\"author\":{\"name\":\"Jorge Gorostiza\",\"@id\":\"https:\\\/\\\/veredes.es\\\/blog\\\/#\\\/schema\\\/person\\\/3f2d8efdf175df3cfcfa51a2b06cc527\"},\"headline\":\"Las casas de Barbie | Jorge Gorostiza\",\"datePublished\":\"2023-09-14T22:01:58+00:00\",\"dateModified\":\"2023-12-09T11:04:07+00:00\",\"mainEntityOfPage\":{\"@id\":\"https:\\\/\\\/veredes.es\\\/blog\\\/las-casas-de-barbie-jorge-gorostiza\\\/\"},\"wordCount\":1722,\"commentCount\":0,\"publisher\":{\"@id\":\"https:\\\/\\\/veredes.es\\\/blog\\\/#organization\"},\"image\":{\"@id\":\"https:\\\/\\\/veredes.es\\\/blog\\\/las-casas-de-barbie-jorge-gorostiza\\\/#primaryimage\"},\"thumbnailUrl\":\"https:\\\/\\\/veredes.es\\\/blog\\\/wp-content\\\/uploads\\\/2023\\\/08\\\/Las-casas-de-Barbie-Jorge-Gorostiza-1962-cerrado.jpg\",\"keywords\":[\"Beatriz Colomina\",\"cine\",\"dise\u00f1o de mobiliario\",\"dise\u00f1o dom\u00e9stico\",\"Ian Volner\",\"Jorge Gorostiza\"],\"articleSection\":[\"capturas\",\"cine\",\"slider principal\"],\"inLanguage\":\"es\",\"potentialAction\":[{\"@type\":\"CommentAction\",\"name\":\"Comment\",\"target\":[\"https:\\\/\\\/veredes.es\\\/blog\\\/las-casas-de-barbie-jorge-gorostiza\\\/#respond\"]}]},{\"@type\":\"WebPage\",\"@id\":\"https:\\\/\\\/veredes.es\\\/blog\\\/las-casas-de-barbie-jorge-gorostiza\\\/\",\"url\":\"https:\\\/\\\/veredes.es\\\/blog\\\/las-casas-de-barbie-jorge-gorostiza\\\/\",\"name\":\"Las casas de Barbie | Jorge Gorostiza - veredes\",\"isPartOf\":{\"@id\":\"https:\\\/\\\/veredes.es\\\/blog\\\/#website\"},\"primaryImageOfPage\":{\"@id\":\"https:\\\/\\\/veredes.es\\\/blog\\\/las-casas-de-barbie-jorge-gorostiza\\\/#primaryimage\"},\"image\":{\"@id\":\"https:\\\/\\\/veredes.es\\\/blog\\\/las-casas-de-barbie-jorge-gorostiza\\\/#primaryimage\"},\"thumbnailUrl\":\"https:\\\/\\\/veredes.es\\\/blog\\\/wp-content\\\/uploads\\\/2023\\\/08\\\/Las-casas-de-Barbie-Jorge-Gorostiza-1962-cerrado.jpg\",\"datePublished\":\"2023-09-14T22:01:58+00:00\",\"dateModified\":\"2023-12-09T11:04:07+00:00\",\"description\":\"Toda la informaci\u00f3n sobre: Las casas de Barbie | Jorge Gorostiza\",\"breadcrumb\":{\"@id\":\"https:\\\/\\\/veredes.es\\\/blog\\\/las-casas-de-barbie-jorge-gorostiza\\\/#breadcrumb\"},\"inLanguage\":\"es\",\"potentialAction\":[{\"@type\":\"ReadAction\",\"target\":[\"https:\\\/\\\/veredes.es\\\/blog\\\/las-casas-de-barbie-jorge-gorostiza\\\/\"]}]},{\"@type\":\"ImageObject\",\"inLanguage\":\"es\",\"@id\":\"https:\\\/\\\/veredes.es\\\/blog\\\/las-casas-de-barbie-jorge-gorostiza\\\/#primaryimage\",\"url\":\"https:\\\/\\\/veredes.es\\\/blog\\\/wp-content\\\/uploads\\\/2023\\\/08\\\/Las-casas-de-Barbie-Jorge-Gorostiza-1962-cerrado.jpg\",\"contentUrl\":\"https:\\\/\\\/veredes.es\\\/blog\\\/wp-content\\\/uploads\\\/2023\\\/08\\\/Las-casas-de-Barbie-Jorge-Gorostiza-1962-cerrado.jpg\",\"width\":448,\"height\":274,\"caption\":\"La casa de Barbie, 1962 cerrado\"},{\"@type\":\"BreadcrumbList\",\"@id\":\"https:\\\/\\\/veredes.es\\\/blog\\\/las-casas-de-barbie-jorge-gorostiza\\\/#breadcrumb\",\"itemListElement\":[{\"@type\":\"ListItem\",\"position\":1,\"name\":\"Portada\",\"item\":\"https:\\\/\\\/veredes.es\\\/blog\\\/\"},{\"@type\":\"ListItem\",\"position\":2,\"name\":\"Las casas de Barbie | Jorge Gorostiza\"}]},{\"@type\":\"WebSite\",\"@id\":\"https:\\\/\\\/veredes.es\\\/blog\\\/#website\",\"url\":\"https:\\\/\\\/veredes.es\\\/blog\\\/\",\"name\":\"veredes, arquitectura y divulgaci\u00f3n\",\"description\":\"veredes\",\"publisher\":{\"@id\":\"https:\\\/\\\/veredes.es\\\/blog\\\/#organization\"},\"alternateName\":\"veredes\",\"potentialAction\":[{\"@type\":\"SearchAction\",\"target\":{\"@type\":\"EntryPoint\",\"urlTemplate\":\"https:\\\/\\\/veredes.es\\\/blog\\\/?s={search_term_string}\"},\"query-input\":{\"@type\":\"PropertyValueSpecification\",\"valueRequired\":true,\"valueName\":\"search_term_string\"}}],\"inLanguage\":\"es\"},{\"@type\":\"Organization\",\"@id\":\"https:\\\/\\\/veredes.es\\\/blog\\\/#organization\",\"name\":\"veredes, arquitectura y divulgaci\u00f3n\",\"alternateName\":\"veredes\",\"url\":\"https:\\\/\\\/veredes.es\\\/blog\\\/\",\"logo\":{\"@type\":\"ImageObject\",\"inLanguage\":\"es\",\"@id\":\"https:\\\/\\\/veredes.es\\\/blog\\\/#\\\/schema\\\/logo\\\/image\\\/\",\"url\":\"https:\\\/\\\/veredes.es\\\/blog\\\/wp-content\\\/uploads\\\/2021\\\/12\\\/veredes-logo-centrado_140x54.png\",\"contentUrl\":\"https:\\\/\\\/veredes.es\\\/blog\\\/wp-content\\\/uploads\\\/2021\\\/12\\\/veredes-logo-centrado_140x54.png\",\"width\":140,\"height\":54,\"caption\":\"veredes, arquitectura y divulgaci\u00f3n\"},\"image\":{\"@id\":\"https:\\\/\\\/veredes.es\\\/blog\\\/#\\\/schema\\\/logo\\\/image\\\/\"},\"sameAs\":[\"https:\\\/\\\/www.facebook.com\\\/veredesArquitecturayDivulgacion\\\/\",\"https:\\\/\\\/x.com\\\/veredes\",\"https:\\\/\\\/instagram.com\\\/veredes\\\/\",\"https:\\\/\\\/www.linkedin.com\\\/company\\\/veredes-arquitectura-y-divulgacion\\\/\",\"https:\\\/\\\/es.pinterest.com\\\/veredes\\\/\",\"https:\\\/\\\/www.tumblr.com\\\/veredes\"]},{\"@type\":\"Person\",\"@id\":\"https:\\\/\\\/veredes.es\\\/blog\\\/#\\\/schema\\\/person\\\/3f2d8efdf175df3cfcfa51a2b06cc527\",\"name\":\"Jorge Gorostiza\",\"image\":{\"@type\":\"ImageObject\",\"inLanguage\":\"es\",\"@id\":\"https:\\\/\\\/veredes.es\\\/blog\\\/wp-content\\\/uploads\\\/2018\\\/04\\\/jorge-gorostiza-96x96.jpg\",\"url\":\"https:\\\/\\\/veredes.es\\\/blog\\\/wp-content\\\/uploads\\\/2018\\\/04\\\/jorge-gorostiza-96x96.jpg\",\"contentUrl\":\"https:\\\/\\\/veredes.es\\\/blog\\\/wp-content\\\/uploads\\\/2018\\\/04\\\/jorge-gorostiza-96x96.jpg\",\"caption\":\"Jorge Gorostiza\"},\"description\":\"Doctor arquitecto por la UPM, 2015. He publicado bastantes libros y muchos art\u00edculos, he impartido conferencias, he sido comisario de exposiciones y jurado en much\u00edsmos festivales. Si quieren saber m\u00e1s no duden en consultar mi blog ARQUITECTURA + CINE + CIUDAD. En este blog se ir\u00e1n recogiendo art\u00edculos y textos dispersos por la Web, as\u00ed como otros publicados y libres de derechos, que traten sobre Cine, Arquitectura y Ciudad. As\u00ed quienes est\u00e9n interesados por las relaciones entre la ficci\u00f3n y la realidad, podr\u00e1n tener m\u00e1s argumentos para profundizar en esas relaciones. No es un blog en el que se vayan a hacer comentarios sobre las vivencias personales de su responsable, que adem\u00e1s a nadie interesan. Por supuesto que est\u00e1 abierto a cualquiera que le gusten estos temas, sirviendo como foro de debate y como lugar donde todos podamos aprender con las ideas de los dem\u00e1s.\",\"sameAs\":[\"http:\\\/\\\/cinearquitecturaciudad.blogspot.com.es\\\/\",\"https:\\\/\\\/www.facebook.com\\\/gorostiza\",\"https:\\\/\\\/www.instagram.com\\\/jorge.gorostiza\\\/\",\"https:\\\/\\\/www.linkedin.com\\\/in\\\/jorge-gorostiza-022a6a13\\\/\",\"https:\\\/\\\/x.com\\\/https:\\\/\\\/twitter.com\\\/jorgegorostiza\"],\"url\":\"https:\\\/\\\/veredes.es\\\/blog\\\/author\\\/jorge-gorostiza\\\/\"}]}<\/script>\n<!-- \/ Yoast SEO plugin. -->","yoast_head_json":{"title":"Las casas de Barbie | Jorge Gorostiza - veredes","description":"Toda la informaci\u00f3n sobre: Las casas de Barbie | Jorge Gorostiza","robots":{"index":"index","follow":"follow","max-snippet":"max-snippet:-1","max-image-preview":"max-image-preview:large","max-video-preview":"max-video-preview:-1"},"canonical":"https:\/\/veredes.es\/blog\/las-casas-de-barbie-jorge-gorostiza\/","og_locale":"es_ES","og_type":"article","og_title":"Las casas de Barbie | Jorge Gorostiza - veredes","og_description":"Toda la informaci\u00f3n sobre: Las casas de Barbie | Jorge Gorostiza","og_url":"https:\/\/veredes.es\/blog\/las-casas-de-barbie-jorge-gorostiza\/","og_site_name":"veredes, arquitectura y divulgaci\u00f3n","article_publisher":"https:\/\/www.facebook.com\/veredesArquitecturayDivulgacion\/","article_author":"https:\/\/www.facebook.com\/gorostiza","article_published_time":"2023-09-14T22:01:58+00:00","article_modified_time":"2023-12-09T11:04:07+00:00","og_image":[{"width":448,"height":274,"url":"https:\/\/veredes.es\/blog\/wp-content\/uploads\/2023\/08\/Las-casas-de-Barbie-Jorge-Gorostiza-1962-cerrado.jpg","type":"image\/jpeg"}],"author":"Jorge Gorostiza","twitter_card":"summary_large_image","twitter_creator":"@https:\/\/twitter.com\/jorgegorostiza","twitter_site":"@veredes","twitter_misc":{"Escrito por":"Jorge Gorostiza","Tiempo de lectura":"9 minutos"},"schema":{"@context":"https:\/\/schema.org","@graph":[{"@type":"Article","@id":"https:\/\/veredes.es\/blog\/las-casas-de-barbie-jorge-gorostiza\/#article","isPartOf":{"@id":"https:\/\/veredes.es\/blog\/las-casas-de-barbie-jorge-gorostiza\/"},"author":{"name":"Jorge Gorostiza","@id":"https:\/\/veredes.es\/blog\/#\/schema\/person\/3f2d8efdf175df3cfcfa51a2b06cc527"},"headline":"Las casas de Barbie | Jorge Gorostiza","datePublished":"2023-09-14T22:01:58+00:00","dateModified":"2023-12-09T11:04:07+00:00","mainEntityOfPage":{"@id":"https:\/\/veredes.es\/blog\/las-casas-de-barbie-jorge-gorostiza\/"},"wordCount":1722,"commentCount":0,"publisher":{"@id":"https:\/\/veredes.es\/blog\/#organization"},"image":{"@id":"https:\/\/veredes.es\/blog\/las-casas-de-barbie-jorge-gorostiza\/#primaryimage"},"thumbnailUrl":"https:\/\/veredes.es\/blog\/wp-content\/uploads\/2023\/08\/Las-casas-de-Barbie-Jorge-Gorostiza-1962-cerrado.jpg","keywords":["Beatriz Colomina","cine","dise\u00f1o de mobiliario","dise\u00f1o dom\u00e9stico","Ian Volner","Jorge Gorostiza"],"articleSection":["capturas","cine","slider principal"],"inLanguage":"es","potentialAction":[{"@type":"CommentAction","name":"Comment","target":["https:\/\/veredes.es\/blog\/las-casas-de-barbie-jorge-gorostiza\/#respond"]}]},{"@type":"WebPage","@id":"https:\/\/veredes.es\/blog\/las-casas-de-barbie-jorge-gorostiza\/","url":"https:\/\/veredes.es\/blog\/las-casas-de-barbie-jorge-gorostiza\/","name":"Las casas de Barbie | Jorge Gorostiza - veredes","isPartOf":{"@id":"https:\/\/veredes.es\/blog\/#website"},"primaryImageOfPage":{"@id":"https:\/\/veredes.es\/blog\/las-casas-de-barbie-jorge-gorostiza\/#primaryimage"},"image":{"@id":"https:\/\/veredes.es\/blog\/las-casas-de-barbie-jorge-gorostiza\/#primaryimage"},"thumbnailUrl":"https:\/\/veredes.es\/blog\/wp-content\/uploads\/2023\/08\/Las-casas-de-Barbie-Jorge-Gorostiza-1962-cerrado.jpg","datePublished":"2023-09-14T22:01:58+00:00","dateModified":"2023-12-09T11:04:07+00:00","description":"Toda la informaci\u00f3n sobre: Las casas de Barbie | Jorge Gorostiza","breadcrumb":{"@id":"https:\/\/veredes.es\/blog\/las-casas-de-barbie-jorge-gorostiza\/#breadcrumb"},"inLanguage":"es","potentialAction":[{"@type":"ReadAction","target":["https:\/\/veredes.es\/blog\/las-casas-de-barbie-jorge-gorostiza\/"]}]},{"@type":"ImageObject","inLanguage":"es","@id":"https:\/\/veredes.es\/blog\/las-casas-de-barbie-jorge-gorostiza\/#primaryimage","url":"https:\/\/veredes.es\/blog\/wp-content\/uploads\/2023\/08\/Las-casas-de-Barbie-Jorge-Gorostiza-1962-cerrado.jpg","contentUrl":"https:\/\/veredes.es\/blog\/wp-content\/uploads\/2023\/08\/Las-casas-de-Barbie-Jorge-Gorostiza-1962-cerrado.jpg","width":448,"height":274,"caption":"La casa de Barbie, 1962 cerrado"},{"@type":"BreadcrumbList","@id":"https:\/\/veredes.es\/blog\/las-casas-de-barbie-jorge-gorostiza\/#breadcrumb","itemListElement":[{"@type":"ListItem","position":1,"name":"Portada","item":"https:\/\/veredes.es\/blog\/"},{"@type":"ListItem","position":2,"name":"Las casas de Barbie | Jorge Gorostiza"}]},{"@type":"WebSite","@id":"https:\/\/veredes.es\/blog\/#website","url":"https:\/\/veredes.es\/blog\/","name":"veredes, arquitectura y divulgaci\u00f3n","description":"veredes","publisher":{"@id":"https:\/\/veredes.es\/blog\/#organization"},"alternateName":"veredes","potentialAction":[{"@type":"SearchAction","target":{"@type":"EntryPoint","urlTemplate":"https:\/\/veredes.es\/blog\/?s={search_term_string}"},"query-input":{"@type":"PropertyValueSpecification","valueRequired":true,"valueName":"search_term_string"}}],"inLanguage":"es"},{"@type":"Organization","@id":"https:\/\/veredes.es\/blog\/#organization","name":"veredes, arquitectura y divulgaci\u00f3n","alternateName":"veredes","url":"https:\/\/veredes.es\/blog\/","logo":{"@type":"ImageObject","inLanguage":"es","@id":"https:\/\/veredes.es\/blog\/#\/schema\/logo\/image\/","url":"https:\/\/veredes.es\/blog\/wp-content\/uploads\/2021\/12\/veredes-logo-centrado_140x54.png","contentUrl":"https:\/\/veredes.es\/blog\/wp-content\/uploads\/2021\/12\/veredes-logo-centrado_140x54.png","width":140,"height":54,"caption":"veredes, arquitectura y divulgaci\u00f3n"},"image":{"@id":"https:\/\/veredes.es\/blog\/#\/schema\/logo\/image\/"},"sameAs":["https:\/\/www.facebook.com\/veredesArquitecturayDivulgacion\/","https:\/\/x.com\/veredes","https:\/\/instagram.com\/veredes\/","https:\/\/www.linkedin.com\/company\/veredes-arquitectura-y-divulgacion\/","https:\/\/es.pinterest.com\/veredes\/","https:\/\/www.tumblr.com\/veredes"]},{"@type":"Person","@id":"https:\/\/veredes.es\/blog\/#\/schema\/person\/3f2d8efdf175df3cfcfa51a2b06cc527","name":"Jorge Gorostiza","image":{"@type":"ImageObject","inLanguage":"es","@id":"https:\/\/veredes.es\/blog\/wp-content\/uploads\/2018\/04\/jorge-gorostiza-96x96.jpg","url":"https:\/\/veredes.es\/blog\/wp-content\/uploads\/2018\/04\/jorge-gorostiza-96x96.jpg","contentUrl":"https:\/\/veredes.es\/blog\/wp-content\/uploads\/2018\/04\/jorge-gorostiza-96x96.jpg","caption":"Jorge Gorostiza"},"description":"Doctor arquitecto por la UPM, 2015. He publicado bastantes libros y muchos art\u00edculos, he impartido conferencias, he sido comisario de exposiciones y jurado en much\u00edsmos festivales. Si quieren saber m\u00e1s no duden en consultar mi blog ARQUITECTURA + CINE + CIUDAD. En este blog se ir\u00e1n recogiendo art\u00edculos y textos dispersos por la Web, as\u00ed como otros publicados y libres de derechos, que traten sobre Cine, Arquitectura y Ciudad. As\u00ed quienes est\u00e9n interesados por las relaciones entre la ficci\u00f3n y la realidad, podr\u00e1n tener m\u00e1s argumentos para profundizar en esas relaciones. No es un blog en el que se vayan a hacer comentarios sobre las vivencias personales de su responsable, que adem\u00e1s a nadie interesan. Por supuesto que est\u00e1 abierto a cualquiera que le gusten estos temas, sirviendo como foro de debate y como lugar donde todos podamos aprender con las ideas de los dem\u00e1s.","sameAs":["http:\/\/cinearquitecturaciudad.blogspot.com.es\/","https:\/\/www.facebook.com\/gorostiza","https:\/\/www.instagram.com\/jorge.gorostiza\/","https:\/\/www.linkedin.com\/in\/jorge-gorostiza-022a6a13\/","https:\/\/x.com\/https:\/\/twitter.com\/jorgegorostiza"],"url":"https:\/\/veredes.es\/blog\/author\/jorge-gorostiza\/"}]}},"_links":{"self":[{"href":"https:\/\/veredes.es\/blog\/wp-json\/wp\/v2\/posts\/95128","targetHints":{"allow":["GET"]}}],"collection":[{"href":"https:\/\/veredes.es\/blog\/wp-json\/wp\/v2\/posts"}],"about":[{"href":"https:\/\/veredes.es\/blog\/wp-json\/wp\/v2\/types\/post"}],"author":[{"embeddable":true,"href":"https:\/\/veredes.es\/blog\/wp-json\/wp\/v2\/users\/34"}],"replies":[{"embeddable":true,"href":"https:\/\/veredes.es\/blog\/wp-json\/wp\/v2\/comments?post=95128"}],"version-history":[{"count":0,"href":"https:\/\/veredes.es\/blog\/wp-json\/wp\/v2\/posts\/95128\/revisions"}],"wp:featuredmedia":[{"embeddable":true,"href":"https:\/\/veredes.es\/blog\/wp-json\/wp\/v2\/media\/95129"}],"wp:attachment":[{"href":"https:\/\/veredes.es\/blog\/wp-json\/wp\/v2\/media?parent=95128"}],"wp:term":[{"taxonomy":"category","embeddable":true,"href":"https:\/\/veredes.es\/blog\/wp-json\/wp\/v2\/categories?post=95128"},{"taxonomy":"post_tag","embeddable":true,"href":"https:\/\/veredes.es\/blog\/wp-json\/wp\/v2\/tags?post=95128"}],"curies":[{"name":"wp","href":"https:\/\/api.w.org\/{rel}","templated":true}]}}