{"id":94927,"date":"2023-08-29T00:01:54","date_gmt":"2023-08-28T22:01:54","guid":{"rendered":"https:\/\/veredes.es\/blog\/?p=94927"},"modified":"2023-07-31T20:40:59","modified_gmt":"2023-07-31T18:40:59","slug":"lo-neutro-arquitectura-por-defecto","status":"publish","type":"post","link":"https:\/\/veredes.es\/blog\/lo-neutro-arquitectura-por-defecto\/","title":{"rendered":"Lo neutro. Arquitectura por defecto"},"content":{"rendered":"<figure id=\"attachment_94929\" aria-describedby=\"caption-attachment-94929\" style=\"width: 2250px\" class=\"wp-caption alignnone\"><img loading=\"lazy\" decoding=\"async\" class=\"wp-image-94929 size-full\" title=\"Lo neutro. Arquitectura por defecto Silvia Colmenares\" src=\"https:\/\/veredes.es\/blog\/wp-content\/uploads\/2023\/07\/Lo-neutro.-Arquitectura-por-defecto-Silvia-Colmenares.jpg\" alt=\"Lo neutro. Arquitectura por defecto Silvia Colmenares\" width=\"2250\" height=\"2250\" srcset=\"https:\/\/veredes.es\/blog\/wp-content\/uploads\/2023\/07\/Lo-neutro.-Arquitectura-por-defecto-Silvia-Colmenares.jpg 2250w, https:\/\/veredes.es\/blog\/wp-content\/uploads\/2023\/07\/Lo-neutro.-Arquitectura-por-defecto-Silvia-Colmenares-300x300.jpg 300w, https:\/\/veredes.es\/blog\/wp-content\/uploads\/2023\/07\/Lo-neutro.-Arquitectura-por-defecto-Silvia-Colmenares-1024x1024.jpg 1024w, https:\/\/veredes.es\/blog\/wp-content\/uploads\/2023\/07\/Lo-neutro.-Arquitectura-por-defecto-Silvia-Colmenares-120x120.jpg 120w, https:\/\/veredes.es\/blog\/wp-content\/uploads\/2023\/07\/Lo-neutro.-Arquitectura-por-defecto-Silvia-Colmenares-1536x1536.jpg 1536w, https:\/\/veredes.es\/blog\/wp-content\/uploads\/2023\/07\/Lo-neutro.-Arquitectura-por-defecto-Silvia-Colmenares-2048x2048.jpg 2048w, https:\/\/veredes.es\/blog\/wp-content\/uploads\/2023\/07\/Lo-neutro.-Arquitectura-por-defecto-Silvia-Colmenares-696x696.jpg 696w, https:\/\/veredes.es\/blog\/wp-content\/uploads\/2023\/07\/Lo-neutro.-Arquitectura-por-defecto-Silvia-Colmenares-1068x1068.jpg 1068w, https:\/\/veredes.es\/blog\/wp-content\/uploads\/2023\/07\/Lo-neutro.-Arquitectura-por-defecto-Silvia-Colmenares-1920x1920.jpg 1920w\" sizes=\"auto, (max-width: 2250px) 100vw, 2250px\" \/><figcaption id=\"caption-attachment-94929\" class=\"wp-caption-text\"><span style=\"color: #999999;\">Lo neutro. Arquitectura por defecto. Silvia Colmenares<\/span><\/figcaption><\/figure>\n<p style=\"text-align: justify;\">Este texto pretende comprobar la viabilidad de \u2018lo neutro\u2019 como posible instrumento para nombrar algunas operaciones en arquitectura. Frente al sistema de dualidades con el que enunciamos lo real, lo neutro se sit\u00faa, no tanto en el punto medio, como en el punto opuesto a ambos t\u00e9rminos. No es la conjunci\u00f3n de contrarios, sino aquello que desv\u00eda la propia pregunta que obliga a elegir. Pr\u00f3ximo a los conceptos de indefinici\u00f3n, indiferencia e inacci\u00f3n, lo neutro se revela como un mecanismo fundamental de disoluci\u00f3n para la arquitectura.<\/p>\n<p style=\"text-align: justify;\">Tras un an\u00e1lisis del contexto te\u00f3rico sobre el que se asienta la dial\u00e9ctica bidireccional forma-funci\u00f3n, su consolidaci\u00f3n en los primeros a\u00f1os del siglo XX y tambi\u00e9n su puesta en crisis mediante la introducci\u00f3n de nociones multi-relacionales como entorno y sistema, se proponen tres modelos de estudio: la planta tipo, la planta \u00fanica y la planta de equivalencias. En cada uno de ellos se reconoce la presencia de los mecanismos geom\u00e9tricos y operaciones conceptuales que lo neutro utiliza para generar respectivamente condiciones de \u2018soporte\u2019, de \u2018marco\u2019 o de \u2018campo\u2019.<\/p>\n<figure id=\"attachment_94928\" aria-describedby=\"caption-attachment-94928\" style=\"width: 1080px\" class=\"wp-caption alignnone\"><img loading=\"lazy\" decoding=\"async\" class=\"wp-image-94928 size-full\" title=\"Lo neutro. Arquitectura por defecto Silvia Colmenares\" src=\"https:\/\/veredes.es\/blog\/wp-content\/uploads\/2023\/07\/Lo-neutro.-Arquitectura-por-defecto-Silvia-Colmenares.gif\" alt=\"Lo neutro. Arquitectura por defecto Silvia Colmenares\" width=\"1080\" height=\"1080\" \/><figcaption id=\"caption-attachment-94928\" class=\"wp-caption-text\"><span style=\"color: #999999;\">Lo neutro. Arquitectura por defecto. Silvia Colmenares<\/span><\/figcaption><\/figure>\n<p style=\"text-align: justify;\">Todas ellas apuntan a un entendimiento de lo neutro que asocia su f\u00f3rmula de doble negaci\u00f3n (ni lo uno, ni lo otro) con el estado m\u00e1s incipiente de la materia, aquel en el que todav\u00eda no es, pero que contiene ya todos los elementos de posibilidad de ser: lo neutro como potencia.<\/p>\n<p style=\"text-align: justify;\">Por ello, se desarrollan tambi\u00e9n algunas estrategias basadas en la renuncia, abordando la cuesti\u00f3n de la potencialidad desde la negaci\u00f3n. Partiendo de dos condiciones superficiales b\u00e1sicas, la del muro vertical y la del suelo horizontal, se analizan algunos discursos basados en una restricci\u00f3n radical a estos dos elementos. Por \u00faltimo, la posibilidad de toda potencia de no actualizarse lleva a explorar el no-hacer como renuncia voluntaria y su capacidad de transformarse en acto de resistencia.<\/p>\n<blockquote>\n<p style=\"text-align: justify;\">\u00abOs pido que imagin\u00e9is una habitaci\u00f3n como millares de otras, con una ventana que daba, por encima de los sombreros de la gente, los camiones y los coches, a otras ventanas, y encima de la mesa de la habitaci\u00f3n una hoja de papel en blanco.\u00bb<\/p>\n<p style=\"text-align: right;\">Virginia Woolf<\/p>\n<\/blockquote>\n<p><iframe style=\"width: 120px; height: 240px;\" src=\"\/\/rcm-eu.amazon-adsystem.com\/e\/cm?lt1=_blank&amp;bc1=000000&amp;IS2=1&amp;bg1=FFFFFF&amp;fc1=000000&amp;lc1=0000FF&amp;t=veredes-21&amp;language=es_ES&amp;o=30&amp;p=8&amp;l=as4&amp;m=amazon&amp;f=ifr&amp;ref=as_ss_li_til&amp;asins=8412590619&amp;linkId=03f2c41c041e0af3023109072c71d018\" frameborder=\"0\" marginwidth=\"0\" marginheight=\"0\" scrolling=\"no\" sandbox=\"allow-popups allow-scripts allow-modals allow-forms allow-same-origin\"><\/iframe> <iframe sandbox=\"allow-popups allow-scripts allow-modals allow-forms allow-same-origin\" style=\"width:120px;height:240px;\" marginwidth=\"0\" marginheight=\"0\" scrolling=\"no\" frameborder=\"0\" src=\"\/\/rcm-eu.amazon-adsystem.com\/e\/cm?lt1=_blank&#038;bc1=000000&#038;IS2=1&#038;bg1=FFFFFF&#038;fc1=000000&#038;lc1=0000FF&#038;t=veredes-21&#038;language=es_ES&#038;o=30&#038;p=8&#038;l=as4&#038;m=amazon&#038;f=ifr&#038;ref=as_ss_li_til&#038;asins=8494593250&#038;linkId=ad0cb6cb86df967e5e3b4b552ee84bf2\"><\/iframe><\/p>\n","protected":false},"excerpt":{"rendered":"<p>Este texto pretende comprobar la viabilidad de \u2018lo neutro\u2019 como posible instrumento para nombrar algunas operaciones en arquitectura. Frente al sistema de dualidades con el que enunciamos lo real, lo neutro se sit\u00faa, no tanto en el punto medio, como en el punto opuesto a ambos t\u00e9rminos. No es la conjunci\u00f3n de contrarios, sino aquello [&hellip;]<\/p>\n","protected":false},"author":2,"featured_media":94929,"comment_status":"open","ping_status":"closed","sticky":false,"template":"","format":"standard","meta":{"footnotes":""},"categories":[794,26],"tags":[3170,12205,1120,13735,16616],"class_list":{"0":"post-94927","1":"post","2":"type-post","3":"status-publish","4":"format-standard","5":"has-post-thumbnail","7":"category-libros","8":"category-publicaciones","9":"tag-fundacion-caja-de-arquitectos","10":"tag-libro","11":"tag-publicacion","12":"tag-silvia-colmenares","13":"tag-virginia-woolf"},"yoast_head":"<!-- This site is optimized with the Yoast SEO plugin v27.5 - https:\/\/yoast.com\/product\/yoast-seo-wordpress\/ -->\n<title>Lo neutro. Arquitectura por defecto - veredes<\/title>\n<meta name=\"description\" content=\"Toda la informaci\u00f3n sobre: Lo neutro. Arquitectura por defecto\" \/>\n<meta name=\"robots\" content=\"index, follow, max-snippet:-1, max-image-preview:large, max-video-preview:-1\" \/>\n<link rel=\"canonical\" href=\"https:\/\/veredes.es\/blog\/lo-neutro-arquitectura-por-defecto\/\" \/>\n<meta property=\"og:locale\" content=\"es_ES\" \/>\n<meta property=\"og:type\" content=\"article\" \/>\n<meta property=\"og:title\" content=\"Lo neutro. Arquitectura por defecto - veredes\" \/>\n<meta property=\"og:description\" content=\"Toda la informaci\u00f3n sobre: Lo neutro. Arquitectura por defecto\" \/>\n<meta property=\"og:url\" content=\"https:\/\/veredes.es\/blog\/lo-neutro-arquitectura-por-defecto\/\" \/>\n<meta property=\"og:site_name\" content=\"veredes, arquitectura y divulgaci\u00f3n\" \/>\n<meta property=\"article:publisher\" content=\"https:\/\/www.facebook.com\/veredesArquitecturayDivulgacion\/\" \/>\n<meta property=\"article:author\" content=\"https:\/\/www.facebook.com\/veredesArquitecturayDivulgacion\/\" \/>\n<meta property=\"article:published_time\" content=\"2023-08-28T22:01:54+00:00\" \/>\n<meta property=\"og:image\" content=\"https:\/\/veredes.es\/blog\/wp-content\/uploads\/2023\/07\/Lo-neutro.-Arquitectura-por-defecto-Silvia-Colmenares.jpg\" \/>\n\t<meta property=\"og:image:width\" content=\"2250\" \/>\n\t<meta property=\"og:image:height\" content=\"2250\" \/>\n\t<meta property=\"og:image:type\" content=\"image\/jpeg\" \/>\n<meta name=\"author\" content=\"veredes\" \/>\n<meta name=\"twitter:card\" content=\"summary_large_image\" \/>\n<meta name=\"twitter:creator\" content=\"@https:\/\/twitter.com\/veredes\" \/>\n<meta name=\"twitter:site\" content=\"@veredes\" \/>\n<meta name=\"twitter:label1\" content=\"Escrito por\" \/>\n\t<meta name=\"twitter:data1\" content=\"veredes\" \/>\n\t<meta name=\"twitter:label2\" content=\"Tiempo de lectura\" \/>\n\t<meta name=\"twitter:data2\" content=\"2 minutos\" \/>\n<script type=\"application\/ld+json\" class=\"yoast-schema-graph\">{\"@context\":\"https:\\\/\\\/schema.org\",\"@graph\":[{\"@type\":\"Article\",\"@id\":\"https:\\\/\\\/veredes.es\\\/blog\\\/lo-neutro-arquitectura-por-defecto\\\/#article\",\"isPartOf\":{\"@id\":\"https:\\\/\\\/veredes.es\\\/blog\\\/lo-neutro-arquitectura-por-defecto\\\/\"},\"author\":{\"name\":\"veredes\",\"@id\":\"https:\\\/\\\/veredes.es\\\/blog\\\/#\\\/schema\\\/person\\\/0bbb669073ef7faba5168a0844e93d2c\"},\"headline\":\"Lo neutro. Arquitectura por defecto\",\"datePublished\":\"2023-08-28T22:01:54+00:00\",\"mainEntityOfPage\":{\"@id\":\"https:\\\/\\\/veredes.es\\\/blog\\\/lo-neutro-arquitectura-por-defecto\\\/\"},\"wordCount\":410,\"commentCount\":0,\"publisher\":{\"@id\":\"https:\\\/\\\/veredes.es\\\/blog\\\/#organization\"},\"image\":{\"@id\":\"https:\\\/\\\/veredes.es\\\/blog\\\/lo-neutro-arquitectura-por-defecto\\\/#primaryimage\"},\"thumbnailUrl\":\"https:\\\/\\\/veredes.es\\\/blog\\\/wp-content\\\/uploads\\\/2023\\\/07\\\/Lo-neutro.-Arquitectura-por-defecto-Silvia-Colmenares.jpg\",\"keywords\":[\"fundaci\u00f3n Caja de Arquitectos\",\"libro\",\"publicaci\u00f3n\",\"Silvia Colmenares\",\"Virginia Woolf\"],\"articleSection\":[\"libros\",\"publicaciones\"],\"inLanguage\":\"es\",\"potentialAction\":[{\"@type\":\"CommentAction\",\"name\":\"Comment\",\"target\":[\"https:\\\/\\\/veredes.es\\\/blog\\\/lo-neutro-arquitectura-por-defecto\\\/#respond\"]}]},{\"@type\":\"WebPage\",\"@id\":\"https:\\\/\\\/veredes.es\\\/blog\\\/lo-neutro-arquitectura-por-defecto\\\/\",\"url\":\"https:\\\/\\\/veredes.es\\\/blog\\\/lo-neutro-arquitectura-por-defecto\\\/\",\"name\":\"Lo neutro. Arquitectura por defecto - veredes\",\"isPartOf\":{\"@id\":\"https:\\\/\\\/veredes.es\\\/blog\\\/#website\"},\"primaryImageOfPage\":{\"@id\":\"https:\\\/\\\/veredes.es\\\/blog\\\/lo-neutro-arquitectura-por-defecto\\\/#primaryimage\"},\"image\":{\"@id\":\"https:\\\/\\\/veredes.es\\\/blog\\\/lo-neutro-arquitectura-por-defecto\\\/#primaryimage\"},\"thumbnailUrl\":\"https:\\\/\\\/veredes.es\\\/blog\\\/wp-content\\\/uploads\\\/2023\\\/07\\\/Lo-neutro.-Arquitectura-por-defecto-Silvia-Colmenares.jpg\",\"datePublished\":\"2023-08-28T22:01:54+00:00\",\"description\":\"Toda la informaci\u00f3n sobre: Lo neutro. Arquitectura por defecto\",\"breadcrumb\":{\"@id\":\"https:\\\/\\\/veredes.es\\\/blog\\\/lo-neutro-arquitectura-por-defecto\\\/#breadcrumb\"},\"inLanguage\":\"es\",\"potentialAction\":[{\"@type\":\"ReadAction\",\"target\":[\"https:\\\/\\\/veredes.es\\\/blog\\\/lo-neutro-arquitectura-por-defecto\\\/\"]}]},{\"@type\":\"ImageObject\",\"inLanguage\":\"es\",\"@id\":\"https:\\\/\\\/veredes.es\\\/blog\\\/lo-neutro-arquitectura-por-defecto\\\/#primaryimage\",\"url\":\"https:\\\/\\\/veredes.es\\\/blog\\\/wp-content\\\/uploads\\\/2023\\\/07\\\/Lo-neutro.-Arquitectura-por-defecto-Silvia-Colmenares.jpg\",\"contentUrl\":\"https:\\\/\\\/veredes.es\\\/blog\\\/wp-content\\\/uploads\\\/2023\\\/07\\\/Lo-neutro.-Arquitectura-por-defecto-Silvia-Colmenares.jpg\",\"width\":2250,\"height\":2250,\"caption\":\"Lo neutro. Arquitectura por defecto. Silvia Colmenares\"},{\"@type\":\"BreadcrumbList\",\"@id\":\"https:\\\/\\\/veredes.es\\\/blog\\\/lo-neutro-arquitectura-por-defecto\\\/#breadcrumb\",\"itemListElement\":[{\"@type\":\"ListItem\",\"position\":1,\"name\":\"Portada\",\"item\":\"https:\\\/\\\/veredes.es\\\/blog\\\/\"},{\"@type\":\"ListItem\",\"position\":2,\"name\":\"Lo neutro. Arquitectura por defecto\"}]},{\"@type\":\"WebSite\",\"@id\":\"https:\\\/\\\/veredes.es\\\/blog\\\/#website\",\"url\":\"https:\\\/\\\/veredes.es\\\/blog\\\/\",\"name\":\"veredes, arquitectura y divulgaci\u00f3n\",\"description\":\"veredes\",\"publisher\":{\"@id\":\"https:\\\/\\\/veredes.es\\\/blog\\\/#organization\"},\"alternateName\":\"veredes\",\"potentialAction\":[{\"@type\":\"SearchAction\",\"target\":{\"@type\":\"EntryPoint\",\"urlTemplate\":\"https:\\\/\\\/veredes.es\\\/blog\\\/?s={search_term_string}\"},\"query-input\":{\"@type\":\"PropertyValueSpecification\",\"valueRequired\":true,\"valueName\":\"search_term_string\"}}],\"inLanguage\":\"es\"},{\"@type\":\"Organization\",\"@id\":\"https:\\\/\\\/veredes.es\\\/blog\\\/#organization\",\"name\":\"veredes, arquitectura y divulgaci\u00f3n\",\"alternateName\":\"veredes\",\"url\":\"https:\\\/\\\/veredes.es\\\/blog\\\/\",\"logo\":{\"@type\":\"ImageObject\",\"inLanguage\":\"es\",\"@id\":\"https:\\\/\\\/veredes.es\\\/blog\\\/#\\\/schema\\\/logo\\\/image\\\/\",\"url\":\"https:\\\/\\\/veredes.es\\\/blog\\\/wp-content\\\/uploads\\\/2021\\\/12\\\/veredes-logo-centrado_140x54.png\",\"contentUrl\":\"https:\\\/\\\/veredes.es\\\/blog\\\/wp-content\\\/uploads\\\/2021\\\/12\\\/veredes-logo-centrado_140x54.png\",\"width\":140,\"height\":54,\"caption\":\"veredes, arquitectura y divulgaci\u00f3n\"},\"image\":{\"@id\":\"https:\\\/\\\/veredes.es\\\/blog\\\/#\\\/schema\\\/logo\\\/image\\\/\"},\"sameAs\":[\"https:\\\/\\\/www.facebook.com\\\/veredesArquitecturayDivulgacion\\\/\",\"https:\\\/\\\/x.com\\\/veredes\",\"https:\\\/\\\/instagram.com\\\/veredes\\\/\",\"https:\\\/\\\/www.linkedin.com\\\/company\\\/veredes-arquitectura-y-divulgacion\\\/\",\"https:\\\/\\\/es.pinterest.com\\\/veredes\\\/\",\"https:\\\/\\\/www.tumblr.com\\\/veredes\"]},{\"@type\":\"Person\",\"@id\":\"https:\\\/\\\/veredes.es\\\/blog\\\/#\\\/schema\\\/person\\\/0bbb669073ef7faba5168a0844e93d2c\",\"name\":\"veredes\",\"image\":{\"@type\":\"ImageObject\",\"inLanguage\":\"es\",\"@id\":\"https:\\\/\\\/veredes.es\\\/blog\\\/wp-content\\\/uploads\\\/2018\\\/04\\\/face-96x96.jpg\",\"url\":\"https:\\\/\\\/veredes.es\\\/blog\\\/wp-content\\\/uploads\\\/2018\\\/04\\\/face-96x96.jpg\",\"contentUrl\":\"https:\\\/\\\/veredes.es\\\/blog\\\/wp-content\\\/uploads\\\/2018\\\/04\\\/face-96x96.jpg\",\"caption\":\"veredes\"},\"description\":\"Surge enero de 2009 como b\u00fasqueda de satisfacer el conocimiento de la actividad arquitect\u00f3nica y tangentes que se generan. La idea es crear un espacio para divulgar los diversos proyectos en busca de nueva inspiraci\u00f3n y de intercambio.\",\"sameAs\":[\"https:\\\/\\\/veredes.es\\\/\",\"https:\\\/\\\/www.facebook.com\\\/veredesArquitecturayDivulgacion\\\/\",\"https:\\\/\\\/www.instagram.com\\\/veredes\\\/\",\"https:\\\/\\\/www.linkedin.com\\\/company\\\/veredes-arquitectura-y-divulgacion\\\/\",\"https:\\\/\\\/www.pinterest.es\\\/veredes\\\/\",\"https:\\\/\\\/x.com\\\/https:\\\/\\\/twitter.com\\\/veredes\",\"https:\\\/\\\/veredes.tumblr.com\\\/\"],\"url\":\"https:\\\/\\\/veredes.es\\\/blog\\\/author\\\/alberto\\\/\"}]}<\/script>\n<!-- \/ Yoast SEO plugin. -->","yoast_head_json":{"title":"Lo neutro. Arquitectura por defecto - veredes","description":"Toda la informaci\u00f3n sobre: Lo neutro. Arquitectura por defecto","robots":{"index":"index","follow":"follow","max-snippet":"max-snippet:-1","max-image-preview":"max-image-preview:large","max-video-preview":"max-video-preview:-1"},"canonical":"https:\/\/veredes.es\/blog\/lo-neutro-arquitectura-por-defecto\/","og_locale":"es_ES","og_type":"article","og_title":"Lo neutro. Arquitectura por defecto - veredes","og_description":"Toda la informaci\u00f3n sobre: Lo neutro. Arquitectura por defecto","og_url":"https:\/\/veredes.es\/blog\/lo-neutro-arquitectura-por-defecto\/","og_site_name":"veredes, arquitectura y divulgaci\u00f3n","article_publisher":"https:\/\/www.facebook.com\/veredesArquitecturayDivulgacion\/","article_author":"https:\/\/www.facebook.com\/veredesArquitecturayDivulgacion\/","article_published_time":"2023-08-28T22:01:54+00:00","og_image":[{"width":2250,"height":2250,"url":"https:\/\/veredes.es\/blog\/wp-content\/uploads\/2023\/07\/Lo-neutro.-Arquitectura-por-defecto-Silvia-Colmenares.jpg","type":"image\/jpeg"}],"author":"veredes","twitter_card":"summary_large_image","twitter_creator":"@https:\/\/twitter.com\/veredes","twitter_site":"@veredes","twitter_misc":{"Escrito por":"veredes","Tiempo de lectura":"2 minutos"},"schema":{"@context":"https:\/\/schema.org","@graph":[{"@type":"Article","@id":"https:\/\/veredes.es\/blog\/lo-neutro-arquitectura-por-defecto\/#article","isPartOf":{"@id":"https:\/\/veredes.es\/blog\/lo-neutro-arquitectura-por-defecto\/"},"author":{"name":"veredes","@id":"https:\/\/veredes.es\/blog\/#\/schema\/person\/0bbb669073ef7faba5168a0844e93d2c"},"headline":"Lo neutro. Arquitectura por defecto","datePublished":"2023-08-28T22:01:54+00:00","mainEntityOfPage":{"@id":"https:\/\/veredes.es\/blog\/lo-neutro-arquitectura-por-defecto\/"},"wordCount":410,"commentCount":0,"publisher":{"@id":"https:\/\/veredes.es\/blog\/#organization"},"image":{"@id":"https:\/\/veredes.es\/blog\/lo-neutro-arquitectura-por-defecto\/#primaryimage"},"thumbnailUrl":"https:\/\/veredes.es\/blog\/wp-content\/uploads\/2023\/07\/Lo-neutro.-Arquitectura-por-defecto-Silvia-Colmenares.jpg","keywords":["fundaci\u00f3n Caja de Arquitectos","libro","publicaci\u00f3n","Silvia Colmenares","Virginia Woolf"],"articleSection":["libros","publicaciones"],"inLanguage":"es","potentialAction":[{"@type":"CommentAction","name":"Comment","target":["https:\/\/veredes.es\/blog\/lo-neutro-arquitectura-por-defecto\/#respond"]}]},{"@type":"WebPage","@id":"https:\/\/veredes.es\/blog\/lo-neutro-arquitectura-por-defecto\/","url":"https:\/\/veredes.es\/blog\/lo-neutro-arquitectura-por-defecto\/","name":"Lo neutro. Arquitectura por defecto - veredes","isPartOf":{"@id":"https:\/\/veredes.es\/blog\/#website"},"primaryImageOfPage":{"@id":"https:\/\/veredes.es\/blog\/lo-neutro-arquitectura-por-defecto\/#primaryimage"},"image":{"@id":"https:\/\/veredes.es\/blog\/lo-neutro-arquitectura-por-defecto\/#primaryimage"},"thumbnailUrl":"https:\/\/veredes.es\/blog\/wp-content\/uploads\/2023\/07\/Lo-neutro.-Arquitectura-por-defecto-Silvia-Colmenares.jpg","datePublished":"2023-08-28T22:01:54+00:00","description":"Toda la informaci\u00f3n sobre: Lo neutro. Arquitectura por defecto","breadcrumb":{"@id":"https:\/\/veredes.es\/blog\/lo-neutro-arquitectura-por-defecto\/#breadcrumb"},"inLanguage":"es","potentialAction":[{"@type":"ReadAction","target":["https:\/\/veredes.es\/blog\/lo-neutro-arquitectura-por-defecto\/"]}]},{"@type":"ImageObject","inLanguage":"es","@id":"https:\/\/veredes.es\/blog\/lo-neutro-arquitectura-por-defecto\/#primaryimage","url":"https:\/\/veredes.es\/blog\/wp-content\/uploads\/2023\/07\/Lo-neutro.-Arquitectura-por-defecto-Silvia-Colmenares.jpg","contentUrl":"https:\/\/veredes.es\/blog\/wp-content\/uploads\/2023\/07\/Lo-neutro.-Arquitectura-por-defecto-Silvia-Colmenares.jpg","width":2250,"height":2250,"caption":"Lo neutro. Arquitectura por defecto. Silvia Colmenares"},{"@type":"BreadcrumbList","@id":"https:\/\/veredes.es\/blog\/lo-neutro-arquitectura-por-defecto\/#breadcrumb","itemListElement":[{"@type":"ListItem","position":1,"name":"Portada","item":"https:\/\/veredes.es\/blog\/"},{"@type":"ListItem","position":2,"name":"Lo neutro. Arquitectura por defecto"}]},{"@type":"WebSite","@id":"https:\/\/veredes.es\/blog\/#website","url":"https:\/\/veredes.es\/blog\/","name":"veredes, arquitectura y divulgaci\u00f3n","description":"veredes","publisher":{"@id":"https:\/\/veredes.es\/blog\/#organization"},"alternateName":"veredes","potentialAction":[{"@type":"SearchAction","target":{"@type":"EntryPoint","urlTemplate":"https:\/\/veredes.es\/blog\/?s={search_term_string}"},"query-input":{"@type":"PropertyValueSpecification","valueRequired":true,"valueName":"search_term_string"}}],"inLanguage":"es"},{"@type":"Organization","@id":"https:\/\/veredes.es\/blog\/#organization","name":"veredes, arquitectura y divulgaci\u00f3n","alternateName":"veredes","url":"https:\/\/veredes.es\/blog\/","logo":{"@type":"ImageObject","inLanguage":"es","@id":"https:\/\/veredes.es\/blog\/#\/schema\/logo\/image\/","url":"https:\/\/veredes.es\/blog\/wp-content\/uploads\/2021\/12\/veredes-logo-centrado_140x54.png","contentUrl":"https:\/\/veredes.es\/blog\/wp-content\/uploads\/2021\/12\/veredes-logo-centrado_140x54.png","width":140,"height":54,"caption":"veredes, arquitectura y divulgaci\u00f3n"},"image":{"@id":"https:\/\/veredes.es\/blog\/#\/schema\/logo\/image\/"},"sameAs":["https:\/\/www.facebook.com\/veredesArquitecturayDivulgacion\/","https:\/\/x.com\/veredes","https:\/\/instagram.com\/veredes\/","https:\/\/www.linkedin.com\/company\/veredes-arquitectura-y-divulgacion\/","https:\/\/es.pinterest.com\/veredes\/","https:\/\/www.tumblr.com\/veredes"]},{"@type":"Person","@id":"https:\/\/veredes.es\/blog\/#\/schema\/person\/0bbb669073ef7faba5168a0844e93d2c","name":"veredes","image":{"@type":"ImageObject","inLanguage":"es","@id":"https:\/\/veredes.es\/blog\/wp-content\/uploads\/2018\/04\/face-96x96.jpg","url":"https:\/\/veredes.es\/blog\/wp-content\/uploads\/2018\/04\/face-96x96.jpg","contentUrl":"https:\/\/veredes.es\/blog\/wp-content\/uploads\/2018\/04\/face-96x96.jpg","caption":"veredes"},"description":"Surge enero de 2009 como b\u00fasqueda de satisfacer el conocimiento de la actividad arquitect\u00f3nica y tangentes que se generan. La idea es crear un espacio para divulgar los diversos proyectos en busca de nueva inspiraci\u00f3n y de intercambio.","sameAs":["https:\/\/veredes.es\/","https:\/\/www.facebook.com\/veredesArquitecturayDivulgacion\/","https:\/\/www.instagram.com\/veredes\/","https:\/\/www.linkedin.com\/company\/veredes-arquitectura-y-divulgacion\/","https:\/\/www.pinterest.es\/veredes\/","https:\/\/x.com\/https:\/\/twitter.com\/veredes","https:\/\/veredes.tumblr.com\/"],"url":"https:\/\/veredes.es\/blog\/author\/alberto\/"}]}},"_links":{"self":[{"href":"https:\/\/veredes.es\/blog\/wp-json\/wp\/v2\/posts\/94927","targetHints":{"allow":["GET"]}}],"collection":[{"href":"https:\/\/veredes.es\/blog\/wp-json\/wp\/v2\/posts"}],"about":[{"href":"https:\/\/veredes.es\/blog\/wp-json\/wp\/v2\/types\/post"}],"author":[{"embeddable":true,"href":"https:\/\/veredes.es\/blog\/wp-json\/wp\/v2\/users\/2"}],"replies":[{"embeddable":true,"href":"https:\/\/veredes.es\/blog\/wp-json\/wp\/v2\/comments?post=94927"}],"version-history":[{"count":0,"href":"https:\/\/veredes.es\/blog\/wp-json\/wp\/v2\/posts\/94927\/revisions"}],"wp:featuredmedia":[{"embeddable":true,"href":"https:\/\/veredes.es\/blog\/wp-json\/wp\/v2\/media\/94929"}],"wp:attachment":[{"href":"https:\/\/veredes.es\/blog\/wp-json\/wp\/v2\/media?parent=94927"}],"wp:term":[{"taxonomy":"category","embeddable":true,"href":"https:\/\/veredes.es\/blog\/wp-json\/wp\/v2\/categories?post=94927"},{"taxonomy":"post_tag","embeddable":true,"href":"https:\/\/veredes.es\/blog\/wp-json\/wp\/v2\/tags?post=94927"}],"curies":[{"name":"wp","href":"https:\/\/api.w.org\/{rel}","templated":true}]}}