{"id":94725,"date":"2023-07-17T00:01:20","date_gmt":"2023-07-16T22:01:20","guid":{"rendered":"https:\/\/veredes.es\/blog\/?p=94725"},"modified":"2023-07-11T17:49:58","modified_gmt":"2023-07-11T15:49:58","slug":"la-creacion-de-las-ciudades-la-importancia-de-revisar-los-origenes-para-aproximarnos-al-entendimiento-de-la-situacion-actual-fernando-freire-forga","status":"publish","type":"post","link":"https:\/\/veredes.es\/blog\/la-creacion-de-las-ciudades-la-importancia-de-revisar-los-origenes-para-aproximarnos-al-entendimiento-de-la-situacion-actual-fernando-freire-forga\/","title":{"rendered":"La creaci\u00f3n de las ciudades. La importancia de revisar los or\u00edgenes para aproximarnos al entendimiento de la situaci\u00f3n actual | Fernando Freire Forga"},"content":{"rendered":"<p style=\"text-align: justify;\">En el a\u00f1o 2014 acompa\u00f1\u00e9 al arque\u00f3logo Gabriel Prieto en diversas salidas de campo como parte de los trabajos de levantamiento de informaci\u00f3n en la zona costera del norte del pa\u00eds.<sup>1<\/sup> Visitamos los restos arqueol\u00f3gicos de Caral, en Supe, luego nos detuvimos en la Fortaleza Chim\u00fa de Paramonga, continuamos el trayecto y visitamos Las Aldas, en Ancash. As\u00ed mismo, realizamos una visita en el complejo arqueo-astron\u00f3mico de Chankillo, recorrimos Sech\u00edn y visitamos una serie de \u201cpir\u00e1mides\u201d muy antiguas en los alrededores de la ciudad de Casma, las cuales est\u00e1n construidas -en sus etapas m\u00e1s tempranas- con adobes de forma c\u00f3nica.<\/p>\n<figure id=\"attachment_94726\" aria-describedby=\"caption-attachment-94726\" style=\"width: 883px\" class=\"wp-caption alignnone\"><img loading=\"lazy\" decoding=\"async\" class=\"wp-image-94726 size-full\" title=\"La creaci\u00f3n de las ciudades Fernando Freire Forga Adobes c\u00f3nicos encontrados en Sech\u00edn-alto, con una antig\u00fcedad mayor a los 2000 a\u00f1os antes de Cristo\" src=\"https:\/\/veredes.es\/blog\/wp-content\/uploads\/2023\/07\/La-creacion-de-las-ciudades-Fernando-Freire-Forga-Adobes-conicos-encontrados-en-Sechin-alto-con-una-antiguedad-mayor-a-los-2000-anos-antes-de-Cristo.jpg\" alt=\"La creaci\u00f3n de las ciudades Fernando Freire Forga Adobes c\u00f3nicos encontrados en Sech\u00edn-alto, con una antig\u00fcedad mayor a los 2000 a\u00f1os antes de Cristo\" width=\"883\" height=\"493\" srcset=\"https:\/\/veredes.es\/blog\/wp-content\/uploads\/2023\/07\/La-creacion-de-las-ciudades-Fernando-Freire-Forga-Adobes-conicos-encontrados-en-Sechin-alto-con-una-antiguedad-mayor-a-los-2000-anos-antes-de-Cristo.jpg 883w, https:\/\/veredes.es\/blog\/wp-content\/uploads\/2023\/07\/La-creacion-de-las-ciudades-Fernando-Freire-Forga-Adobes-conicos-encontrados-en-Sechin-alto-con-una-antiguedad-mayor-a-los-2000-anos-antes-de-Cristo-300x167.jpg 300w, https:\/\/veredes.es\/blog\/wp-content\/uploads\/2023\/07\/La-creacion-de-las-ciudades-Fernando-Freire-Forga-Adobes-conicos-encontrados-en-Sechin-alto-con-una-antiguedad-mayor-a-los-2000-anos-antes-de-Cristo-696x389.jpg 696w\" sizes=\"auto, (max-width: 883px) 100vw, 883px\" \/><figcaption id=\"caption-attachment-94726\" class=\"wp-caption-text\"><span style=\"color: #999999;\">Adobes c\u00f3nicos encontrados en Sech\u00edn-alto, con una antig\u00fcedad mayor a los 2000 a\u00f1os antes de Cristo.<\/span><\/figcaption><\/figure>\n<p style=\"text-align: justify;\">El arque\u00f3logo Prieto realiz\u00f3 un levantamiento detallado de informaci\u00f3n en el borde costero que se encuentra entre las Aldas y Puerto Casma. Zonas arqueol\u00f3gicas caracterizadas por playas espectaculares como el Huaro y la Gramita. As\u00ed mismo, visitamos la fant\u00e1stica canalizaci\u00f3n Chim\u00fa en los humedales a los alrededores de Puerto Casma, en el distrito Comandante Noel.<\/p>\n<figure id=\"attachment_94727\" aria-describedby=\"caption-attachment-94727\" style=\"width: 824px\" class=\"wp-caption alignnone\"><img loading=\"lazy\" decoding=\"async\" class=\"wp-image-94727 size-full\" title=\"La creaci\u00f3n de las ciudades Fernando FreirCanalizaci\u00f3n de origen Chim\u00fa en los Humedales en los alrededores de Puerto Casma, vistos desde el Google Earth\" src=\"https:\/\/veredes.es\/blog\/wp-content\/uploads\/2023\/07\/La-creacion-de-las-ciudades-Fernando-FreirCanalizacion-de-origen-Chimu-en-los-Humedales-en-los-alrededores-de-Puerto-Casma-vistos-desde-el-Google-Earth.png\" alt=\"La creaci\u00f3n de las ciudades Fernando FreirCanalizaci\u00f3n de origen Chim\u00fa en los Humedales en los alrededores de Puerto Casma, vistos desde el Google Earth\" width=\"824\" height=\"491\" srcset=\"https:\/\/veredes.es\/blog\/wp-content\/uploads\/2023\/07\/La-creacion-de-las-ciudades-Fernando-FreirCanalizacion-de-origen-Chimu-en-los-Humedales-en-los-alrededores-de-Puerto-Casma-vistos-desde-el-Google-Earth.png 824w, https:\/\/veredes.es\/blog\/wp-content\/uploads\/2023\/07\/La-creacion-de-las-ciudades-Fernando-FreirCanalizacion-de-origen-Chimu-en-los-Humedales-en-los-alrededores-de-Puerto-Casma-vistos-desde-el-Google-Earth-300x179.png 300w, https:\/\/veredes.es\/blog\/wp-content\/uploads\/2023\/07\/La-creacion-de-las-ciudades-Fernando-FreirCanalizacion-de-origen-Chimu-en-los-Humedales-en-los-alrededores-de-Puerto-Casma-vistos-desde-el-Google-Earth-696x415.png 696w\" sizes=\"auto, (max-width: 824px) 100vw, 824px\" \/><figcaption id=\"caption-attachment-94727\" class=\"wp-caption-text\"><span style=\"color: #999999;\">Canalizaci\u00f3n de origen Chim\u00fa en los Humedales en los alrededores de Puerto Casma, vistos desde el Google Earth<\/span><\/figcaption><\/figure>\n<p style=\"text-align: justify;\">Finalmente visitamos la muralla Chim\u00fa al norte del rio Santa, muralla que sirvi\u00f3 para proteger un canal de regad\u00edo y agua potable que abastec\u00eda el asentamiento que controlaba los yacimientos de sal en la zona. En relaci\u00f3n a esta muralla, hay registros y teor\u00edas que indican que esta estructura se prolongaba hasta el valle de Chicama, al norte de la ciudad de Trujillo.<\/p>\n<figure id=\"attachment_94728\" aria-describedby=\"caption-attachment-94728\" style=\"width: 1080px\" class=\"wp-caption alignnone\"><img loading=\"lazy\" decoding=\"async\" class=\"wp-image-94728 size-full\" title=\"La creaci\u00f3n de las ciudades Fernando Freire Forga Muralla del Gran\u00a0Chim\u00fa\" src=\"https:\/\/veredes.es\/blog\/wp-content\/uploads\/2023\/07\/La-creacion-de-las-ciudades-Fernando-Freire-Forga-Muralla-del-Gran-Chimu.jpg\" alt=\"La creaci\u00f3n de las ciudades Fernando Freire Forga Muralla del Gran\u00a0Chim\u00fa\" width=\"1080\" height=\"1712\" srcset=\"https:\/\/veredes.es\/blog\/wp-content\/uploads\/2023\/07\/La-creacion-de-las-ciudades-Fernando-Freire-Forga-Muralla-del-Gran-Chimu.jpg 1080w, https:\/\/veredes.es\/blog\/wp-content\/uploads\/2023\/07\/La-creacion-de-las-ciudades-Fernando-Freire-Forga-Muralla-del-Gran-Chimu-189x300.jpg 189w, https:\/\/veredes.es\/blog\/wp-content\/uploads\/2023\/07\/La-creacion-de-las-ciudades-Fernando-Freire-Forga-Muralla-del-Gran-Chimu-646x1024.jpg 646w, https:\/\/veredes.es\/blog\/wp-content\/uploads\/2023\/07\/La-creacion-de-las-ciudades-Fernando-Freire-Forga-Muralla-del-Gran-Chimu-969x1536.jpg 969w, https:\/\/veredes.es\/blog\/wp-content\/uploads\/2023\/07\/La-creacion-de-las-ciudades-Fernando-Freire-Forga-Muralla-del-Gran-Chimu-696x1103.jpg 696w, https:\/\/veredes.es\/blog\/wp-content\/uploads\/2023\/07\/La-creacion-de-las-ciudades-Fernando-Freire-Forga-Muralla-del-Gran-Chimu-1068x1693.jpg 1068w\" sizes=\"auto, (max-width: 1080px) 100vw, 1080px\" \/><figcaption id=\"caption-attachment-94728\" class=\"wp-caption-text\"><span style=\"color: #999999;\">\u00abMuralla del Gran\u00a0Chim\u00fa\u00bb.<\/span><br \/><span style=\"color: #999999;\">Estudios previos consideran que era un camino que nac\u00eda al norte de Chimbote y que se adentraba hacia el interior cruzando las quebradas de la margen derecha del Santa, llegando hasta el valle de Chicama.<\/span><\/figcaption><\/figure>\n<p style=\"text-align: justify;\">Luego de varias semanas, al finalizar el recorrido, surgieron m\u00e1s interrogantes por resolver que respuestas o informaci\u00f3n certera que nos permita entender la ocupaci\u00f3n milenaria que experiment\u00f3 nuestro territorio, mucho antes de la colonizaci\u00f3n espa\u00f1ola.<\/p>\n<p style=\"text-align: justify;\">Desde mi \u00e1ngulo de observaci\u00f3n profesional, el inter\u00e9s primordial se enfoc\u00f3 en entender el orden de c\u00f3mo se dio la ocupaci\u00f3n, desde los inicios de las civilizaciones ancestrales, pasando por el crecimiento y consolidaci\u00f3n de los asentamientos y\/o poblados, tratando de interpretar los restos visitados para lograr un posible entendimiento en supuestas soluciones urbanas aplicadas en las zonas de estudio.<\/p>\n<h5 style=\"text-align: justify;\"><strong>Antecedentes<\/strong><\/h5>\n<p style=\"text-align: justify;\">Para entender los or\u00edgenes de la ocupaci\u00f3n andina hay que tratar de interpretar los sucesos que posiblemente permitieron asentarse a las personas en diferentes lugares de la costa peruana.<\/p>\n<p style=\"text-align: justify;\">Luego de experiencias milenarias para subsistir al clima, la geograf\u00eda y los componentes sociales que permitan una vida adecuada para el crecimiento de las sociedades, las posibilidades son vastas y diversas. Hay teor\u00edas que sugieren que la ocupaci\u00f3n de la costa corresponde a expansiones de poblaciones que estuvieron inicialmente asentadas en la sierra para luego ocupar los bordes costeros. No obstante, los registros de fechas se\u00f1alan que es m\u00e1s probable que se ocupara la costa al inicio de la ocupaci\u00f3n andina.<sup>2<\/sup><\/p>\n<p style=\"text-align: justify;\">Lo interesante de realizar estos estudios de ocupaci\u00f3n es la incomparable oportunidad de sumergirse en una inagotable fuente de suposiciones y teor\u00edas, las cuales siempre ser\u00e1n muy dif\u00edciles de comprobar en su totalidad. Sin embargo, los estudios realizados y todas las teor\u00edas que surgen de estos nos permiten la aproximaci\u00f3n a una posible realidad que sucedi\u00f3 miles de a\u00f1os atr\u00e1s. Los estudios realizados por el arquitecto <a href=\"https:\/\/www.arqandina.com\/pages\/general\/art05.htm\" target=\"_blank\" rel=\"noopener\">Carlos Williams<\/a>, los cuales dedic\u00f3 a entender la ocupaci\u00f3n andina, son determinantes para entender la evoluci\u00f3n urbana y arquitect\u00f3nica que experimentaron nuestros antepasados.<sup>3<\/sup><\/p>\n<p style=\"text-align: justify;\">Lo primero que podemos interpretar es que tribus o familias se asentaron en lugares determinados, luego de verificar que se ubican en una zona segura y con posibilidades de obtener recursos que les permita vivir por el mayor tiempo posible en esa ubicaci\u00f3n. El clima en esta ubicaci\u00f3n geogr\u00e1fica es templado y la zona costera cuenta con recursos naturales animales, marinos, terrestres y vegetales.<\/p>\n<figure id=\"attachment_94730\" aria-describedby=\"caption-attachment-94730\" style=\"width: 502px\" class=\"wp-caption alignnone\"><img loading=\"lazy\" decoding=\"async\" class=\"size-full wp-image-94730\" src=\"https:\/\/veredes.es\/blog\/wp-content\/uploads\/2023\/07\/La-creacion-de-las-ciudades-Fernando-Freire-Forga-Esquema-realizado-por-el-arquitecto-Carlos-Williams-donde-propone-patrones-de-asentamiento.png\" alt=\"La creaci\u00f3n de las ciudades Fernando Freire Forga Esquema realizado por el arquitecto Carlos Williams donde propone patrones de asentamiento\" width=\"502\" height=\"454\" srcset=\"https:\/\/veredes.es\/blog\/wp-content\/uploads\/2023\/07\/La-creacion-de-las-ciudades-Fernando-Freire-Forga-Esquema-realizado-por-el-arquitecto-Carlos-Williams-donde-propone-patrones-de-asentamiento.png 502w, https:\/\/veredes.es\/blog\/wp-content\/uploads\/2023\/07\/La-creacion-de-las-ciudades-Fernando-Freire-Forga-Esquema-realizado-por-el-arquitecto-Carlos-Williams-donde-propone-patrones-de-asentamiento-300x271.png 300w\" sizes=\"auto, (max-width: 502px) 100vw, 502px\" \/><figcaption id=\"caption-attachment-94730\" class=\"wp-caption-text\"><span style=\"color: #999999;\">Esquema realizado por el arquitecto Carlos Williams donde propone patrones de asentamiento en relaci\u00f3n a la ubicaci\u00f3n de los recursos que permitir\u00e1n la vida de sus habitantes.<\/span><br \/><span style=\"color: #999999;\">N\u00f3tese la precisi\u00f3n y lo org\u00e1nico de la soluci\u00f3n b\u00e1sica en una ocupaci\u00f3n ancestral.<\/span><\/figcaption><\/figure>\n<p style=\"text-align: justify;\">La relaci\u00f3n comercial o trueque entre los primeros ocupantes correspond\u00eda a un recurso esencial de vida que se practic\u00f3 desde etapas n\u00f3madas (cazadores\/recolectores), antes de establecer una ocupaci\u00f3n permanente. Por consiguiente, la estabilidad obtenida al asentarse permanentemente en un lugar permitir\u00e1 el origen de las ciudades.<\/p>\n<p style=\"text-align: justify;\">La arquitectura ir\u00e1 manifest\u00e1ndose en proporci\u00f3n directa a las necesidades de cada grupo de personas en los diversos asentamientos que ocuparon la zona costera. Inicialmente aparecer\u00e1n los habit\u00e1culos que permitan generar protecci\u00f3n a los ocupantes, corrales, caminos, entre otros elementos que conformar\u00e1n un<\/p>\n<blockquote>\n<p style=\"text-align: justify;\"><em>\u201cprimer e incipiente equipamiento urbano\u201d.<\/em><\/p>\n<\/blockquote>\n<h6 style=\"text-align: justify; padding-left: 40px;\"><strong>1. Los Primeros Hitos Urbanos<\/strong><\/h6>\n<p style=\"text-align: justify; padding-left: 40px;\">Inicialmente tendr\u00e1n que ser geogr\u00e1ficos, un mont\u00edculo, un cerro, una quebrada, un \u00e1rbol o un conjunto de ellos, entre otros\u2026 Elementos que servir\u00e1n como referencia de identificaci\u00f3n al lugar donde uno va a pertenecer construyendo habit\u00e1culos y espacios que permitan el desarrollo de la vida. Acto seguido hay que limpiar la zona dom\u00e9stica, donde la familia transitar\u00e1 y habitar\u00e1. En esta zona de ocupaci\u00f3n inicial, para asegurar los recursos alimenticios, se tiene que cultivar y para ello tuvieron que fertilizar la tierra que ha sido casi est\u00e9ril durante miles de a\u00f1os. Un primer paso es la limpieza de piedras, las cuales son arrumadas en mont\u00edculos que van a ir creciendo y generando un hito referencial en las zonas de cultivo. Estos mont\u00edculos de piedras, producto de la limpieza de las zonas de cultivo, probablemente se convertir\u00e1n \u2013luego de los habit\u00e1culos- en los primeros hitos urbanos artificiales, creados por los primeros ocupantes del lugar. Podr\u00e1n servir tambi\u00e9n para dividir tipos de sembr\u00edos o zonas de trabajo por familias o integrantes de los primeros asentamientos. Lleg\u00e1ndose a presumir que las primeras estructuras piramidales pudieron responder a una continuaci\u00f3n constructiva de estos c\u00famulos de piedras que resultaron como parte de limpieza de la zona a cultivar.<\/p>\n<h6 style=\"text-align: justify; padding-left: 40px;\"><strong>2. Los Primeros Utensilios<\/strong><\/h6>\n<p style=\"text-align: justify; padding-left: 40px;\">Los recursos naturales ser\u00e1 la primera fuente de abastecimiento para generar herramientas o instrumentos que permitan facilitar la vida. De modo similar al uso de pieles de animales para cubrirse y protegerse del frio,<sup>4<\/sup> las conchas marinas o caracolas, estos utensilios servir\u00e1n para cultivar, cazar animales, acarrear agua, cocinar, entre otros. Seg\u00fan los estudios arqueol\u00f3gicos, el uso de la cer\u00e1mica reci\u00e9n se iniciar\u00e1 alrededor de los 2,000 a\u00f1os antes Cristo.<\/p>\n<h6 style=\"text-align: justify; padding-left: 40px;\"><strong>3. Las Primeras Civilizaciones<\/strong><\/h6>\n<p style=\"text-align: justify; padding-left: 40px;\">Seg\u00fan el registro realizado por los estudios arqueol\u00f3gicos, las primeras civilizaciones que registra la ocupaci\u00f3n andina se sit\u00faan al norte de la ciudad de Lima (Norte Chico) en lugares como lo estudiado en el complejo de Caral, que data de 2.600 a\u00f1os antes de Cristo (el m\u00e1s difundido) o lugares como Huaricanga que podr\u00eda tener una antig\u00fcedad 1.000 a\u00f1os m\u00e1s que Caral, as\u00ed como los vestigios encontrados en Sech\u00edn Alto en Casma. Lo importante es destacar que estas civilizaciones aun no contaban con el uso de la cer\u00e1mica -llamadas culturas pre-cer\u00e1micas- sin embargo, ya contaban con una s\u00f3lida administraci\u00f3n social y pol\u00edtica, as\u00ed como con la adoraci\u00f3n de ciertas deidades caracterizadas con colmillos (Dios del Personal).<\/p>\n<p style=\"text-align: justify; padding-left: 40px;\">Las primeras \u201chuacas\u201d que conocemos ya ten\u00edan varios cientos de a\u00f1os -o m\u00e1s- antes de la existencia de asentamientos o poblados como Caral o Sech\u00edn Alto.<\/p>\n<p style=\"text-align: justify;\">Previamente al desarrollo de las civilizaciones se observa la necesidad de construir estructuras rellenas de adobes, o simples mont\u00edculos, como complemento arquitect\u00f3nico\/urbano a los habit\u00e1culos de sus habitantes, estructuras que con el paso del tiempo ir\u00e1n ganando tama\u00f1o y jerarqu\u00eda, lo que permite destacarlas geogr\u00e1ficamente por su volumen y altura. A diferencia de las pir\u00e1mides de Egipto, nuestras huacas no tienen un fin exclusivo para una tumba real o una sola funci\u00f3n, es m\u00e1s, aun se suelen adjudicar los t\u00e9rminos:<\/p>\n<blockquote>\n<p style=\"text-align: justify;\"><em>\u201cm\u00e1gico, religioso, cultural, administrativo, entre otros\u201d<\/em><\/p>\n<\/blockquote>\n<p style=\"text-align: justify;\">cuando no se tiene claro la funci\u00f3n que cumplieron ciertos espacios arquitect\u00f3nicos.<\/p>\n<figure id=\"attachment_94731\" aria-describedby=\"caption-attachment-94731\" style=\"width: 750px\" class=\"wp-caption alignnone\"><img loading=\"lazy\" decoding=\"async\" class=\"wp-image-94731\" title=\"Plano General de Caral\" src=\"https:\/\/veredes.es\/blog\/wp-content\/uploads\/2023\/07\/La-creacion-de-las-ciudades-Fernando-Freire-Forga-Plano-General-de-Caral.jpg\" alt=\"La creaci\u00f3n de las ciudades Fernando Freire Forga Plano General de Caral\" width=\"750\" height=\"527\" srcset=\"https:\/\/veredes.es\/blog\/wp-content\/uploads\/2023\/07\/La-creacion-de-las-ciudades-Fernando-Freire-Forga-Plano-General-de-Caral.jpg 524w, https:\/\/veredes.es\/blog\/wp-content\/uploads\/2023\/07\/La-creacion-de-las-ciudades-Fernando-Freire-Forga-Plano-General-de-Caral-300x211.jpg 300w\" sizes=\"auto, (max-width: 750px) 100vw, 750px\" \/><figcaption id=\"caption-attachment-94731\" class=\"wp-caption-text\"><span style=\"color: #999999;\">Plano General de Caral. La planificaci\u00f3n arquitect\u00f3nica se observa de manera aislada en cada uno de las estructuras que conforma el complejo de Caral. Por tal motivo podr\u00edamos considerar que la planificaci\u00f3n urbana en Caral es casi inexistente. Se observa la intensi\u00f3n de dejar un gran espacio libre central donde convergen todas las estructuras que conforman \u201cla ciudad sagrada de Caral\u201d.<\/span><\/figcaption><\/figure>\n<p style=\"text-align: justify;\">En el caso de Caral, la disposici\u00f3n de estructuras en un lugar distanciado de la zona de producci\u00f3n agr\u00edcola (valle f\u00e9rtil), nos permite considerar ciertos criterios de zonificaci\u00f3n intencionados. Si bien este complejo arquitect\u00f3nico pudo haber sido destinado a funciones comerciales, administrativas y de culto, la zona residencial debi\u00f3 corresponder a un sector privilegiado de personas que comprend\u00eda el total de la poblaci\u00f3n que existi\u00f3 en ese entonces.<\/p>\n<p style=\"text-align: justify;\">Por otro lado, en Caral se observa un equipamiento urbano que debi\u00f3 ser construido a lo largo de muchos a\u00f1os, lapso de tiempo necesario para permitir identificar el complejo como una de las primeras civilizaciones.<\/p>\n<p style=\"text-align: justify;\">Por consiguiente, para determinar un complejo arquitect\u00f3nico\/urbano como ciudad se requirieron dos factores trascendentales: tiempo y crecimiento demogr\u00e1fico. Y en el caso de los estudios arqueol\u00f3gicos existir\u00e1 otro factor importante que va a relacionarse con las estructuras o edificaciones registradas.<\/p>\n<p style=\"text-align: justify;\">El crecimiento demogr\u00e1fico permiti\u00f3 a los asentamientos pasar de una vida de subsistencia a una situaci\u00f3n donde la mano de obra superar\u00eda la demanda requerida para obtener los recursos b\u00e1sicos para vivir, permitiendo destinar este excedente de mano de obra a la construcci\u00f3n de estructuras que han perdurado a lo largo de miles de a\u00f1os.<\/p>\n<p style=\"text-align: justify;\">Importante es tener en cuenta que estructuras como canales de regad\u00edos, aterrazamientos y otros han sido registrados con fechados anteriores a los complejos arqueol\u00f3gicos que gozan de la connotaci\u00f3n de ciudades.<\/p>\n<figure id=\"attachment_94732\" aria-describedby=\"caption-attachment-94732\" style=\"width: 1430px\" class=\"wp-caption alignnone\"><img loading=\"lazy\" decoding=\"async\" class=\"wp-image-94732 size-full\" title=\"Imagen satelital de las Aldas, al norte de la ciudad de Casma\" src=\"https:\/\/veredes.es\/blog\/wp-content\/uploads\/2023\/07\/La-creacion-de-las-ciudades-Fernando-Freire-Forga-Imagen-satelital-de-las-Aldas-al-norte-de-la-ciudad-de-Casma.png\" alt=\"La creaci\u00f3n de las ciudades Fernando Freire Forga Imagen satelital de las Aldas, al norte de la ciudad de Casma\" width=\"1430\" height=\"858\" srcset=\"https:\/\/veredes.es\/blog\/wp-content\/uploads\/2023\/07\/La-creacion-de-las-ciudades-Fernando-Freire-Forga-Imagen-satelital-de-las-Aldas-al-norte-de-la-ciudad-de-Casma.png 1430w, https:\/\/veredes.es\/blog\/wp-content\/uploads\/2023\/07\/La-creacion-de-las-ciudades-Fernando-Freire-Forga-Imagen-satelital-de-las-Aldas-al-norte-de-la-ciudad-de-Casma-300x180.png 300w, https:\/\/veredes.es\/blog\/wp-content\/uploads\/2023\/07\/La-creacion-de-las-ciudades-Fernando-Freire-Forga-Imagen-satelital-de-las-Aldas-al-norte-de-la-ciudad-de-Casma-1024x614.png 1024w, https:\/\/veredes.es\/blog\/wp-content\/uploads\/2023\/07\/La-creacion-de-las-ciudades-Fernando-Freire-Forga-Imagen-satelital-de-las-Aldas-al-norte-de-la-ciudad-de-Casma-696x418.png 696w, https:\/\/veredes.es\/blog\/wp-content\/uploads\/2023\/07\/La-creacion-de-las-ciudades-Fernando-Freire-Forga-Imagen-satelital-de-las-Aldas-al-norte-de-la-ciudad-de-Casma-1068x641.png 1068w\" sizes=\"auto, (max-width: 1430px) 100vw, 1430px\" \/><figcaption id=\"caption-attachment-94732\" class=\"wp-caption-text\"><span style=\"color: #999999;\">Imagen satelital de las Aldas, al norte de la ciudad de Casma. Los estudios iniciales le otorgan una antig\u00fcedad de 1.600 a\u00f1os A.C. No obstante, en la actualidad se manejan fechados que podr\u00eda confirmar que esta estructura sea m\u00e1s antigua que Caral.<\/span><\/figcaption><\/figure>\n<h5 style=\"text-align: justify;\"><strong>Factores Trascendentales de An\u00e1lisis<\/strong><\/h5>\n<p style=\"text-align: justify; padding-left: 40px;\">i. El surgimiento de la arquitectura y el desarrollo de la misma.<br \/>\nii. Las posibilidades de desarrollo al contar con mano de obra excedente.<br \/>\niii. La construcci\u00f3n social.<\/p>\n<p style=\"text-align: justify;\">Con lo revisado hasta este punto, entendemos que la arquitectura se desarroll\u00f3 inicialmente como necesidad de subsistencia y luego de un logrado proceso de asentamiento geogr\u00e1fico pasa a convertirse en un resultado constructivo gracias al excedente de mano obra que permitieron dichos asentamientos.<\/p>\n<p style=\"text-align: justify;\">El rumbo que desarrolla la arquitectura, en los or\u00edgenes de las ciudades, estuvo estrechamente ligado a las necesidades y las posibilidades constructivas, las cuales engloban: materiales, geograf\u00eda y mano de obra.<\/p>\n<p style=\"text-align: justify;\">Es interesante como evolucionan las estructuras a trav\u00e9s del tiempo, estudios que ya vemos realizados por el arquitecto Carlos Williams en la siguiente imagen:<\/p>\n<p><img loading=\"lazy\" decoding=\"async\" class=\"alignnone wp-image-94733\" title=\"Estudios que ya vemos realizados por el arquitecto Carlos Williams\" src=\"https:\/\/veredes.es\/blog\/wp-content\/uploads\/2023\/07\/La-creacion-de-las-ciudades-Fernando-Freire-Forga-estudios-que-ya-vemos-realizados-por-el-arquitecto-Carlos-Williams.png\" alt=\"La creaci\u00f3n de las ciudades Fernando Freire Forga estudios que ya vemos realizados por el arquitecto Carlos Williams\" width=\"750\" height=\"948\" srcset=\"https:\/\/veredes.es\/blog\/wp-content\/uploads\/2023\/07\/La-creacion-de-las-ciudades-Fernando-Freire-Forga-estudios-que-ya-vemos-realizados-por-el-arquitecto-Carlos-Williams.png 524w, https:\/\/veredes.es\/blog\/wp-content\/uploads\/2023\/07\/La-creacion-de-las-ciudades-Fernando-Freire-Forga-estudios-que-ya-vemos-realizados-por-el-arquitecto-Carlos-Williams-237x300.png 237w\" sizes=\"auto, (max-width: 750px) 100vw, 750px\" \/><\/p>\n<p style=\"text-align: justify;\">Finalmente, al igual que la arquitectura, el sistema social evolucion\u00f3 paralelamente al crecimiento de las ciudades. La dualidad del Hanan y el Urin<sup>5<\/sup> es una interesante aproximaci\u00f3n al desarrollo de los or\u00edgenes de desarrollo social en el proceso de ocupaci\u00f3n andina.<\/p>\n<p style=\"text-align: justify;\">Todo fue desarroll\u00e1ndose, las civilizaciones a la par de la arquitectura y el urbanismo, como consecuencia de un tiempo y las posibilidades que las personas lograron aprovechar. Y para entenderlo o aproximarnos al entendimiento de lo sucedido en el trayecto de civilizaci\u00f3n es de suma trascendencia entender la estructura social, las costumbres, las normas establecidas y la evoluci\u00f3n que experimentaron.<sup>6<\/sup><\/p>\n<p style=\"text-align: justify;\">En nuestro caso Andino, las diversas etnias se desarrollan paralelamente y evolucionaron en el tiempo, finalizando con un sistema pol\u00edtico social al que se le ha denominado \u201cel incanato\u201d. Para luego ser interrumpido por la colonizaci\u00f3n espa\u00f1ola y la rep\u00fablica que acaba de cumplir 200 a\u00f1os como tal.<\/p>\n<figure id=\"attachment_94734\" aria-describedby=\"caption-attachment-94734\" style=\"width: 750px\" class=\"wp-caption alignnone\"><img loading=\"lazy\" decoding=\"async\" class=\"wp-image-94734\" title=\"Red de caminos Tahuantinsuyo \" src=\"https:\/\/veredes.es\/blog\/wp-content\/uploads\/2023\/07\/La-creacion-de-las-ciudades-Fernando-Freire-Forga-Red-de-caminos.jpg\" alt=\"La creaci\u00f3n de las ciudades Fernando Freire Forga Red de caminos\" width=\"750\" height=\"1033\" srcset=\"https:\/\/veredes.es\/blog\/wp-content\/uploads\/2023\/07\/La-creacion-de-las-ciudades-Fernando-Freire-Forga-Red-de-caminos.jpg 697w, https:\/\/veredes.es\/blog\/wp-content\/uploads\/2023\/07\/La-creacion-de-las-ciudades-Fernando-Freire-Forga-Red-de-caminos-218x300.jpg 218w\" sizes=\"auto, (max-width: 750px) 100vw, 750px\" \/><figcaption id=\"caption-attachment-94734\" class=\"wp-caption-text\">Red de caminos del Tahuantinsuyo<\/figcaption><\/figure>\n<h5 style=\"text-align: justify;\"><strong>Conclusiones<\/strong><\/h5>\n<p style=\"text-align: justify;\">En la actualidad, surge la continua necesidad de prever que nos deparar\u00e1 el futuro, y luego de revisar los or\u00edgenes de nuestra civilizaci\u00f3n podemos visualizar que el desarrollo de las ciudades contempla una evoluci\u00f3n continua estrechamente relacionada a las necesidades en relaci\u00f3n a los recursos existentes.<\/p>\n<p style=\"text-align: justify;\">En este ensayo, lo m\u00e1s destacable en relaci\u00f3n al desarrollo de las ciudades, es entender que el asentamiento y la ocupaci\u00f3n ancestral permiti\u00f3 un excedente en la mano de obra y en gran parte ello permitir\u00e1 el desarrollo de las civilizaciones.<\/p>\n<p style=\"text-align: justify;\">Este hecho analizado desde los or\u00edgenes nos permite generar cierta analog\u00eda con la forma de vida civilizada que experimentamos en la actualidad. Seguimos el mismo patr\u00f3n, con desarrollos tecnol\u00f3gicos muy avanzados y diversos sistemas sociales que podr\u00edan determinarse de mayor complejidad, sobre todo por la globalizaci\u00f3n actual. No obstante, lo que permite nuestro desarrollo como civilizaci\u00f3n sigue siendo el excedente de mano de obra, el cual a\u00fan no se ha canalizado para satisfacer directamente las necesidades b\u00e1sicas del ser humano, rigi\u00e9ndose en todo momento por las jerarqu\u00edas de poder de turno para llevar el desarrollo a un \u00e1mbito general y no puntual con el desarrollo de la vida en general.<\/p>\n<p style=\"text-align: justify;\">Actualmente, al encontrarnos <a href=\"https:\/\/veredes.es\/blog\/de-como-el-mundo-se-convirtio-en-ciudad-marc-chalamanch\/\" target=\"_blank\" rel=\"noopener\">globalizados<\/a> a nivel planetario, podemos observar que los patrones que venimos siguiendo -desde los or\u00edgenes de las civilizaciones- nos mantienen enfrascados en un \u201ccallej\u00f3n sin salida\u201d, pero con muchas alternativas fascinantes para el \u00f3ptimo desarrollo de la vida. Hoy en d\u00eda podemos tener diversas comodidades, un considerable aumento de expectativa de vida, lograr salir del planeta para llegar a otros, en fin: podemos hacer realidad aquello que imaginamos, sin considerar un l\u00edmite de desarrollo a futuro.<\/p>\n<p style=\"text-align: justify;\">El conocimiento obtenido en los \u00faltimos 200 a\u00f1os es abrumadoramente abundante en comparaci\u00f3n a lo que se vivi\u00f3 en los \u00faltimos 10.000 a\u00f1os atr\u00e1s. Contamos con los recursos y la mano de obra excedente desde que el hombre dej\u00f3 de ser n\u00f3mada para asentarse y dar inicio a lo que somos hoy en d\u00eda.<\/p>\n<blockquote>\n<p style=\"text-align: justify;\"><em>\u201cEl fruto se cae de maduro\u201d<\/em><\/p>\n<\/blockquote>\n<p style=\"text-align: justify;\">y lo que podemos observar es que corresponde prepararnos y proceder a realizar un cambio similar a lo que experiment\u00f3 el ser humano al pasar de una vida como cazador &#8211; recolector al sedentarismo que nos llev\u00f3 a la modernidad. Un cambio donde la mano de obra excedente se canalice para un desarrollo generalizado que permita optimizar sabiamente los recursos que tenemos en este planeta y poder llegar a otros. Un cambio que sin lugar a dudas afectar\u00e1 los patrones sociales existentes y permitir\u00e1 una \u201cdeconstrucci\u00f3n social\u201d saludable y no relativamente absurda como se ha intentado hasta ahora.<\/p>\n<p style=\"text-align: justify;\">En cuanto a nuestra profesi\u00f3n, considero que la arquitectura cumpli\u00f3 satisfactoriamente con la modernidad y nos ha dado las herramientas precisas para dar el salto a nuevas formas de vivir . Estamos profesionalmente preparados para casi cualquier evento o situaci\u00f3n que se requiera, por ello me atrevo a intuir que la proyecci\u00f3n arquitect\u00f3nica no cambiar\u00e1 mucho en el futuro, lo que tiene que cambiar son los patrones sociales.<\/p>\n<p style=\"text-align: justify;\">Estamos a punto de cruzar el umbral\u2026<\/p>\n<h6 style=\"text-align: justify;\"><span style=\"color: #999999;\">Notas:<\/span><\/h6>\n<p style=\"text-align: justify;\"><sup>1<\/sup>\u00a0Los sitios Norte Chico son notables por su excepcional densidad colectiva, as\u00ed como por su tama\u00f1o individual. El arque\u00f3logo Randall Haas argumenta que la densidad de sitios en un \u00e1rea tan peque\u00f1a es globalmente \u00fanica para una civilizaci\u00f3n naciente. Durante el tercer milenio AC, Norte Chico puede haber sido la zona m\u00e1s densamente poblada del mundo (excepto, posiblemente, el norte de China). Los valles de los r\u00edos Supe, Pativilca, Fortaleza y Huaura tienen varios sitios relacionados.<br \/>\n<sup>2<\/sup>\u00a0Los hombres de Paij\u00e1n fueron pescadores, cazadores y recolectores que vivieron en el Holoceno Temprano, hace unos 12 mil a\u00f1os, cuando en los Andes todav\u00eda no se practicaban actividades productivas (agricultura y ganader\u00eda).<br \/>\n<sup>3<\/sup> Entre las publicaciones que trabaj\u00f3 el arquitecto Williams, \u201cArquitectura y Urbanismo en el antiguo Per\u00fa: 7.000 a\u00f1os de historia\u201d (1994) sigue siendo fuente trascendental de informaci\u00f3n, la cual reviso constantemente para entender y ordenar mis ideas en relaci\u00f3n a los factores determinantes de la ocupaci\u00f3n que experiment\u00f3 nuestro territorio en los \u00faltimos 10.000 a\u00f1os.<br \/>\n<sup>4<\/sup>\u00a0La tecnolog\u00eda m\u00e1s com\u00fanmente asociada con los neandertales es la Musteriense y dur\u00f3 desde hace 150.000 a\u00f1os hasta hace unos 27.000. La caja de herramientas musteriense consist\u00eda en objetos tales como hachas de mano, tajadores (<em>choppers<\/em>), raspadores, cuchillos y puntas de lanza.<br \/>\n<sup>5<\/sup>\u00a0La dualidad andina se entiende como la oposici\u00f3n entre dos esencias complementarias, es decir, todos los opuestos se complementan y establecen una triple alternativa, la cual le otorga al sujeto andino el \u00fanico \u201cespacio\u201d en que puede vivir. La Dualidad, Hanan y Urin (\u00f3 <em>hahua<\/em> y <em>uku<\/em>), respectivamente; se basa en el principio de que todo se transforma, debido a que la naturaleza y el espacio no es algo inm\u00f3vil o inmutable, sino algo que est\u00e1 en cambio constante en continuo movimiento, algo que se renueva y se desarrolla incesantemente; en ese sentido, todo se halla en relaci\u00f3n, la naturaleza y el espacio es un todo articulado y \u00fanico, en el que los objetos y los fen\u00f3menos se hallan org\u00e1nicamente vinculados unos a otros, dependen unos de otros y condicionan los unos a los otros.<br \/>\n<sup>6<\/sup> Los trabajos de la historiadora <a href=\"https:\/\/fundacionbbva.pe\/pensemos-bien\/peruanos-del-siglo-xx\/maria-rostworowski-los-antiguos-peruanos-supieron-superar-todas-las-dificultades\/\" target=\"_blank\" rel=\"noopener\">Mar\u00eda Rostworowski<\/a> son de suma importancia para la aproximaci\u00f3n a lo sucedido en las etapas pre coloniales un nuestro territorio andino.<\/p>\n<p style=\"text-align: justify;\"><span style=\"color: #999999;\">NOTA: Las im\u00e1genes y contenidos en este art\u00edculo se obtuvieron mediante internet y diversos medios. En ocasiones en dif\u00edcil conocer el\/la autor\/a o la fuente original del contenido. Siempre que ha sido posible se han a\u00f1adido las fuentes o el autor del mismo. Si eres el autor de alg\u00fan contenido (imagen, video, fotograf\u00eda, texto, etc.) y no apareces correctamente acreditado, por favor ponte en contacto con nosotros y te nombraremos como autor\/a del mismo.<\/span><\/p>\n<p style=\"text-align: justify;\"><span style=\"color: #999999;\">Si apareces t\u00fa en alguna imagen o crees que atenta contra el honor o la privacidad de alguien nos lo puedes comentar igualmente y ser\u00e1 retirado inmediatamente.<\/span><\/p>\n<p style=\"text-align: justify;\">ENSAYOS PERSONALES I<br \/>\nFernando Freire Forga, arquitecto.<br \/>\nTrujillo, mayo de 2023.<\/p>\n","protected":false},"excerpt":{"rendered":"<p>En el a\u00f1o 2014 acompa\u00f1\u00e9 al arque\u00f3logo Gabriel Prieto en diversas salidas de campo como parte de los trabajos de levantamiento de informaci\u00f3n en la zona costera del norte del pa\u00eds.1 Visitamos los restos arqueol\u00f3gicos de Caral, en Supe, luego nos detuvimos en la Fortaleza Chim\u00fa de Paramonga, continuamos el trayecto y visitamos Las Aldas, [&hellip;]<\/p>\n","protected":false},"author":30,"featured_media":94727,"comment_status":"open","ping_status":"closed","sticky":false,"template":"","format":"standard","meta":{"footnotes":""},"categories":[5934,5951],"tags":[132,5921,16587,6942,5553,668,16586,12463,1278,2048],"class_list":{"0":"post-94725","1":"post","2":"type-post","3":"status-publish","4":"format-standard","5":"has-post-thumbnail","7":"category-articulos","8":"category-slider-principal","9":"tag-arqueologia","10":"tag-arquitectura-peruana","11":"tag-carlos-williams-leon","12":"tag-ciudad-historica","13":"tag-fernando-freire-forga","15":"tag-maria-rostworowski","16":"tag-patrimonio","17":"tag-teoria","18":"tag-teoria-e-historia"},"yoast_head":"<!-- This site is optimized with the Yoast SEO plugin v27.4 - https:\/\/yoast.com\/product\/yoast-seo-wordpress\/ -->\n<title>La creaci\u00f3n de las ciudades. La importancia de revisar los or\u00edgenes para aproximarnos al entendimiento de la situaci\u00f3n actual | Fernando Freire Forga - veredes<\/title>\n<meta name=\"description\" content=\"Toda la informaci\u00f3n sobre: La creaci\u00f3n de las ciudades. La importancia de revisar los or\u00edgenes para aproximarnos al entendimiento de la situaci\u00f3n actual | Fernando Freire Forga\" \/>\n<meta name=\"robots\" content=\"index, follow, max-snippet:-1, max-image-preview:large, max-video-preview:-1\" \/>\n<link rel=\"canonical\" href=\"https:\/\/veredes.es\/blog\/la-creacion-de-las-ciudades-la-importancia-de-revisar-los-origenes-para-aproximarnos-al-entendimiento-de-la-situacion-actual-fernando-freire-forga\/\" \/>\n<meta property=\"og:locale\" content=\"es_ES\" \/>\n<meta property=\"og:type\" content=\"article\" \/>\n<meta property=\"og:title\" content=\"La creaci\u00f3n de las ciudades. La importancia de revisar los or\u00edgenes para aproximarnos al entendimiento de la situaci\u00f3n actual | Fernando Freire Forga - veredes\" \/>\n<meta property=\"og:description\" content=\"Toda la informaci\u00f3n sobre: La creaci\u00f3n de las ciudades. La importancia de revisar los or\u00edgenes para aproximarnos al entendimiento de la situaci\u00f3n actual | Fernando Freire Forga\" \/>\n<meta property=\"og:url\" content=\"https:\/\/veredes.es\/blog\/la-creacion-de-las-ciudades-la-importancia-de-revisar-los-origenes-para-aproximarnos-al-entendimiento-de-la-situacion-actual-fernando-freire-forga\/\" \/>\n<meta property=\"og:site_name\" content=\"veredes, arquitectura y divulgaci\u00f3n\" \/>\n<meta property=\"article:publisher\" content=\"https:\/\/www.facebook.com\/veredesArquitecturayDivulgacion\/\" \/>\n<meta property=\"article:author\" content=\"https:\/\/www.facebook.com\/La.Forma.Moderna.en.la.Arquitectura\" \/>\n<meta property=\"article:published_time\" content=\"2023-07-16T22:01:20+00:00\" \/>\n<meta property=\"og:image\" content=\"https:\/\/veredes.es\/blog\/wp-content\/uploads\/2023\/07\/La-creacion-de-las-ciudades-Fernando-FreirCanalizacion-de-origen-Chimu-en-los-Humedales-en-los-alrededores-de-Puerto-Casma-vistos-desde-el-Google-Earth.png\" \/>\n\t<meta property=\"og:image:width\" content=\"824\" \/>\n\t<meta property=\"og:image:height\" content=\"491\" \/>\n\t<meta property=\"og:image:type\" content=\"image\/png\" \/>\n<meta name=\"author\" content=\"Fernando Freire Forga\" \/>\n<meta name=\"twitter:card\" content=\"summary_large_image\" \/>\n<meta name=\"twitter:creator\" content=\"@https:\/\/twitter.com\/LFMlat\" \/>\n<meta name=\"twitter:site\" content=\"@veredes\" \/>\n<meta name=\"twitter:label1\" content=\"Escrito por\" \/>\n\t<meta name=\"twitter:data1\" content=\"Fernando Freire Forga\" \/>\n\t<meta name=\"twitter:label2\" content=\"Tiempo de lectura\" \/>\n\t<meta name=\"twitter:data2\" content=\"16 minutos\" \/>\n<script type=\"application\/ld+json\" class=\"yoast-schema-graph\">{\"@context\":\"https:\\\/\\\/schema.org\",\"@graph\":[{\"@type\":\"Article\",\"@id\":\"https:\\\/\\\/veredes.es\\\/blog\\\/la-creacion-de-las-ciudades-la-importancia-de-revisar-los-origenes-para-aproximarnos-al-entendimiento-de-la-situacion-actual-fernando-freire-forga\\\/#article\",\"isPartOf\":{\"@id\":\"https:\\\/\\\/veredes.es\\\/blog\\\/la-creacion-de-las-ciudades-la-importancia-de-revisar-los-origenes-para-aproximarnos-al-entendimiento-de-la-situacion-actual-fernando-freire-forga\\\/\"},\"author\":{\"name\":\"Fernando Freire Forga\",\"@id\":\"https:\\\/\\\/veredes.es\\\/blog\\\/#\\\/schema\\\/person\\\/a890bb1d09f43aeb88a6295946b99561\"},\"headline\":\"La creaci\u00f3n de las ciudades. La importancia de revisar los or\u00edgenes para aproximarnos al entendimiento de la situaci\u00f3n actual | Fernando Freire Forga\",\"datePublished\":\"2023-07-16T22:01:20+00:00\",\"mainEntityOfPage\":{\"@id\":\"https:\\\/\\\/veredes.es\\\/blog\\\/la-creacion-de-las-ciudades-la-importancia-de-revisar-los-origenes-para-aproximarnos-al-entendimiento-de-la-situacion-actual-fernando-freire-forga\\\/\"},\"wordCount\":3228,\"commentCount\":0,\"publisher\":{\"@id\":\"https:\\\/\\\/veredes.es\\\/blog\\\/#organization\"},\"image\":{\"@id\":\"https:\\\/\\\/veredes.es\\\/blog\\\/la-creacion-de-las-ciudades-la-importancia-de-revisar-los-origenes-para-aproximarnos-al-entendimiento-de-la-situacion-actual-fernando-freire-forga\\\/#primaryimage\"},\"thumbnailUrl\":\"https:\\\/\\\/veredes.es\\\/blog\\\/wp-content\\\/uploads\\\/2023\\\/07\\\/La-creacion-de-las-ciudades-Fernando-FreirCanalizacion-de-origen-Chimu-en-los-Humedales-en-los-alrededores-de-Puerto-Casma-vistos-desde-el-Google-Earth.png\",\"keywords\":[\"arqueolog\u00eda\",\"arquitectura peruana\",\"Carlos Williams Le\u00f3n\",\"ciudad hist\u00f3rica\",\"Fernando Freire Forga\",\"historia\",\"Mar\u00eda Rostworowski\",\"patrimonio\",\"teor\u00eda\",\"teor\u00eda e historia\"],\"articleSection\":[\"art\u00edculos\",\"slider principal\"],\"inLanguage\":\"es\",\"potentialAction\":[{\"@type\":\"CommentAction\",\"name\":\"Comment\",\"target\":[\"https:\\\/\\\/veredes.es\\\/blog\\\/la-creacion-de-las-ciudades-la-importancia-de-revisar-los-origenes-para-aproximarnos-al-entendimiento-de-la-situacion-actual-fernando-freire-forga\\\/#respond\"]}]},{\"@type\":\"WebPage\",\"@id\":\"https:\\\/\\\/veredes.es\\\/blog\\\/la-creacion-de-las-ciudades-la-importancia-de-revisar-los-origenes-para-aproximarnos-al-entendimiento-de-la-situacion-actual-fernando-freire-forga\\\/\",\"url\":\"https:\\\/\\\/veredes.es\\\/blog\\\/la-creacion-de-las-ciudades-la-importancia-de-revisar-los-origenes-para-aproximarnos-al-entendimiento-de-la-situacion-actual-fernando-freire-forga\\\/\",\"name\":\"La creaci\u00f3n de las ciudades. La importancia de revisar los or\u00edgenes para aproximarnos al entendimiento de la situaci\u00f3n actual | Fernando Freire Forga - veredes\",\"isPartOf\":{\"@id\":\"https:\\\/\\\/veredes.es\\\/blog\\\/#website\"},\"primaryImageOfPage\":{\"@id\":\"https:\\\/\\\/veredes.es\\\/blog\\\/la-creacion-de-las-ciudades-la-importancia-de-revisar-los-origenes-para-aproximarnos-al-entendimiento-de-la-situacion-actual-fernando-freire-forga\\\/#primaryimage\"},\"image\":{\"@id\":\"https:\\\/\\\/veredes.es\\\/blog\\\/la-creacion-de-las-ciudades-la-importancia-de-revisar-los-origenes-para-aproximarnos-al-entendimiento-de-la-situacion-actual-fernando-freire-forga\\\/#primaryimage\"},\"thumbnailUrl\":\"https:\\\/\\\/veredes.es\\\/blog\\\/wp-content\\\/uploads\\\/2023\\\/07\\\/La-creacion-de-las-ciudades-Fernando-FreirCanalizacion-de-origen-Chimu-en-los-Humedales-en-los-alrededores-de-Puerto-Casma-vistos-desde-el-Google-Earth.png\",\"datePublished\":\"2023-07-16T22:01:20+00:00\",\"description\":\"Toda la informaci\u00f3n sobre: La creaci\u00f3n de las ciudades. La importancia de revisar los or\u00edgenes para aproximarnos al entendimiento de la situaci\u00f3n actual | Fernando Freire Forga\",\"breadcrumb\":{\"@id\":\"https:\\\/\\\/veredes.es\\\/blog\\\/la-creacion-de-las-ciudades-la-importancia-de-revisar-los-origenes-para-aproximarnos-al-entendimiento-de-la-situacion-actual-fernando-freire-forga\\\/#breadcrumb\"},\"inLanguage\":\"es\",\"potentialAction\":[{\"@type\":\"ReadAction\",\"target\":[\"https:\\\/\\\/veredes.es\\\/blog\\\/la-creacion-de-las-ciudades-la-importancia-de-revisar-los-origenes-para-aproximarnos-al-entendimiento-de-la-situacion-actual-fernando-freire-forga\\\/\"]}]},{\"@type\":\"ImageObject\",\"inLanguage\":\"es\",\"@id\":\"https:\\\/\\\/veredes.es\\\/blog\\\/la-creacion-de-las-ciudades-la-importancia-de-revisar-los-origenes-para-aproximarnos-al-entendimiento-de-la-situacion-actual-fernando-freire-forga\\\/#primaryimage\",\"url\":\"https:\\\/\\\/veredes.es\\\/blog\\\/wp-content\\\/uploads\\\/2023\\\/07\\\/La-creacion-de-las-ciudades-Fernando-FreirCanalizacion-de-origen-Chimu-en-los-Humedales-en-los-alrededores-de-Puerto-Casma-vistos-desde-el-Google-Earth.png\",\"contentUrl\":\"https:\\\/\\\/veredes.es\\\/blog\\\/wp-content\\\/uploads\\\/2023\\\/07\\\/La-creacion-de-las-ciudades-Fernando-FreirCanalizacion-de-origen-Chimu-en-los-Humedales-en-los-alrededores-de-Puerto-Casma-vistos-desde-el-Google-Earth.png\",\"width\":824,\"height\":491,\"caption\":\"Canalizaci\u00f3n de origen Chim\u00fa en los Humedales en los alrededores de Puerto Casma, vistos desde el Google Earth.\"},{\"@type\":\"BreadcrumbList\",\"@id\":\"https:\\\/\\\/veredes.es\\\/blog\\\/la-creacion-de-las-ciudades-la-importancia-de-revisar-los-origenes-para-aproximarnos-al-entendimiento-de-la-situacion-actual-fernando-freire-forga\\\/#breadcrumb\",\"itemListElement\":[{\"@type\":\"ListItem\",\"position\":1,\"name\":\"Portada\",\"item\":\"https:\\\/\\\/veredes.es\\\/blog\\\/\"},{\"@type\":\"ListItem\",\"position\":2,\"name\":\"La creaci\u00f3n de las ciudades. La importancia de revisar los or\u00edgenes para aproximarnos al entendimiento de la situaci\u00f3n actual | Fernando Freire Forga\"}]},{\"@type\":\"WebSite\",\"@id\":\"https:\\\/\\\/veredes.es\\\/blog\\\/#website\",\"url\":\"https:\\\/\\\/veredes.es\\\/blog\\\/\",\"name\":\"veredes, arquitectura y divulgaci\u00f3n\",\"description\":\"veredes\",\"publisher\":{\"@id\":\"https:\\\/\\\/veredes.es\\\/blog\\\/#organization\"},\"alternateName\":\"veredes\",\"potentialAction\":[{\"@type\":\"SearchAction\",\"target\":{\"@type\":\"EntryPoint\",\"urlTemplate\":\"https:\\\/\\\/veredes.es\\\/blog\\\/?s={search_term_string}\"},\"query-input\":{\"@type\":\"PropertyValueSpecification\",\"valueRequired\":true,\"valueName\":\"search_term_string\"}}],\"inLanguage\":\"es\"},{\"@type\":\"Organization\",\"@id\":\"https:\\\/\\\/veredes.es\\\/blog\\\/#organization\",\"name\":\"veredes, arquitectura y divulgaci\u00f3n\",\"alternateName\":\"veredes\",\"url\":\"https:\\\/\\\/veredes.es\\\/blog\\\/\",\"logo\":{\"@type\":\"ImageObject\",\"inLanguage\":\"es\",\"@id\":\"https:\\\/\\\/veredes.es\\\/blog\\\/#\\\/schema\\\/logo\\\/image\\\/\",\"url\":\"https:\\\/\\\/veredes.es\\\/blog\\\/wp-content\\\/uploads\\\/2021\\\/12\\\/veredes-logo-centrado_140x54.png\",\"contentUrl\":\"https:\\\/\\\/veredes.es\\\/blog\\\/wp-content\\\/uploads\\\/2021\\\/12\\\/veredes-logo-centrado_140x54.png\",\"width\":140,\"height\":54,\"caption\":\"veredes, arquitectura y divulgaci\u00f3n\"},\"image\":{\"@id\":\"https:\\\/\\\/veredes.es\\\/blog\\\/#\\\/schema\\\/logo\\\/image\\\/\"},\"sameAs\":[\"https:\\\/\\\/www.facebook.com\\\/veredesArquitecturayDivulgacion\\\/\",\"https:\\\/\\\/x.com\\\/veredes\",\"https:\\\/\\\/instagram.com\\\/veredes\\\/\",\"https:\\\/\\\/www.linkedin.com\\\/company\\\/veredes-arquitectura-y-divulgacion\\\/\",\"https:\\\/\\\/es.pinterest.com\\\/veredes\\\/\",\"https:\\\/\\\/www.tumblr.com\\\/veredes\"]},{\"@type\":\"Person\",\"@id\":\"https:\\\/\\\/veredes.es\\\/blog\\\/#\\\/schema\\\/person\\\/a890bb1d09f43aeb88a6295946b99561\",\"name\":\"Fernando Freire Forga\",\"image\":{\"@type\":\"ImageObject\",\"inLanguage\":\"es\",\"@id\":\"https:\\\/\\\/veredes.es\\\/blog\\\/wp-content\\\/uploads\\\/2018\\\/04\\\/Fernando-Freire-96x96.jpg\",\"url\":\"https:\\\/\\\/veredes.es\\\/blog\\\/wp-content\\\/uploads\\\/2018\\\/04\\\/Fernando-Freire-96x96.jpg\",\"contentUrl\":\"https:\\\/\\\/veredes.es\\\/blog\\\/wp-content\\\/uploads\\\/2018\\\/04\\\/Fernando-Freire-96x96.jpg\",\"caption\":\"Fernando Freire Forga\"},\"description\":\"Fernando Freire Forga nace en Lima el 21 de marzo de 1977. Entre los a\u00f1os 1994 y 2000 realiza estudios de arquitectura en la Universidad Peruana de Ciencias Aplicadas en la misma ciudad. En 1999 obtiene el primer premio en el Concurso a nivel nacional organizado por PROCOBRE-PER\u00da con la tesis: Edificio Automatizado de Oficinas: \u201cUsos del Cobre en la Arquitectura\u201d. Ha realizado estudios de Doctorado sobre Arquitectura Moderna en la ETSAB, Escuela T\u00e9cnica Superior de Arquitectura de Barcelona en la Universidad Polit\u00e9cnica de Catalu\u00f1a, Espa\u00f1a. Actualmente , se encuentra inmerso en el desarrollo de trabajos de recopilaci\u00f3n e investigaci\u00f3n de Arquitectura Moderna en el Per\u00fa. Es docente de la Pontificia Universidad Cat\u00f3lica del Per\u00fa y se desenvuelve como proyectista de manera independiente.\",\"sameAs\":[\"https:\\\/\\\/www.fernandofreirearquitecto.pe\\\/\",\"https:\\\/\\\/www.facebook.com\\\/La.Forma.Moderna.en.la.Arquitectura\",\"https:\\\/\\\/www.instagram.com\\\/fernandofreirearquitecto\\\/\",\"https:\\\/\\\/www.linkedin.com\\\/in\\\/fernando-freire-2a38791a\\\/\",\"https:\\\/\\\/x.com\\\/https:\\\/\\\/twitter.com\\\/LFMlat\"],\"url\":\"https:\\\/\\\/veredes.es\\\/blog\\\/author\\\/fernando-freire-forga\\\/\"}]}<\/script>\n<!-- \/ Yoast SEO plugin. -->","yoast_head_json":{"title":"La creaci\u00f3n de las ciudades. La importancia de revisar los or\u00edgenes para aproximarnos al entendimiento de la situaci\u00f3n actual | Fernando Freire Forga - veredes","description":"Toda la informaci\u00f3n sobre: La creaci\u00f3n de las ciudades. La importancia de revisar los or\u00edgenes para aproximarnos al entendimiento de la situaci\u00f3n actual | Fernando Freire Forga","robots":{"index":"index","follow":"follow","max-snippet":"max-snippet:-1","max-image-preview":"max-image-preview:large","max-video-preview":"max-video-preview:-1"},"canonical":"https:\/\/veredes.es\/blog\/la-creacion-de-las-ciudades-la-importancia-de-revisar-los-origenes-para-aproximarnos-al-entendimiento-de-la-situacion-actual-fernando-freire-forga\/","og_locale":"es_ES","og_type":"article","og_title":"La creaci\u00f3n de las ciudades. La importancia de revisar los or\u00edgenes para aproximarnos al entendimiento de la situaci\u00f3n actual | Fernando Freire Forga - veredes","og_description":"Toda la informaci\u00f3n sobre: La creaci\u00f3n de las ciudades. La importancia de revisar los or\u00edgenes para aproximarnos al entendimiento de la situaci\u00f3n actual | Fernando Freire Forga","og_url":"https:\/\/veredes.es\/blog\/la-creacion-de-las-ciudades-la-importancia-de-revisar-los-origenes-para-aproximarnos-al-entendimiento-de-la-situacion-actual-fernando-freire-forga\/","og_site_name":"veredes, arquitectura y divulgaci\u00f3n","article_publisher":"https:\/\/www.facebook.com\/veredesArquitecturayDivulgacion\/","article_author":"https:\/\/www.facebook.com\/La.Forma.Moderna.en.la.Arquitectura","article_published_time":"2023-07-16T22:01:20+00:00","og_image":[{"width":824,"height":491,"url":"https:\/\/veredes.es\/blog\/wp-content\/uploads\/2023\/07\/La-creacion-de-las-ciudades-Fernando-FreirCanalizacion-de-origen-Chimu-en-los-Humedales-en-los-alrededores-de-Puerto-Casma-vistos-desde-el-Google-Earth.png","type":"image\/png"}],"author":"Fernando Freire Forga","twitter_card":"summary_large_image","twitter_creator":"@https:\/\/twitter.com\/LFMlat","twitter_site":"@veredes","twitter_misc":{"Escrito por":"Fernando Freire Forga","Tiempo de lectura":"16 minutos"},"schema":{"@context":"https:\/\/schema.org","@graph":[{"@type":"Article","@id":"https:\/\/veredes.es\/blog\/la-creacion-de-las-ciudades-la-importancia-de-revisar-los-origenes-para-aproximarnos-al-entendimiento-de-la-situacion-actual-fernando-freire-forga\/#article","isPartOf":{"@id":"https:\/\/veredes.es\/blog\/la-creacion-de-las-ciudades-la-importancia-de-revisar-los-origenes-para-aproximarnos-al-entendimiento-de-la-situacion-actual-fernando-freire-forga\/"},"author":{"name":"Fernando Freire Forga","@id":"https:\/\/veredes.es\/blog\/#\/schema\/person\/a890bb1d09f43aeb88a6295946b99561"},"headline":"La creaci\u00f3n de las ciudades. La importancia de revisar los or\u00edgenes para aproximarnos al entendimiento de la situaci\u00f3n actual | Fernando Freire Forga","datePublished":"2023-07-16T22:01:20+00:00","mainEntityOfPage":{"@id":"https:\/\/veredes.es\/blog\/la-creacion-de-las-ciudades-la-importancia-de-revisar-los-origenes-para-aproximarnos-al-entendimiento-de-la-situacion-actual-fernando-freire-forga\/"},"wordCount":3228,"commentCount":0,"publisher":{"@id":"https:\/\/veredes.es\/blog\/#organization"},"image":{"@id":"https:\/\/veredes.es\/blog\/la-creacion-de-las-ciudades-la-importancia-de-revisar-los-origenes-para-aproximarnos-al-entendimiento-de-la-situacion-actual-fernando-freire-forga\/#primaryimage"},"thumbnailUrl":"https:\/\/veredes.es\/blog\/wp-content\/uploads\/2023\/07\/La-creacion-de-las-ciudades-Fernando-FreirCanalizacion-de-origen-Chimu-en-los-Humedales-en-los-alrededores-de-Puerto-Casma-vistos-desde-el-Google-Earth.png","keywords":["arqueolog\u00eda","arquitectura peruana","Carlos Williams Le\u00f3n","ciudad hist\u00f3rica","Fernando Freire Forga","historia","Mar\u00eda Rostworowski","patrimonio","teor\u00eda","teor\u00eda e historia"],"articleSection":["art\u00edculos","slider principal"],"inLanguage":"es","potentialAction":[{"@type":"CommentAction","name":"Comment","target":["https:\/\/veredes.es\/blog\/la-creacion-de-las-ciudades-la-importancia-de-revisar-los-origenes-para-aproximarnos-al-entendimiento-de-la-situacion-actual-fernando-freire-forga\/#respond"]}]},{"@type":"WebPage","@id":"https:\/\/veredes.es\/blog\/la-creacion-de-las-ciudades-la-importancia-de-revisar-los-origenes-para-aproximarnos-al-entendimiento-de-la-situacion-actual-fernando-freire-forga\/","url":"https:\/\/veredes.es\/blog\/la-creacion-de-las-ciudades-la-importancia-de-revisar-los-origenes-para-aproximarnos-al-entendimiento-de-la-situacion-actual-fernando-freire-forga\/","name":"La creaci\u00f3n de las ciudades. La importancia de revisar los or\u00edgenes para aproximarnos al entendimiento de la situaci\u00f3n actual | Fernando Freire Forga - veredes","isPartOf":{"@id":"https:\/\/veredes.es\/blog\/#website"},"primaryImageOfPage":{"@id":"https:\/\/veredes.es\/blog\/la-creacion-de-las-ciudades-la-importancia-de-revisar-los-origenes-para-aproximarnos-al-entendimiento-de-la-situacion-actual-fernando-freire-forga\/#primaryimage"},"image":{"@id":"https:\/\/veredes.es\/blog\/la-creacion-de-las-ciudades-la-importancia-de-revisar-los-origenes-para-aproximarnos-al-entendimiento-de-la-situacion-actual-fernando-freire-forga\/#primaryimage"},"thumbnailUrl":"https:\/\/veredes.es\/blog\/wp-content\/uploads\/2023\/07\/La-creacion-de-las-ciudades-Fernando-FreirCanalizacion-de-origen-Chimu-en-los-Humedales-en-los-alrededores-de-Puerto-Casma-vistos-desde-el-Google-Earth.png","datePublished":"2023-07-16T22:01:20+00:00","description":"Toda la informaci\u00f3n sobre: La creaci\u00f3n de las ciudades. La importancia de revisar los or\u00edgenes para aproximarnos al entendimiento de la situaci\u00f3n actual | Fernando Freire Forga","breadcrumb":{"@id":"https:\/\/veredes.es\/blog\/la-creacion-de-las-ciudades-la-importancia-de-revisar-los-origenes-para-aproximarnos-al-entendimiento-de-la-situacion-actual-fernando-freire-forga\/#breadcrumb"},"inLanguage":"es","potentialAction":[{"@type":"ReadAction","target":["https:\/\/veredes.es\/blog\/la-creacion-de-las-ciudades-la-importancia-de-revisar-los-origenes-para-aproximarnos-al-entendimiento-de-la-situacion-actual-fernando-freire-forga\/"]}]},{"@type":"ImageObject","inLanguage":"es","@id":"https:\/\/veredes.es\/blog\/la-creacion-de-las-ciudades-la-importancia-de-revisar-los-origenes-para-aproximarnos-al-entendimiento-de-la-situacion-actual-fernando-freire-forga\/#primaryimage","url":"https:\/\/veredes.es\/blog\/wp-content\/uploads\/2023\/07\/La-creacion-de-las-ciudades-Fernando-FreirCanalizacion-de-origen-Chimu-en-los-Humedales-en-los-alrededores-de-Puerto-Casma-vistos-desde-el-Google-Earth.png","contentUrl":"https:\/\/veredes.es\/blog\/wp-content\/uploads\/2023\/07\/La-creacion-de-las-ciudades-Fernando-FreirCanalizacion-de-origen-Chimu-en-los-Humedales-en-los-alrededores-de-Puerto-Casma-vistos-desde-el-Google-Earth.png","width":824,"height":491,"caption":"Canalizaci\u00f3n de origen Chim\u00fa en los Humedales en los alrededores de Puerto Casma, vistos desde el Google Earth."},{"@type":"BreadcrumbList","@id":"https:\/\/veredes.es\/blog\/la-creacion-de-las-ciudades-la-importancia-de-revisar-los-origenes-para-aproximarnos-al-entendimiento-de-la-situacion-actual-fernando-freire-forga\/#breadcrumb","itemListElement":[{"@type":"ListItem","position":1,"name":"Portada","item":"https:\/\/veredes.es\/blog\/"},{"@type":"ListItem","position":2,"name":"La creaci\u00f3n de las ciudades. La importancia de revisar los or\u00edgenes para aproximarnos al entendimiento de la situaci\u00f3n actual | Fernando Freire Forga"}]},{"@type":"WebSite","@id":"https:\/\/veredes.es\/blog\/#website","url":"https:\/\/veredes.es\/blog\/","name":"veredes, arquitectura y divulgaci\u00f3n","description":"veredes","publisher":{"@id":"https:\/\/veredes.es\/blog\/#organization"},"alternateName":"veredes","potentialAction":[{"@type":"SearchAction","target":{"@type":"EntryPoint","urlTemplate":"https:\/\/veredes.es\/blog\/?s={search_term_string}"},"query-input":{"@type":"PropertyValueSpecification","valueRequired":true,"valueName":"search_term_string"}}],"inLanguage":"es"},{"@type":"Organization","@id":"https:\/\/veredes.es\/blog\/#organization","name":"veredes, arquitectura y divulgaci\u00f3n","alternateName":"veredes","url":"https:\/\/veredes.es\/blog\/","logo":{"@type":"ImageObject","inLanguage":"es","@id":"https:\/\/veredes.es\/blog\/#\/schema\/logo\/image\/","url":"https:\/\/veredes.es\/blog\/wp-content\/uploads\/2021\/12\/veredes-logo-centrado_140x54.png","contentUrl":"https:\/\/veredes.es\/blog\/wp-content\/uploads\/2021\/12\/veredes-logo-centrado_140x54.png","width":140,"height":54,"caption":"veredes, arquitectura y divulgaci\u00f3n"},"image":{"@id":"https:\/\/veredes.es\/blog\/#\/schema\/logo\/image\/"},"sameAs":["https:\/\/www.facebook.com\/veredesArquitecturayDivulgacion\/","https:\/\/x.com\/veredes","https:\/\/instagram.com\/veredes\/","https:\/\/www.linkedin.com\/company\/veredes-arquitectura-y-divulgacion\/","https:\/\/es.pinterest.com\/veredes\/","https:\/\/www.tumblr.com\/veredes"]},{"@type":"Person","@id":"https:\/\/veredes.es\/blog\/#\/schema\/person\/a890bb1d09f43aeb88a6295946b99561","name":"Fernando Freire Forga","image":{"@type":"ImageObject","inLanguage":"es","@id":"https:\/\/veredes.es\/blog\/wp-content\/uploads\/2018\/04\/Fernando-Freire-96x96.jpg","url":"https:\/\/veredes.es\/blog\/wp-content\/uploads\/2018\/04\/Fernando-Freire-96x96.jpg","contentUrl":"https:\/\/veredes.es\/blog\/wp-content\/uploads\/2018\/04\/Fernando-Freire-96x96.jpg","caption":"Fernando Freire Forga"},"description":"Fernando Freire Forga nace en Lima el 21 de marzo de 1977. Entre los a\u00f1os 1994 y 2000 realiza estudios de arquitectura en la Universidad Peruana de Ciencias Aplicadas en la misma ciudad. En 1999 obtiene el primer premio en el Concurso a nivel nacional organizado por PROCOBRE-PER\u00da con la tesis: Edificio Automatizado de Oficinas: \u201cUsos del Cobre en la Arquitectura\u201d. Ha realizado estudios de Doctorado sobre Arquitectura Moderna en la ETSAB, Escuela T\u00e9cnica Superior de Arquitectura de Barcelona en la Universidad Polit\u00e9cnica de Catalu\u00f1a, Espa\u00f1a. Actualmente , se encuentra inmerso en el desarrollo de trabajos de recopilaci\u00f3n e investigaci\u00f3n de Arquitectura Moderna en el Per\u00fa. Es docente de la Pontificia Universidad Cat\u00f3lica del Per\u00fa y se desenvuelve como proyectista de manera independiente.","sameAs":["https:\/\/www.fernandofreirearquitecto.pe\/","https:\/\/www.facebook.com\/La.Forma.Moderna.en.la.Arquitectura","https:\/\/www.instagram.com\/fernandofreirearquitecto\/","https:\/\/www.linkedin.com\/in\/fernando-freire-2a38791a\/","https:\/\/x.com\/https:\/\/twitter.com\/LFMlat"],"url":"https:\/\/veredes.es\/blog\/author\/fernando-freire-forga\/"}]}},"_links":{"self":[{"href":"https:\/\/veredes.es\/blog\/wp-json\/wp\/v2\/posts\/94725","targetHints":{"allow":["GET"]}}],"collection":[{"href":"https:\/\/veredes.es\/blog\/wp-json\/wp\/v2\/posts"}],"about":[{"href":"https:\/\/veredes.es\/blog\/wp-json\/wp\/v2\/types\/post"}],"author":[{"embeddable":true,"href":"https:\/\/veredes.es\/blog\/wp-json\/wp\/v2\/users\/30"}],"replies":[{"embeddable":true,"href":"https:\/\/veredes.es\/blog\/wp-json\/wp\/v2\/comments?post=94725"}],"version-history":[{"count":0,"href":"https:\/\/veredes.es\/blog\/wp-json\/wp\/v2\/posts\/94725\/revisions"}],"wp:featuredmedia":[{"embeddable":true,"href":"https:\/\/veredes.es\/blog\/wp-json\/wp\/v2\/media\/94727"}],"wp:attachment":[{"href":"https:\/\/veredes.es\/blog\/wp-json\/wp\/v2\/media?parent=94725"}],"wp:term":[{"taxonomy":"category","embeddable":true,"href":"https:\/\/veredes.es\/blog\/wp-json\/wp\/v2\/categories?post=94725"},{"taxonomy":"post_tag","embeddable":true,"href":"https:\/\/veredes.es\/blog\/wp-json\/wp\/v2\/tags?post=94725"}],"curies":[{"name":"wp","href":"https:\/\/api.w.org\/{rel}","templated":true}]}}