{"id":94430,"date":"2023-06-15T00:01:05","date_gmt":"2023-06-14T22:01:05","guid":{"rendered":"https:\/\/veredes.es\/blog\/?p=94430"},"modified":"2024-02-15T16:28:13","modified_gmt":"2024-02-15T15:28:13","slug":"biblioteca-de-objetos-bim-de-materiales-y-soluciones-constructivas-ceramicas","status":"publish","type":"post","link":"https:\/\/veredes.es\/blog\/biblioteca-de-objetos-bim-de-materiales-y-soluciones-constructivas-ceramicas\/","title":{"rendered":"Biblioteca de objetos BIM de materiales y soluciones constructivas cer\u00e1micas"},"content":{"rendered":"<p style=\"text-align: justify;\">Las soluciones constructivas deben cumplir con todas las <a href=\"https:\/\/veredes.es\/blog\/tag\/hispalyt\/\" target=\"_blank\" rel=\"noopener\">exigencias del CTE<\/a> que les son de aplicaci\u00f3n. En el caso de las fachadas y paredes interiores, por ejemplo, debe existir un equilibrio entre las prestaciones de la soluci\u00f3n, y es que es frecuente que la mejora de una prestaci\u00f3n tenga como contrapartida el empeoramiento de otra, como ocurre con el aumento de la masa superficial de una pared que incide positivamente sobre su aislamiento ac\u00fastico pero penaliza su capacidad de aislamiento t\u00e9rmico.<\/p>\n<figure id=\"attachment_94438\" aria-describedby=\"caption-attachment-94438\" style=\"width: 743px\" class=\"wp-caption alignnone\"><img loading=\"lazy\" decoding=\"async\" class=\"wp-image-94438 size-full\" title=\"Biblioteca de objetos BIM de materiales y soluciones constructivas cer\u00e1micas\" src=\"https:\/\/veredes.es\/blog\/wp-content\/uploads\/2023\/06\/Biblioteca-de-objetos-BIM-de-materiales-soluciones-constructivas-ceramicas.jpg\" alt=\"Biblioteca de objetos BIM de materiales y soluciones constructivas cer\u00e1micas\" width=\"743\" height=\"176\" srcset=\"https:\/\/veredes.es\/blog\/wp-content\/uploads\/2023\/06\/Biblioteca-de-objetos-BIM-de-materiales-soluciones-constructivas-ceramicas.jpg 743w, https:\/\/veredes.es\/blog\/wp-content\/uploads\/2023\/06\/Biblioteca-de-objetos-BIM-de-materiales-soluciones-constructivas-ceramicas-300x71.jpg 300w, https:\/\/veredes.es\/blog\/wp-content\/uploads\/2023\/06\/Biblioteca-de-objetos-BIM-de-materiales-soluciones-constructivas-ceramicas-696x165.jpg 696w\" sizes=\"auto, (max-width: 743px) 100vw, 743px\" \/><figcaption id=\"caption-attachment-94438\" class=\"wp-caption-text\"><span style=\"color: #999999;\">Biblioteca de objetos BIM de materiales y soluciones constructivas cer\u00e1micas<\/span><\/figcaption><\/figure>\n<p style=\"text-align: justify;\">A la hora de escoger el tipo de fachadas o paredes interiores \u00f3ptimas los profesionales de la edificaci\u00f3n tienen a su disposici\u00f3n un preciso <a href=\"https:\/\/paredesdeladrillo.com\/wp-content\/uploads\/documentos\/manual_tecnico_ladrillo_y_bloque_ceramico_hispalyt_sep_2022.pdf\" target=\"_blank\" rel=\"noopener\">manual t\u00e9cnico<\/a> para esos sistemas constructivos dentro la plataforma <a href=\"https:\/\/paredesdeladrillo.com\/\" target=\"_blank\" rel=\"noopener\">paredesdeladrillo<\/a>. Pero adem\u00e1s, en su compromiso con la innovaci\u00f3n y transformaci\u00f3n del sector edificatorio, las empresas l\u00edderes del mercado de materiales y soluciones cer\u00e1micas, a trav\u00e9s de Hispalyt, ponen a disposici\u00f3n de arquitectos y <em>project managers<\/em> su propia <a href=\"https:\/\/www.hispalyt.es\/es\/documentacion-tecnica\/bim\/biblioteca-objetos-bim\" target=\"_blank\" rel=\"noopener\">biblioteca de objetos BIM<\/a>. El objetivo es facilitar su incorporaci\u00f3n en el dise\u00f1o y ejecuci\u00f3n de los edificios que se desarrollan en Building Information Modeling (BIM), e incluye 172 objetos BIM de sistemas constructivos, 33 objetos de materiales cer\u00e1micos y 66 objetos de detalles constructivos 2D, incluidos entre ellos aquellos destinados a fachadas y paredes interiores.<\/p>\n<p style=\"text-align: justify;\">La descarga de los objetos BIM de soluciones cer\u00e1micas de Hispalyt es gratuita, siendo el \u00fanico requisito estar registrado en la plataforma BIMobject\u00ae.<\/p>\n<h5 style=\"text-align: justify;\"><strong>Herramientas propias y software para el c\u00e1lculo de muros<\/strong><\/h5>\n<p style=\"text-align: justify;\">Adem\u00e1s de la biblioteca general, los profesionales del sector tienen a su disposici\u00f3n dos herramientas de prescripci\u00f3n basadas en la metodolog\u00eda BIM: la <a href=\"https:\/\/www.hispalyt.es\/es\/documentacion-tecnica\/bim\/herramientas-pim\" target=\"_blank\" rel=\"noopener\"><strong>Herramienta PIM Hispalyt y la Herramienta PIM Muralit<\/strong><\/a>.<\/p>\n<figure id=\"attachment_94437\" aria-describedby=\"caption-attachment-94437\" style=\"width: 1261px\" class=\"wp-caption alignnone\"><img loading=\"lazy\" decoding=\"async\" class=\"wp-image-94437 size-full\" title=\"Biblioteca de objetos BIM de materiales y soluciones constructivas cer\u00e1micas Herramienta PIM Muralit\" src=\"https:\/\/veredes.es\/blog\/wp-content\/uploads\/2023\/06\/Biblioteca-de-objetos-BIM-de-materiales-y-soluciones-constructivas-ceramicas-Herramienta-PIMMuralit.jpg\" alt=\"Biblioteca de objetos BIM de materiales y soluciones constructivas cer\u00e1micas Herramienta PIM Muralit\" width=\"1261\" height=\"527\" srcset=\"https:\/\/veredes.es\/blog\/wp-content\/uploads\/2023\/06\/Biblioteca-de-objetos-BIM-de-materiales-y-soluciones-constructivas-ceramicas-Herramienta-PIMMuralit.jpg 1261w, https:\/\/veredes.es\/blog\/wp-content\/uploads\/2023\/06\/Biblioteca-de-objetos-BIM-de-materiales-y-soluciones-constructivas-ceramicas-Herramienta-PIMMuralit-300x125.jpg 300w, https:\/\/veredes.es\/blog\/wp-content\/uploads\/2023\/06\/Biblioteca-de-objetos-BIM-de-materiales-y-soluciones-constructivas-ceramicas-Herramienta-PIMMuralit-1024x428.jpg 1024w, https:\/\/veredes.es\/blog\/wp-content\/uploads\/2023\/06\/Biblioteca-de-objetos-BIM-de-materiales-y-soluciones-constructivas-ceramicas-Herramienta-PIMMuralit-696x291.jpg 696w, https:\/\/veredes.es\/blog\/wp-content\/uploads\/2023\/06\/Biblioteca-de-objetos-BIM-de-materiales-y-soluciones-constructivas-ceramicas-Herramienta-PIMMuralit-1068x446.jpg 1068w\" sizes=\"auto, (max-width: 1261px) 100vw, 1261px\" \/><figcaption id=\"caption-attachment-94437\" class=\"wp-caption-text\"><span style=\"color: #999999;\">Herramienta PIM Hispalyt<\/span><\/figcaption><\/figure>\n<p style=\"text-align: justify;\">La Herramienta PIM Hispalyt es un complemento gratuito (<em>add-in<\/em>) para Revit que permite al prescriptor elegir los sistemas constructivos cer\u00e1micos \u00f3ptimos para cada proyecto, en base a su composici\u00f3n, sus prestaciones t\u00e9cnicas (t\u00e9rmicas, ac\u00fasticas, resistencia al fuego, etc.) y a las exigencias establecidas en los diferentes Documentos B\u00e1sicos del C\u00f3digo T\u00e9cnico de la Edificaci\u00f3n (CTE). Desde el men\u00fa principal del<em> add-in<\/em> se pueden abrir otras herramientas de dise\u00f1o con soluciones cer\u00e1micas.<\/p>\n<p style=\"text-align: justify;\">Entre ellas, la <a href=\"https:\/\/www.silensis.es\/informacion-tecnica\/herramienta-silensis\" target=\"_blank\" rel=\"noopener\"><strong>Herramienta Silensis<\/strong><\/a>, un software para realizar el dise\u00f1o ac\u00fastico integral y optimizado de edificios donde se emplean soluciones cer\u00e1micas en todos sus elementos constructivos, o el <strong><a href=\"https:\/\/www.calculomurosceramicos.es\/index\" target=\"_blank\" rel=\"noopener\">software de c\u00e1lculo de muros<\/a><\/strong>, aplicaci\u00f3n desarrollada por Hispalyt, en colaboraci\u00f3n con el Gremi de Rajolers de la Comunitat Valenciana, para verificar el cumplimiento de las exigencias establecidas en el Documento B\u00e1sico de Seguridad Estructura Acciones en la Edificaci\u00f3n (DB SE AE) y el Documento B\u00e1sico de Seguridad Estructural de F\u00e1bricas (DB SE F) del C\u00f3digo T\u00e9cnico de la Edificaci\u00f3n (CTE), que aplican a las f\u00e1bricas de ladrillo y bloque cer\u00e1mico, en funci\u00f3n de su uso y su comportamiento estructural.<\/p>\n<figure id=\"attachment_94435\" aria-describedby=\"caption-attachment-94435\" style=\"width: 793px\" class=\"wp-caption alignnone\"><img loading=\"lazy\" decoding=\"async\" class=\"wp-image-94435 size-full\" title=\"Biblioteca de objetos BIM de materiales y soluciones constructivas cer\u00e1micas Herramienta Silensis\" src=\"https:\/\/veredes.es\/blog\/wp-content\/uploads\/2023\/06\/Biblioteca-de-objetos-BIM-de-materiales-y-soluciones-constructivas-ceramicas-Herramienta-Silensis.png\" alt=\"Biblioteca de objetos BIM de materiales y soluciones constructivas cer\u00e1micas Herramienta Silensis\" width=\"793\" height=\"412\" srcset=\"https:\/\/veredes.es\/blog\/wp-content\/uploads\/2023\/06\/Biblioteca-de-objetos-BIM-de-materiales-y-soluciones-constructivas-ceramicas-Herramienta-Silensis.png 793w, https:\/\/veredes.es\/blog\/wp-content\/uploads\/2023\/06\/Biblioteca-de-objetos-BIM-de-materiales-y-soluciones-constructivas-ceramicas-Herramienta-Silensis-300x156.png 300w, https:\/\/veredes.es\/blog\/wp-content\/uploads\/2023\/06\/Biblioteca-de-objetos-BIM-de-materiales-y-soluciones-constructivas-ceramicas-Herramienta-Silensis-696x362.png 696w\" sizes=\"auto, (max-width: 793px) 100vw, 793px\" \/><figcaption id=\"caption-attachment-94435\" class=\"wp-caption-text\"><span style=\"color: #999999;\">Herramienta Silensis<\/span><\/figcaption><\/figure>\n<p style=\"text-align: justify;\">Por su parte, la Herramienta PIM Muralit permite elegir la soluci\u00f3n de tabiquer\u00eda m\u00e1s adecuada para cada caso, mostrando de forma clara las ventajas de las soluciones Muralit, paredes de ladrillo de gran formato con revestimiento de placas de yeso laminado (PYL).<\/p>\n<h5 style=\"text-align: justify;\"><strong>Edificio BIM Hispalyt para completar el ecosistema digital desarrollado por Hispalyt<\/strong><\/h5>\n<p style=\"text-align: justify;\">Se trata de un <a href=\"https:\/\/www.hispalyt.es\/es\/documentacion-tecnica\/bim\/edificio-bim\" target=\"_blank\" rel=\"noopener\"><strong>proyecto piloto de Revit<\/strong> <\/a>que muestra la aplicaci\u00f3n real de las soluciones cer\u00e1micas en BIM, integrando algunas familias de la biblioteca de objetos BIM y que permite conocer, de forma r\u00e1pida y sencilla, c\u00f3mo aplicar las distintas soluciones constructivas cer\u00e1micas en cada uno de los elementos constructivos del edificio (fachadas, cubiertas, etc.).<\/p>\n<figure id=\"attachment_94433\" aria-describedby=\"caption-attachment-94433\" style=\"width: 1400px\" class=\"wp-caption alignnone\"><img loading=\"lazy\" decoding=\"async\" class=\"wp-image-94433 size-full\" title=\"Proyecto Edificio BIM Hispalyt\" src=\"https:\/\/veredes.es\/blog\/wp-content\/uploads\/2023\/06\/Biblioteca-de-objetos-BIM-de-materiales-y-soluciones-constructivas-ceramicas-Edificio-BIM-Hispalyt.jpg\" alt=\"Biblioteca de objetos BIM de materiales y soluciones constructivas cer\u00e1micas Edificio-BIM-Hispalyt\" width=\"1400\" height=\"1025\" srcset=\"https:\/\/veredes.es\/blog\/wp-content\/uploads\/2023\/06\/Biblioteca-de-objetos-BIM-de-materiales-y-soluciones-constructivas-ceramicas-Edificio-BIM-Hispalyt.jpg 1400w, https:\/\/veredes.es\/blog\/wp-content\/uploads\/2023\/06\/Biblioteca-de-objetos-BIM-de-materiales-y-soluciones-constructivas-ceramicas-Edificio-BIM-Hispalyt-300x220.jpg 300w, https:\/\/veredes.es\/blog\/wp-content\/uploads\/2023\/06\/Biblioteca-de-objetos-BIM-de-materiales-y-soluciones-constructivas-ceramicas-Edificio-BIM-Hispalyt-1024x750.jpg 1024w, https:\/\/veredes.es\/blog\/wp-content\/uploads\/2023\/06\/Biblioteca-de-objetos-BIM-de-materiales-y-soluciones-constructivas-ceramicas-Edificio-BIM-Hispalyt-696x510.jpg 696w, https:\/\/veredes.es\/blog\/wp-content\/uploads\/2023\/06\/Biblioteca-de-objetos-BIM-de-materiales-y-soluciones-constructivas-ceramicas-Edificio-BIM-Hispalyt-1068x782.jpg 1068w\" sizes=\"auto, (max-width: 1400px) 100vw, 1400px\" \/><figcaption id=\"caption-attachment-94433\" class=\"wp-caption-text\"><span style=\"color: #999999;\">Proyecto Edificio BIM Hispalyt<\/span><\/figcaption><\/figure>\n<blockquote>\n<p style=\"text-align: justify;\"><a href=\"https:\/\/paredesdeladrillo.com\/\" target=\"_blank\" rel=\"noopener\"><strong>\u201cParedes de ladrillo, soluciones que cumplen\u201d<\/strong><\/a><\/p>\n<\/blockquote>\n<p style=\"text-align: justify;\">El Gremi de Rajolers de la Comunitat Valenciana desarrolla, junto a Hispalyt, la campa\u00f1a\u00a0<a href=\"https:\/\/veredes.es\/blog\/?s=Paredes+de+ladrillo%2C+soluciones+que+cumplen\" target=\"_blank\" rel=\"noopener\">\u201cParedes de ladrillo, soluciones que cumplen\u201d<\/a>, cuyo objetivo es mostrar las prestaciones y ventajas de las soluciones para fachadas y tabiquer\u00eda interior para el cumplimiento integral del C\u00f3digo T\u00e9cnico de la Edificaci\u00f3n.<\/p>\n<p style=\"text-align: center;\">Para m\u00e1s informaci\u00f3n visita\u00a0<a href=\"https:\/\/paredesdeladrillo.com\/\" target=\"_blank\" rel=\"noopener\"><strong>la web<\/strong><\/a><\/p>\n","protected":false},"excerpt":{"rendered":"<p>Las soluciones constructivas deben cumplir con todas las exigencias del CTE que les son de aplicaci\u00f3n. En el caso de las fachadas y paredes interiores, por ejemplo, debe existir un equilibrio entre las prestaciones de la soluci\u00f3n, y es que es frecuente que la mejora de una prestaci\u00f3n tenga como contrapartida el empeoramiento de otra, [&hellip;]<\/p>\n","protected":false},"author":2,"featured_media":94437,"comment_status":"open","ping_status":"closed","sticky":false,"template":"","format":"standard","meta":{"footnotes":""},"categories":[10089,5951],"tags":[13218,208,12847,296,365,10108,10109,13216,4642],"class_list":{"0":"post-94430","1":"post","2":"type-post","3":"status-publish","4":"format-standard","5":"has-post-thumbnail","7":"category-aparejo","8":"category-slider-principal","9":"tag-arquitectura-de-ladrillo","10":"tag-biblioteca","11":"tag-bim","12":"tag-ceramica","13":"tag-construccion","14":"tag-cte","15":"tag-herramienta","16":"tag-hispalyt","17":"tag-software-libre"},"yoast_head":"<!-- This site is optimized with the Yoast SEO plugin v27.4 - https:\/\/yoast.com\/product\/yoast-seo-wordpress\/ -->\n<title>Biblioteca de objetos BIM de materiales y soluciones constructivas cer\u00e1micas - veredes<\/title>\n<meta name=\"description\" content=\"Toda la informaci\u00f3n sobre: Biblioteca de objetos BIM de materiales y soluciones constructivas cer\u00e1micas\" \/>\n<meta name=\"robots\" content=\"index, follow, max-snippet:-1, max-image-preview:large, max-video-preview:-1\" \/>\n<link rel=\"canonical\" href=\"https:\/\/veredes.es\/blog\/biblioteca-de-objetos-bim-de-materiales-y-soluciones-constructivas-ceramicas\/\" \/>\n<meta property=\"og:locale\" content=\"es_ES\" \/>\n<meta property=\"og:type\" content=\"article\" \/>\n<meta property=\"og:title\" content=\"Biblioteca de objetos BIM de materiales y soluciones constructivas cer\u00e1micas - veredes\" \/>\n<meta property=\"og:description\" content=\"Toda la informaci\u00f3n sobre: Biblioteca de objetos BIM de materiales y soluciones constructivas cer\u00e1micas\" \/>\n<meta property=\"og:url\" content=\"https:\/\/veredes.es\/blog\/biblioteca-de-objetos-bim-de-materiales-y-soluciones-constructivas-ceramicas\/\" \/>\n<meta property=\"og:site_name\" content=\"veredes, arquitectura y divulgaci\u00f3n\" \/>\n<meta property=\"article:publisher\" content=\"https:\/\/www.facebook.com\/veredesArquitecturayDivulgacion\/\" \/>\n<meta property=\"article:author\" content=\"https:\/\/www.facebook.com\/veredesArquitecturayDivulgacion\/\" \/>\n<meta property=\"article:published_time\" content=\"2023-06-14T22:01:05+00:00\" \/>\n<meta property=\"article:modified_time\" content=\"2024-02-15T15:28:13+00:00\" \/>\n<meta property=\"og:image\" content=\"https:\/\/veredes.es\/blog\/wp-content\/uploads\/2023\/06\/Biblioteca-de-objetos-BIM-de-materiales-y-soluciones-constructivas-ceramicas-Herramienta-PIMMuralit.jpg\" \/>\n\t<meta property=\"og:image:width\" content=\"1261\" \/>\n\t<meta property=\"og:image:height\" content=\"527\" \/>\n\t<meta property=\"og:image:type\" content=\"image\/jpeg\" \/>\n<meta name=\"author\" content=\"veredes\" \/>\n<meta name=\"twitter:card\" content=\"summary_large_image\" \/>\n<meta name=\"twitter:creator\" content=\"@https:\/\/twitter.com\/veredes\" \/>\n<meta name=\"twitter:site\" content=\"@veredes\" \/>\n<meta name=\"twitter:label1\" content=\"Escrito por\" \/>\n\t<meta name=\"twitter:data1\" content=\"veredes\" \/>\n\t<meta name=\"twitter:label2\" content=\"Tiempo de lectura\" \/>\n\t<meta name=\"twitter:data2\" content=\"4 minutos\" \/>\n<script type=\"application\/ld+json\" class=\"yoast-schema-graph\">{\"@context\":\"https:\\\/\\\/schema.org\",\"@graph\":[{\"@type\":\"Article\",\"@id\":\"https:\\\/\\\/veredes.es\\\/blog\\\/biblioteca-de-objetos-bim-de-materiales-y-soluciones-constructivas-ceramicas\\\/#article\",\"isPartOf\":{\"@id\":\"https:\\\/\\\/veredes.es\\\/blog\\\/biblioteca-de-objetos-bim-de-materiales-y-soluciones-constructivas-ceramicas\\\/\"},\"author\":{\"name\":\"veredes\",\"@id\":\"https:\\\/\\\/veredes.es\\\/blog\\\/#\\\/schema\\\/person\\\/0bbb669073ef7faba5168a0844e93d2c\"},\"headline\":\"Biblioteca de objetos BIM de materiales y soluciones constructivas cer\u00e1micas\",\"datePublished\":\"2023-06-14T22:01:05+00:00\",\"dateModified\":\"2024-02-15T15:28:13+00:00\",\"mainEntityOfPage\":{\"@id\":\"https:\\\/\\\/veredes.es\\\/blog\\\/biblioteca-de-objetos-bim-de-materiales-y-soluciones-constructivas-ceramicas\\\/\"},\"wordCount\":741,\"commentCount\":0,\"publisher\":{\"@id\":\"https:\\\/\\\/veredes.es\\\/blog\\\/#organization\"},\"image\":{\"@id\":\"https:\\\/\\\/veredes.es\\\/blog\\\/biblioteca-de-objetos-bim-de-materiales-y-soluciones-constructivas-ceramicas\\\/#primaryimage\"},\"thumbnailUrl\":\"https:\\\/\\\/veredes.es\\\/blog\\\/wp-content\\\/uploads\\\/2023\\\/06\\\/Biblioteca-de-objetos-BIM-de-materiales-y-soluciones-constructivas-ceramicas-Herramienta-PIMMuralit.jpg\",\"keywords\":[\"arquitectura de ladrillo\",\"biblioteca\",\"BIM\",\"cer\u00e1mica\",\"construcci\u00f3n\",\"CTE\",\"herramienta\",\"Hispalyt\",\"software libre\"],\"articleSection\":[\"aparejo\",\"slider principal\"],\"inLanguage\":\"es\",\"potentialAction\":[{\"@type\":\"CommentAction\",\"name\":\"Comment\",\"target\":[\"https:\\\/\\\/veredes.es\\\/blog\\\/biblioteca-de-objetos-bim-de-materiales-y-soluciones-constructivas-ceramicas\\\/#respond\"]}]},{\"@type\":\"WebPage\",\"@id\":\"https:\\\/\\\/veredes.es\\\/blog\\\/biblioteca-de-objetos-bim-de-materiales-y-soluciones-constructivas-ceramicas\\\/\",\"url\":\"https:\\\/\\\/veredes.es\\\/blog\\\/biblioteca-de-objetos-bim-de-materiales-y-soluciones-constructivas-ceramicas\\\/\",\"name\":\"Biblioteca de objetos BIM de materiales y soluciones constructivas cer\u00e1micas - veredes\",\"isPartOf\":{\"@id\":\"https:\\\/\\\/veredes.es\\\/blog\\\/#website\"},\"primaryImageOfPage\":{\"@id\":\"https:\\\/\\\/veredes.es\\\/blog\\\/biblioteca-de-objetos-bim-de-materiales-y-soluciones-constructivas-ceramicas\\\/#primaryimage\"},\"image\":{\"@id\":\"https:\\\/\\\/veredes.es\\\/blog\\\/biblioteca-de-objetos-bim-de-materiales-y-soluciones-constructivas-ceramicas\\\/#primaryimage\"},\"thumbnailUrl\":\"https:\\\/\\\/veredes.es\\\/blog\\\/wp-content\\\/uploads\\\/2023\\\/06\\\/Biblioteca-de-objetos-BIM-de-materiales-y-soluciones-constructivas-ceramicas-Herramienta-PIMMuralit.jpg\",\"datePublished\":\"2023-06-14T22:01:05+00:00\",\"dateModified\":\"2024-02-15T15:28:13+00:00\",\"description\":\"Toda la informaci\u00f3n sobre: Biblioteca de objetos BIM de materiales y soluciones constructivas cer\u00e1micas\",\"breadcrumb\":{\"@id\":\"https:\\\/\\\/veredes.es\\\/blog\\\/biblioteca-de-objetos-bim-de-materiales-y-soluciones-constructivas-ceramicas\\\/#breadcrumb\"},\"inLanguage\":\"es\",\"potentialAction\":[{\"@type\":\"ReadAction\",\"target\":[\"https:\\\/\\\/veredes.es\\\/blog\\\/biblioteca-de-objetos-bim-de-materiales-y-soluciones-constructivas-ceramicas\\\/\"]}]},{\"@type\":\"ImageObject\",\"inLanguage\":\"es\",\"@id\":\"https:\\\/\\\/veredes.es\\\/blog\\\/biblioteca-de-objetos-bim-de-materiales-y-soluciones-constructivas-ceramicas\\\/#primaryimage\",\"url\":\"https:\\\/\\\/veredes.es\\\/blog\\\/wp-content\\\/uploads\\\/2023\\\/06\\\/Biblioteca-de-objetos-BIM-de-materiales-y-soluciones-constructivas-ceramicas-Herramienta-PIMMuralit.jpg\",\"contentUrl\":\"https:\\\/\\\/veredes.es\\\/blog\\\/wp-content\\\/uploads\\\/2023\\\/06\\\/Biblioteca-de-objetos-BIM-de-materiales-y-soluciones-constructivas-ceramicas-Herramienta-PIMMuralit.jpg\",\"width\":1261,\"height\":527,\"caption\":\"Herramienta PIM Muralit\"},{\"@type\":\"BreadcrumbList\",\"@id\":\"https:\\\/\\\/veredes.es\\\/blog\\\/biblioteca-de-objetos-bim-de-materiales-y-soluciones-constructivas-ceramicas\\\/#breadcrumb\",\"itemListElement\":[{\"@type\":\"ListItem\",\"position\":1,\"name\":\"Portada\",\"item\":\"https:\\\/\\\/veredes.es\\\/blog\\\/\"},{\"@type\":\"ListItem\",\"position\":2,\"name\":\"Biblioteca de objetos BIM de materiales y soluciones constructivas cer\u00e1micas\"}]},{\"@type\":\"WebSite\",\"@id\":\"https:\\\/\\\/veredes.es\\\/blog\\\/#website\",\"url\":\"https:\\\/\\\/veredes.es\\\/blog\\\/\",\"name\":\"veredes, arquitectura y divulgaci\u00f3n\",\"description\":\"veredes\",\"publisher\":{\"@id\":\"https:\\\/\\\/veredes.es\\\/blog\\\/#organization\"},\"alternateName\":\"veredes\",\"potentialAction\":[{\"@type\":\"SearchAction\",\"target\":{\"@type\":\"EntryPoint\",\"urlTemplate\":\"https:\\\/\\\/veredes.es\\\/blog\\\/?s={search_term_string}\"},\"query-input\":{\"@type\":\"PropertyValueSpecification\",\"valueRequired\":true,\"valueName\":\"search_term_string\"}}],\"inLanguage\":\"es\"},{\"@type\":\"Organization\",\"@id\":\"https:\\\/\\\/veredes.es\\\/blog\\\/#organization\",\"name\":\"veredes, arquitectura y divulgaci\u00f3n\",\"alternateName\":\"veredes\",\"url\":\"https:\\\/\\\/veredes.es\\\/blog\\\/\",\"logo\":{\"@type\":\"ImageObject\",\"inLanguage\":\"es\",\"@id\":\"https:\\\/\\\/veredes.es\\\/blog\\\/#\\\/schema\\\/logo\\\/image\\\/\",\"url\":\"https:\\\/\\\/veredes.es\\\/blog\\\/wp-content\\\/uploads\\\/2021\\\/12\\\/veredes-logo-centrado_140x54.png\",\"contentUrl\":\"https:\\\/\\\/veredes.es\\\/blog\\\/wp-content\\\/uploads\\\/2021\\\/12\\\/veredes-logo-centrado_140x54.png\",\"width\":140,\"height\":54,\"caption\":\"veredes, arquitectura y divulgaci\u00f3n\"},\"image\":{\"@id\":\"https:\\\/\\\/veredes.es\\\/blog\\\/#\\\/schema\\\/logo\\\/image\\\/\"},\"sameAs\":[\"https:\\\/\\\/www.facebook.com\\\/veredesArquitecturayDivulgacion\\\/\",\"https:\\\/\\\/x.com\\\/veredes\",\"https:\\\/\\\/instagram.com\\\/veredes\\\/\",\"https:\\\/\\\/www.linkedin.com\\\/company\\\/veredes-arquitectura-y-divulgacion\\\/\",\"https:\\\/\\\/es.pinterest.com\\\/veredes\\\/\",\"https:\\\/\\\/www.tumblr.com\\\/veredes\"]},{\"@type\":\"Person\",\"@id\":\"https:\\\/\\\/veredes.es\\\/blog\\\/#\\\/schema\\\/person\\\/0bbb669073ef7faba5168a0844e93d2c\",\"name\":\"veredes\",\"image\":{\"@type\":\"ImageObject\",\"inLanguage\":\"es\",\"@id\":\"https:\\\/\\\/veredes.es\\\/blog\\\/wp-content\\\/uploads\\\/2018\\\/04\\\/face-96x96.jpg\",\"url\":\"https:\\\/\\\/veredes.es\\\/blog\\\/wp-content\\\/uploads\\\/2018\\\/04\\\/face-96x96.jpg\",\"contentUrl\":\"https:\\\/\\\/veredes.es\\\/blog\\\/wp-content\\\/uploads\\\/2018\\\/04\\\/face-96x96.jpg\",\"caption\":\"veredes\"},\"description\":\"Surge enero de 2009 como b\u00fasqueda de satisfacer el conocimiento de la actividad arquitect\u00f3nica y tangentes que se generan. La idea es crear un espacio para divulgar los diversos proyectos en busca de nueva inspiraci\u00f3n y de intercambio.\",\"sameAs\":[\"https:\\\/\\\/veredes.es\\\/\",\"https:\\\/\\\/www.facebook.com\\\/veredesArquitecturayDivulgacion\\\/\",\"https:\\\/\\\/www.instagram.com\\\/veredes\\\/\",\"https:\\\/\\\/www.linkedin.com\\\/company\\\/veredes-arquitectura-y-divulgacion\\\/\",\"https:\\\/\\\/www.pinterest.es\\\/veredes\\\/\",\"https:\\\/\\\/x.com\\\/https:\\\/\\\/twitter.com\\\/veredes\",\"https:\\\/\\\/veredes.tumblr.com\\\/\"],\"url\":\"https:\\\/\\\/veredes.es\\\/blog\\\/author\\\/alberto\\\/\"}]}<\/script>\n<!-- \/ Yoast SEO plugin. -->","yoast_head_json":{"title":"Biblioteca de objetos BIM de materiales y soluciones constructivas cer\u00e1micas - veredes","description":"Toda la informaci\u00f3n sobre: Biblioteca de objetos BIM de materiales y soluciones constructivas cer\u00e1micas","robots":{"index":"index","follow":"follow","max-snippet":"max-snippet:-1","max-image-preview":"max-image-preview:large","max-video-preview":"max-video-preview:-1"},"canonical":"https:\/\/veredes.es\/blog\/biblioteca-de-objetos-bim-de-materiales-y-soluciones-constructivas-ceramicas\/","og_locale":"es_ES","og_type":"article","og_title":"Biblioteca de objetos BIM de materiales y soluciones constructivas cer\u00e1micas - veredes","og_description":"Toda la informaci\u00f3n sobre: Biblioteca de objetos BIM de materiales y soluciones constructivas cer\u00e1micas","og_url":"https:\/\/veredes.es\/blog\/biblioteca-de-objetos-bim-de-materiales-y-soluciones-constructivas-ceramicas\/","og_site_name":"veredes, arquitectura y divulgaci\u00f3n","article_publisher":"https:\/\/www.facebook.com\/veredesArquitecturayDivulgacion\/","article_author":"https:\/\/www.facebook.com\/veredesArquitecturayDivulgacion\/","article_published_time":"2023-06-14T22:01:05+00:00","article_modified_time":"2024-02-15T15:28:13+00:00","og_image":[{"width":1261,"height":527,"url":"https:\/\/veredes.es\/blog\/wp-content\/uploads\/2023\/06\/Biblioteca-de-objetos-BIM-de-materiales-y-soluciones-constructivas-ceramicas-Herramienta-PIMMuralit.jpg","type":"image\/jpeg"}],"author":"veredes","twitter_card":"summary_large_image","twitter_creator":"@https:\/\/twitter.com\/veredes","twitter_site":"@veredes","twitter_misc":{"Escrito por":"veredes","Tiempo de lectura":"4 minutos"},"schema":{"@context":"https:\/\/schema.org","@graph":[{"@type":"Article","@id":"https:\/\/veredes.es\/blog\/biblioteca-de-objetos-bim-de-materiales-y-soluciones-constructivas-ceramicas\/#article","isPartOf":{"@id":"https:\/\/veredes.es\/blog\/biblioteca-de-objetos-bim-de-materiales-y-soluciones-constructivas-ceramicas\/"},"author":{"name":"veredes","@id":"https:\/\/veredes.es\/blog\/#\/schema\/person\/0bbb669073ef7faba5168a0844e93d2c"},"headline":"Biblioteca de objetos BIM de materiales y soluciones constructivas cer\u00e1micas","datePublished":"2023-06-14T22:01:05+00:00","dateModified":"2024-02-15T15:28:13+00:00","mainEntityOfPage":{"@id":"https:\/\/veredes.es\/blog\/biblioteca-de-objetos-bim-de-materiales-y-soluciones-constructivas-ceramicas\/"},"wordCount":741,"commentCount":0,"publisher":{"@id":"https:\/\/veredes.es\/blog\/#organization"},"image":{"@id":"https:\/\/veredes.es\/blog\/biblioteca-de-objetos-bim-de-materiales-y-soluciones-constructivas-ceramicas\/#primaryimage"},"thumbnailUrl":"https:\/\/veredes.es\/blog\/wp-content\/uploads\/2023\/06\/Biblioteca-de-objetos-BIM-de-materiales-y-soluciones-constructivas-ceramicas-Herramienta-PIMMuralit.jpg","keywords":["arquitectura de ladrillo","biblioteca","BIM","cer\u00e1mica","construcci\u00f3n","CTE","herramienta","Hispalyt","software libre"],"articleSection":["aparejo","slider principal"],"inLanguage":"es","potentialAction":[{"@type":"CommentAction","name":"Comment","target":["https:\/\/veredes.es\/blog\/biblioteca-de-objetos-bim-de-materiales-y-soluciones-constructivas-ceramicas\/#respond"]}]},{"@type":"WebPage","@id":"https:\/\/veredes.es\/blog\/biblioteca-de-objetos-bim-de-materiales-y-soluciones-constructivas-ceramicas\/","url":"https:\/\/veredes.es\/blog\/biblioteca-de-objetos-bim-de-materiales-y-soluciones-constructivas-ceramicas\/","name":"Biblioteca de objetos BIM de materiales y soluciones constructivas cer\u00e1micas - veredes","isPartOf":{"@id":"https:\/\/veredes.es\/blog\/#website"},"primaryImageOfPage":{"@id":"https:\/\/veredes.es\/blog\/biblioteca-de-objetos-bim-de-materiales-y-soluciones-constructivas-ceramicas\/#primaryimage"},"image":{"@id":"https:\/\/veredes.es\/blog\/biblioteca-de-objetos-bim-de-materiales-y-soluciones-constructivas-ceramicas\/#primaryimage"},"thumbnailUrl":"https:\/\/veredes.es\/blog\/wp-content\/uploads\/2023\/06\/Biblioteca-de-objetos-BIM-de-materiales-y-soluciones-constructivas-ceramicas-Herramienta-PIMMuralit.jpg","datePublished":"2023-06-14T22:01:05+00:00","dateModified":"2024-02-15T15:28:13+00:00","description":"Toda la informaci\u00f3n sobre: Biblioteca de objetos BIM de materiales y soluciones constructivas cer\u00e1micas","breadcrumb":{"@id":"https:\/\/veredes.es\/blog\/biblioteca-de-objetos-bim-de-materiales-y-soluciones-constructivas-ceramicas\/#breadcrumb"},"inLanguage":"es","potentialAction":[{"@type":"ReadAction","target":["https:\/\/veredes.es\/blog\/biblioteca-de-objetos-bim-de-materiales-y-soluciones-constructivas-ceramicas\/"]}]},{"@type":"ImageObject","inLanguage":"es","@id":"https:\/\/veredes.es\/blog\/biblioteca-de-objetos-bim-de-materiales-y-soluciones-constructivas-ceramicas\/#primaryimage","url":"https:\/\/veredes.es\/blog\/wp-content\/uploads\/2023\/06\/Biblioteca-de-objetos-BIM-de-materiales-y-soluciones-constructivas-ceramicas-Herramienta-PIMMuralit.jpg","contentUrl":"https:\/\/veredes.es\/blog\/wp-content\/uploads\/2023\/06\/Biblioteca-de-objetos-BIM-de-materiales-y-soluciones-constructivas-ceramicas-Herramienta-PIMMuralit.jpg","width":1261,"height":527,"caption":"Herramienta PIM Muralit"},{"@type":"BreadcrumbList","@id":"https:\/\/veredes.es\/blog\/biblioteca-de-objetos-bim-de-materiales-y-soluciones-constructivas-ceramicas\/#breadcrumb","itemListElement":[{"@type":"ListItem","position":1,"name":"Portada","item":"https:\/\/veredes.es\/blog\/"},{"@type":"ListItem","position":2,"name":"Biblioteca de objetos BIM de materiales y soluciones constructivas cer\u00e1micas"}]},{"@type":"WebSite","@id":"https:\/\/veredes.es\/blog\/#website","url":"https:\/\/veredes.es\/blog\/","name":"veredes, arquitectura y divulgaci\u00f3n","description":"veredes","publisher":{"@id":"https:\/\/veredes.es\/blog\/#organization"},"alternateName":"veredes","potentialAction":[{"@type":"SearchAction","target":{"@type":"EntryPoint","urlTemplate":"https:\/\/veredes.es\/blog\/?s={search_term_string}"},"query-input":{"@type":"PropertyValueSpecification","valueRequired":true,"valueName":"search_term_string"}}],"inLanguage":"es"},{"@type":"Organization","@id":"https:\/\/veredes.es\/blog\/#organization","name":"veredes, arquitectura y divulgaci\u00f3n","alternateName":"veredes","url":"https:\/\/veredes.es\/blog\/","logo":{"@type":"ImageObject","inLanguage":"es","@id":"https:\/\/veredes.es\/blog\/#\/schema\/logo\/image\/","url":"https:\/\/veredes.es\/blog\/wp-content\/uploads\/2021\/12\/veredes-logo-centrado_140x54.png","contentUrl":"https:\/\/veredes.es\/blog\/wp-content\/uploads\/2021\/12\/veredes-logo-centrado_140x54.png","width":140,"height":54,"caption":"veredes, arquitectura y divulgaci\u00f3n"},"image":{"@id":"https:\/\/veredes.es\/blog\/#\/schema\/logo\/image\/"},"sameAs":["https:\/\/www.facebook.com\/veredesArquitecturayDivulgacion\/","https:\/\/x.com\/veredes","https:\/\/instagram.com\/veredes\/","https:\/\/www.linkedin.com\/company\/veredes-arquitectura-y-divulgacion\/","https:\/\/es.pinterest.com\/veredes\/","https:\/\/www.tumblr.com\/veredes"]},{"@type":"Person","@id":"https:\/\/veredes.es\/blog\/#\/schema\/person\/0bbb669073ef7faba5168a0844e93d2c","name":"veredes","image":{"@type":"ImageObject","inLanguage":"es","@id":"https:\/\/veredes.es\/blog\/wp-content\/uploads\/2018\/04\/face-96x96.jpg","url":"https:\/\/veredes.es\/blog\/wp-content\/uploads\/2018\/04\/face-96x96.jpg","contentUrl":"https:\/\/veredes.es\/blog\/wp-content\/uploads\/2018\/04\/face-96x96.jpg","caption":"veredes"},"description":"Surge enero de 2009 como b\u00fasqueda de satisfacer el conocimiento de la actividad arquitect\u00f3nica y tangentes que se generan. La idea es crear un espacio para divulgar los diversos proyectos en busca de nueva inspiraci\u00f3n y de intercambio.","sameAs":["https:\/\/veredes.es\/","https:\/\/www.facebook.com\/veredesArquitecturayDivulgacion\/","https:\/\/www.instagram.com\/veredes\/","https:\/\/www.linkedin.com\/company\/veredes-arquitectura-y-divulgacion\/","https:\/\/www.pinterest.es\/veredes\/","https:\/\/x.com\/https:\/\/twitter.com\/veredes","https:\/\/veredes.tumblr.com\/"],"url":"https:\/\/veredes.es\/blog\/author\/alberto\/"}]}},"_links":{"self":[{"href":"https:\/\/veredes.es\/blog\/wp-json\/wp\/v2\/posts\/94430","targetHints":{"allow":["GET"]}}],"collection":[{"href":"https:\/\/veredes.es\/blog\/wp-json\/wp\/v2\/posts"}],"about":[{"href":"https:\/\/veredes.es\/blog\/wp-json\/wp\/v2\/types\/post"}],"author":[{"embeddable":true,"href":"https:\/\/veredes.es\/blog\/wp-json\/wp\/v2\/users\/2"}],"replies":[{"embeddable":true,"href":"https:\/\/veredes.es\/blog\/wp-json\/wp\/v2\/comments?post=94430"}],"version-history":[{"count":0,"href":"https:\/\/veredes.es\/blog\/wp-json\/wp\/v2\/posts\/94430\/revisions"}],"wp:featuredmedia":[{"embeddable":true,"href":"https:\/\/veredes.es\/blog\/wp-json\/wp\/v2\/media\/94437"}],"wp:attachment":[{"href":"https:\/\/veredes.es\/blog\/wp-json\/wp\/v2\/media?parent=94430"}],"wp:term":[{"taxonomy":"category","embeddable":true,"href":"https:\/\/veredes.es\/blog\/wp-json\/wp\/v2\/categories?post=94430"},{"taxonomy":"post_tag","embeddable":true,"href":"https:\/\/veredes.es\/blog\/wp-json\/wp\/v2\/tags?post=94430"}],"curies":[{"name":"wp","href":"https:\/\/api.w.org\/{rel}","templated":true}]}}