{"id":94334,"date":"2023-06-01T00:01:16","date_gmt":"2023-05-31T22:01:16","guid":{"rendered":"https:\/\/veredes.es\/blog\/?p=94334"},"modified":"2023-06-27T14:22:28","modified_gmt":"2023-06-27T12:22:28","slug":"i-premios-de-arquitectura-en-madera-cesuga-pino-de-galicia","status":"publish","type":"post","link":"https:\/\/veredes.es\/blog\/i-premios-de-arquitectura-en-madera-cesuga-pino-de-galicia\/","title":{"rendered":"I Premios de Arquitectura en Madera CESUGA | Pino de Galicia"},"content":{"rendered":"<figure id=\"attachment_94336\" aria-describedby=\"caption-attachment-94336\" style=\"width: 1400px\" class=\"wp-caption alignnone\"><img loading=\"lazy\" decoding=\"async\" class=\"wp-image-94336 size-full\" title=\"I Premios de Arquitectura en Madera CESUGA Pino de Galicia\" src=\"https:\/\/veredes.es\/blog\/wp-content\/uploads\/2023\/06\/I-Premios-de-Arquitectura-en-Madera-CESUGA-Pino-de-Galicia.jpg\" alt=\"I Premios de Arquitectura en Madera CESUGA Pino de Galicia\" width=\"1400\" height=\"875\" srcset=\"https:\/\/veredes.es\/blog\/wp-content\/uploads\/2023\/06\/I-Premios-de-Arquitectura-en-Madera-CESUGA-Pino-de-Galicia.jpg 1400w, https:\/\/veredes.es\/blog\/wp-content\/uploads\/2023\/06\/I-Premios-de-Arquitectura-en-Madera-CESUGA-Pino-de-Galicia-300x188.jpg 300w, https:\/\/veredes.es\/blog\/wp-content\/uploads\/2023\/06\/I-Premios-de-Arquitectura-en-Madera-CESUGA-Pino-de-Galicia-1024x640.jpg 1024w, https:\/\/veredes.es\/blog\/wp-content\/uploads\/2023\/06\/I-Premios-de-Arquitectura-en-Madera-CESUGA-Pino-de-Galicia-696x435.jpg 696w, https:\/\/veredes.es\/blog\/wp-content\/uploads\/2023\/06\/I-Premios-de-Arquitectura-en-Madera-CESUGA-Pino-de-Galicia-1068x668.jpg 1068w\" sizes=\"auto, (max-width: 1400px) 100vw, 1400px\" \/><figcaption id=\"caption-attachment-94336\" class=\"wp-caption-text\"><span style=\"color: #999999;\">I Premios de Arquitectura en Madera CESUGA Pino de Galicia<\/span><\/figcaption><\/figure>\n<p style=\"text-align: justify;\">El <strong>Centro de Estudios Superiores Universitarios de Galicia (CESUGA)<\/strong> ha impulsado, en colaboraci\u00f3n con la <strong>Marca de Garant\u00eda Pino de Galicia<\/strong>, la creaci\u00f3n de un nuevo concurso para distinguir los mejores proyectos de arquitectura que utilicen la madera como material preferente para su ejecuci\u00f3n y realizados en cualquier punto de la pen\u00ednsula ib\u00e9rica.<\/p>\n<p style=\"text-align: justify;\">La primera edici\u00f3n del certamen, denominado <strong>Premios de Arquitectura en Madera CESUGA | Pino de Galicia<\/strong>, premiar\u00e1 aquellas <strong>actuaciones llevadas a cabo en Espa\u00f1a y Portugal en el per\u00edodo entre el 1 de enero de 2021 y el 30 de mayo de 2023<\/strong>.<\/p>\n<blockquote>\n<p style=\"text-align: justify;\"><em>Su objetivo principal es poner en valor las posibilidades de la construcci\u00f3n con madera como recurso natural, renovable, reciclable y sostenible.<\/em><\/p>\n<\/blockquote>\n<p style=\"text-align: justify;\">Para ello, el concurso -en el que sobre todo se valorar\u00e1n la sensibilidad en el dise\u00f1o de las propuestas, el rigor de su composici\u00f3n arquitect\u00f3nica y la durabilidad- establece <strong>cuatro categor\u00edas de premios<\/strong>: <strong>obra nueva, rehabilitaci\u00f3n o reforma, dise\u00f1o de producto y peque\u00f1a escala (como mobiliario o innovaci\u00f3n en el dise\u00f1o de marca) y un galard\u00f3n especial para aquellos proyectos realizados con madera local, bajo la marca de calidad Pino de Galicia<\/strong>.<\/p>\n<h5 style=\"text-align: justify;\"><strong>Jurado<\/strong><\/h5>\n<p style=\"text-align: justify;\">El jurado del certamen, presidido por Venancio Salcines, presidente de Pino de Galicia, lo integran cualificados profesionales del sector, especialistas en arquitectura, sostenibilidad y el uso de la madera. Como vicepresidenta actuar\u00e1 Silvia Blanco Ag\u00fceira, directora del grado de Arquitectura de CESUGA, y como secretario, David Lorenzo, tambi\u00e9n de Pino de Galicia. Los vocales son los hermanos \u00d3scar e Iv\u00e1n Andr\u00e9s Quintela, del estudio compostelano <a href=\"https:\/\/veredes.es\/blog\/tag\/arkb-arrokabe-arquitectos\/\" target=\"_blank\" rel=\"noopener\">Arrokabe Arquitectos<\/a>; Juanjo Otero y Cecilia Mu\u00ed\u00f1os, de <a href=\"https:\/\/veredes.es\/blog\/tag\/mol-arquitectura\/\" target=\"_blank\" rel=\"noopener\">MOL Arquitectura<\/a>, con sede en Ourense; Cristina Ezcurra y Cristina Ouzande, de <a href=\"https:\/\/veredes.es\/blog\/tag\/cristina-ezcurra-de-la-iglesia\/\" target=\"_blank\" rel=\"noopener\">Ezcurra e Ouzande<\/a>, tambi\u00e9n en Santiago; y el arquitecto Alberto Alonso Oro, director del blog veredes Arquitectura y Divulgaci\u00f3n.<\/p>\n<figure id=\"attachment_94338\" aria-describedby=\"caption-attachment-94338\" style=\"width: 800px\" class=\"wp-caption alignnone\"><img loading=\"lazy\" decoding=\"async\" class=\"wp-image-94338 size-full\" title=\"I Premios de Arquitectura en Madera CESUGA Pino de Galicia\" src=\"https:\/\/veredes.es\/blog\/wp-content\/uploads\/2023\/06\/I-Premios-de-Arquitectura-en-Madera-CESUGA-Pino-de-Galicia-Santos-Diez.jpg\" alt=\"I Premios de Arquitectura en Madera CESUGA Pino de Galicia\" width=\"800\" height=\"640\" srcset=\"https:\/\/veredes.es\/blog\/wp-content\/uploads\/2023\/06\/I-Premios-de-Arquitectura-en-Madera-CESUGA-Pino-de-Galicia-Santos-Diez.jpg 800w, https:\/\/veredes.es\/blog\/wp-content\/uploads\/2023\/06\/I-Premios-de-Arquitectura-en-Madera-CESUGA-Pino-de-Galicia-Santos-Diez-300x240.jpg 300w, https:\/\/veredes.es\/blog\/wp-content\/uploads\/2023\/06\/I-Premios-de-Arquitectura-en-Madera-CESUGA-Pino-de-Galicia-Santos-Diez-696x557.jpg 696w\" sizes=\"auto, (max-width: 800px) 100vw, 800px\" \/><figcaption id=\"caption-attachment-94338\" class=\"wp-caption-text\"><span style=\"color: #999999;\">I Premios de Arquitectura en Madera CESUGA | Pino de Galicia \u00a9 Santos-Diez<\/span><\/figcaption><\/figure>\n<h5 style=\"text-align: justify;\"><strong>Plazos y material<\/strong><\/h5>\n<p style=\"text-align: justify;\">El plazo para la presentaci\u00f3n de propuestas de esta primera edici\u00f3n de los Premios de Arquitectura en Madera CESUGA | Pino de Galicia <strong>finaliza el pr\u00f3ximo 20 de junio, a las 10:00 horas.<\/strong> Podr\u00e1n participar <strong>un m\u00e1ximo de dos obras por arquitecto o estudio<\/strong> en cada una de las cuatro categor\u00edas. Cada proyecto deber\u00e1 ir acompa\u00f1ado de una memoria (arquitect\u00f3nica, de presencia de madera en la obra y de sostenibilidad en cuanto a aislamiento, ventilaci\u00f3n y consumo de energ\u00eda) y dos paneles resumen que incluir\u00e1n, como m\u00ednimo, cinco fotograf\u00edas, plano de situaci\u00f3n y emplazamiento, planos del proyecto, secci\u00f3n constructiva y memoria de materiales empleados con referencia expl\u00edcita a marca y\/o fabricante.<\/p>\n<p class=\"western\" style=\"text-align: justify;\" align=\"center\"><em>El plazo de presentaci\u00f3n de propuestas finaliza el pr\u00f3ximo 20 de junio<\/em><\/p>\n<blockquote>\n<p style=\"text-align: center;\" align=\"center\"><strong>\u00a1AMPLIADO EL PLAZO HASTA EL 30 DE JUNIO!<\/strong><\/p>\n<\/blockquote>\n<p style=\"text-align: justify;\">En el apartado del premio especial marca de calidad Pino de Galicia, los participantes tendr\u00e1n que mencionar tambi\u00e9n la empresa certificada. Las bases del concurso est\u00e1n disponibles en la <strong><a href=\"https:\/\/cesuga.com\/premio-pino-de-galicia\/\" target=\"_blank\" rel=\"noopener\">web<\/a>.<\/strong><\/p>\n<p style=\"text-align: justify;\">La entrega de documentaci\u00f3n solo podr\u00e1 realizarse a trav\u00e9s del correo electr\u00f3nico <a href=\"mailto:premiospinodegalicia2023@cesuga.com.\" target=\"_blank\" rel=\"noopener\">premiospinodegalicia2023@cesuga.com.<\/a><\/p>\n<h5 style=\"text-align: justify;\"><strong>Entrega de premios en el foro \u201cO Encontro\u201d en A Toxa<\/strong><\/h5>\n<p style=\"text-align: justify;\">La entrega de galardones, que no conllevan dotaci\u00f3n econ\u00f3mica, tendr\u00e1 lugar en la gala final de \u201cO Encontro\u201d, foro econ\u00f3mico, pol\u00edtico y social que desde 2021 organiza CESUGA y que se celebrar\u00e1 los d\u00edas 13 y 14 de julio en A Toxa (Pontevedra). S\u00ed se editar\u00e1 un libro conmemorativo, en el que figurar\u00e1n todas las obras destacadas por los miembros del jurado, tanto las premiadas como aquellas que reciban una menci\u00f3n de honor.<\/p>\n","protected":false},"excerpt":{"rendered":"<p>El Centro de Estudios Superiores Universitarios de Galicia (CESUGA) ha impulsado, en colaboraci\u00f3n con la Marca de Garant\u00eda Pino de Galicia, la creaci\u00f3n de un nuevo concurso para distinguir los mejores proyectos de arquitectura que utilicen la madera como material preferente para su ejecuci\u00f3n y realizados en cualquier punto de la pen\u00ednsula ib\u00e9rica. La primera [&hellip;]<\/p>\n","protected":false},"author":2,"featured_media":94336,"comment_status":"open","ping_status":"closed","sticky":false,"template":"","format":"standard","meta":{"footnotes":""},"categories":[5624],"tags":[12273,4056,143,812,2631,5819,4101,11103,15038,6492,15037,4055,4102,13336,4054,16555,1093,11986],"class_list":{"0":"post-94334","1":"post","2":"type-post","3":"status-publish","4":"format-standard","5":"has-post-thumbnail","7":"category-deriva","8":"tag-alberto-alonso-oro","9":"tag-arkb-arrokabe-arquitectos","10":"tag-arquitectura-contemporanea","12":"tag-arquitectura-espanola","13":"tag-arquitectura-portuguesa","14":"tag-c-cecilia-lopez-muinos","15":"tag-cesuga","16":"tag-cristina-ezcurra-de-la-iglesia","17":"tag-cristina-ouzande","18":"tag-ezcurra-e-ouzande-arquitectura","19":"tag-ivan-andres-quintela","20":"tag-juan-jose-otero-vazquez","21":"tag-mol-arquitectura","22":"tag-oscar-andres-quintela","23":"tag-pino-de-galicia","24":"tag-premio-eventos","25":"tag-silvia-blanco-agueira"},"yoast_head":"<!-- This site is optimized with the Yoast SEO plugin v27.4 - https:\/\/yoast.com\/product\/yoast-seo-wordpress\/ -->\n<title>I Premios de Arquitectura en Madera CESUGA | Pino de Galicia - veredes<\/title>\n<meta name=\"description\" content=\"Toda la informaci\u00f3n sobre: I Premios de Arquitectura en Madera CESUGA | Pino de Galicia\" \/>\n<meta name=\"robots\" content=\"index, follow, max-snippet:-1, max-image-preview:large, max-video-preview:-1\" \/>\n<link rel=\"canonical\" href=\"https:\/\/veredes.es\/blog\/i-premios-de-arquitectura-en-madera-cesuga-pino-de-galicia\/\" \/>\n<meta property=\"og:locale\" content=\"es_ES\" \/>\n<meta property=\"og:type\" content=\"article\" \/>\n<meta property=\"og:title\" content=\"I Premios de Arquitectura en Madera CESUGA | Pino de Galicia - veredes\" \/>\n<meta property=\"og:description\" content=\"Toda la informaci\u00f3n sobre: I Premios de Arquitectura en Madera CESUGA | Pino de Galicia\" \/>\n<meta property=\"og:url\" content=\"https:\/\/veredes.es\/blog\/i-premios-de-arquitectura-en-madera-cesuga-pino-de-galicia\/\" \/>\n<meta property=\"og:site_name\" content=\"veredes, arquitectura y divulgaci\u00f3n\" \/>\n<meta property=\"article:publisher\" content=\"https:\/\/www.facebook.com\/veredesArquitecturayDivulgacion\/\" \/>\n<meta property=\"article:author\" content=\"https:\/\/www.facebook.com\/veredesArquitecturayDivulgacion\/\" \/>\n<meta property=\"article:published_time\" content=\"2023-05-31T22:01:16+00:00\" \/>\n<meta property=\"article:modified_time\" content=\"2023-06-27T12:22:28+00:00\" \/>\n<meta property=\"og:image\" content=\"https:\/\/veredes.es\/blog\/wp-content\/uploads\/2023\/06\/I-Premios-de-Arquitectura-en-Madera-CESUGA-Pino-de-Galicia.jpg\" \/>\n\t<meta property=\"og:image:width\" content=\"1400\" \/>\n\t<meta property=\"og:image:height\" content=\"875\" \/>\n\t<meta property=\"og:image:type\" content=\"image\/jpeg\" \/>\n<meta name=\"author\" content=\"veredes\" \/>\n<meta name=\"twitter:card\" content=\"summary_large_image\" \/>\n<meta name=\"twitter:creator\" content=\"@https:\/\/twitter.com\/veredes\" \/>\n<meta name=\"twitter:site\" content=\"@veredes\" \/>\n<meta name=\"twitter:label1\" content=\"Escrito por\" \/>\n\t<meta name=\"twitter:data1\" content=\"veredes\" \/>\n\t<meta name=\"twitter:label2\" content=\"Tiempo de lectura\" \/>\n\t<meta name=\"twitter:data2\" content=\"3 minutos\" \/>\n<script type=\"application\/ld+json\" class=\"yoast-schema-graph\">{\"@context\":\"https:\\\/\\\/schema.org\",\"@graph\":[{\"@type\":\"Article\",\"@id\":\"https:\\\/\\\/veredes.es\\\/blog\\\/i-premios-de-arquitectura-en-madera-cesuga-pino-de-galicia\\\/#article\",\"isPartOf\":{\"@id\":\"https:\\\/\\\/veredes.es\\\/blog\\\/i-premios-de-arquitectura-en-madera-cesuga-pino-de-galicia\\\/\"},\"author\":{\"name\":\"veredes\",\"@id\":\"https:\\\/\\\/veredes.es\\\/blog\\\/#\\\/schema\\\/person\\\/0bbb669073ef7faba5168a0844e93d2c\"},\"headline\":\"I Premios de Arquitectura en Madera CESUGA | Pino de Galicia\",\"datePublished\":\"2023-05-31T22:01:16+00:00\",\"dateModified\":\"2023-06-27T12:22:28+00:00\",\"mainEntityOfPage\":{\"@id\":\"https:\\\/\\\/veredes.es\\\/blog\\\/i-premios-de-arquitectura-en-madera-cesuga-pino-de-galicia\\\/\"},\"wordCount\":649,\"commentCount\":0,\"publisher\":{\"@id\":\"https:\\\/\\\/veredes.es\\\/blog\\\/#organization\"},\"image\":{\"@id\":\"https:\\\/\\\/veredes.es\\\/blog\\\/i-premios-de-arquitectura-en-madera-cesuga-pino-de-galicia\\\/#primaryimage\"},\"thumbnailUrl\":\"https:\\\/\\\/veredes.es\\\/blog\\\/wp-content\\\/uploads\\\/2023\\\/06\\\/I-Premios-de-Arquitectura-en-Madera-CESUGA-Pino-de-Galicia.jpg\",\"keywords\":[\"Alberto Alonso Oro\",\"ARKB - Arrokabe arquitectos\",\"arquitectura contempor\u00e1nea\",\"arquitectura en madera\",\"arquitectura espa\u00f1ola\",\"arquitectura portuguesa\",\"C. Cecilia L\u00f3pez Mui\u00f1os\",\"cesuga\",\"Cristina Ezcurra de la Iglesia\",\"Cristina Ouzande\",\"Ezcurra e Ouzande Arquitectura\",\"Iv\u00e1n Andr\u00e9s Quintela\",\"Juan Jos\u00e9 Otero V\u00e1zquez\",\"MOL Arquitectura\",\"\u00d3scar Andr\u00e9s Quintela\",\"pino de Galicia\",\"premio\",\"Silvia Blanco Ag\u00fceira\"],\"articleSection\":[\"deriva\"],\"inLanguage\":\"es\",\"potentialAction\":[{\"@type\":\"CommentAction\",\"name\":\"Comment\",\"target\":[\"https:\\\/\\\/veredes.es\\\/blog\\\/i-premios-de-arquitectura-en-madera-cesuga-pino-de-galicia\\\/#respond\"]}]},{\"@type\":\"WebPage\",\"@id\":\"https:\\\/\\\/veredes.es\\\/blog\\\/i-premios-de-arquitectura-en-madera-cesuga-pino-de-galicia\\\/\",\"url\":\"https:\\\/\\\/veredes.es\\\/blog\\\/i-premios-de-arquitectura-en-madera-cesuga-pino-de-galicia\\\/\",\"name\":\"I Premios de Arquitectura en Madera CESUGA | Pino de Galicia - veredes\",\"isPartOf\":{\"@id\":\"https:\\\/\\\/veredes.es\\\/blog\\\/#website\"},\"primaryImageOfPage\":{\"@id\":\"https:\\\/\\\/veredes.es\\\/blog\\\/i-premios-de-arquitectura-en-madera-cesuga-pino-de-galicia\\\/#primaryimage\"},\"image\":{\"@id\":\"https:\\\/\\\/veredes.es\\\/blog\\\/i-premios-de-arquitectura-en-madera-cesuga-pino-de-galicia\\\/#primaryimage\"},\"thumbnailUrl\":\"https:\\\/\\\/veredes.es\\\/blog\\\/wp-content\\\/uploads\\\/2023\\\/06\\\/I-Premios-de-Arquitectura-en-Madera-CESUGA-Pino-de-Galicia.jpg\",\"datePublished\":\"2023-05-31T22:01:16+00:00\",\"dateModified\":\"2023-06-27T12:22:28+00:00\",\"description\":\"Toda la informaci\u00f3n sobre: I Premios de Arquitectura en Madera CESUGA | Pino de Galicia\",\"breadcrumb\":{\"@id\":\"https:\\\/\\\/veredes.es\\\/blog\\\/i-premios-de-arquitectura-en-madera-cesuga-pino-de-galicia\\\/#breadcrumb\"},\"inLanguage\":\"es\",\"potentialAction\":[{\"@type\":\"ReadAction\",\"target\":[\"https:\\\/\\\/veredes.es\\\/blog\\\/i-premios-de-arquitectura-en-madera-cesuga-pino-de-galicia\\\/\"]}]},{\"@type\":\"ImageObject\",\"inLanguage\":\"es\",\"@id\":\"https:\\\/\\\/veredes.es\\\/blog\\\/i-premios-de-arquitectura-en-madera-cesuga-pino-de-galicia\\\/#primaryimage\",\"url\":\"https:\\\/\\\/veredes.es\\\/blog\\\/wp-content\\\/uploads\\\/2023\\\/06\\\/I-Premios-de-Arquitectura-en-Madera-CESUGA-Pino-de-Galicia.jpg\",\"contentUrl\":\"https:\\\/\\\/veredes.es\\\/blog\\\/wp-content\\\/uploads\\\/2023\\\/06\\\/I-Premios-de-Arquitectura-en-Madera-CESUGA-Pino-de-Galicia.jpg\",\"width\":1400,\"height\":875,\"caption\":\"I Premios de Arquitectura en Madera CESUGA Pino de Galicia\"},{\"@type\":\"BreadcrumbList\",\"@id\":\"https:\\\/\\\/veredes.es\\\/blog\\\/i-premios-de-arquitectura-en-madera-cesuga-pino-de-galicia\\\/#breadcrumb\",\"itemListElement\":[{\"@type\":\"ListItem\",\"position\":1,\"name\":\"Portada\",\"item\":\"https:\\\/\\\/veredes.es\\\/blog\\\/\"},{\"@type\":\"ListItem\",\"position\":2,\"name\":\"I Premios de Arquitectura en Madera CESUGA | Pino de Galicia\"}]},{\"@type\":\"WebSite\",\"@id\":\"https:\\\/\\\/veredes.es\\\/blog\\\/#website\",\"url\":\"https:\\\/\\\/veredes.es\\\/blog\\\/\",\"name\":\"veredes, arquitectura y divulgaci\u00f3n\",\"description\":\"veredes\",\"publisher\":{\"@id\":\"https:\\\/\\\/veredes.es\\\/blog\\\/#organization\"},\"alternateName\":\"veredes\",\"potentialAction\":[{\"@type\":\"SearchAction\",\"target\":{\"@type\":\"EntryPoint\",\"urlTemplate\":\"https:\\\/\\\/veredes.es\\\/blog\\\/?s={search_term_string}\"},\"query-input\":{\"@type\":\"PropertyValueSpecification\",\"valueRequired\":true,\"valueName\":\"search_term_string\"}}],\"inLanguage\":\"es\"},{\"@type\":\"Organization\",\"@id\":\"https:\\\/\\\/veredes.es\\\/blog\\\/#organization\",\"name\":\"veredes, arquitectura y divulgaci\u00f3n\",\"alternateName\":\"veredes\",\"url\":\"https:\\\/\\\/veredes.es\\\/blog\\\/\",\"logo\":{\"@type\":\"ImageObject\",\"inLanguage\":\"es\",\"@id\":\"https:\\\/\\\/veredes.es\\\/blog\\\/#\\\/schema\\\/logo\\\/image\\\/\",\"url\":\"https:\\\/\\\/veredes.es\\\/blog\\\/wp-content\\\/uploads\\\/2021\\\/12\\\/veredes-logo-centrado_140x54.png\",\"contentUrl\":\"https:\\\/\\\/veredes.es\\\/blog\\\/wp-content\\\/uploads\\\/2021\\\/12\\\/veredes-logo-centrado_140x54.png\",\"width\":140,\"height\":54,\"caption\":\"veredes, arquitectura y divulgaci\u00f3n\"},\"image\":{\"@id\":\"https:\\\/\\\/veredes.es\\\/blog\\\/#\\\/schema\\\/logo\\\/image\\\/\"},\"sameAs\":[\"https:\\\/\\\/www.facebook.com\\\/veredesArquitecturayDivulgacion\\\/\",\"https:\\\/\\\/x.com\\\/veredes\",\"https:\\\/\\\/instagram.com\\\/veredes\\\/\",\"https:\\\/\\\/www.linkedin.com\\\/company\\\/veredes-arquitectura-y-divulgacion\\\/\",\"https:\\\/\\\/es.pinterest.com\\\/veredes\\\/\",\"https:\\\/\\\/www.tumblr.com\\\/veredes\"]},{\"@type\":\"Person\",\"@id\":\"https:\\\/\\\/veredes.es\\\/blog\\\/#\\\/schema\\\/person\\\/0bbb669073ef7faba5168a0844e93d2c\",\"name\":\"veredes\",\"image\":{\"@type\":\"ImageObject\",\"inLanguage\":\"es\",\"@id\":\"https:\\\/\\\/veredes.es\\\/blog\\\/wp-content\\\/uploads\\\/2018\\\/04\\\/face-96x96.jpg\",\"url\":\"https:\\\/\\\/veredes.es\\\/blog\\\/wp-content\\\/uploads\\\/2018\\\/04\\\/face-96x96.jpg\",\"contentUrl\":\"https:\\\/\\\/veredes.es\\\/blog\\\/wp-content\\\/uploads\\\/2018\\\/04\\\/face-96x96.jpg\",\"caption\":\"veredes\"},\"description\":\"Surge enero de 2009 como b\u00fasqueda de satisfacer el conocimiento de la actividad arquitect\u00f3nica y tangentes que se generan. La idea es crear un espacio para divulgar los diversos proyectos en busca de nueva inspiraci\u00f3n y de intercambio.\",\"sameAs\":[\"https:\\\/\\\/veredes.es\\\/\",\"https:\\\/\\\/www.facebook.com\\\/veredesArquitecturayDivulgacion\\\/\",\"https:\\\/\\\/www.instagram.com\\\/veredes\\\/\",\"https:\\\/\\\/www.linkedin.com\\\/company\\\/veredes-arquitectura-y-divulgacion\\\/\",\"https:\\\/\\\/www.pinterest.es\\\/veredes\\\/\",\"https:\\\/\\\/x.com\\\/https:\\\/\\\/twitter.com\\\/veredes\",\"https:\\\/\\\/veredes.tumblr.com\\\/\"],\"url\":\"https:\\\/\\\/veredes.es\\\/blog\\\/author\\\/alberto\\\/\"}]}<\/script>\n<!-- \/ Yoast SEO plugin. -->","yoast_head_json":{"title":"I Premios de Arquitectura en Madera CESUGA | Pino de Galicia - veredes","description":"Toda la informaci\u00f3n sobre: I Premios de Arquitectura en Madera CESUGA | Pino de Galicia","robots":{"index":"index","follow":"follow","max-snippet":"max-snippet:-1","max-image-preview":"max-image-preview:large","max-video-preview":"max-video-preview:-1"},"canonical":"https:\/\/veredes.es\/blog\/i-premios-de-arquitectura-en-madera-cesuga-pino-de-galicia\/","og_locale":"es_ES","og_type":"article","og_title":"I Premios de Arquitectura en Madera CESUGA | Pino de Galicia - veredes","og_description":"Toda la informaci\u00f3n sobre: I Premios de Arquitectura en Madera CESUGA | Pino de Galicia","og_url":"https:\/\/veredes.es\/blog\/i-premios-de-arquitectura-en-madera-cesuga-pino-de-galicia\/","og_site_name":"veredes, arquitectura y divulgaci\u00f3n","article_publisher":"https:\/\/www.facebook.com\/veredesArquitecturayDivulgacion\/","article_author":"https:\/\/www.facebook.com\/veredesArquitecturayDivulgacion\/","article_published_time":"2023-05-31T22:01:16+00:00","article_modified_time":"2023-06-27T12:22:28+00:00","og_image":[{"width":1400,"height":875,"url":"https:\/\/veredes.es\/blog\/wp-content\/uploads\/2023\/06\/I-Premios-de-Arquitectura-en-Madera-CESUGA-Pino-de-Galicia.jpg","type":"image\/jpeg"}],"author":"veredes","twitter_card":"summary_large_image","twitter_creator":"@https:\/\/twitter.com\/veredes","twitter_site":"@veredes","twitter_misc":{"Escrito por":"veredes","Tiempo de lectura":"3 minutos"},"schema":{"@context":"https:\/\/schema.org","@graph":[{"@type":"Article","@id":"https:\/\/veredes.es\/blog\/i-premios-de-arquitectura-en-madera-cesuga-pino-de-galicia\/#article","isPartOf":{"@id":"https:\/\/veredes.es\/blog\/i-premios-de-arquitectura-en-madera-cesuga-pino-de-galicia\/"},"author":{"name":"veredes","@id":"https:\/\/veredes.es\/blog\/#\/schema\/person\/0bbb669073ef7faba5168a0844e93d2c"},"headline":"I Premios de Arquitectura en Madera CESUGA | Pino de Galicia","datePublished":"2023-05-31T22:01:16+00:00","dateModified":"2023-06-27T12:22:28+00:00","mainEntityOfPage":{"@id":"https:\/\/veredes.es\/blog\/i-premios-de-arquitectura-en-madera-cesuga-pino-de-galicia\/"},"wordCount":649,"commentCount":0,"publisher":{"@id":"https:\/\/veredes.es\/blog\/#organization"},"image":{"@id":"https:\/\/veredes.es\/blog\/i-premios-de-arquitectura-en-madera-cesuga-pino-de-galicia\/#primaryimage"},"thumbnailUrl":"https:\/\/veredes.es\/blog\/wp-content\/uploads\/2023\/06\/I-Premios-de-Arquitectura-en-Madera-CESUGA-Pino-de-Galicia.jpg","keywords":["Alberto Alonso Oro","ARKB - Arrokabe arquitectos","arquitectura contempor\u00e1nea","arquitectura en madera","arquitectura espa\u00f1ola","arquitectura portuguesa","C. Cecilia L\u00f3pez Mui\u00f1os","cesuga","Cristina Ezcurra de la Iglesia","Cristina Ouzande","Ezcurra e Ouzande Arquitectura","Iv\u00e1n Andr\u00e9s Quintela","Juan Jos\u00e9 Otero V\u00e1zquez","MOL Arquitectura","\u00d3scar Andr\u00e9s Quintela","pino de Galicia","premio","Silvia Blanco Ag\u00fceira"],"articleSection":["deriva"],"inLanguage":"es","potentialAction":[{"@type":"CommentAction","name":"Comment","target":["https:\/\/veredes.es\/blog\/i-premios-de-arquitectura-en-madera-cesuga-pino-de-galicia\/#respond"]}]},{"@type":"WebPage","@id":"https:\/\/veredes.es\/blog\/i-premios-de-arquitectura-en-madera-cesuga-pino-de-galicia\/","url":"https:\/\/veredes.es\/blog\/i-premios-de-arquitectura-en-madera-cesuga-pino-de-galicia\/","name":"I Premios de Arquitectura en Madera CESUGA | Pino de Galicia - veredes","isPartOf":{"@id":"https:\/\/veredes.es\/blog\/#website"},"primaryImageOfPage":{"@id":"https:\/\/veredes.es\/blog\/i-premios-de-arquitectura-en-madera-cesuga-pino-de-galicia\/#primaryimage"},"image":{"@id":"https:\/\/veredes.es\/blog\/i-premios-de-arquitectura-en-madera-cesuga-pino-de-galicia\/#primaryimage"},"thumbnailUrl":"https:\/\/veredes.es\/blog\/wp-content\/uploads\/2023\/06\/I-Premios-de-Arquitectura-en-Madera-CESUGA-Pino-de-Galicia.jpg","datePublished":"2023-05-31T22:01:16+00:00","dateModified":"2023-06-27T12:22:28+00:00","description":"Toda la informaci\u00f3n sobre: I Premios de Arquitectura en Madera CESUGA | Pino de Galicia","breadcrumb":{"@id":"https:\/\/veredes.es\/blog\/i-premios-de-arquitectura-en-madera-cesuga-pino-de-galicia\/#breadcrumb"},"inLanguage":"es","potentialAction":[{"@type":"ReadAction","target":["https:\/\/veredes.es\/blog\/i-premios-de-arquitectura-en-madera-cesuga-pino-de-galicia\/"]}]},{"@type":"ImageObject","inLanguage":"es","@id":"https:\/\/veredes.es\/blog\/i-premios-de-arquitectura-en-madera-cesuga-pino-de-galicia\/#primaryimage","url":"https:\/\/veredes.es\/blog\/wp-content\/uploads\/2023\/06\/I-Premios-de-Arquitectura-en-Madera-CESUGA-Pino-de-Galicia.jpg","contentUrl":"https:\/\/veredes.es\/blog\/wp-content\/uploads\/2023\/06\/I-Premios-de-Arquitectura-en-Madera-CESUGA-Pino-de-Galicia.jpg","width":1400,"height":875,"caption":"I Premios de Arquitectura en Madera CESUGA Pino de Galicia"},{"@type":"BreadcrumbList","@id":"https:\/\/veredes.es\/blog\/i-premios-de-arquitectura-en-madera-cesuga-pino-de-galicia\/#breadcrumb","itemListElement":[{"@type":"ListItem","position":1,"name":"Portada","item":"https:\/\/veredes.es\/blog\/"},{"@type":"ListItem","position":2,"name":"I Premios de Arquitectura en Madera CESUGA | Pino de Galicia"}]},{"@type":"WebSite","@id":"https:\/\/veredes.es\/blog\/#website","url":"https:\/\/veredes.es\/blog\/","name":"veredes, arquitectura y divulgaci\u00f3n","description":"veredes","publisher":{"@id":"https:\/\/veredes.es\/blog\/#organization"},"alternateName":"veredes","potentialAction":[{"@type":"SearchAction","target":{"@type":"EntryPoint","urlTemplate":"https:\/\/veredes.es\/blog\/?s={search_term_string}"},"query-input":{"@type":"PropertyValueSpecification","valueRequired":true,"valueName":"search_term_string"}}],"inLanguage":"es"},{"@type":"Organization","@id":"https:\/\/veredes.es\/blog\/#organization","name":"veredes, arquitectura y divulgaci\u00f3n","alternateName":"veredes","url":"https:\/\/veredes.es\/blog\/","logo":{"@type":"ImageObject","inLanguage":"es","@id":"https:\/\/veredes.es\/blog\/#\/schema\/logo\/image\/","url":"https:\/\/veredes.es\/blog\/wp-content\/uploads\/2021\/12\/veredes-logo-centrado_140x54.png","contentUrl":"https:\/\/veredes.es\/blog\/wp-content\/uploads\/2021\/12\/veredes-logo-centrado_140x54.png","width":140,"height":54,"caption":"veredes, arquitectura y divulgaci\u00f3n"},"image":{"@id":"https:\/\/veredes.es\/blog\/#\/schema\/logo\/image\/"},"sameAs":["https:\/\/www.facebook.com\/veredesArquitecturayDivulgacion\/","https:\/\/x.com\/veredes","https:\/\/instagram.com\/veredes\/","https:\/\/www.linkedin.com\/company\/veredes-arquitectura-y-divulgacion\/","https:\/\/es.pinterest.com\/veredes\/","https:\/\/www.tumblr.com\/veredes"]},{"@type":"Person","@id":"https:\/\/veredes.es\/blog\/#\/schema\/person\/0bbb669073ef7faba5168a0844e93d2c","name":"veredes","image":{"@type":"ImageObject","inLanguage":"es","@id":"https:\/\/veredes.es\/blog\/wp-content\/uploads\/2018\/04\/face-96x96.jpg","url":"https:\/\/veredes.es\/blog\/wp-content\/uploads\/2018\/04\/face-96x96.jpg","contentUrl":"https:\/\/veredes.es\/blog\/wp-content\/uploads\/2018\/04\/face-96x96.jpg","caption":"veredes"},"description":"Surge enero de 2009 como b\u00fasqueda de satisfacer el conocimiento de la actividad arquitect\u00f3nica y tangentes que se generan. La idea es crear un espacio para divulgar los diversos proyectos en busca de nueva inspiraci\u00f3n y de intercambio.","sameAs":["https:\/\/veredes.es\/","https:\/\/www.facebook.com\/veredesArquitecturayDivulgacion\/","https:\/\/www.instagram.com\/veredes\/","https:\/\/www.linkedin.com\/company\/veredes-arquitectura-y-divulgacion\/","https:\/\/www.pinterest.es\/veredes\/","https:\/\/x.com\/https:\/\/twitter.com\/veredes","https:\/\/veredes.tumblr.com\/"],"url":"https:\/\/veredes.es\/blog\/author\/alberto\/"}]}},"_links":{"self":[{"href":"https:\/\/veredes.es\/blog\/wp-json\/wp\/v2\/posts\/94334","targetHints":{"allow":["GET"]}}],"collection":[{"href":"https:\/\/veredes.es\/blog\/wp-json\/wp\/v2\/posts"}],"about":[{"href":"https:\/\/veredes.es\/blog\/wp-json\/wp\/v2\/types\/post"}],"author":[{"embeddable":true,"href":"https:\/\/veredes.es\/blog\/wp-json\/wp\/v2\/users\/2"}],"replies":[{"embeddable":true,"href":"https:\/\/veredes.es\/blog\/wp-json\/wp\/v2\/comments?post=94334"}],"version-history":[{"count":0,"href":"https:\/\/veredes.es\/blog\/wp-json\/wp\/v2\/posts\/94334\/revisions"}],"wp:featuredmedia":[{"embeddable":true,"href":"https:\/\/veredes.es\/blog\/wp-json\/wp\/v2\/media\/94336"}],"wp:attachment":[{"href":"https:\/\/veredes.es\/blog\/wp-json\/wp\/v2\/media?parent=94334"}],"wp:term":[{"taxonomy":"category","embeddable":true,"href":"https:\/\/veredes.es\/blog\/wp-json\/wp\/v2\/categories?post=94334"},{"taxonomy":"post_tag","embeddable":true,"href":"https:\/\/veredes.es\/blog\/wp-json\/wp\/v2\/tags?post=94334"}],"curies":[{"name":"wp","href":"https:\/\/api.w.org\/{rel}","templated":true}]}}