{"id":94311,"date":"2023-05-30T00:01:07","date_gmt":"2023-05-29T22:01:07","guid":{"rendered":"https:\/\/veredes.es\/blog\/?p=94311"},"modified":"2024-02-15T16:30:50","modified_gmt":"2024-02-15T15:30:50","slug":"certificados-leed-breeam-verde-y-estandar-passivhaus-a-traves-de-fachadas-y-tabiques-ceramicos","status":"publish","type":"post","link":"https:\/\/veredes.es\/blog\/certificados-leed-breeam-verde-y-estandar-passivhaus-a-traves-de-fachadas-y-tabiques-ceramicos\/","title":{"rendered":"Certificados LEED, BREEAM, VERDE y est\u00e1ndar Passivhaus a trav\u00e9s de fachadas y tabiques cer\u00e1micos"},"content":{"rendered":"<figure id=\"attachment_94318\" aria-describedby=\"caption-attachment-94318\" style=\"width: 1400px\" class=\"wp-caption alignnone\"><img loading=\"lazy\" decoding=\"async\" class=\"wp-image-94318 size-full\" title=\"Certificados-LEED,-BREEAM,-VERDE-y-est\u00e1ndar-Passivhaus-a-trav\u00e9s-de-fachadas-y-tabiques-cer\u00e1micos Kurtxes Shaded Passivhaus\u2019, de Arquitectura V\u00e9liz\" src=\"https:\/\/veredes.es\/blog\/wp-content\/uploads\/2023\/05\/Certificados-LEED-BREEAM-VERDE-y-estandar-Passivhaus-a-traves-de-fachadas-y-tabiques-ceramicos-Kurtxes-Shaded-Passivhaus-de-Arquitectura-Veliz.jpg\" alt=\"Certificados-LEED,-BREEAM,-VERDE-y-est\u00e1ndar-Passivhaus-a-trav\u00e9s-de-fachadas-y-tabiques-cer\u00e1micos Kurtxes Shaded Passivhaus\u2019, de Arquitectura V\u00e9liz\" width=\"1400\" height=\"2100\" srcset=\"https:\/\/veredes.es\/blog\/wp-content\/uploads\/2023\/05\/Certificados-LEED-BREEAM-VERDE-y-estandar-Passivhaus-a-traves-de-fachadas-y-tabiques-ceramicos-Kurtxes-Shaded-Passivhaus-de-Arquitectura-Veliz.jpg 1400w, https:\/\/veredes.es\/blog\/wp-content\/uploads\/2023\/05\/Certificados-LEED-BREEAM-VERDE-y-estandar-Passivhaus-a-traves-de-fachadas-y-tabiques-ceramicos-Kurtxes-Shaded-Passivhaus-de-Arquitectura-Veliz-200x300.jpg 200w, https:\/\/veredes.es\/blog\/wp-content\/uploads\/2023\/05\/Certificados-LEED-BREEAM-VERDE-y-estandar-Passivhaus-a-traves-de-fachadas-y-tabiques-ceramicos-Kurtxes-Shaded-Passivhaus-de-Arquitectura-Veliz-683x1024.jpg 683w, https:\/\/veredes.es\/blog\/wp-content\/uploads\/2023\/05\/Certificados-LEED-BREEAM-VERDE-y-estandar-Passivhaus-a-traves-de-fachadas-y-tabiques-ceramicos-Kurtxes-Shaded-Passivhaus-de-Arquitectura-Veliz-1024x1536.jpg 1024w, https:\/\/veredes.es\/blog\/wp-content\/uploads\/2023\/05\/Certificados-LEED-BREEAM-VERDE-y-estandar-Passivhaus-a-traves-de-fachadas-y-tabiques-ceramicos-Kurtxes-Shaded-Passivhaus-de-Arquitectura-Veliz-1365x2048.jpg 1365w, https:\/\/veredes.es\/blog\/wp-content\/uploads\/2023\/05\/Certificados-LEED-BREEAM-VERDE-y-estandar-Passivhaus-a-traves-de-fachadas-y-tabiques-ceramicos-Kurtxes-Shaded-Passivhaus-de-Arquitectura-Veliz-696x1044.jpg 696w, https:\/\/veredes.es\/blog\/wp-content\/uploads\/2023\/05\/Certificados-LEED-BREEAM-VERDE-y-estandar-Passivhaus-a-traves-de-fachadas-y-tabiques-ceramicos-Kurtxes-Shaded-Passivhaus-de-Arquitectura-Veliz-1068x1602.jpg 1068w\" sizes=\"auto, (max-width: 1400px) 100vw, 1400px\" \/><figcaption id=\"caption-attachment-94318\" class=\"wp-caption-text\"><span style=\"color: #999999;\">\u2018Kurtxes Shaded Passivhaus\u2019, de Arquitectura V\u00e9liz, con cerramiento de bloque de Termoarcilla rectificado<\/span><\/figcaption><\/figure>\n<p style=\"text-align: justify;\">La <a href=\"https:\/\/veredes.es\/blog\/?s=arquitectura+sostenible\" target=\"_blank\" rel=\"noopener\">adaptabilidad<\/a> al cambio clim\u00e1tico, durabilidad, resiliencia, prestaciones ac\u00fasticas y t\u00e9rmicas, as\u00ed como su reciclabilidad y transparencia en la composici\u00f3n, avalada por las Declaraciones Ambientales de Productos (DAP), hacen que las paredes de ladrillos y bloques cer\u00e1micos creen hogares confortables, eficientes y saludables.<\/p>\n<p style=\"text-align: justify;\">Cuando desde un estudio de arquitectura o promotora inmobiliaria se emprende un nuevo proyecto bajo los criterios de eficiencia energ\u00e9tica y bajo impacto ambiental se debe contar con soluciones que den cumplimiento no s\u00f3lo a los requerimientos del C\u00f3digo T\u00e9cnico de la Edificaci\u00f3n (CTE), sino tambi\u00e9n a los criterios establecidos desde las diferentes certificaciones ambientales.<\/p>\n<figure id=\"attachment_94316\" aria-describedby=\"caption-attachment-94316\" style=\"width: 895px\" class=\"wp-caption alignnone\"><img loading=\"lazy\" decoding=\"async\" class=\"wp-image-94316 size-full\" title=\"Certificados LEED, BREEAM, VERDE y est\u00e1ndar Passivhaus a trav\u00e9s de fachadas y tabiques cer\u00e1micos Arroyo Bodonal. \u2018Edificio Infinity\u2019 de Grupo LOBE. Primer edificio Passivhaus de protecci\u00f3n oficial de la Comunidad de Ma\" src=\"https:\/\/veredes.es\/blog\/wp-content\/uploads\/2023\/05\/Certificados-LEED-BREEAM-VERDE-y-estandar-Passivhaus-a-traves-de-fachadas-y-tabiques-ceramicos-Arroyo-Bodonal.-\u2018Edificio-Infinity-de-Grupo-LOBE.-Primer-edificio-Passivhaus-de-proteccion-oficial-Madrid.jpg\" alt=\"Certificados LEED, BREEAM, VERDE y est\u00e1ndar Passivhaus a trav\u00e9s de fachadas y tabiques cer\u00e1micos Arroyo Bodonal. \u2018Edificio Infinity\u2019 de Grupo LOBE. Primer edificio Passivhaus de protecci\u00f3n oficial de la Comunidad de Madrid\" width=\"895\" height=\"577\" srcset=\"https:\/\/veredes.es\/blog\/wp-content\/uploads\/2023\/05\/Certificados-LEED-BREEAM-VERDE-y-estandar-Passivhaus-a-traves-de-fachadas-y-tabiques-ceramicos-Arroyo-Bodonal.-\u2018Edificio-Infinity-de-Grupo-LOBE.-Primer-edificio-Passivhaus-de-proteccion-oficial-Madrid.jpg 895w, https:\/\/veredes.es\/blog\/wp-content\/uploads\/2023\/05\/Certificados-LEED-BREEAM-VERDE-y-estandar-Passivhaus-a-traves-de-fachadas-y-tabiques-ceramicos-Arroyo-Bodonal.-\u2018Edificio-Infinity-de-Grupo-LOBE.-Primer-edificio-Passivhaus-de-proteccion-oficial-Madrid-300x193.jpg 300w, https:\/\/veredes.es\/blog\/wp-content\/uploads\/2023\/05\/Certificados-LEED-BREEAM-VERDE-y-estandar-Passivhaus-a-traves-de-fachadas-y-tabiques-ceramicos-Arroyo-Bodonal.-\u2018Edificio-Infinity-de-Grupo-LOBE.-Primer-edificio-Passivhaus-de-proteccion-oficial-Madrid-696x449.jpg 696w\" sizes=\"auto, (max-width: 895px) 100vw, 895px\" \/><figcaption id=\"caption-attachment-94316\" class=\"wp-caption-text\"><span style=\"color: #999999;\">\u2018Edificio Infinity\u2019 de Grupo LOBE. Primer edificio Passivhaus de protecci\u00f3n oficial de la Comunidad de Madrid, con tabiques y trasdosados de ladrillo cer\u00e1mico gran formato <\/span><\/figcaption><\/figure>\n<p style=\"text-align: justify;\">En este sentido, las soluciones de fachadas y paredes separadoras de ladrillo y bloque cer\u00e1mico son soluciones integrales de elevadas prestaciones t\u00e9rmicas y ac\u00fasticas, id\u00f3neas para aquellos edificios dise\u00f1ados para cumplir los mayores est\u00e1ndares de calidad, como los fijados por las certificaciones de sostenibilidad LEED, BREEAM y VERDE, as\u00ed como el est\u00e1ndar Passivhaus. Muestra de ello son los proyectos con soluciones cer\u00e1micas \u2018<a href=\"https:\/\/muralit.es\/el-ladrillo-gran-formato-reduce-el-coste-de-la-ejecucion-en-obra-y-ofrece-un-mayor-confort-en-las-viviendas\/\" target=\"_blank\" rel=\"noopener\"><strong>Edificio Infinity<\/strong><\/a>\u2019 y \u2018<a href=\"https:\/\/www.hispalyt.es\/es\/blog\/sistemas-ceramicos-y-passivhaus:-eleccion-segura-para-edificios-de-consumo-casi-nulo\" target=\"_blank\" rel=\"noopener\"><strong>Kurtxes Shaded Passivhaus<\/strong><\/a>\u2019.<\/p>\n<h5 style=\"text-align: justify;\"><strong>Arroyo Bodonal de Acre Arquitectura, primer edificio residencial de Europa en conseguir la certificaci\u00f3n LEED Platinum<\/strong><\/h5>\n<figure id=\"attachment_94315\" aria-describedby=\"caption-attachment-94315\" style=\"width: 750px\" class=\"wp-caption alignnone\"><img loading=\"lazy\" decoding=\"async\" class=\"wp-image-94315 size-full\" title=\"Certificados LEED, BREEAM, VERDE y est\u00e1ndar Passivhaus a trav\u00e9s de fachadas y tabiques cer\u00e1micos Arroyo Bodonal. Acre Arquitectura. Fot\u00f3grafo J.L. Ia\u00f1ez\" src=\"https:\/\/veredes.es\/blog\/wp-content\/uploads\/2023\/05\/Certificados-LEED-BREEAM-VERDE-y-estandar-Passivhaus-a-traves-de-fachadas-y-tabiques-ceramicos-Arroyo-Bodonal.-Acre-Arquitectura.-Fotografo-J.L.-Ianez.jpg\" alt=\"Certificados LEED, BREEAM, VERDE y est\u00e1ndar Passivhaus a trav\u00e9s de fachadas y tabiques cer\u00e1micos Arroyo Bodonal. Acre Arquitectura. Fot\u00f3grafo J.L. Ia\u00f1ez\" width=\"750\" height=\"657\" srcset=\"https:\/\/veredes.es\/blog\/wp-content\/uploads\/2023\/05\/Certificados-LEED-BREEAM-VERDE-y-estandar-Passivhaus-a-traves-de-fachadas-y-tabiques-ceramicos-Arroyo-Bodonal.-Acre-Arquitectura.-Fotografo-J.L.-Ianez.jpg 750w, https:\/\/veredes.es\/blog\/wp-content\/uploads\/2023\/05\/Certificados-LEED-BREEAM-VERDE-y-estandar-Passivhaus-a-traves-de-fachadas-y-tabiques-ceramicos-Arroyo-Bodonal.-Acre-Arquitectura.-Fotografo-J.L.-Ianez-300x263.jpg 300w, https:\/\/veredes.es\/blog\/wp-content\/uploads\/2023\/05\/Certificados-LEED-BREEAM-VERDE-y-estandar-Passivhaus-a-traves-de-fachadas-y-tabiques-ceramicos-Arroyo-Bodonal.-Acre-Arquitectura.-Fotografo-J.L.-Ianez-696x610.jpg 696w\" sizes=\"auto, (max-width: 750px) 100vw, 750px\" \/><figcaption id=\"caption-attachment-94315\" class=\"wp-caption-text\"><span style=\"color: #999999;\">\u2019Arroyo Bodonal\u2019, de Acre Arquitectura \u00a9 J.L. Ia\u00f1ez<\/span><\/figcaption><\/figure>\n<p style=\"text-align: justify;\">El ladrillo cer\u00e1mico est\u00e1 presente en la promoci\u00f3n de viviendas de Arroyo Bodonal, un proyecto con certificaci\u00f3n LEED Platinum de Acre Arquitectura, cuya envolvente de gran eficiencia energ\u00e9tica es una fachada ventilada de piedra natural y ladrillo perforado, con doble aislamiento t\u00e9rmico.<\/p>\n<blockquote>\n<p style=\"text-align: justify;\"><em>\u201cLa composici\u00f3n de las capas de la fachada fue un proceso laborioso en cuanto a la elecci\u00f3n de los materiales y espesores \u2013se llegaron a realizar hasta 14 simulaciones\u2013\u201d, <\/em><\/p>\n<\/blockquote>\n<p style=\"text-align: justify;\">afirma Carlo Nieto, arquitecto del proyecto, que destaca el papel del ladrillo en su ejecuci\u00f3n al proporcionar una serie de \u201cventajas innegociables para el proyecto\u201d, como una elevada inercia t\u00e9rmica con la que alcanzar los est\u00e1ndares propuestos desde el inicio del proyecto<\/p>\n<blockquote>\n<p style=\"text-align: justify;\"><em>\u201cAdem\u00e1s, el uso de ladrillo cer\u00e1mico en la construcci\u00f3n de la fachada contribuy\u00f3 a alcanzar la certificaci\u00f3n LEED Platinum al sumar puntos por criterios de regionalidad y circularidad de los materiales\u201d, <\/em><\/p>\n<\/blockquote>\n<p style=\"text-align: justify;\">concluye Carlos Nieto.<\/p>\n<h5><strong>La sostenibilidad<\/strong><\/h5>\n<p style=\"text-align: justify;\">En el \u00e1mbito de la sostenibilidad, la campa\u00f1a \u201c<a href=\"https:\/\/paredesdeladrillo.com\/wp-content\/uploads\/documentos\/folleto_ladrillo_y_bloque_ceramico_hispalyt_sep_2022.pdf\" target=\"_blank\" rel=\"noopener\"><strong>Paredes de ladrillo, soluciones que cumplen<\/strong><\/a>\u201d, impulsada por el Gremi de Rajolers de la Comunitat Valenciana junto con Hispalyt, ofrece informaci\u00f3n sobre la <a href=\"https:\/\/www.hispalyt.es\/es\/sostenibilidad\/fichas-breeam-leed-y-verde#fichas\" target=\"_blank\" rel=\"noopener\">aportaci\u00f3n de los ladrillos y bloques cer\u00e1micos para obtener los certificados LEED, BREEAM y VERDE y el est\u00e1ndar Passivhaus<\/a>. Las fichas para la obtenci\u00f3n de estos certificados est\u00e1n disponibles en la <a href=\"https:\/\/materiales.gbce.es\/2021\/11\/26\/ladrillo-para-revestir-hispalyt\/\" target=\"_blank\" rel=\"noopener\">Plataforma de Materiales de GBCe<\/a> desde donde pueden descargarse, garantizando que su contenido ha pasado por un proceso de revisi\u00f3n de calidad por parte de un equipo de expertos independiente. Adem\u00e1s, se puede descargar la documentaci\u00f3n justificativa requerida por las certificaciones.<\/p>\n<figure id=\"attachment_94312\" aria-describedby=\"caption-attachment-94312\" style=\"width: 1236px\" class=\"wp-caption alignnone\"><img loading=\"lazy\" decoding=\"async\" class=\"wp-image-94312 size-full\" title=\"Certificados LEED, BREEAM, VERDE y est\u00e1ndar Passivhaus a trav\u00e9s de fachadas y tabiques cer\u00e1micos Dec\u00e1logo de sostenibilidad de los materiales cer\u00e1micos\" src=\"https:\/\/veredes.es\/blog\/wp-content\/uploads\/2023\/05\/Certificados-LEED-BREEAM-VERDE-y-estandar-Passivhaus-a-traves-de-fachadas-y-tabiques-ceramicos-Decalogo-de-sostenibilidad-de-los-materiales-ceramicos.jpg\" alt=\"Certificados LEED, BREEAM, VERDE y est\u00e1ndar Passivhaus a trav\u00e9s de fachadas y tabiques cer\u00e1micos Dec\u00e1logo de sostenibilidad de los materiales cer\u00e1micos\" width=\"1236\" height=\"284\" srcset=\"https:\/\/veredes.es\/blog\/wp-content\/uploads\/2023\/05\/Certificados-LEED-BREEAM-VERDE-y-estandar-Passivhaus-a-traves-de-fachadas-y-tabiques-ceramicos-Decalogo-de-sostenibilidad-de-los-materiales-ceramicos.jpg 1236w, https:\/\/veredes.es\/blog\/wp-content\/uploads\/2023\/05\/Certificados-LEED-BREEAM-VERDE-y-estandar-Passivhaus-a-traves-de-fachadas-y-tabiques-ceramicos-Decalogo-de-sostenibilidad-de-los-materiales-ceramicos-300x69.jpg 300w, https:\/\/veredes.es\/blog\/wp-content\/uploads\/2023\/05\/Certificados-LEED-BREEAM-VERDE-y-estandar-Passivhaus-a-traves-de-fachadas-y-tabiques-ceramicos-Decalogo-de-sostenibilidad-de-los-materiales-ceramicos-1024x235.jpg 1024w, https:\/\/veredes.es\/blog\/wp-content\/uploads\/2023\/05\/Certificados-LEED-BREEAM-VERDE-y-estandar-Passivhaus-a-traves-de-fachadas-y-tabiques-ceramicos-Decalogo-de-sostenibilidad-de-los-materiales-ceramicos-696x160.jpg 696w, https:\/\/veredes.es\/blog\/wp-content\/uploads\/2023\/05\/Certificados-LEED-BREEAM-VERDE-y-estandar-Passivhaus-a-traves-de-fachadas-y-tabiques-ceramicos-Decalogo-de-sostenibilidad-de-los-materiales-ceramicos-1068x245.jpg 1068w\" sizes=\"auto, (max-width: 1236px) 100vw, 1236px\" \/><figcaption id=\"caption-attachment-94312\" class=\"wp-caption-text\"><span style=\"color: #999999;\">Dec\u00e1logo de sostenibilidad de los materiales cer\u00e1micos<\/span><\/figcaption><\/figure>\n<p style=\"text-align: justify;\">Tambi\u00e9n est\u00e1 disponible para su descarga el <a href=\"https:\/\/www.hispalyt.es\/es\/sostenibilidad\/decalogo\" target=\"_blank\" rel=\"noopener\"><em>Dec\u00e1logo de sostenibilidad de los materiales cer\u00e1micos<\/em><\/a>, que argumenta las diez las razones por las que los materiales cer\u00e1micos de construcci\u00f3n son social, econ\u00f3mica y medioambientalmente sostenibles.<\/p>\n<figure id=\"attachment_94319\" aria-describedby=\"caption-attachment-94319\" style=\"width: 1400px\" class=\"wp-caption alignnone\"><img loading=\"lazy\" decoding=\"async\" class=\"wp-image-94319 size-full\" title=\"Certificados-LEED,-BREEAM,-VERDE-y-est\u00e1ndar-Passivhaus-a-trav\u00e9s-de-fachadas-y-tabiques-cer\u00e1micos-Kurtxes-Shaded-Passivhaus\u2019,Arquitectura-V\u00e9liz\" src=\"https:\/\/veredes.es\/blog\/wp-content\/uploads\/2023\/05\/Certificados-LEED-BREEAM-VERDE-y-estandar-Passivhaus-a-traves-de-fachadas-y-tabiques-ceramicos-Kurtxes-Shaded-PassivhausArquitectura-Veliz.jpg\" alt=\"Certificados-LEED,-BREEAM,-VERDE-y-est\u00e1ndar-Passivhaus-a-trav\u00e9s-de-fachadas-y-tabiques-cer\u00e1micos-Kurtxes-Shaded-Passivhaus\u2019,Arquitectura-V\u00e9liz\" width=\"1400\" height=\"2105\" srcset=\"https:\/\/veredes.es\/blog\/wp-content\/uploads\/2023\/05\/Certificados-LEED-BREEAM-VERDE-y-estandar-Passivhaus-a-traves-de-fachadas-y-tabiques-ceramicos-Kurtxes-Shaded-PassivhausArquitectura-Veliz.jpg 1400w, https:\/\/veredes.es\/blog\/wp-content\/uploads\/2023\/05\/Certificados-LEED-BREEAM-VERDE-y-estandar-Passivhaus-a-traves-de-fachadas-y-tabiques-ceramicos-Kurtxes-Shaded-PassivhausArquitectura-Veliz-200x300.jpg 200w, https:\/\/veredes.es\/blog\/wp-content\/uploads\/2023\/05\/Certificados-LEED-BREEAM-VERDE-y-estandar-Passivhaus-a-traves-de-fachadas-y-tabiques-ceramicos-Kurtxes-Shaded-PassivhausArquitectura-Veliz-681x1024.jpg 681w, https:\/\/veredes.es\/blog\/wp-content\/uploads\/2023\/05\/Certificados-LEED-BREEAM-VERDE-y-estandar-Passivhaus-a-traves-de-fachadas-y-tabiques-ceramicos-Kurtxes-Shaded-PassivhausArquitectura-Veliz-1022x1536.jpg 1022w, https:\/\/veredes.es\/blog\/wp-content\/uploads\/2023\/05\/Certificados-LEED-BREEAM-VERDE-y-estandar-Passivhaus-a-traves-de-fachadas-y-tabiques-ceramicos-Kurtxes-Shaded-PassivhausArquitectura-Veliz-1362x2048.jpg 1362w, https:\/\/veredes.es\/blog\/wp-content\/uploads\/2023\/05\/Certificados-LEED-BREEAM-VERDE-y-estandar-Passivhaus-a-traves-de-fachadas-y-tabiques-ceramicos-Kurtxes-Shaded-PassivhausArquitectura-Veliz-696x1046.jpg 696w, https:\/\/veredes.es\/blog\/wp-content\/uploads\/2023\/05\/Certificados-LEED-BREEAM-VERDE-y-estandar-Passivhaus-a-traves-de-fachadas-y-tabiques-ceramicos-Kurtxes-Shaded-PassivhausArquitectura-Veliz-1068x1606.jpg 1068w\" sizes=\"auto, (max-width: 1400px) 100vw, 1400px\" \/><figcaption id=\"caption-attachment-94319\" class=\"wp-caption-text\"><span style=\"color: #999999;\">\u2018Kurtxes Shaded Passivhaus\u2019, de Arquitectura V\u00e9liz, con cerramiento de bloque de Termoarcilla rectificado<\/span><\/figcaption><\/figure>\n<p style=\"text-align: justify;\">En conclusi\u00f3n, las paredes de ladrillos y bloques cer\u00e1micos tienen un papel clave en la transformaci\u00f3n del sector de la edificaci\u00f3n reduciendo la demanda de energ\u00eda desde una edificaci\u00f3n circular, sostenible y eficiente, y participando en el compromiso del impacto ambiental, social y el econ\u00f3mico de los proyectos de los forma parte.<\/p>\n<p style=\"text-align: center;\"><a href=\"https:\/\/paredesdeladrillo.com\/\" target=\"_blank\" rel=\"noopener\"><strong>\u201cParedes de ladrillo, soluciones que cumplen\u201d<\/strong><\/a><\/p>\n<p style=\"text-align: justify;\">El Gremi de Rajolers de la Comunitat Valenciana desarrolla, junto a Hispalyt, la campa\u00f1a <a href=\"https:\/\/veredes.es\/blog\/?s=Paredes+de+ladrillo%2C+soluciones+que+cumplen\" target=\"_blank\" rel=\"noopener\">\u201cParedes de ladrillo, soluciones que cumplen\u201d<\/a>, cuyo objetivo es mostrar las prestaciones y ventajas de las soluciones para fachadas y tabiquer\u00eda interior para el cumplimiento integral del C\u00f3digo T\u00e9cnico de la Edificaci\u00f3n.<\/p>\n<p style=\"text-align: center;\">Para m\u00e1s informaci\u00f3n visita\u00a0<a href=\"https:\/\/paredesdeladrillo.com\/\" target=\"_blank\" rel=\"noopener\"><strong>la web<\/strong><\/a><\/p>\n","protected":false},"excerpt":{"rendered":"<p>La adaptabilidad al cambio clim\u00e1tico, durabilidad, resiliencia, prestaciones ac\u00fasticas y t\u00e9rmicas, as\u00ed como su reciclabilidad y transparencia en la composici\u00f3n, avalada por las Declaraciones Ambientales de Productos (DAP), hacen que las paredes de ladrillos y bloques cer\u00e1micos creen hogares confortables, eficientes y saludables. Cuando desde un estudio de arquitectura o promotora inmobiliaria se emprende un [&hellip;]<\/p>\n","protected":false},"author":2,"featured_media":94319,"comment_status":"open","ping_status":"closed","sticky":false,"template":"","format":"standard","meta":{"footnotes":""},"categories":[10089,5951],"tags":[12448,13218,2556,16554,16552,296,365,10108,1846,13216,16553,841,6480,12469],"class_list":{"0":"post-94311","1":"post","2":"type-post","3":"status-publish","4":"format-standard","5":"has-post-thumbnail","7":"category-aparejo","8":"category-slider-principal","9":"tag-arquitectura","10":"tag-arquitectura-de-ladrillo","11":"tag-arquitectura-sostenible","12":"tag-breeam","13":"tag-carlo-nieto","14":"tag-ceramica","15":"tag-construccion","16":"tag-cte","17":"tag-detalle","18":"tag-hispalyt","19":"tag-leed","20":"tag-material","21":"tag-passivhaus","22":"tag-sostenibilidad"},"yoast_head":"<!-- This site is optimized with the Yoast SEO plugin v27.5 - https:\/\/yoast.com\/product\/yoast-seo-wordpress\/ -->\n<title>Certificados LEED, BREEAM, VERDE y est\u00e1ndar Passivhaus a trav\u00e9s de fachadas y tabiques cer\u00e1micos - veredes<\/title>\n<meta name=\"description\" content=\"Toda la informaci\u00f3n sobre: Certificados LEED, BREEAM, VERDE y est\u00e1ndar Passivhaus a trav\u00e9s de fachadas y tabiques cer\u00e1micos\" \/>\n<meta name=\"robots\" content=\"index, follow, max-snippet:-1, max-image-preview:large, max-video-preview:-1\" \/>\n<link rel=\"canonical\" href=\"https:\/\/veredes.es\/blog\/certificados-leed-breeam-verde-y-estandar-passivhaus-a-traves-de-fachadas-y-tabiques-ceramicos\/\" \/>\n<meta property=\"og:locale\" content=\"es_ES\" \/>\n<meta property=\"og:type\" content=\"article\" \/>\n<meta property=\"og:title\" content=\"Certificados LEED, BREEAM, VERDE y est\u00e1ndar Passivhaus a trav\u00e9s de fachadas y tabiques cer\u00e1micos - veredes\" \/>\n<meta property=\"og:description\" content=\"Toda la informaci\u00f3n sobre: Certificados LEED, BREEAM, VERDE y est\u00e1ndar Passivhaus a trav\u00e9s de fachadas y tabiques cer\u00e1micos\" \/>\n<meta property=\"og:url\" content=\"https:\/\/veredes.es\/blog\/certificados-leed-breeam-verde-y-estandar-passivhaus-a-traves-de-fachadas-y-tabiques-ceramicos\/\" \/>\n<meta property=\"og:site_name\" content=\"veredes, arquitectura y divulgaci\u00f3n\" \/>\n<meta property=\"article:publisher\" content=\"https:\/\/www.facebook.com\/veredesArquitecturayDivulgacion\/\" \/>\n<meta property=\"article:author\" content=\"https:\/\/www.facebook.com\/veredesArquitecturayDivulgacion\/\" \/>\n<meta property=\"article:published_time\" content=\"2023-05-29T22:01:07+00:00\" \/>\n<meta property=\"article:modified_time\" content=\"2024-02-15T15:30:50+00:00\" \/>\n<meta property=\"og:image\" content=\"https:\/\/veredes.es\/blog\/wp-content\/uploads\/2023\/05\/Certificados-LEED-BREEAM-VERDE-y-estandar-Passivhaus-a-traves-de-fachadas-y-tabiques-ceramicos-Kurtxes-Shaded-PassivhausArquitectura-Veliz.jpg\" \/>\n\t<meta property=\"og:image:width\" content=\"1400\" \/>\n\t<meta property=\"og:image:height\" content=\"2105\" \/>\n\t<meta property=\"og:image:type\" content=\"image\/jpeg\" \/>\n<meta name=\"author\" content=\"veredes\" \/>\n<meta name=\"twitter:card\" content=\"summary_large_image\" \/>\n<meta name=\"twitter:creator\" content=\"@https:\/\/twitter.com\/veredes\" \/>\n<meta name=\"twitter:site\" content=\"@veredes\" \/>\n<meta name=\"twitter:label1\" content=\"Escrito por\" \/>\n\t<meta name=\"twitter:data1\" content=\"veredes\" \/>\n\t<meta name=\"twitter:label2\" content=\"Tiempo de lectura\" \/>\n\t<meta name=\"twitter:data2\" content=\"4 minutos\" \/>\n<script type=\"application\/ld+json\" class=\"yoast-schema-graph\">{\"@context\":\"https:\\\/\\\/schema.org\",\"@graph\":[{\"@type\":\"Article\",\"@id\":\"https:\\\/\\\/veredes.es\\\/blog\\\/certificados-leed-breeam-verde-y-estandar-passivhaus-a-traves-de-fachadas-y-tabiques-ceramicos\\\/#article\",\"isPartOf\":{\"@id\":\"https:\\\/\\\/veredes.es\\\/blog\\\/certificados-leed-breeam-verde-y-estandar-passivhaus-a-traves-de-fachadas-y-tabiques-ceramicos\\\/\"},\"author\":{\"name\":\"veredes\",\"@id\":\"https:\\\/\\\/veredes.es\\\/blog\\\/#\\\/schema\\\/person\\\/0bbb669073ef7faba5168a0844e93d2c\"},\"headline\":\"Certificados LEED, BREEAM, VERDE y est\u00e1ndar Passivhaus a trav\u00e9s de fachadas y tabiques cer\u00e1micos\",\"datePublished\":\"2023-05-29T22:01:07+00:00\",\"dateModified\":\"2024-02-15T15:30:50+00:00\",\"mainEntityOfPage\":{\"@id\":\"https:\\\/\\\/veredes.es\\\/blog\\\/certificados-leed-breeam-verde-y-estandar-passivhaus-a-traves-de-fachadas-y-tabiques-ceramicos\\\/\"},\"wordCount\":766,\"commentCount\":0,\"publisher\":{\"@id\":\"https:\\\/\\\/veredes.es\\\/blog\\\/#organization\"},\"image\":{\"@id\":\"https:\\\/\\\/veredes.es\\\/blog\\\/certificados-leed-breeam-verde-y-estandar-passivhaus-a-traves-de-fachadas-y-tabiques-ceramicos\\\/#primaryimage\"},\"thumbnailUrl\":\"https:\\\/\\\/veredes.es\\\/blog\\\/wp-content\\\/uploads\\\/2023\\\/05\\\/Certificados-LEED-BREEAM-VERDE-y-estandar-Passivhaus-a-traves-de-fachadas-y-tabiques-ceramicos-Kurtxes-Shaded-PassivhausArquitectura-Veliz.jpg\",\"keywords\":[\"arquitectura\",\"arquitectura de ladrillo\",\"arquitectura sostenible\",\"BREEAM\",\"Carlo Nieto\",\"cer\u00e1mica\",\"construcci\u00f3n\",\"CTE\",\"detalle\",\"Hispalyt\",\"LEED\",\"material\",\"passivhaus\",\"sostenibilidad\"],\"articleSection\":[\"aparejo\",\"slider principal\"],\"inLanguage\":\"es\",\"potentialAction\":[{\"@type\":\"CommentAction\",\"name\":\"Comment\",\"target\":[\"https:\\\/\\\/veredes.es\\\/blog\\\/certificados-leed-breeam-verde-y-estandar-passivhaus-a-traves-de-fachadas-y-tabiques-ceramicos\\\/#respond\"]}]},{\"@type\":\"WebPage\",\"@id\":\"https:\\\/\\\/veredes.es\\\/blog\\\/certificados-leed-breeam-verde-y-estandar-passivhaus-a-traves-de-fachadas-y-tabiques-ceramicos\\\/\",\"url\":\"https:\\\/\\\/veredes.es\\\/blog\\\/certificados-leed-breeam-verde-y-estandar-passivhaus-a-traves-de-fachadas-y-tabiques-ceramicos\\\/\",\"name\":\"Certificados LEED, BREEAM, VERDE y est\u00e1ndar Passivhaus a trav\u00e9s de fachadas y tabiques cer\u00e1micos - veredes\",\"isPartOf\":{\"@id\":\"https:\\\/\\\/veredes.es\\\/blog\\\/#website\"},\"primaryImageOfPage\":{\"@id\":\"https:\\\/\\\/veredes.es\\\/blog\\\/certificados-leed-breeam-verde-y-estandar-passivhaus-a-traves-de-fachadas-y-tabiques-ceramicos\\\/#primaryimage\"},\"image\":{\"@id\":\"https:\\\/\\\/veredes.es\\\/blog\\\/certificados-leed-breeam-verde-y-estandar-passivhaus-a-traves-de-fachadas-y-tabiques-ceramicos\\\/#primaryimage\"},\"thumbnailUrl\":\"https:\\\/\\\/veredes.es\\\/blog\\\/wp-content\\\/uploads\\\/2023\\\/05\\\/Certificados-LEED-BREEAM-VERDE-y-estandar-Passivhaus-a-traves-de-fachadas-y-tabiques-ceramicos-Kurtxes-Shaded-PassivhausArquitectura-Veliz.jpg\",\"datePublished\":\"2023-05-29T22:01:07+00:00\",\"dateModified\":\"2024-02-15T15:30:50+00:00\",\"description\":\"Toda la informaci\u00f3n sobre: Certificados LEED, BREEAM, VERDE y est\u00e1ndar Passivhaus a trav\u00e9s de fachadas y tabiques cer\u00e1micos\",\"breadcrumb\":{\"@id\":\"https:\\\/\\\/veredes.es\\\/blog\\\/certificados-leed-breeam-verde-y-estandar-passivhaus-a-traves-de-fachadas-y-tabiques-ceramicos\\\/#breadcrumb\"},\"inLanguage\":\"es\",\"potentialAction\":[{\"@type\":\"ReadAction\",\"target\":[\"https:\\\/\\\/veredes.es\\\/blog\\\/certificados-leed-breeam-verde-y-estandar-passivhaus-a-traves-de-fachadas-y-tabiques-ceramicos\\\/\"]}]},{\"@type\":\"ImageObject\",\"inLanguage\":\"es\",\"@id\":\"https:\\\/\\\/veredes.es\\\/blog\\\/certificados-leed-breeam-verde-y-estandar-passivhaus-a-traves-de-fachadas-y-tabiques-ceramicos\\\/#primaryimage\",\"url\":\"https:\\\/\\\/veredes.es\\\/blog\\\/wp-content\\\/uploads\\\/2023\\\/05\\\/Certificados-LEED-BREEAM-VERDE-y-estandar-Passivhaus-a-traves-de-fachadas-y-tabiques-ceramicos-Kurtxes-Shaded-PassivhausArquitectura-Veliz.jpg\",\"contentUrl\":\"https:\\\/\\\/veredes.es\\\/blog\\\/wp-content\\\/uploads\\\/2023\\\/05\\\/Certificados-LEED-BREEAM-VERDE-y-estandar-Passivhaus-a-traves-de-fachadas-y-tabiques-ceramicos-Kurtxes-Shaded-PassivhausArquitectura-Veliz.jpg\",\"width\":1400,\"height\":2105,\"caption\":\"Kurtxes Shaded Passivhaus\u2019, de Arquitectura V\u00e9liz, con cerramiento de bloque de Termoarcilla rectificado\"},{\"@type\":\"BreadcrumbList\",\"@id\":\"https:\\\/\\\/veredes.es\\\/blog\\\/certificados-leed-breeam-verde-y-estandar-passivhaus-a-traves-de-fachadas-y-tabiques-ceramicos\\\/#breadcrumb\",\"itemListElement\":[{\"@type\":\"ListItem\",\"position\":1,\"name\":\"Portada\",\"item\":\"https:\\\/\\\/veredes.es\\\/blog\\\/\"},{\"@type\":\"ListItem\",\"position\":2,\"name\":\"Certificados LEED, BREEAM, VERDE y est\u00e1ndar Passivhaus a trav\u00e9s de fachadas y tabiques cer\u00e1micos\"}]},{\"@type\":\"WebSite\",\"@id\":\"https:\\\/\\\/veredes.es\\\/blog\\\/#website\",\"url\":\"https:\\\/\\\/veredes.es\\\/blog\\\/\",\"name\":\"veredes, arquitectura y divulgaci\u00f3n\",\"description\":\"veredes\",\"publisher\":{\"@id\":\"https:\\\/\\\/veredes.es\\\/blog\\\/#organization\"},\"alternateName\":\"veredes\",\"potentialAction\":[{\"@type\":\"SearchAction\",\"target\":{\"@type\":\"EntryPoint\",\"urlTemplate\":\"https:\\\/\\\/veredes.es\\\/blog\\\/?s={search_term_string}\"},\"query-input\":{\"@type\":\"PropertyValueSpecification\",\"valueRequired\":true,\"valueName\":\"search_term_string\"}}],\"inLanguage\":\"es\"},{\"@type\":\"Organization\",\"@id\":\"https:\\\/\\\/veredes.es\\\/blog\\\/#organization\",\"name\":\"veredes, arquitectura y divulgaci\u00f3n\",\"alternateName\":\"veredes\",\"url\":\"https:\\\/\\\/veredes.es\\\/blog\\\/\",\"logo\":{\"@type\":\"ImageObject\",\"inLanguage\":\"es\",\"@id\":\"https:\\\/\\\/veredes.es\\\/blog\\\/#\\\/schema\\\/logo\\\/image\\\/\",\"url\":\"https:\\\/\\\/veredes.es\\\/blog\\\/wp-content\\\/uploads\\\/2021\\\/12\\\/veredes-logo-centrado_140x54.png\",\"contentUrl\":\"https:\\\/\\\/veredes.es\\\/blog\\\/wp-content\\\/uploads\\\/2021\\\/12\\\/veredes-logo-centrado_140x54.png\",\"width\":140,\"height\":54,\"caption\":\"veredes, arquitectura y divulgaci\u00f3n\"},\"image\":{\"@id\":\"https:\\\/\\\/veredes.es\\\/blog\\\/#\\\/schema\\\/logo\\\/image\\\/\"},\"sameAs\":[\"https:\\\/\\\/www.facebook.com\\\/veredesArquitecturayDivulgacion\\\/\",\"https:\\\/\\\/x.com\\\/veredes\",\"https:\\\/\\\/instagram.com\\\/veredes\\\/\",\"https:\\\/\\\/www.linkedin.com\\\/company\\\/veredes-arquitectura-y-divulgacion\\\/\",\"https:\\\/\\\/es.pinterest.com\\\/veredes\\\/\",\"https:\\\/\\\/www.tumblr.com\\\/veredes\"]},{\"@type\":\"Person\",\"@id\":\"https:\\\/\\\/veredes.es\\\/blog\\\/#\\\/schema\\\/person\\\/0bbb669073ef7faba5168a0844e93d2c\",\"name\":\"veredes\",\"image\":{\"@type\":\"ImageObject\",\"inLanguage\":\"es\",\"@id\":\"https:\\\/\\\/veredes.es\\\/blog\\\/wp-content\\\/uploads\\\/2018\\\/04\\\/face-96x96.jpg\",\"url\":\"https:\\\/\\\/veredes.es\\\/blog\\\/wp-content\\\/uploads\\\/2018\\\/04\\\/face-96x96.jpg\",\"contentUrl\":\"https:\\\/\\\/veredes.es\\\/blog\\\/wp-content\\\/uploads\\\/2018\\\/04\\\/face-96x96.jpg\",\"caption\":\"veredes\"},\"description\":\"Surge enero de 2009 como b\u00fasqueda de satisfacer el conocimiento de la actividad arquitect\u00f3nica y tangentes que se generan. La idea es crear un espacio para divulgar los diversos proyectos en busca de nueva inspiraci\u00f3n y de intercambio.\",\"sameAs\":[\"https:\\\/\\\/veredes.es\\\/\",\"https:\\\/\\\/www.facebook.com\\\/veredesArquitecturayDivulgacion\\\/\",\"https:\\\/\\\/www.instagram.com\\\/veredes\\\/\",\"https:\\\/\\\/www.linkedin.com\\\/company\\\/veredes-arquitectura-y-divulgacion\\\/\",\"https:\\\/\\\/www.pinterest.es\\\/veredes\\\/\",\"https:\\\/\\\/x.com\\\/https:\\\/\\\/twitter.com\\\/veredes\",\"https:\\\/\\\/veredes.tumblr.com\\\/\"],\"url\":\"https:\\\/\\\/veredes.es\\\/blog\\\/author\\\/alberto\\\/\"}]}<\/script>\n<!-- \/ Yoast SEO plugin. -->","yoast_head_json":{"title":"Certificados LEED, BREEAM, VERDE y est\u00e1ndar Passivhaus a trav\u00e9s de fachadas y tabiques cer\u00e1micos - veredes","description":"Toda la informaci\u00f3n sobre: Certificados LEED, BREEAM, VERDE y est\u00e1ndar Passivhaus a trav\u00e9s de fachadas y tabiques cer\u00e1micos","robots":{"index":"index","follow":"follow","max-snippet":"max-snippet:-1","max-image-preview":"max-image-preview:large","max-video-preview":"max-video-preview:-1"},"canonical":"https:\/\/veredes.es\/blog\/certificados-leed-breeam-verde-y-estandar-passivhaus-a-traves-de-fachadas-y-tabiques-ceramicos\/","og_locale":"es_ES","og_type":"article","og_title":"Certificados LEED, BREEAM, VERDE y est\u00e1ndar Passivhaus a trav\u00e9s de fachadas y tabiques cer\u00e1micos - veredes","og_description":"Toda la informaci\u00f3n sobre: Certificados LEED, BREEAM, VERDE y est\u00e1ndar Passivhaus a trav\u00e9s de fachadas y tabiques cer\u00e1micos","og_url":"https:\/\/veredes.es\/blog\/certificados-leed-breeam-verde-y-estandar-passivhaus-a-traves-de-fachadas-y-tabiques-ceramicos\/","og_site_name":"veredes, arquitectura y divulgaci\u00f3n","article_publisher":"https:\/\/www.facebook.com\/veredesArquitecturayDivulgacion\/","article_author":"https:\/\/www.facebook.com\/veredesArquitecturayDivulgacion\/","article_published_time":"2023-05-29T22:01:07+00:00","article_modified_time":"2024-02-15T15:30:50+00:00","og_image":[{"width":1400,"height":2105,"url":"https:\/\/veredes.es\/blog\/wp-content\/uploads\/2023\/05\/Certificados-LEED-BREEAM-VERDE-y-estandar-Passivhaus-a-traves-de-fachadas-y-tabiques-ceramicos-Kurtxes-Shaded-PassivhausArquitectura-Veliz.jpg","type":"image\/jpeg"}],"author":"veredes","twitter_card":"summary_large_image","twitter_creator":"@https:\/\/twitter.com\/veredes","twitter_site":"@veredes","twitter_misc":{"Escrito por":"veredes","Tiempo de lectura":"4 minutos"},"schema":{"@context":"https:\/\/schema.org","@graph":[{"@type":"Article","@id":"https:\/\/veredes.es\/blog\/certificados-leed-breeam-verde-y-estandar-passivhaus-a-traves-de-fachadas-y-tabiques-ceramicos\/#article","isPartOf":{"@id":"https:\/\/veredes.es\/blog\/certificados-leed-breeam-verde-y-estandar-passivhaus-a-traves-de-fachadas-y-tabiques-ceramicos\/"},"author":{"name":"veredes","@id":"https:\/\/veredes.es\/blog\/#\/schema\/person\/0bbb669073ef7faba5168a0844e93d2c"},"headline":"Certificados LEED, BREEAM, VERDE y est\u00e1ndar Passivhaus a trav\u00e9s de fachadas y tabiques cer\u00e1micos","datePublished":"2023-05-29T22:01:07+00:00","dateModified":"2024-02-15T15:30:50+00:00","mainEntityOfPage":{"@id":"https:\/\/veredes.es\/blog\/certificados-leed-breeam-verde-y-estandar-passivhaus-a-traves-de-fachadas-y-tabiques-ceramicos\/"},"wordCount":766,"commentCount":0,"publisher":{"@id":"https:\/\/veredes.es\/blog\/#organization"},"image":{"@id":"https:\/\/veredes.es\/blog\/certificados-leed-breeam-verde-y-estandar-passivhaus-a-traves-de-fachadas-y-tabiques-ceramicos\/#primaryimage"},"thumbnailUrl":"https:\/\/veredes.es\/blog\/wp-content\/uploads\/2023\/05\/Certificados-LEED-BREEAM-VERDE-y-estandar-Passivhaus-a-traves-de-fachadas-y-tabiques-ceramicos-Kurtxes-Shaded-PassivhausArquitectura-Veliz.jpg","keywords":["arquitectura","arquitectura de ladrillo","arquitectura sostenible","BREEAM","Carlo Nieto","cer\u00e1mica","construcci\u00f3n","CTE","detalle","Hispalyt","LEED","material","passivhaus","sostenibilidad"],"articleSection":["aparejo","slider principal"],"inLanguage":"es","potentialAction":[{"@type":"CommentAction","name":"Comment","target":["https:\/\/veredes.es\/blog\/certificados-leed-breeam-verde-y-estandar-passivhaus-a-traves-de-fachadas-y-tabiques-ceramicos\/#respond"]}]},{"@type":"WebPage","@id":"https:\/\/veredes.es\/blog\/certificados-leed-breeam-verde-y-estandar-passivhaus-a-traves-de-fachadas-y-tabiques-ceramicos\/","url":"https:\/\/veredes.es\/blog\/certificados-leed-breeam-verde-y-estandar-passivhaus-a-traves-de-fachadas-y-tabiques-ceramicos\/","name":"Certificados LEED, BREEAM, VERDE y est\u00e1ndar Passivhaus a trav\u00e9s de fachadas y tabiques cer\u00e1micos - veredes","isPartOf":{"@id":"https:\/\/veredes.es\/blog\/#website"},"primaryImageOfPage":{"@id":"https:\/\/veredes.es\/blog\/certificados-leed-breeam-verde-y-estandar-passivhaus-a-traves-de-fachadas-y-tabiques-ceramicos\/#primaryimage"},"image":{"@id":"https:\/\/veredes.es\/blog\/certificados-leed-breeam-verde-y-estandar-passivhaus-a-traves-de-fachadas-y-tabiques-ceramicos\/#primaryimage"},"thumbnailUrl":"https:\/\/veredes.es\/blog\/wp-content\/uploads\/2023\/05\/Certificados-LEED-BREEAM-VERDE-y-estandar-Passivhaus-a-traves-de-fachadas-y-tabiques-ceramicos-Kurtxes-Shaded-PassivhausArquitectura-Veliz.jpg","datePublished":"2023-05-29T22:01:07+00:00","dateModified":"2024-02-15T15:30:50+00:00","description":"Toda la informaci\u00f3n sobre: Certificados LEED, BREEAM, VERDE y est\u00e1ndar Passivhaus a trav\u00e9s de fachadas y tabiques cer\u00e1micos","breadcrumb":{"@id":"https:\/\/veredes.es\/blog\/certificados-leed-breeam-verde-y-estandar-passivhaus-a-traves-de-fachadas-y-tabiques-ceramicos\/#breadcrumb"},"inLanguage":"es","potentialAction":[{"@type":"ReadAction","target":["https:\/\/veredes.es\/blog\/certificados-leed-breeam-verde-y-estandar-passivhaus-a-traves-de-fachadas-y-tabiques-ceramicos\/"]}]},{"@type":"ImageObject","inLanguage":"es","@id":"https:\/\/veredes.es\/blog\/certificados-leed-breeam-verde-y-estandar-passivhaus-a-traves-de-fachadas-y-tabiques-ceramicos\/#primaryimage","url":"https:\/\/veredes.es\/blog\/wp-content\/uploads\/2023\/05\/Certificados-LEED-BREEAM-VERDE-y-estandar-Passivhaus-a-traves-de-fachadas-y-tabiques-ceramicos-Kurtxes-Shaded-PassivhausArquitectura-Veliz.jpg","contentUrl":"https:\/\/veredes.es\/blog\/wp-content\/uploads\/2023\/05\/Certificados-LEED-BREEAM-VERDE-y-estandar-Passivhaus-a-traves-de-fachadas-y-tabiques-ceramicos-Kurtxes-Shaded-PassivhausArquitectura-Veliz.jpg","width":1400,"height":2105,"caption":"Kurtxes Shaded Passivhaus\u2019, de Arquitectura V\u00e9liz, con cerramiento de bloque de Termoarcilla rectificado"},{"@type":"BreadcrumbList","@id":"https:\/\/veredes.es\/blog\/certificados-leed-breeam-verde-y-estandar-passivhaus-a-traves-de-fachadas-y-tabiques-ceramicos\/#breadcrumb","itemListElement":[{"@type":"ListItem","position":1,"name":"Portada","item":"https:\/\/veredes.es\/blog\/"},{"@type":"ListItem","position":2,"name":"Certificados LEED, BREEAM, VERDE y est\u00e1ndar Passivhaus a trav\u00e9s de fachadas y tabiques cer\u00e1micos"}]},{"@type":"WebSite","@id":"https:\/\/veredes.es\/blog\/#website","url":"https:\/\/veredes.es\/blog\/","name":"veredes, arquitectura y divulgaci\u00f3n","description":"veredes","publisher":{"@id":"https:\/\/veredes.es\/blog\/#organization"},"alternateName":"veredes","potentialAction":[{"@type":"SearchAction","target":{"@type":"EntryPoint","urlTemplate":"https:\/\/veredes.es\/blog\/?s={search_term_string}"},"query-input":{"@type":"PropertyValueSpecification","valueRequired":true,"valueName":"search_term_string"}}],"inLanguage":"es"},{"@type":"Organization","@id":"https:\/\/veredes.es\/blog\/#organization","name":"veredes, arquitectura y divulgaci\u00f3n","alternateName":"veredes","url":"https:\/\/veredes.es\/blog\/","logo":{"@type":"ImageObject","inLanguage":"es","@id":"https:\/\/veredes.es\/blog\/#\/schema\/logo\/image\/","url":"https:\/\/veredes.es\/blog\/wp-content\/uploads\/2021\/12\/veredes-logo-centrado_140x54.png","contentUrl":"https:\/\/veredes.es\/blog\/wp-content\/uploads\/2021\/12\/veredes-logo-centrado_140x54.png","width":140,"height":54,"caption":"veredes, arquitectura y divulgaci\u00f3n"},"image":{"@id":"https:\/\/veredes.es\/blog\/#\/schema\/logo\/image\/"},"sameAs":["https:\/\/www.facebook.com\/veredesArquitecturayDivulgacion\/","https:\/\/x.com\/veredes","https:\/\/instagram.com\/veredes\/","https:\/\/www.linkedin.com\/company\/veredes-arquitectura-y-divulgacion\/","https:\/\/es.pinterest.com\/veredes\/","https:\/\/www.tumblr.com\/veredes"]},{"@type":"Person","@id":"https:\/\/veredes.es\/blog\/#\/schema\/person\/0bbb669073ef7faba5168a0844e93d2c","name":"veredes","image":{"@type":"ImageObject","inLanguage":"es","@id":"https:\/\/veredes.es\/blog\/wp-content\/uploads\/2018\/04\/face-96x96.jpg","url":"https:\/\/veredes.es\/blog\/wp-content\/uploads\/2018\/04\/face-96x96.jpg","contentUrl":"https:\/\/veredes.es\/blog\/wp-content\/uploads\/2018\/04\/face-96x96.jpg","caption":"veredes"},"description":"Surge enero de 2009 como b\u00fasqueda de satisfacer el conocimiento de la actividad arquitect\u00f3nica y tangentes que se generan. La idea es crear un espacio para divulgar los diversos proyectos en busca de nueva inspiraci\u00f3n y de intercambio.","sameAs":["https:\/\/veredes.es\/","https:\/\/www.facebook.com\/veredesArquitecturayDivulgacion\/","https:\/\/www.instagram.com\/veredes\/","https:\/\/www.linkedin.com\/company\/veredes-arquitectura-y-divulgacion\/","https:\/\/www.pinterest.es\/veredes\/","https:\/\/x.com\/https:\/\/twitter.com\/veredes","https:\/\/veredes.tumblr.com\/"],"url":"https:\/\/veredes.es\/blog\/author\/alberto\/"}]}},"_links":{"self":[{"href":"https:\/\/veredes.es\/blog\/wp-json\/wp\/v2\/posts\/94311","targetHints":{"allow":["GET"]}}],"collection":[{"href":"https:\/\/veredes.es\/blog\/wp-json\/wp\/v2\/posts"}],"about":[{"href":"https:\/\/veredes.es\/blog\/wp-json\/wp\/v2\/types\/post"}],"author":[{"embeddable":true,"href":"https:\/\/veredes.es\/blog\/wp-json\/wp\/v2\/users\/2"}],"replies":[{"embeddable":true,"href":"https:\/\/veredes.es\/blog\/wp-json\/wp\/v2\/comments?post=94311"}],"version-history":[{"count":0,"href":"https:\/\/veredes.es\/blog\/wp-json\/wp\/v2\/posts\/94311\/revisions"}],"wp:featuredmedia":[{"embeddable":true,"href":"https:\/\/veredes.es\/blog\/wp-json\/wp\/v2\/media\/94319"}],"wp:attachment":[{"href":"https:\/\/veredes.es\/blog\/wp-json\/wp\/v2\/media?parent=94311"}],"wp:term":[{"taxonomy":"category","embeddable":true,"href":"https:\/\/veredes.es\/blog\/wp-json\/wp\/v2\/categories?post=94311"},{"taxonomy":"post_tag","embeddable":true,"href":"https:\/\/veredes.es\/blog\/wp-json\/wp\/v2\/tags?post=94311"}],"curies":[{"name":"wp","href":"https:\/\/api.w.org\/{rel}","templated":true}]}}