{"id":93428,"date":"2023-04-27T00:01:57","date_gmt":"2023-04-26T22:01:57","guid":{"rendered":"https:\/\/veredes.es\/blog\/?p=93428"},"modified":"2026-03-05T15:42:04","modified_gmt":"2026-03-05T14:42:04","slug":"programa-del-3o-forum-internacional-de-construccion-con-madera","status":"publish","type":"post","link":"https:\/\/veredes.es\/blog\/programa-del-3o-forum-internacional-de-construccion-con-madera\/","title":{"rendered":"Programa del 3\u00ba F\u00f3rum Internacional de Construcci\u00f3n con Madera"},"content":{"rendered":"<div class=\"mceTemp\"><\/div>\n<figure id=\"attachment_93438\" aria-describedby=\"caption-attachment-93438\" style=\"width: 1400px\" class=\"wp-caption alignnone\"><img loading=\"lazy\" decoding=\"async\" class=\"wp-image-93438 size-full\" title=\"Programa del 3\u00ba F\u00f3rum Internacional de Construcci\u00f3n con Madera\" src=\"https:\/\/veredes.es\/blog\/wp-content\/uploads\/2023\/04\/Programa-3o-Forum-Internacional-de-Construccion-con-Madera.jpg\" alt=\"Programa del 3\u00ba F\u00f3rum Internacional de Construcci\u00f3n con Madera\" width=\"1400\" height=\"1385\" srcset=\"https:\/\/veredes.es\/blog\/wp-content\/uploads\/2023\/04\/Programa-3o-Forum-Internacional-de-Construccion-con-Madera.jpg 1400w, https:\/\/veredes.es\/blog\/wp-content\/uploads\/2023\/04\/Programa-3o-Forum-Internacional-de-Construccion-con-Madera-300x297.jpg 300w, https:\/\/veredes.es\/blog\/wp-content\/uploads\/2023\/04\/Programa-3o-Forum-Internacional-de-Construccion-con-Madera-1024x1013.jpg 1024w, https:\/\/veredes.es\/blog\/wp-content\/uploads\/2023\/04\/Programa-3o-Forum-Internacional-de-Construccion-con-Madera-120x120.jpg 120w, https:\/\/veredes.es\/blog\/wp-content\/uploads\/2023\/04\/Programa-3o-Forum-Internacional-de-Construccion-con-Madera-696x689.jpg 696w, https:\/\/veredes.es\/blog\/wp-content\/uploads\/2023\/04\/Programa-3o-Forum-Internacional-de-Construccion-con-Madera-1068x1057.jpg 1068w\" sizes=\"auto, (max-width: 1400px) 100vw, 1400px\" \/><figcaption id=\"caption-attachment-93438\" class=\"wp-caption-text\"><span style=\"color: #999999;\">Ponentes del 3\u00ba F\u00f3rum Internacional de Construcci\u00f3n con Madera<\/span><\/figcaption><\/figure>\n<p style=\"text-align: justify;\">Ya est\u00e1 cerrado el programa para el <strong>3\u00ba F\u00f3rum Internacional de Construcci\u00f3n con Madera<\/strong> que se celebrar\u00e1 los pr\u00f3ximos d\u00edas <a href=\"https:\/\/veredes.es\/blog\/3-forum-internacional-de-construccion-con-madera\/\" target=\"_blank\" rel=\"noopener\"><strong>1 y 2 de junio de 2023 en Pamplona<\/strong>.<\/a><\/p>\n<figure id=\"attachment_93454\" aria-describedby=\"caption-attachment-93454\" style=\"width: 1215px\" class=\"wp-caption alignnone\"><img loading=\"lazy\" decoding=\"async\" class=\"wp-image-93454 size-full\" title=\"World of Volvo | Henning Larsen architects \" src=\"https:\/\/veredes.es\/blog\/wp-content\/uploads\/2023\/04\/Programa-del-3o-Forum-Internacional-de-Construccion-con-Mader-World-of-Volvo_Henning-Larsen-architects.jpg\" alt=\"Programa del 3\u00ba F\u00f3rum Internacional de Construcci\u00f3n con Mader\" width=\"1215\" height=\"394\" \/><figcaption id=\"caption-attachment-93454\" class=\"wp-caption-text\"><span style=\"color: #999999;\">World of Volvo | Henning Larsen architects<\/span><\/figcaption><\/figure>\n<p style=\"text-align: justify;\">El congreso empieza con el bloque <em><strong>\u201cMadera: el material del s.XXI\u201d<\/strong>,<\/em> en el cual se expondr\u00e1n los retos y las oportunidades que actualmente nos ofrece la madera como material constructivo. Para ello, el congreso cuenta con la participaci\u00f3n de <strong>Salvador Ordo\u00f1ez<\/strong>, de World Wood Future; <strong>Martin Ringner<\/strong> y <strong>Filip Francati<\/strong>, de Henning Larsen architects y <strong>Pol Cearra<\/strong> de WIEHAG; y <strong>Albino Angeli<\/strong>, ingeniero de XLAM dolomiti, que nos mostrar\u00e1 los problemas y soluciones adoptadas en edificios singulares de construcci\u00f3n con madera.<\/p>\n<figure id=\"attachment_93456\" aria-describedby=\"caption-attachment-93456\" style=\"width: 750px\" class=\"wp-caption alignnone\"><img loading=\"lazy\" decoding=\"async\" class=\"wp-image-93456\" src=\"https:\/\/veredes.es\/blog\/wp-content\/uploads\/2023\/04\/Programa-del-3o-Forum-Internacional-de-Construccion-con-Mader-Centro-de-Salud-A-Laracha_Ezcurra-y-Ouzande-arquitectos.png\" alt=\"Programa del 3\u00ba F\u00f3rum Internacional de Construcci\u00f3n con Mader Centro de Salud A Laracha_Ezcurra y Ouzande arquitectos\" width=\"750\" height=\"426\" srcset=\"https:\/\/veredes.es\/blog\/wp-content\/uploads\/2023\/04\/Programa-del-3o-Forum-Internacional-de-Construccion-con-Mader-Centro-de-Salud-A-Laracha_Ezcurra-y-Ouzande-arquitectos.png 660w, https:\/\/veredes.es\/blog\/wp-content\/uploads\/2023\/04\/Programa-del-3o-Forum-Internacional-de-Construccion-con-Mader-Centro-de-Salud-A-Laracha_Ezcurra-y-Ouzande-arquitectos-300x170.png 300w\" sizes=\"auto, (max-width: 750px) 100vw, 750px\" \/><figcaption id=\"caption-attachment-93456\" class=\"wp-caption-text\"><span style=\"color: #999999;\">Centro de Salud A Laracha | Ezcurra y Ouzande arquitectas<\/span><\/figcaption><\/figure>\n<p style=\"text-align: justify;\">La tarde del jueves prosigue con el segundo bloque<em><strong> \u201cNuevos horizontes para la construcci\u00f3n con madera\u201d<\/strong>.<\/em> Con la experiencia y conocimiento de <strong>Cristina Ouzande<\/strong> de Ezcurra e Ouzande arquitectura; <strong>Roberto Modena<\/strong>, ingeniero de RUBNER y <strong>Albert Gil<\/strong>, arquitecto en Batlleiroig, daremos un repaso a construcciones de diversa tipolog\u00eda con madera, desde el uso sanitario hasta el de oficinas.<\/p>\n<figure id=\"attachment_93457\" aria-describedby=\"caption-attachment-93457\" style=\"width: 2560px\" class=\"wp-caption alignnone\"><img loading=\"lazy\" decoding=\"async\" class=\"wp-image-93457 size-full\" title=\"Programa del 3\u00ba F\u00f3rum Internacional de Construcci\u00f3n con Mader Oficinas T3 Diagonal_battlleiroig arquitectos\" src=\"https:\/\/veredes.es\/blog\/wp-content\/uploads\/2023\/04\/Programa-del-3o-Forum-Internacional-de-Construccion-con-Mader-Oficinas-T3-Diagonal_battlleiroig-arquitectos.jpg\" alt=\"Programa del 3\u00ba F\u00f3rum Internacional de Construcci\u00f3n con Mader Oficinas T3 Diagonal_battlleiroig arquitectos\" width=\"2560\" height=\"1475\" srcset=\"https:\/\/veredes.es\/blog\/wp-content\/uploads\/2023\/04\/Programa-del-3o-Forum-Internacional-de-Construccion-con-Mader-Oficinas-T3-Diagonal_battlleiroig-arquitectos.jpg 2560w, https:\/\/veredes.es\/blog\/wp-content\/uploads\/2023\/04\/Programa-del-3o-Forum-Internacional-de-Construccion-con-Mader-Oficinas-T3-Diagonal_battlleiroig-arquitectos-300x173.jpg 300w, https:\/\/veredes.es\/blog\/wp-content\/uploads\/2023\/04\/Programa-del-3o-Forum-Internacional-de-Construccion-con-Mader-Oficinas-T3-Diagonal_battlleiroig-arquitectos-1024x590.jpg 1024w, https:\/\/veredes.es\/blog\/wp-content\/uploads\/2023\/04\/Programa-del-3o-Forum-Internacional-de-Construccion-con-Mader-Oficinas-T3-Diagonal_battlleiroig-arquitectos-1536x885.jpg 1536w, https:\/\/veredes.es\/blog\/wp-content\/uploads\/2023\/04\/Programa-del-3o-Forum-Internacional-de-Construccion-con-Mader-Oficinas-T3-Diagonal_battlleiroig-arquitectos-2048x1180.jpg 2048w, https:\/\/veredes.es\/blog\/wp-content\/uploads\/2023\/04\/Programa-del-3o-Forum-Internacional-de-Construccion-con-Mader-Oficinas-T3-Diagonal_battlleiroig-arquitectos-696x401.jpg 696w, https:\/\/veredes.es\/blog\/wp-content\/uploads\/2023\/04\/Programa-del-3o-Forum-Internacional-de-Construccion-con-Mader-Oficinas-T3-Diagonal_battlleiroig-arquitectos-1068x615.jpg 1068w, https:\/\/veredes.es\/blog\/wp-content\/uploads\/2023\/04\/Programa-del-3o-Forum-Internacional-de-Construccion-con-Mader-Oficinas-T3-Diagonal_battlleiroig-arquitectos-1920x1106.jpg 1920w\" sizes=\"auto, (max-width: 2560px) 100vw, 2560px\" \/><figcaption id=\"caption-attachment-93457\" class=\"wp-caption-text\"><span style=\"color: #999999;\">Oficinas T3 Diagonal | battlleiroig arquitectos<\/span><\/figcaption><\/figure>\n<h5 style=\"text-align: justify;\"><strong>El jueves por la noche, tiene lugar una cena networking, donde intercambiar, en un ambiente relajado, impresiones, contactos y experiencias entre todos los participantes.<\/strong><\/h5>\n<figure id=\"attachment_93461\" aria-describedby=\"caption-attachment-93461\" style=\"width: 1200px\" class=\"wp-caption alignnone\"><img loading=\"lazy\" decoding=\"async\" class=\"wp-image-93461 size-full\" title=\"Viviendas IMHAb | Ib\u00e1\u00f1ez y Guallart\" src=\"https:\/\/veredes.es\/blog\/wp-content\/uploads\/2023\/04\/Programa-del-3o-Forum-Internacional-de-Construccion-con-Mader-Viviendas-IMHAb_Ibanez-y-Guallart.jpeg\" alt=\"Programa del 3\u00ba F\u00f3rum Internacional de Construcci\u00f3n con Mader Viviendas IMHAb_Ib\u00e1\u00f1ez y Guallart\" width=\"1200\" height=\"676\" \/><figcaption id=\"caption-attachment-93461\" class=\"wp-caption-text\"><span style=\"color: #999999;\">Viviendas IMHAb | Ib\u00e1\u00f1ez y Guallart<\/span><\/figcaption><\/figure>\n<p style=\"text-align: justify;\">El viernes arranca con el bloque <strong><em>\u201cProyectar y construir con madera\u201d<\/em><\/strong>, que abarcar\u00e1 desde las estrategias de dise\u00f1o y puesta en obra con este material, hasta sistemas constructivos mixtos madera-hormig\u00f3n o la revisi\u00f3n del Euroc\u00f3digo 5 en cuanto a la resistencia al fuego en las estructuras de madera. <strong>Alfredo Dias<\/strong> de la Universidad de Coimbra; <strong>Jorge Blasco<\/strong>, arquitecto y profesor en la Universidad Polit\u00e9cnica de Catalu\u00f1a y <strong>Alar Just<\/strong> de la Universidad Tecnol\u00f3gica de Tallin ser\u00e1n los profesionales expertos que nos explicar\u00e1n estos temas.<\/p>\n<figure id=\"attachment_93460\" aria-describedby=\"caption-attachment-93460\" style=\"width: 750px\" class=\"wp-caption alignnone\"><img loading=\"lazy\" decoding=\"async\" class=\"wp-image-93460\" src=\"https:\/\/veredes.es\/blog\/wp-content\/uploads\/2023\/04\/Programa-del-3o-Forum-Internacional-de-Construccion-con-Mader-Edificio-OMBU_Foster-and-Partners.jpg\" alt=\"Programa del 3\u00ba F\u00f3rum Internacional de Construcci\u00f3n con Mader Edificio OMBU_Foster and Partners\" width=\"750\" height=\"500\" srcset=\"https:\/\/veredes.es\/blog\/wp-content\/uploads\/2023\/04\/Programa-del-3o-Forum-Internacional-de-Construccion-con-Mader-Edificio-OMBU_Foster-and-Partners.jpg 528w, https:\/\/veredes.es\/blog\/wp-content\/uploads\/2023\/04\/Programa-del-3o-Forum-Internacional-de-Construccion-con-Mader-Edificio-OMBU_Foster-and-Partners-300x200.jpg 300w\" sizes=\"auto, (max-width: 750px) 100vw, 750px\" \/><figcaption id=\"caption-attachment-93460\" class=\"wp-caption-text\"><span style=\"color: #999999;\">Edificio OMBU | Foster and Partners<\/span><\/figcaption><\/figure>\n<p style=\"text-align: justify;\">Con el pen\u00faltimo bloque <strong><em>\u201cMadera y ciudad sostenible\u201d<\/em><\/strong> veremos varios ejemplos de construcci\u00f3n con madera aplicada al sector residencial, desde el punto de vista de distintos promotores. Grandes perfiles profesionales del sector como <strong>Jos\u00e9 Mar\u00eda Quir\u00f3s<\/strong>, delegado de industrializaci\u00f3n de AEDAS homes; <strong>Luis Bencomo<\/strong> de B&amp;O Gruppe y <strong>Daniel L\u00f3pez<\/strong> del IMHAB (Instituto de Vivienda de Barcelona) nos transmitir\u00e1n sus experiencias en este campo.<\/p>\n<figure id=\"attachment_93452\" aria-describedby=\"caption-attachment-93452\" style=\"width: 1280px\" class=\"wp-caption alignnone\"><img loading=\"lazy\" decoding=\"async\" class=\"wp-image-93452 size-full\" title=\"Programa del 3\u00ba F\u00f3rum Internacional de Construcci\u00f3n con Mader Edificio Impulso Verde_Antonio Lara\" src=\"https:\/\/veredes.es\/blog\/wp-content\/uploads\/2023\/04\/Programa-del-3o-Forum-Internacional-de-Construccion-con-Mader-Edificio-Impulso-Verde_Antonio-Lara.jpg\" alt=\"Programa del 3\u00ba F\u00f3rum Internacional de Construcci\u00f3n con Mader Edificio Impulso Verde_Antonio Lara\" width=\"1280\" height=\"719\" srcset=\"https:\/\/veredes.es\/blog\/wp-content\/uploads\/2023\/04\/Programa-del-3o-Forum-Internacional-de-Construccion-con-Mader-Edificio-Impulso-Verde_Antonio-Lara.jpg 1280w, https:\/\/veredes.es\/blog\/wp-content\/uploads\/2023\/04\/Programa-del-3o-Forum-Internacional-de-Construccion-con-Mader-Edificio-Impulso-Verde_Antonio-Lara-300x169.jpg 300w, https:\/\/veredes.es\/blog\/wp-content\/uploads\/2023\/04\/Programa-del-3o-Forum-Internacional-de-Construccion-con-Mader-Edificio-Impulso-Verde_Antonio-Lara-1024x575.jpg 1024w, https:\/\/veredes.es\/blog\/wp-content\/uploads\/2023\/04\/Programa-del-3o-Forum-Internacional-de-Construccion-con-Mader-Edificio-Impulso-Verde_Antonio-Lara-696x391.jpg 696w, https:\/\/veredes.es\/blog\/wp-content\/uploads\/2023\/04\/Programa-del-3o-Forum-Internacional-de-Construccion-con-Mader-Edificio-Impulso-Verde_Antonio-Lara-1068x600.jpg 1068w\" sizes=\"auto, (max-width: 1280px) 100vw, 1280px\" \/><figcaption id=\"caption-attachment-93452\" class=\"wp-caption-text\"><span style=\"color: #999999;\">Edificio Impulso Verde | Antonio Lara<\/span><\/figcaption><\/figure>\n<p style=\"text-align: justify;\">Por \u00faltimo, en el bloque 5 <strong><em>\u201cInnovaci\u00f3n y desarrollo\u201d<\/em><\/strong> disfrutaremos de los trabajos de <strong>Antonio Jos\u00e9 Lara<\/strong>, arquitecto y profesor de la Universidad Polit\u00e9cnica de Madrid y <strong>Alberto Barba<\/strong>, arquitecto de GROPYUS, una empresa que busca revolucionar el sector de la construcci\u00f3n. Ambos nos mostrar\u00e1n ejemplos en los que las nuevas tecnolog\u00edas han permitido alzar la construcci\u00f3n con madera a mayores niveles de excelencia y calidad.<\/p>\n<figure id=\"attachment_93459\" aria-describedby=\"caption-attachment-93459\" style=\"width: 2048px\" class=\"wp-caption alignnone\"><img loading=\"lazy\" decoding=\"async\" class=\"size-full wp-image-93459\" src=\"https:\/\/veredes.es\/blog\/wp-content\/uploads\/2023\/04\/Programa-del-3o-Forum-Internacional-de-Construccion-con-Mader-Edificio-de-viviendas-Fioresta_BAUMAD.jpg\" alt=\"Programa del 3\u00ba F\u00f3rum Internacional de Construcci\u00f3n con Mader Edificio de viviendas Fioresta_BAUMAD\" width=\"2048\" height=\"1365\" srcset=\"https:\/\/veredes.es\/blog\/wp-content\/uploads\/2023\/04\/Programa-del-3o-Forum-Internacional-de-Construccion-con-Mader-Edificio-de-viviendas-Fioresta_BAUMAD.jpg 2048w, https:\/\/veredes.es\/blog\/wp-content\/uploads\/2023\/04\/Programa-del-3o-Forum-Internacional-de-Construccion-con-Mader-Edificio-de-viviendas-Fioresta_BAUMAD-300x200.jpg 300w, https:\/\/veredes.es\/blog\/wp-content\/uploads\/2023\/04\/Programa-del-3o-Forum-Internacional-de-Construccion-con-Mader-Edificio-de-viviendas-Fioresta_BAUMAD-1024x683.jpg 1024w, https:\/\/veredes.es\/blog\/wp-content\/uploads\/2023\/04\/Programa-del-3o-Forum-Internacional-de-Construccion-con-Mader-Edificio-de-viviendas-Fioresta_BAUMAD-1536x1024.jpg 1536w, https:\/\/veredes.es\/blog\/wp-content\/uploads\/2023\/04\/Programa-del-3o-Forum-Internacional-de-Construccion-con-Mader-Edificio-de-viviendas-Fioresta_BAUMAD-696x464.jpg 696w, https:\/\/veredes.es\/blog\/wp-content\/uploads\/2023\/04\/Programa-del-3o-Forum-Internacional-de-Construccion-con-Mader-Edificio-de-viviendas-Fioresta_BAUMAD-1068x712.jpg 1068w, https:\/\/veredes.es\/blog\/wp-content\/uploads\/2023\/04\/Programa-del-3o-Forum-Internacional-de-Construccion-con-Mader-Edificio-de-viviendas-Fioresta_BAUMAD-1920x1280.jpg 1920w\" sizes=\"auto, (max-width: 2048px) 100vw, 2048px\" \/><figcaption id=\"caption-attachment-93459\" class=\"wp-caption-text\"><span style=\"color: #999999;\">Edificio de viviendas Fioresta | BAUMAD<\/span><\/figcaption><\/figure>\n<h5><strong>Visita a la mayor promoci\u00f3n de viviendas con madera de Navarra<\/strong><\/h5>\n<p style=\"text-align: justify;\">Esta tercera edici\u00f3n cuenta con una novedad muy interesante. F\u00f3rum Madera organiza una <strong>visita a la mayor promoci\u00f3n de viviendas con madera de Navarra<\/strong>, que Nasuvinsa construye en Entremutilvas. Esta actividad se realizar\u00e1 el jueves por la ma\u00f1ana, como pr\u00f3logo al tercero F\u00f3rum Internacional de Construcci\u00f3n con Madera. Las plazas son limitadas, y se cubrir\u00e1n por orden de inscripci\u00f3n de los asistentes al evento.<\/p>\n<figure style=\"width: 1299px\" class=\"wp-caption alignnone\"><img loading=\"lazy\" decoding=\"async\" title=\"Visita a la mayor promoci\u00f3n de viviendas con estructura de madera en Navarra\" src=\"https:\/\/veredes.es\/blog\/wp-content\/uploads\/2023\/03\/3o-Forum-Internacional-de-Construccion-con-Madera-2023-visita-a-la-mayor-promocion-de-viviendas-con-estructura-de-madera-en-Navarra.jpg\" alt=\"Visita a la mayor promoci\u00f3n de viviendas con estructura de madera en Navarra\" width=\"1299\" height=\"748\" \/><figcaption class=\"wp-caption-text\"><span style=\"color: #999999;\">Visita a la mayor promoci\u00f3n de viviendas con estructura de madera en Navarra<\/span><\/figcaption><\/figure>\n<p style=\"text-align: center;\"><a href=\"http:\/\/bit.ly\/3YQPhJw\" target=\"_blank\" rel=\"noopener\">\u00a1Ap\u00fantate ya y no te quedes sin tu plaza!<\/a><\/p>\n<p style=\"text-align: justify;\"><strong>Te esperamos en la nueva edici\u00f3n del F\u00f3rum Internacional de Construcci\u00f3n con Madera los d\u00edas 1 y 2 de junio de 2023 en el Palacio de Congresos Baluarte de Pamplona.<\/strong><\/p>\n<p style=\"text-align: justify;\">No te lo pierdas\u2026 \u00a1nos vemos el 1 y 2 de junio en el Palacio de Congresos Baluarte!<\/p>\n<p style=\"text-align: center;\"><a href=\"http:\/\/bit.ly\/3YQPhJw\" target=\"_blank\" rel=\"noopener\">Informaci\u00f3n e inscripciones en www.forum-maderaconstruccion.com<\/a><\/p>\n<p style=\"text-align: justify;\">Aforo limitado. Las inscripciones se tendr\u00e1n en cuenta por orden de validaci\u00f3n.<\/p>\n<figure style=\"width: 1200px\" class=\"wp-caption alignnone\"><img loading=\"lazy\" decoding=\"async\" class=\"size-full\" src=\"https:\/\/veredes.es\/blog\/wp-content\/uploads\/2023\/03\/3o-Forum-Internacional-de-Construccion-con-Madera-2023.jpg\" alt=\"3\u00ba F\u00f3rum Internacional de Construcci\u00f3n con Madera\" width=\"1200\" height=\"180\" \/><figcaption class=\"wp-caption-text\"><span style=\"color: #999999;\">3\u00ba F\u00f3rum Internacional de Construcci\u00f3n con Madera<\/span><\/figcaption><\/figure>\n","protected":false},"excerpt":{"rendered":"<p>Ya est\u00e1 cerrado el programa para el 3\u00ba F\u00f3rum Internacional de Construcci\u00f3n con Madera que se celebrar\u00e1 los pr\u00f3ximos d\u00edas 1 y 2 de junio de 2023 en Pamplona. El congreso empieza con el bloque \u201cMadera: el material del s.XXI\u201d, en el cual se expondr\u00e1n los retos y las oportunidades que actualmente nos ofrece la [&hellip;]<\/p>\n","protected":false},"author":2,"featured_media":93438,"comment_status":"open","ping_status":"closed","sticky":false,"template":"","format":"standard","meta":{"footnotes":""},"categories":[5624,5951],"tags":[16448,16444,16452,16442,16446,16451,12448,812,16445,213,361,365,15038,6492,7367,15037,16440,14476,16419,6909,18353,16418,16447,16449,16450,16422,16439,16420,923,16441,16421,16443,16438,1271,16423],"class_list":{"0":"post-93428","1":"post","2":"type-post","3":"status-publish","4":"format-standard","5":"has-post-thumbnail","7":"category-deriva","8":"category-slider-principal","9":"tag-alar-just","10":"tag-albert-gil","11":"tag-alberto-barba","12":"tag-albino-angeli","13":"tag-alfredo-dias","14":"tag-antonio-jose-lara","15":"tag-arquitectura","16":"tag-arquitectura-en-madera","17":"tag-batlleiroig","18":"tag-bioconstruccion","19":"tag-congreso","20":"tag-construccion","21":"tag-cristina-ezcurra-de-la-iglesia","22":"tag-cristina-ouzande","23":"tag-daniel-lopez-martinez","24":"tag-ezcurra-e-ouzande-arquitectura","26":"tag-forum-de-construccion-con-madera-de-espana","27":"tag-francisco-javier-quintana","28":"tag-henning-larsen-architects","29":"tag-iban-carpintero","30":"tag-javier-perez","31":"tag-jorge-blasco","32":"tag-jose-maria-quiros","33":"tag-luis-bencomo","34":"tag-mamen-escorihuela","35":"tag-martin-ringner","36":"tag-miguel-alonso","37":"tag-navarra","38":"tag-pol-cearra","39":"tag-roberto-erviti","40":"tag-roberto-modena","41":"tag-salvador-ordonez","42":"tag-tecnologia","43":"tag-unai-armendariz"},"yoast_head":"<!-- This site is optimized with the Yoast SEO plugin v27.4 - https:\/\/yoast.com\/product\/yoast-seo-wordpress\/ -->\n<title>Programa del 3\u00ba F\u00f3rum Internacional de Construcci\u00f3n con Madera - veredes<\/title>\n<meta name=\"description\" content=\"Toda la informaci\u00f3n sobre: Programa del 3\u00ba F\u00f3rum Internacional de Construcci\u00f3n con Madera 3\u00ba F\u00f3rum Internacional de Construcci\u00f3n con Madera\" \/>\n<meta name=\"robots\" content=\"index, follow, max-snippet:-1, max-image-preview:large, max-video-preview:-1\" \/>\n<link rel=\"canonical\" href=\"https:\/\/veredes.es\/blog\/programa-del-3o-forum-internacional-de-construccion-con-madera\/\" \/>\n<meta property=\"og:locale\" content=\"es_ES\" \/>\n<meta property=\"og:type\" content=\"article\" \/>\n<meta property=\"og:title\" content=\"Programa del 3\u00ba F\u00f3rum Internacional de Construcci\u00f3n con Madera - veredes\" \/>\n<meta property=\"og:description\" content=\"Toda la informaci\u00f3n sobre: Programa del 3\u00ba F\u00f3rum Internacional de Construcci\u00f3n con Madera 3\u00ba F\u00f3rum Internacional de Construcci\u00f3n con Madera\" \/>\n<meta property=\"og:url\" content=\"https:\/\/veredes.es\/blog\/programa-del-3o-forum-internacional-de-construccion-con-madera\/\" \/>\n<meta property=\"og:site_name\" content=\"veredes, arquitectura y divulgaci\u00f3n\" \/>\n<meta property=\"article:publisher\" content=\"https:\/\/www.facebook.com\/veredesArquitecturayDivulgacion\/\" \/>\n<meta property=\"article:author\" content=\"https:\/\/www.facebook.com\/veredesArquitecturayDivulgacion\/\" \/>\n<meta property=\"article:published_time\" content=\"2023-04-26T22:01:57+00:00\" \/>\n<meta property=\"article:modified_time\" content=\"2026-03-05T14:42:04+00:00\" \/>\n<meta property=\"og:image\" content=\"https:\/\/veredes.es\/blog\/wp-content\/uploads\/2023\/04\/Programa-3o-Forum-Internacional-de-Construccion-con-Madera.jpg\" \/>\n\t<meta property=\"og:image:width\" content=\"1400\" \/>\n\t<meta property=\"og:image:height\" content=\"1385\" \/>\n\t<meta property=\"og:image:type\" content=\"image\/jpeg\" \/>\n<meta name=\"author\" content=\"veredes\" \/>\n<meta name=\"twitter:card\" content=\"summary_large_image\" \/>\n<meta name=\"twitter:creator\" content=\"@https:\/\/twitter.com\/veredes\" \/>\n<meta name=\"twitter:site\" content=\"@veredes\" \/>\n<meta name=\"twitter:label1\" content=\"Escrito por\" \/>\n\t<meta name=\"twitter:data1\" content=\"veredes\" \/>\n\t<meta name=\"twitter:label2\" content=\"Tiempo de lectura\" \/>\n\t<meta name=\"twitter:data2\" content=\"6 minutos\" \/>\n<script type=\"application\/ld+json\" class=\"yoast-schema-graph\">{\"@context\":\"https:\\\/\\\/schema.org\",\"@graph\":[{\"@type\":\"Article\",\"@id\":\"https:\\\/\\\/veredes.es\\\/blog\\\/programa-del-3o-forum-internacional-de-construccion-con-madera\\\/#article\",\"isPartOf\":{\"@id\":\"https:\\\/\\\/veredes.es\\\/blog\\\/programa-del-3o-forum-internacional-de-construccion-con-madera\\\/\"},\"author\":{\"name\":\"veredes\",\"@id\":\"https:\\\/\\\/veredes.es\\\/blog\\\/#\\\/schema\\\/person\\\/0bbb669073ef7faba5168a0844e93d2c\"},\"headline\":\"Programa del 3\u00ba F\u00f3rum Internacional de Construcci\u00f3n con Madera\",\"datePublished\":\"2023-04-26T22:01:57+00:00\",\"dateModified\":\"2026-03-05T14:42:04+00:00\",\"mainEntityOfPage\":{\"@id\":\"https:\\\/\\\/veredes.es\\\/blog\\\/programa-del-3o-forum-internacional-de-construccion-con-madera\\\/\"},\"wordCount\":750,\"commentCount\":0,\"publisher\":{\"@id\":\"https:\\\/\\\/veredes.es\\\/blog\\\/#organization\"},\"image\":{\"@id\":\"https:\\\/\\\/veredes.es\\\/blog\\\/programa-del-3o-forum-internacional-de-construccion-con-madera\\\/#primaryimage\"},\"thumbnailUrl\":\"https:\\\/\\\/veredes.es\\\/blog\\\/wp-content\\\/uploads\\\/2023\\\/04\\\/Programa-3o-Forum-Internacional-de-Construccion-con-Madera.jpg\",\"keywords\":[\"Alar Just\",\"Albert Gil\",\"Alberto Barba\",\"Albino Angeli\",\"Alfredo Dias\",\"Antonio Jos\u00e9 Lara\",\"arquitectura\",\"arquitectura en madera\",\"Batlleiroig\",\"bioconstrucci\u00f3n\",\"congreso\",\"construcci\u00f3n\",\"Cristina Ezcurra de la Iglesia\",\"Cristina Ouzande\",\"daniel l\u00f3pez mart\u00ednez\",\"Ezcurra e Ouzande Arquitectura\",\"Filip Francati\",\"F\u00f3rum de Construcci\u00f3n con Madera de Espa\u00f1a\",\"Francisco Javier Quintana\",\"Henning Larsen Architects\",\"Ib\u00e1n Carpintero\",\"Javier P\u00e9rez\",\"Jorge Blasco\",\"Jos\u00e9 Mar\u00eda Quir\u00f3s\",\"Luis Bencomo\",\"Mamen Escorihuela\",\"Martin Ringner\",\"Miguel Alonso\",\"Navarra\",\"Pol Cearra\",\"Roberto Erviti\",\"Roberto Modena\",\"Salvador Ordo\u00f1ez\",\"tecnolog\u00eda\",\"Unai Armendariz\"],\"articleSection\":[\"deriva\",\"slider principal\"],\"inLanguage\":\"es\",\"potentialAction\":[{\"@type\":\"CommentAction\",\"name\":\"Comment\",\"target\":[\"https:\\\/\\\/veredes.es\\\/blog\\\/programa-del-3o-forum-internacional-de-construccion-con-madera\\\/#respond\"]}]},{\"@type\":\"WebPage\",\"@id\":\"https:\\\/\\\/veredes.es\\\/blog\\\/programa-del-3o-forum-internacional-de-construccion-con-madera\\\/\",\"url\":\"https:\\\/\\\/veredes.es\\\/blog\\\/programa-del-3o-forum-internacional-de-construccion-con-madera\\\/\",\"name\":\"Programa del 3\u00ba F\u00f3rum Internacional de Construcci\u00f3n con Madera - veredes\",\"isPartOf\":{\"@id\":\"https:\\\/\\\/veredes.es\\\/blog\\\/#website\"},\"primaryImageOfPage\":{\"@id\":\"https:\\\/\\\/veredes.es\\\/blog\\\/programa-del-3o-forum-internacional-de-construccion-con-madera\\\/#primaryimage\"},\"image\":{\"@id\":\"https:\\\/\\\/veredes.es\\\/blog\\\/programa-del-3o-forum-internacional-de-construccion-con-madera\\\/#primaryimage\"},\"thumbnailUrl\":\"https:\\\/\\\/veredes.es\\\/blog\\\/wp-content\\\/uploads\\\/2023\\\/04\\\/Programa-3o-Forum-Internacional-de-Construccion-con-Madera.jpg\",\"datePublished\":\"2023-04-26T22:01:57+00:00\",\"dateModified\":\"2026-03-05T14:42:04+00:00\",\"description\":\"Toda la informaci\u00f3n sobre: Programa del 3\u00ba F\u00f3rum Internacional de Construcci\u00f3n con Madera 3\u00ba F\u00f3rum Internacional de Construcci\u00f3n con Madera\",\"breadcrumb\":{\"@id\":\"https:\\\/\\\/veredes.es\\\/blog\\\/programa-del-3o-forum-internacional-de-construccion-con-madera\\\/#breadcrumb\"},\"inLanguage\":\"es\",\"potentialAction\":[{\"@type\":\"ReadAction\",\"target\":[\"https:\\\/\\\/veredes.es\\\/blog\\\/programa-del-3o-forum-internacional-de-construccion-con-madera\\\/\"]}]},{\"@type\":\"ImageObject\",\"inLanguage\":\"es\",\"@id\":\"https:\\\/\\\/veredes.es\\\/blog\\\/programa-del-3o-forum-internacional-de-construccion-con-madera\\\/#primaryimage\",\"url\":\"https:\\\/\\\/veredes.es\\\/blog\\\/wp-content\\\/uploads\\\/2023\\\/04\\\/Programa-3o-Forum-Internacional-de-Construccion-con-Madera.jpg\",\"contentUrl\":\"https:\\\/\\\/veredes.es\\\/blog\\\/wp-content\\\/uploads\\\/2023\\\/04\\\/Programa-3o-Forum-Internacional-de-Construccion-con-Madera.jpg\",\"width\":1400,\"height\":1385,\"caption\":\"Programa del 3\u00ba F\u00f3rum Internacional de Construcci\u00f3n con Madera\"},{\"@type\":\"BreadcrumbList\",\"@id\":\"https:\\\/\\\/veredes.es\\\/blog\\\/programa-del-3o-forum-internacional-de-construccion-con-madera\\\/#breadcrumb\",\"itemListElement\":[{\"@type\":\"ListItem\",\"position\":1,\"name\":\"Portada\",\"item\":\"https:\\\/\\\/veredes.es\\\/blog\\\/\"},{\"@type\":\"ListItem\",\"position\":2,\"name\":\"Programa del 3\u00ba F\u00f3rum Internacional de Construcci\u00f3n con Madera\"}]},{\"@type\":\"WebSite\",\"@id\":\"https:\\\/\\\/veredes.es\\\/blog\\\/#website\",\"url\":\"https:\\\/\\\/veredes.es\\\/blog\\\/\",\"name\":\"veredes, arquitectura y divulgaci\u00f3n\",\"description\":\"veredes\",\"publisher\":{\"@id\":\"https:\\\/\\\/veredes.es\\\/blog\\\/#organization\"},\"alternateName\":\"veredes\",\"potentialAction\":[{\"@type\":\"SearchAction\",\"target\":{\"@type\":\"EntryPoint\",\"urlTemplate\":\"https:\\\/\\\/veredes.es\\\/blog\\\/?s={search_term_string}\"},\"query-input\":{\"@type\":\"PropertyValueSpecification\",\"valueRequired\":true,\"valueName\":\"search_term_string\"}}],\"inLanguage\":\"es\"},{\"@type\":\"Organization\",\"@id\":\"https:\\\/\\\/veredes.es\\\/blog\\\/#organization\",\"name\":\"veredes, arquitectura y divulgaci\u00f3n\",\"alternateName\":\"veredes\",\"url\":\"https:\\\/\\\/veredes.es\\\/blog\\\/\",\"logo\":{\"@type\":\"ImageObject\",\"inLanguage\":\"es\",\"@id\":\"https:\\\/\\\/veredes.es\\\/blog\\\/#\\\/schema\\\/logo\\\/image\\\/\",\"url\":\"https:\\\/\\\/veredes.es\\\/blog\\\/wp-content\\\/uploads\\\/2021\\\/12\\\/veredes-logo-centrado_140x54.png\",\"contentUrl\":\"https:\\\/\\\/veredes.es\\\/blog\\\/wp-content\\\/uploads\\\/2021\\\/12\\\/veredes-logo-centrado_140x54.png\",\"width\":140,\"height\":54,\"caption\":\"veredes, arquitectura y divulgaci\u00f3n\"},\"image\":{\"@id\":\"https:\\\/\\\/veredes.es\\\/blog\\\/#\\\/schema\\\/logo\\\/image\\\/\"},\"sameAs\":[\"https:\\\/\\\/www.facebook.com\\\/veredesArquitecturayDivulgacion\\\/\",\"https:\\\/\\\/x.com\\\/veredes\",\"https:\\\/\\\/instagram.com\\\/veredes\\\/\",\"https:\\\/\\\/www.linkedin.com\\\/company\\\/veredes-arquitectura-y-divulgacion\\\/\",\"https:\\\/\\\/es.pinterest.com\\\/veredes\\\/\",\"https:\\\/\\\/www.tumblr.com\\\/veredes\"]},{\"@type\":\"Person\",\"@id\":\"https:\\\/\\\/veredes.es\\\/blog\\\/#\\\/schema\\\/person\\\/0bbb669073ef7faba5168a0844e93d2c\",\"name\":\"veredes\",\"image\":{\"@type\":\"ImageObject\",\"inLanguage\":\"es\",\"@id\":\"https:\\\/\\\/veredes.es\\\/blog\\\/wp-content\\\/uploads\\\/2018\\\/04\\\/face-96x96.jpg\",\"url\":\"https:\\\/\\\/veredes.es\\\/blog\\\/wp-content\\\/uploads\\\/2018\\\/04\\\/face-96x96.jpg\",\"contentUrl\":\"https:\\\/\\\/veredes.es\\\/blog\\\/wp-content\\\/uploads\\\/2018\\\/04\\\/face-96x96.jpg\",\"caption\":\"veredes\"},\"description\":\"Surge enero de 2009 como b\u00fasqueda de satisfacer el conocimiento de la actividad arquitect\u00f3nica y tangentes que se generan. La idea es crear un espacio para divulgar los diversos proyectos en busca de nueva inspiraci\u00f3n y de intercambio.\",\"sameAs\":[\"https:\\\/\\\/veredes.es\\\/\",\"https:\\\/\\\/www.facebook.com\\\/veredesArquitecturayDivulgacion\\\/\",\"https:\\\/\\\/www.instagram.com\\\/veredes\\\/\",\"https:\\\/\\\/www.linkedin.com\\\/company\\\/veredes-arquitectura-y-divulgacion\\\/\",\"https:\\\/\\\/www.pinterest.es\\\/veredes\\\/\",\"https:\\\/\\\/x.com\\\/https:\\\/\\\/twitter.com\\\/veredes\",\"https:\\\/\\\/veredes.tumblr.com\\\/\"],\"url\":\"https:\\\/\\\/veredes.es\\\/blog\\\/author\\\/alberto\\\/\"}]}<\/script>\n<!-- \/ Yoast SEO plugin. -->","yoast_head_json":{"title":"Programa del 3\u00ba F\u00f3rum Internacional de Construcci\u00f3n con Madera - veredes","description":"Toda la informaci\u00f3n sobre: Programa del 3\u00ba F\u00f3rum Internacional de Construcci\u00f3n con Madera 3\u00ba F\u00f3rum Internacional de Construcci\u00f3n con Madera","robots":{"index":"index","follow":"follow","max-snippet":"max-snippet:-1","max-image-preview":"max-image-preview:large","max-video-preview":"max-video-preview:-1"},"canonical":"https:\/\/veredes.es\/blog\/programa-del-3o-forum-internacional-de-construccion-con-madera\/","og_locale":"es_ES","og_type":"article","og_title":"Programa del 3\u00ba F\u00f3rum Internacional de Construcci\u00f3n con Madera - veredes","og_description":"Toda la informaci\u00f3n sobre: Programa del 3\u00ba F\u00f3rum Internacional de Construcci\u00f3n con Madera 3\u00ba F\u00f3rum Internacional de Construcci\u00f3n con Madera","og_url":"https:\/\/veredes.es\/blog\/programa-del-3o-forum-internacional-de-construccion-con-madera\/","og_site_name":"veredes, arquitectura y divulgaci\u00f3n","article_publisher":"https:\/\/www.facebook.com\/veredesArquitecturayDivulgacion\/","article_author":"https:\/\/www.facebook.com\/veredesArquitecturayDivulgacion\/","article_published_time":"2023-04-26T22:01:57+00:00","article_modified_time":"2026-03-05T14:42:04+00:00","og_image":[{"width":1400,"height":1385,"url":"https:\/\/veredes.es\/blog\/wp-content\/uploads\/2023\/04\/Programa-3o-Forum-Internacional-de-Construccion-con-Madera.jpg","type":"image\/jpeg"}],"author":"veredes","twitter_card":"summary_large_image","twitter_creator":"@https:\/\/twitter.com\/veredes","twitter_site":"@veredes","twitter_misc":{"Escrito por":"veredes","Tiempo de lectura":"6 minutos"},"schema":{"@context":"https:\/\/schema.org","@graph":[{"@type":"Article","@id":"https:\/\/veredes.es\/blog\/programa-del-3o-forum-internacional-de-construccion-con-madera\/#article","isPartOf":{"@id":"https:\/\/veredes.es\/blog\/programa-del-3o-forum-internacional-de-construccion-con-madera\/"},"author":{"name":"veredes","@id":"https:\/\/veredes.es\/blog\/#\/schema\/person\/0bbb669073ef7faba5168a0844e93d2c"},"headline":"Programa del 3\u00ba F\u00f3rum Internacional de Construcci\u00f3n con Madera","datePublished":"2023-04-26T22:01:57+00:00","dateModified":"2026-03-05T14:42:04+00:00","mainEntityOfPage":{"@id":"https:\/\/veredes.es\/blog\/programa-del-3o-forum-internacional-de-construccion-con-madera\/"},"wordCount":750,"commentCount":0,"publisher":{"@id":"https:\/\/veredes.es\/blog\/#organization"},"image":{"@id":"https:\/\/veredes.es\/blog\/programa-del-3o-forum-internacional-de-construccion-con-madera\/#primaryimage"},"thumbnailUrl":"https:\/\/veredes.es\/blog\/wp-content\/uploads\/2023\/04\/Programa-3o-Forum-Internacional-de-Construccion-con-Madera.jpg","keywords":["Alar Just","Albert Gil","Alberto Barba","Albino Angeli","Alfredo Dias","Antonio Jos\u00e9 Lara","arquitectura","arquitectura en madera","Batlleiroig","bioconstrucci\u00f3n","congreso","construcci\u00f3n","Cristina Ezcurra de la Iglesia","Cristina Ouzande","daniel l\u00f3pez mart\u00ednez","Ezcurra e Ouzande Arquitectura","Filip Francati","F\u00f3rum de Construcci\u00f3n con Madera de Espa\u00f1a","Francisco Javier Quintana","Henning Larsen Architects","Ib\u00e1n Carpintero","Javier P\u00e9rez","Jorge Blasco","Jos\u00e9 Mar\u00eda Quir\u00f3s","Luis Bencomo","Mamen Escorihuela","Martin Ringner","Miguel Alonso","Navarra","Pol Cearra","Roberto Erviti","Roberto Modena","Salvador Ordo\u00f1ez","tecnolog\u00eda","Unai Armendariz"],"articleSection":["deriva","slider principal"],"inLanguage":"es","potentialAction":[{"@type":"CommentAction","name":"Comment","target":["https:\/\/veredes.es\/blog\/programa-del-3o-forum-internacional-de-construccion-con-madera\/#respond"]}]},{"@type":"WebPage","@id":"https:\/\/veredes.es\/blog\/programa-del-3o-forum-internacional-de-construccion-con-madera\/","url":"https:\/\/veredes.es\/blog\/programa-del-3o-forum-internacional-de-construccion-con-madera\/","name":"Programa del 3\u00ba F\u00f3rum Internacional de Construcci\u00f3n con Madera - veredes","isPartOf":{"@id":"https:\/\/veredes.es\/blog\/#website"},"primaryImageOfPage":{"@id":"https:\/\/veredes.es\/blog\/programa-del-3o-forum-internacional-de-construccion-con-madera\/#primaryimage"},"image":{"@id":"https:\/\/veredes.es\/blog\/programa-del-3o-forum-internacional-de-construccion-con-madera\/#primaryimage"},"thumbnailUrl":"https:\/\/veredes.es\/blog\/wp-content\/uploads\/2023\/04\/Programa-3o-Forum-Internacional-de-Construccion-con-Madera.jpg","datePublished":"2023-04-26T22:01:57+00:00","dateModified":"2026-03-05T14:42:04+00:00","description":"Toda la informaci\u00f3n sobre: Programa del 3\u00ba F\u00f3rum Internacional de Construcci\u00f3n con Madera 3\u00ba F\u00f3rum Internacional de Construcci\u00f3n con Madera","breadcrumb":{"@id":"https:\/\/veredes.es\/blog\/programa-del-3o-forum-internacional-de-construccion-con-madera\/#breadcrumb"},"inLanguage":"es","potentialAction":[{"@type":"ReadAction","target":["https:\/\/veredes.es\/blog\/programa-del-3o-forum-internacional-de-construccion-con-madera\/"]}]},{"@type":"ImageObject","inLanguage":"es","@id":"https:\/\/veredes.es\/blog\/programa-del-3o-forum-internacional-de-construccion-con-madera\/#primaryimage","url":"https:\/\/veredes.es\/blog\/wp-content\/uploads\/2023\/04\/Programa-3o-Forum-Internacional-de-Construccion-con-Madera.jpg","contentUrl":"https:\/\/veredes.es\/blog\/wp-content\/uploads\/2023\/04\/Programa-3o-Forum-Internacional-de-Construccion-con-Madera.jpg","width":1400,"height":1385,"caption":"Programa del 3\u00ba F\u00f3rum Internacional de Construcci\u00f3n con Madera"},{"@type":"BreadcrumbList","@id":"https:\/\/veredes.es\/blog\/programa-del-3o-forum-internacional-de-construccion-con-madera\/#breadcrumb","itemListElement":[{"@type":"ListItem","position":1,"name":"Portada","item":"https:\/\/veredes.es\/blog\/"},{"@type":"ListItem","position":2,"name":"Programa del 3\u00ba F\u00f3rum Internacional de Construcci\u00f3n con Madera"}]},{"@type":"WebSite","@id":"https:\/\/veredes.es\/blog\/#website","url":"https:\/\/veredes.es\/blog\/","name":"veredes, arquitectura y divulgaci\u00f3n","description":"veredes","publisher":{"@id":"https:\/\/veredes.es\/blog\/#organization"},"alternateName":"veredes","potentialAction":[{"@type":"SearchAction","target":{"@type":"EntryPoint","urlTemplate":"https:\/\/veredes.es\/blog\/?s={search_term_string}"},"query-input":{"@type":"PropertyValueSpecification","valueRequired":true,"valueName":"search_term_string"}}],"inLanguage":"es"},{"@type":"Organization","@id":"https:\/\/veredes.es\/blog\/#organization","name":"veredes, arquitectura y divulgaci\u00f3n","alternateName":"veredes","url":"https:\/\/veredes.es\/blog\/","logo":{"@type":"ImageObject","inLanguage":"es","@id":"https:\/\/veredes.es\/blog\/#\/schema\/logo\/image\/","url":"https:\/\/veredes.es\/blog\/wp-content\/uploads\/2021\/12\/veredes-logo-centrado_140x54.png","contentUrl":"https:\/\/veredes.es\/blog\/wp-content\/uploads\/2021\/12\/veredes-logo-centrado_140x54.png","width":140,"height":54,"caption":"veredes, arquitectura y divulgaci\u00f3n"},"image":{"@id":"https:\/\/veredes.es\/blog\/#\/schema\/logo\/image\/"},"sameAs":["https:\/\/www.facebook.com\/veredesArquitecturayDivulgacion\/","https:\/\/x.com\/veredes","https:\/\/instagram.com\/veredes\/","https:\/\/www.linkedin.com\/company\/veredes-arquitectura-y-divulgacion\/","https:\/\/es.pinterest.com\/veredes\/","https:\/\/www.tumblr.com\/veredes"]},{"@type":"Person","@id":"https:\/\/veredes.es\/blog\/#\/schema\/person\/0bbb669073ef7faba5168a0844e93d2c","name":"veredes","image":{"@type":"ImageObject","inLanguage":"es","@id":"https:\/\/veredes.es\/blog\/wp-content\/uploads\/2018\/04\/face-96x96.jpg","url":"https:\/\/veredes.es\/blog\/wp-content\/uploads\/2018\/04\/face-96x96.jpg","contentUrl":"https:\/\/veredes.es\/blog\/wp-content\/uploads\/2018\/04\/face-96x96.jpg","caption":"veredes"},"description":"Surge enero de 2009 como b\u00fasqueda de satisfacer el conocimiento de la actividad arquitect\u00f3nica y tangentes que se generan. La idea es crear un espacio para divulgar los diversos proyectos en busca de nueva inspiraci\u00f3n y de intercambio.","sameAs":["https:\/\/veredes.es\/","https:\/\/www.facebook.com\/veredesArquitecturayDivulgacion\/","https:\/\/www.instagram.com\/veredes\/","https:\/\/www.linkedin.com\/company\/veredes-arquitectura-y-divulgacion\/","https:\/\/www.pinterest.es\/veredes\/","https:\/\/x.com\/https:\/\/twitter.com\/veredes","https:\/\/veredes.tumblr.com\/"],"url":"https:\/\/veredes.es\/blog\/author\/alberto\/"}]}},"_links":{"self":[{"href":"https:\/\/veredes.es\/blog\/wp-json\/wp\/v2\/posts\/93428","targetHints":{"allow":["GET"]}}],"collection":[{"href":"https:\/\/veredes.es\/blog\/wp-json\/wp\/v2\/posts"}],"about":[{"href":"https:\/\/veredes.es\/blog\/wp-json\/wp\/v2\/types\/post"}],"author":[{"embeddable":true,"href":"https:\/\/veredes.es\/blog\/wp-json\/wp\/v2\/users\/2"}],"replies":[{"embeddable":true,"href":"https:\/\/veredes.es\/blog\/wp-json\/wp\/v2\/comments?post=93428"}],"version-history":[{"count":1,"href":"https:\/\/veredes.es\/blog\/wp-json\/wp\/v2\/posts\/93428\/revisions"}],"predecessor-version":[{"id":105395,"href":"https:\/\/veredes.es\/blog\/wp-json\/wp\/v2\/posts\/93428\/revisions\/105395"}],"wp:featuredmedia":[{"embeddable":true,"href":"https:\/\/veredes.es\/blog\/wp-json\/wp\/v2\/media\/93438"}],"wp:attachment":[{"href":"https:\/\/veredes.es\/blog\/wp-json\/wp\/v2\/media?parent=93428"}],"wp:term":[{"taxonomy":"category","embeddable":true,"href":"https:\/\/veredes.es\/blog\/wp-json\/wp\/v2\/categories?post=93428"},{"taxonomy":"post_tag","embeddable":true,"href":"https:\/\/veredes.es\/blog\/wp-json\/wp\/v2\/tags?post=93428"}],"curies":[{"name":"wp","href":"https:\/\/api.w.org\/{rel}","templated":true}]}}