{"id":93317,"date":"2023-04-05T00:01:22","date_gmt":"2023-04-04T22:01:22","guid":{"rendered":"https:\/\/veredes.es\/blog\/?p=93317"},"modified":"2023-03-28T20:47:15","modified_gmt":"2023-03-28T18:47:15","slug":"casa-detras-de-un-muro-la-mirateca","status":"publish","type":"post","link":"https:\/\/veredes.es\/blog\/casa-detras-de-un-muro-la-mirateca\/","title":{"rendered":"Casa detr\u00e1s de un muro | La Mirateca"},"content":{"rendered":"<figure id=\"attachment_93318\" aria-describedby=\"caption-attachment-93318\" style=\"width: 1400px\" class=\"wp-caption alignnone\"><img loading=\"lazy\" decoding=\"async\" class=\"size-full wp-image-93318\" src=\"https:\/\/veredes.es\/blog\/wp-content\/uploads\/2023\/03\/Casa-detras-de-un-muro-La-Mirateca-\u00a9-Alejandro-Gomez-Vives-Fotografia-de-Arquitectura-24.jpg\" alt=\"Casa detr\u00e1s de un muro La Mirateca \u00a9 Alejandro G\u00f3mez Vives Fotograf\u00eda de Arquitectura 24\" width=\"1400\" height=\"934\" srcset=\"https:\/\/veredes.es\/blog\/wp-content\/uploads\/2023\/03\/Casa-detras-de-un-muro-La-Mirateca-\u00a9-Alejandro-Gomez-Vives-Fotografia-de-Arquitectura-24.jpg 1400w, https:\/\/veredes.es\/blog\/wp-content\/uploads\/2023\/03\/Casa-detras-de-un-muro-La-Mirateca-\u00a9-Alejandro-Gomez-Vives-Fotografia-de-Arquitectura-24-300x200.jpg 300w, https:\/\/veredes.es\/blog\/wp-content\/uploads\/2023\/03\/Casa-detras-de-un-muro-La-Mirateca-\u00a9-Alejandro-Gomez-Vives-Fotografia-de-Arquitectura-24-1024x683.jpg 1024w, https:\/\/veredes.es\/blog\/wp-content\/uploads\/2023\/03\/Casa-detras-de-un-muro-La-Mirateca-\u00a9-Alejandro-Gomez-Vives-Fotografia-de-Arquitectura-24-696x464.jpg 696w, https:\/\/veredes.es\/blog\/wp-content\/uploads\/2023\/03\/Casa-detras-de-un-muro-La-Mirateca-\u00a9-Alejandro-Gomez-Vives-Fotografia-de-Arquitectura-24-1068x713.jpg 1068w\" sizes=\"auto, (max-width: 1400px) 100vw, 1400px\" \/><figcaption id=\"caption-attachment-93318\" class=\"wp-caption-text\"><span style=\"color: #999999;\">Casa detr\u00e1s de un muro | La Mirateca \u00a9 Alejandro G\u00f3mez Vives | Fotograf\u00eda de Arquitectura<\/span><\/figcaption><\/figure>\n<p style=\"text-align: justify;\">\u2018Casa detr\u00e1s de un muro\u2019 es un proyecto resuelto en base a la condici\u00f3n inicial de dar una respuesta opaca a su relaci\u00f3n con la v\u00eda p\u00fablica capaz de permitir una mayor intimidad a los usuarios y un funcionamiento interno m\u00e1s c\u00f3modo sin la necesidad de estar condicionado por lo que sucede en el exterior. La ausencia del hueco en fachada implica crear herramientas propias para resolver la organizaci\u00f3n del programa y resolver con la misma construcci\u00f3n lo eliminado por la premisa de partida.<\/p>\n<figure id=\"attachment_93320\" aria-describedby=\"caption-attachment-93320\" style=\"width: 2339px\" class=\"wp-caption alignnone\"><img loading=\"lazy\" decoding=\"async\" class=\"wp-image-93320 size-full\" title=\"Casa detr\u00e1s de un muro La Mirateca 5 SECCI\u00d3N TRANSVERSAL\" src=\"https:\/\/veredes.es\/blog\/wp-content\/uploads\/2023\/04\/Casa-detras-de-un-muro-La-Mirateca-5-SECCION-TRANSVERSAL.jpg\" alt=\"Casa detr\u00e1s de un muro La Mirateca 5 SECCI\u00d3N TRANSVERSAL\" width=\"2339\" height=\"1654\" srcset=\"https:\/\/veredes.es\/blog\/wp-content\/uploads\/2023\/04\/Casa-detras-de-un-muro-La-Mirateca-5-SECCION-TRANSVERSAL.jpg 2339w, https:\/\/veredes.es\/blog\/wp-content\/uploads\/2023\/04\/Casa-detras-de-un-muro-La-Mirateca-5-SECCION-TRANSVERSAL-300x212.jpg 300w, https:\/\/veredes.es\/blog\/wp-content\/uploads\/2023\/04\/Casa-detras-de-un-muro-La-Mirateca-5-SECCION-TRANSVERSAL-1024x724.jpg 1024w, https:\/\/veredes.es\/blog\/wp-content\/uploads\/2023\/04\/Casa-detras-de-un-muro-La-Mirateca-5-SECCION-TRANSVERSAL-1536x1086.jpg 1536w, https:\/\/veredes.es\/blog\/wp-content\/uploads\/2023\/04\/Casa-detras-de-un-muro-La-Mirateca-5-SECCION-TRANSVERSAL-2048x1448.jpg 2048w, https:\/\/veredes.es\/blog\/wp-content\/uploads\/2023\/04\/Casa-detras-de-un-muro-La-Mirateca-5-SECCION-TRANSVERSAL-696x492.jpg 696w, https:\/\/veredes.es\/blog\/wp-content\/uploads\/2023\/04\/Casa-detras-de-un-muro-La-Mirateca-5-SECCION-TRANSVERSAL-1068x755.jpg 1068w, https:\/\/veredes.es\/blog\/wp-content\/uploads\/2023\/04\/Casa-detras-de-un-muro-La-Mirateca-5-SECCION-TRANSVERSAL-1920x1358.jpg 1920w\" sizes=\"auto, (max-width: 2339px) 100vw, 2339px\" \/><figcaption id=\"caption-attachment-93320\" class=\"wp-caption-text\"><span style=\"color: #999999;\">Casa detr\u00e1s de un muro | La Mirateca | Secci\u00f3n transversal<\/span><\/figcaption><\/figure>\n<p style=\"text-align: justify;\">La parcela en la que se ubica el proyecto carece de trazas orogr\u00e1ficas capaces de condicionar la edificaci\u00f3n. Solo, una plataforma artificial creada con anterioridad es el \u00fanico elemento significativo y el punto donde el esquema se apoya. Tres patios resuelven el funcionamiento de los usos de noche y un espacio exterior configurado por la edificaci\u00f3n y las medianeras dotan a un doble espacio de usos comunes de una resguardada zona exterior.<\/p>\n<div id='gallery-1' class='gallery galleryid-93317 gallery-columns-4 gallery-size-thumbnail'><figure class='gallery-item'>\n\t\t\t<div class='gallery-icon landscape'>\n\t\t\t\t<a href='https:\/\/veredes.es\/blog\/wp-content\/uploads\/2023\/04\/Casa-detras-de-un-muro-La-Mirateca-\u00a9-Alejandro-Gomez-Vives-Fotografia-de-Arquitectura-1.jpg'><img loading=\"lazy\" decoding=\"async\" width=\"120\" height=\"120\" src=\"https:\/\/veredes.es\/blog\/wp-content\/uploads\/2023\/04\/Casa-detras-de-un-muro-La-Mirateca-\u00a9-Alejandro-Gomez-Vives-Fotografia-de-Arquitectura-1-120x120.jpg\" class=\"attachment-thumbnail size-thumbnail\" alt=\"Casa detr\u00e1s de un muro La Mirateca \u00a9 Alejandro G\u00f3mez Vives Fotograf\u00eda de Arquitectura 1\" aria-describedby=\"gallery-1-93321\" \/><\/a>\n\t\t\t<\/div>\n\t\t\t\t<figcaption class='wp-caption-text gallery-caption' id='gallery-1-93321'>\n\t\t\t\tCasa detr\u00e1s de un muro | La Mirateca \u00a9 Alejandro G\u00f3mez Vives | Fotograf\u00eda de Arquitectura\n\t\t\t\t<\/figcaption><\/figure><figure class='gallery-item'>\n\t\t\t<div class='gallery-icon landscape'>\n\t\t\t\t<a href='https:\/\/veredes.es\/blog\/wp-content\/uploads\/2023\/04\/Casa-detras-de-un-muro-La-Mirateca-\u00a9-Alejandro-Gomez-Vives-Fotografia-de-Arquitectura-2.jpg'><img loading=\"lazy\" decoding=\"async\" width=\"120\" height=\"120\" src=\"https:\/\/veredes.es\/blog\/wp-content\/uploads\/2023\/04\/Casa-detras-de-un-muro-La-Mirateca-\u00a9-Alejandro-Gomez-Vives-Fotografia-de-Arquitectura-2-120x120.jpg\" class=\"attachment-thumbnail size-thumbnail\" alt=\"Casa detr\u00e1s de un muro La Mirateca \u00a9 Alejandro G\u00f3mez Vives Fotograf\u00eda de Arquitectura 2\" aria-describedby=\"gallery-1-93322\" srcset=\"https:\/\/veredes.es\/blog\/wp-content\/uploads\/2023\/04\/Casa-detras-de-un-muro-La-Mirateca-\u00a9-Alejandro-Gomez-Vives-Fotografia-de-Arquitectura-2-120x120.jpg 120w, https:\/\/veredes.es\/blog\/wp-content\/uploads\/2023\/04\/Casa-detras-de-un-muro-La-Mirateca-\u00a9-Alejandro-Gomez-Vives-Fotografia-de-Arquitectura-2-300x300.jpg 300w, https:\/\/veredes.es\/blog\/wp-content\/uploads\/2023\/04\/Casa-detras-de-un-muro-La-Mirateca-\u00a9-Alejandro-Gomez-Vives-Fotografia-de-Arquitectura-2-1024x1024.jpg 1024w, https:\/\/veredes.es\/blog\/wp-content\/uploads\/2023\/04\/Casa-detras-de-un-muro-La-Mirateca-\u00a9-Alejandro-Gomez-Vives-Fotografia-de-Arquitectura-2-696x696.jpg 696w, https:\/\/veredes.es\/blog\/wp-content\/uploads\/2023\/04\/Casa-detras-de-un-muro-La-Mirateca-\u00a9-Alejandro-Gomez-Vives-Fotografia-de-Arquitectura-2-1068x1068.jpg 1068w, https:\/\/veredes.es\/blog\/wp-content\/uploads\/2023\/04\/Casa-detras-de-un-muro-La-Mirateca-\u00a9-Alejandro-Gomez-Vives-Fotografia-de-Arquitectura-2.jpg 1400w\" sizes=\"auto, (max-width: 120px) 100vw, 120px\" \/><\/a>\n\t\t\t<\/div>\n\t\t\t\t<figcaption class='wp-caption-text gallery-caption' id='gallery-1-93322'>\n\t\t\t\tCasa detr\u00e1s de un muro | La Mirateca \u00a9 Alejandro G\u00f3mez Vives | Fotograf\u00eda de Arquitectura\n\t\t\t\t<\/figcaption><\/figure><figure class='gallery-item'>\n\t\t\t<div class='gallery-icon landscape'>\n\t\t\t\t<a href='https:\/\/veredes.es\/blog\/wp-content\/uploads\/2023\/04\/Casa-detras-de-un-muro-La-Mirateca-\u00a9-Alejandro-Gomez-Vives-Fotografia-de-Arquitectura-3.jpg'><img loading=\"lazy\" decoding=\"async\" width=\"120\" height=\"120\" src=\"https:\/\/veredes.es\/blog\/wp-content\/uploads\/2023\/04\/Casa-detras-de-un-muro-La-Mirateca-\u00a9-Alejandro-Gomez-Vives-Fotografia-de-Arquitectura-3-120x120.jpg\" class=\"attachment-thumbnail size-thumbnail\" alt=\"Casa detr\u00e1s de un muro La Mirateca \u00a9 Alejandro G\u00f3mez Vives Fotograf\u00eda de Arquitectura 3\" aria-describedby=\"gallery-1-93323\" \/><\/a>\n\t\t\t<\/div>\n\t\t\t\t<figcaption class='wp-caption-text gallery-caption' id='gallery-1-93323'>\n\t\t\t\tCasa detr\u00e1s de un muro | La Mirateca \u00a9 Alejandro G\u00f3mez Vives | Fotograf\u00eda de Arquitectura\n\t\t\t\t<\/figcaption><\/figure><figure class='gallery-item'>\n\t\t\t<div class='gallery-icon landscape'>\n\t\t\t\t<a href='https:\/\/veredes.es\/blog\/wp-content\/uploads\/2023\/04\/Casa-detras-de-un-muro-La-Mirateca-\u00a9-Alejandro-Gomez-Vives-Fotografia-de-Arquitectura-4.jpg'><img loading=\"lazy\" decoding=\"async\" width=\"120\" height=\"120\" src=\"https:\/\/veredes.es\/blog\/wp-content\/uploads\/2023\/04\/Casa-detras-de-un-muro-La-Mirateca-\u00a9-Alejandro-Gomez-Vives-Fotografia-de-Arquitectura-4-120x120.jpg\" class=\"attachment-thumbnail size-thumbnail\" alt=\"Casa detr\u00e1s de un muro La Mirateca \u00a9 Alejandro G\u00f3mez Vives Fotograf\u00eda de Arquitectura 4\" aria-describedby=\"gallery-1-93324\" srcset=\"https:\/\/veredes.es\/blog\/wp-content\/uploads\/2023\/04\/Casa-detras-de-un-muro-La-Mirateca-\u00a9-Alejandro-Gomez-Vives-Fotografia-de-Arquitectura-4-120x120.jpg 120w, https:\/\/veredes.es\/blog\/wp-content\/uploads\/2023\/04\/Casa-detras-de-un-muro-La-Mirateca-\u00a9-Alejandro-Gomez-Vives-Fotografia-de-Arquitectura-4-300x300.jpg 300w, https:\/\/veredes.es\/blog\/wp-content\/uploads\/2023\/04\/Casa-detras-de-un-muro-La-Mirateca-\u00a9-Alejandro-Gomez-Vives-Fotografia-de-Arquitectura-4-1024x1024.jpg 1024w, https:\/\/veredes.es\/blog\/wp-content\/uploads\/2023\/04\/Casa-detras-de-un-muro-La-Mirateca-\u00a9-Alejandro-Gomez-Vives-Fotografia-de-Arquitectura-4-696x696.jpg 696w, https:\/\/veredes.es\/blog\/wp-content\/uploads\/2023\/04\/Casa-detras-de-un-muro-La-Mirateca-\u00a9-Alejandro-Gomez-Vives-Fotografia-de-Arquitectura-4-1068x1068.jpg 1068w, https:\/\/veredes.es\/blog\/wp-content\/uploads\/2023\/04\/Casa-detras-de-un-muro-La-Mirateca-\u00a9-Alejandro-Gomez-Vives-Fotografia-de-Arquitectura-4.jpg 1400w\" sizes=\"auto, (max-width: 120px) 100vw, 120px\" \/><\/a>\n\t\t\t<\/div>\n\t\t\t\t<figcaption class='wp-caption-text gallery-caption' id='gallery-1-93324'>\n\t\t\t\tCasa detr\u00e1s de un muro | La Mirateca \u00a9 Alejandro G\u00f3mez Vives | Fotograf\u00eda de Arquitectura\n\t\t\t\t<\/figcaption><\/figure>\n\t\t<\/div>\n\n<p style=\"text-align: justify;\">El hormig\u00f3n permite resolver la rotunda respuesta al exterior del proyecto a la vez que crea la posibilidad de que la edificaci\u00f3n se encuentre puntualmente con el terreno, asimilando con naturalidad la orograf\u00eda artificial creada en la parcela para que haya continuidad entre los diferentes niveles. El hormig\u00f3n y su propia construcci\u00f3n condicionan la forma de la edificaci\u00f3n a la vez que permite moldearse pl\u00e1sticamente para que la transici\u00f3n entre las diferentes alturas sea continua y no fraccionada mediante una ortodoxa superposici\u00f3n de forjados.<\/p>\n<div id='gallery-2' class='gallery galleryid-93317 gallery-columns-4 gallery-size-thumbnail'><figure class='gallery-item'>\n\t\t\t<div class='gallery-icon landscape'>\n\t\t\t\t<a href='https:\/\/veredes.es\/blog\/wp-content\/uploads\/2023\/04\/Casa-detras-de-un-muro-La-Mirateca-\u00a9-Alejandro-Gomez-Vives-Fotografia-de-Arquitectura-5.jpg'><img loading=\"lazy\" decoding=\"async\" width=\"120\" height=\"120\" src=\"https:\/\/veredes.es\/blog\/wp-content\/uploads\/2023\/04\/Casa-detras-de-un-muro-La-Mirateca-\u00a9-Alejandro-Gomez-Vives-Fotografia-de-Arquitectura-5-120x120.jpg\" class=\"attachment-thumbnail size-thumbnail\" alt=\"Casa detr\u00e1s de un muro La Mirateca \u00a9 Alejandro G\u00f3mez Vives Fotograf\u00eda de Arquitectura 5\" aria-describedby=\"gallery-2-93326\" \/><\/a>\n\t\t\t<\/div>\n\t\t\t\t<figcaption class='wp-caption-text gallery-caption' id='gallery-2-93326'>\n\t\t\t\tCasa detr\u00e1s de un muro | La Mirateca \u00a9 Alejandro G\u00f3mez Vives | Fotograf\u00eda de Arquitectura\n\t\t\t\t<\/figcaption><\/figure><figure class='gallery-item'>\n\t\t\t<div class='gallery-icon portrait'>\n\t\t\t\t<a href='https:\/\/veredes.es\/blog\/wp-content\/uploads\/2023\/04\/Casa-detras-de-un-muro-La-Mirateca-\u00a9-Alejandro-Gomez-Vives-Fotografia-de-Arquitectura-6.jpg'><img loading=\"lazy\" decoding=\"async\" width=\"120\" height=\"120\" src=\"https:\/\/veredes.es\/blog\/wp-content\/uploads\/2023\/04\/Casa-detras-de-un-muro-La-Mirateca-\u00a9-Alejandro-Gomez-Vives-Fotografia-de-Arquitectura-6-120x120.jpg\" class=\"attachment-thumbnail size-thumbnail\" alt=\"Casa detr\u00e1s de un muro La Mirateca \u00a9 Alejandro G\u00f3mez Vives Fotograf\u00eda de Arquitectura 6\" aria-describedby=\"gallery-2-93327\" \/><\/a>\n\t\t\t<\/div>\n\t\t\t\t<figcaption class='wp-caption-text gallery-caption' id='gallery-2-93327'>\n\t\t\t\tCasa detr\u00e1s de un muro | La Mirateca \u00a9 Alejandro G\u00f3mez Vives | Fotograf\u00eda de Arquitectura\n\t\t\t\t<\/figcaption><\/figure><figure class='gallery-item'>\n\t\t\t<div class='gallery-icon landscape'>\n\t\t\t\t<a href='https:\/\/veredes.es\/blog\/wp-content\/uploads\/2023\/04\/Casa-detras-de-un-muro-La-Mirateca-\u00a9-Alejandro-Gomez-Vives-Fotografia-de-Arquitectura-7.jpg'><img loading=\"lazy\" decoding=\"async\" width=\"120\" height=\"120\" src=\"https:\/\/veredes.es\/blog\/wp-content\/uploads\/2023\/04\/Casa-detras-de-un-muro-La-Mirateca-\u00a9-Alejandro-Gomez-Vives-Fotografia-de-Arquitectura-7-120x120.jpg\" class=\"attachment-thumbnail size-thumbnail\" alt=\"Casa detr\u00e1s de un muro La Mirateca \u00a9 Alejandro G\u00f3mez Vives Fotograf\u00eda de Arquitectura 7\" aria-describedby=\"gallery-2-93328\" \/><\/a>\n\t\t\t<\/div>\n\t\t\t\t<figcaption class='wp-caption-text gallery-caption' id='gallery-2-93328'>\n\t\t\t\tCasa detr\u00e1s de un muro | La Mirateca \u00a9 Alejandro G\u00f3mez Vives | Fotograf\u00eda de Arquitectura\n\t\t\t\t<\/figcaption><\/figure><figure class='gallery-item'>\n\t\t\t<div class='gallery-icon portrait'>\n\t\t\t\t<a href='https:\/\/veredes.es\/blog\/wp-content\/uploads\/2023\/04\/Casa-detras-de-un-muro-La-Mirateca-\u00a9-Alejandro-Gomez-Vives-Fotografia-de-Arquitectura-8.jpg'><img loading=\"lazy\" decoding=\"async\" width=\"120\" height=\"120\" src=\"https:\/\/veredes.es\/blog\/wp-content\/uploads\/2023\/04\/Casa-detras-de-un-muro-La-Mirateca-\u00a9-Alejandro-Gomez-Vives-Fotografia-de-Arquitectura-8-120x120.jpg\" class=\"attachment-thumbnail size-thumbnail\" alt=\"Casa detr\u00e1s de un muro La Mirateca \u00a9 Alejandro G\u00f3mez Vives Fotograf\u00eda de Arquitectura 8\" aria-describedby=\"gallery-2-93329\" \/><\/a>\n\t\t\t<\/div>\n\t\t\t\t<figcaption class='wp-caption-text gallery-caption' id='gallery-2-93329'>\n\t\t\t\tCasa detr\u00e1s de un muro | La Mirateca \u00a9 Alejandro G\u00f3mez Vives | Fotograf\u00eda de Arquitectura\n\t\t\t\t<\/figcaption><\/figure><figure class='gallery-item'>\n\t\t\t<div class='gallery-icon landscape'>\n\t\t\t\t<a href='https:\/\/veredes.es\/blog\/wp-content\/uploads\/2023\/04\/Casa-detras-de-un-muro-La-Mirateca-\u00a9-Alejandro-Gomez-Vives-Fotografia-de-Arquitectura-9.jpg'><img loading=\"lazy\" decoding=\"async\" width=\"120\" height=\"120\" src=\"https:\/\/veredes.es\/blog\/wp-content\/uploads\/2023\/04\/Casa-detras-de-un-muro-La-Mirateca-\u00a9-Alejandro-Gomez-Vives-Fotografia-de-Arquitectura-9-120x120.jpg\" class=\"attachment-thumbnail size-thumbnail\" alt=\"Casa detr\u00e1s de un muro La Mirateca \u00a9 Alejandro G\u00f3mez Vives Fotograf\u00eda de Arquitectura 9\" aria-describedby=\"gallery-2-93330\" \/><\/a>\n\t\t\t<\/div>\n\t\t\t\t<figcaption class='wp-caption-text gallery-caption' id='gallery-2-93330'>\n\t\t\t\tCasa detr\u00e1s de un muro | La Mirateca \u00a9 Alejandro G\u00f3mez Vives | Fotograf\u00eda de Arquitectura\n\t\t\t\t<\/figcaption><\/figure><figure class='gallery-item'>\n\t\t\t<div class='gallery-icon landscape'>\n\t\t\t\t<a href='https:\/\/veredes.es\/blog\/wp-content\/uploads\/2023\/04\/Casa-detras-de-un-muro-La-Mirateca-\u00a9-Alejandro-Gomez-Vives-Fotografia-de-Arquitectura-10.jpg'><img loading=\"lazy\" decoding=\"async\" width=\"120\" height=\"120\" src=\"https:\/\/veredes.es\/blog\/wp-content\/uploads\/2023\/04\/Casa-detras-de-un-muro-La-Mirateca-\u00a9-Alejandro-Gomez-Vives-Fotografia-de-Arquitectura-10-120x120.jpg\" class=\"attachment-thumbnail size-thumbnail\" alt=\"Casa detr\u00e1s de un muro La Mirateca \u00a9 Alejandro G\u00f3mez Vives Fotograf\u00eda de Arquitectura 10\" aria-describedby=\"gallery-2-93331\" \/><\/a>\n\t\t\t<\/div>\n\t\t\t\t<figcaption class='wp-caption-text gallery-caption' id='gallery-2-93331'>\n\t\t\t\tCasa detr\u00e1s de un muro | La Mirateca \u00a9 Alejandro G\u00f3mez Vives | Fotograf\u00eda de Arquitectura\n\t\t\t\t<\/figcaption><\/figure><figure class='gallery-item'>\n\t\t\t<div class='gallery-icon landscape'>\n\t\t\t\t<a href='https:\/\/veredes.es\/blog\/wp-content\/uploads\/2023\/04\/Casa-detras-de-un-muro-La-Mirateca-\u00a9-Alejandro-Gomez-Vives-Fotografia-de-Arquitectura-11.jpg'><img loading=\"lazy\" decoding=\"async\" width=\"120\" height=\"120\" src=\"https:\/\/veredes.es\/blog\/wp-content\/uploads\/2023\/04\/Casa-detras-de-un-muro-La-Mirateca-\u00a9-Alejandro-Gomez-Vives-Fotografia-de-Arquitectura-11-120x120.jpg\" class=\"attachment-thumbnail size-thumbnail\" alt=\"Casa detr\u00e1s de un muro La Mirateca \u00a9 Alejandro G\u00f3mez Vives Fotograf\u00eda de Arquitectura 11\" aria-describedby=\"gallery-2-93332\" \/><\/a>\n\t\t\t<\/div>\n\t\t\t\t<figcaption class='wp-caption-text gallery-caption' id='gallery-2-93332'>\n\t\t\t\tCasa detr\u00e1s de un muro | La Mirateca \u00a9 Alejandro G\u00f3mez Vives | Fotograf\u00eda de Arquitectura\n\t\t\t\t<\/figcaption><\/figure><figure class='gallery-item'>\n\t\t\t<div class='gallery-icon landscape'>\n\t\t\t\t<a href='https:\/\/veredes.es\/blog\/wp-content\/uploads\/2023\/04\/Casa-detras-de-un-muro-La-Mirateca-\u00a9-Alejandro-Gomez-Vives-Fotografia-de-Arquitectura-12.jpg'><img loading=\"lazy\" decoding=\"async\" width=\"120\" height=\"120\" src=\"https:\/\/veredes.es\/blog\/wp-content\/uploads\/2023\/04\/Casa-detras-de-un-muro-La-Mirateca-\u00a9-Alejandro-Gomez-Vives-Fotografia-de-Arquitectura-12-120x120.jpg\" class=\"attachment-thumbnail size-thumbnail\" alt=\"Casa detr\u00e1s de un muro La Mirateca \u00a9 Alejandro G\u00f3mez Vives Fotograf\u00eda de Arquitectura 12\" aria-describedby=\"gallery-2-93333\" \/><\/a>\n\t\t\t<\/div>\n\t\t\t\t<figcaption class='wp-caption-text gallery-caption' id='gallery-2-93333'>\n\t\t\t\tCasa detr\u00e1s de un muro | La Mirateca \u00a9 Alejandro G\u00f3mez Vives | Fotograf\u00eda de Arquitectura\n\t\t\t\t<\/figcaption><\/figure><figure class='gallery-item'>\n\t\t\t<div class='gallery-icon landscape'>\n\t\t\t\t<a href='https:\/\/veredes.es\/blog\/wp-content\/uploads\/2023\/04\/Casa-detras-de-un-muro-La-Mirateca-\u00a9-Alejandro-Gomez-Vives-Fotografia-de-Arquitectura-14.jpg'><img loading=\"lazy\" decoding=\"async\" width=\"120\" height=\"120\" src=\"https:\/\/veredes.es\/blog\/wp-content\/uploads\/2023\/04\/Casa-detras-de-un-muro-La-Mirateca-\u00a9-Alejandro-Gomez-Vives-Fotografia-de-Arquitectura-14-120x120.jpg\" class=\"attachment-thumbnail size-thumbnail\" alt=\"Casa detr\u00e1s de un muro La Mirateca \u00a9 Alejandro G\u00f3mez Vives Fotograf\u00eda de Arquitectura 14\" aria-describedby=\"gallery-2-93335\" \/><\/a>\n\t\t\t<\/div>\n\t\t\t\t<figcaption class='wp-caption-text gallery-caption' id='gallery-2-93335'>\n\t\t\t\tCasa detr\u00e1s de un muro | La Mirateca \u00a9 Alejandro G\u00f3mez Vives | Fotograf\u00eda de Arquitectura\n\t\t\t\t<\/figcaption><\/figure><figure class='gallery-item'>\n\t\t\t<div class='gallery-icon portrait'>\n\t\t\t\t<a href='https:\/\/veredes.es\/blog\/wp-content\/uploads\/2023\/04\/Casa-detras-de-un-muro-La-Mirateca-\u00a9-Alejandro-Gomez-Vives-Fotografia-de-Arquitectura-15.jpg'><img loading=\"lazy\" decoding=\"async\" width=\"120\" height=\"120\" src=\"https:\/\/veredes.es\/blog\/wp-content\/uploads\/2023\/04\/Casa-detras-de-un-muro-La-Mirateca-\u00a9-Alejandro-Gomez-Vives-Fotografia-de-Arquitectura-15-120x120.jpg\" class=\"attachment-thumbnail size-thumbnail\" alt=\"Casa detr\u00e1s de un muro La Mirateca \u00a9 Alejandro G\u00f3mez Vives Fotograf\u00eda de Arquitectura 15\" aria-describedby=\"gallery-2-93336\" \/><\/a>\n\t\t\t<\/div>\n\t\t\t\t<figcaption class='wp-caption-text gallery-caption' id='gallery-2-93336'>\n\t\t\t\tCasa detr\u00e1s de un muro | La Mirateca \u00a9 Alejandro G\u00f3mez Vives | Fotograf\u00eda de Arquitectura\n\t\t\t\t<\/figcaption><\/figure><figure class='gallery-item'>\n\t\t\t<div class='gallery-icon portrait'>\n\t\t\t\t<a href='https:\/\/veredes.es\/blog\/wp-content\/uploads\/2023\/04\/Casa-detras-de-un-muro-La-Mirateca-\u00a9-Alejandro-Gomez-Vives-Fotografia-de-Arquitectura-16.jpg'><img loading=\"lazy\" decoding=\"async\" width=\"120\" height=\"120\" src=\"https:\/\/veredes.es\/blog\/wp-content\/uploads\/2023\/04\/Casa-detras-de-un-muro-La-Mirateca-\u00a9-Alejandro-Gomez-Vives-Fotografia-de-Arquitectura-16-120x120.jpg\" class=\"attachment-thumbnail size-thumbnail\" alt=\"Casa detr\u00e1s de un muro La Mirateca \u00a9 Alejandro G\u00f3mez Vives Fotograf\u00eda de Arquitectura 16\" aria-describedby=\"gallery-2-93337\" \/><\/a>\n\t\t\t<\/div>\n\t\t\t\t<figcaption class='wp-caption-text gallery-caption' id='gallery-2-93337'>\n\t\t\t\tCasa detr\u00e1s de un muro | La Mirateca \u00a9 Alejandro G\u00f3mez Vives | Fotograf\u00eda de Arquitectura\n\t\t\t\t<\/figcaption><\/figure><figure class='gallery-item'>\n\t\t\t<div class='gallery-icon portrait'>\n\t\t\t\t<a href='https:\/\/veredes.es\/blog\/wp-content\/uploads\/2023\/04\/Casa-detras-de-un-muro-La-Mirateca-\u00a9-Alejandro-Gomez-Vives-Fotografia-de-Arquitectura-17.jpg'><img loading=\"lazy\" decoding=\"async\" width=\"120\" height=\"120\" src=\"https:\/\/veredes.es\/blog\/wp-content\/uploads\/2023\/04\/Casa-detras-de-un-muro-La-Mirateca-\u00a9-Alejandro-Gomez-Vives-Fotografia-de-Arquitectura-17-120x120.jpg\" class=\"attachment-thumbnail size-thumbnail\" alt=\"Casa detr\u00e1s de un muro La Mirateca \u00a9 Alejandro G\u00f3mez Vives Fotograf\u00eda de Arquitectura 17\" aria-describedby=\"gallery-2-93338\" \/><\/a>\n\t\t\t<\/div>\n\t\t\t\t<figcaption class='wp-caption-text gallery-caption' id='gallery-2-93338'>\n\t\t\t\tCasa detr\u00e1s de un muro | La Mirateca \u00a9 Alejandro G\u00f3mez Vives | Fotograf\u00eda de Arquitectura\n\t\t\t\t<\/figcaption><\/figure><figure class='gallery-item'>\n\t\t\t<div class='gallery-icon landscape'>\n\t\t\t\t<a href='https:\/\/veredes.es\/blog\/wp-content\/uploads\/2023\/04\/Casa-detras-de-un-muro-La-Mirateca-\u00a9-Alejandro-Gomez-Vives-Fotografia-de-Arquitectura-18.jpg'><img loading=\"lazy\" decoding=\"async\" width=\"120\" height=\"120\" src=\"https:\/\/veredes.es\/blog\/wp-content\/uploads\/2023\/04\/Casa-detras-de-un-muro-La-Mirateca-\u00a9-Alejandro-Gomez-Vives-Fotografia-de-Arquitectura-18-120x120.jpg\" class=\"attachment-thumbnail size-thumbnail\" alt=\"Casa detr\u00e1s de un muro La Mirateca \u00a9 Alejandro G\u00f3mez Vives Fotograf\u00eda de Arquitectura 18\" aria-describedby=\"gallery-2-93339\" srcset=\"https:\/\/veredes.es\/blog\/wp-content\/uploads\/2023\/04\/Casa-detras-de-un-muro-La-Mirateca-\u00a9-Alejandro-Gomez-Vives-Fotografia-de-Arquitectura-18-120x120.jpg 120w, https:\/\/veredes.es\/blog\/wp-content\/uploads\/2023\/04\/Casa-detras-de-un-muro-La-Mirateca-\u00a9-Alejandro-Gomez-Vives-Fotografia-de-Arquitectura-18-300x300.jpg 300w, https:\/\/veredes.es\/blog\/wp-content\/uploads\/2023\/04\/Casa-detras-de-un-muro-La-Mirateca-\u00a9-Alejandro-Gomez-Vives-Fotografia-de-Arquitectura-18-1024x1024.jpg 1024w, https:\/\/veredes.es\/blog\/wp-content\/uploads\/2023\/04\/Casa-detras-de-un-muro-La-Mirateca-\u00a9-Alejandro-Gomez-Vives-Fotografia-de-Arquitectura-18-696x696.jpg 696w, https:\/\/veredes.es\/blog\/wp-content\/uploads\/2023\/04\/Casa-detras-de-un-muro-La-Mirateca-\u00a9-Alejandro-Gomez-Vives-Fotografia-de-Arquitectura-18-1068x1068.jpg 1068w, https:\/\/veredes.es\/blog\/wp-content\/uploads\/2023\/04\/Casa-detras-de-un-muro-La-Mirateca-\u00a9-Alejandro-Gomez-Vives-Fotografia-de-Arquitectura-18.jpg 1400w\" sizes=\"auto, (max-width: 120px) 100vw, 120px\" \/><\/a>\n\t\t\t<\/div>\n\t\t\t\t<figcaption class='wp-caption-text gallery-caption' id='gallery-2-93339'>\n\t\t\t\tCasa detr\u00e1s de un muro | La Mirateca \u00a9 Alejandro G\u00f3mez Vives | Fotograf\u00eda de Arquitectura\n\t\t\t\t<\/figcaption><\/figure><figure class='gallery-item'>\n\t\t\t<div class='gallery-icon portrait'>\n\t\t\t\t<a href='https:\/\/veredes.es\/blog\/wp-content\/uploads\/2023\/04\/Casa-detras-de-un-muro-La-Mirateca-\u00a9-Alejandro-Gomez-Vives-Fotografia-de-Arquitectura-19.jpg'><img loading=\"lazy\" decoding=\"async\" width=\"120\" height=\"120\" src=\"https:\/\/veredes.es\/blog\/wp-content\/uploads\/2023\/04\/Casa-detras-de-un-muro-La-Mirateca-\u00a9-Alejandro-Gomez-Vives-Fotografia-de-Arquitectura-19-120x120.jpg\" class=\"attachment-thumbnail size-thumbnail\" alt=\"Casa detr\u00e1s de un muro La Mirateca \u00a9 Alejandro G\u00f3mez Vives Fotograf\u00eda de Arquitectura 19\" aria-describedby=\"gallery-2-93340\" \/><\/a>\n\t\t\t<\/div>\n\t\t\t\t<figcaption class='wp-caption-text gallery-caption' id='gallery-2-93340'>\n\t\t\t\tCasa detr\u00e1s de un muro | La Mirateca \u00a9 Alejandro G\u00f3mez Vives | Fotograf\u00eda de Arquitectura\n\t\t\t\t<\/figcaption><\/figure><figure class='gallery-item'>\n\t\t\t<div class='gallery-icon portrait'>\n\t\t\t\t<a href='https:\/\/veredes.es\/blog\/wp-content\/uploads\/2023\/04\/Casa-detras-de-un-muro-La-Mirateca-\u00a9-Alejandro-Gomez-Vives-Fotografia-de-Arquitectura-20.jpg'><img loading=\"lazy\" decoding=\"async\" width=\"120\" height=\"120\" src=\"https:\/\/veredes.es\/blog\/wp-content\/uploads\/2023\/04\/Casa-detras-de-un-muro-La-Mirateca-\u00a9-Alejandro-Gomez-Vives-Fotografia-de-Arquitectura-20-120x120.jpg\" class=\"attachment-thumbnail size-thumbnail\" alt=\"Casa detr\u00e1s de un muro La Mirateca \u00a9 Alejandro G\u00f3mez Vives Fotograf\u00eda de Arquitectura 20\" aria-describedby=\"gallery-2-93341\" \/><\/a>\n\t\t\t<\/div>\n\t\t\t\t<figcaption class='wp-caption-text gallery-caption' id='gallery-2-93341'>\n\t\t\t\tCasa detr\u00e1s de un muro | La Mirateca \u00a9 Alejandro G\u00f3mez Vives | Fotograf\u00eda de Arquitectura\n\t\t\t\t<\/figcaption><\/figure><figure class='gallery-item'>\n\t\t\t<div class='gallery-icon portrait'>\n\t\t\t\t<a href='https:\/\/veredes.es\/blog\/wp-content\/uploads\/2023\/04\/Casa-detras-de-un-muro-La-Mirateca-\u00a9-Alejandro-Gomez-Vives-Fotografia-de-Arquitectura-21.jpg'><img loading=\"lazy\" decoding=\"async\" width=\"120\" height=\"120\" src=\"https:\/\/veredes.es\/blog\/wp-content\/uploads\/2023\/04\/Casa-detras-de-un-muro-La-Mirateca-\u00a9-Alejandro-Gomez-Vives-Fotografia-de-Arquitectura-21-120x120.jpg\" class=\"attachment-thumbnail size-thumbnail\" alt=\"Casa detr\u00e1s de un muro La Mirateca \u00a9 Alejandro G\u00f3mez Vives Fotograf\u00eda de Arquitectura 21\" aria-describedby=\"gallery-2-93342\" \/><\/a>\n\t\t\t<\/div>\n\t\t\t\t<figcaption class='wp-caption-text gallery-caption' id='gallery-2-93342'>\n\t\t\t\tCasa detr\u00e1s de un muro | La Mirateca \u00a9 Alejandro G\u00f3mez Vives | Fotograf\u00eda de Arquitectura\n\t\t\t\t<\/figcaption><\/figure>\n\t\t<\/div>\n\n<p style=\"text-align: justify;\">En este sentido, la fachada principal se transforma en una gran viga de canto de 24 metros capaz de sobrevolar el terreno, crear bajo ella una zona en sombra y ocultar tras ella los espacios m\u00e1s \u00edntimos del h\u00e1bitat. Posteriormente da cabida al acceso mediante una rampa que prosigue con la idea de dar continuidad espacial a los elementos exteriores a la vez que permite de una manera pausada contemplar el acceso y su apertura al paisaje de la lejana ciudad. En su encuentro con la zona de d\u00eda el cerramiento desaparece y se transforma en elementos acristalados de gran formato resolviendo de esta forma una inmediata relaci\u00f3n interior \u2013 exterior.<\/p>\n<div id='gallery-3' class='gallery galleryid-93317 gallery-columns-4 gallery-size-thumbnail'><figure class='gallery-item'>\n\t\t\t<div class='gallery-icon portrait'>\n\t\t\t\t<a href='https:\/\/veredes.es\/blog\/wp-content\/uploads\/2023\/04\/Casa-detras-de-un-muro-La-Mirateca-1-PLANTA-SEMISOTANO.jpg'><img loading=\"lazy\" decoding=\"async\" width=\"120\" height=\"120\" src=\"https:\/\/veredes.es\/blog\/wp-content\/uploads\/2023\/04\/Casa-detras-de-un-muro-La-Mirateca-1-PLANTA-SEMISOTANO-120x120.jpg\" class=\"attachment-thumbnail size-thumbnail\" alt=\"Casa detr\u00e1s de un muro La Mirateca 1 PLANTA SEMIS\u00d3TANO\" aria-describedby=\"gallery-3-93343\" \/><\/a>\n\t\t\t<\/div>\n\t\t\t\t<figcaption class='wp-caption-text gallery-caption' id='gallery-3-93343'>\n\t\t\t\tCasa detr\u00e1s de un muro | La Mirateca | Planta semis\u00f3tano\n\t\t\t\t<\/figcaption><\/figure><figure class='gallery-item'>\n\t\t\t<div class='gallery-icon portrait'>\n\t\t\t\t<a href='https:\/\/veredes.es\/blog\/wp-content\/uploads\/2023\/04\/Casa-detras-de-un-muro-La-Mirateca-2-PLANTA-BAJA.jpg'><img loading=\"lazy\" decoding=\"async\" width=\"120\" height=\"120\" src=\"https:\/\/veredes.es\/blog\/wp-content\/uploads\/2023\/04\/Casa-detras-de-un-muro-La-Mirateca-2-PLANTA-BAJA-120x120.jpg\" class=\"attachment-thumbnail size-thumbnail\" alt=\"Casa detr\u00e1s de un muro La Mirateca 2 PLANTA BAJA\" aria-describedby=\"gallery-3-93344\" \/><\/a>\n\t\t\t<\/div>\n\t\t\t\t<figcaption class='wp-caption-text gallery-caption' id='gallery-3-93344'>\n\t\t\t\tCasa detr\u00e1s de un muro | La Mirateca | Planta Baja\n\t\t\t\t<\/figcaption><\/figure><figure class='gallery-item'>\n\t\t\t<div class='gallery-icon portrait'>\n\t\t\t\t<a href='https:\/\/veredes.es\/blog\/wp-content\/uploads\/2023\/04\/Casa-detras-de-un-muro-La-Mirateca-3-PLANTA-PRIMERA.jpg'><img loading=\"lazy\" decoding=\"async\" width=\"120\" height=\"120\" src=\"https:\/\/veredes.es\/blog\/wp-content\/uploads\/2023\/04\/Casa-detras-de-un-muro-La-Mirateca-3-PLANTA-PRIMERA-120x120.jpg\" class=\"attachment-thumbnail size-thumbnail\" alt=\"Casa detr\u00e1s de un muro La Mirateca 3 PLANTA PRIMERA\" aria-describedby=\"gallery-3-93345\" \/><\/a>\n\t\t\t<\/div>\n\t\t\t\t<figcaption class='wp-caption-text gallery-caption' id='gallery-3-93345'>\n\t\t\t\tCasa detr\u00e1s de un muro | La Mirateca | Planta Primera\n\t\t\t\t<\/figcaption><\/figure><figure class='gallery-item'>\n\t\t\t<div class='gallery-icon landscape'>\n\t\t\t\t<a href='https:\/\/veredes.es\/blog\/wp-content\/uploads\/2023\/04\/Casa-detras-de-un-muro-La-Mirateca-4-PLANTA-CUBIERTA.jpg'><img loading=\"lazy\" decoding=\"async\" width=\"120\" height=\"120\" src=\"https:\/\/veredes.es\/blog\/wp-content\/uploads\/2023\/04\/Casa-detras-de-un-muro-La-Mirateca-4-PLANTA-CUBIERTA-120x120.jpg\" class=\"attachment-thumbnail size-thumbnail\" alt=\"Casa detr\u00e1s de un muro La Mirateca 4 PLANTA CUBIERTA\" aria-describedby=\"gallery-3-93346\" \/><\/a>\n\t\t\t<\/div>\n\t\t\t\t<figcaption class='wp-caption-text gallery-caption' id='gallery-3-93346'>\n\t\t\t\tCasa detr\u00e1s de un muro | La Mirateca | Planta de cubierta\n\t\t\t\t<\/figcaption><\/figure>\n\t\t<\/div>\n\n<p style=\"text-align: justify;\">El hormig\u00f3n as\u00ed, permite al proyecto no ser una \u00fanica respuesta y transformarse conforme demande el contexto generado por los diferentes elementos.<\/p>\n<div id='gallery-4' class='gallery galleryid-93317 gallery-columns-4 gallery-size-thumbnail'><figure class='gallery-item'>\n\t\t\t<div class='gallery-icon landscape'>\n\t\t\t\t<a href='https:\/\/veredes.es\/blog\/wp-content\/uploads\/2023\/04\/Casa-detras-de-un-muro-La-Mirateca-\u00a9-Alejandro-Gomez-Vives-Fotografia-de-Arquitectura-22.jpg'><img loading=\"lazy\" decoding=\"async\" width=\"120\" height=\"120\" src=\"https:\/\/veredes.es\/blog\/wp-content\/uploads\/2023\/04\/Casa-detras-de-un-muro-La-Mirateca-\u00a9-Alejandro-Gomez-Vives-Fotografia-de-Arquitectura-22-120x120.jpg\" class=\"attachment-thumbnail size-thumbnail\" alt=\"Casa detr\u00e1s de un muro La Mirateca \u00a9 Alejandro G\u00f3mez Vives Fotograf\u00eda de Arquitectura 22\" aria-describedby=\"gallery-4-93347\" \/><\/a>\n\t\t\t<\/div>\n\t\t\t\t<figcaption class='wp-caption-text gallery-caption' id='gallery-4-93347'>\n\t\t\t\tCasa detr\u00e1s de un muro | La Mirateca \u00a9 Alejandro G\u00f3mez Vives | Fotograf\u00eda de Arquitectura\n\t\t\t\t<\/figcaption><\/figure><figure class='gallery-item'>\n\t\t\t<div class='gallery-icon landscape'>\n\t\t\t\t<a href='https:\/\/veredes.es\/blog\/wp-content\/uploads\/2023\/04\/Casa-detras-de-un-muro-La-Mirateca-\u00a9-Alejandro-Gomez-Vives-Fotografia-de-Arquitectura-23.jpg'><img loading=\"lazy\" decoding=\"async\" width=\"120\" height=\"120\" src=\"https:\/\/veredes.es\/blog\/wp-content\/uploads\/2023\/04\/Casa-detras-de-un-muro-La-Mirateca-\u00a9-Alejandro-Gomez-Vives-Fotografia-de-Arquitectura-23-120x120.jpg\" class=\"attachment-thumbnail size-thumbnail\" alt=\"Casa detr\u00e1s de un muro La Mirateca \u00a9 Alejandro G\u00f3mez Vives Fotograf\u00eda de Arquitectura 23\" aria-describedby=\"gallery-4-93348\" \/><\/a>\n\t\t\t<\/div>\n\t\t\t\t<figcaption class='wp-caption-text gallery-caption' id='gallery-4-93348'>\n\t\t\t\tCasa detr\u00e1s de un muro | La Mirateca \u00a9 Alejandro G\u00f3mez Vives | Fotograf\u00eda de Arquitectura\n\t\t\t\t<\/figcaption><\/figure><figure class='gallery-item'>\n\t\t\t<div class='gallery-icon landscape'>\n\t\t\t\t<a href='https:\/\/veredes.es\/blog\/wp-content\/uploads\/2023\/04\/Casa-detras-de-un-muro-La-Mirateca-\u00a9-Alejandro-Gomez-Vives-Fotografia-de-Arquitectura-25.jpg'><img loading=\"lazy\" decoding=\"async\" width=\"120\" height=\"120\" src=\"https:\/\/veredes.es\/blog\/wp-content\/uploads\/2023\/04\/Casa-detras-de-un-muro-La-Mirateca-\u00a9-Alejandro-Gomez-Vives-Fotografia-de-Arquitectura-25-120x120.jpg\" class=\"attachment-thumbnail size-thumbnail\" alt=\"Casa detr\u00e1s de un muro La Mirateca \u00a9 Alejandro G\u00f3mez Vives Fotograf\u00eda de Arquitectura 25\" aria-describedby=\"gallery-4-93349\" \/><\/a>\n\t\t\t<\/div>\n\t\t\t\t<figcaption class='wp-caption-text gallery-caption' id='gallery-4-93349'>\n\t\t\t\tCasa detr\u00e1s de un muro | La Mirateca \u00a9 Alejandro G\u00f3mez Vives | Fotograf\u00eda de Arquitectura\n\t\t\t\t<\/figcaption><\/figure><figure class='gallery-item'>\n\t\t\t<div class='gallery-icon landscape'>\n\t\t\t\t<a href='https:\/\/veredes.es\/blog\/wp-content\/uploads\/2023\/04\/Casa-detras-de-un-muro-La-Mirateca-\u00a9-Alejandro-Gomez-Vives-Fotografia-de-Arquitectura-26.jpg'><img loading=\"lazy\" decoding=\"async\" width=\"120\" height=\"120\" src=\"https:\/\/veredes.es\/blog\/wp-content\/uploads\/2023\/04\/Casa-detras-de-un-muro-La-Mirateca-\u00a9-Alejandro-Gomez-Vives-Fotografia-de-Arquitectura-26-120x120.jpg\" class=\"attachment-thumbnail size-thumbnail\" alt=\"Casa detr\u00e1s de un muro La Mirateca \u00a9 Alejandro G\u00f3mez Vives Fotograf\u00eda de Arquitectura 26\" aria-describedby=\"gallery-4-93350\" \/><\/a>\n\t\t\t<\/div>\n\t\t\t\t<figcaption class='wp-caption-text gallery-caption' id='gallery-4-93350'>\n\t\t\t\tCasa detr\u00e1s de un muro | La Mirateca \u00a9 Alejandro G\u00f3mez Vives | Fotograf\u00eda de Arquitectura\n\t\t\t\t<\/figcaption><\/figure><figure class='gallery-item'>\n\t\t\t<div class='gallery-icon landscape'>\n\t\t\t\t<a href='https:\/\/veredes.es\/blog\/wp-content\/uploads\/2023\/04\/Casa-detras-de-un-muro-La-Mirateca-\u00a9-Alejandro-Gomez-Vives-Fotografia-de-Arquitectura-27.jpg'><img loading=\"lazy\" decoding=\"async\" width=\"120\" height=\"120\" src=\"https:\/\/veredes.es\/blog\/wp-content\/uploads\/2023\/04\/Casa-detras-de-un-muro-La-Mirateca-\u00a9-Alejandro-Gomez-Vives-Fotografia-de-Arquitectura-27-120x120.jpg\" class=\"attachment-thumbnail size-thumbnail\" alt=\"Casa detr\u00e1s de un muro La Mirateca \u00a9 Alejandro G\u00f3mez Vives Fotograf\u00eda de Arquitectura 27\" aria-describedby=\"gallery-4-93351\" srcset=\"https:\/\/veredes.es\/blog\/wp-content\/uploads\/2023\/04\/Casa-detras-de-un-muro-La-Mirateca-\u00a9-Alejandro-Gomez-Vives-Fotografia-de-Arquitectura-27-120x120.jpg 120w, https:\/\/veredes.es\/blog\/wp-content\/uploads\/2023\/04\/Casa-detras-de-un-muro-La-Mirateca-\u00a9-Alejandro-Gomez-Vives-Fotografia-de-Arquitectura-27-300x300.jpg 300w, https:\/\/veredes.es\/blog\/wp-content\/uploads\/2023\/04\/Casa-detras-de-un-muro-La-Mirateca-\u00a9-Alejandro-Gomez-Vives-Fotografia-de-Arquitectura-27-1024x1024.jpg 1024w, https:\/\/veredes.es\/blog\/wp-content\/uploads\/2023\/04\/Casa-detras-de-un-muro-La-Mirateca-\u00a9-Alejandro-Gomez-Vives-Fotografia-de-Arquitectura-27-696x696.jpg 696w, https:\/\/veredes.es\/blog\/wp-content\/uploads\/2023\/04\/Casa-detras-de-un-muro-La-Mirateca-\u00a9-Alejandro-Gomez-Vives-Fotografia-de-Arquitectura-27-1068x1068.jpg 1068w, https:\/\/veredes.es\/blog\/wp-content\/uploads\/2023\/04\/Casa-detras-de-un-muro-La-Mirateca-\u00a9-Alejandro-Gomez-Vives-Fotografia-de-Arquitectura-27.jpg 1400w\" sizes=\"auto, (max-width: 120px) 100vw, 120px\" \/><\/a>\n\t\t\t<\/div>\n\t\t\t\t<figcaption class='wp-caption-text gallery-caption' id='gallery-4-93351'>\n\t\t\t\tCasa detr\u00e1s de un muro | La Mirateca \u00a9 Alejandro G\u00f3mez Vives | Fotograf\u00eda de Arquitectura\n\t\t\t\t<\/figcaption><\/figure><figure class='gallery-item'>\n\t\t\t<div class='gallery-icon landscape'>\n\t\t\t\t<a href='https:\/\/veredes.es\/blog\/wp-content\/uploads\/2023\/04\/Casa-detras-de-un-muro-La-Mirateca-\u00a9-Alejandro-Gomez-Vives-Fotografia-de-Arquitectura-28.jpg'><img loading=\"lazy\" decoding=\"async\" width=\"120\" height=\"120\" src=\"https:\/\/veredes.es\/blog\/wp-content\/uploads\/2023\/04\/Casa-detras-de-un-muro-La-Mirateca-\u00a9-Alejandro-Gomez-Vives-Fotografia-de-Arquitectura-28-120x120.jpg\" class=\"attachment-thumbnail size-thumbnail\" alt=\"Casa detr\u00e1s de un muro La Mirateca \u00a9 Alejandro G\u00f3mez Vives Fotograf\u00eda de Arquitectura 28\" aria-describedby=\"gallery-4-93352\" \/><\/a>\n\t\t\t<\/div>\n\t\t\t\t<figcaption class='wp-caption-text gallery-caption' id='gallery-4-93352'>\n\t\t\t\tCasa detr\u00e1s de un muro | La Mirateca \u00a9 Alejandro G\u00f3mez Vives | Fotograf\u00eda de Arquitectura\n\t\t\t\t<\/figcaption><\/figure><figure class='gallery-item'>\n\t\t\t<div class='gallery-icon landscape'>\n\t\t\t\t<a href='https:\/\/veredes.es\/blog\/wp-content\/uploads\/2023\/04\/Casa-detras-de-un-muro-La-Mirateca-\u00a9-Alejandro-Gomez-Vives-Fotografia-de-Arquitectura-29.jpg'><img loading=\"lazy\" decoding=\"async\" width=\"120\" height=\"120\" src=\"https:\/\/veredes.es\/blog\/wp-content\/uploads\/2023\/04\/Casa-detras-de-un-muro-La-Mirateca-\u00a9-Alejandro-Gomez-Vives-Fotografia-de-Arquitectura-29-120x120.jpg\" class=\"attachment-thumbnail size-thumbnail\" alt=\"Casa detr\u00e1s de un muro La Mirateca \u00a9 Alejandro G\u00f3mez Vives Fotograf\u00eda de Arquitectura 29\" aria-describedby=\"gallery-4-93353\" srcset=\"https:\/\/veredes.es\/blog\/wp-content\/uploads\/2023\/04\/Casa-detras-de-un-muro-La-Mirateca-\u00a9-Alejandro-Gomez-Vives-Fotografia-de-Arquitectura-29-120x120.jpg 120w, https:\/\/veredes.es\/blog\/wp-content\/uploads\/2023\/04\/Casa-detras-de-un-muro-La-Mirateca-\u00a9-Alejandro-Gomez-Vives-Fotografia-de-Arquitectura-29-300x300.jpg 300w, https:\/\/veredes.es\/blog\/wp-content\/uploads\/2023\/04\/Casa-detras-de-un-muro-La-Mirateca-\u00a9-Alejandro-Gomez-Vives-Fotografia-de-Arquitectura-29-1024x1024.jpg 1024w, https:\/\/veredes.es\/blog\/wp-content\/uploads\/2023\/04\/Casa-detras-de-un-muro-La-Mirateca-\u00a9-Alejandro-Gomez-Vives-Fotografia-de-Arquitectura-29-696x696.jpg 696w, https:\/\/veredes.es\/blog\/wp-content\/uploads\/2023\/04\/Casa-detras-de-un-muro-La-Mirateca-\u00a9-Alejandro-Gomez-Vives-Fotografia-de-Arquitectura-29-1068x1068.jpg 1068w, https:\/\/veredes.es\/blog\/wp-content\/uploads\/2023\/04\/Casa-detras-de-un-muro-La-Mirateca-\u00a9-Alejandro-Gomez-Vives-Fotografia-de-Arquitectura-29.jpg 1400w\" sizes=\"auto, (max-width: 120px) 100vw, 120px\" \/><\/a>\n\t\t\t<\/div>\n\t\t\t\t<figcaption class='wp-caption-text gallery-caption' id='gallery-4-93353'>\n\t\t\t\tCasa detr\u00e1s de un muro | La Mirateca \u00a9 Alejandro G\u00f3mez Vives | Fotograf\u00eda de Arquitectura\n\t\t\t\t<\/figcaption><\/figure><figure class='gallery-item'>\n\t\t\t<div class='gallery-icon portrait'>\n\t\t\t\t<a href='https:\/\/veredes.es\/blog\/wp-content\/uploads\/2023\/04\/Casa-detras-de-un-muro-La-Mirateca-\u00a9-Alejandro-Gomez-Vives-Fotografia-de-Arquitectura-30.jpg'><img loading=\"lazy\" decoding=\"async\" width=\"120\" height=\"120\" src=\"https:\/\/veredes.es\/blog\/wp-content\/uploads\/2023\/04\/Casa-detras-de-un-muro-La-Mirateca-\u00a9-Alejandro-Gomez-Vives-Fotografia-de-Arquitectura-30-120x120.jpg\" class=\"attachment-thumbnail size-thumbnail\" alt=\"Casa detr\u00e1s de un muro La Mirateca \u00a9 Alejandro G\u00f3mez Vives Fotograf\u00eda de Arquitectura 30\" aria-describedby=\"gallery-4-93354\" \/><\/a>\n\t\t\t<\/div>\n\t\t\t\t<figcaption class='wp-caption-text gallery-caption' id='gallery-4-93354'>\n\t\t\t\tCasa detr\u00e1s de un muro | La Mirateca \u00a9 Alejandro G\u00f3mez Vives | Fotograf\u00eda de Arquitectura\n\t\t\t\t<\/figcaption><\/figure><figure class='gallery-item'>\n\t\t\t<div class='gallery-icon landscape'>\n\t\t\t\t<a href='https:\/\/veredes.es\/blog\/wp-content\/uploads\/2023\/04\/Casa-detras-de-un-muro-La-Mirateca-\u00a9-Alejandro-Gomez-Vives-Fotografia-de-Arquitectura-31.jpg'><img loading=\"lazy\" decoding=\"async\" width=\"120\" height=\"120\" src=\"https:\/\/veredes.es\/blog\/wp-content\/uploads\/2023\/04\/Casa-detras-de-un-muro-La-Mirateca-\u00a9-Alejandro-Gomez-Vives-Fotografia-de-Arquitectura-31-120x120.jpg\" class=\"attachment-thumbnail size-thumbnail\" alt=\"Casa detr\u00e1s de un muro La Mirateca \u00a9 Alejandro G\u00f3mez Vives Fotograf\u00eda de Arquitectura 31\" aria-describedby=\"gallery-4-93355\" \/><\/a>\n\t\t\t<\/div>\n\t\t\t\t<figcaption class='wp-caption-text gallery-caption' id='gallery-4-93355'>\n\t\t\t\tCasa detr\u00e1s de un muro | La Mirateca \u00a9 Alejandro G\u00f3mez Vives | Fotograf\u00eda de Arquitectura\n\t\t\t\t<\/figcaption><\/figure><figure class='gallery-item'>\n\t\t\t<div class='gallery-icon landscape'>\n\t\t\t\t<a href='https:\/\/veredes.es\/blog\/wp-content\/uploads\/2023\/04\/Casa-detras-de-un-muro-La-Mirateca-\u00a9-Alejandro-Gomez-Vives-Fotografia-de-Arquitectura-32.jpg'><img loading=\"lazy\" decoding=\"async\" width=\"120\" height=\"120\" src=\"https:\/\/veredes.es\/blog\/wp-content\/uploads\/2023\/04\/Casa-detras-de-un-muro-La-Mirateca-\u00a9-Alejandro-Gomez-Vives-Fotografia-de-Arquitectura-32-120x120.jpg\" class=\"attachment-thumbnail size-thumbnail\" alt=\"Casa detr\u00e1s de un muro La Mirateca \u00a9 Alejandro G\u00f3mez Vives Fotograf\u00eda de Arquitectura 32\" aria-describedby=\"gallery-4-93356\" \/><\/a>\n\t\t\t<\/div>\n\t\t\t\t<figcaption class='wp-caption-text gallery-caption' id='gallery-4-93356'>\n\t\t\t\tCasa detr\u00e1s de un muro | La Mirateca \u00a9 Alejandro G\u00f3mez Vives | Fotograf\u00eda de Arquitectura\n\t\t\t\t<\/figcaption><\/figure><figure class='gallery-item'>\n\t\t\t<div class='gallery-icon landscape'>\n\t\t\t\t<a href='https:\/\/veredes.es\/blog\/wp-content\/uploads\/2023\/04\/Casa-detras-de-un-muro-La-Mirateca-\u00a9-Alejandro-Gomez-Vives-Fotografia-de-Arquitectura-33.jpg'><img loading=\"lazy\" decoding=\"async\" width=\"120\" height=\"120\" src=\"https:\/\/veredes.es\/blog\/wp-content\/uploads\/2023\/04\/Casa-detras-de-un-muro-La-Mirateca-\u00a9-Alejandro-Gomez-Vives-Fotografia-de-Arquitectura-33-120x120.jpg\" class=\"attachment-thumbnail size-thumbnail\" alt=\"Casa detr\u00e1s de un muro La Mirateca \u00a9 Alejandro G\u00f3mez Vives Fotograf\u00eda de Arquitectura 33\" aria-describedby=\"gallery-4-93357\" \/><\/a>\n\t\t\t<\/div>\n\t\t\t\t<figcaption class='wp-caption-text gallery-caption' id='gallery-4-93357'>\n\t\t\t\tCasa detr\u00e1s de un muro | La Mirateca \u00a9 Alejandro G\u00f3mez Vives | Fotograf\u00eda de Arquitectura\n\t\t\t\t<\/figcaption><\/figure>\n\t\t<\/div>\n\n<p style=\"text-align: justify;\">Obra: Casa detr\u00e1s de un muro<br \/>\nAutores: La Mirateca (Emilia Ruip\u00e9rez Bastida y Ra\u00fal Latorre Luna)<br \/>\nA\u00f1o finalizaci\u00f3n construcci\u00f3n: 2022<br \/>\nSuperficie construida (m2): 347,17 m2<br \/>\nUbicaci\u00f3n: Elche, Alicante, Comunidad Valenciana<br \/>\nConstructora: La Mirateca Estudio S.L.<br \/>\nArquitecto T\u00e9cnico: Antonio Ruiz Fern\u00e1ndez<br \/>\nFotograf\u00edas: <a href=\"https:\/\/alejandrogomezvives.com\/\" target=\"_blank\" rel=\"noopener\">Alejandro G\u00f3mez Vives<\/a><br \/>\n<a href=\"https:\/\/www.lamirateca.com\/\" target=\"_blank\" rel=\"noopener\">+ lamirateca.com<\/a><\/p>\n","protected":false},"excerpt":{"rendered":"<p>\u2018Casa detr\u00e1s de un muro\u2019 es un proyecto resuelto en base a la condici\u00f3n inicial de dar una respuesta opaca a su relaci\u00f3n con la v\u00eda p\u00fablica capaz de permitir una mayor intimidad a los usuarios y un funcionamiento interno m\u00e1s c\u00f3modo sin la necesidad de estar condicionado por lo que sucede en el exterior. [&hellip;]<\/p>\n","protected":false},"author":2,"featured_media":93318,"comment_status":"open","ping_status":"closed","sticky":false,"template":"","format":"standard","meta":{"footnotes":""},"categories":[34,23,5951,59],"tags":[2631,9532,11183,16426,16425,16427,12465,12455],"class_list":{"0":"post-93317","1":"post","2":"type-post","3":"status-publish","4":"format-standard","5":"has-post-thumbnail","7":"category-arquitectura","8":"category-obras","9":"category-slider-principal","11":"tag-arquitectura-espanola","12":"tag-arquitectura-murciana","13":"tag-arquitectura-valenciana","14":"tag-emilia-ruiperez-bastida","15":"tag-la-mirateca","16":"tag-raul-latorre-luna","17":"tag-vivienda","18":"tag-vivienda-unifamiliar"},"yoast_head":"<!-- This site is optimized with the Yoast SEO plugin v27.5 - https:\/\/yoast.com\/product\/yoast-seo-wordpress\/ -->\n<title>Casa detr\u00e1s de un muro | La Mirateca - veredes<\/title>\n<meta name=\"description\" content=\"Toda la informaci\u00f3n sobre: Casa detr\u00e1s de un muro | La Mirateca\" \/>\n<meta name=\"robots\" content=\"index, follow, max-snippet:-1, max-image-preview:large, max-video-preview:-1\" \/>\n<link rel=\"canonical\" href=\"https:\/\/veredes.es\/blog\/casa-detras-de-un-muro-la-mirateca\/\" \/>\n<meta property=\"og:locale\" content=\"es_ES\" \/>\n<meta property=\"og:type\" content=\"article\" \/>\n<meta property=\"og:title\" content=\"Casa detr\u00e1s de un muro | La Mirateca - veredes\" \/>\n<meta property=\"og:description\" content=\"Toda la informaci\u00f3n sobre: Casa detr\u00e1s de un muro | La Mirateca\" \/>\n<meta property=\"og:url\" content=\"https:\/\/veredes.es\/blog\/casa-detras-de-un-muro-la-mirateca\/\" \/>\n<meta property=\"og:site_name\" content=\"veredes, arquitectura y divulgaci\u00f3n\" \/>\n<meta property=\"article:publisher\" content=\"https:\/\/www.facebook.com\/veredesArquitecturayDivulgacion\/\" \/>\n<meta property=\"article:author\" content=\"https:\/\/www.facebook.com\/veredesArquitecturayDivulgacion\/\" \/>\n<meta property=\"article:published_time\" content=\"2023-04-04T22:01:22+00:00\" \/>\n<meta property=\"og:image\" content=\"https:\/\/veredes.es\/blog\/wp-content\/uploads\/2023\/03\/Casa-detras-de-un-muro-La-Mirateca-\u00a9-Alejandro-Gomez-Vives-Fotografia-de-Arquitectura-24.jpg\" \/>\n\t<meta property=\"og:image:width\" content=\"1400\" \/>\n\t<meta property=\"og:image:height\" content=\"934\" \/>\n\t<meta property=\"og:image:type\" content=\"image\/jpeg\" \/>\n<meta name=\"author\" content=\"veredes\" \/>\n<meta name=\"twitter:card\" content=\"summary_large_image\" \/>\n<meta name=\"twitter:creator\" content=\"@https:\/\/twitter.com\/veredes\" \/>\n<meta name=\"twitter:site\" content=\"@veredes\" \/>\n<meta name=\"twitter:label1\" content=\"Escrito por\" \/>\n\t<meta name=\"twitter:data1\" content=\"veredes\" \/>\n\t<meta name=\"twitter:label2\" content=\"Tiempo de lectura\" \/>\n\t<meta name=\"twitter:data2\" content=\"3 minutos\" \/>\n<script type=\"application\/ld+json\" class=\"yoast-schema-graph\">{\"@context\":\"https:\\\/\\\/schema.org\",\"@graph\":[{\"@type\":\"Article\",\"@id\":\"https:\\\/\\\/veredes.es\\\/blog\\\/casa-detras-de-un-muro-la-mirateca\\\/#article\",\"isPartOf\":{\"@id\":\"https:\\\/\\\/veredes.es\\\/blog\\\/casa-detras-de-un-muro-la-mirateca\\\/\"},\"author\":{\"name\":\"veredes\",\"@id\":\"https:\\\/\\\/veredes.es\\\/blog\\\/#\\\/schema\\\/person\\\/0bbb669073ef7faba5168a0844e93d2c\"},\"headline\":\"Casa detr\u00e1s de un muro | La Mirateca\",\"datePublished\":\"2023-04-04T22:01:22+00:00\",\"mainEntityOfPage\":{\"@id\":\"https:\\\/\\\/veredes.es\\\/blog\\\/casa-detras-de-un-muro-la-mirateca\\\/\"},\"wordCount\":522,\"commentCount\":0,\"publisher\":{\"@id\":\"https:\\\/\\\/veredes.es\\\/blog\\\/#organization\"},\"image\":{\"@id\":\"https:\\\/\\\/veredes.es\\\/blog\\\/casa-detras-de-un-muro-la-mirateca\\\/#primaryimage\"},\"thumbnailUrl\":\"https:\\\/\\\/veredes.es\\\/blog\\\/wp-content\\\/uploads\\\/2023\\\/03\\\/Casa-detras-de-un-muro-La-Mirateca-\u00a9-Alejandro-Gomez-Vives-Fotografia-de-Arquitectura-24.jpg\",\"keywords\":[\"arquitectura espa\u00f1ola\",\"arquitectura murciana\",\"arquitectura valenciana\",\"Emilia Ruip\u00e9rez Bastida\",\"La Mirateca\",\"Ra\u00fal Latorre Luna\",\"vivienda\",\"vivienda unifamiliar\"],\"articleSection\":[\"arquitectura\",\"obras\",\"slider principal\",\"vivienda unifamiliar\"],\"inLanguage\":\"es\",\"potentialAction\":[{\"@type\":\"CommentAction\",\"name\":\"Comment\",\"target\":[\"https:\\\/\\\/veredes.es\\\/blog\\\/casa-detras-de-un-muro-la-mirateca\\\/#respond\"]}]},{\"@type\":\"WebPage\",\"@id\":\"https:\\\/\\\/veredes.es\\\/blog\\\/casa-detras-de-un-muro-la-mirateca\\\/\",\"url\":\"https:\\\/\\\/veredes.es\\\/blog\\\/casa-detras-de-un-muro-la-mirateca\\\/\",\"name\":\"Casa detr\u00e1s de un muro | La Mirateca - veredes\",\"isPartOf\":{\"@id\":\"https:\\\/\\\/veredes.es\\\/blog\\\/#website\"},\"primaryImageOfPage\":{\"@id\":\"https:\\\/\\\/veredes.es\\\/blog\\\/casa-detras-de-un-muro-la-mirateca\\\/#primaryimage\"},\"image\":{\"@id\":\"https:\\\/\\\/veredes.es\\\/blog\\\/casa-detras-de-un-muro-la-mirateca\\\/#primaryimage\"},\"thumbnailUrl\":\"https:\\\/\\\/veredes.es\\\/blog\\\/wp-content\\\/uploads\\\/2023\\\/03\\\/Casa-detras-de-un-muro-La-Mirateca-\u00a9-Alejandro-Gomez-Vives-Fotografia-de-Arquitectura-24.jpg\",\"datePublished\":\"2023-04-04T22:01:22+00:00\",\"description\":\"Toda la informaci\u00f3n sobre: Casa detr\u00e1s de un muro | La Mirateca\",\"breadcrumb\":{\"@id\":\"https:\\\/\\\/veredes.es\\\/blog\\\/casa-detras-de-un-muro-la-mirateca\\\/#breadcrumb\"},\"inLanguage\":\"es\",\"potentialAction\":[{\"@type\":\"ReadAction\",\"target\":[\"https:\\\/\\\/veredes.es\\\/blog\\\/casa-detras-de-un-muro-la-mirateca\\\/\"]}]},{\"@type\":\"ImageObject\",\"inLanguage\":\"es\",\"@id\":\"https:\\\/\\\/veredes.es\\\/blog\\\/casa-detras-de-un-muro-la-mirateca\\\/#primaryimage\",\"url\":\"https:\\\/\\\/veredes.es\\\/blog\\\/wp-content\\\/uploads\\\/2023\\\/03\\\/Casa-detras-de-un-muro-La-Mirateca-\u00a9-Alejandro-Gomez-Vives-Fotografia-de-Arquitectura-24.jpg\",\"contentUrl\":\"https:\\\/\\\/veredes.es\\\/blog\\\/wp-content\\\/uploads\\\/2023\\\/03\\\/Casa-detras-de-un-muro-La-Mirateca-\u00a9-Alejandro-Gomez-Vives-Fotografia-de-Arquitectura-24.jpg\",\"width\":1400,\"height\":934,\"caption\":\"Casa detr\u00e1s de un muro | La Mirateca \u00a9 Alejandro G\u00f3mez Vives | Fotograf\u00eda de Arquitectura\"},{\"@type\":\"BreadcrumbList\",\"@id\":\"https:\\\/\\\/veredes.es\\\/blog\\\/casa-detras-de-un-muro-la-mirateca\\\/#breadcrumb\",\"itemListElement\":[{\"@type\":\"ListItem\",\"position\":1,\"name\":\"Portada\",\"item\":\"https:\\\/\\\/veredes.es\\\/blog\\\/\"},{\"@type\":\"ListItem\",\"position\":2,\"name\":\"Casa detr\u00e1s de un muro | La Mirateca\"}]},{\"@type\":\"WebSite\",\"@id\":\"https:\\\/\\\/veredes.es\\\/blog\\\/#website\",\"url\":\"https:\\\/\\\/veredes.es\\\/blog\\\/\",\"name\":\"veredes, arquitectura y divulgaci\u00f3n\",\"description\":\"veredes\",\"publisher\":{\"@id\":\"https:\\\/\\\/veredes.es\\\/blog\\\/#organization\"},\"alternateName\":\"veredes\",\"potentialAction\":[{\"@type\":\"SearchAction\",\"target\":{\"@type\":\"EntryPoint\",\"urlTemplate\":\"https:\\\/\\\/veredes.es\\\/blog\\\/?s={search_term_string}\"},\"query-input\":{\"@type\":\"PropertyValueSpecification\",\"valueRequired\":true,\"valueName\":\"search_term_string\"}}],\"inLanguage\":\"es\"},{\"@type\":\"Organization\",\"@id\":\"https:\\\/\\\/veredes.es\\\/blog\\\/#organization\",\"name\":\"veredes, arquitectura y divulgaci\u00f3n\",\"alternateName\":\"veredes\",\"url\":\"https:\\\/\\\/veredes.es\\\/blog\\\/\",\"logo\":{\"@type\":\"ImageObject\",\"inLanguage\":\"es\",\"@id\":\"https:\\\/\\\/veredes.es\\\/blog\\\/#\\\/schema\\\/logo\\\/image\\\/\",\"url\":\"https:\\\/\\\/veredes.es\\\/blog\\\/wp-content\\\/uploads\\\/2021\\\/12\\\/veredes-logo-centrado_140x54.png\",\"contentUrl\":\"https:\\\/\\\/veredes.es\\\/blog\\\/wp-content\\\/uploads\\\/2021\\\/12\\\/veredes-logo-centrado_140x54.png\",\"width\":140,\"height\":54,\"caption\":\"veredes, arquitectura y divulgaci\u00f3n\"},\"image\":{\"@id\":\"https:\\\/\\\/veredes.es\\\/blog\\\/#\\\/schema\\\/logo\\\/image\\\/\"},\"sameAs\":[\"https:\\\/\\\/www.facebook.com\\\/veredesArquitecturayDivulgacion\\\/\",\"https:\\\/\\\/x.com\\\/veredes\",\"https:\\\/\\\/instagram.com\\\/veredes\\\/\",\"https:\\\/\\\/www.linkedin.com\\\/company\\\/veredes-arquitectura-y-divulgacion\\\/\",\"https:\\\/\\\/es.pinterest.com\\\/veredes\\\/\",\"https:\\\/\\\/www.tumblr.com\\\/veredes\"]},{\"@type\":\"Person\",\"@id\":\"https:\\\/\\\/veredes.es\\\/blog\\\/#\\\/schema\\\/person\\\/0bbb669073ef7faba5168a0844e93d2c\",\"name\":\"veredes\",\"image\":{\"@type\":\"ImageObject\",\"inLanguage\":\"es\",\"@id\":\"https:\\\/\\\/veredes.es\\\/blog\\\/wp-content\\\/uploads\\\/2018\\\/04\\\/face-96x96.jpg\",\"url\":\"https:\\\/\\\/veredes.es\\\/blog\\\/wp-content\\\/uploads\\\/2018\\\/04\\\/face-96x96.jpg\",\"contentUrl\":\"https:\\\/\\\/veredes.es\\\/blog\\\/wp-content\\\/uploads\\\/2018\\\/04\\\/face-96x96.jpg\",\"caption\":\"veredes\"},\"description\":\"Surge enero de 2009 como b\u00fasqueda de satisfacer el conocimiento de la actividad arquitect\u00f3nica y tangentes que se generan. La idea es crear un espacio para divulgar los diversos proyectos en busca de nueva inspiraci\u00f3n y de intercambio.\",\"sameAs\":[\"https:\\\/\\\/veredes.es\\\/\",\"https:\\\/\\\/www.facebook.com\\\/veredesArquitecturayDivulgacion\\\/\",\"https:\\\/\\\/www.instagram.com\\\/veredes\\\/\",\"https:\\\/\\\/www.linkedin.com\\\/company\\\/veredes-arquitectura-y-divulgacion\\\/\",\"https:\\\/\\\/www.pinterest.es\\\/veredes\\\/\",\"https:\\\/\\\/x.com\\\/https:\\\/\\\/twitter.com\\\/veredes\",\"https:\\\/\\\/veredes.tumblr.com\\\/\"],\"url\":\"https:\\\/\\\/veredes.es\\\/blog\\\/author\\\/alberto\\\/\"}]}<\/script>\n<!-- \/ Yoast SEO plugin. -->","yoast_head_json":{"title":"Casa detr\u00e1s de un muro | La Mirateca - veredes","description":"Toda la informaci\u00f3n sobre: Casa detr\u00e1s de un muro | La Mirateca","robots":{"index":"index","follow":"follow","max-snippet":"max-snippet:-1","max-image-preview":"max-image-preview:large","max-video-preview":"max-video-preview:-1"},"canonical":"https:\/\/veredes.es\/blog\/casa-detras-de-un-muro-la-mirateca\/","og_locale":"es_ES","og_type":"article","og_title":"Casa detr\u00e1s de un muro | La Mirateca - veredes","og_description":"Toda la informaci\u00f3n sobre: Casa detr\u00e1s de un muro | La Mirateca","og_url":"https:\/\/veredes.es\/blog\/casa-detras-de-un-muro-la-mirateca\/","og_site_name":"veredes, arquitectura y divulgaci\u00f3n","article_publisher":"https:\/\/www.facebook.com\/veredesArquitecturayDivulgacion\/","article_author":"https:\/\/www.facebook.com\/veredesArquitecturayDivulgacion\/","article_published_time":"2023-04-04T22:01:22+00:00","og_image":[{"width":1400,"height":934,"url":"https:\/\/veredes.es\/blog\/wp-content\/uploads\/2023\/03\/Casa-detras-de-un-muro-La-Mirateca-\u00a9-Alejandro-Gomez-Vives-Fotografia-de-Arquitectura-24.jpg","type":"image\/jpeg"}],"author":"veredes","twitter_card":"summary_large_image","twitter_creator":"@https:\/\/twitter.com\/veredes","twitter_site":"@veredes","twitter_misc":{"Escrito por":"veredes","Tiempo de lectura":"3 minutos"},"schema":{"@context":"https:\/\/schema.org","@graph":[{"@type":"Article","@id":"https:\/\/veredes.es\/blog\/casa-detras-de-un-muro-la-mirateca\/#article","isPartOf":{"@id":"https:\/\/veredes.es\/blog\/casa-detras-de-un-muro-la-mirateca\/"},"author":{"name":"veredes","@id":"https:\/\/veredes.es\/blog\/#\/schema\/person\/0bbb669073ef7faba5168a0844e93d2c"},"headline":"Casa detr\u00e1s de un muro | La Mirateca","datePublished":"2023-04-04T22:01:22+00:00","mainEntityOfPage":{"@id":"https:\/\/veredes.es\/blog\/casa-detras-de-un-muro-la-mirateca\/"},"wordCount":522,"commentCount":0,"publisher":{"@id":"https:\/\/veredes.es\/blog\/#organization"},"image":{"@id":"https:\/\/veredes.es\/blog\/casa-detras-de-un-muro-la-mirateca\/#primaryimage"},"thumbnailUrl":"https:\/\/veredes.es\/blog\/wp-content\/uploads\/2023\/03\/Casa-detras-de-un-muro-La-Mirateca-\u00a9-Alejandro-Gomez-Vives-Fotografia-de-Arquitectura-24.jpg","keywords":["arquitectura espa\u00f1ola","arquitectura murciana","arquitectura valenciana","Emilia Ruip\u00e9rez Bastida","La Mirateca","Ra\u00fal Latorre Luna","vivienda","vivienda unifamiliar"],"articleSection":["arquitectura","obras","slider principal","vivienda unifamiliar"],"inLanguage":"es","potentialAction":[{"@type":"CommentAction","name":"Comment","target":["https:\/\/veredes.es\/blog\/casa-detras-de-un-muro-la-mirateca\/#respond"]}]},{"@type":"WebPage","@id":"https:\/\/veredes.es\/blog\/casa-detras-de-un-muro-la-mirateca\/","url":"https:\/\/veredes.es\/blog\/casa-detras-de-un-muro-la-mirateca\/","name":"Casa detr\u00e1s de un muro | La Mirateca - veredes","isPartOf":{"@id":"https:\/\/veredes.es\/blog\/#website"},"primaryImageOfPage":{"@id":"https:\/\/veredes.es\/blog\/casa-detras-de-un-muro-la-mirateca\/#primaryimage"},"image":{"@id":"https:\/\/veredes.es\/blog\/casa-detras-de-un-muro-la-mirateca\/#primaryimage"},"thumbnailUrl":"https:\/\/veredes.es\/blog\/wp-content\/uploads\/2023\/03\/Casa-detras-de-un-muro-La-Mirateca-\u00a9-Alejandro-Gomez-Vives-Fotografia-de-Arquitectura-24.jpg","datePublished":"2023-04-04T22:01:22+00:00","description":"Toda la informaci\u00f3n sobre: Casa detr\u00e1s de un muro | La Mirateca","breadcrumb":{"@id":"https:\/\/veredes.es\/blog\/casa-detras-de-un-muro-la-mirateca\/#breadcrumb"},"inLanguage":"es","potentialAction":[{"@type":"ReadAction","target":["https:\/\/veredes.es\/blog\/casa-detras-de-un-muro-la-mirateca\/"]}]},{"@type":"ImageObject","inLanguage":"es","@id":"https:\/\/veredes.es\/blog\/casa-detras-de-un-muro-la-mirateca\/#primaryimage","url":"https:\/\/veredes.es\/blog\/wp-content\/uploads\/2023\/03\/Casa-detras-de-un-muro-La-Mirateca-\u00a9-Alejandro-Gomez-Vives-Fotografia-de-Arquitectura-24.jpg","contentUrl":"https:\/\/veredes.es\/blog\/wp-content\/uploads\/2023\/03\/Casa-detras-de-un-muro-La-Mirateca-\u00a9-Alejandro-Gomez-Vives-Fotografia-de-Arquitectura-24.jpg","width":1400,"height":934,"caption":"Casa detr\u00e1s de un muro | La Mirateca \u00a9 Alejandro G\u00f3mez Vives | Fotograf\u00eda de Arquitectura"},{"@type":"BreadcrumbList","@id":"https:\/\/veredes.es\/blog\/casa-detras-de-un-muro-la-mirateca\/#breadcrumb","itemListElement":[{"@type":"ListItem","position":1,"name":"Portada","item":"https:\/\/veredes.es\/blog\/"},{"@type":"ListItem","position":2,"name":"Casa detr\u00e1s de un muro | La Mirateca"}]},{"@type":"WebSite","@id":"https:\/\/veredes.es\/blog\/#website","url":"https:\/\/veredes.es\/blog\/","name":"veredes, arquitectura y divulgaci\u00f3n","description":"veredes","publisher":{"@id":"https:\/\/veredes.es\/blog\/#organization"},"alternateName":"veredes","potentialAction":[{"@type":"SearchAction","target":{"@type":"EntryPoint","urlTemplate":"https:\/\/veredes.es\/blog\/?s={search_term_string}"},"query-input":{"@type":"PropertyValueSpecification","valueRequired":true,"valueName":"search_term_string"}}],"inLanguage":"es"},{"@type":"Organization","@id":"https:\/\/veredes.es\/blog\/#organization","name":"veredes, arquitectura y divulgaci\u00f3n","alternateName":"veredes","url":"https:\/\/veredes.es\/blog\/","logo":{"@type":"ImageObject","inLanguage":"es","@id":"https:\/\/veredes.es\/blog\/#\/schema\/logo\/image\/","url":"https:\/\/veredes.es\/blog\/wp-content\/uploads\/2021\/12\/veredes-logo-centrado_140x54.png","contentUrl":"https:\/\/veredes.es\/blog\/wp-content\/uploads\/2021\/12\/veredes-logo-centrado_140x54.png","width":140,"height":54,"caption":"veredes, arquitectura y divulgaci\u00f3n"},"image":{"@id":"https:\/\/veredes.es\/blog\/#\/schema\/logo\/image\/"},"sameAs":["https:\/\/www.facebook.com\/veredesArquitecturayDivulgacion\/","https:\/\/x.com\/veredes","https:\/\/instagram.com\/veredes\/","https:\/\/www.linkedin.com\/company\/veredes-arquitectura-y-divulgacion\/","https:\/\/es.pinterest.com\/veredes\/","https:\/\/www.tumblr.com\/veredes"]},{"@type":"Person","@id":"https:\/\/veredes.es\/blog\/#\/schema\/person\/0bbb669073ef7faba5168a0844e93d2c","name":"veredes","image":{"@type":"ImageObject","inLanguage":"es","@id":"https:\/\/veredes.es\/blog\/wp-content\/uploads\/2018\/04\/face-96x96.jpg","url":"https:\/\/veredes.es\/blog\/wp-content\/uploads\/2018\/04\/face-96x96.jpg","contentUrl":"https:\/\/veredes.es\/blog\/wp-content\/uploads\/2018\/04\/face-96x96.jpg","caption":"veredes"},"description":"Surge enero de 2009 como b\u00fasqueda de satisfacer el conocimiento de la actividad arquitect\u00f3nica y tangentes que se generan. La idea es crear un espacio para divulgar los diversos proyectos en busca de nueva inspiraci\u00f3n y de intercambio.","sameAs":["https:\/\/veredes.es\/","https:\/\/www.facebook.com\/veredesArquitecturayDivulgacion\/","https:\/\/www.instagram.com\/veredes\/","https:\/\/www.linkedin.com\/company\/veredes-arquitectura-y-divulgacion\/","https:\/\/www.pinterest.es\/veredes\/","https:\/\/x.com\/https:\/\/twitter.com\/veredes","https:\/\/veredes.tumblr.com\/"],"url":"https:\/\/veredes.es\/blog\/author\/alberto\/"}]}},"_links":{"self":[{"href":"https:\/\/veredes.es\/blog\/wp-json\/wp\/v2\/posts\/93317","targetHints":{"allow":["GET"]}}],"collection":[{"href":"https:\/\/veredes.es\/blog\/wp-json\/wp\/v2\/posts"}],"about":[{"href":"https:\/\/veredes.es\/blog\/wp-json\/wp\/v2\/types\/post"}],"author":[{"embeddable":true,"href":"https:\/\/veredes.es\/blog\/wp-json\/wp\/v2\/users\/2"}],"replies":[{"embeddable":true,"href":"https:\/\/veredes.es\/blog\/wp-json\/wp\/v2\/comments?post=93317"}],"version-history":[{"count":0,"href":"https:\/\/veredes.es\/blog\/wp-json\/wp\/v2\/posts\/93317\/revisions"}],"wp:featuredmedia":[{"embeddable":true,"href":"https:\/\/veredes.es\/blog\/wp-json\/wp\/v2\/media\/93318"}],"wp:attachment":[{"href":"https:\/\/veredes.es\/blog\/wp-json\/wp\/v2\/media?parent=93317"}],"wp:term":[{"taxonomy":"category","embeddable":true,"href":"https:\/\/veredes.es\/blog\/wp-json\/wp\/v2\/categories?post=93317"},{"taxonomy":"post_tag","embeddable":true,"href":"https:\/\/veredes.es\/blog\/wp-json\/wp\/v2\/tags?post=93317"}],"curies":[{"name":"wp","href":"https:\/\/api.w.org\/{rel}","templated":true}]}}