{"id":93203,"date":"2023-03-16T00:01:44","date_gmt":"2023-03-15T23:01:44","guid":{"rendered":"https:\/\/veredes.es\/blog\/?p=93203"},"modified":"2026-03-05T15:42:11","modified_gmt":"2026-03-05T14:42:11","slug":"3-forum-internacional-de-construccion-con-madera","status":"publish","type":"post","link":"https:\/\/veredes.es\/blog\/3-forum-internacional-de-construccion-con-madera\/","title":{"rendered":"3\u00ba F\u00f3rum Internacional de Construcci\u00f3n con Madera"},"content":{"rendered":"<figure id=\"attachment_93204\" aria-describedby=\"caption-attachment-93204\" style=\"width: 1200px\" class=\"wp-caption alignnone\"><img loading=\"lazy\" decoding=\"async\" class=\"wp-image-93204 size-full\" title=\"3\u00ba F\u00f3rum Internacional de Construcci\u00f3n con Madera\" src=\"https:\/\/veredes.es\/blog\/wp-content\/uploads\/2023\/03\/3o-Forum-Internacional-de-Construccion-con-Madera-2023.jpg\" alt=\"3\u00ba F\u00f3rum Internacional de Construcci\u00f3n con Madera\" width=\"1200\" height=\"180\" srcset=\"https:\/\/veredes.es\/blog\/wp-content\/uploads\/2023\/03\/3o-Forum-Internacional-de-Construccion-con-Madera-2023.jpg 1200w, https:\/\/veredes.es\/blog\/wp-content\/uploads\/2023\/03\/3o-Forum-Internacional-de-Construccion-con-Madera-2023-300x45.jpg 300w, https:\/\/veredes.es\/blog\/wp-content\/uploads\/2023\/03\/3o-Forum-Internacional-de-Construccion-con-Madera-2023-1024x154.jpg 1024w, https:\/\/veredes.es\/blog\/wp-content\/uploads\/2023\/03\/3o-Forum-Internacional-de-Construccion-con-Madera-2023-696x104.jpg 696w, https:\/\/veredes.es\/blog\/wp-content\/uploads\/2023\/03\/3o-Forum-Internacional-de-Construccion-con-Madera-2023-1068x160.jpg 1068w\" sizes=\"auto, (max-width: 1200px) 100vw, 1200px\" \/><figcaption id=\"caption-attachment-93204\" class=\"wp-caption-text\"><span style=\"color: #999999;\">3\u00ba F\u00f3rum Internacional de Construcci\u00f3n con Madera<\/span><\/figcaption><\/figure>\n<h5 style=\"text-align: justify;\"><strong>Los pr\u00f3ximos 1 y 2 de junio de 2023 Pamplona volver\u00e1 a acoger la celebraci\u00f3n del F\u00f3rum Internacional de Construcci\u00f3n con Madera<\/strong><\/h5>\n<p style=\"text-align: justify;\">Organizado por la plataforma FORUM HOLZBAU, en colaboraci\u00f3n con la C\u00e1tedra de Madera Onesta de la Universidad de Navarra y con el apoyo de instituciones y centros de investigaci\u00f3n del mundo de la madera como AITIM, PEMADE, CIS madera, Lignomad, COSE, UNEmadera, AEIM, PEFC, FSC, etc., este 2023 se celebrar\u00e1 su 3\u00aa edici\u00f3n en Espa\u00f1a.<\/p>\n<p style=\"text-align: justify;\"><strong>FORUM HOLZBAU<\/strong> es una plataforma internacional con una trayectoria de m\u00e1s de 25 a\u00f1os promoviendo la <a href=\"https:\/\/veredes.es\/blog\/?s=madera\" target=\"_blank\" rel=\"noopener\">construcci\u00f3n en madera<\/a> alrededor de todo el mundo. Son 11 los congresos que celebra anualmente en distintos pa\u00edses de Europa y a\u00f1o a a\u00f1o van alcanzando un gran \u00e9xito, no solo de afluencia de p\u00fablico, sino tambi\u00e9n consolid\u00e1ndose como punto de encuentro para todos los agentes implicados en cualquier fase del proceso de la construcci\u00f3n.<\/p>\n<p style=\"text-align: justify;\"><strong>FORUM HOLZBAU<\/strong> es una cita imprescindible para todos aquellos que se interesen por las nuevas posibilidades que ofrece la\u00a0construcci\u00f3n con madera\u00a0en Espa\u00f1a, Europa y el resto del mundo, persiguiendo conseguir dise\u00f1ar y ejecutar espacios m\u00e1s sostenibles, reducir la huella de carbono en las zonas urbanas de las ciudades y desarrollar una econom\u00eda circular.<\/p>\n<figure id=\"attachment_93205\" aria-describedby=\"caption-attachment-93205\" style=\"width: 886px\" class=\"wp-caption alignnone\"><img loading=\"lazy\" decoding=\"async\" class=\"wp-image-93205 size-full\" title=\"2\u00ba F\u00f3rum Internacional de Construcci\u00f3n con Madera 2022\" src=\"https:\/\/veredes.es\/blog\/wp-content\/uploads\/2023\/03\/2o-Forum-Internacional-de-Construccion-con-Madera-2022.jpg\" alt=\"2\u00ba F\u00f3rum Internacional de Construcci\u00f3n con Madera 2022\" width=\"886\" height=\"591\" srcset=\"https:\/\/veredes.es\/blog\/wp-content\/uploads\/2023\/03\/2o-Forum-Internacional-de-Construccion-con-Madera-2022.jpg 886w, https:\/\/veredes.es\/blog\/wp-content\/uploads\/2023\/03\/2o-Forum-Internacional-de-Construccion-con-Madera-2022-300x200.jpg 300w, https:\/\/veredes.es\/blog\/wp-content\/uploads\/2023\/03\/2o-Forum-Internacional-de-Construccion-con-Madera-2022-696x464.jpg 696w\" sizes=\"auto, (max-width: 886px) 100vw, 886px\" \/><figcaption id=\"caption-attachment-93205\" class=\"wp-caption-text\"><span style=\"color: #999999;\">2\u00ba F\u00f3rum Internacional de Construcci\u00f3n con Madera 2022<\/span><\/figcaption><\/figure>\n<h5 style=\"text-align: justify;\"><strong>\u00bfQu\u00e9 encontrar\u00e1s en el 3\u00ba F\u00f3rum Internacional Construcci\u00f3n con Madera?<\/strong><\/h5>\n<p style=\"text-align: justify;\">El <a href=\"http:\/\/bit.ly\/3YQPhJw\" target=\"_blank\" rel=\"noopener\"><strong>F\u00f3rum Internacional de Construcci\u00f3n con Madera<\/strong><\/a>\u00a0busca generar un entorno profesional en el que promover sinergias y poder dar respuesta a cuestiones t\u00e9cnicas y pr\u00e1cticas que se generan en torno a la construcci\u00f3n con madera. Para ello, en paralelo al congreso profesional, con un panel de expositores de m\u00e1xima relevancia, se celebra una cena de convivencia y networking y una\u00a0exposici\u00f3n de stands\u00a0donde las empresas pueden atender a los visitantes y dar a conocer los \u00faltimos avances en productos y\/o servicios.<\/p>\n<p style=\"text-align: justify;\">Si tienes inter\u00e9s por la construcci\u00f3n con madera, no puedes perderte el punto de encuentro de referencia de los principales agentes del sector en Europa.<\/p>\n<p style=\"text-align: justify;\">Te esperamos en la nueva edici\u00f3n del <strong>F\u00f3rum Internacional de Construcci\u00f3n con Madera los d\u00edas 1 y 2 de junio de 2023<\/strong> en el Palacio de Congresos Baluarte de Pamplona.<\/p>\n<h6 style=\"text-align: center;\"><a href=\"http:\/\/bit.ly\/3YQPhJw\" target=\"_blank\" rel=\"noopener\"><strong>\u00a1Inscr\u00edbete!<\/strong><\/a><\/h6>\n<div style=\"width: 640px;\" class=\"wp-video\"><video class=\"wp-video-shortcode\" id=\"video-93203-1\" width=\"640\" height=\"360\" preload=\"metadata\" controls=\"controls\"><source type=\"video\/mp4\" src=\"https:\/\/www.forum-maderaconstruccion.com\/images\/FORUM_MADERA_CONSTRUCCION_2022.mp4?_=1\" \/><a href=\"https:\/\/www.forum-maderaconstruccion.com\/images\/FORUM_MADERA_CONSTRUCCION_2022.mp4\">https:\/\/www.forum-maderaconstruccion.com\/images\/FORUM_MADERA_CONSTRUCCION_2022.mp4<\/a><\/video><\/div>\n<h5 style=\"text-align: justify;\"><strong>\u00bfQuieres participar en 3\u00ba F\u00f3rum Internacional Construcci\u00f3n con Madera?<\/strong><\/h5>\n<p style=\"text-align: justify;\">Si est\u00e1s interesado en participar como expositor puedes contactar con la organizaci\u00f3n por las siguientes v\u00edas:<\/p>\n<p style=\"text-align: justify; padding-left: 40px;\"><a href=\"mailto:info@forum-maderaconstruccion.com\" target=\"_blank\" rel=\"noopener\">info@forum-maderaconstruccion.com<\/a><br \/>\n<a href=\"mailto:info@baumad.com\" target=\"_blank\" rel=\"noopener\">info@baumad.com<\/a><br \/>\nIb\u00e1n Carpintero +34 910 41 95 17 \/ +34 616 44 72 01<\/p>\n<h6 style=\"text-align: center;\"><a href=\"http:\/\/bit.ly\/3YQPhJw\" target=\"_blank\" rel=\"noopener\"><strong>\u00a1Inscr\u00edbete!<\/strong><\/a><\/h6>\n<h5 style=\"text-align: justify;\"><strong>F\u00f3rum Madera organiza una visita a la mayor promoci\u00f3n de viviendas con estructura de madera en Navarra<\/strong><\/h5>\n<p style=\"text-align: justify;\">Como pr\u00f3logo al 3\u00ba F\u00f3rum Internacional de Construcci\u00f3n con Madera, se ha organizado el jueves 1 de junio de 2023 una visita a la promoci\u00f3n de viviendas sociales que NASUVINSA construye en el Paraje de Entremutilvas, en las afueras de Pamplona.<\/p>\n<p style=\"text-align: justify;\">Las plazas son limitadas para los asistentes al Congreso, por riguroso orden de inscripci\u00f3n.<\/p>\n<p style=\"text-align: center;\"><a href=\"http:\/\/bit.ly\/3YQPhJw\" target=\"_blank\" rel=\"noopener\">\u00a1Ap\u00fantate ya y no te quedes sin tu plaza!<\/a><\/p>\n<p style=\"text-align: justify;\">La nueva promoci\u00f3n de vivienda de alquiler p\u00fablico se est\u00e1 levantando en un solar propio de Nasuvinsa, en el marco del plan foral Navarra Social Housing.<\/p>\n<figure id=\"attachment_93206\" aria-describedby=\"caption-attachment-93206\" style=\"width: 1299px\" class=\"wp-caption alignnone\"><img loading=\"lazy\" decoding=\"async\" class=\"wp-image-93206 size-full\" title=\"Visita a la mayor promoci\u00f3n de viviendas con estructura de madera en Navarra\" src=\"https:\/\/veredes.es\/blog\/wp-content\/uploads\/2023\/03\/3o-Forum-Internacional-de-Construccion-con-Madera-2023-visita-a-la-mayor-promocion-de-viviendas-con-estructura-de-madera-en-Navarra.jpg\" alt=\"Visita a la mayor promoci\u00f3n de viviendas con estructura de madera en Navarra\" width=\"1299\" height=\"748\" srcset=\"https:\/\/veredes.es\/blog\/wp-content\/uploads\/2023\/03\/3o-Forum-Internacional-de-Construccion-con-Madera-2023-visita-a-la-mayor-promocion-de-viviendas-con-estructura-de-madera-en-Navarra.jpg 1299w, https:\/\/veredes.es\/blog\/wp-content\/uploads\/2023\/03\/3o-Forum-Internacional-de-Construccion-con-Madera-2023-visita-a-la-mayor-promocion-de-viviendas-con-estructura-de-madera-en-Navarra-300x173.jpg 300w, https:\/\/veredes.es\/blog\/wp-content\/uploads\/2023\/03\/3o-Forum-Internacional-de-Construccion-con-Madera-2023-visita-a-la-mayor-promocion-de-viviendas-con-estructura-de-madera-en-Navarra-1024x590.jpg 1024w, https:\/\/veredes.es\/blog\/wp-content\/uploads\/2023\/03\/3o-Forum-Internacional-de-Construccion-con-Madera-2023-visita-a-la-mayor-promocion-de-viviendas-con-estructura-de-madera-en-Navarra-696x401.jpg 696w, https:\/\/veredes.es\/blog\/wp-content\/uploads\/2023\/03\/3o-Forum-Internacional-de-Construccion-con-Madera-2023-visita-a-la-mayor-promocion-de-viviendas-con-estructura-de-madera-en-Navarra-1068x615.jpg 1068w\" sizes=\"auto, (max-width: 1299px) 100vw, 1299px\" \/><figcaption id=\"caption-attachment-93206\" class=\"wp-caption-text\"><span style=\"color: #999999;\">Visita a la mayor promoci\u00f3n de viviendas con estructura de madera en Navarra<\/span><\/figcaption><\/figure>\n<p style=\"text-align: justify;\">El edificio residencial de Mutilva tiene planta baja y cuatro alturas, con un total de 39 VPO de distintas tipolog\u00edas. La finalizaci\u00f3n de las viviendas est\u00e1 prevista para oto\u00f1o de este a\u00f1o 2023, momento en el que el Gobierno de Navarra abrir\u00e1 el proceso para su adjudicaci\u00f3n en r\u00e9gimen de alquiler protegido a trav\u00e9s del Censo de Solicitantes de Vivienda que gestiona Nasuvinsa.<\/p>\n<p style=\"text-align: justify;\">La redacci\u00f3n del proyecto y direcci\u00f3n de obra corresponde a la UTE TBA-MRM, concretamente al equipo arquitect\u00f3nico integrado por Javier P\u00e9rez, Francisco Javier Quintana, Miguel Alonso, Roberto Erviti, Mamen Escorihuela y Unai Armendariz.<\/p>\n<p style=\"text-align: justify;\">Las plazas son limitadas para los asistentes al Congreso, por riguroso orden de inscripci\u00f3n.<\/p>\n<p style=\"text-align: center;\"><a href=\"http:\/\/bit.ly\/3YQPhJw\" target=\"_blank\" rel=\"noopener\">\u00a1Ap\u00fantate ya y no te quedes sin tu plaza!<\/a><\/p>\n<p style=\"text-align: justify;\"><strong>Te esperamos en la nueva edici\u00f3n del F\u00f3rum Internacional de Construcci\u00f3n con Madera los d\u00edas 1 y 2 de junio de 2023 en el Palacio de Congresos Baluarte de Pamplona.<\/strong><\/p>\n<p style=\"text-align: center;\"><a href=\"http:\/\/bit.ly\/3YQPhJw\" target=\"_blank\" rel=\"noopener\">Informaci\u00f3n e inscripciones en www.forum-maderaconstruccion.com<\/a><\/p>\n","protected":false},"excerpt":{"rendered":"<p>Los pr\u00f3ximos 1 y 2 de junio de 2023 Pamplona volver\u00e1 a acoger la celebraci\u00f3n del F\u00f3rum Internacional de Construcci\u00f3n con Madera Organizado por la plataforma FORUM HOLZBAU, en colaboraci\u00f3n con la C\u00e1tedra de Madera Onesta de la Universidad de Navarra y con el apoyo de instituciones y centros de investigaci\u00f3n del mundo de la [&hellip;]<\/p>\n","protected":false},"author":2,"featured_media":93205,"comment_status":"open","ping_status":"closed","sticky":false,"template":"","format":"standard","meta":{"footnotes":""},"categories":[5624,5951],"tags":[12448,812,213,361,365,14476,16419,18353,16418,16422,16420,923,16421,1271,16423],"class_list":{"0":"post-93203","1":"post","2":"type-post","3":"status-publish","4":"format-standard","5":"has-post-thumbnail","7":"category-deriva","8":"category-slider-principal","9":"tag-arquitectura","10":"tag-arquitectura-en-madera","11":"tag-bioconstruccion","12":"tag-congreso","14":"tag-forum-de-construccion-con-madera-de-espana","15":"tag-francisco-javier-quintana","16":"tag-iban-carpintero","17":"tag-javier-perez","18":"tag-mamen-escorihuela","19":"tag-miguel-alonso","20":"tag-navarra","21":"tag-roberto-erviti","22":"tag-tecnologia","23":"tag-unai-armendariz"},"yoast_head":"<!-- This site is optimized with the Yoast SEO plugin v27.5 - https:\/\/yoast.com\/product\/yoast-seo-wordpress\/ -->\n<title>3\u00ba F\u00f3rum Internacional de Construcci\u00f3n con Madera - veredes<\/title>\n<meta name=\"description\" content=\"Toda la informaci\u00f3n sobre: 3\u00ba F\u00f3rum Internacional de Construcci\u00f3n con Madera Busca generar un entorno profesional en el que promover sinergia\" \/>\n<meta name=\"robots\" content=\"index, follow, max-snippet:-1, max-image-preview:large, max-video-preview:-1\" \/>\n<link rel=\"canonical\" href=\"https:\/\/veredes.es\/blog\/3-forum-internacional-de-construccion-con-madera\/\" \/>\n<meta property=\"og:locale\" content=\"es_ES\" \/>\n<meta property=\"og:type\" content=\"article\" \/>\n<meta property=\"og:title\" content=\"3\u00ba F\u00f3rum Internacional de Construcci\u00f3n con Madera - veredes\" \/>\n<meta property=\"og:description\" content=\"Toda la informaci\u00f3n sobre: 3\u00ba F\u00f3rum Internacional de Construcci\u00f3n con Madera Busca generar un entorno profesional en el que promover sinergia\" \/>\n<meta property=\"og:url\" content=\"https:\/\/veredes.es\/blog\/3-forum-internacional-de-construccion-con-madera\/\" \/>\n<meta property=\"og:site_name\" content=\"veredes, arquitectura y divulgaci\u00f3n\" \/>\n<meta property=\"article:publisher\" content=\"https:\/\/www.facebook.com\/veredesArquitecturayDivulgacion\/\" \/>\n<meta property=\"article:author\" content=\"https:\/\/www.facebook.com\/veredesArquitecturayDivulgacion\/\" \/>\n<meta property=\"article:published_time\" content=\"2023-03-15T23:01:44+00:00\" \/>\n<meta property=\"article:modified_time\" content=\"2026-03-05T14:42:11+00:00\" \/>\n<meta property=\"og:image\" content=\"https:\/\/veredes.es\/blog\/wp-content\/uploads\/2023\/03\/2o-Forum-Internacional-de-Construccion-con-Madera-2022.jpg\" \/>\n\t<meta property=\"og:image:width\" content=\"886\" \/>\n\t<meta property=\"og:image:height\" content=\"591\" \/>\n\t<meta property=\"og:image:type\" content=\"image\/jpeg\" \/>\n<meta name=\"author\" content=\"veredes\" \/>\n<meta name=\"twitter:card\" content=\"summary_large_image\" \/>\n<meta name=\"twitter:creator\" content=\"@https:\/\/twitter.com\/veredes\" \/>\n<meta name=\"twitter:site\" content=\"@veredes\" \/>\n<meta name=\"twitter:label1\" content=\"Escrito por\" \/>\n\t<meta name=\"twitter:data1\" content=\"veredes\" \/>\n\t<meta name=\"twitter:label2\" content=\"Tiempo de lectura\" \/>\n\t<meta name=\"twitter:data2\" content=\"4 minutos\" \/>\n<script type=\"application\/ld+json\" class=\"yoast-schema-graph\">{\"@context\":\"https:\\\/\\\/schema.org\",\"@graph\":[{\"@type\":\"Article\",\"@id\":\"https:\\\/\\\/veredes.es\\\/blog\\\/3-forum-internacional-de-construccion-con-madera\\\/#article\",\"isPartOf\":{\"@id\":\"https:\\\/\\\/veredes.es\\\/blog\\\/3-forum-internacional-de-construccion-con-madera\\\/\"},\"author\":{\"name\":\"veredes\",\"@id\":\"https:\\\/\\\/veredes.es\\\/blog\\\/#\\\/schema\\\/person\\\/0bbb669073ef7faba5168a0844e93d2c\"},\"headline\":\"3\u00ba F\u00f3rum Internacional de Construcci\u00f3n con Madera\",\"datePublished\":\"2023-03-15T23:01:44+00:00\",\"dateModified\":\"2026-03-05T14:42:11+00:00\",\"mainEntityOfPage\":{\"@id\":\"https:\\\/\\\/veredes.es\\\/blog\\\/3-forum-internacional-de-construccion-con-madera\\\/\"},\"wordCount\":774,\"commentCount\":1,\"publisher\":{\"@id\":\"https:\\\/\\\/veredes.es\\\/blog\\\/#organization\"},\"image\":{\"@id\":\"https:\\\/\\\/veredes.es\\\/blog\\\/3-forum-internacional-de-construccion-con-madera\\\/#primaryimage\"},\"thumbnailUrl\":\"https:\\\/\\\/veredes.es\\\/blog\\\/wp-content\\\/uploads\\\/2023\\\/03\\\/2o-Forum-Internacional-de-Construccion-con-Madera-2022.jpg\",\"keywords\":[\"arquitectura\",\"arquitectura en madera\",\"bioconstrucci\u00f3n\",\"congreso\",\"construcci\u00f3n\",\"F\u00f3rum de Construcci\u00f3n con Madera de Espa\u00f1a\",\"Francisco Javier Quintana\",\"Ib\u00e1n Carpintero\",\"Javier P\u00e9rez\",\"Mamen Escorihuela\",\"Miguel Alonso\",\"Navarra\",\"Roberto Erviti\",\"tecnolog\u00eda\",\"Unai Armendariz\"],\"articleSection\":[\"deriva\",\"slider principal\"],\"inLanguage\":\"es\",\"potentialAction\":[{\"@type\":\"CommentAction\",\"name\":\"Comment\",\"target\":[\"https:\\\/\\\/veredes.es\\\/blog\\\/3-forum-internacional-de-construccion-con-madera\\\/#respond\"]}]},{\"@type\":\"WebPage\",\"@id\":\"https:\\\/\\\/veredes.es\\\/blog\\\/3-forum-internacional-de-construccion-con-madera\\\/\",\"url\":\"https:\\\/\\\/veredes.es\\\/blog\\\/3-forum-internacional-de-construccion-con-madera\\\/\",\"name\":\"3\u00ba F\u00f3rum Internacional de Construcci\u00f3n con Madera - veredes\",\"isPartOf\":{\"@id\":\"https:\\\/\\\/veredes.es\\\/blog\\\/#website\"},\"primaryImageOfPage\":{\"@id\":\"https:\\\/\\\/veredes.es\\\/blog\\\/3-forum-internacional-de-construccion-con-madera\\\/#primaryimage\"},\"image\":{\"@id\":\"https:\\\/\\\/veredes.es\\\/blog\\\/3-forum-internacional-de-construccion-con-madera\\\/#primaryimage\"},\"thumbnailUrl\":\"https:\\\/\\\/veredes.es\\\/blog\\\/wp-content\\\/uploads\\\/2023\\\/03\\\/2o-Forum-Internacional-de-Construccion-con-Madera-2022.jpg\",\"datePublished\":\"2023-03-15T23:01:44+00:00\",\"dateModified\":\"2026-03-05T14:42:11+00:00\",\"description\":\"Toda la informaci\u00f3n sobre: 3\u00ba F\u00f3rum Internacional de Construcci\u00f3n con Madera Busca generar un entorno profesional en el que promover sinergia\",\"breadcrumb\":{\"@id\":\"https:\\\/\\\/veredes.es\\\/blog\\\/3-forum-internacional-de-construccion-con-madera\\\/#breadcrumb\"},\"inLanguage\":\"es\",\"potentialAction\":[{\"@type\":\"ReadAction\",\"target\":[\"https:\\\/\\\/veredes.es\\\/blog\\\/3-forum-internacional-de-construccion-con-madera\\\/\"]}]},{\"@type\":\"ImageObject\",\"inLanguage\":\"es\",\"@id\":\"https:\\\/\\\/veredes.es\\\/blog\\\/3-forum-internacional-de-construccion-con-madera\\\/#primaryimage\",\"url\":\"https:\\\/\\\/veredes.es\\\/blog\\\/wp-content\\\/uploads\\\/2023\\\/03\\\/2o-Forum-Internacional-de-Construccion-con-Madera-2022.jpg\",\"contentUrl\":\"https:\\\/\\\/veredes.es\\\/blog\\\/wp-content\\\/uploads\\\/2023\\\/03\\\/2o-Forum-Internacional-de-Construccion-con-Madera-2022.jpg\",\"width\":886,\"height\":591,\"caption\":\"2\u00ba F\u00f3rum Internacional de Construcci\u00f3n con Madera 2022\"},{\"@type\":\"BreadcrumbList\",\"@id\":\"https:\\\/\\\/veredes.es\\\/blog\\\/3-forum-internacional-de-construccion-con-madera\\\/#breadcrumb\",\"itemListElement\":[{\"@type\":\"ListItem\",\"position\":1,\"name\":\"Portada\",\"item\":\"https:\\\/\\\/veredes.es\\\/blog\\\/\"},{\"@type\":\"ListItem\",\"position\":2,\"name\":\"3\u00ba F\u00f3rum Internacional de Construcci\u00f3n con Madera\"}]},{\"@type\":\"WebSite\",\"@id\":\"https:\\\/\\\/veredes.es\\\/blog\\\/#website\",\"url\":\"https:\\\/\\\/veredes.es\\\/blog\\\/\",\"name\":\"veredes, arquitectura y divulgaci\u00f3n\",\"description\":\"veredes\",\"publisher\":{\"@id\":\"https:\\\/\\\/veredes.es\\\/blog\\\/#organization\"},\"alternateName\":\"veredes\",\"potentialAction\":[{\"@type\":\"SearchAction\",\"target\":{\"@type\":\"EntryPoint\",\"urlTemplate\":\"https:\\\/\\\/veredes.es\\\/blog\\\/?s={search_term_string}\"},\"query-input\":{\"@type\":\"PropertyValueSpecification\",\"valueRequired\":true,\"valueName\":\"search_term_string\"}}],\"inLanguage\":\"es\"},{\"@type\":\"Organization\",\"@id\":\"https:\\\/\\\/veredes.es\\\/blog\\\/#organization\",\"name\":\"veredes, arquitectura y divulgaci\u00f3n\",\"alternateName\":\"veredes\",\"url\":\"https:\\\/\\\/veredes.es\\\/blog\\\/\",\"logo\":{\"@type\":\"ImageObject\",\"inLanguage\":\"es\",\"@id\":\"https:\\\/\\\/veredes.es\\\/blog\\\/#\\\/schema\\\/logo\\\/image\\\/\",\"url\":\"https:\\\/\\\/veredes.es\\\/blog\\\/wp-content\\\/uploads\\\/2021\\\/12\\\/veredes-logo-centrado_140x54.png\",\"contentUrl\":\"https:\\\/\\\/veredes.es\\\/blog\\\/wp-content\\\/uploads\\\/2021\\\/12\\\/veredes-logo-centrado_140x54.png\",\"width\":140,\"height\":54,\"caption\":\"veredes, arquitectura y divulgaci\u00f3n\"},\"image\":{\"@id\":\"https:\\\/\\\/veredes.es\\\/blog\\\/#\\\/schema\\\/logo\\\/image\\\/\"},\"sameAs\":[\"https:\\\/\\\/www.facebook.com\\\/veredesArquitecturayDivulgacion\\\/\",\"https:\\\/\\\/x.com\\\/veredes\",\"https:\\\/\\\/instagram.com\\\/veredes\\\/\",\"https:\\\/\\\/www.linkedin.com\\\/company\\\/veredes-arquitectura-y-divulgacion\\\/\",\"https:\\\/\\\/es.pinterest.com\\\/veredes\\\/\",\"https:\\\/\\\/www.tumblr.com\\\/veredes\"]},{\"@type\":\"Person\",\"@id\":\"https:\\\/\\\/veredes.es\\\/blog\\\/#\\\/schema\\\/person\\\/0bbb669073ef7faba5168a0844e93d2c\",\"name\":\"veredes\",\"image\":{\"@type\":\"ImageObject\",\"inLanguage\":\"es\",\"@id\":\"https:\\\/\\\/veredes.es\\\/blog\\\/wp-content\\\/uploads\\\/2018\\\/04\\\/face-96x96.jpg\",\"url\":\"https:\\\/\\\/veredes.es\\\/blog\\\/wp-content\\\/uploads\\\/2018\\\/04\\\/face-96x96.jpg\",\"contentUrl\":\"https:\\\/\\\/veredes.es\\\/blog\\\/wp-content\\\/uploads\\\/2018\\\/04\\\/face-96x96.jpg\",\"caption\":\"veredes\"},\"description\":\"Surge enero de 2009 como b\u00fasqueda de satisfacer el conocimiento de la actividad arquitect\u00f3nica y tangentes que se generan. La idea es crear un espacio para divulgar los diversos proyectos en busca de nueva inspiraci\u00f3n y de intercambio.\",\"sameAs\":[\"https:\\\/\\\/veredes.es\\\/\",\"https:\\\/\\\/www.facebook.com\\\/veredesArquitecturayDivulgacion\\\/\",\"https:\\\/\\\/www.instagram.com\\\/veredes\\\/\",\"https:\\\/\\\/www.linkedin.com\\\/company\\\/veredes-arquitectura-y-divulgacion\\\/\",\"https:\\\/\\\/www.pinterest.es\\\/veredes\\\/\",\"https:\\\/\\\/x.com\\\/https:\\\/\\\/twitter.com\\\/veredes\",\"https:\\\/\\\/veredes.tumblr.com\\\/\"],\"url\":\"https:\\\/\\\/veredes.es\\\/blog\\\/author\\\/alberto\\\/\"}]}<\/script>\n<!-- \/ Yoast SEO plugin. -->","yoast_head_json":{"title":"3\u00ba F\u00f3rum Internacional de Construcci\u00f3n con Madera - veredes","description":"Toda la informaci\u00f3n sobre: 3\u00ba F\u00f3rum Internacional de Construcci\u00f3n con Madera Busca generar un entorno profesional en el que promover sinergia","robots":{"index":"index","follow":"follow","max-snippet":"max-snippet:-1","max-image-preview":"max-image-preview:large","max-video-preview":"max-video-preview:-1"},"canonical":"https:\/\/veredes.es\/blog\/3-forum-internacional-de-construccion-con-madera\/","og_locale":"es_ES","og_type":"article","og_title":"3\u00ba F\u00f3rum Internacional de Construcci\u00f3n con Madera - veredes","og_description":"Toda la informaci\u00f3n sobre: 3\u00ba F\u00f3rum Internacional de Construcci\u00f3n con Madera Busca generar un entorno profesional en el que promover sinergia","og_url":"https:\/\/veredes.es\/blog\/3-forum-internacional-de-construccion-con-madera\/","og_site_name":"veredes, arquitectura y divulgaci\u00f3n","article_publisher":"https:\/\/www.facebook.com\/veredesArquitecturayDivulgacion\/","article_author":"https:\/\/www.facebook.com\/veredesArquitecturayDivulgacion\/","article_published_time":"2023-03-15T23:01:44+00:00","article_modified_time":"2026-03-05T14:42:11+00:00","og_image":[{"width":886,"height":591,"url":"https:\/\/veredes.es\/blog\/wp-content\/uploads\/2023\/03\/2o-Forum-Internacional-de-Construccion-con-Madera-2022.jpg","type":"image\/jpeg"}],"author":"veredes","twitter_card":"summary_large_image","twitter_creator":"@https:\/\/twitter.com\/veredes","twitter_site":"@veredes","twitter_misc":{"Escrito por":"veredes","Tiempo de lectura":"4 minutos"},"schema":{"@context":"https:\/\/schema.org","@graph":[{"@type":"Article","@id":"https:\/\/veredes.es\/blog\/3-forum-internacional-de-construccion-con-madera\/#article","isPartOf":{"@id":"https:\/\/veredes.es\/blog\/3-forum-internacional-de-construccion-con-madera\/"},"author":{"name":"veredes","@id":"https:\/\/veredes.es\/blog\/#\/schema\/person\/0bbb669073ef7faba5168a0844e93d2c"},"headline":"3\u00ba F\u00f3rum Internacional de Construcci\u00f3n con Madera","datePublished":"2023-03-15T23:01:44+00:00","dateModified":"2026-03-05T14:42:11+00:00","mainEntityOfPage":{"@id":"https:\/\/veredes.es\/blog\/3-forum-internacional-de-construccion-con-madera\/"},"wordCount":774,"commentCount":1,"publisher":{"@id":"https:\/\/veredes.es\/blog\/#organization"},"image":{"@id":"https:\/\/veredes.es\/blog\/3-forum-internacional-de-construccion-con-madera\/#primaryimage"},"thumbnailUrl":"https:\/\/veredes.es\/blog\/wp-content\/uploads\/2023\/03\/2o-Forum-Internacional-de-Construccion-con-Madera-2022.jpg","keywords":["arquitectura","arquitectura en madera","bioconstrucci\u00f3n","congreso","construcci\u00f3n","F\u00f3rum de Construcci\u00f3n con Madera de Espa\u00f1a","Francisco Javier Quintana","Ib\u00e1n Carpintero","Javier P\u00e9rez","Mamen Escorihuela","Miguel Alonso","Navarra","Roberto Erviti","tecnolog\u00eda","Unai Armendariz"],"articleSection":["deriva","slider principal"],"inLanguage":"es","potentialAction":[{"@type":"CommentAction","name":"Comment","target":["https:\/\/veredes.es\/blog\/3-forum-internacional-de-construccion-con-madera\/#respond"]}]},{"@type":"WebPage","@id":"https:\/\/veredes.es\/blog\/3-forum-internacional-de-construccion-con-madera\/","url":"https:\/\/veredes.es\/blog\/3-forum-internacional-de-construccion-con-madera\/","name":"3\u00ba F\u00f3rum Internacional de Construcci\u00f3n con Madera - veredes","isPartOf":{"@id":"https:\/\/veredes.es\/blog\/#website"},"primaryImageOfPage":{"@id":"https:\/\/veredes.es\/blog\/3-forum-internacional-de-construccion-con-madera\/#primaryimage"},"image":{"@id":"https:\/\/veredes.es\/blog\/3-forum-internacional-de-construccion-con-madera\/#primaryimage"},"thumbnailUrl":"https:\/\/veredes.es\/blog\/wp-content\/uploads\/2023\/03\/2o-Forum-Internacional-de-Construccion-con-Madera-2022.jpg","datePublished":"2023-03-15T23:01:44+00:00","dateModified":"2026-03-05T14:42:11+00:00","description":"Toda la informaci\u00f3n sobre: 3\u00ba F\u00f3rum Internacional de Construcci\u00f3n con Madera Busca generar un entorno profesional en el que promover sinergia","breadcrumb":{"@id":"https:\/\/veredes.es\/blog\/3-forum-internacional-de-construccion-con-madera\/#breadcrumb"},"inLanguage":"es","potentialAction":[{"@type":"ReadAction","target":["https:\/\/veredes.es\/blog\/3-forum-internacional-de-construccion-con-madera\/"]}]},{"@type":"ImageObject","inLanguage":"es","@id":"https:\/\/veredes.es\/blog\/3-forum-internacional-de-construccion-con-madera\/#primaryimage","url":"https:\/\/veredes.es\/blog\/wp-content\/uploads\/2023\/03\/2o-Forum-Internacional-de-Construccion-con-Madera-2022.jpg","contentUrl":"https:\/\/veredes.es\/blog\/wp-content\/uploads\/2023\/03\/2o-Forum-Internacional-de-Construccion-con-Madera-2022.jpg","width":886,"height":591,"caption":"2\u00ba F\u00f3rum Internacional de Construcci\u00f3n con Madera 2022"},{"@type":"BreadcrumbList","@id":"https:\/\/veredes.es\/blog\/3-forum-internacional-de-construccion-con-madera\/#breadcrumb","itemListElement":[{"@type":"ListItem","position":1,"name":"Portada","item":"https:\/\/veredes.es\/blog\/"},{"@type":"ListItem","position":2,"name":"3\u00ba F\u00f3rum Internacional de Construcci\u00f3n con Madera"}]},{"@type":"WebSite","@id":"https:\/\/veredes.es\/blog\/#website","url":"https:\/\/veredes.es\/blog\/","name":"veredes, arquitectura y divulgaci\u00f3n","description":"veredes","publisher":{"@id":"https:\/\/veredes.es\/blog\/#organization"},"alternateName":"veredes","potentialAction":[{"@type":"SearchAction","target":{"@type":"EntryPoint","urlTemplate":"https:\/\/veredes.es\/blog\/?s={search_term_string}"},"query-input":{"@type":"PropertyValueSpecification","valueRequired":true,"valueName":"search_term_string"}}],"inLanguage":"es"},{"@type":"Organization","@id":"https:\/\/veredes.es\/blog\/#organization","name":"veredes, arquitectura y divulgaci\u00f3n","alternateName":"veredes","url":"https:\/\/veredes.es\/blog\/","logo":{"@type":"ImageObject","inLanguage":"es","@id":"https:\/\/veredes.es\/blog\/#\/schema\/logo\/image\/","url":"https:\/\/veredes.es\/blog\/wp-content\/uploads\/2021\/12\/veredes-logo-centrado_140x54.png","contentUrl":"https:\/\/veredes.es\/blog\/wp-content\/uploads\/2021\/12\/veredes-logo-centrado_140x54.png","width":140,"height":54,"caption":"veredes, arquitectura y divulgaci\u00f3n"},"image":{"@id":"https:\/\/veredes.es\/blog\/#\/schema\/logo\/image\/"},"sameAs":["https:\/\/www.facebook.com\/veredesArquitecturayDivulgacion\/","https:\/\/x.com\/veredes","https:\/\/instagram.com\/veredes\/","https:\/\/www.linkedin.com\/company\/veredes-arquitectura-y-divulgacion\/","https:\/\/es.pinterest.com\/veredes\/","https:\/\/www.tumblr.com\/veredes"]},{"@type":"Person","@id":"https:\/\/veredes.es\/blog\/#\/schema\/person\/0bbb669073ef7faba5168a0844e93d2c","name":"veredes","image":{"@type":"ImageObject","inLanguage":"es","@id":"https:\/\/veredes.es\/blog\/wp-content\/uploads\/2018\/04\/face-96x96.jpg","url":"https:\/\/veredes.es\/blog\/wp-content\/uploads\/2018\/04\/face-96x96.jpg","contentUrl":"https:\/\/veredes.es\/blog\/wp-content\/uploads\/2018\/04\/face-96x96.jpg","caption":"veredes"},"description":"Surge enero de 2009 como b\u00fasqueda de satisfacer el conocimiento de la actividad arquitect\u00f3nica y tangentes que se generan. La idea es crear un espacio para divulgar los diversos proyectos en busca de nueva inspiraci\u00f3n y de intercambio.","sameAs":["https:\/\/veredes.es\/","https:\/\/www.facebook.com\/veredesArquitecturayDivulgacion\/","https:\/\/www.instagram.com\/veredes\/","https:\/\/www.linkedin.com\/company\/veredes-arquitectura-y-divulgacion\/","https:\/\/www.pinterest.es\/veredes\/","https:\/\/x.com\/https:\/\/twitter.com\/veredes","https:\/\/veredes.tumblr.com\/"],"url":"https:\/\/veredes.es\/blog\/author\/alberto\/"}]}},"_links":{"self":[{"href":"https:\/\/veredes.es\/blog\/wp-json\/wp\/v2\/posts\/93203","targetHints":{"allow":["GET"]}}],"collection":[{"href":"https:\/\/veredes.es\/blog\/wp-json\/wp\/v2\/posts"}],"about":[{"href":"https:\/\/veredes.es\/blog\/wp-json\/wp\/v2\/types\/post"}],"author":[{"embeddable":true,"href":"https:\/\/veredes.es\/blog\/wp-json\/wp\/v2\/users\/2"}],"replies":[{"embeddable":true,"href":"https:\/\/veredes.es\/blog\/wp-json\/wp\/v2\/comments?post=93203"}],"version-history":[{"count":1,"href":"https:\/\/veredes.es\/blog\/wp-json\/wp\/v2\/posts\/93203\/revisions"}],"predecessor-version":[{"id":105396,"href":"https:\/\/veredes.es\/blog\/wp-json\/wp\/v2\/posts\/93203\/revisions\/105396"}],"wp:featuredmedia":[{"embeddable":true,"href":"https:\/\/veredes.es\/blog\/wp-json\/wp\/v2\/media\/93205"}],"wp:attachment":[{"href":"https:\/\/veredes.es\/blog\/wp-json\/wp\/v2\/media?parent=93203"}],"wp:term":[{"taxonomy":"category","embeddable":true,"href":"https:\/\/veredes.es\/blog\/wp-json\/wp\/v2\/categories?post=93203"},{"taxonomy":"post_tag","embeddable":true,"href":"https:\/\/veredes.es\/blog\/wp-json\/wp\/v2\/tags?post=93203"}],"curies":[{"name":"wp","href":"https:\/\/api.w.org\/{rel}","templated":true}]}}