{"id":92683,"date":"2023-02-28T00:01:40","date_gmt":"2023-02-27T23:01:40","guid":{"rendered":"https:\/\/veredes.es\/blog\/?p=92683"},"modified":"2024-02-01T19:28:13","modified_gmt":"2024-02-01T18:28:13","slug":"rebuild-2023-del-28-al-30-de-marzo-en-ifema-madrid","status":"publish","type":"post","link":"https:\/\/veredes.es\/blog\/rebuild-2023-del-28-al-30-de-marzo-en-ifema-madrid\/","title":{"rendered":"REBUILD 2023, del 28 al 30 de marzo en IFEMA Madrid"},"content":{"rendered":"<h4 style=\"text-align: justify;\"><strong>REBUILD 2023, del 28 al 30 de marzo, congregar\u00e1 a m\u00e1s de 20.000 profesionales y convertir\u00e1 Madrid en la capital tecnol\u00f3gica de la edificaci\u00f3n<\/strong><\/h4>\n<p style=\"text-align: justify;\">Del 28 al 30 de marzo, m\u00e1s de 500 firmas expositoras del sector se dar\u00e1n cita para presentar sus soluciones m\u00e1s innovadoras en materia de construcci\u00f3n industrializada, sostenibilidad y tecnolog\u00eda.<\/p>\n<p style=\"text-align: justify;\">En poco m\u00e1s de un mes, del 28 al 30 de marzo, se dar\u00e1 el pistoletazo de salida a la sexta edici\u00f3n de <a href=\"https:\/\/veredes.es\/blog\/tag\/rebuild\/\" target=\"_blank\" rel=\"noopener\"><strong>REBUILD<\/strong><\/a>, el mayor punto de encuentro para todos los actores de la edificaci\u00f3n que buscan socio industrial para trabajar en proyectos industrializados, digitales y sostenibles. En este sentido, el evento reunir\u00e1 a m\u00e1s de 20.000 profesionales de todo el pa\u00eds, que convertir\u00e1n Madrid en capital tecnol\u00f3gica de la construcci\u00f3n durante los tres d\u00edas de cumbre.<\/p>\n<figure id=\"attachment_92687\" aria-describedby=\"caption-attachment-92687\" style=\"width: 1400px\" class=\"wp-caption alignnone\"><img loading=\"lazy\" decoding=\"async\" class=\"wp-image-92687 size-full\" title=\"REBUILD 2023, del 28 al 30 de marzo en IFEMA Madrid\" src=\"https:\/\/veredes.es\/blog\/wp-content\/uploads\/2023\/02\/REBUILD-2023-del-28-al-30-de-marzo-IFEMA-Madrid.jpg\" alt=\"REBUILD 2023, del 28 al 30 de marzo en IFEMA Madrid\" width=\"1400\" height=\"832\" srcset=\"https:\/\/veredes.es\/blog\/wp-content\/uploads\/2023\/02\/REBUILD-2023-del-28-al-30-de-marzo-IFEMA-Madrid.jpg 1400w, https:\/\/veredes.es\/blog\/wp-content\/uploads\/2023\/02\/REBUILD-2023-del-28-al-30-de-marzo-IFEMA-Madrid-300x178.jpg 300w, https:\/\/veredes.es\/blog\/wp-content\/uploads\/2023\/02\/REBUILD-2023-del-28-al-30-de-marzo-IFEMA-Madrid-1024x609.jpg 1024w, https:\/\/veredes.es\/blog\/wp-content\/uploads\/2023\/02\/REBUILD-2023-del-28-al-30-de-marzo-IFEMA-Madrid-696x414.jpg 696w, https:\/\/veredes.es\/blog\/wp-content\/uploads\/2023\/02\/REBUILD-2023-del-28-al-30-de-marzo-IFEMA-Madrid-1068x635.jpg 1068w\" sizes=\"auto, (max-width: 1400px) 100vw, 1400px\" \/><figcaption id=\"caption-attachment-92687\" class=\"wp-caption-text\"><span style=\"color: #999999;\">REBUILD 2023, del 28 al 30 de marzo en IFEMA Madrid<\/span><\/figcaption><\/figure>\n<h4><strong>\u00bfQu\u00e9 propone REBUILD 2023?<\/strong><\/h4>\n<p style=\"text-align: justify;\"><strong>David Mart\u00ednez<\/strong>, presidente de REBUILD y CEO de AEDAS Homes;<strong> Gema Traveria<\/strong>, directora de REBUILD; <strong>Ignasi P\u00e9rez-Arnal<\/strong>, director del Congreso Nacional de Arquitectura Avanzada y Construcci\u00f3n 4.0; y <strong>Alberto Planas<\/strong>, director general de Nebext, empresa organizadora, han presentado hoy los grandes ejes sobre los que pivotar\u00e1 esta edici\u00f3n, que ha ampliado su zona expositiva a dos pabellones de <strong>IFEMA Madrid<\/strong>, manteniendo su car\u00e1cter de evento boutique.<\/p>\n<p style=\"text-align: justify;\">Gema Traveria ha destacado que<\/p>\n<blockquote>\n<p style=\"text-align: justify;\"><em>\u201cnuestro crecimiento viene dado gracias al compromiso que hemos mostrado a\u00f1o tras a\u00f1o con el sector, impulsando una construcci\u00f3n m\u00e1s industrializada, digital y sostenible. As\u00ed, REBUILD 2023 ser\u00e1 el punto de reuni\u00f3n de referencia para todos los profesionales que conforman la cadena de valor de la edificaci\u00f3n, donde encontrar aquella soluci\u00f3n, material o tecnolog\u00eda con la que llevar a cabo nuevos proyectos. A su vez, seremos el foro de aprendizaje y de inspiraci\u00f3n bajo el contenido del programa del Congreso que hemos preparado en los 7 auditorios de esta nueva edici\u00f3n\u201d. <\/em><\/p>\n<\/blockquote>\n<p style=\"text-align: justify;\">De acuerdo con Traveria, de todos los perfiles que se re\u00fanen en el evento m\u00e1s del 75% son <em>\u2018decision makers\u2019<\/em> con necesidades reales,<\/p>\n<blockquote>\n<p style=\"text-align: justify;\"><em>\u201cpor lo que es en REBUILD donde se cierran muchas oportunidades de negocio y se crean sinergias a fin de estimular el conjunto de la industria\u201d.<\/em><\/p>\n<\/blockquote>\n<h5><strong>\u00bfQui\u00e9n participa?<\/strong><\/h5>\n<p style=\"text-align: justify;\">Con el objetivo de que los profesionales conozcan de primera mano las \u00faltimas soluciones, innovaciones y tecnolog\u00edas del mercado edificatorio, REBUILD contar\u00e1 con m\u00e1s de 500 firmas expositoras como ABB, ACR, Aedas Homes, Aldes, Aliaxis, Alpac, Arquima, Arboretum Haus, Baublock, BAXI, BMI Group, Danosa, Egoin, Evowall, ExSitu, Faveker, FINSA, Grupo Cetosa, Grupo Lobe, Holcim, Hormipresa, Jung, Leviat, Lignum Tech, Mitsubishi, Peronda, Ram\u00f3n Soler, Schneider, Siber, Sika, Sodeca, Soler&amp;Palau, Soprema, Tabihaus, Thermochip, Viuda de Sainz, Zehnder, o Zennio. Todos ellos ser\u00e1n los encargados de presentar las propuestas m\u00e1s disruptivas en materia de iluminaci\u00f3n, para interiores, cocina, ba\u00f1os, cerramientos, suelos y superficies, fachadas, eficiencia energ\u00e9tica o climatizaci\u00f3n, dom\u00f3tica, soluciones digitales y BIM o sistemas constructivos industrializados en 2D o 3D.<\/p>\n<p style=\"text-align: justify;\">Adem\u00e1s, la cumbre contar\u00e1 con la representaci\u00f3n de administraciones como el Ministerio de Transportes, Movilidad y Agenda Urbana, la Comunidad de Madrid, el Ayuntamiento de Madrid, o el Gobierno de Arag\u00f3n. En este \u00faltimo caso, la comunidad ha sido seleccionada por REBUILD como Regi\u00f3n europea innovadora 2023 por sus iniciativas en raz\u00f3n de vivienda social y por sus proyectos en materia de sostenibilidad, innovaci\u00f3n y rehabilitaci\u00f3n.<\/p>\n<figure id=\"attachment_92689\" aria-describedby=\"caption-attachment-92689\" style=\"width: 1400px\" class=\"wp-caption alignnone\"><img loading=\"lazy\" decoding=\"async\" class=\"wp-image-92689 size-full\" title=\"Presentaci\u00f3n de la sexta edici\u00f3n de REBUILD 2023, del 28 al 30 de marzo en IFEMA Madrid\" src=\"https:\/\/veredes.es\/blog\/wp-content\/uploads\/2023\/02\/Presentacion-de-la-sexta-edicion-de-REBUILD-2023-del-28-al-30-de-marzo-en-IFEMA-Madrid.jpg\" alt=\"Presentaci\u00f3n de la sexta edici\u00f3n de REBUILD 2023, del 28 al 30 de marzo en IFEMA Madrid\" width=\"1400\" height=\"1252\" srcset=\"https:\/\/veredes.es\/blog\/wp-content\/uploads\/2023\/02\/Presentacion-de-la-sexta-edicion-de-REBUILD-2023-del-28-al-30-de-marzo-en-IFEMA-Madrid.jpg 1400w, https:\/\/veredes.es\/blog\/wp-content\/uploads\/2023\/02\/Presentacion-de-la-sexta-edicion-de-REBUILD-2023-del-28-al-30-de-marzo-en-IFEMA-Madrid-300x268.jpg 300w, https:\/\/veredes.es\/blog\/wp-content\/uploads\/2023\/02\/Presentacion-de-la-sexta-edicion-de-REBUILD-2023-del-28-al-30-de-marzo-en-IFEMA-Madrid-1024x916.jpg 1024w, https:\/\/veredes.es\/blog\/wp-content\/uploads\/2023\/02\/Presentacion-de-la-sexta-edicion-de-REBUILD-2023-del-28-al-30-de-marzo-en-IFEMA-Madrid-696x622.jpg 696w, https:\/\/veredes.es\/blog\/wp-content\/uploads\/2023\/02\/Presentacion-de-la-sexta-edicion-de-REBUILD-2023-del-28-al-30-de-marzo-en-IFEMA-Madrid-1068x955.jpg 1068w\" sizes=\"auto, (max-width: 1400px) 100vw, 1400px\" \/><figcaption id=\"caption-attachment-92689\" class=\"wp-caption-text\"><span style=\"color: #999999;\">Presentaci\u00f3n de la sexta edici\u00f3n de REBUILD 2023, del 28 al 30 de marzo en IFEMA Madrid<\/span><\/figcaption><\/figure>\n<h5 style=\"text-align: justify;\"><strong>Promotores, constructores, arquitectos, ingenieros, dise\u00f1adores y l\u00edderes de opini\u00f3n, en el Congreso<\/strong><\/h5>\n<p style=\"text-align: justify;\">En el marco de REBUILD, se organizar\u00e1 una nueva edici\u00f3n del <strong>Congreso Nacional de Arquitectura Avanzada y Construcci\u00f3n 4.0,<\/strong> el mayor foro de conocimiento y tendencias con un programa \u00fanico de conferencias. M\u00e1s de 560 expertos en 7 auditorios funcionando en paralelo mostrar\u00e1n los proyectos m\u00e1s innovadores y casos de \u00e9xito para cada segmento del sector de la edificaci\u00f3n (vivienda, hotel, retail, oficina, sociosanitario e institucional) y con una agenda propia para cada perfil profesional (promotor, constructor, arquitecto, arquitecto t\u00e9cnico, inversor, ingeniero, instalador, o dise\u00f1ador).<\/p>\n<p style=\"text-align: justify;\">Para Ignasi P\u00e9rez-Arnal<\/p>\n<blockquote>\n<p style=\"text-align: justify;\"><em>\u201chemos logrado organizar el mayor congreso europeo de la edificaci\u00f3n con el objetivo desgranar el futuro de nuestro sector e incluso repasar cuestiones regulatorias urgentes sobre el uso de la madera, o la construcci\u00f3n industrializada y su financiaci\u00f3n. Al respecto, nuestra intenci\u00f3n es que los profesionales que intervienen en cada eslab\u00f3n puedan conocer las tendencias y desaf\u00edos que ya est\u00e1n sucediendo o est\u00e1n por venir. Igualmente, los \u2018keynote speakers\u2019 que estar\u00e1n en REBUILD son los \u00faltimos premios nacionales en Espa\u00f1a y tambi\u00e9n en Francia, de modo que contaremos con puntos de vista de muy alto valor\u201d.<\/em><\/p>\n<\/blockquote>\n<h4><strong>El Congreso Nacional de Arquitectura Avanzada y Construcci\u00f3n 4.0 <\/strong><\/h4>\n<p style=\"text-align: justify;\">Abordar\u00e1, con m\u00e1s de 560 expertos internacionales, cuestiones candentes como el impacto de la inflaci\u00f3n, la regulaci\u00f3n de la industrializaci\u00f3n, el uso de los NextGen, el trabajo colaborativo o la aplicaci\u00f3n de BIM.<\/p>\n<p style=\"text-align: justify;\">Como novedad, en el Congreso se pondr\u00e1 de manifiesto la necesidad de establecer un marco legal espec\u00edfico para la construcci\u00f3n industrializada con el prop\u00f3sito de acelerar el uso de este modelo, que actualmente representa un 2% de media en las edificaciones en Espa\u00f1a. Del mismo modo, se pondr\u00e1 el foco en la necesidad de gestionar correctamente los fondos NextGen, ya que hay partidas enfocadas a la rehabilitaci\u00f3n que a\u00fan est\u00e1n pendientes de activaci\u00f3n; de promover el uso de las energ\u00edas renovables; y de trabajar colaborativamente entre agentes, tanto en un formato p\u00fablico-privado como entre empresas y <em>stakeholders<\/em>. Adem\u00e1s, tambi\u00e9n se abordar\u00e1n retos y tendencias como la falta de talento en la edificaci\u00f3n, la aplicaci\u00f3n de la metodolog\u00eda BIM o el estado del <em>\u201cBuild to rent\u201d<\/em>.<\/p>\n<p style=\"text-align: justify;\">David Mart\u00ednez ha apuntado que<\/p>\n<blockquote>\n<p style=\"text-align: justify;\"><em>\u201cnos encontramos en un proceso de transformaci\u00f3n del sector y ante un escenario de escasez de mano de obra cualificada, lo que tiene un impacto en la industria. Sin embargo, somos un sector fuerte y creemos que el cambio que estamos experimentando desde un sistema tradicional a uno de m\u00e1s calidad, r\u00e1pido y eficiente, como el de la construcci\u00f3n industrializada, permitir\u00e1 impulsar todav\u00eda m\u00e1s el mercado de la vivienda en Espa\u00f1a\u201d. <\/em><\/p>\n<\/blockquote>\n<p style=\"text-align: justify;\">Del mismo modo, Mart\u00ednez ha remarcado la falta de inmuebles residenciales en el pa\u00eds, algo que se puede solucionar a partir de<\/p>\n<blockquote>\n<p style=\"text-align: justify;\"><em>\u201cformatos como el industrializado, que garantizar\u00e1n vivienda asequible para j\u00f3venes y familias con m\u00e1s necesidades\u201d.<\/em><\/p>\n<\/blockquote>\n<h5><strong>Ponentes del Congreso<\/strong><\/h5>\n<p style=\"text-align: justify;\">Ponentes de la talla de <strong>Carlos Lamela,<\/strong> Presidente Ejecutivo de Estudio Lamela; <strong>Jos\u00e9 Manuel Toral<\/strong>, de Peris+Toral Arquitectos; <strong>Sara de Giles<\/strong>, arquitecta y doctora de prestigio internacional que es socia de <strong>MGM Arquitectos<\/strong>; <strong>Borja Ferrater<\/strong>, Founding Partner de la Office of Architecture in Barcelona; <strong>Teresa Riesgo<\/strong>, Secretaria general de innovaci\u00f3n del Ministerio de Ciencia e Innovaci\u00f3n;<strong> Ferm\u00edn V\u00e1zquez,<\/strong> Arquitecto en b720 Ferm\u00edn V\u00e1zquez Arquitectos; <strong>Javier Sirvent<\/strong>, Technology Evangelist &amp; Polymata en Atlas Digital; <strong>Anna Guanter<\/strong>, Responsable de Innovaci\u00f3n Inmobiliaria en Culmia; <strong>\u00cd\u00f1igo Robles<\/strong>, Senior Pre-Construction Manager en Amazon; <strong>Alba Fern\u00e1ndez<\/strong>, abogada especializada en urbanismo y derecho inmobiliario; o<strong> Felipe Pich-Aguilera<\/strong>, Arquitecto &amp; Fundador de Picharchitects, compartir\u00e1n su visi\u00f3n para promover y lograr una edificaci\u00f3n m\u00e1s industrializada, digital y sostenible.<\/p>\n<h4><strong>\u00bfQuieres asistir?<\/strong><\/h4>\n<p style=\"text-align: justify;\"><strong>Para VEREDES, ARQUITECTURA Y DIVULGACI\u00d3N es un placer invitarte a REBUILD 2023 con 50% de descuento (c\u00f3digo M4EXX) en tu pase Premium VIP. Sigue este <a href=\"https:\/\/www.rebuildexpo.com\/\" target=\"_blank\" rel=\"noopener\">enlace<\/a>\u00a0o copiando el c\u00f3digo de la imagen para completar el registro.<\/strong><\/p>\n<ul>\n<li style=\"text-align: justify;\"><strong>C\u00f3digo ilimitado de 50% de descuento en ambos pases.<\/strong><\/li>\n<\/ul>\n<figure id=\"attachment_92691\" aria-describedby=\"caption-attachment-92691\" style=\"width: 837px\" class=\"wp-caption alignnone\"><img loading=\"lazy\" decoding=\"async\" class=\"size-full wp-image-92691\" src=\"https:\/\/veredes.es\/blog\/wp-content\/uploads\/2023\/02\/REBUILD-2023-del-28-al-30-de-marzo-en-IFEMA-Madrid-Descuento-50.jpg\" alt=\"REBUILD 2023, del 28 al 30 de marzo en IFEMA Madrid Descuento 50%\" width=\"837\" height=\"483\" srcset=\"https:\/\/veredes.es\/blog\/wp-content\/uploads\/2023\/02\/REBUILD-2023-del-28-al-30-de-marzo-en-IFEMA-Madrid-Descuento-50.jpg 837w, https:\/\/veredes.es\/blog\/wp-content\/uploads\/2023\/02\/REBUILD-2023-del-28-al-30-de-marzo-en-IFEMA-Madrid-Descuento-50-300x173.jpg 300w, https:\/\/veredes.es\/blog\/wp-content\/uploads\/2023\/02\/REBUILD-2023-del-28-al-30-de-marzo-en-IFEMA-Madrid-Descuento-50-696x402.jpg 696w\" sizes=\"auto, (max-width: 837px) 100vw, 837px\" \/><figcaption id=\"caption-attachment-92691\" class=\"wp-caption-text\"><span style=\"color: #999999;\">Descuento del 50%<\/span><\/figcaption><\/figure>\n","protected":false},"excerpt":{"rendered":"<p>REBUILD 2023, del 28 al 30 de marzo, congregar\u00e1 a m\u00e1s de 20.000 profesionales y convertir\u00e1 Madrid en la capital tecnol\u00f3gica de la edificaci\u00f3n Del 28 al 30 de marzo, m\u00e1s de 500 firmas expositoras del sector se dar\u00e1n cita para presentar sus soluciones m\u00e1s innovadoras en materia de construcci\u00f3n industrializada, sostenibilidad y tecnolog\u00eda. En [&hellip;]<\/p>\n","protected":false},"author":2,"featured_media":92687,"comment_status":"open","ping_status":"closed","sticky":false,"template":"","format":"standard","meta":{"footnotes":""},"categories":[5624],"tags":[16412,16411,145,2556,10290,12862,6917,357,361,365,2397,3291,7470,11798,571,12482,16407,4844,16408,708,16413,12685,814,2726,14625,16409,1271,16410],"class_list":{"0":"post-92683","1":"post","2":"type-post","3":"status-publish","4":"format-standard","5":"has-post-thumbnail","7":"category-deriva","8":"tag-alba-fernandez","9":"tag-anna-guanter","10":"tag-arquitectura-industrial","11":"tag-arquitectura-sostenible","12":"tag-borja-ferrater","13":"tag-carlos-lamela-de-vargas","14":"tag-ciudad-sostenible","15":"tag-conferencia","16":"tag-congreso","17":"tag-construccion","18":"tag-diseno-sostenible","19":"tag-etica-de-la-sostenibilidad","20":"tag-fabricacion-digital","21":"tag-felipe-pich-aguilera","22":"tag-feria","23":"tag-fermin-vazquez","24":"tag-gema-traveria","25":"tag-guallart-architects","26":"tag-ignasi-perez-arnal","27":"tag-industrializacion","28":"tag-inigo-robles","29":"tag-jose-manuel-toral","30":"tag-madrid","31":"tag-nueva-tecnologia","32":"tag-rebuild","33":"tag-sara-de-giles","34":"tag-tecnologia","35":"tag-teresa-riesgo"},"yoast_head":"<!-- This site is optimized with the Yoast SEO plugin v27.4 - https:\/\/yoast.com\/product\/yoast-seo-wordpress\/ -->\n<title>REBUILD 2023, del 28 al 30 de marzo en IFEMA Madrid - veredes<\/title>\n<meta name=\"description\" content=\"Toda la informaci\u00f3n sobre: REBUILD 2023, del 28 al 30 de marzo en IFEMA Madrid REBUILD 2023 marzo IFEMA Madrid\" \/>\n<meta name=\"robots\" content=\"index, follow, max-snippet:-1, max-image-preview:large, max-video-preview:-1\" \/>\n<link rel=\"canonical\" href=\"https:\/\/veredes.es\/blog\/rebuild-2023-del-28-al-30-de-marzo-en-ifema-madrid\/\" \/>\n<meta property=\"og:locale\" content=\"es_ES\" \/>\n<meta property=\"og:type\" content=\"article\" \/>\n<meta property=\"og:title\" content=\"REBUILD 2023, del 28 al 30 de marzo en IFEMA Madrid - veredes\" \/>\n<meta property=\"og:description\" content=\"Toda la informaci\u00f3n sobre: REBUILD 2023, del 28 al 30 de marzo en IFEMA Madrid REBUILD 2023 marzo IFEMA Madrid\" \/>\n<meta property=\"og:url\" content=\"https:\/\/veredes.es\/blog\/rebuild-2023-del-28-al-30-de-marzo-en-ifema-madrid\/\" \/>\n<meta property=\"og:site_name\" content=\"veredes, arquitectura y divulgaci\u00f3n\" \/>\n<meta property=\"article:publisher\" content=\"https:\/\/www.facebook.com\/veredesArquitecturayDivulgacion\/\" \/>\n<meta property=\"article:author\" content=\"https:\/\/www.facebook.com\/veredesArquitecturayDivulgacion\/\" \/>\n<meta property=\"article:published_time\" content=\"2023-02-27T23:01:40+00:00\" \/>\n<meta property=\"article:modified_time\" content=\"2024-02-01T18:28:13+00:00\" \/>\n<meta property=\"og:image\" content=\"https:\/\/veredes.es\/blog\/wp-content\/uploads\/2023\/02\/REBUILD-2023-del-28-al-30-de-marzo-IFEMA-Madrid.jpg\" \/>\n\t<meta property=\"og:image:width\" content=\"1400\" \/>\n\t<meta property=\"og:image:height\" content=\"832\" \/>\n\t<meta property=\"og:image:type\" content=\"image\/jpeg\" \/>\n<meta name=\"author\" content=\"veredes\" \/>\n<meta name=\"twitter:card\" content=\"summary_large_image\" \/>\n<meta name=\"twitter:creator\" content=\"@https:\/\/twitter.com\/veredes\" \/>\n<meta name=\"twitter:site\" content=\"@veredes\" \/>\n<meta name=\"twitter:label1\" content=\"Escrito por\" \/>\n\t<meta name=\"twitter:data1\" content=\"veredes\" \/>\n\t<meta name=\"twitter:label2\" content=\"Tiempo de lectura\" \/>\n\t<meta name=\"twitter:data2\" content=\"6 minutos\" \/>\n<script type=\"application\/ld+json\" class=\"yoast-schema-graph\">{\"@context\":\"https:\\\/\\\/schema.org\",\"@graph\":[{\"@type\":\"Article\",\"@id\":\"https:\\\/\\\/veredes.es\\\/blog\\\/rebuild-2023-del-28-al-30-de-marzo-en-ifema-madrid\\\/#article\",\"isPartOf\":{\"@id\":\"https:\\\/\\\/veredes.es\\\/blog\\\/rebuild-2023-del-28-al-30-de-marzo-en-ifema-madrid\\\/\"},\"author\":{\"name\":\"veredes\",\"@id\":\"https:\\\/\\\/veredes.es\\\/blog\\\/#\\\/schema\\\/person\\\/0bbb669073ef7faba5168a0844e93d2c\"},\"headline\":\"REBUILD 2023, del 28 al 30 de marzo en IFEMA Madrid\",\"datePublished\":\"2023-02-27T23:01:40+00:00\",\"dateModified\":\"2024-02-01T18:28:13+00:00\",\"mainEntityOfPage\":{\"@id\":\"https:\\\/\\\/veredes.es\\\/blog\\\/rebuild-2023-del-28-al-30-de-marzo-en-ifema-madrid\\\/\"},\"wordCount\":1338,\"commentCount\":0,\"publisher\":{\"@id\":\"https:\\\/\\\/veredes.es\\\/blog\\\/#organization\"},\"image\":{\"@id\":\"https:\\\/\\\/veredes.es\\\/blog\\\/rebuild-2023-del-28-al-30-de-marzo-en-ifema-madrid\\\/#primaryimage\"},\"thumbnailUrl\":\"https:\\\/\\\/veredes.es\\\/blog\\\/wp-content\\\/uploads\\\/2023\\\/02\\\/REBUILD-2023-del-28-al-30-de-marzo-IFEMA-Madrid.jpg\",\"keywords\":[\"Alba Fern\u00e1ndez\",\"Anna Guanter\",\"arquitectura industrial\",\"arquitectura sostenible\",\"Borja Ferrater\",\"Carlos Lamela de Vargas\",\"ciudad sostenible\",\"conferencia\",\"congreso\",\"construcci\u00f3n\",\"dise\u00f1o sostenible\",\"\u00e9tica de la sostenibilidad\",\"fabricaci\u00f3n digital\",\"Felipe Pich-Aguilera\",\"feria\",\"Ferm\u00edn V\u00e1zquez\",\"Gema Traveria\",\"guallart architects\",\"Ignasi P\u00e9rez-Arnal\",\"industrializaci\u00f3n\",\"\u00cd\u00f1igo Robles\",\"Jos\u00e9 Manuel Toral\",\"Madrid\",\"nueva tecnologia\",\"Rebuild\",\"Sara de Giles\",\"tecnolog\u00eda\",\"Teresa Riesgo\"],\"articleSection\":[\"deriva\"],\"inLanguage\":\"es\",\"potentialAction\":[{\"@type\":\"CommentAction\",\"name\":\"Comment\",\"target\":[\"https:\\\/\\\/veredes.es\\\/blog\\\/rebuild-2023-del-28-al-30-de-marzo-en-ifema-madrid\\\/#respond\"]}]},{\"@type\":\"WebPage\",\"@id\":\"https:\\\/\\\/veredes.es\\\/blog\\\/rebuild-2023-del-28-al-30-de-marzo-en-ifema-madrid\\\/\",\"url\":\"https:\\\/\\\/veredes.es\\\/blog\\\/rebuild-2023-del-28-al-30-de-marzo-en-ifema-madrid\\\/\",\"name\":\"REBUILD 2023, del 28 al 30 de marzo en IFEMA Madrid - veredes\",\"isPartOf\":{\"@id\":\"https:\\\/\\\/veredes.es\\\/blog\\\/#website\"},\"primaryImageOfPage\":{\"@id\":\"https:\\\/\\\/veredes.es\\\/blog\\\/rebuild-2023-del-28-al-30-de-marzo-en-ifema-madrid\\\/#primaryimage\"},\"image\":{\"@id\":\"https:\\\/\\\/veredes.es\\\/blog\\\/rebuild-2023-del-28-al-30-de-marzo-en-ifema-madrid\\\/#primaryimage\"},\"thumbnailUrl\":\"https:\\\/\\\/veredes.es\\\/blog\\\/wp-content\\\/uploads\\\/2023\\\/02\\\/REBUILD-2023-del-28-al-30-de-marzo-IFEMA-Madrid.jpg\",\"datePublished\":\"2023-02-27T23:01:40+00:00\",\"dateModified\":\"2024-02-01T18:28:13+00:00\",\"description\":\"Toda la informaci\u00f3n sobre: REBUILD 2023, del 28 al 30 de marzo en IFEMA Madrid REBUILD 2023 marzo IFEMA Madrid\",\"breadcrumb\":{\"@id\":\"https:\\\/\\\/veredes.es\\\/blog\\\/rebuild-2023-del-28-al-30-de-marzo-en-ifema-madrid\\\/#breadcrumb\"},\"inLanguage\":\"es\",\"potentialAction\":[{\"@type\":\"ReadAction\",\"target\":[\"https:\\\/\\\/veredes.es\\\/blog\\\/rebuild-2023-del-28-al-30-de-marzo-en-ifema-madrid\\\/\"]}]},{\"@type\":\"ImageObject\",\"inLanguage\":\"es\",\"@id\":\"https:\\\/\\\/veredes.es\\\/blog\\\/rebuild-2023-del-28-al-30-de-marzo-en-ifema-madrid\\\/#primaryimage\",\"url\":\"https:\\\/\\\/veredes.es\\\/blog\\\/wp-content\\\/uploads\\\/2023\\\/02\\\/REBUILD-2023-del-28-al-30-de-marzo-IFEMA-Madrid.jpg\",\"contentUrl\":\"https:\\\/\\\/veredes.es\\\/blog\\\/wp-content\\\/uploads\\\/2023\\\/02\\\/REBUILD-2023-del-28-al-30-de-marzo-IFEMA-Madrid.jpg\",\"width\":1400,\"height\":832,\"caption\":\"REBUILD 2023, del 28 al 30 de marzo en IFEMA Madrid\"},{\"@type\":\"BreadcrumbList\",\"@id\":\"https:\\\/\\\/veredes.es\\\/blog\\\/rebuild-2023-del-28-al-30-de-marzo-en-ifema-madrid\\\/#breadcrumb\",\"itemListElement\":[{\"@type\":\"ListItem\",\"position\":1,\"name\":\"Portada\",\"item\":\"https:\\\/\\\/veredes.es\\\/blog\\\/\"},{\"@type\":\"ListItem\",\"position\":2,\"name\":\"REBUILD 2023, del 28 al 30 de marzo en IFEMA Madrid\"}]},{\"@type\":\"WebSite\",\"@id\":\"https:\\\/\\\/veredes.es\\\/blog\\\/#website\",\"url\":\"https:\\\/\\\/veredes.es\\\/blog\\\/\",\"name\":\"veredes, arquitectura y divulgaci\u00f3n\",\"description\":\"veredes\",\"publisher\":{\"@id\":\"https:\\\/\\\/veredes.es\\\/blog\\\/#organization\"},\"alternateName\":\"veredes\",\"potentialAction\":[{\"@type\":\"SearchAction\",\"target\":{\"@type\":\"EntryPoint\",\"urlTemplate\":\"https:\\\/\\\/veredes.es\\\/blog\\\/?s={search_term_string}\"},\"query-input\":{\"@type\":\"PropertyValueSpecification\",\"valueRequired\":true,\"valueName\":\"search_term_string\"}}],\"inLanguage\":\"es\"},{\"@type\":\"Organization\",\"@id\":\"https:\\\/\\\/veredes.es\\\/blog\\\/#organization\",\"name\":\"veredes, arquitectura y divulgaci\u00f3n\",\"alternateName\":\"veredes\",\"url\":\"https:\\\/\\\/veredes.es\\\/blog\\\/\",\"logo\":{\"@type\":\"ImageObject\",\"inLanguage\":\"es\",\"@id\":\"https:\\\/\\\/veredes.es\\\/blog\\\/#\\\/schema\\\/logo\\\/image\\\/\",\"url\":\"https:\\\/\\\/veredes.es\\\/blog\\\/wp-content\\\/uploads\\\/2021\\\/12\\\/veredes-logo-centrado_140x54.png\",\"contentUrl\":\"https:\\\/\\\/veredes.es\\\/blog\\\/wp-content\\\/uploads\\\/2021\\\/12\\\/veredes-logo-centrado_140x54.png\",\"width\":140,\"height\":54,\"caption\":\"veredes, arquitectura y divulgaci\u00f3n\"},\"image\":{\"@id\":\"https:\\\/\\\/veredes.es\\\/blog\\\/#\\\/schema\\\/logo\\\/image\\\/\"},\"sameAs\":[\"https:\\\/\\\/www.facebook.com\\\/veredesArquitecturayDivulgacion\\\/\",\"https:\\\/\\\/x.com\\\/veredes\",\"https:\\\/\\\/instagram.com\\\/veredes\\\/\",\"https:\\\/\\\/www.linkedin.com\\\/company\\\/veredes-arquitectura-y-divulgacion\\\/\",\"https:\\\/\\\/es.pinterest.com\\\/veredes\\\/\",\"https:\\\/\\\/www.tumblr.com\\\/veredes\"]},{\"@type\":\"Person\",\"@id\":\"https:\\\/\\\/veredes.es\\\/blog\\\/#\\\/schema\\\/person\\\/0bbb669073ef7faba5168a0844e93d2c\",\"name\":\"veredes\",\"image\":{\"@type\":\"ImageObject\",\"inLanguage\":\"es\",\"@id\":\"https:\\\/\\\/veredes.es\\\/blog\\\/wp-content\\\/uploads\\\/2018\\\/04\\\/face-96x96.jpg\",\"url\":\"https:\\\/\\\/veredes.es\\\/blog\\\/wp-content\\\/uploads\\\/2018\\\/04\\\/face-96x96.jpg\",\"contentUrl\":\"https:\\\/\\\/veredes.es\\\/blog\\\/wp-content\\\/uploads\\\/2018\\\/04\\\/face-96x96.jpg\",\"caption\":\"veredes\"},\"description\":\"Surge enero de 2009 como b\u00fasqueda de satisfacer el conocimiento de la actividad arquitect\u00f3nica y tangentes que se generan. La idea es crear un espacio para divulgar los diversos proyectos en busca de nueva inspiraci\u00f3n y de intercambio.\",\"sameAs\":[\"https:\\\/\\\/veredes.es\\\/\",\"https:\\\/\\\/www.facebook.com\\\/veredesArquitecturayDivulgacion\\\/\",\"https:\\\/\\\/www.instagram.com\\\/veredes\\\/\",\"https:\\\/\\\/www.linkedin.com\\\/company\\\/veredes-arquitectura-y-divulgacion\\\/\",\"https:\\\/\\\/www.pinterest.es\\\/veredes\\\/\",\"https:\\\/\\\/x.com\\\/https:\\\/\\\/twitter.com\\\/veredes\",\"https:\\\/\\\/veredes.tumblr.com\\\/\"],\"url\":\"https:\\\/\\\/veredes.es\\\/blog\\\/author\\\/alberto\\\/\"}]}<\/script>\n<!-- \/ Yoast SEO plugin. -->","yoast_head_json":{"title":"REBUILD 2023, del 28 al 30 de marzo en IFEMA Madrid - veredes","description":"Toda la informaci\u00f3n sobre: REBUILD 2023, del 28 al 30 de marzo en IFEMA Madrid REBUILD 2023 marzo IFEMA Madrid","robots":{"index":"index","follow":"follow","max-snippet":"max-snippet:-1","max-image-preview":"max-image-preview:large","max-video-preview":"max-video-preview:-1"},"canonical":"https:\/\/veredes.es\/blog\/rebuild-2023-del-28-al-30-de-marzo-en-ifema-madrid\/","og_locale":"es_ES","og_type":"article","og_title":"REBUILD 2023, del 28 al 30 de marzo en IFEMA Madrid - veredes","og_description":"Toda la informaci\u00f3n sobre: REBUILD 2023, del 28 al 30 de marzo en IFEMA Madrid REBUILD 2023 marzo IFEMA Madrid","og_url":"https:\/\/veredes.es\/blog\/rebuild-2023-del-28-al-30-de-marzo-en-ifema-madrid\/","og_site_name":"veredes, arquitectura y divulgaci\u00f3n","article_publisher":"https:\/\/www.facebook.com\/veredesArquitecturayDivulgacion\/","article_author":"https:\/\/www.facebook.com\/veredesArquitecturayDivulgacion\/","article_published_time":"2023-02-27T23:01:40+00:00","article_modified_time":"2024-02-01T18:28:13+00:00","og_image":[{"width":1400,"height":832,"url":"https:\/\/veredes.es\/blog\/wp-content\/uploads\/2023\/02\/REBUILD-2023-del-28-al-30-de-marzo-IFEMA-Madrid.jpg","type":"image\/jpeg"}],"author":"veredes","twitter_card":"summary_large_image","twitter_creator":"@https:\/\/twitter.com\/veredes","twitter_site":"@veredes","twitter_misc":{"Escrito por":"veredes","Tiempo de lectura":"6 minutos"},"schema":{"@context":"https:\/\/schema.org","@graph":[{"@type":"Article","@id":"https:\/\/veredes.es\/blog\/rebuild-2023-del-28-al-30-de-marzo-en-ifema-madrid\/#article","isPartOf":{"@id":"https:\/\/veredes.es\/blog\/rebuild-2023-del-28-al-30-de-marzo-en-ifema-madrid\/"},"author":{"name":"veredes","@id":"https:\/\/veredes.es\/blog\/#\/schema\/person\/0bbb669073ef7faba5168a0844e93d2c"},"headline":"REBUILD 2023, del 28 al 30 de marzo en IFEMA Madrid","datePublished":"2023-02-27T23:01:40+00:00","dateModified":"2024-02-01T18:28:13+00:00","mainEntityOfPage":{"@id":"https:\/\/veredes.es\/blog\/rebuild-2023-del-28-al-30-de-marzo-en-ifema-madrid\/"},"wordCount":1338,"commentCount":0,"publisher":{"@id":"https:\/\/veredes.es\/blog\/#organization"},"image":{"@id":"https:\/\/veredes.es\/blog\/rebuild-2023-del-28-al-30-de-marzo-en-ifema-madrid\/#primaryimage"},"thumbnailUrl":"https:\/\/veredes.es\/blog\/wp-content\/uploads\/2023\/02\/REBUILD-2023-del-28-al-30-de-marzo-IFEMA-Madrid.jpg","keywords":["Alba Fern\u00e1ndez","Anna Guanter","arquitectura industrial","arquitectura sostenible","Borja Ferrater","Carlos Lamela de Vargas","ciudad sostenible","conferencia","congreso","construcci\u00f3n","dise\u00f1o sostenible","\u00e9tica de la sostenibilidad","fabricaci\u00f3n digital","Felipe Pich-Aguilera","feria","Ferm\u00edn V\u00e1zquez","Gema Traveria","guallart architects","Ignasi P\u00e9rez-Arnal","industrializaci\u00f3n","\u00cd\u00f1igo Robles","Jos\u00e9 Manuel Toral","Madrid","nueva tecnologia","Rebuild","Sara de Giles","tecnolog\u00eda","Teresa Riesgo"],"articleSection":["deriva"],"inLanguage":"es","potentialAction":[{"@type":"CommentAction","name":"Comment","target":["https:\/\/veredes.es\/blog\/rebuild-2023-del-28-al-30-de-marzo-en-ifema-madrid\/#respond"]}]},{"@type":"WebPage","@id":"https:\/\/veredes.es\/blog\/rebuild-2023-del-28-al-30-de-marzo-en-ifema-madrid\/","url":"https:\/\/veredes.es\/blog\/rebuild-2023-del-28-al-30-de-marzo-en-ifema-madrid\/","name":"REBUILD 2023, del 28 al 30 de marzo en IFEMA Madrid - veredes","isPartOf":{"@id":"https:\/\/veredes.es\/blog\/#website"},"primaryImageOfPage":{"@id":"https:\/\/veredes.es\/blog\/rebuild-2023-del-28-al-30-de-marzo-en-ifema-madrid\/#primaryimage"},"image":{"@id":"https:\/\/veredes.es\/blog\/rebuild-2023-del-28-al-30-de-marzo-en-ifema-madrid\/#primaryimage"},"thumbnailUrl":"https:\/\/veredes.es\/blog\/wp-content\/uploads\/2023\/02\/REBUILD-2023-del-28-al-30-de-marzo-IFEMA-Madrid.jpg","datePublished":"2023-02-27T23:01:40+00:00","dateModified":"2024-02-01T18:28:13+00:00","description":"Toda la informaci\u00f3n sobre: REBUILD 2023, del 28 al 30 de marzo en IFEMA Madrid REBUILD 2023 marzo IFEMA Madrid","breadcrumb":{"@id":"https:\/\/veredes.es\/blog\/rebuild-2023-del-28-al-30-de-marzo-en-ifema-madrid\/#breadcrumb"},"inLanguage":"es","potentialAction":[{"@type":"ReadAction","target":["https:\/\/veredes.es\/blog\/rebuild-2023-del-28-al-30-de-marzo-en-ifema-madrid\/"]}]},{"@type":"ImageObject","inLanguage":"es","@id":"https:\/\/veredes.es\/blog\/rebuild-2023-del-28-al-30-de-marzo-en-ifema-madrid\/#primaryimage","url":"https:\/\/veredes.es\/blog\/wp-content\/uploads\/2023\/02\/REBUILD-2023-del-28-al-30-de-marzo-IFEMA-Madrid.jpg","contentUrl":"https:\/\/veredes.es\/blog\/wp-content\/uploads\/2023\/02\/REBUILD-2023-del-28-al-30-de-marzo-IFEMA-Madrid.jpg","width":1400,"height":832,"caption":"REBUILD 2023, del 28 al 30 de marzo en IFEMA Madrid"},{"@type":"BreadcrumbList","@id":"https:\/\/veredes.es\/blog\/rebuild-2023-del-28-al-30-de-marzo-en-ifema-madrid\/#breadcrumb","itemListElement":[{"@type":"ListItem","position":1,"name":"Portada","item":"https:\/\/veredes.es\/blog\/"},{"@type":"ListItem","position":2,"name":"REBUILD 2023, del 28 al 30 de marzo en IFEMA Madrid"}]},{"@type":"WebSite","@id":"https:\/\/veredes.es\/blog\/#website","url":"https:\/\/veredes.es\/blog\/","name":"veredes, arquitectura y divulgaci\u00f3n","description":"veredes","publisher":{"@id":"https:\/\/veredes.es\/blog\/#organization"},"alternateName":"veredes","potentialAction":[{"@type":"SearchAction","target":{"@type":"EntryPoint","urlTemplate":"https:\/\/veredes.es\/blog\/?s={search_term_string}"},"query-input":{"@type":"PropertyValueSpecification","valueRequired":true,"valueName":"search_term_string"}}],"inLanguage":"es"},{"@type":"Organization","@id":"https:\/\/veredes.es\/blog\/#organization","name":"veredes, arquitectura y divulgaci\u00f3n","alternateName":"veredes","url":"https:\/\/veredes.es\/blog\/","logo":{"@type":"ImageObject","inLanguage":"es","@id":"https:\/\/veredes.es\/blog\/#\/schema\/logo\/image\/","url":"https:\/\/veredes.es\/blog\/wp-content\/uploads\/2021\/12\/veredes-logo-centrado_140x54.png","contentUrl":"https:\/\/veredes.es\/blog\/wp-content\/uploads\/2021\/12\/veredes-logo-centrado_140x54.png","width":140,"height":54,"caption":"veredes, arquitectura y divulgaci\u00f3n"},"image":{"@id":"https:\/\/veredes.es\/blog\/#\/schema\/logo\/image\/"},"sameAs":["https:\/\/www.facebook.com\/veredesArquitecturayDivulgacion\/","https:\/\/x.com\/veredes","https:\/\/instagram.com\/veredes\/","https:\/\/www.linkedin.com\/company\/veredes-arquitectura-y-divulgacion\/","https:\/\/es.pinterest.com\/veredes\/","https:\/\/www.tumblr.com\/veredes"]},{"@type":"Person","@id":"https:\/\/veredes.es\/blog\/#\/schema\/person\/0bbb669073ef7faba5168a0844e93d2c","name":"veredes","image":{"@type":"ImageObject","inLanguage":"es","@id":"https:\/\/veredes.es\/blog\/wp-content\/uploads\/2018\/04\/face-96x96.jpg","url":"https:\/\/veredes.es\/blog\/wp-content\/uploads\/2018\/04\/face-96x96.jpg","contentUrl":"https:\/\/veredes.es\/blog\/wp-content\/uploads\/2018\/04\/face-96x96.jpg","caption":"veredes"},"description":"Surge enero de 2009 como b\u00fasqueda de satisfacer el conocimiento de la actividad arquitect\u00f3nica y tangentes que se generan. La idea es crear un espacio para divulgar los diversos proyectos en busca de nueva inspiraci\u00f3n y de intercambio.","sameAs":["https:\/\/veredes.es\/","https:\/\/www.facebook.com\/veredesArquitecturayDivulgacion\/","https:\/\/www.instagram.com\/veredes\/","https:\/\/www.linkedin.com\/company\/veredes-arquitectura-y-divulgacion\/","https:\/\/www.pinterest.es\/veredes\/","https:\/\/x.com\/https:\/\/twitter.com\/veredes","https:\/\/veredes.tumblr.com\/"],"url":"https:\/\/veredes.es\/blog\/author\/alberto\/"}]}},"_links":{"self":[{"href":"https:\/\/veredes.es\/blog\/wp-json\/wp\/v2\/posts\/92683","targetHints":{"allow":["GET"]}}],"collection":[{"href":"https:\/\/veredes.es\/blog\/wp-json\/wp\/v2\/posts"}],"about":[{"href":"https:\/\/veredes.es\/blog\/wp-json\/wp\/v2\/types\/post"}],"author":[{"embeddable":true,"href":"https:\/\/veredes.es\/blog\/wp-json\/wp\/v2\/users\/2"}],"replies":[{"embeddable":true,"href":"https:\/\/veredes.es\/blog\/wp-json\/wp\/v2\/comments?post=92683"}],"version-history":[{"count":0,"href":"https:\/\/veredes.es\/blog\/wp-json\/wp\/v2\/posts\/92683\/revisions"}],"wp:featuredmedia":[{"embeddable":true,"href":"https:\/\/veredes.es\/blog\/wp-json\/wp\/v2\/media\/92687"}],"wp:attachment":[{"href":"https:\/\/veredes.es\/blog\/wp-json\/wp\/v2\/media?parent=92683"}],"wp:term":[{"taxonomy":"category","embeddable":true,"href":"https:\/\/veredes.es\/blog\/wp-json\/wp\/v2\/categories?post=92683"},{"taxonomy":"post_tag","embeddable":true,"href":"https:\/\/veredes.es\/blog\/wp-json\/wp\/v2\/tags?post=92683"}],"curies":[{"name":"wp","href":"https:\/\/api.w.org\/{rel}","templated":true}]}}