{"id":9244,"date":"2016-12-26T00:30:26","date_gmt":"2016-12-25T23:30:26","guid":{"rendered":"http:\/\/veredes.es\/blog\/?p=9244"},"modified":"2018-04-23T19:45:34","modified_gmt":"2018-04-23T17:45:34","slug":"a-su-aire-sergio-de-miguel","status":"publish","type":"post","link":"https:\/\/veredes.es\/blog\/a-su-aire-sergio-de-miguel\/","title":{"rendered":"A su aire | Sergio de Miguel"},"content":{"rendered":"<p><figure id=\"attachment_53872\" aria-describedby=\"caption-attachment-53872\" style=\"width: 620px\" class=\"wp-caption alignnone\"><a href=\"http:\/\/veredes.es\/blog\/wp-content\/uploads\/2011\/02\/colegio-Maravillas.jpg\"><img loading=\"lazy\" decoding=\"async\" class=\"size-full wp-image-53872\" title=\"colegio-Maravillas\" src=\"http:\/\/veredes.es\/blog\/wp-content\/uploads\/2011\/02\/colegio-Maravillas.jpg\" alt=\"\" width=\"620\" height=\"386\" srcset=\"https:\/\/veredes.es\/blog\/wp-content\/uploads\/2011\/02\/colegio-Maravillas.jpg 620w, https:\/\/veredes.es\/blog\/wp-content\/uploads\/2011\/02\/colegio-Maravillas-300x186.jpg 300w\" sizes=\"auto, (max-width: 620px) 100vw, 620px\" \/><\/a><figcaption id=\"caption-attachment-53872\" class=\"wp-caption-text\"><span style=\"color: #888888;\">Boceto del Colegio Maravillas, Alejandro de la Sota<\/span><\/figcaption><\/figure><\/p>\n<p style=\"text-align: justify;\">En 1962, el inolvidable Sota nos dej\u00f3 una joya en Madrid.<\/p>\n<p style=\"text-align: justify;\">Un gimnasio, para un colegio. Un edificio transici\u00f3n. Una secci\u00f3n. Una actitud. Un ejercicio de bondad arquitect\u00f3nica.<\/p>\n<p style=\"text-align: justify;\">Hab\u00eda que salvar un desnivel incorporando una ampliaci\u00f3n al colegio Maravillas. Resolver el escal\u00f3n. Dando un suelo al patio de juegos por arriba y una fachada a la calle por abajo.<\/p>\n<p style=\"text-align: justify;\">Y en medio un prodigio.<\/p>\n<p style=\"text-align: justify;\">La memoria del proyecto explica:<\/p>\n<blockquote>\n<p style=\"text-align: justify;\"><em>\u00abTerreno existente en fuerte ladera; muros de contenci\u00f3n escalonados de hormig\u00f3n en masa. Diferencia de cotas entre calle de fachada y patio superior, 12 metros. Orientaci\u00f3n, Mediod\u00eda. Accesos, inferior desde la calle y superior desde el patio. S\u00f3tano destinado a vestuarios del gimnasio y campo de entrenamiento de hockey sobre patines; planta baja, a cancha de juegos y cuarto de profesores de gimnasia. Entreplantas primera y segunda, congregaciones, antiguos alumnos y psicotecnia. Planta alta destinada a Museos de Ciencias Naturales, F\u00edsica, salas de conferencias, de juegos, de M\u00fasica, lectura, etc. Patio superior para juegos al aire libre, continuaci\u00f3n del m\u00e1s reducido, ya existente. <\/em><\/p>\n<p style=\"text-align: justify;\"><em>Tema dominante: gimnasio cubierto. <\/em><br \/>\n<em> Estructura de hormig\u00f3n en s\u00f3tanos, de hierro el resto. En la sala, pilares de ocho metros de altura separados a seis metros, soportando vigas-puente de 20 metros de luz. Forjados de viguetas met\u00e1licas y Viroterm, absorbente de ruidos, en la l\u00ednea baja de las vigas, utilizado conjuntamente como piso de las plantas superiores y techo del gimnasio. Suelo el\u00e1stico de madera en cancha. Se trat\u00f3 de conseguir un ambiente cargado de humanidad, neutralizador de la frialdad gimn\u00e1stica; se usaron materiales calientes en color y materia; fue \u00e9sta la principal preocupaci\u00f3n arquitect\u00f3nica ambiental.\u00bb<\/em><\/p>\n<\/blockquote>\n<p style=\"text-align: justify;\">Y Sota, a\u00f1os despu\u00e9s, apunta:<\/p>\n<blockquote>\n<p style=\"text-align: justify;\"><em>\u00abEste edificio del a\u00f1o 62 naci\u00f3 a su aire. Preocupados con los problemas urbanos, aprovechamiento del mal solar, econ\u00f3micos, no dio margen para preocuparse por una arquitectura determinada; por eso carece de cualquiera de ellas. Tal vez sea otra; tal vez. Explicarlo llevar\u00eda a la pol\u00e9mica de: Arquitectura s\u00ed, Arquitectura no. Situado el volumen del gimnasio propiamente dicho en la cota justa, se a\u00f1aden por el arquitecto al programa el s\u00f3tano, las clases (cubierta del gimnasio) y la terraza (patio de juegos) en la cota del Colegio. Con la elecci\u00f3n de la estructura apropiada se consiguen, en el interior del gimnasio y las clases, efectos arquitect\u00f3nicos. <\/em><\/p>\n<p style=\"text-align: justify;\"><em>Los miradores exteriores le devuelven al gran muro la escala urbana. Se remata todo con la valla de protecci\u00f3n del patio, que juega con el conjunto y tambi\u00e9n es fachada.\u00bb<\/em><\/p>\n<\/blockquote>\n<p style=\"text-align: justify;\">Nos dej\u00f3 sus \u00abefectos arquitect\u00f3nicos\u00bb. Nos regal\u00f3 muchas lecciones \u00abcargadas de humanidad\u00bb.<\/p>\n<p style=\"text-align: justify;\">Pero lo m\u00e1s elocuente, a mi juicio, es que naciera \u00aba su aire\u00bb.<\/p>\n<p style=\"text-align: justify;\">Su comentario acaba diciendo:<\/p>\n<blockquote>\n<p style=\"text-align: justify;\"><em>\u00abEl gimnasio de Maravillas tiene ya 22 a\u00f1os. No s\u00e9 por qu\u00e9 lo hice as\u00ed pero lo que s\u00ed s\u00e9 es que no me disgusta haberlo hecho. Creo que el no hacer Arquitectura es un camino para hacerla y todos cuantos no la hagamos habremos hecho m\u00e1s por ella que los que, aprendida, la siguen haciendo. Entonces se resolvi\u00f3 un problema y sigue funcionando y me parece que nadie echa en falta la Arquitectura que no tiene.\u00bb<\/em><\/p>\n<\/blockquote>\n<p style=\"text-align: justify;\">C\u00f3mo hacer sin hacer. C\u00f3mo construir \u00absin arquitectura\u00bb. C\u00f3mo habitar con silencios.<\/p>\n<p style=\"text-align: justify;\">Pasados ya muchos a\u00f1os desde su desaparici\u00f3n, Sota sigue contando.<\/p>\n<p style=\"text-align: justify;\">Su actitud de renuncia, su desbordante inteligencia arquitect\u00f3nica, ponen a nuestro alcance algo m\u00e1s que \u00abmaravillosos\u00bb edificios. Ponen de relieve la existencia de una \u00abno arquitectura\u00bb.<\/p>\n<p style=\"text-align: justify;\">El poder de la negaci\u00f3n.<\/p>\n<p style=\"text-align: justify;\">El aire es de todos.<\/p>\n<figure id=\"attachment_53873\" aria-describedby=\"caption-attachment-53873\" style=\"width: 620px\" class=\"wp-caption alignnone\"><a href=\"http:\/\/veredes.es\/blog\/wp-content\/uploads\/2011\/02\/Alejandro-de-la-Sota.jpg\"><img loading=\"lazy\" decoding=\"async\" class=\" wp-image-53873\" title=\"Alejandro de la Sota\" src=\"http:\/\/veredes.es\/blog\/wp-content\/uploads\/2011\/02\/Alejandro-de-la-Sota.jpg\" alt=\"\" width=\"620\" height=\"611\" srcset=\"https:\/\/veredes.es\/blog\/wp-content\/uploads\/2011\/02\/Alejandro-de-la-Sota.jpg 320w, https:\/\/veredes.es\/blog\/wp-content\/uploads\/2011\/02\/Alejandro-de-la-Sota-300x296.jpg 300w\" sizes=\"auto, (max-width: 620px) 100vw, 620px\" \/><\/a><figcaption id=\"caption-attachment-53873\" class=\"wp-caption-text\"><span style=\"color: #888888;\">Obra del Colegio Maravillas, Alejandro de la Sota<\/span><\/figcaption><\/figure>\n<p style=\"text-align: justify;\">Sergio de Miguel, arquitecto<br \/>\nMadrid, marzo 2010<\/p>\n<p><\/p>","protected":false},"excerpt":{"rendered":"<p>En 1962, el inolvidable Sota nos dej\u00f3 una joya en Madrid. Un gimnasio, para un colegio. Un edificio transici\u00f3n. Una secci\u00f3n. Una actitud. Un ejercicio de bondad arquitect\u00f3nica. Hab\u00eda que salvar un desnivel incorporando una ampliaci\u00f3n al colegio Maravillas. Resolver el escal\u00f3n. Dando un suelo al patio de juegos por arriba y una fachada a [&hellip;]<\/p>\n","protected":false},"author":24,"featured_media":53872,"comment_status":"open","ping_status":"closed","sticky":false,"template":"","format":"standard","meta":{"footnotes":""},"categories":[5934,5951],"tags":[93,2631,5865,147,12442,8309,668,815,5945],"class_list":{"0":"post-9244","1":"post","2":"type-post","3":"status-publish","4":"format-standard","5":"has-post-thumbnail","7":"category-articulos","8":"category-slider-principal","10":"tag-arquitectura-espanola","11":"tag-arquitectura-gallega","12":"tag-arquitectura-moderna","13":"tag-equipamiento-deportivo","14":"tag-fundacion-alejandro-de-la-sota","15":"tag-historia","16":"tag-maestro","17":"tag-sergio-de-miguel"},"yoast_head":"<!-- This site is optimized with the Yoast SEO plugin v27.5 - https:\/\/yoast.com\/product\/yoast-seo-wordpress\/ -->\n<title>A su aire | Sergio de Miguel<\/title>\n<meta name=\"description\" content=\"A su aire\" \/>\n<meta name=\"robots\" content=\"index, follow, max-snippet:-1, max-image-preview:large, max-video-preview:-1\" \/>\n<link rel=\"canonical\" href=\"https:\/\/veredes.es\/blog\/a-su-aire-sergio-de-miguel\/\" \/>\n<meta property=\"og:locale\" content=\"es_ES\" \/>\n<meta property=\"og:type\" content=\"article\" \/>\n<meta property=\"og:title\" content=\"A su aire | Sergio de Miguel\" \/>\n<meta property=\"og:description\" content=\"A su aire\" \/>\n<meta property=\"og:url\" content=\"https:\/\/veredes.es\/blog\/a-su-aire-sergio-de-miguel\/\" \/>\n<meta property=\"og:site_name\" content=\"veredes, arquitectura y divulgaci\u00f3n\" \/>\n<meta property=\"article:publisher\" content=\"https:\/\/www.facebook.com\/veredesArquitecturayDivulgacion\/\" \/>\n<meta property=\"article:author\" content=\"https:\/\/www.facebook.com\/sdmhand\" \/>\n<meta property=\"article:published_time\" content=\"2016-12-25T23:30:26+00:00\" \/>\n<meta property=\"article:modified_time\" content=\"2018-04-23T17:45:34+00:00\" \/>\n<meta property=\"og:image\" content=\"https:\/\/veredes.es\/blog\/wp-content\/uploads\/2011\/02\/colegio-Maravillas.jpg\" \/>\n\t<meta property=\"og:image:width\" content=\"620\" \/>\n\t<meta property=\"og:image:height\" content=\"386\" \/>\n\t<meta property=\"og:image:type\" content=\"image\/jpeg\" \/>\n<meta name=\"author\" content=\"Sergio de Miguel Garc\u00eda\" \/>\n<meta name=\"twitter:card\" content=\"summary_large_image\" \/>\n<meta name=\"twitter:creator\" content=\"@https:\/\/twitter.com\/sdmhand\" \/>\n<meta name=\"twitter:site\" content=\"@veredes\" \/>\n<meta name=\"twitter:label1\" content=\"Escrito por\" \/>\n\t<meta name=\"twitter:data1\" content=\"Sergio de Miguel Garc\u00eda\" \/>\n\t<meta name=\"twitter:label2\" content=\"Tiempo de lectura\" \/>\n\t<meta name=\"twitter:data2\" content=\"10 minutos\" \/>\n<script type=\"application\/ld+json\" class=\"yoast-schema-graph\">{\"@context\":\"https:\\\/\\\/schema.org\",\"@graph\":[{\"@type\":\"Article\",\"@id\":\"https:\\\/\\\/veredes.es\\\/blog\\\/a-su-aire-sergio-de-miguel\\\/#article\",\"isPartOf\":{\"@id\":\"https:\\\/\\\/veredes.es\\\/blog\\\/a-su-aire-sergio-de-miguel\\\/\"},\"author\":{\"name\":\"Sergio de Miguel Garc\u00eda\",\"@id\":\"https:\\\/\\\/veredes.es\\\/blog\\\/#\\\/schema\\\/person\\\/03abd4607ec3697544ddb6c9e3f6164c\"},\"headline\":\"A su aire | Sergio de Miguel\",\"datePublished\":\"2016-12-25T23:30:26+00:00\",\"dateModified\":\"2018-04-23T17:45:34+00:00\",\"mainEntityOfPage\":{\"@id\":\"https:\\\/\\\/veredes.es\\\/blog\\\/a-su-aire-sergio-de-miguel\\\/\"},\"wordCount\":1969,\"commentCount\":31,\"publisher\":{\"@id\":\"https:\\\/\\\/veredes.es\\\/blog\\\/#organization\"},\"image\":{\"@id\":\"https:\\\/\\\/veredes.es\\\/blog\\\/a-su-aire-sergio-de-miguel\\\/#primaryimage\"},\"thumbnailUrl\":\"https:\\\/\\\/veredes.es\\\/blog\\\/wp-content\\\/uploads\\\/2011\\\/02\\\/colegio-Maravillas.jpg\",\"keywords\":[\"Alejandro de la Sota\",\"arquitectura espa\u00f1ola\",\"arquitectura gallega\",\"arquitectura moderna\",\"equipamiento deportivo\",\"fundaci\u00f3n Alejandro de la Sota\",\"historia\",\"maestro\",\"Sergio de Miguel\"],\"articleSection\":[\"art\u00edculos\",\"slider principal\"],\"inLanguage\":\"es\",\"potentialAction\":[{\"@type\":\"CommentAction\",\"name\":\"Comment\",\"target\":[\"https:\\\/\\\/veredes.es\\\/blog\\\/a-su-aire-sergio-de-miguel\\\/#respond\"]}]},{\"@type\":\"WebPage\",\"@id\":\"https:\\\/\\\/veredes.es\\\/blog\\\/a-su-aire-sergio-de-miguel\\\/\",\"url\":\"https:\\\/\\\/veredes.es\\\/blog\\\/a-su-aire-sergio-de-miguel\\\/\",\"name\":\"A su aire | Sergio de Miguel\",\"isPartOf\":{\"@id\":\"https:\\\/\\\/veredes.es\\\/blog\\\/#website\"},\"primaryImageOfPage\":{\"@id\":\"https:\\\/\\\/veredes.es\\\/blog\\\/a-su-aire-sergio-de-miguel\\\/#primaryimage\"},\"image\":{\"@id\":\"https:\\\/\\\/veredes.es\\\/blog\\\/a-su-aire-sergio-de-miguel\\\/#primaryimage\"},\"thumbnailUrl\":\"https:\\\/\\\/veredes.es\\\/blog\\\/wp-content\\\/uploads\\\/2011\\\/02\\\/colegio-Maravillas.jpg\",\"datePublished\":\"2016-12-25T23:30:26+00:00\",\"dateModified\":\"2018-04-23T17:45:34+00:00\",\"description\":\"A su aire\",\"breadcrumb\":{\"@id\":\"https:\\\/\\\/veredes.es\\\/blog\\\/a-su-aire-sergio-de-miguel\\\/#breadcrumb\"},\"inLanguage\":\"es\",\"potentialAction\":[{\"@type\":\"ReadAction\",\"target\":[\"https:\\\/\\\/veredes.es\\\/blog\\\/a-su-aire-sergio-de-miguel\\\/\"]}]},{\"@type\":\"ImageObject\",\"inLanguage\":\"es\",\"@id\":\"https:\\\/\\\/veredes.es\\\/blog\\\/a-su-aire-sergio-de-miguel\\\/#primaryimage\",\"url\":\"https:\\\/\\\/veredes.es\\\/blog\\\/wp-content\\\/uploads\\\/2011\\\/02\\\/colegio-Maravillas.jpg\",\"contentUrl\":\"https:\\\/\\\/veredes.es\\\/blog\\\/wp-content\\\/uploads\\\/2011\\\/02\\\/colegio-Maravillas.jpg\",\"width\":\"620\",\"height\":\"386\",\"caption\":\"Boceto del Colegio Maravillas, Alejandro de la Sota\"},{\"@type\":\"BreadcrumbList\",\"@id\":\"https:\\\/\\\/veredes.es\\\/blog\\\/a-su-aire-sergio-de-miguel\\\/#breadcrumb\",\"itemListElement\":[{\"@type\":\"ListItem\",\"position\":1,\"name\":\"Portada\",\"item\":\"https:\\\/\\\/veredes.es\\\/blog\\\/\"},{\"@type\":\"ListItem\",\"position\":2,\"name\":\"A su aire | Sergio de Miguel\"}]},{\"@type\":\"WebSite\",\"@id\":\"https:\\\/\\\/veredes.es\\\/blog\\\/#website\",\"url\":\"https:\\\/\\\/veredes.es\\\/blog\\\/\",\"name\":\"veredes, arquitectura y divulgaci\u00f3n\",\"description\":\"veredes\",\"publisher\":{\"@id\":\"https:\\\/\\\/veredes.es\\\/blog\\\/#organization\"},\"alternateName\":\"veredes\",\"potentialAction\":[{\"@type\":\"SearchAction\",\"target\":{\"@type\":\"EntryPoint\",\"urlTemplate\":\"https:\\\/\\\/veredes.es\\\/blog\\\/?s={search_term_string}\"},\"query-input\":{\"@type\":\"PropertyValueSpecification\",\"valueRequired\":true,\"valueName\":\"search_term_string\"}}],\"inLanguage\":\"es\"},{\"@type\":\"Organization\",\"@id\":\"https:\\\/\\\/veredes.es\\\/blog\\\/#organization\",\"name\":\"veredes, arquitectura y divulgaci\u00f3n\",\"alternateName\":\"veredes\",\"url\":\"https:\\\/\\\/veredes.es\\\/blog\\\/\",\"logo\":{\"@type\":\"ImageObject\",\"inLanguage\":\"es\",\"@id\":\"https:\\\/\\\/veredes.es\\\/blog\\\/#\\\/schema\\\/logo\\\/image\\\/\",\"url\":\"https:\\\/\\\/veredes.es\\\/blog\\\/wp-content\\\/uploads\\\/2021\\\/12\\\/veredes-logo-centrado_140x54.png\",\"contentUrl\":\"https:\\\/\\\/veredes.es\\\/blog\\\/wp-content\\\/uploads\\\/2021\\\/12\\\/veredes-logo-centrado_140x54.png\",\"width\":140,\"height\":54,\"caption\":\"veredes, arquitectura y divulgaci\u00f3n\"},\"image\":{\"@id\":\"https:\\\/\\\/veredes.es\\\/blog\\\/#\\\/schema\\\/logo\\\/image\\\/\"},\"sameAs\":[\"https:\\\/\\\/www.facebook.com\\\/veredesArquitecturayDivulgacion\\\/\",\"https:\\\/\\\/x.com\\\/veredes\",\"https:\\\/\\\/instagram.com\\\/veredes\\\/\",\"https:\\\/\\\/www.linkedin.com\\\/company\\\/veredes-arquitectura-y-divulgacion\\\/\",\"https:\\\/\\\/es.pinterest.com\\\/veredes\\\/\",\"https:\\\/\\\/www.tumblr.com\\\/veredes\"]},{\"@type\":\"Person\",\"@id\":\"https:\\\/\\\/veredes.es\\\/blog\\\/#\\\/schema\\\/person\\\/03abd4607ec3697544ddb6c9e3f6164c\",\"name\":\"Sergio de Miguel Garc\u00eda\",\"image\":{\"@type\":\"ImageObject\",\"inLanguage\":\"es\",\"@id\":\"https:\\\/\\\/veredes.es\\\/blog\\\/wp-content\\\/uploads\\\/2018\\\/04\\\/Sergio-de-Miguel-Garc\u00eda-96x96.jpg\",\"url\":\"https:\\\/\\\/veredes.es\\\/blog\\\/wp-content\\\/uploads\\\/2018\\\/04\\\/Sergio-de-Miguel-Garc\u00eda-96x96.jpg\",\"contentUrl\":\"https:\\\/\\\/veredes.es\\\/blog\\\/wp-content\\\/uploads\\\/2018\\\/04\\\/Sergio-de-Miguel-Garc\u00eda-96x96.jpg\",\"caption\":\"Sergio de Miguel Garc\u00eda\"},\"description\":\"Ph.D. Arquitectura, Universidad Polit\u00e9cnica de Madrid, (ETSAM) 2016. M.A. Arquitectura, Universidad Polit\u00e9cnica de Madrid, (ETSAM) 1990. Profesor en la Universidad Polit\u00e9cnica de Madrid, (ETSAM) desde 1995.\",\"sameAs\":[\"http:\\\/\\\/www.hand-architecture.com\\\/\",\"https:\\\/\\\/www.facebook.com\\\/sdmhand\",\"https:\\\/\\\/www.instagram.com\\\/sdmhand\\\/\",\"https:\\\/\\\/www.linkedin.com\\\/in\\\/sdmhandarchitecture\\\/\",\"https:\\\/\\\/x.com\\\/https:\\\/\\\/twitter.com\\\/sdmhand\"],\"url\":\"https:\\\/\\\/veredes.es\\\/blog\\\/author\\\/sdem\\\/\"}]}<\/script>\n<!-- \/ Yoast SEO plugin. -->","yoast_head_json":{"title":"A su aire | Sergio de Miguel","description":"A su aire","robots":{"index":"index","follow":"follow","max-snippet":"max-snippet:-1","max-image-preview":"max-image-preview:large","max-video-preview":"max-video-preview:-1"},"canonical":"https:\/\/veredes.es\/blog\/a-su-aire-sergio-de-miguel\/","og_locale":"es_ES","og_type":"article","og_title":"A su aire | Sergio de Miguel","og_description":"A su aire","og_url":"https:\/\/veredes.es\/blog\/a-su-aire-sergio-de-miguel\/","og_site_name":"veredes, arquitectura y divulgaci\u00f3n","article_publisher":"https:\/\/www.facebook.com\/veredesArquitecturayDivulgacion\/","article_author":"https:\/\/www.facebook.com\/sdmhand","article_published_time":"2016-12-25T23:30:26+00:00","article_modified_time":"2018-04-23T17:45:34+00:00","og_image":[{"width":620,"height":386,"url":"https:\/\/veredes.es\/blog\/wp-content\/uploads\/2011\/02\/colegio-Maravillas.jpg","type":"image\/jpeg"}],"author":"Sergio de Miguel Garc\u00eda","twitter_card":"summary_large_image","twitter_creator":"@https:\/\/twitter.com\/sdmhand","twitter_site":"@veredes","twitter_misc":{"Escrito por":"Sergio de Miguel Garc\u00eda","Tiempo de lectura":"10 minutos"},"schema":{"@context":"https:\/\/schema.org","@graph":[{"@type":"Article","@id":"https:\/\/veredes.es\/blog\/a-su-aire-sergio-de-miguel\/#article","isPartOf":{"@id":"https:\/\/veredes.es\/blog\/a-su-aire-sergio-de-miguel\/"},"author":{"name":"Sergio de Miguel Garc\u00eda","@id":"https:\/\/veredes.es\/blog\/#\/schema\/person\/03abd4607ec3697544ddb6c9e3f6164c"},"headline":"A su aire | Sergio de Miguel","datePublished":"2016-12-25T23:30:26+00:00","dateModified":"2018-04-23T17:45:34+00:00","mainEntityOfPage":{"@id":"https:\/\/veredes.es\/blog\/a-su-aire-sergio-de-miguel\/"},"wordCount":1969,"commentCount":31,"publisher":{"@id":"https:\/\/veredes.es\/blog\/#organization"},"image":{"@id":"https:\/\/veredes.es\/blog\/a-su-aire-sergio-de-miguel\/#primaryimage"},"thumbnailUrl":"https:\/\/veredes.es\/blog\/wp-content\/uploads\/2011\/02\/colegio-Maravillas.jpg","keywords":["Alejandro de la Sota","arquitectura espa\u00f1ola","arquitectura gallega","arquitectura moderna","equipamiento deportivo","fundaci\u00f3n Alejandro de la Sota","historia","maestro","Sergio de Miguel"],"articleSection":["art\u00edculos","slider principal"],"inLanguage":"es","potentialAction":[{"@type":"CommentAction","name":"Comment","target":["https:\/\/veredes.es\/blog\/a-su-aire-sergio-de-miguel\/#respond"]}]},{"@type":"WebPage","@id":"https:\/\/veredes.es\/blog\/a-su-aire-sergio-de-miguel\/","url":"https:\/\/veredes.es\/blog\/a-su-aire-sergio-de-miguel\/","name":"A su aire | Sergio de Miguel","isPartOf":{"@id":"https:\/\/veredes.es\/blog\/#website"},"primaryImageOfPage":{"@id":"https:\/\/veredes.es\/blog\/a-su-aire-sergio-de-miguel\/#primaryimage"},"image":{"@id":"https:\/\/veredes.es\/blog\/a-su-aire-sergio-de-miguel\/#primaryimage"},"thumbnailUrl":"https:\/\/veredes.es\/blog\/wp-content\/uploads\/2011\/02\/colegio-Maravillas.jpg","datePublished":"2016-12-25T23:30:26+00:00","dateModified":"2018-04-23T17:45:34+00:00","description":"A su aire","breadcrumb":{"@id":"https:\/\/veredes.es\/blog\/a-su-aire-sergio-de-miguel\/#breadcrumb"},"inLanguage":"es","potentialAction":[{"@type":"ReadAction","target":["https:\/\/veredes.es\/blog\/a-su-aire-sergio-de-miguel\/"]}]},{"@type":"ImageObject","inLanguage":"es","@id":"https:\/\/veredes.es\/blog\/a-su-aire-sergio-de-miguel\/#primaryimage","url":"https:\/\/veredes.es\/blog\/wp-content\/uploads\/2011\/02\/colegio-Maravillas.jpg","contentUrl":"https:\/\/veredes.es\/blog\/wp-content\/uploads\/2011\/02\/colegio-Maravillas.jpg","width":"620","height":"386","caption":"Boceto del Colegio Maravillas, Alejandro de la Sota"},{"@type":"BreadcrumbList","@id":"https:\/\/veredes.es\/blog\/a-su-aire-sergio-de-miguel\/#breadcrumb","itemListElement":[{"@type":"ListItem","position":1,"name":"Portada","item":"https:\/\/veredes.es\/blog\/"},{"@type":"ListItem","position":2,"name":"A su aire | Sergio de Miguel"}]},{"@type":"WebSite","@id":"https:\/\/veredes.es\/blog\/#website","url":"https:\/\/veredes.es\/blog\/","name":"veredes, arquitectura y divulgaci\u00f3n","description":"veredes","publisher":{"@id":"https:\/\/veredes.es\/blog\/#organization"},"alternateName":"veredes","potentialAction":[{"@type":"SearchAction","target":{"@type":"EntryPoint","urlTemplate":"https:\/\/veredes.es\/blog\/?s={search_term_string}"},"query-input":{"@type":"PropertyValueSpecification","valueRequired":true,"valueName":"search_term_string"}}],"inLanguage":"es"},{"@type":"Organization","@id":"https:\/\/veredes.es\/blog\/#organization","name":"veredes, arquitectura y divulgaci\u00f3n","alternateName":"veredes","url":"https:\/\/veredes.es\/blog\/","logo":{"@type":"ImageObject","inLanguage":"es","@id":"https:\/\/veredes.es\/blog\/#\/schema\/logo\/image\/","url":"https:\/\/veredes.es\/blog\/wp-content\/uploads\/2021\/12\/veredes-logo-centrado_140x54.png","contentUrl":"https:\/\/veredes.es\/blog\/wp-content\/uploads\/2021\/12\/veredes-logo-centrado_140x54.png","width":140,"height":54,"caption":"veredes, arquitectura y divulgaci\u00f3n"},"image":{"@id":"https:\/\/veredes.es\/blog\/#\/schema\/logo\/image\/"},"sameAs":["https:\/\/www.facebook.com\/veredesArquitecturayDivulgacion\/","https:\/\/x.com\/veredes","https:\/\/instagram.com\/veredes\/","https:\/\/www.linkedin.com\/company\/veredes-arquitectura-y-divulgacion\/","https:\/\/es.pinterest.com\/veredes\/","https:\/\/www.tumblr.com\/veredes"]},{"@type":"Person","@id":"https:\/\/veredes.es\/blog\/#\/schema\/person\/03abd4607ec3697544ddb6c9e3f6164c","name":"Sergio de Miguel Garc\u00eda","image":{"@type":"ImageObject","inLanguage":"es","@id":"https:\/\/veredes.es\/blog\/wp-content\/uploads\/2018\/04\/Sergio-de-Miguel-Garc\u00eda-96x96.jpg","url":"https:\/\/veredes.es\/blog\/wp-content\/uploads\/2018\/04\/Sergio-de-Miguel-Garc\u00eda-96x96.jpg","contentUrl":"https:\/\/veredes.es\/blog\/wp-content\/uploads\/2018\/04\/Sergio-de-Miguel-Garc\u00eda-96x96.jpg","caption":"Sergio de Miguel Garc\u00eda"},"description":"Ph.D. Arquitectura, Universidad Polit\u00e9cnica de Madrid, (ETSAM) 2016. M.A. Arquitectura, Universidad Polit\u00e9cnica de Madrid, (ETSAM) 1990. Profesor en la Universidad Polit\u00e9cnica de Madrid, (ETSAM) desde 1995.","sameAs":["http:\/\/www.hand-architecture.com\/","https:\/\/www.facebook.com\/sdmhand","https:\/\/www.instagram.com\/sdmhand\/","https:\/\/www.linkedin.com\/in\/sdmhandarchitecture\/","https:\/\/x.com\/https:\/\/twitter.com\/sdmhand"],"url":"https:\/\/veredes.es\/blog\/author\/sdem\/"}]}},"_links":{"self":[{"href":"https:\/\/veredes.es\/blog\/wp-json\/wp\/v2\/posts\/9244","targetHints":{"allow":["GET"]}}],"collection":[{"href":"https:\/\/veredes.es\/blog\/wp-json\/wp\/v2\/posts"}],"about":[{"href":"https:\/\/veredes.es\/blog\/wp-json\/wp\/v2\/types\/post"}],"author":[{"embeddable":true,"href":"https:\/\/veredes.es\/blog\/wp-json\/wp\/v2\/users\/24"}],"replies":[{"embeddable":true,"href":"https:\/\/veredes.es\/blog\/wp-json\/wp\/v2\/comments?post=9244"}],"version-history":[{"count":0,"href":"https:\/\/veredes.es\/blog\/wp-json\/wp\/v2\/posts\/9244\/revisions"}],"wp:featuredmedia":[{"embeddable":true,"href":"https:\/\/veredes.es\/blog\/wp-json\/wp\/v2\/media\/53872"}],"wp:attachment":[{"href":"https:\/\/veredes.es\/blog\/wp-json\/wp\/v2\/media?parent=9244"}],"wp:term":[{"taxonomy":"category","embeddable":true,"href":"https:\/\/veredes.es\/blog\/wp-json\/wp\/v2\/categories?post=9244"},{"taxonomy":"post_tag","embeddable":true,"href":"https:\/\/veredes.es\/blog\/wp-json\/wp\/v2\/tags?post=9244"}],"curies":[{"name":"wp","href":"https:\/\/api.w.org\/{rel}","templated":true}]}}