{"id":92207,"date":"2023-02-01T00:01:02","date_gmt":"2023-01-31T23:01:02","guid":{"rendered":"https:\/\/veredes.es\/blog\/?p=92207"},"modified":"2023-02-01T09:18:41","modified_gmt":"2023-02-01T08:18:41","slug":"clinica-dental-gros-bvcr-arquitectura","status":"publish","type":"post","link":"https:\/\/veredes.es\/blog\/clinica-dental-gros-bvcr-arquitectura\/","title":{"rendered":"Cl\u00ednica Dental Gros | BVCR arquitectura\u200b"},"content":{"rendered":"<figure id=\"attachment_92209\" aria-describedby=\"caption-attachment-92209\" style=\"width: 1400px\" class=\"wp-caption alignnone\"><img loading=\"lazy\" decoding=\"async\" class=\"wp-image-92209 size-full\" title=\"Cl\u00ednica Dental Gros BVCR arquitectura\u200b 1\" src=\"https:\/\/veredes.es\/blog\/wp-content\/uploads\/2023\/02\/Clinica-Dental-Gros-BVCR-arquitectura\u200b-1.jpg\" alt=\"Cl\u00ednica Dental Gros BVCR arquitectura\u200b 1\" width=\"1400\" height=\"933\" srcset=\"https:\/\/veredes.es\/blog\/wp-content\/uploads\/2023\/02\/Clinica-Dental-Gros-BVCR-arquitectura\u200b-1.jpg 1400w, https:\/\/veredes.es\/blog\/wp-content\/uploads\/2023\/02\/Clinica-Dental-Gros-BVCR-arquitectura\u200b-1-300x200.jpg 300w, https:\/\/veredes.es\/blog\/wp-content\/uploads\/2023\/02\/Clinica-Dental-Gros-BVCR-arquitectura\u200b-1-1024x682.jpg 1024w, https:\/\/veredes.es\/blog\/wp-content\/uploads\/2023\/02\/Clinica-Dental-Gros-BVCR-arquitectura\u200b-1-696x464.jpg 696w, https:\/\/veredes.es\/blog\/wp-content\/uploads\/2023\/02\/Clinica-Dental-Gros-BVCR-arquitectura\u200b-1-1068x712.jpg 1068w\" sizes=\"auto, (max-width: 1400px) 100vw, 1400px\" \/><figcaption id=\"caption-attachment-92209\" class=\"wp-caption-text\"><span style=\"color: #999999;\">Cl\u00ednica Dental Gros | BVCR arquitectura\u200b \u00a9 Aitor Est\u00e9vez Olaizola<\/span><\/figcaption><\/figure>\n<p style=\"text-align: justify;\">La intervenci\u00f3n consiste en la reforma de un local comercial de 320m2\u00a0a pie de calle en el barrio de Gros, Donostia-San Sebasti\u00e1n.<\/p>\n<p style=\"text-align: justify;\">El encargo nace tras la decisi\u00f3n de cambiar su anterior ubicaci\u00f3n, un 1er piso + entresuelo de total 210m2, por este local que adem\u00e1s de amplitud ganaba visibilidad y accesibilidad directa para el peat\u00f3n.<\/p>\n<figure id=\"attachment_92210\" aria-describedby=\"caption-attachment-92210\" style=\"width: 1400px\" class=\"wp-caption alignnone\"><img loading=\"lazy\" decoding=\"async\" class=\"size-full wp-image-92210\" src=\"https:\/\/veredes.es\/blog\/wp-content\/uploads\/2023\/02\/Clinica-Dental-Gros-BVCR-arquitectura\u200b-PLANTA-CLINICA.jpg\" alt=\"Cl\u00ednica Dental Gros BVCR arquitectura\u200b PLANTA-CLINICA\" width=\"1400\" height=\"1981\" srcset=\"https:\/\/veredes.es\/blog\/wp-content\/uploads\/2023\/02\/Clinica-Dental-Gros-BVCR-arquitectura\u200b-PLANTA-CLINICA.jpg 1400w, https:\/\/veredes.es\/blog\/wp-content\/uploads\/2023\/02\/Clinica-Dental-Gros-BVCR-arquitectura\u200b-PLANTA-CLINICA-212x300.jpg 212w, https:\/\/veredes.es\/blog\/wp-content\/uploads\/2023\/02\/Clinica-Dental-Gros-BVCR-arquitectura\u200b-PLANTA-CLINICA-724x1024.jpg 724w, https:\/\/veredes.es\/blog\/wp-content\/uploads\/2023\/02\/Clinica-Dental-Gros-BVCR-arquitectura\u200b-PLANTA-CLINICA-1086x1536.jpg 1086w, https:\/\/veredes.es\/blog\/wp-content\/uploads\/2023\/02\/Clinica-Dental-Gros-BVCR-arquitectura\u200b-PLANTA-CLINICA-696x985.jpg 696w, https:\/\/veredes.es\/blog\/wp-content\/uploads\/2023\/02\/Clinica-Dental-Gros-BVCR-arquitectura\u200b-PLANTA-CLINICA-1068x1511.jpg 1068w\" sizes=\"auto, (max-width: 1400px) 100vw, 1400px\" \/><figcaption id=\"caption-attachment-92210\" class=\"wp-caption-text\"><span style=\"color: #999999;\">Cl\u00ednica Dental Gros | BVCR arquitectura | Planta<\/span><\/figcaption><\/figure>\n<h5 style=\"text-align: justify;\"><strong>Fachada + Acceso<\/strong><\/h5>\n<p style=\"text-align: justify;\">El frente se dividi\u00f3\u00a0en cuatro partes,\u00a0tres responden a gabinetes y una a la entrada.\u00a0Para\u00a0el\u00a0tratamiento de fachada se respet\u00f3 el m\u00e1rmol negro Markina y Blanco Carrara preexistentes.<\/p>\n<figure id=\"attachment_92211\" aria-describedby=\"caption-attachment-92211\" style=\"width: 1400px\" class=\"wp-caption alignnone\"><img loading=\"lazy\" decoding=\"async\" class=\"wp-image-92211 size-full\" title=\"Cl\u00ednica Dental Gros BVCR arquitectura\u200b 15\" src=\"https:\/\/veredes.es\/blog\/wp-content\/uploads\/2023\/02\/Clinica-Dental-Gros-BVCR-arquitectura\u200b-15.jpg\" alt=\"Cl\u00ednica Dental Gros BVCR arquitectura\u200b 15\" width=\"1400\" height=\"1867\" srcset=\"https:\/\/veredes.es\/blog\/wp-content\/uploads\/2023\/02\/Clinica-Dental-Gros-BVCR-arquitectura\u200b-15.jpg 1400w, https:\/\/veredes.es\/blog\/wp-content\/uploads\/2023\/02\/Clinica-Dental-Gros-BVCR-arquitectura\u200b-15-225x300.jpg 225w, https:\/\/veredes.es\/blog\/wp-content\/uploads\/2023\/02\/Clinica-Dental-Gros-BVCR-arquitectura\u200b-15-768x1024.jpg 768w, https:\/\/veredes.es\/blog\/wp-content\/uploads\/2023\/02\/Clinica-Dental-Gros-BVCR-arquitectura\u200b-15-1152x1536.jpg 1152w, https:\/\/veredes.es\/blog\/wp-content\/uploads\/2023\/02\/Clinica-Dental-Gros-BVCR-arquitectura\u200b-15-696x928.jpg 696w, https:\/\/veredes.es\/blog\/wp-content\/uploads\/2023\/02\/Clinica-Dental-Gros-BVCR-arquitectura\u200b-15-1068x1424.jpg 1068w\" sizes=\"auto, (max-width: 1400px) 100vw, 1400px\" \/><figcaption id=\"caption-attachment-92211\" class=\"wp-caption-text\"><span style=\"color: #999999;\">Cl\u00ednica Dental Gros | BVCR arquitectura\u200b \u00a9 Aitor Est\u00e9vez Olaizola<\/span><\/figcaption><\/figure>\n<p style=\"text-align: justify;\">Respondiendo a la doble altura y a la profundidad del espacio, se propuso un p\u00f3rtico, que enmarcando el acceso en pendiente para salvar el desnivel de la acera,\u00a0genera una transici\u00f3n exterior-interior prolongada de limites indefinidos.<\/p>\n<h5 style=\"text-align: justify;\"><strong>Objetivos + Estrategias de dise\u00f1o<\/strong><\/h5>\n<p style=\"text-align: justify;\">Los principales objetivos de la intervenci\u00f3n fueron:<\/p>\n<p style=\"text-align: justify; padding-left: 40px;\">-Aprovechar al m\u00e1ximo la incidencia de luz natural en todo el local sin perder de vista la privacidad que los gabinetes requer\u00edan.<\/p>\n<p style=\"text-align: justify; padding-left: 40px;\">-Contrarrestar el efecto que puede generar distribuir todos los usos alrededor de una circulaci\u00f3n longitudinal heredada de la proporci\u00f3n del local y el programa.<\/p>\n<p style=\"text-align: justify;\">Se interpret\u00f3\u00a0a la cl\u00ednica como un \u00fanico\u00a0gran espacio, y no la composici\u00f3n de muchos peque\u00f1os.<\/p>\n<p style=\"text-align: justify;\">Se crearon agrupaciones program\u00e1ticas de distintas caracter\u00edsticas, procurando que la circulaci\u00f3n central se viera afectada por diversas situaciones que alteraran la homogeneidad discursiva.<\/p>\n<figure id=\"attachment_92212\" aria-describedby=\"caption-attachment-92212\" style=\"width: 1400px\" class=\"wp-caption alignnone\"><img loading=\"lazy\" decoding=\"async\" class=\"wp-image-92212 size-full\" title=\"Cl\u00ednica Dental Gros BVCR arquitectura\u200b 5\" src=\"https:\/\/veredes.es\/blog\/wp-content\/uploads\/2023\/02\/Clinica-Dental-Gros-BVCR-arquitectura\u200b-5.jpg\" alt=\"Cl\u00ednica Dental Gros BVCR arquitectura\u200b 5\" width=\"1400\" height=\"1750\" srcset=\"https:\/\/veredes.es\/blog\/wp-content\/uploads\/2023\/02\/Clinica-Dental-Gros-BVCR-arquitectura\u200b-5.jpg 1400w, https:\/\/veredes.es\/blog\/wp-content\/uploads\/2023\/02\/Clinica-Dental-Gros-BVCR-arquitectura\u200b-5-240x300.jpg 240w, https:\/\/veredes.es\/blog\/wp-content\/uploads\/2023\/02\/Clinica-Dental-Gros-BVCR-arquitectura\u200b-5-819x1024.jpg 819w, https:\/\/veredes.es\/blog\/wp-content\/uploads\/2023\/02\/Clinica-Dental-Gros-BVCR-arquitectura\u200b-5-1229x1536.jpg 1229w, https:\/\/veredes.es\/blog\/wp-content\/uploads\/2023\/02\/Clinica-Dental-Gros-BVCR-arquitectura\u200b-5-696x870.jpg 696w, https:\/\/veredes.es\/blog\/wp-content\/uploads\/2023\/02\/Clinica-Dental-Gros-BVCR-arquitectura\u200b-5-1068x1335.jpg 1068w\" sizes=\"auto, (max-width: 1400px) 100vw, 1400px\" \/><figcaption id=\"caption-attachment-92212\" class=\"wp-caption-text\"><span style=\"color: #999999;\">Cl\u00ednica Dental Gros | BVCR arquitectura\u200b \u00a9 Aitor Est\u00e9vez Olaizola<\/span><\/figcaption><\/figure>\n<p style=\"text-align: justify;\">Se dejaron todos los gabinetes abiertos sin falso techo. De esta manera la incidencia de luz tanto del escaparate como del patio interno, se repartir\u00eda naturalmente por todo el local.<\/p>\n<figure id=\"attachment_92213\" aria-describedby=\"caption-attachment-92213\" style=\"width: 1400px\" class=\"wp-caption alignnone\"><img loading=\"lazy\" decoding=\"async\" class=\"wp-image-92213 size-full\" title=\"Cl\u00ednica Dental Gros BVCR arquitectura\u200b 13\" src=\"https:\/\/veredes.es\/blog\/wp-content\/uploads\/2023\/02\/Clinica-Dental-Gros-BVCR-arquitectura\u200b-13.jpg\" alt=\"Cl\u00ednica Dental Gros BVCR arquitectura\u200b 13\" width=\"1400\" height=\"1867\" srcset=\"https:\/\/veredes.es\/blog\/wp-content\/uploads\/2023\/02\/Clinica-Dental-Gros-BVCR-arquitectura\u200b-13.jpg 1400w, https:\/\/veredes.es\/blog\/wp-content\/uploads\/2023\/02\/Clinica-Dental-Gros-BVCR-arquitectura\u200b-13-225x300.jpg 225w, https:\/\/veredes.es\/blog\/wp-content\/uploads\/2023\/02\/Clinica-Dental-Gros-BVCR-arquitectura\u200b-13-768x1024.jpg 768w, https:\/\/veredes.es\/blog\/wp-content\/uploads\/2023\/02\/Clinica-Dental-Gros-BVCR-arquitectura\u200b-13-1152x1536.jpg 1152w, https:\/\/veredes.es\/blog\/wp-content\/uploads\/2023\/02\/Clinica-Dental-Gros-BVCR-arquitectura\u200b-13-696x928.jpg 696w, https:\/\/veredes.es\/blog\/wp-content\/uploads\/2023\/02\/Clinica-Dental-Gros-BVCR-arquitectura\u200b-13-1068x1424.jpg 1068w\" sizes=\"auto, (max-width: 1400px) 100vw, 1400px\" \/><figcaption id=\"caption-attachment-92213\" class=\"wp-caption-text\"><span style=\"color: #999999;\">Cl\u00ednica Dental Gros | BVCR arquitectura\u200b \u00a9 Aitor Est\u00e9vez Olaizola<\/span><\/figcaption><\/figure>\n<p style=\"text-align: justify;\">Los gabinetes contra fachada responden al pasillo con\u00a0su cara ciega\u00a0generando un \u00e1rea de mostradores contenida\u00a0con un car\u00e1cter diferenciado de los gabinetes contra medianeras, que por su parte cuentan con un\u00a0cerramiento compuesto por cristales texturizados\u00a0que permiten\u00a0percibir cierta continuidad espacial y el traspaso de luz, sin descuidar la privacidad. El efecto es una visual sugerente pero no definida. (Por\u00a0requisito y metodolog\u00eda de trabajo, la composici\u00f3n del cerramiento fue dise\u00f1ada con franjas de 30 cm de cristal transparente al lado de cada acceso\u00a0para que el auxiliar voluntariamente pudiera tener contacto visual con el interior sin ocasionar\u00a0interrupciones innecesarias).<\/p>\n<p style=\"text-align: justify;\">Llegando al remate del pasillo se\u00a0utiliz\u00f3 como recurso para anunciar el acceso al \u00e1rea quir\u00fargica el volumen compacto del box de Rx que deja un ingreso a cada quir\u00f3fano\u00a0por cada\u00a0lado. (Si bien este sector est\u00e1 vinculado\u00a0a la circulaci\u00f3n central, funcionalmente es pr\u00e1cticamente aut\u00f3nomo).<\/p>\n<div id='gallery-1' class='gallery galleryid-92207 gallery-columns-4 gallery-size-thumbnail'><figure class='gallery-item'>\n\t\t\t<div class='gallery-icon portrait'>\n\t\t\t\t<a href='https:\/\/veredes.es\/blog\/wp-content\/uploads\/2023\/02\/Clinica-Dental-Gros-BVCR-arquitectura\u200b-2.jpg'><img loading=\"lazy\" decoding=\"async\" width=\"120\" height=\"120\" src=\"https:\/\/veredes.es\/blog\/wp-content\/uploads\/2023\/02\/Clinica-Dental-Gros-BVCR-arquitectura\u200b-2-120x120.jpg\" class=\"attachment-thumbnail size-thumbnail\" alt=\"Cl\u00ednica Dental Gros BVCR arquitectura\u200b 2\" aria-describedby=\"gallery-1-92214\" \/><\/a>\n\t\t\t<\/div>\n\t\t\t\t<figcaption class='wp-caption-text gallery-caption' id='gallery-1-92214'>\n\t\t\t\tCl\u00ednica Dental Gros | BVCR arquitectura\u200b \u00a9 Aitor Est\u00e9vez Olaizola\n\t\t\t\t<\/figcaption><\/figure><figure class='gallery-item'>\n\t\t\t<div class='gallery-icon portrait'>\n\t\t\t\t<a href='https:\/\/veredes.es\/blog\/wp-content\/uploads\/2023\/02\/Clinica-Dental-Gros-BVCR-arquitectura\u200b-3.jpg'><img loading=\"lazy\" decoding=\"async\" width=\"120\" height=\"120\" src=\"https:\/\/veredes.es\/blog\/wp-content\/uploads\/2023\/02\/Clinica-Dental-Gros-BVCR-arquitectura\u200b-3-120x120.jpg\" class=\"attachment-thumbnail size-thumbnail\" alt=\"Cl\u00ednica Dental Gros BVCR arquitectura\u200b 3\" aria-describedby=\"gallery-1-92215\" \/><\/a>\n\t\t\t<\/div>\n\t\t\t\t<figcaption class='wp-caption-text gallery-caption' id='gallery-1-92215'>\n\t\t\t\tCl\u00ednica Dental Gros | BVCR arquitectura\u200b \u00a9 Aitor Est\u00e9vez Olaizola\n\t\t\t\t<\/figcaption><\/figure><figure class='gallery-item'>\n\t\t\t<div class='gallery-icon portrait'>\n\t\t\t\t<a href='https:\/\/veredes.es\/blog\/wp-content\/uploads\/2023\/02\/Clinica-Dental-Gros-BVCR-arquitectura\u200b-4.jpg'><img loading=\"lazy\" decoding=\"async\" width=\"120\" height=\"120\" src=\"https:\/\/veredes.es\/blog\/wp-content\/uploads\/2023\/02\/Clinica-Dental-Gros-BVCR-arquitectura\u200b-4-120x120.jpg\" class=\"attachment-thumbnail size-thumbnail\" alt=\"Cl\u00ednica Dental Gros BVCR arquitectura\u200b 4\" aria-describedby=\"gallery-1-92216\" \/><\/a>\n\t\t\t<\/div>\n\t\t\t\t<figcaption class='wp-caption-text gallery-caption' id='gallery-1-92216'>\n\t\t\t\tCl\u00ednica Dental Gros | BVCR arquitectura\u200b \u00a9 Aitor Est\u00e9vez Olaizola\n\t\t\t\t<\/figcaption><\/figure><figure class='gallery-item'>\n\t\t\t<div class='gallery-icon portrait'>\n\t\t\t\t<a href='https:\/\/veredes.es\/blog\/wp-content\/uploads\/2023\/02\/Clinica-Dental-Gros-BVCR-arquitectura\u200b-6.jpg'><img loading=\"lazy\" decoding=\"async\" width=\"120\" height=\"120\" src=\"https:\/\/veredes.es\/blog\/wp-content\/uploads\/2023\/02\/Clinica-Dental-Gros-BVCR-arquitectura\u200b-6-120x120.jpg\" class=\"attachment-thumbnail size-thumbnail\" alt=\"Cl\u00ednica Dental Gros BVCR arquitectura\u200b 6\" aria-describedby=\"gallery-1-92217\" \/><\/a>\n\t\t\t<\/div>\n\t\t\t\t<figcaption class='wp-caption-text gallery-caption' id='gallery-1-92217'>\n\t\t\t\tCl\u00ednica Dental Gros | BVCR arquitectura\u200b \u00a9 Aitor Est\u00e9vez Olaizola\n\t\t\t\t<\/figcaption><\/figure><figure class='gallery-item'>\n\t\t\t<div class='gallery-icon portrait'>\n\t\t\t\t<a href='https:\/\/veredes.es\/blog\/wp-content\/uploads\/2023\/02\/Clinica-Dental-Gros-BVCR-arquitectura\u200b-7.jpg'><img loading=\"lazy\" decoding=\"async\" width=\"120\" height=\"120\" src=\"https:\/\/veredes.es\/blog\/wp-content\/uploads\/2023\/02\/Clinica-Dental-Gros-BVCR-arquitectura\u200b-7-120x120.jpg\" class=\"attachment-thumbnail size-thumbnail\" alt=\"Cl\u00ednica Dental Gros BVCR arquitectura\u200b 7\" aria-describedby=\"gallery-1-92218\" \/><\/a>\n\t\t\t<\/div>\n\t\t\t\t<figcaption class='wp-caption-text gallery-caption' id='gallery-1-92218'>\n\t\t\t\tCl\u00ednica Dental Gros | BVCR arquitectura\u200b \u00a9 Aitor Est\u00e9vez Olaizola\n\t\t\t\t<\/figcaption><\/figure><figure class='gallery-item'>\n\t\t\t<div class='gallery-icon portrait'>\n\t\t\t\t<a href='https:\/\/veredes.es\/blog\/wp-content\/uploads\/2023\/02\/Clinica-Dental-Gros-BVCR-arquitectura\u200b-8.jpg'><img loading=\"lazy\" decoding=\"async\" width=\"120\" height=\"120\" src=\"https:\/\/veredes.es\/blog\/wp-content\/uploads\/2023\/02\/Clinica-Dental-Gros-BVCR-arquitectura\u200b-8-120x120.jpg\" class=\"attachment-thumbnail size-thumbnail\" alt=\"Cl\u00ednica Dental Gros BVCR arquitectura\u200b 8\" aria-describedby=\"gallery-1-92219\" \/><\/a>\n\t\t\t<\/div>\n\t\t\t\t<figcaption class='wp-caption-text gallery-caption' id='gallery-1-92219'>\n\t\t\t\tCl\u00ednica Dental Gros | BVCR arquitectura\u200b \u00a9 Aitor Est\u00e9vez Olaizola\n\t\t\t\t<\/figcaption><\/figure><figure class='gallery-item'>\n\t\t\t<div class='gallery-icon portrait'>\n\t\t\t\t<a href='https:\/\/veredes.es\/blog\/wp-content\/uploads\/2023\/02\/Clinica-Dental-Gros-BVCR-arquitectura\u200b-9.jpg'><img loading=\"lazy\" decoding=\"async\" width=\"120\" height=\"120\" src=\"https:\/\/veredes.es\/blog\/wp-content\/uploads\/2023\/02\/Clinica-Dental-Gros-BVCR-arquitectura\u200b-9-120x120.jpg\" class=\"attachment-thumbnail size-thumbnail\" alt=\"Cl\u00ednica Dental Gros BVCR arquitectura\u200b 9\" aria-describedby=\"gallery-1-92220\" \/><\/a>\n\t\t\t<\/div>\n\t\t\t\t<figcaption class='wp-caption-text gallery-caption' id='gallery-1-92220'>\n\t\t\t\tCl\u00ednica Dental Gros | BVCR arquitectura\u200b \u00a9 Aitor Est\u00e9vez Olaizola\n\t\t\t\t<\/figcaption><\/figure><figure class='gallery-item'>\n\t\t\t<div class='gallery-icon landscape'>\n\t\t\t\t<a href='https:\/\/veredes.es\/blog\/wp-content\/uploads\/2023\/02\/Clinica-Dental-Gros-BVCR-arquitectura\u200b-10.jpg'><img loading=\"lazy\" decoding=\"async\" width=\"120\" height=\"120\" src=\"https:\/\/veredes.es\/blog\/wp-content\/uploads\/2023\/02\/Clinica-Dental-Gros-BVCR-arquitectura\u200b-10-120x120.jpg\" class=\"attachment-thumbnail size-thumbnail\" alt=\"Cl\u00ednica Dental Gros BVCR arquitectura\u200b 10\" aria-describedby=\"gallery-1-92221\" srcset=\"https:\/\/veredes.es\/blog\/wp-content\/uploads\/2023\/02\/Clinica-Dental-Gros-BVCR-arquitectura\u200b-10-120x120.jpg 120w, https:\/\/veredes.es\/blog\/wp-content\/uploads\/2023\/02\/Clinica-Dental-Gros-BVCR-arquitectura\u200b-10-300x300.jpg 300w, https:\/\/veredes.es\/blog\/wp-content\/uploads\/2023\/02\/Clinica-Dental-Gros-BVCR-arquitectura\u200b-10-1024x1024.jpg 1024w, https:\/\/veredes.es\/blog\/wp-content\/uploads\/2023\/02\/Clinica-Dental-Gros-BVCR-arquitectura\u200b-10-696x696.jpg 696w, https:\/\/veredes.es\/blog\/wp-content\/uploads\/2023\/02\/Clinica-Dental-Gros-BVCR-arquitectura\u200b-10-1068x1068.jpg 1068w, https:\/\/veredes.es\/blog\/wp-content\/uploads\/2023\/02\/Clinica-Dental-Gros-BVCR-arquitectura\u200b-10.jpg 1400w\" sizes=\"auto, (max-width: 120px) 100vw, 120px\" \/><\/a>\n\t\t\t<\/div>\n\t\t\t\t<figcaption class='wp-caption-text gallery-caption' id='gallery-1-92221'>\n\t\t\t\tCl\u00ednica Dental Gros | BVCR arquitectura\u200b \u00a9 Aitor Est\u00e9vez Olaizola\n\t\t\t\t<\/figcaption><\/figure><figure class='gallery-item'>\n\t\t\t<div class='gallery-icon portrait'>\n\t\t\t\t<a href='https:\/\/veredes.es\/blog\/wp-content\/uploads\/2023\/02\/Clinica-Dental-Gros-BVCR-arquitectura\u200b-11.jpg'><img loading=\"lazy\" decoding=\"async\" width=\"120\" height=\"120\" src=\"https:\/\/veredes.es\/blog\/wp-content\/uploads\/2023\/02\/Clinica-Dental-Gros-BVCR-arquitectura\u200b-11-120x120.jpg\" class=\"attachment-thumbnail size-thumbnail\" alt=\"Cl\u00ednica Dental Gros BVCR arquitectura\u200b 11\" aria-describedby=\"gallery-1-92222\" \/><\/a>\n\t\t\t<\/div>\n\t\t\t\t<figcaption class='wp-caption-text gallery-caption' id='gallery-1-92222'>\n\t\t\t\tCl\u00ednica Dental Gros | BVCR arquitectura\u200b \u00a9 Aitor Est\u00e9vez Olaizola\n\t\t\t\t<\/figcaption><\/figure><figure class='gallery-item'>\n\t\t\t<div class='gallery-icon portrait'>\n\t\t\t\t<a href='https:\/\/veredes.es\/blog\/wp-content\/uploads\/2023\/02\/Clinica-Dental-Gros-BVCR-arquitectura\u200b-12.jpg'><img loading=\"lazy\" decoding=\"async\" width=\"120\" height=\"120\" src=\"https:\/\/veredes.es\/blog\/wp-content\/uploads\/2023\/02\/Clinica-Dental-Gros-BVCR-arquitectura\u200b-12-120x120.jpg\" class=\"attachment-thumbnail size-thumbnail\" alt=\"\" aria-describedby=\"gallery-1-92223\" \/><\/a>\n\t\t\t<\/div>\n\t\t\t\t<figcaption class='wp-caption-text gallery-caption' id='gallery-1-92223'>\n\t\t\t\tCl\u00ednica Dental Gros | BVCR arquitectura\u200b \u00a9 Aitor Est\u00e9vez Olaizola\n\t\t\t\t<\/figcaption><\/figure><figure class='gallery-item'>\n\t\t\t<div class='gallery-icon portrait'>\n\t\t\t\t<a href='https:\/\/veredes.es\/blog\/wp-content\/uploads\/2023\/02\/Clinica-Dental-Gros-BVCR-arquitectura\u200b-13.jpg'><img loading=\"lazy\" decoding=\"async\" width=\"120\" height=\"120\" src=\"https:\/\/veredes.es\/blog\/wp-content\/uploads\/2023\/02\/Clinica-Dental-Gros-BVCR-arquitectura\u200b-13-120x120.jpg\" class=\"attachment-thumbnail size-thumbnail\" alt=\"Cl\u00ednica Dental Gros BVCR arquitectura\u200b 13\" aria-describedby=\"gallery-1-92213\" \/><\/a>\n\t\t\t<\/div>\n\t\t\t\t<figcaption class='wp-caption-text gallery-caption' id='gallery-1-92213'>\n\t\t\t\tCl\u00ednica Dental Gros | BVCR arquitectura\u200b \u00a9 Aitor Est\u00e9vez Olaizola\n\t\t\t\t<\/figcaption><\/figure><figure class='gallery-item'>\n\t\t\t<div class='gallery-icon portrait'>\n\t\t\t\t<a href='https:\/\/veredes.es\/blog\/wp-content\/uploads\/2023\/02\/Clinica-Dental-Gros-BVCR-arquitectura\u200b-14.jpg'><img loading=\"lazy\" decoding=\"async\" width=\"120\" height=\"120\" src=\"https:\/\/veredes.es\/blog\/wp-content\/uploads\/2023\/02\/Clinica-Dental-Gros-BVCR-arquitectura\u200b-14-120x120.jpg\" class=\"attachment-thumbnail size-thumbnail\" alt=\"Cl\u00ednica Dental Gros BVCR arquitectura\u200b 14\" aria-describedby=\"gallery-1-92224\" \/><\/a>\n\t\t\t<\/div>\n\t\t\t\t<figcaption class='wp-caption-text gallery-caption' id='gallery-1-92224'>\n\t\t\t\tCl\u00ednica Dental Gros | BVCR arquitectura\u200b \u00a9 Aitor Est\u00e9vez Olaizola\n\t\t\t\t<\/figcaption><\/figure>\n\t\t<\/div>\n\n<p>Obra: Cl\u00ednica Dental Gros<br \/>\nAutor: BVCR arquitectura<br \/>\nEmplazamiento: Donostia-San Sebasti\u00e1n, Pais Vasco Espa\u00f1a<br \/>\nA\u00f1o finalizaci\u00f3n construcci\u00f3n: 2022<br \/>\nSuperficie construida (m2): 320 m2<br \/>\nFotograf\u00eda: Aitor Est\u00e9vez Olaizola<br \/>\n<span style=\"color: #999999;\"><a style=\"color: #999999;\" href=\"http:\/\/www.bvcrarquitectura.com\" target=\"_blank\" rel=\"noopener\">+ bvcrarquitectura.com<\/a><\/span><\/p>\n","protected":false},"excerpt":{"rendered":"<p>La intervenci\u00f3n consiste en la reforma de un local comercial de 320m2\u00a0a pie de calle en el barrio de Gros, Donostia-San Sebasti\u00e1n. El encargo nace tras la decisi\u00f3n de cambiar su anterior ubicaci\u00f3n, un 1er piso + entresuelo de total 210m2, por este local que adem\u00e1s de amplitud ganaba visibilidad y accesibilidad directa para el [&hellip;]<\/p>\n","protected":false},"author":2,"featured_media":92211,"comment_status":"open","ping_status":"closed","sticky":false,"template":"","format":"standard","meta":{"footnotes":""},"categories":[34,50,23,2039,5951],"tags":[2631,9221,16352,432,12451,976,12472],"class_list":{"0":"post-92207","1":"post","2":"type-post","3":"status-publish","4":"format-standard","5":"has-post-thumbnail","7":"category-arquitectura","8":"category-equipamiento-sanitario","9":"category-obras","10":"category-reforma-interior","12":"tag-arquitectura-espanola","13":"tag-arquitectura-sanitaria","14":"tag-bvcr-arquitectura","15":"tag-diseno-interiores","16":"tag-equipamiento-sanitario","17":"tag-pais-vasco","18":"tag-reforma-interior"},"yoast_head":"<!-- This site is optimized with the Yoast SEO plugin v27.5 - https:\/\/yoast.com\/product\/yoast-seo-wordpress\/ -->\n<title>Cl\u00ednica Dental Gros | BVCR arquitectura\u200b - veredes<\/title>\n<meta name=\"description\" content=\"Toda la informaci\u00f3n sobre: Cl\u00ednica Dental Gros | BVCR arquitectura\u200b\" \/>\n<meta name=\"robots\" content=\"index, follow, max-snippet:-1, max-image-preview:large, max-video-preview:-1\" \/>\n<link rel=\"canonical\" href=\"https:\/\/veredes.es\/blog\/clinica-dental-gros-bvcr-arquitectura\/\" \/>\n<meta property=\"og:locale\" content=\"es_ES\" \/>\n<meta property=\"og:type\" content=\"article\" \/>\n<meta property=\"og:title\" content=\"Cl\u00ednica Dental Gros | BVCR arquitectura\u200b - veredes\" \/>\n<meta property=\"og:description\" content=\"Toda la informaci\u00f3n sobre: Cl\u00ednica Dental Gros | BVCR arquitectura\u200b\" \/>\n<meta property=\"og:url\" content=\"https:\/\/veredes.es\/blog\/clinica-dental-gros-bvcr-arquitectura\/\" \/>\n<meta property=\"og:site_name\" content=\"veredes, arquitectura y divulgaci\u00f3n\" \/>\n<meta property=\"article:publisher\" content=\"https:\/\/www.facebook.com\/veredesArquitecturayDivulgacion\/\" \/>\n<meta property=\"article:author\" content=\"https:\/\/www.facebook.com\/veredesArquitecturayDivulgacion\/\" \/>\n<meta property=\"article:published_time\" content=\"2023-01-31T23:01:02+00:00\" \/>\n<meta property=\"article:modified_time\" content=\"2023-02-01T08:18:41+00:00\" \/>\n<meta property=\"og:image\" content=\"https:\/\/veredes.es\/blog\/wp-content\/uploads\/2023\/02\/Clinica-Dental-Gros-BVCR-arquitectura\u200b-15.jpg\" \/>\n\t<meta property=\"og:image:width\" content=\"1400\" \/>\n\t<meta property=\"og:image:height\" content=\"1867\" \/>\n\t<meta property=\"og:image:type\" content=\"image\/jpeg\" \/>\n<meta name=\"author\" content=\"veredes\" \/>\n<meta name=\"twitter:card\" content=\"summary_large_image\" \/>\n<meta name=\"twitter:creator\" content=\"@https:\/\/twitter.com\/veredes\" \/>\n<meta name=\"twitter:site\" content=\"@veredes\" \/>\n<meta name=\"twitter:label1\" content=\"Escrito por\" \/>\n\t<meta name=\"twitter:data1\" content=\"veredes\" \/>\n\t<meta name=\"twitter:label2\" content=\"Tiempo de lectura\" \/>\n\t<meta name=\"twitter:data2\" content=\"4 minutos\" \/>\n<script type=\"application\/ld+json\" class=\"yoast-schema-graph\">{\"@context\":\"https:\\\/\\\/schema.org\",\"@graph\":[{\"@type\":\"Article\",\"@id\":\"https:\\\/\\\/veredes.es\\\/blog\\\/clinica-dental-gros-bvcr-arquitectura\\\/#article\",\"isPartOf\":{\"@id\":\"https:\\\/\\\/veredes.es\\\/blog\\\/clinica-dental-gros-bvcr-arquitectura\\\/\"},\"author\":{\"name\":\"veredes\",\"@id\":\"https:\\\/\\\/veredes.es\\\/blog\\\/#\\\/schema\\\/person\\\/0bbb669073ef7faba5168a0844e93d2c\"},\"headline\":\"Cl\u00ednica Dental Gros | BVCR arquitectura\u200b\",\"datePublished\":\"2023-01-31T23:01:02+00:00\",\"dateModified\":\"2023-02-01T08:18:41+00:00\",\"mainEntityOfPage\":{\"@id\":\"https:\\\/\\\/veredes.es\\\/blog\\\/clinica-dental-gros-bvcr-arquitectura\\\/\"},\"wordCount\":559,\"commentCount\":0,\"publisher\":{\"@id\":\"https:\\\/\\\/veredes.es\\\/blog\\\/#organization\"},\"image\":{\"@id\":\"https:\\\/\\\/veredes.es\\\/blog\\\/clinica-dental-gros-bvcr-arquitectura\\\/#primaryimage\"},\"thumbnailUrl\":\"https:\\\/\\\/veredes.es\\\/blog\\\/wp-content\\\/uploads\\\/2023\\\/02\\\/Clinica-Dental-Gros-BVCR-arquitectura\u200b-15.jpg\",\"keywords\":[\"arquitectura espa\u00f1ola\",\"arquitectura sanitaria\",\"BVCR arquitectura\u200b\",\"dise\u00f1o interiores\",\"equipamiento sanitario\",\"Pa\u00eds Vasco\",\"reforma interior\"],\"articleSection\":[\"arquitectura\",\"equipamiento sanitario\",\"obras\",\"reforma interior\",\"slider principal\"],\"inLanguage\":\"es\",\"potentialAction\":[{\"@type\":\"CommentAction\",\"name\":\"Comment\",\"target\":[\"https:\\\/\\\/veredes.es\\\/blog\\\/clinica-dental-gros-bvcr-arquitectura\\\/#respond\"]}]},{\"@type\":\"WebPage\",\"@id\":\"https:\\\/\\\/veredes.es\\\/blog\\\/clinica-dental-gros-bvcr-arquitectura\\\/\",\"url\":\"https:\\\/\\\/veredes.es\\\/blog\\\/clinica-dental-gros-bvcr-arquitectura\\\/\",\"name\":\"Cl\u00ednica Dental Gros | BVCR arquitectura\u200b - veredes\",\"isPartOf\":{\"@id\":\"https:\\\/\\\/veredes.es\\\/blog\\\/#website\"},\"primaryImageOfPage\":{\"@id\":\"https:\\\/\\\/veredes.es\\\/blog\\\/clinica-dental-gros-bvcr-arquitectura\\\/#primaryimage\"},\"image\":{\"@id\":\"https:\\\/\\\/veredes.es\\\/blog\\\/clinica-dental-gros-bvcr-arquitectura\\\/#primaryimage\"},\"thumbnailUrl\":\"https:\\\/\\\/veredes.es\\\/blog\\\/wp-content\\\/uploads\\\/2023\\\/02\\\/Clinica-Dental-Gros-BVCR-arquitectura\u200b-15.jpg\",\"datePublished\":\"2023-01-31T23:01:02+00:00\",\"dateModified\":\"2023-02-01T08:18:41+00:00\",\"description\":\"Toda la informaci\u00f3n sobre: Cl\u00ednica Dental Gros | BVCR arquitectura\u200b\",\"breadcrumb\":{\"@id\":\"https:\\\/\\\/veredes.es\\\/blog\\\/clinica-dental-gros-bvcr-arquitectura\\\/#breadcrumb\"},\"inLanguage\":\"es\",\"potentialAction\":[{\"@type\":\"ReadAction\",\"target\":[\"https:\\\/\\\/veredes.es\\\/blog\\\/clinica-dental-gros-bvcr-arquitectura\\\/\"]}]},{\"@type\":\"ImageObject\",\"inLanguage\":\"es\",\"@id\":\"https:\\\/\\\/veredes.es\\\/blog\\\/clinica-dental-gros-bvcr-arquitectura\\\/#primaryimage\",\"url\":\"https:\\\/\\\/veredes.es\\\/blog\\\/wp-content\\\/uploads\\\/2023\\\/02\\\/Clinica-Dental-Gros-BVCR-arquitectura\u200b-15.jpg\",\"contentUrl\":\"https:\\\/\\\/veredes.es\\\/blog\\\/wp-content\\\/uploads\\\/2023\\\/02\\\/Clinica-Dental-Gros-BVCR-arquitectura\u200b-15.jpg\",\"width\":1400,\"height\":1867,\"caption\":\"Cl\u00ednica Dental Gros | BVCR arquitectura\u200b \u00a9 Aitor Est\u00e9vez Olaizola\"},{\"@type\":\"BreadcrumbList\",\"@id\":\"https:\\\/\\\/veredes.es\\\/blog\\\/clinica-dental-gros-bvcr-arquitectura\\\/#breadcrumb\",\"itemListElement\":[{\"@type\":\"ListItem\",\"position\":1,\"name\":\"Portada\",\"item\":\"https:\\\/\\\/veredes.es\\\/blog\\\/\"},{\"@type\":\"ListItem\",\"position\":2,\"name\":\"Cl\u00ednica Dental Gros | BVCR arquitectura\u200b\"}]},{\"@type\":\"WebSite\",\"@id\":\"https:\\\/\\\/veredes.es\\\/blog\\\/#website\",\"url\":\"https:\\\/\\\/veredes.es\\\/blog\\\/\",\"name\":\"veredes, arquitectura y divulgaci\u00f3n\",\"description\":\"veredes\",\"publisher\":{\"@id\":\"https:\\\/\\\/veredes.es\\\/blog\\\/#organization\"},\"alternateName\":\"veredes\",\"potentialAction\":[{\"@type\":\"SearchAction\",\"target\":{\"@type\":\"EntryPoint\",\"urlTemplate\":\"https:\\\/\\\/veredes.es\\\/blog\\\/?s={search_term_string}\"},\"query-input\":{\"@type\":\"PropertyValueSpecification\",\"valueRequired\":true,\"valueName\":\"search_term_string\"}}],\"inLanguage\":\"es\"},{\"@type\":\"Organization\",\"@id\":\"https:\\\/\\\/veredes.es\\\/blog\\\/#organization\",\"name\":\"veredes, arquitectura y divulgaci\u00f3n\",\"alternateName\":\"veredes\",\"url\":\"https:\\\/\\\/veredes.es\\\/blog\\\/\",\"logo\":{\"@type\":\"ImageObject\",\"inLanguage\":\"es\",\"@id\":\"https:\\\/\\\/veredes.es\\\/blog\\\/#\\\/schema\\\/logo\\\/image\\\/\",\"url\":\"https:\\\/\\\/veredes.es\\\/blog\\\/wp-content\\\/uploads\\\/2021\\\/12\\\/veredes-logo-centrado_140x54.png\",\"contentUrl\":\"https:\\\/\\\/veredes.es\\\/blog\\\/wp-content\\\/uploads\\\/2021\\\/12\\\/veredes-logo-centrado_140x54.png\",\"width\":140,\"height\":54,\"caption\":\"veredes, arquitectura y divulgaci\u00f3n\"},\"image\":{\"@id\":\"https:\\\/\\\/veredes.es\\\/blog\\\/#\\\/schema\\\/logo\\\/image\\\/\"},\"sameAs\":[\"https:\\\/\\\/www.facebook.com\\\/veredesArquitecturayDivulgacion\\\/\",\"https:\\\/\\\/x.com\\\/veredes\",\"https:\\\/\\\/instagram.com\\\/veredes\\\/\",\"https:\\\/\\\/www.linkedin.com\\\/company\\\/veredes-arquitectura-y-divulgacion\\\/\",\"https:\\\/\\\/es.pinterest.com\\\/veredes\\\/\",\"https:\\\/\\\/www.tumblr.com\\\/veredes\"]},{\"@type\":\"Person\",\"@id\":\"https:\\\/\\\/veredes.es\\\/blog\\\/#\\\/schema\\\/person\\\/0bbb669073ef7faba5168a0844e93d2c\",\"name\":\"veredes\",\"image\":{\"@type\":\"ImageObject\",\"inLanguage\":\"es\",\"@id\":\"https:\\\/\\\/veredes.es\\\/blog\\\/wp-content\\\/uploads\\\/2018\\\/04\\\/face-96x96.jpg\",\"url\":\"https:\\\/\\\/veredes.es\\\/blog\\\/wp-content\\\/uploads\\\/2018\\\/04\\\/face-96x96.jpg\",\"contentUrl\":\"https:\\\/\\\/veredes.es\\\/blog\\\/wp-content\\\/uploads\\\/2018\\\/04\\\/face-96x96.jpg\",\"caption\":\"veredes\"},\"description\":\"Surge enero de 2009 como b\u00fasqueda de satisfacer el conocimiento de la actividad arquitect\u00f3nica y tangentes que se generan. La idea es crear un espacio para divulgar los diversos proyectos en busca de nueva inspiraci\u00f3n y de intercambio.\",\"sameAs\":[\"https:\\\/\\\/veredes.es\\\/\",\"https:\\\/\\\/www.facebook.com\\\/veredesArquitecturayDivulgacion\\\/\",\"https:\\\/\\\/www.instagram.com\\\/veredes\\\/\",\"https:\\\/\\\/www.linkedin.com\\\/company\\\/veredes-arquitectura-y-divulgacion\\\/\",\"https:\\\/\\\/www.pinterest.es\\\/veredes\\\/\",\"https:\\\/\\\/x.com\\\/https:\\\/\\\/twitter.com\\\/veredes\",\"https:\\\/\\\/veredes.tumblr.com\\\/\"],\"url\":\"https:\\\/\\\/veredes.es\\\/blog\\\/author\\\/alberto\\\/\"}]}<\/script>\n<!-- \/ Yoast SEO plugin. -->","yoast_head_json":{"title":"Cl\u00ednica Dental Gros | BVCR arquitectura\u200b - veredes","description":"Toda la informaci\u00f3n sobre: Cl\u00ednica Dental Gros | BVCR arquitectura\u200b","robots":{"index":"index","follow":"follow","max-snippet":"max-snippet:-1","max-image-preview":"max-image-preview:large","max-video-preview":"max-video-preview:-1"},"canonical":"https:\/\/veredes.es\/blog\/clinica-dental-gros-bvcr-arquitectura\/","og_locale":"es_ES","og_type":"article","og_title":"Cl\u00ednica Dental Gros | BVCR arquitectura\u200b - veredes","og_description":"Toda la informaci\u00f3n sobre: Cl\u00ednica Dental Gros | BVCR arquitectura\u200b","og_url":"https:\/\/veredes.es\/blog\/clinica-dental-gros-bvcr-arquitectura\/","og_site_name":"veredes, arquitectura y divulgaci\u00f3n","article_publisher":"https:\/\/www.facebook.com\/veredesArquitecturayDivulgacion\/","article_author":"https:\/\/www.facebook.com\/veredesArquitecturayDivulgacion\/","article_published_time":"2023-01-31T23:01:02+00:00","article_modified_time":"2023-02-01T08:18:41+00:00","og_image":[{"width":1400,"height":1867,"url":"https:\/\/veredes.es\/blog\/wp-content\/uploads\/2023\/02\/Clinica-Dental-Gros-BVCR-arquitectura\u200b-15.jpg","type":"image\/jpeg"}],"author":"veredes","twitter_card":"summary_large_image","twitter_creator":"@https:\/\/twitter.com\/veredes","twitter_site":"@veredes","twitter_misc":{"Escrito por":"veredes","Tiempo de lectura":"4 minutos"},"schema":{"@context":"https:\/\/schema.org","@graph":[{"@type":"Article","@id":"https:\/\/veredes.es\/blog\/clinica-dental-gros-bvcr-arquitectura\/#article","isPartOf":{"@id":"https:\/\/veredes.es\/blog\/clinica-dental-gros-bvcr-arquitectura\/"},"author":{"name":"veredes","@id":"https:\/\/veredes.es\/blog\/#\/schema\/person\/0bbb669073ef7faba5168a0844e93d2c"},"headline":"Cl\u00ednica Dental Gros | BVCR arquitectura\u200b","datePublished":"2023-01-31T23:01:02+00:00","dateModified":"2023-02-01T08:18:41+00:00","mainEntityOfPage":{"@id":"https:\/\/veredes.es\/blog\/clinica-dental-gros-bvcr-arquitectura\/"},"wordCount":559,"commentCount":0,"publisher":{"@id":"https:\/\/veredes.es\/blog\/#organization"},"image":{"@id":"https:\/\/veredes.es\/blog\/clinica-dental-gros-bvcr-arquitectura\/#primaryimage"},"thumbnailUrl":"https:\/\/veredes.es\/blog\/wp-content\/uploads\/2023\/02\/Clinica-Dental-Gros-BVCR-arquitectura\u200b-15.jpg","keywords":["arquitectura espa\u00f1ola","arquitectura sanitaria","BVCR arquitectura\u200b","dise\u00f1o interiores","equipamiento sanitario","Pa\u00eds Vasco","reforma interior"],"articleSection":["arquitectura","equipamiento sanitario","obras","reforma interior","slider principal"],"inLanguage":"es","potentialAction":[{"@type":"CommentAction","name":"Comment","target":["https:\/\/veredes.es\/blog\/clinica-dental-gros-bvcr-arquitectura\/#respond"]}]},{"@type":"WebPage","@id":"https:\/\/veredes.es\/blog\/clinica-dental-gros-bvcr-arquitectura\/","url":"https:\/\/veredes.es\/blog\/clinica-dental-gros-bvcr-arquitectura\/","name":"Cl\u00ednica Dental Gros | BVCR arquitectura\u200b - veredes","isPartOf":{"@id":"https:\/\/veredes.es\/blog\/#website"},"primaryImageOfPage":{"@id":"https:\/\/veredes.es\/blog\/clinica-dental-gros-bvcr-arquitectura\/#primaryimage"},"image":{"@id":"https:\/\/veredes.es\/blog\/clinica-dental-gros-bvcr-arquitectura\/#primaryimage"},"thumbnailUrl":"https:\/\/veredes.es\/blog\/wp-content\/uploads\/2023\/02\/Clinica-Dental-Gros-BVCR-arquitectura\u200b-15.jpg","datePublished":"2023-01-31T23:01:02+00:00","dateModified":"2023-02-01T08:18:41+00:00","description":"Toda la informaci\u00f3n sobre: Cl\u00ednica Dental Gros | BVCR arquitectura\u200b","breadcrumb":{"@id":"https:\/\/veredes.es\/blog\/clinica-dental-gros-bvcr-arquitectura\/#breadcrumb"},"inLanguage":"es","potentialAction":[{"@type":"ReadAction","target":["https:\/\/veredes.es\/blog\/clinica-dental-gros-bvcr-arquitectura\/"]}]},{"@type":"ImageObject","inLanguage":"es","@id":"https:\/\/veredes.es\/blog\/clinica-dental-gros-bvcr-arquitectura\/#primaryimage","url":"https:\/\/veredes.es\/blog\/wp-content\/uploads\/2023\/02\/Clinica-Dental-Gros-BVCR-arquitectura\u200b-15.jpg","contentUrl":"https:\/\/veredes.es\/blog\/wp-content\/uploads\/2023\/02\/Clinica-Dental-Gros-BVCR-arquitectura\u200b-15.jpg","width":1400,"height":1867,"caption":"Cl\u00ednica Dental Gros | BVCR arquitectura\u200b \u00a9 Aitor Est\u00e9vez Olaizola"},{"@type":"BreadcrumbList","@id":"https:\/\/veredes.es\/blog\/clinica-dental-gros-bvcr-arquitectura\/#breadcrumb","itemListElement":[{"@type":"ListItem","position":1,"name":"Portada","item":"https:\/\/veredes.es\/blog\/"},{"@type":"ListItem","position":2,"name":"Cl\u00ednica Dental Gros | BVCR arquitectura\u200b"}]},{"@type":"WebSite","@id":"https:\/\/veredes.es\/blog\/#website","url":"https:\/\/veredes.es\/blog\/","name":"veredes, arquitectura y divulgaci\u00f3n","description":"veredes","publisher":{"@id":"https:\/\/veredes.es\/blog\/#organization"},"alternateName":"veredes","potentialAction":[{"@type":"SearchAction","target":{"@type":"EntryPoint","urlTemplate":"https:\/\/veredes.es\/blog\/?s={search_term_string}"},"query-input":{"@type":"PropertyValueSpecification","valueRequired":true,"valueName":"search_term_string"}}],"inLanguage":"es"},{"@type":"Organization","@id":"https:\/\/veredes.es\/blog\/#organization","name":"veredes, arquitectura y divulgaci\u00f3n","alternateName":"veredes","url":"https:\/\/veredes.es\/blog\/","logo":{"@type":"ImageObject","inLanguage":"es","@id":"https:\/\/veredes.es\/blog\/#\/schema\/logo\/image\/","url":"https:\/\/veredes.es\/blog\/wp-content\/uploads\/2021\/12\/veredes-logo-centrado_140x54.png","contentUrl":"https:\/\/veredes.es\/blog\/wp-content\/uploads\/2021\/12\/veredes-logo-centrado_140x54.png","width":140,"height":54,"caption":"veredes, arquitectura y divulgaci\u00f3n"},"image":{"@id":"https:\/\/veredes.es\/blog\/#\/schema\/logo\/image\/"},"sameAs":["https:\/\/www.facebook.com\/veredesArquitecturayDivulgacion\/","https:\/\/x.com\/veredes","https:\/\/instagram.com\/veredes\/","https:\/\/www.linkedin.com\/company\/veredes-arquitectura-y-divulgacion\/","https:\/\/es.pinterest.com\/veredes\/","https:\/\/www.tumblr.com\/veredes"]},{"@type":"Person","@id":"https:\/\/veredes.es\/blog\/#\/schema\/person\/0bbb669073ef7faba5168a0844e93d2c","name":"veredes","image":{"@type":"ImageObject","inLanguage":"es","@id":"https:\/\/veredes.es\/blog\/wp-content\/uploads\/2018\/04\/face-96x96.jpg","url":"https:\/\/veredes.es\/blog\/wp-content\/uploads\/2018\/04\/face-96x96.jpg","contentUrl":"https:\/\/veredes.es\/blog\/wp-content\/uploads\/2018\/04\/face-96x96.jpg","caption":"veredes"},"description":"Surge enero de 2009 como b\u00fasqueda de satisfacer el conocimiento de la actividad arquitect\u00f3nica y tangentes que se generan. La idea es crear un espacio para divulgar los diversos proyectos en busca de nueva inspiraci\u00f3n y de intercambio.","sameAs":["https:\/\/veredes.es\/","https:\/\/www.facebook.com\/veredesArquitecturayDivulgacion\/","https:\/\/www.instagram.com\/veredes\/","https:\/\/www.linkedin.com\/company\/veredes-arquitectura-y-divulgacion\/","https:\/\/www.pinterest.es\/veredes\/","https:\/\/x.com\/https:\/\/twitter.com\/veredes","https:\/\/veredes.tumblr.com\/"],"url":"https:\/\/veredes.es\/blog\/author\/alberto\/"}]}},"_links":{"self":[{"href":"https:\/\/veredes.es\/blog\/wp-json\/wp\/v2\/posts\/92207","targetHints":{"allow":["GET"]}}],"collection":[{"href":"https:\/\/veredes.es\/blog\/wp-json\/wp\/v2\/posts"}],"about":[{"href":"https:\/\/veredes.es\/blog\/wp-json\/wp\/v2\/types\/post"}],"author":[{"embeddable":true,"href":"https:\/\/veredes.es\/blog\/wp-json\/wp\/v2\/users\/2"}],"replies":[{"embeddable":true,"href":"https:\/\/veredes.es\/blog\/wp-json\/wp\/v2\/comments?post=92207"}],"version-history":[{"count":0,"href":"https:\/\/veredes.es\/blog\/wp-json\/wp\/v2\/posts\/92207\/revisions"}],"wp:featuredmedia":[{"embeddable":true,"href":"https:\/\/veredes.es\/blog\/wp-json\/wp\/v2\/media\/92211"}],"wp:attachment":[{"href":"https:\/\/veredes.es\/blog\/wp-json\/wp\/v2\/media?parent=92207"}],"wp:term":[{"taxonomy":"category","embeddable":true,"href":"https:\/\/veredes.es\/blog\/wp-json\/wp\/v2\/categories?post=92207"},{"taxonomy":"post_tag","embeddable":true,"href":"https:\/\/veredes.es\/blog\/wp-json\/wp\/v2\/tags?post=92207"}],"curies":[{"name":"wp","href":"https:\/\/api.w.org\/{rel}","templated":true}]}}