{"id":9207,"date":"2011-01-17T10:49:02","date_gmt":"2011-01-17T10:49:02","guid":{"rendered":"http:\/\/veredes.es\/blog\/?p=9207"},"modified":"2020-11-25T14:27:38","modified_gmt":"2020-11-25T13:27:38","slug":"efimeras-alternativas-habitables-2","status":"publish","type":"post","link":"https:\/\/veredes.es\/blog\/efimeras-alternativas-habitables-2\/","title":{"rendered":"Efimeras. Alternativas Habitables"},"content":{"rendered":"<p><\/p>\n<p style=\"text-align: justify;\">En el siglo XX los valores que han caracterizado siempre a la Arquitectura Ef\u00edmera como ligereza, reciclaje, estandarizaci\u00f3n, movilidad, almacenamiento, sostenibilidad, econom\u00eda, fugacidad\u2026, han permitido una r\u00e1pida generaci\u00f3n de respuesta ante las distintas realidades emergentes: sociales, pol\u00edticas, tecnol\u00f3gicas, arquitect\u00f3nicas, filos\u00f3ficas, etc. La facilidad de transformar las ideas en realidades, hace de las arquitecturas ef\u00edmeras una plataforma \u00e1gil para el pensamiento la experimentaci\u00f3n y el desarrollo, teniendo sus m\u00e1s logrados frutos en El H\u00e1bitat. En las \u00faltimas d\u00e9cadas, distintas disciplinas han trabajado de manera transversal, desde perspectivas muy variadas. Encontramos coexistiendo en un mismo proyecto la tecnolog\u00eda aeroespacial con la bot\u00e1nica o la industria textil. Pensamos que la m\u00faltiple interacci\u00f3n de tan diversas \u00e1reas del conocimiento es la clave para entender estas Arquitecturas Ef\u00edmeras, y cada vez m\u00e1s del resto de los \u00e1mbitos de la Arquitectura.<\/p>\n<p style=\"text-align: justify;\"><a href=\"http:\/\/veredes.es\/blog\/wp-content\/uploads\/2011\/01\/my.jpg\"><img loading=\"lazy\" decoding=\"async\" class=\"alignnone size-full wp-image-9208\" title=\"my\" src=\"http:\/\/veredes.es\/blog\/wp-content\/uploads\/2011\/01\/my.jpg\" alt=\"\" width=\"400\" height=\"300\" srcset=\"https:\/\/veredes.es\/blog\/wp-content\/uploads\/2011\/01\/my.jpg 400w, https:\/\/veredes.es\/blog\/wp-content\/uploads\/2011\/01\/my-300x225.jpg 300w\" sizes=\"auto, (max-width: 400px) 100vw, 400px\" \/><\/a><span style=\"color: #888888;\">por efimeras.com<\/span><\/p>\n<p style=\"text-align: justify;\">El objetivo es estudiar y divulgar este universo del H\u00e1bitat Ef\u00edmero, a trav\u00e9s de las propuestas m\u00e1s relevantes del S.XX. Los medios expositivos estar\u00e1n enfocados a transmitir este car\u00e1cter transversal y multidisciplinar, buscando la participaci\u00f3n y retroalimentaci\u00f3n con el visitante. Pensamos que tanto el contenido como la manera de exponerlo no han sido planteados hasta ahora. Cuatro ser\u00e1n los conceptos fundamentales que articulen la exposici\u00f3n: \u201cbajo coste\u201d, \u201chazlo t\u00fa mismo\u201d, \u201cemergencia\u201d y \u201ctecnol\u00f3gico\u201d. Se desarrollar\u00e1 un prototipo a escala 1:1 para cada concepto, buscando aquellos de mayor trascendencia. Tambi\u00e9n ser\u00e1n cuatro los audiovisuales que recojan las propuestas m\u00e1s sobresalientes de vivienda ef\u00edmera en el S. XX y en estos primeros a\u00f1os de el S XXI.<\/p>\n<p style=\"text-align: justify;\">Dos elementos interactivos complementan la exposici\u00f3n: El \u201creactmap\u201d, un mapa de relaciones de todos los proyectos arquitect\u00f3nicos, sociales, tecnol\u00f3gicos y art\u00edsticos seleccionados, y una p\u00e1gina web, creada con el objetivo de llevar la exposici\u00f3n fuera de los l\u00edmites de la sala, y a su vez, acoger propuestas participativas de profesionales invitados y p\u00fablico interesado, sirviendo del mismo modo como referencia para visitarla, trazando un camino de ida y vuelta.<\/p>\n<div id='gallery-1' class='gallery galleryid-9207 gallery-columns-4 gallery-size-thumbnail'><figure class='gallery-item'>\n\t\t\t<div class='gallery-icon landscape'>\n\t\t\t\t<a href='https:\/\/veredes.es\/blog\/efimeras-alternativas-habitables-2\/my\/'><img loading=\"lazy\" decoding=\"async\" width=\"120\" height=\"120\" src=\"https:\/\/veredes.es\/blog\/wp-content\/uploads\/2011\/01\/my-150x150.jpg\" class=\"attachment-thumbnail size-thumbnail\" alt=\"\" srcset=\"https:\/\/veredes.es\/blog\/wp-content\/uploads\/2011\/01\/my-150x150.jpg 150w, https:\/\/veredes.es\/blog\/wp-content\/uploads\/2011\/01\/my-120x120.jpg 120w\" sizes=\"auto, (max-width: 120px) 100vw, 120px\" \/><\/a>\n\t\t\t<\/div><\/figure><figure class='gallery-item'>\n\t\t\t<div class='gallery-icon landscape'>\n\t\t\t\t<a href='https:\/\/veredes.es\/blog\/efimeras-alternativas-habitables-2\/attachment\/9\/'><img loading=\"lazy\" decoding=\"async\" width=\"120\" height=\"120\" src=\"https:\/\/veredes.es\/blog\/wp-content\/uploads\/2011\/01\/9-150x150.jpg\" class=\"attachment-thumbnail size-thumbnail\" alt=\"\" srcset=\"https:\/\/veredes.es\/blog\/wp-content\/uploads\/2011\/01\/9-150x150.jpg 150w, https:\/\/veredes.es\/blog\/wp-content\/uploads\/2011\/01\/9-120x120.jpg 120w\" sizes=\"auto, (max-width: 120px) 100vw, 120px\" \/><\/a>\n\t\t\t<\/div><\/figure><figure class='gallery-item'>\n\t\t\t<div class='gallery-icon landscape'>\n\t\t\t\t<a href='https:\/\/veredes.es\/blog\/efimeras-alternativas-habitables-2\/10-5\/'><img loading=\"lazy\" decoding=\"async\" width=\"120\" height=\"120\" src=\"https:\/\/veredes.es\/blog\/wp-content\/uploads\/2011\/01\/10-150x150.jpg\" class=\"attachment-thumbnail size-thumbnail\" alt=\"\" srcset=\"https:\/\/veredes.es\/blog\/wp-content\/uploads\/2011\/01\/10-150x150.jpg 150w, https:\/\/veredes.es\/blog\/wp-content\/uploads\/2011\/01\/10-120x120.jpg 120w\" sizes=\"auto, (max-width: 120px) 100vw, 120px\" \/><\/a>\n\t\t\t<\/div><\/figure><figure class='gallery-item'>\n\t\t\t<div class='gallery-icon landscape'>\n\t\t\t\t<a href='https:\/\/veredes.es\/blog\/efimeras-alternativas-habitables-2\/ficha-de-instalacion-de-dymaxion\/'><img loading=\"lazy\" decoding=\"async\" width=\"120\" height=\"120\" src=\"https:\/\/veredes.es\/blog\/wp-content\/uploads\/2011\/01\/FIcha-de-instalacion-de-DYMAXION-150x150.jpg\" class=\"attachment-thumbnail size-thumbnail\" alt=\"\" srcset=\"https:\/\/veredes.es\/blog\/wp-content\/uploads\/2011\/01\/FIcha-de-instalacion-de-DYMAXION-150x150.jpg 150w, https:\/\/veredes.es\/blog\/wp-content\/uploads\/2011\/01\/FIcha-de-instalacion-de-DYMAXION-120x120.jpg 120w\" sizes=\"auto, (max-width: 120px) 100vw, 120px\" \/><\/a>\n\t\t\t<\/div><\/figure><figure class='gallery-item'>\n\t\t\t<div class='gallery-icon landscape'>\n\t\t\t\t<a href='https:\/\/veredes.es\/blog\/efimeras-alternativas-habitables-2\/treetentspan1528\/'><img loading=\"lazy\" decoding=\"async\" width=\"120\" height=\"120\" src=\"https:\/\/veredes.es\/blog\/wp-content\/uploads\/2011\/01\/treetentspan1528-150x150.jpg\" class=\"attachment-thumbnail size-thumbnail\" alt=\"\" srcset=\"https:\/\/veredes.es\/blog\/wp-content\/uploads\/2011\/01\/treetentspan1528-150x150.jpg 150w, https:\/\/veredes.es\/blog\/wp-content\/uploads\/2011\/01\/treetentspan1528-120x120.jpg 120w\" sizes=\"auto, (max-width: 120px) 100vw, 120px\" \/><\/a>\n\t\t\t<\/div><\/figure>\n\t\t<\/div>\n\n<p style=\"text-align: justify;\">Madrid<br \/>\n16 de Febrero a 29 de Mayo de 2011<br \/>\nLa Arquer\u00eda de Nuevos Ministerios, Paseo de la Castellana 67<br \/>\nMinisterio de Fomento<br \/>\nComisaria: Carmen Blasco Rodr\u00edguez<br \/>\nEf\u00edmeras. Alternativas habitables<\/p>\n<p style=\"text-align: justify;\"><a href=\"http:\/\/www.efimeras.com\/\" target=\"_blank\" rel=\"noopener noreferrer\"><span style=\"color: #888888;\">+ efimeras.com<\/span><\/a><\/p>\n<p><\/p>","protected":false},"excerpt":{"rendered":"<p>En el siglo XX los valores que han caracterizado siempre a la Arquitectura Ef\u00edmera como ligereza, reciclaje, estandarizaci\u00f3n, movilidad, almacenamiento, sostenibilidad, econom\u00eda, fugacidad\u2026, han permitido una r\u00e1pida generaci\u00f3n de respuesta ante las distintas realidades emergentes: sociales, pol\u00edticas, tecnol\u00f3gicas, arquitect\u00f3nicas, filos\u00f3ficas, etc. La facilidad de transformar las ideas en realidades, hace de las arquitecturas ef\u00edmeras una [&hellip;]<\/p>\n","protected":false},"author":2,"featured_media":9208,"comment_status":"open","ping_status":"closed","sticky":false,"template":"","format":"standard","meta":{"footnotes":""},"categories":[16,1382],"tags":[45,521,556,814,12465],"class_list":{"0":"post-9207","1":"post","2":"type-post","3":"status-publish","4":"format-standard","5":"has-post-thumbnail","7":"category-eventos","8":"category-exposiciones","10":"tag-espana","11":"tag-exposicion","12":"tag-madrid","13":"tag-vivienda"},"yoast_head":"<!-- This site is optimized with the Yoast SEO plugin v27.5 - https:\/\/yoast.com\/product\/yoast-seo-wordpress\/ -->\n<title>Efimeras. Alternativas Habitables - veredes<\/title>\n<meta name=\"description\" content=\"Toda la informaci\u00f3n sobre: [:es]Efimeras. Alternativas Habitables[:gl]Efimeras. Alternativas Habitables[:en]Ephimeral. Alternative Living[:]\" \/>\n<meta name=\"robots\" content=\"index, follow, max-snippet:-1, max-image-preview:large, max-video-preview:-1\" \/>\n<link rel=\"canonical\" href=\"https:\/\/veredes.es\/blog\/efimeras-alternativas-habitables-2\/\" \/>\n<meta property=\"og:locale\" content=\"es_ES\" \/>\n<meta property=\"og:type\" content=\"article\" \/>\n<meta property=\"og:title\" content=\"[:es]Efimeras. Alternativas Habitables[:gl]Efimeras. Alternativas Habitables[:en]Ephimeral. Alternative Living[:] - veredes\" \/>\n<meta property=\"og:description\" content=\"Toda la informaci\u00f3n sobre: [:es]Efimeras. Alternativas Habitables[:gl]Efimeras. Alternativas Habitables[:en]Ephimeral. Alternative Living[:]\" \/>\n<meta property=\"og:url\" content=\"https:\/\/veredes.es\/blog\/efimeras-alternativas-habitables-2\/\" \/>\n<meta property=\"og:site_name\" content=\"veredes, arquitectura y divulgaci\u00f3n\" \/>\n<meta property=\"article:publisher\" content=\"https:\/\/www.facebook.com\/veredesArquitecturayDivulgacion\/\" \/>\n<meta property=\"article:author\" content=\"https:\/\/www.facebook.com\/veredesArquitecturayDivulgacion\/\" \/>\n<meta property=\"article:published_time\" content=\"2011-01-17T10:49:02+00:00\" \/>\n<meta property=\"article:modified_time\" content=\"2020-11-25T13:27:38+00:00\" \/>\n<meta property=\"og:image\" content=\"https:\/\/veredes.es\/blog\/wp-content\/uploads\/2011\/01\/my.jpg\" \/>\n\t<meta property=\"og:image:width\" content=\"400\" \/>\n\t<meta property=\"og:image:height\" content=\"300\" \/>\n\t<meta property=\"og:image:type\" content=\"image\/jpeg\" \/>\n<meta name=\"author\" content=\"veredes\" \/>\n<meta name=\"twitter:card\" content=\"summary_large_image\" \/>\n<meta name=\"twitter:creator\" content=\"@https:\/\/twitter.com\/veredes\" \/>\n<meta name=\"twitter:site\" content=\"@veredes\" \/>\n<meta name=\"twitter:label1\" content=\"Escrito por\" \/>\n\t<meta name=\"twitter:data1\" content=\"veredes\" \/>\n\t<meta name=\"twitter:label2\" content=\"Tiempo de lectura\" \/>\n\t<meta name=\"twitter:data2\" content=\"6 minutos\" \/>\n<script type=\"application\/ld+json\" class=\"yoast-schema-graph\">{\"@context\":\"https:\\\/\\\/schema.org\",\"@graph\":[{\"@type\":\"Article\",\"@id\":\"https:\\\/\\\/veredes.es\\\/blog\\\/efimeras-alternativas-habitables-2\\\/#article\",\"isPartOf\":{\"@id\":\"https:\\\/\\\/veredes.es\\\/blog\\\/efimeras-alternativas-habitables-2\\\/\"},\"author\":{\"name\":\"veredes\",\"@id\":\"https:\\\/\\\/veredes.es\\\/blog\\\/#\\\/schema\\\/person\\\/0bbb669073ef7faba5168a0844e93d2c\"},\"headline\":\"Efimeras. Alternativas Habitables\",\"datePublished\":\"2011-01-17T10:49:02+00:00\",\"dateModified\":\"2020-11-25T13:27:38+00:00\",\"mainEntityOfPage\":{\"@id\":\"https:\\\/\\\/veredes.es\\\/blog\\\/efimeras-alternativas-habitables-2\\\/\"},\"wordCount\":1164,\"commentCount\":31,\"publisher\":{\"@id\":\"https:\\\/\\\/veredes.es\\\/blog\\\/#organization\"},\"image\":{\"@id\":\"https:\\\/\\\/veredes.es\\\/blog\\\/efimeras-alternativas-habitables-2\\\/#primaryimage\"},\"thumbnailUrl\":\"https:\\\/\\\/veredes.es\\\/blog\\\/wp-content\\\/uploads\\\/2011\\\/01\\\/my.jpg\",\"keywords\":[\"arquitectura ef\u00edmera\",\"Espa\u00f1a\",\"exposici\u00f3n\",\"Madrid\",\"vivienda\"],\"articleSection\":[\"eventos\",\"exposiciones\"],\"inLanguage\":\"es\",\"potentialAction\":[{\"@type\":\"CommentAction\",\"name\":\"Comment\",\"target\":[\"https:\\\/\\\/veredes.es\\\/blog\\\/efimeras-alternativas-habitables-2\\\/#respond\"]}]},{\"@type\":\"WebPage\",\"@id\":\"https:\\\/\\\/veredes.es\\\/blog\\\/efimeras-alternativas-habitables-2\\\/\",\"url\":\"https:\\\/\\\/veredes.es\\\/blog\\\/efimeras-alternativas-habitables-2\\\/\",\"name\":\"[:es]Efimeras. Alternativas Habitables[:gl]Efimeras. Alternativas Habitables[:en]Ephimeral. Alternative Living[:] - veredes\",\"isPartOf\":{\"@id\":\"https:\\\/\\\/veredes.es\\\/blog\\\/#website\"},\"primaryImageOfPage\":{\"@id\":\"https:\\\/\\\/veredes.es\\\/blog\\\/efimeras-alternativas-habitables-2\\\/#primaryimage\"},\"image\":{\"@id\":\"https:\\\/\\\/veredes.es\\\/blog\\\/efimeras-alternativas-habitables-2\\\/#primaryimage\"},\"thumbnailUrl\":\"https:\\\/\\\/veredes.es\\\/blog\\\/wp-content\\\/uploads\\\/2011\\\/01\\\/my.jpg\",\"datePublished\":\"2011-01-17T10:49:02+00:00\",\"dateModified\":\"2020-11-25T13:27:38+00:00\",\"description\":\"Toda la informaci\u00f3n sobre: [:es]Efimeras. Alternativas Habitables[:gl]Efimeras. Alternativas Habitables[:en]Ephimeral. Alternative Living[:]\",\"breadcrumb\":{\"@id\":\"https:\\\/\\\/veredes.es\\\/blog\\\/efimeras-alternativas-habitables-2\\\/#breadcrumb\"},\"inLanguage\":\"es\",\"potentialAction\":[{\"@type\":\"ReadAction\",\"target\":[\"https:\\\/\\\/veredes.es\\\/blog\\\/efimeras-alternativas-habitables-2\\\/\"]}]},{\"@type\":\"ImageObject\",\"inLanguage\":\"es\",\"@id\":\"https:\\\/\\\/veredes.es\\\/blog\\\/efimeras-alternativas-habitables-2\\\/#primaryimage\",\"url\":\"https:\\\/\\\/veredes.es\\\/blog\\\/wp-content\\\/uploads\\\/2011\\\/01\\\/my.jpg\",\"contentUrl\":\"https:\\\/\\\/veredes.es\\\/blog\\\/wp-content\\\/uploads\\\/2011\\\/01\\\/my.jpg\",\"width\":\"400\",\"height\":\"300\"},{\"@type\":\"BreadcrumbList\",\"@id\":\"https:\\\/\\\/veredes.es\\\/blog\\\/efimeras-alternativas-habitables-2\\\/#breadcrumb\",\"itemListElement\":[{\"@type\":\"ListItem\",\"position\":1,\"name\":\"Portada\",\"item\":\"https:\\\/\\\/veredes.es\\\/blog\\\/\"},{\"@type\":\"ListItem\",\"position\":2,\"name\":\"Efimeras. Alternativas Habitables\"}]},{\"@type\":\"WebSite\",\"@id\":\"https:\\\/\\\/veredes.es\\\/blog\\\/#website\",\"url\":\"https:\\\/\\\/veredes.es\\\/blog\\\/\",\"name\":\"veredes, arquitectura y divulgaci\u00f3n\",\"description\":\"veredes\",\"publisher\":{\"@id\":\"https:\\\/\\\/veredes.es\\\/blog\\\/#organization\"},\"alternateName\":\"veredes\",\"potentialAction\":[{\"@type\":\"SearchAction\",\"target\":{\"@type\":\"EntryPoint\",\"urlTemplate\":\"https:\\\/\\\/veredes.es\\\/blog\\\/?s={search_term_string}\"},\"query-input\":{\"@type\":\"PropertyValueSpecification\",\"valueRequired\":true,\"valueName\":\"search_term_string\"}}],\"inLanguage\":\"es\"},{\"@type\":\"Organization\",\"@id\":\"https:\\\/\\\/veredes.es\\\/blog\\\/#organization\",\"name\":\"veredes, arquitectura y divulgaci\u00f3n\",\"alternateName\":\"veredes\",\"url\":\"https:\\\/\\\/veredes.es\\\/blog\\\/\",\"logo\":{\"@type\":\"ImageObject\",\"inLanguage\":\"es\",\"@id\":\"https:\\\/\\\/veredes.es\\\/blog\\\/#\\\/schema\\\/logo\\\/image\\\/\",\"url\":\"https:\\\/\\\/veredes.es\\\/blog\\\/wp-content\\\/uploads\\\/2021\\\/12\\\/veredes-logo-centrado_140x54.png\",\"contentUrl\":\"https:\\\/\\\/veredes.es\\\/blog\\\/wp-content\\\/uploads\\\/2021\\\/12\\\/veredes-logo-centrado_140x54.png\",\"width\":140,\"height\":54,\"caption\":\"veredes, arquitectura y divulgaci\u00f3n\"},\"image\":{\"@id\":\"https:\\\/\\\/veredes.es\\\/blog\\\/#\\\/schema\\\/logo\\\/image\\\/\"},\"sameAs\":[\"https:\\\/\\\/www.facebook.com\\\/veredesArquitecturayDivulgacion\\\/\",\"https:\\\/\\\/x.com\\\/veredes\",\"https:\\\/\\\/instagram.com\\\/veredes\\\/\",\"https:\\\/\\\/www.linkedin.com\\\/company\\\/veredes-arquitectura-y-divulgacion\\\/\",\"https:\\\/\\\/es.pinterest.com\\\/veredes\\\/\",\"https:\\\/\\\/www.tumblr.com\\\/veredes\"]},{\"@type\":\"Person\",\"@id\":\"https:\\\/\\\/veredes.es\\\/blog\\\/#\\\/schema\\\/person\\\/0bbb669073ef7faba5168a0844e93d2c\",\"name\":\"veredes\",\"image\":{\"@type\":\"ImageObject\",\"inLanguage\":\"es\",\"@id\":\"https:\\\/\\\/veredes.es\\\/blog\\\/wp-content\\\/uploads\\\/2018\\\/04\\\/face-96x96.jpg\",\"url\":\"https:\\\/\\\/veredes.es\\\/blog\\\/wp-content\\\/uploads\\\/2018\\\/04\\\/face-96x96.jpg\",\"contentUrl\":\"https:\\\/\\\/veredes.es\\\/blog\\\/wp-content\\\/uploads\\\/2018\\\/04\\\/face-96x96.jpg\",\"caption\":\"veredes\"},\"description\":\"Surge enero de 2009 como b\u00fasqueda de satisfacer el conocimiento de la actividad arquitect\u00f3nica y tangentes que se generan. La idea es crear un espacio para divulgar los diversos proyectos en busca de nueva inspiraci\u00f3n y de intercambio.\",\"sameAs\":[\"https:\\\/\\\/veredes.es\\\/\",\"https:\\\/\\\/www.facebook.com\\\/veredesArquitecturayDivulgacion\\\/\",\"https:\\\/\\\/www.instagram.com\\\/veredes\\\/\",\"https:\\\/\\\/www.linkedin.com\\\/company\\\/veredes-arquitectura-y-divulgacion\\\/\",\"https:\\\/\\\/www.pinterest.es\\\/veredes\\\/\",\"https:\\\/\\\/x.com\\\/https:\\\/\\\/twitter.com\\\/veredes\",\"https:\\\/\\\/veredes.tumblr.com\\\/\"],\"url\":\"https:\\\/\\\/veredes.es\\\/blog\\\/author\\\/alberto\\\/\"}]}<\/script>\n<!-- \/ Yoast SEO plugin. -->","yoast_head_json":{"title":"[:es]Efimeras. Alternativas Habitables[:gl]Efimeras. Alternativas Habitables[:en]Ephimeral. Alternative Living[:] - veredes","description":"Toda la informaci\u00f3n sobre: [:es]Efimeras. Alternativas Habitables[:gl]Efimeras. Alternativas Habitables[:en]Ephimeral. Alternative Living[:]","robots":{"index":"index","follow":"follow","max-snippet":"max-snippet:-1","max-image-preview":"max-image-preview:large","max-video-preview":"max-video-preview:-1"},"canonical":"https:\/\/veredes.es\/blog\/efimeras-alternativas-habitables-2\/","og_locale":"es_ES","og_type":"article","og_title":"[:es]Efimeras. Alternativas Habitables[:gl]Efimeras. Alternativas Habitables[:en]Ephimeral. Alternative Living[:] - veredes","og_description":"Toda la informaci\u00f3n sobre: [:es]Efimeras. Alternativas Habitables[:gl]Efimeras. Alternativas Habitables[:en]Ephimeral. Alternative Living[:]","og_url":"https:\/\/veredes.es\/blog\/efimeras-alternativas-habitables-2\/","og_site_name":"veredes, arquitectura y divulgaci\u00f3n","article_publisher":"https:\/\/www.facebook.com\/veredesArquitecturayDivulgacion\/","article_author":"https:\/\/www.facebook.com\/veredesArquitecturayDivulgacion\/","article_published_time":"2011-01-17T10:49:02+00:00","article_modified_time":"2020-11-25T13:27:38+00:00","og_image":[{"width":400,"height":300,"url":"https:\/\/veredes.es\/blog\/wp-content\/uploads\/2011\/01\/my.jpg","type":"image\/jpeg"}],"author":"veredes","twitter_card":"summary_large_image","twitter_creator":"@https:\/\/twitter.com\/veredes","twitter_site":"@veredes","twitter_misc":{"Escrito por":"veredes","Tiempo de lectura":"6 minutos"},"schema":{"@context":"https:\/\/schema.org","@graph":[{"@type":"Article","@id":"https:\/\/veredes.es\/blog\/efimeras-alternativas-habitables-2\/#article","isPartOf":{"@id":"https:\/\/veredes.es\/blog\/efimeras-alternativas-habitables-2\/"},"author":{"name":"veredes","@id":"https:\/\/veredes.es\/blog\/#\/schema\/person\/0bbb669073ef7faba5168a0844e93d2c"},"headline":"Efimeras. Alternativas Habitables","datePublished":"2011-01-17T10:49:02+00:00","dateModified":"2020-11-25T13:27:38+00:00","mainEntityOfPage":{"@id":"https:\/\/veredes.es\/blog\/efimeras-alternativas-habitables-2\/"},"wordCount":1164,"commentCount":31,"publisher":{"@id":"https:\/\/veredes.es\/blog\/#organization"},"image":{"@id":"https:\/\/veredes.es\/blog\/efimeras-alternativas-habitables-2\/#primaryimage"},"thumbnailUrl":"https:\/\/veredes.es\/blog\/wp-content\/uploads\/2011\/01\/my.jpg","keywords":["arquitectura ef\u00edmera","Espa\u00f1a","exposici\u00f3n","Madrid","vivienda"],"articleSection":["eventos","exposiciones"],"inLanguage":"es","potentialAction":[{"@type":"CommentAction","name":"Comment","target":["https:\/\/veredes.es\/blog\/efimeras-alternativas-habitables-2\/#respond"]}]},{"@type":"WebPage","@id":"https:\/\/veredes.es\/blog\/efimeras-alternativas-habitables-2\/","url":"https:\/\/veredes.es\/blog\/efimeras-alternativas-habitables-2\/","name":"[:es]Efimeras. Alternativas Habitables[:gl]Efimeras. Alternativas Habitables[:en]Ephimeral. Alternative Living[:] - veredes","isPartOf":{"@id":"https:\/\/veredes.es\/blog\/#website"},"primaryImageOfPage":{"@id":"https:\/\/veredes.es\/blog\/efimeras-alternativas-habitables-2\/#primaryimage"},"image":{"@id":"https:\/\/veredes.es\/blog\/efimeras-alternativas-habitables-2\/#primaryimage"},"thumbnailUrl":"https:\/\/veredes.es\/blog\/wp-content\/uploads\/2011\/01\/my.jpg","datePublished":"2011-01-17T10:49:02+00:00","dateModified":"2020-11-25T13:27:38+00:00","description":"Toda la informaci\u00f3n sobre: [:es]Efimeras. Alternativas Habitables[:gl]Efimeras. Alternativas Habitables[:en]Ephimeral. Alternative Living[:]","breadcrumb":{"@id":"https:\/\/veredes.es\/blog\/efimeras-alternativas-habitables-2\/#breadcrumb"},"inLanguage":"es","potentialAction":[{"@type":"ReadAction","target":["https:\/\/veredes.es\/blog\/efimeras-alternativas-habitables-2\/"]}]},{"@type":"ImageObject","inLanguage":"es","@id":"https:\/\/veredes.es\/blog\/efimeras-alternativas-habitables-2\/#primaryimage","url":"https:\/\/veredes.es\/blog\/wp-content\/uploads\/2011\/01\/my.jpg","contentUrl":"https:\/\/veredes.es\/blog\/wp-content\/uploads\/2011\/01\/my.jpg","width":"400","height":"300"},{"@type":"BreadcrumbList","@id":"https:\/\/veredes.es\/blog\/efimeras-alternativas-habitables-2\/#breadcrumb","itemListElement":[{"@type":"ListItem","position":1,"name":"Portada","item":"https:\/\/veredes.es\/blog\/"},{"@type":"ListItem","position":2,"name":"Efimeras. Alternativas Habitables"}]},{"@type":"WebSite","@id":"https:\/\/veredes.es\/blog\/#website","url":"https:\/\/veredes.es\/blog\/","name":"veredes, arquitectura y divulgaci\u00f3n","description":"veredes","publisher":{"@id":"https:\/\/veredes.es\/blog\/#organization"},"alternateName":"veredes","potentialAction":[{"@type":"SearchAction","target":{"@type":"EntryPoint","urlTemplate":"https:\/\/veredes.es\/blog\/?s={search_term_string}"},"query-input":{"@type":"PropertyValueSpecification","valueRequired":true,"valueName":"search_term_string"}}],"inLanguage":"es"},{"@type":"Organization","@id":"https:\/\/veredes.es\/blog\/#organization","name":"veredes, arquitectura y divulgaci\u00f3n","alternateName":"veredes","url":"https:\/\/veredes.es\/blog\/","logo":{"@type":"ImageObject","inLanguage":"es","@id":"https:\/\/veredes.es\/blog\/#\/schema\/logo\/image\/","url":"https:\/\/veredes.es\/blog\/wp-content\/uploads\/2021\/12\/veredes-logo-centrado_140x54.png","contentUrl":"https:\/\/veredes.es\/blog\/wp-content\/uploads\/2021\/12\/veredes-logo-centrado_140x54.png","width":140,"height":54,"caption":"veredes, arquitectura y divulgaci\u00f3n"},"image":{"@id":"https:\/\/veredes.es\/blog\/#\/schema\/logo\/image\/"},"sameAs":["https:\/\/www.facebook.com\/veredesArquitecturayDivulgacion\/","https:\/\/x.com\/veredes","https:\/\/instagram.com\/veredes\/","https:\/\/www.linkedin.com\/company\/veredes-arquitectura-y-divulgacion\/","https:\/\/es.pinterest.com\/veredes\/","https:\/\/www.tumblr.com\/veredes"]},{"@type":"Person","@id":"https:\/\/veredes.es\/blog\/#\/schema\/person\/0bbb669073ef7faba5168a0844e93d2c","name":"veredes","image":{"@type":"ImageObject","inLanguage":"es","@id":"https:\/\/veredes.es\/blog\/wp-content\/uploads\/2018\/04\/face-96x96.jpg","url":"https:\/\/veredes.es\/blog\/wp-content\/uploads\/2018\/04\/face-96x96.jpg","contentUrl":"https:\/\/veredes.es\/blog\/wp-content\/uploads\/2018\/04\/face-96x96.jpg","caption":"veredes"},"description":"Surge enero de 2009 como b\u00fasqueda de satisfacer el conocimiento de la actividad arquitect\u00f3nica y tangentes que se generan. La idea es crear un espacio para divulgar los diversos proyectos en busca de nueva inspiraci\u00f3n y de intercambio.","sameAs":["https:\/\/veredes.es\/","https:\/\/www.facebook.com\/veredesArquitecturayDivulgacion\/","https:\/\/www.instagram.com\/veredes\/","https:\/\/www.linkedin.com\/company\/veredes-arquitectura-y-divulgacion\/","https:\/\/www.pinterest.es\/veredes\/","https:\/\/x.com\/https:\/\/twitter.com\/veredes","https:\/\/veredes.tumblr.com\/"],"url":"https:\/\/veredes.es\/blog\/author\/alberto\/"}]}},"_links":{"self":[{"href":"https:\/\/veredes.es\/blog\/wp-json\/wp\/v2\/posts\/9207","targetHints":{"allow":["GET"]}}],"collection":[{"href":"https:\/\/veredes.es\/blog\/wp-json\/wp\/v2\/posts"}],"about":[{"href":"https:\/\/veredes.es\/blog\/wp-json\/wp\/v2\/types\/post"}],"author":[{"embeddable":true,"href":"https:\/\/veredes.es\/blog\/wp-json\/wp\/v2\/users\/2"}],"replies":[{"embeddable":true,"href":"https:\/\/veredes.es\/blog\/wp-json\/wp\/v2\/comments?post=9207"}],"version-history":[{"count":0,"href":"https:\/\/veredes.es\/blog\/wp-json\/wp\/v2\/posts\/9207\/revisions"}],"wp:featuredmedia":[{"embeddable":true,"href":"https:\/\/veredes.es\/blog\/wp-json\/wp\/v2\/media\/9208"}],"wp:attachment":[{"href":"https:\/\/veredes.es\/blog\/wp-json\/wp\/v2\/media?parent=9207"}],"wp:term":[{"taxonomy":"category","embeddable":true,"href":"https:\/\/veredes.es\/blog\/wp-json\/wp\/v2\/categories?post=9207"},{"taxonomy":"post_tag","embeddable":true,"href":"https:\/\/veredes.es\/blog\/wp-json\/wp\/v2\/tags?post=9207"}],"curies":[{"name":"wp","href":"https:\/\/api.w.org\/{rel}","templated":true}]}}