{"id":91912,"date":"2023-01-20T00:01:19","date_gmt":"2023-01-19T23:01:19","guid":{"rendered":"https:\/\/veredes.es\/blog\/?p=91912"},"modified":"2023-09-21T20:04:24","modified_gmt":"2023-09-21T18:04:24","slug":"viviendas-para-todas-y-todos-aldo-g-facho-dede","status":"publish","type":"post","link":"https:\/\/veredes.es\/blog\/viviendas-para-todas-y-todos-aldo-g-facho-dede\/","title":{"rendered":"Viviendas para todas y todos | Aldo G. Facho Dede"},"content":{"rendered":"<p>&nbsp;<\/p>\n<figure id=\"attachment_91915\" aria-describedby=\"caption-attachment-91915\" style=\"width: 768px\" class=\"wp-caption alignnone\"><img loading=\"lazy\" decoding=\"async\" class=\"wp-image-91915 size-full\" title=\"Viviendas para todas y todos Aldo G. Facho Dede Ministerio de Vivienda. Extra\u00eddo de La Rep\u00fablica.\" src=\"https:\/\/veredes.es\/blog\/wp-content\/uploads\/2022\/12\/Viviendas-para-todas-y-todos-Aldo-G.-Facho-Dede-Ministerio-de-Vivienda.-Extraido-de-La-Republica..png\" alt=\"Viviendas para todas y todos Aldo G. Facho Dede Ministerio de Vivienda. Extra\u00eddo de La Rep\u00fablica.\" width=\"768\" height=\"768\" srcset=\"https:\/\/veredes.es\/blog\/wp-content\/uploads\/2022\/12\/Viviendas-para-todas-y-todos-Aldo-G.-Facho-Dede-Ministerio-de-Vivienda.-Extraido-de-La-Republica..png 768w, https:\/\/veredes.es\/blog\/wp-content\/uploads\/2022\/12\/Viviendas-para-todas-y-todos-Aldo-G.-Facho-Dede-Ministerio-de-Vivienda.-Extraido-de-La-Republica.-300x300.png 300w, https:\/\/veredes.es\/blog\/wp-content\/uploads\/2022\/12\/Viviendas-para-todas-y-todos-Aldo-G.-Facho-Dede-Ministerio-de-Vivienda.-Extraido-de-La-Republica.-120x120.png 120w, https:\/\/veredes.es\/blog\/wp-content\/uploads\/2022\/12\/Viviendas-para-todas-y-todos-Aldo-G.-Facho-Dede-Ministerio-de-Vivienda.-Extraido-de-La-Republica.-696x696.png 696w\" sizes=\"auto, (max-width: 768px) 100vw, 768px\" \/><figcaption id=\"caption-attachment-91915\" class=\"wp-caption-text\"><span style=\"color: #999999;\">Ministerio de Vivienda. Extra\u00eddo de La Rep\u00fablica.<\/span><\/figcaption><\/figure>\n<h5 style=\"text-align: justify;\"><strong>Viviendas para todas y todos en Per\u00fa<\/strong><\/h5>\n<p style=\"text-align: justify;\">Desde al menos la d\u00e9cada de 1940, con la creaci\u00f3n de la <strong>Corporaci\u00f3n Nacional de la Vivienda<\/strong>, una de las preocupaciones principales del Estado Peruano ha sido que todas y todos tengamos acceso a una vivienda digna, desde donde podamos proyectar el desarrollo de nuestras capacidades y talentos; para ello se han implementado diversas pol\u00edticas y proyectos, y si bien se ha <a href=\"https:\/\/veredes.es\/blog\/discriminacion-urbana-aldo-g-facho-dede\/\" target=\"_blank\" rel=\"noopener\">avanzado en ese camino<\/a>, estamos todav\u00eda bastante lejos de poder lograrlo.<\/p>\n<p style=\"text-align: justify;\">Por lo contrario, la <a href=\"https:\/\/veredes.es\/blog\/ciudad-ilegal-aldo-g-facho-dede\/\" target=\"_blank\" rel=\"noopener\">ocupaci\u00f3n ilegal del suelo<\/a>, que es el principal enemigo de este anhelo, ha sido la \u00fanica soluci\u00f3n de escala nacional que ha podido suplir la falta de efectividad del Estado. No por nada, la \u00fanica pol\u00edtica que se ha sostenido desde la promulgaci\u00f3n en 1961 de la Ley Org\u00e1nica de Barrios Marginales (N\u00b0 13517), ha sido la de formalizar lo invadido, mediante leyes que ampl\u00edan el per\u00edodo de gracia. Esta reacci\u00f3n al problema ha generado tres problemas estructurales:<\/p>\n<p style=\"text-align: justify; padding-left: 40px;\">1. Que m\u00e1s del 90% del suelo urbano creado en las \u00faltimas d\u00e9cadas sea de origen informal o ilegal (GRADE, 2020).<\/p>\n<p style=\"text-align: justify; padding-left: 40px;\">2. Ello manejado principalmente por mafias y traficantes de terrenos que act\u00faan muchas veces confabulados con funcionarios de los gobiernos locales,<\/p>\n<p style=\"text-align: justify; padding-left: 40px;\">3. Que cargan al Estado los costos de habilitaci\u00f3n, y alejan cada vez m\u00e1s a las personas de poder vivir en entornos equipados, seguros y accesibles.<\/p>\n<blockquote class=\"wp-block-quote is-style-large\">\n<p style=\"text-align: justify;\"><em>\u201cLa ocupaci\u00f3n ilegal del suelo, que es el principal enemigo de este anhelo, ha sido la \u00fanica soluci\u00f3n de escala nacional que ha podido suplir la falta de efectividad del Estado. No por nada, la \u00fanica pol\u00edtica que se ha sostenido desde la promulgaci\u00f3n en 1961 de la Ley Org\u00e1nica de Barrios Marginales, ha sido la de formalizar lo invadido, mediante leyes que ampl\u00edan el per\u00edodo de gracia.\u201d<\/em><\/p>\n<\/blockquote>\n<h5><strong>El Ministerio de Vivienda<\/strong><\/h5>\n<p style=\"text-align: justify;\">Desde su creaci\u00f3n, en el a\u00f1o 2002, el <strong>Ministerio de Vivienda<\/strong> ha creado diversos programas y proyectos orientados a reducir la enorme brecha de cantidad y calidad de viviendas en el Per\u00fa, pero se ha visto limitado por los problemas antes mencionados. Ello porque, al amparo de la Constituci\u00f3n de 1993, se ha constituido principalmente como un ente regulador y promotor de la vivienda, necesitando del sector privado (entidades financieras y desarrolladoras inmobiliarias) para poder concretar los proyectos.<\/p>\n<p style=\"text-align: justify;\">Esta f\u00f3rmula ha sido exitosa en otros pa\u00edses, pero, en el nuestro, la informalidad estructural que padecemos se muestra como una barrera infranqueable para que, parte importante de las y los ciudadanos, pueda acceder a un cr\u00e9dito hipotecario.<\/p>\n<blockquote class=\"wp-block-quote is-style-large\">\n<p style=\"text-align: justify;\"><em>\u201cEsta f\u00f3rmula ha sido exitosa en otros pa\u00edses, pero, en el nuestro, la informalidad estructural que padecemos se muestra como una barrera infranqueable para que, parte importante de las y los ciudadanos, pueda acceder a un cr\u00e9dito hipotecario.\u201d<\/em><\/p>\n<\/blockquote>\n<h5 style=\"text-align: justify;\"><strong>El precio de las viviendas<\/strong><\/h5>\n<p style=\"text-align: justify;\">Otro tema importante es el precio de las viviendas. De forma contraria a lo que muchos piensan, lo que encarece el costo no es la construcci\u00f3n, que cada vez es m\u00e1s eficiente, ni la utilidad de las constructoras y desarrolladoras, sino el suelo. En palabras de un viejo amigo, lo \u00fanico que no genera la tierra es tierra, es decir, cada metro cuadrado de suelo es \u00fanico e irrepetible; y su valor no est\u00e1 tanto asociado a lo que pueda cultivar en \u00e9l, sino por lo que el Estado me permite edificar por encima de un uso b\u00e1sico, que ser\u00eda una vivienda unifamiliar.<\/p>\n<p style=\"text-align: justify;\">Como sabemos, la capacidad de edificar en un predio est\u00e1 directamente relacionada con la capacidad de la ciudad de poder atender a las personas que van a habitar en \u00e9l (de forma temporal o permanente), es decir, de ofrecerles servicios, equipamientos y accesibilidad; siendo que, normalmente, a mayor capacidad de edificar mayor valor por metro cuadrado.<\/p>\n<p style=\"text-align: justify;\">Esta realidad colisiona con el esfuerzo de poder generar viviendas de inter\u00e9s social en zonas equipadas, pues el alto valor del suelo hace inviable el desarrollo del proyecto. Si a esto le sumamos el crecimiento informal e ilegal de las ciudades, terminamos por disponer de muy pocos predios para poder desarrollar los proyectos, o por tener que recurrir a predios rurales y\/o alejados que no cuentan con entornos urbanos equipados. Esto \u00faltimo condena a las personas a recorrer enormes distancias para poder acercarse a las centralidades de la ciudad.<\/p>\n<blockquote class=\"wp-block-quote is-style-large\">\n<p style=\"text-align: justify;\">\u201cDe forma contraria a lo que muchos piensan, lo que encarece el costo no es la construcci\u00f3n, que cada vez es m\u00e1s eficiente, ni la utilidad de las constructoras y desarrolladoras, sino el valor del suelo.<\/p>\n<p style=\"text-align: justify;\">Esta realidad colisiona con el esfuerzo de poder generar viviendas de inter\u00e9s social en zonas equipadas, pues el alto valor del suelo hace inviable el desarrollo de los proyectos. Si a esto le sumamos el crecimiento informal e ilegal de las ciudades, terminamos por disponer de muy pocos predios para estos fines. Asimismo, la informalidad estructural que padecemos se muestra como una barrera infranqueable para que, parte importante de las y los ciudadanos, pueda acceder a un cr\u00e9dito hipotecario.\u201d<\/p>\n<\/blockquote>\n<h5 style=\"text-align: justify;\"><strong>\u00bfEs posible viviendas para todas y todos?<\/strong><\/h5>\n<p style=\"text-align: justify;\">Entonces, si quisi\u00e9ramos mejorar significativamente el accionar del Estado en relaci\u00f3n a la reducci\u00f3n de la brecha habitacional, deber\u00edamos resolver los dos temas antes mencionados. Para ello, podr\u00edamos combinar dos estrategias probadas en otros pa\u00edses o sectores con resultados exitosos:<\/p>\n<h6 style=\"text-align: justify; padding-left: 40px;\"><strong>1. Acceso al cr\u00e9dito<\/strong><\/h6>\n<p style=\"text-align: justify; padding-left: 40px;\">Probar un sistema de medici\u00f3n del riesgo crediticio alternativo al que se usa actualmente en el segmento financiero. Existen interesantes propuestas, como <a href=\"https:\/\/www.findo.com.ar\/\" target=\"_blank\" rel=\"noopener\">findo<\/a>, que eval\u00faan la conducta digital de las personas para determinar su voluntad y capacidad de pago, aun careciendo de historial crediticio. Ello podr\u00eda ayudar a incluir a miles de familias en los programas de cr\u00e9dito promocionados por el Estado, a la vez que se dise\u00f1an nuevos mecanismos para incluirles en el sistema formal de la econom\u00eda.<\/p>\n<blockquote class=\"wp-block-quote is-style-large\" style=\"padding-left: 40px;\">\n<p style=\"text-align: justify; padding-left: 40px;\"><em>\u201cAcceso al cr\u00e9dito: probar un sistema de medici\u00f3n del riesgo crediticio alternativo al que se usa actualmente en el segmento financiero. Existen interesantes propuestas que eval\u00faan la conducta digital de las personas para determinar su voluntad y capacidad de pago, aun careciendo de historial crediticio.\u201d<\/em><\/p>\n<\/blockquote>\n<h6 style=\"text-align: justify; padding-left: 40px;\"><strong>2. Acceso al suelo<\/strong><\/h6>\n<p style=\"text-align: justify; padding-left: 40px;\">Utilizar los instrumentos de gesti\u00f3n y financiamiento urbano propuestos en la recientemente promulgada Ley de Desarrollo Urbano Sostenible, con los que se podr\u00eda superar la barrera del alto costo del suelo en zonas equipadas. Ello mediante la exigencia, a los grandes predios que cambian de zonificaci\u00f3n, de un porcentaje de suelo para vivienda de inter\u00e9s social, o el est\u00edmulo de inclusi\u00f3n de estos productos mediante el incremento del potencial edificatorio condicionado a su desarrollo.<\/p>\n<p style=\"text-align: justify; padding-left: 40px;\">Asimismo, se podr\u00edan usar esos instrumentos para generar los fondos necesarios para financiar las obras que la ciudad necesita para poder densificar el suelo. Lo m\u00e1s interesante de esto es que los recursos para resolver la brecha habitacional y equipar las ciudades vendr\u00edan del mismo inter\u00e9s de los propietarios de poder obtener un mayor aprovechamiento de sus predios, lo cual lejos de ser \u201cconfiscatorio\u201d como algunos han dicho, es una soluci\u00f3n capitalista asociada al libre mercado, pero dise\u00f1ada bajo un enfoque social.<\/p>\n<blockquote class=\"wp-block-quote is-style-large\" style=\"padding-left: 40px;\">\n<p style=\"text-align: justify; padding-left: 40px;\"><em>\u201cAcceso al suelo: utilizar los instrumentos de gesti\u00f3n y financiamiento urbano propuestos en la recientemente promulgada Ley de Desarrollo Urbano Sostenible, (\u2026) mediante la exigencia, a los grandes predios que cambian de zonificaci\u00f3n, de un porcentaje de suelo para vivienda de inter\u00e9s social, o el est\u00edmulo de inclusi\u00f3n de estos productos mediante el incremento del potencial edificatorio condicionado a su desarrollo.\u201d<\/em><\/p>\n<\/blockquote>\n<h5 style=\"text-align: justify;\"><strong>Ley de Desarrollo Urbano Sostenible<\/strong><\/h5>\n<p style=\"text-align: justify;\">Como vemos, tenemos enormes retos para este nuevo centenario, y tenemos las herramientas para poder abordarlos; lo que necesitamos es visibilizar nuestros objetivos, y ponernos a trabajar, de forma transparente y concertada, para alcanzarlos. La recientemente promulgada <a href=\"http:\/\/urbanistas.lat\/ley-de-desarrollo-urbano-sostenible\/\" target=\"_blank\" rel=\"noopener\"><strong>Ley de Desarrollo Urbano Sostenible<\/strong><\/a> es el mejor ejemplo de que ello es posible cuando existe convicci\u00f3n, apertura y liderazgo desde el Estado y el sector privado; aprovechemos esta buena sinton\u00eda para proponernos retos mayores.<\/p>\n<p style=\"text-align: justify;\">Para incluir a las personas que no califican para un cr\u00e9dito hipotecario, se podr\u00eda probar un sistema de medici\u00f3n del riesgo crediticio alternativo al que se usa actualmente en el segmento financiero. Existen interesantes propuestas que eval\u00faan la conducta digital de las personas para determinar su voluntad y capacidad de pago, aun careciendo de historial crediticio.<\/p>\n<blockquote class=\"wp-block-quote is-style-large\">\n<p style=\"text-align: justify;\"><em>\u201cLa recientemente promulgada Ley de Desarrollo Urbano Sostenible es el mejor ejemplo de que ello es posible cuando existe convicci\u00f3n, apertura y liderazgo desde el Estado y el sector privado; aprovechemos esta buena sinton\u00eda para proponernos retos mayores.\u201d<\/em><\/p>\n<\/blockquote>\n","protected":false},"excerpt":{"rendered":"<p>&nbsp; Viviendas para todas y todos en Per\u00fa Desde al menos la d\u00e9cada de 1940, con la creaci\u00f3n de la Corporaci\u00f3n Nacional de la Vivienda, una de las preocupaciones principales del Estado Peruano ha sido que todas y todos tengamos acceso a una vivienda digna, desde donde podamos proyectar el desarrollo de nuestras capacidades y [&hellip;]<\/p>\n","protected":false},"author":6,"featured_media":91915,"comment_status":"open","ping_status":"closed","sticky":false,"template":"","format":"standard","meta":{"footnotes":""},"categories":[568,5951],"tags":[3866,5921,516,1920,1030,1933,4982,1241,12468,1362,1363],"class_list":{"0":"post-91912","1":"post","2":"type-post","3":"status-publish","4":"format-standard","5":"has-post-thumbnail","7":"category-faro","8":"category-slider-principal","9":"tag-aldo-facho-dede","10":"tag-arquitectura-peruana","11":"tag-espacio-publico","12":"tag-lima","13":"tag-peru","14":"tag-politica-social","15":"tag-politicas-urbanas","16":"tag-sociedad","17":"tag-urbanismo","18":"tag-vivienda-publica","19":"tag-vivienda-social"},"yoast_head":"<!-- This site is optimized with the Yoast SEO plugin v27.4 - https:\/\/yoast.com\/product\/yoast-seo-wordpress\/ -->\n<title>Viviendas para todas y todos | Aldo G. Facho Dede - veredes<\/title>\n<meta name=\"description\" content=\"Toda la informaci\u00f3n sobre: Viviendas para todas y todos | Aldo G. Facho Dede Viviendas para todas y todos por Aldo G. Facho Dede\" \/>\n<meta name=\"robots\" content=\"index, follow, max-snippet:-1, max-image-preview:large, max-video-preview:-1\" \/>\n<link rel=\"canonical\" href=\"https:\/\/veredes.es\/blog\/viviendas-para-todas-y-todos-aldo-g-facho-dede\/\" \/>\n<meta property=\"og:locale\" content=\"es_ES\" \/>\n<meta property=\"og:type\" content=\"article\" \/>\n<meta property=\"og:title\" content=\"Viviendas para todas y todos | Aldo G. Facho Dede - veredes\" \/>\n<meta property=\"og:description\" content=\"Toda la informaci\u00f3n sobre: Viviendas para todas y todos | Aldo G. Facho Dede Viviendas para todas y todos por Aldo G. Facho Dede\" \/>\n<meta property=\"og:url\" content=\"https:\/\/veredes.es\/blog\/viviendas-para-todas-y-todos-aldo-g-facho-dede\/\" \/>\n<meta property=\"og:site_name\" content=\"veredes, arquitectura y divulgaci\u00f3n\" \/>\n<meta property=\"article:publisher\" content=\"https:\/\/www.facebook.com\/veredesArquitecturayDivulgacion\/\" \/>\n<meta property=\"article:author\" content=\"https:\/\/www.facebook.com\/aldogfd\" \/>\n<meta property=\"article:published_time\" content=\"2023-01-19T23:01:19+00:00\" \/>\n<meta property=\"article:modified_time\" content=\"2023-09-21T18:04:24+00:00\" \/>\n<meta property=\"og:image\" content=\"https:\/\/veredes.es\/blog\/wp-content\/uploads\/2022\/12\/Viviendas-para-todas-y-todos-Aldo-G.-Facho-Dede-Ministerio-de-Vivienda.-Extraido-de-La-Republica..png\" \/>\n\t<meta property=\"og:image:width\" content=\"768\" \/>\n\t<meta property=\"og:image:height\" content=\"768\" \/>\n\t<meta property=\"og:image:type\" content=\"image\/png\" \/>\n<meta name=\"author\" content=\"Aldo G. Facho Dede\" \/>\n<meta name=\"twitter:card\" content=\"summary_large_image\" \/>\n<meta name=\"twitter:creator\" content=\"@https:\/\/twitter.com\/Aldo_FD\" \/>\n<meta name=\"twitter:site\" content=\"@veredes\" \/>\n<meta name=\"twitter:label1\" content=\"Escrito por\" \/>\n\t<meta name=\"twitter:data1\" content=\"Aldo G. Facho Dede\" \/>\n\t<meta name=\"twitter:label2\" content=\"Tiempo de lectura\" \/>\n\t<meta name=\"twitter:data2\" content=\"7 minutos\" \/>\n<script type=\"application\/ld+json\" class=\"yoast-schema-graph\">{\"@context\":\"https:\\\/\\\/schema.org\",\"@graph\":[{\"@type\":\"Article\",\"@id\":\"https:\\\/\\\/veredes.es\\\/blog\\\/viviendas-para-todas-y-todos-aldo-g-facho-dede\\\/#article\",\"isPartOf\":{\"@id\":\"https:\\\/\\\/veredes.es\\\/blog\\\/viviendas-para-todas-y-todos-aldo-g-facho-dede\\\/\"},\"author\":{\"name\":\"Aldo G. Facho Dede\",\"@id\":\"https:\\\/\\\/veredes.es\\\/blog\\\/#\\\/schema\\\/person\\\/3cc9f8d7361e24dbbfa9a9811f917ebe\"},\"headline\":\"Viviendas para todas y todos | Aldo G. Facho Dede\",\"datePublished\":\"2023-01-19T23:01:19+00:00\",\"dateModified\":\"2023-09-21T18:04:24+00:00\",\"mainEntityOfPage\":{\"@id\":\"https:\\\/\\\/veredes.es\\\/blog\\\/viviendas-para-todas-y-todos-aldo-g-facho-dede\\\/\"},\"wordCount\":1488,\"commentCount\":0,\"publisher\":{\"@id\":\"https:\\\/\\\/veredes.es\\\/blog\\\/#organization\"},\"image\":{\"@id\":\"https:\\\/\\\/veredes.es\\\/blog\\\/viviendas-para-todas-y-todos-aldo-g-facho-dede\\\/#primaryimage\"},\"thumbnailUrl\":\"https:\\\/\\\/veredes.es\\\/blog\\\/wp-content\\\/uploads\\\/2022\\\/12\\\/Viviendas-para-todas-y-todos-Aldo-G.-Facho-Dede-Ministerio-de-Vivienda.-Extraido-de-La-Republica..png\",\"keywords\":[\"Aldo Facho Dede\",\"arquitectura peruana\",\"espacio p\u00fablico\",\"Lima\",\"Per\u00fa\",\"pol\u00edtica social\",\"pol\u00edticas urbanas\",\"sociedad\",\"urbanismo\",\"vivienda p\u00fablica\",\"vivienda social\"],\"articleSection\":[\"faro\",\"slider principal\"],\"inLanguage\":\"es\",\"potentialAction\":[{\"@type\":\"CommentAction\",\"name\":\"Comment\",\"target\":[\"https:\\\/\\\/veredes.es\\\/blog\\\/viviendas-para-todas-y-todos-aldo-g-facho-dede\\\/#respond\"]}]},{\"@type\":\"WebPage\",\"@id\":\"https:\\\/\\\/veredes.es\\\/blog\\\/viviendas-para-todas-y-todos-aldo-g-facho-dede\\\/\",\"url\":\"https:\\\/\\\/veredes.es\\\/blog\\\/viviendas-para-todas-y-todos-aldo-g-facho-dede\\\/\",\"name\":\"Viviendas para todas y todos | Aldo G. Facho Dede - veredes\",\"isPartOf\":{\"@id\":\"https:\\\/\\\/veredes.es\\\/blog\\\/#website\"},\"primaryImageOfPage\":{\"@id\":\"https:\\\/\\\/veredes.es\\\/blog\\\/viviendas-para-todas-y-todos-aldo-g-facho-dede\\\/#primaryimage\"},\"image\":{\"@id\":\"https:\\\/\\\/veredes.es\\\/blog\\\/viviendas-para-todas-y-todos-aldo-g-facho-dede\\\/#primaryimage\"},\"thumbnailUrl\":\"https:\\\/\\\/veredes.es\\\/blog\\\/wp-content\\\/uploads\\\/2022\\\/12\\\/Viviendas-para-todas-y-todos-Aldo-G.-Facho-Dede-Ministerio-de-Vivienda.-Extraido-de-La-Republica..png\",\"datePublished\":\"2023-01-19T23:01:19+00:00\",\"dateModified\":\"2023-09-21T18:04:24+00:00\",\"description\":\"Toda la informaci\u00f3n sobre: Viviendas para todas y todos | Aldo G. Facho Dede Viviendas para todas y todos por Aldo G. Facho Dede\",\"breadcrumb\":{\"@id\":\"https:\\\/\\\/veredes.es\\\/blog\\\/viviendas-para-todas-y-todos-aldo-g-facho-dede\\\/#breadcrumb\"},\"inLanguage\":\"es\",\"potentialAction\":[{\"@type\":\"ReadAction\",\"target\":[\"https:\\\/\\\/veredes.es\\\/blog\\\/viviendas-para-todas-y-todos-aldo-g-facho-dede\\\/\"]}]},{\"@type\":\"ImageObject\",\"inLanguage\":\"es\",\"@id\":\"https:\\\/\\\/veredes.es\\\/blog\\\/viviendas-para-todas-y-todos-aldo-g-facho-dede\\\/#primaryimage\",\"url\":\"https:\\\/\\\/veredes.es\\\/blog\\\/wp-content\\\/uploads\\\/2022\\\/12\\\/Viviendas-para-todas-y-todos-Aldo-G.-Facho-Dede-Ministerio-de-Vivienda.-Extraido-de-La-Republica..png\",\"contentUrl\":\"https:\\\/\\\/veredes.es\\\/blog\\\/wp-content\\\/uploads\\\/2022\\\/12\\\/Viviendas-para-todas-y-todos-Aldo-G.-Facho-Dede-Ministerio-de-Vivienda.-Extraido-de-La-Republica..png\",\"width\":768,\"height\":768,\"caption\":\"Ministerio de Vivienda. Extra\u00eddo de La Rep\u00fablica.\"},{\"@type\":\"BreadcrumbList\",\"@id\":\"https:\\\/\\\/veredes.es\\\/blog\\\/viviendas-para-todas-y-todos-aldo-g-facho-dede\\\/#breadcrumb\",\"itemListElement\":[{\"@type\":\"ListItem\",\"position\":1,\"name\":\"Portada\",\"item\":\"https:\\\/\\\/veredes.es\\\/blog\\\/\"},{\"@type\":\"ListItem\",\"position\":2,\"name\":\"Viviendas para todas y todos | Aldo G. Facho Dede\"}]},{\"@type\":\"WebSite\",\"@id\":\"https:\\\/\\\/veredes.es\\\/blog\\\/#website\",\"url\":\"https:\\\/\\\/veredes.es\\\/blog\\\/\",\"name\":\"veredes, arquitectura y divulgaci\u00f3n\",\"description\":\"veredes\",\"publisher\":{\"@id\":\"https:\\\/\\\/veredes.es\\\/blog\\\/#organization\"},\"alternateName\":\"veredes\",\"potentialAction\":[{\"@type\":\"SearchAction\",\"target\":{\"@type\":\"EntryPoint\",\"urlTemplate\":\"https:\\\/\\\/veredes.es\\\/blog\\\/?s={search_term_string}\"},\"query-input\":{\"@type\":\"PropertyValueSpecification\",\"valueRequired\":true,\"valueName\":\"search_term_string\"}}],\"inLanguage\":\"es\"},{\"@type\":\"Organization\",\"@id\":\"https:\\\/\\\/veredes.es\\\/blog\\\/#organization\",\"name\":\"veredes, arquitectura y divulgaci\u00f3n\",\"alternateName\":\"veredes\",\"url\":\"https:\\\/\\\/veredes.es\\\/blog\\\/\",\"logo\":{\"@type\":\"ImageObject\",\"inLanguage\":\"es\",\"@id\":\"https:\\\/\\\/veredes.es\\\/blog\\\/#\\\/schema\\\/logo\\\/image\\\/\",\"url\":\"https:\\\/\\\/veredes.es\\\/blog\\\/wp-content\\\/uploads\\\/2021\\\/12\\\/veredes-logo-centrado_140x54.png\",\"contentUrl\":\"https:\\\/\\\/veredes.es\\\/blog\\\/wp-content\\\/uploads\\\/2021\\\/12\\\/veredes-logo-centrado_140x54.png\",\"width\":140,\"height\":54,\"caption\":\"veredes, arquitectura y divulgaci\u00f3n\"},\"image\":{\"@id\":\"https:\\\/\\\/veredes.es\\\/blog\\\/#\\\/schema\\\/logo\\\/image\\\/\"},\"sameAs\":[\"https:\\\/\\\/www.facebook.com\\\/veredesArquitecturayDivulgacion\\\/\",\"https:\\\/\\\/x.com\\\/veredes\",\"https:\\\/\\\/instagram.com\\\/veredes\\\/\",\"https:\\\/\\\/www.linkedin.com\\\/company\\\/veredes-arquitectura-y-divulgacion\\\/\",\"https:\\\/\\\/es.pinterest.com\\\/veredes\\\/\",\"https:\\\/\\\/www.tumblr.com\\\/veredes\"]},{\"@type\":\"Person\",\"@id\":\"https:\\\/\\\/veredes.es\\\/blog\\\/#\\\/schema\\\/person\\\/3cc9f8d7361e24dbbfa9a9811f917ebe\",\"name\":\"Aldo G. Facho Dede\",\"image\":{\"@type\":\"ImageObject\",\"inLanguage\":\"es\",\"@id\":\"https:\\\/\\\/veredes.es\\\/blog\\\/wp-content\\\/uploads\\\/2024\\\/05\\\/cropped-Aldo-G.-Facho-Dede-96x96.jpg\",\"url\":\"https:\\\/\\\/veredes.es\\\/blog\\\/wp-content\\\/uploads\\\/2024\\\/05\\\/cropped-Aldo-G.-Facho-Dede-96x96.jpg\",\"contentUrl\":\"https:\\\/\\\/veredes.es\\\/blog\\\/wp-content\\\/uploads\\\/2024\\\/05\\\/cropped-Aldo-G.-Facho-Dede-96x96.jpg\",\"caption\":\"Aldo G. Facho Dede\"},\"description\":\"Arquitecto urbanista asociado a FD Arquitectos y editor principal de la \u201cRed Latinoamericana de Urbanistas\u201d. Est\u00e1 convencido que nuestras ciudades se deben planificar en base a modelos estrat\u00e9gicos y adaptativos, que partan del reconocimiento de la diversidad del territorio, ambiente y culturas, y sirvan para estimular el desarrollo integral de los talentos de sus ciudadanas y ciudadanos. Aldo cuenta con m\u00e1s de veinte a\u00f1os de experiencia profesional en urbanismo, planificaci\u00f3n urbana y arquitectura en Latinoam\u00e9rica y Espa\u00f1a, principalmente en el Per\u00fa y la Argentina. Ha enfocado su labor docente en aportar a la formaci\u00f3n de arquitectos con conciencia social, sensibles con su ciudad y medio ambiente. Adem\u00e1s, en alianza con el Comit\u00e9 de Lectura, produce el podcast \u201cCiudades que Inspiran\u201d. Junto a su esposa intenta formar a sus tres hijos como personas libres y ciudadanos de bien. Arquitecto-Urbanista por la Universidad Nacional de Ingenier\u00eda (UNI-FAUA), t\u00edtulo homologado en Argentina. Magister en Desarrollo Sustentable por la Universidad de Lan\u00fas (UNLA-FLACAM, Argentina). Estudios de Doctorado en la Universidad Polit\u00e9cnica de Catalu\u00f1a (Espa\u00f1a). Experiencia profesional en Urbanismo, Planificaci\u00f3n Urbana y Arquitectura, desarrollada en las ciudades de Lima-Per\u00fa, La Plata-Argentina y Barcelona-Espa\u00f1a. Ha participado en el desarrollo de proyectos y consultor\u00edas para Per\u00fa, Argentina, Espa\u00f1a, M\u00e9xico y Brasil. Ha ganado concursos de arquitectura y dise\u00f1o urbano en Per\u00fa y Argentina. Es docente del \u00e1rea de Urbanismo de la USAT y miembro del Consejo Consultivo de la Escuela de Arquitectura de la UDEP. Es socio de FDARQ Urbanismo + Arquitectura y editor del blog HABITAR\",\"sameAs\":[\"http:\\\/\\\/urbanistas.lat\\\/\",\"https:\\\/\\\/www.facebook.com\\\/aldogfd\",\"https:\\\/\\\/www.instagram.com\\\/aldo_fd\\\/\",\"https:\\\/\\\/www.linkedin.com\\\/in\\\/aldofachodede\\\/\",\"https:\\\/\\\/x.com\\\/https:\\\/\\\/twitter.com\\\/Aldo_FD\"],\"url\":\"https:\\\/\\\/veredes.es\\\/blog\\\/author\\\/aldo-g-facho-dede\\\/\"}]}<\/script>\n<!-- \/ Yoast SEO plugin. -->","yoast_head_json":{"title":"Viviendas para todas y todos | Aldo G. Facho Dede - veredes","description":"Toda la informaci\u00f3n sobre: Viviendas para todas y todos | Aldo G. Facho Dede Viviendas para todas y todos por Aldo G. Facho Dede","robots":{"index":"index","follow":"follow","max-snippet":"max-snippet:-1","max-image-preview":"max-image-preview:large","max-video-preview":"max-video-preview:-1"},"canonical":"https:\/\/veredes.es\/blog\/viviendas-para-todas-y-todos-aldo-g-facho-dede\/","og_locale":"es_ES","og_type":"article","og_title":"Viviendas para todas y todos | Aldo G. Facho Dede - veredes","og_description":"Toda la informaci\u00f3n sobre: Viviendas para todas y todos | Aldo G. Facho Dede Viviendas para todas y todos por Aldo G. Facho Dede","og_url":"https:\/\/veredes.es\/blog\/viviendas-para-todas-y-todos-aldo-g-facho-dede\/","og_site_name":"veredes, arquitectura y divulgaci\u00f3n","article_publisher":"https:\/\/www.facebook.com\/veredesArquitecturayDivulgacion\/","article_author":"https:\/\/www.facebook.com\/aldogfd","article_published_time":"2023-01-19T23:01:19+00:00","article_modified_time":"2023-09-21T18:04:24+00:00","og_image":[{"width":768,"height":768,"url":"https:\/\/veredes.es\/blog\/wp-content\/uploads\/2022\/12\/Viviendas-para-todas-y-todos-Aldo-G.-Facho-Dede-Ministerio-de-Vivienda.-Extraido-de-La-Republica..png","type":"image\/png"}],"author":"Aldo G. Facho Dede","twitter_card":"summary_large_image","twitter_creator":"@https:\/\/twitter.com\/Aldo_FD","twitter_site":"@veredes","twitter_misc":{"Escrito por":"Aldo G. Facho Dede","Tiempo de lectura":"7 minutos"},"schema":{"@context":"https:\/\/schema.org","@graph":[{"@type":"Article","@id":"https:\/\/veredes.es\/blog\/viviendas-para-todas-y-todos-aldo-g-facho-dede\/#article","isPartOf":{"@id":"https:\/\/veredes.es\/blog\/viviendas-para-todas-y-todos-aldo-g-facho-dede\/"},"author":{"name":"Aldo G. Facho Dede","@id":"https:\/\/veredes.es\/blog\/#\/schema\/person\/3cc9f8d7361e24dbbfa9a9811f917ebe"},"headline":"Viviendas para todas y todos | Aldo G. Facho Dede","datePublished":"2023-01-19T23:01:19+00:00","dateModified":"2023-09-21T18:04:24+00:00","mainEntityOfPage":{"@id":"https:\/\/veredes.es\/blog\/viviendas-para-todas-y-todos-aldo-g-facho-dede\/"},"wordCount":1488,"commentCount":0,"publisher":{"@id":"https:\/\/veredes.es\/blog\/#organization"},"image":{"@id":"https:\/\/veredes.es\/blog\/viviendas-para-todas-y-todos-aldo-g-facho-dede\/#primaryimage"},"thumbnailUrl":"https:\/\/veredes.es\/blog\/wp-content\/uploads\/2022\/12\/Viviendas-para-todas-y-todos-Aldo-G.-Facho-Dede-Ministerio-de-Vivienda.-Extraido-de-La-Republica..png","keywords":["Aldo Facho Dede","arquitectura peruana","espacio p\u00fablico","Lima","Per\u00fa","pol\u00edtica social","pol\u00edticas urbanas","sociedad","urbanismo","vivienda p\u00fablica","vivienda social"],"articleSection":["faro","slider principal"],"inLanguage":"es","potentialAction":[{"@type":"CommentAction","name":"Comment","target":["https:\/\/veredes.es\/blog\/viviendas-para-todas-y-todos-aldo-g-facho-dede\/#respond"]}]},{"@type":"WebPage","@id":"https:\/\/veredes.es\/blog\/viviendas-para-todas-y-todos-aldo-g-facho-dede\/","url":"https:\/\/veredes.es\/blog\/viviendas-para-todas-y-todos-aldo-g-facho-dede\/","name":"Viviendas para todas y todos | Aldo G. Facho Dede - veredes","isPartOf":{"@id":"https:\/\/veredes.es\/blog\/#website"},"primaryImageOfPage":{"@id":"https:\/\/veredes.es\/blog\/viviendas-para-todas-y-todos-aldo-g-facho-dede\/#primaryimage"},"image":{"@id":"https:\/\/veredes.es\/blog\/viviendas-para-todas-y-todos-aldo-g-facho-dede\/#primaryimage"},"thumbnailUrl":"https:\/\/veredes.es\/blog\/wp-content\/uploads\/2022\/12\/Viviendas-para-todas-y-todos-Aldo-G.-Facho-Dede-Ministerio-de-Vivienda.-Extraido-de-La-Republica..png","datePublished":"2023-01-19T23:01:19+00:00","dateModified":"2023-09-21T18:04:24+00:00","description":"Toda la informaci\u00f3n sobre: Viviendas para todas y todos | Aldo G. Facho Dede Viviendas para todas y todos por Aldo G. Facho Dede","breadcrumb":{"@id":"https:\/\/veredes.es\/blog\/viviendas-para-todas-y-todos-aldo-g-facho-dede\/#breadcrumb"},"inLanguage":"es","potentialAction":[{"@type":"ReadAction","target":["https:\/\/veredes.es\/blog\/viviendas-para-todas-y-todos-aldo-g-facho-dede\/"]}]},{"@type":"ImageObject","inLanguage":"es","@id":"https:\/\/veredes.es\/blog\/viviendas-para-todas-y-todos-aldo-g-facho-dede\/#primaryimage","url":"https:\/\/veredes.es\/blog\/wp-content\/uploads\/2022\/12\/Viviendas-para-todas-y-todos-Aldo-G.-Facho-Dede-Ministerio-de-Vivienda.-Extraido-de-La-Republica..png","contentUrl":"https:\/\/veredes.es\/blog\/wp-content\/uploads\/2022\/12\/Viviendas-para-todas-y-todos-Aldo-G.-Facho-Dede-Ministerio-de-Vivienda.-Extraido-de-La-Republica..png","width":768,"height":768,"caption":"Ministerio de Vivienda. Extra\u00eddo de La Rep\u00fablica."},{"@type":"BreadcrumbList","@id":"https:\/\/veredes.es\/blog\/viviendas-para-todas-y-todos-aldo-g-facho-dede\/#breadcrumb","itemListElement":[{"@type":"ListItem","position":1,"name":"Portada","item":"https:\/\/veredes.es\/blog\/"},{"@type":"ListItem","position":2,"name":"Viviendas para todas y todos | Aldo G. Facho Dede"}]},{"@type":"WebSite","@id":"https:\/\/veredes.es\/blog\/#website","url":"https:\/\/veredes.es\/blog\/","name":"veredes, arquitectura y divulgaci\u00f3n","description":"veredes","publisher":{"@id":"https:\/\/veredes.es\/blog\/#organization"},"alternateName":"veredes","potentialAction":[{"@type":"SearchAction","target":{"@type":"EntryPoint","urlTemplate":"https:\/\/veredes.es\/blog\/?s={search_term_string}"},"query-input":{"@type":"PropertyValueSpecification","valueRequired":true,"valueName":"search_term_string"}}],"inLanguage":"es"},{"@type":"Organization","@id":"https:\/\/veredes.es\/blog\/#organization","name":"veredes, arquitectura y divulgaci\u00f3n","alternateName":"veredes","url":"https:\/\/veredes.es\/blog\/","logo":{"@type":"ImageObject","inLanguage":"es","@id":"https:\/\/veredes.es\/blog\/#\/schema\/logo\/image\/","url":"https:\/\/veredes.es\/blog\/wp-content\/uploads\/2021\/12\/veredes-logo-centrado_140x54.png","contentUrl":"https:\/\/veredes.es\/blog\/wp-content\/uploads\/2021\/12\/veredes-logo-centrado_140x54.png","width":140,"height":54,"caption":"veredes, arquitectura y divulgaci\u00f3n"},"image":{"@id":"https:\/\/veredes.es\/blog\/#\/schema\/logo\/image\/"},"sameAs":["https:\/\/www.facebook.com\/veredesArquitecturayDivulgacion\/","https:\/\/x.com\/veredes","https:\/\/instagram.com\/veredes\/","https:\/\/www.linkedin.com\/company\/veredes-arquitectura-y-divulgacion\/","https:\/\/es.pinterest.com\/veredes\/","https:\/\/www.tumblr.com\/veredes"]},{"@type":"Person","@id":"https:\/\/veredes.es\/blog\/#\/schema\/person\/3cc9f8d7361e24dbbfa9a9811f917ebe","name":"Aldo G. Facho Dede","image":{"@type":"ImageObject","inLanguage":"es","@id":"https:\/\/veredes.es\/blog\/wp-content\/uploads\/2024\/05\/cropped-Aldo-G.-Facho-Dede-96x96.jpg","url":"https:\/\/veredes.es\/blog\/wp-content\/uploads\/2024\/05\/cropped-Aldo-G.-Facho-Dede-96x96.jpg","contentUrl":"https:\/\/veredes.es\/blog\/wp-content\/uploads\/2024\/05\/cropped-Aldo-G.-Facho-Dede-96x96.jpg","caption":"Aldo G. Facho Dede"},"description":"Arquitecto urbanista asociado a FD Arquitectos y editor principal de la \u201cRed Latinoamericana de Urbanistas\u201d. Est\u00e1 convencido que nuestras ciudades se deben planificar en base a modelos estrat\u00e9gicos y adaptativos, que partan del reconocimiento de la diversidad del territorio, ambiente y culturas, y sirvan para estimular el desarrollo integral de los talentos de sus ciudadanas y ciudadanos. Aldo cuenta con m\u00e1s de veinte a\u00f1os de experiencia profesional en urbanismo, planificaci\u00f3n urbana y arquitectura en Latinoam\u00e9rica y Espa\u00f1a, principalmente en el Per\u00fa y la Argentina. Ha enfocado su labor docente en aportar a la formaci\u00f3n de arquitectos con conciencia social, sensibles con su ciudad y medio ambiente. Adem\u00e1s, en alianza con el Comit\u00e9 de Lectura, produce el podcast \u201cCiudades que Inspiran\u201d. Junto a su esposa intenta formar a sus tres hijos como personas libres y ciudadanos de bien. Arquitecto-Urbanista por la Universidad Nacional de Ingenier\u00eda (UNI-FAUA), t\u00edtulo homologado en Argentina. Magister en Desarrollo Sustentable por la Universidad de Lan\u00fas (UNLA-FLACAM, Argentina). Estudios de Doctorado en la Universidad Polit\u00e9cnica de Catalu\u00f1a (Espa\u00f1a). Experiencia profesional en Urbanismo, Planificaci\u00f3n Urbana y Arquitectura, desarrollada en las ciudades de Lima-Per\u00fa, La Plata-Argentina y Barcelona-Espa\u00f1a. Ha participado en el desarrollo de proyectos y consultor\u00edas para Per\u00fa, Argentina, Espa\u00f1a, M\u00e9xico y Brasil. Ha ganado concursos de arquitectura y dise\u00f1o urbano en Per\u00fa y Argentina. Es docente del \u00e1rea de Urbanismo de la USAT y miembro del Consejo Consultivo de la Escuela de Arquitectura de la UDEP. Es socio de FDARQ Urbanismo + Arquitectura y editor del blog HABITAR","sameAs":["http:\/\/urbanistas.lat\/","https:\/\/www.facebook.com\/aldogfd","https:\/\/www.instagram.com\/aldo_fd\/","https:\/\/www.linkedin.com\/in\/aldofachodede\/","https:\/\/x.com\/https:\/\/twitter.com\/Aldo_FD"],"url":"https:\/\/veredes.es\/blog\/author\/aldo-g-facho-dede\/"}]}},"_links":{"self":[{"href":"https:\/\/veredes.es\/blog\/wp-json\/wp\/v2\/posts\/91912","targetHints":{"allow":["GET"]}}],"collection":[{"href":"https:\/\/veredes.es\/blog\/wp-json\/wp\/v2\/posts"}],"about":[{"href":"https:\/\/veredes.es\/blog\/wp-json\/wp\/v2\/types\/post"}],"author":[{"embeddable":true,"href":"https:\/\/veredes.es\/blog\/wp-json\/wp\/v2\/users\/6"}],"replies":[{"embeddable":true,"href":"https:\/\/veredes.es\/blog\/wp-json\/wp\/v2\/comments?post=91912"}],"version-history":[{"count":0,"href":"https:\/\/veredes.es\/blog\/wp-json\/wp\/v2\/posts\/91912\/revisions"}],"wp:featuredmedia":[{"embeddable":true,"href":"https:\/\/veredes.es\/blog\/wp-json\/wp\/v2\/media\/91915"}],"wp:attachment":[{"href":"https:\/\/veredes.es\/blog\/wp-json\/wp\/v2\/media?parent=91912"}],"wp:term":[{"taxonomy":"category","embeddable":true,"href":"https:\/\/veredes.es\/blog\/wp-json\/wp\/v2\/categories?post=91912"},{"taxonomy":"post_tag","embeddable":true,"href":"https:\/\/veredes.es\/blog\/wp-json\/wp\/v2\/tags?post=91912"}],"curies":[{"name":"wp","href":"https:\/\/api.w.org\/{rel}","templated":true}]}}