{"id":91677,"date":"2022-12-08T00:01:03","date_gmt":"2022-12-07T23:01:03","guid":{"rendered":"https:\/\/veredes.es\/blog\/?p=91677"},"modified":"2023-02-28T11:59:09","modified_gmt":"2023-02-28T10:59:09","slug":"cuanto-cuento-relatos-de-arquitectos-ii","status":"publish","type":"post","link":"https:\/\/veredes.es\/blog\/cuanto-cuento-relatos-de-arquitectos-ii\/","title":{"rendered":"Cu\u00e1nto cuento. Relatos de arquitectos (II)"},"content":{"rendered":"<figure id=\"attachment_91679\" aria-describedby=\"caption-attachment-91679\" style=\"width: 1400px\" class=\"wp-caption alignnone\"><img loading=\"lazy\" decoding=\"async\" class=\"wp-image-91679 size-full\" title=\"Cu\u00e1nto cuento. Relatos de arquitectos Segundo t\u00edtulo de la colecci\u00f3n Habitar Iberoam\u00e9rica publicada por redfundamentos\" src=\"https:\/\/veredes.es\/blog\/wp-content\/uploads\/2022\/12\/Cuanto-cuento.-Relatos-de-arquitectos-Segundo-titulo-de-la-coleccion-Habitar-Iberoamerica-publicada-por-redfundamentos.jpg\" alt=\"Cu\u00e1nto cuento. Relatos de arquitectos Segundo t\u00edtulo de la colecci\u00f3n Habitar Iberoam\u00e9rica publicada por redfundamentos\" width=\"1400\" height=\"2078\" srcset=\"https:\/\/veredes.es\/blog\/wp-content\/uploads\/2022\/12\/Cuanto-cuento.-Relatos-de-arquitectos-Segundo-titulo-de-la-coleccion-Habitar-Iberoamerica-publicada-por-redfundamentos.jpg 1400w, https:\/\/veredes.es\/blog\/wp-content\/uploads\/2022\/12\/Cuanto-cuento.-Relatos-de-arquitectos-Segundo-titulo-de-la-coleccion-Habitar-Iberoamerica-publicada-por-redfundamentos-202x300.jpg 202w, https:\/\/veredes.es\/blog\/wp-content\/uploads\/2022\/12\/Cuanto-cuento.-Relatos-de-arquitectos-Segundo-titulo-de-la-coleccion-Habitar-Iberoamerica-publicada-por-redfundamentos-690x1024.jpg 690w, https:\/\/veredes.es\/blog\/wp-content\/uploads\/2022\/12\/Cuanto-cuento.-Relatos-de-arquitectos-Segundo-titulo-de-la-coleccion-Habitar-Iberoamerica-publicada-por-redfundamentos-1035x1536.jpg 1035w, https:\/\/veredes.es\/blog\/wp-content\/uploads\/2022\/12\/Cuanto-cuento.-Relatos-de-arquitectos-Segundo-titulo-de-la-coleccion-Habitar-Iberoamerica-publicada-por-redfundamentos-1380x2048.jpg 1380w, https:\/\/veredes.es\/blog\/wp-content\/uploads\/2022\/12\/Cuanto-cuento.-Relatos-de-arquitectos-Segundo-titulo-de-la-coleccion-Habitar-Iberoamerica-publicada-por-redfundamentos-696x1033.jpg 696w, https:\/\/veredes.es\/blog\/wp-content\/uploads\/2022\/12\/Cuanto-cuento.-Relatos-de-arquitectos-Segundo-titulo-de-la-coleccion-Habitar-Iberoamerica-publicada-por-redfundamentos-1068x1585.jpg 1068w\" sizes=\"auto, (max-width: 1400px) 100vw, 1400px\" \/><figcaption id=\"caption-attachment-91679\" class=\"wp-caption-text\"><span style=\"color: #999999;\">Cu\u00e1nto cuento. Relatos de arquitectos. Segundo t\u00edtulo de la colecci\u00f3n Habitar Iberoam\u00e9rica publicada por redfundamentos<\/span><\/figcaption><\/figure>\n<h5 style=\"text-align: justify;\"><strong>Serie. Cu\u00e1nto cuento. Relatos de arquitectos<\/strong><\/h5>\n<p style=\"text-align: justify;\">Hace pr\u00e1cticamente un a\u00f1o presentamos <strong>Mucho cuento. Relatos de arquitectos<\/strong>, el primer t\u00edtulo de nuestra colecci\u00f3n Habitar Iberoam\u00e9rica. Hoy estamos encantados de poder decir que acaba de salir del horno nuestro segundo libro: <em>Cu\u00e1nto cuento. Relatos de arquitectos<\/em>.<\/p>\n<p style=\"text-align: justify;\">Como ocurri\u00f3 en la <a href=\"https:\/\/veredes.es\/blog\/coleccion-habitar-iberoamerica-mucho-cuento-relatos-de-arquitectos-2021\/\" target=\"_blank\" rel=\"noopener\">edici\u00f3n anterior,<\/a> contamos con nombres muy conocidos dentro del entorno de la arquitectura iberoamericana que, una vez m\u00e1s, se adentran en el mundo de la narraci\u00f3n corta, mostr\u00e1ndonos una faceta desconocida hasta el momento.<\/p>\n<p style=\"text-align: justify; padding-left: 40px;\"><strong>\u00bfQu\u00e9 historia podr\u00e1 contar Solano Ben\u00edtez?\u00bfY Sandra Barclay?\u00bfC\u00f3mo ser\u00e1 un cuento escrito por Jos\u00e9 Mar\u00eda S\u00e1nchez?<\/strong><\/p>\n<p style=\"text-align: justify;\">Entre los relatos hay historias casi biogr\u00e1ficas, otras que rozan el surrealismo, cuentos futuristas, situaciones desternillantes&#8230; y, qu\u00e9 duda cabe, alguna referencia a la arquitectura.<\/p>\n<p style=\"padding-left: 40px;\">&#8211; Solano Ben\u00edtez. \u00abInventarios\u00bb<br \/>\n&#8211; Jos\u00e9 Mar\u00eda S\u00e1ez. \u00abEl sue\u00f1o de la manzana\u00bb<br \/>\n&#8211; Sandra Barclay. \u00abEscaleras al cielo\u00bb<br \/>\n&#8211; Jean Pierre Crousse. \u00abSobrevivir a la belleza\u00bb<br \/>\n&#8211; Pola Mora. \u00abFauna y epifan\u00eda\u00bb<br \/>\n&#8211; Carlos Quint\u00e1ns Eiras. \u00abLitolatr\u00eda\u00bb<br \/>\n&#8211; P\u00eda Mendaro Larramendi. \u00abQui\u00e9n quisiera ser ermita\u00f1o\u00bb<br \/>\n&#8211; Fernando Garc\u00eda Pino. \u00abAhora que te veo\u00bb<br \/>\n&#8211; Covadonga Carrasco, Juan Creus. \u00abLagartos\u00bb<br \/>\n&#8211; Juan Creus. \u00abAquella isla\u00bb<br \/>\n&#8211; Carlos Seoane. \u00abO Pazo\u00bb<br \/>\n&#8211; Jos\u00e9 Mar\u00eda S\u00e1nchez Garc\u00eda. \u00abA prop\u00f3sito de correr\u00bb<br \/>\n&#8211; Jacobo Garc\u00eda-Germ\u00e1n V\u00e1zquez. \u00abEl \u00fanico juego en la ciudad\u00bb<br \/>\n&#8211; Jes\u00fas Mar\u00eda Susperregui Virto. \u00abPlenitud\u00bb<br \/>\n&#8211; Javier Bernalte. \u00abAquel ma\u00f1ana\u00bb<br \/>\n&#8211; Lina Toro Ocampo. \u00abLa gata duplicada\u00bb<br \/>\n&#8211; Jos\u00e9 Vela Castillo. \u00abPe\u00f1a Blanca. O Turbina\u00bb<\/p>\n<p>Pod\u00e9is encontrarlo disponible en la <a href=\"https:\/\/www.redfundamentos.com\/blog\/es\/noticias\/detalle-984\/\" target=\"_blank\" rel=\"noopener\">web<\/a>, as\u00ed como las fechas de presentaci\u00f3n.<\/p>\n<p style=\"text-align: center;\"><strong>\u00a1Disfruten de la lectura!<\/strong><\/p>\n<p><iframe style=\"width: 120px; height: 240px;\" src=\"https:\/\/rcm-eu.amazon-adsystem.com\/e\/cm?ref=qf_sp_asin_til&amp;t=veredes-21&amp;m=amazon&amp;o=30&amp;p=8&amp;l=as1&amp;IS2=1&amp;asins=8409354977&amp;linkId=843a66e1639e95d96b5da187c2354e25&amp;bc1=000000&amp;lt1=_blank&amp;fc1=333333&amp;lc1=0066C0&amp;bg1=FFFFFF&amp;f=ifr\" frameborder=\"0\" marginwidth=\"0\" marginheight=\"0\" scrolling=\"no\"> <span data-mce-type=\"bookmark\" style=\"display: inline-block; width: 0px; overflow: hidden; line-height: 0;\" class=\"mce_SELRES_start\">\ufeff<\/span><\/iframe><\/p>\n","protected":false},"excerpt":{"rendered":"<p>Serie. Cu\u00e1nto cuento. Relatos de arquitectos Hace pr\u00e1cticamente un a\u00f1o presentamos Mucho cuento. Relatos de arquitectos, el primer t\u00edtulo de nuestra colecci\u00f3n Habitar Iberoam\u00e9rica. Hoy estamos encantados de poder decir que acaba de salir del horno nuestro segundo libro: Cu\u00e1nto cuento. Relatos de arquitectos. Como ocurri\u00f3 en la edici\u00f3n anterior, contamos con nombres muy conocidos [&hellip;]<\/p>\n","protected":false},"author":2,"featured_media":91679,"comment_status":"open","ping_status":"closed","sticky":false,"template":"","format":"standard","meta":{"footnotes":""},"categories":[794,26],"tags":[3428,6042,5821,2330,3886,12758,3242,1581,4106,3054,15684,15679,15032,15680,15687,13284,659,15688,16272,16268,16273,15686,16270,2562,16275,15683,3053,6201,12205,16274,8531,15681,15682,16271,13733,1120,15685,16269,6763,3887,4758],"class_list":{"0":"post-91677","1":"post","2":"type-post","3":"status-publish","4":"format-standard","5":"has-post-thumbnail","7":"category-libros","8":"category-publicaciones","9":"tag-alberto-campo-baeza","10":"tag-angel-martinez-garcia-posada","11":"tag-arquitectura-iberoamericana","12":"tag-arturo-franco-diaz","13":"tag-arturo-franco-taboada","14":"tag-atxu-amann","15":"tag-carlos-pita-abad","16":"tag-carlos-quintans-eiras","17":"tag-carlos-seoane","18":"tag-covadonga-carrasco","19":"tag-daniella-urrutia","20":"tag-david-barragan-andrade","21":"tag-editorial-redfundamentos","22":"tag-esteban-benavides","23":"tag-fernanda-canales","24":"tag-fernando-garcia-pino","25":"tag-habitar","26":"tag-handel-guayasamin","27":"tag-javier-bernalte","28":"tag-jean-pierre-crousse","29":"tag-jesus-maria-susperregui-virto","30":"tag-joaquin-alarcia","31":"tag-jose-maria-saez","32":"tag-jose-maria-sanchez-garcia","33":"tag-jose-vela-castillo","34":"tag-juan-carlos-arnuncio","35":"tag-juan-creus-andrade","36":"tag-juanjo-lopez-de-la-cruz","37":"tag-libro","38":"tag-lina-toro-ocampo","39":"tag-maria-gonzalez-garcia","40":"tag-marialuisa-borja-lopez","41":"tag-pascual-gangotena","42":"tag-pia-mendaro-larramendi","43":"tag-pola-mora","44":"tag-publicacion","45":"tag-rozana-montiel","46":"tag-sandra-barclay","47":"tag-solano-benitez","48":"tag-toni-girones","49":"tag-xavier-ros"},"yoast_head":"<!-- This site is optimized with the Yoast SEO plugin v27.4 - https:\/\/yoast.com\/product\/yoast-seo-wordpress\/ -->\n<title>Cu\u00e1nto cuento. Relatos de arquitectos (II) - veredes<\/title>\n<meta name=\"description\" content=\"Toda la informaci\u00f3n sobre: Cu\u00e1nto cuento. Relatos de arquitectos (II) Cu\u00e1nto cuento. Relatos de arquitectos\" \/>\n<meta name=\"robots\" content=\"index, follow, max-snippet:-1, max-image-preview:large, max-video-preview:-1\" \/>\n<link rel=\"canonical\" href=\"https:\/\/veredes.es\/blog\/cuanto-cuento-relatos-de-arquitectos-ii\/\" \/>\n<meta property=\"og:locale\" content=\"es_ES\" \/>\n<meta property=\"og:type\" content=\"article\" \/>\n<meta property=\"og:title\" content=\"Cu\u00e1nto cuento. Relatos de arquitectos (II) - veredes\" \/>\n<meta property=\"og:description\" content=\"Toda la informaci\u00f3n sobre: Cu\u00e1nto cuento. Relatos de arquitectos (II) Cu\u00e1nto cuento. Relatos de arquitectos\" \/>\n<meta property=\"og:url\" content=\"https:\/\/veredes.es\/blog\/cuanto-cuento-relatos-de-arquitectos-ii\/\" \/>\n<meta property=\"og:site_name\" content=\"veredes, arquitectura y divulgaci\u00f3n\" \/>\n<meta property=\"article:publisher\" content=\"https:\/\/www.facebook.com\/veredesArquitecturayDivulgacion\/\" \/>\n<meta property=\"article:author\" content=\"https:\/\/www.facebook.com\/veredesArquitecturayDivulgacion\/\" \/>\n<meta property=\"article:published_time\" content=\"2022-12-07T23:01:03+00:00\" \/>\n<meta property=\"article:modified_time\" content=\"2023-02-28T10:59:09+00:00\" \/>\n<meta property=\"og:image\" content=\"https:\/\/veredes.es\/blog\/wp-content\/uploads\/2022\/12\/Cuanto-cuento.-Relatos-de-arquitectos-Segundo-titulo-de-la-coleccion-Habitar-Iberoamerica-publicada-por-redfundamentos.jpg\" \/>\n\t<meta property=\"og:image:width\" content=\"1400\" \/>\n\t<meta property=\"og:image:height\" content=\"2078\" \/>\n\t<meta property=\"og:image:type\" content=\"image\/jpeg\" \/>\n<meta name=\"author\" content=\"veredes\" \/>\n<meta name=\"twitter:card\" content=\"summary_large_image\" \/>\n<meta name=\"twitter:creator\" content=\"@https:\/\/twitter.com\/veredes\" \/>\n<meta name=\"twitter:site\" content=\"@veredes\" \/>\n<meta name=\"twitter:label1\" content=\"Escrito por\" \/>\n\t<meta name=\"twitter:data1\" content=\"veredes\" \/>\n\t<meta name=\"twitter:label2\" content=\"Tiempo de lectura\" \/>\n\t<meta name=\"twitter:data2\" content=\"2 minutos\" \/>\n<script type=\"application\/ld+json\" class=\"yoast-schema-graph\">{\"@context\":\"https:\\\/\\\/schema.org\",\"@graph\":[{\"@type\":\"Article\",\"@id\":\"https:\\\/\\\/veredes.es\\\/blog\\\/cuanto-cuento-relatos-de-arquitectos-ii\\\/#article\",\"isPartOf\":{\"@id\":\"https:\\\/\\\/veredes.es\\\/blog\\\/cuanto-cuento-relatos-de-arquitectos-ii\\\/\"},\"author\":{\"name\":\"veredes\",\"@id\":\"https:\\\/\\\/veredes.es\\\/blog\\\/#\\\/schema\\\/person\\\/0bbb669073ef7faba5168a0844e93d2c\"},\"headline\":\"Cu\u00e1nto cuento. Relatos de arquitectos (II)\",\"datePublished\":\"2022-12-07T23:01:03+00:00\",\"dateModified\":\"2023-02-28T10:59:09+00:00\",\"mainEntityOfPage\":{\"@id\":\"https:\\\/\\\/veredes.es\\\/blog\\\/cuanto-cuento-relatos-de-arquitectos-ii\\\/\"},\"wordCount\":329,\"commentCount\":0,\"publisher\":{\"@id\":\"https:\\\/\\\/veredes.es\\\/blog\\\/#organization\"},\"image\":{\"@id\":\"https:\\\/\\\/veredes.es\\\/blog\\\/cuanto-cuento-relatos-de-arquitectos-ii\\\/#primaryimage\"},\"thumbnailUrl\":\"https:\\\/\\\/veredes.es\\\/blog\\\/wp-content\\\/uploads\\\/2022\\\/12\\\/Cuanto-cuento.-Relatos-de-arquitectos-Segundo-titulo-de-la-coleccion-Habitar-Iberoamerica-publicada-por-redfundamentos.jpg\",\"keywords\":[\"Alberto Campo Baeza\",\"\u00c1ngel Mart\u00ednez Garc\u00eda-Posada\",\"arquitectura iberoamericana\",\"Arturo Franco D\u00edaz\",\"Arturo Franco Taboada\",\"Atxu Amann\",\"Carlos Pita Abad\",\"Carlos Quint\u00e1ns Eiras\",\"Carlos Seoane\",\"Covadonga Carrasco\",\"Daniella Urrutia\",\"David Barrag\u00e1n Andrade\",\"editorial Redfundamentos\",\"Esteban Benavides\",\"Fernanda Canales\",\"Fernando Garc\u00eda Pino\",\"habitar\",\"Handel Guayasamin\",\"Javier Bernalte\",\"Jean Pierre Crousse\",\"Jes\u00fas Mar\u00eda Susperregui Virto\",\"Joaqu\u00edn Alarcia\",\"Jos\u00e9 Mar\u00eda S\u00e1ez\",\"Jos\u00e9 Mar\u00eda S\u00e1nchez Garc\u00eda\",\"Jos\u00e9 Vela Castillo\",\"Juan Carlos Arnuncio\",\"Juan Creus Andrade\",\"Juanjo L\u00f3pez de la Cruz\",\"libro\",\"Lina Toro Ocampo\",\"Mar\u00eda Gonz\u00e1lez Garc\u00eda\",\"Marialuisa Borja L\u00f3pez\",\"Pascual Gangotena\",\"P\u00eda Mendaro Larramendi\",\"Pola Mora\",\"publicaci\u00f3n\",\"Rozana Montiel\",\"Sandra Barclay\",\"Solano Benitez\",\"Toni Giron\u00e8s\",\"Xavier Ros\"],\"articleSection\":[\"libros\",\"publicaciones\"],\"inLanguage\":\"es\",\"potentialAction\":[{\"@type\":\"CommentAction\",\"name\":\"Comment\",\"target\":[\"https:\\\/\\\/veredes.es\\\/blog\\\/cuanto-cuento-relatos-de-arquitectos-ii\\\/#respond\"]}]},{\"@type\":\"WebPage\",\"@id\":\"https:\\\/\\\/veredes.es\\\/blog\\\/cuanto-cuento-relatos-de-arquitectos-ii\\\/\",\"url\":\"https:\\\/\\\/veredes.es\\\/blog\\\/cuanto-cuento-relatos-de-arquitectos-ii\\\/\",\"name\":\"Cu\u00e1nto cuento. Relatos de arquitectos (II) - veredes\",\"isPartOf\":{\"@id\":\"https:\\\/\\\/veredes.es\\\/blog\\\/#website\"},\"primaryImageOfPage\":{\"@id\":\"https:\\\/\\\/veredes.es\\\/blog\\\/cuanto-cuento-relatos-de-arquitectos-ii\\\/#primaryimage\"},\"image\":{\"@id\":\"https:\\\/\\\/veredes.es\\\/blog\\\/cuanto-cuento-relatos-de-arquitectos-ii\\\/#primaryimage\"},\"thumbnailUrl\":\"https:\\\/\\\/veredes.es\\\/blog\\\/wp-content\\\/uploads\\\/2022\\\/12\\\/Cuanto-cuento.-Relatos-de-arquitectos-Segundo-titulo-de-la-coleccion-Habitar-Iberoamerica-publicada-por-redfundamentos.jpg\",\"datePublished\":\"2022-12-07T23:01:03+00:00\",\"dateModified\":\"2023-02-28T10:59:09+00:00\",\"description\":\"Toda la informaci\u00f3n sobre: Cu\u00e1nto cuento. Relatos de arquitectos (II) Cu\u00e1nto cuento. Relatos de arquitectos\",\"breadcrumb\":{\"@id\":\"https:\\\/\\\/veredes.es\\\/blog\\\/cuanto-cuento-relatos-de-arquitectos-ii\\\/#breadcrumb\"},\"inLanguage\":\"es\",\"potentialAction\":[{\"@type\":\"ReadAction\",\"target\":[\"https:\\\/\\\/veredes.es\\\/blog\\\/cuanto-cuento-relatos-de-arquitectos-ii\\\/\"]}]},{\"@type\":\"ImageObject\",\"inLanguage\":\"es\",\"@id\":\"https:\\\/\\\/veredes.es\\\/blog\\\/cuanto-cuento-relatos-de-arquitectos-ii\\\/#primaryimage\",\"url\":\"https:\\\/\\\/veredes.es\\\/blog\\\/wp-content\\\/uploads\\\/2022\\\/12\\\/Cuanto-cuento.-Relatos-de-arquitectos-Segundo-titulo-de-la-coleccion-Habitar-Iberoamerica-publicada-por-redfundamentos.jpg\",\"contentUrl\":\"https:\\\/\\\/veredes.es\\\/blog\\\/wp-content\\\/uploads\\\/2022\\\/12\\\/Cuanto-cuento.-Relatos-de-arquitectos-Segundo-titulo-de-la-coleccion-Habitar-Iberoamerica-publicada-por-redfundamentos.jpg\",\"width\":1400,\"height\":2078,\"caption\":\"Cu\u00e1nto cuento. Relatos de arquitectos Segundo t\u00edtulo de la colecci\u00f3n Habitar Iberoam\u00e9rica publicada por redfundamentos\"},{\"@type\":\"BreadcrumbList\",\"@id\":\"https:\\\/\\\/veredes.es\\\/blog\\\/cuanto-cuento-relatos-de-arquitectos-ii\\\/#breadcrumb\",\"itemListElement\":[{\"@type\":\"ListItem\",\"position\":1,\"name\":\"Portada\",\"item\":\"https:\\\/\\\/veredes.es\\\/blog\\\/\"},{\"@type\":\"ListItem\",\"position\":2,\"name\":\"Cu\u00e1nto cuento. Relatos de arquitectos (II)\"}]},{\"@type\":\"WebSite\",\"@id\":\"https:\\\/\\\/veredes.es\\\/blog\\\/#website\",\"url\":\"https:\\\/\\\/veredes.es\\\/blog\\\/\",\"name\":\"veredes, arquitectura y divulgaci\u00f3n\",\"description\":\"veredes\",\"publisher\":{\"@id\":\"https:\\\/\\\/veredes.es\\\/blog\\\/#organization\"},\"alternateName\":\"veredes\",\"potentialAction\":[{\"@type\":\"SearchAction\",\"target\":{\"@type\":\"EntryPoint\",\"urlTemplate\":\"https:\\\/\\\/veredes.es\\\/blog\\\/?s={search_term_string}\"},\"query-input\":{\"@type\":\"PropertyValueSpecification\",\"valueRequired\":true,\"valueName\":\"search_term_string\"}}],\"inLanguage\":\"es\"},{\"@type\":\"Organization\",\"@id\":\"https:\\\/\\\/veredes.es\\\/blog\\\/#organization\",\"name\":\"veredes, arquitectura y divulgaci\u00f3n\",\"alternateName\":\"veredes\",\"url\":\"https:\\\/\\\/veredes.es\\\/blog\\\/\",\"logo\":{\"@type\":\"ImageObject\",\"inLanguage\":\"es\",\"@id\":\"https:\\\/\\\/veredes.es\\\/blog\\\/#\\\/schema\\\/logo\\\/image\\\/\",\"url\":\"https:\\\/\\\/veredes.es\\\/blog\\\/wp-content\\\/uploads\\\/2021\\\/12\\\/veredes-logo-centrado_140x54.png\",\"contentUrl\":\"https:\\\/\\\/veredes.es\\\/blog\\\/wp-content\\\/uploads\\\/2021\\\/12\\\/veredes-logo-centrado_140x54.png\",\"width\":140,\"height\":54,\"caption\":\"veredes, arquitectura y divulgaci\u00f3n\"},\"image\":{\"@id\":\"https:\\\/\\\/veredes.es\\\/blog\\\/#\\\/schema\\\/logo\\\/image\\\/\"},\"sameAs\":[\"https:\\\/\\\/www.facebook.com\\\/veredesArquitecturayDivulgacion\\\/\",\"https:\\\/\\\/x.com\\\/veredes\",\"https:\\\/\\\/instagram.com\\\/veredes\\\/\",\"https:\\\/\\\/www.linkedin.com\\\/company\\\/veredes-arquitectura-y-divulgacion\\\/\",\"https:\\\/\\\/es.pinterest.com\\\/veredes\\\/\",\"https:\\\/\\\/www.tumblr.com\\\/veredes\"]},{\"@type\":\"Person\",\"@id\":\"https:\\\/\\\/veredes.es\\\/blog\\\/#\\\/schema\\\/person\\\/0bbb669073ef7faba5168a0844e93d2c\",\"name\":\"veredes\",\"image\":{\"@type\":\"ImageObject\",\"inLanguage\":\"es\",\"@id\":\"https:\\\/\\\/veredes.es\\\/blog\\\/wp-content\\\/uploads\\\/2018\\\/04\\\/face-96x96.jpg\",\"url\":\"https:\\\/\\\/veredes.es\\\/blog\\\/wp-content\\\/uploads\\\/2018\\\/04\\\/face-96x96.jpg\",\"contentUrl\":\"https:\\\/\\\/veredes.es\\\/blog\\\/wp-content\\\/uploads\\\/2018\\\/04\\\/face-96x96.jpg\",\"caption\":\"veredes\"},\"description\":\"Surge enero de 2009 como b\u00fasqueda de satisfacer el conocimiento de la actividad arquitect\u00f3nica y tangentes que se generan. La idea es crear un espacio para divulgar los diversos proyectos en busca de nueva inspiraci\u00f3n y de intercambio.\",\"sameAs\":[\"https:\\\/\\\/veredes.es\\\/\",\"https:\\\/\\\/www.facebook.com\\\/veredesArquitecturayDivulgacion\\\/\",\"https:\\\/\\\/www.instagram.com\\\/veredes\\\/\",\"https:\\\/\\\/www.linkedin.com\\\/company\\\/veredes-arquitectura-y-divulgacion\\\/\",\"https:\\\/\\\/www.pinterest.es\\\/veredes\\\/\",\"https:\\\/\\\/x.com\\\/https:\\\/\\\/twitter.com\\\/veredes\",\"https:\\\/\\\/veredes.tumblr.com\\\/\"],\"url\":\"https:\\\/\\\/veredes.es\\\/blog\\\/author\\\/alberto\\\/\"}]}<\/script>\n<!-- \/ Yoast SEO plugin. -->","yoast_head_json":{"title":"Cu\u00e1nto cuento. Relatos de arquitectos (II) - veredes","description":"Toda la informaci\u00f3n sobre: Cu\u00e1nto cuento. Relatos de arquitectos (II) Cu\u00e1nto cuento. Relatos de arquitectos","robots":{"index":"index","follow":"follow","max-snippet":"max-snippet:-1","max-image-preview":"max-image-preview:large","max-video-preview":"max-video-preview:-1"},"canonical":"https:\/\/veredes.es\/blog\/cuanto-cuento-relatos-de-arquitectos-ii\/","og_locale":"es_ES","og_type":"article","og_title":"Cu\u00e1nto cuento. Relatos de arquitectos (II) - veredes","og_description":"Toda la informaci\u00f3n sobre: Cu\u00e1nto cuento. Relatos de arquitectos (II) Cu\u00e1nto cuento. Relatos de arquitectos","og_url":"https:\/\/veredes.es\/blog\/cuanto-cuento-relatos-de-arquitectos-ii\/","og_site_name":"veredes, arquitectura y divulgaci\u00f3n","article_publisher":"https:\/\/www.facebook.com\/veredesArquitecturayDivulgacion\/","article_author":"https:\/\/www.facebook.com\/veredesArquitecturayDivulgacion\/","article_published_time":"2022-12-07T23:01:03+00:00","article_modified_time":"2023-02-28T10:59:09+00:00","og_image":[{"width":1400,"height":2078,"url":"https:\/\/veredes.es\/blog\/wp-content\/uploads\/2022\/12\/Cuanto-cuento.-Relatos-de-arquitectos-Segundo-titulo-de-la-coleccion-Habitar-Iberoamerica-publicada-por-redfundamentos.jpg","type":"image\/jpeg"}],"author":"veredes","twitter_card":"summary_large_image","twitter_creator":"@https:\/\/twitter.com\/veredes","twitter_site":"@veredes","twitter_misc":{"Escrito por":"veredes","Tiempo de lectura":"2 minutos"},"schema":{"@context":"https:\/\/schema.org","@graph":[{"@type":"Article","@id":"https:\/\/veredes.es\/blog\/cuanto-cuento-relatos-de-arquitectos-ii\/#article","isPartOf":{"@id":"https:\/\/veredes.es\/blog\/cuanto-cuento-relatos-de-arquitectos-ii\/"},"author":{"name":"veredes","@id":"https:\/\/veredes.es\/blog\/#\/schema\/person\/0bbb669073ef7faba5168a0844e93d2c"},"headline":"Cu\u00e1nto cuento. Relatos de arquitectos (II)","datePublished":"2022-12-07T23:01:03+00:00","dateModified":"2023-02-28T10:59:09+00:00","mainEntityOfPage":{"@id":"https:\/\/veredes.es\/blog\/cuanto-cuento-relatos-de-arquitectos-ii\/"},"wordCount":329,"commentCount":0,"publisher":{"@id":"https:\/\/veredes.es\/blog\/#organization"},"image":{"@id":"https:\/\/veredes.es\/blog\/cuanto-cuento-relatos-de-arquitectos-ii\/#primaryimage"},"thumbnailUrl":"https:\/\/veredes.es\/blog\/wp-content\/uploads\/2022\/12\/Cuanto-cuento.-Relatos-de-arquitectos-Segundo-titulo-de-la-coleccion-Habitar-Iberoamerica-publicada-por-redfundamentos.jpg","keywords":["Alberto Campo Baeza","\u00c1ngel Mart\u00ednez Garc\u00eda-Posada","arquitectura iberoamericana","Arturo Franco D\u00edaz","Arturo Franco Taboada","Atxu Amann","Carlos Pita Abad","Carlos Quint\u00e1ns Eiras","Carlos Seoane","Covadonga Carrasco","Daniella Urrutia","David Barrag\u00e1n Andrade","editorial Redfundamentos","Esteban Benavides","Fernanda Canales","Fernando Garc\u00eda Pino","habitar","Handel Guayasamin","Javier Bernalte","Jean Pierre Crousse","Jes\u00fas Mar\u00eda Susperregui Virto","Joaqu\u00edn Alarcia","Jos\u00e9 Mar\u00eda S\u00e1ez","Jos\u00e9 Mar\u00eda S\u00e1nchez Garc\u00eda","Jos\u00e9 Vela Castillo","Juan Carlos Arnuncio","Juan Creus Andrade","Juanjo L\u00f3pez de la Cruz","libro","Lina Toro Ocampo","Mar\u00eda Gonz\u00e1lez Garc\u00eda","Marialuisa Borja L\u00f3pez","Pascual Gangotena","P\u00eda Mendaro Larramendi","Pola Mora","publicaci\u00f3n","Rozana Montiel","Sandra Barclay","Solano Benitez","Toni Giron\u00e8s","Xavier Ros"],"articleSection":["libros","publicaciones"],"inLanguage":"es","potentialAction":[{"@type":"CommentAction","name":"Comment","target":["https:\/\/veredes.es\/blog\/cuanto-cuento-relatos-de-arquitectos-ii\/#respond"]}]},{"@type":"WebPage","@id":"https:\/\/veredes.es\/blog\/cuanto-cuento-relatos-de-arquitectos-ii\/","url":"https:\/\/veredes.es\/blog\/cuanto-cuento-relatos-de-arquitectos-ii\/","name":"Cu\u00e1nto cuento. Relatos de arquitectos (II) - veredes","isPartOf":{"@id":"https:\/\/veredes.es\/blog\/#website"},"primaryImageOfPage":{"@id":"https:\/\/veredes.es\/blog\/cuanto-cuento-relatos-de-arquitectos-ii\/#primaryimage"},"image":{"@id":"https:\/\/veredes.es\/blog\/cuanto-cuento-relatos-de-arquitectos-ii\/#primaryimage"},"thumbnailUrl":"https:\/\/veredes.es\/blog\/wp-content\/uploads\/2022\/12\/Cuanto-cuento.-Relatos-de-arquitectos-Segundo-titulo-de-la-coleccion-Habitar-Iberoamerica-publicada-por-redfundamentos.jpg","datePublished":"2022-12-07T23:01:03+00:00","dateModified":"2023-02-28T10:59:09+00:00","description":"Toda la informaci\u00f3n sobre: Cu\u00e1nto cuento. Relatos de arquitectos (II) Cu\u00e1nto cuento. Relatos de arquitectos","breadcrumb":{"@id":"https:\/\/veredes.es\/blog\/cuanto-cuento-relatos-de-arquitectos-ii\/#breadcrumb"},"inLanguage":"es","potentialAction":[{"@type":"ReadAction","target":["https:\/\/veredes.es\/blog\/cuanto-cuento-relatos-de-arquitectos-ii\/"]}]},{"@type":"ImageObject","inLanguage":"es","@id":"https:\/\/veredes.es\/blog\/cuanto-cuento-relatos-de-arquitectos-ii\/#primaryimage","url":"https:\/\/veredes.es\/blog\/wp-content\/uploads\/2022\/12\/Cuanto-cuento.-Relatos-de-arquitectos-Segundo-titulo-de-la-coleccion-Habitar-Iberoamerica-publicada-por-redfundamentos.jpg","contentUrl":"https:\/\/veredes.es\/blog\/wp-content\/uploads\/2022\/12\/Cuanto-cuento.-Relatos-de-arquitectos-Segundo-titulo-de-la-coleccion-Habitar-Iberoamerica-publicada-por-redfundamentos.jpg","width":1400,"height":2078,"caption":"Cu\u00e1nto cuento. Relatos de arquitectos Segundo t\u00edtulo de la colecci\u00f3n Habitar Iberoam\u00e9rica publicada por redfundamentos"},{"@type":"BreadcrumbList","@id":"https:\/\/veredes.es\/blog\/cuanto-cuento-relatos-de-arquitectos-ii\/#breadcrumb","itemListElement":[{"@type":"ListItem","position":1,"name":"Portada","item":"https:\/\/veredes.es\/blog\/"},{"@type":"ListItem","position":2,"name":"Cu\u00e1nto cuento. Relatos de arquitectos (II)"}]},{"@type":"WebSite","@id":"https:\/\/veredes.es\/blog\/#website","url":"https:\/\/veredes.es\/blog\/","name":"veredes, arquitectura y divulgaci\u00f3n","description":"veredes","publisher":{"@id":"https:\/\/veredes.es\/blog\/#organization"},"alternateName":"veredes","potentialAction":[{"@type":"SearchAction","target":{"@type":"EntryPoint","urlTemplate":"https:\/\/veredes.es\/blog\/?s={search_term_string}"},"query-input":{"@type":"PropertyValueSpecification","valueRequired":true,"valueName":"search_term_string"}}],"inLanguage":"es"},{"@type":"Organization","@id":"https:\/\/veredes.es\/blog\/#organization","name":"veredes, arquitectura y divulgaci\u00f3n","alternateName":"veredes","url":"https:\/\/veredes.es\/blog\/","logo":{"@type":"ImageObject","inLanguage":"es","@id":"https:\/\/veredes.es\/blog\/#\/schema\/logo\/image\/","url":"https:\/\/veredes.es\/blog\/wp-content\/uploads\/2021\/12\/veredes-logo-centrado_140x54.png","contentUrl":"https:\/\/veredes.es\/blog\/wp-content\/uploads\/2021\/12\/veredes-logo-centrado_140x54.png","width":140,"height":54,"caption":"veredes, arquitectura y divulgaci\u00f3n"},"image":{"@id":"https:\/\/veredes.es\/blog\/#\/schema\/logo\/image\/"},"sameAs":["https:\/\/www.facebook.com\/veredesArquitecturayDivulgacion\/","https:\/\/x.com\/veredes","https:\/\/instagram.com\/veredes\/","https:\/\/www.linkedin.com\/company\/veredes-arquitectura-y-divulgacion\/","https:\/\/es.pinterest.com\/veredes\/","https:\/\/www.tumblr.com\/veredes"]},{"@type":"Person","@id":"https:\/\/veredes.es\/blog\/#\/schema\/person\/0bbb669073ef7faba5168a0844e93d2c","name":"veredes","image":{"@type":"ImageObject","inLanguage":"es","@id":"https:\/\/veredes.es\/blog\/wp-content\/uploads\/2018\/04\/face-96x96.jpg","url":"https:\/\/veredes.es\/blog\/wp-content\/uploads\/2018\/04\/face-96x96.jpg","contentUrl":"https:\/\/veredes.es\/blog\/wp-content\/uploads\/2018\/04\/face-96x96.jpg","caption":"veredes"},"description":"Surge enero de 2009 como b\u00fasqueda de satisfacer el conocimiento de la actividad arquitect\u00f3nica y tangentes que se generan. La idea es crear un espacio para divulgar los diversos proyectos en busca de nueva inspiraci\u00f3n y de intercambio.","sameAs":["https:\/\/veredes.es\/","https:\/\/www.facebook.com\/veredesArquitecturayDivulgacion\/","https:\/\/www.instagram.com\/veredes\/","https:\/\/www.linkedin.com\/company\/veredes-arquitectura-y-divulgacion\/","https:\/\/www.pinterest.es\/veredes\/","https:\/\/x.com\/https:\/\/twitter.com\/veredes","https:\/\/veredes.tumblr.com\/"],"url":"https:\/\/veredes.es\/blog\/author\/alberto\/"}]}},"_links":{"self":[{"href":"https:\/\/veredes.es\/blog\/wp-json\/wp\/v2\/posts\/91677","targetHints":{"allow":["GET"]}}],"collection":[{"href":"https:\/\/veredes.es\/blog\/wp-json\/wp\/v2\/posts"}],"about":[{"href":"https:\/\/veredes.es\/blog\/wp-json\/wp\/v2\/types\/post"}],"author":[{"embeddable":true,"href":"https:\/\/veredes.es\/blog\/wp-json\/wp\/v2\/users\/2"}],"replies":[{"embeddable":true,"href":"https:\/\/veredes.es\/blog\/wp-json\/wp\/v2\/comments?post=91677"}],"version-history":[{"count":0,"href":"https:\/\/veredes.es\/blog\/wp-json\/wp\/v2\/posts\/91677\/revisions"}],"wp:featuredmedia":[{"embeddable":true,"href":"https:\/\/veredes.es\/blog\/wp-json\/wp\/v2\/media\/91679"}],"wp:attachment":[{"href":"https:\/\/veredes.es\/blog\/wp-json\/wp\/v2\/media?parent=91677"}],"wp:term":[{"taxonomy":"category","embeddable":true,"href":"https:\/\/veredes.es\/blog\/wp-json\/wp\/v2\/categories?post=91677"},{"taxonomy":"post_tag","embeddable":true,"href":"https:\/\/veredes.es\/blog\/wp-json\/wp\/v2\/tags?post=91677"}],"curies":[{"name":"wp","href":"https:\/\/api.w.org\/{rel}","templated":true}]}}