{"id":91583,"date":"2022-12-28T00:01:43","date_gmt":"2022-12-27T23:01:43","guid":{"rendered":"https:\/\/veredes.es\/blog\/?p=91583"},"modified":"2023-02-28T16:28:24","modified_gmt":"2023-02-28T15:28:24","slug":"oficinas-centro-de-arte-hortensia-herrero-erre-arquitectura","status":"publish","type":"post","link":"https:\/\/veredes.es\/blog\/oficinas-centro-de-arte-hortensia-herrero-erre-arquitectura\/","title":{"rendered":"Oficinas centro de Arte Hortensia Herrero | ERRE arquitectura"},"content":{"rendered":"<figure id=\"attachment_91584\" aria-describedby=\"caption-attachment-91584\" style=\"width: 1200px\" class=\"wp-caption alignnone\"><img loading=\"lazy\" decoding=\"async\" class=\"wp-image-91584 size-full\" title=\"Oficinas centro de Arte Hortensia Herrero ERRE arquitectura 1 \u00a9-Adri\u00e1-Goula\" src=\"https:\/\/veredes.es\/blog\/wp-content\/uploads\/2022\/11\/Oficinas-centro-de-Arte-Hortensia-Herrero-ERRE-arquitectura-1-\u00a9-Adria-Goula.jpg\" alt=\"Oficinas centro de Arte Hortensia Herrero ERRE arquitectura 1 \u00a9-Adri\u00e1-Goula\" width=\"1200\" height=\"1123\" srcset=\"https:\/\/veredes.es\/blog\/wp-content\/uploads\/2022\/11\/Oficinas-centro-de-Arte-Hortensia-Herrero-ERRE-arquitectura-1-\u00a9-Adria-Goula.jpg 1200w, https:\/\/veredes.es\/blog\/wp-content\/uploads\/2022\/11\/Oficinas-centro-de-Arte-Hortensia-Herrero-ERRE-arquitectura-1-\u00a9-Adria-Goula-300x281.jpg 300w, https:\/\/veredes.es\/blog\/wp-content\/uploads\/2022\/11\/Oficinas-centro-de-Arte-Hortensia-Herrero-ERRE-arquitectura-1-\u00a9-Adria-Goula-1024x958.jpg 1024w, https:\/\/veredes.es\/blog\/wp-content\/uploads\/2022\/11\/Oficinas-centro-de-Arte-Hortensia-Herrero-ERRE-arquitectura-1-\u00a9-Adria-Goula-696x651.jpg 696w, https:\/\/veredes.es\/blog\/wp-content\/uploads\/2022\/11\/Oficinas-centro-de-Arte-Hortensia-Herrero-ERRE-arquitectura-1-\u00a9-Adria-Goula-1068x999.jpg 1068w\" sizes=\"auto, (max-width: 1200px) 100vw, 1200px\" \/><figcaption id=\"caption-attachment-91584\" class=\"wp-caption-text\"><span style=\"color: #999999;\">Oficinas centro de Arte Hortensia Herrero | ERRE arquitectura \u00a9 Adri\u00e1 Goula<\/span><\/figcaption><\/figure>\n<p style=\"text-align: justify;\">El proyecto rehabilita dos locales hist\u00f3ricos del centro de Valencia para albergar las oficinas del futuro Centro de Arte Hortensia Herrero, un nuevo museo que se encuentra actualmente en construcci\u00f3n y que pretende convertirse en un punto de referencia del arte contempor\u00e1neo en la ciudad.<\/p>\n<p style=\"text-align: justify;\">Estas nuevas oficinas, ubicadas un edificio anexo al futuro museo, tienen una superficie de unos 500 metros cuadrados divididos en dos plantas. La planta superior cuenta con espacios de trabajo, \u00e1reas de reuni\u00f3n y una sala de concentraci\u00f3n. La planta inferior est\u00e1 conformada por un espacio de trabajo abierto adem\u00e1s de salas de almacenamiento, mantenimiento y gesti\u00f3n.<\/p>\n<figure id=\"attachment_91585\" aria-describedby=\"caption-attachment-91585\" style=\"width: 1200px\" class=\"wp-caption alignnone\"><img loading=\"lazy\" decoding=\"async\" class=\"wp-image-91585 size-full\" title=\"Oficinas centro de Arte Hortensia Herrero ERRE arquitectura 2 \u00a9-Adri\u00e1-Goula\" src=\"https:\/\/veredes.es\/blog\/wp-content\/uploads\/2022\/11\/Oficinas-centro-de-Arte-Hortensia-Herrero-ERRE-arquitectura-2-\u00a9-Adria-Goula.jpg\" alt=\"Oficinas centro de Arte Hortensia Herrero ERRE arquitectura 2 \u00a9-Adri\u00e1-Goula\" width=\"1200\" height=\"1145\" srcset=\"https:\/\/veredes.es\/blog\/wp-content\/uploads\/2022\/11\/Oficinas-centro-de-Arte-Hortensia-Herrero-ERRE-arquitectura-2-\u00a9-Adria-Goula.jpg 1200w, https:\/\/veredes.es\/blog\/wp-content\/uploads\/2022\/11\/Oficinas-centro-de-Arte-Hortensia-Herrero-ERRE-arquitectura-2-\u00a9-Adria-Goula-300x286.jpg 300w, https:\/\/veredes.es\/blog\/wp-content\/uploads\/2022\/11\/Oficinas-centro-de-Arte-Hortensia-Herrero-ERRE-arquitectura-2-\u00a9-Adria-Goula-1024x977.jpg 1024w, https:\/\/veredes.es\/blog\/wp-content\/uploads\/2022\/11\/Oficinas-centro-de-Arte-Hortensia-Herrero-ERRE-arquitectura-2-\u00a9-Adria-Goula-696x664.jpg 696w, https:\/\/veredes.es\/blog\/wp-content\/uploads\/2022\/11\/Oficinas-centro-de-Arte-Hortensia-Herrero-ERRE-arquitectura-2-\u00a9-Adria-Goula-1068x1019.jpg 1068w\" sizes=\"auto, (max-width: 1200px) 100vw, 1200px\" \/><figcaption id=\"caption-attachment-91585\" class=\"wp-caption-text\"><span style=\"color: #999999;\">Oficinas centro de Arte Hortensia Herrero | ERRE arquitectura \u00a9 Adri\u00e1 Goula<\/span><\/figcaption><\/figure>\n<p style=\"text-align: justify;\">Uno de los desaf\u00edos del proyecto ha sido responder a las nuevas necesidades que estas oficinas requer\u00edan rehabilitando un edificio hist\u00f3rico que se encontraba muy deteriorado y que, al mismo tiempo conten\u00eda varios elementos de valor patrimonial que deb\u00edan ser conservados.<\/p>\n<p style=\"text-align: justify;\">En este sentido, se han restaurado las carpinter\u00edas originales de madera y se han mantenido los pavimentos de Nolla los cuales aparecen en diferentes puntos del proyecto poniendo en valor este elemento tan caracter\u00edstico del patrimonio arquitect\u00f3nico de Valencia.<\/p>\n<figure id=\"attachment_91586\" aria-describedby=\"caption-attachment-91586\" style=\"width: 1200px\" class=\"wp-caption alignnone\"><img loading=\"lazy\" decoding=\"async\" class=\"wp-image-91586 size-full\" title=\"Oficinas centro de Arte Hortensia Herrero ERRE arquitectura 6 \u00a9-Adri\u00e1-Goula\" src=\"https:\/\/veredes.es\/blog\/wp-content\/uploads\/2022\/11\/Oficinas-centro-de-Arte-Hortensia-Herrero-ERRE-arquitectura-6-\u00a9-Adria-Goula.jpg\" alt=\"Oficinas centro de Arte Hortensia Herrero ERRE arquitectura 6 \u00a9-Adri\u00e1-Goula\" width=\"1200\" height=\"600\" srcset=\"https:\/\/veredes.es\/blog\/wp-content\/uploads\/2022\/11\/Oficinas-centro-de-Arte-Hortensia-Herrero-ERRE-arquitectura-6-\u00a9-Adria-Goula.jpg 1200w, https:\/\/veredes.es\/blog\/wp-content\/uploads\/2022\/11\/Oficinas-centro-de-Arte-Hortensia-Herrero-ERRE-arquitectura-6-\u00a9-Adria-Goula-300x150.jpg 300w, https:\/\/veredes.es\/blog\/wp-content\/uploads\/2022\/11\/Oficinas-centro-de-Arte-Hortensia-Herrero-ERRE-arquitectura-6-\u00a9-Adria-Goula-1024x512.jpg 1024w, https:\/\/veredes.es\/blog\/wp-content\/uploads\/2022\/11\/Oficinas-centro-de-Arte-Hortensia-Herrero-ERRE-arquitectura-6-\u00a9-Adria-Goula-696x348.jpg 696w, https:\/\/veredes.es\/blog\/wp-content\/uploads\/2022\/11\/Oficinas-centro-de-Arte-Hortensia-Herrero-ERRE-arquitectura-6-\u00a9-Adria-Goula-1068x534.jpg 1068w\" sizes=\"auto, (max-width: 1200px) 100vw, 1200px\" \/><figcaption id=\"caption-attachment-91586\" class=\"wp-caption-text\"><span style=\"color: #999999;\">Oficinas centro de Arte Hortensia Herrero | ERRE arquitectura \u00a9 Adri\u00e1 Goula<\/span><\/figcaption><\/figure>\n<p style=\"text-align: justify;\">Adem\u00e1s, se ha hecho un importante esfuerzo por conservar y destacar importantes elementos pict\u00f3ricos decorativos como la pintura ornamental que reproduce el mito de Gaia en la sala principal que, a pesar de las diversas remodelaciones que ha sufrido, se ha mantenido en buen estado de conservaci\u00f3n.<\/p>\n<p style=\"text-align: justify;\">El componente tecnol\u00f3gico ha sido importante tambi\u00e9n para poder dar respuesta a la actividad que se va a desarrollar tanto en los puestos de trabajo como en las diferentes salas de reuniones.<\/p>\n<p style=\"text-align: justify;\">Climatizaci\u00f3n, dom\u00f3tica, iluminaci\u00f3n, audiovisuales&#8230; son algunas de las instalaciones que han sido necesarias integrar en el dise\u00f1o para darle una nueva vida a los locales, pero sin robar protagonismo a los espacios ni a los elementos decorativos existentes.<\/p>\n<figure id=\"attachment_91587\" aria-describedby=\"caption-attachment-91587\" style=\"width: 1200px\" class=\"wp-caption alignnone\"><img loading=\"lazy\" decoding=\"async\" class=\"wp-image-91587 size-full\" title=\"Oficinas centro de Arte Hortensia Herrero ERRE arquitectura 12 \u00a9-Adri\u00e1-Goula\" src=\"https:\/\/veredes.es\/blog\/wp-content\/uploads\/2022\/11\/Oficinas-centro-de-Arte-Hortensia-Herrero-ERRE-arquitectura-12-\u00a9-Adria-Goula.jpg\" alt=\"Oficinas centro de Arte Hortensia Herrero ERRE arquitectura 12 \u00a9-Adri\u00e1-Goula\" width=\"1200\" height=\"1265\" srcset=\"https:\/\/veredes.es\/blog\/wp-content\/uploads\/2022\/11\/Oficinas-centro-de-Arte-Hortensia-Herrero-ERRE-arquitectura-12-\u00a9-Adria-Goula.jpg 1200w, https:\/\/veredes.es\/blog\/wp-content\/uploads\/2022\/11\/Oficinas-centro-de-Arte-Hortensia-Herrero-ERRE-arquitectura-12-\u00a9-Adria-Goula-285x300.jpg 285w, https:\/\/veredes.es\/blog\/wp-content\/uploads\/2022\/11\/Oficinas-centro-de-Arte-Hortensia-Herrero-ERRE-arquitectura-12-\u00a9-Adria-Goula-971x1024.jpg 971w, https:\/\/veredes.es\/blog\/wp-content\/uploads\/2022\/11\/Oficinas-centro-de-Arte-Hortensia-Herrero-ERRE-arquitectura-12-\u00a9-Adria-Goula-696x734.jpg 696w, https:\/\/veredes.es\/blog\/wp-content\/uploads\/2022\/11\/Oficinas-centro-de-Arte-Hortensia-Herrero-ERRE-arquitectura-12-\u00a9-Adria-Goula-1068x1126.jpg 1068w\" sizes=\"auto, (max-width: 1200px) 100vw, 1200px\" \/><figcaption id=\"caption-attachment-91587\" class=\"wp-caption-text\"><span style=\"color: #999999;\">Oficinas centro de Arte Hortensia Herrero | ERRE arquitectura \u00a9 Adri\u00e1 Goula<\/span><\/figcaption><\/figure>\n<p style=\"text-align: justify;\">En cuanto a la materialidad, destaca el uso de madera de roble presente en las carpinter\u00edas originales exteriores, y que ha contagiado el dise\u00f1o de los espacios interiores dotando de nobleza los lugares de almacenamiento y estanter\u00edas.<\/p>\n<p style=\"text-align: justify;\">El proceso de transformaci\u00f3n de estos espacios en oficinas se ha llevado a cabo con la intenci\u00f3n de crear zonas de trabajo confortables para los usuarios, con una fuerte presencia de la luz natural y con m\u00faltiples entornos de trabajo que permiten aportar la flexibilidad necesaria para el d\u00eda a d\u00eda del Centro de Arte Hortensia Herrero.<\/p>\n<div id='gallery-1' class='gallery galleryid-91583 gallery-columns-4 gallery-size-thumbnail'><figure class='gallery-item'>\n\t\t\t<div class='gallery-icon portrait'>\n\t\t\t\t<a href='https:\/\/veredes.es\/blog\/wp-content\/uploads\/2022\/11\/Oficinas-centro-de-Arte-Hortensia-Herrero-ERRE-arquitectura-3-\u00a9-Adria-Goula.jpg'><img loading=\"lazy\" decoding=\"async\" width=\"120\" height=\"120\" src=\"https:\/\/veredes.es\/blog\/wp-content\/uploads\/2022\/11\/Oficinas-centro-de-Arte-Hortensia-Herrero-ERRE-arquitectura-3-\u00a9-Adria-Goula-120x120.jpg\" class=\"attachment-thumbnail size-thumbnail\" alt=\"Oficinas centro de Arte Hortensia Herrero ERRE arquitectura 3 \u00a9-Adri\u00e1-Goula\" aria-describedby=\"gallery-1-91588\" \/><\/a>\n\t\t\t<\/div>\n\t\t\t\t<figcaption class='wp-caption-text gallery-caption' id='gallery-1-91588'>\n\t\t\t\tOficinas centro de Arte Hortensia Herrero | ERRE arquitectura \u00a9 Adri\u00e1 Goula\n\t\t\t\t<\/figcaption><\/figure><figure class='gallery-item'>\n\t\t\t<div class='gallery-icon portrait'>\n\t\t\t\t<a href='https:\/\/veredes.es\/blog\/wp-content\/uploads\/2022\/11\/Oficinas-centro-de-Arte-Hortensia-Herrero-ERRE-arquitectura-4-\u00a9-Adria-Goula.jpg'><img loading=\"lazy\" decoding=\"async\" width=\"120\" height=\"120\" src=\"https:\/\/veredes.es\/blog\/wp-content\/uploads\/2022\/11\/Oficinas-centro-de-Arte-Hortensia-Herrero-ERRE-arquitectura-4-\u00a9-Adria-Goula-120x120.jpg\" class=\"attachment-thumbnail size-thumbnail\" alt=\"Oficinas centro de Arte Hortensia Herrero ERRE arquitectura 3 \u00a9-Adri\u00e1-Goula\" aria-describedby=\"gallery-1-91589\" \/><\/a>\n\t\t\t<\/div>\n\t\t\t\t<figcaption class='wp-caption-text gallery-caption' id='gallery-1-91589'>\n\t\t\t\tOficinas centro de Arte Hortensia Herrero | ERRE arquitectura \u00a9 Adri\u00e1 Goula\n\t\t\t\t<\/figcaption><\/figure><figure class='gallery-item'>\n\t\t\t<div class='gallery-icon landscape'>\n\t\t\t\t<a href='https:\/\/veredes.es\/blog\/wp-content\/uploads\/2022\/11\/Oficinas-centro-de-Arte-Hortensia-Herrero-ERRE-arquitectura-5-\u00a9-Adria-Goula.jpg'><img loading=\"lazy\" decoding=\"async\" width=\"120\" height=\"120\" src=\"https:\/\/veredes.es\/blog\/wp-content\/uploads\/2022\/11\/Oficinas-centro-de-Arte-Hortensia-Herrero-ERRE-arquitectura-5-\u00a9-Adria-Goula-120x120.jpg\" class=\"attachment-thumbnail size-thumbnail\" alt=\"Oficinas centro de Arte Hortensia Herrero ERRE arquitectura 5 \u00a9-Adri\u00e1-Goula\" aria-describedby=\"gallery-1-91590\" \/><\/a>\n\t\t\t<\/div>\n\t\t\t\t<figcaption class='wp-caption-text gallery-caption' id='gallery-1-91590'>\n\t\t\t\tOficinas centro de Arte Hortensia Herrero | ERRE arquitectura \u00a9 Adri\u00e1 Goula\n\t\t\t\t<\/figcaption><\/figure><figure class='gallery-item'>\n\t\t\t<div class='gallery-icon portrait'>\n\t\t\t\t<a href='https:\/\/veredes.es\/blog\/wp-content\/uploads\/2022\/11\/Oficinas-centro-de-Arte-Hortensia-Herrero-ERRE-arquitectura-7-\u00a9-Adria-Goula.jpg'><img loading=\"lazy\" decoding=\"async\" width=\"120\" height=\"120\" src=\"https:\/\/veredes.es\/blog\/wp-content\/uploads\/2022\/11\/Oficinas-centro-de-Arte-Hortensia-Herrero-ERRE-arquitectura-7-\u00a9-Adria-Goula-120x120.jpg\" class=\"attachment-thumbnail size-thumbnail\" alt=\"Oficinas centro de Arte Hortensia Herrero ERRE arquitectura 7 \u00a9-Adri\u00e1-Goula\" aria-describedby=\"gallery-1-91591\" \/><\/a>\n\t\t\t<\/div>\n\t\t\t\t<figcaption class='wp-caption-text gallery-caption' id='gallery-1-91591'>\n\t\t\t\tOficinas centro de Arte Hortensia Herrero | ERRE arquitectura \u00a9 Adri\u00e1 Goula\n\t\t\t\t<\/figcaption><\/figure><figure class='gallery-item'>\n\t\t\t<div class='gallery-icon portrait'>\n\t\t\t\t<a href='https:\/\/veredes.es\/blog\/wp-content\/uploads\/2022\/11\/Oficinas-centro-de-Arte-Hortensia-Herrero-ERRE-arquitectura-8-\u00a9-Adria-Goula.jpg'><img loading=\"lazy\" decoding=\"async\" width=\"120\" height=\"120\" src=\"https:\/\/veredes.es\/blog\/wp-content\/uploads\/2022\/11\/Oficinas-centro-de-Arte-Hortensia-Herrero-ERRE-arquitectura-8-\u00a9-Adria-Goula-120x120.jpg\" class=\"attachment-thumbnail size-thumbnail\" alt=\"Oficinas centro de Arte Hortensia Herrero ERRE arquitectura 8 \u00a9-Adri\u00e1-Goula\" aria-describedby=\"gallery-1-91592\" \/><\/a>\n\t\t\t<\/div>\n\t\t\t\t<figcaption class='wp-caption-text gallery-caption' id='gallery-1-91592'>\n\t\t\t\tOficinas centro de Arte Hortensia Herrero | ERRE arquitectura \u00a9 Adri\u00e1 Goula\n\t\t\t\t<\/figcaption><\/figure><figure class='gallery-item'>\n\t\t\t<div class='gallery-icon landscape'>\n\t\t\t\t<a href='https:\/\/veredes.es\/blog\/wp-content\/uploads\/2022\/11\/Oficinas-centro-de-Arte-Hortensia-Herrero-ERRE-arquitectura-9-\u00a9-Adria-Goula.jpg'><img loading=\"lazy\" decoding=\"async\" width=\"120\" height=\"120\" src=\"https:\/\/veredes.es\/blog\/wp-content\/uploads\/2022\/11\/Oficinas-centro-de-Arte-Hortensia-Herrero-ERRE-arquitectura-9-\u00a9-Adria-Goula-120x120.jpg\" class=\"attachment-thumbnail size-thumbnail\" alt=\"Oficinas centro de Arte Hortensia Herrero ERRE arquitectura 9 \u00a9-Adri\u00e1-Goula\" aria-describedby=\"gallery-1-91593\" \/><\/a>\n\t\t\t<\/div>\n\t\t\t\t<figcaption class='wp-caption-text gallery-caption' id='gallery-1-91593'>\n\t\t\t\tOficinas centro de Arte Hortensia Herrero | ERRE arquitectura \u00a9 Adri\u00e1 Goula\n\t\t\t\t<\/figcaption><\/figure><figure class='gallery-item'>\n\t\t\t<div class='gallery-icon portrait'>\n\t\t\t\t<a href='https:\/\/veredes.es\/blog\/wp-content\/uploads\/2022\/11\/Oficinas-centro-de-Arte-Hortensia-Herrero-ERRE-arquitectura-10-\u00a9-Adria-Goula.jpg'><img loading=\"lazy\" decoding=\"async\" width=\"120\" height=\"120\" src=\"https:\/\/veredes.es\/blog\/wp-content\/uploads\/2022\/11\/Oficinas-centro-de-Arte-Hortensia-Herrero-ERRE-arquitectura-10-\u00a9-Adria-Goula-120x120.jpg\" class=\"attachment-thumbnail size-thumbnail\" alt=\"Oficinas centro de Arte Hortensia Herrero ERRE arquitectura 10 \u00a9-Adri\u00e1-Goula\" aria-describedby=\"gallery-1-91594\" \/><\/a>\n\t\t\t<\/div>\n\t\t\t\t<figcaption class='wp-caption-text gallery-caption' id='gallery-1-91594'>\n\t\t\t\tOficinas centro de Arte Hortensia Herrero | ERRE arquitectura \u00a9 Adri\u00e1 Goula\n\t\t\t\t<\/figcaption><\/figure><figure class='gallery-item'>\n\t\t\t<div class='gallery-icon portrait'>\n\t\t\t\t<a href='https:\/\/veredes.es\/blog\/wp-content\/uploads\/2022\/11\/Oficinas-centro-de-Arte-Hortensia-Herrero-ERRE-arquitectura-11-\u00a9-Adria-Goula.jpg'><img loading=\"lazy\" decoding=\"async\" width=\"120\" height=\"120\" src=\"https:\/\/veredes.es\/blog\/wp-content\/uploads\/2022\/11\/Oficinas-centro-de-Arte-Hortensia-Herrero-ERRE-arquitectura-11-\u00a9-Adria-Goula-120x120.jpg\" class=\"attachment-thumbnail size-thumbnail\" alt=\"Oficinas centro de Arte Hortensia Herrero ERRE arquitectura 11 \u00a9-Adri\u00e1-Goula\" aria-describedby=\"gallery-1-91595\" \/><\/a>\n\t\t\t<\/div>\n\t\t\t\t<figcaption class='wp-caption-text gallery-caption' id='gallery-1-91595'>\n\t\t\t\tOficinas centro de Arte Hortensia Herrero | ERRE arquitectura \u00a9 Adri\u00e1 Goula\n\t\t\t\t<\/figcaption><\/figure>\n\t\t<\/div>\n\n<p style=\"text-align: justify;\">Obra: Oficinas Centro de Arte Hortensia Herrero<br \/>\nArquitectos: ERRE arquitectura<br \/>\nEmplazamiento: Calle del Mar, 29, 46003 Valencia, Espa\u00f1a<br \/>\nA\u00f1o de construcci\u00f3n: 2021 &#8211; 2022<br \/>\nSuperficie construida (m2): 511 m2<br \/>\nConstructora: Uransa S.L.<br \/>\nProveedores: TAU cer\u00e1mica (revestimientos), Premo (m\u00e1mparas), Interface (moqueta)<br \/>\nInstalaciones: Adypau Ingenier\u00eda.<br \/>\nCarpinter\u00edas: Jes\u00fas S\u00e1nchez Carpinteros S.L.<br \/>\nMobiliario: Viccarbe, Vitra, Herman Miller, Poltrona Frau<br \/>\nIluminaci\u00f3n: Phillips.<br \/>\nFot\u00f3grafo: Adri\u00e1 Goula<br \/>\n<a href=\"https:\/\/errearquitectura.com\/es\/\" target=\"_blank\" rel=\"noopener\"><span style=\"color: #999999;\">+ errearquitectura.com<\/span><\/a><\/p>\n","protected":false},"excerpt":{"rendered":"<p>El proyecto rehabilita dos locales hist\u00f3ricos del centro de Valencia para albergar las oficinas del futuro Centro de Arte Hortensia Herrero, un nuevo museo que se encuentra actualmente en construcci\u00f3n y que pretende convertirse en un punto de referencia del arte contempor\u00e1neo en la ciudad. Estas nuevas oficinas, ubicadas un edificio anexo al futuro museo, [&hellip;]<\/p>\n","protected":false},"author":2,"featured_media":91584,"comment_status":"open","ping_status":"closed","sticky":false,"template":"","format":"standard","meta":{"footnotes":""},"categories":[34,47,23,1159,5951],"tags":[2631,11183,12456,15066,955,12463,1004,12464],"class_list":{"0":"post-91583","1":"post","2":"type-post","3":"status-publish","4":"format-standard","5":"has-post-thumbnail","7":"category-arquitectura","8":"category-equipamiento-cultural-arquitectura-obras","9":"category-obras","10":"category-rehabilitacion","12":"tag-arquitectura-espanola","13":"tag-arquitectura-valenciana","14":"tag-equipamiento-cultural","15":"tag-erre-arquitectura","16":"tag-oficina","17":"tag-patrimonio","18":"tag-patrimonio-historico","19":"tag-rehabilitacion"},"yoast_head":"<!-- This site is optimized with the Yoast SEO plugin v27.4 - https:\/\/yoast.com\/product\/yoast-seo-wordpress\/ -->\n<title>Oficinas centro de Arte Hortensia Herrero | ERRE arquitectura - veredes<\/title>\n<meta name=\"description\" content=\"Toda la informaci\u00f3n sobre: Oficinas centro de Arte Hortensia Herrero | ERRE arquitectura Oficinas centro de Arte Hortensia Herrero\" \/>\n<meta name=\"robots\" content=\"index, follow, max-snippet:-1, max-image-preview:large, max-video-preview:-1\" \/>\n<link rel=\"canonical\" href=\"https:\/\/veredes.es\/blog\/oficinas-centro-de-arte-hortensia-herrero-erre-arquitectura\/\" \/>\n<meta property=\"og:locale\" content=\"es_ES\" \/>\n<meta property=\"og:type\" content=\"article\" \/>\n<meta property=\"og:title\" content=\"Oficinas centro de Arte Hortensia Herrero | ERRE arquitectura - veredes\" \/>\n<meta property=\"og:description\" content=\"Toda la informaci\u00f3n sobre: Oficinas centro de Arte Hortensia Herrero | ERRE arquitectura Oficinas centro de Arte Hortensia Herrero\" \/>\n<meta property=\"og:url\" content=\"https:\/\/veredes.es\/blog\/oficinas-centro-de-arte-hortensia-herrero-erre-arquitectura\/\" \/>\n<meta property=\"og:site_name\" content=\"veredes, arquitectura y divulgaci\u00f3n\" \/>\n<meta property=\"article:publisher\" content=\"https:\/\/www.facebook.com\/veredesArquitecturayDivulgacion\/\" \/>\n<meta property=\"article:author\" content=\"https:\/\/www.facebook.com\/veredesArquitecturayDivulgacion\/\" \/>\n<meta property=\"article:published_time\" content=\"2022-12-27T23:01:43+00:00\" \/>\n<meta property=\"article:modified_time\" content=\"2023-02-28T15:28:24+00:00\" \/>\n<meta property=\"og:image\" content=\"https:\/\/veredes.es\/blog\/wp-content\/uploads\/2022\/11\/Oficinas-centro-de-Arte-Hortensia-Herrero-ERRE-arquitectura-1-\u00a9-Adria-Goula.jpg\" \/>\n\t<meta property=\"og:image:width\" content=\"1200\" \/>\n\t<meta property=\"og:image:height\" content=\"1123\" \/>\n\t<meta property=\"og:image:type\" content=\"image\/jpeg\" \/>\n<meta name=\"author\" content=\"veredes\" \/>\n<meta name=\"twitter:card\" content=\"summary_large_image\" \/>\n<meta name=\"twitter:creator\" content=\"@https:\/\/twitter.com\/veredes\" \/>\n<meta name=\"twitter:site\" content=\"@veredes\" \/>\n<meta name=\"twitter:label1\" content=\"Escrito por\" \/>\n\t<meta name=\"twitter:data1\" content=\"veredes\" \/>\n\t<meta name=\"twitter:label2\" content=\"Tiempo de lectura\" \/>\n\t<meta name=\"twitter:data2\" content=\"4 minutos\" \/>\n<script type=\"application\/ld+json\" class=\"yoast-schema-graph\">{\"@context\":\"https:\\\/\\\/schema.org\",\"@graph\":[{\"@type\":\"Article\",\"@id\":\"https:\\\/\\\/veredes.es\\\/blog\\\/oficinas-centro-de-arte-hortensia-herrero-erre-arquitectura\\\/#article\",\"isPartOf\":{\"@id\":\"https:\\\/\\\/veredes.es\\\/blog\\\/oficinas-centro-de-arte-hortensia-herrero-erre-arquitectura\\\/\"},\"author\":{\"name\":\"veredes\",\"@id\":\"https:\\\/\\\/veredes.es\\\/blog\\\/#\\\/schema\\\/person\\\/0bbb669073ef7faba5168a0844e93d2c\"},\"headline\":\"Oficinas centro de Arte Hortensia Herrero | ERRE arquitectura\",\"datePublished\":\"2022-12-27T23:01:43+00:00\",\"dateModified\":\"2023-02-28T15:28:24+00:00\",\"mainEntityOfPage\":{\"@id\":\"https:\\\/\\\/veredes.es\\\/blog\\\/oficinas-centro-de-arte-hortensia-herrero-erre-arquitectura\\\/\"},\"wordCount\":575,\"commentCount\":0,\"publisher\":{\"@id\":\"https:\\\/\\\/veredes.es\\\/blog\\\/#organization\"},\"image\":{\"@id\":\"https:\\\/\\\/veredes.es\\\/blog\\\/oficinas-centro-de-arte-hortensia-herrero-erre-arquitectura\\\/#primaryimage\"},\"thumbnailUrl\":\"https:\\\/\\\/veredes.es\\\/blog\\\/wp-content\\\/uploads\\\/2022\\\/11\\\/Oficinas-centro-de-Arte-Hortensia-Herrero-ERRE-arquitectura-1-\u00a9-Adria-Goula.jpg\",\"keywords\":[\"arquitectura espa\u00f1ola\",\"arquitectura valenciana\",\"equipamiento cultural\",\"ERRE arquitectura\",\"oficina\",\"patrimonio\",\"patrimonio hist\u00f3rico\",\"rehabilitaci\u00f3n\"],\"articleSection\":[\"arquitectura\",\"equipamiento cultural\",\"obras\",\"rehabilitaci\u00f3n\",\"slider principal\"],\"inLanguage\":\"es\",\"potentialAction\":[{\"@type\":\"CommentAction\",\"name\":\"Comment\",\"target\":[\"https:\\\/\\\/veredes.es\\\/blog\\\/oficinas-centro-de-arte-hortensia-herrero-erre-arquitectura\\\/#respond\"]}]},{\"@type\":\"WebPage\",\"@id\":\"https:\\\/\\\/veredes.es\\\/blog\\\/oficinas-centro-de-arte-hortensia-herrero-erre-arquitectura\\\/\",\"url\":\"https:\\\/\\\/veredes.es\\\/blog\\\/oficinas-centro-de-arte-hortensia-herrero-erre-arquitectura\\\/\",\"name\":\"Oficinas centro de Arte Hortensia Herrero | ERRE arquitectura - veredes\",\"isPartOf\":{\"@id\":\"https:\\\/\\\/veredes.es\\\/blog\\\/#website\"},\"primaryImageOfPage\":{\"@id\":\"https:\\\/\\\/veredes.es\\\/blog\\\/oficinas-centro-de-arte-hortensia-herrero-erre-arquitectura\\\/#primaryimage\"},\"image\":{\"@id\":\"https:\\\/\\\/veredes.es\\\/blog\\\/oficinas-centro-de-arte-hortensia-herrero-erre-arquitectura\\\/#primaryimage\"},\"thumbnailUrl\":\"https:\\\/\\\/veredes.es\\\/blog\\\/wp-content\\\/uploads\\\/2022\\\/11\\\/Oficinas-centro-de-Arte-Hortensia-Herrero-ERRE-arquitectura-1-\u00a9-Adria-Goula.jpg\",\"datePublished\":\"2022-12-27T23:01:43+00:00\",\"dateModified\":\"2023-02-28T15:28:24+00:00\",\"description\":\"Toda la informaci\u00f3n sobre: Oficinas centro de Arte Hortensia Herrero | ERRE arquitectura Oficinas centro de Arte Hortensia Herrero\",\"breadcrumb\":{\"@id\":\"https:\\\/\\\/veredes.es\\\/blog\\\/oficinas-centro-de-arte-hortensia-herrero-erre-arquitectura\\\/#breadcrumb\"},\"inLanguage\":\"es\",\"potentialAction\":[{\"@type\":\"ReadAction\",\"target\":[\"https:\\\/\\\/veredes.es\\\/blog\\\/oficinas-centro-de-arte-hortensia-herrero-erre-arquitectura\\\/\"]}]},{\"@type\":\"ImageObject\",\"inLanguage\":\"es\",\"@id\":\"https:\\\/\\\/veredes.es\\\/blog\\\/oficinas-centro-de-arte-hortensia-herrero-erre-arquitectura\\\/#primaryimage\",\"url\":\"https:\\\/\\\/veredes.es\\\/blog\\\/wp-content\\\/uploads\\\/2022\\\/11\\\/Oficinas-centro-de-Arte-Hortensia-Herrero-ERRE-arquitectura-1-\u00a9-Adria-Goula.jpg\",\"contentUrl\":\"https:\\\/\\\/veredes.es\\\/blog\\\/wp-content\\\/uploads\\\/2022\\\/11\\\/Oficinas-centro-de-Arte-Hortensia-Herrero-ERRE-arquitectura-1-\u00a9-Adria-Goula.jpg\",\"width\":1200,\"height\":1123,\"caption\":\"Oficinas centro de Arte Hortensia Herrero | ERRE arquitectura \u00a9 Adri\u00e1 Goula\"},{\"@type\":\"BreadcrumbList\",\"@id\":\"https:\\\/\\\/veredes.es\\\/blog\\\/oficinas-centro-de-arte-hortensia-herrero-erre-arquitectura\\\/#breadcrumb\",\"itemListElement\":[{\"@type\":\"ListItem\",\"position\":1,\"name\":\"Portada\",\"item\":\"https:\\\/\\\/veredes.es\\\/blog\\\/\"},{\"@type\":\"ListItem\",\"position\":2,\"name\":\"Oficinas centro de Arte Hortensia Herrero | ERRE arquitectura\"}]},{\"@type\":\"WebSite\",\"@id\":\"https:\\\/\\\/veredes.es\\\/blog\\\/#website\",\"url\":\"https:\\\/\\\/veredes.es\\\/blog\\\/\",\"name\":\"veredes, arquitectura y divulgaci\u00f3n\",\"description\":\"veredes\",\"publisher\":{\"@id\":\"https:\\\/\\\/veredes.es\\\/blog\\\/#organization\"},\"alternateName\":\"veredes\",\"potentialAction\":[{\"@type\":\"SearchAction\",\"target\":{\"@type\":\"EntryPoint\",\"urlTemplate\":\"https:\\\/\\\/veredes.es\\\/blog\\\/?s={search_term_string}\"},\"query-input\":{\"@type\":\"PropertyValueSpecification\",\"valueRequired\":true,\"valueName\":\"search_term_string\"}}],\"inLanguage\":\"es\"},{\"@type\":\"Organization\",\"@id\":\"https:\\\/\\\/veredes.es\\\/blog\\\/#organization\",\"name\":\"veredes, arquitectura y divulgaci\u00f3n\",\"alternateName\":\"veredes\",\"url\":\"https:\\\/\\\/veredes.es\\\/blog\\\/\",\"logo\":{\"@type\":\"ImageObject\",\"inLanguage\":\"es\",\"@id\":\"https:\\\/\\\/veredes.es\\\/blog\\\/#\\\/schema\\\/logo\\\/image\\\/\",\"url\":\"https:\\\/\\\/veredes.es\\\/blog\\\/wp-content\\\/uploads\\\/2021\\\/12\\\/veredes-logo-centrado_140x54.png\",\"contentUrl\":\"https:\\\/\\\/veredes.es\\\/blog\\\/wp-content\\\/uploads\\\/2021\\\/12\\\/veredes-logo-centrado_140x54.png\",\"width\":140,\"height\":54,\"caption\":\"veredes, arquitectura y divulgaci\u00f3n\"},\"image\":{\"@id\":\"https:\\\/\\\/veredes.es\\\/blog\\\/#\\\/schema\\\/logo\\\/image\\\/\"},\"sameAs\":[\"https:\\\/\\\/www.facebook.com\\\/veredesArquitecturayDivulgacion\\\/\",\"https:\\\/\\\/x.com\\\/veredes\",\"https:\\\/\\\/instagram.com\\\/veredes\\\/\",\"https:\\\/\\\/www.linkedin.com\\\/company\\\/veredes-arquitectura-y-divulgacion\\\/\",\"https:\\\/\\\/es.pinterest.com\\\/veredes\\\/\",\"https:\\\/\\\/www.tumblr.com\\\/veredes\"]},{\"@type\":\"Person\",\"@id\":\"https:\\\/\\\/veredes.es\\\/blog\\\/#\\\/schema\\\/person\\\/0bbb669073ef7faba5168a0844e93d2c\",\"name\":\"veredes\",\"image\":{\"@type\":\"ImageObject\",\"inLanguage\":\"es\",\"@id\":\"https:\\\/\\\/veredes.es\\\/blog\\\/wp-content\\\/uploads\\\/2018\\\/04\\\/face-96x96.jpg\",\"url\":\"https:\\\/\\\/veredes.es\\\/blog\\\/wp-content\\\/uploads\\\/2018\\\/04\\\/face-96x96.jpg\",\"contentUrl\":\"https:\\\/\\\/veredes.es\\\/blog\\\/wp-content\\\/uploads\\\/2018\\\/04\\\/face-96x96.jpg\",\"caption\":\"veredes\"},\"description\":\"Surge enero de 2009 como b\u00fasqueda de satisfacer el conocimiento de la actividad arquitect\u00f3nica y tangentes que se generan. La idea es crear un espacio para divulgar los diversos proyectos en busca de nueva inspiraci\u00f3n y de intercambio.\",\"sameAs\":[\"https:\\\/\\\/veredes.es\\\/\",\"https:\\\/\\\/www.facebook.com\\\/veredesArquitecturayDivulgacion\\\/\",\"https:\\\/\\\/www.instagram.com\\\/veredes\\\/\",\"https:\\\/\\\/www.linkedin.com\\\/company\\\/veredes-arquitectura-y-divulgacion\\\/\",\"https:\\\/\\\/www.pinterest.es\\\/veredes\\\/\",\"https:\\\/\\\/x.com\\\/https:\\\/\\\/twitter.com\\\/veredes\",\"https:\\\/\\\/veredes.tumblr.com\\\/\"],\"url\":\"https:\\\/\\\/veredes.es\\\/blog\\\/author\\\/alberto\\\/\"}]}<\/script>\n<!-- \/ Yoast SEO plugin. -->","yoast_head_json":{"title":"Oficinas centro de Arte Hortensia Herrero | ERRE arquitectura - veredes","description":"Toda la informaci\u00f3n sobre: Oficinas centro de Arte Hortensia Herrero | ERRE arquitectura Oficinas centro de Arte Hortensia Herrero","robots":{"index":"index","follow":"follow","max-snippet":"max-snippet:-1","max-image-preview":"max-image-preview:large","max-video-preview":"max-video-preview:-1"},"canonical":"https:\/\/veredes.es\/blog\/oficinas-centro-de-arte-hortensia-herrero-erre-arquitectura\/","og_locale":"es_ES","og_type":"article","og_title":"Oficinas centro de Arte Hortensia Herrero | ERRE arquitectura - veredes","og_description":"Toda la informaci\u00f3n sobre: Oficinas centro de Arte Hortensia Herrero | ERRE arquitectura Oficinas centro de Arte Hortensia Herrero","og_url":"https:\/\/veredes.es\/blog\/oficinas-centro-de-arte-hortensia-herrero-erre-arquitectura\/","og_site_name":"veredes, arquitectura y divulgaci\u00f3n","article_publisher":"https:\/\/www.facebook.com\/veredesArquitecturayDivulgacion\/","article_author":"https:\/\/www.facebook.com\/veredesArquitecturayDivulgacion\/","article_published_time":"2022-12-27T23:01:43+00:00","article_modified_time":"2023-02-28T15:28:24+00:00","og_image":[{"width":1200,"height":1123,"url":"https:\/\/veredes.es\/blog\/wp-content\/uploads\/2022\/11\/Oficinas-centro-de-Arte-Hortensia-Herrero-ERRE-arquitectura-1-\u00a9-Adria-Goula.jpg","type":"image\/jpeg"}],"author":"veredes","twitter_card":"summary_large_image","twitter_creator":"@https:\/\/twitter.com\/veredes","twitter_site":"@veredes","twitter_misc":{"Escrito por":"veredes","Tiempo de lectura":"4 minutos"},"schema":{"@context":"https:\/\/schema.org","@graph":[{"@type":"Article","@id":"https:\/\/veredes.es\/blog\/oficinas-centro-de-arte-hortensia-herrero-erre-arquitectura\/#article","isPartOf":{"@id":"https:\/\/veredes.es\/blog\/oficinas-centro-de-arte-hortensia-herrero-erre-arquitectura\/"},"author":{"name":"veredes","@id":"https:\/\/veredes.es\/blog\/#\/schema\/person\/0bbb669073ef7faba5168a0844e93d2c"},"headline":"Oficinas centro de Arte Hortensia Herrero | ERRE arquitectura","datePublished":"2022-12-27T23:01:43+00:00","dateModified":"2023-02-28T15:28:24+00:00","mainEntityOfPage":{"@id":"https:\/\/veredes.es\/blog\/oficinas-centro-de-arte-hortensia-herrero-erre-arquitectura\/"},"wordCount":575,"commentCount":0,"publisher":{"@id":"https:\/\/veredes.es\/blog\/#organization"},"image":{"@id":"https:\/\/veredes.es\/blog\/oficinas-centro-de-arte-hortensia-herrero-erre-arquitectura\/#primaryimage"},"thumbnailUrl":"https:\/\/veredes.es\/blog\/wp-content\/uploads\/2022\/11\/Oficinas-centro-de-Arte-Hortensia-Herrero-ERRE-arquitectura-1-\u00a9-Adria-Goula.jpg","keywords":["arquitectura espa\u00f1ola","arquitectura valenciana","equipamiento cultural","ERRE arquitectura","oficina","patrimonio","patrimonio hist\u00f3rico","rehabilitaci\u00f3n"],"articleSection":["arquitectura","equipamiento cultural","obras","rehabilitaci\u00f3n","slider principal"],"inLanguage":"es","potentialAction":[{"@type":"CommentAction","name":"Comment","target":["https:\/\/veredes.es\/blog\/oficinas-centro-de-arte-hortensia-herrero-erre-arquitectura\/#respond"]}]},{"@type":"WebPage","@id":"https:\/\/veredes.es\/blog\/oficinas-centro-de-arte-hortensia-herrero-erre-arquitectura\/","url":"https:\/\/veredes.es\/blog\/oficinas-centro-de-arte-hortensia-herrero-erre-arquitectura\/","name":"Oficinas centro de Arte Hortensia Herrero | ERRE arquitectura - veredes","isPartOf":{"@id":"https:\/\/veredes.es\/blog\/#website"},"primaryImageOfPage":{"@id":"https:\/\/veredes.es\/blog\/oficinas-centro-de-arte-hortensia-herrero-erre-arquitectura\/#primaryimage"},"image":{"@id":"https:\/\/veredes.es\/blog\/oficinas-centro-de-arte-hortensia-herrero-erre-arquitectura\/#primaryimage"},"thumbnailUrl":"https:\/\/veredes.es\/blog\/wp-content\/uploads\/2022\/11\/Oficinas-centro-de-Arte-Hortensia-Herrero-ERRE-arquitectura-1-\u00a9-Adria-Goula.jpg","datePublished":"2022-12-27T23:01:43+00:00","dateModified":"2023-02-28T15:28:24+00:00","description":"Toda la informaci\u00f3n sobre: Oficinas centro de Arte Hortensia Herrero | ERRE arquitectura Oficinas centro de Arte Hortensia Herrero","breadcrumb":{"@id":"https:\/\/veredes.es\/blog\/oficinas-centro-de-arte-hortensia-herrero-erre-arquitectura\/#breadcrumb"},"inLanguage":"es","potentialAction":[{"@type":"ReadAction","target":["https:\/\/veredes.es\/blog\/oficinas-centro-de-arte-hortensia-herrero-erre-arquitectura\/"]}]},{"@type":"ImageObject","inLanguage":"es","@id":"https:\/\/veredes.es\/blog\/oficinas-centro-de-arte-hortensia-herrero-erre-arquitectura\/#primaryimage","url":"https:\/\/veredes.es\/blog\/wp-content\/uploads\/2022\/11\/Oficinas-centro-de-Arte-Hortensia-Herrero-ERRE-arquitectura-1-\u00a9-Adria-Goula.jpg","contentUrl":"https:\/\/veredes.es\/blog\/wp-content\/uploads\/2022\/11\/Oficinas-centro-de-Arte-Hortensia-Herrero-ERRE-arquitectura-1-\u00a9-Adria-Goula.jpg","width":1200,"height":1123,"caption":"Oficinas centro de Arte Hortensia Herrero | ERRE arquitectura \u00a9 Adri\u00e1 Goula"},{"@type":"BreadcrumbList","@id":"https:\/\/veredes.es\/blog\/oficinas-centro-de-arte-hortensia-herrero-erre-arquitectura\/#breadcrumb","itemListElement":[{"@type":"ListItem","position":1,"name":"Portada","item":"https:\/\/veredes.es\/blog\/"},{"@type":"ListItem","position":2,"name":"Oficinas centro de Arte Hortensia Herrero | ERRE arquitectura"}]},{"@type":"WebSite","@id":"https:\/\/veredes.es\/blog\/#website","url":"https:\/\/veredes.es\/blog\/","name":"veredes, arquitectura y divulgaci\u00f3n","description":"veredes","publisher":{"@id":"https:\/\/veredes.es\/blog\/#organization"},"alternateName":"veredes","potentialAction":[{"@type":"SearchAction","target":{"@type":"EntryPoint","urlTemplate":"https:\/\/veredes.es\/blog\/?s={search_term_string}"},"query-input":{"@type":"PropertyValueSpecification","valueRequired":true,"valueName":"search_term_string"}}],"inLanguage":"es"},{"@type":"Organization","@id":"https:\/\/veredes.es\/blog\/#organization","name":"veredes, arquitectura y divulgaci\u00f3n","alternateName":"veredes","url":"https:\/\/veredes.es\/blog\/","logo":{"@type":"ImageObject","inLanguage":"es","@id":"https:\/\/veredes.es\/blog\/#\/schema\/logo\/image\/","url":"https:\/\/veredes.es\/blog\/wp-content\/uploads\/2021\/12\/veredes-logo-centrado_140x54.png","contentUrl":"https:\/\/veredes.es\/blog\/wp-content\/uploads\/2021\/12\/veredes-logo-centrado_140x54.png","width":140,"height":54,"caption":"veredes, arquitectura y divulgaci\u00f3n"},"image":{"@id":"https:\/\/veredes.es\/blog\/#\/schema\/logo\/image\/"},"sameAs":["https:\/\/www.facebook.com\/veredesArquitecturayDivulgacion\/","https:\/\/x.com\/veredes","https:\/\/instagram.com\/veredes\/","https:\/\/www.linkedin.com\/company\/veredes-arquitectura-y-divulgacion\/","https:\/\/es.pinterest.com\/veredes\/","https:\/\/www.tumblr.com\/veredes"]},{"@type":"Person","@id":"https:\/\/veredes.es\/blog\/#\/schema\/person\/0bbb669073ef7faba5168a0844e93d2c","name":"veredes","image":{"@type":"ImageObject","inLanguage":"es","@id":"https:\/\/veredes.es\/blog\/wp-content\/uploads\/2018\/04\/face-96x96.jpg","url":"https:\/\/veredes.es\/blog\/wp-content\/uploads\/2018\/04\/face-96x96.jpg","contentUrl":"https:\/\/veredes.es\/blog\/wp-content\/uploads\/2018\/04\/face-96x96.jpg","caption":"veredes"},"description":"Surge enero de 2009 como b\u00fasqueda de satisfacer el conocimiento de la actividad arquitect\u00f3nica y tangentes que se generan. La idea es crear un espacio para divulgar los diversos proyectos en busca de nueva inspiraci\u00f3n y de intercambio.","sameAs":["https:\/\/veredes.es\/","https:\/\/www.facebook.com\/veredesArquitecturayDivulgacion\/","https:\/\/www.instagram.com\/veredes\/","https:\/\/www.linkedin.com\/company\/veredes-arquitectura-y-divulgacion\/","https:\/\/www.pinterest.es\/veredes\/","https:\/\/x.com\/https:\/\/twitter.com\/veredes","https:\/\/veredes.tumblr.com\/"],"url":"https:\/\/veredes.es\/blog\/author\/alberto\/"}]}},"_links":{"self":[{"href":"https:\/\/veredes.es\/blog\/wp-json\/wp\/v2\/posts\/91583","targetHints":{"allow":["GET"]}}],"collection":[{"href":"https:\/\/veredes.es\/blog\/wp-json\/wp\/v2\/posts"}],"about":[{"href":"https:\/\/veredes.es\/blog\/wp-json\/wp\/v2\/types\/post"}],"author":[{"embeddable":true,"href":"https:\/\/veredes.es\/blog\/wp-json\/wp\/v2\/users\/2"}],"replies":[{"embeddable":true,"href":"https:\/\/veredes.es\/blog\/wp-json\/wp\/v2\/comments?post=91583"}],"version-history":[{"count":0,"href":"https:\/\/veredes.es\/blog\/wp-json\/wp\/v2\/posts\/91583\/revisions"}],"wp:featuredmedia":[{"embeddable":true,"href":"https:\/\/veredes.es\/blog\/wp-json\/wp\/v2\/media\/91584"}],"wp:attachment":[{"href":"https:\/\/veredes.es\/blog\/wp-json\/wp\/v2\/media?parent=91583"}],"wp:term":[{"taxonomy":"category","embeddable":true,"href":"https:\/\/veredes.es\/blog\/wp-json\/wp\/v2\/categories?post=91583"},{"taxonomy":"post_tag","embeddable":true,"href":"https:\/\/veredes.es\/blog\/wp-json\/wp\/v2\/tags?post=91583"}],"curies":[{"name":"wp","href":"https:\/\/api.w.org\/{rel}","templated":true}]}}