{"id":91479,"date":"2022-12-14T00:01:50","date_gmt":"2022-12-13T23:01:50","guid":{"rendered":"https:\/\/veredes.es\/blog\/?p=91479"},"modified":"2023-02-28T16:05:13","modified_gmt":"2023-02-28T15:05:13","slug":"el-pabellon-de-luz-esculpir-el-aire","status":"publish","type":"post","link":"https:\/\/veredes.es\/blog\/el-pabellon-de-luz-esculpir-el-aire\/","title":{"rendered":"El Pabell\u00f3n de Luz | Esculpir el Aire &#8211; Jos\u00e9 \u00c1ngel Ruiz-C\u00e1ceres"},"content":{"rendered":"<figure id=\"attachment_91481\" aria-describedby=\"caption-attachment-91481\" style=\"width: 1200px\" class=\"wp-caption alignnone\"><img loading=\"lazy\" decoding=\"async\" class=\"size-full wp-image-91481\" src=\"https:\/\/veredes.es\/blog\/wp-content\/uploads\/2022\/12\/El-Pabellon-de-Luz-Esculpir-el-aire-1-Alejandro-Gomez-Vives.jpg\" alt=\"El Pabell\u00f3n de Luz Esculpir el aire 1 Alejandro G\u00f3mez Vives\" width=\"1200\" height=\"800\" srcset=\"https:\/\/veredes.es\/blog\/wp-content\/uploads\/2022\/12\/El-Pabellon-de-Luz-Esculpir-el-aire-1-Alejandro-Gomez-Vives.jpg 1200w, https:\/\/veredes.es\/blog\/wp-content\/uploads\/2022\/12\/El-Pabellon-de-Luz-Esculpir-el-aire-1-Alejandro-Gomez-Vives-300x200.jpg 300w, https:\/\/veredes.es\/blog\/wp-content\/uploads\/2022\/12\/El-Pabellon-de-Luz-Esculpir-el-aire-1-Alejandro-Gomez-Vives-1024x683.jpg 1024w, https:\/\/veredes.es\/blog\/wp-content\/uploads\/2022\/12\/El-Pabellon-de-Luz-Esculpir-el-aire-1-Alejandro-Gomez-Vives-696x464.jpg 696w, https:\/\/veredes.es\/blog\/wp-content\/uploads\/2022\/12\/El-Pabellon-de-Luz-Esculpir-el-aire-1-Alejandro-Gomez-Vives-1068x712.jpg 1068w\" sizes=\"auto, (max-width: 1200px) 100vw, 1200px\" \/><figcaption id=\"caption-attachment-91481\" class=\"wp-caption-text\"><span style=\"color: #999999;\">El Pabell\u00f3n de Luz | Esculpir el aire \u00a9 Alejandro G\u00f3mez Vives<\/span><\/figcaption><\/figure>\n<h5 style=\"text-align: justify;\"><strong>Una respuesta de dise\u00f1o frente al covid<\/strong><\/h5>\n<p style=\"text-align: justify;\">El proyecto para \u2018El Pabell\u00f3n de Luz\u2019 nace de ofrecer nuevas respuestas \u2013transformando conceptos arquitect\u00f3nicos primitivos\u2013 a partir de las nuevas preguntas formuladas por la nueva situaci\u00f3n vital experimentada frente al Covid 19:<\/p>\n<p style=\"text-align: justify; padding-left: 40px;\">\u00bfqu\u00e9 es lo que somos y qu\u00e9 nos permitir\u00e1 seguir si\u00e9ndolo a trav\u00e9s de nuestras experiencias?<\/p>\n<div id='gallery-1' class='gallery galleryid-91479 gallery-columns-4 gallery-size-thumbnail'><figure class='gallery-item'>\n\t\t\t<div class='gallery-icon portrait'>\n\t\t\t\t<a href='https:\/\/veredes.es\/blog\/wp-content\/uploads\/2022\/12\/El-Pabellon-de-Luz-Esculpir-el-aire-Boceto-1.jpg'><img loading=\"lazy\" decoding=\"async\" width=\"120\" height=\"120\" src=\"https:\/\/veredes.es\/blog\/wp-content\/uploads\/2022\/12\/El-Pabellon-de-Luz-Esculpir-el-aire-Boceto-1-120x120.jpg\" class=\"attachment-thumbnail size-thumbnail\" alt=\"El Pabell\u00f3n de Luz Esculpir el aire Boceto 1\" aria-describedby=\"gallery-1-91482\" \/><\/a>\n\t\t\t<\/div>\n\t\t\t\t<figcaption class='wp-caption-text gallery-caption' id='gallery-1-91482'>\n\t\t\t\tEl Pabell\u00f3n de Luz | Esculpir el aire | Boceto \n\t\t\t\t<\/figcaption><\/figure><figure class='gallery-item'>\n\t\t\t<div class='gallery-icon portrait'>\n\t\t\t\t<a href='https:\/\/veredes.es\/blog\/wp-content\/uploads\/2022\/12\/El-Pabellon-de-Luz-Esculpir-el-aire-Boceto-2.jpg'><img loading=\"lazy\" decoding=\"async\" width=\"120\" height=\"120\" src=\"https:\/\/veredes.es\/blog\/wp-content\/uploads\/2022\/12\/El-Pabellon-de-Luz-Esculpir-el-aire-Boceto-2-120x120.jpg\" class=\"attachment-thumbnail size-thumbnail\" alt=\"El Pabell\u00f3n de Luz Esculpir el aire Boceto 2\" aria-describedby=\"gallery-1-91483\" \/><\/a>\n\t\t\t<\/div>\n\t\t\t\t<figcaption class='wp-caption-text gallery-caption' id='gallery-1-91483'>\n\t\t\t\tEl Pabell\u00f3n de Luz | Esculpir el aire | Boceto \n\t\t\t\t<\/figcaption><\/figure><figure class='gallery-item'>\n\t\t\t<div class='gallery-icon portrait'>\n\t\t\t\t<a href='https:\/\/veredes.es\/blog\/wp-content\/uploads\/2022\/12\/El-Pabellon-de-Luz-Esculpir-el-aire-Boceto-3.jpg'><img loading=\"lazy\" decoding=\"async\" width=\"120\" height=\"120\" src=\"https:\/\/veredes.es\/blog\/wp-content\/uploads\/2022\/12\/El-Pabellon-de-Luz-Esculpir-el-aire-Boceto-3-120x120.jpg\" class=\"attachment-thumbnail size-thumbnail\" alt=\"El Pabell\u00f3n de Luz Esculpir el aire Boceto 3\" aria-describedby=\"gallery-1-91484\" \/><\/a>\n\t\t\t<\/div>\n\t\t\t\t<figcaption class='wp-caption-text gallery-caption' id='gallery-1-91484'>\n\t\t\t\tEl Pabell\u00f3n de Luz | Esculpir el aire | Boceto \n\t\t\t\t<\/figcaption><\/figure><figure class='gallery-item'>\n\t\t\t<div class='gallery-icon portrait'>\n\t\t\t\t<a href='https:\/\/veredes.es\/blog\/wp-content\/uploads\/2022\/12\/El-Pabellon-de-Luz-Esculpir-el-aire-Boceto-4.jpg'><img loading=\"lazy\" decoding=\"async\" width=\"120\" height=\"120\" src=\"https:\/\/veredes.es\/blog\/wp-content\/uploads\/2022\/12\/El-Pabellon-de-Luz-Esculpir-el-aire-Boceto-4-120x120.jpg\" class=\"attachment-thumbnail size-thumbnail\" alt=\"El Pabell\u00f3n de Luz Esculpir el aire Boceto 4\" aria-describedby=\"gallery-1-91485\" \/><\/a>\n\t\t\t<\/div>\n\t\t\t\t<figcaption class='wp-caption-text gallery-caption' id='gallery-1-91485'>\n\t\t\t\tEl Pabell\u00f3n de Luz | Esculpir el aire | Boceto \n\t\t\t\t<\/figcaption><\/figure>\n\t\t<\/div>\n\n<h5 style=\"text-align: justify;\"><strong>Una experiencia de nuevas sensaciones<\/strong><\/h5>\n<p style=\"text-align: justify;\">\u2018El Pabell\u00f3n de Luz\u2019 es una construcci\u00f3n conceptual que trabaja principalmente con el blanco ofreciendo una pieza pura que transforma la luz a su paso y permite el libre movimiento del aire a trav\u00e9s. Se trata de un peque\u00f1o edificio que se ofrece como Pabell\u00f3n-Restaurante Terraza para posibilitar nuevas experiencias espaciales en un entorno de encuentros culinarios, donde la luz sea percibida distinta de d\u00eda que de noche en el momento en el que la iluminaci\u00f3n artificial nos emocione \u2013a trav\u00e9s de la piel de la arquitectura\u2013 como si de un truco de magia se tratase.<\/p>\n<figure id=\"attachment_91486\" aria-describedby=\"caption-attachment-91486\" style=\"width: 1200px\" class=\"wp-caption alignnone\"><img loading=\"lazy\" decoding=\"async\" class=\"wp-image-91486 size-full\" title=\"El Pabell\u00f3n de Luz Esculpir el aire 7 AXO\" src=\"https:\/\/veredes.es\/blog\/wp-content\/uploads\/2022\/12\/El-Pabellon-de-Luz-Esculpir-el-aire-7-AXO.jpg\" alt=\"El Pabell\u00f3n de Luz Esculpir el aire 7 AXO\" width=\"1200\" height=\"1113\" srcset=\"https:\/\/veredes.es\/blog\/wp-content\/uploads\/2022\/12\/El-Pabellon-de-Luz-Esculpir-el-aire-7-AXO.jpg 1200w, https:\/\/veredes.es\/blog\/wp-content\/uploads\/2022\/12\/El-Pabellon-de-Luz-Esculpir-el-aire-7-AXO-300x278.jpg 300w, https:\/\/veredes.es\/blog\/wp-content\/uploads\/2022\/12\/El-Pabellon-de-Luz-Esculpir-el-aire-7-AXO-1024x950.jpg 1024w, https:\/\/veredes.es\/blog\/wp-content\/uploads\/2022\/12\/El-Pabellon-de-Luz-Esculpir-el-aire-7-AXO-696x646.jpg 696w, https:\/\/veredes.es\/blog\/wp-content\/uploads\/2022\/12\/El-Pabellon-de-Luz-Esculpir-el-aire-7-AXO-1068x991.jpg 1068w\" sizes=\"auto, (max-width: 1200px) 100vw, 1200px\" \/><figcaption id=\"caption-attachment-91486\" class=\"wp-caption-text\"><span style=\"color: #999999;\">El Pabell\u00f3n de Luz | Esculpir el aire | Axonometr\u00eda<\/span><\/figcaption><\/figure>\n<h5 style=\"text-align: justify;\"><strong>Potenciar lo visual, pero principalmente lo t\u00e1ctil<\/strong><\/h5>\n<p style=\"text-align: justify;\">El confinamiento nos ayud\u00f3 a recordar que, tanto los espacios abiertos y la ventilaci\u00f3n, as\u00ed como la importancia del sentido del tacto, son imprescindibles para nuestras experiencias vitales. Por medio de este proyecto, se vuelven a potenciar los aspectos visuales de la arquitectura (diagonales abiertas, interdependencia de espacios abiertos-cerrados \/ interiores-exteriores) y tambi\u00e9n sus aspectos t\u00e1ctiles, aportando \u2018geometr\u00edas de percepci\u00f3n de interioridad\u2019 donde las texturas de la piel de la arquitectura dialogan con la piel de los usuarios a trav\u00e9s de la manipulaci\u00f3n formal de la materia.<\/p>\n<figure id=\"attachment_91494\" aria-describedby=\"caption-attachment-91494\" style=\"width: 1200px\" class=\"wp-caption alignnone\"><img loading=\"lazy\" decoding=\"async\" class=\"wp-image-91494 size-full\" title=\"El Pabell\u00f3n de Luz Esculpir el aire 4 Alejandro G\u00f3mez Vives\" src=\"https:\/\/veredes.es\/blog\/wp-content\/uploads\/2022\/12\/El-Pabellon-de-Luz-Esculpir-el-aire-4-Alejandro-Gomez-Vives.jpg\" alt=\"El Pabell\u00f3n de Luz Esculpir el aire 4 Alejandro G\u00f3mez Vives\" width=\"1200\" height=\"800\" srcset=\"https:\/\/veredes.es\/blog\/wp-content\/uploads\/2022\/12\/El-Pabellon-de-Luz-Esculpir-el-aire-4-Alejandro-Gomez-Vives.jpg 1200w, https:\/\/veredes.es\/blog\/wp-content\/uploads\/2022\/12\/El-Pabellon-de-Luz-Esculpir-el-aire-4-Alejandro-Gomez-Vives-300x200.jpg 300w, https:\/\/veredes.es\/blog\/wp-content\/uploads\/2022\/12\/El-Pabellon-de-Luz-Esculpir-el-aire-4-Alejandro-Gomez-Vives-1024x683.jpg 1024w, https:\/\/veredes.es\/blog\/wp-content\/uploads\/2022\/12\/El-Pabellon-de-Luz-Esculpir-el-aire-4-Alejandro-Gomez-Vives-696x464.jpg 696w, https:\/\/veredes.es\/blog\/wp-content\/uploads\/2022\/12\/El-Pabellon-de-Luz-Esculpir-el-aire-4-Alejandro-Gomez-Vives-1068x712.jpg 1068w\" sizes=\"auto, (max-width: 1200px) 100vw, 1200px\" \/><figcaption id=\"caption-attachment-91494\" class=\"wp-caption-text\"><span style=\"color: #999999;\">El Pabell\u00f3n de Luz | Esculpir el aire \u00a9 Alejandro G\u00f3mez Vives<\/span><\/figcaption><\/figure>\n<h5 style=\"text-align: justify;\"><strong>La fluidez del espacio<\/strong><\/h5>\n<p style=\"text-align: justify;\">El Pabell\u00f3n de Luz opera con la fluidez conjunta del espacio exterior y del espacio interior, proponiendo un nuevo espacio experiencial que se estructura por medio de una secuencia de episodios espaciales interrelacionados que vinculan la escala humana con la escala del entorno y, tambi\u00e9n, con los aspectos clim\u00e1ticos y ambientales del lugar \u2013\u00e1ngulo del sol (incidencia solar), ventilaci\u00f3n natural, transpiraci\u00f3n a trav\u00e9s de la piel, temperatura y humedad, etc.\u2013.<\/p>\n<div id='gallery-2' class='gallery galleryid-91479 gallery-columns-4 gallery-size-thumbnail'><figure class='gallery-item'>\n\t\t\t<div class='gallery-icon portrait'>\n\t\t\t\t<a href='https:\/\/veredes.es\/blog\/wp-content\/uploads\/2022\/12\/El-Pabellon-de-Luz-Esculpir-el-aire-00-Alejandro-Gomez-Vives.jpg'><img loading=\"lazy\" decoding=\"async\" width=\"120\" height=\"120\" src=\"https:\/\/veredes.es\/blog\/wp-content\/uploads\/2022\/12\/El-Pabellon-de-Luz-Esculpir-el-aire-00-Alejandro-Gomez-Vives-120x120.jpg\" class=\"attachment-thumbnail size-thumbnail\" alt=\"El Pabell\u00f3n de Luz Esculpir el aire 00 Alejandro G\u00f3mez Vives\" aria-describedby=\"gallery-2-91495\" \/><\/a>\n\t\t\t<\/div>\n\t\t\t\t<figcaption class='wp-caption-text gallery-caption' id='gallery-2-91495'>\n\t\t\t\tEl Pabell\u00f3n de Luz | Esculpir el aire \u00a9 Alejandro G\u00f3mez Vives\n\t\t\t\t<\/figcaption><\/figure><figure class='gallery-item'>\n\t\t\t<div class='gallery-icon landscape'>\n\t\t\t\t<a href='https:\/\/veredes.es\/blog\/wp-content\/uploads\/2022\/12\/El-Pabellon-de-Luz-Esculpir-el-aire-2-Alejandro-Gomez-Vives.jpg'><img loading=\"lazy\" decoding=\"async\" width=\"120\" height=\"120\" src=\"https:\/\/veredes.es\/blog\/wp-content\/uploads\/2022\/12\/El-Pabellon-de-Luz-Esculpir-el-aire-2-Alejandro-Gomez-Vives-120x120.jpg\" class=\"attachment-thumbnail size-thumbnail\" alt=\"El Pabell\u00f3n de Luz Esculpir el aire 2 Alejandro G\u00f3mez Vives\" aria-describedby=\"gallery-2-91496\" \/><\/a>\n\t\t\t<\/div>\n\t\t\t\t<figcaption class='wp-caption-text gallery-caption' id='gallery-2-91496'>\n\t\t\t\tEl Pabell\u00f3n de Luz | Esculpir el aire \u00a9 Alejandro G\u00f3mez Vives\n\t\t\t\t<\/figcaption><\/figure><figure class='gallery-item'>\n\t\t\t<div class='gallery-icon portrait'>\n\t\t\t\t<a href='https:\/\/veredes.es\/blog\/wp-content\/uploads\/2022\/12\/El-Pabellon-de-Luz-Esculpir-el-aire-3-Alejandro-Gomez-Vives.jpg'><img loading=\"lazy\" decoding=\"async\" width=\"120\" height=\"120\" src=\"https:\/\/veredes.es\/blog\/wp-content\/uploads\/2022\/12\/El-Pabellon-de-Luz-Esculpir-el-aire-3-Alejandro-Gomez-Vives-120x120.jpg\" class=\"attachment-thumbnail size-thumbnail\" alt=\"El Pabell\u00f3n de Luz Esculpir el aire 3 Alejandro G\u00f3mez Vives\" aria-describedby=\"gallery-2-91497\" \/><\/a>\n\t\t\t<\/div>\n\t\t\t\t<figcaption class='wp-caption-text gallery-caption' id='gallery-2-91497'>\n\t\t\t\tEl Pabell\u00f3n de Luz | Esculpir el aire \u00a9 Alejandro G\u00f3mez Vives\n\t\t\t\t<\/figcaption><\/figure><figure class='gallery-item'>\n\t\t\t<div class='gallery-icon landscape'>\n\t\t\t\t<a href='https:\/\/veredes.es\/blog\/wp-content\/uploads\/2022\/12\/El-Pabellon-de-Luz-Esculpir-el-aire-5-Alejandro-Gomez-Vives.jpg'><img loading=\"lazy\" decoding=\"async\" width=\"120\" height=\"120\" src=\"https:\/\/veredes.es\/blog\/wp-content\/uploads\/2022\/12\/El-Pabellon-de-Luz-Esculpir-el-aire-5-Alejandro-Gomez-Vives-120x120.jpg\" class=\"attachment-thumbnail size-thumbnail\" alt=\"El Pabell\u00f3n de Luz Esculpir el aire 5 Alejandro G\u00f3mez Vives\" aria-describedby=\"gallery-2-91498\" \/><\/a>\n\t\t\t<\/div>\n\t\t\t\t<figcaption class='wp-caption-text gallery-caption' id='gallery-2-91498'>\n\t\t\t\tEl Pabell\u00f3n de Luz | Esculpir el aire \u00a9 Alejandro G\u00f3mez Vives\n\t\t\t\t<\/figcaption><\/figure><figure class='gallery-item'>\n\t\t\t<div class='gallery-icon landscape'>\n\t\t\t\t<a href='https:\/\/veredes.es\/blog\/wp-content\/uploads\/2022\/12\/El-Pabellon-de-Luz-Esculpir-el-aire-6-Alejandro-Gomez-Vives.jpg'><img loading=\"lazy\" decoding=\"async\" width=\"120\" height=\"120\" src=\"https:\/\/veredes.es\/blog\/wp-content\/uploads\/2022\/12\/El-Pabellon-de-Luz-Esculpir-el-aire-6-Alejandro-Gomez-Vives-120x120.jpg\" class=\"attachment-thumbnail size-thumbnail\" alt=\"El Pabell\u00f3n de Luz Esculpir el aire 6 Alejandro G\u00f3mez Vives\" aria-describedby=\"gallery-2-91499\" \/><\/a>\n\t\t\t<\/div>\n\t\t\t\t<figcaption class='wp-caption-text gallery-caption' id='gallery-2-91499'>\n\t\t\t\tEl Pabell\u00f3n de Luz | Esculpir el aire \u00a9 Alejandro G\u00f3mez Vives\n\t\t\t\t<\/figcaption><\/figure><figure class='gallery-item'>\n\t\t\t<div class='gallery-icon landscape'>\n\t\t\t\t<a href='https:\/\/veredes.es\/blog\/wp-content\/uploads\/2022\/12\/El-Pabellon-de-Luz-Esculpir-el-aire-7-Alejandro-Gomez-Vives.jpg'><img loading=\"lazy\" decoding=\"async\" width=\"120\" height=\"120\" src=\"https:\/\/veredes.es\/blog\/wp-content\/uploads\/2022\/12\/El-Pabellon-de-Luz-Esculpir-el-aire-7-Alejandro-Gomez-Vives-120x120.jpg\" class=\"attachment-thumbnail size-thumbnail\" alt=\"El Pabell\u00f3n de Luz Esculpir el aire 7 Alejandro G\u00f3mez Vives\" aria-describedby=\"gallery-2-91500\" \/><\/a>\n\t\t\t<\/div>\n\t\t\t\t<figcaption class='wp-caption-text gallery-caption' id='gallery-2-91500'>\n\t\t\t\tEl Pabell\u00f3n de Luz | Esculpir el aire \u00a9 Alejandro G\u00f3mez Vives\n\t\t\t\t<\/figcaption><\/figure><figure class='gallery-item'>\n\t\t\t<div class='gallery-icon landscape'>\n\t\t\t\t<a href='https:\/\/veredes.es\/blog\/wp-content\/uploads\/2022\/12\/El-Pabellon-de-Luz-Esculpir-el-aire-8-Alejandro-Gomez-Vives.jpg'><img loading=\"lazy\" decoding=\"async\" width=\"120\" height=\"120\" src=\"https:\/\/veredes.es\/blog\/wp-content\/uploads\/2022\/12\/El-Pabellon-de-Luz-Esculpir-el-aire-8-Alejandro-Gomez-Vives-120x120.jpg\" class=\"attachment-thumbnail size-thumbnail\" alt=\"El Pabell\u00f3n de Luz Esculpir el aire 8 Alejandro G\u00f3mez Vives\" aria-describedby=\"gallery-2-91501\" \/><\/a>\n\t\t\t<\/div>\n\t\t\t\t<figcaption class='wp-caption-text gallery-caption' id='gallery-2-91501'>\n\t\t\t\tEl Pabell\u00f3n de Luz | Esculpir el aire \u00a9 Alejandro G\u00f3mez Vives\n\t\t\t\t<\/figcaption><\/figure><figure class='gallery-item'>\n\t\t\t<div class='gallery-icon landscape'>\n\t\t\t\t<a href='https:\/\/veredes.es\/blog\/wp-content\/uploads\/2022\/12\/El-Pabellon-de-Luz-Esculpir-el-aire-9-Alejandro-Gomez-Vives.jpg'><img loading=\"lazy\" decoding=\"async\" width=\"120\" height=\"120\" src=\"https:\/\/veredes.es\/blog\/wp-content\/uploads\/2022\/12\/El-Pabellon-de-Luz-Esculpir-el-aire-9-Alejandro-Gomez-Vives-120x120.jpg\" class=\"attachment-thumbnail size-thumbnail\" alt=\"El Pabell\u00f3n de Luz Esculpir el aire 9 Alejandro G\u00f3mez Vives\" aria-describedby=\"gallery-2-91502\" \/><\/a>\n\t\t\t<\/div>\n\t\t\t\t<figcaption class='wp-caption-text gallery-caption' id='gallery-2-91502'>\n\t\t\t\tEl Pabell\u00f3n de Luz | Esculpir el aire \u00a9 Alejandro G\u00f3mez Vives\n\t\t\t\t<\/figcaption><\/figure><figure class='gallery-item'>\n\t\t\t<div class='gallery-icon portrait'>\n\t\t\t\t<a href='https:\/\/veredes.es\/blog\/wp-content\/uploads\/2022\/12\/El-Pabellon-de-Luz-Esculpir-el-aire-10-Alejandro-Gomez-Vives.jpg'><img loading=\"lazy\" decoding=\"async\" width=\"120\" height=\"120\" src=\"https:\/\/veredes.es\/blog\/wp-content\/uploads\/2022\/12\/El-Pabellon-de-Luz-Esculpir-el-aire-10-Alejandro-Gomez-Vives-120x120.jpg\" class=\"attachment-thumbnail size-thumbnail\" alt=\"El Pabell\u00f3n de Luz Esculpir el aire 10 Alejandro G\u00f3mez Vives\" aria-describedby=\"gallery-2-91503\" \/><\/a>\n\t\t\t<\/div>\n\t\t\t\t<figcaption class='wp-caption-text gallery-caption' id='gallery-2-91503'>\n\t\t\t\tEl Pabell\u00f3n de Luz | Esculpir el aire \u00a9 Alejandro G\u00f3mez Vives\n\t\t\t\t<\/figcaption><\/figure><figure class='gallery-item'>\n\t\t\t<div class='gallery-icon portrait'>\n\t\t\t\t<a href='https:\/\/veredes.es\/blog\/wp-content\/uploads\/2022\/12\/El-Pabellon-de-Luz-Esculpir-el-aire-11-Alejandro-Gomez-Vives.jpg'><img loading=\"lazy\" decoding=\"async\" width=\"120\" height=\"120\" src=\"https:\/\/veredes.es\/blog\/wp-content\/uploads\/2022\/12\/El-Pabellon-de-Luz-Esculpir-el-aire-11-Alejandro-Gomez-Vives-120x120.jpg\" class=\"attachment-thumbnail size-thumbnail\" alt=\"El Pabell\u00f3n de Luz Esculpir el aire 11 Alejandro G\u00f3mez Vives\" aria-describedby=\"gallery-2-91504\" \/><\/a>\n\t\t\t<\/div>\n\t\t\t\t<figcaption class='wp-caption-text gallery-caption' id='gallery-2-91504'>\n\t\t\t\tEl Pabell\u00f3n de Luz | Esculpir el aire \u00a9 Alejandro G\u00f3mez Vives\n\t\t\t\t<\/figcaption><\/figure><figure class='gallery-item'>\n\t\t\t<div class='gallery-icon landscape'>\n\t\t\t\t<a href='https:\/\/veredes.es\/blog\/wp-content\/uploads\/2022\/12\/El-Pabellon-de-Luz-Esculpir-el-aire-12-Alejandro-Gomez-Vives.jpg'><img loading=\"lazy\" decoding=\"async\" width=\"120\" height=\"120\" src=\"https:\/\/veredes.es\/blog\/wp-content\/uploads\/2022\/12\/El-Pabellon-de-Luz-Esculpir-el-aire-12-Alejandro-Gomez-Vives-120x120.jpg\" class=\"attachment-thumbnail size-thumbnail\" alt=\"El Pabell\u00f3n de Luz Esculpir el aire 12 Alejandro G\u00f3mez Vives\" aria-describedby=\"gallery-2-91505\" srcset=\"https:\/\/veredes.es\/blog\/wp-content\/uploads\/2022\/12\/El-Pabellon-de-Luz-Esculpir-el-aire-12-Alejandro-Gomez-Vives-120x120.jpg 120w, https:\/\/veredes.es\/blog\/wp-content\/uploads\/2022\/12\/El-Pabellon-de-Luz-Esculpir-el-aire-12-Alejandro-Gomez-Vives-300x300.jpg 300w, https:\/\/veredes.es\/blog\/wp-content\/uploads\/2022\/12\/El-Pabellon-de-Luz-Esculpir-el-aire-12-Alejandro-Gomez-Vives-1024x1024.jpg 1024w, https:\/\/veredes.es\/blog\/wp-content\/uploads\/2022\/12\/El-Pabellon-de-Luz-Esculpir-el-aire-12-Alejandro-Gomez-Vives-696x696.jpg 696w, https:\/\/veredes.es\/blog\/wp-content\/uploads\/2022\/12\/El-Pabellon-de-Luz-Esculpir-el-aire-12-Alejandro-Gomez-Vives-1068x1068.jpg 1068w, https:\/\/veredes.es\/blog\/wp-content\/uploads\/2022\/12\/El-Pabellon-de-Luz-Esculpir-el-aire-12-Alejandro-Gomez-Vives.jpg 1200w\" sizes=\"auto, (max-width: 120px) 100vw, 120px\" \/><\/a>\n\t\t\t<\/div>\n\t\t\t\t<figcaption class='wp-caption-text gallery-caption' id='gallery-2-91505'>\n\t\t\t\tEl Pabell\u00f3n de Luz | Esculpir el aire \u00a9 Alejandro G\u00f3mez Vives\n\t\t\t\t<\/figcaption><\/figure><figure class='gallery-item'>\n\t\t\t<div class='gallery-icon portrait'>\n\t\t\t\t<a href='https:\/\/veredes.es\/blog\/wp-content\/uploads\/2022\/12\/El-Pabellon-de-Luz-Esculpir-el-aire-13-Alejandro-Gomez-Vives.jpg'><img loading=\"lazy\" decoding=\"async\" width=\"120\" height=\"120\" src=\"https:\/\/veredes.es\/blog\/wp-content\/uploads\/2022\/12\/El-Pabellon-de-Luz-Esculpir-el-aire-13-Alejandro-Gomez-Vives-120x120.jpg\" class=\"attachment-thumbnail size-thumbnail\" alt=\"El Pabell\u00f3n de Luz Esculpir el aire 13 Alejandro G\u00f3mez Vives\" aria-describedby=\"gallery-2-91506\" \/><\/a>\n\t\t\t<\/div>\n\t\t\t\t<figcaption class='wp-caption-text gallery-caption' id='gallery-2-91506'>\n\t\t\t\tEl Pabell\u00f3n de Luz | Esculpir el aire \u00a9 Alejandro G\u00f3mez Vives\n\t\t\t\t<\/figcaption><\/figure><figure class='gallery-item'>\n\t\t\t<div class='gallery-icon landscape'>\n\t\t\t\t<a href='https:\/\/veredes.es\/blog\/wp-content\/uploads\/2022\/12\/El-Pabellon-de-Luz-Esculpir-el-aire-14-Alejandro-Gomez-Vives.jpg'><img loading=\"lazy\" decoding=\"async\" width=\"120\" height=\"120\" src=\"https:\/\/veredes.es\/blog\/wp-content\/uploads\/2022\/12\/El-Pabellon-de-Luz-Esculpir-el-aire-14-Alejandro-Gomez-Vives-120x120.jpg\" class=\"attachment-thumbnail size-thumbnail\" alt=\"El Pabell\u00f3n de Luz Esculpir el aire 14 Alejandro G\u00f3mez Vives\" aria-describedby=\"gallery-2-91507\" srcset=\"https:\/\/veredes.es\/blog\/wp-content\/uploads\/2022\/12\/El-Pabellon-de-Luz-Esculpir-el-aire-14-Alejandro-Gomez-Vives-120x120.jpg 120w, https:\/\/veredes.es\/blog\/wp-content\/uploads\/2022\/12\/El-Pabellon-de-Luz-Esculpir-el-aire-14-Alejandro-Gomez-Vives-300x300.jpg 300w, https:\/\/veredes.es\/blog\/wp-content\/uploads\/2022\/12\/El-Pabellon-de-Luz-Esculpir-el-aire-14-Alejandro-Gomez-Vives-1024x1024.jpg 1024w, https:\/\/veredes.es\/blog\/wp-content\/uploads\/2022\/12\/El-Pabellon-de-Luz-Esculpir-el-aire-14-Alejandro-Gomez-Vives-696x696.jpg 696w, https:\/\/veredes.es\/blog\/wp-content\/uploads\/2022\/12\/El-Pabellon-de-Luz-Esculpir-el-aire-14-Alejandro-Gomez-Vives-1068x1068.jpg 1068w, https:\/\/veredes.es\/blog\/wp-content\/uploads\/2022\/12\/El-Pabellon-de-Luz-Esculpir-el-aire-14-Alejandro-Gomez-Vives.jpg 1200w\" sizes=\"auto, (max-width: 120px) 100vw, 120px\" \/><\/a>\n\t\t\t<\/div>\n\t\t\t\t<figcaption class='wp-caption-text gallery-caption' id='gallery-2-91507'>\n\t\t\t\tEl Pabell\u00f3n de Luz | Esculpir el aire \u00a9 Alejandro G\u00f3mez Vives\n\t\t\t\t<\/figcaption><\/figure><figure class='gallery-item'>\n\t\t\t<div class='gallery-icon portrait'>\n\t\t\t\t<a href='https:\/\/veredes.es\/blog\/wp-content\/uploads\/2022\/12\/El-Pabellon-de-Luz-Esculpir-el-aire-15-Alejandro-Gomez-Vives.jpg'><img loading=\"lazy\" decoding=\"async\" width=\"120\" height=\"120\" src=\"https:\/\/veredes.es\/blog\/wp-content\/uploads\/2022\/12\/El-Pabellon-de-Luz-Esculpir-el-aire-15-Alejandro-Gomez-Vives-120x120.jpg\" class=\"attachment-thumbnail size-thumbnail\" alt=\"El Pabell\u00f3n de Luz Esculpir el aire 15 Alejandro G\u00f3mez Vives\" aria-describedby=\"gallery-2-91508\" \/><\/a>\n\t\t\t<\/div>\n\t\t\t\t<figcaption class='wp-caption-text gallery-caption' id='gallery-2-91508'>\n\t\t\t\tEl Pabell\u00f3n de Luz | Esculpir el aire \u00a9 Alejandro G\u00f3mez Vives\n\t\t\t\t<\/figcaption><\/figure><figure class='gallery-item'>\n\t\t\t<div class='gallery-icon landscape'>\n\t\t\t\t<a href='https:\/\/veredes.es\/blog\/wp-content\/uploads\/2022\/12\/El-Pabellon-de-Luz-Esculpir-el-aire-16-Alejandro-Gomez-Vives.jpg'><img loading=\"lazy\" decoding=\"async\" width=\"120\" height=\"120\" src=\"https:\/\/veredes.es\/blog\/wp-content\/uploads\/2022\/12\/El-Pabellon-de-Luz-Esculpir-el-aire-16-Alejandro-Gomez-Vives-120x120.jpg\" class=\"attachment-thumbnail size-thumbnail\" alt=\"El Pabell\u00f3n de Luz Esculpir el aire 16 Alejandro G\u00f3mez Vives\" aria-describedby=\"gallery-2-91509\" \/><\/a>\n\t\t\t<\/div>\n\t\t\t\t<figcaption class='wp-caption-text gallery-caption' id='gallery-2-91509'>\n\t\t\t\tEl Pabell\u00f3n de Luz | Esculpir el aire \u00a9 Alejandro G\u00f3mez Vives\n\t\t\t\t<\/figcaption><\/figure><figure class='gallery-item'>\n\t\t\t<div class='gallery-icon landscape'>\n\t\t\t\t<a href='https:\/\/veredes.es\/blog\/wp-content\/uploads\/2022\/12\/El-Pabellon-de-Luz-Esculpir-el-aire-17-Alejandro-Gomez-Vives.jpg'><img loading=\"lazy\" decoding=\"async\" width=\"120\" height=\"120\" src=\"https:\/\/veredes.es\/blog\/wp-content\/uploads\/2022\/12\/El-Pabellon-de-Luz-Esculpir-el-aire-17-Alejandro-Gomez-Vives-120x120.jpg\" class=\"attachment-thumbnail size-thumbnail\" alt=\"El Pabell\u00f3n de Luz Esculpir el aire 17 Alejandro G\u00f3mez Vives\" aria-describedby=\"gallery-2-91510\" \/><\/a>\n\t\t\t<\/div>\n\t\t\t\t<figcaption class='wp-caption-text gallery-caption' id='gallery-2-91510'>\n\t\t\t\tEl Pabell\u00f3n de Luz | Esculpir el aire \u00a9 Alejandro G\u00f3mez Vives\n\t\t\t\t<\/figcaption><\/figure>\n\t\t<\/div>\n\n<h5 style=\"text-align: justify;\"><strong>Una geometr\u00eda de flujos<\/strong><\/h5>\n<p style=\"text-align: justify;\">La geometr\u00eda final del Pabell\u00f3n se obtiene al materializar aquellos elementos constructivos m\u00ednimos imprescindibles que posibilitan el doble flujo de movimiento que se produce en el paisaje abierto: el primero, mediante el trazado de un recorrido peatonal principal de entrada y salida de los usuarios que llegan desde el aparcamiento adyacente; el segundo, mediante el trazado de los recorridos que establecen los camareros desde la cocina del restaurante anexo hasta los espacios de trabajo del Pabell\u00f3n.<\/p>\n<div id='gallery-3' class='gallery galleryid-91479 gallery-columns-4 gallery-size-thumbnail'><figure class='gallery-item'>\n\t\t\t<div class='gallery-icon landscape'>\n\t\t\t\t<a href='https:\/\/veredes.es\/blog\/wp-content\/uploads\/2022\/12\/El-Pabellon-de-Luz-Esculpir-el-aire-18-Alejandro-Gomez-Vives.jpg'><img loading=\"lazy\" decoding=\"async\" width=\"120\" height=\"120\" src=\"https:\/\/veredes.es\/blog\/wp-content\/uploads\/2022\/12\/El-Pabellon-de-Luz-Esculpir-el-aire-18-Alejandro-Gomez-Vives-120x120.jpg\" class=\"attachment-thumbnail size-thumbnail\" alt=\"El Pabell\u00f3n de Luz Esculpir el aire 18 Alejandro G\u00f3mez Vives\" aria-describedby=\"gallery-3-91512\" \/><\/a>\n\t\t\t<\/div>\n\t\t\t\t<figcaption class='wp-caption-text gallery-caption' id='gallery-3-91512'>\n\t\t\t\tEl Pabell\u00f3n de Luz Esculpir el aire \u00a9 Alejandro G\u00f3mez Vives\n\t\t\t\t<\/figcaption><\/figure><figure class='gallery-item'>\n\t\t\t<div class='gallery-icon landscape'>\n\t\t\t\t<a href='https:\/\/veredes.es\/blog\/wp-content\/uploads\/2022\/12\/El-Pabellon-de-Luz-Esculpir-el-aire-19-Alejandro-Gomez-Vives.jpg'><img loading=\"lazy\" decoding=\"async\" width=\"120\" height=\"120\" src=\"https:\/\/veredes.es\/blog\/wp-content\/uploads\/2022\/12\/El-Pabellon-de-Luz-Esculpir-el-aire-19-Alejandro-Gomez-Vives-120x120.jpg\" class=\"attachment-thumbnail size-thumbnail\" alt=\"El Pabell\u00f3n de Luz Esculpir el aire 19 Alejandro G\u00f3mez Vives\" aria-describedby=\"gallery-3-91513\" \/><\/a>\n\t\t\t<\/div>\n\t\t\t\t<figcaption class='wp-caption-text gallery-caption' id='gallery-3-91513'>\n\t\t\t\tEl Pabell\u00f3n de Luz Esculpir el aire \u00a9 Alejandro G\u00f3mez Vives\n\t\t\t\t<\/figcaption><\/figure><figure class='gallery-item'>\n\t\t\t<div class='gallery-icon landscape'>\n\t\t\t\t<a href='https:\/\/veredes.es\/blog\/wp-content\/uploads\/2022\/12\/El-Pabellon-de-Luz-Esculpir-el-aire-20-Alejandro-Gomez-Vives.jpg'><img loading=\"lazy\" decoding=\"async\" width=\"120\" height=\"120\" src=\"https:\/\/veredes.es\/blog\/wp-content\/uploads\/2022\/12\/El-Pabellon-de-Luz-Esculpir-el-aire-20-Alejandro-Gomez-Vives-120x120.jpg\" class=\"attachment-thumbnail size-thumbnail\" alt=\"El Pabell\u00f3n de Luz Esculpir el aire 20 Alejandro G\u00f3mez Vives\" aria-describedby=\"gallery-3-91514\" \/><\/a>\n\t\t\t<\/div>\n\t\t\t\t<figcaption class='wp-caption-text gallery-caption' id='gallery-3-91514'>\n\t\t\t\tEl Pabell\u00f3n de Luz Esculpir el aire \u00a9 Alejandro G\u00f3mez Vives\n\t\t\t\t<\/figcaption><\/figure><figure class='gallery-item'>\n\t\t\t<div class='gallery-icon portrait'>\n\t\t\t\t<a href='https:\/\/veredes.es\/blog\/wp-content\/uploads\/2022\/12\/El-Pabellon-de-Luz-Esculpir-el-aire-21-Alejandro-Gomez-Vives.jpg'><img loading=\"lazy\" decoding=\"async\" width=\"120\" height=\"120\" src=\"https:\/\/veredes.es\/blog\/wp-content\/uploads\/2022\/12\/El-Pabellon-de-Luz-Esculpir-el-aire-21-Alejandro-Gomez-Vives-120x120.jpg\" class=\"attachment-thumbnail size-thumbnail\" alt=\"El Pabell\u00f3n de Luz Esculpir el aire 21 Alejandro G\u00f3mez Vives\" aria-describedby=\"gallery-3-91515\" \/><\/a>\n\t\t\t<\/div>\n\t\t\t\t<figcaption class='wp-caption-text gallery-caption' id='gallery-3-91515'>\n\t\t\t\tEl Pabell\u00f3n de Luz Esculpir el aire \u00a9 Alejandro G\u00f3mez Vives\n\t\t\t\t<\/figcaption><\/figure><figure class='gallery-item'>\n\t\t\t<div class='gallery-icon portrait'>\n\t\t\t\t<a href='https:\/\/veredes.es\/blog\/wp-content\/uploads\/2022\/12\/El-Pabellon-de-Luz-Esculpir-el-aire-22-Alejandro-Gomez-Vives.jpg'><img loading=\"lazy\" decoding=\"async\" width=\"120\" height=\"120\" src=\"https:\/\/veredes.es\/blog\/wp-content\/uploads\/2022\/12\/El-Pabellon-de-Luz-Esculpir-el-aire-22-Alejandro-Gomez-Vives-120x120.jpg\" class=\"attachment-thumbnail size-thumbnail\" alt=\"El Pabell\u00f3n de Luz Esculpir el aire 22 Alejandro G\u00f3mez Vives\" aria-describedby=\"gallery-3-91516\" \/><\/a>\n\t\t\t<\/div>\n\t\t\t\t<figcaption class='wp-caption-text gallery-caption' id='gallery-3-91516'>\n\t\t\t\tEl Pabell\u00f3n de Luz Esculpir el aire \u00a9 Alejandro G\u00f3mez Vives\n\t\t\t\t<\/figcaption><\/figure><figure class='gallery-item'>\n\t\t\t<div class='gallery-icon portrait'>\n\t\t\t\t<a href='https:\/\/veredes.es\/blog\/wp-content\/uploads\/2022\/12\/El-Pabellon-de-Luz-Esculpir-el-aire-23-Alejandro-Gomez-Vives.jpg'><img loading=\"lazy\" decoding=\"async\" width=\"120\" height=\"120\" src=\"https:\/\/veredes.es\/blog\/wp-content\/uploads\/2022\/12\/El-Pabellon-de-Luz-Esculpir-el-aire-23-Alejandro-Gomez-Vives-120x120.jpg\" class=\"attachment-thumbnail size-thumbnail\" alt=\"El Pabell\u00f3n de Luz Esculpir el aire 23 Alejandro G\u00f3mez Vives\" aria-describedby=\"gallery-3-91517\" \/><\/a>\n\t\t\t<\/div>\n\t\t\t\t<figcaption class='wp-caption-text gallery-caption' id='gallery-3-91517'>\n\t\t\t\tEl Pabell\u00f3n de Luz Esculpir el aire \u00a9 Alejandro G\u00f3mez Vives\n\t\t\t\t<\/figcaption><\/figure><figure class='gallery-item'>\n\t\t\t<div class='gallery-icon portrait'>\n\t\t\t\t<a href='https:\/\/veredes.es\/blog\/wp-content\/uploads\/2022\/12\/El-Pabellon-de-Luz-Esculpir-el-aire-24-Alejandro-Gomez-Vives.jpg'><img loading=\"lazy\" decoding=\"async\" width=\"120\" height=\"120\" src=\"https:\/\/veredes.es\/blog\/wp-content\/uploads\/2022\/12\/El-Pabellon-de-Luz-Esculpir-el-aire-24-Alejandro-Gomez-Vives-120x120.jpg\" class=\"attachment-thumbnail size-thumbnail\" alt=\"El Pabell\u00f3n de Luz Esculpir el aire 24 Alejandro G\u00f3mez Vives\" aria-describedby=\"gallery-3-91518\" \/><\/a>\n\t\t\t<\/div>\n\t\t\t\t<figcaption class='wp-caption-text gallery-caption' id='gallery-3-91518'>\n\t\t\t\tEl Pabell\u00f3n de Luz Esculpir el aire \u00a9 Alejandro G\u00f3mez Vives\n\t\t\t\t<\/figcaption><\/figure><figure class='gallery-item'>\n\t\t\t<div class='gallery-icon portrait'>\n\t\t\t\t<a href='https:\/\/veredes.es\/blog\/wp-content\/uploads\/2022\/12\/El-Pabellon-de-Luz-Esculpir-el-aire-25-Alejandro-Gomez-Vives.jpg'><img loading=\"lazy\" decoding=\"async\" width=\"120\" height=\"120\" src=\"https:\/\/veredes.es\/blog\/wp-content\/uploads\/2022\/12\/El-Pabellon-de-Luz-Esculpir-el-aire-25-Alejandro-Gomez-Vives-120x120.jpg\" class=\"attachment-thumbnail size-thumbnail\" alt=\"El Pabell\u00f3n de Luz Esculpir el aire 25 Alejandro G\u00f3mez Vives\" aria-describedby=\"gallery-3-91519\" \/><\/a>\n\t\t\t<\/div>\n\t\t\t\t<figcaption class='wp-caption-text gallery-caption' id='gallery-3-91519'>\n\t\t\t\tEl Pabell\u00f3n de Luz Esculpir el aire \u00a9 Alejandro G\u00f3mez Vives\n\t\t\t\t<\/figcaption><\/figure><figure class='gallery-item'>\n\t\t\t<div class='gallery-icon portrait'>\n\t\t\t\t<a href='https:\/\/veredes.es\/blog\/wp-content\/uploads\/2022\/12\/El-Pabellon-de-Luz-Esculpir-el-aire-26-Alejandro-Gomez-Vives.jpg'><img loading=\"lazy\" decoding=\"async\" width=\"120\" height=\"120\" src=\"https:\/\/veredes.es\/blog\/wp-content\/uploads\/2022\/12\/El-Pabellon-de-Luz-Esculpir-el-aire-26-Alejandro-Gomez-Vives-120x120.jpg\" class=\"attachment-thumbnail size-thumbnail\" alt=\"El Pabell\u00f3n de Luz Esculpir el aire 26 Alejandro G\u00f3mez Vives\" aria-describedby=\"gallery-3-91520\" \/><\/a>\n\t\t\t<\/div>\n\t\t\t\t<figcaption class='wp-caption-text gallery-caption' id='gallery-3-91520'>\n\t\t\t\tEl Pabell\u00f3n de Luz Esculpir el aire \u00a9 Alejandro G\u00f3mez Vives\n\t\t\t\t<\/figcaption><\/figure><figure class='gallery-item'>\n\t\t\t<div class='gallery-icon portrait'>\n\t\t\t\t<a href='https:\/\/veredes.es\/blog\/wp-content\/uploads\/2022\/12\/El-Pabellon-de-Luz-Esculpir-el-aire-27-Alejandro-Gomez-Vives.jpg'><img loading=\"lazy\" decoding=\"async\" width=\"120\" height=\"120\" src=\"https:\/\/veredes.es\/blog\/wp-content\/uploads\/2022\/12\/El-Pabellon-de-Luz-Esculpir-el-aire-27-Alejandro-Gomez-Vives-120x120.jpg\" class=\"attachment-thumbnail size-thumbnail\" alt=\"El Pabell\u00f3n de Luz Esculpir el aire 27 Alejandro G\u00f3mez Vives\" aria-describedby=\"gallery-3-91521\" \/><\/a>\n\t\t\t<\/div>\n\t\t\t\t<figcaption class='wp-caption-text gallery-caption' id='gallery-3-91521'>\n\t\t\t\tEl Pabell\u00f3n de Luz Esculpir el aire \u00a9 Alejandro G\u00f3mez Vives\n\t\t\t\t<\/figcaption><\/figure><figure class='gallery-item'>\n\t\t\t<div class='gallery-icon portrait'>\n\t\t\t\t<a href='https:\/\/veredes.es\/blog\/wp-content\/uploads\/2022\/12\/El-Pabellon-de-Luz-Esculpir-el-aire-28-Alejandro-Gomez-Vives.jpg'><img loading=\"lazy\" decoding=\"async\" width=\"120\" height=\"120\" src=\"https:\/\/veredes.es\/blog\/wp-content\/uploads\/2022\/12\/El-Pabellon-de-Luz-Esculpir-el-aire-28-Alejandro-Gomez-Vives-120x120.jpg\" class=\"attachment-thumbnail size-thumbnail\" alt=\"El Pabell\u00f3n de Luz Esculpir el aire 28 Alejandro G\u00f3mez Vives\" aria-describedby=\"gallery-3-91522\" \/><\/a>\n\t\t\t<\/div>\n\t\t\t\t<figcaption class='wp-caption-text gallery-caption' id='gallery-3-91522'>\n\t\t\t\tEl Pabell\u00f3n de Luz Esculpir el aire \u00a9 Alejandro G\u00f3mez Vives\n\t\t\t\t<\/figcaption><\/figure><figure class='gallery-item'>\n\t\t\t<div class='gallery-icon portrait'>\n\t\t\t\t<a href='https:\/\/veredes.es\/blog\/wp-content\/uploads\/2022\/12\/El-Pabellon-de-Luz-Esculpir-el-aire-29-Alejandro-Gomez-Vives.jpg'><img loading=\"lazy\" decoding=\"async\" width=\"120\" height=\"120\" src=\"https:\/\/veredes.es\/blog\/wp-content\/uploads\/2022\/12\/El-Pabellon-de-Luz-Esculpir-el-aire-29-Alejandro-Gomez-Vives-120x120.jpg\" class=\"attachment-thumbnail size-thumbnail\" alt=\"El Pabell\u00f3n de Luz Esculpir el aire 29 Alejandro G\u00f3mez Vives\" aria-describedby=\"gallery-3-91523\" \/><\/a>\n\t\t\t<\/div>\n\t\t\t\t<figcaption class='wp-caption-text gallery-caption' id='gallery-3-91523'>\n\t\t\t\tEl Pabell\u00f3n de Luz Esculpir el aire \u00a9 Alejandro G\u00f3mez Vives\n\t\t\t\t<\/figcaption><\/figure><figure class='gallery-item'>\n\t\t\t<div class='gallery-icon landscape'>\n\t\t\t\t<a href='https:\/\/veredes.es\/blog\/wp-content\/uploads\/2022\/12\/El-Pabellon-de-Luz-Esculpir-el-aire-30-Alejandro-Gomez-Vives.jpg'><img loading=\"lazy\" decoding=\"async\" width=\"120\" height=\"120\" src=\"https:\/\/veredes.es\/blog\/wp-content\/uploads\/2022\/12\/El-Pabellon-de-Luz-Esculpir-el-aire-30-Alejandro-Gomez-Vives-120x120.jpg\" class=\"attachment-thumbnail size-thumbnail\" alt=\"El Pabell\u00f3n de Luz Esculpir el aire 30 Alejandro G\u00f3mez Vives\" aria-describedby=\"gallery-3-91524\" \/><\/a>\n\t\t\t<\/div>\n\t\t\t\t<figcaption class='wp-caption-text gallery-caption' id='gallery-3-91524'>\n\t\t\t\tEl Pabell\u00f3n de Luz Esculpir el aire \u00a9 Alejandro G\u00f3mez Vives\n\t\t\t\t<\/figcaption><\/figure><figure class='gallery-item'>\n\t\t\t<div class='gallery-icon landscape'>\n\t\t\t\t<a href='https:\/\/veredes.es\/blog\/wp-content\/uploads\/2022\/12\/El-Pabellon-de-Luz-Esculpir-el-aire-31-Alejandro-Gomez-Vives.jpg'><img loading=\"lazy\" decoding=\"async\" width=\"120\" height=\"120\" src=\"https:\/\/veredes.es\/blog\/wp-content\/uploads\/2022\/12\/El-Pabellon-de-Luz-Esculpir-el-aire-31-Alejandro-Gomez-Vives-120x120.jpg\" class=\"attachment-thumbnail size-thumbnail\" alt=\"El Pabell\u00f3n de Luz Esculpir el aire 31 Alejandro G\u00f3mez Vives\" aria-describedby=\"gallery-3-91525\" \/><\/a>\n\t\t\t<\/div>\n\t\t\t\t<figcaption class='wp-caption-text gallery-caption' id='gallery-3-91525'>\n\t\t\t\tEl Pabell\u00f3n de Luz Esculpir el aire \u00a9 Alejandro G\u00f3mez Vives\n\t\t\t\t<\/figcaption><\/figure>\n\t\t<\/div>\n\n<h5 style=\"text-align: justify;\"><strong>Una envolvente ligera<\/strong><\/h5>\n<p style=\"text-align: justify;\">Las paredes s\u00f3lidas y pesadas de las habituales construcciones se han transformado en ligeras pieles que transpiran la luz y el aire de una forma tamizada y sutil \u2013como si fueran elementos textiles\u2013 mediante la relaci\u00f3n de superposici\u00f3n que se propone entre dos chapas met\u00e1licas paralelas de color blanco que han sido manipuladas mediante plegados y perforaciones \u2013separadas por medio de una estructura met\u00e1lica interior lacada en color negro\u2013, del mismo modo que lo hace nuestra piel con la luz y con el aire que nos envuelven.<\/p>\n<div id='gallery-4' class='gallery galleryid-91479 gallery-columns-4 gallery-size-thumbnail'><figure class='gallery-item'>\n\t\t\t<div class='gallery-icon landscape'>\n\t\t\t\t<a href='https:\/\/veredes.es\/blog\/wp-content\/uploads\/2022\/12\/El-Pabellon-de-Luz-Esculpir-el-aire-1-Plano-de-emplazamiento_Topografia.jpg'><img loading=\"lazy\" decoding=\"async\" width=\"120\" height=\"120\" src=\"https:\/\/veredes.es\/blog\/wp-content\/uploads\/2022\/12\/El-Pabellon-de-Luz-Esculpir-el-aire-1-Plano-de-emplazamiento_Topografia-120x120.jpg\" class=\"attachment-thumbnail size-thumbnail\" alt=\"El Pabell\u00f3n de Luz Esculpir el aire 1 Plano de emplazamiento_Topograf\u00eda\" aria-describedby=\"gallery-4-91488\" srcset=\"https:\/\/veredes.es\/blog\/wp-content\/uploads\/2022\/12\/El-Pabellon-de-Luz-Esculpir-el-aire-1-Plano-de-emplazamiento_Topografia-120x120.jpg 120w, https:\/\/veredes.es\/blog\/wp-content\/uploads\/2022\/12\/El-Pabellon-de-Luz-Esculpir-el-aire-1-Plano-de-emplazamiento_Topografia-300x300.jpg 300w, https:\/\/veredes.es\/blog\/wp-content\/uploads\/2022\/12\/El-Pabellon-de-Luz-Esculpir-el-aire-1-Plano-de-emplazamiento_Topografia-1024x1024.jpg 1024w, https:\/\/veredes.es\/blog\/wp-content\/uploads\/2022\/12\/El-Pabellon-de-Luz-Esculpir-el-aire-1-Plano-de-emplazamiento_Topografia-696x696.jpg 696w, https:\/\/veredes.es\/blog\/wp-content\/uploads\/2022\/12\/El-Pabellon-de-Luz-Esculpir-el-aire-1-Plano-de-emplazamiento_Topografia-1068x1068.jpg 1068w, https:\/\/veredes.es\/blog\/wp-content\/uploads\/2022\/12\/El-Pabellon-de-Luz-Esculpir-el-aire-1-Plano-de-emplazamiento_Topografia.jpg 1200w\" sizes=\"auto, (max-width: 120px) 100vw, 120px\" \/><\/a>\n\t\t\t<\/div>\n\t\t\t\t<figcaption class='wp-caption-text gallery-caption' id='gallery-4-91488'>\n\t\t\t\tEl Pabell\u00f3n de Luz  | Esculpir el aire | Plano de emplazamiento | Topograf\u00eda\n\t\t\t\t<\/figcaption><\/figure><figure class='gallery-item'>\n\t\t\t<div class='gallery-icon landscape'>\n\t\t\t\t<a href='https:\/\/veredes.es\/blog\/wp-content\/uploads\/2022\/12\/El-Pabellon-de-Luz-Esculpir-el-aire-2-Planta-Baja.jpg'><img loading=\"lazy\" decoding=\"async\" width=\"120\" height=\"120\" src=\"https:\/\/veredes.es\/blog\/wp-content\/uploads\/2022\/12\/El-Pabellon-de-Luz-Esculpir-el-aire-2-Planta-Baja-120x120.jpg\" class=\"attachment-thumbnail size-thumbnail\" alt=\"El Pabell\u00f3n de Luz Esculpir el aire 2 Planta Baja\" aria-describedby=\"gallery-4-91489\" srcset=\"https:\/\/veredes.es\/blog\/wp-content\/uploads\/2022\/12\/El-Pabellon-de-Luz-Esculpir-el-aire-2-Planta-Baja-120x120.jpg 120w, https:\/\/veredes.es\/blog\/wp-content\/uploads\/2022\/12\/El-Pabellon-de-Luz-Esculpir-el-aire-2-Planta-Baja-300x300.jpg 300w, https:\/\/veredes.es\/blog\/wp-content\/uploads\/2022\/12\/El-Pabellon-de-Luz-Esculpir-el-aire-2-Planta-Baja-1024x1024.jpg 1024w, https:\/\/veredes.es\/blog\/wp-content\/uploads\/2022\/12\/El-Pabellon-de-Luz-Esculpir-el-aire-2-Planta-Baja-696x696.jpg 696w, https:\/\/veredes.es\/blog\/wp-content\/uploads\/2022\/12\/El-Pabellon-de-Luz-Esculpir-el-aire-2-Planta-Baja-1068x1068.jpg 1068w, https:\/\/veredes.es\/blog\/wp-content\/uploads\/2022\/12\/El-Pabellon-de-Luz-Esculpir-el-aire-2-Planta-Baja.jpg 1200w\" sizes=\"auto, (max-width: 120px) 100vw, 120px\" \/><\/a>\n\t\t\t<\/div>\n\t\t\t\t<figcaption class='wp-caption-text gallery-caption' id='gallery-4-91489'>\n\t\t\t\tEl Pabell\u00f3n de Luz  Esculpir el aire | Planta Baja\n\t\t\t\t<\/figcaption><\/figure><figure class='gallery-item'>\n\t\t\t<div class='gallery-icon landscape'>\n\t\t\t\t<a href='https:\/\/veredes.es\/blog\/wp-content\/uploads\/2022\/12\/El-Pabellon-de-Luz-Esculpir-el-aire-3-_Planta-de-Cubierta.jpg'><img loading=\"lazy\" decoding=\"async\" width=\"120\" height=\"120\" src=\"https:\/\/veredes.es\/blog\/wp-content\/uploads\/2022\/12\/El-Pabellon-de-Luz-Esculpir-el-aire-3-_Planta-de-Cubierta-120x120.jpg\" class=\"attachment-thumbnail size-thumbnail\" alt=\"El Pabell\u00f3n de Luz Esculpir el aire 3 _Planta de Cubierta\" aria-describedby=\"gallery-4-91490\" srcset=\"https:\/\/veredes.es\/blog\/wp-content\/uploads\/2022\/12\/El-Pabellon-de-Luz-Esculpir-el-aire-3-_Planta-de-Cubierta-120x120.jpg 120w, https:\/\/veredes.es\/blog\/wp-content\/uploads\/2022\/12\/El-Pabellon-de-Luz-Esculpir-el-aire-3-_Planta-de-Cubierta-300x300.jpg 300w, https:\/\/veredes.es\/blog\/wp-content\/uploads\/2022\/12\/El-Pabellon-de-Luz-Esculpir-el-aire-3-_Planta-de-Cubierta-1024x1024.jpg 1024w, https:\/\/veredes.es\/blog\/wp-content\/uploads\/2022\/12\/El-Pabellon-de-Luz-Esculpir-el-aire-3-_Planta-de-Cubierta-696x696.jpg 696w, https:\/\/veredes.es\/blog\/wp-content\/uploads\/2022\/12\/El-Pabellon-de-Luz-Esculpir-el-aire-3-_Planta-de-Cubierta-1068x1068.jpg 1068w, https:\/\/veredes.es\/blog\/wp-content\/uploads\/2022\/12\/El-Pabellon-de-Luz-Esculpir-el-aire-3-_Planta-de-Cubierta.jpg 1200w\" sizes=\"auto, (max-width: 120px) 100vw, 120px\" \/><\/a>\n\t\t\t<\/div>\n\t\t\t\t<figcaption class='wp-caption-text gallery-caption' id='gallery-4-91490'>\n\t\t\t\tEl Pabell\u00f3n de Luz  | Esculpir el aire | Planta de Cubierta\n\t\t\t\t<\/figcaption><\/figure><figure class='gallery-item'>\n\t\t\t<div class='gallery-icon landscape'>\n\t\t\t\t<a href='https:\/\/veredes.es\/blog\/wp-content\/uploads\/2022\/12\/El-Pabellon-de-Luz-Esculpir-el-aire-4-Secciones.jpg'><img loading=\"lazy\" decoding=\"async\" width=\"120\" height=\"120\" src=\"https:\/\/veredes.es\/blog\/wp-content\/uploads\/2022\/12\/El-Pabellon-de-Luz-Esculpir-el-aire-4-Secciones-120x120.jpg\" class=\"attachment-thumbnail size-thumbnail\" alt=\"El Pabell\u00f3n de Luz Esculpir el aire 4 Secciones\" aria-describedby=\"gallery-4-91491\" srcset=\"https:\/\/veredes.es\/blog\/wp-content\/uploads\/2022\/12\/El-Pabellon-de-Luz-Esculpir-el-aire-4-Secciones-120x120.jpg 120w, https:\/\/veredes.es\/blog\/wp-content\/uploads\/2022\/12\/El-Pabellon-de-Luz-Esculpir-el-aire-4-Secciones-300x300.jpg 300w, https:\/\/veredes.es\/blog\/wp-content\/uploads\/2022\/12\/El-Pabellon-de-Luz-Esculpir-el-aire-4-Secciones-1024x1024.jpg 1024w, https:\/\/veredes.es\/blog\/wp-content\/uploads\/2022\/12\/El-Pabellon-de-Luz-Esculpir-el-aire-4-Secciones-696x696.jpg 696w, https:\/\/veredes.es\/blog\/wp-content\/uploads\/2022\/12\/El-Pabellon-de-Luz-Esculpir-el-aire-4-Secciones-1068x1068.jpg 1068w, https:\/\/veredes.es\/blog\/wp-content\/uploads\/2022\/12\/El-Pabellon-de-Luz-Esculpir-el-aire-4-Secciones.jpg 1200w\" sizes=\"auto, (max-width: 120px) 100vw, 120px\" \/><\/a>\n\t\t\t<\/div>\n\t\t\t\t<figcaption class='wp-caption-text gallery-caption' id='gallery-4-91491'>\n\t\t\t\tEl Pabell\u00f3n de Luz  | Esculpir el aire | Secciones\n\t\t\t\t<\/figcaption><\/figure><figure class='gallery-item'>\n\t\t\t<div class='gallery-icon landscape'>\n\t\t\t\t<a href='https:\/\/veredes.es\/blog\/wp-content\/uploads\/2022\/12\/El-Pabellon-de-Luz-Esculpir-el-aire-5-Alzados.jpg'><img loading=\"lazy\" decoding=\"async\" width=\"120\" height=\"120\" src=\"https:\/\/veredes.es\/blog\/wp-content\/uploads\/2022\/12\/El-Pabellon-de-Luz-Esculpir-el-aire-5-Alzados-120x120.jpg\" class=\"attachment-thumbnail size-thumbnail\" alt=\"El Pabell\u00f3n de Luz Esculpir el aire 5 Alzados\" aria-describedby=\"gallery-4-91492\" srcset=\"https:\/\/veredes.es\/blog\/wp-content\/uploads\/2022\/12\/El-Pabellon-de-Luz-Esculpir-el-aire-5-Alzados-120x120.jpg 120w, https:\/\/veredes.es\/blog\/wp-content\/uploads\/2022\/12\/El-Pabellon-de-Luz-Esculpir-el-aire-5-Alzados-300x300.jpg 300w, https:\/\/veredes.es\/blog\/wp-content\/uploads\/2022\/12\/El-Pabellon-de-Luz-Esculpir-el-aire-5-Alzados-1024x1024.jpg 1024w, https:\/\/veredes.es\/blog\/wp-content\/uploads\/2022\/12\/El-Pabellon-de-Luz-Esculpir-el-aire-5-Alzados-696x696.jpg 696w, https:\/\/veredes.es\/blog\/wp-content\/uploads\/2022\/12\/El-Pabellon-de-Luz-Esculpir-el-aire-5-Alzados-1068x1068.jpg 1068w, https:\/\/veredes.es\/blog\/wp-content\/uploads\/2022\/12\/El-Pabellon-de-Luz-Esculpir-el-aire-5-Alzados.jpg 1200w\" sizes=\"auto, (max-width: 120px) 100vw, 120px\" \/><\/a>\n\t\t\t<\/div>\n\t\t\t\t<figcaption class='wp-caption-text gallery-caption' id='gallery-4-91492'>\n\t\t\t\tEl Pabell\u00f3n de Luz  | Esculpir el aire | Alzados\n\t\t\t\t<\/figcaption><\/figure><figure class='gallery-item'>\n\t\t\t<div class='gallery-icon landscape'>\n\t\t\t\t<a href='https:\/\/veredes.es\/blog\/wp-content\/uploads\/2022\/12\/El-Pabellon-de-Luz-Esculpir-el-aire-6-Geometria_Espanol.jpg'><img loading=\"lazy\" decoding=\"async\" width=\"120\" height=\"120\" src=\"https:\/\/veredes.es\/blog\/wp-content\/uploads\/2022\/12\/El-Pabellon-de-Luz-Esculpir-el-aire-6-Geometria_Espanol-120x120.jpg\" class=\"attachment-thumbnail size-thumbnail\" alt=\"El Pabell\u00f3n de Luz Esculpir el aire 6 Geometr\u00eda_Espa\u00f1ol\" aria-describedby=\"gallery-4-91493\" srcset=\"https:\/\/veredes.es\/blog\/wp-content\/uploads\/2022\/12\/El-Pabellon-de-Luz-Esculpir-el-aire-6-Geometria_Espanol-120x120.jpg 120w, https:\/\/veredes.es\/blog\/wp-content\/uploads\/2022\/12\/El-Pabellon-de-Luz-Esculpir-el-aire-6-Geometria_Espanol-300x300.jpg 300w, https:\/\/veredes.es\/blog\/wp-content\/uploads\/2022\/12\/El-Pabellon-de-Luz-Esculpir-el-aire-6-Geometria_Espanol-1024x1024.jpg 1024w, https:\/\/veredes.es\/blog\/wp-content\/uploads\/2022\/12\/El-Pabellon-de-Luz-Esculpir-el-aire-6-Geometria_Espanol-696x696.jpg 696w, https:\/\/veredes.es\/blog\/wp-content\/uploads\/2022\/12\/El-Pabellon-de-Luz-Esculpir-el-aire-6-Geometria_Espanol-1068x1068.jpg 1068w, https:\/\/veredes.es\/blog\/wp-content\/uploads\/2022\/12\/El-Pabellon-de-Luz-Esculpir-el-aire-6-Geometria_Espanol.jpg 1200w\" sizes=\"auto, (max-width: 120px) 100vw, 120px\" \/><\/a>\n\t\t\t<\/div>\n\t\t\t\t<figcaption class='wp-caption-text gallery-caption' id='gallery-4-91493'>\n\t\t\t\tEl Pabell\u00f3n de Luz  | Esculpir el aire | Geometr\u00eda\n\t\t\t\t<\/figcaption><\/figure>\n\t\t<\/div>\n\n<p>Autor: Esculpir el Aire &#8211; Jos\u00e9 \u00c1ngel Ruiz-C\u00e1ceres<br \/>\nArquitecto Director: Jos\u00e9 \u00c1ngel Ruiz C\u00e1ceres<br \/>\nColaboradores: Juan Luis Castell\u00f3, Laura Blanco, Felipe Pascual, Manuel Buitrago<br \/>\nA\u00f1o: 2022<br \/>\nSuperficie construida: 225m2<br \/>\nUbicaci\u00f3n: Partida Matola P3-108. Elche. Espa\u00f1a<br \/>\nPrograma: Pabell\u00f3n-Terraza Restaurante<br \/>\nCoste: 112.967,35 \u20ac<br \/>\nCliente: Paellaco, SL (Restaurante Matola)<br \/>\nFotograf\u00eda: <a href=\"http:\/\/www.alejandrogomezvives.com\" target=\"_blank\" rel=\"noopener\">Alejandro G\u00f3mez Vives<\/a><br \/>\n<a href=\"http:\/\/www.esculpirelaire.com\" target=\"_blank\" rel=\"noopener\"><span style=\"color: #999999;\">+ esculpirelaire.com<\/span><\/a><\/p>\n","protected":false},"excerpt":{"rendered":"<p>Una respuesta de dise\u00f1o frente al covid El proyecto para \u2018El Pabell\u00f3n de Luz\u2019 nace de ofrecer nuevas respuestas \u2013transformando conceptos arquitect\u00f3nicos primitivos\u2013 a partir de las nuevas preguntas formuladas por la nueva situaci\u00f3n vital experimentada frente al Covid 19: \u00bfqu\u00e9 es lo que somos y qu\u00e9 nos permitir\u00e1 seguir si\u00e9ndolo a trav\u00e9s de nuestras [&hellip;]<\/p>\n","protected":false},"author":2,"featured_media":91494,"comment_status":"open","ping_status":"closed","sticky":false,"template":"","format":"standard","meta":{"footnotes":""},"categories":[34,52,23,5951],"tags":[2631,11183,16247,16248,1843,972],"class_list":{"0":"post-91479","1":"post","2":"type-post","3":"status-publish","4":"format-standard","5":"has-post-thumbnail","7":"category-arquitectura","8":"category-equipamiento-terciario","9":"category-obras","11":"tag-arquitectura-espanola","12":"tag-arquitectura-valenciana","13":"tag-esculpir-el-aire","14":"tag-jose-angel-ruiz-caceres","15":"tag-local-comercial","16":"tag-pabellon"},"yoast_head":"<!-- This site is optimized with the Yoast SEO plugin v27.5 - https:\/\/yoast.com\/product\/yoast-seo-wordpress\/ -->\n<title>El Pabell\u00f3n de Luz | Esculpir el Aire - Jos\u00e9 \u00c1ngel Ruiz-C\u00e1ceres - veredes<\/title>\n<meta name=\"description\" content=\"Toda la informaci\u00f3n sobre: El Pabell\u00f3n de Luz | Esculpir el Aire - Jos\u00e9 \u00c1ngel Ruiz-C\u00e1ceres El Pabell\u00f3n de Luz, Esculpir el Aire - Jos\u00e9 \u00c1ngel Ruiz-C\u00e1ceres\" \/>\n<meta name=\"robots\" content=\"index, follow, max-snippet:-1, max-image-preview:large, max-video-preview:-1\" \/>\n<link rel=\"canonical\" href=\"https:\/\/veredes.es\/blog\/el-pabellon-de-luz-esculpir-el-aire\/\" \/>\n<meta property=\"og:locale\" content=\"es_ES\" \/>\n<meta property=\"og:type\" content=\"article\" \/>\n<meta property=\"og:title\" content=\"El Pabell\u00f3n de Luz | Esculpir el Aire - Jos\u00e9 \u00c1ngel Ruiz-C\u00e1ceres - veredes\" \/>\n<meta property=\"og:description\" content=\"Toda la informaci\u00f3n sobre: El Pabell\u00f3n de Luz | Esculpir el Aire - Jos\u00e9 \u00c1ngel Ruiz-C\u00e1ceres El Pabell\u00f3n de Luz, Esculpir el Aire - Jos\u00e9 \u00c1ngel Ruiz-C\u00e1ceres\" \/>\n<meta property=\"og:url\" content=\"https:\/\/veredes.es\/blog\/el-pabellon-de-luz-esculpir-el-aire\/\" \/>\n<meta property=\"og:site_name\" content=\"veredes, arquitectura y divulgaci\u00f3n\" \/>\n<meta property=\"article:publisher\" content=\"https:\/\/www.facebook.com\/veredesArquitecturayDivulgacion\/\" \/>\n<meta property=\"article:author\" content=\"https:\/\/www.facebook.com\/veredesArquitecturayDivulgacion\/\" \/>\n<meta property=\"article:published_time\" content=\"2022-12-13T23:01:50+00:00\" \/>\n<meta property=\"article:modified_time\" content=\"2023-02-28T15:05:13+00:00\" \/>\n<meta property=\"og:image\" content=\"https:\/\/veredes.es\/blog\/wp-content\/uploads\/2022\/12\/El-Pabellon-de-Luz-Esculpir-el-aire-4-Alejandro-Gomez-Vives.jpg\" \/>\n\t<meta property=\"og:image:width\" content=\"1200\" \/>\n\t<meta property=\"og:image:height\" content=\"800\" \/>\n\t<meta property=\"og:image:type\" content=\"image\/jpeg\" \/>\n<meta name=\"author\" content=\"veredes\" \/>\n<meta name=\"twitter:card\" content=\"summary_large_image\" \/>\n<meta name=\"twitter:creator\" content=\"@https:\/\/twitter.com\/veredes\" \/>\n<meta name=\"twitter:site\" content=\"@veredes\" \/>\n<meta name=\"twitter:label1\" content=\"Escrito por\" \/>\n\t<meta name=\"twitter:data1\" content=\"veredes\" \/>\n\t<meta name=\"twitter:label2\" content=\"Tiempo de lectura\" \/>\n\t<meta name=\"twitter:data2\" content=\"4 minutos\" \/>\n<script type=\"application\/ld+json\" class=\"yoast-schema-graph\">{\"@context\":\"https:\\\/\\\/schema.org\",\"@graph\":[{\"@type\":\"Article\",\"@id\":\"https:\\\/\\\/veredes.es\\\/blog\\\/el-pabellon-de-luz-esculpir-el-aire\\\/#article\",\"isPartOf\":{\"@id\":\"https:\\\/\\\/veredes.es\\\/blog\\\/el-pabellon-de-luz-esculpir-el-aire\\\/\"},\"author\":{\"name\":\"veredes\",\"@id\":\"https:\\\/\\\/veredes.es\\\/blog\\\/#\\\/schema\\\/person\\\/0bbb669073ef7faba5168a0844e93d2c\"},\"headline\":\"El Pabell\u00f3n de Luz | Esculpir el Aire &#8211; Jos\u00e9 \u00c1ngel Ruiz-C\u00e1ceres\",\"datePublished\":\"2022-12-13T23:01:50+00:00\",\"dateModified\":\"2023-02-28T15:05:13+00:00\",\"mainEntityOfPage\":{\"@id\":\"https:\\\/\\\/veredes.es\\\/blog\\\/el-pabellon-de-luz-esculpir-el-aire\\\/\"},\"wordCount\":677,\"commentCount\":0,\"publisher\":{\"@id\":\"https:\\\/\\\/veredes.es\\\/blog\\\/#organization\"},\"image\":{\"@id\":\"https:\\\/\\\/veredes.es\\\/blog\\\/el-pabellon-de-luz-esculpir-el-aire\\\/#primaryimage\"},\"thumbnailUrl\":\"https:\\\/\\\/veredes.es\\\/blog\\\/wp-content\\\/uploads\\\/2022\\\/12\\\/El-Pabellon-de-Luz-Esculpir-el-aire-4-Alejandro-Gomez-Vives.jpg\",\"keywords\":[\"arquitectura espa\u00f1ola\",\"arquitectura valenciana\",\"Esculpir el aire\",\"Jos\u00e9 \u00c1ngel Ruiz C\u00e1ceres\",\"local comercial\",\"pabell\u00f3n\"],\"articleSection\":[\"arquitectura\",\"equipamiento terciario\",\"obras\",\"slider principal\"],\"inLanguage\":\"es\",\"potentialAction\":[{\"@type\":\"CommentAction\",\"name\":\"Comment\",\"target\":[\"https:\\\/\\\/veredes.es\\\/blog\\\/el-pabellon-de-luz-esculpir-el-aire\\\/#respond\"]}]},{\"@type\":\"WebPage\",\"@id\":\"https:\\\/\\\/veredes.es\\\/blog\\\/el-pabellon-de-luz-esculpir-el-aire\\\/\",\"url\":\"https:\\\/\\\/veredes.es\\\/blog\\\/el-pabellon-de-luz-esculpir-el-aire\\\/\",\"name\":\"El Pabell\u00f3n de Luz | Esculpir el Aire - Jos\u00e9 \u00c1ngel Ruiz-C\u00e1ceres - veredes\",\"isPartOf\":{\"@id\":\"https:\\\/\\\/veredes.es\\\/blog\\\/#website\"},\"primaryImageOfPage\":{\"@id\":\"https:\\\/\\\/veredes.es\\\/blog\\\/el-pabellon-de-luz-esculpir-el-aire\\\/#primaryimage\"},\"image\":{\"@id\":\"https:\\\/\\\/veredes.es\\\/blog\\\/el-pabellon-de-luz-esculpir-el-aire\\\/#primaryimage\"},\"thumbnailUrl\":\"https:\\\/\\\/veredes.es\\\/blog\\\/wp-content\\\/uploads\\\/2022\\\/12\\\/El-Pabellon-de-Luz-Esculpir-el-aire-4-Alejandro-Gomez-Vives.jpg\",\"datePublished\":\"2022-12-13T23:01:50+00:00\",\"dateModified\":\"2023-02-28T15:05:13+00:00\",\"description\":\"Toda la informaci\u00f3n sobre: El Pabell\u00f3n de Luz | Esculpir el Aire - Jos\u00e9 \u00c1ngel Ruiz-C\u00e1ceres El Pabell\u00f3n de Luz, Esculpir el Aire - Jos\u00e9 \u00c1ngel Ruiz-C\u00e1ceres\",\"breadcrumb\":{\"@id\":\"https:\\\/\\\/veredes.es\\\/blog\\\/el-pabellon-de-luz-esculpir-el-aire\\\/#breadcrumb\"},\"inLanguage\":\"es\",\"potentialAction\":[{\"@type\":\"ReadAction\",\"target\":[\"https:\\\/\\\/veredes.es\\\/blog\\\/el-pabellon-de-luz-esculpir-el-aire\\\/\"]}]},{\"@type\":\"ImageObject\",\"inLanguage\":\"es\",\"@id\":\"https:\\\/\\\/veredes.es\\\/blog\\\/el-pabellon-de-luz-esculpir-el-aire\\\/#primaryimage\",\"url\":\"https:\\\/\\\/veredes.es\\\/blog\\\/wp-content\\\/uploads\\\/2022\\\/12\\\/El-Pabellon-de-Luz-Esculpir-el-aire-4-Alejandro-Gomez-Vives.jpg\",\"contentUrl\":\"https:\\\/\\\/veredes.es\\\/blog\\\/wp-content\\\/uploads\\\/2022\\\/12\\\/El-Pabellon-de-Luz-Esculpir-el-aire-4-Alejandro-Gomez-Vives.jpg\",\"width\":1200,\"height\":800,\"caption\":\"El Pabell\u00f3n de Luz | Esculpir el aire \u00a9 Alejandro G\u00f3mez Vives\"},{\"@type\":\"BreadcrumbList\",\"@id\":\"https:\\\/\\\/veredes.es\\\/blog\\\/el-pabellon-de-luz-esculpir-el-aire\\\/#breadcrumb\",\"itemListElement\":[{\"@type\":\"ListItem\",\"position\":1,\"name\":\"Portada\",\"item\":\"https:\\\/\\\/veredes.es\\\/blog\\\/\"},{\"@type\":\"ListItem\",\"position\":2,\"name\":\"El Pabell\u00f3n de Luz | Esculpir el Aire &#8211; Jos\u00e9 \u00c1ngel Ruiz-C\u00e1ceres\"}]},{\"@type\":\"WebSite\",\"@id\":\"https:\\\/\\\/veredes.es\\\/blog\\\/#website\",\"url\":\"https:\\\/\\\/veredes.es\\\/blog\\\/\",\"name\":\"veredes, arquitectura y divulgaci\u00f3n\",\"description\":\"veredes\",\"publisher\":{\"@id\":\"https:\\\/\\\/veredes.es\\\/blog\\\/#organization\"},\"alternateName\":\"veredes\",\"potentialAction\":[{\"@type\":\"SearchAction\",\"target\":{\"@type\":\"EntryPoint\",\"urlTemplate\":\"https:\\\/\\\/veredes.es\\\/blog\\\/?s={search_term_string}\"},\"query-input\":{\"@type\":\"PropertyValueSpecification\",\"valueRequired\":true,\"valueName\":\"search_term_string\"}}],\"inLanguage\":\"es\"},{\"@type\":\"Organization\",\"@id\":\"https:\\\/\\\/veredes.es\\\/blog\\\/#organization\",\"name\":\"veredes, arquitectura y divulgaci\u00f3n\",\"alternateName\":\"veredes\",\"url\":\"https:\\\/\\\/veredes.es\\\/blog\\\/\",\"logo\":{\"@type\":\"ImageObject\",\"inLanguage\":\"es\",\"@id\":\"https:\\\/\\\/veredes.es\\\/blog\\\/#\\\/schema\\\/logo\\\/image\\\/\",\"url\":\"https:\\\/\\\/veredes.es\\\/blog\\\/wp-content\\\/uploads\\\/2021\\\/12\\\/veredes-logo-centrado_140x54.png\",\"contentUrl\":\"https:\\\/\\\/veredes.es\\\/blog\\\/wp-content\\\/uploads\\\/2021\\\/12\\\/veredes-logo-centrado_140x54.png\",\"width\":140,\"height\":54,\"caption\":\"veredes, arquitectura y divulgaci\u00f3n\"},\"image\":{\"@id\":\"https:\\\/\\\/veredes.es\\\/blog\\\/#\\\/schema\\\/logo\\\/image\\\/\"},\"sameAs\":[\"https:\\\/\\\/www.facebook.com\\\/veredesArquitecturayDivulgacion\\\/\",\"https:\\\/\\\/x.com\\\/veredes\",\"https:\\\/\\\/instagram.com\\\/veredes\\\/\",\"https:\\\/\\\/www.linkedin.com\\\/company\\\/veredes-arquitectura-y-divulgacion\\\/\",\"https:\\\/\\\/es.pinterest.com\\\/veredes\\\/\",\"https:\\\/\\\/www.tumblr.com\\\/veredes\"]},{\"@type\":\"Person\",\"@id\":\"https:\\\/\\\/veredes.es\\\/blog\\\/#\\\/schema\\\/person\\\/0bbb669073ef7faba5168a0844e93d2c\",\"name\":\"veredes\",\"image\":{\"@type\":\"ImageObject\",\"inLanguage\":\"es\",\"@id\":\"https:\\\/\\\/veredes.es\\\/blog\\\/wp-content\\\/uploads\\\/2018\\\/04\\\/face-96x96.jpg\",\"url\":\"https:\\\/\\\/veredes.es\\\/blog\\\/wp-content\\\/uploads\\\/2018\\\/04\\\/face-96x96.jpg\",\"contentUrl\":\"https:\\\/\\\/veredes.es\\\/blog\\\/wp-content\\\/uploads\\\/2018\\\/04\\\/face-96x96.jpg\",\"caption\":\"veredes\"},\"description\":\"Surge enero de 2009 como b\u00fasqueda de satisfacer el conocimiento de la actividad arquitect\u00f3nica y tangentes que se generan. La idea es crear un espacio para divulgar los diversos proyectos en busca de nueva inspiraci\u00f3n y de intercambio.\",\"sameAs\":[\"https:\\\/\\\/veredes.es\\\/\",\"https:\\\/\\\/www.facebook.com\\\/veredesArquitecturayDivulgacion\\\/\",\"https:\\\/\\\/www.instagram.com\\\/veredes\\\/\",\"https:\\\/\\\/www.linkedin.com\\\/company\\\/veredes-arquitectura-y-divulgacion\\\/\",\"https:\\\/\\\/www.pinterest.es\\\/veredes\\\/\",\"https:\\\/\\\/x.com\\\/https:\\\/\\\/twitter.com\\\/veredes\",\"https:\\\/\\\/veredes.tumblr.com\\\/\"],\"url\":\"https:\\\/\\\/veredes.es\\\/blog\\\/author\\\/alberto\\\/\"}]}<\/script>\n<!-- \/ Yoast SEO plugin. -->","yoast_head_json":{"title":"El Pabell\u00f3n de Luz | Esculpir el Aire - Jos\u00e9 \u00c1ngel Ruiz-C\u00e1ceres - veredes","description":"Toda la informaci\u00f3n sobre: El Pabell\u00f3n de Luz | Esculpir el Aire - Jos\u00e9 \u00c1ngel Ruiz-C\u00e1ceres El Pabell\u00f3n de Luz, Esculpir el Aire - Jos\u00e9 \u00c1ngel Ruiz-C\u00e1ceres","robots":{"index":"index","follow":"follow","max-snippet":"max-snippet:-1","max-image-preview":"max-image-preview:large","max-video-preview":"max-video-preview:-1"},"canonical":"https:\/\/veredes.es\/blog\/el-pabellon-de-luz-esculpir-el-aire\/","og_locale":"es_ES","og_type":"article","og_title":"El Pabell\u00f3n de Luz | Esculpir el Aire - Jos\u00e9 \u00c1ngel Ruiz-C\u00e1ceres - veredes","og_description":"Toda la informaci\u00f3n sobre: El Pabell\u00f3n de Luz | Esculpir el Aire - Jos\u00e9 \u00c1ngel Ruiz-C\u00e1ceres El Pabell\u00f3n de Luz, Esculpir el Aire - Jos\u00e9 \u00c1ngel Ruiz-C\u00e1ceres","og_url":"https:\/\/veredes.es\/blog\/el-pabellon-de-luz-esculpir-el-aire\/","og_site_name":"veredes, arquitectura y divulgaci\u00f3n","article_publisher":"https:\/\/www.facebook.com\/veredesArquitecturayDivulgacion\/","article_author":"https:\/\/www.facebook.com\/veredesArquitecturayDivulgacion\/","article_published_time":"2022-12-13T23:01:50+00:00","article_modified_time":"2023-02-28T15:05:13+00:00","og_image":[{"width":1200,"height":800,"url":"https:\/\/veredes.es\/blog\/wp-content\/uploads\/2022\/12\/El-Pabellon-de-Luz-Esculpir-el-aire-4-Alejandro-Gomez-Vives.jpg","type":"image\/jpeg"}],"author":"veredes","twitter_card":"summary_large_image","twitter_creator":"@https:\/\/twitter.com\/veredes","twitter_site":"@veredes","twitter_misc":{"Escrito por":"veredes","Tiempo de lectura":"4 minutos"},"schema":{"@context":"https:\/\/schema.org","@graph":[{"@type":"Article","@id":"https:\/\/veredes.es\/blog\/el-pabellon-de-luz-esculpir-el-aire\/#article","isPartOf":{"@id":"https:\/\/veredes.es\/blog\/el-pabellon-de-luz-esculpir-el-aire\/"},"author":{"name":"veredes","@id":"https:\/\/veredes.es\/blog\/#\/schema\/person\/0bbb669073ef7faba5168a0844e93d2c"},"headline":"El Pabell\u00f3n de Luz | Esculpir el Aire &#8211; Jos\u00e9 \u00c1ngel Ruiz-C\u00e1ceres","datePublished":"2022-12-13T23:01:50+00:00","dateModified":"2023-02-28T15:05:13+00:00","mainEntityOfPage":{"@id":"https:\/\/veredes.es\/blog\/el-pabellon-de-luz-esculpir-el-aire\/"},"wordCount":677,"commentCount":0,"publisher":{"@id":"https:\/\/veredes.es\/blog\/#organization"},"image":{"@id":"https:\/\/veredes.es\/blog\/el-pabellon-de-luz-esculpir-el-aire\/#primaryimage"},"thumbnailUrl":"https:\/\/veredes.es\/blog\/wp-content\/uploads\/2022\/12\/El-Pabellon-de-Luz-Esculpir-el-aire-4-Alejandro-Gomez-Vives.jpg","keywords":["arquitectura espa\u00f1ola","arquitectura valenciana","Esculpir el aire","Jos\u00e9 \u00c1ngel Ruiz C\u00e1ceres","local comercial","pabell\u00f3n"],"articleSection":["arquitectura","equipamiento terciario","obras","slider principal"],"inLanguage":"es","potentialAction":[{"@type":"CommentAction","name":"Comment","target":["https:\/\/veredes.es\/blog\/el-pabellon-de-luz-esculpir-el-aire\/#respond"]}]},{"@type":"WebPage","@id":"https:\/\/veredes.es\/blog\/el-pabellon-de-luz-esculpir-el-aire\/","url":"https:\/\/veredes.es\/blog\/el-pabellon-de-luz-esculpir-el-aire\/","name":"El Pabell\u00f3n de Luz | Esculpir el Aire - Jos\u00e9 \u00c1ngel Ruiz-C\u00e1ceres - veredes","isPartOf":{"@id":"https:\/\/veredes.es\/blog\/#website"},"primaryImageOfPage":{"@id":"https:\/\/veredes.es\/blog\/el-pabellon-de-luz-esculpir-el-aire\/#primaryimage"},"image":{"@id":"https:\/\/veredes.es\/blog\/el-pabellon-de-luz-esculpir-el-aire\/#primaryimage"},"thumbnailUrl":"https:\/\/veredes.es\/blog\/wp-content\/uploads\/2022\/12\/El-Pabellon-de-Luz-Esculpir-el-aire-4-Alejandro-Gomez-Vives.jpg","datePublished":"2022-12-13T23:01:50+00:00","dateModified":"2023-02-28T15:05:13+00:00","description":"Toda la informaci\u00f3n sobre: El Pabell\u00f3n de Luz | Esculpir el Aire - Jos\u00e9 \u00c1ngel Ruiz-C\u00e1ceres El Pabell\u00f3n de Luz, Esculpir el Aire - Jos\u00e9 \u00c1ngel Ruiz-C\u00e1ceres","breadcrumb":{"@id":"https:\/\/veredes.es\/blog\/el-pabellon-de-luz-esculpir-el-aire\/#breadcrumb"},"inLanguage":"es","potentialAction":[{"@type":"ReadAction","target":["https:\/\/veredes.es\/blog\/el-pabellon-de-luz-esculpir-el-aire\/"]}]},{"@type":"ImageObject","inLanguage":"es","@id":"https:\/\/veredes.es\/blog\/el-pabellon-de-luz-esculpir-el-aire\/#primaryimage","url":"https:\/\/veredes.es\/blog\/wp-content\/uploads\/2022\/12\/El-Pabellon-de-Luz-Esculpir-el-aire-4-Alejandro-Gomez-Vives.jpg","contentUrl":"https:\/\/veredes.es\/blog\/wp-content\/uploads\/2022\/12\/El-Pabellon-de-Luz-Esculpir-el-aire-4-Alejandro-Gomez-Vives.jpg","width":1200,"height":800,"caption":"El Pabell\u00f3n de Luz | Esculpir el aire \u00a9 Alejandro G\u00f3mez Vives"},{"@type":"BreadcrumbList","@id":"https:\/\/veredes.es\/blog\/el-pabellon-de-luz-esculpir-el-aire\/#breadcrumb","itemListElement":[{"@type":"ListItem","position":1,"name":"Portada","item":"https:\/\/veredes.es\/blog\/"},{"@type":"ListItem","position":2,"name":"El Pabell\u00f3n de Luz | Esculpir el Aire &#8211; Jos\u00e9 \u00c1ngel Ruiz-C\u00e1ceres"}]},{"@type":"WebSite","@id":"https:\/\/veredes.es\/blog\/#website","url":"https:\/\/veredes.es\/blog\/","name":"veredes, arquitectura y divulgaci\u00f3n","description":"veredes","publisher":{"@id":"https:\/\/veredes.es\/blog\/#organization"},"alternateName":"veredes","potentialAction":[{"@type":"SearchAction","target":{"@type":"EntryPoint","urlTemplate":"https:\/\/veredes.es\/blog\/?s={search_term_string}"},"query-input":{"@type":"PropertyValueSpecification","valueRequired":true,"valueName":"search_term_string"}}],"inLanguage":"es"},{"@type":"Organization","@id":"https:\/\/veredes.es\/blog\/#organization","name":"veredes, arquitectura y divulgaci\u00f3n","alternateName":"veredes","url":"https:\/\/veredes.es\/blog\/","logo":{"@type":"ImageObject","inLanguage":"es","@id":"https:\/\/veredes.es\/blog\/#\/schema\/logo\/image\/","url":"https:\/\/veredes.es\/blog\/wp-content\/uploads\/2021\/12\/veredes-logo-centrado_140x54.png","contentUrl":"https:\/\/veredes.es\/blog\/wp-content\/uploads\/2021\/12\/veredes-logo-centrado_140x54.png","width":140,"height":54,"caption":"veredes, arquitectura y divulgaci\u00f3n"},"image":{"@id":"https:\/\/veredes.es\/blog\/#\/schema\/logo\/image\/"},"sameAs":["https:\/\/www.facebook.com\/veredesArquitecturayDivulgacion\/","https:\/\/x.com\/veredes","https:\/\/instagram.com\/veredes\/","https:\/\/www.linkedin.com\/company\/veredes-arquitectura-y-divulgacion\/","https:\/\/es.pinterest.com\/veredes\/","https:\/\/www.tumblr.com\/veredes"]},{"@type":"Person","@id":"https:\/\/veredes.es\/blog\/#\/schema\/person\/0bbb669073ef7faba5168a0844e93d2c","name":"veredes","image":{"@type":"ImageObject","inLanguage":"es","@id":"https:\/\/veredes.es\/blog\/wp-content\/uploads\/2018\/04\/face-96x96.jpg","url":"https:\/\/veredes.es\/blog\/wp-content\/uploads\/2018\/04\/face-96x96.jpg","contentUrl":"https:\/\/veredes.es\/blog\/wp-content\/uploads\/2018\/04\/face-96x96.jpg","caption":"veredes"},"description":"Surge enero de 2009 como b\u00fasqueda de satisfacer el conocimiento de la actividad arquitect\u00f3nica y tangentes que se generan. La idea es crear un espacio para divulgar los diversos proyectos en busca de nueva inspiraci\u00f3n y de intercambio.","sameAs":["https:\/\/veredes.es\/","https:\/\/www.facebook.com\/veredesArquitecturayDivulgacion\/","https:\/\/www.instagram.com\/veredes\/","https:\/\/www.linkedin.com\/company\/veredes-arquitectura-y-divulgacion\/","https:\/\/www.pinterest.es\/veredes\/","https:\/\/x.com\/https:\/\/twitter.com\/veredes","https:\/\/veredes.tumblr.com\/"],"url":"https:\/\/veredes.es\/blog\/author\/alberto\/"}]}},"_links":{"self":[{"href":"https:\/\/veredes.es\/blog\/wp-json\/wp\/v2\/posts\/91479","targetHints":{"allow":["GET"]}}],"collection":[{"href":"https:\/\/veredes.es\/blog\/wp-json\/wp\/v2\/posts"}],"about":[{"href":"https:\/\/veredes.es\/blog\/wp-json\/wp\/v2\/types\/post"}],"author":[{"embeddable":true,"href":"https:\/\/veredes.es\/blog\/wp-json\/wp\/v2\/users\/2"}],"replies":[{"embeddable":true,"href":"https:\/\/veredes.es\/blog\/wp-json\/wp\/v2\/comments?post=91479"}],"version-history":[{"count":0,"href":"https:\/\/veredes.es\/blog\/wp-json\/wp\/v2\/posts\/91479\/revisions"}],"wp:featuredmedia":[{"embeddable":true,"href":"https:\/\/veredes.es\/blog\/wp-json\/wp\/v2\/media\/91494"}],"wp:attachment":[{"href":"https:\/\/veredes.es\/blog\/wp-json\/wp\/v2\/media?parent=91479"}],"wp:term":[{"taxonomy":"category","embeddable":true,"href":"https:\/\/veredes.es\/blog\/wp-json\/wp\/v2\/categories?post=91479"},{"taxonomy":"post_tag","embeddable":true,"href":"https:\/\/veredes.es\/blog\/wp-json\/wp\/v2\/tags?post=91479"}],"curies":[{"name":"wp","href":"https:\/\/api.w.org\/{rel}","templated":true}]}}