{"id":91275,"date":"2022-11-25T00:01:35","date_gmt":"2022-11-24T23:01:35","guid":{"rendered":"https:\/\/veredes.es\/blog\/?p=91275"},"modified":"2022-11-25T09:08:29","modified_gmt":"2022-11-25T08:08:29","slug":"programas-operativos-programas-criticos-miquel-lacasta","status":"publish","type":"post","link":"https:\/\/veredes.es\/blog\/programas-operativos-programas-criticos-miquel-lacasta\/","title":{"rendered":"Programas Operativos, Programas Cr\u00edticos | Miquel Lacasta"},"content":{"rendered":"<figure id=\"attachment_91276\" aria-describedby=\"caption-attachment-91276\" style=\"width: 750px\" class=\"wp-caption alignnone\"><img loading=\"lazy\" decoding=\"async\" class=\"wp-image-91276\" title=\"Programas Operativos, Programas Cr\u00edticos Miquel Lacasta En la imagen una de las conocidas perspectivas del Bernard Tschumi del Parc de la Villete\" src=\"https:\/\/veredes.es\/blog\/wp-content\/uploads\/2022\/11\/Programas-Operativos-Programas-Criticos-Miquel-Lacasta-En-la-imagen-una-de-las-conocidas-perspectivas-del-Bernard-Tschumi-del-Parc-de-la-Villete.jpg\" alt=\"Programas Operativos, Programas Cr\u00edticos Miquel Lacasta En la imagen una de las conocidas perspectivas del Bernard Tschumi del Parc de la Villete\" width=\"750\" height=\"459\" srcset=\"https:\/\/veredes.es\/blog\/wp-content\/uploads\/2022\/11\/Programas-Operativos-Programas-Criticos-Miquel-Lacasta-En-la-imagen-una-de-las-conocidas-perspectivas-del-Bernard-Tschumi-del-Parc-de-la-Villete.jpg 640w, https:\/\/veredes.es\/blog\/wp-content\/uploads\/2022\/11\/Programas-Operativos-Programas-Criticos-Miquel-Lacasta-En-la-imagen-una-de-las-conocidas-perspectivas-del-Bernard-Tschumi-del-Parc-de-la-Villete-300x184.jpg 300w\" sizes=\"auto, (max-width: 750px) 100vw, 750px\" \/><figcaption id=\"caption-attachment-91276\" class=\"wp-caption-text\"><span style=\"color: #999999;\">Imagen una de las conocidas perspectivas del Bernard Tschumi del Parc de la Villete | Fuente: <a href=\"http:\/\/nickkahler.tumblr.com\/post\/5968140490\" target=\"_blank\" rel=\"noopener\">nickkahler.tumblr.com<\/a><\/span><\/figcaption><\/figure>\n<p style=\"text-align: justify;\">El valor del programa en la arquitectura es un sujeto de reflexi\u00f3n y de discusi\u00f3n que arranca en los 90\u2019s, aunque si nos fijamos bien, ya est\u00e1 presente en textos de finales de los 70\u2019s y 80\u2019s. As\u00ed que no hay que buscar en ello una condici\u00f3n de novedad. Sin embargo si que se puede afirmar que por la simple raz\u00f3n de que estamos ante una discusi\u00f3n con un cierto poso temporal, no deja de ser radicalmente necesaria la idea de pensar y reflexionar el programa de la arquitectura. De hecho, uno de los puntos clave de reflexi\u00f3n contempor\u00e1nea en la arquitectura es la noci\u00f3n cr\u00edtica del programa y sus propiedades operativas.<\/p>\n<p style=\"text-align: justify;\"><strong><a href=\"https:\/\/veredes.es\/blog\/tag\/rem-koolhaas\/\" target=\"_blank\" rel=\"noopener\">Rem Koolhaas<\/a><\/strong> nos dice que en el concurso del Parque de<\/p>\n<blockquote>\n<p style=\"text-align: justify;\"><em>\u00abLa Villette<\/em>\u00a0<em>profundiza en el tema de la congesti\u00f3n, ingrediente clave de cualquier proyecto o arquitectura metropolitanos\u00bb<\/em>.<\/p>\n<\/blockquote>\n<p style=\"text-align: justify;\">Es el primer proyecto en el que se investiga sobre este tema despu\u00e9s de los estudios sobre Nueva York. La idea congesti\u00f3n es una manera interesante de referirse a la relaci\u00f3n entre programa de arquitectura y espacio proyectado. Para Koolhaas la arquitectura est\u00e1 muy ligada a la acci\u00f3n y al programa desde su vertiente estrat\u00e9gica y operativa, y no tanto a la construcci\u00f3n y la materialidad que quedan supeditados al rol de expresi\u00f3n de la pareja anterior.<\/p>\n<blockquote>\n<p style=\"text-align: justify;\"><em>\u00abHubo un tiempo en que las funciones estaban asociadas a las estructuras que las permit\u00edan y dichas funciones determinaban a su vez esas estructuras. Exist\u00eda una relaci\u00f3n clara espacio-funci\u00f3n: las cosas son lo que quieren ser, dec\u00eda Kahn\u00bb.\u00a0<\/em><\/p>\n<\/blockquote>\n<p style=\"text-align: justify;\">Seg\u00fan Ra\u00fal del Valle Gonz\u00e1lez en el texto\u00a0<em>Copy-Paste; Le Corbusier en OMA\/Rem Koolhaas,\u00a0<\/em>donde ahonda en el tema comentando:<\/p>\n<blockquote>\n<p style=\"text-align: justify;\"><em>\u00abcon el tiempo, podemos asignar a unos espacios pensados para una serie de actividades otras que en principio, no estaban destinadas all\u00ed\u0301: comienza a aparecer el espacio flexible\u00bb.<\/em><sup>1\u00a0<\/sup><\/p>\n<\/blockquote>\n<p style=\"text-align: justify;\">La presencia del programa como mera traducci\u00f3n de funciones en un \u00e1mbito de relaciones espaciales concretas, deja paso lentamente a un instrumento operativo que solamente a partir de una lectura cr\u00edtica del programa se transforma en una herramienta capaz de proyectar arquitectura. De hecho, no solamente eso, se convierte tambi\u00e9n en un \u00fatil con la capacidad de crear nueva arquitectura.<\/p>\n<p style=\"text-align: justify;\">En otras palabras, la condici\u00f3n contempor\u00e1nea de la arquitectura ya no reside en la capacidad de interpretaci\u00f3n de un estilo concreto, sino en el desarrollo de nuevos programas, ligados a una lectura cr\u00edtica de la contemporaneidad capaz de crear arquitecturas de nueva generaci\u00f3n.<\/p>\n<p style=\"text-align: justify;\">O en otras palabras,<\/p>\n<blockquote>\n<p style=\"text-align: justify;\"><em>\u00abel programa se convierte entonces para algunos arquitectos en un nuevo material para definir la arquitectura, que impone a \u00e9sta sus leyes y relaciones, dictando las decisiones del proyecto: estudiar los programas, con numerosos datos e infinitas relaciones posibles donde todo tiene cabida se convierte en un nuevo modo de afrontar el dise\u00f1o del espacio desde el programa\u00bb.<\/em><\/p>\n<\/blockquote>\n<p style=\"text-align: justify;\">Volvamos a otra manera de reflexionar sobre el programa que curiosamente desarrolla otro arquitecto invitado al concurso de\u00a0<em>La Villete<\/em>\u00a0en 1982.<\/p>\n<p style=\"text-align: justify;\">Podr\u00edamos decir que en este concurso se dar\u00eda una clara y quiz\u00e1s primera e intensa manera de entender la arquitectura de la forma que la estamos reflexionando aqu\u00ed, mediante el desarrollo de un programa operativo.<\/p>\n<p style=\"text-align: justify;\">En\u00a0<em>Espaces et \u00c9v\u00e9nements<\/em>,<sup>2 <\/sup><strong><a href=\"https:\/\/veredes.es\/blog\/tag\/bernard-schumi\/\" target=\"_blank\" rel=\"noopener\">Bernard Tschumi<\/a><\/strong> reflexiona con una propuesta que afirma que la relevancia social y la invenci\u00f3n formal de la arquitectura no se puede disociar de los eventos que en ella se dan de forma que puede decirse que no existe espacio sin evento, ni arquitectura sin programa. En el famoso concurso ganado por Tschumi, espec\u00edficamente se explora a fondo la relaci\u00f3n entre la forma y la invenci\u00f3n de programas, entre la abstracci\u00f3n del pensamiento arquitect\u00f3nico y la representaci\u00f3n de eventos. Esta oposici\u00f3n entre un discurso verbal critico y uno visual sugiere que ambos son complementarios.<\/p>\n<p style=\"text-align: justify;\">En definitiva se enarbola en los textos y en este y otros proyectos de <a href=\"https:\/\/veredes.es\/blog\/invenciones-nueva-york-vs-rem-koolhaas-bernard-tschumi-piranesi\/\" target=\"_blank\" rel=\"noopener\">Tschumi<\/a> una exploraci\u00f3n acerca de la disyunci\u00f3n entre la forma esperada por la construcci\u00f3n cr\u00edtica de un programa y el uso esperado por la concatenaci\u00f3n de eventos que el programa, entendido como estructura de la acci\u00f3n, va a desarrollar. Se puede empezar as\u00ed a pensar en una serie de proyectos que oponen programas espec\u00edficos con espacios particulares, generalmente conflictivos entre s\u00ed. Este\u00a0<em>modus operandi<\/em>\u00a0que proviene tanto de la noci\u00f3n del programa como catalizador de la acci\u00f3n, como por la necesaria construcci\u00f3n cr\u00edtica de este, abre de facto las puertas al advenimiento de una arquitectura renovada.<\/p>\n<p style=\"text-align: justify;\">El procedimiento que preconiza <a href=\"https:\/\/veredes.es\/blog\/tschumi-el-concepto-y-el-parc-de-la-villette-marcelo-gardinetti-2\/\" target=\"_blank\" rel=\"noopener\">Tschumi<\/a> est\u00e1 precisamente definido; los eventos, movimientos y los espacios se encuentran yuxtapuestos de forma anal\u00edtica en una tensi\u00f3n rec\u00edproca. Estos se hacen evolucionar hac\u00eda una aproximaci\u00f3n m\u00e1s y m\u00e1s sint\u00e9tica. Se empieza por un estudio cr\u00edtico de la ciudad para llegar a lo absolutamente fundamental: a los espacios simples y puros, a los movimientos corporales fundamentales, a los m\u00e1s breves escenarios. El ejercicio va torn\u00e1ndose cada vez m\u00e1s complejo al introducir paralelismos literarios y secuencias de eventos, a la vez que se emplazan los programas en el contexto urbano real. En la\u00a0<em>megal\u00f3polis planetaria<\/em>, los nuevos programas se insertan en nuevas situaciones urbanas. El proceso llega a terminar un ciclo completo: de la deconstrucci\u00f3n de la ciudad a la exploraci\u00f3n de nuevos c\u00f3digos de ensamblaje. La arquitectura ya no es un tel\u00f3n de fondo para las acciones, es la acci\u00f3n misma.<\/p>\n<p style=\"text-align: justify;\">\u00daltimamente en l\u00ednea con ciertas formas de pensamiento responsable acerca de la ciudad y el hecho urbano contempor\u00e1neo, se empieza a trazar una gruesa l\u00ednea de acci\u00f3n program\u00e1tica basada en el reciclaje de la ciudad a trav\u00e9s de una re-programaci\u00f3n. Es decir, no solamente hace falta hoy d\u00eda operar en la ciudad a partir de la reflexi\u00f3n operativa entorno a nuevos programas, sino que adem\u00e1s debemos cr\u00edticamente leer la ciudad existente para reprogramarla, movilizar la acci\u00f3n inducida por los programas y reciclar zonas existentes obsoletas con la savia nueva de programas reinterpretados y puestos al d\u00eda.<\/p>\n<p style=\"text-align: justify;\">En definitiva, podr\u00eda decirse que la arquitectura ya no se piensa con formas, se proyecta con programas.<\/p>\n<p>Miquel Lacasta Codorniu. Doctor arquitecto<br \/>\nBarcelona, Octubre 2014<\/p>\n<p>Notas:<\/p>\n<p style=\"text-align: justify;\"><sup>1 <\/sup>Del Valle Gonz\u00e1lez, Ra\u00fal, <em>Copy-Paste; Le Corbusier en OMA\/Rem Koolhaas<\/em>, ponencia para el X Seminario Docomomo Brasil, Arquitetura Moderna e Internacional:\u00a0<em>conex\u00f5es brutalistas\u00a0<\/em>1955-75, 15-18.out.2013 \u2013 PUCPR, Curitiba<\/p>\n<p style=\"text-align: justify;\"><sup>2 <\/sup>Tschumi, Bernard, <em>Architecture and Disjunction<\/em>, MIT Press, Cambridge, 1994. De la edici\u00f3n francesa revisada y corregida,\u00a0<em>Architecture et Disjonction<\/em>, \u00c9ditions HYX, Orl\u00e9ans, 2014. El texto titulado en\u00a0<em>Architecture et Disjonction<\/em>\u00a0como\u00a0<em>Espaces et \u00c9v\u00e9nements<\/em>\u00a0fue publicado originalmente bajo el t\u00edtulo\u00a0<em>Themes III: The DIscourse of Events<\/em>\u00a0en la\u00a0<em>Architectural Association<\/em>\u00a0en 1983.<\/p>\n<p style=\"text-align: justify;\">\n","protected":false},"excerpt":{"rendered":"<p>El valor del programa en la arquitectura es un sujeto de reflexi\u00f3n y de discusi\u00f3n que arranca en los 90\u2019s, aunque si nos fijamos bien, ya est\u00e1 presente en textos de finales de los 70\u2019s y 80\u2019s. As\u00ed que no hay que buscar en ello una condici\u00f3n de novedad. Sin embargo si que se puede [&hellip;]<\/p>\n","protected":false},"author":32,"featured_media":91276,"comment_status":"open","ping_status":"closed","sticky":false,"template":"","format":"standard","meta":{"footnotes":""},"categories":[568,5951],"tags":[12448,3651,352,785,4985,4522,6776,1113,16233,1865,2173,6777],"class_list":{"0":"post-91275","1":"post","2":"type-post","3":"status-publish","4":"format-standard","5":"has-post-thumbnail","7":"category-faro","8":"category-slider-principal","9":"tag-arquitectura","10":"tag-bernard-schumi","11":"tag-concepto","12":"tag-le-corbusier","13":"tag-marcelo-gardinetti","14":"tag-miquel-lacasta","15":"tag-paul-cezanne","16":"tag-proyecto","17":"tag-raul-del-valle-gonzalez","18":"tag-reflexion","19":"tag-rem-koolhaas","20":"tag-villette"},"yoast_head":"<!-- This site is optimized with the Yoast SEO plugin v27.5 - https:\/\/yoast.com\/product\/yoast-seo-wordpress\/ -->\n<title>Programas Operativos, Programas Cr\u00edticos | Miquel Lacasta - veredes<\/title>\n<meta name=\"description\" content=\"Toda la informaci\u00f3n sobre: Programas Operativos, Programas Cr\u00edticos | Miquel Lacasta\" \/>\n<meta name=\"robots\" content=\"index, follow, max-snippet:-1, max-image-preview:large, max-video-preview:-1\" \/>\n<link rel=\"canonical\" href=\"https:\/\/veredes.es\/blog\/programas-operativos-programas-criticos-miquel-lacasta\/\" \/>\n<meta property=\"og:locale\" content=\"es_ES\" \/>\n<meta property=\"og:type\" content=\"article\" \/>\n<meta property=\"og:title\" content=\"Programas Operativos, Programas Cr\u00edticos | Miquel Lacasta - veredes\" \/>\n<meta property=\"og:description\" content=\"Toda la informaci\u00f3n sobre: Programas Operativos, Programas Cr\u00edticos | Miquel Lacasta\" \/>\n<meta property=\"og:url\" content=\"https:\/\/veredes.es\/blog\/programas-operativos-programas-criticos-miquel-lacasta\/\" \/>\n<meta property=\"og:site_name\" content=\"veredes, arquitectura y divulgaci\u00f3n\" \/>\n<meta property=\"article:publisher\" content=\"https:\/\/www.facebook.com\/veredesArquitecturayDivulgacion\/\" \/>\n<meta property=\"article:author\" content=\"https:\/\/www.facebook.com\/MikelLacastaCodorniu\" \/>\n<meta property=\"article:published_time\" content=\"2022-11-24T23:01:35+00:00\" \/>\n<meta property=\"article:modified_time\" content=\"2022-11-25T08:08:29+00:00\" \/>\n<meta property=\"og:image\" content=\"https:\/\/veredes.es\/blog\/wp-content\/uploads\/2022\/11\/Programas-Operativos-Programas-Criticos-Miquel-Lacasta-En-la-imagen-una-de-las-conocidas-perspectivas-del-Bernard-Tschumi-del-Parc-de-la-Villete.jpg\" \/>\n\t<meta property=\"og:image:width\" content=\"640\" \/>\n\t<meta property=\"og:image:height\" content=\"392\" \/>\n\t<meta property=\"og:image:type\" content=\"image\/jpeg\" \/>\n<meta name=\"author\" content=\"Miquel Lacasta Codorniu\" \/>\n<meta name=\"twitter:card\" content=\"summary_large_image\" \/>\n<meta name=\"twitter:creator\" content=\"@https:\/\/twitter.com\/miquelacasta\" \/>\n<meta name=\"twitter:site\" content=\"@veredes\" \/>\n<meta name=\"twitter:label1\" content=\"Escrito por\" \/>\n\t<meta name=\"twitter:data1\" content=\"Miquel Lacasta Codorniu\" \/>\n\t<meta name=\"twitter:label2\" content=\"Tiempo de lectura\" \/>\n\t<meta name=\"twitter:data2\" content=\"6 minutos\" \/>\n<script type=\"application\/ld+json\" class=\"yoast-schema-graph\">{\"@context\":\"https:\\\/\\\/schema.org\",\"@graph\":[{\"@type\":\"Article\",\"@id\":\"https:\\\/\\\/veredes.es\\\/blog\\\/programas-operativos-programas-criticos-miquel-lacasta\\\/#article\",\"isPartOf\":{\"@id\":\"https:\\\/\\\/veredes.es\\\/blog\\\/programas-operativos-programas-criticos-miquel-lacasta\\\/\"},\"author\":{\"name\":\"Miquel Lacasta Codorniu\",\"@id\":\"https:\\\/\\\/veredes.es\\\/blog\\\/#\\\/schema\\\/person\\\/11c5393188d51787b8b13761dea40343\"},\"headline\":\"Programas Operativos, Programas Cr\u00edticos | Miquel Lacasta\",\"datePublished\":\"2022-11-24T23:01:35+00:00\",\"dateModified\":\"2022-11-25T08:08:29+00:00\",\"mainEntityOfPage\":{\"@id\":\"https:\\\/\\\/veredes.es\\\/blog\\\/programas-operativos-programas-criticos-miquel-lacasta\\\/\"},\"wordCount\":1206,\"commentCount\":0,\"publisher\":{\"@id\":\"https:\\\/\\\/veredes.es\\\/blog\\\/#organization\"},\"image\":{\"@id\":\"https:\\\/\\\/veredes.es\\\/blog\\\/programas-operativos-programas-criticos-miquel-lacasta\\\/#primaryimage\"},\"thumbnailUrl\":\"https:\\\/\\\/veredes.es\\\/blog\\\/wp-content\\\/uploads\\\/2022\\\/11\\\/Programas-Operativos-Programas-Criticos-Miquel-Lacasta-En-la-imagen-una-de-las-conocidas-perspectivas-del-Bernard-Tschumi-del-Parc-de-la-Villete.jpg\",\"keywords\":[\"arquitectura\",\"Bernard Tschumi\",\"concepto\",\"Le Corbusier\",\"Marcelo Gardinetti\",\"Miquel Lacasta\",\"Paul C\u00e9zanne\",\"proyecto\",\"Ra\u00fal Del Valle Gonz\u00e1lez\",\"reflexi\u00f3n\",\"Rem Koolhaas\",\"villette\"],\"articleSection\":[\"faro\",\"slider principal\"],\"inLanguage\":\"es\",\"potentialAction\":[{\"@type\":\"CommentAction\",\"name\":\"Comment\",\"target\":[\"https:\\\/\\\/veredes.es\\\/blog\\\/programas-operativos-programas-criticos-miquel-lacasta\\\/#respond\"]}]},{\"@type\":\"WebPage\",\"@id\":\"https:\\\/\\\/veredes.es\\\/blog\\\/programas-operativos-programas-criticos-miquel-lacasta\\\/\",\"url\":\"https:\\\/\\\/veredes.es\\\/blog\\\/programas-operativos-programas-criticos-miquel-lacasta\\\/\",\"name\":\"Programas Operativos, Programas Cr\u00edticos | Miquel Lacasta - veredes\",\"isPartOf\":{\"@id\":\"https:\\\/\\\/veredes.es\\\/blog\\\/#website\"},\"primaryImageOfPage\":{\"@id\":\"https:\\\/\\\/veredes.es\\\/blog\\\/programas-operativos-programas-criticos-miquel-lacasta\\\/#primaryimage\"},\"image\":{\"@id\":\"https:\\\/\\\/veredes.es\\\/blog\\\/programas-operativos-programas-criticos-miquel-lacasta\\\/#primaryimage\"},\"thumbnailUrl\":\"https:\\\/\\\/veredes.es\\\/blog\\\/wp-content\\\/uploads\\\/2022\\\/11\\\/Programas-Operativos-Programas-Criticos-Miquel-Lacasta-En-la-imagen-una-de-las-conocidas-perspectivas-del-Bernard-Tschumi-del-Parc-de-la-Villete.jpg\",\"datePublished\":\"2022-11-24T23:01:35+00:00\",\"dateModified\":\"2022-11-25T08:08:29+00:00\",\"description\":\"Toda la informaci\u00f3n sobre: Programas Operativos, Programas Cr\u00edticos | Miquel Lacasta\",\"breadcrumb\":{\"@id\":\"https:\\\/\\\/veredes.es\\\/blog\\\/programas-operativos-programas-criticos-miquel-lacasta\\\/#breadcrumb\"},\"inLanguage\":\"es\",\"potentialAction\":[{\"@type\":\"ReadAction\",\"target\":[\"https:\\\/\\\/veredes.es\\\/blog\\\/programas-operativos-programas-criticos-miquel-lacasta\\\/\"]}]},{\"@type\":\"ImageObject\",\"inLanguage\":\"es\",\"@id\":\"https:\\\/\\\/veredes.es\\\/blog\\\/programas-operativos-programas-criticos-miquel-lacasta\\\/#primaryimage\",\"url\":\"https:\\\/\\\/veredes.es\\\/blog\\\/wp-content\\\/uploads\\\/2022\\\/11\\\/Programas-Operativos-Programas-Criticos-Miquel-Lacasta-En-la-imagen-una-de-las-conocidas-perspectivas-del-Bernard-Tschumi-del-Parc-de-la-Villete.jpg\",\"contentUrl\":\"https:\\\/\\\/veredes.es\\\/blog\\\/wp-content\\\/uploads\\\/2022\\\/11\\\/Programas-Operativos-Programas-Criticos-Miquel-Lacasta-En-la-imagen-una-de-las-conocidas-perspectivas-del-Bernard-Tschumi-del-Parc-de-la-Villete.jpg\",\"width\":640,\"height\":392,\"caption\":\"Programas Operativos, Programas Cr\u00edticos Miquel Lacasta En la imagen una de las conocidas perspectivas del Bernard Tschumi del Parc de la Villete\"},{\"@type\":\"BreadcrumbList\",\"@id\":\"https:\\\/\\\/veredes.es\\\/blog\\\/programas-operativos-programas-criticos-miquel-lacasta\\\/#breadcrumb\",\"itemListElement\":[{\"@type\":\"ListItem\",\"position\":1,\"name\":\"Portada\",\"item\":\"https:\\\/\\\/veredes.es\\\/blog\\\/\"},{\"@type\":\"ListItem\",\"position\":2,\"name\":\"Programas Operativos, Programas Cr\u00edticos | Miquel Lacasta\"}]},{\"@type\":\"WebSite\",\"@id\":\"https:\\\/\\\/veredes.es\\\/blog\\\/#website\",\"url\":\"https:\\\/\\\/veredes.es\\\/blog\\\/\",\"name\":\"veredes, arquitectura y divulgaci\u00f3n\",\"description\":\"veredes\",\"publisher\":{\"@id\":\"https:\\\/\\\/veredes.es\\\/blog\\\/#organization\"},\"alternateName\":\"veredes\",\"potentialAction\":[{\"@type\":\"SearchAction\",\"target\":{\"@type\":\"EntryPoint\",\"urlTemplate\":\"https:\\\/\\\/veredes.es\\\/blog\\\/?s={search_term_string}\"},\"query-input\":{\"@type\":\"PropertyValueSpecification\",\"valueRequired\":true,\"valueName\":\"search_term_string\"}}],\"inLanguage\":\"es\"},{\"@type\":\"Organization\",\"@id\":\"https:\\\/\\\/veredes.es\\\/blog\\\/#organization\",\"name\":\"veredes, arquitectura y divulgaci\u00f3n\",\"alternateName\":\"veredes\",\"url\":\"https:\\\/\\\/veredes.es\\\/blog\\\/\",\"logo\":{\"@type\":\"ImageObject\",\"inLanguage\":\"es\",\"@id\":\"https:\\\/\\\/veredes.es\\\/blog\\\/#\\\/schema\\\/logo\\\/image\\\/\",\"url\":\"https:\\\/\\\/veredes.es\\\/blog\\\/wp-content\\\/uploads\\\/2021\\\/12\\\/veredes-logo-centrado_140x54.png\",\"contentUrl\":\"https:\\\/\\\/veredes.es\\\/blog\\\/wp-content\\\/uploads\\\/2021\\\/12\\\/veredes-logo-centrado_140x54.png\",\"width\":140,\"height\":54,\"caption\":\"veredes, arquitectura y divulgaci\u00f3n\"},\"image\":{\"@id\":\"https:\\\/\\\/veredes.es\\\/blog\\\/#\\\/schema\\\/logo\\\/image\\\/\"},\"sameAs\":[\"https:\\\/\\\/www.facebook.com\\\/veredesArquitecturayDivulgacion\\\/\",\"https:\\\/\\\/x.com\\\/veredes\",\"https:\\\/\\\/instagram.com\\\/veredes\\\/\",\"https:\\\/\\\/www.linkedin.com\\\/company\\\/veredes-arquitectura-y-divulgacion\\\/\",\"https:\\\/\\\/es.pinterest.com\\\/veredes\\\/\",\"https:\\\/\\\/www.tumblr.com\\\/veredes\"]},{\"@type\":\"Person\",\"@id\":\"https:\\\/\\\/veredes.es\\\/blog\\\/#\\\/schema\\\/person\\\/11c5393188d51787b8b13761dea40343\",\"name\":\"Miquel Lacasta Codorniu\",\"image\":{\"@type\":\"ImageObject\",\"inLanguage\":\"es\",\"@id\":\"https:\\\/\\\/secure.gravatar.com\\\/avatar\\\/08c0363dcfecc8314962e22fc525294dd6549dd4a7630af6a4f7053ff640935d?s=96&r=g\",\"url\":\"https:\\\/\\\/secure.gravatar.com\\\/avatar\\\/08c0363dcfecc8314962e22fc525294dd6549dd4a7630af6a4f7053ff640935d?s=96&r=g\",\"contentUrl\":\"https:\\\/\\\/secure.gravatar.com\\\/avatar\\\/08c0363dcfecc8314962e22fc525294dd6549dd4a7630af6a4f7053ff640935d?s=96&r=g\",\"caption\":\"Miquel Lacasta Codorniu\"},\"description\":\"Es cofundador en ARCHIKUBIK y tambi\u00e9n en @kubik - espacio multidisciplinario. Obtuvo un Ph.D. con honores (cum laude) en ESARQ Universitat Internacional de Catalunya UIC y tambi\u00e9n fue galardonado con el premio especial Ph.D (UIC 2012), M.arch en ESARQ Universitat Internacional de Catalunya, y se gradu\u00f3 como arquitecto en ETSAB Universitat Polit\u00e8cnica de Catalunya . Miquel es profesor asociado en ESARQ desde 1996. Anteriormente, fue profesor en Elisava y Escola LAI, y tambi\u00e9n en programas de postgrado en ETSAB y La Salle. Fue arquitecto en la oficina de Manuel Brullet desde 1989 desde 1995. Ha sido galardonado en \\\"Taller Barcelona'96. El TGV, una oportunidad por estructurar la periferia \\\". Fue codirector del taller \\\"Territorio Virtual, L\u00edmite Urbano\\\" en ITSEM Guadalajara, M\u00e9xico en 2000 y tambi\u00e9n codirector del taller \\\"Ravalizar Barcelona\\\" en ITSEM Guadalajara, M\u00e9xico, y CCNY, Nueva York, EE. UU. En 2002, 2003 y 2004. Gan\u00f3 el premio A + en 2010 por Sunion School en el Best Educational Building, The International Architecture Award 2008 en The Chicago Athenaeum por Colin's House y el primer premio en Corian Prize en 2006. Su obra ha sido expuesta en Barcelona , Madrid, Florencia, Cannes y en Le Pavillon de l'Arsenal en Par\u00eds. Varias publicaciones han sido reconocidas por su trabajo como Quaderns, ON, Arquitectura Plus, Piso, Arquitectura y Dise\u00f1o, El Pa\u00eds, ABC, La Vanguardia, Clar\u00edn, Sole 24 Ore, y otros. Recientemente realiz\u00f3 conferencias en ITSEM Guadalajara, M\u00e9xico, Facolta di Architettura di l'Alghero, Italia, msa M\u00fcnster School of Architecture, M\u00fcnster Alemania, IBM Think Tank en Par\u00eds, Francia, y varias universidades y organizaciones en Espa\u00f1a. Recientemente fue galardonado con el ZAC RN5 en el concurso Vitry-sur-Seine, un Eco-distrito de 255 residencias sociales y privadas y una residencia de estudiantes en Ivry, y 32 apartamentos asistidos para personas mayores en Olesa de Montserrat.\",\"sameAs\":[\"https:\\\/\\\/axonometrica.wordpress.com\\\/\",\"https:\\\/\\\/www.facebook.com\\\/MikelLacastaCodorniu\",\"https:\\\/\\\/www.instagram.com\\\/mikel3\\\/\",\"https:\\\/\\\/www.linkedin.com\\\/in\\\/miquel-lacasta-profile\\\/\",\"https:\\\/\\\/x.com\\\/https:\\\/\\\/twitter.com\\\/miquelacasta\"],\"url\":\"https:\\\/\\\/veredes.es\\\/blog\\\/author\\\/miquel-lacasta-codorniu\\\/\"}]}<\/script>\n<!-- \/ Yoast SEO plugin. -->","yoast_head_json":{"title":"Programas Operativos, Programas Cr\u00edticos | Miquel Lacasta - veredes","description":"Toda la informaci\u00f3n sobre: Programas Operativos, Programas Cr\u00edticos | Miquel Lacasta","robots":{"index":"index","follow":"follow","max-snippet":"max-snippet:-1","max-image-preview":"max-image-preview:large","max-video-preview":"max-video-preview:-1"},"canonical":"https:\/\/veredes.es\/blog\/programas-operativos-programas-criticos-miquel-lacasta\/","og_locale":"es_ES","og_type":"article","og_title":"Programas Operativos, Programas Cr\u00edticos | Miquel Lacasta - veredes","og_description":"Toda la informaci\u00f3n sobre: Programas Operativos, Programas Cr\u00edticos | Miquel Lacasta","og_url":"https:\/\/veredes.es\/blog\/programas-operativos-programas-criticos-miquel-lacasta\/","og_site_name":"veredes, arquitectura y divulgaci\u00f3n","article_publisher":"https:\/\/www.facebook.com\/veredesArquitecturayDivulgacion\/","article_author":"https:\/\/www.facebook.com\/MikelLacastaCodorniu","article_published_time":"2022-11-24T23:01:35+00:00","article_modified_time":"2022-11-25T08:08:29+00:00","og_image":[{"width":640,"height":392,"url":"https:\/\/veredes.es\/blog\/wp-content\/uploads\/2022\/11\/Programas-Operativos-Programas-Criticos-Miquel-Lacasta-En-la-imagen-una-de-las-conocidas-perspectivas-del-Bernard-Tschumi-del-Parc-de-la-Villete.jpg","type":"image\/jpeg"}],"author":"Miquel Lacasta Codorniu","twitter_card":"summary_large_image","twitter_creator":"@https:\/\/twitter.com\/miquelacasta","twitter_site":"@veredes","twitter_misc":{"Escrito por":"Miquel Lacasta Codorniu","Tiempo de lectura":"6 minutos"},"schema":{"@context":"https:\/\/schema.org","@graph":[{"@type":"Article","@id":"https:\/\/veredes.es\/blog\/programas-operativos-programas-criticos-miquel-lacasta\/#article","isPartOf":{"@id":"https:\/\/veredes.es\/blog\/programas-operativos-programas-criticos-miquel-lacasta\/"},"author":{"name":"Miquel Lacasta Codorniu","@id":"https:\/\/veredes.es\/blog\/#\/schema\/person\/11c5393188d51787b8b13761dea40343"},"headline":"Programas Operativos, Programas Cr\u00edticos | Miquel Lacasta","datePublished":"2022-11-24T23:01:35+00:00","dateModified":"2022-11-25T08:08:29+00:00","mainEntityOfPage":{"@id":"https:\/\/veredes.es\/blog\/programas-operativos-programas-criticos-miquel-lacasta\/"},"wordCount":1206,"commentCount":0,"publisher":{"@id":"https:\/\/veredes.es\/blog\/#organization"},"image":{"@id":"https:\/\/veredes.es\/blog\/programas-operativos-programas-criticos-miquel-lacasta\/#primaryimage"},"thumbnailUrl":"https:\/\/veredes.es\/blog\/wp-content\/uploads\/2022\/11\/Programas-Operativos-Programas-Criticos-Miquel-Lacasta-En-la-imagen-una-de-las-conocidas-perspectivas-del-Bernard-Tschumi-del-Parc-de-la-Villete.jpg","keywords":["arquitectura","Bernard Tschumi","concepto","Le Corbusier","Marcelo Gardinetti","Miquel Lacasta","Paul C\u00e9zanne","proyecto","Ra\u00fal Del Valle Gonz\u00e1lez","reflexi\u00f3n","Rem Koolhaas","villette"],"articleSection":["faro","slider principal"],"inLanguage":"es","potentialAction":[{"@type":"CommentAction","name":"Comment","target":["https:\/\/veredes.es\/blog\/programas-operativos-programas-criticos-miquel-lacasta\/#respond"]}]},{"@type":"WebPage","@id":"https:\/\/veredes.es\/blog\/programas-operativos-programas-criticos-miquel-lacasta\/","url":"https:\/\/veredes.es\/blog\/programas-operativos-programas-criticos-miquel-lacasta\/","name":"Programas Operativos, Programas Cr\u00edticos | Miquel Lacasta - veredes","isPartOf":{"@id":"https:\/\/veredes.es\/blog\/#website"},"primaryImageOfPage":{"@id":"https:\/\/veredes.es\/blog\/programas-operativos-programas-criticos-miquel-lacasta\/#primaryimage"},"image":{"@id":"https:\/\/veredes.es\/blog\/programas-operativos-programas-criticos-miquel-lacasta\/#primaryimage"},"thumbnailUrl":"https:\/\/veredes.es\/blog\/wp-content\/uploads\/2022\/11\/Programas-Operativos-Programas-Criticos-Miquel-Lacasta-En-la-imagen-una-de-las-conocidas-perspectivas-del-Bernard-Tschumi-del-Parc-de-la-Villete.jpg","datePublished":"2022-11-24T23:01:35+00:00","dateModified":"2022-11-25T08:08:29+00:00","description":"Toda la informaci\u00f3n sobre: Programas Operativos, Programas Cr\u00edticos | Miquel Lacasta","breadcrumb":{"@id":"https:\/\/veredes.es\/blog\/programas-operativos-programas-criticos-miquel-lacasta\/#breadcrumb"},"inLanguage":"es","potentialAction":[{"@type":"ReadAction","target":["https:\/\/veredes.es\/blog\/programas-operativos-programas-criticos-miquel-lacasta\/"]}]},{"@type":"ImageObject","inLanguage":"es","@id":"https:\/\/veredes.es\/blog\/programas-operativos-programas-criticos-miquel-lacasta\/#primaryimage","url":"https:\/\/veredes.es\/blog\/wp-content\/uploads\/2022\/11\/Programas-Operativos-Programas-Criticos-Miquel-Lacasta-En-la-imagen-una-de-las-conocidas-perspectivas-del-Bernard-Tschumi-del-Parc-de-la-Villete.jpg","contentUrl":"https:\/\/veredes.es\/blog\/wp-content\/uploads\/2022\/11\/Programas-Operativos-Programas-Criticos-Miquel-Lacasta-En-la-imagen-una-de-las-conocidas-perspectivas-del-Bernard-Tschumi-del-Parc-de-la-Villete.jpg","width":640,"height":392,"caption":"Programas Operativos, Programas Cr\u00edticos Miquel Lacasta En la imagen una de las conocidas perspectivas del Bernard Tschumi del Parc de la Villete"},{"@type":"BreadcrumbList","@id":"https:\/\/veredes.es\/blog\/programas-operativos-programas-criticos-miquel-lacasta\/#breadcrumb","itemListElement":[{"@type":"ListItem","position":1,"name":"Portada","item":"https:\/\/veredes.es\/blog\/"},{"@type":"ListItem","position":2,"name":"Programas Operativos, Programas Cr\u00edticos | Miquel Lacasta"}]},{"@type":"WebSite","@id":"https:\/\/veredes.es\/blog\/#website","url":"https:\/\/veredes.es\/blog\/","name":"veredes, arquitectura y divulgaci\u00f3n","description":"veredes","publisher":{"@id":"https:\/\/veredes.es\/blog\/#organization"},"alternateName":"veredes","potentialAction":[{"@type":"SearchAction","target":{"@type":"EntryPoint","urlTemplate":"https:\/\/veredes.es\/blog\/?s={search_term_string}"},"query-input":{"@type":"PropertyValueSpecification","valueRequired":true,"valueName":"search_term_string"}}],"inLanguage":"es"},{"@type":"Organization","@id":"https:\/\/veredes.es\/blog\/#organization","name":"veredes, arquitectura y divulgaci\u00f3n","alternateName":"veredes","url":"https:\/\/veredes.es\/blog\/","logo":{"@type":"ImageObject","inLanguage":"es","@id":"https:\/\/veredes.es\/blog\/#\/schema\/logo\/image\/","url":"https:\/\/veredes.es\/blog\/wp-content\/uploads\/2021\/12\/veredes-logo-centrado_140x54.png","contentUrl":"https:\/\/veredes.es\/blog\/wp-content\/uploads\/2021\/12\/veredes-logo-centrado_140x54.png","width":140,"height":54,"caption":"veredes, arquitectura y divulgaci\u00f3n"},"image":{"@id":"https:\/\/veredes.es\/blog\/#\/schema\/logo\/image\/"},"sameAs":["https:\/\/www.facebook.com\/veredesArquitecturayDivulgacion\/","https:\/\/x.com\/veredes","https:\/\/instagram.com\/veredes\/","https:\/\/www.linkedin.com\/company\/veredes-arquitectura-y-divulgacion\/","https:\/\/es.pinterest.com\/veredes\/","https:\/\/www.tumblr.com\/veredes"]},{"@type":"Person","@id":"https:\/\/veredes.es\/blog\/#\/schema\/person\/11c5393188d51787b8b13761dea40343","name":"Miquel Lacasta Codorniu","image":{"@type":"ImageObject","inLanguage":"es","@id":"https:\/\/secure.gravatar.com\/avatar\/08c0363dcfecc8314962e22fc525294dd6549dd4a7630af6a4f7053ff640935d?s=96&r=g","url":"https:\/\/secure.gravatar.com\/avatar\/08c0363dcfecc8314962e22fc525294dd6549dd4a7630af6a4f7053ff640935d?s=96&r=g","contentUrl":"https:\/\/secure.gravatar.com\/avatar\/08c0363dcfecc8314962e22fc525294dd6549dd4a7630af6a4f7053ff640935d?s=96&r=g","caption":"Miquel Lacasta Codorniu"},"description":"Es cofundador en ARCHIKUBIK y tambi\u00e9n en @kubik - espacio multidisciplinario. Obtuvo un Ph.D. con honores (cum laude) en ESARQ Universitat Internacional de Catalunya UIC y tambi\u00e9n fue galardonado con el premio especial Ph.D (UIC 2012), M.arch en ESARQ Universitat Internacional de Catalunya, y se gradu\u00f3 como arquitecto en ETSAB Universitat Polit\u00e8cnica de Catalunya . Miquel es profesor asociado en ESARQ desde 1996. Anteriormente, fue profesor en Elisava y Escola LAI, y tambi\u00e9n en programas de postgrado en ETSAB y La Salle. Fue arquitecto en la oficina de Manuel Brullet desde 1989 desde 1995. Ha sido galardonado en \"Taller Barcelona'96. El TGV, una oportunidad por estructurar la periferia \". Fue codirector del taller \"Territorio Virtual, L\u00edmite Urbano\" en ITSEM Guadalajara, M\u00e9xico en 2000 y tambi\u00e9n codirector del taller \"Ravalizar Barcelona\" en ITSEM Guadalajara, M\u00e9xico, y CCNY, Nueva York, EE. UU. En 2002, 2003 y 2004. Gan\u00f3 el premio A + en 2010 por Sunion School en el Best Educational Building, The International Architecture Award 2008 en The Chicago Athenaeum por Colin's House y el primer premio en Corian Prize en 2006. Su obra ha sido expuesta en Barcelona , Madrid, Florencia, Cannes y en Le Pavillon de l'Arsenal en Par\u00eds. Varias publicaciones han sido reconocidas por su trabajo como Quaderns, ON, Arquitectura Plus, Piso, Arquitectura y Dise\u00f1o, El Pa\u00eds, ABC, La Vanguardia, Clar\u00edn, Sole 24 Ore, y otros. Recientemente realiz\u00f3 conferencias en ITSEM Guadalajara, M\u00e9xico, Facolta di Architettura di l'Alghero, Italia, msa M\u00fcnster School of Architecture, M\u00fcnster Alemania, IBM Think Tank en Par\u00eds, Francia, y varias universidades y organizaciones en Espa\u00f1a. Recientemente fue galardonado con el ZAC RN5 en el concurso Vitry-sur-Seine, un Eco-distrito de 255 residencias sociales y privadas y una residencia de estudiantes en Ivry, y 32 apartamentos asistidos para personas mayores en Olesa de Montserrat.","sameAs":["https:\/\/axonometrica.wordpress.com\/","https:\/\/www.facebook.com\/MikelLacastaCodorniu","https:\/\/www.instagram.com\/mikel3\/","https:\/\/www.linkedin.com\/in\/miquel-lacasta-profile\/","https:\/\/x.com\/https:\/\/twitter.com\/miquelacasta"],"url":"https:\/\/veredes.es\/blog\/author\/miquel-lacasta-codorniu\/"}]}},"_links":{"self":[{"href":"https:\/\/veredes.es\/blog\/wp-json\/wp\/v2\/posts\/91275","targetHints":{"allow":["GET"]}}],"collection":[{"href":"https:\/\/veredes.es\/blog\/wp-json\/wp\/v2\/posts"}],"about":[{"href":"https:\/\/veredes.es\/blog\/wp-json\/wp\/v2\/types\/post"}],"author":[{"embeddable":true,"href":"https:\/\/veredes.es\/blog\/wp-json\/wp\/v2\/users\/32"}],"replies":[{"embeddable":true,"href":"https:\/\/veredes.es\/blog\/wp-json\/wp\/v2\/comments?post=91275"}],"version-history":[{"count":0,"href":"https:\/\/veredes.es\/blog\/wp-json\/wp\/v2\/posts\/91275\/revisions"}],"wp:featuredmedia":[{"embeddable":true,"href":"https:\/\/veredes.es\/blog\/wp-json\/wp\/v2\/media\/91276"}],"wp:attachment":[{"href":"https:\/\/veredes.es\/blog\/wp-json\/wp\/v2\/media?parent=91275"}],"wp:term":[{"taxonomy":"category","embeddable":true,"href":"https:\/\/veredes.es\/blog\/wp-json\/wp\/v2\/categories?post=91275"},{"taxonomy":"post_tag","embeddable":true,"href":"https:\/\/veredes.es\/blog\/wp-json\/wp\/v2\/tags?post=91275"}],"curies":[{"name":"wp","href":"https:\/\/api.w.org\/{rel}","templated":true}]}}