{"id":90785,"date":"2022-10-06T00:01:46","date_gmt":"2022-10-05T22:01:46","guid":{"rendered":"https:\/\/veredes.es\/blog\/?p=90785"},"modified":"2025-03-06T13:59:52","modified_gmt":"2025-03-06T12:59:52","slug":"cuatro-razones-para-elegir-sikaflex","status":"publish","type":"post","link":"https:\/\/veredes.es\/blog\/cuatro-razones-para-elegir-sikaflex\/","title":{"rendered":"Cuatro razones para elegir Sikaflex\u00ae"},"content":{"rendered":"<p style=\"text-align: justify;\">El alicatado de un ba\u00f1o; una teja que se desprende en la cubierta; la reparaci\u00f3n de una grieta que aparece en el garaje&#8230; En el d\u00eda a d\u00eda de cualquier hogar pueden surgir un gran n\u00famero de problemas que comprometen su funcionalidad o el bienestar de sus ocupantes. Para hacerles frente, nada mejor que contar con una soluci\u00f3n para el <a href=\"https:\/\/veredes.es\/blog\/tag\/sika\/\" target=\"_blank\" rel=\"noopener\">sellado<\/a> y pegado que sea multiusos y que, adem\u00e1s, se pueda emplear tanto en el exterior como en el interior.<\/p>\n<figure id=\"attachment_90790\" aria-describedby=\"caption-attachment-90790\" style=\"width: 1772px\" class=\"wp-caption alignnone\"><img loading=\"lazy\" decoding=\"async\" class=\"wp-image-90790 size-full\" title=\"Cuatro razones para elegir Sikaflex\u00ae\" src=\"https:\/\/veredes.es\/blog\/wp-content\/uploads\/2022\/09\/Cuatro-razones-para-elegir-Sikaflex\u00ae-Bano.png\" alt=\"Cuatro razones para elegir Sikaflex\u00ae\" width=\"1772\" height=\"1772\" srcset=\"https:\/\/veredes.es\/blog\/wp-content\/uploads\/2022\/09\/Cuatro-razones-para-elegir-Sikaflex\u00ae-Bano.png 1772w, https:\/\/veredes.es\/blog\/wp-content\/uploads\/2022\/09\/Cuatro-razones-para-elegir-Sikaflex\u00ae-Bano-300x300.png 300w, https:\/\/veredes.es\/blog\/wp-content\/uploads\/2022\/09\/Cuatro-razones-para-elegir-Sikaflex\u00ae-Bano-1024x1024.png 1024w, https:\/\/veredes.es\/blog\/wp-content\/uploads\/2022\/09\/Cuatro-razones-para-elegir-Sikaflex\u00ae-Bano-120x120.png 120w, https:\/\/veredes.es\/blog\/wp-content\/uploads\/2022\/09\/Cuatro-razones-para-elegir-Sikaflex\u00ae-Bano-1536x1536.png 1536w, https:\/\/veredes.es\/blog\/wp-content\/uploads\/2022\/09\/Cuatro-razones-para-elegir-Sikaflex\u00ae-Bano-696x696.png 696w, https:\/\/veredes.es\/blog\/wp-content\/uploads\/2022\/09\/Cuatro-razones-para-elegir-Sikaflex\u00ae-Bano-1068x1068.png 1068w\" sizes=\"auto, (max-width: 1772px) 100vw, 1772px\" \/><figcaption id=\"caption-attachment-90790\" class=\"wp-caption-text\"><span style=\"color: #999999;\">Cuatro razones para elegir Sikaflex\u00ae<\/span><\/figcaption><\/figure>\n<p style=\"text-align: justify;\">En el mercado podemos encontrar diferentes productos, con los que dar respuesta a estas necesidades, pero hoy nos detenemos a analizar las ventajas de una gama que se puede emplear en pr\u00e1cticamente todo tipo de superficies. Es la <a href=\"https:\/\/esp.sika.com\/es\/construccion\/acabados\/adhesivo-para-construccion\/pegado-elastico\/gama-sikaflex.html\" target=\"_blank\" rel=\"noopener\"><strong>gama Sikaflex\u00ae<\/strong><\/a>, una serie de productos con prestaciones profesionales, para el pegado y sellado, que se puede emplear tanto en interior como en exterior, ya que tiene muy buena resistencia al envejecimiento y a la intemperie.<\/p>\n<p style=\"text-align: justify;\">Adem\u00e1s, <a href=\"https:\/\/esp.sika.com\/es\/construccion\/acabados\/adhesivo-para-construccion\/pegado-elastico\/gama-sikaflex.html\" target=\"_blank\" rel=\"noopener\">Sikaflex\u00ae<\/a> no descuelga; es capaz de pegar en soporte h\u00famedo; cura sin burbujas, y presenta muy buena adherencia con la gran mayor\u00eda de los materiales de construcci\u00f3n como el hormig\u00f3n, el ladrillo, la cer\u00e1mica, la madera&#8230;<\/p>\n<p style=\"text-align: justify;\">Estas son las algunas de las ventajas de <a href=\"https:\/\/esp.sika.com\/es\/construccion\/acabados\/adhesivo-para-construccion\/pegado-elastico\/gama-sikaflex.html\" target=\"_blank\" rel=\"noopener\">Sikaflex\u00ae<\/a>:<\/p>\n<h5><strong>1. Amplia gama de soluciones<\/strong><\/h5>\n<p style=\"text-align: justify;\">La gama Sikaflex\u00ae ofrece un gran abanico de soluciones con las que dar respuesta a los diferentes retos del proyecto: desde productos de sellado y pegado con un potente agarre inicial \u2013<a href=\"https:\/\/esp.sika.com\/es\/construccion\/acabados\/adhesivo-para-construccion\/pegado-elastico\/sikaflex-118-extremegrab.html\" target=\"_blank\" rel=\"noopener\">como Sikaflex\u00ae 118 Extreme Grab<\/a>\u2013 hasta soluciones para un acabado perfecto, sin rastro de producto \u2013<a href=\"https:\/\/esp.sika.com\/es\/construccion\/acabados\/adhesivo-para-construccion\/pegado-elastico\/sikaflex-112-crystalclear.html\" target=\"_blank\" rel=\"noopener\">Sikaflex\u00ae 112 Crytal Clear<\/a>\u2013. Y si lo que se busca es un sellador multiusos \u201ctodoterreno\u201d, SIKA ha incorporado a la gama su \u00faltima novedad: <a href=\"https:\/\/esp.sika.com\/es\/construccion\/acabados\/adhesivo-para-construccion\/pegado-elastico\/gama-sikaflex.html\" target=\"_blank\" rel=\"noopener\">Sikaflex\u00ae Purform<\/a>, que permite su uso para el sellado de juntas en vertical y horizontal, una capacidad de movimiento superior al 25% y muy bajas emisiones en CO2.<\/p>\n<figure id=\"attachment_90786\" aria-describedby=\"caption-attachment-90786\" style=\"width: 1500px\" class=\"wp-caption alignnone\"><img loading=\"lazy\" decoding=\"async\" class=\"wp-image-90786 size-full\" title=\"Cuatro razones para elegir Sikaflex\u00ae\" src=\"https:\/\/veredes.es\/blog\/wp-content\/uploads\/2022\/09\/Cuatro-razones-para-elegir-Sikaflex\u00ae-Suelos.jpg\" alt=\"Cuatro razones para elegir Sikaflex\u00ae\" width=\"1500\" height=\"1500\" srcset=\"https:\/\/veredes.es\/blog\/wp-content\/uploads\/2022\/09\/Cuatro-razones-para-elegir-Sikaflex\u00ae-Suelos.jpg 1500w, https:\/\/veredes.es\/blog\/wp-content\/uploads\/2022\/09\/Cuatro-razones-para-elegir-Sikaflex\u00ae-Suelos-300x300.jpg 300w, https:\/\/veredes.es\/blog\/wp-content\/uploads\/2022\/09\/Cuatro-razones-para-elegir-Sikaflex\u00ae-Suelos-1024x1024.jpg 1024w, https:\/\/veredes.es\/blog\/wp-content\/uploads\/2022\/09\/Cuatro-razones-para-elegir-Sikaflex\u00ae-Suelos-120x120.jpg 120w, https:\/\/veredes.es\/blog\/wp-content\/uploads\/2022\/09\/Cuatro-razones-para-elegir-Sikaflex\u00ae-Suelos-696x696.jpg 696w, https:\/\/veredes.es\/blog\/wp-content\/uploads\/2022\/09\/Cuatro-razones-para-elegir-Sikaflex\u00ae-Suelos-1068x1068.jpg 1068w\" sizes=\"auto, (max-width: 1500px) 100vw, 1500px\" \/><figcaption id=\"caption-attachment-90786\" class=\"wp-caption-text\"><span style=\"color: #999999;\">Cuatro razones para elegir Sikaflex\u00ae<\/span><\/figcaption><\/figure>\n<h5 style=\"text-align: justify;\"><strong>2. Apta para su uso con la mayor\u00eda de los materiales de construcci\u00f3n<\/strong><\/h5>\n<p style=\"text-align: justify;\">La gama Sikaflex\u00ae se puede emplear en diferentes tipos de materiales y soportes: madera, cer\u00e1mica, mortero, cristal, etc. Para su uso con los soportes m\u00e1s dif\u00edciles, como el hormig\u00f3n h\u00famedo, EPS, XPS o materiales bituminosos, la gama dispone de <a href=\"https:\/\/esp.sika.com\/es\/construccion\/acabados\/adhesivo-para-construccion\/pegado-elastico\/sikaflex-111-stickseal.html\" target=\"_blank\" rel=\"noopener\">Sikaflex\u00ae 111 Stick and Seal<\/a>. Y si se necesita una elevada adherencia sin imprimaci\u00f3n en superficies no porosas, cuenta con<a href=\"https:\/\/esp.sika.com\/es\/construccion\/acabados\/adhesivo-para-construccion\/pegado-elastico\/gama-sikaflex.html\" target=\"_blank\" rel=\"noopener\"> Sikaflex\u00ae117 Metal Force<\/a>, que adem\u00e1s es no corrosivo y presenta una buena resistencia al agua.<\/p>\n<figure id=\"attachment_90787\" aria-describedby=\"caption-attachment-90787\" style=\"width: 1280px\" class=\"wp-caption alignnone\"><img loading=\"lazy\" decoding=\"async\" class=\"wp-image-90787 size-full\" title=\"Cuatro razones para elegir Sikaflex\u00ae\" src=\"https:\/\/veredes.es\/blog\/wp-content\/uploads\/2022\/09\/Cuatro-razones-para-elegir-Sikaflex\u00aeSistema.jpg\" alt=\"Cuatro razones para elegir Sikaflex\u00ae\" width=\"1280\" height=\"720\" srcset=\"https:\/\/veredes.es\/blog\/wp-content\/uploads\/2022\/09\/Cuatro-razones-para-elegir-Sikaflex\u00aeSistema.jpg 1280w, https:\/\/veredes.es\/blog\/wp-content\/uploads\/2022\/09\/Cuatro-razones-para-elegir-Sikaflex\u00aeSistema-300x169.jpg 300w, https:\/\/veredes.es\/blog\/wp-content\/uploads\/2022\/09\/Cuatro-razones-para-elegir-Sikaflex\u00aeSistema-1024x576.jpg 1024w, https:\/\/veredes.es\/blog\/wp-content\/uploads\/2022\/09\/Cuatro-razones-para-elegir-Sikaflex\u00aeSistema-696x392.jpg 696w, https:\/\/veredes.es\/blog\/wp-content\/uploads\/2022\/09\/Cuatro-razones-para-elegir-Sikaflex\u00aeSistema-1068x601.jpg 1068w\" sizes=\"auto, (max-width: 1280px) 100vw, 1280px\" \/><figcaption id=\"caption-attachment-90787\" class=\"wp-caption-text\"><span style=\"color: #999999;\">Cuatro razones para elegir Sikaflex\u00ae<\/span><\/figcaption><\/figure>\n<h5 style=\"text-align: justify;\"><strong>3. F\u00e1cil aplicaci\u00f3n<\/strong><\/h5>\n<p style=\"text-align: justify;\">Para usarlo adecuadamente hay que preparar previamente la superficie sobre la que se va a aplicar, sane\u00e1ndola y liber\u00e1ndola de part\u00edculas de pintura, grasa o polvo. Adem\u00e1s, debe presentar un acabado homog\u00e9neo.<\/p>\n<p style=\"text-align: justify;\">Su aplicaci\u00f3n se puede realizar de manera lineal para zonas estrechas; en zigzag en caso de superficies m\u00e1s anchas, y por puntos, si hubiese que salvar alguna irregularidad.<\/p>\n<p style=\"text-align: justify;\">Una vez se ha aplicado el producto, se debe proceder al pegado de los elementos y en 48 horas la superficie estar\u00e1 completamente seca.<\/p>\n<figure id=\"attachment_90788\" aria-describedby=\"caption-attachment-90788\" style=\"width: 1190px\" class=\"wp-caption alignnone\"><img loading=\"lazy\" decoding=\"async\" class=\"wp-image-90788 size-full\" title=\"Cuatro razones para elegir Sikaflex\u00ae\" src=\"https:\/\/veredes.es\/blog\/wp-content\/uploads\/2022\/09\/Cuatro-razones-para-elegir-Sikaflex\u00aeReparaciones.jpg\" alt=\"Cuatro razones para elegir Sikaflex\u00ae\" width=\"1190\" height=\"951\" srcset=\"https:\/\/veredes.es\/blog\/wp-content\/uploads\/2022\/09\/Cuatro-razones-para-elegir-Sikaflex\u00aeReparaciones.jpg 1190w, https:\/\/veredes.es\/blog\/wp-content\/uploads\/2022\/09\/Cuatro-razones-para-elegir-Sikaflex\u00aeReparaciones-300x240.jpg 300w, https:\/\/veredes.es\/blog\/wp-content\/uploads\/2022\/09\/Cuatro-razones-para-elegir-Sikaflex\u00aeReparaciones-1024x818.jpg 1024w, https:\/\/veredes.es\/blog\/wp-content\/uploads\/2022\/09\/Cuatro-razones-para-elegir-Sikaflex\u00aeReparaciones-696x556.jpg 696w, https:\/\/veredes.es\/blog\/wp-content\/uploads\/2022\/09\/Cuatro-razones-para-elegir-Sikaflex\u00aeReparaciones-1068x854.jpg 1068w\" sizes=\"auto, (max-width: 1190px) 100vw, 1190px\" \/><figcaption id=\"caption-attachment-90788\" class=\"wp-caption-text\"><span style=\"color: #999999;\">Cuatro razones para elegir Sikaflex\u00ae<\/span><\/figcaption><\/figure>\n<h5 style=\"text-align: justify;\"><strong>4. Bajo impacto ambiental<\/strong><\/h5>\n<p style=\"text-align: justify;\">Los productos de la <a href=\"https:\/\/esp.sika.com\/es\/construccion\/acabados\/adhesivo-para-construccion\/pegado-elastico\/gama-sikaflex.html\" target=\"_blank\" rel=\"noopener\">gama Sikaflex<\/a> han sido ensayados y certificados, para garantizar un \u00f3ptimo resultado con un bajo impacto ambiental. Todos han sido desarrollados en conformidad con LEEDv4 EQc 2 y declarados \u201cMaterial con bajas emisiones\u201d. Adem\u00e1s, cuentan con Declaraci\u00f3n Ambiental de Producto (DAP) y certificado de emisiones COV.<\/p>\n<figure id=\"attachment_90789\" aria-describedby=\"caption-attachment-90789\" style=\"width: 1280px\" class=\"wp-caption alignnone\"><img loading=\"lazy\" decoding=\"async\" class=\"wp-image-90789 size-full\" title=\"Cuatro razones para elegir Sikaflex\u00ae\" src=\"https:\/\/veredes.es\/blog\/wp-content\/uploads\/2022\/09\/Cuatro-razones-para-elegir-Sikaflex\u00aeExterior.jpg\" alt=\"Cuatro razones para elegir Sikaflex\u00ae\" width=\"1280\" height=\"852\" srcset=\"https:\/\/veredes.es\/blog\/wp-content\/uploads\/2022\/09\/Cuatro-razones-para-elegir-Sikaflex\u00aeExterior.jpg 1280w, https:\/\/veredes.es\/blog\/wp-content\/uploads\/2022\/09\/Cuatro-razones-para-elegir-Sikaflex\u00aeExterior-300x200.jpg 300w, https:\/\/veredes.es\/blog\/wp-content\/uploads\/2022\/09\/Cuatro-razones-para-elegir-Sikaflex\u00aeExterior-1024x682.jpg 1024w, https:\/\/veredes.es\/blog\/wp-content\/uploads\/2022\/09\/Cuatro-razones-para-elegir-Sikaflex\u00aeExterior-696x463.jpg 696w, https:\/\/veredes.es\/blog\/wp-content\/uploads\/2022\/09\/Cuatro-razones-para-elegir-Sikaflex\u00aeExterior-1068x711.jpg 1068w\" sizes=\"auto, (max-width: 1280px) 100vw, 1280px\" \/><figcaption id=\"caption-attachment-90789\" class=\"wp-caption-text\"><span style=\"color: #999999;\">Cuatro razones para elegir Sikaflex\u00ae<\/span><\/figcaption><\/figure>\n<p style=\"text-align: justify;\">En la p\u00e1gina web de <a href=\"https:\/\/esp.sika.com\/\" target=\"_blank\" rel=\"noopener\">SIKA<\/a> podemos encontrar m\u00e1s informaci\u00f3n sobre la gama de productos <a href=\"https:\/\/esp.sika.com\/es\/construccion\/acabados\/adhesivo-para-construccion\/pegado-elastico\/gama-sikaflex.html\" target=\"_blank\" rel=\"noopener\"><strong>Sikaflex\u00ae<\/strong><\/a>.<\/p>\n","protected":false},"excerpt":{"rendered":"<p>El alicatado de un ba\u00f1o; una teja que se desprende en la cubierta; la reparaci\u00f3n de una grieta que aparece en el garaje&#8230; En el d\u00eda a d\u00eda de cualquier hogar pueden surgir un gran n\u00famero de problemas que comprometen su funcionalidad o el bienestar de sus ocupantes. Para hacerles frente, nada mejor que contar [&hellip;]<\/p>\n","protected":false},"author":2,"featured_media":90790,"comment_status":"open","ping_status":"closed","sticky":false,"template":"","format":"standard","meta":{"footnotes":""},"categories":[10089,5951],"tags":[2556,5243,312,6917,1997,365,2397,1862,530,3291,841,12464,15547,12469],"class_list":{"0":"post-90785","1":"post","2":"type-post","3":"status-publish","4":"format-standard","5":"has-post-thumbnail","7":"category-aparejo","8":"category-slider-principal","9":"tag-arquitectura-sostenible","10":"tag-cambio-climatico","11":"tag-ciclo","12":"tag-ciudad-sostenible","13":"tag-clima","14":"tag-construccion","15":"tag-diseno-sostenible","16":"tag-eficiencia","17":"tag-estrategias","18":"tag-etica-de-la-sostenibilidad","19":"tag-material","20":"tag-rehabilitacion","21":"tag-sika","22":"tag-sostenibilidad"},"yoast_head":"<!-- This site is optimized with the Yoast SEO plugin v27.4 - https:\/\/yoast.com\/product\/yoast-seo-wordpress\/ -->\n<title>Cuatro razones para elegir Sikaflex\u00ae - veredes<\/title>\n<meta name=\"description\" content=\"Toda la informaci\u00f3n sobre: Cuatro razones para elegir Sikaflex\u00ae\" \/>\n<meta name=\"robots\" content=\"index, follow, max-snippet:-1, max-image-preview:large, max-video-preview:-1\" \/>\n<link rel=\"canonical\" href=\"https:\/\/veredes.es\/blog\/cuatro-razones-para-elegir-sikaflex\/\" \/>\n<meta property=\"og:locale\" content=\"es_ES\" \/>\n<meta property=\"og:type\" content=\"article\" \/>\n<meta property=\"og:title\" content=\"Cuatro razones para elegir Sikaflex\u00ae - veredes\" \/>\n<meta property=\"og:description\" content=\"Toda la informaci\u00f3n sobre: Cuatro razones para elegir Sikaflex\u00ae\" \/>\n<meta property=\"og:url\" content=\"https:\/\/veredes.es\/blog\/cuatro-razones-para-elegir-sikaflex\/\" \/>\n<meta property=\"og:site_name\" content=\"veredes, arquitectura y divulgaci\u00f3n\" \/>\n<meta property=\"article:publisher\" content=\"https:\/\/www.facebook.com\/veredesArquitecturayDivulgacion\/\" \/>\n<meta property=\"article:author\" content=\"https:\/\/www.facebook.com\/veredesArquitecturayDivulgacion\/\" \/>\n<meta property=\"article:published_time\" content=\"2022-10-05T22:01:46+00:00\" \/>\n<meta property=\"article:modified_time\" content=\"2025-03-06T12:59:52+00:00\" \/>\n<meta property=\"og:image\" content=\"https:\/\/veredes.es\/blog\/wp-content\/uploads\/2022\/09\/Cuatro-razones-para-elegir-Sikaflex\u00ae-Bano-1024x1024.png\" \/>\n\t<meta property=\"og:image:width\" content=\"1024\" \/>\n\t<meta property=\"og:image:height\" content=\"1024\" \/>\n\t<meta property=\"og:image:type\" content=\"image\/png\" \/>\n<meta name=\"author\" content=\"veredes\" \/>\n<meta name=\"twitter:card\" content=\"summary_large_image\" \/>\n<meta name=\"twitter:creator\" content=\"@https:\/\/twitter.com\/veredes\" \/>\n<meta name=\"twitter:site\" content=\"@veredes\" \/>\n<meta name=\"twitter:label1\" content=\"Escrito por\" \/>\n\t<meta name=\"twitter:data1\" content=\"veredes\" \/>\n\t<meta name=\"twitter:label2\" content=\"Tiempo de lectura\" \/>\n\t<meta name=\"twitter:data2\" content=\"4 minutos\" \/>\n<script type=\"application\/ld+json\" class=\"yoast-schema-graph\">{\"@context\":\"https:\\\/\\\/schema.org\",\"@graph\":[{\"@type\":\"Article\",\"@id\":\"https:\\\/\\\/veredes.es\\\/blog\\\/cuatro-razones-para-elegir-sikaflex\\\/#article\",\"isPartOf\":{\"@id\":\"https:\\\/\\\/veredes.es\\\/blog\\\/cuatro-razones-para-elegir-sikaflex\\\/\"},\"author\":{\"name\":\"veredes\",\"@id\":\"https:\\\/\\\/veredes.es\\\/blog\\\/#\\\/schema\\\/person\\\/0bbb669073ef7faba5168a0844e93d2c\"},\"headline\":\"Cuatro razones para elegir Sikaflex\u00ae\",\"datePublished\":\"2022-10-05T22:01:46+00:00\",\"dateModified\":\"2025-03-06T12:59:52+00:00\",\"mainEntityOfPage\":{\"@id\":\"https:\\\/\\\/veredes.es\\\/blog\\\/cuatro-razones-para-elegir-sikaflex\\\/\"},\"wordCount\":639,\"commentCount\":0,\"publisher\":{\"@id\":\"https:\\\/\\\/veredes.es\\\/blog\\\/#organization\"},\"image\":{\"@id\":\"https:\\\/\\\/veredes.es\\\/blog\\\/cuatro-razones-para-elegir-sikaflex\\\/#primaryimage\"},\"thumbnailUrl\":\"https:\\\/\\\/veredes.es\\\/blog\\\/wp-content\\\/uploads\\\/2022\\\/09\\\/Cuatro-razones-para-elegir-Sikaflex\u00ae-Bano.png\",\"keywords\":[\"arquitectura sostenible\",\"cambio clim\u00e1tico\",\"ciclo\",\"ciudad sostenible\",\"clima\",\"construcci\u00f3n\",\"dise\u00f1o sostenible\",\"eficiencia\",\"estrategias\",\"\u00e9tica de la sostenibilidad\",\"material\",\"rehabilitaci\u00f3n\",\"sika\",\"sostenibilidad\"],\"articleSection\":[\"aparejo\",\"slider principal\"],\"inLanguage\":\"es\",\"potentialAction\":[{\"@type\":\"CommentAction\",\"name\":\"Comment\",\"target\":[\"https:\\\/\\\/veredes.es\\\/blog\\\/cuatro-razones-para-elegir-sikaflex\\\/#respond\"]}]},{\"@type\":\"WebPage\",\"@id\":\"https:\\\/\\\/veredes.es\\\/blog\\\/cuatro-razones-para-elegir-sikaflex\\\/\",\"url\":\"https:\\\/\\\/veredes.es\\\/blog\\\/cuatro-razones-para-elegir-sikaflex\\\/\",\"name\":\"Cuatro razones para elegir Sikaflex\u00ae - veredes\",\"isPartOf\":{\"@id\":\"https:\\\/\\\/veredes.es\\\/blog\\\/#website\"},\"primaryImageOfPage\":{\"@id\":\"https:\\\/\\\/veredes.es\\\/blog\\\/cuatro-razones-para-elegir-sikaflex\\\/#primaryimage\"},\"image\":{\"@id\":\"https:\\\/\\\/veredes.es\\\/blog\\\/cuatro-razones-para-elegir-sikaflex\\\/#primaryimage\"},\"thumbnailUrl\":\"https:\\\/\\\/veredes.es\\\/blog\\\/wp-content\\\/uploads\\\/2022\\\/09\\\/Cuatro-razones-para-elegir-Sikaflex\u00ae-Bano.png\",\"datePublished\":\"2022-10-05T22:01:46+00:00\",\"dateModified\":\"2025-03-06T12:59:52+00:00\",\"description\":\"Toda la informaci\u00f3n sobre: Cuatro razones para elegir Sikaflex\u00ae\",\"breadcrumb\":{\"@id\":\"https:\\\/\\\/veredes.es\\\/blog\\\/cuatro-razones-para-elegir-sikaflex\\\/#breadcrumb\"},\"inLanguage\":\"es\",\"potentialAction\":[{\"@type\":\"ReadAction\",\"target\":[\"https:\\\/\\\/veredes.es\\\/blog\\\/cuatro-razones-para-elegir-sikaflex\\\/\"]}]},{\"@type\":\"ImageObject\",\"inLanguage\":\"es\",\"@id\":\"https:\\\/\\\/veredes.es\\\/blog\\\/cuatro-razones-para-elegir-sikaflex\\\/#primaryimage\",\"url\":\"https:\\\/\\\/veredes.es\\\/blog\\\/wp-content\\\/uploads\\\/2022\\\/09\\\/Cuatro-razones-para-elegir-Sikaflex\u00ae-Bano.png\",\"contentUrl\":\"https:\\\/\\\/veredes.es\\\/blog\\\/wp-content\\\/uploads\\\/2022\\\/09\\\/Cuatro-razones-para-elegir-Sikaflex\u00ae-Bano.png\",\"width\":1772,\"height\":1772,\"caption\":\"Cuatro razones para elegir Sikaflex\u00ae\"},{\"@type\":\"BreadcrumbList\",\"@id\":\"https:\\\/\\\/veredes.es\\\/blog\\\/cuatro-razones-para-elegir-sikaflex\\\/#breadcrumb\",\"itemListElement\":[{\"@type\":\"ListItem\",\"position\":1,\"name\":\"Portada\",\"item\":\"https:\\\/\\\/veredes.es\\\/blog\\\/\"},{\"@type\":\"ListItem\",\"position\":2,\"name\":\"Cuatro razones para elegir Sikaflex\u00ae\"}]},{\"@type\":\"WebSite\",\"@id\":\"https:\\\/\\\/veredes.es\\\/blog\\\/#website\",\"url\":\"https:\\\/\\\/veredes.es\\\/blog\\\/\",\"name\":\"veredes, arquitectura y divulgaci\u00f3n\",\"description\":\"veredes\",\"publisher\":{\"@id\":\"https:\\\/\\\/veredes.es\\\/blog\\\/#organization\"},\"alternateName\":\"veredes\",\"potentialAction\":[{\"@type\":\"SearchAction\",\"target\":{\"@type\":\"EntryPoint\",\"urlTemplate\":\"https:\\\/\\\/veredes.es\\\/blog\\\/?s={search_term_string}\"},\"query-input\":{\"@type\":\"PropertyValueSpecification\",\"valueRequired\":true,\"valueName\":\"search_term_string\"}}],\"inLanguage\":\"es\"},{\"@type\":\"Organization\",\"@id\":\"https:\\\/\\\/veredes.es\\\/blog\\\/#organization\",\"name\":\"veredes, arquitectura y divulgaci\u00f3n\",\"alternateName\":\"veredes\",\"url\":\"https:\\\/\\\/veredes.es\\\/blog\\\/\",\"logo\":{\"@type\":\"ImageObject\",\"inLanguage\":\"es\",\"@id\":\"https:\\\/\\\/veredes.es\\\/blog\\\/#\\\/schema\\\/logo\\\/image\\\/\",\"url\":\"https:\\\/\\\/veredes.es\\\/blog\\\/wp-content\\\/uploads\\\/2021\\\/12\\\/veredes-logo-centrado_140x54.png\",\"contentUrl\":\"https:\\\/\\\/veredes.es\\\/blog\\\/wp-content\\\/uploads\\\/2021\\\/12\\\/veredes-logo-centrado_140x54.png\",\"width\":140,\"height\":54,\"caption\":\"veredes, arquitectura y divulgaci\u00f3n\"},\"image\":{\"@id\":\"https:\\\/\\\/veredes.es\\\/blog\\\/#\\\/schema\\\/logo\\\/image\\\/\"},\"sameAs\":[\"https:\\\/\\\/www.facebook.com\\\/veredesArquitecturayDivulgacion\\\/\",\"https:\\\/\\\/x.com\\\/veredes\",\"https:\\\/\\\/instagram.com\\\/veredes\\\/\",\"https:\\\/\\\/www.linkedin.com\\\/company\\\/veredes-arquitectura-y-divulgacion\\\/\",\"https:\\\/\\\/es.pinterest.com\\\/veredes\\\/\",\"https:\\\/\\\/www.tumblr.com\\\/veredes\"]},{\"@type\":\"Person\",\"@id\":\"https:\\\/\\\/veredes.es\\\/blog\\\/#\\\/schema\\\/person\\\/0bbb669073ef7faba5168a0844e93d2c\",\"name\":\"veredes\",\"image\":{\"@type\":\"ImageObject\",\"inLanguage\":\"es\",\"@id\":\"https:\\\/\\\/veredes.es\\\/blog\\\/wp-content\\\/uploads\\\/2018\\\/04\\\/face-96x96.jpg\",\"url\":\"https:\\\/\\\/veredes.es\\\/blog\\\/wp-content\\\/uploads\\\/2018\\\/04\\\/face-96x96.jpg\",\"contentUrl\":\"https:\\\/\\\/veredes.es\\\/blog\\\/wp-content\\\/uploads\\\/2018\\\/04\\\/face-96x96.jpg\",\"caption\":\"veredes\"},\"description\":\"Surge enero de 2009 como b\u00fasqueda de satisfacer el conocimiento de la actividad arquitect\u00f3nica y tangentes que se generan. La idea es crear un espacio para divulgar los diversos proyectos en busca de nueva inspiraci\u00f3n y de intercambio.\",\"sameAs\":[\"https:\\\/\\\/veredes.es\\\/\",\"https:\\\/\\\/www.facebook.com\\\/veredesArquitecturayDivulgacion\\\/\",\"https:\\\/\\\/www.instagram.com\\\/veredes\\\/\",\"https:\\\/\\\/www.linkedin.com\\\/company\\\/veredes-arquitectura-y-divulgacion\\\/\",\"https:\\\/\\\/www.pinterest.es\\\/veredes\\\/\",\"https:\\\/\\\/x.com\\\/https:\\\/\\\/twitter.com\\\/veredes\",\"https:\\\/\\\/veredes.tumblr.com\\\/\"],\"url\":\"https:\\\/\\\/veredes.es\\\/blog\\\/author\\\/alberto\\\/\"}]}<\/script>\n<!-- \/ Yoast SEO plugin. -->","yoast_head_json":{"title":"Cuatro razones para elegir Sikaflex\u00ae - veredes","description":"Toda la informaci\u00f3n sobre: Cuatro razones para elegir Sikaflex\u00ae","robots":{"index":"index","follow":"follow","max-snippet":"max-snippet:-1","max-image-preview":"max-image-preview:large","max-video-preview":"max-video-preview:-1"},"canonical":"https:\/\/veredes.es\/blog\/cuatro-razones-para-elegir-sikaflex\/","og_locale":"es_ES","og_type":"article","og_title":"Cuatro razones para elegir Sikaflex\u00ae - veredes","og_description":"Toda la informaci\u00f3n sobre: Cuatro razones para elegir Sikaflex\u00ae","og_url":"https:\/\/veredes.es\/blog\/cuatro-razones-para-elegir-sikaflex\/","og_site_name":"veredes, arquitectura y divulgaci\u00f3n","article_publisher":"https:\/\/www.facebook.com\/veredesArquitecturayDivulgacion\/","article_author":"https:\/\/www.facebook.com\/veredesArquitecturayDivulgacion\/","article_published_time":"2022-10-05T22:01:46+00:00","article_modified_time":"2025-03-06T12:59:52+00:00","og_image":[{"width":1024,"height":1024,"url":"https:\/\/veredes.es\/blog\/wp-content\/uploads\/2022\/09\/Cuatro-razones-para-elegir-Sikaflex\u00ae-Bano-1024x1024.png","type":"image\/png"}],"author":"veredes","twitter_card":"summary_large_image","twitter_creator":"@https:\/\/twitter.com\/veredes","twitter_site":"@veredes","twitter_misc":{"Escrito por":"veredes","Tiempo de lectura":"4 minutos"},"schema":{"@context":"https:\/\/schema.org","@graph":[{"@type":"Article","@id":"https:\/\/veredes.es\/blog\/cuatro-razones-para-elegir-sikaflex\/#article","isPartOf":{"@id":"https:\/\/veredes.es\/blog\/cuatro-razones-para-elegir-sikaflex\/"},"author":{"name":"veredes","@id":"https:\/\/veredes.es\/blog\/#\/schema\/person\/0bbb669073ef7faba5168a0844e93d2c"},"headline":"Cuatro razones para elegir Sikaflex\u00ae","datePublished":"2022-10-05T22:01:46+00:00","dateModified":"2025-03-06T12:59:52+00:00","mainEntityOfPage":{"@id":"https:\/\/veredes.es\/blog\/cuatro-razones-para-elegir-sikaflex\/"},"wordCount":639,"commentCount":0,"publisher":{"@id":"https:\/\/veredes.es\/blog\/#organization"},"image":{"@id":"https:\/\/veredes.es\/blog\/cuatro-razones-para-elegir-sikaflex\/#primaryimage"},"thumbnailUrl":"https:\/\/veredes.es\/blog\/wp-content\/uploads\/2022\/09\/Cuatro-razones-para-elegir-Sikaflex\u00ae-Bano.png","keywords":["arquitectura sostenible","cambio clim\u00e1tico","ciclo","ciudad sostenible","clima","construcci\u00f3n","dise\u00f1o sostenible","eficiencia","estrategias","\u00e9tica de la sostenibilidad","material","rehabilitaci\u00f3n","sika","sostenibilidad"],"articleSection":["aparejo","slider principal"],"inLanguage":"es","potentialAction":[{"@type":"CommentAction","name":"Comment","target":["https:\/\/veredes.es\/blog\/cuatro-razones-para-elegir-sikaflex\/#respond"]}]},{"@type":"WebPage","@id":"https:\/\/veredes.es\/blog\/cuatro-razones-para-elegir-sikaflex\/","url":"https:\/\/veredes.es\/blog\/cuatro-razones-para-elegir-sikaflex\/","name":"Cuatro razones para elegir Sikaflex\u00ae - veredes","isPartOf":{"@id":"https:\/\/veredes.es\/blog\/#website"},"primaryImageOfPage":{"@id":"https:\/\/veredes.es\/blog\/cuatro-razones-para-elegir-sikaflex\/#primaryimage"},"image":{"@id":"https:\/\/veredes.es\/blog\/cuatro-razones-para-elegir-sikaflex\/#primaryimage"},"thumbnailUrl":"https:\/\/veredes.es\/blog\/wp-content\/uploads\/2022\/09\/Cuatro-razones-para-elegir-Sikaflex\u00ae-Bano.png","datePublished":"2022-10-05T22:01:46+00:00","dateModified":"2025-03-06T12:59:52+00:00","description":"Toda la informaci\u00f3n sobre: Cuatro razones para elegir Sikaflex\u00ae","breadcrumb":{"@id":"https:\/\/veredes.es\/blog\/cuatro-razones-para-elegir-sikaflex\/#breadcrumb"},"inLanguage":"es","potentialAction":[{"@type":"ReadAction","target":["https:\/\/veredes.es\/blog\/cuatro-razones-para-elegir-sikaflex\/"]}]},{"@type":"ImageObject","inLanguage":"es","@id":"https:\/\/veredes.es\/blog\/cuatro-razones-para-elegir-sikaflex\/#primaryimage","url":"https:\/\/veredes.es\/blog\/wp-content\/uploads\/2022\/09\/Cuatro-razones-para-elegir-Sikaflex\u00ae-Bano.png","contentUrl":"https:\/\/veredes.es\/blog\/wp-content\/uploads\/2022\/09\/Cuatro-razones-para-elegir-Sikaflex\u00ae-Bano.png","width":1772,"height":1772,"caption":"Cuatro razones para elegir Sikaflex\u00ae"},{"@type":"BreadcrumbList","@id":"https:\/\/veredes.es\/blog\/cuatro-razones-para-elegir-sikaflex\/#breadcrumb","itemListElement":[{"@type":"ListItem","position":1,"name":"Portada","item":"https:\/\/veredes.es\/blog\/"},{"@type":"ListItem","position":2,"name":"Cuatro razones para elegir Sikaflex\u00ae"}]},{"@type":"WebSite","@id":"https:\/\/veredes.es\/blog\/#website","url":"https:\/\/veredes.es\/blog\/","name":"veredes, arquitectura y divulgaci\u00f3n","description":"veredes","publisher":{"@id":"https:\/\/veredes.es\/blog\/#organization"},"alternateName":"veredes","potentialAction":[{"@type":"SearchAction","target":{"@type":"EntryPoint","urlTemplate":"https:\/\/veredes.es\/blog\/?s={search_term_string}"},"query-input":{"@type":"PropertyValueSpecification","valueRequired":true,"valueName":"search_term_string"}}],"inLanguage":"es"},{"@type":"Organization","@id":"https:\/\/veredes.es\/blog\/#organization","name":"veredes, arquitectura y divulgaci\u00f3n","alternateName":"veredes","url":"https:\/\/veredes.es\/blog\/","logo":{"@type":"ImageObject","inLanguage":"es","@id":"https:\/\/veredes.es\/blog\/#\/schema\/logo\/image\/","url":"https:\/\/veredes.es\/blog\/wp-content\/uploads\/2021\/12\/veredes-logo-centrado_140x54.png","contentUrl":"https:\/\/veredes.es\/blog\/wp-content\/uploads\/2021\/12\/veredes-logo-centrado_140x54.png","width":140,"height":54,"caption":"veredes, arquitectura y divulgaci\u00f3n"},"image":{"@id":"https:\/\/veredes.es\/blog\/#\/schema\/logo\/image\/"},"sameAs":["https:\/\/www.facebook.com\/veredesArquitecturayDivulgacion\/","https:\/\/x.com\/veredes","https:\/\/instagram.com\/veredes\/","https:\/\/www.linkedin.com\/company\/veredes-arquitectura-y-divulgacion\/","https:\/\/es.pinterest.com\/veredes\/","https:\/\/www.tumblr.com\/veredes"]},{"@type":"Person","@id":"https:\/\/veredes.es\/blog\/#\/schema\/person\/0bbb669073ef7faba5168a0844e93d2c","name":"veredes","image":{"@type":"ImageObject","inLanguage":"es","@id":"https:\/\/veredes.es\/blog\/wp-content\/uploads\/2018\/04\/face-96x96.jpg","url":"https:\/\/veredes.es\/blog\/wp-content\/uploads\/2018\/04\/face-96x96.jpg","contentUrl":"https:\/\/veredes.es\/blog\/wp-content\/uploads\/2018\/04\/face-96x96.jpg","caption":"veredes"},"description":"Surge enero de 2009 como b\u00fasqueda de satisfacer el conocimiento de la actividad arquitect\u00f3nica y tangentes que se generan. La idea es crear un espacio para divulgar los diversos proyectos en busca de nueva inspiraci\u00f3n y de intercambio.","sameAs":["https:\/\/veredes.es\/","https:\/\/www.facebook.com\/veredesArquitecturayDivulgacion\/","https:\/\/www.instagram.com\/veredes\/","https:\/\/www.linkedin.com\/company\/veredes-arquitectura-y-divulgacion\/","https:\/\/www.pinterest.es\/veredes\/","https:\/\/x.com\/https:\/\/twitter.com\/veredes","https:\/\/veredes.tumblr.com\/"],"url":"https:\/\/veredes.es\/blog\/author\/alberto\/"}]}},"_links":{"self":[{"href":"https:\/\/veredes.es\/blog\/wp-json\/wp\/v2\/posts\/90785","targetHints":{"allow":["GET"]}}],"collection":[{"href":"https:\/\/veredes.es\/blog\/wp-json\/wp\/v2\/posts"}],"about":[{"href":"https:\/\/veredes.es\/blog\/wp-json\/wp\/v2\/types\/post"}],"author":[{"embeddable":true,"href":"https:\/\/veredes.es\/blog\/wp-json\/wp\/v2\/users\/2"}],"replies":[{"embeddable":true,"href":"https:\/\/veredes.es\/blog\/wp-json\/wp\/v2\/comments?post=90785"}],"version-history":[{"count":0,"href":"https:\/\/veredes.es\/blog\/wp-json\/wp\/v2\/posts\/90785\/revisions"}],"wp:featuredmedia":[{"embeddable":true,"href":"https:\/\/veredes.es\/blog\/wp-json\/wp\/v2\/media\/90790"}],"wp:attachment":[{"href":"https:\/\/veredes.es\/blog\/wp-json\/wp\/v2\/media?parent=90785"}],"wp:term":[{"taxonomy":"category","embeddable":true,"href":"https:\/\/veredes.es\/blog\/wp-json\/wp\/v2\/categories?post=90785"},{"taxonomy":"post_tag","embeddable":true,"href":"https:\/\/veredes.es\/blog\/wp-json\/wp\/v2\/tags?post=90785"}],"curies":[{"name":"wp","href":"https:\/\/api.w.org\/{rel}","templated":true}]}}