{"id":90513,"date":"2022-09-14T00:01:38","date_gmt":"2022-09-13T22:01:38","guid":{"rendered":"https:\/\/veredes.es\/blog\/?p=90513"},"modified":"2022-08-17T13:12:19","modified_gmt":"2022-08-17T11:12:19","slug":"refugio-villa-serrana-i-delfina-tatu-arquitectura","status":"publish","type":"post","link":"https:\/\/veredes.es\/blog\/refugio-villa-serrana-i-delfina-tatu-arquitectura\/","title":{"rendered":"Refugio Villa Serrana I Delfina | TAT\u016a Arquitectura"},"content":{"rendered":"<p style=\"text-align: justify;\">Una de las intenciones principales del proyecto era potenciar su car\u00e1cter silvestre dado por el contexto en el que se ubica. Por eso, su morfolog\u00eda se inspira en la tipolog\u00eda tradicional de granero, que adem\u00e1s le permit\u00eda una mayor espacialidad interior gracias a su cubierta inclinada.<\/p>\n<figure id=\"attachment_90516\" aria-describedby=\"caption-attachment-90516\" style=\"width: 1400px\" class=\"wp-caption alignnone\"><img loading=\"lazy\" decoding=\"async\" class=\"size-full wp-image-90516\" src=\"https:\/\/veredes.es\/blog\/wp-content\/uploads\/2022\/09\/Refugio-Villa-Serrana-I-Delfina-TATU-Arquitectura-17.jpg\" alt=\"Refugio Villa Serrana I Delfina TAT\u016a Arquitectura 17\" width=\"1400\" height=\"2114\" srcset=\"https:\/\/veredes.es\/blog\/wp-content\/uploads\/2022\/09\/Refugio-Villa-Serrana-I-Delfina-TATU-Arquitectura-17.jpg 1400w, https:\/\/veredes.es\/blog\/wp-content\/uploads\/2022\/09\/Refugio-Villa-Serrana-I-Delfina-TATU-Arquitectura-17-199x300.jpg 199w, https:\/\/veredes.es\/blog\/wp-content\/uploads\/2022\/09\/Refugio-Villa-Serrana-I-Delfina-TATU-Arquitectura-17-678x1024.jpg 678w, https:\/\/veredes.es\/blog\/wp-content\/uploads\/2022\/09\/Refugio-Villa-Serrana-I-Delfina-TATU-Arquitectura-17-1017x1536.jpg 1017w, https:\/\/veredes.es\/blog\/wp-content\/uploads\/2022\/09\/Refugio-Villa-Serrana-I-Delfina-TATU-Arquitectura-17-1356x2048.jpg 1356w, https:\/\/veredes.es\/blog\/wp-content\/uploads\/2022\/09\/Refugio-Villa-Serrana-I-Delfina-TATU-Arquitectura-17-696x1051.jpg 696w, https:\/\/veredes.es\/blog\/wp-content\/uploads\/2022\/09\/Refugio-Villa-Serrana-I-Delfina-TATU-Arquitectura-17-1068x1613.jpg 1068w\" sizes=\"auto, (max-width: 1400px) 100vw, 1400px\" \/><figcaption id=\"caption-attachment-90516\" class=\"wp-caption-text\"><span style=\"color: #999999;\">Refugio Villa Serrana I Delfina | TAT\u016a Arquitectura<\/span><\/figcaption><\/figure>\n<p style=\"text-align: justify;\">El proyecto se ubica en Villa Serrana, en una zona agreste y alejada de las \u00e1reas m\u00e1s calificadas de la urbanizaci\u00f3n y por tanto con infraestructuras precarias respecto del resto de la zona. Esta condici\u00f3n de austeridad que proviene de las propias infraestructuras disponibles brindaba al paisaje una sensaci\u00f3n silvestre o de ruralidad casi inexplorada que quer\u00edamos aprovechar y potenciar.<\/p>\n<p style=\"text-align: justify;\">En ese sentido se decidi\u00f3 utilizar un lenguaje inspirado en la tipolog\u00eda de \u00a8granero\u00a8 o caba\u00f1a-refugio, de planta rectangular y techos inclinados que favorecen la amplitud en la espacialidad interior a la vez que ocupan una funci\u00f3n ideal para el escurrimiento y recolecci\u00f3n de aguas pluviales. Para incorporar el programa de la vivienda se decidi\u00f3 optar por una planta simple en base a una organizaci\u00f3n sim\u00e9trica apenas distorsionada por las reparticiones interiores de los extremos.<\/p>\n<div id='gallery-1' class='gallery galleryid-90513 gallery-columns-4 gallery-size-thumbnail'><figure class='gallery-item'>\n\t\t\t<div class='gallery-icon portrait'>\n\t\t\t\t<a href='https:\/\/veredes.es\/blog\/wp-content\/uploads\/2022\/09\/Refugio-Villa-Serrana-I-Delfina-TATU-Arquitectura-13.jpg'><img loading=\"lazy\" decoding=\"async\" width=\"120\" height=\"120\" src=\"https:\/\/veredes.es\/blog\/wp-content\/uploads\/2022\/09\/Refugio-Villa-Serrana-I-Delfina-TATU-Arquitectura-13-120x120.jpg\" class=\"attachment-thumbnail size-thumbnail\" alt=\"Refugio Villa Serrana I Delfina TAT\u016a Arquitectura 13\" aria-describedby=\"gallery-1-90518\" \/><\/a>\n\t\t\t<\/div>\n\t\t\t\t<figcaption class='wp-caption-text gallery-caption' id='gallery-1-90518'>\n\t\t\t\tRefugio Villa Serrana I Delfina | TAT\u016a Arquitectura \n\t\t\t\t<\/figcaption><\/figure><figure class='gallery-item'>\n\t\t\t<div class='gallery-icon landscape'>\n\t\t\t\t<a href='https:\/\/veredes.es\/blog\/wp-content\/uploads\/2022\/09\/Refugio-Villa-Serrana-I-Delfina-TATU-Arquitectura-14.jpg'><img loading=\"lazy\" decoding=\"async\" width=\"120\" height=\"120\" src=\"https:\/\/veredes.es\/blog\/wp-content\/uploads\/2022\/09\/Refugio-Villa-Serrana-I-Delfina-TATU-Arquitectura-14-120x120.jpg\" class=\"attachment-thumbnail size-thumbnail\" alt=\"Refugio Villa Serrana I Delfina TAT\u016a Arquitectura 14\" aria-describedby=\"gallery-1-90519\" \/><\/a>\n\t\t\t<\/div>\n\t\t\t\t<figcaption class='wp-caption-text gallery-caption' id='gallery-1-90519'>\n\t\t\t\tRefugio Villa Serrana I Delfina | TAT\u016a Arquitectura \n\t\t\t\t<\/figcaption><\/figure><figure class='gallery-item'>\n\t\t\t<div class='gallery-icon landscape'>\n\t\t\t\t<a href='https:\/\/veredes.es\/blog\/wp-content\/uploads\/2022\/09\/Refugio-Villa-Serrana-I-Delfina-TATU-Arquitectura-16.jpg'><img loading=\"lazy\" decoding=\"async\" width=\"120\" height=\"120\" src=\"https:\/\/veredes.es\/blog\/wp-content\/uploads\/2022\/09\/Refugio-Villa-Serrana-I-Delfina-TATU-Arquitectura-16-120x120.jpg\" class=\"attachment-thumbnail size-thumbnail\" alt=\"Refugio Villa Serrana I Delfina TAT\u016a Arquitectura 16\" aria-describedby=\"gallery-1-90517\" \/><\/a>\n\t\t\t<\/div>\n\t\t\t\t<figcaption class='wp-caption-text gallery-caption' id='gallery-1-90517'>\n\t\t\t\tRefugio Villa Serrana I Delfina | TAT\u016a Arquitectura \n\t\t\t\t<\/figcaption><\/figure><figure class='gallery-item'>\n\t\t\t<div class='gallery-icon landscape'>\n\t\t\t\t<a href='https:\/\/veredes.es\/blog\/wp-content\/uploads\/2022\/09\/Refugio-Villa-Serrana-I-Delfina-TATU-Arquitectura-15.jpg'><img loading=\"lazy\" decoding=\"async\" width=\"120\" height=\"120\" src=\"https:\/\/veredes.es\/blog\/wp-content\/uploads\/2022\/09\/Refugio-Villa-Serrana-I-Delfina-TATU-Arquitectura-15-120x120.jpg\" class=\"attachment-thumbnail size-thumbnail\" alt=\"Refugio Villa Serrana I Delfina TAT\u016a Arquitectura 15\" aria-describedby=\"gallery-1-90520\" \/><\/a>\n\t\t\t<\/div>\n\t\t\t\t<figcaption class='wp-caption-text gallery-caption' id='gallery-1-90520'>\n\t\t\t\tRefugio Villa Serrana I Delfina | TAT\u016a Arquitectura \n\t\t\t\t<\/figcaption><\/figure>\n\t\t<\/div>\n\n<p style=\"text-align: justify;\">El espacio central, pasante y conectado plenamente en sus caras longitudinales con el exterior a partir de dos grandes ventanales corredizos, corresponde al espacio social que est\u00e1 contenido en el sentido transversal por dos \u00abpar\u00e9ntesis\u00bb program\u00e1ticos que albergan diferentes instalaciones de la cocina y living. Por detr\u00e1s de estos, en las cabeceras del conjunto, se ubican las habitaciones y el ba\u00f1o.<\/p>\n<p style=\"text-align: justify;\">El sistema constructivo utilizado para el desarrollo del proyecto se basa en una construcci\u00f3n tradicional de cimentaci\u00f3n y tabiquer\u00eda exterior que fue complementada con una cubierta liviana, ejecutada con vigas de hierro y vigas galvanizadas. El interior se revisit\u00f3 con chapones fen\u00f3licos de eucaliptus, y el exterior con un entablonado vertical, tambi\u00e9n de la misma madera.<\/p>\n<div id='gallery-2' class='gallery galleryid-90513 gallery-columns-4 gallery-size-thumbnail'><figure class='gallery-item'>\n\t\t\t<div class='gallery-icon landscape'>\n\t\t\t\t<a href='https:\/\/veredes.es\/blog\/wp-content\/uploads\/2022\/09\/Refugio-Villa-Serrana-I-Delfina-TATU-Arquitectura-1.jpg'><img loading=\"lazy\" decoding=\"async\" width=\"120\" height=\"120\" src=\"https:\/\/veredes.es\/blog\/wp-content\/uploads\/2022\/09\/Refugio-Villa-Serrana-I-Delfina-TATU-Arquitectura-1-120x120.jpg\" class=\"attachment-thumbnail size-thumbnail\" alt=\"Refugio Villa Serrana I Delfina TAT\u016a Arquitectura 1\" aria-describedby=\"gallery-2-90522\" srcset=\"https:\/\/veredes.es\/blog\/wp-content\/uploads\/2022\/09\/Refugio-Villa-Serrana-I-Delfina-TATU-Arquitectura-1-120x120.jpg 120w, https:\/\/veredes.es\/blog\/wp-content\/uploads\/2022\/09\/Refugio-Villa-Serrana-I-Delfina-TATU-Arquitectura-1-300x300.jpg 300w, https:\/\/veredes.es\/blog\/wp-content\/uploads\/2022\/09\/Refugio-Villa-Serrana-I-Delfina-TATU-Arquitectura-1-1024x1024.jpg 1024w, https:\/\/veredes.es\/blog\/wp-content\/uploads\/2022\/09\/Refugio-Villa-Serrana-I-Delfina-TATU-Arquitectura-1-696x696.jpg 696w, https:\/\/veredes.es\/blog\/wp-content\/uploads\/2022\/09\/Refugio-Villa-Serrana-I-Delfina-TATU-Arquitectura-1-1068x1068.jpg 1068w, https:\/\/veredes.es\/blog\/wp-content\/uploads\/2022\/09\/Refugio-Villa-Serrana-I-Delfina-TATU-Arquitectura-1.jpg 1400w\" sizes=\"auto, (max-width: 120px) 100vw, 120px\" \/><\/a>\n\t\t\t<\/div>\n\t\t\t\t<figcaption class='wp-caption-text gallery-caption' id='gallery-2-90522'>\n\t\t\t\tRefugio Villa Serrana I Delfina | TAT\u016a Arquitectura | Emplazamiento\n\t\t\t\t<\/figcaption><\/figure><figure class='gallery-item'>\n\t\t\t<div class='gallery-icon landscape'>\n\t\t\t\t<a href='https:\/\/veredes.es\/blog\/wp-content\/uploads\/2022\/09\/Refugio-Villa-Serrana-I-Delfina-TATU-Arquitectura-2.jpg'><img loading=\"lazy\" decoding=\"async\" width=\"120\" height=\"120\" src=\"https:\/\/veredes.es\/blog\/wp-content\/uploads\/2022\/09\/Refugio-Villa-Serrana-I-Delfina-TATU-Arquitectura-2-120x120.jpg\" class=\"attachment-thumbnail size-thumbnail\" alt=\"Refugio Villa Serrana I Delfina TAT\u016a Arquitectura 2\" aria-describedby=\"gallery-2-90523\" srcset=\"https:\/\/veredes.es\/blog\/wp-content\/uploads\/2022\/09\/Refugio-Villa-Serrana-I-Delfina-TATU-Arquitectura-2-120x120.jpg 120w, https:\/\/veredes.es\/blog\/wp-content\/uploads\/2022\/09\/Refugio-Villa-Serrana-I-Delfina-TATU-Arquitectura-2-300x300.jpg 300w, https:\/\/veredes.es\/blog\/wp-content\/uploads\/2022\/09\/Refugio-Villa-Serrana-I-Delfina-TATU-Arquitectura-2-1024x1024.jpg 1024w, https:\/\/veredes.es\/blog\/wp-content\/uploads\/2022\/09\/Refugio-Villa-Serrana-I-Delfina-TATU-Arquitectura-2-696x696.jpg 696w, https:\/\/veredes.es\/blog\/wp-content\/uploads\/2022\/09\/Refugio-Villa-Serrana-I-Delfina-TATU-Arquitectura-2-1068x1068.jpg 1068w, https:\/\/veredes.es\/blog\/wp-content\/uploads\/2022\/09\/Refugio-Villa-Serrana-I-Delfina-TATU-Arquitectura-2.jpg 1400w\" sizes=\"auto, (max-width: 120px) 100vw, 120px\" \/><\/a>\n\t\t\t<\/div>\n\t\t\t\t<figcaption class='wp-caption-text gallery-caption' id='gallery-2-90523'>\n\t\t\t\tRefugio Villa Serrana I Delfina | TAT\u016a Arquitectura | Esquemas\n\t\t\t\t<\/figcaption><\/figure><figure class='gallery-item'>\n\t\t\t<div class='gallery-icon landscape'>\n\t\t\t\t<a href='https:\/\/veredes.es\/blog\/wp-content\/uploads\/2022\/09\/Refugio-Villa-Serrana-I-Delfina-TATU-Arquitectura-3.jpg'><img loading=\"lazy\" decoding=\"async\" width=\"120\" height=\"120\" src=\"https:\/\/veredes.es\/blog\/wp-content\/uploads\/2022\/09\/Refugio-Villa-Serrana-I-Delfina-TATU-Arquitectura-3-120x120.jpg\" class=\"attachment-thumbnail size-thumbnail\" alt=\"Refugio Villa Serrana I Delfina TAT\u016a Arquitectura 3\" aria-describedby=\"gallery-2-90524\" srcset=\"https:\/\/veredes.es\/blog\/wp-content\/uploads\/2022\/09\/Refugio-Villa-Serrana-I-Delfina-TATU-Arquitectura-3-120x120.jpg 120w, https:\/\/veredes.es\/blog\/wp-content\/uploads\/2022\/09\/Refugio-Villa-Serrana-I-Delfina-TATU-Arquitectura-3-300x300.jpg 300w, https:\/\/veredes.es\/blog\/wp-content\/uploads\/2022\/09\/Refugio-Villa-Serrana-I-Delfina-TATU-Arquitectura-3-1024x1024.jpg 1024w, https:\/\/veredes.es\/blog\/wp-content\/uploads\/2022\/09\/Refugio-Villa-Serrana-I-Delfina-TATU-Arquitectura-3-696x696.jpg 696w, https:\/\/veredes.es\/blog\/wp-content\/uploads\/2022\/09\/Refugio-Villa-Serrana-I-Delfina-TATU-Arquitectura-3-1068x1068.jpg 1068w, https:\/\/veredes.es\/blog\/wp-content\/uploads\/2022\/09\/Refugio-Villa-Serrana-I-Delfina-TATU-Arquitectura-3.jpg 1400w\" sizes=\"auto, (max-width: 120px) 100vw, 120px\" \/><\/a>\n\t\t\t<\/div>\n\t\t\t\t<figcaption class='wp-caption-text gallery-caption' id='gallery-2-90524'>\n\t\t\t\tRefugio Villa Serrana I Delfina | TAT\u016a Arquitectura | Planta de cubierta\n\t\t\t\t<\/figcaption><\/figure><figure class='gallery-item'>\n\t\t\t<div class='gallery-icon landscape'>\n\t\t\t\t<a href='https:\/\/veredes.es\/blog\/wp-content\/uploads\/2022\/09\/Refugio-Villa-Serrana-I-Delfina-TATU-Arquitectura-4.jpg'><img loading=\"lazy\" decoding=\"async\" width=\"120\" height=\"120\" src=\"https:\/\/veredes.es\/blog\/wp-content\/uploads\/2022\/09\/Refugio-Villa-Serrana-I-Delfina-TATU-Arquitectura-4-120x120.jpg\" class=\"attachment-thumbnail size-thumbnail\" alt=\"Refugio Villa Serrana I Delfina TAT\u016a Arquitectura 4\" aria-describedby=\"gallery-2-90525\" srcset=\"https:\/\/veredes.es\/blog\/wp-content\/uploads\/2022\/09\/Refugio-Villa-Serrana-I-Delfina-TATU-Arquitectura-4-120x120.jpg 120w, https:\/\/veredes.es\/blog\/wp-content\/uploads\/2022\/09\/Refugio-Villa-Serrana-I-Delfina-TATU-Arquitectura-4-300x300.jpg 300w, https:\/\/veredes.es\/blog\/wp-content\/uploads\/2022\/09\/Refugio-Villa-Serrana-I-Delfina-TATU-Arquitectura-4-1024x1024.jpg 1024w, https:\/\/veredes.es\/blog\/wp-content\/uploads\/2022\/09\/Refugio-Villa-Serrana-I-Delfina-TATU-Arquitectura-4-696x696.jpg 696w, https:\/\/veredes.es\/blog\/wp-content\/uploads\/2022\/09\/Refugio-Villa-Serrana-I-Delfina-TATU-Arquitectura-4-1068x1068.jpg 1068w, https:\/\/veredes.es\/blog\/wp-content\/uploads\/2022\/09\/Refugio-Villa-Serrana-I-Delfina-TATU-Arquitectura-4.jpg 1400w\" sizes=\"auto, (max-width: 120px) 100vw, 120px\" \/><\/a>\n\t\t\t<\/div>\n\t\t\t\t<figcaption class='wp-caption-text gallery-caption' id='gallery-2-90525'>\n\t\t\t\tRefugio Villa Serrana I Delfina | TAT\u016a Arquitectura | Planta \n\t\t\t\t<\/figcaption><\/figure><figure class='gallery-item'>\n\t\t\t<div class='gallery-icon landscape'>\n\t\t\t\t<a href='https:\/\/veredes.es\/blog\/wp-content\/uploads\/2022\/09\/Refugio-Villa-Serrana-I-Delfina-TATU-Arquitectura-5.jpg'><img loading=\"lazy\" decoding=\"async\" width=\"120\" height=\"120\" src=\"https:\/\/veredes.es\/blog\/wp-content\/uploads\/2022\/09\/Refugio-Villa-Serrana-I-Delfina-TATU-Arquitectura-5-120x120.jpg\" class=\"attachment-thumbnail size-thumbnail\" alt=\"Refugio Villa Serrana I Delfina TAT\u016a Arquitectura 5\" aria-describedby=\"gallery-2-90526\" srcset=\"https:\/\/veredes.es\/blog\/wp-content\/uploads\/2022\/09\/Refugio-Villa-Serrana-I-Delfina-TATU-Arquitectura-5-120x120.jpg 120w, https:\/\/veredes.es\/blog\/wp-content\/uploads\/2022\/09\/Refugio-Villa-Serrana-I-Delfina-TATU-Arquitectura-5-300x300.jpg 300w, https:\/\/veredes.es\/blog\/wp-content\/uploads\/2022\/09\/Refugio-Villa-Serrana-I-Delfina-TATU-Arquitectura-5-1024x1024.jpg 1024w, https:\/\/veredes.es\/blog\/wp-content\/uploads\/2022\/09\/Refugio-Villa-Serrana-I-Delfina-TATU-Arquitectura-5-696x696.jpg 696w, https:\/\/veredes.es\/blog\/wp-content\/uploads\/2022\/09\/Refugio-Villa-Serrana-I-Delfina-TATU-Arquitectura-5-1068x1068.jpg 1068w, https:\/\/veredes.es\/blog\/wp-content\/uploads\/2022\/09\/Refugio-Villa-Serrana-I-Delfina-TATU-Arquitectura-5.jpg 1400w\" sizes=\"auto, (max-width: 120px) 100vw, 120px\" \/><\/a>\n\t\t\t<\/div>\n\t\t\t\t<figcaption class='wp-caption-text gallery-caption' id='gallery-2-90526'>\n\t\t\t\tRefugio Villa Serrana I Delfina | TAT\u016a Arquitectura | Alzado Este\n\t\t\t\t<\/figcaption><\/figure><figure class='gallery-item'>\n\t\t\t<div class='gallery-icon landscape'>\n\t\t\t\t<a href='https:\/\/veredes.es\/blog\/wp-content\/uploads\/2022\/09\/Refugio-Villa-Serrana-I-Delfina-TATU-Arquitectura-6.jpg'><img loading=\"lazy\" decoding=\"async\" width=\"120\" height=\"120\" src=\"https:\/\/veredes.es\/blog\/wp-content\/uploads\/2022\/09\/Refugio-Villa-Serrana-I-Delfina-TATU-Arquitectura-6-120x120.jpg\" class=\"attachment-thumbnail size-thumbnail\" alt=\"Refugio Villa Serrana I Delfina TAT\u016a Arquitectura 6\" aria-describedby=\"gallery-2-90527\" srcset=\"https:\/\/veredes.es\/blog\/wp-content\/uploads\/2022\/09\/Refugio-Villa-Serrana-I-Delfina-TATU-Arquitectura-6-120x120.jpg 120w, https:\/\/veredes.es\/blog\/wp-content\/uploads\/2022\/09\/Refugio-Villa-Serrana-I-Delfina-TATU-Arquitectura-6-300x300.jpg 300w, https:\/\/veredes.es\/blog\/wp-content\/uploads\/2022\/09\/Refugio-Villa-Serrana-I-Delfina-TATU-Arquitectura-6-1024x1024.jpg 1024w, https:\/\/veredes.es\/blog\/wp-content\/uploads\/2022\/09\/Refugio-Villa-Serrana-I-Delfina-TATU-Arquitectura-6-696x696.jpg 696w, https:\/\/veredes.es\/blog\/wp-content\/uploads\/2022\/09\/Refugio-Villa-Serrana-I-Delfina-TATU-Arquitectura-6-1068x1068.jpg 1068w, https:\/\/veredes.es\/blog\/wp-content\/uploads\/2022\/09\/Refugio-Villa-Serrana-I-Delfina-TATU-Arquitectura-6.jpg 1400w\" sizes=\"auto, (max-width: 120px) 100vw, 120px\" \/><\/a>\n\t\t\t<\/div>\n\t\t\t\t<figcaption class='wp-caption-text gallery-caption' id='gallery-2-90527'>\n\t\t\t\tRefugio Villa Serrana I Delfina | TAT\u016a Arquitectura | Alzado Norte\n\t\t\t\t<\/figcaption><\/figure><figure class='gallery-item'>\n\t\t\t<div class='gallery-icon landscape'>\n\t\t\t\t<a href='https:\/\/veredes.es\/blog\/wp-content\/uploads\/2022\/09\/Refugio-Villa-Serrana-I-Delfina-TATU-Arquitectura-7.jpg'><img loading=\"lazy\" decoding=\"async\" width=\"120\" height=\"120\" src=\"https:\/\/veredes.es\/blog\/wp-content\/uploads\/2022\/09\/Refugio-Villa-Serrana-I-Delfina-TATU-Arquitectura-7-120x120.jpg\" class=\"attachment-thumbnail size-thumbnail\" alt=\"Refugio Villa Serrana I Delfina TAT\u016a Arquitectura 7\" aria-describedby=\"gallery-2-90528\" srcset=\"https:\/\/veredes.es\/blog\/wp-content\/uploads\/2022\/09\/Refugio-Villa-Serrana-I-Delfina-TATU-Arquitectura-7-120x120.jpg 120w, https:\/\/veredes.es\/blog\/wp-content\/uploads\/2022\/09\/Refugio-Villa-Serrana-I-Delfina-TATU-Arquitectura-7-300x300.jpg 300w, https:\/\/veredes.es\/blog\/wp-content\/uploads\/2022\/09\/Refugio-Villa-Serrana-I-Delfina-TATU-Arquitectura-7-1024x1024.jpg 1024w, https:\/\/veredes.es\/blog\/wp-content\/uploads\/2022\/09\/Refugio-Villa-Serrana-I-Delfina-TATU-Arquitectura-7-696x696.jpg 696w, https:\/\/veredes.es\/blog\/wp-content\/uploads\/2022\/09\/Refugio-Villa-Serrana-I-Delfina-TATU-Arquitectura-7-1068x1068.jpg 1068w, https:\/\/veredes.es\/blog\/wp-content\/uploads\/2022\/09\/Refugio-Villa-Serrana-I-Delfina-TATU-Arquitectura-7.jpg 1400w\" sizes=\"auto, (max-width: 120px) 100vw, 120px\" \/><\/a>\n\t\t\t<\/div>\n\t\t\t\t<figcaption class='wp-caption-text gallery-caption' id='gallery-2-90528'>\n\t\t\t\tRefugio Villa Serrana I Delfina | TAT\u016a Arquitectura | Alzado Oeste\n\t\t\t\t<\/figcaption><\/figure><figure class='gallery-item'>\n\t\t\t<div class='gallery-icon landscape'>\n\t\t\t\t<a href='https:\/\/veredes.es\/blog\/wp-content\/uploads\/2022\/09\/Refugio-Villa-Serrana-I-Delfina-TATU-Arquitectura-8.jpg'><img loading=\"lazy\" decoding=\"async\" width=\"120\" height=\"120\" src=\"https:\/\/veredes.es\/blog\/wp-content\/uploads\/2022\/09\/Refugio-Villa-Serrana-I-Delfina-TATU-Arquitectura-8-120x120.jpg\" class=\"attachment-thumbnail size-thumbnail\" alt=\"Refugio Villa Serrana I Delfina TAT\u016a Arquitectura 8\" aria-describedby=\"gallery-2-90529\" srcset=\"https:\/\/veredes.es\/blog\/wp-content\/uploads\/2022\/09\/Refugio-Villa-Serrana-I-Delfina-TATU-Arquitectura-8-120x120.jpg 120w, https:\/\/veredes.es\/blog\/wp-content\/uploads\/2022\/09\/Refugio-Villa-Serrana-I-Delfina-TATU-Arquitectura-8-300x300.jpg 300w, https:\/\/veredes.es\/blog\/wp-content\/uploads\/2022\/09\/Refugio-Villa-Serrana-I-Delfina-TATU-Arquitectura-8-1024x1024.jpg 1024w, https:\/\/veredes.es\/blog\/wp-content\/uploads\/2022\/09\/Refugio-Villa-Serrana-I-Delfina-TATU-Arquitectura-8-696x696.jpg 696w, https:\/\/veredes.es\/blog\/wp-content\/uploads\/2022\/09\/Refugio-Villa-Serrana-I-Delfina-TATU-Arquitectura-8-1068x1068.jpg 1068w, https:\/\/veredes.es\/blog\/wp-content\/uploads\/2022\/09\/Refugio-Villa-Serrana-I-Delfina-TATU-Arquitectura-8.jpg 1400w\" sizes=\"auto, (max-width: 120px) 100vw, 120px\" \/><\/a>\n\t\t\t<\/div>\n\t\t\t\t<figcaption class='wp-caption-text gallery-caption' id='gallery-2-90529'>\n\t\t\t\tRefugio Villa Serrana I Delfina | TAT\u016a Arquitectura | Alzado Sur\n\t\t\t\t<\/figcaption><\/figure><figure class='gallery-item'>\n\t\t\t<div class='gallery-icon landscape'>\n\t\t\t\t<a href='https:\/\/veredes.es\/blog\/wp-content\/uploads\/2022\/09\/Refugio-Villa-Serrana-I-Delfina-TATU-Arquitectura-12.jpg'><img loading=\"lazy\" decoding=\"async\" width=\"120\" height=\"120\" src=\"https:\/\/veredes.es\/blog\/wp-content\/uploads\/2022\/09\/Refugio-Villa-Serrana-I-Delfina-TATU-Arquitectura-12-120x120.jpg\" class=\"attachment-thumbnail size-thumbnail\" alt=\"Refugio Villa Serrana I Delfina TAT\u016a Arquitectura 12\" aria-describedby=\"gallery-2-90533\" srcset=\"https:\/\/veredes.es\/blog\/wp-content\/uploads\/2022\/09\/Refugio-Villa-Serrana-I-Delfina-TATU-Arquitectura-12-120x120.jpg 120w, https:\/\/veredes.es\/blog\/wp-content\/uploads\/2022\/09\/Refugio-Villa-Serrana-I-Delfina-TATU-Arquitectura-12-300x300.jpg 300w, https:\/\/veredes.es\/blog\/wp-content\/uploads\/2022\/09\/Refugio-Villa-Serrana-I-Delfina-TATU-Arquitectura-12-1024x1024.jpg 1024w, https:\/\/veredes.es\/blog\/wp-content\/uploads\/2022\/09\/Refugio-Villa-Serrana-I-Delfina-TATU-Arquitectura-12-696x696.jpg 696w, https:\/\/veredes.es\/blog\/wp-content\/uploads\/2022\/09\/Refugio-Villa-Serrana-I-Delfina-TATU-Arquitectura-12-1068x1068.jpg 1068w, https:\/\/veredes.es\/blog\/wp-content\/uploads\/2022\/09\/Refugio-Villa-Serrana-I-Delfina-TATU-Arquitectura-12.jpg 1400w\" sizes=\"auto, (max-width: 120px) 100vw, 120px\" \/><\/a>\n\t\t\t<\/div>\n\t\t\t\t<figcaption class='wp-caption-text gallery-caption' id='gallery-2-90533'>\n\t\t\t\tRefugio Villa Serrana I Delfina | TAT\u016a Arquitectura | Axonometr\u00eda\n\t\t\t\t<\/figcaption><\/figure><figure class='gallery-item'>\n\t\t\t<div class='gallery-icon landscape'>\n\t\t\t\t<a href='https:\/\/veredes.es\/blog\/wp-content\/uploads\/2022\/09\/Refugio-Villa-Serrana-I-Delfina-TATU-Arquitectura-11.jpg'><img loading=\"lazy\" decoding=\"async\" width=\"120\" height=\"120\" src=\"https:\/\/veredes.es\/blog\/wp-content\/uploads\/2022\/09\/Refugio-Villa-Serrana-I-Delfina-TATU-Arquitectura-11-120x120.jpg\" class=\"attachment-thumbnail size-thumbnail\" alt=\"Refugio Villa Serrana I Delfina TAT\u016a Arquitectura 11\" aria-describedby=\"gallery-2-90532\" srcset=\"https:\/\/veredes.es\/blog\/wp-content\/uploads\/2022\/09\/Refugio-Villa-Serrana-I-Delfina-TATU-Arquitectura-11-120x120.jpg 120w, https:\/\/veredes.es\/blog\/wp-content\/uploads\/2022\/09\/Refugio-Villa-Serrana-I-Delfina-TATU-Arquitectura-11-300x300.jpg 300w, https:\/\/veredes.es\/blog\/wp-content\/uploads\/2022\/09\/Refugio-Villa-Serrana-I-Delfina-TATU-Arquitectura-11-1024x1024.jpg 1024w, https:\/\/veredes.es\/blog\/wp-content\/uploads\/2022\/09\/Refugio-Villa-Serrana-I-Delfina-TATU-Arquitectura-11-696x696.jpg 696w, https:\/\/veredes.es\/blog\/wp-content\/uploads\/2022\/09\/Refugio-Villa-Serrana-I-Delfina-TATU-Arquitectura-11-1068x1068.jpg 1068w, https:\/\/veredes.es\/blog\/wp-content\/uploads\/2022\/09\/Refugio-Villa-Serrana-I-Delfina-TATU-Arquitectura-11.jpg 1400w\" sizes=\"auto, (max-width: 120px) 100vw, 120px\" \/><\/a>\n\t\t\t<\/div>\n\t\t\t\t<figcaption class='wp-caption-text gallery-caption' id='gallery-2-90532'>\n\t\t\t\tRefugio Villa Serrana I Delfina | TAT\u016a Arquitectura | Secci\u00f3n transversal CC\n\t\t\t\t<\/figcaption><\/figure><figure class='gallery-item'>\n\t\t\t<div class='gallery-icon landscape'>\n\t\t\t\t<a href='https:\/\/veredes.es\/blog\/wp-content\/uploads\/2022\/09\/Refugio-Villa-Serrana-I-Delfina-TATU-Arquitectura-10.jpg'><img loading=\"lazy\" decoding=\"async\" width=\"120\" height=\"120\" src=\"https:\/\/veredes.es\/blog\/wp-content\/uploads\/2022\/09\/Refugio-Villa-Serrana-I-Delfina-TATU-Arquitectura-10-120x120.jpg\" class=\"attachment-thumbnail size-thumbnail\" alt=\"Refugio Villa Serrana I Delfina TAT\u016a Arquitectura 10\" aria-describedby=\"gallery-2-90531\" srcset=\"https:\/\/veredes.es\/blog\/wp-content\/uploads\/2022\/09\/Refugio-Villa-Serrana-I-Delfina-TATU-Arquitectura-10-120x120.jpg 120w, https:\/\/veredes.es\/blog\/wp-content\/uploads\/2022\/09\/Refugio-Villa-Serrana-I-Delfina-TATU-Arquitectura-10-300x300.jpg 300w, https:\/\/veredes.es\/blog\/wp-content\/uploads\/2022\/09\/Refugio-Villa-Serrana-I-Delfina-TATU-Arquitectura-10-1024x1024.jpg 1024w, https:\/\/veredes.es\/blog\/wp-content\/uploads\/2022\/09\/Refugio-Villa-Serrana-I-Delfina-TATU-Arquitectura-10-696x696.jpg 696w, https:\/\/veredes.es\/blog\/wp-content\/uploads\/2022\/09\/Refugio-Villa-Serrana-I-Delfina-TATU-Arquitectura-10-1068x1068.jpg 1068w, https:\/\/veredes.es\/blog\/wp-content\/uploads\/2022\/09\/Refugio-Villa-Serrana-I-Delfina-TATU-Arquitectura-10.jpg 1400w\" sizes=\"auto, (max-width: 120px) 100vw, 120px\" \/><\/a>\n\t\t\t<\/div>\n\t\t\t\t<figcaption class='wp-caption-text gallery-caption' id='gallery-2-90531'>\n\t\t\t\tRefugio Villa Serrana I Delfina | TAT\u016a Arquitectura | Secci\u00f3n longitudinal AA\n\t\t\t\t<\/figcaption><\/figure><figure class='gallery-item'>\n\t\t\t<div class='gallery-icon landscape'>\n\t\t\t\t<a href='https:\/\/veredes.es\/blog\/wp-content\/uploads\/2022\/09\/Refugio-Villa-Serrana-I-Delfina-TATU-Arquitectura-9.jpg'><img loading=\"lazy\" decoding=\"async\" width=\"120\" height=\"120\" src=\"https:\/\/veredes.es\/blog\/wp-content\/uploads\/2022\/09\/Refugio-Villa-Serrana-I-Delfina-TATU-Arquitectura-9-120x120.jpg\" class=\"attachment-thumbnail size-thumbnail\" alt=\"Refugio Villa Serrana I Delfina TAT\u016a Arquitectura 9\" aria-describedby=\"gallery-2-90530\" srcset=\"https:\/\/veredes.es\/blog\/wp-content\/uploads\/2022\/09\/Refugio-Villa-Serrana-I-Delfina-TATU-Arquitectura-9-120x120.jpg 120w, https:\/\/veredes.es\/blog\/wp-content\/uploads\/2022\/09\/Refugio-Villa-Serrana-I-Delfina-TATU-Arquitectura-9-300x300.jpg 300w, https:\/\/veredes.es\/blog\/wp-content\/uploads\/2022\/09\/Refugio-Villa-Serrana-I-Delfina-TATU-Arquitectura-9-1024x1024.jpg 1024w, https:\/\/veredes.es\/blog\/wp-content\/uploads\/2022\/09\/Refugio-Villa-Serrana-I-Delfina-TATU-Arquitectura-9-696x696.jpg 696w, https:\/\/veredes.es\/blog\/wp-content\/uploads\/2022\/09\/Refugio-Villa-Serrana-I-Delfina-TATU-Arquitectura-9-1068x1068.jpg 1068w, https:\/\/veredes.es\/blog\/wp-content\/uploads\/2022\/09\/Refugio-Villa-Serrana-I-Delfina-TATU-Arquitectura-9.jpg 1400w\" sizes=\"auto, (max-width: 120px) 100vw, 120px\" \/><\/a>\n\t\t\t<\/div>\n\t\t\t\t<figcaption class='wp-caption-text gallery-caption' id='gallery-2-90530'>\n\t\t\t\tRefugio Villa Serrana I Delfina | TAT\u016a Arquitectura | Secci\u00f3n transversal BB\n\t\t\t\t<\/figcaption><\/figure>\n\t\t<\/div>\n\n<p style=\"text-align: justify;\">Obra: Refugio Villa Serrana I. Delfina<br \/>\nEmplazamiento: Villa Serrana, Uruguay<br \/>\nAutor: TAT\u016a Arquitectura<br \/>\nArquitecto(s) a cargo: Leandro Alegre, Horacio Goday, Martin Olivera.<br \/>\nA\u00f1o finalizaci\u00f3n construcci\u00f3n: 2019<br \/>\nSuperficie construida: 60 m2<br \/>\nFotograf\u00eda: <a href=\"https:\/\/www.marcosguiponi.net\/\" target=\"_blank\" rel=\"noopener\">Marcos Guiponi\u00a0<\/a><br \/>\n<a href=\"https:\/\/www.tatuarq.com\/\" target=\"_blank\" rel=\"noopener\"><span style=\"color: #999999;\">+ tatuarq.com\u00a0<\/span><\/a><\/p>\n","protected":false},"excerpt":{"rendered":"<p>Una de las intenciones principales del proyecto era potenciar su car\u00e1cter silvestre dado por el contexto en el que se ubica. Por eso, su morfolog\u00eda se inspira en la tipolog\u00eda tradicional de granero, que adem\u00e1s le permit\u00eda una mayor espacialidad interior gracias a su cubierta inclinada. El proyecto se ubica en Villa Serrana, en una [&hellip;]<\/p>\n","protected":false},"author":2,"featured_media":90516,"comment_status":"open","ping_status":"closed","sticky":false,"template":"","format":"standard","meta":{"footnotes":""},"categories":[34,23,5951,59],"tags":[812,5919,16144,708,16143,16145,16142,1357,12455],"class_list":{"0":"post-90513","1":"post","2":"type-post","3":"status-publish","4":"format-standard","5":"has-post-thumbnail","7":"category-arquitectura","8":"category-obras","9":"category-slider-principal","10":"category-vivienda-unifamiliar","11":"tag-arquitectura-en-madera","12":"tag-arquitectura-uruguaya","13":"tag-horacio-goday","14":"tag-industrializacion","15":"tag-leandro-alegre","16":"tag-martin-olivera","17":"tag-tatu-arquitectura","18":"tag-vivienda-bajo-coste","19":"tag-vivienda-unifamiliar"},"yoast_head":"<!-- This site is optimized with the Yoast SEO plugin v27.5 - https:\/\/yoast.com\/product\/yoast-seo-wordpress\/ -->\n<title>Refugio Villa Serrana I Delfina | TAT\u016a Arquitectura - veredes<\/title>\n<meta name=\"description\" content=\"Toda la informaci\u00f3n sobre: Refugio Villa Serrana I Delfina | TAT\u016a Arquitectura\" \/>\n<meta name=\"robots\" content=\"index, follow, max-snippet:-1, max-image-preview:large, max-video-preview:-1\" \/>\n<link rel=\"canonical\" href=\"https:\/\/veredes.es\/blog\/refugio-villa-serrana-i-delfina-tatu-arquitectura\/\" \/>\n<meta property=\"og:locale\" content=\"es_ES\" \/>\n<meta property=\"og:type\" content=\"article\" \/>\n<meta property=\"og:title\" content=\"Refugio Villa Serrana I Delfina | TAT\u016a Arquitectura - veredes\" \/>\n<meta property=\"og:description\" content=\"Toda la informaci\u00f3n sobre: Refugio Villa Serrana I Delfina | TAT\u016a Arquitectura\" \/>\n<meta property=\"og:url\" content=\"https:\/\/veredes.es\/blog\/refugio-villa-serrana-i-delfina-tatu-arquitectura\/\" \/>\n<meta property=\"og:site_name\" content=\"veredes, arquitectura y divulgaci\u00f3n\" \/>\n<meta property=\"article:publisher\" content=\"https:\/\/www.facebook.com\/veredesArquitecturayDivulgacion\/\" \/>\n<meta property=\"article:author\" content=\"https:\/\/www.facebook.com\/veredesArquitecturayDivulgacion\/\" \/>\n<meta property=\"article:published_time\" content=\"2022-09-13T22:01:38+00:00\" \/>\n<meta property=\"og:image\" content=\"https:\/\/veredes.es\/blog\/wp-content\/uploads\/2022\/09\/Refugio-Villa-Serrana-I-Delfina-TATU-Arquitectura-17.jpg\" \/>\n\t<meta property=\"og:image:width\" content=\"1400\" \/>\n\t<meta property=\"og:image:height\" content=\"2114\" \/>\n\t<meta property=\"og:image:type\" content=\"image\/jpeg\" \/>\n<meta name=\"author\" content=\"veredes\" \/>\n<meta name=\"twitter:card\" content=\"summary_large_image\" \/>\n<meta name=\"twitter:creator\" content=\"@https:\/\/twitter.com\/veredes\" \/>\n<meta name=\"twitter:site\" content=\"@veredes\" \/>\n<meta name=\"twitter:label1\" content=\"Escrito por\" \/>\n\t<meta name=\"twitter:data1\" content=\"veredes\" \/>\n\t<meta name=\"twitter:label2\" content=\"Tiempo de lectura\" \/>\n\t<meta name=\"twitter:data2\" content=\"2 minutos\" \/>\n<script type=\"application\/ld+json\" class=\"yoast-schema-graph\">{\"@context\":\"https:\\\/\\\/schema.org\",\"@graph\":[{\"@type\":\"Article\",\"@id\":\"https:\\\/\\\/veredes.es\\\/blog\\\/refugio-villa-serrana-i-delfina-tatu-arquitectura\\\/#article\",\"isPartOf\":{\"@id\":\"https:\\\/\\\/veredes.es\\\/blog\\\/refugio-villa-serrana-i-delfina-tatu-arquitectura\\\/\"},\"author\":{\"name\":\"veredes\",\"@id\":\"https:\\\/\\\/veredes.es\\\/blog\\\/#\\\/schema\\\/person\\\/0bbb669073ef7faba5168a0844e93d2c\"},\"headline\":\"Refugio Villa Serrana I Delfina | TAT\u016a Arquitectura\",\"datePublished\":\"2022-09-13T22:01:38+00:00\",\"mainEntityOfPage\":{\"@id\":\"https:\\\/\\\/veredes.es\\\/blog\\\/refugio-villa-serrana-i-delfina-tatu-arquitectura\\\/\"},\"wordCount\":392,\"commentCount\":0,\"publisher\":{\"@id\":\"https:\\\/\\\/veredes.es\\\/blog\\\/#organization\"},\"image\":{\"@id\":\"https:\\\/\\\/veredes.es\\\/blog\\\/refugio-villa-serrana-i-delfina-tatu-arquitectura\\\/#primaryimage\"},\"thumbnailUrl\":\"https:\\\/\\\/veredes.es\\\/blog\\\/wp-content\\\/uploads\\\/2022\\\/09\\\/Refugio-Villa-Serrana-I-Delfina-TATU-Arquitectura-17.jpg\",\"keywords\":[\"arquitectura en madera\",\"arquitectura uruguaya\",\"Horacio Goday\",\"industrializaci\u00f3n\",\"Leandro Alegre\",\"Martin Olivera\",\"TAT\u016a Arquitectura\",\"vivienda bajo coste\",\"vivienda unifamiliar\"],\"articleSection\":[\"arquitectura\",\"obras\",\"slider principal\",\"vivienda unifamiliar\"],\"inLanguage\":\"es\",\"potentialAction\":[{\"@type\":\"CommentAction\",\"name\":\"Comment\",\"target\":[\"https:\\\/\\\/veredes.es\\\/blog\\\/refugio-villa-serrana-i-delfina-tatu-arquitectura\\\/#respond\"]}]},{\"@type\":\"WebPage\",\"@id\":\"https:\\\/\\\/veredes.es\\\/blog\\\/refugio-villa-serrana-i-delfina-tatu-arquitectura\\\/\",\"url\":\"https:\\\/\\\/veredes.es\\\/blog\\\/refugio-villa-serrana-i-delfina-tatu-arquitectura\\\/\",\"name\":\"Refugio Villa Serrana I Delfina | TAT\u016a Arquitectura - veredes\",\"isPartOf\":{\"@id\":\"https:\\\/\\\/veredes.es\\\/blog\\\/#website\"},\"primaryImageOfPage\":{\"@id\":\"https:\\\/\\\/veredes.es\\\/blog\\\/refugio-villa-serrana-i-delfina-tatu-arquitectura\\\/#primaryimage\"},\"image\":{\"@id\":\"https:\\\/\\\/veredes.es\\\/blog\\\/refugio-villa-serrana-i-delfina-tatu-arquitectura\\\/#primaryimage\"},\"thumbnailUrl\":\"https:\\\/\\\/veredes.es\\\/blog\\\/wp-content\\\/uploads\\\/2022\\\/09\\\/Refugio-Villa-Serrana-I-Delfina-TATU-Arquitectura-17.jpg\",\"datePublished\":\"2022-09-13T22:01:38+00:00\",\"description\":\"Toda la informaci\u00f3n sobre: Refugio Villa Serrana I Delfina | TAT\u016a Arquitectura\",\"breadcrumb\":{\"@id\":\"https:\\\/\\\/veredes.es\\\/blog\\\/refugio-villa-serrana-i-delfina-tatu-arquitectura\\\/#breadcrumb\"},\"inLanguage\":\"es\",\"potentialAction\":[{\"@type\":\"ReadAction\",\"target\":[\"https:\\\/\\\/veredes.es\\\/blog\\\/refugio-villa-serrana-i-delfina-tatu-arquitectura\\\/\"]}]},{\"@type\":\"ImageObject\",\"inLanguage\":\"es\",\"@id\":\"https:\\\/\\\/veredes.es\\\/blog\\\/refugio-villa-serrana-i-delfina-tatu-arquitectura\\\/#primaryimage\",\"url\":\"https:\\\/\\\/veredes.es\\\/blog\\\/wp-content\\\/uploads\\\/2022\\\/09\\\/Refugio-Villa-Serrana-I-Delfina-TATU-Arquitectura-17.jpg\",\"contentUrl\":\"https:\\\/\\\/veredes.es\\\/blog\\\/wp-content\\\/uploads\\\/2022\\\/09\\\/Refugio-Villa-Serrana-I-Delfina-TATU-Arquitectura-17.jpg\",\"width\":1400,\"height\":2114,\"caption\":\"Refugio Villa Serrana I Delfina | TAT\u016a Arquitectura\"},{\"@type\":\"BreadcrumbList\",\"@id\":\"https:\\\/\\\/veredes.es\\\/blog\\\/refugio-villa-serrana-i-delfina-tatu-arquitectura\\\/#breadcrumb\",\"itemListElement\":[{\"@type\":\"ListItem\",\"position\":1,\"name\":\"Portada\",\"item\":\"https:\\\/\\\/veredes.es\\\/blog\\\/\"},{\"@type\":\"ListItem\",\"position\":2,\"name\":\"Refugio Villa Serrana I Delfina | TAT\u016a Arquitectura\"}]},{\"@type\":\"WebSite\",\"@id\":\"https:\\\/\\\/veredes.es\\\/blog\\\/#website\",\"url\":\"https:\\\/\\\/veredes.es\\\/blog\\\/\",\"name\":\"veredes, arquitectura y divulgaci\u00f3n\",\"description\":\"veredes\",\"publisher\":{\"@id\":\"https:\\\/\\\/veredes.es\\\/blog\\\/#organization\"},\"alternateName\":\"veredes\",\"potentialAction\":[{\"@type\":\"SearchAction\",\"target\":{\"@type\":\"EntryPoint\",\"urlTemplate\":\"https:\\\/\\\/veredes.es\\\/blog\\\/?s={search_term_string}\"},\"query-input\":{\"@type\":\"PropertyValueSpecification\",\"valueRequired\":true,\"valueName\":\"search_term_string\"}}],\"inLanguage\":\"es\"},{\"@type\":\"Organization\",\"@id\":\"https:\\\/\\\/veredes.es\\\/blog\\\/#organization\",\"name\":\"veredes, arquitectura y divulgaci\u00f3n\",\"alternateName\":\"veredes\",\"url\":\"https:\\\/\\\/veredes.es\\\/blog\\\/\",\"logo\":{\"@type\":\"ImageObject\",\"inLanguage\":\"es\",\"@id\":\"https:\\\/\\\/veredes.es\\\/blog\\\/#\\\/schema\\\/logo\\\/image\\\/\",\"url\":\"https:\\\/\\\/veredes.es\\\/blog\\\/wp-content\\\/uploads\\\/2021\\\/12\\\/veredes-logo-centrado_140x54.png\",\"contentUrl\":\"https:\\\/\\\/veredes.es\\\/blog\\\/wp-content\\\/uploads\\\/2021\\\/12\\\/veredes-logo-centrado_140x54.png\",\"width\":140,\"height\":54,\"caption\":\"veredes, arquitectura y divulgaci\u00f3n\"},\"image\":{\"@id\":\"https:\\\/\\\/veredes.es\\\/blog\\\/#\\\/schema\\\/logo\\\/image\\\/\"},\"sameAs\":[\"https:\\\/\\\/www.facebook.com\\\/veredesArquitecturayDivulgacion\\\/\",\"https:\\\/\\\/x.com\\\/veredes\",\"https:\\\/\\\/instagram.com\\\/veredes\\\/\",\"https:\\\/\\\/www.linkedin.com\\\/company\\\/veredes-arquitectura-y-divulgacion\\\/\",\"https:\\\/\\\/es.pinterest.com\\\/veredes\\\/\",\"https:\\\/\\\/www.tumblr.com\\\/veredes\"]},{\"@type\":\"Person\",\"@id\":\"https:\\\/\\\/veredes.es\\\/blog\\\/#\\\/schema\\\/person\\\/0bbb669073ef7faba5168a0844e93d2c\",\"name\":\"veredes\",\"image\":{\"@type\":\"ImageObject\",\"inLanguage\":\"es\",\"@id\":\"https:\\\/\\\/veredes.es\\\/blog\\\/wp-content\\\/uploads\\\/2018\\\/04\\\/face-96x96.jpg\",\"url\":\"https:\\\/\\\/veredes.es\\\/blog\\\/wp-content\\\/uploads\\\/2018\\\/04\\\/face-96x96.jpg\",\"contentUrl\":\"https:\\\/\\\/veredes.es\\\/blog\\\/wp-content\\\/uploads\\\/2018\\\/04\\\/face-96x96.jpg\",\"caption\":\"veredes\"},\"description\":\"Surge enero de 2009 como b\u00fasqueda de satisfacer el conocimiento de la actividad arquitect\u00f3nica y tangentes que se generan. La idea es crear un espacio para divulgar los diversos proyectos en busca de nueva inspiraci\u00f3n y de intercambio.\",\"sameAs\":[\"https:\\\/\\\/veredes.es\\\/\",\"https:\\\/\\\/www.facebook.com\\\/veredesArquitecturayDivulgacion\\\/\",\"https:\\\/\\\/www.instagram.com\\\/veredes\\\/\",\"https:\\\/\\\/www.linkedin.com\\\/company\\\/veredes-arquitectura-y-divulgacion\\\/\",\"https:\\\/\\\/www.pinterest.es\\\/veredes\\\/\",\"https:\\\/\\\/x.com\\\/https:\\\/\\\/twitter.com\\\/veredes\",\"https:\\\/\\\/veredes.tumblr.com\\\/\"],\"url\":\"https:\\\/\\\/veredes.es\\\/blog\\\/author\\\/alberto\\\/\"}]}<\/script>\n<!-- \/ Yoast SEO plugin. -->","yoast_head_json":{"title":"Refugio Villa Serrana I Delfina | TAT\u016a Arquitectura - veredes","description":"Toda la informaci\u00f3n sobre: Refugio Villa Serrana I Delfina | TAT\u016a Arquitectura","robots":{"index":"index","follow":"follow","max-snippet":"max-snippet:-1","max-image-preview":"max-image-preview:large","max-video-preview":"max-video-preview:-1"},"canonical":"https:\/\/veredes.es\/blog\/refugio-villa-serrana-i-delfina-tatu-arquitectura\/","og_locale":"es_ES","og_type":"article","og_title":"Refugio Villa Serrana I Delfina | TAT\u016a Arquitectura - veredes","og_description":"Toda la informaci\u00f3n sobre: Refugio Villa Serrana I Delfina | TAT\u016a Arquitectura","og_url":"https:\/\/veredes.es\/blog\/refugio-villa-serrana-i-delfina-tatu-arquitectura\/","og_site_name":"veredes, arquitectura y divulgaci\u00f3n","article_publisher":"https:\/\/www.facebook.com\/veredesArquitecturayDivulgacion\/","article_author":"https:\/\/www.facebook.com\/veredesArquitecturayDivulgacion\/","article_published_time":"2022-09-13T22:01:38+00:00","og_image":[{"width":1400,"height":2114,"url":"https:\/\/veredes.es\/blog\/wp-content\/uploads\/2022\/09\/Refugio-Villa-Serrana-I-Delfina-TATU-Arquitectura-17.jpg","type":"image\/jpeg"}],"author":"veredes","twitter_card":"summary_large_image","twitter_creator":"@https:\/\/twitter.com\/veredes","twitter_site":"@veredes","twitter_misc":{"Escrito por":"veredes","Tiempo de lectura":"2 minutos"},"schema":{"@context":"https:\/\/schema.org","@graph":[{"@type":"Article","@id":"https:\/\/veredes.es\/blog\/refugio-villa-serrana-i-delfina-tatu-arquitectura\/#article","isPartOf":{"@id":"https:\/\/veredes.es\/blog\/refugio-villa-serrana-i-delfina-tatu-arquitectura\/"},"author":{"name":"veredes","@id":"https:\/\/veredes.es\/blog\/#\/schema\/person\/0bbb669073ef7faba5168a0844e93d2c"},"headline":"Refugio Villa Serrana I Delfina | TAT\u016a Arquitectura","datePublished":"2022-09-13T22:01:38+00:00","mainEntityOfPage":{"@id":"https:\/\/veredes.es\/blog\/refugio-villa-serrana-i-delfina-tatu-arquitectura\/"},"wordCount":392,"commentCount":0,"publisher":{"@id":"https:\/\/veredes.es\/blog\/#organization"},"image":{"@id":"https:\/\/veredes.es\/blog\/refugio-villa-serrana-i-delfina-tatu-arquitectura\/#primaryimage"},"thumbnailUrl":"https:\/\/veredes.es\/blog\/wp-content\/uploads\/2022\/09\/Refugio-Villa-Serrana-I-Delfina-TATU-Arquitectura-17.jpg","keywords":["arquitectura en madera","arquitectura uruguaya","Horacio Goday","industrializaci\u00f3n","Leandro Alegre","Martin Olivera","TAT\u016a Arquitectura","vivienda bajo coste","vivienda unifamiliar"],"articleSection":["arquitectura","obras","slider principal","vivienda unifamiliar"],"inLanguage":"es","potentialAction":[{"@type":"CommentAction","name":"Comment","target":["https:\/\/veredes.es\/blog\/refugio-villa-serrana-i-delfina-tatu-arquitectura\/#respond"]}]},{"@type":"WebPage","@id":"https:\/\/veredes.es\/blog\/refugio-villa-serrana-i-delfina-tatu-arquitectura\/","url":"https:\/\/veredes.es\/blog\/refugio-villa-serrana-i-delfina-tatu-arquitectura\/","name":"Refugio Villa Serrana I Delfina | TAT\u016a Arquitectura - veredes","isPartOf":{"@id":"https:\/\/veredes.es\/blog\/#website"},"primaryImageOfPage":{"@id":"https:\/\/veredes.es\/blog\/refugio-villa-serrana-i-delfina-tatu-arquitectura\/#primaryimage"},"image":{"@id":"https:\/\/veredes.es\/blog\/refugio-villa-serrana-i-delfina-tatu-arquitectura\/#primaryimage"},"thumbnailUrl":"https:\/\/veredes.es\/blog\/wp-content\/uploads\/2022\/09\/Refugio-Villa-Serrana-I-Delfina-TATU-Arquitectura-17.jpg","datePublished":"2022-09-13T22:01:38+00:00","description":"Toda la informaci\u00f3n sobre: Refugio Villa Serrana I Delfina | TAT\u016a Arquitectura","breadcrumb":{"@id":"https:\/\/veredes.es\/blog\/refugio-villa-serrana-i-delfina-tatu-arquitectura\/#breadcrumb"},"inLanguage":"es","potentialAction":[{"@type":"ReadAction","target":["https:\/\/veredes.es\/blog\/refugio-villa-serrana-i-delfina-tatu-arquitectura\/"]}]},{"@type":"ImageObject","inLanguage":"es","@id":"https:\/\/veredes.es\/blog\/refugio-villa-serrana-i-delfina-tatu-arquitectura\/#primaryimage","url":"https:\/\/veredes.es\/blog\/wp-content\/uploads\/2022\/09\/Refugio-Villa-Serrana-I-Delfina-TATU-Arquitectura-17.jpg","contentUrl":"https:\/\/veredes.es\/blog\/wp-content\/uploads\/2022\/09\/Refugio-Villa-Serrana-I-Delfina-TATU-Arquitectura-17.jpg","width":1400,"height":2114,"caption":"Refugio Villa Serrana I Delfina | TAT\u016a Arquitectura"},{"@type":"BreadcrumbList","@id":"https:\/\/veredes.es\/blog\/refugio-villa-serrana-i-delfina-tatu-arquitectura\/#breadcrumb","itemListElement":[{"@type":"ListItem","position":1,"name":"Portada","item":"https:\/\/veredes.es\/blog\/"},{"@type":"ListItem","position":2,"name":"Refugio Villa Serrana I Delfina | TAT\u016a Arquitectura"}]},{"@type":"WebSite","@id":"https:\/\/veredes.es\/blog\/#website","url":"https:\/\/veredes.es\/blog\/","name":"veredes, arquitectura y divulgaci\u00f3n","description":"veredes","publisher":{"@id":"https:\/\/veredes.es\/blog\/#organization"},"alternateName":"veredes","potentialAction":[{"@type":"SearchAction","target":{"@type":"EntryPoint","urlTemplate":"https:\/\/veredes.es\/blog\/?s={search_term_string}"},"query-input":{"@type":"PropertyValueSpecification","valueRequired":true,"valueName":"search_term_string"}}],"inLanguage":"es"},{"@type":"Organization","@id":"https:\/\/veredes.es\/blog\/#organization","name":"veredes, arquitectura y divulgaci\u00f3n","alternateName":"veredes","url":"https:\/\/veredes.es\/blog\/","logo":{"@type":"ImageObject","inLanguage":"es","@id":"https:\/\/veredes.es\/blog\/#\/schema\/logo\/image\/","url":"https:\/\/veredes.es\/blog\/wp-content\/uploads\/2021\/12\/veredes-logo-centrado_140x54.png","contentUrl":"https:\/\/veredes.es\/blog\/wp-content\/uploads\/2021\/12\/veredes-logo-centrado_140x54.png","width":140,"height":54,"caption":"veredes, arquitectura y divulgaci\u00f3n"},"image":{"@id":"https:\/\/veredes.es\/blog\/#\/schema\/logo\/image\/"},"sameAs":["https:\/\/www.facebook.com\/veredesArquitecturayDivulgacion\/","https:\/\/x.com\/veredes","https:\/\/instagram.com\/veredes\/","https:\/\/www.linkedin.com\/company\/veredes-arquitectura-y-divulgacion\/","https:\/\/es.pinterest.com\/veredes\/","https:\/\/www.tumblr.com\/veredes"]},{"@type":"Person","@id":"https:\/\/veredes.es\/blog\/#\/schema\/person\/0bbb669073ef7faba5168a0844e93d2c","name":"veredes","image":{"@type":"ImageObject","inLanguage":"es","@id":"https:\/\/veredes.es\/blog\/wp-content\/uploads\/2018\/04\/face-96x96.jpg","url":"https:\/\/veredes.es\/blog\/wp-content\/uploads\/2018\/04\/face-96x96.jpg","contentUrl":"https:\/\/veredes.es\/blog\/wp-content\/uploads\/2018\/04\/face-96x96.jpg","caption":"veredes"},"description":"Surge enero de 2009 como b\u00fasqueda de satisfacer el conocimiento de la actividad arquitect\u00f3nica y tangentes que se generan. La idea es crear un espacio para divulgar los diversos proyectos en busca de nueva inspiraci\u00f3n y de intercambio.","sameAs":["https:\/\/veredes.es\/","https:\/\/www.facebook.com\/veredesArquitecturayDivulgacion\/","https:\/\/www.instagram.com\/veredes\/","https:\/\/www.linkedin.com\/company\/veredes-arquitectura-y-divulgacion\/","https:\/\/www.pinterest.es\/veredes\/","https:\/\/x.com\/https:\/\/twitter.com\/veredes","https:\/\/veredes.tumblr.com\/"],"url":"https:\/\/veredes.es\/blog\/author\/alberto\/"}]}},"_links":{"self":[{"href":"https:\/\/veredes.es\/blog\/wp-json\/wp\/v2\/posts\/90513","targetHints":{"allow":["GET"]}}],"collection":[{"href":"https:\/\/veredes.es\/blog\/wp-json\/wp\/v2\/posts"}],"about":[{"href":"https:\/\/veredes.es\/blog\/wp-json\/wp\/v2\/types\/post"}],"author":[{"embeddable":true,"href":"https:\/\/veredes.es\/blog\/wp-json\/wp\/v2\/users\/2"}],"replies":[{"embeddable":true,"href":"https:\/\/veredes.es\/blog\/wp-json\/wp\/v2\/comments?post=90513"}],"version-history":[{"count":0,"href":"https:\/\/veredes.es\/blog\/wp-json\/wp\/v2\/posts\/90513\/revisions"}],"wp:featuredmedia":[{"embeddable":true,"href":"https:\/\/veredes.es\/blog\/wp-json\/wp\/v2\/media\/90516"}],"wp:attachment":[{"href":"https:\/\/veredes.es\/blog\/wp-json\/wp\/v2\/media?parent=90513"}],"wp:term":[{"taxonomy":"category","embeddable":true,"href":"https:\/\/veredes.es\/blog\/wp-json\/wp\/v2\/categories?post=90513"},{"taxonomy":"post_tag","embeddable":true,"href":"https:\/\/veredes.es\/blog\/wp-json\/wp\/v2\/tags?post=90513"}],"curies":[{"name":"wp","href":"https:\/\/api.w.org\/{rel}","templated":true}]}}