{"id":90338,"date":"2022-08-05T00:01:00","date_gmt":"2022-08-04T22:01:00","guid":{"rendered":"https:\/\/veredes.es\/blog\/?p=90338"},"modified":"2022-08-02T11:34:08","modified_gmt":"2022-08-02T09:34:08","slug":"mad-bad-and-dangerous-to-know-borja-lopez-cotelo","status":"publish","type":"post","link":"https:\/\/veredes.es\/blog\/mad-bad-and-dangerous-to-know-borja-lopez-cotelo\/","title":{"rendered":"Mad, bad and dangerous to know | Borja L\u00f3pez Cotelo"},"content":{"rendered":"<figure id=\"attachment_90340\" aria-describedby=\"caption-attachment-90340\" style=\"width: 1400px\" class=\"wp-caption alignnone\"><img loading=\"lazy\" decoding=\"async\" class=\"size-full wp-image-90340\" src=\"https:\/\/veredes.es\/blog\/wp-content\/uploads\/2022\/08\/Mad-bad-and-dangerous-to-know-Borja-Ramon-Lopez-Cotelo.jpg\" alt=\"Mad, bad and dangerous to know Borja Ram\u00f3n L\u00f3pez Cotelo\" width=\"1400\" height=\"1402\" srcset=\"https:\/\/veredes.es\/blog\/wp-content\/uploads\/2022\/08\/Mad-bad-and-dangerous-to-know-Borja-Ramon-Lopez-Cotelo.jpg 1400w, https:\/\/veredes.es\/blog\/wp-content\/uploads\/2022\/08\/Mad-bad-and-dangerous-to-know-Borja-Ramon-Lopez-Cotelo-300x300.jpg 300w, https:\/\/veredes.es\/blog\/wp-content\/uploads\/2022\/08\/Mad-bad-and-dangerous-to-know-Borja-Ramon-Lopez-Cotelo-1024x1024.jpg 1024w, https:\/\/veredes.es\/blog\/wp-content\/uploads\/2022\/08\/Mad-bad-and-dangerous-to-know-Borja-Ramon-Lopez-Cotelo-120x120.jpg 120w, https:\/\/veredes.es\/blog\/wp-content\/uploads\/2022\/08\/Mad-bad-and-dangerous-to-know-Borja-Ramon-Lopez-Cotelo-696x697.jpg 696w, https:\/\/veredes.es\/blog\/wp-content\/uploads\/2022\/08\/Mad-bad-and-dangerous-to-know-Borja-Ramon-Lopez-Cotelo-1068x1070.jpg 1068w\" sizes=\"auto, (max-width: 1400px) 100vw, 1400px\" \/><figcaption id=\"caption-attachment-90340\" class=\"wp-caption-text\"><span style=\"color: #999999;\">Arquitectura y territorio rural, Callobre 2022 | Autor: El primo Ram\u00f3n (epR)<\/span><\/figcaption><\/figure>\n<p style=\"text-align: justify;\"><strong><em>\u00abMad, bad and dangerous\u00bb<\/em>.<\/strong> El partido hab\u00eda sido tenso, como corresponde a unos cuartos de final de Copa de Europa. Pero solo en los \u00faltimos minutos, cuando Savic se encar\u00f3 con Raheem Sterling y un fot\u00f3grafo dispar\u00f3 en el momento oportuno, esa noche londinense de abril se volvi\u00f3 memorable. La vocaci\u00f3n literaria de un periodista del <em>Mirror Sport<\/em> hizo el resto: su <em>Mad, bad and dangerours<\/em>, en <a href=\"https:\/\/www.trendsmap.com\/twitter\/tweet\/1514361195750469634\" target=\"_blank\" rel=\"noopener\">enormes letras blancas y amarillas<\/a>, presidi\u00f3 la portada del rotativo al d\u00eda siguiente. \u00abLocos, malos y peligrosos\u00bb. \u00bfD\u00f3nde hab\u00eda escuchado yo antes esa descripci\u00f3n? Bast\u00f3 una breve consulta para confirmar que fue Lady Caroline Lamb quien defini\u00f3 as\u00ed a Lord Byron tras su primer encuentro en 1812; aquel<em> \u00abmad, bad and dangerous to know\u00bb<\/em>\u00a0original marc\u00f3 el inicio de una breve y volc\u00e1nica relaci\u00f3n que no acab\u00f3 bien.<\/p>\n<p style=\"text-align: justify;\">No s\u00e9 por qu\u00e9 record\u00e9 todas estas cosas mientras me alejaba del grupo de arquitectos reunidos alrededor de un galp\u00f3n en Callobre hace unos d\u00edas. Quiz\u00e1 fue porque horas antes hab\u00eda conocido all\u00ed a Ricardo Flores -de Flores &amp; Prats- pero en lugar de comentar su obra imponente, hablamos de f\u00fatbol. Result\u00f3 ser hincha de San Lorenzo, como el papa Bergoglio, aunque un inevitable proceso de asimilaci\u00f3n cultural lo lleva semana tras semana al Camp Nou. Jam\u00e1s ser\u00e1 el Nuevo Gas\u00f3metro pero menos da una piedra.<\/p>\n<p style=\"text-align: justify;\">Hac\u00eda tiempo que no visitaba <a href=\"https:\/\/veredes.es\/blog\/el-publico-de-callobre-luis-gil\/\" target=\"_blank\" rel=\"noopener\">Callobre<\/a>. Durante seis a\u00f1os, all\u00ed se hab\u00eda celebrado la arquitectura religiosamente cada verano; pero cuando aquella fiesta bautizada <a href=\"https:\/\/veredes.es\/blog\/tag\/arquitectura-y-territorio-rural\/\" target=\"_blank\" rel=\"noopener\"><strong>Arquitectura y territorio rural<\/strong><\/a> se interrumpi\u00f3, muchos temimos que el cese fuera definitivo. Porque solo el impulso personal, testarudo, de <a href=\"https:\/\/veredes.es\/blog\/author\/jose-valladares-duran\/\" target=\"_blank\" rel=\"noopener\">Pepe Valladares<\/a> -secundado por su familia y sus compa\u00f1eros de estudio, Marcial y Alberto- la sosten\u00eda. Era su llamada la que, con rigurosa periodicidad, desplazaba a un grupo variopinto de arquitectos esparcidos por todos los rincones de Galicia hasta su epicentro. Sonre\u00ed cuando, hace algo m\u00e1s de un mes, un correo electr\u00f3nico nos convoc\u00f3 de nuevo en ese lugar ya familiar: a Pepe le quedaba una bala.<\/p>\n<p style=\"text-align: justify;\">Lo de menos era qui\u00e9n contar\u00eda su obra esta vez. Nadie lo pregunt\u00f3 porque nunca ha habido duda acerca del nivel de los ponentes. En todo caso, abri\u00f3 fuego a mediod\u00eda <a href=\"https:\/\/veredes.es\/blog\/tag\/carlos-pita-abad\/\" target=\"_blank\" rel=\"noopener\">Carlos Pita<\/a> con su reci\u00e9n <a href=\"https:\/\/veredes.es\/blog\/el-minotauro-comiendo-sardinas-borja-lopez-cotelo\/\" target=\"_blank\" rel=\"noopener\">inaugurado centro de interpretaci\u00f3n de Castromaior<\/a>. Qued\u00f3 claro una vez m\u00e1s que Carlos, pese a su porte de rey godo y su frecuente empe\u00f1o en disfrazarse de aborigen polinesio, es un arquitecto mediterr\u00e1neo. Estoy convencido de que alg\u00fan d\u00eda se negar\u00e1 a contar esa obra porque, en realidad, lo que debe hacer es llevar all\u00ed mismo a quien quiera conocerla y, asomado a la gigantesca ventana de su fachada, extender el brazo y aseverar:<\/p>\n<blockquote>\n<p style=\"text-align: justify;\">\u00abYo proyect\u00e9 el paisaje\u00bb.<\/p>\n<\/blockquote>\n<p style=\"text-align: justify;\">Mientras pensaba en <a href=\"https:\/\/hyperbole.es\/2015\/11\/casa-malaparte-capri-1937\/\" target=\"_blank\" rel=\"noopener\">aquella an\u00e9cdota<\/a> de <a href=\"https:\/\/www.jotdown.es\/2015\/11\/una-trascendencia-inesperada-la-casa-malaparte\/\" target=\"_blank\" rel=\"noopener\">Malaparte<\/a>, en sus fiestas con oficiales del ej\u00e9rcito aliado y en su arrogante reclamaci\u00f3n de autor\u00eda del <a href=\"https:\/\/veredes.es\/blog\/?s=Malaparte\" target=\"_blank\" rel=\"noopener\">acantilado<\/a> de Matromania y la pen\u00ednsula de Sorrento, escuch\u00e9 que llegaba la comida a las mesas dispuestas en el exterior del galp\u00f3n. Reconozco que para m\u00ed no hay acto m\u00e1s sagrado que comer, as\u00ed que inmediatamente me olvid\u00e9 de la costa amalfitana y record\u00e9 que Pepe siempre ofrece m\u00e1s empanada, pulpo, pan y vino del que una tropa de cosacos ser\u00eda capaz de consumir durante una campa\u00f1a entera.<\/p>\n<p style=\"text-align: justify;\">Me di cuenta de que ese pulpo ayuda a mitigar la morri\u00f1a a quienes, por un d\u00eda, nos exiliamos lejos del mar; a quienes, como navegantes de cabotaje, nos desorientamos tan pronto como perdemos de vista la costa. Mir\u00e9 luego la botella de aquel vino amarillo chispeante. Distingu\u00ed en ella el escudo del castillo, el r\u00edo, el sol y la luna: el emblema viejo de Ribadavia, nombre con el que Cervantes se refiere en sus <em>Novelas Ejemplares<\/em> al hist\u00f3rico vino de O Ribeiro.<\/p>\n<p style=\"text-align: justify;\">Puntualizar\u00e9 que beber es para m\u00ed, desde luego, un acto tan sagrado como comer. Cunqueiro aseguraba que<\/p>\n<blockquote>\n<p style=\"text-align: justify;\">\u00absin vino no hay cocina, y sin cocina no hay salvaci\u00f3n\u00bb;<\/p>\n<\/blockquote>\n<p style=\"text-align: justify;\">a\u00f1ad\u00eda, cat\u00f3lico mindoniense,<\/p>\n<blockquote>\n<p style=\"text-align: justify;\">\u00abni en esta vida ni en la otra\u00bb.<\/p>\n<\/blockquote>\n<p style=\"text-align: justify;\">La sesi\u00f3n de tarde empez\u00f3 con <a href=\"https:\/\/veredes.es\/blog\/tag\/flores-prats-arquitectes\/\" target=\"_blank\" rel=\"noopener\">Flores &amp; Prats<\/a>, Ricardo y Eva, fulgurantes, que nos permitieron ver a trav\u00e9s de su trabajo tit\u00e1nico, con solo entornar un poco los ojos, al mejor Van Eyck y se cerr\u00f3 con un <a href=\"https:\/\/veredes.es\/blog\/?s=Cesar+Portela\" target=\"_blank\" rel=\"noopener\">C\u00e9sar Portela<\/a> que toc\u00f3 grandes \u00e9xitos ante un p\u00fablico que ha crecido vi\u00e9ndolo construir, subido a hombros de gigantes, en las cuatro esquinas del mundo.<\/p>\n<p style=\"text-align: justify;\">Pero lo que yo me preguntaba mientras escuchaba hablar a unos y otros era qu\u00e9 compart\u00edamos los arquitectos a los que, a\u00f1o tras a\u00f1o, Pepe invita a la reuni\u00f3n anual de esa sociedad secreta. A los seleccionados para formar parte de ese club que, como aquel que imagin\u00f3 el gran <a href=\"https:\/\/veredes.es\/blog\/la-parabola-del-ingles-borja-lopez-cotelo\/\" target=\"_blank\" rel=\"noopener\">Chesterton<\/a>, solo podr\u00eda llamarse en rigor el <em>Club de los negocios raros<\/em>. Me dio por cuestionarme -en la s\u00e9ptima edici\u00f3n- por qu\u00e9 \u00e9ramos precisamente esos los que form\u00e1bamos aquella guardia suiza, aquella guardia pretoriana, aquella barra brava. A mi alrededor hab\u00eda, sentados uno junto a otro, arquitectos premiados en las dos \u00faltimas bienales espa\u00f1olas; hab\u00eda profesores y hab\u00eda maestros; hab\u00eda editores y libreros; pero est\u00e1bamos tambi\u00e9n otros que con frecuencia miramos, como meros curiosos o tranquilos jubilados, desde fuera. Y, de pronto, ca\u00ed en la cuenta: lo que all\u00ed se celebra no es tanto la arquitectura como la figura, casi extinta, del arquitecto. All\u00ed se reivindica una manera de entender la profesi\u00f3n, la que pese al desamparo institucional se niega a aceptar al arquitecto como mero agente de obra, como ordenancista o leguleyo, como mal necesario impuesto al cliente o como v\u00edctima propiciatoria en sacrificios rituales de s\u00e1dicos t\u00e9cnicos municipales. Callobre es trinchera, barricada y refugio. Es una reclamaci\u00f3n del <a href=\"https:\/\/veredes.es\/blog\/el-club-de-los-paraisos-perdidos-borja-lopez-cotelo\/\" target=\"_blank\" rel=\"noopener\">para\u00edso perdido<\/a>. Es el d\u00eda que afilamos los cuchillos.<\/p>\n<p style=\"text-align: justify;\">Quiz\u00e1 deber\u00eda proponer a Pepe que, a partir de ahora, en lugar de clausurar nuestras xuntanzas con una foto de grupo lo hagamos entonando el <em>\u00abNo one likes us, we don&#8217;t care\u00bb<\/em> que, mitad amenaza mitad consuelo, gritan los aficionados del Millwall all\u00e1 por donde van.<\/p>\n<p style=\"text-align: justify;\">Supongo que por eso me acord\u00e9 de aquel grupo antip\u00e1tico que pelea con sus armas sin importar lo que otros piensen, de Savic intimidando a Sterling, de ese <a href=\"https:\/\/veredes.es\/blog\/el-penalti-de-jorn-utzon-borja-lopez-cotelo\/\" target=\"_blank\" rel=\"noopener\">f\u00fatbol<\/a> feo del Cholo que nunca cre\u00ed llegar a comprender. Al subirme al coche, antes de arrancar, record\u00e9 la pancarta que ocupa semana tras semana un fondo del Cilindro, aquella que reza<\/p>\n<blockquote>\n<p style=\"text-align: justify;\">\u00abRacing y vino para todo el pueblo argentino\u00bb.<\/p>\n<\/blockquote>\n<p style=\"text-align: justify;\">Por la ma\u00f1ana no me hab\u00eda atrevido a confesar a Ricardo Flores que durante a\u00f1os fui lateral izquierdo de una pe\u00f1a de Racing de Avellaneda.<\/p>\n<p style=\"text-align: justify;\">Borja L\u00f3pez Cotelo<br \/>\nRibadavia, julio de 2022<\/p>\n","protected":false},"excerpt":{"rendered":"<p>\u00abMad, bad and dangerous\u00bb. El partido hab\u00eda sido tenso, como corresponde a unos cuartos de final de Copa de Europa. Pero solo en los \u00faltimos minutos, cuando Savic se encar\u00f3 con Raheem Sterling y un fot\u00f3grafo dispar\u00f3 en el momento oportuno, esa noche londinense de abril se volvi\u00f3 memorable. La vocaci\u00f3n literaria de un periodista [&hellip;]<\/p>\n","protected":false},"author":17,"featured_media":90340,"comment_status":"open","ping_status":"closed","sticky":false,"template":"","format":"standard","meta":{"footnotes":""},"categories":[568,5951],"tags":[3785,4303,3852,3242,302,4802,619,3784,3786,6415,1197],"class_list":{"0":"post-90338","1":"post","2":"type-post","3":"status-publish","4":"format-standard","5":"has-post-thumbnail","7":"category-faro","8":"category-slider-principal","9":"tag-alberto-redondo-porto","10":"tag-arquitectura-y-territorio-rural","11":"tag-borja-lopez-cotelo","12":"tag-carlos-pita-abad","13":"tag-cesar-portela","14":"tag-flores-prats-arquitectes","15":"tag-galicia","16":"tag-jose-valladares-duran","17":"tag-marcial-rodriguez-rodriguez","18":"tag-ricardo-flores","19":"tag-rvr-arquitectos"},"yoast_head":"<!-- This site is optimized with the Yoast SEO plugin v27.5 - https:\/\/yoast.com\/product\/yoast-seo-wordpress\/ -->\n<title>Mad, bad and dangerous to know | Borja L\u00f3pez Cotelo - veredes<\/title>\n<meta name=\"description\" content=\"Toda la informaci\u00f3n sobre: Mad, bad and dangerous to know | Borja L\u00f3pez Cotelo\" \/>\n<meta name=\"robots\" content=\"index, follow, max-snippet:-1, max-image-preview:large, max-video-preview:-1\" \/>\n<link rel=\"canonical\" href=\"https:\/\/veredes.es\/blog\/mad-bad-and-dangerous-to-know-borja-lopez-cotelo\/\" \/>\n<meta property=\"og:locale\" content=\"es_ES\" \/>\n<meta property=\"og:type\" content=\"article\" \/>\n<meta property=\"og:title\" content=\"Mad, bad and dangerous to know | Borja L\u00f3pez Cotelo - veredes\" \/>\n<meta property=\"og:description\" content=\"Toda la informaci\u00f3n sobre: Mad, bad and dangerous to know | Borja L\u00f3pez Cotelo\" \/>\n<meta property=\"og:url\" content=\"https:\/\/veredes.es\/blog\/mad-bad-and-dangerous-to-know-borja-lopez-cotelo\/\" \/>\n<meta property=\"og:site_name\" content=\"veredes, arquitectura y divulgaci\u00f3n\" \/>\n<meta property=\"article:publisher\" content=\"https:\/\/www.facebook.com\/veredesArquitecturayDivulgacion\/\" \/>\n<meta property=\"article:published_time\" content=\"2022-08-04T22:01:00+00:00\" \/>\n<meta property=\"og:image\" content=\"https:\/\/veredes.es\/blog\/wp-content\/uploads\/2022\/08\/Mad-bad-and-dangerous-to-know-Borja-Ramon-Lopez-Cotelo.jpg\" \/>\n\t<meta property=\"og:image:width\" content=\"1400\" \/>\n\t<meta property=\"og:image:height\" content=\"1402\" \/>\n\t<meta property=\"og:image:type\" content=\"image\/jpeg\" \/>\n<meta name=\"author\" content=\"Borja L\u00f3pez Cotelo\" \/>\n<meta name=\"twitter:card\" content=\"summary_large_image\" \/>\n<meta name=\"twitter:creator\" content=\"@https:\/\/twitter.com\/lineasdetrabajo\" \/>\n<meta name=\"twitter:site\" content=\"@veredes\" \/>\n<meta name=\"twitter:label1\" content=\"Escrito por\" \/>\n\t<meta name=\"twitter:data1\" content=\"Borja L\u00f3pez Cotelo\" \/>\n\t<meta name=\"twitter:label2\" content=\"Tiempo de lectura\" \/>\n\t<meta name=\"twitter:data2\" content=\"6 minutos\" \/>\n<script type=\"application\/ld+json\" class=\"yoast-schema-graph\">{\"@context\":\"https:\\\/\\\/schema.org\",\"@graph\":[{\"@type\":\"Article\",\"@id\":\"https:\\\/\\\/veredes.es\\\/blog\\\/mad-bad-and-dangerous-to-know-borja-lopez-cotelo\\\/#article\",\"isPartOf\":{\"@id\":\"https:\\\/\\\/veredes.es\\\/blog\\\/mad-bad-and-dangerous-to-know-borja-lopez-cotelo\\\/\"},\"author\":{\"name\":\"Borja L\u00f3pez Cotelo\",\"@id\":\"https:\\\/\\\/veredes.es\\\/blog\\\/#\\\/schema\\\/person\\\/0ed637ae44a657b55da8bf9dae752ffb\"},\"headline\":\"Mad, bad and dangerous to know | Borja L\u00f3pez Cotelo\",\"datePublished\":\"2022-08-04T22:01:00+00:00\",\"mainEntityOfPage\":{\"@id\":\"https:\\\/\\\/veredes.es\\\/blog\\\/mad-bad-and-dangerous-to-know-borja-lopez-cotelo\\\/\"},\"wordCount\":1201,\"commentCount\":0,\"publisher\":{\"@id\":\"https:\\\/\\\/veredes.es\\\/blog\\\/#organization\"},\"image\":{\"@id\":\"https:\\\/\\\/veredes.es\\\/blog\\\/mad-bad-and-dangerous-to-know-borja-lopez-cotelo\\\/#primaryimage\"},\"thumbnailUrl\":\"https:\\\/\\\/veredes.es\\\/blog\\\/wp-content\\\/uploads\\\/2022\\\/08\\\/Mad-bad-and-dangerous-to-know-Borja-Ramon-Lopez-Cotelo.jpg\",\"keywords\":[\"Alberto Redondo Porto\",\"arquitectura y territorio rural\",\"Borja L\u00f3pez Cotelo\",\"Carlos Pita Abad\",\"C\u00e9sar Portela\",\"Flores Prats arquitectes\",\"Galicia\",\"Jos\u00e9 Valladares Dur\u00e1n\",\"Marcial Rodr\u00edguez Rodr\u00edguez\",\"Ricardo Flores\",\"rvr arquitectos\"],\"articleSection\":[\"faro\",\"slider principal\"],\"inLanguage\":\"es\",\"potentialAction\":[{\"@type\":\"CommentAction\",\"name\":\"Comment\",\"target\":[\"https:\\\/\\\/veredes.es\\\/blog\\\/mad-bad-and-dangerous-to-know-borja-lopez-cotelo\\\/#respond\"]}]},{\"@type\":\"WebPage\",\"@id\":\"https:\\\/\\\/veredes.es\\\/blog\\\/mad-bad-and-dangerous-to-know-borja-lopez-cotelo\\\/\",\"url\":\"https:\\\/\\\/veredes.es\\\/blog\\\/mad-bad-and-dangerous-to-know-borja-lopez-cotelo\\\/\",\"name\":\"Mad, bad and dangerous to know | Borja L\u00f3pez Cotelo - veredes\",\"isPartOf\":{\"@id\":\"https:\\\/\\\/veredes.es\\\/blog\\\/#website\"},\"primaryImageOfPage\":{\"@id\":\"https:\\\/\\\/veredes.es\\\/blog\\\/mad-bad-and-dangerous-to-know-borja-lopez-cotelo\\\/#primaryimage\"},\"image\":{\"@id\":\"https:\\\/\\\/veredes.es\\\/blog\\\/mad-bad-and-dangerous-to-know-borja-lopez-cotelo\\\/#primaryimage\"},\"thumbnailUrl\":\"https:\\\/\\\/veredes.es\\\/blog\\\/wp-content\\\/uploads\\\/2022\\\/08\\\/Mad-bad-and-dangerous-to-know-Borja-Ramon-Lopez-Cotelo.jpg\",\"datePublished\":\"2022-08-04T22:01:00+00:00\",\"description\":\"Toda la informaci\u00f3n sobre: Mad, bad and dangerous to know | Borja L\u00f3pez Cotelo\",\"breadcrumb\":{\"@id\":\"https:\\\/\\\/veredes.es\\\/blog\\\/mad-bad-and-dangerous-to-know-borja-lopez-cotelo\\\/#breadcrumb\"},\"inLanguage\":\"es\",\"potentialAction\":[{\"@type\":\"ReadAction\",\"target\":[\"https:\\\/\\\/veredes.es\\\/blog\\\/mad-bad-and-dangerous-to-know-borja-lopez-cotelo\\\/\"]}]},{\"@type\":\"ImageObject\",\"inLanguage\":\"es\",\"@id\":\"https:\\\/\\\/veredes.es\\\/blog\\\/mad-bad-and-dangerous-to-know-borja-lopez-cotelo\\\/#primaryimage\",\"url\":\"https:\\\/\\\/veredes.es\\\/blog\\\/wp-content\\\/uploads\\\/2022\\\/08\\\/Mad-bad-and-dangerous-to-know-Borja-Ramon-Lopez-Cotelo.jpg\",\"contentUrl\":\"https:\\\/\\\/veredes.es\\\/blog\\\/wp-content\\\/uploads\\\/2022\\\/08\\\/Mad-bad-and-dangerous-to-know-Borja-Ramon-Lopez-Cotelo.jpg\",\"width\":1400,\"height\":1402,\"caption\":\"Arquitectura y territorio rural, Callobre 2022 | Autor: El primo Ram\u00f3n (epR)\"},{\"@type\":\"BreadcrumbList\",\"@id\":\"https:\\\/\\\/veredes.es\\\/blog\\\/mad-bad-and-dangerous-to-know-borja-lopez-cotelo\\\/#breadcrumb\",\"itemListElement\":[{\"@type\":\"ListItem\",\"position\":1,\"name\":\"Portada\",\"item\":\"https:\\\/\\\/veredes.es\\\/blog\\\/\"},{\"@type\":\"ListItem\",\"position\":2,\"name\":\"Mad, bad and dangerous to know | Borja L\u00f3pez Cotelo\"}]},{\"@type\":\"WebSite\",\"@id\":\"https:\\\/\\\/veredes.es\\\/blog\\\/#website\",\"url\":\"https:\\\/\\\/veredes.es\\\/blog\\\/\",\"name\":\"veredes, arquitectura y divulgaci\u00f3n\",\"description\":\"veredes\",\"publisher\":{\"@id\":\"https:\\\/\\\/veredes.es\\\/blog\\\/#organization\"},\"alternateName\":\"veredes\",\"potentialAction\":[{\"@type\":\"SearchAction\",\"target\":{\"@type\":\"EntryPoint\",\"urlTemplate\":\"https:\\\/\\\/veredes.es\\\/blog\\\/?s={search_term_string}\"},\"query-input\":{\"@type\":\"PropertyValueSpecification\",\"valueRequired\":true,\"valueName\":\"search_term_string\"}}],\"inLanguage\":\"es\"},{\"@type\":\"Organization\",\"@id\":\"https:\\\/\\\/veredes.es\\\/blog\\\/#organization\",\"name\":\"veredes, arquitectura y divulgaci\u00f3n\",\"alternateName\":\"veredes\",\"url\":\"https:\\\/\\\/veredes.es\\\/blog\\\/\",\"logo\":{\"@type\":\"ImageObject\",\"inLanguage\":\"es\",\"@id\":\"https:\\\/\\\/veredes.es\\\/blog\\\/#\\\/schema\\\/logo\\\/image\\\/\",\"url\":\"https:\\\/\\\/veredes.es\\\/blog\\\/wp-content\\\/uploads\\\/2021\\\/12\\\/veredes-logo-centrado_140x54.png\",\"contentUrl\":\"https:\\\/\\\/veredes.es\\\/blog\\\/wp-content\\\/uploads\\\/2021\\\/12\\\/veredes-logo-centrado_140x54.png\",\"width\":140,\"height\":54,\"caption\":\"veredes, arquitectura y divulgaci\u00f3n\"},\"image\":{\"@id\":\"https:\\\/\\\/veredes.es\\\/blog\\\/#\\\/schema\\\/logo\\\/image\\\/\"},\"sameAs\":[\"https:\\\/\\\/www.facebook.com\\\/veredesArquitecturayDivulgacion\\\/\",\"https:\\\/\\\/x.com\\\/veredes\",\"https:\\\/\\\/instagram.com\\\/veredes\\\/\",\"https:\\\/\\\/www.linkedin.com\\\/company\\\/veredes-arquitectura-y-divulgacion\\\/\",\"https:\\\/\\\/es.pinterest.com\\\/veredes\\\/\",\"https:\\\/\\\/www.tumblr.com\\\/veredes\"]},{\"@type\":\"Person\",\"@id\":\"https:\\\/\\\/veredes.es\\\/blog\\\/#\\\/schema\\\/person\\\/0ed637ae44a657b55da8bf9dae752ffb\",\"name\":\"Borja L\u00f3pez Cotelo\",\"image\":{\"@type\":\"ImageObject\",\"inLanguage\":\"es\",\"@id\":\"https:\\\/\\\/veredes.es\\\/blog\\\/wp-content\\\/uploads\\\/2018\\\/04\\\/borja-l\u00f3pez-cotelo-96x96.jpg\",\"url\":\"https:\\\/\\\/veredes.es\\\/blog\\\/wp-content\\\/uploads\\\/2018\\\/04\\\/borja-l\u00f3pez-cotelo-96x96.jpg\",\"contentUrl\":\"https:\\\/\\\/veredes.es\\\/blog\\\/wp-content\\\/uploads\\\/2018\\\/04\\\/borja-l\u00f3pez-cotelo-96x96.jpg\",\"caption\":\"Borja L\u00f3pez Cotelo\"},\"description\":\"Borja L\u00f3pez Cotelo y Maria Olmo B\u00e9jar, arquitectos por la ETSAC desde 2007. Borja L\u00f3pez Cotelo, arquitecto doctor por la Universidade da Coru\u00f1a desde 2013.\",\"sameAs\":[\"http:\\\/\\\/lasonceymedia.com\\\/\",\"https:\\\/\\\/www.linkedin.com\\\/in\\\/borja-ramn-lpez-cotelo-7842b31b4\\\/\",\"https:\\\/\\\/x.com\\\/https:\\\/\\\/twitter.com\\\/lineasdetrabajo\"],\"url\":\"https:\\\/\\\/veredes.es\\\/blog\\\/author\\\/borja-lopez-cotelo\\\/\"}]}<\/script>\n<!-- \/ Yoast SEO plugin. -->","yoast_head_json":{"title":"Mad, bad and dangerous to know | Borja L\u00f3pez Cotelo - veredes","description":"Toda la informaci\u00f3n sobre: Mad, bad and dangerous to know | Borja L\u00f3pez Cotelo","robots":{"index":"index","follow":"follow","max-snippet":"max-snippet:-1","max-image-preview":"max-image-preview:large","max-video-preview":"max-video-preview:-1"},"canonical":"https:\/\/veredes.es\/blog\/mad-bad-and-dangerous-to-know-borja-lopez-cotelo\/","og_locale":"es_ES","og_type":"article","og_title":"Mad, bad and dangerous to know | Borja L\u00f3pez Cotelo - veredes","og_description":"Toda la informaci\u00f3n sobre: Mad, bad and dangerous to know | Borja L\u00f3pez Cotelo","og_url":"https:\/\/veredes.es\/blog\/mad-bad-and-dangerous-to-know-borja-lopez-cotelo\/","og_site_name":"veredes, arquitectura y divulgaci\u00f3n","article_publisher":"https:\/\/www.facebook.com\/veredesArquitecturayDivulgacion\/","article_published_time":"2022-08-04T22:01:00+00:00","og_image":[{"width":1400,"height":1402,"url":"https:\/\/veredes.es\/blog\/wp-content\/uploads\/2022\/08\/Mad-bad-and-dangerous-to-know-Borja-Ramon-Lopez-Cotelo.jpg","type":"image\/jpeg"}],"author":"Borja L\u00f3pez Cotelo","twitter_card":"summary_large_image","twitter_creator":"@https:\/\/twitter.com\/lineasdetrabajo","twitter_site":"@veredes","twitter_misc":{"Escrito por":"Borja L\u00f3pez Cotelo","Tiempo de lectura":"6 minutos"},"schema":{"@context":"https:\/\/schema.org","@graph":[{"@type":"Article","@id":"https:\/\/veredes.es\/blog\/mad-bad-and-dangerous-to-know-borja-lopez-cotelo\/#article","isPartOf":{"@id":"https:\/\/veredes.es\/blog\/mad-bad-and-dangerous-to-know-borja-lopez-cotelo\/"},"author":{"name":"Borja L\u00f3pez Cotelo","@id":"https:\/\/veredes.es\/blog\/#\/schema\/person\/0ed637ae44a657b55da8bf9dae752ffb"},"headline":"Mad, bad and dangerous to know | Borja L\u00f3pez Cotelo","datePublished":"2022-08-04T22:01:00+00:00","mainEntityOfPage":{"@id":"https:\/\/veredes.es\/blog\/mad-bad-and-dangerous-to-know-borja-lopez-cotelo\/"},"wordCount":1201,"commentCount":0,"publisher":{"@id":"https:\/\/veredes.es\/blog\/#organization"},"image":{"@id":"https:\/\/veredes.es\/blog\/mad-bad-and-dangerous-to-know-borja-lopez-cotelo\/#primaryimage"},"thumbnailUrl":"https:\/\/veredes.es\/blog\/wp-content\/uploads\/2022\/08\/Mad-bad-and-dangerous-to-know-Borja-Ramon-Lopez-Cotelo.jpg","keywords":["Alberto Redondo Porto","arquitectura y territorio rural","Borja L\u00f3pez Cotelo","Carlos Pita Abad","C\u00e9sar Portela","Flores Prats arquitectes","Galicia","Jos\u00e9 Valladares Dur\u00e1n","Marcial Rodr\u00edguez Rodr\u00edguez","Ricardo Flores","rvr arquitectos"],"articleSection":["faro","slider principal"],"inLanguage":"es","potentialAction":[{"@type":"CommentAction","name":"Comment","target":["https:\/\/veredes.es\/blog\/mad-bad-and-dangerous-to-know-borja-lopez-cotelo\/#respond"]}]},{"@type":"WebPage","@id":"https:\/\/veredes.es\/blog\/mad-bad-and-dangerous-to-know-borja-lopez-cotelo\/","url":"https:\/\/veredes.es\/blog\/mad-bad-and-dangerous-to-know-borja-lopez-cotelo\/","name":"Mad, bad and dangerous to know | Borja L\u00f3pez Cotelo - veredes","isPartOf":{"@id":"https:\/\/veredes.es\/blog\/#website"},"primaryImageOfPage":{"@id":"https:\/\/veredes.es\/blog\/mad-bad-and-dangerous-to-know-borja-lopez-cotelo\/#primaryimage"},"image":{"@id":"https:\/\/veredes.es\/blog\/mad-bad-and-dangerous-to-know-borja-lopez-cotelo\/#primaryimage"},"thumbnailUrl":"https:\/\/veredes.es\/blog\/wp-content\/uploads\/2022\/08\/Mad-bad-and-dangerous-to-know-Borja-Ramon-Lopez-Cotelo.jpg","datePublished":"2022-08-04T22:01:00+00:00","description":"Toda la informaci\u00f3n sobre: Mad, bad and dangerous to know | Borja L\u00f3pez Cotelo","breadcrumb":{"@id":"https:\/\/veredes.es\/blog\/mad-bad-and-dangerous-to-know-borja-lopez-cotelo\/#breadcrumb"},"inLanguage":"es","potentialAction":[{"@type":"ReadAction","target":["https:\/\/veredes.es\/blog\/mad-bad-and-dangerous-to-know-borja-lopez-cotelo\/"]}]},{"@type":"ImageObject","inLanguage":"es","@id":"https:\/\/veredes.es\/blog\/mad-bad-and-dangerous-to-know-borja-lopez-cotelo\/#primaryimage","url":"https:\/\/veredes.es\/blog\/wp-content\/uploads\/2022\/08\/Mad-bad-and-dangerous-to-know-Borja-Ramon-Lopez-Cotelo.jpg","contentUrl":"https:\/\/veredes.es\/blog\/wp-content\/uploads\/2022\/08\/Mad-bad-and-dangerous-to-know-Borja-Ramon-Lopez-Cotelo.jpg","width":1400,"height":1402,"caption":"Arquitectura y territorio rural, Callobre 2022 | Autor: El primo Ram\u00f3n (epR)"},{"@type":"BreadcrumbList","@id":"https:\/\/veredes.es\/blog\/mad-bad-and-dangerous-to-know-borja-lopez-cotelo\/#breadcrumb","itemListElement":[{"@type":"ListItem","position":1,"name":"Portada","item":"https:\/\/veredes.es\/blog\/"},{"@type":"ListItem","position":2,"name":"Mad, bad and dangerous to know | Borja L\u00f3pez Cotelo"}]},{"@type":"WebSite","@id":"https:\/\/veredes.es\/blog\/#website","url":"https:\/\/veredes.es\/blog\/","name":"veredes, arquitectura y divulgaci\u00f3n","description":"veredes","publisher":{"@id":"https:\/\/veredes.es\/blog\/#organization"},"alternateName":"veredes","potentialAction":[{"@type":"SearchAction","target":{"@type":"EntryPoint","urlTemplate":"https:\/\/veredes.es\/blog\/?s={search_term_string}"},"query-input":{"@type":"PropertyValueSpecification","valueRequired":true,"valueName":"search_term_string"}}],"inLanguage":"es"},{"@type":"Organization","@id":"https:\/\/veredes.es\/blog\/#organization","name":"veredes, arquitectura y divulgaci\u00f3n","alternateName":"veredes","url":"https:\/\/veredes.es\/blog\/","logo":{"@type":"ImageObject","inLanguage":"es","@id":"https:\/\/veredes.es\/blog\/#\/schema\/logo\/image\/","url":"https:\/\/veredes.es\/blog\/wp-content\/uploads\/2021\/12\/veredes-logo-centrado_140x54.png","contentUrl":"https:\/\/veredes.es\/blog\/wp-content\/uploads\/2021\/12\/veredes-logo-centrado_140x54.png","width":140,"height":54,"caption":"veredes, arquitectura y divulgaci\u00f3n"},"image":{"@id":"https:\/\/veredes.es\/blog\/#\/schema\/logo\/image\/"},"sameAs":["https:\/\/www.facebook.com\/veredesArquitecturayDivulgacion\/","https:\/\/x.com\/veredes","https:\/\/instagram.com\/veredes\/","https:\/\/www.linkedin.com\/company\/veredes-arquitectura-y-divulgacion\/","https:\/\/es.pinterest.com\/veredes\/","https:\/\/www.tumblr.com\/veredes"]},{"@type":"Person","@id":"https:\/\/veredes.es\/blog\/#\/schema\/person\/0ed637ae44a657b55da8bf9dae752ffb","name":"Borja L\u00f3pez Cotelo","image":{"@type":"ImageObject","inLanguage":"es","@id":"https:\/\/veredes.es\/blog\/wp-content\/uploads\/2018\/04\/borja-l\u00f3pez-cotelo-96x96.jpg","url":"https:\/\/veredes.es\/blog\/wp-content\/uploads\/2018\/04\/borja-l\u00f3pez-cotelo-96x96.jpg","contentUrl":"https:\/\/veredes.es\/blog\/wp-content\/uploads\/2018\/04\/borja-l\u00f3pez-cotelo-96x96.jpg","caption":"Borja L\u00f3pez Cotelo"},"description":"Borja L\u00f3pez Cotelo y Maria Olmo B\u00e9jar, arquitectos por la ETSAC desde 2007. Borja L\u00f3pez Cotelo, arquitecto doctor por la Universidade da Coru\u00f1a desde 2013.","sameAs":["http:\/\/lasonceymedia.com\/","https:\/\/www.linkedin.com\/in\/borja-ramn-lpez-cotelo-7842b31b4\/","https:\/\/x.com\/https:\/\/twitter.com\/lineasdetrabajo"],"url":"https:\/\/veredes.es\/blog\/author\/borja-lopez-cotelo\/"}]}},"_links":{"self":[{"href":"https:\/\/veredes.es\/blog\/wp-json\/wp\/v2\/posts\/90338","targetHints":{"allow":["GET"]}}],"collection":[{"href":"https:\/\/veredes.es\/blog\/wp-json\/wp\/v2\/posts"}],"about":[{"href":"https:\/\/veredes.es\/blog\/wp-json\/wp\/v2\/types\/post"}],"author":[{"embeddable":true,"href":"https:\/\/veredes.es\/blog\/wp-json\/wp\/v2\/users\/17"}],"replies":[{"embeddable":true,"href":"https:\/\/veredes.es\/blog\/wp-json\/wp\/v2\/comments?post=90338"}],"version-history":[{"count":0,"href":"https:\/\/veredes.es\/blog\/wp-json\/wp\/v2\/posts\/90338\/revisions"}],"wp:featuredmedia":[{"embeddable":true,"href":"https:\/\/veredes.es\/blog\/wp-json\/wp\/v2\/media\/90340"}],"wp:attachment":[{"href":"https:\/\/veredes.es\/blog\/wp-json\/wp\/v2\/media?parent=90338"}],"wp:term":[{"taxonomy":"category","embeddable":true,"href":"https:\/\/veredes.es\/blog\/wp-json\/wp\/v2\/categories?post=90338"},{"taxonomy":"post_tag","embeddable":true,"href":"https:\/\/veredes.es\/blog\/wp-json\/wp\/v2\/tags?post=90338"}],"curies":[{"name":"wp","href":"https:\/\/api.w.org\/{rel}","templated":true}]}}