{"id":90303,"date":"2022-08-02T00:01:35","date_gmt":"2022-08-01T22:01:35","guid":{"rendered":"https:\/\/veredes.es\/blog\/?p=90303"},"modified":"2022-07-30T12:43:00","modified_gmt":"2022-07-30T10:43:00","slug":"dinamicas-contemporaneas-de-comunicacion-en-arquitectura-2022","status":"publish","type":"post","link":"https:\/\/veredes.es\/blog\/dinamicas-contemporaneas-de-comunicacion-en-arquitectura-2022\/","title":{"rendered":"Din\u00e1micas Contempor\u00e1neas de Comunicaci\u00f3n en Arquitectura 2022"},"content":{"rendered":"<figure id=\"attachment_90304\" aria-describedby=\"caption-attachment-90304\" style=\"width: 1400px\" class=\"wp-caption alignnone\"><img loading=\"lazy\" decoding=\"async\" class=\"wp-image-90304 size-full\" title=\"Din\u00e1micas Contempor\u00e1neas de Comunicaci\u00f3n en Arquitectura 2022\" src=\"https:\/\/veredes.es\/blog\/wp-content\/uploads\/2022\/07\/Dinamicas-Contemporaneas-de-Comunicacion-en-Arquitectura-2022-etsam.jpg\" alt=\"Din\u00e1micas Contempor\u00e1neas de Comunicaci\u00f3n en Arquitectura 2022\" width=\"1400\" height=\"1980\" srcset=\"https:\/\/veredes.es\/blog\/wp-content\/uploads\/2022\/07\/Dinamicas-Contemporaneas-de-Comunicacion-en-Arquitectura-2022-etsam.jpg 1400w, https:\/\/veredes.es\/blog\/wp-content\/uploads\/2022\/07\/Dinamicas-Contemporaneas-de-Comunicacion-en-Arquitectura-2022-etsam-212x300.jpg 212w, https:\/\/veredes.es\/blog\/wp-content\/uploads\/2022\/07\/Dinamicas-Contemporaneas-de-Comunicacion-en-Arquitectura-2022-etsam-724x1024.jpg 724w, https:\/\/veredes.es\/blog\/wp-content\/uploads\/2022\/07\/Dinamicas-Contemporaneas-de-Comunicacion-en-Arquitectura-2022-etsam-1086x1536.jpg 1086w, https:\/\/veredes.es\/blog\/wp-content\/uploads\/2022\/07\/Dinamicas-Contemporaneas-de-Comunicacion-en-Arquitectura-2022-etsam-696x984.jpg 696w, https:\/\/veredes.es\/blog\/wp-content\/uploads\/2022\/07\/Dinamicas-Contemporaneas-de-Comunicacion-en-Arquitectura-2022-etsam-1068x1510.jpg 1068w\" sizes=\"auto, (max-width: 1400px) 100vw, 1400px\" \/><figcaption id=\"caption-attachment-90304\" class=\"wp-caption-text\"><span style=\"color: #999999;\">Din\u00e1micas Contempor\u00e1neas de Comunicaci\u00f3n en Arquitectura, ETSAM, septiembre 2022<\/span><\/figcaption><\/figure>\n<p style=\"text-align: justify;\">En el marco del <a href=\"https:\/\/hum813.es\/proyecto\/creativos_andaluces_online-dinamicas-contemporaneas-en-la-comunicacion-de-arte-y-arquitectura\/\" target=\"_blank\" rel=\"noopener\">proyecto de investigaci\u00f3n <strong>\u201cDin\u00e1micas Contempor\u00e1neas de Comunicaci\u00f3n en Arte y Arquitectura\u201d<\/strong><\/a> financiado con Fondos FEDER de la Uni\u00f3n Europea se organiza un seminario abierto a todos los interesados en los nuevos medios y espacios en los que se desarrolla actualmente la comunicaci\u00f3n de la arquitectura.<\/p>\n<p style=\"text-align: justify;\">Estructurado en 5 mesas, intervendr\u00e1n 24 agentes procedentes de diferentes disciplinas, los cuales est\u00e1n desarrollando l\u00edneas de comunicaci\u00f3n digital que consideramos de especial inter\u00e9s. As\u00ed, participar\u00e1n desde analistas que realizan una comunicaci\u00f3n orientada al gran p\u00fablico utilizando plataformas como Twitch, Twitter, Instagram o televisi\u00f3n, hasta fot\u00f3grafos y creadores de entornos 3D o del metaverso. Otras mesas se centrar\u00e1n m\u00e1s en una comunicaci\u00f3n espec\u00edfica, orientada a arquitectos y estudiantes, realizada por propios profesionales de la arquitectura o por revistas, instituciones, archivos. Asimismo, arquitectos en ejercicio debatir\u00e1n sobre cu\u00e1les son sus estrategias de comunicaci\u00f3n digital, problemas a los que se enfrentan, sus retos y focos de oportunidad.<\/p>\n<p style=\"text-align: justify;\">Este seminario propone tratar desde el di\u00e1logo y el debate, partiendo de una mirada abierta, diferentes focos de la comunicaci\u00f3n contempor\u00e1nea de la arquitectura. Inmersos en un mundo digital, son numerosas las problem\u00e1ticas que abordar y tambi\u00e9n las posibilidades para la creaci\u00f3n de una comunicaci\u00f3n de la arquitectura m\u00e1s abierta y din\u00e1mica.<\/p>\n<h5><strong>SESI\u00d3N 0<br \/>\n8.9.2022 | 09:30-10:00<\/strong><\/h5>\n<p style=\"text-align: justify;\">JUAN CALATRAVA + DAVID ARREDONDO, Grupo Investigaci\u00f3n HUM813<br \/>\nIPs del Proyecto de investigaci\u00f3n: \u201cDin\u00e1micas Contempor\u00e1neas en la comunicaci\u00f3n de arte y arquitectura. Creativos andaluces online 2008-2018\u201d.<\/p>\n<h5><strong>SESI\u00d3N 1<\/strong><br \/>\n<strong>8.9.2022 | 12:30-14:30<\/strong><\/h5>\n<p>MANUEL SAGA, Politecnico di Torino @sagarq_<br \/>\n&#8211; Leonor Mart\u00edn @leonormartin_arq<br \/>\n&#8211; David Garc\u00eda Asenjo @dgllana<br \/>\n&#8211; Luis Lope de Toledo @lopedetoledo<br \/>\n&#8211; Ana Mombiedro @ana_mombiedro<\/p>\n<h5><strong>SESI\u00d3N 2<\/strong><br \/>\n<strong>8.9.2022 | 12:30-14:30<\/strong><\/h5>\n<p>DAVID ARREDONDO, UGR (Grupo Investigaci\u00f3n HUM813)<br \/>\n&#8211; Roc\u00edo Romero &#8211; @imagensubliminal<br \/>\n&#8211; Marcela Grassi &#8211; @marcelagrassiphotography<br \/>\n&#8211; Lara Lesmes &#8211; Space Popular<br \/>\n&#8211; Diego Iglesias &#8211; HYPER STUDIO<\/p>\n<p><strong>SESI\u00d3N 3<\/strong><br \/>\n<strong>8.9.2022 | 16:30-18:30<\/strong><\/p>\n<p>ANA DEL CID, UGR- Grupo Investigaci\u00f3n HUM813<br \/>\n&#8211; Silvia Blanco Ag\u00fceira + Alberto Alonso Oro &#8211; #revistaVAD de @veredes<br \/>\n&#8211; Manuel Saga &#8211; EAHN y Architectural Histories @eahn_journal<br \/>\n&#8211; Teresa Couceiro &#8211; @FundacionASota<br \/>\n&#8211; Ricardo Devesa &#8211; @actar_publisher \/ @urbannext_net<\/p>\n<p><strong>SESI\u00d3N 4<\/strong><br \/>\n<strong>9.9.2022 | 09:30-11:30<\/strong><\/p>\n<p>Modera: FRANCISCO GARC\u00cdA TRIVI\u00d1O, Universidad de Alcal\u00e1 (@kuneoffice)<br \/>\n&#8211; Esperanza Campa\u00f1a + Gustavo Rojas &#8211; @saltoproyectos<br \/>\n&#8211; Agust\u00edn Gor + Carlos Gor @grxarquitectos<br \/>\n&#8211; Mar\u00eda Mallo Zurdo &#8211; @maria.mallo<br \/>\n&#8211; Miguel \u00c1ngel D\u00edaz Camacho &#8211; @MADCARQUITECTOS<\/p>\n<h5><strong>SESI\u00d3N 5<\/strong><br \/>\n<strong>9.9.2022 | 14:00-14:30<\/strong><\/h5>\n<p>modera: ETHEL BARAONA @dpr_barcelona<br \/>\n&#8211; Mar\u00eda Fern\u00e1ndez &#8211; @edicionesasimetricas<br \/>\n&#8211; Santiago de Molina &#8211; @santidemolina<br \/>\n&#8211; H\u00e9ctor Rivera Bajo + Alberto Mart\u00ednez Garc\u00eda &#8211; @hidden_architecture<br \/>\n&#8211; Lorenzo Barn\u00f3 &#8211; @stepienybarno<\/p>\n<p style=\"text-align: justify;\">El seminario se desarrollar\u00e1 en el sal\u00f3n de actos de la ETSAM de la UPM en Madrid (Espa\u00f1a), los d\u00edas 8 y 9 de septiembre 2022. La asistencia es libre y gratuita. En estos momentos se est\u00e1 trabajando la posibilidad de emitir las jornadas en formato on line.<\/p>\n","protected":false},"excerpt":{"rendered":"<p>En el marco del proyecto de investigaci\u00f3n \u201cDin\u00e1micas Contempor\u00e1neas de Comunicaci\u00f3n en Arte y Arquitectura\u201d financiado con Fondos FEDER de la Uni\u00f3n Europea se organiza un seminario abierto a todos los interesados en los nuevos medios y espacios en los que se desarrolla actualmente la comunicaci\u00f3n de la arquitectura. Estructurado en 5 mesas, intervendr\u00e1n 24 [&hellip;]<\/p>\n","protected":false},"author":2,"featured_media":90304,"comment_status":"open","ping_status":"closed","sticky":false,"template":"","format":"standard","meta":{"footnotes":""},"categories":[43,16],"tags":[14491,12273,16132,13386,15373,350,7166,14497,14043,16126,9387,2779,16128,542,16130,8309,16129,16131,13152,737,7368,16127,16125,4659,12844,12408,15051,15992,11001,6465,6036,13151,1210,2225,11986,12473,12436],"class_list":{"0":"post-90303","1":"post","2":"type-post","3":"status-publish","4":"format-standard","5":"has-post-thumbnail","7":"category-cursos-talleres","8":"category-eventos","9":"tag-agustin-gor-gomez","10":"tag-alberto-alonso-oro","11":"tag-alberto-martinez-garcia","12":"tag-ana-mombiedro","13":"tag-carlos-gor-gomez","14":"tag-comunicacion","15":"tag-comunicar","16":"tag-david-arredondo-garrido","17":"tag-david-garcia-asenjo","18":"tag-diego-iglesias","19":"tag-ediciones-asimetricas","20":"tag-editorial-actar","21":"tag-esperanza-campana","22":"tag-etsam","23":"tag-francisco-antonio-garcia-trivino","24":"tag-fundacion-alejandro-de-la-sota","25":"tag-gustavo-rojas","26":"tag-hector-rivera-bajo","27":"tag-imagen-subliminal","28":"tag-investigacion","29":"tag-juan-calatrava-escobar","30":"tag-lara-lesmes","31":"tag-leonor-martin","32":"tag-lorenzo-barno","33":"tag-luis-lope-de-toledo","34":"tag-manuel-saga","35":"tag-marcela-grassi","36":"tag-maria-fernandez","37":"tag-maria-mallo","38":"tag-miguel-angel-diaz-camacho","39":"tag-ricardo-devesa","40":"tag-rocio-romero","41":"tag-santiago-de-molina","42":"tag-seminario","43":"tag-silvia-blanco-agueira","44":"tag-stepienybarno","45":"tag-teresa-couceiro-nunez"},"yoast_head":"<!-- This site is optimized with the Yoast SEO plugin v27.4 - https:\/\/yoast.com\/product\/yoast-seo-wordpress\/ -->\n<title>Din\u00e1micas Contempor\u00e1neas de Comunicaci\u00f3n en Arquitectura 2022 - veredes<\/title>\n<meta name=\"description\" content=\"Toda la informaci\u00f3n sobre: Din\u00e1micas Contempor\u00e1neas de Comunicaci\u00f3n en Arquitectura 2022\" \/>\n<meta name=\"robots\" content=\"index, follow, max-snippet:-1, max-image-preview:large, max-video-preview:-1\" \/>\n<link rel=\"canonical\" href=\"https:\/\/veredes.es\/blog\/dinamicas-contemporaneas-de-comunicacion-en-arquitectura-2022\/\" \/>\n<meta property=\"og:locale\" content=\"es_ES\" \/>\n<meta property=\"og:type\" content=\"article\" \/>\n<meta property=\"og:title\" content=\"Din\u00e1micas Contempor\u00e1neas de Comunicaci\u00f3n en Arquitectura 2022 - veredes\" \/>\n<meta property=\"og:description\" content=\"Toda la informaci\u00f3n sobre: Din\u00e1micas Contempor\u00e1neas de Comunicaci\u00f3n en Arquitectura 2022\" \/>\n<meta property=\"og:url\" content=\"https:\/\/veredes.es\/blog\/dinamicas-contemporaneas-de-comunicacion-en-arquitectura-2022\/\" \/>\n<meta property=\"og:site_name\" content=\"veredes, arquitectura y divulgaci\u00f3n\" \/>\n<meta property=\"article:publisher\" content=\"https:\/\/www.facebook.com\/veredesArquitecturayDivulgacion\/\" \/>\n<meta property=\"article:author\" content=\"https:\/\/www.facebook.com\/veredesArquitecturayDivulgacion\/\" \/>\n<meta property=\"article:published_time\" content=\"2022-08-01T22:01:35+00:00\" \/>\n<meta property=\"og:image\" content=\"https:\/\/veredes.es\/blog\/wp-content\/uploads\/2022\/07\/Dinamicas-Contemporaneas-de-Comunicacion-en-Arquitectura-2022-etsam.jpg\" \/>\n\t<meta property=\"og:image:width\" content=\"1400\" \/>\n\t<meta property=\"og:image:height\" content=\"1980\" \/>\n\t<meta property=\"og:image:type\" content=\"image\/jpeg\" \/>\n<meta name=\"author\" content=\"veredes\" \/>\n<meta name=\"twitter:card\" content=\"summary_large_image\" \/>\n<meta name=\"twitter:creator\" content=\"@https:\/\/twitter.com\/veredes\" \/>\n<meta name=\"twitter:site\" content=\"@veredes\" \/>\n<meta name=\"twitter:label1\" content=\"Escrito por\" \/>\n\t<meta name=\"twitter:data1\" content=\"veredes\" \/>\n\t<meta name=\"twitter:label2\" content=\"Tiempo de lectura\" \/>\n\t<meta name=\"twitter:data2\" content=\"3 minutos\" \/>\n<script type=\"application\/ld+json\" class=\"yoast-schema-graph\">{\"@context\":\"https:\\\/\\\/schema.org\",\"@graph\":[{\"@type\":\"Article\",\"@id\":\"https:\\\/\\\/veredes.es\\\/blog\\\/dinamicas-contemporaneas-de-comunicacion-en-arquitectura-2022\\\/#article\",\"isPartOf\":{\"@id\":\"https:\\\/\\\/veredes.es\\\/blog\\\/dinamicas-contemporaneas-de-comunicacion-en-arquitectura-2022\\\/\"},\"author\":{\"name\":\"veredes\",\"@id\":\"https:\\\/\\\/veredes.es\\\/blog\\\/#\\\/schema\\\/person\\\/0bbb669073ef7faba5168a0844e93d2c\"},\"headline\":\"Din\u00e1micas Contempor\u00e1neas de Comunicaci\u00f3n en Arquitectura 2022\",\"datePublished\":\"2022-08-01T22:01:35+00:00\",\"mainEntityOfPage\":{\"@id\":\"https:\\\/\\\/veredes.es\\\/blog\\\/dinamicas-contemporaneas-de-comunicacion-en-arquitectura-2022\\\/\"},\"wordCount\":538,\"commentCount\":0,\"publisher\":{\"@id\":\"https:\\\/\\\/veredes.es\\\/blog\\\/#organization\"},\"image\":{\"@id\":\"https:\\\/\\\/veredes.es\\\/blog\\\/dinamicas-contemporaneas-de-comunicacion-en-arquitectura-2022\\\/#primaryimage\"},\"thumbnailUrl\":\"https:\\\/\\\/veredes.es\\\/blog\\\/wp-content\\\/uploads\\\/2022\\\/07\\\/Dinamicas-Contemporaneas-de-Comunicacion-en-Arquitectura-2022-etsam.jpg\",\"keywords\":[\"Agust\u00edn Gor G\u00f3mez\",\"Alberto Alonso Oro\",\"Alberto Mart\u00ednez Garc\u00eda\",\"Ana Mombiedro\",\"Carlos Gor G\u00f3mez\",\"comunicaci\u00f3n\",\"comunicar\",\"David Arredondo Garrido\",\"David Garc\u00eda-Asenjo\",\"Diego Iglesias\",\"ediciones asim\u00e9tricas\",\"editorial actar\",\"Esperanza Campa\u00f1a\",\"ETSAM\",\"Francisco Antonio Garc\u00eda Trivi\u00f1o\",\"fundaci\u00f3n Alejandro de la Sota\",\"Gustavo Rojas\",\"H\u00e9ctor Rivera Bajo\",\"Imagen Subliminal\",\"investigaci\u00f3n\",\"Juan Calatrava Escobar\",\"Lara Lesmes\",\"Leonor Mart\u00edn\",\"Lorenzo Barn\u00f3\",\"Luis Lope de Toledo\",\"Manuel Saga\",\"Marcela Grassi\",\"Mar\u00eda Fern\u00e1ndez\",\"Mar\u00eda Mallo\",\"Miguel \u00c1ngel D\u00edaz Camacho\",\"Ricardo Devesa\",\"Roc\u00edo Romero\",\"Santiago de Molina\",\"seminario\",\"Silvia Blanco Ag\u00fceira\",\"stepienybarno\",\"Teresa Couceiro N\u00fa\u00f1ez\"],\"articleSection\":[\"cursos-talleres\",\"eventos\"],\"inLanguage\":\"es\",\"potentialAction\":[{\"@type\":\"CommentAction\",\"name\":\"Comment\",\"target\":[\"https:\\\/\\\/veredes.es\\\/blog\\\/dinamicas-contemporaneas-de-comunicacion-en-arquitectura-2022\\\/#respond\"]}]},{\"@type\":\"WebPage\",\"@id\":\"https:\\\/\\\/veredes.es\\\/blog\\\/dinamicas-contemporaneas-de-comunicacion-en-arquitectura-2022\\\/\",\"url\":\"https:\\\/\\\/veredes.es\\\/blog\\\/dinamicas-contemporaneas-de-comunicacion-en-arquitectura-2022\\\/\",\"name\":\"Din\u00e1micas Contempor\u00e1neas de Comunicaci\u00f3n en Arquitectura 2022 - veredes\",\"isPartOf\":{\"@id\":\"https:\\\/\\\/veredes.es\\\/blog\\\/#website\"},\"primaryImageOfPage\":{\"@id\":\"https:\\\/\\\/veredes.es\\\/blog\\\/dinamicas-contemporaneas-de-comunicacion-en-arquitectura-2022\\\/#primaryimage\"},\"image\":{\"@id\":\"https:\\\/\\\/veredes.es\\\/blog\\\/dinamicas-contemporaneas-de-comunicacion-en-arquitectura-2022\\\/#primaryimage\"},\"thumbnailUrl\":\"https:\\\/\\\/veredes.es\\\/blog\\\/wp-content\\\/uploads\\\/2022\\\/07\\\/Dinamicas-Contemporaneas-de-Comunicacion-en-Arquitectura-2022-etsam.jpg\",\"datePublished\":\"2022-08-01T22:01:35+00:00\",\"description\":\"Toda la informaci\u00f3n sobre: Din\u00e1micas Contempor\u00e1neas de Comunicaci\u00f3n en Arquitectura 2022\",\"breadcrumb\":{\"@id\":\"https:\\\/\\\/veredes.es\\\/blog\\\/dinamicas-contemporaneas-de-comunicacion-en-arquitectura-2022\\\/#breadcrumb\"},\"inLanguage\":\"es\",\"potentialAction\":[{\"@type\":\"ReadAction\",\"target\":[\"https:\\\/\\\/veredes.es\\\/blog\\\/dinamicas-contemporaneas-de-comunicacion-en-arquitectura-2022\\\/\"]}]},{\"@type\":\"ImageObject\",\"inLanguage\":\"es\",\"@id\":\"https:\\\/\\\/veredes.es\\\/blog\\\/dinamicas-contemporaneas-de-comunicacion-en-arquitectura-2022\\\/#primaryimage\",\"url\":\"https:\\\/\\\/veredes.es\\\/blog\\\/wp-content\\\/uploads\\\/2022\\\/07\\\/Dinamicas-Contemporaneas-de-Comunicacion-en-Arquitectura-2022-etsam.jpg\",\"contentUrl\":\"https:\\\/\\\/veredes.es\\\/blog\\\/wp-content\\\/uploads\\\/2022\\\/07\\\/Dinamicas-Contemporaneas-de-Comunicacion-en-Arquitectura-2022-etsam.jpg\",\"width\":1400,\"height\":1980,\"caption\":\"Din\u00e1micas Contempor\u00e1neas de Comunicaci\u00f3n en Arquitectura, ETSAM, septiembre 2022\"},{\"@type\":\"BreadcrumbList\",\"@id\":\"https:\\\/\\\/veredes.es\\\/blog\\\/dinamicas-contemporaneas-de-comunicacion-en-arquitectura-2022\\\/#breadcrumb\",\"itemListElement\":[{\"@type\":\"ListItem\",\"position\":1,\"name\":\"Portada\",\"item\":\"https:\\\/\\\/veredes.es\\\/blog\\\/\"},{\"@type\":\"ListItem\",\"position\":2,\"name\":\"Din\u00e1micas Contempor\u00e1neas de Comunicaci\u00f3n en Arquitectura 2022\"}]},{\"@type\":\"WebSite\",\"@id\":\"https:\\\/\\\/veredes.es\\\/blog\\\/#website\",\"url\":\"https:\\\/\\\/veredes.es\\\/blog\\\/\",\"name\":\"veredes, arquitectura y divulgaci\u00f3n\",\"description\":\"veredes\",\"publisher\":{\"@id\":\"https:\\\/\\\/veredes.es\\\/blog\\\/#organization\"},\"alternateName\":\"veredes\",\"potentialAction\":[{\"@type\":\"SearchAction\",\"target\":{\"@type\":\"EntryPoint\",\"urlTemplate\":\"https:\\\/\\\/veredes.es\\\/blog\\\/?s={search_term_string}\"},\"query-input\":{\"@type\":\"PropertyValueSpecification\",\"valueRequired\":true,\"valueName\":\"search_term_string\"}}],\"inLanguage\":\"es\"},{\"@type\":\"Organization\",\"@id\":\"https:\\\/\\\/veredes.es\\\/blog\\\/#organization\",\"name\":\"veredes, arquitectura y divulgaci\u00f3n\",\"alternateName\":\"veredes\",\"url\":\"https:\\\/\\\/veredes.es\\\/blog\\\/\",\"logo\":{\"@type\":\"ImageObject\",\"inLanguage\":\"es\",\"@id\":\"https:\\\/\\\/veredes.es\\\/blog\\\/#\\\/schema\\\/logo\\\/image\\\/\",\"url\":\"https:\\\/\\\/veredes.es\\\/blog\\\/wp-content\\\/uploads\\\/2021\\\/12\\\/veredes-logo-centrado_140x54.png\",\"contentUrl\":\"https:\\\/\\\/veredes.es\\\/blog\\\/wp-content\\\/uploads\\\/2021\\\/12\\\/veredes-logo-centrado_140x54.png\",\"width\":140,\"height\":54,\"caption\":\"veredes, arquitectura y divulgaci\u00f3n\"},\"image\":{\"@id\":\"https:\\\/\\\/veredes.es\\\/blog\\\/#\\\/schema\\\/logo\\\/image\\\/\"},\"sameAs\":[\"https:\\\/\\\/www.facebook.com\\\/veredesArquitecturayDivulgacion\\\/\",\"https:\\\/\\\/x.com\\\/veredes\",\"https:\\\/\\\/instagram.com\\\/veredes\\\/\",\"https:\\\/\\\/www.linkedin.com\\\/company\\\/veredes-arquitectura-y-divulgacion\\\/\",\"https:\\\/\\\/es.pinterest.com\\\/veredes\\\/\",\"https:\\\/\\\/www.tumblr.com\\\/veredes\"]},{\"@type\":\"Person\",\"@id\":\"https:\\\/\\\/veredes.es\\\/blog\\\/#\\\/schema\\\/person\\\/0bbb669073ef7faba5168a0844e93d2c\",\"name\":\"veredes\",\"image\":{\"@type\":\"ImageObject\",\"inLanguage\":\"es\",\"@id\":\"https:\\\/\\\/veredes.es\\\/blog\\\/wp-content\\\/uploads\\\/2018\\\/04\\\/face-96x96.jpg\",\"url\":\"https:\\\/\\\/veredes.es\\\/blog\\\/wp-content\\\/uploads\\\/2018\\\/04\\\/face-96x96.jpg\",\"contentUrl\":\"https:\\\/\\\/veredes.es\\\/blog\\\/wp-content\\\/uploads\\\/2018\\\/04\\\/face-96x96.jpg\",\"caption\":\"veredes\"},\"description\":\"Surge enero de 2009 como b\u00fasqueda de satisfacer el conocimiento de la actividad arquitect\u00f3nica y tangentes que se generan. La idea es crear un espacio para divulgar los diversos proyectos en busca de nueva inspiraci\u00f3n y de intercambio.\",\"sameAs\":[\"https:\\\/\\\/veredes.es\\\/\",\"https:\\\/\\\/www.facebook.com\\\/veredesArquitecturayDivulgacion\\\/\",\"https:\\\/\\\/www.instagram.com\\\/veredes\\\/\",\"https:\\\/\\\/www.linkedin.com\\\/company\\\/veredes-arquitectura-y-divulgacion\\\/\",\"https:\\\/\\\/www.pinterest.es\\\/veredes\\\/\",\"https:\\\/\\\/x.com\\\/https:\\\/\\\/twitter.com\\\/veredes\",\"https:\\\/\\\/veredes.tumblr.com\\\/\"],\"url\":\"https:\\\/\\\/veredes.es\\\/blog\\\/author\\\/alberto\\\/\"}]}<\/script>\n<!-- \/ Yoast SEO plugin. -->","yoast_head_json":{"title":"Din\u00e1micas Contempor\u00e1neas de Comunicaci\u00f3n en Arquitectura 2022 - veredes","description":"Toda la informaci\u00f3n sobre: Din\u00e1micas Contempor\u00e1neas de Comunicaci\u00f3n en Arquitectura 2022","robots":{"index":"index","follow":"follow","max-snippet":"max-snippet:-1","max-image-preview":"max-image-preview:large","max-video-preview":"max-video-preview:-1"},"canonical":"https:\/\/veredes.es\/blog\/dinamicas-contemporaneas-de-comunicacion-en-arquitectura-2022\/","og_locale":"es_ES","og_type":"article","og_title":"Din\u00e1micas Contempor\u00e1neas de Comunicaci\u00f3n en Arquitectura 2022 - veredes","og_description":"Toda la informaci\u00f3n sobre: Din\u00e1micas Contempor\u00e1neas de Comunicaci\u00f3n en Arquitectura 2022","og_url":"https:\/\/veredes.es\/blog\/dinamicas-contemporaneas-de-comunicacion-en-arquitectura-2022\/","og_site_name":"veredes, arquitectura y divulgaci\u00f3n","article_publisher":"https:\/\/www.facebook.com\/veredesArquitecturayDivulgacion\/","article_author":"https:\/\/www.facebook.com\/veredesArquitecturayDivulgacion\/","article_published_time":"2022-08-01T22:01:35+00:00","og_image":[{"width":1400,"height":1980,"url":"https:\/\/veredes.es\/blog\/wp-content\/uploads\/2022\/07\/Dinamicas-Contemporaneas-de-Comunicacion-en-Arquitectura-2022-etsam.jpg","type":"image\/jpeg"}],"author":"veredes","twitter_card":"summary_large_image","twitter_creator":"@https:\/\/twitter.com\/veredes","twitter_site":"@veredes","twitter_misc":{"Escrito por":"veredes","Tiempo de lectura":"3 minutos"},"schema":{"@context":"https:\/\/schema.org","@graph":[{"@type":"Article","@id":"https:\/\/veredes.es\/blog\/dinamicas-contemporaneas-de-comunicacion-en-arquitectura-2022\/#article","isPartOf":{"@id":"https:\/\/veredes.es\/blog\/dinamicas-contemporaneas-de-comunicacion-en-arquitectura-2022\/"},"author":{"name":"veredes","@id":"https:\/\/veredes.es\/blog\/#\/schema\/person\/0bbb669073ef7faba5168a0844e93d2c"},"headline":"Din\u00e1micas Contempor\u00e1neas de Comunicaci\u00f3n en Arquitectura 2022","datePublished":"2022-08-01T22:01:35+00:00","mainEntityOfPage":{"@id":"https:\/\/veredes.es\/blog\/dinamicas-contemporaneas-de-comunicacion-en-arquitectura-2022\/"},"wordCount":538,"commentCount":0,"publisher":{"@id":"https:\/\/veredes.es\/blog\/#organization"},"image":{"@id":"https:\/\/veredes.es\/blog\/dinamicas-contemporaneas-de-comunicacion-en-arquitectura-2022\/#primaryimage"},"thumbnailUrl":"https:\/\/veredes.es\/blog\/wp-content\/uploads\/2022\/07\/Dinamicas-Contemporaneas-de-Comunicacion-en-Arquitectura-2022-etsam.jpg","keywords":["Agust\u00edn Gor G\u00f3mez","Alberto Alonso Oro","Alberto Mart\u00ednez Garc\u00eda","Ana Mombiedro","Carlos Gor G\u00f3mez","comunicaci\u00f3n","comunicar","David Arredondo Garrido","David Garc\u00eda-Asenjo","Diego Iglesias","ediciones asim\u00e9tricas","editorial actar","Esperanza Campa\u00f1a","ETSAM","Francisco Antonio Garc\u00eda Trivi\u00f1o","fundaci\u00f3n Alejandro de la Sota","Gustavo Rojas","H\u00e9ctor Rivera Bajo","Imagen Subliminal","investigaci\u00f3n","Juan Calatrava Escobar","Lara Lesmes","Leonor Mart\u00edn","Lorenzo Barn\u00f3","Luis Lope de Toledo","Manuel Saga","Marcela Grassi","Mar\u00eda Fern\u00e1ndez","Mar\u00eda Mallo","Miguel \u00c1ngel D\u00edaz Camacho","Ricardo Devesa","Roc\u00edo Romero","Santiago de Molina","seminario","Silvia Blanco Ag\u00fceira","stepienybarno","Teresa Couceiro N\u00fa\u00f1ez"],"articleSection":["cursos-talleres","eventos"],"inLanguage":"es","potentialAction":[{"@type":"CommentAction","name":"Comment","target":["https:\/\/veredes.es\/blog\/dinamicas-contemporaneas-de-comunicacion-en-arquitectura-2022\/#respond"]}]},{"@type":"WebPage","@id":"https:\/\/veredes.es\/blog\/dinamicas-contemporaneas-de-comunicacion-en-arquitectura-2022\/","url":"https:\/\/veredes.es\/blog\/dinamicas-contemporaneas-de-comunicacion-en-arquitectura-2022\/","name":"Din\u00e1micas Contempor\u00e1neas de Comunicaci\u00f3n en Arquitectura 2022 - veredes","isPartOf":{"@id":"https:\/\/veredes.es\/blog\/#website"},"primaryImageOfPage":{"@id":"https:\/\/veredes.es\/blog\/dinamicas-contemporaneas-de-comunicacion-en-arquitectura-2022\/#primaryimage"},"image":{"@id":"https:\/\/veredes.es\/blog\/dinamicas-contemporaneas-de-comunicacion-en-arquitectura-2022\/#primaryimage"},"thumbnailUrl":"https:\/\/veredes.es\/blog\/wp-content\/uploads\/2022\/07\/Dinamicas-Contemporaneas-de-Comunicacion-en-Arquitectura-2022-etsam.jpg","datePublished":"2022-08-01T22:01:35+00:00","description":"Toda la informaci\u00f3n sobre: Din\u00e1micas Contempor\u00e1neas de Comunicaci\u00f3n en Arquitectura 2022","breadcrumb":{"@id":"https:\/\/veredes.es\/blog\/dinamicas-contemporaneas-de-comunicacion-en-arquitectura-2022\/#breadcrumb"},"inLanguage":"es","potentialAction":[{"@type":"ReadAction","target":["https:\/\/veredes.es\/blog\/dinamicas-contemporaneas-de-comunicacion-en-arquitectura-2022\/"]}]},{"@type":"ImageObject","inLanguage":"es","@id":"https:\/\/veredes.es\/blog\/dinamicas-contemporaneas-de-comunicacion-en-arquitectura-2022\/#primaryimage","url":"https:\/\/veredes.es\/blog\/wp-content\/uploads\/2022\/07\/Dinamicas-Contemporaneas-de-Comunicacion-en-Arquitectura-2022-etsam.jpg","contentUrl":"https:\/\/veredes.es\/blog\/wp-content\/uploads\/2022\/07\/Dinamicas-Contemporaneas-de-Comunicacion-en-Arquitectura-2022-etsam.jpg","width":1400,"height":1980,"caption":"Din\u00e1micas Contempor\u00e1neas de Comunicaci\u00f3n en Arquitectura, ETSAM, septiembre 2022"},{"@type":"BreadcrumbList","@id":"https:\/\/veredes.es\/blog\/dinamicas-contemporaneas-de-comunicacion-en-arquitectura-2022\/#breadcrumb","itemListElement":[{"@type":"ListItem","position":1,"name":"Portada","item":"https:\/\/veredes.es\/blog\/"},{"@type":"ListItem","position":2,"name":"Din\u00e1micas Contempor\u00e1neas de Comunicaci\u00f3n en Arquitectura 2022"}]},{"@type":"WebSite","@id":"https:\/\/veredes.es\/blog\/#website","url":"https:\/\/veredes.es\/blog\/","name":"veredes, arquitectura y divulgaci\u00f3n","description":"veredes","publisher":{"@id":"https:\/\/veredes.es\/blog\/#organization"},"alternateName":"veredes","potentialAction":[{"@type":"SearchAction","target":{"@type":"EntryPoint","urlTemplate":"https:\/\/veredes.es\/blog\/?s={search_term_string}"},"query-input":{"@type":"PropertyValueSpecification","valueRequired":true,"valueName":"search_term_string"}}],"inLanguage":"es"},{"@type":"Organization","@id":"https:\/\/veredes.es\/blog\/#organization","name":"veredes, arquitectura y divulgaci\u00f3n","alternateName":"veredes","url":"https:\/\/veredes.es\/blog\/","logo":{"@type":"ImageObject","inLanguage":"es","@id":"https:\/\/veredes.es\/blog\/#\/schema\/logo\/image\/","url":"https:\/\/veredes.es\/blog\/wp-content\/uploads\/2021\/12\/veredes-logo-centrado_140x54.png","contentUrl":"https:\/\/veredes.es\/blog\/wp-content\/uploads\/2021\/12\/veredes-logo-centrado_140x54.png","width":140,"height":54,"caption":"veredes, arquitectura y divulgaci\u00f3n"},"image":{"@id":"https:\/\/veredes.es\/blog\/#\/schema\/logo\/image\/"},"sameAs":["https:\/\/www.facebook.com\/veredesArquitecturayDivulgacion\/","https:\/\/x.com\/veredes","https:\/\/instagram.com\/veredes\/","https:\/\/www.linkedin.com\/company\/veredes-arquitectura-y-divulgacion\/","https:\/\/es.pinterest.com\/veredes\/","https:\/\/www.tumblr.com\/veredes"]},{"@type":"Person","@id":"https:\/\/veredes.es\/blog\/#\/schema\/person\/0bbb669073ef7faba5168a0844e93d2c","name":"veredes","image":{"@type":"ImageObject","inLanguage":"es","@id":"https:\/\/veredes.es\/blog\/wp-content\/uploads\/2018\/04\/face-96x96.jpg","url":"https:\/\/veredes.es\/blog\/wp-content\/uploads\/2018\/04\/face-96x96.jpg","contentUrl":"https:\/\/veredes.es\/blog\/wp-content\/uploads\/2018\/04\/face-96x96.jpg","caption":"veredes"},"description":"Surge enero de 2009 como b\u00fasqueda de satisfacer el conocimiento de la actividad arquitect\u00f3nica y tangentes que se generan. La idea es crear un espacio para divulgar los diversos proyectos en busca de nueva inspiraci\u00f3n y de intercambio.","sameAs":["https:\/\/veredes.es\/","https:\/\/www.facebook.com\/veredesArquitecturayDivulgacion\/","https:\/\/www.instagram.com\/veredes\/","https:\/\/www.linkedin.com\/company\/veredes-arquitectura-y-divulgacion\/","https:\/\/www.pinterest.es\/veredes\/","https:\/\/x.com\/https:\/\/twitter.com\/veredes","https:\/\/veredes.tumblr.com\/"],"url":"https:\/\/veredes.es\/blog\/author\/alberto\/"}]}},"_links":{"self":[{"href":"https:\/\/veredes.es\/blog\/wp-json\/wp\/v2\/posts\/90303","targetHints":{"allow":["GET"]}}],"collection":[{"href":"https:\/\/veredes.es\/blog\/wp-json\/wp\/v2\/posts"}],"about":[{"href":"https:\/\/veredes.es\/blog\/wp-json\/wp\/v2\/types\/post"}],"author":[{"embeddable":true,"href":"https:\/\/veredes.es\/blog\/wp-json\/wp\/v2\/users\/2"}],"replies":[{"embeddable":true,"href":"https:\/\/veredes.es\/blog\/wp-json\/wp\/v2\/comments?post=90303"}],"version-history":[{"count":0,"href":"https:\/\/veredes.es\/blog\/wp-json\/wp\/v2\/posts\/90303\/revisions"}],"wp:featuredmedia":[{"embeddable":true,"href":"https:\/\/veredes.es\/blog\/wp-json\/wp\/v2\/media\/90304"}],"wp:attachment":[{"href":"https:\/\/veredes.es\/blog\/wp-json\/wp\/v2\/media?parent=90303"}],"wp:term":[{"taxonomy":"category","embeddable":true,"href":"https:\/\/veredes.es\/blog\/wp-json\/wp\/v2\/categories?post=90303"},{"taxonomy":"post_tag","embeddable":true,"href":"https:\/\/veredes.es\/blog\/wp-json\/wp\/v2\/tags?post=90303"}],"curies":[{"name":"wp","href":"https:\/\/api.w.org\/{rel}","templated":true}]}}