{"id":89744,"date":"2022-07-25T00:01:23","date_gmt":"2022-07-24T22:01:23","guid":{"rendered":"https:\/\/veredes.es\/blog\/?p=89744"},"modified":"2024-03-22T14:25:17","modified_gmt":"2024-03-22T13:25:17","slug":"orientar-inigo-garcia-odiaga","status":"publish","type":"post","link":"https:\/\/veredes.es\/blog\/orientar-inigo-garcia-odiaga\/","title":{"rendered":"Orientar | \u00cd\u00f1igo Garc\u00eda Odiaga"},"content":{"rendered":"<figure id=\"attachment_89762\" aria-describedby=\"caption-attachment-89762\" style=\"width: 750px\" class=\"wp-caption alignnone\"><img loading=\"lazy\" decoding=\"async\" class=\"wp-image-89762\" title=\"Orientar \u00cd\u00f1igo Garc\u00eda Odiaga Planta del Parten\u00f3n en ruinas, con la mezquita construida por los turcos durante la ocupaci\u00f3n de Grecia\" src=\"https:\/\/veredes.es\/blog\/wp-content\/uploads\/2022\/07\/Orientar-Inigo-Garcia-Odiaga-Planta-del-Partenon-en-ruinas-con-la-mezquita-construida-por-los-turcos-durante-la-ocupacion-de-Grecia.jpg\" alt=\"Orientar \u00cd\u00f1igo Garc\u00eda Odiaga Planta del Parten\u00f3n en ruinas, con la mezquita construida por los turcos durante la ocupaci\u00f3n de Grecia\" width=\"750\" height=\"337\" srcset=\"https:\/\/veredes.es\/blog\/wp-content\/uploads\/2022\/07\/Orientar-Inigo-Garcia-Odiaga-Planta-del-Partenon-en-ruinas-con-la-mezquita-construida-por-los-turcos-durante-la-ocupacion-de-Grecia.jpg 681w, https:\/\/veredes.es\/blog\/wp-content\/uploads\/2022\/07\/Orientar-Inigo-Garcia-Odiaga-Planta-del-Partenon-en-ruinas-con-la-mezquita-construida-por-los-turcos-durante-la-ocupacion-de-Grecia-300x135.jpg 300w\" sizes=\"auto, (max-width: 750px) 100vw, 750px\" \/><figcaption id=\"caption-attachment-89762\" class=\"wp-caption-text\"><span style=\"color: #999999;\">Planta del Parten\u00f3n en ruinas, con la mezquita construida por los turcos durante la ocupaci\u00f3n de Grecia<\/span><\/figcaption><\/figure>\n<p style=\"text-align: justify;\">Seg\u00fan el diccionario\u00a0orientar\u00a0es fijar la posici\u00f3n o la direcci\u00f3n de algo respecto de un lugar, especialmente un punto cardinal. De hecho orientar es mirar a Oriente. Llamativamente adem\u00e1s de los marinos, han sido las religiones las que han puesto especial empe\u00f1o mirar con acierto. Unos por falta de referencias los otros, para ordenar\u00a0la oraci\u00f3n de sus adeptos.<\/p>\n<p style=\"text-align: justify;\">Las primeras bas\u00edlicas y la mayor\u00eda de las primeras iglesias, pose\u00edan orientaciones diversas, respond\u00edan al lugar, a su contexto es decir a la topograf\u00eda, a las preexistencias, a las condiciones urbanas o incluso a los mitos y las leyendas. Pero en cuanto en la iglesia cat\u00f3lica surgi\u00f3 la necesidad de legislar, la norma impuso la obligatoriedad de situar la cabecera hacia el este colocando la nave hacia el oeste, es decir con la puerta mirando al ocaso del sol.<\/p>\n<p style=\"text-align: justify;\">Puede resultar un hecho arbitrario, pero lo cierto es que este gesto pretend\u00eda introducir una diferencia clara respecto de los ritos antiguos, grecorromano, aquellos en los que los dioses se encaraban al sol y esperaban en sus templos con las puertas abiertas hacia el amanecer. El cambio en la direcci\u00f3n de la plegaria ha constituido por lo tanto, un rasgo diferenciador, una forma de auto-afirmaci\u00f3n, un distanciamiento respecto de aquellos ritos considerados paganos. Con la llegada del islam, se volvi\u00f3 a organizar una nueva direcci\u00f3n para el rezo de la nueva religi\u00f3n. Estese producir\u00eda mirando hacia la Meca. A diferencia del cristianismo, el islam tendr\u00eda un centro, por lo que a diferencia de las iglesias orientadas este o este, las mezquitas se orientar\u00edan radialmente por todo el mundo, hacia un centro en el que se encontrar\u00eda la Kaaba, el habit\u00e1culo cuadrado sagrado. En las mezquitas, la <em>qibla<\/em> marcar\u00eda la orientaci\u00f3n de la Kaaba guiando las plegarias.<\/p>\n<figure id=\"attachment_89763\" aria-describedby=\"caption-attachment-89763\" style=\"width: 750px\" class=\"wp-caption alignnone\"><img loading=\"lazy\" decoding=\"async\" class=\"wp-image-89763\" title=\"Orientar \u00cd\u00f1igo Garc\u00eda Odiaga Dar-Ul-Islam de Hassan Fathy, Abiquiu, Nuevo M\u00e9xico\" src=\"https:\/\/veredes.es\/blog\/wp-content\/uploads\/2022\/07\/Orientar-Inigo-Garcia-Odiaga-Dar-Ul-Islam-de-Hassan-Fathy-Abiquiu-Nuevo-Mexico.jpg\" alt=\"Orientar \u00cd\u00f1igo Garc\u00eda Odiaga Dar-Ul-Islam de Hassan Fathy, Abiquiu, Nuevo M\u00e9xico\" width=\"750\" height=\"407\" srcset=\"https:\/\/veredes.es\/blog\/wp-content\/uploads\/2022\/07\/Orientar-Inigo-Garcia-Odiaga-Dar-Ul-Islam-de-Hassan-Fathy-Abiquiu-Nuevo-Mexico.jpg 650w, https:\/\/veredes.es\/blog\/wp-content\/uploads\/2022\/07\/Orientar-Inigo-Garcia-Odiaga-Dar-Ul-Islam-de-Hassan-Fathy-Abiquiu-Nuevo-Mexico-300x163.jpg 300w\" sizes=\"auto, (max-width: 750px) 100vw, 750px\" \/><figcaption id=\"caption-attachment-89763\" class=\"wp-caption-text\"><span style=\"color: #999999;\">Dar-Ul-Islam de Hassan Fathy, Abiquiu, Nuevo M\u00e9xico<\/span><\/figcaption><\/figure>\n<p style=\"text-align: justify;\">En Siria o en Palestina la direcci\u00f3n del islam es aproximadamente perpendicular a la cristiana. Pero en Espa\u00f1a ambas direcciones son pr\u00e1cticamente coincidentes, por lo que muchas mezquitas fueron giradas hacia el sur para diferenciarse del rito cat\u00f3lico. Para afirmar el hecho religioso, de alg\u00fan modo, se opt\u00f3 por la desorientaci\u00f3n de la planta; fue m\u00e1s importante diferenciarse del infiel, que orientarse hacia la Meca.<\/p>\n<p style=\"text-align: justify;\">Esta orientaci\u00f3n de los templos producir\u00e1 exquisitas contradicciones, y por lo tanto excusas para crear arquitecturas. La planta del Parten\u00f3n ateniense, con la superposici\u00f3n de una peque\u00f1a mezquita construida por los turcos durante su ocupaci\u00f3n es una buen ejemplo, como lo es, el edificio de la fundaci\u00f3n isl\u00e1mica Dar-Ul-Islam de <a href=\"https:\/\/veredes.es\/blog\/tag\/hassan-fathy\/\" target=\"_blank\" rel=\"noopener\">Hassan Fathy<\/a> en el que la mezquita toma su propio rumbo en relaci\u00f3n al resto del edificio.<\/p>\n<p style=\"text-align: justify;\">\u00cd\u00f1igo Garc\u00eda Odiaga. Arquitecto<br \/>\nSan Sebasti\u00e1n. Marzo 2017<\/p>\n","protected":false},"excerpt":{"rendered":"<p>Seg\u00fan el diccionario\u00a0orientar\u00a0es fijar la posici\u00f3n o la direcci\u00f3n de algo respecto de un lugar, especialmente un punto cardinal. De hecho orientar es mirar a Oriente. Llamativamente adem\u00e1s de los marinos, han sido las religiones las que han puesto especial empe\u00f1o mirar con acierto. Unos por falta de referencias los otros, para ordenar\u00a0la oraci\u00f3n de [&hellip;]<\/p>\n","protected":false},"author":31,"featured_media":89763,"comment_status":"open","ping_status":"closed","sticky":false,"template":"","format":"standard","meta":{"footnotes":""},"categories":[5934,5951],"tags":[12448,8679,8497,9575,668,4285,1278],"class_list":{"0":"post-89744","1":"post","2":"type-post","3":"status-publish","4":"format-standard","5":"has-post-thumbnail","7":"category-articulos","8":"category-slider-principal","9":"tag-arquitectura","10":"tag-arquitectura-clasica","11":"tag-arquitectura-griega","12":"tag-arquitectura-romana","13":"tag-historia","14":"tag-inigo-garcia-odiaga","15":"tag-teoria"},"yoast_head":"<!-- This site is optimized with the Yoast SEO plugin v27.4 - https:\/\/yoast.com\/product\/yoast-seo-wordpress\/ -->\n<title>Orientar | \u00cd\u00f1igo Garc\u00eda Odiaga - veredes<\/title>\n<meta name=\"description\" content=\"Toda la informaci\u00f3n sobre: Orientar | \u00cd\u00f1igo Garc\u00eda Odiaga\" \/>\n<meta name=\"robots\" content=\"index, follow, max-snippet:-1, max-image-preview:large, max-video-preview:-1\" \/>\n<link rel=\"canonical\" href=\"https:\/\/veredes.es\/blog\/orientar-inigo-garcia-odiaga\/\" \/>\n<meta property=\"og:locale\" content=\"es_ES\" \/>\n<meta property=\"og:type\" content=\"article\" \/>\n<meta property=\"og:title\" content=\"Orientar | \u00cd\u00f1igo Garc\u00eda Odiaga - veredes\" \/>\n<meta property=\"og:description\" content=\"Toda la informaci\u00f3n sobre: Orientar | \u00cd\u00f1igo Garc\u00eda Odiaga\" \/>\n<meta property=\"og:url\" content=\"https:\/\/veredes.es\/blog\/orientar-inigo-garcia-odiaga\/\" \/>\n<meta property=\"og:site_name\" content=\"veredes, arquitectura y divulgaci\u00f3n\" \/>\n<meta property=\"article:publisher\" content=\"https:\/\/www.facebook.com\/veredesArquitecturayDivulgacion\/\" \/>\n<meta property=\"article:author\" content=\"https:\/\/www.facebook.com\/inigo.garciaodiaga\" \/>\n<meta property=\"article:published_time\" content=\"2022-07-24T22:01:23+00:00\" \/>\n<meta property=\"article:modified_time\" content=\"2024-03-22T13:25:17+00:00\" \/>\n<meta property=\"og:image\" content=\"https:\/\/veredes.es\/blog\/wp-content\/uploads\/2022\/07\/Orientar-Inigo-Garcia-Odiaga-Dar-Ul-Islam-de-Hassan-Fathy-Abiquiu-Nuevo-Mexico.jpg\" \/>\n\t<meta property=\"og:image:width\" content=\"650\" \/>\n\t<meta property=\"og:image:height\" content=\"353\" \/>\n\t<meta property=\"og:image:type\" content=\"image\/jpeg\" \/>\n<meta name=\"author\" content=\"\u00cd\u00f1igo Garc\u00eda Odiaga\" \/>\n<meta name=\"twitter:card\" content=\"summary_large_image\" \/>\n<meta name=\"twitter:creator\" content=\"@https:\/\/twitter.com\/IOdiaga\" \/>\n<meta name=\"twitter:site\" content=\"@veredes\" \/>\n<meta name=\"twitter:label1\" content=\"Escrito por\" \/>\n\t<meta name=\"twitter:data1\" content=\"\u00cd\u00f1igo Garc\u00eda Odiaga\" \/>\n\t<meta name=\"twitter:label2\" content=\"Tiempo de lectura\" \/>\n\t<meta name=\"twitter:data2\" content=\"3 minutos\" \/>\n<script type=\"application\/ld+json\" class=\"yoast-schema-graph\">{\"@context\":\"https:\\\/\\\/schema.org\",\"@graph\":[{\"@type\":\"Article\",\"@id\":\"https:\\\/\\\/veredes.es\\\/blog\\\/orientar-inigo-garcia-odiaga\\\/#article\",\"isPartOf\":{\"@id\":\"https:\\\/\\\/veredes.es\\\/blog\\\/orientar-inigo-garcia-odiaga\\\/\"},\"author\":{\"name\":\"\u00cd\u00f1igo Garc\u00eda Odiaga\",\"@id\":\"https:\\\/\\\/veredes.es\\\/blog\\\/#\\\/schema\\\/person\\\/7edb23bf36ddbe2d9c8f4cf5fae64668\"},\"headline\":\"Orientar | \u00cd\u00f1igo Garc\u00eda Odiaga\",\"datePublished\":\"2022-07-24T22:01:23+00:00\",\"dateModified\":\"2024-03-22T13:25:17+00:00\",\"mainEntityOfPage\":{\"@id\":\"https:\\\/\\\/veredes.es\\\/blog\\\/orientar-inigo-garcia-odiaga\\\/\"},\"wordCount\":521,\"commentCount\":0,\"publisher\":{\"@id\":\"https:\\\/\\\/veredes.es\\\/blog\\\/#organization\"},\"image\":{\"@id\":\"https:\\\/\\\/veredes.es\\\/blog\\\/orientar-inigo-garcia-odiaga\\\/#primaryimage\"},\"thumbnailUrl\":\"https:\\\/\\\/veredes.es\\\/blog\\\/wp-content\\\/uploads\\\/2022\\\/07\\\/Orientar-Inigo-Garcia-Odiaga-Dar-Ul-Islam-de-Hassan-Fathy-Abiquiu-Nuevo-Mexico.jpg\",\"keywords\":[\"arquitectura\",\"arquitectura cl\u00e1sica\",\"arquitectura griega\",\"arquitectura romana\",\"historia\",\"\u00cd\u00f1igo Garc\u00eda Odiaga\",\"teor\u00eda\"],\"articleSection\":[\"art\u00edculos\",\"slider principal\"],\"inLanguage\":\"es\",\"potentialAction\":[{\"@type\":\"CommentAction\",\"name\":\"Comment\",\"target\":[\"https:\\\/\\\/veredes.es\\\/blog\\\/orientar-inigo-garcia-odiaga\\\/#respond\"]}]},{\"@type\":\"WebPage\",\"@id\":\"https:\\\/\\\/veredes.es\\\/blog\\\/orientar-inigo-garcia-odiaga\\\/\",\"url\":\"https:\\\/\\\/veredes.es\\\/blog\\\/orientar-inigo-garcia-odiaga\\\/\",\"name\":\"Orientar | \u00cd\u00f1igo Garc\u00eda Odiaga - veredes\",\"isPartOf\":{\"@id\":\"https:\\\/\\\/veredes.es\\\/blog\\\/#website\"},\"primaryImageOfPage\":{\"@id\":\"https:\\\/\\\/veredes.es\\\/blog\\\/orientar-inigo-garcia-odiaga\\\/#primaryimage\"},\"image\":{\"@id\":\"https:\\\/\\\/veredes.es\\\/blog\\\/orientar-inigo-garcia-odiaga\\\/#primaryimage\"},\"thumbnailUrl\":\"https:\\\/\\\/veredes.es\\\/blog\\\/wp-content\\\/uploads\\\/2022\\\/07\\\/Orientar-Inigo-Garcia-Odiaga-Dar-Ul-Islam-de-Hassan-Fathy-Abiquiu-Nuevo-Mexico.jpg\",\"datePublished\":\"2022-07-24T22:01:23+00:00\",\"dateModified\":\"2024-03-22T13:25:17+00:00\",\"description\":\"Toda la informaci\u00f3n sobre: Orientar | \u00cd\u00f1igo Garc\u00eda Odiaga\",\"breadcrumb\":{\"@id\":\"https:\\\/\\\/veredes.es\\\/blog\\\/orientar-inigo-garcia-odiaga\\\/#breadcrumb\"},\"inLanguage\":\"es\",\"potentialAction\":[{\"@type\":\"ReadAction\",\"target\":[\"https:\\\/\\\/veredes.es\\\/blog\\\/orientar-inigo-garcia-odiaga\\\/\"]}]},{\"@type\":\"ImageObject\",\"inLanguage\":\"es\",\"@id\":\"https:\\\/\\\/veredes.es\\\/blog\\\/orientar-inigo-garcia-odiaga\\\/#primaryimage\",\"url\":\"https:\\\/\\\/veredes.es\\\/blog\\\/wp-content\\\/uploads\\\/2022\\\/07\\\/Orientar-Inigo-Garcia-Odiaga-Dar-Ul-Islam-de-Hassan-Fathy-Abiquiu-Nuevo-Mexico.jpg\",\"contentUrl\":\"https:\\\/\\\/veredes.es\\\/blog\\\/wp-content\\\/uploads\\\/2022\\\/07\\\/Orientar-Inigo-Garcia-Odiaga-Dar-Ul-Islam-de-Hassan-Fathy-Abiquiu-Nuevo-Mexico.jpg\",\"width\":650,\"height\":353,\"caption\":\"Orientar \u00cd\u00f1igo Garc\u00eda Odiaga Dar-Ul-Islam de Hassan Fathy, Abiquiu, Nuevo M\u00e9xico\"},{\"@type\":\"BreadcrumbList\",\"@id\":\"https:\\\/\\\/veredes.es\\\/blog\\\/orientar-inigo-garcia-odiaga\\\/#breadcrumb\",\"itemListElement\":[{\"@type\":\"ListItem\",\"position\":1,\"name\":\"Portada\",\"item\":\"https:\\\/\\\/veredes.es\\\/blog\\\/\"},{\"@type\":\"ListItem\",\"position\":2,\"name\":\"Orientar | \u00cd\u00f1igo Garc\u00eda Odiaga\"}]},{\"@type\":\"WebSite\",\"@id\":\"https:\\\/\\\/veredes.es\\\/blog\\\/#website\",\"url\":\"https:\\\/\\\/veredes.es\\\/blog\\\/\",\"name\":\"veredes, arquitectura y divulgaci\u00f3n\",\"description\":\"veredes\",\"publisher\":{\"@id\":\"https:\\\/\\\/veredes.es\\\/blog\\\/#organization\"},\"alternateName\":\"veredes\",\"potentialAction\":[{\"@type\":\"SearchAction\",\"target\":{\"@type\":\"EntryPoint\",\"urlTemplate\":\"https:\\\/\\\/veredes.es\\\/blog\\\/?s={search_term_string}\"},\"query-input\":{\"@type\":\"PropertyValueSpecification\",\"valueRequired\":true,\"valueName\":\"search_term_string\"}}],\"inLanguage\":\"es\"},{\"@type\":\"Organization\",\"@id\":\"https:\\\/\\\/veredes.es\\\/blog\\\/#organization\",\"name\":\"veredes, arquitectura y divulgaci\u00f3n\",\"alternateName\":\"veredes\",\"url\":\"https:\\\/\\\/veredes.es\\\/blog\\\/\",\"logo\":{\"@type\":\"ImageObject\",\"inLanguage\":\"es\",\"@id\":\"https:\\\/\\\/veredes.es\\\/blog\\\/#\\\/schema\\\/logo\\\/image\\\/\",\"url\":\"https:\\\/\\\/veredes.es\\\/blog\\\/wp-content\\\/uploads\\\/2021\\\/12\\\/veredes-logo-centrado_140x54.png\",\"contentUrl\":\"https:\\\/\\\/veredes.es\\\/blog\\\/wp-content\\\/uploads\\\/2021\\\/12\\\/veredes-logo-centrado_140x54.png\",\"width\":140,\"height\":54,\"caption\":\"veredes, arquitectura y divulgaci\u00f3n\"},\"image\":{\"@id\":\"https:\\\/\\\/veredes.es\\\/blog\\\/#\\\/schema\\\/logo\\\/image\\\/\"},\"sameAs\":[\"https:\\\/\\\/www.facebook.com\\\/veredesArquitecturayDivulgacion\\\/\",\"https:\\\/\\\/x.com\\\/veredes\",\"https:\\\/\\\/instagram.com\\\/veredes\\\/\",\"https:\\\/\\\/www.linkedin.com\\\/company\\\/veredes-arquitectura-y-divulgacion\\\/\",\"https:\\\/\\\/es.pinterest.com\\\/veredes\\\/\",\"https:\\\/\\\/www.tumblr.com\\\/veredes\"]},{\"@type\":\"Person\",\"@id\":\"https:\\\/\\\/veredes.es\\\/blog\\\/#\\\/schema\\\/person\\\/7edb23bf36ddbe2d9c8f4cf5fae64668\",\"name\":\"\u00cd\u00f1igo Garc\u00eda Odiaga\",\"image\":{\"@type\":\"ImageObject\",\"inLanguage\":\"es\",\"@id\":\"https:\\\/\\\/veredes.es\\\/blog\\\/wp-content\\\/uploads\\\/2018\\\/04\\\/\u00cd\u00f1igo-Garc\u00eda-Odiaga-96x96.jpg\",\"url\":\"https:\\\/\\\/veredes.es\\\/blog\\\/wp-content\\\/uploads\\\/2018\\\/04\\\/\u00cd\u00f1igo-Garc\u00eda-Odiaga-96x96.jpg\",\"contentUrl\":\"https:\\\/\\\/veredes.es\\\/blog\\\/wp-content\\\/uploads\\\/2018\\\/04\\\/\u00cd\u00f1igo-Garc\u00eda-Odiaga-96x96.jpg\",\"caption\":\"\u00cd\u00f1igo Garc\u00eda Odiaga\"},\"description\":\"Doctor Arquitecto y profesor asociado de Proyectos Arquitect\u00f3nicos, ETSASS. Editor de NOMU. 1\\\/5 del estudio de arquitectura VAUMM. Vivo en Donosti.\",\"sameAs\":[\"http:\\\/\\\/vaumm.com\\\/\",\"https:\\\/\\\/www.facebook.com\\\/inigo.garciaodiaga\",\"https:\\\/\\\/www.instagram.com\\\/okamika\\\/\",\"https:\\\/\\\/x.com\\\/https:\\\/\\\/twitter.com\\\/IOdiaga\"],\"url\":\"https:\\\/\\\/veredes.es\\\/blog\\\/author\\\/inigog\\\/\"}]}<\/script>\n<!-- \/ Yoast SEO plugin. -->","yoast_head_json":{"title":"Orientar | \u00cd\u00f1igo Garc\u00eda Odiaga - veredes","description":"Toda la informaci\u00f3n sobre: Orientar | \u00cd\u00f1igo Garc\u00eda Odiaga","robots":{"index":"index","follow":"follow","max-snippet":"max-snippet:-1","max-image-preview":"max-image-preview:large","max-video-preview":"max-video-preview:-1"},"canonical":"https:\/\/veredes.es\/blog\/orientar-inigo-garcia-odiaga\/","og_locale":"es_ES","og_type":"article","og_title":"Orientar | \u00cd\u00f1igo Garc\u00eda Odiaga - veredes","og_description":"Toda la informaci\u00f3n sobre: Orientar | \u00cd\u00f1igo Garc\u00eda Odiaga","og_url":"https:\/\/veredes.es\/blog\/orientar-inigo-garcia-odiaga\/","og_site_name":"veredes, arquitectura y divulgaci\u00f3n","article_publisher":"https:\/\/www.facebook.com\/veredesArquitecturayDivulgacion\/","article_author":"https:\/\/www.facebook.com\/inigo.garciaodiaga","article_published_time":"2022-07-24T22:01:23+00:00","article_modified_time":"2024-03-22T13:25:17+00:00","og_image":[{"width":650,"height":353,"url":"https:\/\/veredes.es\/blog\/wp-content\/uploads\/2022\/07\/Orientar-Inigo-Garcia-Odiaga-Dar-Ul-Islam-de-Hassan-Fathy-Abiquiu-Nuevo-Mexico.jpg","type":"image\/jpeg"}],"author":"\u00cd\u00f1igo Garc\u00eda Odiaga","twitter_card":"summary_large_image","twitter_creator":"@https:\/\/twitter.com\/IOdiaga","twitter_site":"@veredes","twitter_misc":{"Escrito por":"\u00cd\u00f1igo Garc\u00eda Odiaga","Tiempo de lectura":"3 minutos"},"schema":{"@context":"https:\/\/schema.org","@graph":[{"@type":"Article","@id":"https:\/\/veredes.es\/blog\/orientar-inigo-garcia-odiaga\/#article","isPartOf":{"@id":"https:\/\/veredes.es\/blog\/orientar-inigo-garcia-odiaga\/"},"author":{"name":"\u00cd\u00f1igo Garc\u00eda Odiaga","@id":"https:\/\/veredes.es\/blog\/#\/schema\/person\/7edb23bf36ddbe2d9c8f4cf5fae64668"},"headline":"Orientar | \u00cd\u00f1igo Garc\u00eda Odiaga","datePublished":"2022-07-24T22:01:23+00:00","dateModified":"2024-03-22T13:25:17+00:00","mainEntityOfPage":{"@id":"https:\/\/veredes.es\/blog\/orientar-inigo-garcia-odiaga\/"},"wordCount":521,"commentCount":0,"publisher":{"@id":"https:\/\/veredes.es\/blog\/#organization"},"image":{"@id":"https:\/\/veredes.es\/blog\/orientar-inigo-garcia-odiaga\/#primaryimage"},"thumbnailUrl":"https:\/\/veredes.es\/blog\/wp-content\/uploads\/2022\/07\/Orientar-Inigo-Garcia-Odiaga-Dar-Ul-Islam-de-Hassan-Fathy-Abiquiu-Nuevo-Mexico.jpg","keywords":["arquitectura","arquitectura cl\u00e1sica","arquitectura griega","arquitectura romana","historia","\u00cd\u00f1igo Garc\u00eda Odiaga","teor\u00eda"],"articleSection":["art\u00edculos","slider principal"],"inLanguage":"es","potentialAction":[{"@type":"CommentAction","name":"Comment","target":["https:\/\/veredes.es\/blog\/orientar-inigo-garcia-odiaga\/#respond"]}]},{"@type":"WebPage","@id":"https:\/\/veredes.es\/blog\/orientar-inigo-garcia-odiaga\/","url":"https:\/\/veredes.es\/blog\/orientar-inigo-garcia-odiaga\/","name":"Orientar | \u00cd\u00f1igo Garc\u00eda Odiaga - veredes","isPartOf":{"@id":"https:\/\/veredes.es\/blog\/#website"},"primaryImageOfPage":{"@id":"https:\/\/veredes.es\/blog\/orientar-inigo-garcia-odiaga\/#primaryimage"},"image":{"@id":"https:\/\/veredes.es\/blog\/orientar-inigo-garcia-odiaga\/#primaryimage"},"thumbnailUrl":"https:\/\/veredes.es\/blog\/wp-content\/uploads\/2022\/07\/Orientar-Inigo-Garcia-Odiaga-Dar-Ul-Islam-de-Hassan-Fathy-Abiquiu-Nuevo-Mexico.jpg","datePublished":"2022-07-24T22:01:23+00:00","dateModified":"2024-03-22T13:25:17+00:00","description":"Toda la informaci\u00f3n sobre: Orientar | \u00cd\u00f1igo Garc\u00eda Odiaga","breadcrumb":{"@id":"https:\/\/veredes.es\/blog\/orientar-inigo-garcia-odiaga\/#breadcrumb"},"inLanguage":"es","potentialAction":[{"@type":"ReadAction","target":["https:\/\/veredes.es\/blog\/orientar-inigo-garcia-odiaga\/"]}]},{"@type":"ImageObject","inLanguage":"es","@id":"https:\/\/veredes.es\/blog\/orientar-inigo-garcia-odiaga\/#primaryimage","url":"https:\/\/veredes.es\/blog\/wp-content\/uploads\/2022\/07\/Orientar-Inigo-Garcia-Odiaga-Dar-Ul-Islam-de-Hassan-Fathy-Abiquiu-Nuevo-Mexico.jpg","contentUrl":"https:\/\/veredes.es\/blog\/wp-content\/uploads\/2022\/07\/Orientar-Inigo-Garcia-Odiaga-Dar-Ul-Islam-de-Hassan-Fathy-Abiquiu-Nuevo-Mexico.jpg","width":650,"height":353,"caption":"Orientar \u00cd\u00f1igo Garc\u00eda Odiaga Dar-Ul-Islam de Hassan Fathy, Abiquiu, Nuevo M\u00e9xico"},{"@type":"BreadcrumbList","@id":"https:\/\/veredes.es\/blog\/orientar-inigo-garcia-odiaga\/#breadcrumb","itemListElement":[{"@type":"ListItem","position":1,"name":"Portada","item":"https:\/\/veredes.es\/blog\/"},{"@type":"ListItem","position":2,"name":"Orientar | \u00cd\u00f1igo Garc\u00eda Odiaga"}]},{"@type":"WebSite","@id":"https:\/\/veredes.es\/blog\/#website","url":"https:\/\/veredes.es\/blog\/","name":"veredes, arquitectura y divulgaci\u00f3n","description":"veredes","publisher":{"@id":"https:\/\/veredes.es\/blog\/#organization"},"alternateName":"veredes","potentialAction":[{"@type":"SearchAction","target":{"@type":"EntryPoint","urlTemplate":"https:\/\/veredes.es\/blog\/?s={search_term_string}"},"query-input":{"@type":"PropertyValueSpecification","valueRequired":true,"valueName":"search_term_string"}}],"inLanguage":"es"},{"@type":"Organization","@id":"https:\/\/veredes.es\/blog\/#organization","name":"veredes, arquitectura y divulgaci\u00f3n","alternateName":"veredes","url":"https:\/\/veredes.es\/blog\/","logo":{"@type":"ImageObject","inLanguage":"es","@id":"https:\/\/veredes.es\/blog\/#\/schema\/logo\/image\/","url":"https:\/\/veredes.es\/blog\/wp-content\/uploads\/2021\/12\/veredes-logo-centrado_140x54.png","contentUrl":"https:\/\/veredes.es\/blog\/wp-content\/uploads\/2021\/12\/veredes-logo-centrado_140x54.png","width":140,"height":54,"caption":"veredes, arquitectura y divulgaci\u00f3n"},"image":{"@id":"https:\/\/veredes.es\/blog\/#\/schema\/logo\/image\/"},"sameAs":["https:\/\/www.facebook.com\/veredesArquitecturayDivulgacion\/","https:\/\/x.com\/veredes","https:\/\/instagram.com\/veredes\/","https:\/\/www.linkedin.com\/company\/veredes-arquitectura-y-divulgacion\/","https:\/\/es.pinterest.com\/veredes\/","https:\/\/www.tumblr.com\/veredes"]},{"@type":"Person","@id":"https:\/\/veredes.es\/blog\/#\/schema\/person\/7edb23bf36ddbe2d9c8f4cf5fae64668","name":"\u00cd\u00f1igo Garc\u00eda Odiaga","image":{"@type":"ImageObject","inLanguage":"es","@id":"https:\/\/veredes.es\/blog\/wp-content\/uploads\/2018\/04\/\u00cd\u00f1igo-Garc\u00eda-Odiaga-96x96.jpg","url":"https:\/\/veredes.es\/blog\/wp-content\/uploads\/2018\/04\/\u00cd\u00f1igo-Garc\u00eda-Odiaga-96x96.jpg","contentUrl":"https:\/\/veredes.es\/blog\/wp-content\/uploads\/2018\/04\/\u00cd\u00f1igo-Garc\u00eda-Odiaga-96x96.jpg","caption":"\u00cd\u00f1igo Garc\u00eda Odiaga"},"description":"Doctor Arquitecto y profesor asociado de Proyectos Arquitect\u00f3nicos, ETSASS. Editor de NOMU. 1\/5 del estudio de arquitectura VAUMM. Vivo en Donosti.","sameAs":["http:\/\/vaumm.com\/","https:\/\/www.facebook.com\/inigo.garciaodiaga","https:\/\/www.instagram.com\/okamika\/","https:\/\/x.com\/https:\/\/twitter.com\/IOdiaga"],"url":"https:\/\/veredes.es\/blog\/author\/inigog\/"}]}},"_links":{"self":[{"href":"https:\/\/veredes.es\/blog\/wp-json\/wp\/v2\/posts\/89744","targetHints":{"allow":["GET"]}}],"collection":[{"href":"https:\/\/veredes.es\/blog\/wp-json\/wp\/v2\/posts"}],"about":[{"href":"https:\/\/veredes.es\/blog\/wp-json\/wp\/v2\/types\/post"}],"author":[{"embeddable":true,"href":"https:\/\/veredes.es\/blog\/wp-json\/wp\/v2\/users\/31"}],"replies":[{"embeddable":true,"href":"https:\/\/veredes.es\/blog\/wp-json\/wp\/v2\/comments?post=89744"}],"version-history":[{"count":0,"href":"https:\/\/veredes.es\/blog\/wp-json\/wp\/v2\/posts\/89744\/revisions"}],"wp:featuredmedia":[{"embeddable":true,"href":"https:\/\/veredes.es\/blog\/wp-json\/wp\/v2\/media\/89763"}],"wp:attachment":[{"href":"https:\/\/veredes.es\/blog\/wp-json\/wp\/v2\/media?parent=89744"}],"wp:term":[{"taxonomy":"category","embeddable":true,"href":"https:\/\/veredes.es\/blog\/wp-json\/wp\/v2\/categories?post=89744"},{"taxonomy":"post_tag","embeddable":true,"href":"https:\/\/veredes.es\/blog\/wp-json\/wp\/v2\/tags?post=89744"}],"curies":[{"name":"wp","href":"https:\/\/api.w.org\/{rel}","templated":true}]}}