{"id":89628,"date":"2022-06-10T00:01:19","date_gmt":"2022-06-09T22:01:19","guid":{"rendered":"https:\/\/veredes.es\/blog\/?p=89628"},"modified":"2023-04-14T14:28:54","modified_gmt":"2023-04-14T12:28:54","slug":"estrategias-proyectuales-de-minima-intervencion-recurrentes-en-la-obra-de-lacatonvassal-luis-alberto-monge-calvo","status":"publish","type":"post","link":"https:\/\/veredes.es\/blog\/estrategias-proyectuales-de-minima-intervencion-recurrentes-en-la-obra-de-lacatonvassal-luis-alberto-monge-calvo\/","title":{"rendered":"Estrategias proyectuales de m\u00ednima intervenci\u00f3n recurrentes en la obra de Lacaton&#038;Vassal | Luis Alberto Monge Calvo"},"content":{"rendered":"<h5 class=\"western\" style=\"text-align: justify;\" align=\"JUSTIFY\"><strong><span style=\"color: #00000a;\"><span style=\"font-family: Franklin Gothic Book, serif;\">Identificaci\u00f3n del m\u00e9todo del \u201cinvernadero\u201d utilizado en la propuesta del FRAC. <\/span><\/span><\/strong><strong><span style=\"color: #00000a;\"><span style=\"font-family: Franklin Gothic Book, serif;\">Estrategias proyectuales de m\u00ednima intervenci\u00f3n recurrentes en la obra de Lacaton&amp;Vassal.<\/span><\/span><\/strong><\/h5>\n<h6 style=\"text-align: justify;\"><strong>El contexto<\/strong><\/h6>\n<p style=\"text-align: justify;\">La propuesta para el <a href=\"https:\/\/www.plataformaarquitectura.cl\/cl\/02-337075\/frac-dunkerque-lacaton-and-vassal\" target=\"_blank\" rel=\"noopener\"><strong>Fond R\u00e9gional D\u2019Art Contemporain (FRAC)<\/strong> <\/a>en Nord-Pas de Calais (Dunkerque 2009-2013) fue producto de un concurso en el que <strong><a href=\"https:\/\/veredes.es\/blog\/tag\/lacatonvassal\/\" target=\"_blank\" rel=\"noopener\">Lacaton &amp; Vassal<\/a><\/strong> obtuvieron el primer lugar. La ubicaci\u00f3n seleccionada fue la antigua guarder\u00eda n\u00e1utica Halle AP2 en Dunkerque, un objeto singular y con mucho potencial simb\u00f3lico, al que los arquitectos quisieron mantener y valorizar, por lo tanto, la conservaci\u00f3n de la nave en su integridad se transform\u00f3 en la idea generadora del proyecto.<\/p>\n<p style=\"text-align: justify;\">La propuesta del d\u00fao franc\u00e9s fue simplemente una nueva estructura adosada que duplica la nave existente, imitando la forma y la escala del elemento preexistente. Es como una fotocopia del edificio original, igual, pero con menos definici\u00f3n o en este caso menos densidad material. Tal vez por eso da la sensaci\u00f3n de no competir o quitarle protagonismo al edificio original. Sin embargo, la nueva estructura contiene en su totalidad al programa del FRAC, as\u00ed que la Nave AP2 m\u00e1s bien queda como un espacio disponible, que permite enriquecer las posibilidades program\u00e1ticas del nuevo conjunto.<\/p>\n<figure id=\"attachment_89634\" aria-describedby=\"caption-attachment-89634\" style=\"width: 1400px\" class=\"wp-caption alignnone\"><img loading=\"lazy\" decoding=\"async\" class=\"wp-image-89634 size-full\" title=\"Propuesta del concurso para el FRAC. Im\u00e1genes propiedad de Lacaton &amp;Vassal\" src=\"https:\/\/veredes.es\/blog\/wp-content\/uploads\/2022\/06\/Estrategias-proyectuales-de-minima-intervencion-recurrentes-en-la-obra-de-LacatonVassal-Luis-Alberto-Monge-Calvo-Propuesta-del-concurso-para-el-FRAC.-Imagenes-propiedad-de-Lacaton-Vassal.jpg\" alt=\"Propuesta del concurso para el FRAC. Im\u00e1genes propiedad de Lacaton &amp;Vassal\" width=\"1400\" height=\"485\" srcset=\"https:\/\/veredes.es\/blog\/wp-content\/uploads\/2022\/06\/Estrategias-proyectuales-de-minima-intervencion-recurrentes-en-la-obra-de-LacatonVassal-Luis-Alberto-Monge-Calvo-Propuesta-del-concurso-para-el-FRAC.-Imagenes-propiedad-de-Lacaton-Vassal.jpg 1400w, https:\/\/veredes.es\/blog\/wp-content\/uploads\/2022\/06\/Estrategias-proyectuales-de-minima-intervencion-recurrentes-en-la-obra-de-LacatonVassal-Luis-Alberto-Monge-Calvo-Propuesta-del-concurso-para-el-FRAC.-Imagenes-propiedad-de-Lacaton-Vassal-300x104.jpg 300w, https:\/\/veredes.es\/blog\/wp-content\/uploads\/2022\/06\/Estrategias-proyectuales-de-minima-intervencion-recurrentes-en-la-obra-de-LacatonVassal-Luis-Alberto-Monge-Calvo-Propuesta-del-concurso-para-el-FRAC.-Imagenes-propiedad-de-Lacaton-Vassal-1024x355.jpg 1024w, https:\/\/veredes.es\/blog\/wp-content\/uploads\/2022\/06\/Estrategias-proyectuales-de-minima-intervencion-recurrentes-en-la-obra-de-LacatonVassal-Luis-Alberto-Monge-Calvo-Propuesta-del-concurso-para-el-FRAC.-Imagenes-propiedad-de-Lacaton-Vassal-696x241.jpg 696w, https:\/\/veredes.es\/blog\/wp-content\/uploads\/2022\/06\/Estrategias-proyectuales-de-minima-intervencion-recurrentes-en-la-obra-de-LacatonVassal-Luis-Alberto-Monge-Calvo-Propuesta-del-concurso-para-el-FRAC.-Imagenes-propiedad-de-Lacaton-Vassal-1068x370.jpg 1068w\" sizes=\"auto, (max-width: 1400px) 100vw, 1400px\" \/><figcaption id=\"caption-attachment-89634\" class=\"wp-caption-text\"><span style=\"color: #999999;\">Propuesta del concurso para el FRAC | Fuente: Propiedad de Lacaton&amp;Vassal<\/span><\/figcaption><\/figure>\n<p style=\"text-align: justify;\">As\u00ed como \u00e9sta, las estrategias de <a href=\"https:\/\/veredes.es\/blog\/urbanismo-lento-inigo-garcia-odiaga\/\" target=\"_blank\" rel=\"noopener\">m\u00ednima intervenci\u00f3n<\/a> son f\u00e1ciles de identificar en el recorrido profesional del estudio formado en Par\u00eds en 1989, por los arquitectos Anne Lacaton (1955) y Jean-Philippe Vassal (1954).<\/p>\n<blockquote>\n<p style=\"text-align: justify;\"><em>\u201cPara nosotros est\u00e1 claro que usando lo que ya existe puedes hacer m\u00e1s con menos\u201d.<\/em><\/p>\n<p style=\"text-align: justify;\"><em>(D\u00edaz Moreno y Garc\u00eda Grinda 2021, 14)<\/em><\/p>\n<\/blockquote>\n<h6 style=\"text-align: justify;\"><strong>Intervenci\u00f3n con m\u00ednimos elementos<\/strong><\/h6>\n<p style=\"text-align: justify;\">A este respecto cabe destacar un hito relevante en los primeros a\u00f1os de ejercicio profesional de Vassal y es el viaje laboral a Niger a mediados de los a\u00f1os ochenta (Jean Philippe Vassal al terminar la carrera y como alternativa al servicio militar en Francia realiza un viaje a Niger a trabajar en planificaci\u00f3n urbana, inicialmente estar\u00eda un a\u00f1o, pero se qued\u00f3 cinco a\u00f1os, aunque Anne Lacaton no estuvo involucrada en el trabajo viajaba a menudo de visita. Vassal de ni\u00f1o tambi\u00e9n vivi\u00f3 en Marruecos), all\u00ed inici\u00f3 la documentaci\u00f3n de una serie de construcciones precarias, baratas, pero funcionales, que adem\u00e1s se les pod\u00eda dar cualquier uso y ubicar en cualquier lugar.<\/p>\n<p style=\"text-align: justify;\">Posteriormente ellos asociaron este tipo de construcciones ligeras con los invernaderos que Vassal hab\u00eda estudiado en su tesis sobre las zonas de amortiguamiento en Burdeos, en la cual utiliz\u00f3 estructuras livianas tipo invernadero para el \u00e1rea intermedia entre lo p\u00fablico y lo privado.<\/p>\n<figure id=\"attachment_89635\" aria-describedby=\"caption-attachment-89635\" style=\"width: 1400px\" class=\"wp-caption alignnone\"><img loading=\"lazy\" decoding=\"async\" class=\"wp-image-89635 size-full\" title=\"Estrategias proyectuales de m\u00ednima intervenci\u00f3n recurrentes en la obra de Lacaton&amp;Vassal Luis Alberto Monge Calvo Algunas fotograf\u00edas de las construcciones ef\u00edmeras en Niger (1984), propiedad de Lacaton &amp; Vassal\" src=\"https:\/\/veredes.es\/blog\/wp-content\/uploads\/2022\/06\/Estrategias-proyectuales-de-minima-intervencion-recurrentes-en-la-obra-de-LacatonVassal-Luis-Alberto-Monge-Calvo-Algunas-fotografias-de-las-construcciones-efimeras-en-Niger-1984.jpg\" alt=\"Estrategias proyectuales de m\u00ednima intervenci\u00f3n recurrentes en la obra de Lacaton&amp;Vassal Luis Alberto Monge Calvo Algunas fotograf\u00edas de las construcciones ef\u00edmeras en Niger (1984), propiedad de Lacaton &amp; Va\" width=\"1400\" height=\"290\" srcset=\"https:\/\/veredes.es\/blog\/wp-content\/uploads\/2022\/06\/Estrategias-proyectuales-de-minima-intervencion-recurrentes-en-la-obra-de-LacatonVassal-Luis-Alberto-Monge-Calvo-Algunas-fotografias-de-las-construcciones-efimeras-en-Niger-1984.jpg 1400w, https:\/\/veredes.es\/blog\/wp-content\/uploads\/2022\/06\/Estrategias-proyectuales-de-minima-intervencion-recurrentes-en-la-obra-de-LacatonVassal-Luis-Alberto-Monge-Calvo-Algunas-fotografias-de-las-construcciones-efimeras-en-Niger-1984-300x62.jpg 300w, https:\/\/veredes.es\/blog\/wp-content\/uploads\/2022\/06\/Estrategias-proyectuales-de-minima-intervencion-recurrentes-en-la-obra-de-LacatonVassal-Luis-Alberto-Monge-Calvo-Algunas-fotografias-de-las-construcciones-efimeras-en-Niger-1984-1024x212.jpg 1024w, https:\/\/veredes.es\/blog\/wp-content\/uploads\/2022\/06\/Estrategias-proyectuales-de-minima-intervencion-recurrentes-en-la-obra-de-LacatonVassal-Luis-Alberto-Monge-Calvo-Algunas-fotografias-de-las-construcciones-efimeras-en-Niger-1984-696x144.jpg 696w, https:\/\/veredes.es\/blog\/wp-content\/uploads\/2022\/06\/Estrategias-proyectuales-de-minima-intervencion-recurrentes-en-la-obra-de-LacatonVassal-Luis-Alberto-Monge-Calvo-Algunas-fotografias-de-las-construcciones-efimeras-en-Niger-1984-1068x221.jpg 1068w\" sizes=\"auto, (max-width: 1400px) 100vw, 1400px\" \/><figcaption id=\"caption-attachment-89635\" class=\"wp-caption-text\"><span style=\"color: #999999;\">Algunas fotograf\u00edas de las construcciones ef\u00edmeras en Niger (1984) | Fuente: Propiedad de Lacaton&amp;Vassal.<\/span><\/figcaption><\/figure>\n<blockquote>\n<p style=\"text-align: justify;\"><em>\u201cFue interesante ver c\u00f3mo la gente pod\u00eda definir espacio sin casi materialidad, empleando para ello simplemente pocas cosas, estableciendo una relaci\u00f3n cambiante y abierta con el lugar: pod\u00eda estar un tiempo en un sitio y luego moverse a otro porque la arena, la brisa o la sombra hubiesen cambiado. O ver c\u00f3mo creaban espacio, no necesariamente con paredes, sino con pocos materiales y a partir de su actitud e interacci\u00f3n con los dem\u00e1s\u201d.<\/em><\/p>\n<p style=\"text-align: justify;\">Anne Lacaton (D\u00edaz Moreno y Garc\u00eda Grinda 2021, 10)<\/p>\n<\/blockquote>\n<h6><strong>Casa Latapie<\/strong><\/h6>\n<p style=\"text-align: justify;\">Posteriormente la primera referencia del uso de lo que podr\u00eda llamarse como: \u201cel m\u00e9todo del invernadero\u201d se encuentra en la <a href=\"https:\/\/tectonica.archi\/projects\/casa-latapie\/\" target=\"_blank\" rel=\"noopener\"><strong>Casa Latapie<\/strong><\/a> (Floirac-Burdeos 1991-1993), en ella aparece la primera adici\u00f3n de un invernadero con un proyecto, es as\u00ed como, con este simple, pero potente ejercicio se puede expandir el espacio de la casa y a la vez liberarlo por medio de la m\u00ednima intervenci\u00f3n posible.<\/p>\n<p style=\"text-align: justify;\">El caso de la casa Latapie constituye un claro ejemplo de esta relaci\u00f3n \u00edntima entre estructura m\u00ednima, disponibilidad espacial, ambientes y climas que proponen sus arquitectos. La comunicaci\u00f3n entre el interior y el exterior es total, pues el borde entre ambos elementos es un l\u00edmite abierto y sumamente poroso, como lo puede ser una relaci\u00f3n de intercambio y de paso, que es ante todo un gran invernadero abierto.<\/p>\n<h6><strong>Casa en Coutras y la Casa en Kerema<\/strong><\/h6>\n<p style=\"text-align: justify;\">Hay otras dos casas a destacar bajo esta tem\u00e1tica: la<strong> <a href=\"https:\/\/www.lacatonvassal.com\/index.php?idp=16\" target=\"_blank\" rel=\"noopener\">Casa en Coutras<\/a> <\/strong>(Gironde 2000) supone la segunda casa de bajo costo usando el principio del invernadero, y la <strong><a href=\"https:\/\/proyectos4etsa.wordpress.com\/2011\/10\/31\/casa-en-keremma-lacaton-vassal-treflez-francia-2006\/\" target=\"_blank\" rel=\"noopener\">Casa en Kerema<\/a><\/strong> (Tr\u00e9flez 2003-2005) compuesta por tres vol\u00famenes del mismo tama\u00f1o, superficie, forma y altura, aunque diferente posici\u00f3n y materialidad, por lo que cada uno tiene una relaci\u00f3n diferente entre el exterior y el interior, y son literalmente m\u00e1s o menos invernaderos y m\u00e1s o menos casa, todo seg\u00fan se acent\u00faa su situaci\u00f3n material.<\/p>\n<h6><strong>23 viviendas de Trignac<\/strong><\/h6>\n<p style=\"text-align: justify;\">En otra escala la estrategia del invernadero la aplicaron tambi\u00e9n en la <strong><a href=\"https:\/\/nomada.uy\/guide\/view\/attractions\/1897#:~:text=%22La%20%E2%80%9CCit%C3%A9%20Manifeste%E2%80%9D%20es,de%20calidad%20a%20bajo%20coste.\" target=\"_blank\" rel=\"noopener\">Ciudad manifiesto en Mulhouse<\/a> <\/strong>(2002-2005), esto les permiti\u00f3 hacer apartamentos m\u00e1s espaciosos y de bajo coste, porque literalmente se mont\u00f3 un invernadero sobre la estructura de concreto.<\/p>\n<blockquote>\n<p style=\"text-align: justify;\"><em>\u201cLa primera cuesti\u00f3n en Mulhouse fue producir plantas o nuevos suelos, porque generar suelos artificiales es m\u00e1s interesante que producir vol\u00famenes\u201d. <\/em><\/p>\n<p style=\"text-align: justify;\">Jean Philippe Vassal (D\u00edaz Moreno y Garc\u00eda Grinda 2021, 12)<\/p>\n<\/blockquote>\n<p style=\"text-align: justify;\">Finalmente, en paralelo con el dise\u00f1o del FRAC la estrategia se us\u00f3 tambi\u00e9n en la obra: de <strong><a href=\"https:\/\/www.plataformaarquitectura.cl\/cl\/958485\/23-unidades-de-vivienda-semi-colectivas-lacaton-and-vassal\" target=\"_blank\" rel=\"noopener\">23 viviendas de Trignac<\/a><\/strong> (St. Nazaire 2010), as\u00ed se obtuvieron viviendas de gran calidad y de bajo costo con la creaci\u00f3n de una estructura y una envolvente sencillas, econ\u00f3micas y efectivas, basadas en los principios del invernadero tradicional.<\/p>\n<figure id=\"attachment_89636\" aria-describedby=\"caption-attachment-89636\" style=\"width: 1400px\" class=\"wp-caption alignnone\"><img loading=\"lazy\" decoding=\"async\" class=\"wp-image-89636 size-full\" title=\"Estrategias proyectuales de m\u00ednima intervenci\u00f3n recurrentes en la obra de Lacaton&amp;Vassal Luis Alberto Monge Calvo comparativa entre las diferentes obras desarrolladas por el m\u00e9todo del Invernadero\" src=\"https:\/\/veredes.es\/blog\/wp-content\/uploads\/2022\/06\/Estrategias-proyectuales-de-minima-intervencion-recurrentes-en-la-obra-de-LacatonVassal-Luis-Alberto-Monge-Calvo-comparativa-entre-las-diferentes-obras-desarrolladas-por-el-metodo-del-Invernadero.jpg\" alt=\"Estrategias proyectuales de m\u00ednima intervenci\u00f3n recurrentes en la obra de Lacaton&amp;Vassal Luis Alberto Monge Calvo comparativa entre las diferentes obras desarrolladas por el m\u00e9todo del Invernadero\" width=\"1400\" height=\"874\" srcset=\"https:\/\/veredes.es\/blog\/wp-content\/uploads\/2022\/06\/Estrategias-proyectuales-de-minima-intervencion-recurrentes-en-la-obra-de-LacatonVassal-Luis-Alberto-Monge-Calvo-comparativa-entre-las-diferentes-obras-desarrolladas-por-el-metodo-del-Invernadero.jpg 1400w, https:\/\/veredes.es\/blog\/wp-content\/uploads\/2022\/06\/Estrategias-proyectuales-de-minima-intervencion-recurrentes-en-la-obra-de-LacatonVassal-Luis-Alberto-Monge-Calvo-comparativa-entre-las-diferentes-obras-desarrolladas-por-el-metodo-del-Invernadero-300x187.jpg 300w, https:\/\/veredes.es\/blog\/wp-content\/uploads\/2022\/06\/Estrategias-proyectuales-de-minima-intervencion-recurrentes-en-la-obra-de-LacatonVassal-Luis-Alberto-Monge-Calvo-comparativa-entre-las-diferentes-obras-desarrolladas-por-el-metodo-del-Invernadero-1024x639.jpg 1024w, https:\/\/veredes.es\/blog\/wp-content\/uploads\/2022\/06\/Estrategias-proyectuales-de-minima-intervencion-recurrentes-en-la-obra-de-LacatonVassal-Luis-Alberto-Monge-Calvo-comparativa-entre-las-diferentes-obras-desarrolladas-por-el-metodo-del-Invernadero-696x435.jpg 696w, https:\/\/veredes.es\/blog\/wp-content\/uploads\/2022\/06\/Estrategias-proyectuales-de-minima-intervencion-recurrentes-en-la-obra-de-LacatonVassal-Luis-Alberto-Monge-Calvo-comparativa-entre-las-diferentes-obras-desarrolladas-por-el-metodo-del-Invernadero-1068x667.jpg 1068w\" sizes=\"auto, (max-width: 1400px) 100vw, 1400px\" \/><figcaption id=\"caption-attachment-89636\" class=\"wp-caption-text\"><span style=\"color: #999999;\">Comparativa entre las diferentes obras desarrolladas por el m\u00e9todo del Invernadero | Fuente: elaboraci\u00f3n propia.<\/span><\/figcaption><\/figure>\n<h5 style=\"text-align: justify;\"><strong>El m\u00e9todo del invernadero aplicado en el FRAC<\/strong><\/h5>\n<p style=\"text-align: justify;\">Seg\u00fan se puede entender hasta la fecha, Lacaton &amp; Vassal desarrollan para el FRAC una estrategia proyectual repetitiva y, por lo tanto, bien asimilada por ellos, que parece tener tres operativas principales: El agrandar por adici\u00f3n, la transparencia para invertir el espacio interior y la estructura completamente independiente del programa existe adem\u00e1s un referente proyectual que es claramente el invernadero industrial como s\u00edntesis de una gran envolvente translucida, eficiente, liviana, flexible, simple y econ\u00f3mica, por eso se decidi\u00f3 llamar a esta estrategia como: el m\u00e9todo del invernadero.<\/p>\n<h6 style=\"text-align: justify;\"><strong>1. Estrategias proyectuales Lacaton&amp;Vassal. AGRANDAR POR ADICI\u00d3N<\/strong><\/h6>\n<p style=\"text-align: justify;\">Ser\u00eda el m\u00e9todo de agregar por superposici\u00f3n objetos nuevos a los existentes, donde se reproduce el mismo fen\u00f3meno que ya se hab\u00eda desarrollado en otros proyectos, pero esta vez en otra escala. Esta superposici\u00f3n trae consigo nuevas intenciones, pero sin imponerse al sistema original existente en el lugar, es m\u00e1s como una continuaci\u00f3n que se integra con delicadeza, para que nazca un tercer lugar que es producto de la sumatoria del original y del agregado.<\/p>\n<figure id=\"attachment_89637\" aria-describedby=\"caption-attachment-89637\" style=\"width: 1400px\" class=\"wp-caption alignnone\"><img loading=\"lazy\" decoding=\"async\" class=\"wp-image-89637 size-full\" title=\"Estrategias proyectuales de m\u00ednima intervenci\u00f3n recurrentes en la obra de Lacaton&amp;Vassal Luis Alberto Monge Calvo fotomontaje propio de la propuesta de dise\u00f1o por adici\u00f3n\" src=\"https:\/\/veredes.es\/blog\/wp-content\/uploads\/2022\/06\/Estrategias-proyectuales-de-minima-intervencion-recurrentes-en-la-obra-de-LacatonVassal-Luis-Alberto-Monge-Calvo-fotomontaje-propio-de-la-propuesta-de-diseno-por-adicion.jpg\" alt=\"Estrategias proyectuales de m\u00ednima intervenci\u00f3n recurrentes en la obra de Lacaton&amp;Vassal Luis Alberto Monge Calvo fotomontaje propio de la propuesta de dise\u00f1o por adici\u00f3n\" width=\"1400\" height=\"599\" srcset=\"https:\/\/veredes.es\/blog\/wp-content\/uploads\/2022\/06\/Estrategias-proyectuales-de-minima-intervencion-recurrentes-en-la-obra-de-LacatonVassal-Luis-Alberto-Monge-Calvo-fotomontaje-propio-de-la-propuesta-de-diseno-por-adicion.jpg 1400w, https:\/\/veredes.es\/blog\/wp-content\/uploads\/2022\/06\/Estrategias-proyectuales-de-minima-intervencion-recurrentes-en-la-obra-de-LacatonVassal-Luis-Alberto-Monge-Calvo-fotomontaje-propio-de-la-propuesta-de-diseno-por-adicion-300x128.jpg 300w, https:\/\/veredes.es\/blog\/wp-content\/uploads\/2022\/06\/Estrategias-proyectuales-de-minima-intervencion-recurrentes-en-la-obra-de-LacatonVassal-Luis-Alberto-Monge-Calvo-fotomontaje-propio-de-la-propuesta-de-diseno-por-adicion-1024x438.jpg 1024w, https:\/\/veredes.es\/blog\/wp-content\/uploads\/2022\/06\/Estrategias-proyectuales-de-minima-intervencion-recurrentes-en-la-obra-de-LacatonVassal-Luis-Alberto-Monge-Calvo-fotomontaje-propio-de-la-propuesta-de-diseno-por-adicion-696x298.jpg 696w, https:\/\/veredes.es\/blog\/wp-content\/uploads\/2022\/06\/Estrategias-proyectuales-de-minima-intervencion-recurrentes-en-la-obra-de-LacatonVassal-Luis-Alberto-Monge-Calvo-fotomontaje-propio-de-la-propuesta-de-diseno-por-adicion-1068x457.jpg 1068w\" sizes=\"auto, (max-width: 1400px) 100vw, 1400px\" \/><figcaption id=\"caption-attachment-89637\" class=\"wp-caption-text\"><span style=\"color: #999999;\">Fotomontaje propio de la propuesta de dise\u00f1o por adici\u00f3n | Fuente: Elaboraci\u00f3n propia.<\/span><\/figcaption><\/figure>\n<p style=\"text-align: justify;\">Aqu\u00ed la consigna parece ser construir el m\u00e1ximo de metros c\u00fabicos con el m\u00ednimo de material posible, lo que signific\u00f3 construir el doble de \u00e1rea, pero con el mismo presupuesto, adem\u00e1s este aumento de \u00e1rea no va ligado a un programa, se abre m\u00e1s bien a cualquier uso posible, pero incide en la manera de habitar los espacios, liberando la construcci\u00f3n de un programa espec\u00edfico.<\/p>\n<blockquote>\n<p style=\"text-align: justify;\"><em>\u201cQueremos construir grande para que suceda \u201calgo\u201d, para favorecer las relaciones dentro de los espacios, para permitir situaciones placenteras\u201d.<\/em><\/p>\n<p style=\"text-align: justify;\">(Lacaton y Vassal , Por Escrito 2017)\u201d<\/p>\n<\/blockquote>\n<h6 style=\"text-align: justify;\"><strong>2. Estrategias proyectuales Lacaton&amp;Vassal. LA TRANSPARENCIA PARA INVERTIR EL ESPACIO<\/strong><\/h6>\n<p style=\"text-align: justify;\">La transparencia de la piel les funciona para eliminar la diferencia entre el interior y el exterior, lo que permite destacar a\u00fan m\u00e1s el contraste entre la uniformidad y simpleza de la envolvente y la diversidad de su espacio interior contenido. La falta de materialidad de la caja trasparente hace visible el \u201creverso del espacio\u201d, pues invierte el espacio le da vuelta, as\u00ed que el interior es visible desde el exterior, y el exterior es tambi\u00e9n parte del interior.<\/p>\n<figure id=\"attachment_89638\" aria-describedby=\"caption-attachment-89638\" style=\"width: 1400px\" class=\"wp-caption alignnone\"><img loading=\"lazy\" decoding=\"async\" class=\"wp-image-89638 size-full\" title=\"Estrategias proyectuales de m\u00ednima intervenci\u00f3n recurrentes en la obra de Lacaton&amp;Vassal Luis Alberto Monge Calvo Fotograf\u00eda del interior de la terraza exterior del FRAC. Propiedad de Lacaton &amp; Vassal\" src=\"https:\/\/veredes.es\/blog\/wp-content\/uploads\/2022\/06\/Estrategias-proyectuales-de-minima-intervencion-recurrentes-en-la-obra-de-LacatonVassal-Luis-Alberto-Monge-Calvo-Fotografia-del-interior-de-la-terraza-exterior-del-FRAC.-Propiedad-de-Lacaton-Vassal.jpg\" alt=\"Estrategias proyectuales de m\u00ednima intervenci\u00f3n recurrentes en la obra de Lacaton&amp;Vassal Luis Alberto Monge Calvo Fotograf\u00eda del interior de la terraza exterior del FRAC. Propiedad de Lacaton &amp; Vassal\" width=\"1400\" height=\"891\" srcset=\"https:\/\/veredes.es\/blog\/wp-content\/uploads\/2022\/06\/Estrategias-proyectuales-de-minima-intervencion-recurrentes-en-la-obra-de-LacatonVassal-Luis-Alberto-Monge-Calvo-Fotografia-del-interior-de-la-terraza-exterior-del-FRAC.-Propiedad-de-Lacaton-Vassal.jpg 1400w, https:\/\/veredes.es\/blog\/wp-content\/uploads\/2022\/06\/Estrategias-proyectuales-de-minima-intervencion-recurrentes-en-la-obra-de-LacatonVassal-Luis-Alberto-Monge-Calvo-Fotografia-del-interior-de-la-terraza-exterior-del-FRAC.-Propiedad-de-Lacaton-Vassal-300x191.jpg 300w, https:\/\/veredes.es\/blog\/wp-content\/uploads\/2022\/06\/Estrategias-proyectuales-de-minima-intervencion-recurrentes-en-la-obra-de-LacatonVassal-Luis-Alberto-Monge-Calvo-Fotografia-del-interior-de-la-terraza-exterior-del-FRAC.-Propiedad-de-Lacaton-Vassal-1024x652.jpg 1024w, https:\/\/veredes.es\/blog\/wp-content\/uploads\/2022\/06\/Estrategias-proyectuales-de-minima-intervencion-recurrentes-en-la-obra-de-LacatonVassal-Luis-Alberto-Monge-Calvo-Fotografia-del-interior-de-la-terraza-exterior-del-FRAC.-Propiedad-de-Lacaton-Vassal-696x443.jpg 696w, https:\/\/veredes.es\/blog\/wp-content\/uploads\/2022\/06\/Estrategias-proyectuales-de-minima-intervencion-recurrentes-en-la-obra-de-LacatonVassal-Luis-Alberto-Monge-Calvo-Fotografia-del-interior-de-la-terraza-exterior-del-FRAC.-Propiedad-de-Lacaton-Vassal-1068x680.jpg 1068w\" sizes=\"auto, (max-width: 1400px) 100vw, 1400px\" \/><figcaption id=\"caption-attachment-89638\" class=\"wp-caption-text\"><span style=\"color: #999999;\">Fotograf\u00eda del interior de la terraza exterior del FRAC | Fuente: Propiedad de Lacaton&amp;Vassal.<\/span><\/figcaption><\/figure>\n<h6 style=\"text-align: justify;\"><strong>3. Estrategias proyectuales Lacaton&amp;Vassal. LA ESTRUCTURA INDEPENDIENTE DEL PROGRAMA<\/strong><\/h6>\n<p style=\"text-align: justify;\">En la obra de Lacaton &amp; Vassal la estructura de invernadero siempre es abierta, libre, muy amplia y principalmente independiente de lo que contiene, para posibilitar como ellos dicen:<\/p>\n<blockquote>\n<p style=\"text-align: justify;\"><em>\u201cla invenci\u00f3n de nuevas relaciones con el clima, el entorno y la actividad, que produzca las condiciones de movilidad y de lo l\u00fadico\u201d.<\/em><\/p>\n<p style=\"text-align: justify;\">(Lacaton y Vassal, La libertad estructural, condici\u00f3n del milagro 2017, 73).<\/p>\n<\/blockquote>\n<p style=\"text-align: justify;\">Esta flexibilidad proviene de la utilizaci\u00f3n de sistemas constructivos ligeros y de su independencia del programa funcional. Para ellos:<\/p>\n<blockquote>\n<p style=\"text-align: justify;\"><em>\u201cEsa voluntad de desconexi\u00f3n entre la estructura y el programa es, a nuestro entender, la condici\u00f3n necesaria para el desbloqueo que es indispensable en la reinvenci\u00f3n de lo cotidiano\u201d.<\/em><\/p>\n<p style=\"text-align: justify;\">(Lacaton y Vassal, La libertad estructural, condici\u00f3n del milagro 2017, 83)<\/p>\n<\/blockquote>\n<p><strong>4. Estrategias proyectuales Lacaton&amp;Vassal. EL INVERNADERO COMO REFERENTE<\/strong><\/p>\n<p style=\"text-align: justify;\">Todas las diferentes operativas identificadas: la superposici\u00f3n, la transparencia y la estructura liviana e independiente del contenido est\u00e1n indudablemente relacionadas con el referente proyectual del Invernadero industrial y los antiguos jardines bot\u00e1nicos cubiertos.<\/p>\n<p style=\"text-align: justify;\">Todas las obras mencionadas en este texto parecen poner de manifiesto, que las e<strong>strategias proyectuales de Lacaton&amp;Vassal,<\/strong> que disfrutan habitando dentro de la caja de invernadero que las envuelve y a la vez les permite diversificarse.<\/p>\n<figure id=\"attachment_89639\" aria-describedby=\"caption-attachment-89639\" style=\"width: 1400px\" class=\"wp-caption alignnone\"><img loading=\"lazy\" decoding=\"async\" class=\"wp-image-89639 size-full\" title=\"M\u00ednima intervenci\u00f3n recurrentes en la obra de Lacaton&amp;Vassal Luis Alberto Monge Calvo Secci\u00f3n en detalle del proyecto \" src=\"https:\/\/veredes.es\/blog\/wp-content\/uploads\/2022\/06\/Estrategias-proyectuales-de-minima-intervencion-recurrentes-en-la-obra-de-LacatonVassal-Luis-Alberto-Monge-Calvo-Seccion-en-detalle-del-proyecto-FRAC.jpg\" alt=\"M\u00ednima intervenci\u00f3n recurrentes en la obra de Lacaton&amp;Vassal Luis Alberto Monge Calvo Secci\u00f3n en detalle del proyecto \" width=\"1400\" height=\"1007\" srcset=\"https:\/\/veredes.es\/blog\/wp-content\/uploads\/2022\/06\/Estrategias-proyectuales-de-minima-intervencion-recurrentes-en-la-obra-de-LacatonVassal-Luis-Alberto-Monge-Calvo-Seccion-en-detalle-del-proyecto-FRAC.jpg 1400w, https:\/\/veredes.es\/blog\/wp-content\/uploads\/2022\/06\/Estrategias-proyectuales-de-minima-intervencion-recurrentes-en-la-obra-de-LacatonVassal-Luis-Alberto-Monge-Calvo-Seccion-en-detalle-del-proyecto-FRAC-300x216.jpg 300w, https:\/\/veredes.es\/blog\/wp-content\/uploads\/2022\/06\/Estrategias-proyectuales-de-minima-intervencion-recurrentes-en-la-obra-de-LacatonVassal-Luis-Alberto-Monge-Calvo-Seccion-en-detalle-del-proyecto-FRAC-1024x737.jpg 1024w, https:\/\/veredes.es\/blog\/wp-content\/uploads\/2022\/06\/Estrategias-proyectuales-de-minima-intervencion-recurrentes-en-la-obra-de-LacatonVassal-Luis-Alberto-Monge-Calvo-Seccion-en-detalle-del-proyecto-FRAC-696x501.jpg 696w, https:\/\/veredes.es\/blog\/wp-content\/uploads\/2022\/06\/Estrategias-proyectuales-de-minima-intervencion-recurrentes-en-la-obra-de-LacatonVassal-Luis-Alberto-Monge-Calvo-Seccion-en-detalle-del-proyecto-FRAC-1068x768.jpg 1068w\" sizes=\"auto, (max-width: 1400px) 100vw, 1400px\" \/><figcaption id=\"caption-attachment-89639\" class=\"wp-caption-text\"><span style=\"color: #999999;\">Secci\u00f3n en detalle del proyecto<\/span><\/figcaption><\/figure>\n<p style=\"text-align: justify;\">Al igual que los invernaderos tradicionales, las obras como el FRAC no est\u00e1n limitadas por sus muros o fachadas, sino que incorporan un espacio extra que es tanto interior como exterior. Una gran pieza que protege y se adapta a cualquier uso o ubicaci\u00f3n, tal como las construcciones ef\u00edmeras vistas en Niger. Un espacio suplementario, que \u00fanicamente con su gran dimensi\u00f3n transforma la naturaleza del espacio inicial y crea algo nuevo. Los invernaderos parecen ideales para Lacaton y Vassal, porque son eficientes, delicados y brindan un m\u00e1ximo de<a href=\"https:\/\/veredes.es\/blog\/margenes-de-arquitectura-01-%c2%b7-reciclaje-urbano\/\" target=\"_blank\" rel=\"noopener\"> espacio construido<\/a> con un m\u00ednimo de materia, conceptos que tal como se ha descrito estos arquitectos franceses aplican muy bien en su obra.<\/p>\n<figure id=\"attachment_89640\" aria-describedby=\"caption-attachment-89640\" style=\"width: 1400px\" class=\"wp-caption alignnone\"><img loading=\"lazy\" decoding=\"async\" class=\"wp-image-89640 size-full\" title=\"Intervenci\u00f3n recurrentes en la obra de Lacaton&amp;Vassal Luis Alberto Monge Calvo Fotomontaje del FRAC, elaboraci\u00f3n propia.\" src=\"https:\/\/veredes.es\/blog\/wp-content\/uploads\/2022\/06\/Estrategias-proyectuales-de-minima-intervencion-recurrentes-en-la-obra-de-LacatonVassal-Luis-Alberto-Monge-Calvo-Fotomontaje-del-FRAC-elaboracion-propia..jpg\" alt=\"Estrategias proyectuales de m\u00ednima intervenci\u00f3n recurrentes en la obra de Lacaton&amp;Vassal Luis Alberto Monge Calvo Fotomontaje del FRAC, elaboraci\u00f3n propia.\" width=\"1400\" height=\"803\" srcset=\"https:\/\/veredes.es\/blog\/wp-content\/uploads\/2022\/06\/Estrategias-proyectuales-de-minima-intervencion-recurrentes-en-la-obra-de-LacatonVassal-Luis-Alberto-Monge-Calvo-Fotomontaje-del-FRAC-elaboracion-propia..jpg 1400w, https:\/\/veredes.es\/blog\/wp-content\/uploads\/2022\/06\/Estrategias-proyectuales-de-minima-intervencion-recurrentes-en-la-obra-de-LacatonVassal-Luis-Alberto-Monge-Calvo-Fotomontaje-del-FRAC-elaboracion-propia.-300x172.jpg 300w, https:\/\/veredes.es\/blog\/wp-content\/uploads\/2022\/06\/Estrategias-proyectuales-de-minima-intervencion-recurrentes-en-la-obra-de-LacatonVassal-Luis-Alberto-Monge-Calvo-Fotomontaje-del-FRAC-elaboracion-propia.-1024x587.jpg 1024w, https:\/\/veredes.es\/blog\/wp-content\/uploads\/2022\/06\/Estrategias-proyectuales-de-minima-intervencion-recurrentes-en-la-obra-de-LacatonVassal-Luis-Alberto-Monge-Calvo-Fotomontaje-del-FRAC-elaboracion-propia.-696x399.jpg 696w, https:\/\/veredes.es\/blog\/wp-content\/uploads\/2022\/06\/Estrategias-proyectuales-de-minima-intervencion-recurrentes-en-la-obra-de-LacatonVassal-Luis-Alberto-Monge-Calvo-Fotomontaje-del-FRAC-elaboracion-propia.-1068x613.jpg 1068w\" sizes=\"auto, (max-width: 1400px) 100vw, 1400px\" \/><figcaption id=\"caption-attachment-89640\" class=\"wp-caption-text\"><span style=\"color: #999999;\">Fotomontaje del FRAC | Fuente: Elaboraci\u00f3n propia.<\/span><\/figcaption><\/figure>\n<h6 style=\"text-align: justify;\"><strong>BIBLIOGRAF\u00cdA<\/strong><\/h6>\n<p style=\"text-align: justify;\">&#8211; Fern\u00e1ndez-Galiano, Luis (2021). <em>Lacaton &amp; Vassal 1991-2021.<\/em> Madrid, Espa\u00f1a: Arquitectura Viva.<br \/>\n&#8211; Fundaci\u00f3n ICO. (2021). <a href=\"https:\/\/veredes.es\/blog\/lacaton-vassal-espacio-libre-transformacion-habiter\/\" target=\"_blank\" rel=\"noopener\">L<em>acaton &amp; Vassal: espacio libre, transformaci\u00f3n y habiter.<\/em><\/a> Barcelona, Espa\u00f1a: Fundaci\u00f3n ICO \/ Puente de editores.<br \/>\n&#8211; El Croquis (Revista Internacional de Arquitectura). Lacaton &amp; Vassal 1993-2017. (2021), (177-178) Revisada y ampliada.<br \/>\n&#8211; Lacaton, Anne y Vassal, Jean Philippe (2017). Lacaton &amp; Vassal Actitud. Barcelona, Espa\u00f1a: Gustavo Gili.<br \/>\n&#8211; A-V Monograf\u00edas: Lacaton &amp; Vassal. Strategies of the Essential. 29 (2014), (170)<br \/>\n&#8211; <a href=\"https:\/\/veredes.es\/blog\/2g-n-60-lacatonvassal-obra-reciente\/\" target=\"_blank\" rel=\"noopener\">2G (Revista Internacional de arquitectura): Lacaton &amp; Vassal, Obra Reciente. (2011), 1 (60).<\/a><\/p>\n<p style=\"text-align: justify;\">TRABAJOS CITADOS<br \/>\n&#8211; D\u00edaz Moreno, Cristina, y Efr\u00e9n Garc\u00eda Grinda. \u00abPlaceres Cotidianos. Una conversaci\u00f3n con Anne Lacaton y Jean Philippe Vassal.\u00bb <em>El Croquis<\/em>, n\u00ba 177-178 (2021): 5-31.<br \/>\n&#8211; Lacaton, Anne, y Jean-Philippe Vassal . \u00abPor Escrito.\u00bb En Actitud, de Anne Lacaton y Jean-Philippe Vassal, 93-98. Barcelona: Gustavo Gili, 2017.<br \/>\n&#8211; Lacaton, Anne, y Jean-Philippe Vassal. \u00abLa libertad estructural, condici\u00f3n del milagro.\u00bb En Actitud, de Anne Lacaton y Jean-Philippe Vassal, 73-91. Barcelona: Gustavo Gili, 2017.<\/p>\n<p>&nbsp;<\/p>\n","protected":false},"excerpt":{"rendered":"<p>Identificaci\u00f3n del m\u00e9todo del \u201cinvernadero\u201d utilizado en la propuesta del FRAC. Estrategias proyectuales de m\u00ednima intervenci\u00f3n recurrentes en la obra de Lacaton&amp;Vassal. El contexto La propuesta para el Fond R\u00e9gional D\u2019Art Contemporain (FRAC) en Nord-Pas de Calais (Dunkerque 2009-2013) fue producto de un concurso en el que Lacaton &amp; Vassal obtuvieron el primer lugar. La [&hellip;]<\/p>\n","protected":false},"author":63,"featured_media":89636,"comment_status":"open","ping_status":"closed","sticky":false,"template":"","format":"standard","meta":{"footnotes":""},"categories":[568,5951],"tags":[2411,7089,6321,530,733,6458,3208,14574,2423,12464,1982],"class_list":{"0":"post-89628","1":"post","2":"type-post","3":"status-publish","4":"format-standard","5":"has-post-thumbnail","7":"category-faro","8":"category-slider-principal","9":"tag-anne-lacaton","10":"tag-arquitectura-francesa","11":"tag-efren-garcia-grinda","12":"tag-estrategias","13":"tag-intervencion","14":"tag-jean-philppe-vassal","15":"tag-lacatonvassal","16":"tag-luis-alberto-monge-calvo","17":"tag-luis-fernandez-galiano","18":"tag-rehabilitacion","19":"tag-renovacion-urbana"},"yoast_head":"<!-- This site is optimized with the Yoast SEO plugin v27.5 - https:\/\/yoast.com\/product\/yoast-seo-wordpress\/ -->\n<title>Estrategias proyectuales de m\u00ednima intervenci\u00f3n recurrentes en la obra de Lacaton&amp;Vassal | Luis Alberto Monge Calvo - veredes<\/title>\n<meta name=\"description\" content=\"Toda la informaci\u00f3n sobre: Estrategias proyectuales de m\u00ednima intervenci\u00f3n recurrentes en la obra de Lacaton&amp;Vassal | Luis Alberto Monge Calvo\" \/>\n<meta name=\"robots\" content=\"index, follow, max-snippet:-1, max-image-preview:large, max-video-preview:-1\" \/>\n<link rel=\"canonical\" href=\"https:\/\/veredes.es\/blog\/estrategias-proyectuales-de-minima-intervencion-recurrentes-en-la-obra-de-lacatonvassal-luis-alberto-monge-calvo\/\" \/>\n<meta property=\"og:locale\" content=\"es_ES\" \/>\n<meta property=\"og:type\" content=\"article\" \/>\n<meta property=\"og:title\" content=\"Estrategias proyectuales de m\u00ednima intervenci\u00f3n recurrentes en la obra de Lacaton&amp;Vassal | Luis Alberto Monge Calvo - veredes\" \/>\n<meta property=\"og:description\" content=\"Toda la informaci\u00f3n sobre: Estrategias proyectuales de m\u00ednima intervenci\u00f3n recurrentes en la obra de Lacaton&amp;Vassal | Luis Alberto Monge Calvo\" \/>\n<meta property=\"og:url\" content=\"https:\/\/veredes.es\/blog\/estrategias-proyectuales-de-minima-intervencion-recurrentes-en-la-obra-de-lacatonvassal-luis-alberto-monge-calvo\/\" \/>\n<meta property=\"og:site_name\" content=\"veredes, arquitectura y divulgaci\u00f3n\" \/>\n<meta property=\"article:publisher\" content=\"https:\/\/www.facebook.com\/veredesArquitecturayDivulgacion\/\" \/>\n<meta property=\"article:author\" content=\"https:\/\/www.facebook.com\/luismongecalvo\" \/>\n<meta property=\"article:published_time\" content=\"2022-06-09T22:01:19+00:00\" \/>\n<meta property=\"article:modified_time\" content=\"2023-04-14T12:28:54+00:00\" \/>\n<meta property=\"og:image\" content=\"https:\/\/veredes.es\/blog\/wp-content\/uploads\/2022\/06\/Estrategias-proyectuales-de-minima-intervencion-recurrentes-en-la-obra-de-LacatonVassal-Luis-Alberto-Monge-Calvo-comparativa-entre-las-diferentes-obras-desarrolladas-por-el-metodo-del-Invernadero.jpg\" \/>\n\t<meta property=\"og:image:width\" content=\"1400\" \/>\n\t<meta property=\"og:image:height\" content=\"874\" \/>\n\t<meta property=\"og:image:type\" content=\"image\/jpeg\" \/>\n<meta name=\"author\" content=\"Luis Alberto Monge Calvo\" \/>\n<meta name=\"twitter:card\" content=\"summary_large_image\" \/>\n<meta name=\"twitter:creator\" content=\"@https:\/\/twitter.com\/monarquicr\" \/>\n<meta name=\"twitter:site\" content=\"@veredes\" \/>\n<meta name=\"twitter:label1\" content=\"Escrito por\" \/>\n\t<meta name=\"twitter:data1\" content=\"Luis Alberto Monge Calvo\" \/>\n\t<meta name=\"twitter:label2\" content=\"Tiempo de lectura\" \/>\n\t<meta name=\"twitter:data2\" content=\"10 minutos\" \/>\n<script type=\"application\/ld+json\" class=\"yoast-schema-graph\">{\"@context\":\"https:\\\/\\\/schema.org\",\"@graph\":[{\"@type\":\"Article\",\"@id\":\"https:\\\/\\\/veredes.es\\\/blog\\\/estrategias-proyectuales-de-minima-intervencion-recurrentes-en-la-obra-de-lacatonvassal-luis-alberto-monge-calvo\\\/#article\",\"isPartOf\":{\"@id\":\"https:\\\/\\\/veredes.es\\\/blog\\\/estrategias-proyectuales-de-minima-intervencion-recurrentes-en-la-obra-de-lacatonvassal-luis-alberto-monge-calvo\\\/\"},\"author\":{\"name\":\"Luis Alberto Monge Calvo\",\"@id\":\"https:\\\/\\\/veredes.es\\\/blog\\\/#\\\/schema\\\/person\\\/1e2b8306c83c643165e9f94b92e4570f\"},\"headline\":\"Estrategias proyectuales de m\u00ednima intervenci\u00f3n recurrentes en la obra de Lacaton&#038;Vassal | Luis Alberto Monge Calvo\",\"datePublished\":\"2022-06-09T22:01:19+00:00\",\"dateModified\":\"2023-04-14T12:28:54+00:00\",\"mainEntityOfPage\":{\"@id\":\"https:\\\/\\\/veredes.es\\\/blog\\\/estrategias-proyectuales-de-minima-intervencion-recurrentes-en-la-obra-de-lacatonvassal-luis-alberto-monge-calvo\\\/\"},\"wordCount\":1955,\"commentCount\":0,\"publisher\":{\"@id\":\"https:\\\/\\\/veredes.es\\\/blog\\\/#organization\"},\"image\":{\"@id\":\"https:\\\/\\\/veredes.es\\\/blog\\\/estrategias-proyectuales-de-minima-intervencion-recurrentes-en-la-obra-de-lacatonvassal-luis-alberto-monge-calvo\\\/#primaryimage\"},\"thumbnailUrl\":\"https:\\\/\\\/veredes.es\\\/blog\\\/wp-content\\\/uploads\\\/2022\\\/06\\\/Estrategias-proyectuales-de-minima-intervencion-recurrentes-en-la-obra-de-LacatonVassal-Luis-Alberto-Monge-Calvo-comparativa-entre-las-diferentes-obras-desarrolladas-por-el-metodo-del-Invernadero.jpg\",\"keywords\":[\"Anne Lacaton\",\"arquitectura francesa\",\"Efr\u00e9n Garc\u00eda Grinda\",\"estrategias\",\"intervenci\u00f3n\",\"Jean-Philppe Vassal\",\"lacaton+vassal\",\"Luis Alberto Monge Calvo\",\"Luis Fern\u00e1ndez-Galiano\",\"rehabilitaci\u00f3n\",\"renovaci\u00f3n urbana\"],\"articleSection\":[\"faro\",\"slider principal\"],\"inLanguage\":\"es\",\"potentialAction\":[{\"@type\":\"CommentAction\",\"name\":\"Comment\",\"target\":[\"https:\\\/\\\/veredes.es\\\/blog\\\/estrategias-proyectuales-de-minima-intervencion-recurrentes-en-la-obra-de-lacatonvassal-luis-alberto-monge-calvo\\\/#respond\"]}]},{\"@type\":\"WebPage\",\"@id\":\"https:\\\/\\\/veredes.es\\\/blog\\\/estrategias-proyectuales-de-minima-intervencion-recurrentes-en-la-obra-de-lacatonvassal-luis-alberto-monge-calvo\\\/\",\"url\":\"https:\\\/\\\/veredes.es\\\/blog\\\/estrategias-proyectuales-de-minima-intervencion-recurrentes-en-la-obra-de-lacatonvassal-luis-alberto-monge-calvo\\\/\",\"name\":\"Estrategias proyectuales de m\u00ednima intervenci\u00f3n recurrentes en la obra de Lacaton&Vassal | Luis Alberto Monge Calvo - veredes\",\"isPartOf\":{\"@id\":\"https:\\\/\\\/veredes.es\\\/blog\\\/#website\"},\"primaryImageOfPage\":{\"@id\":\"https:\\\/\\\/veredes.es\\\/blog\\\/estrategias-proyectuales-de-minima-intervencion-recurrentes-en-la-obra-de-lacatonvassal-luis-alberto-monge-calvo\\\/#primaryimage\"},\"image\":{\"@id\":\"https:\\\/\\\/veredes.es\\\/blog\\\/estrategias-proyectuales-de-minima-intervencion-recurrentes-en-la-obra-de-lacatonvassal-luis-alberto-monge-calvo\\\/#primaryimage\"},\"thumbnailUrl\":\"https:\\\/\\\/veredes.es\\\/blog\\\/wp-content\\\/uploads\\\/2022\\\/06\\\/Estrategias-proyectuales-de-minima-intervencion-recurrentes-en-la-obra-de-LacatonVassal-Luis-Alberto-Monge-Calvo-comparativa-entre-las-diferentes-obras-desarrolladas-por-el-metodo-del-Invernadero.jpg\",\"datePublished\":\"2022-06-09T22:01:19+00:00\",\"dateModified\":\"2023-04-14T12:28:54+00:00\",\"description\":\"Toda la informaci\u00f3n sobre: Estrategias proyectuales de m\u00ednima intervenci\u00f3n recurrentes en la obra de Lacaton&Vassal | Luis Alberto Monge Calvo\",\"breadcrumb\":{\"@id\":\"https:\\\/\\\/veredes.es\\\/blog\\\/estrategias-proyectuales-de-minima-intervencion-recurrentes-en-la-obra-de-lacatonvassal-luis-alberto-monge-calvo\\\/#breadcrumb\"},\"inLanguage\":\"es\",\"potentialAction\":[{\"@type\":\"ReadAction\",\"target\":[\"https:\\\/\\\/veredes.es\\\/blog\\\/estrategias-proyectuales-de-minima-intervencion-recurrentes-en-la-obra-de-lacatonvassal-luis-alberto-monge-calvo\\\/\"]}]},{\"@type\":\"ImageObject\",\"inLanguage\":\"es\",\"@id\":\"https:\\\/\\\/veredes.es\\\/blog\\\/estrategias-proyectuales-de-minima-intervencion-recurrentes-en-la-obra-de-lacatonvassal-luis-alberto-monge-calvo\\\/#primaryimage\",\"url\":\"https:\\\/\\\/veredes.es\\\/blog\\\/wp-content\\\/uploads\\\/2022\\\/06\\\/Estrategias-proyectuales-de-minima-intervencion-recurrentes-en-la-obra-de-LacatonVassal-Luis-Alberto-Monge-Calvo-comparativa-entre-las-diferentes-obras-desarrolladas-por-el-metodo-del-Invernadero.jpg\",\"contentUrl\":\"https:\\\/\\\/veredes.es\\\/blog\\\/wp-content\\\/uploads\\\/2022\\\/06\\\/Estrategias-proyectuales-de-minima-intervencion-recurrentes-en-la-obra-de-LacatonVassal-Luis-Alberto-Monge-Calvo-comparativa-entre-las-diferentes-obras-desarrolladas-por-el-metodo-del-Invernadero.jpg\",\"width\":1400,\"height\":874,\"caption\":\"Estrategias proyectuales de m\u00ednima intervenci\u00f3n recurrentes en la obra de Lacaton&Vassal Luis Alberto Monge Calvo comparativa entre las diferentes obras desarrolladas por el m\u00e9todo del Invernadero\"},{\"@type\":\"BreadcrumbList\",\"@id\":\"https:\\\/\\\/veredes.es\\\/blog\\\/estrategias-proyectuales-de-minima-intervencion-recurrentes-en-la-obra-de-lacatonvassal-luis-alberto-monge-calvo\\\/#breadcrumb\",\"itemListElement\":[{\"@type\":\"ListItem\",\"position\":1,\"name\":\"Portada\",\"item\":\"https:\\\/\\\/veredes.es\\\/blog\\\/\"},{\"@type\":\"ListItem\",\"position\":2,\"name\":\"Estrategias proyectuales de m\u00ednima intervenci\u00f3n recurrentes en la obra de Lacaton&#038;Vassal | Luis Alberto Monge Calvo\"}]},{\"@type\":\"WebSite\",\"@id\":\"https:\\\/\\\/veredes.es\\\/blog\\\/#website\",\"url\":\"https:\\\/\\\/veredes.es\\\/blog\\\/\",\"name\":\"veredes, arquitectura y divulgaci\u00f3n\",\"description\":\"veredes\",\"publisher\":{\"@id\":\"https:\\\/\\\/veredes.es\\\/blog\\\/#organization\"},\"alternateName\":\"veredes\",\"potentialAction\":[{\"@type\":\"SearchAction\",\"target\":{\"@type\":\"EntryPoint\",\"urlTemplate\":\"https:\\\/\\\/veredes.es\\\/blog\\\/?s={search_term_string}\"},\"query-input\":{\"@type\":\"PropertyValueSpecification\",\"valueRequired\":true,\"valueName\":\"search_term_string\"}}],\"inLanguage\":\"es\"},{\"@type\":\"Organization\",\"@id\":\"https:\\\/\\\/veredes.es\\\/blog\\\/#organization\",\"name\":\"veredes, arquitectura y divulgaci\u00f3n\",\"alternateName\":\"veredes\",\"url\":\"https:\\\/\\\/veredes.es\\\/blog\\\/\",\"logo\":{\"@type\":\"ImageObject\",\"inLanguage\":\"es\",\"@id\":\"https:\\\/\\\/veredes.es\\\/blog\\\/#\\\/schema\\\/logo\\\/image\\\/\",\"url\":\"https:\\\/\\\/veredes.es\\\/blog\\\/wp-content\\\/uploads\\\/2021\\\/12\\\/veredes-logo-centrado_140x54.png\",\"contentUrl\":\"https:\\\/\\\/veredes.es\\\/blog\\\/wp-content\\\/uploads\\\/2021\\\/12\\\/veredes-logo-centrado_140x54.png\",\"width\":140,\"height\":54,\"caption\":\"veredes, arquitectura y divulgaci\u00f3n\"},\"image\":{\"@id\":\"https:\\\/\\\/veredes.es\\\/blog\\\/#\\\/schema\\\/logo\\\/image\\\/\"},\"sameAs\":[\"https:\\\/\\\/www.facebook.com\\\/veredesArquitecturayDivulgacion\\\/\",\"https:\\\/\\\/x.com\\\/veredes\",\"https:\\\/\\\/instagram.com\\\/veredes\\\/\",\"https:\\\/\\\/www.linkedin.com\\\/company\\\/veredes-arquitectura-y-divulgacion\\\/\",\"https:\\\/\\\/es.pinterest.com\\\/veredes\\\/\",\"https:\\\/\\\/www.tumblr.com\\\/veredes\"]},{\"@type\":\"Person\",\"@id\":\"https:\\\/\\\/veredes.es\\\/blog\\\/#\\\/schema\\\/person\\\/1e2b8306c83c643165e9f94b92e4570f\",\"name\":\"Luis Alberto Monge Calvo\",\"image\":{\"@type\":\"ImageObject\",\"inLanguage\":\"es\",\"@id\":\"https:\\\/\\\/veredes.es\\\/blog\\\/wp-content\\\/uploads\\\/2020\\\/03\\\/Luis-Alberto-Monge-Calvo-96x96.jpg\",\"url\":\"https:\\\/\\\/veredes.es\\\/blog\\\/wp-content\\\/uploads\\\/2020\\\/03\\\/Luis-Alberto-Monge-Calvo-96x96.jpg\",\"contentUrl\":\"https:\\\/\\\/veredes.es\\\/blog\\\/wp-content\\\/uploads\\\/2020\\\/03\\\/Luis-Alberto-Monge-Calvo-96x96.jpg\",\"caption\":\"Luis Alberto Monge Calvo\"},\"description\":\"Arquitecto por la Universidad Aut\u00f3noma de Centro Am\u00e9rica, Mag\u00edster en Arquitectura de la Universidad Cat\u00f3lica de Chile. Posee estudios de posgrado en Urbanismo de la Universidade Federal do Rio de Janeiro y en la Maestr\u00eda de Proyecto Arquitect\u00f3nico de la Universidad de Buenos Aires. Tiene doble Certificaci\u00f3n de actualizaci\u00f3n Profesional, y es miembro de la Asociaci\u00f3n Costarricense de Profesionales en Arquitectura. Trabaja en la Direcci\u00f3n de Arquitectura e Ingenier\u00eda de la Caja Costarricense del Seguro Social Tambi\u00e9n es profesor universitario e investigador en Arquitectura para la Universidad Internacional de las Am\u00e9ricas, es representante nacional en Smart Urbanization del H2020 de la Comisi\u00f3n Europea. Actualmente es colaborador del blog Veredes: arquitectura y divulgaci\u00f3n de Espa\u00f1a y para la revista Mondo Nostrum. Ha escrito cuatro libros, ha sido editor de cuatro m\u00e1s y ha publicado decenas de art\u00edculos de investigaci\u00f3n y profesionales en revistas de Latinoam\u00e9rica y Europa. Ha sido Becario de la Red de entrenamiento universitario para el desarrollo urbano sostenible de la Uni\u00f3n Europea, e Investigador asociado en el Concurso Nacional de Proyectos FONDECYT Chile, profesor invitado Instituto Tecnol\u00f3gico de Monterrey, M\u00e9xico. \u00c1rbitro evaluador externo de la Universidad de los Andes; Colombia. Es miembro y fundador del Comisi\u00f3n Editorial Ganador de Menci\u00f3n al Premio en la categor\u00eda de difusi\u00f3n de la arquitectura y urbanismo 2020 de la Federaci\u00f3n Panamericana de Asociaciones de arquitectos y es Coordinador de la Comisi\u00f3n de Investigaci\u00f3n del CACR.\",\"sameAs\":[\"http:\\\/\\\/monarqui.blogspot.com\\\/\",\"https:\\\/\\\/www.facebook.com\\\/luismongecalvo\",\"https:\\\/\\\/www.instagram.com\\\/monarqui\\\/\",\"https:\\\/\\\/www.linkedin.com\\\/in\\\/luis-alberto-monge-calvo-68498956\\\/\",\"https:\\\/\\\/x.com\\\/https:\\\/\\\/twitter.com\\\/monarquicr\"],\"url\":\"https:\\\/\\\/veredes.es\\\/blog\\\/author\\\/luis-alberto-monge-calvo\\\/\"}]}<\/script>\n<!-- \/ Yoast SEO plugin. -->","yoast_head_json":{"title":"Estrategias proyectuales de m\u00ednima intervenci\u00f3n recurrentes en la obra de Lacaton&Vassal | Luis Alberto Monge Calvo - veredes","description":"Toda la informaci\u00f3n sobre: Estrategias proyectuales de m\u00ednima intervenci\u00f3n recurrentes en la obra de Lacaton&Vassal | Luis Alberto Monge Calvo","robots":{"index":"index","follow":"follow","max-snippet":"max-snippet:-1","max-image-preview":"max-image-preview:large","max-video-preview":"max-video-preview:-1"},"canonical":"https:\/\/veredes.es\/blog\/estrategias-proyectuales-de-minima-intervencion-recurrentes-en-la-obra-de-lacatonvassal-luis-alberto-monge-calvo\/","og_locale":"es_ES","og_type":"article","og_title":"Estrategias proyectuales de m\u00ednima intervenci\u00f3n recurrentes en la obra de Lacaton&Vassal | Luis Alberto Monge Calvo - veredes","og_description":"Toda la informaci\u00f3n sobre: Estrategias proyectuales de m\u00ednima intervenci\u00f3n recurrentes en la obra de Lacaton&Vassal | Luis Alberto Monge Calvo","og_url":"https:\/\/veredes.es\/blog\/estrategias-proyectuales-de-minima-intervencion-recurrentes-en-la-obra-de-lacatonvassal-luis-alberto-monge-calvo\/","og_site_name":"veredes, arquitectura y divulgaci\u00f3n","article_publisher":"https:\/\/www.facebook.com\/veredesArquitecturayDivulgacion\/","article_author":"https:\/\/www.facebook.com\/luismongecalvo","article_published_time":"2022-06-09T22:01:19+00:00","article_modified_time":"2023-04-14T12:28:54+00:00","og_image":[{"width":1400,"height":874,"url":"https:\/\/veredes.es\/blog\/wp-content\/uploads\/2022\/06\/Estrategias-proyectuales-de-minima-intervencion-recurrentes-en-la-obra-de-LacatonVassal-Luis-Alberto-Monge-Calvo-comparativa-entre-las-diferentes-obras-desarrolladas-por-el-metodo-del-Invernadero.jpg","type":"image\/jpeg"}],"author":"Luis Alberto Monge Calvo","twitter_card":"summary_large_image","twitter_creator":"@https:\/\/twitter.com\/monarquicr","twitter_site":"@veredes","twitter_misc":{"Escrito por":"Luis Alberto Monge Calvo","Tiempo de lectura":"10 minutos"},"schema":{"@context":"https:\/\/schema.org","@graph":[{"@type":"Article","@id":"https:\/\/veredes.es\/blog\/estrategias-proyectuales-de-minima-intervencion-recurrentes-en-la-obra-de-lacatonvassal-luis-alberto-monge-calvo\/#article","isPartOf":{"@id":"https:\/\/veredes.es\/blog\/estrategias-proyectuales-de-minima-intervencion-recurrentes-en-la-obra-de-lacatonvassal-luis-alberto-monge-calvo\/"},"author":{"name":"Luis Alberto Monge Calvo","@id":"https:\/\/veredes.es\/blog\/#\/schema\/person\/1e2b8306c83c643165e9f94b92e4570f"},"headline":"Estrategias proyectuales de m\u00ednima intervenci\u00f3n recurrentes en la obra de Lacaton&#038;Vassal | Luis Alberto Monge Calvo","datePublished":"2022-06-09T22:01:19+00:00","dateModified":"2023-04-14T12:28:54+00:00","mainEntityOfPage":{"@id":"https:\/\/veredes.es\/blog\/estrategias-proyectuales-de-minima-intervencion-recurrentes-en-la-obra-de-lacatonvassal-luis-alberto-monge-calvo\/"},"wordCount":1955,"commentCount":0,"publisher":{"@id":"https:\/\/veredes.es\/blog\/#organization"},"image":{"@id":"https:\/\/veredes.es\/blog\/estrategias-proyectuales-de-minima-intervencion-recurrentes-en-la-obra-de-lacatonvassal-luis-alberto-monge-calvo\/#primaryimage"},"thumbnailUrl":"https:\/\/veredes.es\/blog\/wp-content\/uploads\/2022\/06\/Estrategias-proyectuales-de-minima-intervencion-recurrentes-en-la-obra-de-LacatonVassal-Luis-Alberto-Monge-Calvo-comparativa-entre-las-diferentes-obras-desarrolladas-por-el-metodo-del-Invernadero.jpg","keywords":["Anne Lacaton","arquitectura francesa","Efr\u00e9n Garc\u00eda Grinda","estrategias","intervenci\u00f3n","Jean-Philppe Vassal","lacaton+vassal","Luis Alberto Monge Calvo","Luis Fern\u00e1ndez-Galiano","rehabilitaci\u00f3n","renovaci\u00f3n urbana"],"articleSection":["faro","slider principal"],"inLanguage":"es","potentialAction":[{"@type":"CommentAction","name":"Comment","target":["https:\/\/veredes.es\/blog\/estrategias-proyectuales-de-minima-intervencion-recurrentes-en-la-obra-de-lacatonvassal-luis-alberto-monge-calvo\/#respond"]}]},{"@type":"WebPage","@id":"https:\/\/veredes.es\/blog\/estrategias-proyectuales-de-minima-intervencion-recurrentes-en-la-obra-de-lacatonvassal-luis-alberto-monge-calvo\/","url":"https:\/\/veredes.es\/blog\/estrategias-proyectuales-de-minima-intervencion-recurrentes-en-la-obra-de-lacatonvassal-luis-alberto-monge-calvo\/","name":"Estrategias proyectuales de m\u00ednima intervenci\u00f3n recurrentes en la obra de Lacaton&Vassal | Luis Alberto Monge Calvo - veredes","isPartOf":{"@id":"https:\/\/veredes.es\/blog\/#website"},"primaryImageOfPage":{"@id":"https:\/\/veredes.es\/blog\/estrategias-proyectuales-de-minima-intervencion-recurrentes-en-la-obra-de-lacatonvassal-luis-alberto-monge-calvo\/#primaryimage"},"image":{"@id":"https:\/\/veredes.es\/blog\/estrategias-proyectuales-de-minima-intervencion-recurrentes-en-la-obra-de-lacatonvassal-luis-alberto-monge-calvo\/#primaryimage"},"thumbnailUrl":"https:\/\/veredes.es\/blog\/wp-content\/uploads\/2022\/06\/Estrategias-proyectuales-de-minima-intervencion-recurrentes-en-la-obra-de-LacatonVassal-Luis-Alberto-Monge-Calvo-comparativa-entre-las-diferentes-obras-desarrolladas-por-el-metodo-del-Invernadero.jpg","datePublished":"2022-06-09T22:01:19+00:00","dateModified":"2023-04-14T12:28:54+00:00","description":"Toda la informaci\u00f3n sobre: Estrategias proyectuales de m\u00ednima intervenci\u00f3n recurrentes en la obra de Lacaton&Vassal | Luis Alberto Monge Calvo","breadcrumb":{"@id":"https:\/\/veredes.es\/blog\/estrategias-proyectuales-de-minima-intervencion-recurrentes-en-la-obra-de-lacatonvassal-luis-alberto-monge-calvo\/#breadcrumb"},"inLanguage":"es","potentialAction":[{"@type":"ReadAction","target":["https:\/\/veredes.es\/blog\/estrategias-proyectuales-de-minima-intervencion-recurrentes-en-la-obra-de-lacatonvassal-luis-alberto-monge-calvo\/"]}]},{"@type":"ImageObject","inLanguage":"es","@id":"https:\/\/veredes.es\/blog\/estrategias-proyectuales-de-minima-intervencion-recurrentes-en-la-obra-de-lacatonvassal-luis-alberto-monge-calvo\/#primaryimage","url":"https:\/\/veredes.es\/blog\/wp-content\/uploads\/2022\/06\/Estrategias-proyectuales-de-minima-intervencion-recurrentes-en-la-obra-de-LacatonVassal-Luis-Alberto-Monge-Calvo-comparativa-entre-las-diferentes-obras-desarrolladas-por-el-metodo-del-Invernadero.jpg","contentUrl":"https:\/\/veredes.es\/blog\/wp-content\/uploads\/2022\/06\/Estrategias-proyectuales-de-minima-intervencion-recurrentes-en-la-obra-de-LacatonVassal-Luis-Alberto-Monge-Calvo-comparativa-entre-las-diferentes-obras-desarrolladas-por-el-metodo-del-Invernadero.jpg","width":1400,"height":874,"caption":"Estrategias proyectuales de m\u00ednima intervenci\u00f3n recurrentes en la obra de Lacaton&Vassal Luis Alberto Monge Calvo comparativa entre las diferentes obras desarrolladas por el m\u00e9todo del Invernadero"},{"@type":"BreadcrumbList","@id":"https:\/\/veredes.es\/blog\/estrategias-proyectuales-de-minima-intervencion-recurrentes-en-la-obra-de-lacatonvassal-luis-alberto-monge-calvo\/#breadcrumb","itemListElement":[{"@type":"ListItem","position":1,"name":"Portada","item":"https:\/\/veredes.es\/blog\/"},{"@type":"ListItem","position":2,"name":"Estrategias proyectuales de m\u00ednima intervenci\u00f3n recurrentes en la obra de Lacaton&#038;Vassal | Luis Alberto Monge Calvo"}]},{"@type":"WebSite","@id":"https:\/\/veredes.es\/blog\/#website","url":"https:\/\/veredes.es\/blog\/","name":"veredes, arquitectura y divulgaci\u00f3n","description":"veredes","publisher":{"@id":"https:\/\/veredes.es\/blog\/#organization"},"alternateName":"veredes","potentialAction":[{"@type":"SearchAction","target":{"@type":"EntryPoint","urlTemplate":"https:\/\/veredes.es\/blog\/?s={search_term_string}"},"query-input":{"@type":"PropertyValueSpecification","valueRequired":true,"valueName":"search_term_string"}}],"inLanguage":"es"},{"@type":"Organization","@id":"https:\/\/veredes.es\/blog\/#organization","name":"veredes, arquitectura y divulgaci\u00f3n","alternateName":"veredes","url":"https:\/\/veredes.es\/blog\/","logo":{"@type":"ImageObject","inLanguage":"es","@id":"https:\/\/veredes.es\/blog\/#\/schema\/logo\/image\/","url":"https:\/\/veredes.es\/blog\/wp-content\/uploads\/2021\/12\/veredes-logo-centrado_140x54.png","contentUrl":"https:\/\/veredes.es\/blog\/wp-content\/uploads\/2021\/12\/veredes-logo-centrado_140x54.png","width":140,"height":54,"caption":"veredes, arquitectura y divulgaci\u00f3n"},"image":{"@id":"https:\/\/veredes.es\/blog\/#\/schema\/logo\/image\/"},"sameAs":["https:\/\/www.facebook.com\/veredesArquitecturayDivulgacion\/","https:\/\/x.com\/veredes","https:\/\/instagram.com\/veredes\/","https:\/\/www.linkedin.com\/company\/veredes-arquitectura-y-divulgacion\/","https:\/\/es.pinterest.com\/veredes\/","https:\/\/www.tumblr.com\/veredes"]},{"@type":"Person","@id":"https:\/\/veredes.es\/blog\/#\/schema\/person\/1e2b8306c83c643165e9f94b92e4570f","name":"Luis Alberto Monge Calvo","image":{"@type":"ImageObject","inLanguage":"es","@id":"https:\/\/veredes.es\/blog\/wp-content\/uploads\/2020\/03\/Luis-Alberto-Monge-Calvo-96x96.jpg","url":"https:\/\/veredes.es\/blog\/wp-content\/uploads\/2020\/03\/Luis-Alberto-Monge-Calvo-96x96.jpg","contentUrl":"https:\/\/veredes.es\/blog\/wp-content\/uploads\/2020\/03\/Luis-Alberto-Monge-Calvo-96x96.jpg","caption":"Luis Alberto Monge Calvo"},"description":"Arquitecto por la Universidad Aut\u00f3noma de Centro Am\u00e9rica, Mag\u00edster en Arquitectura de la Universidad Cat\u00f3lica de Chile. Posee estudios de posgrado en Urbanismo de la Universidade Federal do Rio de Janeiro y en la Maestr\u00eda de Proyecto Arquitect\u00f3nico de la Universidad de Buenos Aires. Tiene doble Certificaci\u00f3n de actualizaci\u00f3n Profesional, y es miembro de la Asociaci\u00f3n Costarricense de Profesionales en Arquitectura. Trabaja en la Direcci\u00f3n de Arquitectura e Ingenier\u00eda de la Caja Costarricense del Seguro Social Tambi\u00e9n es profesor universitario e investigador en Arquitectura para la Universidad Internacional de las Am\u00e9ricas, es representante nacional en Smart Urbanization del H2020 de la Comisi\u00f3n Europea. Actualmente es colaborador del blog Veredes: arquitectura y divulgaci\u00f3n de Espa\u00f1a y para la revista Mondo Nostrum. Ha escrito cuatro libros, ha sido editor de cuatro m\u00e1s y ha publicado decenas de art\u00edculos de investigaci\u00f3n y profesionales en revistas de Latinoam\u00e9rica y Europa. Ha sido Becario de la Red de entrenamiento universitario para el desarrollo urbano sostenible de la Uni\u00f3n Europea, e Investigador asociado en el Concurso Nacional de Proyectos FONDECYT Chile, profesor invitado Instituto Tecnol\u00f3gico de Monterrey, M\u00e9xico. \u00c1rbitro evaluador externo de la Universidad de los Andes; Colombia. Es miembro y fundador del Comisi\u00f3n Editorial Ganador de Menci\u00f3n al Premio en la categor\u00eda de difusi\u00f3n de la arquitectura y urbanismo 2020 de la Federaci\u00f3n Panamericana de Asociaciones de arquitectos y es Coordinador de la Comisi\u00f3n de Investigaci\u00f3n del CACR.","sameAs":["http:\/\/monarqui.blogspot.com\/","https:\/\/www.facebook.com\/luismongecalvo","https:\/\/www.instagram.com\/monarqui\/","https:\/\/www.linkedin.com\/in\/luis-alberto-monge-calvo-68498956\/","https:\/\/x.com\/https:\/\/twitter.com\/monarquicr"],"url":"https:\/\/veredes.es\/blog\/author\/luis-alberto-monge-calvo\/"}]}},"_links":{"self":[{"href":"https:\/\/veredes.es\/blog\/wp-json\/wp\/v2\/posts\/89628","targetHints":{"allow":["GET"]}}],"collection":[{"href":"https:\/\/veredes.es\/blog\/wp-json\/wp\/v2\/posts"}],"about":[{"href":"https:\/\/veredes.es\/blog\/wp-json\/wp\/v2\/types\/post"}],"author":[{"embeddable":true,"href":"https:\/\/veredes.es\/blog\/wp-json\/wp\/v2\/users\/63"}],"replies":[{"embeddable":true,"href":"https:\/\/veredes.es\/blog\/wp-json\/wp\/v2\/comments?post=89628"}],"version-history":[{"count":0,"href":"https:\/\/veredes.es\/blog\/wp-json\/wp\/v2\/posts\/89628\/revisions"}],"wp:featuredmedia":[{"embeddable":true,"href":"https:\/\/veredes.es\/blog\/wp-json\/wp\/v2\/media\/89636"}],"wp:attachment":[{"href":"https:\/\/veredes.es\/blog\/wp-json\/wp\/v2\/media?parent=89628"}],"wp:term":[{"taxonomy":"category","embeddable":true,"href":"https:\/\/veredes.es\/blog\/wp-json\/wp\/v2\/categories?post=89628"},{"taxonomy":"post_tag","embeddable":true,"href":"https:\/\/veredes.es\/blog\/wp-json\/wp\/v2\/tags?post=89628"}],"curies":[{"name":"wp","href":"https:\/\/api.w.org\/{rel}","templated":true}]}}