{"id":88900,"date":"2022-09-12T00:01:17","date_gmt":"2022-09-11T22:01:17","guid":{"rendered":"https:\/\/veredes.es\/blog\/?p=88900"},"modified":"2022-09-01T09:46:09","modified_gmt":"2022-09-01T07:46:09","slug":"el-oficio-de-escribir-arquitectura-miquel-lacasta","status":"publish","type":"post","link":"https:\/\/veredes.es\/blog\/el-oficio-de-escribir-arquitectura-miquel-lacasta\/","title":{"rendered":"El Oficio de Escribir Arquitectura | Miquel Lacasta"},"content":{"rendered":"<figure id=\"attachment_88902\" aria-describedby=\"caption-attachment-88902\" style=\"width: 750px\" class=\"wp-caption alignnone\"><img loading=\"lazy\" decoding=\"async\" class=\"wp-image-88902\" title=\"El Oficio de Escribir Arquitectura Miquel Lacasta captura de pantalla de httpwww.anycorp.comanymagazine1 .\" src=\"https:\/\/veredes.es\/blog\/wp-content\/uploads\/2022\/04\/El-Oficio-de-Escribir-Arquitectura-Miquel-Lacasta-captura-de-pantalla-de-httpwww.anycorp.comanymagazine1-..jpg\" alt=\"El Oficio de Escribir Arquitectura Miquel Lacasta captura de pantalla de httpwww.anycorp.comanymagazine1 .\" width=\"750\" height=\"459\" srcset=\"https:\/\/veredes.es\/blog\/wp-content\/uploads\/2022\/04\/El-Oficio-de-Escribir-Arquitectura-Miquel-Lacasta-captura-de-pantalla-de-httpwww.anycorp.comanymagazine1-..jpg 640w, https:\/\/veredes.es\/blog\/wp-content\/uploads\/2022\/04\/El-Oficio-de-Escribir-Arquitectura-Miquel-Lacasta-captura-de-pantalla-de-httpwww.anycorp.comanymagazine1-.-300x184.jpg 300w\" sizes=\"auto, (max-width: 750px) 100vw, 750px\" \/><figcaption id=\"caption-attachment-88902\" class=\"wp-caption-text\"><a href=\"http:\/\/www.anycorp.com\/any\/magazine\/1\" target=\"_blank\" rel=\"noopener\"><span style=\"color: #999999;\">Captura de pantalla de anycorp.com<\/span><\/a><\/figcaption><\/figure>\n<p style=\"text-align: justify;\">La experiencia de <a href=\"https:\/\/veredes.es\/blog\/?s=escribir\" target=\"_blank\" rel=\"noopener\">escribir<\/a> acerca de la arquitectura es siempre ambivalente. Quiero decir que cuando se escribe de arquitectura en abstracto, como aqu\u00ed se intenta, se gana el placer de manejar los conceptos sin los prejuicios de una forma arquitect\u00f3nica espec\u00edfica, y se pierde la capacidad de elaborar y comunicar relatos asumibles por una gran masa de co-ciudadanos, debido a la aspereza y complejidad misma de los conceptos que se manejan en arquitectura.<\/p>\n<p style=\"text-align: justify;\">Hace ya muchos a\u00f1os que no nos sorprenden expresiones como\u00a0<em>un plano virtual<\/em>,\u00a0<em>una secuencia de vac\u00edos<\/em>, o\u00a0<em>una articulaci\u00f3n urbana.<\/em>\u00a0Y francamente, estas expresiones son dif\u00edciles de comprender por aquellos que no son arquitectos.<\/p>\n<p style=\"text-align: justify;\">A\u00fan m\u00e1s.<\/p>\n<p style=\"text-align: justify;\">Estas expresiones normalmente se relacionan con el desarrollo de la explicaci\u00f3n de una forma arquitect\u00f3nica dada, y que viene acompa\u00f1ada por dibujos, maquetas o im\u00e1genes de s\u00edntesis que de una manera u otra aclaran las esencia compositiva de las expresiones precedentes. Ahora bien, sin la compa\u00f1\u00eda amable de un proyecto espec\u00edfico sobre el que hablar, se requiere todav\u00eda m\u00e1s, de una cierta capacidad de lectura de conceptos ligados a la filosof\u00eda, la geograf\u00eda, la composici\u00f3n, la historia del arte, etc.<\/p>\n<p style=\"text-align: justify;\">Es por eso que hay que encontrar las claves especificas de escribir acerca de la arquitectura, que evidentemente no es lo mismo que escribir de arte, de m\u00fasica o de literatura.<\/p>\n<p style=\"text-align: justify;\">En todo caso me gusta la idea de que existe una manera acertada, correcta, precisa y coherente de escribir arquitectura en su vertiente te\u00f3rica, sin caer en una ret\u00f3rica alambicada y complicada pero carente de conceptos claros. Una cosa es lo complejo y otra es lo complicado.<\/p>\n<p style=\"text-align: justify;\">Para mayor desgracia, aquellos que sentimos la necesidad de escribir teor\u00eda de la arquitectura en forma de reflexiones abiertas, tenemos muy pocos maestros en los que reflejarnos en nuestra propia lengua. Acaso Ignasi de Sol\u00e0-Morales,<sup>1 <\/sup> que escribi\u00f3 tanto como cr\u00edtico de arquitectura, como y sobre todo te\u00f3rico. Su claridad en la manera de estructurar contenidos, su pedagog\u00eda conceptual y la pertinencia de los temas sobre los que reflexionaba, hicieron de \u00e9l, el reflejo brillante sobre el que palidecer.<\/p>\n<p style=\"text-align: justify;\">Quiz\u00e1s pueda significarse tambi\u00e9n a Rafael Moneo en esta categor\u00eda, si bien su triple faceta, como profesional, como docente y como te\u00f3rico, da una dimensi\u00f3n m\u00e1s global tanto a su obra construida, como a la escrita, pero tambi\u00e9n menos punzante.<\/p>\n<p style=\"text-align: justify;\">De todas formas, sobre el tema del oficio de escribir, recuerdo una de esas peque\u00f1as joyas del fil\u00f3sofo alem\u00e1n Arthur Shopenhauer, llamada\u00a0<em>El oficio de escribir y el Estilo<\/em>,<sup>2 <\/sup>que public\u00f3 en 1851 como cap\u00edtulos XXIII y XXIV, en una de sus obras m\u00e1s reconocidas <em>Paraliponema<\/em>.<\/p>\n<p style=\"text-align: justify;\">Como comenta su traductor, Esteve Serra, (\u2026)<\/p>\n<blockquote>\n<p style=\"text-align: justify;\"><em>\u00abSchopenhauer ataca con vehemencia lo que \u00e9l considera un sabotaje a la lengua alemana, sobre todo en lo que respecta a los escritos filos\u00f3ficos, por parte de aquellos que confunden ininteligibilidad y profundidad y desde\u00f1an el sentido com\u00fan y la claridad a la hora de expresarse\u00bb<\/em>.<\/p>\n<\/blockquote>\n<p style=\"text-align: justify;\">Y es que precisamente ese es el gran reto que surge cuando se decide escribir acerca de los conceptos de la arquitectura, prescindiendo de la obra arquitect\u00f3nica. La complejidad y dificultad de afrontar ciertas ideas parece necesitar de una expresi\u00f3n igualmente compleja y obscura.<\/p>\n<p style=\"text-align: justify;\">No creo que tenga que forzosamente ser as\u00ed.<\/p>\n<p style=\"text-align: justify;\">Por un lado, ciertas ideas de arquitectura son \u00e1speras en su expresi\u00f3n y requieren de matices, de paralelismos y referencias para que queden bien fijados. Eso puede hacer el relato algo dif\u00edcil de comprender, pero si est\u00e1 bien escrito, dejar\u00e1 los cultismos justos para perfilar y matizar los conceptos y acabar\u00e1 por crear m\u00e1s luz, que no sombra.<\/p>\n<p style=\"text-align: justify;\">Por otro lado, si que es cierto , especialmente en la cultura anglosajona, que la teor\u00eda de la arquitectura se ha trufado de conceptos rimbombantes pero en muchas ocasiones, vac\u00edos. Conceptos que m\u00e1s que mostrar una idea, la dejan en suspenso, a medio camino entre la intuici\u00f3n y el cultismo y por falta de rigor o por falta de espacio f\u00edsico en el espacio editorial donde se lanza el texto, se deja una especie de zona brumosa, algo pedante y sin duda, obscura. Esta manera de escribir,\u00a0<em>a la postmoderna<\/em>\u00a0por decirlo as\u00ed, ha conformado pr\u00e1cticamente un estilo propio, donde el juego consiste en provocar una nube de ideas, sin dejar ninguna clara ni cimentada. En este sentido esta manera de escribir me recuerda sarc\u00e1sticamente el\u00a0<a href=\"https:\/\/www.dack.com\/web\/bullshit.html\" target=\"_blank\" rel=\"noopener\"><em>web economy bullshit generator<\/em>,<\/a>\u00a0que de forma autom\u00e1tica es capaz de crear supuestos conceptos para la jerga de la econom\u00eda global que surge de las redes, o la adaptaci\u00f3n al Landscape Urbanism que bajo el evidente nombre de <em><a href=\"http:\/\/www.ruderal.com\/bullshit\/bullshit.htm\" target=\"_blank\" rel=\"noopener\">landscape urbanism bullshit generator<\/a>,<\/em>\u00a0tambi\u00e9n se recrea en una <a href=\"https:\/\/veredes.es\/blog\/manual-de-discurso-automatico-para-arquitectos-jose-ramon-hernandez-correa\/\" target=\"_blank\" rel=\"noopener\">falsamente compleja<\/a> manera de operar con ideas, si bien algunas resultan de los m\u00e1s sugerentes.<\/p>\n<p style=\"text-align: justify;\">Sea como sea, me quedo con algunas de las perlas que Schopenhauer deja ir en el texto antes citado del que comparto dos reflexiones para alguien se anime a leer la totalidad.<\/p>\n<blockquote>\n<p style=\"text-align: justify;\"><em>\u00ab272 En primer lugar se puede decir que hay dos clases de escritores: los que escriben por el tema mismo, y los que escriben por escribir.<\/em><\/p>\n<p style=\"text-align: justify;\"><em>273 Se puede decir tambi\u00e9n que hay tres clases de autores: en primer lugar, los que escriben sin pensar. Escriben de memoria, a partir de reminiscencias, o bien directamente a partir de libros escritos por otros (\u2026)<\/em><\/p>\n<p style=\"text-align: justify;\"><em>En segundo lugar, los que piensan mientras escriben. Piensan para escribir.<\/em><\/p>\n<p style=\"text-align: justify;\"><em>En tercer lugar, los que han pensado antes de ponerse a escribir. Si escriben, es s\u00f3lo porque han pensado. Caso muy raro\u00bb.<\/em><\/p>\n<\/blockquote>\n<p style=\"text-align: justify;\">Hay evidentemente una manera de escribir que se acerca a una manera de vivir y entender la arquitectura. Quiz\u00e1s esa sea la lecci\u00f3n de Schopenhauer.<\/p>\n<p style=\"text-align: justify;\">Miquel Lacasta Codorniu. Doctor arquitecto<br \/>\nBarcelona, Octubre 2014<\/p>\n<p style=\"text-align: justify;\">Notas:<\/p>\n<p style=\"text-align: justify;\"><sup>1 <\/sup>Ignasi de Sol\u00e0-Morales escribi\u00f3 una serie de art\u00edculos en los diferentes n\u00fameros de\u00a0<em>Any\u00a0<\/em>que promovi\u00f3 Peter Eisenman durante los a\u00f1os noventa y que Cynthia Davidson como editora lider\u00f3. Los art\u00edculos del\u00a0<em>Any<\/em>, es la colecci\u00f3n de conferencias que Sol\u00e0-Morales imparti\u00f3 en diferentes partes del mundo y que se publicaron en <em>Anyone<\/em>\u00a0(1991),\u00a0<em>Anywhere<\/em>\u00a0(1992),\u00a0<em>Anyway<\/em>\u00a0(1993),\u00a0<em>Anyplace<\/em>\u00a0(1994),\u00a0<em>Anywise<\/em>\u00a0(1995),\u00a0<em>Anybody<\/em>\u00a0(1996),\u00a0<em>Anyhow<\/em>\u00a0(1997),\u00a0<em>Anymore<\/em>\u00a0(1999) y\u00a0<em>Anything<\/em>\u00a0(2000)<\/p>\n<p style=\"text-align: justify;\">Los art\u00edculos del <em>Any<\/em> es tambi\u00e9n el libro que recoge todos los textos de Ignasi de Sol\u00e0-Morales publicados en los diferentes n\u00fameros. De Sol\u00e0-Morales, Ignasi, <a href=\"https:\/\/amzn.to\/3LcZudD\" target=\"_blank\" rel=\"noopener\"><em>Los Art\u00edculos del Any<\/em>, Colecci\u00f3n la Cimbra n\u00fam. 7, Fundaci\u00f3n Caja de Arquitectos, Barcelona, 2009.<\/a><\/p>\n<p style=\"text-align: justify;\"><sup>2 <\/sup>Schopenhauer, Arthur, El Oficio de Escribir y el Estilo, editor Jos\u00e9 J. De Ola\u00f1eta, traducci\u00f3n de Esteve Serra, Ed. Centellas, Palma, 2014<\/p>\n","protected":false},"excerpt":{"rendered":"<p>La experiencia de escribir acerca de la arquitectura es siempre ambivalente. Quiero decir que cuando se escribe de arquitectura en abstracto, como aqu\u00ed se intenta, se gana el placer de manejar los conceptos sin los prejuicios de una forma arquitect\u00f3nica espec\u00edfica, y se pierde la capacidad de elaborar y comunicar relatos asumibles por una gran [&hellip;]<\/p>\n","protected":false},"author":32,"featured_media":88902,"comment_status":"open","ping_status":"closed","sticky":false,"template":"","format":"standard","meta":{"footnotes":""},"categories":[5934,5951],"tags":[6863,9809,393,15902,3875,977,1021,1651,2675,1865,1890,6587,12468],"class_list":{"0":"post-88900","1":"post","2":"type-post","3":"status-publish","4":"format-standard","5":"has-post-thumbnail","7":"category-articulos","8":"category-slider-principal","9":"tag-arquitectura-postmoderna","10":"tag-arthur-schopenhauer","11":"tag-critica","12":"tag-cynthia-davidson","13":"tag-ignasi-de-sola-morales","14":"tag-paisaje","15":"tag-pensamiento","16":"tag-peter-eisenman","17":"tag-postmodernidad","18":"tag-reflexion","19":"tag-reflexion-multidisciplinar","20":"tag-reflexion-urbanistica","21":"tag-urbanismo"},"yoast_head":"<!-- This site is optimized with the Yoast SEO plugin v27.4 - https:\/\/yoast.com\/product\/yoast-seo-wordpress\/ -->\n<title>El Oficio de Escribir Arquitectura | Miquel Lacasta - veredes<\/title>\n<meta name=\"description\" content=\"Toda la informaci\u00f3n sobre: El Oficio de Escribir Arquitectura | Miquel Lacasta\" \/>\n<meta name=\"robots\" content=\"index, follow, max-snippet:-1, max-image-preview:large, max-video-preview:-1\" \/>\n<link rel=\"canonical\" href=\"https:\/\/veredes.es\/blog\/el-oficio-de-escribir-arquitectura-miquel-lacasta\/\" \/>\n<meta property=\"og:locale\" content=\"es_ES\" \/>\n<meta property=\"og:type\" content=\"article\" \/>\n<meta property=\"og:title\" content=\"El Oficio de Escribir Arquitectura | Miquel Lacasta - veredes\" \/>\n<meta property=\"og:description\" content=\"Toda la informaci\u00f3n sobre: El Oficio de Escribir Arquitectura | Miquel Lacasta\" \/>\n<meta property=\"og:url\" content=\"https:\/\/veredes.es\/blog\/el-oficio-de-escribir-arquitectura-miquel-lacasta\/\" \/>\n<meta property=\"og:site_name\" content=\"veredes, arquitectura y divulgaci\u00f3n\" \/>\n<meta property=\"article:publisher\" content=\"https:\/\/www.facebook.com\/veredesArquitecturayDivulgacion\/\" \/>\n<meta property=\"article:author\" content=\"https:\/\/www.facebook.com\/MikelLacastaCodorniu\" \/>\n<meta property=\"article:published_time\" content=\"2022-09-11T22:01:17+00:00\" \/>\n<meta property=\"og:image\" content=\"https:\/\/veredes.es\/blog\/wp-content\/uploads\/2022\/04\/El-Oficio-de-Escribir-Arquitectura-Miquel-Lacasta-captura-de-pantalla-de-httpwww.anycorp.comanymagazine1-..jpg\" \/>\n\t<meta property=\"og:image:width\" content=\"640\" \/>\n\t<meta property=\"og:image:height\" content=\"392\" \/>\n\t<meta property=\"og:image:type\" content=\"image\/jpeg\" \/>\n<meta name=\"author\" content=\"Miquel Lacasta Codorniu\" \/>\n<meta name=\"twitter:card\" content=\"summary_large_image\" \/>\n<meta name=\"twitter:creator\" content=\"@https:\/\/twitter.com\/miquelacasta\" \/>\n<meta name=\"twitter:site\" content=\"@veredes\" \/>\n<meta name=\"twitter:label1\" content=\"Escrito por\" \/>\n\t<meta name=\"twitter:data1\" content=\"Miquel Lacasta Codorniu\" \/>\n\t<meta name=\"twitter:label2\" content=\"Tiempo de lectura\" \/>\n\t<meta name=\"twitter:data2\" content=\"6 minutos\" \/>\n<script type=\"application\/ld+json\" class=\"yoast-schema-graph\">{\"@context\":\"https:\\\/\\\/schema.org\",\"@graph\":[{\"@type\":\"Article\",\"@id\":\"https:\\\/\\\/veredes.es\\\/blog\\\/el-oficio-de-escribir-arquitectura-miquel-lacasta\\\/#article\",\"isPartOf\":{\"@id\":\"https:\\\/\\\/veredes.es\\\/blog\\\/el-oficio-de-escribir-arquitectura-miquel-lacasta\\\/\"},\"author\":{\"name\":\"Miquel Lacasta Codorniu\",\"@id\":\"https:\\\/\\\/veredes.es\\\/blog\\\/#\\\/schema\\\/person\\\/11c5393188d51787b8b13761dea40343\"},\"headline\":\"El Oficio de Escribir Arquitectura | Miquel Lacasta\",\"datePublished\":\"2022-09-11T22:01:17+00:00\",\"mainEntityOfPage\":{\"@id\":\"https:\\\/\\\/veredes.es\\\/blog\\\/el-oficio-de-escribir-arquitectura-miquel-lacasta\\\/\"},\"wordCount\":1160,\"commentCount\":1,\"publisher\":{\"@id\":\"https:\\\/\\\/veredes.es\\\/blog\\\/#organization\"},\"image\":{\"@id\":\"https:\\\/\\\/veredes.es\\\/blog\\\/el-oficio-de-escribir-arquitectura-miquel-lacasta\\\/#primaryimage\"},\"thumbnailUrl\":\"https:\\\/\\\/veredes.es\\\/blog\\\/wp-content\\\/uploads\\\/2022\\\/04\\\/El-Oficio-de-Escribir-Arquitectura-Miquel-Lacasta-captura-de-pantalla-de-httpwww.anycorp.comanymagazine1-..jpg\",\"keywords\":[\"arquitectura postmoderna\",\"Arthur Schopenhauer\",\"cr\u00edtica\",\"Cynthia Davidson\",\"Ignasi de Sol\u00e0-Morales\",\"paisaje\",\"pensamiento\",\"Peter Eisenman\",\"postmodernidad\",\"reflexi\u00f3n\",\"reflexi\u00f3n multidisciplinar\",\"reflexi\u00f3n urban\u00edstica\",\"urbanismo\"],\"articleSection\":[\"art\u00edculos\",\"slider principal\"],\"inLanguage\":\"es\",\"potentialAction\":[{\"@type\":\"CommentAction\",\"name\":\"Comment\",\"target\":[\"https:\\\/\\\/veredes.es\\\/blog\\\/el-oficio-de-escribir-arquitectura-miquel-lacasta\\\/#respond\"]}]},{\"@type\":\"WebPage\",\"@id\":\"https:\\\/\\\/veredes.es\\\/blog\\\/el-oficio-de-escribir-arquitectura-miquel-lacasta\\\/\",\"url\":\"https:\\\/\\\/veredes.es\\\/blog\\\/el-oficio-de-escribir-arquitectura-miquel-lacasta\\\/\",\"name\":\"El Oficio de Escribir Arquitectura | Miquel Lacasta - veredes\",\"isPartOf\":{\"@id\":\"https:\\\/\\\/veredes.es\\\/blog\\\/#website\"},\"primaryImageOfPage\":{\"@id\":\"https:\\\/\\\/veredes.es\\\/blog\\\/el-oficio-de-escribir-arquitectura-miquel-lacasta\\\/#primaryimage\"},\"image\":{\"@id\":\"https:\\\/\\\/veredes.es\\\/blog\\\/el-oficio-de-escribir-arquitectura-miquel-lacasta\\\/#primaryimage\"},\"thumbnailUrl\":\"https:\\\/\\\/veredes.es\\\/blog\\\/wp-content\\\/uploads\\\/2022\\\/04\\\/El-Oficio-de-Escribir-Arquitectura-Miquel-Lacasta-captura-de-pantalla-de-httpwww.anycorp.comanymagazine1-..jpg\",\"datePublished\":\"2022-09-11T22:01:17+00:00\",\"description\":\"Toda la informaci\u00f3n sobre: El Oficio de Escribir Arquitectura | Miquel Lacasta\",\"breadcrumb\":{\"@id\":\"https:\\\/\\\/veredes.es\\\/blog\\\/el-oficio-de-escribir-arquitectura-miquel-lacasta\\\/#breadcrumb\"},\"inLanguage\":\"es\",\"potentialAction\":[{\"@type\":\"ReadAction\",\"target\":[\"https:\\\/\\\/veredes.es\\\/blog\\\/el-oficio-de-escribir-arquitectura-miquel-lacasta\\\/\"]}]},{\"@type\":\"ImageObject\",\"inLanguage\":\"es\",\"@id\":\"https:\\\/\\\/veredes.es\\\/blog\\\/el-oficio-de-escribir-arquitectura-miquel-lacasta\\\/#primaryimage\",\"url\":\"https:\\\/\\\/veredes.es\\\/blog\\\/wp-content\\\/uploads\\\/2022\\\/04\\\/El-Oficio-de-Escribir-Arquitectura-Miquel-Lacasta-captura-de-pantalla-de-httpwww.anycorp.comanymagazine1-..jpg\",\"contentUrl\":\"https:\\\/\\\/veredes.es\\\/blog\\\/wp-content\\\/uploads\\\/2022\\\/04\\\/El-Oficio-de-Escribir-Arquitectura-Miquel-Lacasta-captura-de-pantalla-de-httpwww.anycorp.comanymagazine1-..jpg\",\"width\":640,\"height\":392,\"caption\":\"El Oficio de Escribir Arquitectura Miquel Lacasta captura de pantalla de httpwww.anycorp.comanymagazine1 .\"},{\"@type\":\"BreadcrumbList\",\"@id\":\"https:\\\/\\\/veredes.es\\\/blog\\\/el-oficio-de-escribir-arquitectura-miquel-lacasta\\\/#breadcrumb\",\"itemListElement\":[{\"@type\":\"ListItem\",\"position\":1,\"name\":\"Portada\",\"item\":\"https:\\\/\\\/veredes.es\\\/blog\\\/\"},{\"@type\":\"ListItem\",\"position\":2,\"name\":\"El Oficio de Escribir Arquitectura | Miquel Lacasta\"}]},{\"@type\":\"WebSite\",\"@id\":\"https:\\\/\\\/veredes.es\\\/blog\\\/#website\",\"url\":\"https:\\\/\\\/veredes.es\\\/blog\\\/\",\"name\":\"veredes, arquitectura y divulgaci\u00f3n\",\"description\":\"veredes\",\"publisher\":{\"@id\":\"https:\\\/\\\/veredes.es\\\/blog\\\/#organization\"},\"alternateName\":\"veredes\",\"potentialAction\":[{\"@type\":\"SearchAction\",\"target\":{\"@type\":\"EntryPoint\",\"urlTemplate\":\"https:\\\/\\\/veredes.es\\\/blog\\\/?s={search_term_string}\"},\"query-input\":{\"@type\":\"PropertyValueSpecification\",\"valueRequired\":true,\"valueName\":\"search_term_string\"}}],\"inLanguage\":\"es\"},{\"@type\":\"Organization\",\"@id\":\"https:\\\/\\\/veredes.es\\\/blog\\\/#organization\",\"name\":\"veredes, arquitectura y divulgaci\u00f3n\",\"alternateName\":\"veredes\",\"url\":\"https:\\\/\\\/veredes.es\\\/blog\\\/\",\"logo\":{\"@type\":\"ImageObject\",\"inLanguage\":\"es\",\"@id\":\"https:\\\/\\\/veredes.es\\\/blog\\\/#\\\/schema\\\/logo\\\/image\\\/\",\"url\":\"https:\\\/\\\/veredes.es\\\/blog\\\/wp-content\\\/uploads\\\/2021\\\/12\\\/veredes-logo-centrado_140x54.png\",\"contentUrl\":\"https:\\\/\\\/veredes.es\\\/blog\\\/wp-content\\\/uploads\\\/2021\\\/12\\\/veredes-logo-centrado_140x54.png\",\"width\":140,\"height\":54,\"caption\":\"veredes, arquitectura y divulgaci\u00f3n\"},\"image\":{\"@id\":\"https:\\\/\\\/veredes.es\\\/blog\\\/#\\\/schema\\\/logo\\\/image\\\/\"},\"sameAs\":[\"https:\\\/\\\/www.facebook.com\\\/veredesArquitecturayDivulgacion\\\/\",\"https:\\\/\\\/x.com\\\/veredes\",\"https:\\\/\\\/instagram.com\\\/veredes\\\/\",\"https:\\\/\\\/www.linkedin.com\\\/company\\\/veredes-arquitectura-y-divulgacion\\\/\",\"https:\\\/\\\/es.pinterest.com\\\/veredes\\\/\",\"https:\\\/\\\/www.tumblr.com\\\/veredes\"]},{\"@type\":\"Person\",\"@id\":\"https:\\\/\\\/veredes.es\\\/blog\\\/#\\\/schema\\\/person\\\/11c5393188d51787b8b13761dea40343\",\"name\":\"Miquel Lacasta Codorniu\",\"image\":{\"@type\":\"ImageObject\",\"inLanguage\":\"es\",\"@id\":\"https:\\\/\\\/secure.gravatar.com\\\/avatar\\\/08c0363dcfecc8314962e22fc525294dd6549dd4a7630af6a4f7053ff640935d?s=96&r=g\",\"url\":\"https:\\\/\\\/secure.gravatar.com\\\/avatar\\\/08c0363dcfecc8314962e22fc525294dd6549dd4a7630af6a4f7053ff640935d?s=96&r=g\",\"contentUrl\":\"https:\\\/\\\/secure.gravatar.com\\\/avatar\\\/08c0363dcfecc8314962e22fc525294dd6549dd4a7630af6a4f7053ff640935d?s=96&r=g\",\"caption\":\"Miquel Lacasta Codorniu\"},\"description\":\"Es cofundador en ARCHIKUBIK y tambi\u00e9n en @kubik - espacio multidisciplinario. Obtuvo un Ph.D. con honores (cum laude) en ESARQ Universitat Internacional de Catalunya UIC y tambi\u00e9n fue galardonado con el premio especial Ph.D (UIC 2012), M.arch en ESARQ Universitat Internacional de Catalunya, y se gradu\u00f3 como arquitecto en ETSAB Universitat Polit\u00e8cnica de Catalunya . Miquel es profesor asociado en ESARQ desde 1996. Anteriormente, fue profesor en Elisava y Escola LAI, y tambi\u00e9n en programas de postgrado en ETSAB y La Salle. Fue arquitecto en la oficina de Manuel Brullet desde 1989 desde 1995. Ha sido galardonado en \\\"Taller Barcelona'96. El TGV, una oportunidad por estructurar la periferia \\\". Fue codirector del taller \\\"Territorio Virtual, L\u00edmite Urbano\\\" en ITSEM Guadalajara, M\u00e9xico en 2000 y tambi\u00e9n codirector del taller \\\"Ravalizar Barcelona\\\" en ITSEM Guadalajara, M\u00e9xico, y CCNY, Nueva York, EE. UU. En 2002, 2003 y 2004. Gan\u00f3 el premio A + en 2010 por Sunion School en el Best Educational Building, The International Architecture Award 2008 en The Chicago Athenaeum por Colin's House y el primer premio en Corian Prize en 2006. Su obra ha sido expuesta en Barcelona , Madrid, Florencia, Cannes y en Le Pavillon de l'Arsenal en Par\u00eds. Varias publicaciones han sido reconocidas por su trabajo como Quaderns, ON, Arquitectura Plus, Piso, Arquitectura y Dise\u00f1o, El Pa\u00eds, ABC, La Vanguardia, Clar\u00edn, Sole 24 Ore, y otros. Recientemente realiz\u00f3 conferencias en ITSEM Guadalajara, M\u00e9xico, Facolta di Architettura di l'Alghero, Italia, msa M\u00fcnster School of Architecture, M\u00fcnster Alemania, IBM Think Tank en Par\u00eds, Francia, y varias universidades y organizaciones en Espa\u00f1a. Recientemente fue galardonado con el ZAC RN5 en el concurso Vitry-sur-Seine, un Eco-distrito de 255 residencias sociales y privadas y una residencia de estudiantes en Ivry, y 32 apartamentos asistidos para personas mayores en Olesa de Montserrat.\",\"sameAs\":[\"https:\\\/\\\/axonometrica.wordpress.com\\\/\",\"https:\\\/\\\/www.facebook.com\\\/MikelLacastaCodorniu\",\"https:\\\/\\\/www.instagram.com\\\/mikel3\\\/\",\"https:\\\/\\\/www.linkedin.com\\\/in\\\/miquel-lacasta-profile\\\/\",\"https:\\\/\\\/x.com\\\/https:\\\/\\\/twitter.com\\\/miquelacasta\"],\"url\":\"https:\\\/\\\/veredes.es\\\/blog\\\/author\\\/miquel-lacasta-codorniu\\\/\"}]}<\/script>\n<!-- \/ Yoast SEO plugin. -->","yoast_head_json":{"title":"El Oficio de Escribir Arquitectura | Miquel Lacasta - veredes","description":"Toda la informaci\u00f3n sobre: El Oficio de Escribir Arquitectura | Miquel Lacasta","robots":{"index":"index","follow":"follow","max-snippet":"max-snippet:-1","max-image-preview":"max-image-preview:large","max-video-preview":"max-video-preview:-1"},"canonical":"https:\/\/veredes.es\/blog\/el-oficio-de-escribir-arquitectura-miquel-lacasta\/","og_locale":"es_ES","og_type":"article","og_title":"El Oficio de Escribir Arquitectura | Miquel Lacasta - veredes","og_description":"Toda la informaci\u00f3n sobre: El Oficio de Escribir Arquitectura | Miquel Lacasta","og_url":"https:\/\/veredes.es\/blog\/el-oficio-de-escribir-arquitectura-miquel-lacasta\/","og_site_name":"veredes, arquitectura y divulgaci\u00f3n","article_publisher":"https:\/\/www.facebook.com\/veredesArquitecturayDivulgacion\/","article_author":"https:\/\/www.facebook.com\/MikelLacastaCodorniu","article_published_time":"2022-09-11T22:01:17+00:00","og_image":[{"width":640,"height":392,"url":"https:\/\/veredes.es\/blog\/wp-content\/uploads\/2022\/04\/El-Oficio-de-Escribir-Arquitectura-Miquel-Lacasta-captura-de-pantalla-de-httpwww.anycorp.comanymagazine1-..jpg","type":"image\/jpeg"}],"author":"Miquel Lacasta Codorniu","twitter_card":"summary_large_image","twitter_creator":"@https:\/\/twitter.com\/miquelacasta","twitter_site":"@veredes","twitter_misc":{"Escrito por":"Miquel Lacasta Codorniu","Tiempo de lectura":"6 minutos"},"schema":{"@context":"https:\/\/schema.org","@graph":[{"@type":"Article","@id":"https:\/\/veredes.es\/blog\/el-oficio-de-escribir-arquitectura-miquel-lacasta\/#article","isPartOf":{"@id":"https:\/\/veredes.es\/blog\/el-oficio-de-escribir-arquitectura-miquel-lacasta\/"},"author":{"name":"Miquel Lacasta Codorniu","@id":"https:\/\/veredes.es\/blog\/#\/schema\/person\/11c5393188d51787b8b13761dea40343"},"headline":"El Oficio de Escribir Arquitectura | Miquel Lacasta","datePublished":"2022-09-11T22:01:17+00:00","mainEntityOfPage":{"@id":"https:\/\/veredes.es\/blog\/el-oficio-de-escribir-arquitectura-miquel-lacasta\/"},"wordCount":1160,"commentCount":1,"publisher":{"@id":"https:\/\/veredes.es\/blog\/#organization"},"image":{"@id":"https:\/\/veredes.es\/blog\/el-oficio-de-escribir-arquitectura-miquel-lacasta\/#primaryimage"},"thumbnailUrl":"https:\/\/veredes.es\/blog\/wp-content\/uploads\/2022\/04\/El-Oficio-de-Escribir-Arquitectura-Miquel-Lacasta-captura-de-pantalla-de-httpwww.anycorp.comanymagazine1-..jpg","keywords":["arquitectura postmoderna","Arthur Schopenhauer","cr\u00edtica","Cynthia Davidson","Ignasi de Sol\u00e0-Morales","paisaje","pensamiento","Peter Eisenman","postmodernidad","reflexi\u00f3n","reflexi\u00f3n multidisciplinar","reflexi\u00f3n urban\u00edstica","urbanismo"],"articleSection":["art\u00edculos","slider principal"],"inLanguage":"es","potentialAction":[{"@type":"CommentAction","name":"Comment","target":["https:\/\/veredes.es\/blog\/el-oficio-de-escribir-arquitectura-miquel-lacasta\/#respond"]}]},{"@type":"WebPage","@id":"https:\/\/veredes.es\/blog\/el-oficio-de-escribir-arquitectura-miquel-lacasta\/","url":"https:\/\/veredes.es\/blog\/el-oficio-de-escribir-arquitectura-miquel-lacasta\/","name":"El Oficio de Escribir Arquitectura | Miquel Lacasta - veredes","isPartOf":{"@id":"https:\/\/veredes.es\/blog\/#website"},"primaryImageOfPage":{"@id":"https:\/\/veredes.es\/blog\/el-oficio-de-escribir-arquitectura-miquel-lacasta\/#primaryimage"},"image":{"@id":"https:\/\/veredes.es\/blog\/el-oficio-de-escribir-arquitectura-miquel-lacasta\/#primaryimage"},"thumbnailUrl":"https:\/\/veredes.es\/blog\/wp-content\/uploads\/2022\/04\/El-Oficio-de-Escribir-Arquitectura-Miquel-Lacasta-captura-de-pantalla-de-httpwww.anycorp.comanymagazine1-..jpg","datePublished":"2022-09-11T22:01:17+00:00","description":"Toda la informaci\u00f3n sobre: El Oficio de Escribir Arquitectura | Miquel Lacasta","breadcrumb":{"@id":"https:\/\/veredes.es\/blog\/el-oficio-de-escribir-arquitectura-miquel-lacasta\/#breadcrumb"},"inLanguage":"es","potentialAction":[{"@type":"ReadAction","target":["https:\/\/veredes.es\/blog\/el-oficio-de-escribir-arquitectura-miquel-lacasta\/"]}]},{"@type":"ImageObject","inLanguage":"es","@id":"https:\/\/veredes.es\/blog\/el-oficio-de-escribir-arquitectura-miquel-lacasta\/#primaryimage","url":"https:\/\/veredes.es\/blog\/wp-content\/uploads\/2022\/04\/El-Oficio-de-Escribir-Arquitectura-Miquel-Lacasta-captura-de-pantalla-de-httpwww.anycorp.comanymagazine1-..jpg","contentUrl":"https:\/\/veredes.es\/blog\/wp-content\/uploads\/2022\/04\/El-Oficio-de-Escribir-Arquitectura-Miquel-Lacasta-captura-de-pantalla-de-httpwww.anycorp.comanymagazine1-..jpg","width":640,"height":392,"caption":"El Oficio de Escribir Arquitectura Miquel Lacasta captura de pantalla de httpwww.anycorp.comanymagazine1 ."},{"@type":"BreadcrumbList","@id":"https:\/\/veredes.es\/blog\/el-oficio-de-escribir-arquitectura-miquel-lacasta\/#breadcrumb","itemListElement":[{"@type":"ListItem","position":1,"name":"Portada","item":"https:\/\/veredes.es\/blog\/"},{"@type":"ListItem","position":2,"name":"El Oficio de Escribir Arquitectura | Miquel Lacasta"}]},{"@type":"WebSite","@id":"https:\/\/veredes.es\/blog\/#website","url":"https:\/\/veredes.es\/blog\/","name":"veredes, arquitectura y divulgaci\u00f3n","description":"veredes","publisher":{"@id":"https:\/\/veredes.es\/blog\/#organization"},"alternateName":"veredes","potentialAction":[{"@type":"SearchAction","target":{"@type":"EntryPoint","urlTemplate":"https:\/\/veredes.es\/blog\/?s={search_term_string}"},"query-input":{"@type":"PropertyValueSpecification","valueRequired":true,"valueName":"search_term_string"}}],"inLanguage":"es"},{"@type":"Organization","@id":"https:\/\/veredes.es\/blog\/#organization","name":"veredes, arquitectura y divulgaci\u00f3n","alternateName":"veredes","url":"https:\/\/veredes.es\/blog\/","logo":{"@type":"ImageObject","inLanguage":"es","@id":"https:\/\/veredes.es\/blog\/#\/schema\/logo\/image\/","url":"https:\/\/veredes.es\/blog\/wp-content\/uploads\/2021\/12\/veredes-logo-centrado_140x54.png","contentUrl":"https:\/\/veredes.es\/blog\/wp-content\/uploads\/2021\/12\/veredes-logo-centrado_140x54.png","width":140,"height":54,"caption":"veredes, arquitectura y divulgaci\u00f3n"},"image":{"@id":"https:\/\/veredes.es\/blog\/#\/schema\/logo\/image\/"},"sameAs":["https:\/\/www.facebook.com\/veredesArquitecturayDivulgacion\/","https:\/\/x.com\/veredes","https:\/\/instagram.com\/veredes\/","https:\/\/www.linkedin.com\/company\/veredes-arquitectura-y-divulgacion\/","https:\/\/es.pinterest.com\/veredes\/","https:\/\/www.tumblr.com\/veredes"]},{"@type":"Person","@id":"https:\/\/veredes.es\/blog\/#\/schema\/person\/11c5393188d51787b8b13761dea40343","name":"Miquel Lacasta Codorniu","image":{"@type":"ImageObject","inLanguage":"es","@id":"https:\/\/secure.gravatar.com\/avatar\/08c0363dcfecc8314962e22fc525294dd6549dd4a7630af6a4f7053ff640935d?s=96&r=g","url":"https:\/\/secure.gravatar.com\/avatar\/08c0363dcfecc8314962e22fc525294dd6549dd4a7630af6a4f7053ff640935d?s=96&r=g","contentUrl":"https:\/\/secure.gravatar.com\/avatar\/08c0363dcfecc8314962e22fc525294dd6549dd4a7630af6a4f7053ff640935d?s=96&r=g","caption":"Miquel Lacasta Codorniu"},"description":"Es cofundador en ARCHIKUBIK y tambi\u00e9n en @kubik - espacio multidisciplinario. Obtuvo un Ph.D. con honores (cum laude) en ESARQ Universitat Internacional de Catalunya UIC y tambi\u00e9n fue galardonado con el premio especial Ph.D (UIC 2012), M.arch en ESARQ Universitat Internacional de Catalunya, y se gradu\u00f3 como arquitecto en ETSAB Universitat Polit\u00e8cnica de Catalunya . Miquel es profesor asociado en ESARQ desde 1996. Anteriormente, fue profesor en Elisava y Escola LAI, y tambi\u00e9n en programas de postgrado en ETSAB y La Salle. Fue arquitecto en la oficina de Manuel Brullet desde 1989 desde 1995. Ha sido galardonado en \"Taller Barcelona'96. El TGV, una oportunidad por estructurar la periferia \". Fue codirector del taller \"Territorio Virtual, L\u00edmite Urbano\" en ITSEM Guadalajara, M\u00e9xico en 2000 y tambi\u00e9n codirector del taller \"Ravalizar Barcelona\" en ITSEM Guadalajara, M\u00e9xico, y CCNY, Nueva York, EE. UU. En 2002, 2003 y 2004. Gan\u00f3 el premio A + en 2010 por Sunion School en el Best Educational Building, The International Architecture Award 2008 en The Chicago Athenaeum por Colin's House y el primer premio en Corian Prize en 2006. Su obra ha sido expuesta en Barcelona , Madrid, Florencia, Cannes y en Le Pavillon de l'Arsenal en Par\u00eds. Varias publicaciones han sido reconocidas por su trabajo como Quaderns, ON, Arquitectura Plus, Piso, Arquitectura y Dise\u00f1o, El Pa\u00eds, ABC, La Vanguardia, Clar\u00edn, Sole 24 Ore, y otros. Recientemente realiz\u00f3 conferencias en ITSEM Guadalajara, M\u00e9xico, Facolta di Architettura di l'Alghero, Italia, msa M\u00fcnster School of Architecture, M\u00fcnster Alemania, IBM Think Tank en Par\u00eds, Francia, y varias universidades y organizaciones en Espa\u00f1a. Recientemente fue galardonado con el ZAC RN5 en el concurso Vitry-sur-Seine, un Eco-distrito de 255 residencias sociales y privadas y una residencia de estudiantes en Ivry, y 32 apartamentos asistidos para personas mayores en Olesa de Montserrat.","sameAs":["https:\/\/axonometrica.wordpress.com\/","https:\/\/www.facebook.com\/MikelLacastaCodorniu","https:\/\/www.instagram.com\/mikel3\/","https:\/\/www.linkedin.com\/in\/miquel-lacasta-profile\/","https:\/\/x.com\/https:\/\/twitter.com\/miquelacasta"],"url":"https:\/\/veredes.es\/blog\/author\/miquel-lacasta-codorniu\/"}]}},"_links":{"self":[{"href":"https:\/\/veredes.es\/blog\/wp-json\/wp\/v2\/posts\/88900","targetHints":{"allow":["GET"]}}],"collection":[{"href":"https:\/\/veredes.es\/blog\/wp-json\/wp\/v2\/posts"}],"about":[{"href":"https:\/\/veredes.es\/blog\/wp-json\/wp\/v2\/types\/post"}],"author":[{"embeddable":true,"href":"https:\/\/veredes.es\/blog\/wp-json\/wp\/v2\/users\/32"}],"replies":[{"embeddable":true,"href":"https:\/\/veredes.es\/blog\/wp-json\/wp\/v2\/comments?post=88900"}],"version-history":[{"count":0,"href":"https:\/\/veredes.es\/blog\/wp-json\/wp\/v2\/posts\/88900\/revisions"}],"wp:featuredmedia":[{"embeddable":true,"href":"https:\/\/veredes.es\/blog\/wp-json\/wp\/v2\/media\/88902"}],"wp:attachment":[{"href":"https:\/\/veredes.es\/blog\/wp-json\/wp\/v2\/media?parent=88900"}],"wp:term":[{"taxonomy":"category","embeddable":true,"href":"https:\/\/veredes.es\/blog\/wp-json\/wp\/v2\/categories?post=88900"},{"taxonomy":"post_tag","embeddable":true,"href":"https:\/\/veredes.es\/blog\/wp-json\/wp\/v2\/tags?post=88900"}],"curies":[{"name":"wp","href":"https:\/\/api.w.org\/{rel}","templated":true}]}}