{"id":88448,"date":"2022-03-16T00:01:14","date_gmt":"2022-03-15T23:01:14","guid":{"rendered":"https:\/\/veredes.es\/blog\/?p=88448"},"modified":"2022-03-12T13:08:50","modified_gmt":"2022-03-12T12:08:50","slug":"plaza-de-la-sinagoga-en-el-centro-historico-de-onda-el-fabricante-de-espheras-grupo-aranea-cel-ras-arquitectura","status":"publish","type":"post","link":"https:\/\/veredes.es\/blog\/plaza-de-la-sinagoga-en-el-centro-historico-de-onda-el-fabricante-de-espheras-grupo-aranea-cel-ras-arquitectura\/","title":{"rendered":"Plaza de la Sinagoga en el centro hist\u00f3rico de Onda | el fabricante de espheras &#8211; Grupo Aranea &#8211; Cel-Ras Arquitectura"},"content":{"rendered":"<figure id=\"attachment_88460\" aria-describedby=\"caption-attachment-88460\" style=\"width: 1400px\" class=\"wp-caption alignnone\"><img loading=\"lazy\" decoding=\"async\" class=\"wp-image-88460 size-full\" title=\"Plaza de la Sinagoga en el centro hist\u00f3rico de Onda el fabricante de espheras - Grupo Aranea - Cel-Ras Arquitectura \u00a9 Milena Villalba \" src=\"https:\/\/veredes.es\/blog\/wp-content\/uploads\/2022\/03\/Plaza-de-la-Sinagoga-en-el-centro-historico-de-Onda-el-fabricante-de-espheras-Grupo-Aranea-Cel-Ras-Arquitectura-\u00a9-Milena-Villalba-o4.jpg\" alt=\"Plaza de la Sinagoga en el centro hist\u00f3rico de Onda el fabricante de espheras - Grupo Aranea - Cel-Ras Arquitectura \u00a9 Milena Villalba\" width=\"1400\" height=\"1728\" srcset=\"https:\/\/veredes.es\/blog\/wp-content\/uploads\/2022\/03\/Plaza-de-la-Sinagoga-en-el-centro-historico-de-Onda-el-fabricante-de-espheras-Grupo-Aranea-Cel-Ras-Arquitectura-\u00a9-Milena-Villalba-o4.jpg 1400w, https:\/\/veredes.es\/blog\/wp-content\/uploads\/2022\/03\/Plaza-de-la-Sinagoga-en-el-centro-historico-de-Onda-el-fabricante-de-espheras-Grupo-Aranea-Cel-Ras-Arquitectura-\u00a9-Milena-Villalba-o4-243x300.jpg 243w, https:\/\/veredes.es\/blog\/wp-content\/uploads\/2022\/03\/Plaza-de-la-Sinagoga-en-el-centro-historico-de-Onda-el-fabricante-de-espheras-Grupo-Aranea-Cel-Ras-Arquitectura-\u00a9-Milena-Villalba-o4-830x1024.jpg 830w, https:\/\/veredes.es\/blog\/wp-content\/uploads\/2022\/03\/Plaza-de-la-Sinagoga-en-el-centro-historico-de-Onda-el-fabricante-de-espheras-Grupo-Aranea-Cel-Ras-Arquitectura-\u00a9-Milena-Villalba-o4-1244x1536.jpg 1244w, https:\/\/veredes.es\/blog\/wp-content\/uploads\/2022\/03\/Plaza-de-la-Sinagoga-en-el-centro-historico-de-Onda-el-fabricante-de-espheras-Grupo-Aranea-Cel-Ras-Arquitectura-\u00a9-Milena-Villalba-o4-324x400.jpg 324w, https:\/\/veredes.es\/blog\/wp-content\/uploads\/2022\/03\/Plaza-de-la-Sinagoga-en-el-centro-historico-de-Onda-el-fabricante-de-espheras-Grupo-Aranea-Cel-Ras-Arquitectura-\u00a9-Milena-Villalba-o4-696x859.jpg 696w, https:\/\/veredes.es\/blog\/wp-content\/uploads\/2022\/03\/Plaza-de-la-Sinagoga-en-el-centro-historico-de-Onda-el-fabricante-de-espheras-Grupo-Aranea-Cel-Ras-Arquitectura-\u00a9-Milena-Villalba-o4-1068x1318.jpg 1068w\" sizes=\"auto, (max-width: 1400px) 100vw, 1400px\" \/><figcaption id=\"caption-attachment-88460\" class=\"wp-caption-text\"><span style=\"color: #999999;\">Plaza de la Sinagoga en el centro hist\u00f3rico de Onda | el fabricante de espheras &#8211; Grupo Aranea &#8211; Cel-Ras Arquitectura \u00a9 Milena Villalba<\/span><\/figcaption><\/figure>\n<p style=\"text-align: justify;\"><strong>Contexto<\/strong><\/p>\n<p style=\"text-align: justify;\">El proyecto de regeneraci\u00f3n urbana de la Plaza de la Sinagoga es una intervenci\u00f3n sobre el patrimonio construido ubicado en el Centro Hist\u00f3rico de la Ciudad de Onda, de origen isl\u00e1mico (s. XI-XII) y declarado como Bien de Inter\u00e9s Cultural en 1967. La plaza es un vac\u00edo en la ciudad medieval, en un \u00e1rea topogr\u00e1fica cerca de los restos arqueol\u00f3gicos \u00e1rabes de palacios medievales y la iglesia mayor situada sobre la antigua mezquita. En \u00e9poca medieval, como todas las plazas era un punto de encuentro social, un hecho que se amplificaba porque adem\u00e1s ten\u00eda una de las principales puertas de acceso al recinto amurallado que era el Portal de Val\u00e8ncia, con un camino que conectaba directamente al mar.<\/p>\n<p style=\"text-align: justify;\">En \u00e9pocas m\u00e1s recientes esta plaza sirvi\u00f3 de patio de recreo de la escuela infantil que ten\u00eda el complejo eclesi\u00e1stico. Pero en las \u00faltimas d\u00e9cadas la Plaza de la Sinagoga se utiliz\u00f3 solo como estacionamiento de veh\u00edculos degradando la calidad del espacio. En 2016, durante una investigaci\u00f3n arqueol\u00f3gica investigaci\u00f3n, se descubrieron casi al nivel de la plaza unos muros de tapial de \u00e9poca isl\u00e1mica. Se continuaron los trabajos de excavaci\u00f3n y se lleg\u00f3 a cotas m\u00e1s profundas hasta casi 5 m. El hallazgo fue sorprendente, porque no s\u00f3lo se descubri\u00f3 un de dep\u00f3sito de forma cuadrada, sino que en su interior se albergaban otros restos de \u00e9poca g\u00f3tica (s. XIII-XV) materializados en una escalera monumental y el arranque de varios arcos, posiblemente apuntados, todo ello de sillares de piedra caliza.<\/p>\n<p style=\"text-align: justify;\"><strong>Estado de conservaci\u00f3n<\/strong><\/p>\n<p style=\"text-align: justify;\">El espacio arqueol\u00f3gico descubierto era realmente una balsa andalus\u00ed del siglo XII rodeada de muros de tapial de 1,40 metros de espesor ten\u00eda unas dimensiones 15&#215;15 metros. Posiblemente, ya en \u00e9poca cristiana, durante el s.XII-XV este espacio fue reutilizado por la Orden del Hospital para uso de almud\u00edn (almacenaje y gesti\u00f3n de cereales y otras cosechas), la cual construy\u00f3 4 hileras de arcos de piedra y una escalera en su interior de estilo g\u00f3tico-civil. Con la integraci\u00f3n del yacimiento arqueol\u00f3gico al resto del espacio de la plaza y restableciendo las conexiones a las calles hist\u00f3rica, el objetivo de la intervenci\u00f3n del proyecto ha sido recuperar el inter\u00e9s y la vida urbana del barrio ya que actualmente presentaba una evidente regresi\u00f3n poblacional y abandono social.<\/p>\n<div id='gallery-1' class='gallery galleryid-88448 gallery-columns-4 gallery-size-thumbnail'><figure class='gallery-item'>\n\t\t\t<div class='gallery-icon landscape'>\n\t\t\t\t<a href='https:\/\/veredes.es\/blog\/wp-content\/uploads\/2022\/03\/Plaza-de-la-Sinagoga-en-el-centro-historico-de-Onda-el-fabricante-de-espheras-Grupo-Aranea-Cel-Ras-Arquitectura-01-entorno.jpg'><img loading=\"lazy\" decoding=\"async\" width=\"120\" height=\"120\" src=\"https:\/\/veredes.es\/blog\/wp-content\/uploads\/2022\/03\/Plaza-de-la-Sinagoga-en-el-centro-historico-de-Onda-el-fabricante-de-espheras-Grupo-Aranea-Cel-Ras-Arquitectura-01-entorno-120x120.jpg\" class=\"attachment-thumbnail size-thumbnail\" alt=\"Plaza de la Sinagoga en el centro hist\u00f3rico de Onda el fabricante de espheras - Grupo Aranea - Cel-Ras Arquitectura\" aria-describedby=\"gallery-1-88449\" \/><\/a>\n\t\t\t<\/div>\n\t\t\t\t<figcaption class='wp-caption-text gallery-caption' id='gallery-1-88449'>\n\t\t\t\tEmplazamiento\n\t\t\t\t<\/figcaption><\/figure><figure class='gallery-item'>\n\t\t\t<div class='gallery-icon landscape'>\n\t\t\t\t<a href='https:\/\/veredes.es\/blog\/wp-content\/uploads\/2022\/03\/Plaza-de-la-Sinagoga-en-el-centro-historico-de-Onda-el-fabricante-de-espheras-Grupo-Aranea-Cel-Ras-Arquitectura-02-planta-entorno.jpg'><img loading=\"lazy\" decoding=\"async\" width=\"120\" height=\"120\" src=\"https:\/\/veredes.es\/blog\/wp-content\/uploads\/2022\/03\/Plaza-de-la-Sinagoga-en-el-centro-historico-de-Onda-el-fabricante-de-espheras-Grupo-Aranea-Cel-Ras-Arquitectura-02-planta-entorno-120x120.jpg\" class=\"attachment-thumbnail size-thumbnail\" alt=\"Plaza de la Sinagoga en el centro hist\u00f3rico de Onda el fabricante de espheras - Grupo Aranea - Cel-Ras Arquitectura\" aria-describedby=\"gallery-1-88450\" \/><\/a>\n\t\t\t<\/div>\n\t\t\t\t<figcaption class='wp-caption-text gallery-caption' id='gallery-1-88450'>\n\t\t\t\tEntorno\n\t\t\t\t<\/figcaption><\/figure><figure class='gallery-item'>\n\t\t\t<div class='gallery-icon landscape'>\n\t\t\t\t<a href='https:\/\/veredes.es\/blog\/wp-content\/uploads\/2022\/03\/Plaza-de-la-Sinagoga-en-el-centro-historico-de-Onda-el-fabricante-de-espheras-Grupo-Aranea-Cel-Ras-Arquitectura-03-planta-sotano-entorno-.jpg'><img loading=\"lazy\" decoding=\"async\" width=\"120\" height=\"120\" src=\"https:\/\/veredes.es\/blog\/wp-content\/uploads\/2022\/03\/Plaza-de-la-Sinagoga-en-el-centro-historico-de-Onda-el-fabricante-de-espheras-Grupo-Aranea-Cel-Ras-Arquitectura-03-planta-sotano-entorno--120x120.jpg\" class=\"attachment-thumbnail size-thumbnail\" alt=\"Plaza de la Sinagoga en el centro hist\u00f3rico de Onda el fabricante de espheras - Grupo Aranea - Cel-Ras Arquitectura\" aria-describedby=\"gallery-1-88451\" \/><\/a>\n\t\t\t<\/div>\n\t\t\t\t<figcaption class='wp-caption-text gallery-caption' id='gallery-1-88451'>\n\t\t\t\tPlanta Sotano. Entorno\n\t\t\t\t<\/figcaption><\/figure><figure class='gallery-item'>\n\t\t\t<div class='gallery-icon landscape'>\n\t\t\t\t<a href='https:\/\/veredes.es\/blog\/wp-content\/uploads\/2022\/03\/Plaza-de-la-Sinagoga-en-el-centro-historico-de-Onda-el-fabricante-de-espheras-Grupo-Aranea-Cel-Ras-Arquitectura-04-arqueologia.jpg'><img loading=\"lazy\" decoding=\"async\" width=\"120\" height=\"120\" src=\"https:\/\/veredes.es\/blog\/wp-content\/uploads\/2022\/03\/Plaza-de-la-Sinagoga-en-el-centro-historico-de-Onda-el-fabricante-de-espheras-Grupo-Aranea-Cel-Ras-Arquitectura-04-arqueologia-120x120.jpg\" class=\"attachment-thumbnail size-thumbnail\" alt=\"Plaza de la Sinagoga en el centro hist\u00f3rico de Onda el fabricante de espheras - Grupo Aranea - Cel-Ras Arquitectura\" aria-describedby=\"gallery-1-88452\" \/><\/a>\n\t\t\t<\/div>\n\t\t\t\t<figcaption class='wp-caption-text gallery-caption' id='gallery-1-88452'>\n\t\t\t\tArqueologia\n\t\t\t\t<\/figcaption><\/figure><figure class='gallery-item'>\n\t\t\t<div class='gallery-icon landscape'>\n\t\t\t\t<a href='https:\/\/veredes.es\/blog\/wp-content\/uploads\/2022\/03\/Plaza-de-la-Sinagoga-en-el-centro-historico-de-Onda-el-fabricante-de-espheras-Grupo-Aranea-Cel-Ras-Arquitectura-05-planta-zoom.jpg'><img loading=\"lazy\" decoding=\"async\" width=\"120\" height=\"120\" src=\"https:\/\/veredes.es\/blog\/wp-content\/uploads\/2022\/03\/Plaza-de-la-Sinagoga-en-el-centro-historico-de-Onda-el-fabricante-de-espheras-Grupo-Aranea-Cel-Ras-Arquitectura-05-planta-zoom-120x120.jpg\" class=\"attachment-thumbnail size-thumbnail\" alt=\"Plaza de la Sinagoga en el centro hist\u00f3rico de Onda el fabricante de espheras - Grupo Aranea - Cel-Ras Arquitectura\" aria-describedby=\"gallery-1-88453\" \/><\/a>\n\t\t\t<\/div>\n\t\t\t\t<figcaption class='wp-caption-text gallery-caption' id='gallery-1-88453'>\n\t\t\t\tIntervenci\u00f3n\n\t\t\t\t<\/figcaption><\/figure><figure class='gallery-item'>\n\t\t\t<div class='gallery-icon landscape'>\n\t\t\t\t<a href='https:\/\/veredes.es\/blog\/wp-content\/uploads\/2022\/03\/Plaza-de-la-Sinagoga-en-el-centro-historico-de-Onda-el-fabricante-de-espheras-Grupo-Aranea-Cel-Ras-Arquitectura-06-seccion1.jpg'><img loading=\"lazy\" decoding=\"async\" width=\"120\" height=\"120\" src=\"https:\/\/veredes.es\/blog\/wp-content\/uploads\/2022\/03\/Plaza-de-la-Sinagoga-en-el-centro-historico-de-Onda-el-fabricante-de-espheras-Grupo-Aranea-Cel-Ras-Arquitectura-06-seccion1-120x120.jpg\" class=\"attachment-thumbnail size-thumbnail\" alt=\"Plaza de la Sinagoga en el centro hist\u00f3rico de Onda el fabricante de espheras - Grupo Aranea - Cel-Ras Arquitectura\" aria-describedby=\"gallery-1-88454\" \/><\/a>\n\t\t\t<\/div>\n\t\t\t\t<figcaption class='wp-caption-text gallery-caption' id='gallery-1-88454'>\n\t\t\t\tSecci\u00f3n\n\t\t\t\t<\/figcaption><\/figure><figure class='gallery-item'>\n\t\t\t<div class='gallery-icon landscape'>\n\t\t\t\t<a href='https:\/\/veredes.es\/blog\/wp-content\/uploads\/2022\/03\/Plaza-de-la-Sinagoga-en-el-centro-historico-de-Onda-el-fabricante-de-espheras-Grupo-Aranea-Cel-Ras-Arquitectura-07-seccion2.jpg'><img loading=\"lazy\" decoding=\"async\" width=\"120\" height=\"120\" src=\"https:\/\/veredes.es\/blog\/wp-content\/uploads\/2022\/03\/Plaza-de-la-Sinagoga-en-el-centro-historico-de-Onda-el-fabricante-de-espheras-Grupo-Aranea-Cel-Ras-Arquitectura-07-seccion2-120x120.jpg\" class=\"attachment-thumbnail size-thumbnail\" alt=\"Plaza de la Sinagoga en el centro hist\u00f3rico de Onda el fabricante de espheras - Grupo Aranea - Cel-Ras Arquitectura\" aria-describedby=\"gallery-1-88455\" \/><\/a>\n\t\t\t<\/div>\n\t\t\t\t<figcaption class='wp-caption-text gallery-caption' id='gallery-1-88455'>\n\t\t\t\tSecci\u00f3n \n\t\t\t\t<\/figcaption><\/figure>\n\t\t<\/div>\n\n<p style=\"text-align: justify;\"><strong>Patrimonio participativo<\/strong><\/p>\n<p style=\"text-align: justify;\">El concepto b\u00e1sico del proyecto se ajust\u00f3 a trav\u00e9s de diferentes reuniones con vecinos del barrio, donde se aportaron diferentes ideas y necesidades: personas con movilidad reducida, ancianos, peque\u00f1os comercios, rutas preferenciales, necesidades de espacios de encuentro y juego&#8230;<\/p>\n<p style=\"text-align: justify;\"><strong>Urbanismo inclusivo<\/strong><\/p>\n<p style=\"text-align: justify;\">El proyecto fue dise\u00f1ado desde una perspectiva inclusiva para mejorar la calidad de vida de gente del barrio. La intervenci\u00f3n de regeneraci\u00f3n urbana intenta volver a conectar los diferentes niveles del lugar, construyendo un piso con un pavimento continuo antideslizamiento de piedra como una adaptaci\u00f3n del tradicional sistema de pavimentaci\u00f3n. Las conexiones con las calles se resuelven con rampas suaves y con pelda\u00f1os reducidos para facilitar los desplazamientos diarios como para ir a la panader\u00eda, a la Iglesia, el centro de formaci\u00f3n de personas adultas, C\u00e1ritas o para llevar a los ni\u00f1os a la escuela.<\/p>\n<figure id=\"attachment_88466\" aria-describedby=\"caption-attachment-88466\" style=\"width: 1400px\" class=\"wp-caption alignnone\"><img loading=\"lazy\" decoding=\"async\" class=\"size-full wp-image-88466\" src=\"https:\/\/veredes.es\/blog\/wp-content\/uploads\/2022\/03\/Plaza-de-la-Sinagoga-en-el-centro-historico-de-Onda-el-fabricante-de-espheras-Grupo-Aranea-Cel-Ras-Arquitectura-\u00a9-Milena-Villalba-o10.jpg\" alt=\"Plaza de la Sinagoga en el centro hist\u00f3rico de Onda el fabricante de espheras - Grupo Aranea - Cel-Ras Arquitectura \u00a9 Milena Villalba\" width=\"1400\" height=\"787\" srcset=\"https:\/\/veredes.es\/blog\/wp-content\/uploads\/2022\/03\/Plaza-de-la-Sinagoga-en-el-centro-historico-de-Onda-el-fabricante-de-espheras-Grupo-Aranea-Cel-Ras-Arquitectura-\u00a9-Milena-Villalba-o10.jpg 1400w, https:\/\/veredes.es\/blog\/wp-content\/uploads\/2022\/03\/Plaza-de-la-Sinagoga-en-el-centro-historico-de-Onda-el-fabricante-de-espheras-Grupo-Aranea-Cel-Ras-Arquitectura-\u00a9-Milena-Villalba-o10-300x169.jpg 300w, https:\/\/veredes.es\/blog\/wp-content\/uploads\/2022\/03\/Plaza-de-la-Sinagoga-en-el-centro-historico-de-Onda-el-fabricante-de-espheras-Grupo-Aranea-Cel-Ras-Arquitectura-\u00a9-Milena-Villalba-o10-1024x576.jpg 1024w, https:\/\/veredes.es\/blog\/wp-content\/uploads\/2022\/03\/Plaza-de-la-Sinagoga-en-el-centro-historico-de-Onda-el-fabricante-de-espheras-Grupo-Aranea-Cel-Ras-Arquitectura-\u00a9-Milena-Villalba-o10-696x391.jpg 696w, https:\/\/veredes.es\/blog\/wp-content\/uploads\/2022\/03\/Plaza-de-la-Sinagoga-en-el-centro-historico-de-Onda-el-fabricante-de-espheras-Grupo-Aranea-Cel-Ras-Arquitectura-\u00a9-Milena-Villalba-o10-1068x600.jpg 1068w\" sizes=\"auto, (max-width: 1400px) 100vw, 1400px\" \/><figcaption id=\"caption-attachment-88466\" class=\"wp-caption-text\"><span style=\"color: #999999;\">Plaza de la Sinagoga en el centro hist\u00f3rico de Onda | el fabricante de espheras &#8211; Grupo Aranea &#8211; Cel-Ras Arquitectura \u00a9 Milena Villalba<\/span><\/figcaption><\/figure>\n<p style=\"text-align: justify;\">La propuesta m\u00e1s llamativa del proyecto es la gran plataforma de madera que sobrevuela el espacio arqueol\u00f3gico la cual tiene tres funciones: conecta los distintos puntos de nivel de la plaza, marca la altura original de las arcadas interiores, y recupera el recorrido hist\u00f3rico hacia la hist\u00f3rica calle Valencia. El pavimento de listones de madera de iroko est\u00e1 colocado manualmente sobre una estructura de acero adaptada a la topograf\u00eda. Este alarde estructural, sostenido por micropilotaje, facilita los cambios de nivel mediante unas peque\u00f1as gradas que permiten sentarse y charlar. As\u00ed se consigue parcialmente que la plaza sea flotante facilitando la continuidad del espacio p\u00fablico de las calles aleda\u00f1as. Se consigue as\u00ed un espacio urbano utilitario que promueve la sensaci\u00f3n t\u00e1ctil de la peque\u00f1a escala que se refuerza por la presencia de la estudiada jardiner\u00eda y la recuperaci\u00f3n de la presencia del agua como met\u00e1fora del dep\u00f3sito original que fue.<\/p>\n<div id='gallery-2' class='gallery galleryid-88448 gallery-columns-4 gallery-size-thumbnail'><figure class='gallery-item'>\n\t\t\t<div class='gallery-icon portrait'>\n\t\t\t\t<a href='https:\/\/veredes.es\/blog\/wp-content\/uploads\/2022\/03\/Plaza-de-la-Sinagoga-en-el-centro-historico-de-Onda-el-fabricante-de-espheras-Grupo-Aranea-Cel-Ras-Arquitectura-\u00a9-Milena-Villalba-o1.jpg'><img loading=\"lazy\" decoding=\"async\" width=\"120\" height=\"120\" src=\"https:\/\/veredes.es\/blog\/wp-content\/uploads\/2022\/03\/Plaza-de-la-Sinagoga-en-el-centro-historico-de-Onda-el-fabricante-de-espheras-Grupo-Aranea-Cel-Ras-Arquitectura-\u00a9-Milena-Villalba-o1-120x120.jpg\" class=\"attachment-thumbnail size-thumbnail\" alt=\"Plaza de la Sinagoga en el centro hist\u00f3rico de Onda el fabricante de espheras - Grupo Aranea - Cel-Ras Arquitectura \u00a9 Milena Villalba\" aria-describedby=\"gallery-2-88457\" \/><\/a>\n\t\t\t<\/div>\n\t\t\t\t<figcaption class='wp-caption-text gallery-caption' id='gallery-2-88457'>\n\t\t\t\tPlaza de la Sinagoga en el centro hist\u00f3rico de Onda  el fabricante de espheras &#8211; Grupo Aranea &#8211; Cel-Ras Arquitectura \u00a9 Milena Villalba \n\t\t\t\t<\/figcaption><\/figure><figure class='gallery-item'>\n\t\t\t<div class='gallery-icon portrait'>\n\t\t\t\t<a href='https:\/\/veredes.es\/blog\/wp-content\/uploads\/2022\/03\/Plaza-de-la-Sinagoga-en-el-centro-historico-de-Onda-el-fabricante-de-espheras-Grupo-Aranea-Cel-Ras-Arquitectura-\u00a9-Milena-Villalba-o2.jpg'><img loading=\"lazy\" decoding=\"async\" width=\"120\" height=\"120\" src=\"https:\/\/veredes.es\/blog\/wp-content\/uploads\/2022\/03\/Plaza-de-la-Sinagoga-en-el-centro-historico-de-Onda-el-fabricante-de-espheras-Grupo-Aranea-Cel-Ras-Arquitectura-\u00a9-Milena-Villalba-o2-120x120.jpg\" class=\"attachment-thumbnail size-thumbnail\" alt=\"Plaza de la Sinagoga en el centro hist\u00f3rico de Onda el fabricante de espheras - Grupo Aranea - Cel-Ras Arquitectura \u00a9 Milena Villalba\" aria-describedby=\"gallery-2-88458\" \/><\/a>\n\t\t\t<\/div>\n\t\t\t\t<figcaption class='wp-caption-text gallery-caption' id='gallery-2-88458'>\n\t\t\t\tPlaza de la Sinagoga en el centro hist\u00f3rico de Onda  el fabricante de espheras &#8211; Grupo Aranea &#8211; Cel-Ras Arquitectura \u00a9 Milena Villalba \n\t\t\t\t<\/figcaption><\/figure><figure class='gallery-item'>\n\t\t\t<div class='gallery-icon landscape'>\n\t\t\t\t<a href='https:\/\/veredes.es\/blog\/wp-content\/uploads\/2022\/03\/Plaza-de-la-Sinagoga-en-el-centro-historico-de-Onda-el-fabricante-de-espheras-Grupo-Aranea-Cel-Ras-Arquitectura-\u00a9-Milena-Villalba-o3.jpg'><img loading=\"lazy\" decoding=\"async\" width=\"120\" height=\"120\" src=\"https:\/\/veredes.es\/blog\/wp-content\/uploads\/2022\/03\/Plaza-de-la-Sinagoga-en-el-centro-historico-de-Onda-el-fabricante-de-espheras-Grupo-Aranea-Cel-Ras-Arquitectura-\u00a9-Milena-Villalba-o3-120x120.jpg\" class=\"attachment-thumbnail size-thumbnail\" alt=\"Plaza de la Sinagoga en el centro hist\u00f3rico de Onda el fabricante de espheras - Grupo Aranea - Cel-Ras Arquitectura \u00a9 Milena Villalba\" aria-describedby=\"gallery-2-88459\" \/><\/a>\n\t\t\t<\/div>\n\t\t\t\t<figcaption class='wp-caption-text gallery-caption' id='gallery-2-88459'>\n\t\t\t\tPlaza de la Sinagoga en el centro hist\u00f3rico de Onda  el fabricante de espheras &#8211; Grupo Aranea &#8211; Cel-Ras Arquitectura \u00a9 Milena Villalba \n\t\t\t\t<\/figcaption><\/figure><figure class='gallery-item'>\n\t\t\t<div class='gallery-icon portrait'>\n\t\t\t\t<a href='https:\/\/veredes.es\/blog\/wp-content\/uploads\/2022\/03\/Plaza-de-la-Sinagoga-en-el-centro-historico-de-Onda-el-fabricante-de-espheras-Grupo-Aranea-Cel-Ras-Arquitectura-\u00a9-Milena-Villalba-o5.jpg'><img loading=\"lazy\" decoding=\"async\" width=\"120\" height=\"120\" src=\"https:\/\/veredes.es\/blog\/wp-content\/uploads\/2022\/03\/Plaza-de-la-Sinagoga-en-el-centro-historico-de-Onda-el-fabricante-de-espheras-Grupo-Aranea-Cel-Ras-Arquitectura-\u00a9-Milena-Villalba-o5-120x120.jpg\" class=\"attachment-thumbnail size-thumbnail\" alt=\"Plaza de la Sinagoga en el centro hist\u00f3rico de Onda el fabricante de espheras - Grupo Aranea - Cel-Ras Arquitectura \u00a9 Milena Villalba\" aria-describedby=\"gallery-2-88461\" \/><\/a>\n\t\t\t<\/div>\n\t\t\t\t<figcaption class='wp-caption-text gallery-caption' id='gallery-2-88461'>\n\t\t\t\tPlaza de la Sinagoga en el centro hist\u00f3rico de Onda  el fabricante de espheras &#8211; Grupo Aranea &#8211; Cel-Ras Arquitectura \u00a9 Milena Villalba \n\t\t\t\t<\/figcaption><\/figure><figure class='gallery-item'>\n\t\t\t<div class='gallery-icon landscape'>\n\t\t\t\t<a href='https:\/\/veredes.es\/blog\/wp-content\/uploads\/2022\/03\/Plaza-de-la-Sinagoga-en-el-centro-historico-de-Onda-el-fabricante-de-espheras-Grupo-Aranea-Cel-Ras-Arquitectura-\u00a9-Milena-Villalba-o6.jpg'><img loading=\"lazy\" decoding=\"async\" width=\"120\" height=\"120\" src=\"https:\/\/veredes.es\/blog\/wp-content\/uploads\/2022\/03\/Plaza-de-la-Sinagoga-en-el-centro-historico-de-Onda-el-fabricante-de-espheras-Grupo-Aranea-Cel-Ras-Arquitectura-\u00a9-Milena-Villalba-o6-120x120.jpg\" class=\"attachment-thumbnail size-thumbnail\" alt=\"Plaza de la Sinagoga en el centro hist\u00f3rico de Onda el fabricante de espheras - Grupo Aranea - Cel-Ras Arquitectura \u00a9 Milena Villalba\" aria-describedby=\"gallery-2-88462\" \/><\/a>\n\t\t\t<\/div>\n\t\t\t\t<figcaption class='wp-caption-text gallery-caption' id='gallery-2-88462'>\n\t\t\t\tPlaza de la Sinagoga en el centro hist\u00f3rico de Onda  el fabricante de espheras &#8211; Grupo Aranea &#8211; Cel-Ras Arquitectura \u00a9 Milena Villalba \n\t\t\t\t<\/figcaption><\/figure><figure class='gallery-item'>\n\t\t\t<div class='gallery-icon portrait'>\n\t\t\t\t<a href='https:\/\/veredes.es\/blog\/wp-content\/uploads\/2022\/03\/Plaza-de-la-Sinagoga-en-el-centro-historico-de-Onda-el-fabricante-de-espheras-Grupo-Aranea-Cel-Ras-Arquitectura-\u00a9-Milena-Villalba-o7.jpg'><img loading=\"lazy\" decoding=\"async\" width=\"120\" height=\"120\" src=\"https:\/\/veredes.es\/blog\/wp-content\/uploads\/2022\/03\/Plaza-de-la-Sinagoga-en-el-centro-historico-de-Onda-el-fabricante-de-espheras-Grupo-Aranea-Cel-Ras-Arquitectura-\u00a9-Milena-Villalba-o7-120x120.jpg\" class=\"attachment-thumbnail size-thumbnail\" alt=\"Plaza de la Sinagoga en el centro hist\u00f3rico de Onda el fabricante de espheras - Grupo Aranea - Cel-Ras Arquitectura \u00a9 Milena Villalba\" aria-describedby=\"gallery-2-88463\" \/><\/a>\n\t\t\t<\/div>\n\t\t\t\t<figcaption class='wp-caption-text gallery-caption' id='gallery-2-88463'>\n\t\t\t\tPlaza de la Sinagoga en el centro hist\u00f3rico de Onda  el fabricante de espheras &#8211; Grupo Aranea &#8211; Cel-Ras Arquitectura \u00a9 Milena Villalba \n\t\t\t\t<\/figcaption><\/figure><figure class='gallery-item'>\n\t\t\t<div class='gallery-icon landscape'>\n\t\t\t\t<a href='https:\/\/veredes.es\/blog\/wp-content\/uploads\/2022\/03\/Plaza-de-la-Sinagoga-en-el-centro-historico-de-Onda-el-fabricante-de-espheras-Grupo-Aranea-Cel-Ras-Arquitectura-\u00a9-Milena-Villalba-o8.jpg'><img loading=\"lazy\" decoding=\"async\" width=\"120\" height=\"120\" src=\"https:\/\/veredes.es\/blog\/wp-content\/uploads\/2022\/03\/Plaza-de-la-Sinagoga-en-el-centro-historico-de-Onda-el-fabricante-de-espheras-Grupo-Aranea-Cel-Ras-Arquitectura-\u00a9-Milena-Villalba-o8-120x120.jpg\" class=\"attachment-thumbnail size-thumbnail\" alt=\"Plaza de la Sinagoga en el centro hist\u00f3rico de Onda el fabricante de espheras - Grupo Aranea - Cel-Ras Arquitectura \u00a9 Milena Villalba\" aria-describedby=\"gallery-2-88464\" \/><\/a>\n\t\t\t<\/div>\n\t\t\t\t<figcaption class='wp-caption-text gallery-caption' id='gallery-2-88464'>\n\t\t\t\tPlaza de la Sinagoga en el centro hist\u00f3rico de Onda  el fabricante de espheras &#8211; Grupo Aranea &#8211; Cel-Ras Arquitectura \u00a9 Milena Villalba \n\t\t\t\t<\/figcaption><\/figure><figure class='gallery-item'>\n\t\t\t<div class='gallery-icon portrait'>\n\t\t\t\t<a href='https:\/\/veredes.es\/blog\/wp-content\/uploads\/2022\/03\/Plaza-de-la-Sinagoga-en-el-centro-historico-de-Onda-el-fabricante-de-espheras-Grupo-Aranea-Cel-Ras-Arquitectura-\u00a9-Milena-Villalba-o9.jpg'><img loading=\"lazy\" decoding=\"async\" width=\"120\" height=\"120\" src=\"https:\/\/veredes.es\/blog\/wp-content\/uploads\/2022\/03\/Plaza-de-la-Sinagoga-en-el-centro-historico-de-Onda-el-fabricante-de-espheras-Grupo-Aranea-Cel-Ras-Arquitectura-\u00a9-Milena-Villalba-o9-120x120.jpg\" class=\"attachment-thumbnail size-thumbnail\" alt=\"Plaza de la Sinagoga en el centro hist\u00f3rico de Onda el fabricante de espheras - Grupo Aranea - Cel-Ras Arquitectura \u00a9 Milena Villalba\" aria-describedby=\"gallery-2-88465\" \/><\/a>\n\t\t\t<\/div>\n\t\t\t\t<figcaption class='wp-caption-text gallery-caption' id='gallery-2-88465'>\n\t\t\t\tPlaza de la Sinagoga en el centro hist\u00f3rico de Onda  el fabricante de espheras &#8211; Grupo Aranea &#8211; Cel-Ras Arquitectura \u00a9 Milena Villalba \n\t\t\t\t<\/figcaption><\/figure><figure class='gallery-item'>\n\t\t\t<div class='gallery-icon landscape'>\n\t\t\t\t<a href='https:\/\/veredes.es\/blog\/wp-content\/uploads\/2022\/03\/Plaza-de-la-Sinagoga-en-el-centro-historico-de-Onda-el-fabricante-de-espheras-Grupo-Aranea-Cel-Ras-Arquitectura-\u00a9-Milena-Villalba-o10.jpg'><img loading=\"lazy\" decoding=\"async\" width=\"120\" height=\"120\" src=\"https:\/\/veredes.es\/blog\/wp-content\/uploads\/2022\/03\/Plaza-de-la-Sinagoga-en-el-centro-historico-de-Onda-el-fabricante-de-espheras-Grupo-Aranea-Cel-Ras-Arquitectura-\u00a9-Milena-Villalba-o10-120x120.jpg\" class=\"attachment-thumbnail size-thumbnail\" alt=\"Plaza de la Sinagoga en el centro hist\u00f3rico de Onda el fabricante de espheras - Grupo Aranea - Cel-Ras Arquitectura \u00a9 Milena Villalba\" aria-describedby=\"gallery-2-88466\" \/><\/a>\n\t\t\t<\/div>\n\t\t\t\t<figcaption class='wp-caption-text gallery-caption' id='gallery-2-88466'>\n\t\t\t\tPlaza de la Sinagoga en el centro hist\u00f3rico de Onda  el fabricante de espheras &#8211; Grupo Aranea &#8211; Cel-Ras Arquitectura \u00a9 Milena Villalba \n\t\t\t\t<\/figcaption><\/figure><figure class='gallery-item'>\n\t\t\t<div class='gallery-icon landscape'>\n\t\t\t\t<a href='https:\/\/veredes.es\/blog\/wp-content\/uploads\/2022\/03\/Plaza-de-la-Sinagoga-en-el-centro-historico-de-Onda-el-fabricante-de-espheras-Grupo-Aranea-Cel-Ras-Arquitectura-\u00a9-Milena-Villalba-o11.jpg'><img loading=\"lazy\" decoding=\"async\" width=\"120\" height=\"120\" src=\"https:\/\/veredes.es\/blog\/wp-content\/uploads\/2022\/03\/Plaza-de-la-Sinagoga-en-el-centro-historico-de-Onda-el-fabricante-de-espheras-Grupo-Aranea-Cel-Ras-Arquitectura-\u00a9-Milena-Villalba-o11-120x120.jpg\" class=\"attachment-thumbnail size-thumbnail\" alt=\"Plaza de la Sinagoga en el centro hist\u00f3rico de Onda el fabricante de espheras - Grupo Aranea - Cel-Ras Arquitectura \u00a9 Milena Villalba\" aria-describedby=\"gallery-2-88467\" \/><\/a>\n\t\t\t<\/div>\n\t\t\t\t<figcaption class='wp-caption-text gallery-caption' id='gallery-2-88467'>\n\t\t\t\tPlaza de la Sinagoga en el centro hist\u00f3rico de Onda  el fabricante de espheras &#8211; Grupo Aranea &#8211; Cel-Ras Arquitectura \u00a9 Milena Villalba \n\t\t\t\t<\/figcaption><\/figure><figure class='gallery-item'>\n\t\t\t<div class='gallery-icon landscape'>\n\t\t\t\t<a href='https:\/\/veredes.es\/blog\/wp-content\/uploads\/2022\/03\/Plaza-de-la-Sinagoga-en-el-centro-historico-de-Onda-el-fabricante-de-espheras-Grupo-Aranea-Cel-Ras-Arquitectura-\u00a9-Milena-Villalba-o13.jpg'><img loading=\"lazy\" decoding=\"async\" width=\"120\" height=\"120\" src=\"https:\/\/veredes.es\/blog\/wp-content\/uploads\/2022\/03\/Plaza-de-la-Sinagoga-en-el-centro-historico-de-Onda-el-fabricante-de-espheras-Grupo-Aranea-Cel-Ras-Arquitectura-\u00a9-Milena-Villalba-o13-120x120.jpg\" class=\"attachment-thumbnail size-thumbnail\" alt=\"Plaza de la Sinagoga en el centro hist\u00f3rico de Onda el fabricante de espheras - Grupo Aranea - Cel-Ras Arquitectura \u00a9 Milena Villalba\" aria-describedby=\"gallery-2-88469\" \/><\/a>\n\t\t\t<\/div>\n\t\t\t\t<figcaption class='wp-caption-text gallery-caption' id='gallery-2-88469'>\n\t\t\t\tPlaza de la Sinagoga en el centro hist\u00f3rico de Onda  el fabricante de espheras &#8211; Grupo Aranea &#8211; Cel-Ras Arquitectura \u00a9 Milena Villalba \n\t\t\t\t<\/figcaption><\/figure><figure class='gallery-item'>\n\t\t\t<div class='gallery-icon landscape'>\n\t\t\t\t<a href='https:\/\/veredes.es\/blog\/wp-content\/uploads\/2022\/03\/Plaza-de-la-Sinagoga-en-el-centro-historico-de-Onda-el-fabricante-de-espheras-Grupo-Aranea-Cel-Ras-Arquitectura-\u00a9-Milena-Villalba-o14.jpg'><img loading=\"lazy\" decoding=\"async\" width=\"120\" height=\"120\" src=\"https:\/\/veredes.es\/blog\/wp-content\/uploads\/2022\/03\/Plaza-de-la-Sinagoga-en-el-centro-historico-de-Onda-el-fabricante-de-espheras-Grupo-Aranea-Cel-Ras-Arquitectura-\u00a9-Milena-Villalba-o14-120x120.jpg\" class=\"attachment-thumbnail size-thumbnail\" alt=\"Plaza de la Sinagoga en el centro hist\u00f3rico de Onda el fabricante de espheras - Grupo Aranea - Cel-Ras Arquitectura \u00a9 Milena Villalba\" aria-describedby=\"gallery-2-88470\" \/><\/a>\n\t\t\t<\/div>\n\t\t\t\t<figcaption class='wp-caption-text gallery-caption' id='gallery-2-88470'>\n\t\t\t\tPlaza de la Sinagoga en el centro hist\u00f3rico de Onda  el fabricante de espheras &#8211; Grupo Aranea &#8211; Cel-Ras Arquitectura \u00a9 Milena Villalba \n\t\t\t\t<\/figcaption><\/figure><figure class='gallery-item'>\n\t\t\t<div class='gallery-icon landscape'>\n\t\t\t\t<a href='https:\/\/veredes.es\/blog\/wp-content\/uploads\/2022\/03\/Plaza-de-la-Sinagoga-en-el-centro-historico-de-Onda-el-fabricante-de-espheras-Grupo-Aranea-Cel-Ras-Arquitectura-\u00a9-Milena-Villalba-o15.jpg'><img loading=\"lazy\" decoding=\"async\" width=\"120\" height=\"120\" src=\"https:\/\/veredes.es\/blog\/wp-content\/uploads\/2022\/03\/Plaza-de-la-Sinagoga-en-el-centro-historico-de-Onda-el-fabricante-de-espheras-Grupo-Aranea-Cel-Ras-Arquitectura-\u00a9-Milena-Villalba-o15-120x120.jpg\" class=\"attachment-thumbnail size-thumbnail\" alt=\"Plaza de la Sinagoga en el centro hist\u00f3rico de Onda el fabricante de espheras - Grupo Aranea - Cel-Ras Arquitectura \u00a9 Milena Villalba\" aria-describedby=\"gallery-2-88471\" srcset=\"https:\/\/veredes.es\/blog\/wp-content\/uploads\/2022\/03\/Plaza-de-la-Sinagoga-en-el-centro-historico-de-Onda-el-fabricante-de-espheras-Grupo-Aranea-Cel-Ras-Arquitectura-\u00a9-Milena-Villalba-o15-120x120.jpg 120w, https:\/\/veredes.es\/blog\/wp-content\/uploads\/2022\/03\/Plaza-de-la-Sinagoga-en-el-centro-historico-de-Onda-el-fabricante-de-espheras-Grupo-Aranea-Cel-Ras-Arquitectura-\u00a9-Milena-Villalba-o15-300x300.jpg 300w, https:\/\/veredes.es\/blog\/wp-content\/uploads\/2022\/03\/Plaza-de-la-Sinagoga-en-el-centro-historico-de-Onda-el-fabricante-de-espheras-Grupo-Aranea-Cel-Ras-Arquitectura-\u00a9-Milena-Villalba-o15-1024x1024.jpg 1024w, https:\/\/veredes.es\/blog\/wp-content\/uploads\/2022\/03\/Plaza-de-la-Sinagoga-en-el-centro-historico-de-Onda-el-fabricante-de-espheras-Grupo-Aranea-Cel-Ras-Arquitectura-\u00a9-Milena-Villalba-o15-696x696.jpg 696w, https:\/\/veredes.es\/blog\/wp-content\/uploads\/2022\/03\/Plaza-de-la-Sinagoga-en-el-centro-historico-de-Onda-el-fabricante-de-espheras-Grupo-Aranea-Cel-Ras-Arquitectura-\u00a9-Milena-Villalba-o15-1068x1068.jpg 1068w, https:\/\/veredes.es\/blog\/wp-content\/uploads\/2022\/03\/Plaza-de-la-Sinagoga-en-el-centro-historico-de-Onda-el-fabricante-de-espheras-Grupo-Aranea-Cel-Ras-Arquitectura-\u00a9-Milena-Villalba-o15.jpg 1400w\" sizes=\"auto, (max-width: 120px) 100vw, 120px\" \/><\/a>\n\t\t\t<\/div>\n\t\t\t\t<figcaption class='wp-caption-text gallery-caption' id='gallery-2-88471'>\n\t\t\t\tPlaza de la Sinagoga en el centro hist\u00f3rico de Onda  el fabricante de espheras &#8211; Grupo Aranea &#8211; Cel-Ras Arquitectura \u00a9 Milena Villalba \n\t\t\t\t<\/figcaption><\/figure>\n\t\t<\/div>\n\n<p style=\"text-align: justify;\">Obra: Plaza de la Sinagoga en el centro hist\u00f3rico de Onda.<br \/>\nAutores: el fabricante de espheras + Grupo Aranea + Cel-Ras Arquitectura<br \/>\nArquitectos: Pasqual Herrero Vicent, Francisco Leiva Ivorra, Juan Miguel Gil Garc\u00eda, Fernando Navarro Carmona, Eduardo J. Solaz Fuster, M\u00aa Amparo Sebasti\u00e1 Esteve<br \/>\nArquitectos colaboradores: Andr\u00e9s Llopis P\u00e9rez, Jorge Juan Roy P\u00e9rez, Mar\u00eda Pitarch Roig,<br \/>\nAnna Morro Pe\u00f1a, V\u00edctor Mu\u00f1oz Maci\u00e1n, Yasmina Juan Osa, Francisco Pi\u00f1\u00f3 Alcaide, Andrea Gargallo Manota<br \/>\nIngeniero estructuras: Alejandro Dom\u00e9nech Monforte.<br \/>\nIngeniera Agr\u00f3nomo: Marta Garc\u00eda Chico<br \/>\nArquitectos t\u00e9cnicos: Jos\u00e9 Luis Carratal\u00e0 Rico, Guillem Garc\u00eda Mart\u00ed, Sara Juanes Herrera, Elisa Garc\u00eda Capilla<br \/>\nA\u00f1o finalizaci\u00f3n: 2018 (proyecto)-2020 (obra)<br \/>\nSuperficie Construida: 1.029 m2<br \/>\nUbicaci\u00f3n: Plaza Sinagoga, Onda (Castell\u00f3n)<br \/>\nPresupuesto: 455.350,88 \u20ac<br \/>\nCliente: Ajuntament d\u2019Onda<br \/>\nConstructor a: LICUAS SA<br \/>\nFotograf\u00eda: <a href=\"http:\/\/www.milenavillalba.com\/\" target=\"_blank\" rel=\"noopener\">Milena Villalba\u00a0<\/a><br \/>\n<span style=\"color: #999999;\"><a style=\"color: #999999;\" href=\"http:\/\/www.elfabricantedeespheras.com\/\" target=\"_blank\" rel=\"noopener\">+ elfabricantedeespheras.com<\/a><\/span><br \/>\n<a href=\"https:\/\/www.grupoaranea.net\/\" target=\"_blank\" rel=\"noopener\"><span style=\"color: #999999;\">+ grupoaranea.net<\/span><\/a><br \/>\n<a href=\"https:\/\/www.cel-ras.com\/\" target=\"_blank\" rel=\"noopener\"><span style=\"color: #999999;\">+ cel-ras.com<\/span><\/a><\/p>\n","protected":false},"excerpt":{"rendered":"<p>Contexto El proyecto de regeneraci\u00f3n urbana de la Plaza de la Sinagoga es una intervenci\u00f3n sobre el patrimonio construido ubicado en el Centro Hist\u00f3rico de la Ciudad de Onda, de origen isl\u00e1mico (s. XI-XII) y declarado como Bien de Inter\u00e9s Cultural en 1967. La plaza es un vac\u00edo en la ciudad medieval, en un \u00e1rea [&hellip;]<\/p>\n","protected":false},"author":2,"featured_media":88468,"comment_status":"open","ping_status":"closed","sticky":false,"template":"","format":"standard","meta":{"footnotes":""},"categories":[34,488,1465,735,876,56,23,5951],"tags":[2631,11183,15845,14483,14479,12456,12457,516,14481,14486,8972,12461,15846,14482,14480,12463,1004,12468],"class_list":{"0":"post-88448","1":"post","2":"type-post","3":"status-publish","4":"format-standard","5":"has-post-thumbnail","7":"category-arquitectura","8":"category-equipamiento-dotacional","9":"category-espacio-publico-arquitectura","10":"category-intervencion-urbana","11":"category-mobiliario","12":"category-museo-arquitectura-arquitectura","13":"category-obras","15":"tag-arquitectura-espanola","16":"tag-arquitectura-valenciana","17":"tag-cel-ras-arquitectura","18":"tag-eduardo-j-solaz-fuster","19":"tag-el-fabricante-de-espheras","20":"tag-equipamiento-cultural","21":"tag-equipamiento-dotacional","22":"tag-espacio-publico","23":"tag-fernando-navarro-carmona","24":"tag-francisco-leiva-ivorra","25":"tag-grupo-aranea","26":"tag-intervencion-urbana","27":"tag-juan-miguel-gil-garcia","28":"tag-ma-amparo-sebastia-esteve","29":"tag-pasqual-herrero-vicent","30":"tag-patrimonio","31":"tag-patrimonio-historico","32":"tag-urbanismo"},"yoast_head":"<!-- This site is optimized with the Yoast SEO plugin v27.5 - https:\/\/yoast.com\/product\/yoast-seo-wordpress\/ -->\n<title>Plaza de la Sinagoga en el centro hist\u00f3rico de Onda | el fabricante de espheras - Grupo Aranea - Cel-Ras Arquitectura - veredes<\/title>\n<meta name=\"description\" content=\"Toda la informaci\u00f3n sobre: Plaza de la Sinagoga en el centro hist\u00f3rico de Onda | el fabricante de espheras - Grupo Aranea - Cel-Ras Arquitectura\" \/>\n<meta name=\"robots\" content=\"index, follow, max-snippet:-1, max-image-preview:large, max-video-preview:-1\" \/>\n<link rel=\"canonical\" href=\"https:\/\/veredes.es\/blog\/plaza-de-la-sinagoga-en-el-centro-historico-de-onda-el-fabricante-de-espheras-grupo-aranea-cel-ras-arquitectura\/\" \/>\n<meta property=\"og:locale\" content=\"es_ES\" \/>\n<meta property=\"og:type\" content=\"article\" \/>\n<meta property=\"og:title\" content=\"Plaza de la Sinagoga en el centro hist\u00f3rico de Onda | el fabricante de espheras - Grupo Aranea - Cel-Ras Arquitectura - veredes\" \/>\n<meta property=\"og:description\" content=\"Toda la informaci\u00f3n sobre: Plaza de la Sinagoga en el centro hist\u00f3rico de Onda | el fabricante de espheras - Grupo Aranea - Cel-Ras Arquitectura\" \/>\n<meta property=\"og:url\" content=\"https:\/\/veredes.es\/blog\/plaza-de-la-sinagoga-en-el-centro-historico-de-onda-el-fabricante-de-espheras-grupo-aranea-cel-ras-arquitectura\/\" \/>\n<meta property=\"og:site_name\" content=\"veredes, arquitectura y divulgaci\u00f3n\" \/>\n<meta property=\"article:publisher\" content=\"https:\/\/www.facebook.com\/veredesArquitecturayDivulgacion\/\" \/>\n<meta property=\"article:author\" content=\"https:\/\/www.facebook.com\/veredesArquitecturayDivulgacion\/\" \/>\n<meta property=\"article:published_time\" content=\"2022-03-15T23:01:14+00:00\" \/>\n<meta property=\"og:image\" content=\"https:\/\/veredes.es\/blog\/wp-content\/uploads\/2022\/03\/Plaza-de-la-Sinagoga-en-el-centro-historico-de-Onda-el-fabricante-de-espheras-Grupo-Aranea-Cel-Ras-Arquitectura-\u00a9-Milena-Villalba-o12.jpg\" \/>\n\t<meta property=\"og:image:width\" content=\"1400\" \/>\n\t<meta property=\"og:image:height\" content=\"933\" \/>\n\t<meta property=\"og:image:type\" content=\"image\/jpeg\" \/>\n<meta name=\"author\" content=\"veredes\" \/>\n<meta name=\"twitter:card\" content=\"summary_large_image\" \/>\n<meta name=\"twitter:creator\" content=\"@https:\/\/twitter.com\/veredes\" \/>\n<meta name=\"twitter:site\" content=\"@veredes\" \/>\n<meta name=\"twitter:label1\" content=\"Escrito por\" \/>\n\t<meta name=\"twitter:data1\" content=\"veredes\" \/>\n\t<meta name=\"twitter:label2\" content=\"Tiempo de lectura\" \/>\n\t<meta name=\"twitter:data2\" content=\"5 minutos\" \/>\n<script type=\"application\/ld+json\" class=\"yoast-schema-graph\">{\"@context\":\"https:\\\/\\\/schema.org\",\"@graph\":[{\"@type\":\"Article\",\"@id\":\"https:\\\/\\\/veredes.es\\\/blog\\\/plaza-de-la-sinagoga-en-el-centro-historico-de-onda-el-fabricante-de-espheras-grupo-aranea-cel-ras-arquitectura\\\/#article\",\"isPartOf\":{\"@id\":\"https:\\\/\\\/veredes.es\\\/blog\\\/plaza-de-la-sinagoga-en-el-centro-historico-de-onda-el-fabricante-de-espheras-grupo-aranea-cel-ras-arquitectura\\\/\"},\"author\":{\"name\":\"veredes\",\"@id\":\"https:\\\/\\\/veredes.es\\\/blog\\\/#\\\/schema\\\/person\\\/0bbb669073ef7faba5168a0844e93d2c\"},\"headline\":\"Plaza de la Sinagoga en el centro hist\u00f3rico de Onda | el fabricante de espheras &#8211; Grupo Aranea &#8211; Cel-Ras Arquitectura\",\"datePublished\":\"2022-03-15T23:01:14+00:00\",\"mainEntityOfPage\":{\"@id\":\"https:\\\/\\\/veredes.es\\\/blog\\\/plaza-de-la-sinagoga-en-el-centro-historico-de-onda-el-fabricante-de-espheras-grupo-aranea-cel-ras-arquitectura\\\/\"},\"wordCount\":961,\"commentCount\":0,\"publisher\":{\"@id\":\"https:\\\/\\\/veredes.es\\\/blog\\\/#organization\"},\"image\":{\"@id\":\"https:\\\/\\\/veredes.es\\\/blog\\\/plaza-de-la-sinagoga-en-el-centro-historico-de-onda-el-fabricante-de-espheras-grupo-aranea-cel-ras-arquitectura\\\/#primaryimage\"},\"thumbnailUrl\":\"https:\\\/\\\/veredes.es\\\/blog\\\/wp-content\\\/uploads\\\/2022\\\/03\\\/Plaza-de-la-Sinagoga-en-el-centro-historico-de-Onda-el-fabricante-de-espheras-Grupo-Aranea-Cel-Ras-Arquitectura-\u00a9-Milena-Villalba-o12.jpg\",\"keywords\":[\"arquitectura espa\u00f1ola\",\"arquitectura valenciana\",\"Cel-Ras Arquitectura\",\"Eduardo J. Solaz Fuster\",\"el fabricante de espheras\",\"equipamiento cultural\",\"equipamiento dotacional\",\"espacio p\u00fablico\",\"Fernando Navarro Carmona\",\"Francisco Leiva Ivorra\",\"Grupo Aranea\",\"intervenci\u00f3n urbana\",\"Juan Miguel Gil Garc\u00eda\",\"M\u00aa Amparo Sebasti\u00e1 Esteve\",\"Pasqual Herrero Vicent\",\"patrimonio\",\"patrimonio hist\u00f3rico\",\"urbanismo\"],\"articleSection\":[\"arquitectura\",\"equipamiento dotacional\",\"espacio publico\",\"intervenci\u00f3n urbana\",\"mobiliario\",\"museo\",\"obras\",\"slider principal\"],\"inLanguage\":\"es\",\"potentialAction\":[{\"@type\":\"CommentAction\",\"name\":\"Comment\",\"target\":[\"https:\\\/\\\/veredes.es\\\/blog\\\/plaza-de-la-sinagoga-en-el-centro-historico-de-onda-el-fabricante-de-espheras-grupo-aranea-cel-ras-arquitectura\\\/#respond\"]}]},{\"@type\":\"WebPage\",\"@id\":\"https:\\\/\\\/veredes.es\\\/blog\\\/plaza-de-la-sinagoga-en-el-centro-historico-de-onda-el-fabricante-de-espheras-grupo-aranea-cel-ras-arquitectura\\\/\",\"url\":\"https:\\\/\\\/veredes.es\\\/blog\\\/plaza-de-la-sinagoga-en-el-centro-historico-de-onda-el-fabricante-de-espheras-grupo-aranea-cel-ras-arquitectura\\\/\",\"name\":\"Plaza de la Sinagoga en el centro hist\u00f3rico de Onda | el fabricante de espheras - Grupo Aranea - Cel-Ras Arquitectura - veredes\",\"isPartOf\":{\"@id\":\"https:\\\/\\\/veredes.es\\\/blog\\\/#website\"},\"primaryImageOfPage\":{\"@id\":\"https:\\\/\\\/veredes.es\\\/blog\\\/plaza-de-la-sinagoga-en-el-centro-historico-de-onda-el-fabricante-de-espheras-grupo-aranea-cel-ras-arquitectura\\\/#primaryimage\"},\"image\":{\"@id\":\"https:\\\/\\\/veredes.es\\\/blog\\\/plaza-de-la-sinagoga-en-el-centro-historico-de-onda-el-fabricante-de-espheras-grupo-aranea-cel-ras-arquitectura\\\/#primaryimage\"},\"thumbnailUrl\":\"https:\\\/\\\/veredes.es\\\/blog\\\/wp-content\\\/uploads\\\/2022\\\/03\\\/Plaza-de-la-Sinagoga-en-el-centro-historico-de-Onda-el-fabricante-de-espheras-Grupo-Aranea-Cel-Ras-Arquitectura-\u00a9-Milena-Villalba-o12.jpg\",\"datePublished\":\"2022-03-15T23:01:14+00:00\",\"description\":\"Toda la informaci\u00f3n sobre: Plaza de la Sinagoga en el centro hist\u00f3rico de Onda | el fabricante de espheras - Grupo Aranea - Cel-Ras Arquitectura\",\"breadcrumb\":{\"@id\":\"https:\\\/\\\/veredes.es\\\/blog\\\/plaza-de-la-sinagoga-en-el-centro-historico-de-onda-el-fabricante-de-espheras-grupo-aranea-cel-ras-arquitectura\\\/#breadcrumb\"},\"inLanguage\":\"es\",\"potentialAction\":[{\"@type\":\"ReadAction\",\"target\":[\"https:\\\/\\\/veredes.es\\\/blog\\\/plaza-de-la-sinagoga-en-el-centro-historico-de-onda-el-fabricante-de-espheras-grupo-aranea-cel-ras-arquitectura\\\/\"]}]},{\"@type\":\"ImageObject\",\"inLanguage\":\"es\",\"@id\":\"https:\\\/\\\/veredes.es\\\/blog\\\/plaza-de-la-sinagoga-en-el-centro-historico-de-onda-el-fabricante-de-espheras-grupo-aranea-cel-ras-arquitectura\\\/#primaryimage\",\"url\":\"https:\\\/\\\/veredes.es\\\/blog\\\/wp-content\\\/uploads\\\/2022\\\/03\\\/Plaza-de-la-Sinagoga-en-el-centro-historico-de-Onda-el-fabricante-de-espheras-Grupo-Aranea-Cel-Ras-Arquitectura-\u00a9-Milena-Villalba-o12.jpg\",\"contentUrl\":\"https:\\\/\\\/veredes.es\\\/blog\\\/wp-content\\\/uploads\\\/2022\\\/03\\\/Plaza-de-la-Sinagoga-en-el-centro-historico-de-Onda-el-fabricante-de-espheras-Grupo-Aranea-Cel-Ras-Arquitectura-\u00a9-Milena-Villalba-o12.jpg\",\"width\":1400,\"height\":933,\"caption\":\"Plaza de la Sinagoga en el centro hist\u00f3rico de Onda el fabricante de espheras - Grupo Aranea - Cel-Ras Arquitectura \u00a9 Milena Villalba\"},{\"@type\":\"BreadcrumbList\",\"@id\":\"https:\\\/\\\/veredes.es\\\/blog\\\/plaza-de-la-sinagoga-en-el-centro-historico-de-onda-el-fabricante-de-espheras-grupo-aranea-cel-ras-arquitectura\\\/#breadcrumb\",\"itemListElement\":[{\"@type\":\"ListItem\",\"position\":1,\"name\":\"Portada\",\"item\":\"https:\\\/\\\/veredes.es\\\/blog\\\/\"},{\"@type\":\"ListItem\",\"position\":2,\"name\":\"Plaza de la Sinagoga en el centro hist\u00f3rico de Onda | el fabricante de espheras &#8211; Grupo Aranea &#8211; Cel-Ras Arquitectura\"}]},{\"@type\":\"WebSite\",\"@id\":\"https:\\\/\\\/veredes.es\\\/blog\\\/#website\",\"url\":\"https:\\\/\\\/veredes.es\\\/blog\\\/\",\"name\":\"veredes, arquitectura y divulgaci\u00f3n\",\"description\":\"veredes\",\"publisher\":{\"@id\":\"https:\\\/\\\/veredes.es\\\/blog\\\/#organization\"},\"alternateName\":\"veredes\",\"potentialAction\":[{\"@type\":\"SearchAction\",\"target\":{\"@type\":\"EntryPoint\",\"urlTemplate\":\"https:\\\/\\\/veredes.es\\\/blog\\\/?s={search_term_string}\"},\"query-input\":{\"@type\":\"PropertyValueSpecification\",\"valueRequired\":true,\"valueName\":\"search_term_string\"}}],\"inLanguage\":\"es\"},{\"@type\":\"Organization\",\"@id\":\"https:\\\/\\\/veredes.es\\\/blog\\\/#organization\",\"name\":\"veredes, arquitectura y divulgaci\u00f3n\",\"alternateName\":\"veredes\",\"url\":\"https:\\\/\\\/veredes.es\\\/blog\\\/\",\"logo\":{\"@type\":\"ImageObject\",\"inLanguage\":\"es\",\"@id\":\"https:\\\/\\\/veredes.es\\\/blog\\\/#\\\/schema\\\/logo\\\/image\\\/\",\"url\":\"https:\\\/\\\/veredes.es\\\/blog\\\/wp-content\\\/uploads\\\/2021\\\/12\\\/veredes-logo-centrado_140x54.png\",\"contentUrl\":\"https:\\\/\\\/veredes.es\\\/blog\\\/wp-content\\\/uploads\\\/2021\\\/12\\\/veredes-logo-centrado_140x54.png\",\"width\":140,\"height\":54,\"caption\":\"veredes, arquitectura y divulgaci\u00f3n\"},\"image\":{\"@id\":\"https:\\\/\\\/veredes.es\\\/blog\\\/#\\\/schema\\\/logo\\\/image\\\/\"},\"sameAs\":[\"https:\\\/\\\/www.facebook.com\\\/veredesArquitecturayDivulgacion\\\/\",\"https:\\\/\\\/x.com\\\/veredes\",\"https:\\\/\\\/instagram.com\\\/veredes\\\/\",\"https:\\\/\\\/www.linkedin.com\\\/company\\\/veredes-arquitectura-y-divulgacion\\\/\",\"https:\\\/\\\/es.pinterest.com\\\/veredes\\\/\",\"https:\\\/\\\/www.tumblr.com\\\/veredes\"]},{\"@type\":\"Person\",\"@id\":\"https:\\\/\\\/veredes.es\\\/blog\\\/#\\\/schema\\\/person\\\/0bbb669073ef7faba5168a0844e93d2c\",\"name\":\"veredes\",\"image\":{\"@type\":\"ImageObject\",\"inLanguage\":\"es\",\"@id\":\"https:\\\/\\\/veredes.es\\\/blog\\\/wp-content\\\/uploads\\\/2018\\\/04\\\/face-96x96.jpg\",\"url\":\"https:\\\/\\\/veredes.es\\\/blog\\\/wp-content\\\/uploads\\\/2018\\\/04\\\/face-96x96.jpg\",\"contentUrl\":\"https:\\\/\\\/veredes.es\\\/blog\\\/wp-content\\\/uploads\\\/2018\\\/04\\\/face-96x96.jpg\",\"caption\":\"veredes\"},\"description\":\"Surge enero de 2009 como b\u00fasqueda de satisfacer el conocimiento de la actividad arquitect\u00f3nica y tangentes que se generan. La idea es crear un espacio para divulgar los diversos proyectos en busca de nueva inspiraci\u00f3n y de intercambio.\",\"sameAs\":[\"https:\\\/\\\/veredes.es\\\/\",\"https:\\\/\\\/www.facebook.com\\\/veredesArquitecturayDivulgacion\\\/\",\"https:\\\/\\\/www.instagram.com\\\/veredes\\\/\",\"https:\\\/\\\/www.linkedin.com\\\/company\\\/veredes-arquitectura-y-divulgacion\\\/\",\"https:\\\/\\\/www.pinterest.es\\\/veredes\\\/\",\"https:\\\/\\\/x.com\\\/https:\\\/\\\/twitter.com\\\/veredes\",\"https:\\\/\\\/veredes.tumblr.com\\\/\"],\"url\":\"https:\\\/\\\/veredes.es\\\/blog\\\/author\\\/alberto\\\/\"}]}<\/script>\n<!-- \/ Yoast SEO plugin. -->","yoast_head_json":{"title":"Plaza de la Sinagoga en el centro hist\u00f3rico de Onda | el fabricante de espheras - Grupo Aranea - Cel-Ras Arquitectura - veredes","description":"Toda la informaci\u00f3n sobre: Plaza de la Sinagoga en el centro hist\u00f3rico de Onda | el fabricante de espheras - Grupo Aranea - Cel-Ras Arquitectura","robots":{"index":"index","follow":"follow","max-snippet":"max-snippet:-1","max-image-preview":"max-image-preview:large","max-video-preview":"max-video-preview:-1"},"canonical":"https:\/\/veredes.es\/blog\/plaza-de-la-sinagoga-en-el-centro-historico-de-onda-el-fabricante-de-espheras-grupo-aranea-cel-ras-arquitectura\/","og_locale":"es_ES","og_type":"article","og_title":"Plaza de la Sinagoga en el centro hist\u00f3rico de Onda | el fabricante de espheras - Grupo Aranea - Cel-Ras Arquitectura - veredes","og_description":"Toda la informaci\u00f3n sobre: Plaza de la Sinagoga en el centro hist\u00f3rico de Onda | el fabricante de espheras - Grupo Aranea - Cel-Ras Arquitectura","og_url":"https:\/\/veredes.es\/blog\/plaza-de-la-sinagoga-en-el-centro-historico-de-onda-el-fabricante-de-espheras-grupo-aranea-cel-ras-arquitectura\/","og_site_name":"veredes, arquitectura y divulgaci\u00f3n","article_publisher":"https:\/\/www.facebook.com\/veredesArquitecturayDivulgacion\/","article_author":"https:\/\/www.facebook.com\/veredesArquitecturayDivulgacion\/","article_published_time":"2022-03-15T23:01:14+00:00","og_image":[{"width":1400,"height":933,"url":"https:\/\/veredes.es\/blog\/wp-content\/uploads\/2022\/03\/Plaza-de-la-Sinagoga-en-el-centro-historico-de-Onda-el-fabricante-de-espheras-Grupo-Aranea-Cel-Ras-Arquitectura-\u00a9-Milena-Villalba-o12.jpg","type":"image\/jpeg"}],"author":"veredes","twitter_card":"summary_large_image","twitter_creator":"@https:\/\/twitter.com\/veredes","twitter_site":"@veredes","twitter_misc":{"Escrito por":"veredes","Tiempo de lectura":"5 minutos"},"schema":{"@context":"https:\/\/schema.org","@graph":[{"@type":"Article","@id":"https:\/\/veredes.es\/blog\/plaza-de-la-sinagoga-en-el-centro-historico-de-onda-el-fabricante-de-espheras-grupo-aranea-cel-ras-arquitectura\/#article","isPartOf":{"@id":"https:\/\/veredes.es\/blog\/plaza-de-la-sinagoga-en-el-centro-historico-de-onda-el-fabricante-de-espheras-grupo-aranea-cel-ras-arquitectura\/"},"author":{"name":"veredes","@id":"https:\/\/veredes.es\/blog\/#\/schema\/person\/0bbb669073ef7faba5168a0844e93d2c"},"headline":"Plaza de la Sinagoga en el centro hist\u00f3rico de Onda | el fabricante de espheras &#8211; Grupo Aranea &#8211; Cel-Ras Arquitectura","datePublished":"2022-03-15T23:01:14+00:00","mainEntityOfPage":{"@id":"https:\/\/veredes.es\/blog\/plaza-de-la-sinagoga-en-el-centro-historico-de-onda-el-fabricante-de-espheras-grupo-aranea-cel-ras-arquitectura\/"},"wordCount":961,"commentCount":0,"publisher":{"@id":"https:\/\/veredes.es\/blog\/#organization"},"image":{"@id":"https:\/\/veredes.es\/blog\/plaza-de-la-sinagoga-en-el-centro-historico-de-onda-el-fabricante-de-espheras-grupo-aranea-cel-ras-arquitectura\/#primaryimage"},"thumbnailUrl":"https:\/\/veredes.es\/blog\/wp-content\/uploads\/2022\/03\/Plaza-de-la-Sinagoga-en-el-centro-historico-de-Onda-el-fabricante-de-espheras-Grupo-Aranea-Cel-Ras-Arquitectura-\u00a9-Milena-Villalba-o12.jpg","keywords":["arquitectura espa\u00f1ola","arquitectura valenciana","Cel-Ras Arquitectura","Eduardo J. Solaz Fuster","el fabricante de espheras","equipamiento cultural","equipamiento dotacional","espacio p\u00fablico","Fernando Navarro Carmona","Francisco Leiva Ivorra","Grupo Aranea","intervenci\u00f3n urbana","Juan Miguel Gil Garc\u00eda","M\u00aa Amparo Sebasti\u00e1 Esteve","Pasqual Herrero Vicent","patrimonio","patrimonio hist\u00f3rico","urbanismo"],"articleSection":["arquitectura","equipamiento dotacional","espacio publico","intervenci\u00f3n urbana","mobiliario","museo","obras","slider principal"],"inLanguage":"es","potentialAction":[{"@type":"CommentAction","name":"Comment","target":["https:\/\/veredes.es\/blog\/plaza-de-la-sinagoga-en-el-centro-historico-de-onda-el-fabricante-de-espheras-grupo-aranea-cel-ras-arquitectura\/#respond"]}]},{"@type":"WebPage","@id":"https:\/\/veredes.es\/blog\/plaza-de-la-sinagoga-en-el-centro-historico-de-onda-el-fabricante-de-espheras-grupo-aranea-cel-ras-arquitectura\/","url":"https:\/\/veredes.es\/blog\/plaza-de-la-sinagoga-en-el-centro-historico-de-onda-el-fabricante-de-espheras-grupo-aranea-cel-ras-arquitectura\/","name":"Plaza de la Sinagoga en el centro hist\u00f3rico de Onda | el fabricante de espheras - Grupo Aranea - Cel-Ras Arquitectura - veredes","isPartOf":{"@id":"https:\/\/veredes.es\/blog\/#website"},"primaryImageOfPage":{"@id":"https:\/\/veredes.es\/blog\/plaza-de-la-sinagoga-en-el-centro-historico-de-onda-el-fabricante-de-espheras-grupo-aranea-cel-ras-arquitectura\/#primaryimage"},"image":{"@id":"https:\/\/veredes.es\/blog\/plaza-de-la-sinagoga-en-el-centro-historico-de-onda-el-fabricante-de-espheras-grupo-aranea-cel-ras-arquitectura\/#primaryimage"},"thumbnailUrl":"https:\/\/veredes.es\/blog\/wp-content\/uploads\/2022\/03\/Plaza-de-la-Sinagoga-en-el-centro-historico-de-Onda-el-fabricante-de-espheras-Grupo-Aranea-Cel-Ras-Arquitectura-\u00a9-Milena-Villalba-o12.jpg","datePublished":"2022-03-15T23:01:14+00:00","description":"Toda la informaci\u00f3n sobre: Plaza de la Sinagoga en el centro hist\u00f3rico de Onda | el fabricante de espheras - Grupo Aranea - Cel-Ras Arquitectura","breadcrumb":{"@id":"https:\/\/veredes.es\/blog\/plaza-de-la-sinagoga-en-el-centro-historico-de-onda-el-fabricante-de-espheras-grupo-aranea-cel-ras-arquitectura\/#breadcrumb"},"inLanguage":"es","potentialAction":[{"@type":"ReadAction","target":["https:\/\/veredes.es\/blog\/plaza-de-la-sinagoga-en-el-centro-historico-de-onda-el-fabricante-de-espheras-grupo-aranea-cel-ras-arquitectura\/"]}]},{"@type":"ImageObject","inLanguage":"es","@id":"https:\/\/veredes.es\/blog\/plaza-de-la-sinagoga-en-el-centro-historico-de-onda-el-fabricante-de-espheras-grupo-aranea-cel-ras-arquitectura\/#primaryimage","url":"https:\/\/veredes.es\/blog\/wp-content\/uploads\/2022\/03\/Plaza-de-la-Sinagoga-en-el-centro-historico-de-Onda-el-fabricante-de-espheras-Grupo-Aranea-Cel-Ras-Arquitectura-\u00a9-Milena-Villalba-o12.jpg","contentUrl":"https:\/\/veredes.es\/blog\/wp-content\/uploads\/2022\/03\/Plaza-de-la-Sinagoga-en-el-centro-historico-de-Onda-el-fabricante-de-espheras-Grupo-Aranea-Cel-Ras-Arquitectura-\u00a9-Milena-Villalba-o12.jpg","width":1400,"height":933,"caption":"Plaza de la Sinagoga en el centro hist\u00f3rico de Onda el fabricante de espheras - Grupo Aranea - Cel-Ras Arquitectura \u00a9 Milena Villalba"},{"@type":"BreadcrumbList","@id":"https:\/\/veredes.es\/blog\/plaza-de-la-sinagoga-en-el-centro-historico-de-onda-el-fabricante-de-espheras-grupo-aranea-cel-ras-arquitectura\/#breadcrumb","itemListElement":[{"@type":"ListItem","position":1,"name":"Portada","item":"https:\/\/veredes.es\/blog\/"},{"@type":"ListItem","position":2,"name":"Plaza de la Sinagoga en el centro hist\u00f3rico de Onda | el fabricante de espheras &#8211; Grupo Aranea &#8211; Cel-Ras Arquitectura"}]},{"@type":"WebSite","@id":"https:\/\/veredes.es\/blog\/#website","url":"https:\/\/veredes.es\/blog\/","name":"veredes, arquitectura y divulgaci\u00f3n","description":"veredes","publisher":{"@id":"https:\/\/veredes.es\/blog\/#organization"},"alternateName":"veredes","potentialAction":[{"@type":"SearchAction","target":{"@type":"EntryPoint","urlTemplate":"https:\/\/veredes.es\/blog\/?s={search_term_string}"},"query-input":{"@type":"PropertyValueSpecification","valueRequired":true,"valueName":"search_term_string"}}],"inLanguage":"es"},{"@type":"Organization","@id":"https:\/\/veredes.es\/blog\/#organization","name":"veredes, arquitectura y divulgaci\u00f3n","alternateName":"veredes","url":"https:\/\/veredes.es\/blog\/","logo":{"@type":"ImageObject","inLanguage":"es","@id":"https:\/\/veredes.es\/blog\/#\/schema\/logo\/image\/","url":"https:\/\/veredes.es\/blog\/wp-content\/uploads\/2021\/12\/veredes-logo-centrado_140x54.png","contentUrl":"https:\/\/veredes.es\/blog\/wp-content\/uploads\/2021\/12\/veredes-logo-centrado_140x54.png","width":140,"height":54,"caption":"veredes, arquitectura y divulgaci\u00f3n"},"image":{"@id":"https:\/\/veredes.es\/blog\/#\/schema\/logo\/image\/"},"sameAs":["https:\/\/www.facebook.com\/veredesArquitecturayDivulgacion\/","https:\/\/x.com\/veredes","https:\/\/instagram.com\/veredes\/","https:\/\/www.linkedin.com\/company\/veredes-arquitectura-y-divulgacion\/","https:\/\/es.pinterest.com\/veredes\/","https:\/\/www.tumblr.com\/veredes"]},{"@type":"Person","@id":"https:\/\/veredes.es\/blog\/#\/schema\/person\/0bbb669073ef7faba5168a0844e93d2c","name":"veredes","image":{"@type":"ImageObject","inLanguage":"es","@id":"https:\/\/veredes.es\/blog\/wp-content\/uploads\/2018\/04\/face-96x96.jpg","url":"https:\/\/veredes.es\/blog\/wp-content\/uploads\/2018\/04\/face-96x96.jpg","contentUrl":"https:\/\/veredes.es\/blog\/wp-content\/uploads\/2018\/04\/face-96x96.jpg","caption":"veredes"},"description":"Surge enero de 2009 como b\u00fasqueda de satisfacer el conocimiento de la actividad arquitect\u00f3nica y tangentes que se generan. La idea es crear un espacio para divulgar los diversos proyectos en busca de nueva inspiraci\u00f3n y de intercambio.","sameAs":["https:\/\/veredes.es\/","https:\/\/www.facebook.com\/veredesArquitecturayDivulgacion\/","https:\/\/www.instagram.com\/veredes\/","https:\/\/www.linkedin.com\/company\/veredes-arquitectura-y-divulgacion\/","https:\/\/www.pinterest.es\/veredes\/","https:\/\/x.com\/https:\/\/twitter.com\/veredes","https:\/\/veredes.tumblr.com\/"],"url":"https:\/\/veredes.es\/blog\/author\/alberto\/"}]}},"_links":{"self":[{"href":"https:\/\/veredes.es\/blog\/wp-json\/wp\/v2\/posts\/88448","targetHints":{"allow":["GET"]}}],"collection":[{"href":"https:\/\/veredes.es\/blog\/wp-json\/wp\/v2\/posts"}],"about":[{"href":"https:\/\/veredes.es\/blog\/wp-json\/wp\/v2\/types\/post"}],"author":[{"embeddable":true,"href":"https:\/\/veredes.es\/blog\/wp-json\/wp\/v2\/users\/2"}],"replies":[{"embeddable":true,"href":"https:\/\/veredes.es\/blog\/wp-json\/wp\/v2\/comments?post=88448"}],"version-history":[{"count":0,"href":"https:\/\/veredes.es\/blog\/wp-json\/wp\/v2\/posts\/88448\/revisions"}],"wp:featuredmedia":[{"embeddable":true,"href":"https:\/\/veredes.es\/blog\/wp-json\/wp\/v2\/media\/88468"}],"wp:attachment":[{"href":"https:\/\/veredes.es\/blog\/wp-json\/wp\/v2\/media?parent=88448"}],"wp:term":[{"taxonomy":"category","embeddable":true,"href":"https:\/\/veredes.es\/blog\/wp-json\/wp\/v2\/categories?post=88448"},{"taxonomy":"post_tag","embeddable":true,"href":"https:\/\/veredes.es\/blog\/wp-json\/wp\/v2\/tags?post=88448"}],"curies":[{"name":"wp","href":"https:\/\/api.w.org\/{rel}","templated":true}]}}