{"id":88286,"date":"2022-03-14T00:01:55","date_gmt":"2022-03-13T23:01:55","guid":{"rendered":"https:\/\/veredes.es\/blog\/?p=88286"},"modified":"2022-03-18T08:29:09","modified_gmt":"2022-03-18T07:29:09","slug":"museografia-del-paisaje-miguel-angel-diaz-camacho","status":"publish","type":"post","link":"https:\/\/veredes.es\/blog\/museografia-del-paisaje-miguel-angel-diaz-camacho\/","title":{"rendered":"Museograf\u00eda del paisaje | Miguel \u00c1ngel D\u00edaz Camacho"},"content":{"rendered":"<figure id=\"attachment_88287\" aria-describedby=\"caption-attachment-88287\" style=\"width: 968px\" class=\"wp-caption alignnone\"><img loading=\"lazy\" decoding=\"async\" class=\"size-full wp-image-88287\" src=\"https:\/\/veredes.es\/blog\/wp-content\/uploads\/2022\/02\/Museografia-del-paisaje-Miguel-Angel-Diaz-Camacho-Mirador-y-area-de-descanso-en-Trollstigen-Reiulf-Ramstad-Arkitekter-AS.-Consutar-proyecto-en-Nasjonale-Turistveger-Norsk-Form-2010-pags.-112-113..jpg\" alt=\"Museograf\u00eda del paisaje Miguel \u00c1ngel D\u00edaz Camacho Mirador y \u00e1rea de descanso en Trollstigen, Reiulf Ramstad Arkitekter AS. Consutar proyecto en Nasjonale Turistveger, Norsk Form, 2010, p\u00e1gs. 112-113.\" width=\"968\" height=\"645\" srcset=\"https:\/\/veredes.es\/blog\/wp-content\/uploads\/2022\/02\/Museografia-del-paisaje-Miguel-Angel-Diaz-Camacho-Mirador-y-area-de-descanso-en-Trollstigen-Reiulf-Ramstad-Arkitekter-AS.-Consutar-proyecto-en-Nasjonale-Turistveger-Norsk-Form-2010-pags.-112-113..jpg 968w, https:\/\/veredes.es\/blog\/wp-content\/uploads\/2022\/02\/Museografia-del-paisaje-Miguel-Angel-Diaz-Camacho-Mirador-y-area-de-descanso-en-Trollstigen-Reiulf-Ramstad-Arkitekter-AS.-Consutar-proyecto-en-Nasjonale-Turistveger-Norsk-Form-2010-pags.-112-113.-300x200.jpg 300w, https:\/\/veredes.es\/blog\/wp-content\/uploads\/2022\/02\/Museografia-del-paisaje-Miguel-Angel-Diaz-Camacho-Mirador-y-area-de-descanso-en-Trollstigen-Reiulf-Ramstad-Arkitekter-AS.-Consutar-proyecto-en-Nasjonale-Turistveger-Norsk-Form-2010-pags.-112-113.-696x464.jpg 696w\" sizes=\"auto, (max-width: 968px) 100vw, 968px\" \/><figcaption id=\"caption-attachment-88287\" class=\"wp-caption-text\"><span style=\"color: #999999;\">Mirador y \u00e1rea de descanso en Trollstigen, Reiulf Ramstad Arkitekter AS. Consutar proyecto en Nasjonale Turistveger, Norsk Form, 2010, p\u00e1gs. 112-113.<\/span><\/figcaption><\/figure>\n<p style=\"font-weight: 400; text-align: justify;\">Las carreteras de monta\u00f1a se presentan en ocasiones como una verdadera galer\u00eda de paisajes. Con cada viraje -en cada recodo- el v\u00e9rtigo aparece con rostro de valle o acantilado, como un extra\u00f1o y quebradizo\u00a0horizonte. Esta fascinante p\u00e9rdida de referencias y al mismo tiempo ef\u00edmera conquista intraocular, este\u00a0<em>peligro voluptuoso<\/em>, constituye un recurso muy utilizado en el cine, vean de nuevo\u00a0<em><a href=\"http:\/\/madc-arquitectos.tumblr.com\/post\/139377525595\/to-catch-a-thief-alfred-hitchcock-1955\" target=\"_blank\" rel=\"noopener\">To Catch a Thief<\/a><\/em>\u00a0filmada all\u00e1 por 1955: qu\u00e9 mejor escenario para la huida continuada de un ladr\u00f3n, que aquella panor\u00e1mica\u00a0<em>aguamarina\u00a0<\/em>que se despliega sinuosa entre Niza y Montecarlo. Bien sab\u00eda Alfred Hitchcock que se encontraba ante una de las carreteras m\u00e1s hermosas del mundo: la\u00a0<em>Grande Corniche.\u00a0<\/em><\/p>\n<figure style=\"width: 940px\" class=\"wp-caption alignnone\"><img loading=\"lazy\" decoding=\"async\" src=\"https:\/\/64.media.tumblr.com\/2d71ff8d3155f8ff7c7930ce201d77dd\/tumblr_o2lx3dCYLz1rj4y8ro1_1280.jpg\" alt=\"\" width=\"940\" height=\"626\" \/><figcaption class=\"wp-caption-text\"><span style=\"color: #999999;\">Atrapar a un ladr\u00f3n , Alfred Hitchcock 1955<\/span><\/figcaption><\/figure>\n<p style=\"font-weight: 400; text-align: justify;\">Conscientes del potencial de su paisaje interior, as\u00ed como de los riesgos del creciente turismo de crucero a trav\u00e9s de los fiordos, el gobierno de Noruega decide (hace no m\u00e1s de diez o quince a\u00f1os) la creaci\u00f3n de un plan de\u00a0<em>Rutas Nacionales de Turismo<\/em>, un programa de mejora de dieciocho ondulaciones escarpadas, o carreteras, equipadas con plataformas de observaci\u00f3n y miradores, aparcamientos, \u00e1reas de descanso, puentes o nuevos accesos a lugares rec\u00f3nditos y hasta entonces<a href=\"https:\/\/veredes.es\/blog\/arquitecturas-en-el-limite-inigo-garcia-odiaga\/\" target=\"_blank\" rel=\"noopener\"> inaccesibles<\/a>.<sup>1<\/sup> Todos los equipamientos puntuales han sido dise\u00f1ados por diferentes arquitectos y paisajistas con experiencia, desde Peter Zumptor hasta Sn\u00d8hetta, JVA o Reiulf Ramstad entre otros. En palabras de Ulf Gr\u00d8nvold<\/p>\n<blockquote>\n<p style=\"font-weight: 400; text-align: justify;\">\u00abLos resultados han sido espectaculares: estructuras po\u00e9ticas en un paisaje dram\u00e1tico\u00bb.<sup>2<\/sup><\/p>\n<\/blockquote>\n<p style=\"font-weight: 400; text-align: justify;\">La arquitectura como acontecimiento de una red que se tiende sobre el paisaje.<\/p>\n<p style=\"font-weight: 400; text-align: justify;\">Pensemos por un momento en la sola idea de convertir la carretera \u00abobra p\u00fablica\u00bb<sup>3 <\/sup>en una infraestructura paisaj\u00edstica como decisi\u00f3n consciente y decidida de un Estado, es decir, la propuesta de transferir valores culturales a un entramado de asfalto y el territorio que acontece. Este ejercicio de planeamiento curiosamente disperso, desprende no solo una actitud optimista y regeneradora, sino tambi\u00e9n una estrategia muy reveladora de su cultura.<\/p>\n<p style=\"font-weight: 400; text-align: justify;\">Desde luego los peque\u00f1os ejercicios de arquitectura diseminados por la geograf\u00eda poco o nada tienen que hacer con la grandeza de los fiordos; tambi\u00e9n es cierto que la propia carretera, sin pabellones ni equipamientos, explica con certeza suficiente los valores inigualables del paisaje; y sin embargo, esta iniciativa se presenta ante nosotros como una envidiable visi\u00f3n transformadora de un territorio com\u00fan, una suerte de coreograf\u00eda trans-disciplinar, inclusiva e inter-ministerial<sup>4<\/sup>: un ejercicio de museograf\u00eda extendido sobre la totalidad de un pa\u00eds.<\/p>\n<p style=\"font-weight: 400; text-align: justify;\">Un ejercicio de museograf\u00eda del paisaje.<\/p>\n<p>Miguel \u00c1ngel D\u00edaz Camacho. Doctor Arquitecto<br \/>\nMadrid. Febrero 2016.<br \/>\n<span style=\"color: #999999;\">Autor de\u00a0<em>Parr\u00e1fos de arquitectura<\/em>.\u00a0<a style=\"color: #999999;\" href=\"https:\/\/twitter.com\/hashtag\/arquiparrafos?f=realtime&amp;src=hash\" target=\"_blank\" rel=\"noopener noreferrer\">#arquiParrafos<\/a><\/span><\/p>\n<p style=\"text-align: justify;\">Notas:<\/p>\n<p style=\"text-align: justify;\"><sup>1\u00a0<\/sup>Ver <em>Nasjonale Turistveger<\/em>, Norsk Form, 2010.<\/p>\n<p style=\"font-weight: 400; text-align: justify;\"><sup>2 <\/sup>Ulf Gr\u00d8nvold, \u00abNoruega; ochenta a\u00f1os de modernidad\u00bb, en N\u00f3rdicos, DPA 26, Barcelona, UPC 2010, p\u00e1gs. 22-27<\/p>\n<p style=\"font-weight: 400; text-align: justify;\"><sup>3 <\/sup>Aqu\u00ed la Red de Carreteras del Estado depende del Ministerio de Fomento.<\/p>\n<p style=\"font-weight: 400; text-align: justify;\"><sup>4 <\/sup>Ministerios como el de Fomento, Cultura, Medioambiente, Econom\u00eda o Turismo&#8230;trabajando conjuntamente, algo impensable en otros pa\u00edses.<\/p>\n","protected":false},"excerpt":{"rendered":"<p>Las carreteras de monta\u00f1a se presentan en ocasiones como una verdadera galer\u00eda de paisajes. Con cada viraje -en cada recodo- el v\u00e9rtigo aparece con rostro de valle o acantilado, como un extra\u00f1o y quebradizo\u00a0horizonte. Esta fascinante p\u00e9rdida de referencias y al mismo tiempo ef\u00edmera conquista intraocular, este\u00a0peligro voluptuoso, constituye un recurso muy utilizado en el [&hellip;]<\/p>\n","protected":false},"author":5,"featured_media":88287,"comment_status":"open","ping_status":"closed","sticky":false,"template":"","format":"standard","meta":{"footnotes":""},"categories":[5934,5951],"tags":[2539,15818,847,6465,12453,920,977,9160,978,13020,13417,15819,10620,1286,15817],"class_list":{"0":"post-88286","1":"post","2":"type-post","3":"status-publish","4":"format-standard","5":"has-post-thumbnail","7":"category-articulos","8":"category-slider-principal","9":"tag-arquitectura-del-paisaje","10":"tag-jva","11":"tag-medio-rural","12":"tag-miguel-angel-diaz-camacho","13":"tag-museo-arquitectura-arquitectura","14":"tag-naturaleza","15":"tag-paisaje","16":"tag-paisaje-cultural","17":"tag-paisaje-urbano","18":"tag-patrimonio-natural","19":"tag-peter-zumptor","20":"tag-reiulf-ramstad","21":"tag-snohetta","22":"tag-territorio","23":"tag-ulf-gronvold"},"yoast_head":"<!-- This site is optimized with the Yoast SEO plugin v27.4 - https:\/\/yoast.com\/product\/yoast-seo-wordpress\/ -->\n<title>Museograf\u00eda del paisaje | Miguel \u00c1ngel D\u00edaz Camacho - veredes<\/title>\n<meta name=\"description\" content=\"Toda la informaci\u00f3n sobre: Museograf\u00eda del paisaje | Miguel \u00c1ngel D\u00edaz Camacho\" \/>\n<meta name=\"robots\" content=\"index, follow, max-snippet:-1, max-image-preview:large, max-video-preview:-1\" \/>\n<link rel=\"canonical\" href=\"https:\/\/veredes.es\/blog\/museografia-del-paisaje-miguel-angel-diaz-camacho\/\" \/>\n<meta property=\"og:locale\" content=\"es_ES\" \/>\n<meta property=\"og:type\" content=\"article\" \/>\n<meta property=\"og:title\" content=\"Museograf\u00eda del paisaje | Miguel \u00c1ngel D\u00edaz Camacho - veredes\" \/>\n<meta property=\"og:description\" content=\"Toda la informaci\u00f3n sobre: Museograf\u00eda del paisaje | Miguel \u00c1ngel D\u00edaz Camacho\" \/>\n<meta property=\"og:url\" content=\"https:\/\/veredes.es\/blog\/museografia-del-paisaje-miguel-angel-diaz-camacho\/\" \/>\n<meta property=\"og:site_name\" content=\"veredes, arquitectura y divulgaci\u00f3n\" \/>\n<meta property=\"article:publisher\" content=\"https:\/\/www.facebook.com\/veredesArquitecturayDivulgacion\/\" \/>\n<meta property=\"article:author\" content=\"https:\/\/www.facebook.com\/diazcamacho\" \/>\n<meta property=\"article:published_time\" content=\"2022-03-13T23:01:55+00:00\" \/>\n<meta property=\"article:modified_time\" content=\"2022-03-18T07:29:09+00:00\" \/>\n<meta property=\"og:image\" content=\"https:\/\/veredes.es\/blog\/wp-content\/uploads\/2022\/02\/Museografia-del-paisaje-Miguel-Angel-Diaz-Camacho-Mirador-y-area-de-descanso-en-Trollstigen-Reiulf-Ramstad-Arkitekter-AS.-Consutar-proyecto-en-Nasjonale-Turistveger-Norsk-Form-2010-pags.-112-113..jpg\" \/>\n\t<meta property=\"og:image:width\" content=\"968\" \/>\n\t<meta property=\"og:image:height\" content=\"645\" \/>\n\t<meta property=\"og:image:type\" content=\"image\/jpeg\" \/>\n<meta name=\"author\" content=\"Miguel \u00c1ngel D\u00edaz Camacho\" \/>\n<meta name=\"twitter:card\" content=\"summary_large_image\" \/>\n<meta name=\"twitter:creator\" content=\"@https:\/\/twitter.com\/MADCARQUITECTOS\" \/>\n<meta name=\"twitter:site\" content=\"@veredes\" \/>\n<meta name=\"twitter:label1\" content=\"Escrito por\" \/>\n\t<meta name=\"twitter:data1\" content=\"Miguel \u00c1ngel D\u00edaz Camacho\" \/>\n\t<meta name=\"twitter:label2\" content=\"Tiempo de lectura\" \/>\n\t<meta name=\"twitter:data2\" content=\"3 minutos\" \/>\n<script type=\"application\/ld+json\" class=\"yoast-schema-graph\">{\"@context\":\"https:\\\/\\\/schema.org\",\"@graph\":[{\"@type\":\"Article\",\"@id\":\"https:\\\/\\\/veredes.es\\\/blog\\\/museografia-del-paisaje-miguel-angel-diaz-camacho\\\/#article\",\"isPartOf\":{\"@id\":\"https:\\\/\\\/veredes.es\\\/blog\\\/museografia-del-paisaje-miguel-angel-diaz-camacho\\\/\"},\"author\":{\"name\":\"Miguel \u00c1ngel D\u00edaz Camacho\",\"@id\":\"https:\\\/\\\/veredes.es\\\/blog\\\/#\\\/schema\\\/person\\\/e3a2f3fc087cf59bab205fb869b57b1d\"},\"headline\":\"Museograf\u00eda del paisaje | Miguel \u00c1ngel D\u00edaz Camacho\",\"datePublished\":\"2022-03-13T23:01:55+00:00\",\"dateModified\":\"2022-03-18T07:29:09+00:00\",\"mainEntityOfPage\":{\"@id\":\"https:\\\/\\\/veredes.es\\\/blog\\\/museografia-del-paisaje-miguel-angel-diaz-camacho\\\/\"},\"wordCount\":548,\"commentCount\":0,\"publisher\":{\"@id\":\"https:\\\/\\\/veredes.es\\\/blog\\\/#organization\"},\"image\":{\"@id\":\"https:\\\/\\\/veredes.es\\\/blog\\\/museografia-del-paisaje-miguel-angel-diaz-camacho\\\/#primaryimage\"},\"thumbnailUrl\":\"https:\\\/\\\/veredes.es\\\/blog\\\/wp-content\\\/uploads\\\/2022\\\/02\\\/Museografia-del-paisaje-Miguel-Angel-Diaz-Camacho-Mirador-y-area-de-descanso-en-Trollstigen-Reiulf-Ramstad-Arkitekter-AS.-Consutar-proyecto-en-Nasjonale-Turistveger-Norsk-Form-2010-pags.-112-113..jpg\",\"keywords\":[\"arquitectura del paisaje\",\"JVA\",\"medio rural\",\"Miguel \u00c1ngel D\u00edaz Camacho\",\"museo\",\"naturaleza\",\"paisaje\",\"paisaje cultural\",\"paisaje urbano\",\"patrimonio natural\",\"Peter Zumptor\",\"Reiulf Ramstad\",\"Sn\u00f8hetta\",\"territorio\",\"Ulf Gr\u00d8nvold\"],\"articleSection\":[\"art\u00edculos\",\"slider principal\"],\"inLanguage\":\"es\",\"potentialAction\":[{\"@type\":\"CommentAction\",\"name\":\"Comment\",\"target\":[\"https:\\\/\\\/veredes.es\\\/blog\\\/museografia-del-paisaje-miguel-angel-diaz-camacho\\\/#respond\"]}]},{\"@type\":\"WebPage\",\"@id\":\"https:\\\/\\\/veredes.es\\\/blog\\\/museografia-del-paisaje-miguel-angel-diaz-camacho\\\/\",\"url\":\"https:\\\/\\\/veredes.es\\\/blog\\\/museografia-del-paisaje-miguel-angel-diaz-camacho\\\/\",\"name\":\"Museograf\u00eda del paisaje | Miguel \u00c1ngel D\u00edaz Camacho - veredes\",\"isPartOf\":{\"@id\":\"https:\\\/\\\/veredes.es\\\/blog\\\/#website\"},\"primaryImageOfPage\":{\"@id\":\"https:\\\/\\\/veredes.es\\\/blog\\\/museografia-del-paisaje-miguel-angel-diaz-camacho\\\/#primaryimage\"},\"image\":{\"@id\":\"https:\\\/\\\/veredes.es\\\/blog\\\/museografia-del-paisaje-miguel-angel-diaz-camacho\\\/#primaryimage\"},\"thumbnailUrl\":\"https:\\\/\\\/veredes.es\\\/blog\\\/wp-content\\\/uploads\\\/2022\\\/02\\\/Museografia-del-paisaje-Miguel-Angel-Diaz-Camacho-Mirador-y-area-de-descanso-en-Trollstigen-Reiulf-Ramstad-Arkitekter-AS.-Consutar-proyecto-en-Nasjonale-Turistveger-Norsk-Form-2010-pags.-112-113..jpg\",\"datePublished\":\"2022-03-13T23:01:55+00:00\",\"dateModified\":\"2022-03-18T07:29:09+00:00\",\"description\":\"Toda la informaci\u00f3n sobre: Museograf\u00eda del paisaje | Miguel \u00c1ngel D\u00edaz Camacho\",\"breadcrumb\":{\"@id\":\"https:\\\/\\\/veredes.es\\\/blog\\\/museografia-del-paisaje-miguel-angel-diaz-camacho\\\/#breadcrumb\"},\"inLanguage\":\"es\",\"potentialAction\":[{\"@type\":\"ReadAction\",\"target\":[\"https:\\\/\\\/veredes.es\\\/blog\\\/museografia-del-paisaje-miguel-angel-diaz-camacho\\\/\"]}]},{\"@type\":\"ImageObject\",\"inLanguage\":\"es\",\"@id\":\"https:\\\/\\\/veredes.es\\\/blog\\\/museografia-del-paisaje-miguel-angel-diaz-camacho\\\/#primaryimage\",\"url\":\"https:\\\/\\\/veredes.es\\\/blog\\\/wp-content\\\/uploads\\\/2022\\\/02\\\/Museografia-del-paisaje-Miguel-Angel-Diaz-Camacho-Mirador-y-area-de-descanso-en-Trollstigen-Reiulf-Ramstad-Arkitekter-AS.-Consutar-proyecto-en-Nasjonale-Turistveger-Norsk-Form-2010-pags.-112-113..jpg\",\"contentUrl\":\"https:\\\/\\\/veredes.es\\\/blog\\\/wp-content\\\/uploads\\\/2022\\\/02\\\/Museografia-del-paisaje-Miguel-Angel-Diaz-Camacho-Mirador-y-area-de-descanso-en-Trollstigen-Reiulf-Ramstad-Arkitekter-AS.-Consutar-proyecto-en-Nasjonale-Turistveger-Norsk-Form-2010-pags.-112-113..jpg\",\"width\":968,\"height\":645,\"caption\":\"Museograf\u00eda del paisaje Miguel \u00c1ngel D\u00edaz Camacho Mirador y \u00e1rea de descanso en Trollstigen, Reiulf Ramstad Arkitekter AS. Consutar proyecto en Nasjonale Turistveger, Norsk Form, 2010, p\u00e1gs. 112-113.\"},{\"@type\":\"BreadcrumbList\",\"@id\":\"https:\\\/\\\/veredes.es\\\/blog\\\/museografia-del-paisaje-miguel-angel-diaz-camacho\\\/#breadcrumb\",\"itemListElement\":[{\"@type\":\"ListItem\",\"position\":1,\"name\":\"Portada\",\"item\":\"https:\\\/\\\/veredes.es\\\/blog\\\/\"},{\"@type\":\"ListItem\",\"position\":2,\"name\":\"Museograf\u00eda del paisaje | Miguel \u00c1ngel D\u00edaz Camacho\"}]},{\"@type\":\"WebSite\",\"@id\":\"https:\\\/\\\/veredes.es\\\/blog\\\/#website\",\"url\":\"https:\\\/\\\/veredes.es\\\/blog\\\/\",\"name\":\"veredes, arquitectura y divulgaci\u00f3n\",\"description\":\"veredes\",\"publisher\":{\"@id\":\"https:\\\/\\\/veredes.es\\\/blog\\\/#organization\"},\"alternateName\":\"veredes\",\"potentialAction\":[{\"@type\":\"SearchAction\",\"target\":{\"@type\":\"EntryPoint\",\"urlTemplate\":\"https:\\\/\\\/veredes.es\\\/blog\\\/?s={search_term_string}\"},\"query-input\":{\"@type\":\"PropertyValueSpecification\",\"valueRequired\":true,\"valueName\":\"search_term_string\"}}],\"inLanguage\":\"es\"},{\"@type\":\"Organization\",\"@id\":\"https:\\\/\\\/veredes.es\\\/blog\\\/#organization\",\"name\":\"veredes, arquitectura y divulgaci\u00f3n\",\"alternateName\":\"veredes\",\"url\":\"https:\\\/\\\/veredes.es\\\/blog\\\/\",\"logo\":{\"@type\":\"ImageObject\",\"inLanguage\":\"es\",\"@id\":\"https:\\\/\\\/veredes.es\\\/blog\\\/#\\\/schema\\\/logo\\\/image\\\/\",\"url\":\"https:\\\/\\\/veredes.es\\\/blog\\\/wp-content\\\/uploads\\\/2021\\\/12\\\/veredes-logo-centrado_140x54.png\",\"contentUrl\":\"https:\\\/\\\/veredes.es\\\/blog\\\/wp-content\\\/uploads\\\/2021\\\/12\\\/veredes-logo-centrado_140x54.png\",\"width\":140,\"height\":54,\"caption\":\"veredes, arquitectura y divulgaci\u00f3n\"},\"image\":{\"@id\":\"https:\\\/\\\/veredes.es\\\/blog\\\/#\\\/schema\\\/logo\\\/image\\\/\"},\"sameAs\":[\"https:\\\/\\\/www.facebook.com\\\/veredesArquitecturayDivulgacion\\\/\",\"https:\\\/\\\/x.com\\\/veredes\",\"https:\\\/\\\/instagram.com\\\/veredes\\\/\",\"https:\\\/\\\/www.linkedin.com\\\/company\\\/veredes-arquitectura-y-divulgacion\\\/\",\"https:\\\/\\\/es.pinterest.com\\\/veredes\\\/\",\"https:\\\/\\\/www.tumblr.com\\\/veredes\"]},{\"@type\":\"Person\",\"@id\":\"https:\\\/\\\/veredes.es\\\/blog\\\/#\\\/schema\\\/person\\\/e3a2f3fc087cf59bab205fb869b57b1d\",\"name\":\"Miguel \u00c1ngel D\u00edaz Camacho\",\"image\":{\"@type\":\"ImageObject\",\"inLanguage\":\"es\",\"@id\":\"https:\\\/\\\/veredes.es\\\/blog\\\/wp-content\\\/uploads\\\/2018\\\/04\\\/miguel\u00e1ngeld\u00edazcamacho-96x96.jpg\",\"url\":\"https:\\\/\\\/veredes.es\\\/blog\\\/wp-content\\\/uploads\\\/2018\\\/04\\\/miguel\u00e1ngeld\u00edazcamacho-96x96.jpg\",\"contentUrl\":\"https:\\\/\\\/veredes.es\\\/blog\\\/wp-content\\\/uploads\\\/2018\\\/04\\\/miguel\u00e1ngeld\u00edazcamacho-96x96.jpg\",\"caption\":\"Miguel \u00c1ngel D\u00edaz Camacho\"},\"description\":\"Es doctor arquitecto y actual presidente de la Asociaci\u00f3n Sostenibilidad y Arquitectura. Delegado del Consejo Superior de los Colegios de Arquitectos de Espa\u00f1a (CSCAE) en el Consejo Europeo de Arquitectos, Architects Council of Europe (ACE). Socio fundador en MADC Arquitectos, compa\u00f1\u00eda establecida en Madrid que ha recibido numerosos premios en concursos nacionales e internacionales. Investigador y profesor universitario, su filosof\u00eda de trabajo y pensamiento te\u00f3rico han sido ampliamente desarrollados en publicaciones como \u201cP\u00e1rrafos de Arquitectura. Core(oh)graf\u00edas\u201d (Ediciones Asim\u00e9tricas, 2016) o \u201cArquitectura y Cambio Clim\u00e1tico\u201d (Fundaci\u00f3n Arquia, 2018). En la actualidad desarrolla proyectos de arquitectura y urbanismo en Espa\u00f1a y Noruega.\",\"sameAs\":[\"https:\\\/\\\/madc.xyz\\\/\",\"https:\\\/\\\/www.facebook.com\\\/diazcamacho\",\"https:\\\/\\\/www.instagram.com\\\/madc_architecture\\\/\",\"https:\\\/\\\/www.linkedin.com\\\/in\\\/madcarquitectos\\\/\",\"https:\\\/\\\/x.com\\\/https:\\\/\\\/twitter.com\\\/MADCARQUITECTOS\"],\"url\":\"https:\\\/\\\/veredes.es\\\/blog\\\/author\\\/miguel-angel-diaz-camacho\\\/\"}]}<\/script>\n<!-- \/ Yoast SEO plugin. -->","yoast_head_json":{"title":"Museograf\u00eda del paisaje | Miguel \u00c1ngel D\u00edaz Camacho - veredes","description":"Toda la informaci\u00f3n sobre: Museograf\u00eda del paisaje | Miguel \u00c1ngel D\u00edaz Camacho","robots":{"index":"index","follow":"follow","max-snippet":"max-snippet:-1","max-image-preview":"max-image-preview:large","max-video-preview":"max-video-preview:-1"},"canonical":"https:\/\/veredes.es\/blog\/museografia-del-paisaje-miguel-angel-diaz-camacho\/","og_locale":"es_ES","og_type":"article","og_title":"Museograf\u00eda del paisaje | Miguel \u00c1ngel D\u00edaz Camacho - veredes","og_description":"Toda la informaci\u00f3n sobre: Museograf\u00eda del paisaje | Miguel \u00c1ngel D\u00edaz Camacho","og_url":"https:\/\/veredes.es\/blog\/museografia-del-paisaje-miguel-angel-diaz-camacho\/","og_site_name":"veredes, arquitectura y divulgaci\u00f3n","article_publisher":"https:\/\/www.facebook.com\/veredesArquitecturayDivulgacion\/","article_author":"https:\/\/www.facebook.com\/diazcamacho","article_published_time":"2022-03-13T23:01:55+00:00","article_modified_time":"2022-03-18T07:29:09+00:00","og_image":[{"width":968,"height":645,"url":"https:\/\/veredes.es\/blog\/wp-content\/uploads\/2022\/02\/Museografia-del-paisaje-Miguel-Angel-Diaz-Camacho-Mirador-y-area-de-descanso-en-Trollstigen-Reiulf-Ramstad-Arkitekter-AS.-Consutar-proyecto-en-Nasjonale-Turistveger-Norsk-Form-2010-pags.-112-113..jpg","type":"image\/jpeg"}],"author":"Miguel \u00c1ngel D\u00edaz Camacho","twitter_card":"summary_large_image","twitter_creator":"@https:\/\/twitter.com\/MADCARQUITECTOS","twitter_site":"@veredes","twitter_misc":{"Escrito por":"Miguel \u00c1ngel D\u00edaz Camacho","Tiempo de lectura":"3 minutos"},"schema":{"@context":"https:\/\/schema.org","@graph":[{"@type":"Article","@id":"https:\/\/veredes.es\/blog\/museografia-del-paisaje-miguel-angel-diaz-camacho\/#article","isPartOf":{"@id":"https:\/\/veredes.es\/blog\/museografia-del-paisaje-miguel-angel-diaz-camacho\/"},"author":{"name":"Miguel \u00c1ngel D\u00edaz Camacho","@id":"https:\/\/veredes.es\/blog\/#\/schema\/person\/e3a2f3fc087cf59bab205fb869b57b1d"},"headline":"Museograf\u00eda del paisaje | Miguel \u00c1ngel D\u00edaz Camacho","datePublished":"2022-03-13T23:01:55+00:00","dateModified":"2022-03-18T07:29:09+00:00","mainEntityOfPage":{"@id":"https:\/\/veredes.es\/blog\/museografia-del-paisaje-miguel-angel-diaz-camacho\/"},"wordCount":548,"commentCount":0,"publisher":{"@id":"https:\/\/veredes.es\/blog\/#organization"},"image":{"@id":"https:\/\/veredes.es\/blog\/museografia-del-paisaje-miguel-angel-diaz-camacho\/#primaryimage"},"thumbnailUrl":"https:\/\/veredes.es\/blog\/wp-content\/uploads\/2022\/02\/Museografia-del-paisaje-Miguel-Angel-Diaz-Camacho-Mirador-y-area-de-descanso-en-Trollstigen-Reiulf-Ramstad-Arkitekter-AS.-Consutar-proyecto-en-Nasjonale-Turistveger-Norsk-Form-2010-pags.-112-113..jpg","keywords":["arquitectura del paisaje","JVA","medio rural","Miguel \u00c1ngel D\u00edaz Camacho","museo","naturaleza","paisaje","paisaje cultural","paisaje urbano","patrimonio natural","Peter Zumptor","Reiulf Ramstad","Sn\u00f8hetta","territorio","Ulf Gr\u00d8nvold"],"articleSection":["art\u00edculos","slider principal"],"inLanguage":"es","potentialAction":[{"@type":"CommentAction","name":"Comment","target":["https:\/\/veredes.es\/blog\/museografia-del-paisaje-miguel-angel-diaz-camacho\/#respond"]}]},{"@type":"WebPage","@id":"https:\/\/veredes.es\/blog\/museografia-del-paisaje-miguel-angel-diaz-camacho\/","url":"https:\/\/veredes.es\/blog\/museografia-del-paisaje-miguel-angel-diaz-camacho\/","name":"Museograf\u00eda del paisaje | Miguel \u00c1ngel D\u00edaz Camacho - veredes","isPartOf":{"@id":"https:\/\/veredes.es\/blog\/#website"},"primaryImageOfPage":{"@id":"https:\/\/veredes.es\/blog\/museografia-del-paisaje-miguel-angel-diaz-camacho\/#primaryimage"},"image":{"@id":"https:\/\/veredes.es\/blog\/museografia-del-paisaje-miguel-angel-diaz-camacho\/#primaryimage"},"thumbnailUrl":"https:\/\/veredes.es\/blog\/wp-content\/uploads\/2022\/02\/Museografia-del-paisaje-Miguel-Angel-Diaz-Camacho-Mirador-y-area-de-descanso-en-Trollstigen-Reiulf-Ramstad-Arkitekter-AS.-Consutar-proyecto-en-Nasjonale-Turistveger-Norsk-Form-2010-pags.-112-113..jpg","datePublished":"2022-03-13T23:01:55+00:00","dateModified":"2022-03-18T07:29:09+00:00","description":"Toda la informaci\u00f3n sobre: Museograf\u00eda del paisaje | Miguel \u00c1ngel D\u00edaz Camacho","breadcrumb":{"@id":"https:\/\/veredes.es\/blog\/museografia-del-paisaje-miguel-angel-diaz-camacho\/#breadcrumb"},"inLanguage":"es","potentialAction":[{"@type":"ReadAction","target":["https:\/\/veredes.es\/blog\/museografia-del-paisaje-miguel-angel-diaz-camacho\/"]}]},{"@type":"ImageObject","inLanguage":"es","@id":"https:\/\/veredes.es\/blog\/museografia-del-paisaje-miguel-angel-diaz-camacho\/#primaryimage","url":"https:\/\/veredes.es\/blog\/wp-content\/uploads\/2022\/02\/Museografia-del-paisaje-Miguel-Angel-Diaz-Camacho-Mirador-y-area-de-descanso-en-Trollstigen-Reiulf-Ramstad-Arkitekter-AS.-Consutar-proyecto-en-Nasjonale-Turistveger-Norsk-Form-2010-pags.-112-113..jpg","contentUrl":"https:\/\/veredes.es\/blog\/wp-content\/uploads\/2022\/02\/Museografia-del-paisaje-Miguel-Angel-Diaz-Camacho-Mirador-y-area-de-descanso-en-Trollstigen-Reiulf-Ramstad-Arkitekter-AS.-Consutar-proyecto-en-Nasjonale-Turistveger-Norsk-Form-2010-pags.-112-113..jpg","width":968,"height":645,"caption":"Museograf\u00eda del paisaje Miguel \u00c1ngel D\u00edaz Camacho Mirador y \u00e1rea de descanso en Trollstigen, Reiulf Ramstad Arkitekter AS. Consutar proyecto en Nasjonale Turistveger, Norsk Form, 2010, p\u00e1gs. 112-113."},{"@type":"BreadcrumbList","@id":"https:\/\/veredes.es\/blog\/museografia-del-paisaje-miguel-angel-diaz-camacho\/#breadcrumb","itemListElement":[{"@type":"ListItem","position":1,"name":"Portada","item":"https:\/\/veredes.es\/blog\/"},{"@type":"ListItem","position":2,"name":"Museograf\u00eda del paisaje | Miguel \u00c1ngel D\u00edaz Camacho"}]},{"@type":"WebSite","@id":"https:\/\/veredes.es\/blog\/#website","url":"https:\/\/veredes.es\/blog\/","name":"veredes, arquitectura y divulgaci\u00f3n","description":"veredes","publisher":{"@id":"https:\/\/veredes.es\/blog\/#organization"},"alternateName":"veredes","potentialAction":[{"@type":"SearchAction","target":{"@type":"EntryPoint","urlTemplate":"https:\/\/veredes.es\/blog\/?s={search_term_string}"},"query-input":{"@type":"PropertyValueSpecification","valueRequired":true,"valueName":"search_term_string"}}],"inLanguage":"es"},{"@type":"Organization","@id":"https:\/\/veredes.es\/blog\/#organization","name":"veredes, arquitectura y divulgaci\u00f3n","alternateName":"veredes","url":"https:\/\/veredes.es\/blog\/","logo":{"@type":"ImageObject","inLanguage":"es","@id":"https:\/\/veredes.es\/blog\/#\/schema\/logo\/image\/","url":"https:\/\/veredes.es\/blog\/wp-content\/uploads\/2021\/12\/veredes-logo-centrado_140x54.png","contentUrl":"https:\/\/veredes.es\/blog\/wp-content\/uploads\/2021\/12\/veredes-logo-centrado_140x54.png","width":140,"height":54,"caption":"veredes, arquitectura y divulgaci\u00f3n"},"image":{"@id":"https:\/\/veredes.es\/blog\/#\/schema\/logo\/image\/"},"sameAs":["https:\/\/www.facebook.com\/veredesArquitecturayDivulgacion\/","https:\/\/x.com\/veredes","https:\/\/instagram.com\/veredes\/","https:\/\/www.linkedin.com\/company\/veredes-arquitectura-y-divulgacion\/","https:\/\/es.pinterest.com\/veredes\/","https:\/\/www.tumblr.com\/veredes"]},{"@type":"Person","@id":"https:\/\/veredes.es\/blog\/#\/schema\/person\/e3a2f3fc087cf59bab205fb869b57b1d","name":"Miguel \u00c1ngel D\u00edaz Camacho","image":{"@type":"ImageObject","inLanguage":"es","@id":"https:\/\/veredes.es\/blog\/wp-content\/uploads\/2018\/04\/miguel\u00e1ngeld\u00edazcamacho-96x96.jpg","url":"https:\/\/veredes.es\/blog\/wp-content\/uploads\/2018\/04\/miguel\u00e1ngeld\u00edazcamacho-96x96.jpg","contentUrl":"https:\/\/veredes.es\/blog\/wp-content\/uploads\/2018\/04\/miguel\u00e1ngeld\u00edazcamacho-96x96.jpg","caption":"Miguel \u00c1ngel D\u00edaz Camacho"},"description":"Es doctor arquitecto y actual presidente de la Asociaci\u00f3n Sostenibilidad y Arquitectura. Delegado del Consejo Superior de los Colegios de Arquitectos de Espa\u00f1a (CSCAE) en el Consejo Europeo de Arquitectos, Architects Council of Europe (ACE). Socio fundador en MADC Arquitectos, compa\u00f1\u00eda establecida en Madrid que ha recibido numerosos premios en concursos nacionales e internacionales. Investigador y profesor universitario, su filosof\u00eda de trabajo y pensamiento te\u00f3rico han sido ampliamente desarrollados en publicaciones como \u201cP\u00e1rrafos de Arquitectura. Core(oh)graf\u00edas\u201d (Ediciones Asim\u00e9tricas, 2016) o \u201cArquitectura y Cambio Clim\u00e1tico\u201d (Fundaci\u00f3n Arquia, 2018). En la actualidad desarrolla proyectos de arquitectura y urbanismo en Espa\u00f1a y Noruega.","sameAs":["https:\/\/madc.xyz\/","https:\/\/www.facebook.com\/diazcamacho","https:\/\/www.instagram.com\/madc_architecture\/","https:\/\/www.linkedin.com\/in\/madcarquitectos\/","https:\/\/x.com\/https:\/\/twitter.com\/MADCARQUITECTOS"],"url":"https:\/\/veredes.es\/blog\/author\/miguel-angel-diaz-camacho\/"}]}},"_links":{"self":[{"href":"https:\/\/veredes.es\/blog\/wp-json\/wp\/v2\/posts\/88286","targetHints":{"allow":["GET"]}}],"collection":[{"href":"https:\/\/veredes.es\/blog\/wp-json\/wp\/v2\/posts"}],"about":[{"href":"https:\/\/veredes.es\/blog\/wp-json\/wp\/v2\/types\/post"}],"author":[{"embeddable":true,"href":"https:\/\/veredes.es\/blog\/wp-json\/wp\/v2\/users\/5"}],"replies":[{"embeddable":true,"href":"https:\/\/veredes.es\/blog\/wp-json\/wp\/v2\/comments?post=88286"}],"version-history":[{"count":0,"href":"https:\/\/veredes.es\/blog\/wp-json\/wp\/v2\/posts\/88286\/revisions"}],"wp:featuredmedia":[{"embeddable":true,"href":"https:\/\/veredes.es\/blog\/wp-json\/wp\/v2\/media\/88287"}],"wp:attachment":[{"href":"https:\/\/veredes.es\/blog\/wp-json\/wp\/v2\/media?parent=88286"}],"wp:term":[{"taxonomy":"category","embeddable":true,"href":"https:\/\/veredes.es\/blog\/wp-json\/wp\/v2\/categories?post=88286"},{"taxonomy":"post_tag","embeddable":true,"href":"https:\/\/veredes.es\/blog\/wp-json\/wp\/v2\/tags?post=88286"}],"curies":[{"name":"wp","href":"https:\/\/api.w.org\/{rel}","templated":true}]}}