{"id":88276,"date":"2022-02-28T00:01:02","date_gmt":"2022-02-27T23:01:02","guid":{"rendered":"https:\/\/veredes.es\/blog\/?p=88276"},"modified":"2022-09-24T13:06:35","modified_gmt":"2022-09-24T11:06:35","slug":"origen-pedro-hernandez","status":"publish","type":"post","link":"https:\/\/veredes.es\/blog\/origen-pedro-hernandez\/","title":{"rendered":"Origen | Landa Hern\u00e1ndez Mart\u00ednez"},"content":{"rendered":"<div class=\"gw gx gy gz ha\">\n<figure id=\"attachment_88277\" aria-describedby=\"caption-attachment-88277\" style=\"width: 1400px\" class=\"wp-caption alignnone\"><img loading=\"lazy\" decoding=\"async\" class=\"wp-image-88277 size-full\" title=\"Origen Pedro Hern\u00e1ndez La visi\u00f3n de O'Neill fue dise\u00f1ar una gran estaci\u00f3n espacial\" src=\"https:\/\/veredes.es\/blog\/wp-content\/uploads\/2022\/02\/Origen-Pedro-Hernandez-La-vision-de-ONeill-fue-disenar-una-gran-estacion-espacial.jpeg\" alt=\"Origen Pedro Hern\u00e1ndez La visi\u00f3n de O'Neill fue dise\u00f1ar una gran estaci\u00f3n espacial\" width=\"1400\" height=\"787\" srcset=\"https:\/\/veredes.es\/blog\/wp-content\/uploads\/2022\/02\/Origen-Pedro-Hernandez-La-vision-de-ONeill-fue-disenar-una-gran-estacion-espacial.jpeg 1400w, https:\/\/veredes.es\/blog\/wp-content\/uploads\/2022\/02\/Origen-Pedro-Hernandez-La-vision-de-ONeill-fue-disenar-una-gran-estacion-espacial-300x169.jpeg 300w, https:\/\/veredes.es\/blog\/wp-content\/uploads\/2022\/02\/Origen-Pedro-Hernandez-La-vision-de-ONeill-fue-disenar-una-gran-estacion-espacial-1024x576.jpeg 1024w, https:\/\/veredes.es\/blog\/wp-content\/uploads\/2022\/02\/Origen-Pedro-Hernandez-La-vision-de-ONeill-fue-disenar-una-gran-estacion-espacial-696x391.jpeg 696w, https:\/\/veredes.es\/blog\/wp-content\/uploads\/2022\/02\/Origen-Pedro-Hernandez-La-vision-de-ONeill-fue-disenar-una-gran-estacion-espacial-1068x600.jpeg 1068w\" sizes=\"auto, (max-width: 1400px) 100vw, 1400px\" \/><figcaption id=\"caption-attachment-88277\" class=\"wp-caption-text\"><span style=\"color: #999999;\">Entonces, en el verano de 1975, O&#8217;Neill anunci\u00f3 un nuevo concepto de expansi\u00f3n espacial.\u00a0La visi\u00f3n de O&#8217;Neill fue dise\u00f1ar una gran estaci\u00f3n espacial &#8216;Colonia espacial\u00a0&#8216; donde los seres humanos pueden vivir de la tierra, en el\u00a0punto de Lagrange\u00a0situado entre el sol, la luna y la tierra | Fuente: <a style=\"color: #999999;\" href=\"https:\/\/gigazine.net\/gsc_news\/en\/20190514-jeff-bezos-dream-space\/\" target=\"_blank\" rel=\"noopener\">gigazine.net<\/a><\/span><\/figcaption><\/figure>\n<blockquote class=\"ik il im\">\n<p id=\"91b1\" class=\"in io ip fq b iq ir is it iu iv iw ix iy iz ja jb jc jd je jf jg jh ji jj jk gw fr\" style=\"text-align: justify;\" data-selectable-paragraph=\"\">\u201cYa s\u00e9, desde luego, que la Atl\u00e1ntida de Plat\u00f3n nunca existi\u00f3 en realidad.\u00a0Por esta misma raz\u00f3n, nunca podr\u00e1 morir.\u00a0Siempre ser\u00e1 un ideal, un sue\u00f1o de perfecci\u00f3n, una meta que inspirar\u00e1 a los hombres en la posteridad\u201d.<sup>1<\/sup><\/p>\n<p id=\"3d09\" class=\"in io ip fq b iq ir is it iu iv iw ix iy iz ja jb jc jd je jf jg jh ji jj jk gw fr\" style=\"text-align: justify;\" data-selectable-paragraph=\"\">\u201cSi hubiera que ampliar las investigaciones de Benjamin al siglo XX y principios del XXI, ser\u00eda necesario \u2013a parte de algunas correcciones en el m\u00e9todo\u2013 tomar como punto de partida los modelos arquitect\u00f3nicos del presente: centros comerciales, recintos feriales, estadios, espacios l\u00fadicos cubiertos, y\u00a0<em class=\"hd\">urbanizaciones cerradas<\/em>\u00a0;\u00a0los nuevos trabajos tendr\u00e1n t\u00edtulos como Los palacios de cristal, Los invernaderos, y, si los llev\u00e1ramos a sus \u00faltimas consecuencias, quiz\u00e1s tambi\u00e9n Las estaciones orbitales\u201d.<sup>2<\/sup><\/p>\n<p id=\"383d\" class=\"in io ip fq b iq ir is it iu iv iw ix iy iz ja jb jc jd je jf jg jh ji jj jk gw fr\" style=\"text-align: justify;\" data-selectable-paragraph=\"\">\u201cEl aumento de la arquitectura-invernadero sugiere que la neorreacci\u00f3n es mucho m\u00e1s cercana al progresismo liberal que a otra tendencia que se nos podr\u00eda ocurrir. En las sedes ecoamigables, los valores (neo)liberales en torno a la creatividad, la igualdad y la buena administraci\u00f3n ambiental coexisten al lado y en soporte mutuo de las ansiedades autoritarias por la vida eterna y la corporativizaci\u00f3n total. Ambas tendencias convergen en la creencia, b\u00e1sicamente eugenista, de que la vida es algo que puede ser aprovechado, controlado y cultivado por una cuadrilla de ingenieros \u2014 los visionarios, los gur\u00fas CEO, los tipos creativos\u201d.<sup>3<\/sup><\/p>\n<\/blockquote>\n<\/div>\n<div class=\"o ct jl jm jn jo\" style=\"text-align: justify;\" role=\"separator\"><\/div>\n<div class=\"gw gx gy gz ha\" style=\"text-align: justify;\">\n<p id=\"2137\" class=\"pw-post-body-paragraph in io hd fq b iq ir is it iu iv iw ix jt iz ja jb ju jd je jf jv jh ji jj jk gw fr\" data-selectable-paragraph=\"\">En mayo de 2019, Jeff Bezos, creador de <a href=\"https:\/\/veredes.es\/blog\/futuro-no-lugar-pedro-hernandez\/\" target=\"_blank\" rel=\"noopener\">Amazon<\/a> y uno de los hombres m\u00e1s ricos del planeta, <a href=\"https:\/\/www.theguardian.com\/technology\/2021\/feb\/03\/jeff-bezos-and-the-world-amazon-made\" target=\"_blank\" rel=\"noopener\">present\u00f3 las intenciones finales de Blue Origin<\/a> \u2014su empresa de viajes espaciales\u2014: la conquista del espacio y la obtenci\u00f3n ilimitada de recursos, todo ello resumido en la imagen de una enorme estaci\u00f3n orbital.<\/p>\n<figure style=\"width: 700px\" class=\"wp-caption alignnone\"><img loading=\"lazy\" decoding=\"async\" src=\"https:\/\/puenteaereodigital.com\/wp-content\/uploads\/2021\/06\/bezos-espacio1.png\" alt=\"\" width=\"700\" height=\"438\" \/><figcaption class=\"wp-caption-text\"><span style=\"color: #999999;\">Jeff Bezos, creador de Amazon y uno de los hombres m\u00e1s ricos del planeta, present\u00f3 las intenciones finales de Blue Origin<\/span><\/figcaption><\/figure>\n<p id=\"967a\" class=\"pw-post-body-paragraph in io hd fq b iq ir is it iu iv iw ix jt iz ja jb ju jd je jf jv jh ji jj jk gw fr\" data-selectable-paragraph=\"\">Las im\u00e1genes de la propuesta se apropian y capitalizan un futuro ya dicho. Est\u00e1n basados \u200b\u200ben las ideas de un antiguo profesor universitario de Bezos, Gerard O&#8217;Neill: un mundo artificial de tama\u00f1o planetario que, gracias a la fuerza centr\u00edpeta, simular\u00eda la gravedad terrestre y propiciar\u00eda la expansi\u00f3n de la humanidad por el Universo.<sup>4<\/sup> Las variaciones de Bezos son escasas. Casi todo permanece igual. En este reciclaje visual,<sup>5 <\/sup>se contienen las palabras de Karl Marx al referirse a la historia:<\/p>\n<blockquote>\n<p class=\"pw-post-body-paragraph in io hd fq b iq ir is it iu iv iw ix jt iz ja jb ju jd je jf jv jh ji jj jk gw fr\" style=\"text-align: justify;\" data-selectable-paragraph=\"\">\u201ctodos los grandes hechos y personajes de la historia universal aparecen (\u2026) dos veces (\u2026): una como tragedia y la otra como farsa\u201d.<sup>6<\/sup><\/p>\n<\/blockquote>\n<figure id=\"attachment_88280\" aria-describedby=\"caption-attachment-88280\" style=\"width: 750px\" class=\"wp-caption alignnone\"><img loading=\"lazy\" decoding=\"async\" class=\"wp-image-88280 size-full\" title=\"Origen Pedro Hern\u00e1ndez Im\u00e1genes Cortes\u00eda de la p\u00e1gina web\u00a0 NASA\u2019s\u00a0Space Colony Art from the 1970\u2019s. Vistas interiores, colonias cil\u00edndricas y toroidales, seguido por un corte seg\u00fan una esfera de Bernal.\" src=\"https:\/\/veredes.es\/blog\/wp-content\/uploads\/2022\/02\/Origen-Pedro-Hernandez-Imagenes-Cortesia-de-la-pagina-web-NASAs-Space-Colony-Art-from-the-1970s.-Vistas-interiores-colonias-cilindricas-y-toroidales-seguido-por-un-corte-segun-una-esfera-de-Bernal..jpeg\" alt=\"Origen Pedro Hern\u00e1ndez Im\u00e1genes Cortes\u00eda de la p\u00e1gina web\u00a0 NASA\u2019s\u00a0Space Colony Art from the 1970\u2019s. Vistas interiores, colonias cil\u00edndricas y toroidales, seguido por un corte seg\u00fan una esfera de Bernal.\" width=\"750\" height=\"589\" srcset=\"https:\/\/veredes.es\/blog\/wp-content\/uploads\/2022\/02\/Origen-Pedro-Hernandez-Imagenes-Cortesia-de-la-pagina-web-NASAs-Space-Colony-Art-from-the-1970s.-Vistas-interiores-colonias-cilindricas-y-toroidales-seguido-por-un-corte-segun-una-esfera-de-Bernal..jpeg 750w, https:\/\/veredes.es\/blog\/wp-content\/uploads\/2022\/02\/Origen-Pedro-Hernandez-Imagenes-Cortesia-de-la-pagina-web-NASAs-Space-Colony-Art-from-the-1970s.-Vistas-interiores-colonias-cilindricas-y-toroidales-seguido-por-un-corte-segun-una-esfera-de-Bernal.-300x236.jpeg 300w, https:\/\/veredes.es\/blog\/wp-content\/uploads\/2022\/02\/Origen-Pedro-Hernandez-Imagenes-Cortesia-de-la-pagina-web-NASAs-Space-Colony-Art-from-the-1970s.-Vistas-interiores-colonias-cilindricas-y-toroidales-seguido-por-un-corte-segun-una-esfera-de-Bernal.-696x547.jpeg 696w\" sizes=\"auto, (max-width: 750px) 100vw, 750px\" \/><figcaption id=\"caption-attachment-88280\" class=\"wp-caption-text\"><span style=\"color: #999999;\"><em>Im\u00e1genes cortes\u00eda de la p\u00e1gina web\u00a0 NASA\u2019s <a style=\"color: #999999;\" href=\"http:\/\/www.nas.nasa.gov\/About\/Education\/SpaceSettlement\/70sArt\/art.html\">Space Colony Art from the 1970\u2019s<\/a>. Vistas interiores, colonias cil\u00edndricas y toroidales, seguido por un corte seg\u00fan una esfera de Bernal |Fuente: <a href=\"https:\/\/www.metalocus.es\/es\/noticias\/retro-colonias-espaciales-de-la-nasa-arte-de-los-70\" target=\"_blank\" rel=\"noopener\">metalocus.es<\/a><\/em><\/span><\/figcaption><\/figure>\n<p class=\"pw-post-body-paragraph in io hd fq b iq ir is it iu iv iw ix jt iz ja jb ju jd je jf jv jh ji jj jk gw fr\" data-selectable-paragraph=\"\">Las fantas\u00edas de O&#8217;Neill fueron ilustradas por Don Davis y el arquitecto Rick Guidice. Davis trabaj\u00f3 para la NASA, dando una imagen de aquello que la Agencia Espacial s\u00f3lo era capaz de imaginar. Junto con estos trabajos, uno de sus temas recurrentes era el impacto de un meteorito contra la Tierra. La primera &#8216;tragedia&#8217; de aquel suceso era que, en la mentalidad de aquella \u00e9poca, los sue\u00f1os de expansi\u00f3n humana estaban conectados con la destrucci\u00f3n planetaria. La segunda se encontr\u00f3 en la imposibilidad de hacer esas im\u00e1genes reales.<\/p>\n<figure id=\"attachment_88281\" aria-describedby=\"caption-attachment-88281\" style=\"width: 1440px\" class=\"wp-caption alignnone\"><img loading=\"lazy\" decoding=\"async\" class=\"size-full wp-image-88281\" src=\"https:\/\/veredes.es\/blog\/wp-content\/uploads\/2022\/02\/Origen-Pedro-Hernandez-Blue-Origin.jpeg\" alt=\"Blue Origin\" width=\"1440\" height=\"900\" srcset=\"https:\/\/veredes.es\/blog\/wp-content\/uploads\/2022\/02\/Origen-Pedro-Hernandez-Blue-Origin.jpeg 1440w, https:\/\/veredes.es\/blog\/wp-content\/uploads\/2022\/02\/Origen-Pedro-Hernandez-Blue-Origin-300x188.jpeg 300w, https:\/\/veredes.es\/blog\/wp-content\/uploads\/2022\/02\/Origen-Pedro-Hernandez-Blue-Origin-1024x640.jpeg 1024w, https:\/\/veredes.es\/blog\/wp-content\/uploads\/2022\/02\/Origen-Pedro-Hernandez-Blue-Origin-696x435.jpeg 696w, https:\/\/veredes.es\/blog\/wp-content\/uploads\/2022\/02\/Origen-Pedro-Hernandez-Blue-Origin-1068x668.jpeg 1068w\" sizes=\"auto, (max-width: 1440px) 100vw, 1440px\" \/><figcaption id=\"caption-attachment-88281\" class=\"wp-caption-text\"><span style=\"color: #999999;\">Blue Origin | Fuente: <a href=\"https:\/\/actualidad.rt.com\/actualidad\/314940-fotos-video-colonias-espaciales-crear-dueno-amazon\" target=\"_blank\" rel=\"noopener\">actualidad.rt.com<\/a><\/span><\/figcaption><\/figure>\n<p id=\"e1f1\" class=\"pw-post-body-paragraph in io hd fq b iq ir is it iu iv iw ix jt iz ja jb ju jd je jf jv jh ji jj jk gw fr\" data-selectable-paragraph=\"\">Situaci\u00f3n ahora solventable: <a href=\"https:\/\/gigazine.net\/gsc_news\/en\/20210430-blue-origin-ticket\" target=\"_blank\" rel=\"noopener\">Blue Origin<\/a> \u2014 as\u00ed como SpaceX, propiedad de Elon Musk \u2014 dispone de los fondos y de la intenci\u00f3n de hacerlas realidad. Sin embargo, que sean los m\u00e1s ricos \u2014 y representantes a su vez del capitalismo digital m\u00e1s exacerbado \u2014 los benefactores de una misi\u00f3n ilustra la farsa: esta nueva carrera espacial no tiene tanto multas altruistas como empresariales<sup>7<\/sup>\u00a0y personales:<\/p>\n<blockquote class=\"ik il im\">\n<p id=\"b36f\" class=\"in io ip fq b iq ir is it iu iv iw ix iy iz ja jb jc jd je jf jg jh ji jj jk gw fr\" style=\"text-align: justify;\" data-selectable-paragraph=\"\">\u201cPara los multimillonarios, el futuro de la tecnolog\u00eda consiste en su capacidad de huida. El objetivo es trascender la condici\u00f3n humana, protegerse del cambio clim\u00e1tico, los grandes flujos migratorios [o] las pandemias globales\u201d.<sup>8<\/sup><\/p>\n<\/blockquote>\n<p>Afrontar el fin de todo se ha convertido en uno de los grandes asuntos que se plantean los millonarios de Silicon Valley, que est\u00e1n haciendo todo lo que est\u00e1 en su mano para enfrentarse a \u00e9l: desde la compra de grandes extensiones de tierra donde retirarse o protegerse en caso de necesidad a la investigaci\u00f3n para evitar la muerte<sup>9<\/sup>y alcanzar la vida eterna.<sup>10 <\/sup>Que ese miedo a un futuro incierto se haya convertido en la definici\u00f3n de un proyecto arquitect\u00f3nico-espacial, modelando un entorno controlado, climatizado y artificial, con el que escapar de una Tierra que parece condenada por emergencias sociales y ambientales, es una perturbadora ilusi\u00f3n de control. Y, en t\u00e9rminos arquitect\u00f3nicos y espaciales, este control se define, principalmente, desde tres mecanismos: la interiorizaci\u00f3n, la miniaturizaci\u00f3n y la automatizaci\u00f3n.<\/p>\n<\/div>\n<p class=\"gw gx gy gz ha\" style=\"text-align: justify;\">La interiorizaci\u00f3n supone el desplazamiento del mundo hacia un interior climatizado, clausurado y disociado del exterior. La arquitectura que da forma a este proyecto se plantea como discontinuidad, pura protecci\u00f3n frente al medio.\u00a0La megaestructura planteada por Bezos hace del interior un lugar higi\u00e9nico y sano, separado del exterior, del otro, de la anomal\u00eda y de todo aquello que no puede ser integrado como parte del sistema.<\/p>\n<p class=\"gw gx gy gz ha\" style=\"text-align: justify;\">Cuando el mundo se reduce a un interior protegido, de temperaturas perfectas, iluminaci\u00f3n siempre adecuada y sin peligro al acecho, se puede, incluso y como dice Bezos, llegar a \u201cimaginar c\u00f3mo ser\u00eda la arquitectura si no tuviera que cumplir su objetivo principal de refugio \u201d.\u00a0Sin embargo, todo el conjunto opera bajo esa funci\u00f3n principal: es un profil\u00e1ctico que preserva y protege lo que queda dentro de cualquier mal exterior, todo es una burbuja, un gran refugio, en este caso seguro y est\u00e9ril, frente al medio, que aqu\u00ed , adem\u00e1s, es pura imposibilidad: un vac\u00edo, la nada.\u00a0La nave flota en el espacio, un lugar definido por una condici\u00f3n informe y oscura, sin contenido ni representaci\u00f3n.<\/p>\n<p class=\"o ct jl jm jn jo\" style=\"text-align: justify;\" role=\"separator\">Dice Gaston Bachelard que uno puede poseer el mundo<\/p>\n<blockquote>\n<p class=\"o ct jl jm jn jo\" style=\"text-align: justify;\" role=\"separator\">\u201ctanto m\u00e1s cuanta mayor habilidad tenga para miniaturizarlo\u201d.<sup>11<\/sup><\/p>\n<\/blockquote>\n<p style=\"text-align: justify;\" role=\"separator\"><span style=\"text-align: justify;\">Quiz\u00e1, por ello, Bezos no presenta ideas nuevas de esa arquitectura que podr\u00eda transgredir su funci\u00f3n original de refugio, sino que opta por un pastiche de paisajes caracter\u00edsticos de las llanuras de Estados Unidos y de ladrillos verdes, combinados con monumentos de Europa y As\u00eda, llegando a copiar, incluso, edificios renacentistas de Florencia. Eso s\u00ed, todo conectado con medios de transporte de alta velocidad, presentado con panor\u00e1micas que barren todo con un simple golpe de vista. La maquinaria orquestada es un enorme\u00a0<\/span><em class=\"ip\" style=\"text-align: justify;\">Stack<sup>12<\/sup><\/em><span style=\"text-align: justify;\">\u00a0de un solo due\u00f1o \u2014 Bezos \u2014 que define una imagen articulada, simplificada, concreta y, por supuesto, cerrada de la realidad.<\/span><\/p>\n<div class=\"gw gx gy gz ha\" style=\"text-align: justify;\">\n<blockquote class=\"ik il im\">\n<p id=\"0411\" class=\"in io ip fq b iq ir is it iu iv iw ix iy iz ja jb jc jd je jf jg jh ji jj jk gw fr\" style=\"text-align: justify;\" data-selectable-paragraph=\"\">\u201cBezos quiere que su compa\u00f1\u00eda espacial privada se haga cargo de la imaginaci\u00f3n p\u00fablica sobre la vida en el espacio\u201d.<sup>13<\/sup><\/p>\n<\/blockquote>\n<figure id=\"attachment_88283\" aria-describedby=\"caption-attachment-88283\" style=\"width: 879px\" class=\"wp-caption alignnone\"><img loading=\"lazy\" decoding=\"async\" class=\"size-full wp-image-88283\" src=\"https:\/\/veredes.es\/blog\/wp-content\/uploads\/2022\/02\/Origen-Pedro-Hernandez-Blue-Origin-Jeff.jpeg\" alt=\"Origen Pedro Hern\u00e1ndez Blue Origin Jeff \" width=\"879\" height=\"485\" srcset=\"https:\/\/veredes.es\/blog\/wp-content\/uploads\/2022\/02\/Origen-Pedro-Hernandez-Blue-Origin-Jeff.jpeg 879w, https:\/\/veredes.es\/blog\/wp-content\/uploads\/2022\/02\/Origen-Pedro-Hernandez-Blue-Origin-Jeff-300x166.jpeg 300w, https:\/\/veredes.es\/blog\/wp-content\/uploads\/2022\/02\/Origen-Pedro-Hernandez-Blue-Origin-Jeff-696x384.jpeg 696w\" sizes=\"auto, (max-width: 879px) 100vw, 879px\" \/><figcaption id=\"caption-attachment-88283\" class=\"wp-caption-text\"><span style=\"color: #999999;\">Blue Origin | Fuente: <a href=\"https:\/\/actualidad.rt.com\/actualidad\/314940-fotos-video-colonias-espaciales-crear-dueno-amazon\" target=\"_blank\" rel=\"noopener\">actualidad.rt.com<\/a><\/span><\/figcaption><\/figure>\n<p id=\"6c15\" class=\"pw-post-body-paragraph in io hd fq b iq ir is it iu iv iw ix jt iz ja jb ju jd je jf jv jh ji jj jk gw fr\" data-selectable-paragraph=\"\">Las im\u00e1genes operan tambi\u00e9n como un dispositivo que, desde una tecnolog\u00eda de cohetes y estaciones espaciales, tambi\u00e9n quiere capturar el futuro, que, de una forma &#8216;irremediable&#8217;, pasa por el espacio.<sup>14<\/sup><\/p>\n<blockquote class=\"ik il im\">\n<p id=\"95ae\" class=\"in io ip fq b iq ir is it iu iv iw ix iy iz ja jb jc jd je jf jg jh ji jj jk gw fr\" style=\"text-align: justify;\" data-selectable-paragraph=\"\">\u201cEl futuro se convirti\u00f3 (\u2026) en un escenario al que estamos predestinados y sobre el que apostamos con nuestro capital de riesgo, pero al que llegamos sin m\u00e1s capacidad de acci\u00f3n\u201d.<sup>15<\/sup><\/p>\n<\/blockquote>\n<p id=\"e4a6\" class=\"pw-post-body-paragraph in io hd fq b iq ir is it iu iv iw ix jt iz ja jb ju jd je jf jv jh ji jj jk gw fr\" data-selectable-paragraph=\"\">El futuro tiene derechos de autor.<\/p>\n<\/div>\n<div class=\"o ct jl jm jn jo\" style=\"text-align: justify;\" role=\"separator\">Algunos pensadores contempor\u00e1neos imaginan el futuro automatizado, delegando todo el trabajo en la m\u00e1quina. Esa posibilidad ofrece el deseo de un mundo sin trabajo, de puro privilegio para todos.<\/div>\n<div class=\"gw gx gy gz ha\" style=\"text-align: justify;\">\n<blockquote class=\"ik il im\">\n<p id=\"1b21\" class=\"in io ip fq b iq ir is it iu iv iw ix iy iz ja jb jc jd je jf jg jh ji jj jk gw fr\" style=\"text-align: justify;\" data-selectable-paragraph=\"\">\u201cLa r\u00e1pida automatizaci\u00f3n de la log\u00edstica presenta la posibilidad ut\u00f3pica de crear un sistema globalmente interconectado en el que las partes y los bienes pueden enviarse de manera r\u00e1pida y eficiente sin trabajo humano\u201d.<sup>16<\/sup><\/p>\n<\/blockquote>\n<p id=\"a934\" class=\"pw-post-body-paragraph in io hd fq b iq ir is it iu iv iw ix jt iz ja jb ju jd je jf jv jh ji jj jk gw fr\" data-selectable-paragraph=\"\">La intenci\u00f3n de esta visi\u00f3n es recuperar el control de nuestro tiempo, porque ahora que no est\u00e1 en nuestras manos, sino \u201cbajo el control de nuestros jefes, administradores y empleadores\u201d.<sup>17<\/sup> Se trata de crear un mundo en el que la gente ya no est\u00e1 definido y vinculado s\u00f3lo a su empleo sino que sea capaz de tener tiempo y vivir su propia vida al margen de \u00e9ste.<\/p>\n<blockquote class=\"ik il im\">\n<p id=\"12ea\" class=\"in io ip fq b iq ir is it iu iv iw ix iy iz ja jb jc jd je jf jg jh ji jj jk gw fr\" style=\"text-align: justify;\" data-selectable-paragraph=\"\">\u201cMediante el uso de los \u00faltimos desarrollos tecnol\u00f3gicos, esta econom\u00eda apuntar\u00eda a liberar a la humanidad de la monoton\u00eda del trabajo ya producir al mismo tiempo cantidades cada vez mayores de riqueza\u201d.<sup>18<\/sup><\/p>\n<\/blockquote>\n<p id=\"a9b1\" class=\"pw-post-body-paragraph in io hd fq b iq ir is it iu iv iw ix jt iz ja jb ju jd je jf jv jh ji jj jk gw fr\" data-selectable-paragraph=\"\">Pero eso pasa por la necesidad de que la invenci\u00f3n humana sea de dominio p\u00fablico y no est\u00e9 en posesi\u00f3n de unos pocos: los medios de producci\u00f3n, la propiedad y la riqueza deben ser colectivizados. Sin embargo, hoy, \u201cel desarrollo tecnol\u00f3gico [tiene] que ver cada vez m\u00e1s con la supervivencia individual que con una perspectiva de mejora colectiva\u201d.<sup>19<\/sup><\/p>\n<figure id=\"attachment_88279\" aria-describedby=\"caption-attachment-88279\" style=\"width: 1400px\" class=\"wp-caption alignnone\"><img loading=\"lazy\" decoding=\"async\" class=\"wp-image-88279 size-full\" title=\"Origen Pedro Hern\u00e1ndez La colonia espacial de O'Neill es un enorme cilindro con un di\u00e1metro de 3 a 6 km y una longitud de 30 km\" src=\"https:\/\/veredes.es\/blog\/wp-content\/uploads\/2022\/02\/Origen-Pedro-Hernandez-La-colonia-espacial-de-ONeill-es-un-enorme-cilindro-con-un-diametro-de-3-a-6-km-y-una-longitud-de-30-km.png\" alt=\"Origen Pedro Hern\u00e1ndez La colonia espacial de O'Neill es un enorme cilindro con un di\u00e1metro de 3 a 6 km y una longitud de 30 km\" width=\"1400\" height=\"772\" srcset=\"https:\/\/veredes.es\/blog\/wp-content\/uploads\/2022\/02\/Origen-Pedro-Hernandez-La-colonia-espacial-de-ONeill-es-un-enorme-cilindro-con-un-diametro-de-3-a-6-km-y-una-longitud-de-30-km.png 1400w, https:\/\/veredes.es\/blog\/wp-content\/uploads\/2022\/02\/Origen-Pedro-Hernandez-La-colonia-espacial-de-ONeill-es-un-enorme-cilindro-con-un-diametro-de-3-a-6-km-y-una-longitud-de-30-km-300x165.png 300w, https:\/\/veredes.es\/blog\/wp-content\/uploads\/2022\/02\/Origen-Pedro-Hernandez-La-colonia-espacial-de-ONeill-es-un-enorme-cilindro-con-un-diametro-de-3-a-6-km-y-una-longitud-de-30-km-1024x565.png 1024w, https:\/\/veredes.es\/blog\/wp-content\/uploads\/2022\/02\/Origen-Pedro-Hernandez-La-colonia-espacial-de-ONeill-es-un-enorme-cilindro-con-un-diametro-de-3-a-6-km-y-una-longitud-de-30-km-696x384.png 696w, https:\/\/veredes.es\/blog\/wp-content\/uploads\/2022\/02\/Origen-Pedro-Hernandez-La-colonia-espacial-de-ONeill-es-un-enorme-cilindro-con-un-diametro-de-3-a-6-km-y-una-longitud-de-30-km-1068x589.png 1068w\" sizes=\"auto, (max-width: 1400px) 100vw, 1400px\" \/><figcaption id=\"caption-attachment-88279\" class=\"wp-caption-text\"><span style=\"color: #999999;\">La colonia espacial de O&#8217;Neill es un enorme cilindro con un di\u00e1metro de 3 a 6 km y una longitud de 30 km, y en la pared interior se proporciona un espacio donde los seres humanos pueden vivir, y la rotaci\u00f3n crea gravedad artificial. Adem\u00e1s, tambi\u00e9n se incluy\u00f3 la idea de reflejar la luz del sol en el interior con un espejo m\u00f3vil y crear el d\u00eda y la noche. Desafortunadamente, aunque la construcci\u00f3n de la colonia espacial no se realiz\u00f3, se dice que la colonia espacial que aparece en el anime de televisi\u00f3n japon\u00e9s &#8216;Mobile Suit Gundam&#8217; se inspir\u00f3 en el concepto del Sr. O&#8217;Neill | Fuente: <a style=\"color: #999999;\" href=\"https:\/\/gigazine.net\/gsc_news\/en\/20190514-jeff-bezos-dream-space\/\" target=\"_blank\" rel=\"noopener\">gigazine.net<\/a> <\/span><\/figcaption><\/figure>\n<p id=\"4da0\" class=\"pw-post-body-paragraph in io hd fq b iq ir is it iu iv iw ix jt iz ja jb ju jd je jf jv jh ji jj jk gw fr\" data-selectable-paragraph=\"\"><a href=\"https:\/\/gigazine.net\/gsc_news\/en\/20210430-blue-origin-ticket\" target=\"_blank\" rel=\"noopener\">Blue Origin<\/a> ofrece esa versi\u00f3n futura y capitalizada del para\u00edso. All\u00ed todo se programa con tecnolog\u00eda: c\u00f3digos y algoritmos hacen pensar a las m\u00e1quinas y les permiten dialogar entre s\u00ed sin necesidad de intervenci\u00f3n humana. A su vez, esas m\u00e1quinas son las encargadas de mantener la imagen deseada inalterable gracias a la existencia de toda una maquinaria tecnol\u00f3gica que le da soporte. Los videos presentados muestran c\u00f3mo ese mundo est\u00e1tico se mantiene gracias a que existe todo un aparataje activo, invisible en gran medida desde el interior, para hacer que nada cambie: desde el giro del cilindro para recrear la gravedad a la luz y la temperatura, desde los trenes que conectan cada lugar hasta los drones que riegan los campos.<sup>20 <\/sup>Es, de hecho, un mundo de trabajo permanente, y en el cual \u00e9ste no est\u00e1 ocupado por empleados humanos.<\/p>\n<p id=\"ebe8\" class=\"pw-post-body-paragraph in io hd fq b iq ir is it iu iv iw ix jt iz ja jb ju jd je jf jv jh ji jj jk gw fr\" data-selectable-paragraph=\"\">Estos, en realidad, ni siquiera aparecen.\u00a0En los\u00a0<em class=\"ip\">renders<\/em>\u00a0presentados hasta ahora todo est\u00e1 poblado por m\u00e1quinas que trabajan en constante movimiento, que operan de forma eficiente y sin descanso, pero nunca hay personas, s\u00f3lo m\u00e1quinas que se mueven y ejecutan trabajos sin un fin claro.\u00a0La falta de personas en ese futuro hace ver que nadie, salvo la propia empresa, puede realmente llegar a \u00e9l.<\/p>\n<\/div>\n<p class=\"o ct jl jm jn jo\" style=\"text-align: justify;\" role=\"separator\">Bajo la conjunci\u00f3n de los procesos de interiorizaci\u00f3n, miniaturizaci\u00f3n y automatizaci\u00f3n, combinados con las narrativas del fin de todo, la propuesta de un peque\u00f1o mundo interior sin humanos, impuesto desde una compa\u00f1\u00eda privada, modela una visi\u00f3n corporativa, ofreci\u00e9ndola, adem\u00e1s, como el \u00fanico destino.<\/p>\n<div class=\"gw gx gy gz ha\" style=\"text-align: justify;\">\n<p id=\"5192\" class=\"pw-post-body-paragraph in io hd fq b iq ir is it iu iv iw ix jt iz ja jb ju jd je jf jv jh ji jj jk gw fr\" data-selectable-paragraph=\"\">Al reducir el progreso a un peque\u00f1o n\u00famero de im\u00e1genes probables y cerradas, lo posible se limita;\u00a0el futuro se cancela, alojado en un interior permanente y perpetuo, sin conflicto, y la historia se estanca.<\/p>\n<blockquote class=\"ik il im\">\n<p id=\"eaae\" class=\"in io ip fq b iq ir is it iu iv iw ix iy iz ja jb jc jd je jf jg jh ji jj jk gw fr\" style=\"text-align: justify;\" data-selectable-paragraph=\"\">\u201cAll\u00ed donde el mito imagina las m\u00e1quinas como un poder que conduce la historia hacia adelante, [existe la] evidencia material de que la historia no se ha movido. En realidad, la historia est\u00e1 tan quieta, que junta polvo\u201d.<sup>21<\/sup><\/p>\n<\/blockquote>\n<p id=\"4354\" class=\"pw-post-body-paragraph in io hd fq b iq ir is it iu iv iw ix jt iz ja jb ju jd je jf jv jh ji jj jk gw fr\" data-selectable-paragraph=\"\">La realidad se fija, y si no vemos el polvo es porque hay miles de maquinas autom\u00e1ticas encargadas de limpiarlo. Parad\u00f3jicamente, cerca de la velocidad absoluta y el movimiento perpetuo, todo se detiene, se bloquea incluso la conciencia revolucionaria y la acci\u00f3n pol\u00edtica, porque, como apunta Hannah Arendt, es esa acci\u00f3n la que crea la condici\u00f3n para el recuerdo y la historia; es lo que permite avanzar.<\/p>\n<figure id=\"attachment_88282\" aria-describedby=\"caption-attachment-88282\" style=\"width: 760px\" class=\"wp-caption alignnone\"><img loading=\"lazy\" decoding=\"async\" class=\"wp-image-88282 size-full\" title=\"Origen Pedro Hern\u00e1ndez Blue Origin Jeff Bezos\" src=\"https:\/\/veredes.es\/blog\/wp-content\/uploads\/2022\/02\/Origen-Pedro-Hernandez-Blue-Origin-Jeff-Bezos.jpeg\" alt=\"Origen Pedro Hern\u00e1ndez Blue Origin Jeff Bezos\" width=\"760\" height=\"428\" srcset=\"https:\/\/veredes.es\/blog\/wp-content\/uploads\/2022\/02\/Origen-Pedro-Hernandez-Blue-Origin-Jeff-Bezos.jpeg 760w, https:\/\/veredes.es\/blog\/wp-content\/uploads\/2022\/02\/Origen-Pedro-Hernandez-Blue-Origin-Jeff-Bezos-300x169.jpeg 300w, https:\/\/veredes.es\/blog\/wp-content\/uploads\/2022\/02\/Origen-Pedro-Hernandez-Blue-Origin-Jeff-Bezos-696x392.jpeg 696w\" sizes=\"auto, (max-width: 760px) 100vw, 760px\" \/><figcaption id=\"caption-attachment-88282\" class=\"wp-caption-text\"><span style=\"color: #999999;\">Blue Origin | Fuente: <a href=\"https:\/\/actualidad.rt.com\/actualidad\/314940-fotos-video-colonias-espaciales-crear-dueno-amazon\" target=\"_blank\" rel=\"noopener\">actualidad.rt.com<\/a><\/span><\/figcaption><\/figure>\n<p id=\"d29e\" class=\"pw-post-body-paragraph in io hd fq b iq ir is it iu iv iw ix jt iz ja jb ju jd je jf jv jh ji jj jk gw fr\" data-selectable-paragraph=\"\">Al hacer el mundo m\u00e1s peque\u00f1o e interior, ideal y ut\u00f3pico desde el punto de vista ambiental y social, \u00bfpor qu\u00e9 habr\u00eda que luchar?, \u00bfqu\u00e9 habr\u00eda que cambiar?\u00a0Al definir un pu\u00f1ado de im\u00e1genes como lo posible se elimina la alternativa: el futuro es s\u00f3lo uno de un n\u00famero reducido de posibles.\u00a0En consecuencia, la realidad se ha empobrecido.<\/p>\n<blockquote class=\"ik il im\">\n<p id=\"7676\" class=\"in io ip fq b iq ir is it iu iv iw ix iy iz ja jb jc jd je jf jg jh ji jj jk gw fr\" style=\"text-align: justify;\" data-selectable-paragraph=\"\">\u201cLa pobreza de nuestra experiencia no es s\u00f3lo pobre en experiencias privadas, sino en las de la humanidad en general. Se trata de una especie de nueva barbarie\u201d.<sup>22<\/sup><\/p>\n<\/blockquote>\n<p id=\"c697\" class=\"pw-post-body-paragraph in io hd fq b iq ir is it iu iv iw ix jt iz ja jb ju jd je jf jv jh ji jj jk gw fr\" data-selectable-paragraph=\"\">Tras la parafernalia tecnol\u00f3gica \u2014 y de la imagen detenida \u2014 , se oculta la explotaci\u00f3n, que, al no verse, no existe. Igual que pasa ahora con las f\u00e1bricas de Asia, con las oficinas donde la creatividad se sobreexcita, con nuestras camas o con las condiciones de trabajo en los almacenes de la propia Amazon.<sup>23<\/sup><\/p>\n<p id=\"060f\" class=\"pw-post-body-paragraph in io hd fq b iq ir is it iu iv iw ix jt iz ja jb ju jd je jf jv jh ji jj jk gw fr\" data-selectable-paragraph=\"\">Los dem\u00e1s \u2014 los de-m\u00e1s \u2014 , as\u00ed como estar\u00edan obligados a aceptarla, estar\u00edan condenados a quedar fuera de ella.\u00a0Fuera, incluso, de los marcos de representaci\u00f3n.<\/p>\n<p id=\"e03e\" class=\"pw-post-body-paragraph in io hd fq b iq ir is it iu iv iw ix jt iz ja jb ju jd je jf jv jh ji jj jk gw fr\" data-selectable-paragraph=\"\">En este sentido, Blue Origin \u2014 as\u00ed como SpaceX o los ideales detr\u00e1s de las grandes oficinas corporativas y la emancipaci\u00f3n del trabajo como empresario de s\u00ed mismo \u2014 es una herramienta fantasmag\u00f3rica de extracci\u00f3n y acumulaci\u00f3n \u2014 de capital, propiedades, informaci\u00f3n<sup>24<\/sup> y conocimiento<sup>25<\/sup>\u2014 que expone la viva imagen del capital y que intenta justificar una explotaci\u00f3n permanente de recursos (extra)terrestres, apoy\u00e1ndose en la defensa de protecci\u00f3n de la Tierra y de la Humanidad y en la promesa de una utop\u00eda colectiva.<\/p>\n<\/div>\n<div class=\"o ct jl jm jn jo\" style=\"text-align: justify;\" role=\"separator\">Pedro Hern\u00e1ndez \u00b7 arquitecto<br \/>\nCiudad de M\u00e9xico. Octubre 2020<\/div>\n<div class=\"gw gx gy gz ha\">\n<ol class=\"\">\n<li id=\"af30\" class=\"kl km hd fq b iq ir iu iv jt kn ju ko jv kp jk kq kr ks kt fr\" style=\"text-align: justify;\" data-selectable-paragraph=\"\">CLARKE, ARTHUR C., 1992,\u00a0<em class=\"ip\">C\u00e1nticos de la lejana Tierra<\/em>\u00a0, Plaza &amp; Jan\u00e9s Editores, Barcelona.<\/li>\n<li id=\"24bb\" class=\"kl km hd fq b iq ku iu kv jt kw ju kx jv ky jk kq kr ks kt fr\" style=\"text-align: justify;\" data-selectable-paragraph=\"\">SLOTERDIJK, PETER, 2004,\u00a0<em class=\"ip\">El palacio de cristal<\/em>\u00a0.\u00a0Conferencia en el CCCB.\u00a0108 Disponible en:\u00a0<a class=\"au kz\" href=\"http:\/\/www.cccb.org\/rcs_gene\/palacio_cristal.pdf\" target=\"_blank\" rel=\"noopener ugc nofollow\">http:\/\/www.cccb.org\/rcs_gene\/palacio_cristal.pdf<\/a>\u00a0(\u00daltima consulta: 29 de agosto de 2019).<\/li>\n<li id=\"95e1\" class=\"kl km hd fq b iq ku iu kv jt kw ju kx jv ky jk kq kr ks kt fr\" style=\"text-align: justify;\" data-selectable-paragraph=\"\">MCFARLANE, KEY, 2018,\u00a0<em class=\"ip\">El efecto invernadero: la vida en arquitectura de cristal<\/em>\u00a0, en HERN\u00c1NDEZ G\u00c1LVEZ, ALEJANDRO (Ed.) Revista Arquine \u211684 |\u00a0Vidrio, Ciudad de M\u00e9xico, p\u00e1g.\u00a0106.<\/li>\n<li id=\"6478\" class=\"kl km hd fq b iq ku iu kv jt kw ju kx jv ky jk kq kr ks kt fr\" style=\"text-align: justify;\" data-selectable-paragraph=\"\">SCHARMEN, FRED, 2019,\u00a0<em class=\"ip\">Jeff Bezos Dreams of a 1970s Future<\/em>\u00a0, en\u00a0<em class=\"ip\">CityLab<\/em>\u00a0.\u00a0Disponible en:\u00a0<a class=\"au kz\" href=\"https:\/\/www.citylab.com\/perspective\/2019\/05\/space-colony-designjeff-bezos-blue-origin-oneill-colonies\/589294\/\" target=\"_blank\" rel=\"noopener ugc nofollow\">https:\/\/www.citylab.com\/perspective\/2019\/05\/space-colony-designjeff-bezos-blue-origin-oneill-colonies\/589294\/<\/a>\u00a0(\u00daltima consulta: 20 de septiembre de 2019).<\/li>\n<li id=\"2ec9\" class=\"kl km hd fq b iq ku iu kv jt kw ju kx jv ky jk kq kr ks kt fr\" style=\"text-align: justify;\" data-selectable-paragraph=\"\">Y lo mismo pasa con proyectos actuales que se desarrollan a ras de suelo.\u00a0Por ejemplo, \u201cla gran cubierta de [Google] recuerda el plan de Buckminster Fuller en 1969 para cubrir Manhattan con una c\u00fapula geod\u00e9sica, o el de Richard Rogers en 1994 para sumir el Southbank Centre de Londres bajo una carpa ondulada;\u00a0toda esta idea de un gran techo tiene decididamente un aire retro\u201d.\u00a0WAINWRIGHT, OLIVER, 2015,\u00a0<em class=\"ip\">La nueva sede de Google: un invernadero futurista actualizable<\/em>\u00a0, en\u00a0<em class=\"ip\">The Guardian<\/em>\u00a0.\u00a0Disponible en:\u00a0<a class=\"au kz\" href=\"https:\/\/www.theguardian.com\/\" target=\"_blank\" rel=\"noopener ugc nofollow\">https:\/\/www.theguardian.com\/<\/a>\u00a0artanddesign\/2015\/feb\/27\/googles-new-headquarters-upgradable-futuristic-greenhouse (\u00daltima consulta: 19 de septiembre de 2019).<\/li>\n<li id=\"9512\" class=\"kl km hd fq b iq ku iu kv jt kw ju kx jv ky jk kq kr ks kt fr\" style=\"text-align: justify;\" data-selectable-paragraph=\"\">MARX, KARL, 2015,\u00a0<em class=\"ip\">El 18 de brumario de Luis Bonaparte<\/em>\u00a0, Fundaci\u00f3n Federico Engels, Madrid, p\u00e1g.\u00a010<\/li>\n<li id=\"3f50\" class=\"kl km hd fq b iq ku iu kv jt kw ju kx jv ky jk kq kr ks kt fr\" style=\"text-align: justify;\" data-selectable-paragraph=\"\">\u201cElon Musk fund\u00f3 SpaceX porque estaba frustrado de que la NASA no nos estaba llevando a Marte lo suficientemente r\u00e1pido, y preocup\u00f3 de que no hubiera una segunda oportunidad para la humanidad.\u00a0A Bezos tambi\u00e9n le preocupa que la Tierra se quede sin recursos\u201d.\u00a0PIPER, KELSEY, 2018,\u00a0<em class=\"ip\">El caso contra la colonizaci\u00f3n del espacio para salvar a la humanidad<\/em>\u00a0, en\u00a0<em class=\"ip\">VOX<\/em>\u00a0.\u00a0Disponible en:\u00a0<a class=\"au kz\" href=\"https:\/\/www.vox.com\/future-perfect\/\" target=\"_blank\" rel=\"noopener ugc nofollow\">https:\/\/www.vox.com\/future-perfect\/<\/a>\u00a02018\/10\/22\/17991736\/jeff-bezos-elon-musk-colonizing-mars-moon-space-blue-origin-spacex (\u00daltima consulta: 20 de septiembre de 2019)<\/li>\n<li id=\"f9f8\" class=\"kl km hd fq b iq ku iu kv jt kw ju kx jv ky jk kq kr ks kt fr\" style=\"text-align: justify;\" data-selectable-paragraph=\"\">Douglass Rushkoff, profesor en la Universidad de Nueva York especializado en la cultura digital, cuenta que, al ser invitado a una charla por inversores interesados \u200b\u200ben el futuro de la tecnolog\u00eda, tuvo que responder a: \u201c\u00bfQu\u00e9 regi\u00f3n se ver\u00eda menos afectada por la crisis provocada por el cambio climatico?\u00a0\u00bfRealmente Google est\u00e1 construy\u00e9ndole a Ray Kurzweil un hogar para albergar su mente?\u00a0\u00bfLograr\u00e1 su conciencia sobrevivir a la transici\u00f3n, o por el contrario perecer\u00e1 y renacer\u00e1 una completamente nueva?\u201d\u00a0RUSHKOFF, DOUGLAS, 2018,\u00a0<em class=\"ip\">La supervivencia de los m\u00e1s ricos y c\u00f3mo traman abandonar el barco.\u00a0<\/em>Disponible en:\u00a0<a class=\"au kz\" href=\"https:\/\/ctxt.es\/es\/20180801\/Politica\/21062\/tecnologia-futuro-ricos-pobres-economia-Douglas-Rushkoff.htm\" target=\"_blank\" rel=\"noopener ugc nofollow\">https:\/\/ctxt.es\/es\/20180801\/Politica\/21062\/tecnologia-futuro-ricos-pobres-economia-Douglas-Rushkoff.htm<\/a>\u00a0(\u00daltima consulta: 20 de septiembre de 2019)<\/li>\n<li id=\"8f25\" class=\"kl km hd fq b iq ku iu kv jt kw ju kx jv ky jk kq kr ks kt fr\" style=\"text-align: justify;\" data-selectable-paragraph=\"\">Por ejemplo, Peter Thiel, cofundador de Paypal, se realiza transfusiones de sangre con la esperanza de evitar el envejecimiento.\u00a0V\u00e9ase: BERCOVICI, JEFF, 2016,\u00a0<em class=\"ip\">Peter Thiel est\u00e1 muy, muy interesado en la sangre de los j\u00f3venes<\/em>\u00a0, en\u00a0<em class=\"ip\">INC<\/em>\u00a0.\u00a0Disponible en:\u00a0<a class=\"au kz\" href=\"https:\/\/www.inc.com\/jeff-bercovici\/peter-thiel-young-blood.html\" target=\"_blank\" rel=\"noopener ugc nofollow\">https:\/\/www.inc.com\/jeff-bercovici\/peter-thiel-young-blood.html<\/a>\u00a0(\u00daltima consulta: 20 de septiembre de 2019).<\/li>\n<li id=\"8152\" class=\"kl km hd fq b iq ku iu kv jt kw ju kx jv ky jk kq kr ks kt fr\" style=\"text-align: justify;\" data-selectable-paragraph=\"\">\u201cLa vida sint\u00e9tica es sin duda uno de los productos posibles de la evoluci\u00f3n del control tecno-burocr\u00e1tico, de igual manera que el retorno del planeta entero al nivel inorg\u00e1nico es (\u2026) otro m\u00e1s de los resultados posibles de esta misma revoluci\u00f3n que toca a la tecnolog\u00eda de control\u201d.\u00a0BENIGER, JAMES R., 1986,\u00a0<em class=\"ip\">The Control Revolution<\/em>\u00a0, citado en TIQQUN, 2015,\u00a0<em class=\"ip\">La hip\u00f3tesis\u00a0<\/em><em class=\"ip\">cibern\u00e9tica<\/em>\u00a0, Acuarela &amp; Machado, Madrid, p\u00e1g.\u00a075.<\/li>\n<li id=\"71db\" class=\"kl km hd fq b iq ku iu kv jt kw ju kx jv ky jk kq kr ks kt fr\" style=\"text-align: justify;\" data-selectable-paragraph=\"\">BACHELARD, GASTON, 2000,\u00a0<em class=\"ip\">La po\u00e9tica del espacio<\/em>\u00a0, Fondo de Cultura Econ\u00f3mica, Ciudad de M\u00e9xico, p\u00e1g.\u00a0186.<\/li>\n<li id=\"4e88\" class=\"kl km hd fq b iq ku iu kv jt kw ju kx jv ky jk kq kr ks kt fr\" style=\"text-align: justify;\" data-selectable-paragraph=\"\">BRATTON, BENJAMIN H., 2015,\u00a0<em class=\"ip\">The Stack<\/em>\u00a0, Instituto Tecnol\u00f3gico de Massachusetts, Cambridge.<\/li>\n<li id=\"1403\" class=\"kl km hd fq b iq ku iu kv jt kw ju kx jv ky jk kq kr ks kt fr\" style=\"text-align: justify;\" data-selectable-paragraph=\"\">SCHARMEN, FRED, 2019,\u00a0<em class=\"ip\">Jeff Bezos Dreams of a 1970s Future<\/em>\u00a0, en\u00a0<em class=\"ip\">CityLab<\/em>\u00a0, op.\u00a0cit.<\/li>\n<li id=\"287c\" class=\"kl km hd fq b iq ku iu kv jt kw ju kx jv ky jk kq kr ks kt fr\" style=\"text-align: justify;\" data-selectable-paragraph=\"\">ANDERSON, DAVID y ORWIG, JESSICA, 2019,\u00a0<em class=\"ip\">Vea a Jeff Bezos revelar el plan detallado de Blue Origin para colonizar el espacio<\/em>\u00a0en\u00a0<em class=\"ip\">Bussiness Insider<\/em>\u00a0.\u00a0Disponible en:\u00a0<a class=\"au kz\" href=\"https:\/\/www.businessinsider.com\/jeff-bezos-reveals-blue-origin-future-space-plans-2019-5\" target=\"_blank\" rel=\"noopener ugc nofollow\">https:\/\/www.businessinsider.com\/jeff-bezos-reveals-blue-origin-future-spaceplans-2019-5<\/a>\u00a0(\u00daltima consulta: 20 de septiembre de 2019).<\/li>\n<li id=\"b48a\" class=\"kl km hd fq b iq ku iu kv jt kw ju kx jv ky jk kq kr ks kt fr\" style=\"text-align: justify;\" data-selectable-paragraph=\"\">RUSHKOFF, DOUGLAS, 2018,\u00a0<em class=\"ip\">La supervivencia de los m\u00e1s ricos y c\u00f3mo traman abandonar el barco<\/em>\u00a0, op.\u00a0cit.<\/li>\n<li id=\"bcb9\" class=\"kl km hd fq b iq ku iu kv jt kw ju kx jv ky jk kq kr ks kt fr\" style=\"text-align: justify;\" data-selectable-paragraph=\"\">SRNICEK, NICK y WILLIAMS, ALEX, 2017,\u00a0<em class=\"ip\">Inventar el Futuro.\u00a0Poscapitalismo y un mundo sin trabajo<\/em>\u00a0, Malpaso Ediciones, Barcelona, \u200b\u200bp\u00e1g.\u00a0321.<\/li>\n<li id=\"054a\" class=\"kl km hd fq b iq ku iu kv jt kw ju kx jv ky jk kq kr ks kt fr\" style=\"text-align: justify;\" data-selectable-paragraph=\"\">Ib\u00edd, p\u00e1g.\u00a0107<\/li>\n<li id=\"c64e\" class=\"kl km hd fq b iq ku iu kv jt kw ju kx jv ky jk kq kr ks kt fr\" style=\"text-align: justify;\" data-selectable-paragraph=\"\">Ib\u00edd, p\u00e1g.\u00a0137.<\/li>\n<li id=\"43a5\" class=\"kl km hd fq b iq ku iu kv jt kw ju kx jv ky jk kq kr ks kt fr\" style=\"text-align: justify;\" data-selectable-paragraph=\"\">RUSHKOFF, DOUGLAS, 2018,\u00a0<em class=\"ip\">La supervivencia de los m\u00e1s ricos y c\u00f3mo traman abandonar el barco<\/em>\u00a0, op.\u00a0cit.<\/li>\n<li id=\"47e5\" class=\"kl km hd fq b iq ku iu kv jt kw ju kx jv ky jk kq kr ks kt fr\" style=\"text-align: justify;\" data-selectable-paragraph=\"\">METRO, 2019, Video:\u00a0<em class=\"ip\">Jeff Bezos quiere construir h\u00e1bitats espaciales gigantes<\/em>\u00a0.\u00a0Disponible en:\u00a0<a class=\"au kz\" href=\"https:\/\/metro.co.uk\/video\/jeff-bezos-wants-build-giant-space-habitats-1924776\/\" target=\"_blank\" rel=\"noopener ugc nofollow\">https:\/\/metro.co.uk\/video\/jeff-bezos-wants-build-giant-space-habitats-1924776\/<\/a>\u00a0(\u00daltima consulta: 20 de septiembre de 2019).<\/li>\n<li id=\"134d\" class=\"kl km hd fq b iq ku iu kv jt kw ju kx jv ky jk kq kr ks kt fr\" style=\"text-align: justify;\" data-selectable-paragraph=\"\">BUCK-MORSS, SUSAN, 1995,\u00a0<em class=\"ip\">Dial\u00e9ctica de la mirada: Walter Benjamin y el proyecto de los Pasajes<\/em>\u00a0, Machado Libros, Madrid, p\u00e1g.\u00a0112.<\/li>\n<li id=\"25a4\" class=\"kl km hd fq b iq ku iu kv jt kw ju kx jv ky jk kq kr ks kt fr\" style=\"text-align: justify;\" data-selectable-paragraph=\"\">BENJAMIN, WALTER, 1982,\u00a0<em class=\"ip\">Experiencia y pobreza<\/em>\u00a0, en Obras II\/1, Abad\u00e1, Madrid.<\/li>\n<li id=\"97e3\" class=\"kl km hd fq b iq ku iu kv jt kw ju kx jv ky jk kq kr ks kt fr\" style=\"text-align: justify;\" data-selectable-paragraph=\"\">\u201cLa externalizaci\u00f3n de la pobreza y del veneno no desaparece por el mero hecho de que nos pongamos unas gafas de tres dimensiones y nos sumerjamos en una realidad alternativa.\u00a0Cuanto m\u00e1s ignoremos las repercusiones sociales, econ\u00f3micas y ambientales, m\u00e1s problemas se tornar\u00e1n.\u00a0Esta situaci\u00f3n genera una din\u00e1mica de mayor repliegue, aislamiento y fantas\u00edas apocal\u00edpticas, a la par que la necesidad de inventar desesperadamente m\u00e1s tecnolog\u00eda y planes de negocio.\u00a0El ciclo se retroalimenta a s\u00ed mismo\u201d.\u00a0RUSHKOFF, DOUGLAS, 2018,\u00a0<em class=\"ip\">La supervivencia de los m\u00e1s ricos y c\u00f3mo traman abandonar el barco<\/em>\u00a0, op.\u00a0cit.<\/li>\n<li id=\"936a\" class=\"kl km hd fq b iq ku iu kv jt kw ju kx jv ky jk kq kr ks kt fr\" style=\"text-align: justify;\" data-selectable-paragraph=\"\">Por ejemplo, Jeff Bezos es due\u00f1o del peri\u00f3dico\u00a0<em class=\"ip\">The Washington Post<\/em>\u00a0.<\/li>\n<li id=\"45dc\" class=\"kl km hd fq b iq ku iu kv jt kw ju kx jv ky jk kq kr ks kt fr\" style=\"text-align: justify;\" data-selectable-paragraph=\"\">Siguiendo con Amazon, una parte importante de la compa\u00f1\u00eda es Amazon Web Services, un proveedor de servicios en la nube que es usado por importantes empresas y peri\u00f3dicos como lugar de alojamiento.\u00a0Amazon es, por consiguiente, la propietaria del espacio donde se almacena gran cantidad de informaci\u00f3n.<\/li>\n<\/ol>\n<\/div>\n","protected":false},"excerpt":{"rendered":"<p>\u201cYa s\u00e9, desde luego, que la Atl\u00e1ntida de Plat\u00f3n nunca existi\u00f3 en realidad.\u00a0Por esta misma raz\u00f3n, nunca podr\u00e1 morir.\u00a0Siempre ser\u00e1 un ideal, un sue\u00f1o de perfecci\u00f3n, una meta que inspirar\u00e1 a los hombres en la posteridad\u201d.1 \u201cSi hubiera que ampliar las investigaciones de Benjamin al siglo XX y principios del XXI, ser\u00eda necesario \u2013a parte [&hellip;]<\/p>\n","protected":false},"author":36,"featured_media":88281,"comment_status":"open","ping_status":"closed","sticky":false,"template":"","format":"standard","meta":{"footnotes":""},"categories":[5934,5951],"tags":[3220,78,2194,14858,10758,12448,10910,2556,9834,5096,11486,10644,11485,10989,12641,4514,9190,14857,11483,318,319,6917,4050,350,11482,8372,3113,14870,393,14860,13131,6118,14866,12452,14466,6361,6401,7481,513,5907,516,6870,1848,3291,9918,580,5786,5537,3127,14852,3487,11487,4471,14862,659,7808,14865,14765,668,12906,3002,708,710,4285,6944,730,732,3219,14864,14462,14856,12605,13969,14853,4505,789,11488,2755,14869,14861,13817,8575,11450,14260,11480,14399,14863,4798,2496,6409,11674,14867,14849,2422,2726,955,13599,2049,14854,977,14859,15253,11484,1021,5172,10978,1067,2070,3202,6148,2351,1103,1151,1152,1865,1890,1161,2173,2112,14847,4373,4444,7478,13967,2336,13966,14868,14851,14850,3929,2179,1241,11477,14871,14848,1278,2048,13968,5116,12468,1329,8599,12848],"class_list":{"0":"post-88276","1":"post","2":"type-post","3":"status-publish","4":"format-standard","5":"has-post-thumbnail","7":"category-articulos","8":"category-slider-principal","9":"tag-a-t-architecture-publishers","10":"tag-actividad","11":"tag-actividad-social","12":"tag-andrea-branzi","13":"tag-archizoom","14":"tag-arquitectura","15":"tag-arquitectura-informacional","16":"tag-arquitectura-sostenible","17":"tag-aurora-fernandez-per","18":"tag-beatriz-colomina","19":"tag-bernei-dekoven","20":"tag-big","21":"tag-brad-neuberg","22":"tag-camillo-sitte","23":"tag-carl-gustav-jung","24":"tag-caruso-st-john","25":"tag-caruso-st-john-architects","26":"tag-charles-fox","27":"tag-chris-benner","28":"tag-ciudad","29":"tag-ciudad-contemporanea","30":"tag-ciudad-sostenible","31":"tag-codigo-abierto","32":"tag-comunicacion","33":"tag-coworking","34":"tag-creative-commons","35":"tag-creatividad","36":"tag-cristine-lagorio-chafkin","37":"tag-critica","38":"tag-dario-bartolini","39":"tag-dave-eggers","40":"tag-economia-creativa","41":"tag-eleanor-gibson","42":"tag-equipamiento-terciario","43":"tag-eric-sadin","44":"tag-escala","45":"tag-espacio-colectivo","46":"tag-espacio-domestico","47":"tag-espacio-interior","48":"tag-espacio-privado","49":"tag-espacio-publico","50":"tag-espacio-sensible","51":"tag-espacio-urbano","52":"tag-etica-de-la-sostenibilidad","53":"tag-fernando-quesada","54":"tag-filosofia","55":"tag-filosofo","56":"tag-flexibilidad","57":"tag-formatos-digitales","58":"tag-francesco-marullo","59":"tag-frank-gehry","60":"tag-frederick-winslow-taylor","61":"tag-futura","62":"tag-gilberto-corretti","63":"tag-habitar","64":"tag-hannah-arendt","65":"tag-harriet-thorpe","66":"tag-heatherwick-studio","67":"tag-historia","68":"tag-hito-steyerl","69":"tag-identidad","70":"tag-industrializacion","71":"tag-informacion","72":"tag-inigo-garcia-odiaga","73":"tag-intercambio","74":"tag-internet","75":"tag-interrelacion","76":"tag-javier-mozas","77":"tag-jonathan-c-molloy","78":"tag-jonathan-crary","79":"tag-joseph-paxton","80":"tag-kazys-varnelis","81":"tag-kenjiro-sano","82":"tag-key-macfarlane","83":"tag-landa-hernandez","84":"tag-lenguaje","85":"tag-leon-emmanuelle","86":"tag-libertad","87":"tag-lina-malfona","88":"tag-lucia-bartolini","89":"tag-lucia-jalon-oyarzun","90":"tag-manuel-castells","91":"tag-marc-chalamanch","92":"tag-mark-fisher","93":"tag-marshall-mcluhan","94":"tag-martino-tattara","95":"tag-massimo-morozzi","96":"tag-modelo-profesional","97":"tag-movimiento","98":"tag-movimiento-internacional","99":"tag-nbbj","100":"tag-nick-compton","101":"tag-nick-srmicek","102":"tag-norman-foster","103":"tag-nueva-tecnologia","104":"tag-oficina","105":"tag-oliver-wainwright","106":"tag-oma","107":"tag-pablo-martinez-capdevilla","108":"tag-paisaje","109":"tag-paolo-deganello","110":"tag-paul-b-preciado","111":"tag-pekka-himanen","112":"tag-pensamiento","113":"tag-peter-sloterdijk","114":"tag-pier-vittorio-aureli","115":"tag-plaza","116":"tag-poder","117":"tag-proceso-creativo","118":"tag-procesos-digitales","119":"tag-procesos-globales","120":"tag-profesion","121":"tag-red","122":"tag-red-social","123":"tag-reflexion","124":"tag-reflexion-multidisciplinar","125":"tag-relacion","126":"tag-rem-koolhaas","127":"tag-representacion","128":"tag-robert-propst","129":"tag-s-xix","130":"tag-s-xx","131":"tag-s-xxi","132":"tag-sam-jacob","133":"tag-saskia-sassen","134":"tag-schemanta-architects","135":"tag-sergio-gonzalez-rodriguez","136":"tag-shop-architects","137":"tag-shoshana-zuboff","138":"tag-sigfried-giedion","139":"tag-social-media","140":"tag-sociedad","141":"tag-sociedad-red","142":"tag-steven-levy","143":"tag-studio-oa","144":"tag-teoria","145":"tag-teoria-e-historia","146":"tag-tobias-van-schineider","147":"tag-trabajar","148":"tag-urbanismo","149":"tag-utopia","150":"tag-walter-benjamin","151":"tag-zygmunt-bauman"},"yoast_head":"<!-- This site is optimized with the Yoast SEO plugin v27.4 - https:\/\/yoast.com\/product\/yoast-seo-wordpress\/ -->\n<title>Origen | Landa Hern\u00e1ndez Mart\u00ednez - veredes<\/title>\n<meta name=\"description\" content=\"Toda la informaci\u00f3n sobre: Origen | Landa Hern\u00e1ndez Mart\u00ednez\" \/>\n<meta name=\"robots\" content=\"index, follow, max-snippet:-1, max-image-preview:large, max-video-preview:-1\" \/>\n<link rel=\"canonical\" href=\"https:\/\/veredes.es\/blog\/origen-pedro-hernandez\/\" \/>\n<meta property=\"og:locale\" content=\"es_ES\" \/>\n<meta property=\"og:type\" content=\"article\" \/>\n<meta property=\"og:title\" content=\"Origen | Landa Hern\u00e1ndez Mart\u00ednez - veredes\" \/>\n<meta property=\"og:description\" content=\"Toda la informaci\u00f3n sobre: Origen | Landa Hern\u00e1ndez Mart\u00ednez\" \/>\n<meta property=\"og:url\" content=\"https:\/\/veredes.es\/blog\/origen-pedro-hernandez\/\" \/>\n<meta property=\"og:site_name\" content=\"veredes, arquitectura y divulgaci\u00f3n\" \/>\n<meta property=\"article:publisher\" content=\"https:\/\/www.facebook.com\/veredesArquitecturayDivulgacion\/\" \/>\n<meta property=\"article:author\" content=\"https:\/\/www.facebook.com\/pehemar\" \/>\n<meta property=\"article:published_time\" content=\"2022-02-27T23:01:02+00:00\" \/>\n<meta property=\"article:modified_time\" content=\"2022-09-24T11:06:35+00:00\" \/>\n<meta property=\"og:image\" content=\"https:\/\/veredes.es\/blog\/wp-content\/uploads\/2022\/02\/Origen-Pedro-Hernandez-Blue-Origin.jpeg\" \/>\n\t<meta property=\"og:image:width\" content=\"1440\" \/>\n\t<meta property=\"og:image:height\" content=\"900\" \/>\n\t<meta property=\"og:image:type\" content=\"image\/jpeg\" \/>\n<meta name=\"author\" content=\"Landa Hern\u00e1ndez\" \/>\n<meta name=\"twitter:card\" content=\"summary_large_image\" \/>\n<meta name=\"twitter:creator\" content=\"@https:\/\/twitter.com\/laperiferia\" \/>\n<meta name=\"twitter:site\" content=\"@veredes\" \/>\n<meta name=\"twitter:label1\" content=\"Escrito por\" \/>\n\t<meta name=\"twitter:data1\" content=\"Landa Hern\u00e1ndez\" \/>\n\t<meta name=\"twitter:label2\" content=\"Tiempo de lectura\" \/>\n\t<meta name=\"twitter:data2\" content=\"16 minutos\" \/>\n<script type=\"application\/ld+json\" class=\"yoast-schema-graph\">{\"@context\":\"https:\\\/\\\/schema.org\",\"@graph\":[{\"@type\":\"Article\",\"@id\":\"https:\\\/\\\/veredes.es\\\/blog\\\/origen-pedro-hernandez\\\/#article\",\"isPartOf\":{\"@id\":\"https:\\\/\\\/veredes.es\\\/blog\\\/origen-pedro-hernandez\\\/\"},\"author\":{\"name\":\"Landa Hern\u00e1ndez\",\"@id\":\"https:\\\/\\\/veredes.es\\\/blog\\\/#\\\/schema\\\/person\\\/c2e70e079f5cb4810ff9e002286ae4d4\"},\"headline\":\"Origen | Landa Hern\u00e1ndez Mart\u00ednez\",\"datePublished\":\"2022-02-27T23:01:02+00:00\",\"dateModified\":\"2022-09-24T11:06:35+00:00\",\"mainEntityOfPage\":{\"@id\":\"https:\\\/\\\/veredes.es\\\/blog\\\/origen-pedro-hernandez\\\/\"},\"wordCount\":3268,\"commentCount\":2,\"publisher\":{\"@id\":\"https:\\\/\\\/veredes.es\\\/blog\\\/#organization\"},\"image\":{\"@id\":\"https:\\\/\\\/veredes.es\\\/blog\\\/origen-pedro-hernandez\\\/#primaryimage\"},\"thumbnailUrl\":\"https:\\\/\\\/veredes.es\\\/blog\\\/wp-content\\\/uploads\\\/2022\\\/02\\\/Origen-Pedro-Hernandez-Blue-Origin.jpeg\",\"keywords\":[\"a+t architecture publishers\",\"actividad\",\"actividad social\",\"Andrea Branzi\",\"archizoom\",\"arquitectura\",\"arquitectura informacional\",\"arquitectura sostenible\",\"Aurora Fern\u00e1ndez Per\",\"Beatriz Colomina\",\"Bernei Dekoven\",\"BIG\",\"Brad Neuberg\",\"Camillo Sitte\",\"Carl Gustav Jung\",\"Caruso St. John\",\"Caruso St. John Architects\",\"Charles Fox\",\"chris benner\",\"ciudad\",\"ciudad contempor\u00e1nea\",\"ciudad sostenible\",\"codigo abierto\",\"comunicaci\u00f3n\",\"coworking\",\"creative commons\",\"creatividad\",\"Cristine Lagorio-Chafkin\",\"cr\u00edtica\",\"Dario Bartolini\",\"Dave Eggers\",\"econom\u00eda creativa\",\"Eleanor Gibson\",\"equipamiento terciario\",\"\u00c9ric Sadin\",\"escala\",\"espacio colectivo\",\"espacio dom\u00e9stico\",\"espacio interior\",\"espacio privado\",\"espacio p\u00fablico\",\"espacio sensible\",\"espacio urbano\",\"\u00e9tica de la sostenibilidad\",\"Fernando Quesada\",\"filosof\u00eda\",\"fil\u00f3sofo\",\"flexibilidad\",\"formatos digitales\",\"Francesco Marullo\",\"Frank Gehry\",\"frederick winslow taylor\",\"futura\",\"Gilberto Corretti\",\"habitar\",\"Hannah Arendt\",\"Harriet Thorpe\",\"Heatherwick Studio\",\"historia\",\"Hito Steyerl\",\"identidad\",\"industrializaci\u00f3n\",\"informaci\u00f3n\",\"\u00cd\u00f1igo Garc\u00eda Odiaga\",\"intercambio\",\"internet\",\"interrelaci\u00f3n\",\"Javier Mozas\",\"Jonathan C. Molloy\",\"Jonathan Crary\",\"Joseph Paxton\",\"Kazys Varnelis\",\"Kenjiro Sano\",\"Key MacFarlane\",\"Landa Hern\u00e1ndez\",\"lenguaje\",\"l\u00e9on emmanuelle\",\"libertad\",\"Lina Malfona\",\"Lucia Bartolini\",\"Lucia Jal\u00f3n Oyarzun\",\"Manuel Castells\",\"Marc Chalamanch\",\"Mark Fisher\",\"marshall mcluhan\",\"Martino Tattara\",\"Massimo Morozzi\",\"modelo profesional\",\"movimiento\",\"movimiento internacional\",\"nbbj\",\"Nick Compton\",\"Nick Srmicek\",\"Norman Foster\",\"nueva tecnologia\",\"oficina\",\"Oliver Wainwright\",\"OMA\",\"Pablo Mart\u00ednez Capdevilla\",\"paisaje\",\"Paolo Deganello\",\"Paul B. Preciado\",\"pekka himanen\",\"pensamiento\",\"Peter Sloterdijk\",\"Pier Vittorio Aureli\",\"plaza\",\"poder\",\"proceso creativo\",\"procesos digitales\",\"procesos globales\",\"profesi\u00f3n\",\"red\",\"red social\",\"reflexi\u00f3n\",\"reflexi\u00f3n multidisciplinar\",\"relacion\",\"Rem Koolhaas\",\"representaci\u00f3n\",\"Robert Propst\",\"s. xix\",\"s. xx\",\"s. xxi\",\"Sam Jacob\",\"Saskia Sassen\",\"Schemanta Architects\",\"Sergio Gonz\u00e1lez Rodr\u00edguez\",\"SHoP Architects\",\"Shoshana Zuboff\",\"Sigfried Giedion\",\"social media\",\"sociedad\",\"sociedad red\",\"Steven Levy\",\"Studio O+A\",\"teor\u00eda\",\"teor\u00eda e historia\",\"Tobias van Schineider\",\"trabajar\",\"urbanismo\",\"utopia\",\"Walter Benjamin\",\"Zygmunt Bauman\"],\"articleSection\":[\"art\u00edculos\",\"slider principal\"],\"inLanguage\":\"es\",\"potentialAction\":[{\"@type\":\"CommentAction\",\"name\":\"Comment\",\"target\":[\"https:\\\/\\\/veredes.es\\\/blog\\\/origen-pedro-hernandez\\\/#respond\"]}]},{\"@type\":\"WebPage\",\"@id\":\"https:\\\/\\\/veredes.es\\\/blog\\\/origen-pedro-hernandez\\\/\",\"url\":\"https:\\\/\\\/veredes.es\\\/blog\\\/origen-pedro-hernandez\\\/\",\"name\":\"Origen | Landa Hern\u00e1ndez Mart\u00ednez - veredes\",\"isPartOf\":{\"@id\":\"https:\\\/\\\/veredes.es\\\/blog\\\/#website\"},\"primaryImageOfPage\":{\"@id\":\"https:\\\/\\\/veredes.es\\\/blog\\\/origen-pedro-hernandez\\\/#primaryimage\"},\"image\":{\"@id\":\"https:\\\/\\\/veredes.es\\\/blog\\\/origen-pedro-hernandez\\\/#primaryimage\"},\"thumbnailUrl\":\"https:\\\/\\\/veredes.es\\\/blog\\\/wp-content\\\/uploads\\\/2022\\\/02\\\/Origen-Pedro-Hernandez-Blue-Origin.jpeg\",\"datePublished\":\"2022-02-27T23:01:02+00:00\",\"dateModified\":\"2022-09-24T11:06:35+00:00\",\"description\":\"Toda la informaci\u00f3n sobre: Origen | Landa Hern\u00e1ndez Mart\u00ednez\",\"breadcrumb\":{\"@id\":\"https:\\\/\\\/veredes.es\\\/blog\\\/origen-pedro-hernandez\\\/#breadcrumb\"},\"inLanguage\":\"es\",\"potentialAction\":[{\"@type\":\"ReadAction\",\"target\":[\"https:\\\/\\\/veredes.es\\\/blog\\\/origen-pedro-hernandez\\\/\"]}]},{\"@type\":\"ImageObject\",\"inLanguage\":\"es\",\"@id\":\"https:\\\/\\\/veredes.es\\\/blog\\\/origen-pedro-hernandez\\\/#primaryimage\",\"url\":\"https:\\\/\\\/veredes.es\\\/blog\\\/wp-content\\\/uploads\\\/2022\\\/02\\\/Origen-Pedro-Hernandez-Blue-Origin.jpeg\",\"contentUrl\":\"https:\\\/\\\/veredes.es\\\/blog\\\/wp-content\\\/uploads\\\/2022\\\/02\\\/Origen-Pedro-Hernandez-Blue-Origin.jpeg\",\"width\":1440,\"height\":900,\"caption\":\"Blue Origin\"},{\"@type\":\"BreadcrumbList\",\"@id\":\"https:\\\/\\\/veredes.es\\\/blog\\\/origen-pedro-hernandez\\\/#breadcrumb\",\"itemListElement\":[{\"@type\":\"ListItem\",\"position\":1,\"name\":\"Portada\",\"item\":\"https:\\\/\\\/veredes.es\\\/blog\\\/\"},{\"@type\":\"ListItem\",\"position\":2,\"name\":\"Origen | Landa Hern\u00e1ndez Mart\u00ednez\"}]},{\"@type\":\"WebSite\",\"@id\":\"https:\\\/\\\/veredes.es\\\/blog\\\/#website\",\"url\":\"https:\\\/\\\/veredes.es\\\/blog\\\/\",\"name\":\"veredes, arquitectura y divulgaci\u00f3n\",\"description\":\"veredes\",\"publisher\":{\"@id\":\"https:\\\/\\\/veredes.es\\\/blog\\\/#organization\"},\"alternateName\":\"veredes\",\"potentialAction\":[{\"@type\":\"SearchAction\",\"target\":{\"@type\":\"EntryPoint\",\"urlTemplate\":\"https:\\\/\\\/veredes.es\\\/blog\\\/?s={search_term_string}\"},\"query-input\":{\"@type\":\"PropertyValueSpecification\",\"valueRequired\":true,\"valueName\":\"search_term_string\"}}],\"inLanguage\":\"es\"},{\"@type\":\"Organization\",\"@id\":\"https:\\\/\\\/veredes.es\\\/blog\\\/#organization\",\"name\":\"veredes, arquitectura y divulgaci\u00f3n\",\"alternateName\":\"veredes\",\"url\":\"https:\\\/\\\/veredes.es\\\/blog\\\/\",\"logo\":{\"@type\":\"ImageObject\",\"inLanguage\":\"es\",\"@id\":\"https:\\\/\\\/veredes.es\\\/blog\\\/#\\\/schema\\\/logo\\\/image\\\/\",\"url\":\"https:\\\/\\\/veredes.es\\\/blog\\\/wp-content\\\/uploads\\\/2021\\\/12\\\/veredes-logo-centrado_140x54.png\",\"contentUrl\":\"https:\\\/\\\/veredes.es\\\/blog\\\/wp-content\\\/uploads\\\/2021\\\/12\\\/veredes-logo-centrado_140x54.png\",\"width\":140,\"height\":54,\"caption\":\"veredes, arquitectura y divulgaci\u00f3n\"},\"image\":{\"@id\":\"https:\\\/\\\/veredes.es\\\/blog\\\/#\\\/schema\\\/logo\\\/image\\\/\"},\"sameAs\":[\"https:\\\/\\\/www.facebook.com\\\/veredesArquitecturayDivulgacion\\\/\",\"https:\\\/\\\/x.com\\\/veredes\",\"https:\\\/\\\/instagram.com\\\/veredes\\\/\",\"https:\\\/\\\/www.linkedin.com\\\/company\\\/veredes-arquitectura-y-divulgacion\\\/\",\"https:\\\/\\\/es.pinterest.com\\\/veredes\\\/\",\"https:\\\/\\\/www.tumblr.com\\\/veredes\"]},{\"@type\":\"Person\",\"@id\":\"https:\\\/\\\/veredes.es\\\/blog\\\/#\\\/schema\\\/person\\\/c2e70e079f5cb4810ff9e002286ae4d4\",\"name\":\"Landa Hern\u00e1ndez\",\"image\":{\"@type\":\"ImageObject\",\"inLanguage\":\"es\",\"@id\":\"https:\\\/\\\/secure.gravatar.com\\\/avatar\\\/557e510e5576322e0c38a78a1bfab7d33982187ff66668704d6978d3f690ceb1?s=96&r=g\",\"url\":\"https:\\\/\\\/secure.gravatar.com\\\/avatar\\\/557e510e5576322e0c38a78a1bfab7d33982187ff66668704d6978d3f690ceb1?s=96&r=g\",\"contentUrl\":\"https:\\\/\\\/secure.gravatar.com\\\/avatar\\\/557e510e5576322e0c38a78a1bfab7d33982187ff66668704d6978d3f690ceb1?s=96&r=g\",\"caption\":\"Landa Hern\u00e1ndez\"},\"description\":\"Soy arquitecto por la Universidad de Alicante, pero mi inter\u00e9s sobre esta disciplina se encuentra alejado de su papel tradicional de dise\u00f1o de espacios. M\u00e1s bien, me interesa entender c\u00f3mo las representaciones de la arquitectura, el paisaje, el dise\u00f1o o el territorio construyen y materializan determinados discursos ideol\u00f3gicos, imponiendo posturas, subjetividades y formas de acci\u00f3n sobre los cuerpos que la habitan. En mi trabajo edito estos discursos \u2013sus im\u00e1genes, sus historias o sus restos materiales\u2013 y reelaboro comentarios cr\u00edticos que ponen en evidencia sus controversias y contradicciones, formaliz\u00e1ndolos en diversos formatos como textos, fotograf\u00edas, v\u00eddeos, objetos o instalaciones, muchas veces entrecruzados entre s\u00ed. He publicado art\u00edculos y ensayos en diversos medios de Estados Unidos, Italia, Croacia, Espa\u00f1a, Chile y M\u00e9xico. Desde enero de 2013 resido en la Ciudad de M\u00e9xico donde trabajo como coordinador de contenidos en Arquine.\",\"sameAs\":[\"http:\\\/\\\/laperiferiadomestica.tumblr.com\\\/\",\"https:\\\/\\\/www.facebook.com\\\/pehemar\",\"https:\\\/\\\/www.instagram.com\\\/laperiferia\\\/\",\"https:\\\/\\\/www.linkedin.com\\\/in\\\/pedrohm\\\/\",\"https:\\\/\\\/x.com\\\/https:\\\/\\\/twitter.com\\\/laperiferia\"],\"url\":\"https:\\\/\\\/veredes.es\\\/blog\\\/author\\\/pedro-hernandez-martinez\\\/\"}]}<\/script>\n<!-- \/ Yoast SEO plugin. -->","yoast_head_json":{"title":"Origen | Landa Hern\u00e1ndez Mart\u00ednez - veredes","description":"Toda la informaci\u00f3n sobre: Origen | Landa Hern\u00e1ndez Mart\u00ednez","robots":{"index":"index","follow":"follow","max-snippet":"max-snippet:-1","max-image-preview":"max-image-preview:large","max-video-preview":"max-video-preview:-1"},"canonical":"https:\/\/veredes.es\/blog\/origen-pedro-hernandez\/","og_locale":"es_ES","og_type":"article","og_title":"Origen | Landa Hern\u00e1ndez Mart\u00ednez - veredes","og_description":"Toda la informaci\u00f3n sobre: Origen | Landa Hern\u00e1ndez Mart\u00ednez","og_url":"https:\/\/veredes.es\/blog\/origen-pedro-hernandez\/","og_site_name":"veredes, arquitectura y divulgaci\u00f3n","article_publisher":"https:\/\/www.facebook.com\/veredesArquitecturayDivulgacion\/","article_author":"https:\/\/www.facebook.com\/pehemar","article_published_time":"2022-02-27T23:01:02+00:00","article_modified_time":"2022-09-24T11:06:35+00:00","og_image":[{"width":1440,"height":900,"url":"https:\/\/veredes.es\/blog\/wp-content\/uploads\/2022\/02\/Origen-Pedro-Hernandez-Blue-Origin.jpeg","type":"image\/jpeg"}],"author":"Landa Hern\u00e1ndez","twitter_card":"summary_large_image","twitter_creator":"@https:\/\/twitter.com\/laperiferia","twitter_site":"@veredes","twitter_misc":{"Escrito por":"Landa Hern\u00e1ndez","Tiempo de lectura":"16 minutos"},"schema":{"@context":"https:\/\/schema.org","@graph":[{"@type":"Article","@id":"https:\/\/veredes.es\/blog\/origen-pedro-hernandez\/#article","isPartOf":{"@id":"https:\/\/veredes.es\/blog\/origen-pedro-hernandez\/"},"author":{"name":"Landa Hern\u00e1ndez","@id":"https:\/\/veredes.es\/blog\/#\/schema\/person\/c2e70e079f5cb4810ff9e002286ae4d4"},"headline":"Origen | Landa Hern\u00e1ndez Mart\u00ednez","datePublished":"2022-02-27T23:01:02+00:00","dateModified":"2022-09-24T11:06:35+00:00","mainEntityOfPage":{"@id":"https:\/\/veredes.es\/blog\/origen-pedro-hernandez\/"},"wordCount":3268,"commentCount":2,"publisher":{"@id":"https:\/\/veredes.es\/blog\/#organization"},"image":{"@id":"https:\/\/veredes.es\/blog\/origen-pedro-hernandez\/#primaryimage"},"thumbnailUrl":"https:\/\/veredes.es\/blog\/wp-content\/uploads\/2022\/02\/Origen-Pedro-Hernandez-Blue-Origin.jpeg","keywords":["a+t architecture publishers","actividad","actividad social","Andrea Branzi","archizoom","arquitectura","arquitectura informacional","arquitectura sostenible","Aurora Fern\u00e1ndez Per","Beatriz Colomina","Bernei Dekoven","BIG","Brad Neuberg","Camillo Sitte","Carl Gustav Jung","Caruso St. John","Caruso St. John Architects","Charles Fox","chris benner","ciudad","ciudad contempor\u00e1nea","ciudad sostenible","codigo abierto","comunicaci\u00f3n","coworking","creative commons","creatividad","Cristine Lagorio-Chafkin","cr\u00edtica","Dario Bartolini","Dave Eggers","econom\u00eda creativa","Eleanor Gibson","equipamiento terciario","\u00c9ric Sadin","escala","espacio colectivo","espacio dom\u00e9stico","espacio interior","espacio privado","espacio p\u00fablico","espacio sensible","espacio urbano","\u00e9tica de la sostenibilidad","Fernando Quesada","filosof\u00eda","fil\u00f3sofo","flexibilidad","formatos digitales","Francesco Marullo","Frank Gehry","frederick winslow taylor","futura","Gilberto Corretti","habitar","Hannah Arendt","Harriet Thorpe","Heatherwick Studio","historia","Hito Steyerl","identidad","industrializaci\u00f3n","informaci\u00f3n","\u00cd\u00f1igo Garc\u00eda Odiaga","intercambio","internet","interrelaci\u00f3n","Javier Mozas","Jonathan C. Molloy","Jonathan Crary","Joseph Paxton","Kazys Varnelis","Kenjiro Sano","Key MacFarlane","Landa Hern\u00e1ndez","lenguaje","l\u00e9on emmanuelle","libertad","Lina Malfona","Lucia Bartolini","Lucia Jal\u00f3n Oyarzun","Manuel Castells","Marc Chalamanch","Mark Fisher","marshall mcluhan","Martino Tattara","Massimo Morozzi","modelo profesional","movimiento","movimiento internacional","nbbj","Nick Compton","Nick Srmicek","Norman Foster","nueva tecnologia","oficina","Oliver Wainwright","OMA","Pablo Mart\u00ednez Capdevilla","paisaje","Paolo Deganello","Paul B. Preciado","pekka himanen","pensamiento","Peter Sloterdijk","Pier Vittorio Aureli","plaza","poder","proceso creativo","procesos digitales","procesos globales","profesi\u00f3n","red","red social","reflexi\u00f3n","reflexi\u00f3n multidisciplinar","relacion","Rem Koolhaas","representaci\u00f3n","Robert Propst","s. xix","s. xx","s. xxi","Sam Jacob","Saskia Sassen","Schemanta Architects","Sergio Gonz\u00e1lez Rodr\u00edguez","SHoP Architects","Shoshana Zuboff","Sigfried Giedion","social media","sociedad","sociedad red","Steven Levy","Studio O+A","teor\u00eda","teor\u00eda e historia","Tobias van Schineider","trabajar","urbanismo","utopia","Walter Benjamin","Zygmunt Bauman"],"articleSection":["art\u00edculos","slider principal"],"inLanguage":"es","potentialAction":[{"@type":"CommentAction","name":"Comment","target":["https:\/\/veredes.es\/blog\/origen-pedro-hernandez\/#respond"]}]},{"@type":"WebPage","@id":"https:\/\/veredes.es\/blog\/origen-pedro-hernandez\/","url":"https:\/\/veredes.es\/blog\/origen-pedro-hernandez\/","name":"Origen | Landa Hern\u00e1ndez Mart\u00ednez - veredes","isPartOf":{"@id":"https:\/\/veredes.es\/blog\/#website"},"primaryImageOfPage":{"@id":"https:\/\/veredes.es\/blog\/origen-pedro-hernandez\/#primaryimage"},"image":{"@id":"https:\/\/veredes.es\/blog\/origen-pedro-hernandez\/#primaryimage"},"thumbnailUrl":"https:\/\/veredes.es\/blog\/wp-content\/uploads\/2022\/02\/Origen-Pedro-Hernandez-Blue-Origin.jpeg","datePublished":"2022-02-27T23:01:02+00:00","dateModified":"2022-09-24T11:06:35+00:00","description":"Toda la informaci\u00f3n sobre: Origen | Landa Hern\u00e1ndez Mart\u00ednez","breadcrumb":{"@id":"https:\/\/veredes.es\/blog\/origen-pedro-hernandez\/#breadcrumb"},"inLanguage":"es","potentialAction":[{"@type":"ReadAction","target":["https:\/\/veredes.es\/blog\/origen-pedro-hernandez\/"]}]},{"@type":"ImageObject","inLanguage":"es","@id":"https:\/\/veredes.es\/blog\/origen-pedro-hernandez\/#primaryimage","url":"https:\/\/veredes.es\/blog\/wp-content\/uploads\/2022\/02\/Origen-Pedro-Hernandez-Blue-Origin.jpeg","contentUrl":"https:\/\/veredes.es\/blog\/wp-content\/uploads\/2022\/02\/Origen-Pedro-Hernandez-Blue-Origin.jpeg","width":1440,"height":900,"caption":"Blue Origin"},{"@type":"BreadcrumbList","@id":"https:\/\/veredes.es\/blog\/origen-pedro-hernandez\/#breadcrumb","itemListElement":[{"@type":"ListItem","position":1,"name":"Portada","item":"https:\/\/veredes.es\/blog\/"},{"@type":"ListItem","position":2,"name":"Origen | Landa Hern\u00e1ndez Mart\u00ednez"}]},{"@type":"WebSite","@id":"https:\/\/veredes.es\/blog\/#website","url":"https:\/\/veredes.es\/blog\/","name":"veredes, arquitectura y divulgaci\u00f3n","description":"veredes","publisher":{"@id":"https:\/\/veredes.es\/blog\/#organization"},"alternateName":"veredes","potentialAction":[{"@type":"SearchAction","target":{"@type":"EntryPoint","urlTemplate":"https:\/\/veredes.es\/blog\/?s={search_term_string}"},"query-input":{"@type":"PropertyValueSpecification","valueRequired":true,"valueName":"search_term_string"}}],"inLanguage":"es"},{"@type":"Organization","@id":"https:\/\/veredes.es\/blog\/#organization","name":"veredes, arquitectura y divulgaci\u00f3n","alternateName":"veredes","url":"https:\/\/veredes.es\/blog\/","logo":{"@type":"ImageObject","inLanguage":"es","@id":"https:\/\/veredes.es\/blog\/#\/schema\/logo\/image\/","url":"https:\/\/veredes.es\/blog\/wp-content\/uploads\/2021\/12\/veredes-logo-centrado_140x54.png","contentUrl":"https:\/\/veredes.es\/blog\/wp-content\/uploads\/2021\/12\/veredes-logo-centrado_140x54.png","width":140,"height":54,"caption":"veredes, arquitectura y divulgaci\u00f3n"},"image":{"@id":"https:\/\/veredes.es\/blog\/#\/schema\/logo\/image\/"},"sameAs":["https:\/\/www.facebook.com\/veredesArquitecturayDivulgacion\/","https:\/\/x.com\/veredes","https:\/\/instagram.com\/veredes\/","https:\/\/www.linkedin.com\/company\/veredes-arquitectura-y-divulgacion\/","https:\/\/es.pinterest.com\/veredes\/","https:\/\/www.tumblr.com\/veredes"]},{"@type":"Person","@id":"https:\/\/veredes.es\/blog\/#\/schema\/person\/c2e70e079f5cb4810ff9e002286ae4d4","name":"Landa Hern\u00e1ndez","image":{"@type":"ImageObject","inLanguage":"es","@id":"https:\/\/secure.gravatar.com\/avatar\/557e510e5576322e0c38a78a1bfab7d33982187ff66668704d6978d3f690ceb1?s=96&r=g","url":"https:\/\/secure.gravatar.com\/avatar\/557e510e5576322e0c38a78a1bfab7d33982187ff66668704d6978d3f690ceb1?s=96&r=g","contentUrl":"https:\/\/secure.gravatar.com\/avatar\/557e510e5576322e0c38a78a1bfab7d33982187ff66668704d6978d3f690ceb1?s=96&r=g","caption":"Landa Hern\u00e1ndez"},"description":"Soy arquitecto por la Universidad de Alicante, pero mi inter\u00e9s sobre esta disciplina se encuentra alejado de su papel tradicional de dise\u00f1o de espacios. M\u00e1s bien, me interesa entender c\u00f3mo las representaciones de la arquitectura, el paisaje, el dise\u00f1o o el territorio construyen y materializan determinados discursos ideol\u00f3gicos, imponiendo posturas, subjetividades y formas de acci\u00f3n sobre los cuerpos que la habitan. En mi trabajo edito estos discursos \u2013sus im\u00e1genes, sus historias o sus restos materiales\u2013 y reelaboro comentarios cr\u00edticos que ponen en evidencia sus controversias y contradicciones, formaliz\u00e1ndolos en diversos formatos como textos, fotograf\u00edas, v\u00eddeos, objetos o instalaciones, muchas veces entrecruzados entre s\u00ed. He publicado art\u00edculos y ensayos en diversos medios de Estados Unidos, Italia, Croacia, Espa\u00f1a, Chile y M\u00e9xico. Desde enero de 2013 resido en la Ciudad de M\u00e9xico donde trabajo como coordinador de contenidos en Arquine.","sameAs":["http:\/\/laperiferiadomestica.tumblr.com\/","https:\/\/www.facebook.com\/pehemar","https:\/\/www.instagram.com\/laperiferia\/","https:\/\/www.linkedin.com\/in\/pedrohm\/","https:\/\/x.com\/https:\/\/twitter.com\/laperiferia"],"url":"https:\/\/veredes.es\/blog\/author\/pedro-hernandez-martinez\/"}]}},"_links":{"self":[{"href":"https:\/\/veredes.es\/blog\/wp-json\/wp\/v2\/posts\/88276","targetHints":{"allow":["GET"]}}],"collection":[{"href":"https:\/\/veredes.es\/blog\/wp-json\/wp\/v2\/posts"}],"about":[{"href":"https:\/\/veredes.es\/blog\/wp-json\/wp\/v2\/types\/post"}],"author":[{"embeddable":true,"href":"https:\/\/veredes.es\/blog\/wp-json\/wp\/v2\/users\/36"}],"replies":[{"embeddable":true,"href":"https:\/\/veredes.es\/blog\/wp-json\/wp\/v2\/comments?post=88276"}],"version-history":[{"count":0,"href":"https:\/\/veredes.es\/blog\/wp-json\/wp\/v2\/posts\/88276\/revisions"}],"wp:featuredmedia":[{"embeddable":true,"href":"https:\/\/veredes.es\/blog\/wp-json\/wp\/v2\/media\/88281"}],"wp:attachment":[{"href":"https:\/\/veredes.es\/blog\/wp-json\/wp\/v2\/media?parent=88276"}],"wp:term":[{"taxonomy":"category","embeddable":true,"href":"https:\/\/veredes.es\/blog\/wp-json\/wp\/v2\/categories?post=88276"},{"taxonomy":"post_tag","embeddable":true,"href":"https:\/\/veredes.es\/blog\/wp-json\/wp\/v2\/tags?post=88276"}],"curies":[{"name":"wp","href":"https:\/\/api.w.org\/{rel}","templated":true}]}}