{"id":8824,"date":"2010-07-20T10:38:08","date_gmt":"2010-07-20T10:38:08","guid":{"rendered":"http:\/\/veredes.es\/blog\/?p=8824"},"modified":"2020-02-17T16:34:05","modified_gmt":"2020-02-17T15:34:05","slug":"rehabilitacion-y-ampliacion-del-pazo-o-castelo-ramon-vieitez-rodriguez","status":"publish","type":"post","link":"https:\/\/veredes.es\/blog\/rehabilitacion-y-ampliacion-del-pazo-o-castelo-ramon-vieitez-rodriguez\/","title":{"rendered":"Rehabilitaci\u00f3n y ampliaci\u00f3n del Pazo O Castelo  | Ram\u00f3n Vi\u00e9itez Rodr\u00edguez"},"content":{"rendered":"<p><\/p>\n<p style=\"text-align: justify;\">La construcci\u00f3n acepta la ruina preexistente y la hace parte de la misma, integr\u00e1ndola en un conjunto edificado complejo que quiere dar respuesta a todas las solicitaciones presentes en el encargo.<\/p>\n<p style=\"text-align: justify;\"><a href=\"http:\/\/veredes.es\/blog\/wp-content\/uploads\/2011\/01\/1-Imagensignificativa.jpg\"><img loading=\"lazy\" decoding=\"async\" class=\"alignnone  wp-image-8825\" title=\"1-Imagensignificativa\" src=\"https:\/\/veredes.es\/blog\/wp-content\/uploads\/2011\/01\/1-Imagensignificativa-200x300.jpg\" alt=\"\" width=\"621\" height=\"931\" srcset=\"https:\/\/veredes.es\/blog\/wp-content\/uploads\/2011\/01\/1-Imagensignificativa-200x300.jpg 200w, https:\/\/veredes.es\/blog\/wp-content\/uploads\/2011\/01\/1-Imagensignificativa.jpg 300w\" sizes=\"auto, (max-width: 621px) 100vw, 621px\" \/><\/a><\/p>\n<p style=\"text-align: justify;\">El encargo consisti\u00f3 en la rehabilitaci\u00f3n y ampliaci\u00f3n, para su uso como vivienda, del antiguo Pazo \u201cO Castelo\u201d, un peque\u00f1o rect\u00e1ngulo de mamposter\u00eda de 14,10&#215;6,6m., de origen neocl\u00e1sico, con el lado largo dispuesto en el eje este-oeste y que se encontraba en ruinas. La parcela se ubica en un valle con orientaci\u00f3n sur, delimitado y protegido de los vientos por el Castro de la Teixugueira y el Coto de Abade.<\/p>\n<p style=\"text-align: justify;\">La vivienda proyectada acepta la construcci\u00f3n en ruinas y la hace parte de la misma, integr\u00e1ndola en un conjunto edificado complejo que quiere dar respuesta a todas las solicitaciones presentes en el encargo.<\/p>\n<p style=\"text-align: justify;\">La volumetr\u00eda de la vivienda se sectoriza radicalmente, el antiguo Pazo se dedica a la zona de d\u00eda y se proyecta una ampliaci\u00f3n para la zona de noche. La ruina se \u201ctapa\u201d con un elemento ajeno y extra\u00f1o que se posa sobre ella y que quiere darle las condiciones de luminosidad y ventilaci\u00f3n adecuadas a los tiempos actuales. A trav\u00e9s del lucernario el sol calienta el muro norte de la ruina. El lucernario es tambi\u00e9n atalaya para disfrutar de las privilegiadas vistas sobre el valle.<\/p>\n<p style=\"text-align: justify;\">La ampliaci\u00f3n se disgrega por el lado oeste de la parcela, aportando intimidad al conjunto al limitar las vistas de los vecinos sobre el mismo. Escapando de geometr\u00edas rotundas se deshace en tres pabellones, cada uno con orientaci\u00f3n sur y con un pedazo de jard\u00edn delante.<\/p>\n<p style=\"text-align: justify;\">Existe una consciente voluntad de abstracci\u00f3n en la elecci\u00f3n de los materiales de los dos elementos que se aportan a la volumetr\u00eda preexistente, la cubierta de la ruina y la ampliaci\u00f3n que contendr\u00e1 la zona de noche, caracter\u00edstica que permitir\u00e1 leer con claridad las distintas edades del conjunto.<\/p>\n<p style=\"text-align: justify;\">El aluminio de la fachada aportar\u00e1, con sus reflejos, una percepci\u00f3n variable del objeto. El zinc se adaptar\u00e1 a la geometr\u00eda posada en la ruina y ganar\u00e1, invierno a invierno, la dignidad que requiere la cubierta de un Pazo.<\/p>\n<div id='gallery-1' class='gallery galleryid-8824 gallery-columns-4 gallery-size-thumbnail'><figure class='gallery-item'>\n\t\t\t<div class='gallery-icon portrait'>\n\t\t\t\t<a href='https:\/\/veredes.es\/blog\/wp-content\/uploads\/2011\/01\/1-Imagensignificativa.jpg'><img loading=\"lazy\" decoding=\"async\" width=\"120\" height=\"120\" src=\"https:\/\/veredes.es\/blog\/wp-content\/uploads\/2011\/01\/1-Imagensignificativa-150x150.jpg\" class=\"attachment-thumbnail size-thumbnail\" alt=\"\" srcset=\"https:\/\/veredes.es\/blog\/wp-content\/uploads\/2011\/01\/1-Imagensignificativa-150x150.jpg 150w, https:\/\/veredes.es\/blog\/wp-content\/uploads\/2011\/01\/1-Imagensignificativa-120x120.jpg 120w\" sizes=\"auto, (max-width: 120px) 100vw, 120px\" \/><\/a>\n\t\t\t<\/div><\/figure><figure class='gallery-item'>\n\t\t\t<div class='gallery-icon portrait'>\n\t\t\t\t<a href='https:\/\/veredes.es\/blog\/wp-content\/uploads\/2011\/01\/2.jpg'><img loading=\"lazy\" decoding=\"async\" width=\"120\" height=\"120\" src=\"https:\/\/veredes.es\/blog\/wp-content\/uploads\/2011\/01\/2-150x150.jpg\" class=\"attachment-thumbnail size-thumbnail\" alt=\"\" srcset=\"https:\/\/veredes.es\/blog\/wp-content\/uploads\/2011\/01\/2-150x150.jpg 150w, https:\/\/veredes.es\/blog\/wp-content\/uploads\/2011\/01\/2-120x120.jpg 120w\" sizes=\"auto, (max-width: 120px) 100vw, 120px\" \/><\/a>\n\t\t\t<\/div><\/figure><figure class='gallery-item'>\n\t\t\t<div class='gallery-icon landscape'>\n\t\t\t\t<a href='https:\/\/veredes.es\/blog\/wp-content\/uploads\/2011\/01\/3.jpg'><img loading=\"lazy\" decoding=\"async\" width=\"120\" height=\"120\" src=\"https:\/\/veredes.es\/blog\/wp-content\/uploads\/2011\/01\/3-150x150.jpg\" class=\"attachment-thumbnail size-thumbnail\" alt=\"\" srcset=\"https:\/\/veredes.es\/blog\/wp-content\/uploads\/2011\/01\/3-150x150.jpg 150w, https:\/\/veredes.es\/blog\/wp-content\/uploads\/2011\/01\/3-120x120.jpg 120w\" sizes=\"auto, (max-width: 120px) 100vw, 120px\" \/><\/a>\n\t\t\t<\/div><\/figure><figure class='gallery-item'>\n\t\t\t<div class='gallery-icon portrait'>\n\t\t\t\t<a href='https:\/\/veredes.es\/blog\/wp-content\/uploads\/2011\/01\/4.jpg'><img loading=\"lazy\" decoding=\"async\" width=\"120\" height=\"120\" src=\"https:\/\/veredes.es\/blog\/wp-content\/uploads\/2011\/01\/4-150x150.jpg\" class=\"attachment-thumbnail size-thumbnail\" alt=\"\" srcset=\"https:\/\/veredes.es\/blog\/wp-content\/uploads\/2011\/01\/4-150x150.jpg 150w, https:\/\/veredes.es\/blog\/wp-content\/uploads\/2011\/01\/4-120x120.jpg 120w\" sizes=\"auto, (max-width: 120px) 100vw, 120px\" \/><\/a>\n\t\t\t<\/div><\/figure><figure class='gallery-item'>\n\t\t\t<div class='gallery-icon portrait'>\n\t\t\t\t<a href='https:\/\/veredes.es\/blog\/wp-content\/uploads\/2011\/01\/5.jpg'><img loading=\"lazy\" decoding=\"async\" width=\"120\" height=\"120\" src=\"https:\/\/veredes.es\/blog\/wp-content\/uploads\/2011\/01\/5-150x150.jpg\" class=\"attachment-thumbnail size-thumbnail\" alt=\"\" srcset=\"https:\/\/veredes.es\/blog\/wp-content\/uploads\/2011\/01\/5-150x150.jpg 150w, https:\/\/veredes.es\/blog\/wp-content\/uploads\/2011\/01\/5-120x120.jpg 120w\" sizes=\"auto, (max-width: 120px) 100vw, 120px\" \/><\/a>\n\t\t\t<\/div><\/figure><figure class='gallery-item'>\n\t\t\t<div class='gallery-icon landscape'>\n\t\t\t\t<a href='https:\/\/veredes.es\/blog\/wp-content\/uploads\/2011\/01\/6.jpg'><img loading=\"lazy\" decoding=\"async\" width=\"120\" height=\"120\" src=\"https:\/\/veredes.es\/blog\/wp-content\/uploads\/2011\/01\/6-150x150.jpg\" class=\"attachment-thumbnail size-thumbnail\" alt=\"\" srcset=\"https:\/\/veredes.es\/blog\/wp-content\/uploads\/2011\/01\/6-150x150.jpg 150w, https:\/\/veredes.es\/blog\/wp-content\/uploads\/2011\/01\/6-120x120.jpg 120w\" sizes=\"auto, (max-width: 120px) 100vw, 120px\" \/><\/a>\n\t\t\t<\/div><\/figure><figure class='gallery-item'>\n\t\t\t<div class='gallery-icon landscape'>\n\t\t\t\t<a href='https:\/\/veredes.es\/blog\/wp-content\/uploads\/2011\/01\/7.jpg'><img loading=\"lazy\" decoding=\"async\" width=\"120\" height=\"120\" src=\"https:\/\/veredes.es\/blog\/wp-content\/uploads\/2011\/01\/7-150x150.jpg\" class=\"attachment-thumbnail size-thumbnail\" alt=\"\" srcset=\"https:\/\/veredes.es\/blog\/wp-content\/uploads\/2011\/01\/7-150x150.jpg 150w, https:\/\/veredes.es\/blog\/wp-content\/uploads\/2011\/01\/7-120x120.jpg 120w\" sizes=\"auto, (max-width: 120px) 100vw, 120px\" \/><\/a>\n\t\t\t<\/div><\/figure><figure class='gallery-item'>\n\t\t\t<div class='gallery-icon portrait'>\n\t\t\t\t<a href='https:\/\/veredes.es\/blog\/wp-content\/uploads\/2011\/01\/8-plantabaja.jpg'><img loading=\"lazy\" decoding=\"async\" width=\"120\" height=\"120\" src=\"https:\/\/veredes.es\/blog\/wp-content\/uploads\/2011\/01\/8-plantabaja-150x150.jpg\" class=\"attachment-thumbnail size-thumbnail\" alt=\"\" srcset=\"https:\/\/veredes.es\/blog\/wp-content\/uploads\/2011\/01\/8-plantabaja-150x150.jpg 150w, https:\/\/veredes.es\/blog\/wp-content\/uploads\/2011\/01\/8-plantabaja-120x120.jpg 120w\" sizes=\"auto, (max-width: 120px) 100vw, 120px\" \/><\/a>\n\t\t\t<\/div><\/figure><figure class='gallery-item'>\n\t\t\t<div class='gallery-icon portrait'>\n\t\t\t\t<a href='https:\/\/veredes.es\/blog\/wp-content\/uploads\/2011\/01\/9-plantaprimera.jpg'><img loading=\"lazy\" decoding=\"async\" width=\"120\" height=\"120\" src=\"https:\/\/veredes.es\/blog\/wp-content\/uploads\/2011\/01\/9-plantaprimera-150x150.jpg\" class=\"attachment-thumbnail size-thumbnail\" alt=\"\" srcset=\"https:\/\/veredes.es\/blog\/wp-content\/uploads\/2011\/01\/9-plantaprimera-150x150.jpg 150w, https:\/\/veredes.es\/blog\/wp-content\/uploads\/2011\/01\/9-plantaprimera-120x120.jpg 120w\" sizes=\"auto, (max-width: 120px) 100vw, 120px\" \/><\/a>\n\t\t\t<\/div><\/figure><figure class='gallery-item'>\n\t\t\t<div class='gallery-icon landscape'>\n\t\t\t\t<a href='https:\/\/veredes.es\/blog\/wp-content\/uploads\/2011\/01\/10-secci\u00f3n.jpg'><img loading=\"lazy\" decoding=\"async\" width=\"120\" height=\"120\" src=\"https:\/\/veredes.es\/blog\/wp-content\/uploads\/2011\/01\/10-secci\u00f3n-150x150.jpg\" class=\"attachment-thumbnail size-thumbnail\" alt=\"\" srcset=\"https:\/\/veredes.es\/blog\/wp-content\/uploads\/2011\/01\/10-secci\u00f3n-150x150.jpg 150w, https:\/\/veredes.es\/blog\/wp-content\/uploads\/2011\/01\/10-secci\u00f3n-120x120.jpg 120w\" sizes=\"auto, (max-width: 120px) 100vw, 120px\" \/><\/a>\n\t\t\t<\/div><\/figure>\n\t\t<\/div>\n\n<p style=\"text-align: justify;\">Obra: Rehabilitaci\u00f3n y ampliaci\u00f3n del Pazo \u201cO Castelo\u201d (en construcci\u00f3n)<br \/>\nArquitecto: Ram\u00f3n Vi\u00e9itez Rodr\u00edguez<br \/>\nColaboradora: Iria Rivas Ferreira<br \/>\nAparejador: Avelino Ribera Parente<br \/>\nPromotor: Carmen Ferreira Marino<br \/>\nConstructor: Chamorro Albores S.L.<br \/>\nSituaci\u00f3n: Cha\u00edn, Gondomar<br \/>\nA\u00f1o:2009<br \/>\nFotografia: Autores<br \/>\n<span style=\"color: #888888;\">+ www.ramonvieitezrodriguez .com<\/span><\/p>\n<p><\/p>","protected":false},"excerpt":{"rendered":"<p>La construcci\u00f3n acepta la ruina preexistente y la hace parte de la misma, integr\u00e1ndola en un conjunto edificado complejo que quiere dar respuesta a todas las solicitaciones presentes en el encargo. El encargo consisti\u00f3 en la rehabilitaci\u00f3n y ampliaci\u00f3n, para su uso como vivienda, del antiguo Pazo \u201cO Castelo\u201d, un peque\u00f1o rect\u00e1ngulo de mamposter\u00eda de [&hellip;]<\/p>\n","protected":false},"author":2,"featured_media":8825,"comment_status":"open","ping_status":"closed","sticky":false,"template":"","format":"standard","meta":{"footnotes":""},"categories":[34,23,59],"tags":[106,5865,521,1787,619,4131,4130,12464,12455],"class_list":{"0":"post-8824","1":"post","2":"type-post","3":"status-publish","4":"format-standard","5":"has-post-thumbnail","7":"category-arquitectura","8":"category-obras","9":"category-vivienda-unifamiliar","10":"tag-ampliacion","12":"tag-espana","13":"tag-europa","14":"tag-galicia","15":"tag-iria-rivas-ferreira","16":"tag-ramon-vieitez-rodriguez","17":"tag-rehabilitacion","18":"tag-vivienda-unifamiliar"},"yoast_head":"<!-- This site is optimized with the Yoast SEO plugin v27.5 - https:\/\/yoast.com\/product\/yoast-seo-wordpress\/ -->\n<title>Rehabilitaci\u00f3n y ampliaci\u00f3n del Pazo O Castelo | Ram\u00f3n Vi\u00e9itez Rodr\u00edguez<\/title>\n<meta name=\"description\" content=\"Rehabilitaci\u00f3n y ampliaci\u00f3n del Pazo O Castelo\" \/>\n<meta name=\"robots\" content=\"index, follow, max-snippet:-1, max-image-preview:large, max-video-preview:-1\" \/>\n<link rel=\"canonical\" href=\"https:\/\/veredes.es\/blog\/rehabilitacion-y-ampliacion-del-pazo-o-castelo-ramon-vieitez-rodriguez\/\" \/>\n<meta property=\"og:locale\" content=\"es_ES\" \/>\n<meta property=\"og:type\" content=\"article\" \/>\n<meta property=\"og:title\" content=\"Rehabilitaci\u00f3n y ampliaci\u00f3n del Pazo O Castelo | Ram\u00f3n Vi\u00e9itez Rodr\u00edguez\" \/>\n<meta property=\"og:description\" content=\"Rehabilitaci\u00f3n y ampliaci\u00f3n del Pazo O Castelo\" \/>\n<meta property=\"og:url\" content=\"https:\/\/veredes.es\/blog\/rehabilitacion-y-ampliacion-del-pazo-o-castelo-ramon-vieitez-rodriguez\/\" \/>\n<meta property=\"og:site_name\" content=\"veredes, arquitectura y divulgaci\u00f3n\" \/>\n<meta property=\"article:publisher\" content=\"https:\/\/www.facebook.com\/veredesArquitecturayDivulgacion\/\" \/>\n<meta property=\"article:author\" content=\"https:\/\/www.facebook.com\/veredesArquitecturayDivulgacion\/\" \/>\n<meta property=\"article:published_time\" content=\"2010-07-20T10:38:08+00:00\" \/>\n<meta property=\"article:modified_time\" content=\"2020-02-17T15:34:05+00:00\" \/>\n<meta property=\"og:image\" content=\"https:\/\/veredes.es\/blog\/wp-content\/uploads\/2011\/01\/1-Imagensignificativa.jpg\" \/>\n\t<meta property=\"og:image:width\" content=\"300\" \/>\n\t<meta property=\"og:image:height\" content=\"450\" \/>\n\t<meta property=\"og:image:type\" content=\"image\/jpeg\" \/>\n<meta name=\"author\" content=\"veredes\" \/>\n<meta name=\"twitter:card\" content=\"summary_large_image\" \/>\n<meta name=\"twitter:creator\" content=\"@https:\/\/twitter.com\/veredes\" \/>\n<meta name=\"twitter:site\" content=\"@veredes\" \/>\n<meta name=\"twitter:label1\" content=\"Escrito por\" \/>\n\t<meta name=\"twitter:data1\" content=\"veredes\" \/>\n\t<meta name=\"twitter:label2\" content=\"Tiempo de lectura\" \/>\n\t<meta name=\"twitter:data2\" content=\"6 minutos\" \/>\n<script type=\"application\/ld+json\" class=\"yoast-schema-graph\">{\"@context\":\"https:\\\/\\\/schema.org\",\"@graph\":[{\"@type\":\"Article\",\"@id\":\"https:\\\/\\\/veredes.es\\\/blog\\\/rehabilitacion-y-ampliacion-del-pazo-o-castelo-ramon-vieitez-rodriguez\\\/#article\",\"isPartOf\":{\"@id\":\"https:\\\/\\\/veredes.es\\\/blog\\\/rehabilitacion-y-ampliacion-del-pazo-o-castelo-ramon-vieitez-rodriguez\\\/\"},\"author\":{\"name\":\"veredes\",\"@id\":\"https:\\\/\\\/veredes.es\\\/blog\\\/#\\\/schema\\\/person\\\/0bbb669073ef7faba5168a0844e93d2c\"},\"headline\":\"Rehabilitaci\u00f3n y ampliaci\u00f3n del Pazo O Castelo | Ram\u00f3n Vi\u00e9itez Rodr\u00edguez\",\"datePublished\":\"2010-07-20T10:38:08+00:00\",\"dateModified\":\"2020-02-17T15:34:05+00:00\",\"mainEntityOfPage\":{\"@id\":\"https:\\\/\\\/veredes.es\\\/blog\\\/rehabilitacion-y-ampliacion-del-pazo-o-castelo-ramon-vieitez-rodriguez\\\/\"},\"wordCount\":1297,\"commentCount\":3,\"publisher\":{\"@id\":\"https:\\\/\\\/veredes.es\\\/blog\\\/#organization\"},\"image\":{\"@id\":\"https:\\\/\\\/veredes.es\\\/blog\\\/rehabilitacion-y-ampliacion-del-pazo-o-castelo-ramon-vieitez-rodriguez\\\/#primaryimage\"},\"thumbnailUrl\":\"https:\\\/\\\/veredes.es\\\/blog\\\/wp-content\\\/uploads\\\/2011\\\/01\\\/1-Imagensignificativa.jpg\",\"keywords\":[\"ampliaci\u00f3n\",\"arquitectura gallega\",\"Espa\u00f1a\",\"Europa\",\"Galicia\",\"iria rivas ferreira\",\"ram\u00f3n vi\u00e9itez rodr\u00edguez\",\"rehabilitaci\u00f3n\",\"vivienda unifamiliar\"],\"articleSection\":[\"arquitectura\",\"obras\",\"vivienda unifamiliar\"],\"inLanguage\":\"es\",\"potentialAction\":[{\"@type\":\"CommentAction\",\"name\":\"Comment\",\"target\":[\"https:\\\/\\\/veredes.es\\\/blog\\\/rehabilitacion-y-ampliacion-del-pazo-o-castelo-ramon-vieitez-rodriguez\\\/#respond\"]}]},{\"@type\":\"WebPage\",\"@id\":\"https:\\\/\\\/veredes.es\\\/blog\\\/rehabilitacion-y-ampliacion-del-pazo-o-castelo-ramon-vieitez-rodriguez\\\/\",\"url\":\"https:\\\/\\\/veredes.es\\\/blog\\\/rehabilitacion-y-ampliacion-del-pazo-o-castelo-ramon-vieitez-rodriguez\\\/\",\"name\":\"Rehabilitaci\u00f3n y ampliaci\u00f3n del Pazo O Castelo | Ram\u00f3n Vi\u00e9itez Rodr\u00edguez\",\"isPartOf\":{\"@id\":\"https:\\\/\\\/veredes.es\\\/blog\\\/#website\"},\"primaryImageOfPage\":{\"@id\":\"https:\\\/\\\/veredes.es\\\/blog\\\/rehabilitacion-y-ampliacion-del-pazo-o-castelo-ramon-vieitez-rodriguez\\\/#primaryimage\"},\"image\":{\"@id\":\"https:\\\/\\\/veredes.es\\\/blog\\\/rehabilitacion-y-ampliacion-del-pazo-o-castelo-ramon-vieitez-rodriguez\\\/#primaryimage\"},\"thumbnailUrl\":\"https:\\\/\\\/veredes.es\\\/blog\\\/wp-content\\\/uploads\\\/2011\\\/01\\\/1-Imagensignificativa.jpg\",\"datePublished\":\"2010-07-20T10:38:08+00:00\",\"dateModified\":\"2020-02-17T15:34:05+00:00\",\"description\":\"Rehabilitaci\u00f3n y ampliaci\u00f3n del Pazo O Castelo\",\"breadcrumb\":{\"@id\":\"https:\\\/\\\/veredes.es\\\/blog\\\/rehabilitacion-y-ampliacion-del-pazo-o-castelo-ramon-vieitez-rodriguez\\\/#breadcrumb\"},\"inLanguage\":\"es\",\"potentialAction\":[{\"@type\":\"ReadAction\",\"target\":[\"https:\\\/\\\/veredes.es\\\/blog\\\/rehabilitacion-y-ampliacion-del-pazo-o-castelo-ramon-vieitez-rodriguez\\\/\"]}]},{\"@type\":\"ImageObject\",\"inLanguage\":\"es\",\"@id\":\"https:\\\/\\\/veredes.es\\\/blog\\\/rehabilitacion-y-ampliacion-del-pazo-o-castelo-ramon-vieitez-rodriguez\\\/#primaryimage\",\"url\":\"https:\\\/\\\/veredes.es\\\/blog\\\/wp-content\\\/uploads\\\/2011\\\/01\\\/1-Imagensignificativa.jpg\",\"contentUrl\":\"https:\\\/\\\/veredes.es\\\/blog\\\/wp-content\\\/uploads\\\/2011\\\/01\\\/1-Imagensignificativa.jpg\",\"width\":\"300\",\"height\":\"450\"},{\"@type\":\"BreadcrumbList\",\"@id\":\"https:\\\/\\\/veredes.es\\\/blog\\\/rehabilitacion-y-ampliacion-del-pazo-o-castelo-ramon-vieitez-rodriguez\\\/#breadcrumb\",\"itemListElement\":[{\"@type\":\"ListItem\",\"position\":1,\"name\":\"Portada\",\"item\":\"https:\\\/\\\/veredes.es\\\/blog\\\/\"},{\"@type\":\"ListItem\",\"position\":2,\"name\":\"Rehabilitaci\u00f3n y ampliaci\u00f3n del Pazo O Castelo | Ram\u00f3n Vi\u00e9itez Rodr\u00edguez\"}]},{\"@type\":\"WebSite\",\"@id\":\"https:\\\/\\\/veredes.es\\\/blog\\\/#website\",\"url\":\"https:\\\/\\\/veredes.es\\\/blog\\\/\",\"name\":\"veredes, arquitectura y divulgaci\u00f3n\",\"description\":\"veredes\",\"publisher\":{\"@id\":\"https:\\\/\\\/veredes.es\\\/blog\\\/#organization\"},\"alternateName\":\"veredes\",\"potentialAction\":[{\"@type\":\"SearchAction\",\"target\":{\"@type\":\"EntryPoint\",\"urlTemplate\":\"https:\\\/\\\/veredes.es\\\/blog\\\/?s={search_term_string}\"},\"query-input\":{\"@type\":\"PropertyValueSpecification\",\"valueRequired\":true,\"valueName\":\"search_term_string\"}}],\"inLanguage\":\"es\"},{\"@type\":\"Organization\",\"@id\":\"https:\\\/\\\/veredes.es\\\/blog\\\/#organization\",\"name\":\"veredes, arquitectura y divulgaci\u00f3n\",\"alternateName\":\"veredes\",\"url\":\"https:\\\/\\\/veredes.es\\\/blog\\\/\",\"logo\":{\"@type\":\"ImageObject\",\"inLanguage\":\"es\",\"@id\":\"https:\\\/\\\/veredes.es\\\/blog\\\/#\\\/schema\\\/logo\\\/image\\\/\",\"url\":\"https:\\\/\\\/veredes.es\\\/blog\\\/wp-content\\\/uploads\\\/2021\\\/12\\\/veredes-logo-centrado_140x54.png\",\"contentUrl\":\"https:\\\/\\\/veredes.es\\\/blog\\\/wp-content\\\/uploads\\\/2021\\\/12\\\/veredes-logo-centrado_140x54.png\",\"width\":140,\"height\":54,\"caption\":\"veredes, arquitectura y divulgaci\u00f3n\"},\"image\":{\"@id\":\"https:\\\/\\\/veredes.es\\\/blog\\\/#\\\/schema\\\/logo\\\/image\\\/\"},\"sameAs\":[\"https:\\\/\\\/www.facebook.com\\\/veredesArquitecturayDivulgacion\\\/\",\"https:\\\/\\\/x.com\\\/veredes\",\"https:\\\/\\\/instagram.com\\\/veredes\\\/\",\"https:\\\/\\\/www.linkedin.com\\\/company\\\/veredes-arquitectura-y-divulgacion\\\/\",\"https:\\\/\\\/es.pinterest.com\\\/veredes\\\/\",\"https:\\\/\\\/www.tumblr.com\\\/veredes\"]},{\"@type\":\"Person\",\"@id\":\"https:\\\/\\\/veredes.es\\\/blog\\\/#\\\/schema\\\/person\\\/0bbb669073ef7faba5168a0844e93d2c\",\"name\":\"veredes\",\"image\":{\"@type\":\"ImageObject\",\"inLanguage\":\"es\",\"@id\":\"https:\\\/\\\/veredes.es\\\/blog\\\/wp-content\\\/uploads\\\/2018\\\/04\\\/face-96x96.jpg\",\"url\":\"https:\\\/\\\/veredes.es\\\/blog\\\/wp-content\\\/uploads\\\/2018\\\/04\\\/face-96x96.jpg\",\"contentUrl\":\"https:\\\/\\\/veredes.es\\\/blog\\\/wp-content\\\/uploads\\\/2018\\\/04\\\/face-96x96.jpg\",\"caption\":\"veredes\"},\"description\":\"Surge enero de 2009 como b\u00fasqueda de satisfacer el conocimiento de la actividad arquitect\u00f3nica y tangentes que se generan. La idea es crear un espacio para divulgar los diversos proyectos en busca de nueva inspiraci\u00f3n y de intercambio.\",\"sameAs\":[\"https:\\\/\\\/veredes.es\\\/\",\"https:\\\/\\\/www.facebook.com\\\/veredesArquitecturayDivulgacion\\\/\",\"https:\\\/\\\/www.instagram.com\\\/veredes\\\/\",\"https:\\\/\\\/www.linkedin.com\\\/company\\\/veredes-arquitectura-y-divulgacion\\\/\",\"https:\\\/\\\/www.pinterest.es\\\/veredes\\\/\",\"https:\\\/\\\/x.com\\\/https:\\\/\\\/twitter.com\\\/veredes\",\"https:\\\/\\\/veredes.tumblr.com\\\/\"],\"url\":\"https:\\\/\\\/veredes.es\\\/blog\\\/author\\\/alberto\\\/\"}]}<\/script>\n<!-- \/ Yoast SEO plugin. -->","yoast_head_json":{"title":"Rehabilitaci\u00f3n y ampliaci\u00f3n del Pazo O Castelo | Ram\u00f3n Vi\u00e9itez Rodr\u00edguez","description":"Rehabilitaci\u00f3n y ampliaci\u00f3n del Pazo O Castelo","robots":{"index":"index","follow":"follow","max-snippet":"max-snippet:-1","max-image-preview":"max-image-preview:large","max-video-preview":"max-video-preview:-1"},"canonical":"https:\/\/veredes.es\/blog\/rehabilitacion-y-ampliacion-del-pazo-o-castelo-ramon-vieitez-rodriguez\/","og_locale":"es_ES","og_type":"article","og_title":"Rehabilitaci\u00f3n y ampliaci\u00f3n del Pazo O Castelo | Ram\u00f3n Vi\u00e9itez Rodr\u00edguez","og_description":"Rehabilitaci\u00f3n y ampliaci\u00f3n del Pazo O Castelo","og_url":"https:\/\/veredes.es\/blog\/rehabilitacion-y-ampliacion-del-pazo-o-castelo-ramon-vieitez-rodriguez\/","og_site_name":"veredes, arquitectura y divulgaci\u00f3n","article_publisher":"https:\/\/www.facebook.com\/veredesArquitecturayDivulgacion\/","article_author":"https:\/\/www.facebook.com\/veredesArquitecturayDivulgacion\/","article_published_time":"2010-07-20T10:38:08+00:00","article_modified_time":"2020-02-17T15:34:05+00:00","og_image":[{"width":300,"height":450,"url":"https:\/\/veredes.es\/blog\/wp-content\/uploads\/2011\/01\/1-Imagensignificativa.jpg","type":"image\/jpeg"}],"author":"veredes","twitter_card":"summary_large_image","twitter_creator":"@https:\/\/twitter.com\/veredes","twitter_site":"@veredes","twitter_misc":{"Escrito por":"veredes","Tiempo de lectura":"6 minutos"},"schema":{"@context":"https:\/\/schema.org","@graph":[{"@type":"Article","@id":"https:\/\/veredes.es\/blog\/rehabilitacion-y-ampliacion-del-pazo-o-castelo-ramon-vieitez-rodriguez\/#article","isPartOf":{"@id":"https:\/\/veredes.es\/blog\/rehabilitacion-y-ampliacion-del-pazo-o-castelo-ramon-vieitez-rodriguez\/"},"author":{"name":"veredes","@id":"https:\/\/veredes.es\/blog\/#\/schema\/person\/0bbb669073ef7faba5168a0844e93d2c"},"headline":"Rehabilitaci\u00f3n y ampliaci\u00f3n del Pazo O Castelo | Ram\u00f3n Vi\u00e9itez Rodr\u00edguez","datePublished":"2010-07-20T10:38:08+00:00","dateModified":"2020-02-17T15:34:05+00:00","mainEntityOfPage":{"@id":"https:\/\/veredes.es\/blog\/rehabilitacion-y-ampliacion-del-pazo-o-castelo-ramon-vieitez-rodriguez\/"},"wordCount":1297,"commentCount":3,"publisher":{"@id":"https:\/\/veredes.es\/blog\/#organization"},"image":{"@id":"https:\/\/veredes.es\/blog\/rehabilitacion-y-ampliacion-del-pazo-o-castelo-ramon-vieitez-rodriguez\/#primaryimage"},"thumbnailUrl":"https:\/\/veredes.es\/blog\/wp-content\/uploads\/2011\/01\/1-Imagensignificativa.jpg","keywords":["ampliaci\u00f3n","arquitectura gallega","Espa\u00f1a","Europa","Galicia","iria rivas ferreira","ram\u00f3n vi\u00e9itez rodr\u00edguez","rehabilitaci\u00f3n","vivienda unifamiliar"],"articleSection":["arquitectura","obras","vivienda unifamiliar"],"inLanguage":"es","potentialAction":[{"@type":"CommentAction","name":"Comment","target":["https:\/\/veredes.es\/blog\/rehabilitacion-y-ampliacion-del-pazo-o-castelo-ramon-vieitez-rodriguez\/#respond"]}]},{"@type":"WebPage","@id":"https:\/\/veredes.es\/blog\/rehabilitacion-y-ampliacion-del-pazo-o-castelo-ramon-vieitez-rodriguez\/","url":"https:\/\/veredes.es\/blog\/rehabilitacion-y-ampliacion-del-pazo-o-castelo-ramon-vieitez-rodriguez\/","name":"Rehabilitaci\u00f3n y ampliaci\u00f3n del Pazo O Castelo | Ram\u00f3n Vi\u00e9itez Rodr\u00edguez","isPartOf":{"@id":"https:\/\/veredes.es\/blog\/#website"},"primaryImageOfPage":{"@id":"https:\/\/veredes.es\/blog\/rehabilitacion-y-ampliacion-del-pazo-o-castelo-ramon-vieitez-rodriguez\/#primaryimage"},"image":{"@id":"https:\/\/veredes.es\/blog\/rehabilitacion-y-ampliacion-del-pazo-o-castelo-ramon-vieitez-rodriguez\/#primaryimage"},"thumbnailUrl":"https:\/\/veredes.es\/blog\/wp-content\/uploads\/2011\/01\/1-Imagensignificativa.jpg","datePublished":"2010-07-20T10:38:08+00:00","dateModified":"2020-02-17T15:34:05+00:00","description":"Rehabilitaci\u00f3n y ampliaci\u00f3n del Pazo O Castelo","breadcrumb":{"@id":"https:\/\/veredes.es\/blog\/rehabilitacion-y-ampliacion-del-pazo-o-castelo-ramon-vieitez-rodriguez\/#breadcrumb"},"inLanguage":"es","potentialAction":[{"@type":"ReadAction","target":["https:\/\/veredes.es\/blog\/rehabilitacion-y-ampliacion-del-pazo-o-castelo-ramon-vieitez-rodriguez\/"]}]},{"@type":"ImageObject","inLanguage":"es","@id":"https:\/\/veredes.es\/blog\/rehabilitacion-y-ampliacion-del-pazo-o-castelo-ramon-vieitez-rodriguez\/#primaryimage","url":"https:\/\/veredes.es\/blog\/wp-content\/uploads\/2011\/01\/1-Imagensignificativa.jpg","contentUrl":"https:\/\/veredes.es\/blog\/wp-content\/uploads\/2011\/01\/1-Imagensignificativa.jpg","width":"300","height":"450"},{"@type":"BreadcrumbList","@id":"https:\/\/veredes.es\/blog\/rehabilitacion-y-ampliacion-del-pazo-o-castelo-ramon-vieitez-rodriguez\/#breadcrumb","itemListElement":[{"@type":"ListItem","position":1,"name":"Portada","item":"https:\/\/veredes.es\/blog\/"},{"@type":"ListItem","position":2,"name":"Rehabilitaci\u00f3n y ampliaci\u00f3n del Pazo O Castelo | Ram\u00f3n Vi\u00e9itez Rodr\u00edguez"}]},{"@type":"WebSite","@id":"https:\/\/veredes.es\/blog\/#website","url":"https:\/\/veredes.es\/blog\/","name":"veredes, arquitectura y divulgaci\u00f3n","description":"veredes","publisher":{"@id":"https:\/\/veredes.es\/blog\/#organization"},"alternateName":"veredes","potentialAction":[{"@type":"SearchAction","target":{"@type":"EntryPoint","urlTemplate":"https:\/\/veredes.es\/blog\/?s={search_term_string}"},"query-input":{"@type":"PropertyValueSpecification","valueRequired":true,"valueName":"search_term_string"}}],"inLanguage":"es"},{"@type":"Organization","@id":"https:\/\/veredes.es\/blog\/#organization","name":"veredes, arquitectura y divulgaci\u00f3n","alternateName":"veredes","url":"https:\/\/veredes.es\/blog\/","logo":{"@type":"ImageObject","inLanguage":"es","@id":"https:\/\/veredes.es\/blog\/#\/schema\/logo\/image\/","url":"https:\/\/veredes.es\/blog\/wp-content\/uploads\/2021\/12\/veredes-logo-centrado_140x54.png","contentUrl":"https:\/\/veredes.es\/blog\/wp-content\/uploads\/2021\/12\/veredes-logo-centrado_140x54.png","width":140,"height":54,"caption":"veredes, arquitectura y divulgaci\u00f3n"},"image":{"@id":"https:\/\/veredes.es\/blog\/#\/schema\/logo\/image\/"},"sameAs":["https:\/\/www.facebook.com\/veredesArquitecturayDivulgacion\/","https:\/\/x.com\/veredes","https:\/\/instagram.com\/veredes\/","https:\/\/www.linkedin.com\/company\/veredes-arquitectura-y-divulgacion\/","https:\/\/es.pinterest.com\/veredes\/","https:\/\/www.tumblr.com\/veredes"]},{"@type":"Person","@id":"https:\/\/veredes.es\/blog\/#\/schema\/person\/0bbb669073ef7faba5168a0844e93d2c","name":"veredes","image":{"@type":"ImageObject","inLanguage":"es","@id":"https:\/\/veredes.es\/blog\/wp-content\/uploads\/2018\/04\/face-96x96.jpg","url":"https:\/\/veredes.es\/blog\/wp-content\/uploads\/2018\/04\/face-96x96.jpg","contentUrl":"https:\/\/veredes.es\/blog\/wp-content\/uploads\/2018\/04\/face-96x96.jpg","caption":"veredes"},"description":"Surge enero de 2009 como b\u00fasqueda de satisfacer el conocimiento de la actividad arquitect\u00f3nica y tangentes que se generan. La idea es crear un espacio para divulgar los diversos proyectos en busca de nueva inspiraci\u00f3n y de intercambio.","sameAs":["https:\/\/veredes.es\/","https:\/\/www.facebook.com\/veredesArquitecturayDivulgacion\/","https:\/\/www.instagram.com\/veredes\/","https:\/\/www.linkedin.com\/company\/veredes-arquitectura-y-divulgacion\/","https:\/\/www.pinterest.es\/veredes\/","https:\/\/x.com\/https:\/\/twitter.com\/veredes","https:\/\/veredes.tumblr.com\/"],"url":"https:\/\/veredes.es\/blog\/author\/alberto\/"}]}},"_links":{"self":[{"href":"https:\/\/veredes.es\/blog\/wp-json\/wp\/v2\/posts\/8824","targetHints":{"allow":["GET"]}}],"collection":[{"href":"https:\/\/veredes.es\/blog\/wp-json\/wp\/v2\/posts"}],"about":[{"href":"https:\/\/veredes.es\/blog\/wp-json\/wp\/v2\/types\/post"}],"author":[{"embeddable":true,"href":"https:\/\/veredes.es\/blog\/wp-json\/wp\/v2\/users\/2"}],"replies":[{"embeddable":true,"href":"https:\/\/veredes.es\/blog\/wp-json\/wp\/v2\/comments?post=8824"}],"version-history":[{"count":0,"href":"https:\/\/veredes.es\/blog\/wp-json\/wp\/v2\/posts\/8824\/revisions"}],"wp:featuredmedia":[{"embeddable":true,"href":"https:\/\/veredes.es\/blog\/wp-json\/wp\/v2\/media\/8825"}],"wp:attachment":[{"href":"https:\/\/veredes.es\/blog\/wp-json\/wp\/v2\/media?parent=8824"}],"wp:term":[{"taxonomy":"category","embeddable":true,"href":"https:\/\/veredes.es\/blog\/wp-json\/wp\/v2\/categories?post=8824"},{"taxonomy":"post_tag","embeddable":true,"href":"https:\/\/veredes.es\/blog\/wp-json\/wp\/v2\/tags?post=8824"}],"curies":[{"name":"wp","href":"https:\/\/api.w.org\/{rel}","templated":true}]}}