{"id":87454,"date":"2022-01-31T00:01:04","date_gmt":"2022-01-30T23:01:04","guid":{"rendered":"https:\/\/veredes.es\/blog\/?p=87454"},"modified":"2022-10-22T18:35:30","modified_gmt":"2022-10-22T16:35:30","slug":"los-bloques-mas-instagramables-de-nueva-belgrado-jelena-prokopljevic","status":"publish","type":"post","link":"https:\/\/veredes.es\/blog\/los-bloques-mas-instagramables-de-nueva-belgrado-jelena-prokopljevic\/","title":{"rendered":"Los Bloques m\u00e1s Instagramables de Nueva Belgrado | Jelena Prokopljevi\u0107"},"content":{"rendered":"<figure id=\"attachment_87478\" aria-describedby=\"caption-attachment-87478\" style=\"width: 750px\" class=\"wp-caption alignnone\"><img loading=\"lazy\" decoding=\"async\" class=\"wp-image-87478\" title=\"Los Bloques m\u00e1s Instagramables de Nueva Belgrado Jelena Prokopljevi\u0107 blokovi-joca-ristic-1980\" src=\"https:\/\/veredes.es\/blog\/wp-content\/uploads\/2022\/01\/Los-Bloques-mas-Instagramables-de-Nueva-Belgrado-Jelena-Prokopljevic-blokovi-joca-ristic-1980.jpg\" alt=\"Los Bloques m\u00e1s Instagramables de Nueva Belgrado Jelena Prokopljevi\u0107 blokovi-joca-ristic-1980\" width=\"750\" height=\"292\" srcset=\"https:\/\/veredes.es\/blog\/wp-content\/uploads\/2022\/01\/Los-Bloques-mas-Instagramables-de-Nueva-Belgrado-Jelena-Prokopljevic-blokovi-joca-ristic-1980.jpg 720w, https:\/\/veredes.es\/blog\/wp-content\/uploads\/2022\/01\/Los-Bloques-mas-Instagramables-de-Nueva-Belgrado-Jelena-Prokopljevic-blokovi-joca-ristic-1980-300x117.jpg 300w, https:\/\/veredes.es\/blog\/wp-content\/uploads\/2022\/01\/Los-Bloques-mas-Instagramables-de-Nueva-Belgrado-Jelena-Prokopljevic-blokovi-joca-ristic-1980-696x271.jpg 696w\" sizes=\"auto, (max-width: 750px) 100vw, 750px\" \/><figcaption id=\"caption-attachment-87478\" class=\"wp-caption-text\"><span style=\"color: #999999;\"><a href=\"http:\/\/blokovi.com\/\" target=\"_blank\" rel=\"noopener\">Blokovi en<\/a> Nueva Belgrado, Joca Ristic,1980<\/span><\/figcaption><\/figure>\n<p style=\"text-align: justify;\">Indudablemente Instagram ha tenido un papel importante en el\u00a0<em>revival<\/em>\u00a0de la arquitectura brutalista y paralelamente de la arquitectura de los pa\u00edses socialistas que por su dimensi\u00f3n, volumetr\u00eda y materialidad forman un grupo espec\u00edfico del brutalismo. El estado de decadencia que contrasta con la desmesura urban\u00edstica, la forma moderna invadida por el <em>kitsch<\/em> consumista da un aire irresistible de la ruina contempor\u00e1nea a estos conjuntos y les hace fotog\u00e9nicos y partes de un imaginario dist\u00f3pico.<\/p>\n<figure id=\"attachment_87494\" aria-describedby=\"caption-attachment-87494\" style=\"width: 1200px\" class=\"wp-caption alignnone\"><img loading=\"lazy\" decoding=\"async\" class=\"size-full wp-image-87494\" src=\"https:\/\/veredes.es\/blog\/wp-content\/uploads\/2022\/01\/Los-Bloques-mas-Instagramables-de-Nueva-Belgrado-Jelena-Prokopljevic-Barrio-de-Blokovi-en-construccion-sureste-del-municipio-de-Nuevo-Belgrado.jpg\" alt=\"Los Bloques m\u00e1s Instagramables de Nueva Belgrado  Jelena Prokopljevi\u0107 Barrio de Blokovi en construcci\u00f3n, sureste del municipio de Nuevo Belgrado\" width=\"1200\" height=\"763\" srcset=\"https:\/\/veredes.es\/blog\/wp-content\/uploads\/2022\/01\/Los-Bloques-mas-Instagramables-de-Nueva-Belgrado-Jelena-Prokopljevic-Barrio-de-Blokovi-en-construccion-sureste-del-municipio-de-Nuevo-Belgrado.jpg 1200w, https:\/\/veredes.es\/blog\/wp-content\/uploads\/2022\/01\/Los-Bloques-mas-Instagramables-de-Nueva-Belgrado-Jelena-Prokopljevic-Barrio-de-Blokovi-en-construccion-sureste-del-municipio-de-Nuevo-Belgrado-300x191.jpg 300w, https:\/\/veredes.es\/blog\/wp-content\/uploads\/2022\/01\/Los-Bloques-mas-Instagramables-de-Nueva-Belgrado-Jelena-Prokopljevic-Barrio-de-Blokovi-en-construccion-sureste-del-municipio-de-Nuevo-Belgrado-1024x651.jpg 1024w, https:\/\/veredes.es\/blog\/wp-content\/uploads\/2022\/01\/Los-Bloques-mas-Instagramables-de-Nueva-Belgrado-Jelena-Prokopljevic-Barrio-de-Blokovi-en-construccion-sureste-del-municipio-de-Nuevo-Belgrado-696x443.jpg 696w, https:\/\/veredes.es\/blog\/wp-content\/uploads\/2022\/01\/Los-Bloques-mas-Instagramables-de-Nueva-Belgrado-Jelena-Prokopljevic-Barrio-de-Blokovi-en-construccion-sureste-del-municipio-de-Nuevo-Belgrado-1068x679.jpg 1068w\" sizes=\"auto, (max-width: 1200px) 100vw, 1200px\" \/><figcaption id=\"caption-attachment-87494\" class=\"wp-caption-text\"><a href=\"https:\/\/www.facebook.com\/blokovi\/photos\/495565747623\" target=\"_blank\" rel=\"noopener\"><span style=\"color: #999999;\">Barrio de Blokovi en construcci\u00f3n, sureste del municipio de Nuevo Belgrado<\/span><\/a><\/figcaption><\/figure>\n<p style=\"text-align: justify;\">Si se hiciera un mapa de las publicaciones de <a href=\"https:\/\/veredes.es\/blog\/nueva-belgrado-capital-virtual-la-yugoslavia-tito-jelena-prokopljevic\/\" target=\"_blank\" rel=\"noopener\">Nueva Belgrado<\/a> en Instagram, tres puntos tendr\u00edan una presencia dominante: Las torres Genex del arquitecto Mihajlo Mitrovi\u0107 (1980), el conjunto residencial del bloque 23 dise\u00f1ados por el arquitecto Aleksandar Stjepanovi\u0107, Bo\u017eidar Jankovi\u0107 y Branislav Karad\u017ei\u0107 (1974) y la macroestructura residencial de los bloques 61, 62, 63 y 64 dise\u00f1ados a finales de los a\u00f1os 60 por los arquitectos Darko y Milenija Maru\u0161i\u0107 y Milan Miodragovi\u0107 y construidos en fases durante la d\u00e9cada de los 70.<\/p>\n<figure id=\"attachment_87480\" aria-describedby=\"caption-attachment-87480\" style=\"width: 960px\" class=\"wp-caption alignnone\"><img loading=\"lazy\" decoding=\"async\" class=\"wp-image-87480 size-full\" title=\"Los Bloques m\u00e1s Instagramables de Nueva Belgrado Jelena Prokopljevi\u0107 Neda Mojsilovi\u0107\" src=\"https:\/\/veredes.es\/blog\/wp-content\/uploads\/2022\/01\/Los-Bloques-mas-Instagramables-de-Nueva-Belgrado-Jelena-Prokopljevic-Neda-Mojsilovic.jpg\" alt=\"Los Bloques m\u00e1s Instagramables de Nueva Belgrado Jelena Prokopljevi\u0107 Neda Mojsilovi\u0107\" width=\"960\" height=\"540\" srcset=\"https:\/\/veredes.es\/blog\/wp-content\/uploads\/2022\/01\/Los-Bloques-mas-Instagramables-de-Nueva-Belgrado-Jelena-Prokopljevic-Neda-Mojsilovic.jpg 960w, https:\/\/veredes.es\/blog\/wp-content\/uploads\/2022\/01\/Los-Bloques-mas-Instagramables-de-Nueva-Belgrado-Jelena-Prokopljevic-Neda-Mojsilovic-300x169.jpg 300w, https:\/\/veredes.es\/blog\/wp-content\/uploads\/2022\/01\/Los-Bloques-mas-Instagramables-de-Nueva-Belgrado-Jelena-Prokopljevic-Neda-Mojsilovic-696x392.jpg 696w\" sizes=\"auto, (max-width: 960px) 100vw, 960px\" \/><figcaption id=\"caption-attachment-87480\" class=\"wp-caption-text\"><a href=\"https:\/\/flic.kr\/p\/RUy4LR\" target=\"_blank\" rel=\"noopener\"><span style=\"color: #999999;\">Fotograf\u00eda: Neda Mojsilovi\u0107<\/span><\/a><\/figcaption><\/figure>\n<p style=\"text-align: justify;\">Este \u00faltimo punto, los 50 edificios llamados \u00abvelas de Panonia\u201d por su forma escalonada, son el ejemplo m\u00e1s espectacular del brutalismo residencial Yugoslavo. Su tama\u00f1o, los casi dos kil\u00f3metros rodeados de repetidos bloques de hormig\u00f3n que escalan desde 4 hasta 20 plantas, con mantenimiento deficiente de los espacios p\u00fablicos, barandillas y rejas met\u00e1licas oxidadas y la multitud de grafitis han ganado cierta fama cinematogr\u00e1fica a estos bloques: aparecen en las pel\u00edculas como\u00a0<a href=\"https:\/\/youtu.be\/4wIZJSzVvwQ\" target=\"_blank\" rel=\"noopener\">Apsolutnih 100<\/a>\u00a0(dir. Srdan Golubovi\u0107, 2001) y\u00a0<a href=\"https:\/\/youtu.be\/uepdXGJIHrU\" target=\"_blank\" rel=\"noopener\">1 na 1<\/a>\u00a0(dir. Mladen Mati\u010devi\u0107, 2002) como el h\u00e1bitat de los marginados o en el\u00a0<a href=\"https:\/\/youtu.be\/jDDFNpj9xBQ\" target=\"_blank\" rel=\"noopener\">District 13: Ultimatum<\/a>\u00a0de Luc Besson haciendo el papel de\u00a0<em>banlieue<\/em>\u00a0de Par\u00eds.<\/p>\n<figure id=\"attachment_87482\" aria-describedby=\"caption-attachment-87482\" style=\"width: 640px\" class=\"wp-caption alignnone\"><img loading=\"lazy\" decoding=\"async\" class=\"wp-image-87482 size-full\" title=\"Los Bloques m\u00e1s Instagramables de Nueva Belgrado Jelena Prokopljevi\u0107 Marqueta del proyecto de los bloques 61 y 62. Imagen del archivo de los Marusic\" src=\"https:\/\/veredes.es\/blog\/wp-content\/uploads\/2022\/01\/Los-Bloques-mas-Instagramables-de-Nueva-Belgrado-Jelena-Prokopljevic-Marqueta-del-proyecto-de-los-bloques-61-y-62.-Imagen-del-archivo-de-los-Marusic.jpg\" alt=\"Los Bloques m\u00e1s Instagramables de Nueva Belgrado Jelena Prokopljevi\u0107 Marqueta del proyecto de los bloques 61 y 62. Imagen del archivo de los Marusic\" width=\"640\" height=\"573\" srcset=\"https:\/\/veredes.es\/blog\/wp-content\/uploads\/2022\/01\/Los-Bloques-mas-Instagramables-de-Nueva-Belgrado-Jelena-Prokopljevic-Marqueta-del-proyecto-de-los-bloques-61-y-62.-Imagen-del-archivo-de-los-Marusic.jpg 640w, https:\/\/veredes.es\/blog\/wp-content\/uploads\/2022\/01\/Los-Bloques-mas-Instagramables-de-Nueva-Belgrado-Jelena-Prokopljevic-Marqueta-del-proyecto-de-los-bloques-61-y-62.-Imagen-del-archivo-de-los-Marusic-300x269.jpg 300w\" sizes=\"auto, (max-width: 640px) 100vw, 640px\" \/><figcaption id=\"caption-attachment-87482\" class=\"wp-caption-text\"><span style=\"color: #999999;\">Maqueta del proyecto de los bloques 61 y 62. Imagen del archivo de los Marusic |<a style=\"color: #999999;\" href=\"https:\/\/doi.org\/10.2298\/SPAT1737012M\" target=\"_blank\" rel=\"noopener\"> Fuente: Modernismo versus posmodernismo como impulso a la creatividad en la obra de los arquitectos Milenija y Darko Maru\u0161i\u0107, Spatium 2017 N\u00famero 37, p\u00e1ginas: 12-21<\/a><\/span><\/figcaption><\/figure>\n<p style=\"text-align: justify;\">En el tiempo en el que fue dise\u00f1ado, el proyecto compart\u00eda ideas con toda una generaci\u00f3n de arquitectos Yugoslavos que tuvo la oportunidad de construir complejos residenciales a gran escala en barrios nuevos que crec\u00edan en todas las ciudades. Como dec\u00eda su autora Milenija Maru\u0161i\u0107 en una entrevista refiri\u00e9ndose a la construcci\u00f3n en Nueva Belgrado:<\/p>\n<blockquote>\n<p style=\"text-align: justify;\">\u201cLa construcci\u00f3n masiva significaba obligatoriamente 10.000 viviendas al a\u00f1o y esa producci\u00f3n se ten\u00eda que cumplir. Lo controlaban los pol\u00edticos, el alcalde y su ayudante. Ellos ven\u00edan a la obra d\u00eda s\u00ed, d\u00eda no.\u201d<\/p>\n<\/blockquote>\n<figure id=\"attachment_87483\" aria-describedby=\"caption-attachment-87483\" style=\"width: 900px\" class=\"wp-caption alignnone\"><img loading=\"lazy\" decoding=\"async\" class=\"wp-image-87483 size-full\" title=\"Los Bloques m\u00e1s Instagramables de Nueva Belgrado Jelena Prokopljevi\u0107 Proyecto de los bloques 61 y 62 con la zona central no realizada. Imagen de Architectuul\" src=\"https:\/\/veredes.es\/blog\/wp-content\/uploads\/2022\/01\/Los-Bloques-mas-Instagramables-de-Nueva-Belgrado-Jelena-Prokopljevic-Proyecto-de-los-bloques-61-y-62-con-la-zona-central-no-realizada.-Imagen-de-Architectuul.jpg\" alt=\"Los Bloques m\u00e1s Instagramables de Nueva Belgrado Jelena Prokopljevi\u0107 Proyecto de los bloques 61 y 62 con la zona central no realizada. Imagen de Architectuul\" width=\"900\" height=\"636\" srcset=\"https:\/\/veredes.es\/blog\/wp-content\/uploads\/2022\/01\/Los-Bloques-mas-Instagramables-de-Nueva-Belgrado-Jelena-Prokopljevic-Proyecto-de-los-bloques-61-y-62-con-la-zona-central-no-realizada.-Imagen-de-Architectuul.jpg 900w, https:\/\/veredes.es\/blog\/wp-content\/uploads\/2022\/01\/Los-Bloques-mas-Instagramables-de-Nueva-Belgrado-Jelena-Prokopljevic-Proyecto-de-los-bloques-61-y-62-con-la-zona-central-no-realizada.-Imagen-de-Architectuul-300x212.jpg 300w, https:\/\/veredes.es\/blog\/wp-content\/uploads\/2022\/01\/Los-Bloques-mas-Instagramables-de-Nueva-Belgrado-Jelena-Prokopljevic-Proyecto-de-los-bloques-61-y-62-con-la-zona-central-no-realizada.-Imagen-de-Architectuul-696x492.jpg 696w\" sizes=\"auto, (max-width: 900px) 100vw, 900px\" \/><figcaption id=\"caption-attachment-87483\" class=\"wp-caption-text\"><span style=\"color: #999999;\">Proyecto de los bloques 61 y 62 con la zona central no realizada | Fuente: <a href=\"https:\/\/architectuul.com\/\" target=\"_blank\" rel=\"noopener\">Architectuul<\/a><\/span><\/figcaption><\/figure>\n<p style=\"text-align: justify;\">El concurso para los bloques 61 y 62 fue organizado en 1968 y fue el primer entre los grandes concursos ganados por el equipo (y pareja) de arquitectos Darko y Milenija Maru\u0161i\u0107, que aqu\u00ed colaboraron con Milan Miodragovi\u0107 para el dise\u00f1o del tr\u00e1nsito, zonas verdes y espacio p\u00fablico.<\/p>\n<figure id=\"attachment_87486\" aria-describedby=\"caption-attachment-87486\" style=\"width: 1730px\" class=\"wp-caption alignnone\"><img loading=\"lazy\" decoding=\"async\" class=\"wp-image-87486 size-full\" title=\"Los Bloques m\u00e1s Instagramables de Nueva Belgrado Jelena Prokopljevi\u0107 blokovi_nueva belgrado\" src=\"https:\/\/veredes.es\/blog\/wp-content\/uploads\/2022\/01\/Los-Bloques-mas-Instagramables-de-Nueva-Belgrado-Jelena-Prokopljevic-blokovi_nueva-belgrado.jpg\" alt=\"Los Bloques m\u00e1s Instagramables de Nueva Belgrado Jelena Prokopljevi\u0107 blokovi_nueva belgrado\" width=\"1730\" height=\"1483\" srcset=\"https:\/\/veredes.es\/blog\/wp-content\/uploads\/2022\/01\/Los-Bloques-mas-Instagramables-de-Nueva-Belgrado-Jelena-Prokopljevic-blokovi_nueva-belgrado.jpg 1730w, https:\/\/veredes.es\/blog\/wp-content\/uploads\/2022\/01\/Los-Bloques-mas-Instagramables-de-Nueva-Belgrado-Jelena-Prokopljevic-blokovi_nueva-belgrado-300x257.jpg 300w, https:\/\/veredes.es\/blog\/wp-content\/uploads\/2022\/01\/Los-Bloques-mas-Instagramables-de-Nueva-Belgrado-Jelena-Prokopljevic-blokovi_nueva-belgrado-1024x878.jpg 1024w, https:\/\/veredes.es\/blog\/wp-content\/uploads\/2022\/01\/Los-Bloques-mas-Instagramables-de-Nueva-Belgrado-Jelena-Prokopljevic-blokovi_nueva-belgrado-1536x1317.jpg 1536w, https:\/\/veredes.es\/blog\/wp-content\/uploads\/2022\/01\/Los-Bloques-mas-Instagramables-de-Nueva-Belgrado-Jelena-Prokopljevic-blokovi_nueva-belgrado-696x597.jpg 696w, https:\/\/veredes.es\/blog\/wp-content\/uploads\/2022\/01\/Los-Bloques-mas-Instagramables-de-Nueva-Belgrado-Jelena-Prokopljevic-blokovi_nueva-belgrado-1068x916.jpg 1068w\" sizes=\"auto, (max-width: 1730px) 100vw, 1730px\" \/><figcaption id=\"caption-attachment-87486\" class=\"wp-caption-text\"><span style=\"color: #999999;\">Blokovi, en Nueva Belgrado | Fuente:<a style=\"color: #999999;\" href=\"https:\/\/commons.wikimedia.org\/wiki\/File:Be%C5%BEanijski_Blokovi_crop.jpg\" target=\"_blank\" rel=\"noopener\"> wikimedia<\/a><\/span><\/figcaption><\/figure>\n<div class=\"tiled-gallery type-rectangular\" data-original-width=\"720\" data-carousel-extra=\"{&quot;blog_id&quot;:61770732,&quot;permalink&quot;:&quot;https:\\\/\\\/laciudadsocialista.wordpress.com\\\/2020\\\/04\\\/07\\\/los-bloques-mas-instagramables-de-nueva-belgrado\\\/&quot;,&quot;likes_blog_id&quot;:61770732}\">\n<div class=\"gallery-row\" data-original-width=\"720\" data-original-height=\"285\">\n<p class=\"gallery-group images-1\" style=\"text-align: justify;\" data-original-width=\"318\" data-original-height=\"285\">El conjunto consiste de dos elementos b\u00e1sicos: lamelas residenciales y la v\u00e9rtebra central de equipamientos y espacio p\u00fablico que conecta los lados sur y norte de los bloques. Cada uno de ellos contiene unas 7 lamelas por lado, de volumetr\u00eda escalonada alrededor de 4 o 6 n\u00facleos de comunicaciones verticales. As\u00ed cada edificio \u201ccrece\u201d desde el n\u00facleo exterior de 4 plantas hasta el interior de 16 o 20 pantas, mostrando estos cambios de altura para huir de la forma monol\u00edtica y disminuir la enorme escala del conjunto. Este degradado formal sigue la funci\u00f3n interior y permite crear diferentes niveles de la cubierta, multiplicar las oberturas y las vistas y al mismo tiempo hacer m\u00e1s complejo el entramado de los espacios comunitarios y compartidos. En una vista general, el conjunto parece un paisaje pixelado.<\/p>\n<figure id=\"attachment_87488\" aria-describedby=\"caption-attachment-87488\" style=\"width: 1600px\" class=\"wp-caption alignnone\"><img loading=\"lazy\" decoding=\"async\" class=\"wp-image-87488 size-full\" title=\"Los Bloques m\u00e1s Instagramables de Nueva Belgrado  Jelena Prokopljevi\u0107 espacio p\u00fablico entre los edificios. Foto J. Prokopljevic\" src=\"https:\/\/veredes.es\/blog\/wp-content\/uploads\/2022\/01\/Los-Bloques-mas-Instagramables-de-Nueva-Belgrado-Jelena-Prokopljevic-espacio-publico-entre-los-edificios.-Foto-J.-Prokopljevic.jpg\" alt=\"Los Bloques m\u00e1s Instagramables de Nueva Belgrado  Jelena Prokopljevi\u0107 espacio p\u00fablico entre los edificios. Foto J. Prokopljevic\" width=\"1600\" height=\"994\" srcset=\"https:\/\/veredes.es\/blog\/wp-content\/uploads\/2022\/01\/Los-Bloques-mas-Instagramables-de-Nueva-Belgrado-Jelena-Prokopljevic-espacio-publico-entre-los-edificios.-Foto-J.-Prokopljevic.jpg 1600w, https:\/\/veredes.es\/blog\/wp-content\/uploads\/2022\/01\/Los-Bloques-mas-Instagramables-de-Nueva-Belgrado-Jelena-Prokopljevic-espacio-publico-entre-los-edificios.-Foto-J.-Prokopljevic-300x186.jpg 300w, https:\/\/veredes.es\/blog\/wp-content\/uploads\/2022\/01\/Los-Bloques-mas-Instagramables-de-Nueva-Belgrado-Jelena-Prokopljevic-espacio-publico-entre-los-edificios.-Foto-J.-Prokopljevic-1024x636.jpg 1024w, https:\/\/veredes.es\/blog\/wp-content\/uploads\/2022\/01\/Los-Bloques-mas-Instagramables-de-Nueva-Belgrado-Jelena-Prokopljevic-espacio-publico-entre-los-edificios.-Foto-J.-Prokopljevic-1536x954.jpg 1536w, https:\/\/veredes.es\/blog\/wp-content\/uploads\/2022\/01\/Los-Bloques-mas-Instagramables-de-Nueva-Belgrado-Jelena-Prokopljevic-espacio-publico-entre-los-edificios.-Foto-J.-Prokopljevic-696x432.jpg 696w, https:\/\/veredes.es\/blog\/wp-content\/uploads\/2022\/01\/Los-Bloques-mas-Instagramables-de-Nueva-Belgrado-Jelena-Prokopljevic-espacio-publico-entre-los-edificios.-Foto-J.-Prokopljevic-1068x663.jpg 1068w\" sizes=\"auto, (max-width: 1600px) 100vw, 1600px\" \/><figcaption id=\"caption-attachment-87488\" class=\"wp-caption-text\"><span style=\"color: #999999;\">Espacio p\u00fablico, vista transversal, entre los bloques | Fotograf\u00eda J. Prokopljevic<\/span><\/figcaption><\/figure>\n<\/div>\n<p style=\"text-align: justify;\" data-original-width=\"318\" data-original-height=\"285\">Como en muchos otros complejos residenciales de la misma \u00e9poca y siguiendo las ideas del Habitat de Marsella y el debate contempor\u00e1neo de Team X, el punto central de este proyecto era la organizaci\u00f3n del espacio p\u00fablico. \u00c9ste se concibe en diferentes capas, empezando por las conexiones viarias externas que comunican la zona con los microdistritos vecinos y contienen funciones compartidas, especialmente los centros de salud y los educativos. En el proyecto inicial, la vertebra central que comunica los dos lados de los bloques conten\u00eda establecimientos de cultura, deporte, abastecimiento y servicios, creando un centro social interior que no fue realizado y permaneci\u00f3 durante d\u00e9cadas como zona verde sin contenidos y con mantenimiento m\u00ednimo. Los bloques 61, 62, 63 y 64 depend\u00edan del otro centro similar del bloque 44, unos kil\u00f3metros m\u00e1s al sud. A esta zona central se conectaban las calles internas que conduc\u00edan a los edificios, as\u00ed todo el conjunto era independiente de las v\u00eda de tr\u00e1nsito exteriores. El espacio entre las lamelas tambi\u00e9n se constituye en diferentes niveles: el nivel de suelo es reservado para la zona verde y los campos de juego y tambi\u00e9n para las conexiones viarias que terminan en los aparcamientos ubicados en la planta baja de cada edificio.<\/p>\n<figure id=\"attachment_87489\" aria-describedby=\"caption-attachment-87489\" style=\"width: 1578px\" class=\"wp-caption alignnone\"><img loading=\"lazy\" decoding=\"async\" class=\"size-full wp-image-87489\" src=\"https:\/\/veredes.es\/blog\/wp-content\/uploads\/2022\/01\/Los-Bloques-mas-Instagramables-de-Nueva-Belgrado-Jelena-Prokopljevic-espacio-publico-a-traves-de-los-edificios.-Foto-J.-Prokopljevi-scaled.jpg\" alt=\"Los Bloques m\u00e1s Instagramables de Nueva Belgrado  Jelena Prokopljevi\u0107 espacio p\u00fablico a trav\u00e9s de los edificios. Foto J. Prokopljevi\" width=\"1578\" height=\"2560\" srcset=\"https:\/\/veredes.es\/blog\/wp-content\/uploads\/2022\/01\/Los-Bloques-mas-Instagramables-de-Nueva-Belgrado-Jelena-Prokopljevic-espacio-publico-a-traves-de-los-edificios.-Foto-J.-Prokopljevi-scaled.jpg 1578w, https:\/\/veredes.es\/blog\/wp-content\/uploads\/2022\/01\/Los-Bloques-mas-Instagramables-de-Nueva-Belgrado-Jelena-Prokopljevic-espacio-publico-a-traves-de-los-edificios.-Foto-J.-Prokopljevi-185x300.jpg 185w, https:\/\/veredes.es\/blog\/wp-content\/uploads\/2022\/01\/Los-Bloques-mas-Instagramables-de-Nueva-Belgrado-Jelena-Prokopljevic-espacio-publico-a-traves-de-los-edificios.-Foto-J.-Prokopljevi-631x1024.jpg 631w, https:\/\/veredes.es\/blog\/wp-content\/uploads\/2022\/01\/Los-Bloques-mas-Instagramables-de-Nueva-Belgrado-Jelena-Prokopljevic-espacio-publico-a-traves-de-los-edificios.-Foto-J.-Prokopljevi-947x1536.jpg 947w, https:\/\/veredes.es\/blog\/wp-content\/uploads\/2022\/01\/Los-Bloques-mas-Instagramables-de-Nueva-Belgrado-Jelena-Prokopljevic-espacio-publico-a-traves-de-los-edificios.-Foto-J.-Prokopljevi-1262x2048.jpg 1262w, https:\/\/veredes.es\/blog\/wp-content\/uploads\/2022\/01\/Los-Bloques-mas-Instagramables-de-Nueva-Belgrado-Jelena-Prokopljevic-espacio-publico-a-traves-de-los-edificios.-Foto-J.-Prokopljevi-696x1129.jpg 696w, https:\/\/veredes.es\/blog\/wp-content\/uploads\/2022\/01\/Los-Bloques-mas-Instagramables-de-Nueva-Belgrado-Jelena-Prokopljevic-espacio-publico-a-traves-de-los-edificios.-Foto-J.-Prokopljevi-1068x1733.jpg 1068w\" sizes=\"auto, (max-width: 1578px) 100vw, 1578px\" \/><figcaption id=\"caption-attachment-87489\" class=\"wp-caption-text\"><span style=\"color: #999999;\">Espacio p\u00fablico a trav\u00e9s de los edificios | Fotograf\u00eda: J. Prokopljevic<\/span><\/figcaption><\/figure>\n<p style=\"text-align: justify;\" data-original-width=\"318\" data-original-height=\"285\">A las viviendas se accede desde el primer nivel, por las pasarelas elevadas. Este espacio se lee como intermedio, pertenece m\u00e1s a los propios residentes y en este primer nivel, aparte de las entradas a cada vertical, contiene espacios comunitarios, peque\u00f1os locales o alguna tienda de proximidad. As\u00ed, el tr\u00e1nsito rodado est\u00e1 segregado de los transe\u00fantes en el plano horizontal y en el vertical. Las dimensiones de la planta de parking \u2013trasteros individuales y cuartos de m\u00e1quinas- decidieron el m\u00f3dulo estructural de 3.60, 4.20 y 4.80m que domina tambi\u00e9n la distribuci\u00f3n de las viviendas. Todo el conjunto es prefabricado y dise\u00f1ado siguiendo el sistema <em>\u201c\u017de\u017eelj\u201d<\/em> del Instituto de Materiales de Serbia: los pilares estructurales, forjados y panales de particiones interiores y cerramientos. Los paneles de hormig\u00f3n armado se produjeron en la obra mediante encofrados m\u00f3viles y reutilizables.<\/p>\n<figure id=\"attachment_87490\" aria-describedby=\"caption-attachment-87490\" style=\"width: 1200px\" class=\"wp-caption alignnone\"><img loading=\"lazy\" decoding=\"async\" class=\"wp-image-87490 size-full\" title=\"Los Bloques m\u00e1s Instagramables de Nueva Belgrado  Jelena Prokopljevi\u0107 espacio de comunicaci\u00f3n y relaci\u00f3n entre los edificios. Nivel de entrada y del parking. Foto O Young Kwon (httpoyphoto.com)\" src=\"https:\/\/veredes.es\/blog\/wp-content\/uploads\/2022\/01\/Los-Bloques-mas-Instagramables-de-Nueva-Belgrado-Jelena-Prokopljevic-espacio-de-comunicacion-y-relacion-entre-los-edificios.-Nivel-de-entrada-y-del-parking.-Foto-O-Young-Kwon-httpoyphoto.com_.jpg\" alt=\"Los Bloques m\u00e1s Instagramables de Nueva Belgrado  Jelena Prokopljevi\u0107 espacio de comunicaci\u00f3n y relaci\u00f3n entre los edificios. Nivel de entrada y del parking. Foto O Young Kwon (httpoyphoto.com)\" width=\"1200\" height=\"800\" srcset=\"https:\/\/veredes.es\/blog\/wp-content\/uploads\/2022\/01\/Los-Bloques-mas-Instagramables-de-Nueva-Belgrado-Jelena-Prokopljevic-espacio-de-comunicacion-y-relacion-entre-los-edificios.-Nivel-de-entrada-y-del-parking.-Foto-O-Young-Kwon-httpoyphoto.com_.jpg 1200w, https:\/\/veredes.es\/blog\/wp-content\/uploads\/2022\/01\/Los-Bloques-mas-Instagramables-de-Nueva-Belgrado-Jelena-Prokopljevic-espacio-de-comunicacion-y-relacion-entre-los-edificios.-Nivel-de-entrada-y-del-parking.-Foto-O-Young-Kwon-httpoyphoto.com_-300x200.jpg 300w, https:\/\/veredes.es\/blog\/wp-content\/uploads\/2022\/01\/Los-Bloques-mas-Instagramables-de-Nueva-Belgrado-Jelena-Prokopljevic-espacio-de-comunicacion-y-relacion-entre-los-edificios.-Nivel-de-entrada-y-del-parking.-Foto-O-Young-Kwon-httpoyphoto.com_-1024x683.jpg 1024w, https:\/\/veredes.es\/blog\/wp-content\/uploads\/2022\/01\/Los-Bloques-mas-Instagramables-de-Nueva-Belgrado-Jelena-Prokopljevic-espacio-de-comunicacion-y-relacion-entre-los-edificios.-Nivel-de-entrada-y-del-parking.-Foto-O-Young-Kwon-httpoyphoto.com_-696x464.jpg 696w, https:\/\/veredes.es\/blog\/wp-content\/uploads\/2022\/01\/Los-Bloques-mas-Instagramables-de-Nueva-Belgrado-Jelena-Prokopljevic-espacio-de-comunicacion-y-relacion-entre-los-edificios.-Nivel-de-entrada-y-del-parking.-Foto-O-Young-Kwon-httpoyphoto.com_-1068x712.jpg 1068w\" sizes=\"auto, (max-width: 1200px) 100vw, 1200px\" \/><figcaption id=\"caption-attachment-87490\" class=\"wp-caption-text\"><span style=\"color: #999999;\">Espacios de comunicaci\u00f3n y relaci\u00f3n entre los edificios. Nivel de entrada y del parking | Fotograf\u00eda: <a style=\"color: #999999;\" href=\"http:\/\/oyphoto.com\/\" target=\"_blank\" rel=\"noopener\">O Young Kwon<\/a><\/span><\/figcaption><\/figure>\n<p style=\"text-align: justify;\">El dise\u00f1o de la vivienda se basa en la investigaci\u00f3n de la vivienda de Belgrado que prof. Darko Maru\u0161i\u0107 continu\u00f3 desarrollando en sus posteriores proyectos, en la ense\u00f1anza en la escuela de arquitectura de Belgrado, as\u00ed como en diversas publicaciones. En su distribuci\u00f3n, las viviendas de los bloques 61 y 62 se basan en dos tipos: de simple y de doble orientaci\u00f3n, que generan series modificando la posici\u00f3n de la terraza y aumentando el n\u00famero de dormitorios. El modulo inicial consiste de la zona de d\u00eda con ba\u00f1o y cocina, definida como espacio fluido con el esquema circular gracias a la permeabilidad de la zona sanitaria. Este tipo b\u00e1sico varia ampli\u00e1ndose con uno o dos dormitorios, siempre manteniendo la posici\u00f3n central de los sanitarios y la circulaci\u00f3n continua para asegurar la flexibilidad funcional de los diferentes espacios.<\/p>\n<figure id=\"attachment_87491\" aria-describedby=\"caption-attachment-87491\" style=\"width: 750px\" class=\"wp-caption alignnone\"><img loading=\"lazy\" decoding=\"async\" class=\"wp-image-87491\" title=\"Los Bloques m\u00e1s Instagramables de Nueva Belgrado  Jelena Prokopljevi\u0107 Una de las viviendas tipo y sus variaciones. Imagen del teto de D. Milasinovic i M. Vukotic (httpsdoi.org10.2298SPAT1737012M)\" src=\"https:\/\/veredes.es\/blog\/wp-content\/uploads\/2022\/01\/Los-Bloques-mas-Instagramables-de-Nueva-Belgrado-Jelena-Prokopljevic-Una-de-las-viviendas-tipo-y-sus-variaciones.-Imagen-del-teto-de-D.-Milasinovic-i-M.-Vukotic-httpsdoi.org10.2298SPAT1737012M.jpg\" alt=\"Los Bloques m\u00e1s Instagramables de Nueva Belgrado  Jelena Prokopljevi\u0107 Una de las viviendas tipo y sus variaciones. Imagen del teto de D. Milasinovic i M. Vukotic (httpsdoi.org10.2298SPAT1737012M)\" width=\"750\" height=\"1039\" srcset=\"https:\/\/veredes.es\/blog\/wp-content\/uploads\/2022\/01\/Los-Bloques-mas-Instagramables-de-Nueva-Belgrado-Jelena-Prokopljevic-Una-de-las-viviendas-tipo-y-sus-variaciones.-Imagen-del-teto-de-D.-Milasinovic-i-M.-Vukotic-httpsdoi.org10.2298SPAT1737012M.jpg 579w, https:\/\/veredes.es\/blog\/wp-content\/uploads\/2022\/01\/Los-Bloques-mas-Instagramables-de-Nueva-Belgrado-Jelena-Prokopljevic-Una-de-las-viviendas-tipo-y-sus-variaciones.-Imagen-del-teto-de-D.-Milasinovic-i-M.-Vukotic-httpsdoi.org10.2298SPAT1737012M-217x300.jpg 217w\" sizes=\"auto, (max-width: 750px) 100vw, 750px\" \/><figcaption id=\"caption-attachment-87491\" class=\"wp-caption-text\"><\/span> <span style=\"color: #999999;\">Una de las viviendas tipo y sus variaciones. Imagen del texto de D. Milasinovic i M. Vukotic | Fuente: Modernismo versus posmodernismo como impulso a la creatividad en la obra de los arquitectos Milenija y Darko Maru\u0161i\u0107. <a href=\"https:\/\/doi.org\/10.2298\/SPAT1737012M\" target=\"_blank\" rel=\"noopener\">Spatium 2017 N\u00famero 37, p\u00e1ginas: 12-21<\/a><\/span><\/figcaption><\/figure>\n<p style=\"text-align: justify;\">El esquema general del conjunto: la columna vertebral y las lamelas es \u00fanico entre los bloques de <a href=\"https:\/\/veredes.es\/blog\/nueva-belgrado-capital-virtual-la-yugoslavia-tito-jelena-prokopljevic\/\" target=\"_blank\" rel=\"noopener\">Nueva Belgrado<\/a> que se han configurado entre rascacielos, barras horizontales y meandros, fieles a la Ciudad Radiante, que incluso los Maru\u0161i\u0107 cuentan entre sus referentes m\u00e1s importantes. Los bloques 61-62 en su proyecto inicial incluyen el principio metab\u00f3lico desarrollado por <a href=\"https:\/\/veredes.es\/blog\/tag\/kenzo-tange\/\" target=\"_blank\" rel=\"noopener\">Kenzo Tange<\/a> para el golfo de Tokio en 1960 y aplicado tambi\u00e9n en su proyecto para la reconstrucci\u00f3n de la ciudad de Skopje tras el terremoto devastador de 1963. Al menos hay una referencia formal a estos proyectos que a lo largo de los a\u00f1os 60 hicieron un gran impacto a la arquitectura Yugoslava (sobre ello ha hablado recientemente el arquitecto <a href=\"https:\/\/youtu.be\/xJarxlCLklg\" target=\"_blank\" rel=\"noopener\">Maroje Mrdulja\u0161<\/a>). Brutalismo como idea ut\u00f3pica de una arquitectura transparente en su funcionalidad y materialidad, asequible y social iba de mano con el concepto <a href=\"https:\/\/veredes.es\/blog\/tag\/metabolismo\/\" target=\"_blank\" rel=\"noopener\">metabolista<\/a> de crecimiento en fases, seg\u00fan necesidades e incluso de manera participativa. Sin duda las formas escalonadas, crecientes al menos intentan denotar estas ideas.<\/p>\n<figure id=\"attachment_87493\" aria-describedby=\"caption-attachment-87493\" style=\"width: 1500px\" class=\"wp-caption alignnone\"><img loading=\"lazy\" decoding=\"async\" class=\"size-full wp-image-87493\" src=\"https:\/\/veredes.es\/blog\/wp-content\/uploads\/2022\/01\/Los-Bloques-mas-Instagramables-de-Nueva-Belgrado-Jelena-Prokopljevic-Kenzo-Tange-masterplan-for-reconstruction-of-Skopje-1965.jpg\" alt=\"Los Bloques m\u00e1s Instagramables de Nueva Belgrado  Jelena Prokopljevi\u0107 Kenzo Tange masterplan for reconstruction of Skopje, 1965\" width=\"1500\" height=\"1195\" srcset=\"https:\/\/veredes.es\/blog\/wp-content\/uploads\/2022\/01\/Los-Bloques-mas-Instagramables-de-Nueva-Belgrado-Jelena-Prokopljevic-Kenzo-Tange-masterplan-for-reconstruction-of-Skopje-1965.jpg 1500w, https:\/\/veredes.es\/blog\/wp-content\/uploads\/2022\/01\/Los-Bloques-mas-Instagramables-de-Nueva-Belgrado-Jelena-Prokopljevic-Kenzo-Tange-masterplan-for-reconstruction-of-Skopje-1965-300x239.jpg 300w, https:\/\/veredes.es\/blog\/wp-content\/uploads\/2022\/01\/Los-Bloques-mas-Instagramables-de-Nueva-Belgrado-Jelena-Prokopljevic-Kenzo-Tange-masterplan-for-reconstruction-of-Skopje-1965-1024x816.jpg 1024w, https:\/\/veredes.es\/blog\/wp-content\/uploads\/2022\/01\/Los-Bloques-mas-Instagramables-de-Nueva-Belgrado-Jelena-Prokopljevic-Kenzo-Tange-masterplan-for-reconstruction-of-Skopje-1965-696x554.jpg 696w, https:\/\/veredes.es\/blog\/wp-content\/uploads\/2022\/01\/Los-Bloques-mas-Instagramables-de-Nueva-Belgrado-Jelena-Prokopljevic-Kenzo-Tange-masterplan-for-reconstruction-of-Skopje-1965-1068x851.jpg 1068w\" sizes=\"auto, (max-width: 1500px) 100vw, 1500px\" \/><figcaption id=\"caption-attachment-87493\" class=\"wp-caption-text\"><span style=\"color: #999999;\">Kenzo Tange masterplan for reconstruction of Skopje, 1965<\/span><\/figcaption><\/figure>\n<p style=\"text-align: justify;\">M\u00e1s cerca de los lejanos ejemplos japoneses, este tipo de crecimiento forma parte del contexto en el que se construyeron, o al que sustituyen estos bloques: el pueblo Be\u017eanija, estos d\u00edas en v\u00edas de extinci\u00f3n. Aunque gran parte de Nueva Belgrado se construy\u00f3 sobre un terreno pantanoso que se consider\u00f3 tabula rasa propia de la ciudad moderna, estos bloques se ubican en el t\u00e9rmino municipal mucho m\u00e1s antiguo. El crecimiento org\u00e1nico dentro de parcelas estrechas y alargada a los lados de la carretera es el principio urban\u00edstico de los pueblos de Vojvodina planificados por las autoridades Austroh\u00fangaras. La v\u00eda principal es rodeada de jardines que hacen de zona p\u00fablica y las casas se alinean al camino peatonal alejado del tr\u00e1nsito rodado. La vivienda y diferentes dependencias crecen a lo largo del margen longitudinal, seg\u00fan las necesidades, con el volumen m\u00e1s alto en contacto con la calle y los interiores, de escala inferior. Esta l\u00f3gica y estas formas tambi\u00e9n se pueden leer en el proyecto de los bloques 61-64. La zona central se ha mantenido pr\u00e1cticamente sin construir hasta los a\u00f1os 2000 y en la \u00faltima d\u00e9cada se han ido llenando de contenidos aunque con una evidente pobreza de ideas y formas, olvidando completamente la complejidad del espacio p\u00fablico y la graduaci\u00f3n de niveles entre el p\u00fablico y privado.<\/p>\n<figure id=\"attachment_87492\" aria-describedby=\"caption-attachment-87492\" style=\"width: 1600px\" class=\"wp-caption alignnone\"><img loading=\"lazy\" decoding=\"async\" class=\"wp-image-87492 size-full\" title=\"Los Bloques m\u00e1s Instagramables de Nueva Belgrado  Jelena Prokopljevi\u0107 Vista a\u00e9rea Blokovi\" src=\"https:\/\/veredes.es\/blog\/wp-content\/uploads\/2022\/01\/Los-Bloques-mas-Instagramables-de-Nueva-Belgrado-Jelena-Prokopljevic-Vista-aerea-Blokovi.jpg\" alt=\"Los Bloques m\u00e1s Instagramables de Nueva Belgrado  Jelena Prokopljevi\u0107 Vista a\u00e9rea Blokovi\" width=\"1600\" height=\"740\" srcset=\"https:\/\/veredes.es\/blog\/wp-content\/uploads\/2022\/01\/Los-Bloques-mas-Instagramables-de-Nueva-Belgrado-Jelena-Prokopljevic-Vista-aerea-Blokovi.jpg 1600w, https:\/\/veredes.es\/blog\/wp-content\/uploads\/2022\/01\/Los-Bloques-mas-Instagramables-de-Nueva-Belgrado-Jelena-Prokopljevic-Vista-aerea-Blokovi-300x139.jpg 300w, https:\/\/veredes.es\/blog\/wp-content\/uploads\/2022\/01\/Los-Bloques-mas-Instagramables-de-Nueva-Belgrado-Jelena-Prokopljevic-Vista-aerea-Blokovi-1024x474.jpg 1024w, https:\/\/veredes.es\/blog\/wp-content\/uploads\/2022\/01\/Los-Bloques-mas-Instagramables-de-Nueva-Belgrado-Jelena-Prokopljevic-Vista-aerea-Blokovi-1536x710.jpg 1536w, https:\/\/veredes.es\/blog\/wp-content\/uploads\/2022\/01\/Los-Bloques-mas-Instagramables-de-Nueva-Belgrado-Jelena-Prokopljevic-Vista-aerea-Blokovi-696x322.jpg 696w, https:\/\/veredes.es\/blog\/wp-content\/uploads\/2022\/01\/Los-Bloques-mas-Instagramables-de-Nueva-Belgrado-Jelena-Prokopljevic-Vista-aerea-Blokovi-1068x494.jpg 1068w\" sizes=\"auto, (max-width: 1600px) 100vw, 1600px\" \/><figcaption id=\"caption-attachment-87492\" class=\"wp-caption-text\"><span style=\"color: #999999;\">Vista a\u00e9rea Blokovi<\/span><\/figcaption><\/figure>\n<p><a href=\"https:\/\/laciudadsocialista.wordpress.com\/\" target=\"_blank\" rel=\"noopener\">Jelena Prokopljevi\u0107<\/a>. Doctora Arquitecta.<br \/>\nBarcelona. Abril 2020<\/p>\n<\/div>\n","protected":false},"excerpt":{"rendered":"<p>Indudablemente Instagram ha tenido un papel importante en el\u00a0revival\u00a0de la arquitectura brutalista y paralelamente de la arquitectura de los pa\u00edses socialistas que por su dimensi\u00f3n, volumetr\u00eda y materialidad forman un grupo espec\u00edfico del brutalismo. El estado de decadencia que contrasta con la desmesura urban\u00edstica, la forma moderna invadida por el kitsch consumista da un aire [&hellip;]<\/p>\n","protected":false},"author":41,"featured_media":87478,"comment_status":"open","ping_status":"closed","sticky":false,"template":"","format":"standard","meta":{"footnotes":""},"categories":[5934,5951],"tags":[15756,7474,8679,12780,147,9577,6145,13212,12779,15757,15758,221,3549,12471,10485,4396,318,12778,15759,516,668,12777,13952,12782,785,15762,2490,865,13957,15760,15761,898,1514,1278,2048,12781],"class_list":{"0":"post-87454","1":"post","2":"type-post","3":"status-publish","4":"format-standard","5":"has-post-thumbnail","7":"category-articulos","8":"category-slider-principal","9":"tag-aleksandar-stjepanovic","10":"tag-arquitectura-brutalista","11":"tag-arquitectura-clasica","12":"tag-arquitectura-comunista","13":"tag-arquitectura-moderna","14":"tag-arquitectura-monumental","15":"tag-arquitectura-rusa","16":"tag-arquitectura-socialista","17":"tag-arquitectura-yugoslava","18":"tag-bozidar-jankovic","19":"tag-branislav-karadzic","20":"tag-brasilia","21":"tag-chandigarh","22":"tag-cine","23":"tag-cine-periferico","24":"tag-cineastas","25":"tag-ciudad","26":"tag-ciudad-socialista","27":"tag-darko-y-milenija-marusic","28":"tag-espacio-publico","29":"tag-historia","30":"tag-jelena-prokopljevic","31":"tag-kenzo-tange","32":"tag-lavoslav-horvat","33":"tag-le-corbusier","34":"tag-maroje-mrduljas","35":"tag-metabolismo","36":"tag-mies-van-der-rohe","37":"tag-mihajlo-mitrovic","38":"tag-milan-miodragovic","39":"tag-milenija-marusic","40":"tag-movimiento-moderno","41":"tag-team-x","42":"tag-teoria","43":"tag-teoria-e-historia","44":"tag-vladimir-potocnjak"},"yoast_head":"<!-- This site is optimized with the Yoast SEO plugin v27.5 - https:\/\/yoast.com\/product\/yoast-seo-wordpress\/ -->\n<title>Los Bloques m\u00e1s Instagramables de Nueva Belgrado | Jelena Prokopljevi\u0107 - veredes<\/title>\n<meta name=\"description\" content=\"Toda la informaci\u00f3n sobre: Los Bloques m\u00e1s Instagramables de Nueva Belgrado | Jelena Prokopljevi\u0107\" \/>\n<meta name=\"robots\" content=\"index, follow, max-snippet:-1, max-image-preview:large, max-video-preview:-1\" \/>\n<link rel=\"canonical\" href=\"https:\/\/veredes.es\/blog\/los-bloques-mas-instagramables-de-nueva-belgrado-jelena-prokopljevic\/\" \/>\n<meta property=\"og:locale\" content=\"es_ES\" \/>\n<meta property=\"og:type\" content=\"article\" \/>\n<meta property=\"og:title\" content=\"Los Bloques m\u00e1s Instagramables de Nueva Belgrado | Jelena Prokopljevi\u0107 - veredes\" \/>\n<meta property=\"og:description\" content=\"Toda la informaci\u00f3n sobre: Los Bloques m\u00e1s Instagramables de Nueva Belgrado | Jelena Prokopljevi\u0107\" \/>\n<meta property=\"og:url\" content=\"https:\/\/veredes.es\/blog\/los-bloques-mas-instagramables-de-nueva-belgrado-jelena-prokopljevic\/\" \/>\n<meta property=\"og:site_name\" content=\"veredes, arquitectura y divulgaci\u00f3n\" \/>\n<meta property=\"article:publisher\" content=\"https:\/\/www.facebook.com\/veredesArquitecturayDivulgacion\/\" \/>\n<meta property=\"article:author\" content=\"https:\/\/www.facebook.com\/jelena.prokopljevic\" \/>\n<meta property=\"article:published_time\" content=\"2022-01-30T23:01:04+00:00\" \/>\n<meta property=\"article:modified_time\" content=\"2022-10-22T16:35:30+00:00\" \/>\n<meta property=\"og:image\" content=\"https:\/\/veredes.es\/blog\/wp-content\/uploads\/2022\/01\/Los-Bloques-mas-Instagramables-de-Nueva-Belgrado-Jelena-Prokopljevic-blokovi-joca-ristic-1980.jpg\" \/>\n\t<meta property=\"og:image:width\" content=\"720\" \/>\n\t<meta property=\"og:image:height\" content=\"280\" \/>\n\t<meta property=\"og:image:type\" content=\"image\/jpeg\" \/>\n<meta name=\"author\" content=\"Jelena Prokopljevi\u0107\" \/>\n<meta name=\"twitter:card\" content=\"summary_large_image\" \/>\n<meta name=\"twitter:creator\" content=\"@https:\/\/twitter.com\/jelena_pro\" \/>\n<meta name=\"twitter:site\" content=\"@veredes\" \/>\n<meta name=\"twitter:label1\" content=\"Escrito por\" \/>\n\t<meta name=\"twitter:data1\" content=\"Jelena Prokopljevi\u0107\" \/>\n\t<meta name=\"twitter:label2\" content=\"Tiempo de lectura\" \/>\n\t<meta name=\"twitter:data2\" content=\"8 minutos\" \/>\n<script type=\"application\/ld+json\" class=\"yoast-schema-graph\">{\"@context\":\"https:\\\/\\\/schema.org\",\"@graph\":[{\"@type\":\"Article\",\"@id\":\"https:\\\/\\\/veredes.es\\\/blog\\\/los-bloques-mas-instagramables-de-nueva-belgrado-jelena-prokopljevic\\\/#article\",\"isPartOf\":{\"@id\":\"https:\\\/\\\/veredes.es\\\/blog\\\/los-bloques-mas-instagramables-de-nueva-belgrado-jelena-prokopljevic\\\/\"},\"author\":{\"name\":\"Jelena Prokopljevi\u0107\",\"@id\":\"https:\\\/\\\/veredes.es\\\/blog\\\/#\\\/schema\\\/person\\\/1d843476b56756e2e3f8fe7f15524de4\"},\"headline\":\"Los Bloques m\u00e1s Instagramables de Nueva Belgrado | Jelena Prokopljevi\u0107\",\"datePublished\":\"2022-01-30T23:01:04+00:00\",\"dateModified\":\"2022-10-22T16:35:30+00:00\",\"mainEntityOfPage\":{\"@id\":\"https:\\\/\\\/veredes.es\\\/blog\\\/los-bloques-mas-instagramables-de-nueva-belgrado-jelena-prokopljevic\\\/\"},\"wordCount\":1766,\"commentCount\":0,\"publisher\":{\"@id\":\"https:\\\/\\\/veredes.es\\\/blog\\\/#organization\"},\"image\":{\"@id\":\"https:\\\/\\\/veredes.es\\\/blog\\\/los-bloques-mas-instagramables-de-nueva-belgrado-jelena-prokopljevic\\\/#primaryimage\"},\"thumbnailUrl\":\"https:\\\/\\\/veredes.es\\\/blog\\\/wp-content\\\/uploads\\\/2022\\\/01\\\/Los-Bloques-mas-Instagramables-de-Nueva-Belgrado-Jelena-Prokopljevic-blokovi-joca-ristic-1980.jpg\",\"keywords\":[\"Aleksandar Stjepanovi\u0107\",\"arquitectura brutalista\",\"arquitectura cl\u00e1sica\",\"arquitectura comunista\",\"arquitectura moderna\",\"arquitectura monumental\",\"arquitectura rusa\",\"arquitectura socialista\",\"arquitectura yugoslava\",\"Bo\u017eidar Jankovi\u0107\",\"Branislav Karad\u017ei\u0107\",\"Brasilia\",\"Chandigarh\",\"cine\",\"cine perif\u00e9rico\",\"cineastas\",\"ciudad\",\"ciudad socialista\",\"Darko y Milenija Maru\u0161i\u0107\",\"espacio p\u00fablico\",\"historia\",\"Jelena Prokopljevi\u0107\",\"Kenzo Tange\",\"Lavoslav Horvat\",\"Le Corbusier\",\"Maroje Mrdulja\u0161\",\"metabolismo\",\"Mies van der Rohe\",\"Mihajlo Mitrovi\u0107\",\"Milan Miodragovi\u0107\",\"Milenija Maru\u0161i\u0107\",\"movimiento moderno\",\"Team X\",\"teor\u00eda\",\"teor\u00eda e historia\",\"Vladimir Poto\u010dnjak\"],\"articleSection\":[\"art\u00edculos\",\"slider principal\"],\"inLanguage\":\"es\",\"potentialAction\":[{\"@type\":\"CommentAction\",\"name\":\"Comment\",\"target\":[\"https:\\\/\\\/veredes.es\\\/blog\\\/los-bloques-mas-instagramables-de-nueva-belgrado-jelena-prokopljevic\\\/#respond\"]}]},{\"@type\":\"WebPage\",\"@id\":\"https:\\\/\\\/veredes.es\\\/blog\\\/los-bloques-mas-instagramables-de-nueva-belgrado-jelena-prokopljevic\\\/\",\"url\":\"https:\\\/\\\/veredes.es\\\/blog\\\/los-bloques-mas-instagramables-de-nueva-belgrado-jelena-prokopljevic\\\/\",\"name\":\"Los Bloques m\u00e1s Instagramables de Nueva Belgrado | Jelena Prokopljevi\u0107 - veredes\",\"isPartOf\":{\"@id\":\"https:\\\/\\\/veredes.es\\\/blog\\\/#website\"},\"primaryImageOfPage\":{\"@id\":\"https:\\\/\\\/veredes.es\\\/blog\\\/los-bloques-mas-instagramables-de-nueva-belgrado-jelena-prokopljevic\\\/#primaryimage\"},\"image\":{\"@id\":\"https:\\\/\\\/veredes.es\\\/blog\\\/los-bloques-mas-instagramables-de-nueva-belgrado-jelena-prokopljevic\\\/#primaryimage\"},\"thumbnailUrl\":\"https:\\\/\\\/veredes.es\\\/blog\\\/wp-content\\\/uploads\\\/2022\\\/01\\\/Los-Bloques-mas-Instagramables-de-Nueva-Belgrado-Jelena-Prokopljevic-blokovi-joca-ristic-1980.jpg\",\"datePublished\":\"2022-01-30T23:01:04+00:00\",\"dateModified\":\"2022-10-22T16:35:30+00:00\",\"description\":\"Toda la informaci\u00f3n sobre: Los Bloques m\u00e1s Instagramables de Nueva Belgrado | Jelena Prokopljevi\u0107\",\"breadcrumb\":{\"@id\":\"https:\\\/\\\/veredes.es\\\/blog\\\/los-bloques-mas-instagramables-de-nueva-belgrado-jelena-prokopljevic\\\/#breadcrumb\"},\"inLanguage\":\"es\",\"potentialAction\":[{\"@type\":\"ReadAction\",\"target\":[\"https:\\\/\\\/veredes.es\\\/blog\\\/los-bloques-mas-instagramables-de-nueva-belgrado-jelena-prokopljevic\\\/\"]}]},{\"@type\":\"ImageObject\",\"inLanguage\":\"es\",\"@id\":\"https:\\\/\\\/veredes.es\\\/blog\\\/los-bloques-mas-instagramables-de-nueva-belgrado-jelena-prokopljevic\\\/#primaryimage\",\"url\":\"https:\\\/\\\/veredes.es\\\/blog\\\/wp-content\\\/uploads\\\/2022\\\/01\\\/Los-Bloques-mas-Instagramables-de-Nueva-Belgrado-Jelena-Prokopljevic-blokovi-joca-ristic-1980.jpg\",\"contentUrl\":\"https:\\\/\\\/veredes.es\\\/blog\\\/wp-content\\\/uploads\\\/2022\\\/01\\\/Los-Bloques-mas-Instagramables-de-Nueva-Belgrado-Jelena-Prokopljevic-blokovi-joca-ristic-1980.jpg\",\"width\":720,\"height\":280,\"caption\":\"Los Bloques m\u00e1s Instagramables de Nueva Belgrado Jelena Prokopljevi\u0107 blokovi-joca-ristic-1980\"},{\"@type\":\"BreadcrumbList\",\"@id\":\"https:\\\/\\\/veredes.es\\\/blog\\\/los-bloques-mas-instagramables-de-nueva-belgrado-jelena-prokopljevic\\\/#breadcrumb\",\"itemListElement\":[{\"@type\":\"ListItem\",\"position\":1,\"name\":\"Portada\",\"item\":\"https:\\\/\\\/veredes.es\\\/blog\\\/\"},{\"@type\":\"ListItem\",\"position\":2,\"name\":\"Los Bloques m\u00e1s Instagramables de Nueva Belgrado | Jelena Prokopljevi\u0107\"}]},{\"@type\":\"WebSite\",\"@id\":\"https:\\\/\\\/veredes.es\\\/blog\\\/#website\",\"url\":\"https:\\\/\\\/veredes.es\\\/blog\\\/\",\"name\":\"veredes, arquitectura y divulgaci\u00f3n\",\"description\":\"veredes\",\"publisher\":{\"@id\":\"https:\\\/\\\/veredes.es\\\/blog\\\/#organization\"},\"alternateName\":\"veredes\",\"potentialAction\":[{\"@type\":\"SearchAction\",\"target\":{\"@type\":\"EntryPoint\",\"urlTemplate\":\"https:\\\/\\\/veredes.es\\\/blog\\\/?s={search_term_string}\"},\"query-input\":{\"@type\":\"PropertyValueSpecification\",\"valueRequired\":true,\"valueName\":\"search_term_string\"}}],\"inLanguage\":\"es\"},{\"@type\":\"Organization\",\"@id\":\"https:\\\/\\\/veredes.es\\\/blog\\\/#organization\",\"name\":\"veredes, arquitectura y divulgaci\u00f3n\",\"alternateName\":\"veredes\",\"url\":\"https:\\\/\\\/veredes.es\\\/blog\\\/\",\"logo\":{\"@type\":\"ImageObject\",\"inLanguage\":\"es\",\"@id\":\"https:\\\/\\\/veredes.es\\\/blog\\\/#\\\/schema\\\/logo\\\/image\\\/\",\"url\":\"https:\\\/\\\/veredes.es\\\/blog\\\/wp-content\\\/uploads\\\/2021\\\/12\\\/veredes-logo-centrado_140x54.png\",\"contentUrl\":\"https:\\\/\\\/veredes.es\\\/blog\\\/wp-content\\\/uploads\\\/2021\\\/12\\\/veredes-logo-centrado_140x54.png\",\"width\":140,\"height\":54,\"caption\":\"veredes, arquitectura y divulgaci\u00f3n\"},\"image\":{\"@id\":\"https:\\\/\\\/veredes.es\\\/blog\\\/#\\\/schema\\\/logo\\\/image\\\/\"},\"sameAs\":[\"https:\\\/\\\/www.facebook.com\\\/veredesArquitecturayDivulgacion\\\/\",\"https:\\\/\\\/x.com\\\/veredes\",\"https:\\\/\\\/instagram.com\\\/veredes\\\/\",\"https:\\\/\\\/www.linkedin.com\\\/company\\\/veredes-arquitectura-y-divulgacion\\\/\",\"https:\\\/\\\/es.pinterest.com\\\/veredes\\\/\",\"https:\\\/\\\/www.tumblr.com\\\/veredes\"]},{\"@type\":\"Person\",\"@id\":\"https:\\\/\\\/veredes.es\\\/blog\\\/#\\\/schema\\\/person\\\/1d843476b56756e2e3f8fe7f15524de4\",\"name\":\"Jelena Prokopljevi\u0107\",\"image\":{\"@type\":\"ImageObject\",\"inLanguage\":\"es\",\"@id\":\"https:\\\/\\\/veredes.es\\\/blog\\\/wp-content\\\/uploads\\\/2018\\\/04\\\/Jelena-Prokopljevi\u0107_avatar_1524557239-96x96.jpg\",\"url\":\"https:\\\/\\\/veredes.es\\\/blog\\\/wp-content\\\/uploads\\\/2018\\\/04\\\/Jelena-Prokopljevi\u0107_avatar_1524557239-96x96.jpg\",\"contentUrl\":\"https:\\\/\\\/veredes.es\\\/blog\\\/wp-content\\\/uploads\\\/2018\\\/04\\\/Jelena-Prokopljevi\u0107_avatar_1524557239-96x96.jpg\",\"caption\":\"Jelena Prokopljevi\u0107\"},\"description\":\"Arquitecta e investigadora serbia, titulada por la Universidad de Belgrado, y residente en Barcelona, miembro del Comit\u00e9 de Expertos del Premio Europeo del Espacio P\u00fablico Urbano desde la edici\u00f3n del 2014. Se doctor\u00f3 en 2006 en la ETSAB, ciudad en la que reside y trabaja. Ha colaborado con la plataforma Eurasian Hub en proyectos de transformaci\u00f3n urbana y ha sido responsable del \u00e1rea de arquitectura y urbanismo en la Casa del Este, organizaci\u00f3n radicada en Barcelona y dedicada a promover la cooperaci\u00f3n con la Europa Central y Oriental. Entre sus publicaciones m\u00e1s destacadas, consta el libro Corea del Norte: Utop\u00eda de hormig\u00f3n; arquitectura y urbanismo al servicio de una ideolog\u00eda (escrito con Roger Mateos, 2012) y el art\u00edculo \u00abEspacio p\u00fablico en la ciudad socialista: entre la abundancia y la indefinici\u00f3n\u00bb, publicado en URBS, revista de estudios urbanos y ciencias sociales. Adem\u00e1s, suele impartir conferencias y participar en coloquios en lugares como la ETSAB, la Universidad Aut\u00f3noma de Barcelona (UAB), la fundaci\u00f3n Amigos de la UNESCO de Barcelona o la Universidad Ion Mincu de Bucarest. Prokopljevi\u0107 es miembro del Comit\u00e9 de expertos del Premio Europeo del Espacio P\u00fablico Urbano desde su edici\u00f3n de 2014.\",\"sameAs\":[\"https:\\\/\\\/laciudadsocialista.wordpress.com\\\/\",\"https:\\\/\\\/www.facebook.com\\\/jelena.prokopljevic\",\"https:\\\/\\\/www.instagram.com\\\/jlnp\\\/\",\"https:\\\/\\\/www.linkedin.com\\\/in\\\/jelena-prokopljevic-29006b43\\\/\",\"https:\\\/\\\/x.com\\\/https:\\\/\\\/twitter.com\\\/jelena_pro\"],\"url\":\"https:\\\/\\\/veredes.es\\\/blog\\\/author\\\/jelena-prokopljevic\\\/\"}]}<\/script>\n<!-- \/ Yoast SEO plugin. -->","yoast_head_json":{"title":"Los Bloques m\u00e1s Instagramables de Nueva Belgrado | Jelena Prokopljevi\u0107 - veredes","description":"Toda la informaci\u00f3n sobre: Los Bloques m\u00e1s Instagramables de Nueva Belgrado | Jelena Prokopljevi\u0107","robots":{"index":"index","follow":"follow","max-snippet":"max-snippet:-1","max-image-preview":"max-image-preview:large","max-video-preview":"max-video-preview:-1"},"canonical":"https:\/\/veredes.es\/blog\/los-bloques-mas-instagramables-de-nueva-belgrado-jelena-prokopljevic\/","og_locale":"es_ES","og_type":"article","og_title":"Los Bloques m\u00e1s Instagramables de Nueva Belgrado | Jelena Prokopljevi\u0107 - veredes","og_description":"Toda la informaci\u00f3n sobre: Los Bloques m\u00e1s Instagramables de Nueva Belgrado | Jelena Prokopljevi\u0107","og_url":"https:\/\/veredes.es\/blog\/los-bloques-mas-instagramables-de-nueva-belgrado-jelena-prokopljevic\/","og_site_name":"veredes, arquitectura y divulgaci\u00f3n","article_publisher":"https:\/\/www.facebook.com\/veredesArquitecturayDivulgacion\/","article_author":"https:\/\/www.facebook.com\/jelena.prokopljevic","article_published_time":"2022-01-30T23:01:04+00:00","article_modified_time":"2022-10-22T16:35:30+00:00","og_image":[{"width":720,"height":280,"url":"https:\/\/veredes.es\/blog\/wp-content\/uploads\/2022\/01\/Los-Bloques-mas-Instagramables-de-Nueva-Belgrado-Jelena-Prokopljevic-blokovi-joca-ristic-1980.jpg","type":"image\/jpeg"}],"author":"Jelena Prokopljevi\u0107","twitter_card":"summary_large_image","twitter_creator":"@https:\/\/twitter.com\/jelena_pro","twitter_site":"@veredes","twitter_misc":{"Escrito por":"Jelena Prokopljevi\u0107","Tiempo de lectura":"8 minutos"},"schema":{"@context":"https:\/\/schema.org","@graph":[{"@type":"Article","@id":"https:\/\/veredes.es\/blog\/los-bloques-mas-instagramables-de-nueva-belgrado-jelena-prokopljevic\/#article","isPartOf":{"@id":"https:\/\/veredes.es\/blog\/los-bloques-mas-instagramables-de-nueva-belgrado-jelena-prokopljevic\/"},"author":{"name":"Jelena Prokopljevi\u0107","@id":"https:\/\/veredes.es\/blog\/#\/schema\/person\/1d843476b56756e2e3f8fe7f15524de4"},"headline":"Los Bloques m\u00e1s Instagramables de Nueva Belgrado | Jelena Prokopljevi\u0107","datePublished":"2022-01-30T23:01:04+00:00","dateModified":"2022-10-22T16:35:30+00:00","mainEntityOfPage":{"@id":"https:\/\/veredes.es\/blog\/los-bloques-mas-instagramables-de-nueva-belgrado-jelena-prokopljevic\/"},"wordCount":1766,"commentCount":0,"publisher":{"@id":"https:\/\/veredes.es\/blog\/#organization"},"image":{"@id":"https:\/\/veredes.es\/blog\/los-bloques-mas-instagramables-de-nueva-belgrado-jelena-prokopljevic\/#primaryimage"},"thumbnailUrl":"https:\/\/veredes.es\/blog\/wp-content\/uploads\/2022\/01\/Los-Bloques-mas-Instagramables-de-Nueva-Belgrado-Jelena-Prokopljevic-blokovi-joca-ristic-1980.jpg","keywords":["Aleksandar Stjepanovi\u0107","arquitectura brutalista","arquitectura cl\u00e1sica","arquitectura comunista","arquitectura moderna","arquitectura monumental","arquitectura rusa","arquitectura socialista","arquitectura yugoslava","Bo\u017eidar Jankovi\u0107","Branislav Karad\u017ei\u0107","Brasilia","Chandigarh","cine","cine perif\u00e9rico","cineastas","ciudad","ciudad socialista","Darko y Milenija Maru\u0161i\u0107","espacio p\u00fablico","historia","Jelena Prokopljevi\u0107","Kenzo Tange","Lavoslav Horvat","Le Corbusier","Maroje Mrdulja\u0161","metabolismo","Mies van der Rohe","Mihajlo Mitrovi\u0107","Milan Miodragovi\u0107","Milenija Maru\u0161i\u0107","movimiento moderno","Team X","teor\u00eda","teor\u00eda e historia","Vladimir Poto\u010dnjak"],"articleSection":["art\u00edculos","slider principal"],"inLanguage":"es","potentialAction":[{"@type":"CommentAction","name":"Comment","target":["https:\/\/veredes.es\/blog\/los-bloques-mas-instagramables-de-nueva-belgrado-jelena-prokopljevic\/#respond"]}]},{"@type":"WebPage","@id":"https:\/\/veredes.es\/blog\/los-bloques-mas-instagramables-de-nueva-belgrado-jelena-prokopljevic\/","url":"https:\/\/veredes.es\/blog\/los-bloques-mas-instagramables-de-nueva-belgrado-jelena-prokopljevic\/","name":"Los Bloques m\u00e1s Instagramables de Nueva Belgrado | Jelena Prokopljevi\u0107 - veredes","isPartOf":{"@id":"https:\/\/veredes.es\/blog\/#website"},"primaryImageOfPage":{"@id":"https:\/\/veredes.es\/blog\/los-bloques-mas-instagramables-de-nueva-belgrado-jelena-prokopljevic\/#primaryimage"},"image":{"@id":"https:\/\/veredes.es\/blog\/los-bloques-mas-instagramables-de-nueva-belgrado-jelena-prokopljevic\/#primaryimage"},"thumbnailUrl":"https:\/\/veredes.es\/blog\/wp-content\/uploads\/2022\/01\/Los-Bloques-mas-Instagramables-de-Nueva-Belgrado-Jelena-Prokopljevic-blokovi-joca-ristic-1980.jpg","datePublished":"2022-01-30T23:01:04+00:00","dateModified":"2022-10-22T16:35:30+00:00","description":"Toda la informaci\u00f3n sobre: Los Bloques m\u00e1s Instagramables de Nueva Belgrado | Jelena Prokopljevi\u0107","breadcrumb":{"@id":"https:\/\/veredes.es\/blog\/los-bloques-mas-instagramables-de-nueva-belgrado-jelena-prokopljevic\/#breadcrumb"},"inLanguage":"es","potentialAction":[{"@type":"ReadAction","target":["https:\/\/veredes.es\/blog\/los-bloques-mas-instagramables-de-nueva-belgrado-jelena-prokopljevic\/"]}]},{"@type":"ImageObject","inLanguage":"es","@id":"https:\/\/veredes.es\/blog\/los-bloques-mas-instagramables-de-nueva-belgrado-jelena-prokopljevic\/#primaryimage","url":"https:\/\/veredes.es\/blog\/wp-content\/uploads\/2022\/01\/Los-Bloques-mas-Instagramables-de-Nueva-Belgrado-Jelena-Prokopljevic-blokovi-joca-ristic-1980.jpg","contentUrl":"https:\/\/veredes.es\/blog\/wp-content\/uploads\/2022\/01\/Los-Bloques-mas-Instagramables-de-Nueva-Belgrado-Jelena-Prokopljevic-blokovi-joca-ristic-1980.jpg","width":720,"height":280,"caption":"Los Bloques m\u00e1s Instagramables de Nueva Belgrado Jelena Prokopljevi\u0107 blokovi-joca-ristic-1980"},{"@type":"BreadcrumbList","@id":"https:\/\/veredes.es\/blog\/los-bloques-mas-instagramables-de-nueva-belgrado-jelena-prokopljevic\/#breadcrumb","itemListElement":[{"@type":"ListItem","position":1,"name":"Portada","item":"https:\/\/veredes.es\/blog\/"},{"@type":"ListItem","position":2,"name":"Los Bloques m\u00e1s Instagramables de Nueva Belgrado | Jelena Prokopljevi\u0107"}]},{"@type":"WebSite","@id":"https:\/\/veredes.es\/blog\/#website","url":"https:\/\/veredes.es\/blog\/","name":"veredes, arquitectura y divulgaci\u00f3n","description":"veredes","publisher":{"@id":"https:\/\/veredes.es\/blog\/#organization"},"alternateName":"veredes","potentialAction":[{"@type":"SearchAction","target":{"@type":"EntryPoint","urlTemplate":"https:\/\/veredes.es\/blog\/?s={search_term_string}"},"query-input":{"@type":"PropertyValueSpecification","valueRequired":true,"valueName":"search_term_string"}}],"inLanguage":"es"},{"@type":"Organization","@id":"https:\/\/veredes.es\/blog\/#organization","name":"veredes, arquitectura y divulgaci\u00f3n","alternateName":"veredes","url":"https:\/\/veredes.es\/blog\/","logo":{"@type":"ImageObject","inLanguage":"es","@id":"https:\/\/veredes.es\/blog\/#\/schema\/logo\/image\/","url":"https:\/\/veredes.es\/blog\/wp-content\/uploads\/2021\/12\/veredes-logo-centrado_140x54.png","contentUrl":"https:\/\/veredes.es\/blog\/wp-content\/uploads\/2021\/12\/veredes-logo-centrado_140x54.png","width":140,"height":54,"caption":"veredes, arquitectura y divulgaci\u00f3n"},"image":{"@id":"https:\/\/veredes.es\/blog\/#\/schema\/logo\/image\/"},"sameAs":["https:\/\/www.facebook.com\/veredesArquitecturayDivulgacion\/","https:\/\/x.com\/veredes","https:\/\/instagram.com\/veredes\/","https:\/\/www.linkedin.com\/company\/veredes-arquitectura-y-divulgacion\/","https:\/\/es.pinterest.com\/veredes\/","https:\/\/www.tumblr.com\/veredes"]},{"@type":"Person","@id":"https:\/\/veredes.es\/blog\/#\/schema\/person\/1d843476b56756e2e3f8fe7f15524de4","name":"Jelena Prokopljevi\u0107","image":{"@type":"ImageObject","inLanguage":"es","@id":"https:\/\/veredes.es\/blog\/wp-content\/uploads\/2018\/04\/Jelena-Prokopljevi\u0107_avatar_1524557239-96x96.jpg","url":"https:\/\/veredes.es\/blog\/wp-content\/uploads\/2018\/04\/Jelena-Prokopljevi\u0107_avatar_1524557239-96x96.jpg","contentUrl":"https:\/\/veredes.es\/blog\/wp-content\/uploads\/2018\/04\/Jelena-Prokopljevi\u0107_avatar_1524557239-96x96.jpg","caption":"Jelena Prokopljevi\u0107"},"description":"Arquitecta e investigadora serbia, titulada por la Universidad de Belgrado, y residente en Barcelona, miembro del Comit\u00e9 de Expertos del Premio Europeo del Espacio P\u00fablico Urbano desde la edici\u00f3n del 2014. Se doctor\u00f3 en 2006 en la ETSAB, ciudad en la que reside y trabaja. Ha colaborado con la plataforma Eurasian Hub en proyectos de transformaci\u00f3n urbana y ha sido responsable del \u00e1rea de arquitectura y urbanismo en la Casa del Este, organizaci\u00f3n radicada en Barcelona y dedicada a promover la cooperaci\u00f3n con la Europa Central y Oriental. Entre sus publicaciones m\u00e1s destacadas, consta el libro Corea del Norte: Utop\u00eda de hormig\u00f3n; arquitectura y urbanismo al servicio de una ideolog\u00eda (escrito con Roger Mateos, 2012) y el art\u00edculo \u00abEspacio p\u00fablico en la ciudad socialista: entre la abundancia y la indefinici\u00f3n\u00bb, publicado en URBS, revista de estudios urbanos y ciencias sociales. Adem\u00e1s, suele impartir conferencias y participar en coloquios en lugares como la ETSAB, la Universidad Aut\u00f3noma de Barcelona (UAB), la fundaci\u00f3n Amigos de la UNESCO de Barcelona o la Universidad Ion Mincu de Bucarest. Prokopljevi\u0107 es miembro del Comit\u00e9 de expertos del Premio Europeo del Espacio P\u00fablico Urbano desde su edici\u00f3n de 2014.","sameAs":["https:\/\/laciudadsocialista.wordpress.com\/","https:\/\/www.facebook.com\/jelena.prokopljevic","https:\/\/www.instagram.com\/jlnp\/","https:\/\/www.linkedin.com\/in\/jelena-prokopljevic-29006b43\/","https:\/\/x.com\/https:\/\/twitter.com\/jelena_pro"],"url":"https:\/\/veredes.es\/blog\/author\/jelena-prokopljevic\/"}]}},"_links":{"self":[{"href":"https:\/\/veredes.es\/blog\/wp-json\/wp\/v2\/posts\/87454","targetHints":{"allow":["GET"]}}],"collection":[{"href":"https:\/\/veredes.es\/blog\/wp-json\/wp\/v2\/posts"}],"about":[{"href":"https:\/\/veredes.es\/blog\/wp-json\/wp\/v2\/types\/post"}],"author":[{"embeddable":true,"href":"https:\/\/veredes.es\/blog\/wp-json\/wp\/v2\/users\/41"}],"replies":[{"embeddable":true,"href":"https:\/\/veredes.es\/blog\/wp-json\/wp\/v2\/comments?post=87454"}],"version-history":[{"count":0,"href":"https:\/\/veredes.es\/blog\/wp-json\/wp\/v2\/posts\/87454\/revisions"}],"wp:featuredmedia":[{"embeddable":true,"href":"https:\/\/veredes.es\/blog\/wp-json\/wp\/v2\/media\/87478"}],"wp:attachment":[{"href":"https:\/\/veredes.es\/blog\/wp-json\/wp\/v2\/media?parent=87454"}],"wp:term":[{"taxonomy":"category","embeddable":true,"href":"https:\/\/veredes.es\/blog\/wp-json\/wp\/v2\/categories?post=87454"},{"taxonomy":"post_tag","embeddable":true,"href":"https:\/\/veredes.es\/blog\/wp-json\/wp\/v2\/tags?post=87454"}],"curies":[{"name":"wp","href":"https:\/\/api.w.org\/{rel}","templated":true}]}}