{"id":86724,"date":"2022-01-07T00:01:57","date_gmt":"2022-01-06T23:01:57","guid":{"rendered":"https:\/\/veredes.es\/blog\/?p=86724"},"modified":"2026-03-23T13:28:35","modified_gmt":"2026-03-23T12:28:35","slug":"escaleras-funciones-oblicuas-y-viajes-interdimensionales-jose-ramon-hernandez-correa","status":"publish","type":"post","link":"https:\/\/veredes.es\/blog\/escaleras-funciones-oblicuas-y-viajes-interdimensionales-jose-ramon-hernandez-correa\/","title":{"rendered":"Escaleras, funciones oblicuas y viajes interdimensionales | Jos\u00e9 Ram\u00f3n Hern\u00e1ndez Correa"},"content":{"rendered":"<figure id=\"attachment_86726\" aria-describedby=\"caption-attachment-86726\" style=\"width: 800px\" class=\"wp-caption alignnone\"><img loading=\"lazy\" decoding=\"async\" class=\"wp-image-86726 size-full\" title=\"Claude Parent y Paul Virilio, Les inclisites, 1968 Maqueta de madera\" src=\"https:\/\/veredes.es\/blog\/wp-content\/uploads\/2021\/12\/Escaleras-funciones-oblicuas-y-viajes-interdimensionales-Jose-Ramon-Hernandez-Correa-Claude-Parent-y-Paul-Virilio-Les-inclisites-1968-Maqueta-de-madera.jpg\" alt=\"Claude Parent y Paul Virilio, Les inclisites, 1968 Maqueta de madera\" width=\"800\" height=\"661\" srcset=\"https:\/\/veredes.es\/blog\/wp-content\/uploads\/2021\/12\/Escaleras-funciones-oblicuas-y-viajes-interdimensionales-Jose-Ramon-Hernandez-Correa-Claude-Parent-y-Paul-Virilio-Les-inclisites-1968-Maqueta-de-madera.jpg 800w, https:\/\/veredes.es\/blog\/wp-content\/uploads\/2021\/12\/Escaleras-funciones-oblicuas-y-viajes-interdimensionales-Jose-Ramon-Hernandez-Correa-Claude-Parent-y-Paul-Virilio-Les-inclisites-1968-Maqueta-de-madera-300x248.jpg 300w\" sizes=\"auto, (max-width: 800px) 100vw, 800px\" \/><figcaption id=\"caption-attachment-86726\" class=\"wp-caption-text\"><span style=\"color: #999999;\">Claude Parent y Paul Virilio,<em> Les inclisites<\/em>, 1968 Maqueta de madera<\/span><\/figcaption><\/figure>\n<p style=\"text-align: justify;\">La mayor\u00eda de edificios que habitamos y que concebimos son ortogonales: El plano horizontal es el \u00e1mbito habitable, y a su vez varios \u00e1mbitos habitables se apilan en vertical. Todo ello est\u00e1 causado por la gravedad. Es as\u00ed de sencillo y no hay muchas m\u00e1s vueltas que darle: La gravedad hace que podamos habitar planos horizontales con comodidad, y que las columnas y muros que soportan el peso de colocar unos planos sobre otros trabajen en vertical, transmitiendo las cargas hasta el suelo.<\/p>\n<p style=\"text-align: justify;\">Los arquitectos\u00a0<b>Claude Parent<\/b>\u00a0y\u00a0<b>Paul Virilio<\/b>, conscientes de esta dictadura de la ortogonalidad, buscaron una nueva expresi\u00f3n espacial para el tiempo actual (a\u00f1os 1960s), y acu\u00f1aron el t\u00e9rmino de\u00a0<i><a href=\"https:\/\/elementosdecomposicion.wordpress.com\/2012\/05\/12\/lo-oblicuo\/\">funci\u00f3n oblicua<\/a><\/i>. Para ellos, esa oblicuidad podr\u00eda ser el signo de nuestra \u00e9poca.<\/p>\n<p style=\"text-align: justify;\">La oblicuidad habla de la inestabilidad, liga los espacios de forma din\u00e1mica y obliga al usuario a replantearse las cosas, a re-habitar el espacio, a vivir en el filo&#8230; y a andar con cuidado. La funci\u00f3n oblicua se queda en el terreno te\u00f3rico, puesto que es muy dif\u00edcil llevarla a la pr\u00e1ctica de forma extensa y generalizada. De su brillante propuesta nos queda una colecci\u00f3n de dibujos y maquetas y unos pocos (muy pocos) y fascinantes espacios realizados.<\/p>\n<p style=\"text-align: justify;\">Tal vez otro d\u00eda hablemos aqu\u00ed de la obra de Parent y Virilio y de la funci\u00f3n oblicua, pero lo que hoy quisiera se\u00f1alar es que en nuestros espacios ortogonales cotidianos, por m\u00e1s anodinos que sean, siempre hay una funci\u00f3n oblicua que se escapa, que va a su bola y que pertenece a otra realidad: la escalera.<\/p>\n<p style=\"text-align: justify;\">Mi amigo virtual <b><a href=\"http:\/\/alfavino.blogspot.com.es\/\">Alfredo Avi\u00f1\u00f3 Garc\u00eda<\/a><\/b>, tiene un<a href=\"https:\/\/es.pinterest.com\/aavino\/62-arq-escaleras\/\" target=\"_blank\" rel=\"noopener\"> \u00abtablero\u00bb en Pinterest<\/a> dedicado a las escaleras, donde hay algunas fant\u00e1sticas. Muchos otros arquitectos cuelgan en twitter y en facebook fotograf\u00edas de escaleras. \u00bfQu\u00e9 tienen las escaleras que nos llaman tanto la atenci\u00f3n? Pues que para unir planos horizontales superpuestos utilizan la funci\u00f3n oblicua. Esto hace que se salgan del sistema para volver a \u00e9l, que utilicen una dimensi\u00f3n diferente, como ocurr\u00eda en la\u00a0<i>Planilandia<\/i>\u00a0de\u00a0<b><a href=\"http:\/\/es.wikipedia.org\/wiki\/Edwin_Abbott_Abbott\" target=\"_blank\" rel=\"noopener\">Edwin Abbott<\/a><\/b>, y que generen magia.<\/p>\n<div class=\"youtube-embed\" data-video_id=\"P6MQBb51jas\"><iframe loading=\"lazy\" title=\"La Cuarta Dimension explicada por Carl Sagan\" width=\"696\" height=\"522\" src=\"https:\/\/www.youtube.com\/embed\/P6MQBb51jas?feature=oembed&#038;enablejsapi=1\" frameborder=\"0\" allow=\"accelerometer; autoplay; clipboard-write; encrypted-media; gyroscope; picture-in-picture; web-share\" referrerpolicy=\"strict-origin-when-cross-origin\" allowfullscreen><\/iframe><\/div>\n<p style=\"text-align: justify;\"><span style=\"color: #999999;\"><em>(Bueno, tal vez con este v\u00eddeo me he pasado un poco, pero es que est\u00e1 tan bien&#8230; Yo s\u00f3lo quer\u00eda decir que la humilde escalera, con su funci\u00f3n oblicua, salta de un plano horizontal a otro, y nos da el mismo susto que le dio la manzana al cuadrado).<\/em><\/span><\/p>\n<p style=\"text-align: justify;\">Los edificios m\u00e1s sencillos y triviales tienen ese elemento que se sale, que se salta esa trivialidad y que da una riqueza espacial muy extra\u00f1a. Las escaleras no son de ese sistema. Son intrusas, son otra cosa.<\/p>\n<figure id=\"attachment_86725\" aria-describedby=\"caption-attachment-86725\" style=\"width: 1200px\" class=\"wp-caption alignnone\"><img loading=\"lazy\" decoding=\"async\" class=\"wp-image-86725 size-full\" title=\"Escaleras, funciones oblicuas y viajes interdimensionales Jos\u00e9 Ram\u00f3n Hern\u00e1ndez Correa\" src=\"https:\/\/veredes.es\/blog\/wp-content\/uploads\/2021\/12\/Escaleras-funciones-oblicuas-y-viajes-interdimensionales-Jose-Ramon-Hernandez-Correa-Encofrado-escalera.jpg\" alt=\"Escaleras, funciones oblicuas y viajes interdimensionales Jos\u00e9 Ram\u00f3n Hern\u00e1ndez Correa\" width=\"1200\" height=\"890\" srcset=\"https:\/\/veredes.es\/blog\/wp-content\/uploads\/2021\/12\/Escaleras-funciones-oblicuas-y-viajes-interdimensionales-Jose-Ramon-Hernandez-Correa-Encofrado-escalera.jpg 1200w, https:\/\/veredes.es\/blog\/wp-content\/uploads\/2021\/12\/Escaleras-funciones-oblicuas-y-viajes-interdimensionales-Jose-Ramon-Hernandez-Correa-Encofrado-escalera-300x223.jpg 300w, https:\/\/veredes.es\/blog\/wp-content\/uploads\/2021\/12\/Escaleras-funciones-oblicuas-y-viajes-interdimensionales-Jose-Ramon-Hernandez-Correa-Encofrado-escalera-1024x759.jpg 1024w\" sizes=\"auto, (max-width: 1200px) 100vw, 1200px\" \/><figcaption id=\"caption-attachment-86725\" class=\"wp-caption-text\"><span style=\"color: #999999;\">Escaleras, funciones oblicuas y viajes interdimensionales\u00a0\u00a0<\/span><\/figcaption><\/figure>\n<p style=\"text-align: justify;\">Sus encofrados son dif\u00edciles, sus replanteos son problem\u00e1ticos. Hacer una buena barandilla es dificil\u00edsimo, porque no se puede dar continuidad al pasamanos, y en la b\u00fasqueda de una buena soluci\u00f3n se consumen muchas energ\u00edas. Geom\u00e9tricamente est\u00e1n en otro sitio, incoherentes con el resto del edificio, caprichosas, dif\u00edciles.<\/p>\n<p style=\"text-align: justify;\"><b><a href=\"http:\/\/es.wikipedia.org\/wiki\/Julio_Cort%C3%A1zar\">Julio Cort\u00e1zar<\/a><\/b> cuenta estupendamente el pasmo, la inquietud, el misterio y la sorpresa que provocan las escaleras:<\/p>\n<p style=\"text-align: justify; padding-left: 40px;\">INSTRUCCIONES PARA SUBIR UNA ESCALERA<\/p>\n<p style=\"text-align: justify; padding-left: 40px;\">Nadie habr\u00e1 dejado de observar que con frecuencia el suelo se pliega de manera tal que una parte sube en \u00e1ngulo recto con el plano del suelo, y luego la parte siguiente se coloca paralela a este plano, para dar paso a una nueva perpendicular, conducta que se repite en espiral o en l\u00ednea quebrada hasta alturas sumamente variables. Agach\u00e1ndose y poniendo la mano izquierda en una de las partes verticales, y la derecha en la horizontal correspondiente, se est\u00e1 en posesi\u00f3n moment\u00e1nea de un pelda\u00f1o o escal\u00f3n. Cada uno de estos pelda\u00f1os, formados como se ve por dos elementos, se sit\u00faa un tanto m\u00e1s arriba y adelante que el anterior, principio que da sentido a la escalera, ya que cualquiera otra combinaci\u00f3n producir\u00e1 formas quiz\u00e1 m\u00e1s bellas o pintorescas, pero incapaces de trasladar de una planta baja a un primer piso. Las escaleras se suben de frente, pues hacia atr\u00e1s o de costado resultan particularmente inc\u00f3modas. La actitud natural consiste en mantenerse de pie, los brazos colgando sin esfuerzo, la cabeza erguida aunque no tanto que los ojos dejen de ver los pelda\u00f1os inmediatamente superiores al que se pisa, y respirando lenta y regularmente. Para subir una escalera se comienza por levantar esa parte del cuerpo situada a la derecha abajo, envuelta casi siempre en cuero o gamuza, y que salvo excepciones cabe exactamente en el escal\u00f3n. Puesta en el primer pelda\u00f1o dicha parte, que para abreviar llamaremos pie, se recoge la parte equivalente de la izquierda (tambi\u00e9n llamada pie, pero que no ha de confundirse con el pie antes citado), y llev\u00e1ndola a la altura del pie, se le hace seguir hasta colocarla en el segundo pelda\u00f1o, con lo cual en \u00e9ste descansar\u00e1 el pie, y en el primero descansar\u00e1 el pie. (Los primeros pelda\u00f1os son siempre los m\u00e1s dif\u00edciles, hasta adquirir la coordinaci\u00f3n necesaria. La coincidencia de nombre entre el pie y el pie hace dif\u00edcil la explicaci\u00f3n. Cu\u00eddese especialmente de no levantar al mismo tiempo el pie y el pie). Llegado en esta forma al segundo pelda\u00f1o, basta repetir alternadamente los movimientos hasta encontrarse con el final de la escalera. Se sale de ella f\u00e1cilmente, con un ligero golpe de tal\u00f3n que la fija en su sitio, del que no se mover\u00e1 hasta el momento del descenso.<\/p>\n<div style=\"padding-left: 40px; text-align: right;\">Julio Cort\u00e1zar<\/div>\n<div style=\"padding-left: 40px; text-align: right;\">Historias de cronopios y de famas<\/div>\n<p>Otra sorprendida y pasmada interpretaci\u00f3n del mundo escaleril, esta vez en la argentina-afrancesada voz del autor:<\/p>\n<p><iframe loading=\"lazy\" title=\"Julio Cort\u00e1zar-Instrucciones para subir una escalera al rev\u00e9s.\" width=\"696\" height=\"522\" src=\"https:\/\/www.youtube.com\/embed\/RsH0lCPYANA?feature=oembed\" frameborder=\"0\" allow=\"accelerometer; autoplay; clipboard-write; encrypted-media; gyroscope; picture-in-picture; web-share\" referrerpolicy=\"strict-origin-when-cross-origin\" allowfullscreen><\/iframe><\/p>\n<p style=\"text-align: justify;\">Jos\u00e9 Ram\u00f3n Hern\u00e1ndez Correa \u00b7 Doctor Arquitecto<br \/>\nToledo \u00b7 mayo 2015<\/p>\n<p style=\"text-align: justify;\"><em><span style=\"color: #999999;\">Nota: Este art\u00edculos est\u00e1 dedicado a Alfredo Avi\u00f1\u00f3<\/span><\/em><\/p>\n","protected":false},"excerpt":{"rendered":"<p>La mayor\u00eda de edificios que habitamos y que concebimos son ortogonales: El plano horizontal es el \u00e1mbito habitable, y a su vez varios \u00e1mbitos habitables se apilan en vertical. Todo ello est\u00e1 causado por la gravedad. Es as\u00ed de sencillo y no hay muchas m\u00e1s vueltas que darle: La gravedad hace que podamos habitar planos [&hellip;]<\/p>\n","protected":false},"author":33,"featured_media":86726,"comment_status":"open","ping_status":"closed","sticky":false,"template":"","format":"standard","meta":{"footnotes":""},"categories":[568,5951],"tags":[12448,3991,12108,15704,3653,5625,11215],"class_list":{"0":"post-86724","1":"post","2":"type-post","3":"status-publish","4":"format-standard","5":"has-post-thumbnail","7":"category-faro","8":"category-slider-principal","9":"tag-arquitectura","10":"tag-berenice-abbott","11":"tag-claude-parent","12":"tag-edwin-abbott","13":"tag-jose-ramon-hernandez-correa","14":"tag-julio-cortazar","15":"tag-paul-virilio"},"yoast_head":"<!-- This site is optimized with the Yoast SEO plugin v27.4 - https:\/\/yoast.com\/product\/yoast-seo-wordpress\/ -->\n<title>Escaleras, funciones oblicuas y viajes interdimensionales | Jos\u00e9 Ram\u00f3n Hern\u00e1ndez Correa - veredes<\/title>\n<meta name=\"description\" content=\"Toda la informaci\u00f3n sobre: Escaleras, funciones oblicuas y viajes interdimensionales | Jos\u00e9 Ram\u00f3n Hern\u00e1ndez Correa\" \/>\n<meta name=\"robots\" content=\"index, follow, max-snippet:-1, max-image-preview:large, max-video-preview:-1\" \/>\n<link rel=\"canonical\" href=\"https:\/\/veredes.es\/blog\/escaleras-funciones-oblicuas-y-viajes-interdimensionales-jose-ramon-hernandez-correa\/\" \/>\n<meta property=\"og:locale\" content=\"es_ES\" \/>\n<meta property=\"og:type\" content=\"article\" \/>\n<meta property=\"og:title\" content=\"Escaleras, funciones oblicuas y viajes interdimensionales | Jos\u00e9 Ram\u00f3n Hern\u00e1ndez Correa - veredes\" \/>\n<meta property=\"og:description\" content=\"Toda la informaci\u00f3n sobre: Escaleras, funciones oblicuas y viajes interdimensionales | Jos\u00e9 Ram\u00f3n Hern\u00e1ndez Correa\" \/>\n<meta property=\"og:url\" content=\"https:\/\/veredes.es\/blog\/escaleras-funciones-oblicuas-y-viajes-interdimensionales-jose-ramon-hernandez-correa\/\" \/>\n<meta property=\"og:site_name\" content=\"veredes, arquitectura y divulgaci\u00f3n\" \/>\n<meta property=\"article:publisher\" content=\"https:\/\/www.facebook.com\/veredesArquitecturayDivulgacion\/\" \/>\n<meta property=\"article:author\" content=\"https:\/\/www.facebook.com\/joseramon.hernandezcorrea\" \/>\n<meta property=\"article:published_time\" content=\"2022-01-06T23:01:57+00:00\" \/>\n<meta property=\"article:modified_time\" content=\"2026-03-23T12:28:35+00:00\" \/>\n<meta property=\"og:image\" content=\"https:\/\/veredes.es\/blog\/wp-content\/uploads\/2021\/12\/Escaleras-funciones-oblicuas-y-viajes-interdimensionales-Jose-Ramon-Hernandez-Correa-Claude-Parent-y-Paul-Virilio-Les-inclisites-1968-Maqueta-de-madera.jpg\" \/>\n\t<meta property=\"og:image:width\" content=\"800\" \/>\n\t<meta property=\"og:image:height\" content=\"661\" \/>\n\t<meta property=\"og:image:type\" content=\"image\/jpeg\" \/>\n<meta name=\"author\" content=\"Jos\u00e9 Ram\u00f3n Hern\u00e1ndez Correa\" \/>\n<meta name=\"twitter:card\" content=\"summary_large_image\" \/>\n<meta name=\"twitter:creator\" content=\"@https:\/\/twitter.com\/arquitectamos\" \/>\n<meta name=\"twitter:site\" content=\"@veredes\" \/>\n<meta name=\"twitter:label1\" content=\"Escrito por\" \/>\n\t<meta name=\"twitter:data1\" content=\"Jos\u00e9 Ram\u00f3n Hern\u00e1ndez Correa\" \/>\n\t<meta name=\"twitter:label2\" content=\"Tiempo de lectura\" \/>\n\t<meta name=\"twitter:data2\" content=\"5 minutos\" \/>\n<script type=\"application\/ld+json\" class=\"yoast-schema-graph\">{\"@context\":\"https:\\\/\\\/schema.org\",\"@graph\":[{\"@type\":\"Article\",\"@id\":\"https:\\\/\\\/veredes.es\\\/blog\\\/escaleras-funciones-oblicuas-y-viajes-interdimensionales-jose-ramon-hernandez-correa\\\/#article\",\"isPartOf\":{\"@id\":\"https:\\\/\\\/veredes.es\\\/blog\\\/escaleras-funciones-oblicuas-y-viajes-interdimensionales-jose-ramon-hernandez-correa\\\/\"},\"author\":{\"name\":\"Jos\u00e9 Ram\u00f3n Hern\u00e1ndez Correa\",\"@id\":\"https:\\\/\\\/veredes.es\\\/blog\\\/#\\\/schema\\\/person\\\/eefca3204fa5a4349162c2869bee6c49\"},\"headline\":\"Escaleras, funciones oblicuas y viajes interdimensionales | Jos\u00e9 Ram\u00f3n Hern\u00e1ndez Correa\",\"datePublished\":\"2022-01-06T23:01:57+00:00\",\"dateModified\":\"2026-03-23T12:28:35+00:00\",\"mainEntityOfPage\":{\"@id\":\"https:\\\/\\\/veredes.es\\\/blog\\\/escaleras-funciones-oblicuas-y-viajes-interdimensionales-jose-ramon-hernandez-correa\\\/\"},\"wordCount\":1049,\"commentCount\":0,\"publisher\":{\"@id\":\"https:\\\/\\\/veredes.es\\\/blog\\\/#organization\"},\"image\":{\"@id\":\"https:\\\/\\\/veredes.es\\\/blog\\\/escaleras-funciones-oblicuas-y-viajes-interdimensionales-jose-ramon-hernandez-correa\\\/#primaryimage\"},\"thumbnailUrl\":\"https:\\\/\\\/veredes.es\\\/blog\\\/wp-content\\\/uploads\\\/2021\\\/12\\\/Escaleras-funciones-oblicuas-y-viajes-interdimensionales-Jose-Ramon-Hernandez-Correa-Claude-Parent-y-Paul-Virilio-Les-inclisites-1968-Maqueta-de-madera.jpg\",\"keywords\":[\"arquitectura\",\"Berenice Abbott\",\"Claude Parent\",\"Edwin Abbott\",\"Jos\u00e9 Ram\u00f3n Hern\u00e1ndez Correa\",\"Julio Cort\u00e1zar\",\"Paul Virilio\"],\"articleSection\":[\"faro\",\"slider principal\"],\"inLanguage\":\"es\",\"potentialAction\":[{\"@type\":\"CommentAction\",\"name\":\"Comment\",\"target\":[\"https:\\\/\\\/veredes.es\\\/blog\\\/escaleras-funciones-oblicuas-y-viajes-interdimensionales-jose-ramon-hernandez-correa\\\/#respond\"]}]},{\"@type\":\"WebPage\",\"@id\":\"https:\\\/\\\/veredes.es\\\/blog\\\/escaleras-funciones-oblicuas-y-viajes-interdimensionales-jose-ramon-hernandez-correa\\\/\",\"url\":\"https:\\\/\\\/veredes.es\\\/blog\\\/escaleras-funciones-oblicuas-y-viajes-interdimensionales-jose-ramon-hernandez-correa\\\/\",\"name\":\"Escaleras, funciones oblicuas y viajes interdimensionales | Jos\u00e9 Ram\u00f3n Hern\u00e1ndez Correa - veredes\",\"isPartOf\":{\"@id\":\"https:\\\/\\\/veredes.es\\\/blog\\\/#website\"},\"primaryImageOfPage\":{\"@id\":\"https:\\\/\\\/veredes.es\\\/blog\\\/escaleras-funciones-oblicuas-y-viajes-interdimensionales-jose-ramon-hernandez-correa\\\/#primaryimage\"},\"image\":{\"@id\":\"https:\\\/\\\/veredes.es\\\/blog\\\/escaleras-funciones-oblicuas-y-viajes-interdimensionales-jose-ramon-hernandez-correa\\\/#primaryimage\"},\"thumbnailUrl\":\"https:\\\/\\\/veredes.es\\\/blog\\\/wp-content\\\/uploads\\\/2021\\\/12\\\/Escaleras-funciones-oblicuas-y-viajes-interdimensionales-Jose-Ramon-Hernandez-Correa-Claude-Parent-y-Paul-Virilio-Les-inclisites-1968-Maqueta-de-madera.jpg\",\"datePublished\":\"2022-01-06T23:01:57+00:00\",\"dateModified\":\"2026-03-23T12:28:35+00:00\",\"description\":\"Toda la informaci\u00f3n sobre: Escaleras, funciones oblicuas y viajes interdimensionales | Jos\u00e9 Ram\u00f3n Hern\u00e1ndez Correa\",\"breadcrumb\":{\"@id\":\"https:\\\/\\\/veredes.es\\\/blog\\\/escaleras-funciones-oblicuas-y-viajes-interdimensionales-jose-ramon-hernandez-correa\\\/#breadcrumb\"},\"inLanguage\":\"es\",\"potentialAction\":[{\"@type\":\"ReadAction\",\"target\":[\"https:\\\/\\\/veredes.es\\\/blog\\\/escaleras-funciones-oblicuas-y-viajes-interdimensionales-jose-ramon-hernandez-correa\\\/\"]}]},{\"@type\":\"ImageObject\",\"inLanguage\":\"es\",\"@id\":\"https:\\\/\\\/veredes.es\\\/blog\\\/escaleras-funciones-oblicuas-y-viajes-interdimensionales-jose-ramon-hernandez-correa\\\/#primaryimage\",\"url\":\"https:\\\/\\\/veredes.es\\\/blog\\\/wp-content\\\/uploads\\\/2021\\\/12\\\/Escaleras-funciones-oblicuas-y-viajes-interdimensionales-Jose-Ramon-Hernandez-Correa-Claude-Parent-y-Paul-Virilio-Les-inclisites-1968-Maqueta-de-madera.jpg\",\"contentUrl\":\"https:\\\/\\\/veredes.es\\\/blog\\\/wp-content\\\/uploads\\\/2021\\\/12\\\/Escaleras-funciones-oblicuas-y-viajes-interdimensionales-Jose-Ramon-Hernandez-Correa-Claude-Parent-y-Paul-Virilio-Les-inclisites-1968-Maqueta-de-madera.jpg\",\"width\":800,\"height\":661,\"caption\":\"Claude Parent y Paul Virilio, Les inclisites, 1968 Maqueta de madera\"},{\"@type\":\"BreadcrumbList\",\"@id\":\"https:\\\/\\\/veredes.es\\\/blog\\\/escaleras-funciones-oblicuas-y-viajes-interdimensionales-jose-ramon-hernandez-correa\\\/#breadcrumb\",\"itemListElement\":[{\"@type\":\"ListItem\",\"position\":1,\"name\":\"Portada\",\"item\":\"https:\\\/\\\/veredes.es\\\/blog\\\/\"},{\"@type\":\"ListItem\",\"position\":2,\"name\":\"Escaleras, funciones oblicuas y viajes interdimensionales | Jos\u00e9 Ram\u00f3n Hern\u00e1ndez Correa\"}]},{\"@type\":\"WebSite\",\"@id\":\"https:\\\/\\\/veredes.es\\\/blog\\\/#website\",\"url\":\"https:\\\/\\\/veredes.es\\\/blog\\\/\",\"name\":\"veredes, arquitectura y divulgaci\u00f3n\",\"description\":\"veredes\",\"publisher\":{\"@id\":\"https:\\\/\\\/veredes.es\\\/blog\\\/#organization\"},\"alternateName\":\"veredes\",\"potentialAction\":[{\"@type\":\"SearchAction\",\"target\":{\"@type\":\"EntryPoint\",\"urlTemplate\":\"https:\\\/\\\/veredes.es\\\/blog\\\/?s={search_term_string}\"},\"query-input\":{\"@type\":\"PropertyValueSpecification\",\"valueRequired\":true,\"valueName\":\"search_term_string\"}}],\"inLanguage\":\"es\"},{\"@type\":\"Organization\",\"@id\":\"https:\\\/\\\/veredes.es\\\/blog\\\/#organization\",\"name\":\"veredes, arquitectura y divulgaci\u00f3n\",\"alternateName\":\"veredes\",\"url\":\"https:\\\/\\\/veredes.es\\\/blog\\\/\",\"logo\":{\"@type\":\"ImageObject\",\"inLanguage\":\"es\",\"@id\":\"https:\\\/\\\/veredes.es\\\/blog\\\/#\\\/schema\\\/logo\\\/image\\\/\",\"url\":\"https:\\\/\\\/veredes.es\\\/blog\\\/wp-content\\\/uploads\\\/2021\\\/12\\\/veredes-logo-centrado_140x54.png\",\"contentUrl\":\"https:\\\/\\\/veredes.es\\\/blog\\\/wp-content\\\/uploads\\\/2021\\\/12\\\/veredes-logo-centrado_140x54.png\",\"width\":140,\"height\":54,\"caption\":\"veredes, arquitectura y divulgaci\u00f3n\"},\"image\":{\"@id\":\"https:\\\/\\\/veredes.es\\\/blog\\\/#\\\/schema\\\/logo\\\/image\\\/\"},\"sameAs\":[\"https:\\\/\\\/www.facebook.com\\\/veredesArquitecturayDivulgacion\\\/\",\"https:\\\/\\\/x.com\\\/veredes\",\"https:\\\/\\\/instagram.com\\\/veredes\\\/\",\"https:\\\/\\\/www.linkedin.com\\\/company\\\/veredes-arquitectura-y-divulgacion\\\/\",\"https:\\\/\\\/es.pinterest.com\\\/veredes\\\/\",\"https:\\\/\\\/www.tumblr.com\\\/veredes\"]},{\"@type\":\"Person\",\"@id\":\"https:\\\/\\\/veredes.es\\\/blog\\\/#\\\/schema\\\/person\\\/eefca3204fa5a4349162c2869bee6c49\",\"name\":\"Jos\u00e9 Ram\u00f3n Hern\u00e1ndez Correa\",\"image\":{\"@type\":\"ImageObject\",\"inLanguage\":\"es\",\"@id\":\"https:\\\/\\\/veredes.es\\\/blog\\\/wp-content\\\/uploads\\\/2018\\\/04\\\/Jos\u00e9-Ram\u00f3n-Hern\u00e1ndez-Correa-96x96.jpg\",\"url\":\"https:\\\/\\\/veredes.es\\\/blog\\\/wp-content\\\/uploads\\\/2018\\\/04\\\/Jos\u00e9-Ram\u00f3n-Hern\u00e1ndez-Correa-96x96.jpg\",\"contentUrl\":\"https:\\\/\\\/veredes.es\\\/blog\\\/wp-content\\\/uploads\\\/2018\\\/04\\\/Jos\u00e9-Ram\u00f3n-Hern\u00e1ndez-Correa-96x96.jpg\",\"caption\":\"Jos\u00e9 Ram\u00f3n Hern\u00e1ndez Correa\"},\"description\":\"Nac\u00ed en 1960. Arquitecto por la ETSAM, 1985. Doctor Arquitecto por la Universidad Polit\u00e9cnica de Madrid, 1992. Soy, en el buen sentido de la palabra, bueno. Ahora estoy algo cansado, pero sigo atento y curioso. Arquitecto, bloguero, saxofonero, escritor... pero todo mal.\",\"sameAs\":[\"http:\\\/\\\/arquitectamoslocos.blogspot.com.es\\\/\",\"https:\\\/\\\/www.facebook.com\\\/joseramon.hernandezcorrea\",\"https:\\\/\\\/www.instagram.com\\\/arquitectamoslocos\\\/\",\"https:\\\/\\\/www.linkedin.com\\\/in\\\/jos-ramn-hernndez-correa-b6378b2a\\\/\",\"https:\\\/\\\/x.com\\\/https:\\\/\\\/twitter.com\\\/arquitectamos\"],\"url\":\"https:\\\/\\\/veredes.es\\\/blog\\\/author\\\/arquitectamos\\\/\"}]}<\/script>\n<!-- \/ Yoast SEO plugin. -->","yoast_head_json":{"title":"Escaleras, funciones oblicuas y viajes interdimensionales | Jos\u00e9 Ram\u00f3n Hern\u00e1ndez Correa - veredes","description":"Toda la informaci\u00f3n sobre: Escaleras, funciones oblicuas y viajes interdimensionales | Jos\u00e9 Ram\u00f3n Hern\u00e1ndez Correa","robots":{"index":"index","follow":"follow","max-snippet":"max-snippet:-1","max-image-preview":"max-image-preview:large","max-video-preview":"max-video-preview:-1"},"canonical":"https:\/\/veredes.es\/blog\/escaleras-funciones-oblicuas-y-viajes-interdimensionales-jose-ramon-hernandez-correa\/","og_locale":"es_ES","og_type":"article","og_title":"Escaleras, funciones oblicuas y viajes interdimensionales | Jos\u00e9 Ram\u00f3n Hern\u00e1ndez Correa - veredes","og_description":"Toda la informaci\u00f3n sobre: Escaleras, funciones oblicuas y viajes interdimensionales | Jos\u00e9 Ram\u00f3n Hern\u00e1ndez Correa","og_url":"https:\/\/veredes.es\/blog\/escaleras-funciones-oblicuas-y-viajes-interdimensionales-jose-ramon-hernandez-correa\/","og_site_name":"veredes, arquitectura y divulgaci\u00f3n","article_publisher":"https:\/\/www.facebook.com\/veredesArquitecturayDivulgacion\/","article_author":"https:\/\/www.facebook.com\/joseramon.hernandezcorrea","article_published_time":"2022-01-06T23:01:57+00:00","article_modified_time":"2026-03-23T12:28:35+00:00","og_image":[{"width":800,"height":661,"url":"https:\/\/veredes.es\/blog\/wp-content\/uploads\/2021\/12\/Escaleras-funciones-oblicuas-y-viajes-interdimensionales-Jose-Ramon-Hernandez-Correa-Claude-Parent-y-Paul-Virilio-Les-inclisites-1968-Maqueta-de-madera.jpg","type":"image\/jpeg"}],"author":"Jos\u00e9 Ram\u00f3n Hern\u00e1ndez Correa","twitter_card":"summary_large_image","twitter_creator":"@https:\/\/twitter.com\/arquitectamos","twitter_site":"@veredes","twitter_misc":{"Escrito por":"Jos\u00e9 Ram\u00f3n Hern\u00e1ndez Correa","Tiempo de lectura":"5 minutos"},"schema":{"@context":"https:\/\/schema.org","@graph":[{"@type":"Article","@id":"https:\/\/veredes.es\/blog\/escaleras-funciones-oblicuas-y-viajes-interdimensionales-jose-ramon-hernandez-correa\/#article","isPartOf":{"@id":"https:\/\/veredes.es\/blog\/escaleras-funciones-oblicuas-y-viajes-interdimensionales-jose-ramon-hernandez-correa\/"},"author":{"name":"Jos\u00e9 Ram\u00f3n Hern\u00e1ndez Correa","@id":"https:\/\/veredes.es\/blog\/#\/schema\/person\/eefca3204fa5a4349162c2869bee6c49"},"headline":"Escaleras, funciones oblicuas y viajes interdimensionales | Jos\u00e9 Ram\u00f3n Hern\u00e1ndez Correa","datePublished":"2022-01-06T23:01:57+00:00","dateModified":"2026-03-23T12:28:35+00:00","mainEntityOfPage":{"@id":"https:\/\/veredes.es\/blog\/escaleras-funciones-oblicuas-y-viajes-interdimensionales-jose-ramon-hernandez-correa\/"},"wordCount":1049,"commentCount":0,"publisher":{"@id":"https:\/\/veredes.es\/blog\/#organization"},"image":{"@id":"https:\/\/veredes.es\/blog\/escaleras-funciones-oblicuas-y-viajes-interdimensionales-jose-ramon-hernandez-correa\/#primaryimage"},"thumbnailUrl":"https:\/\/veredes.es\/blog\/wp-content\/uploads\/2021\/12\/Escaleras-funciones-oblicuas-y-viajes-interdimensionales-Jose-Ramon-Hernandez-Correa-Claude-Parent-y-Paul-Virilio-Les-inclisites-1968-Maqueta-de-madera.jpg","keywords":["arquitectura","Berenice Abbott","Claude Parent","Edwin Abbott","Jos\u00e9 Ram\u00f3n Hern\u00e1ndez Correa","Julio Cort\u00e1zar","Paul Virilio"],"articleSection":["faro","slider principal"],"inLanguage":"es","potentialAction":[{"@type":"CommentAction","name":"Comment","target":["https:\/\/veredes.es\/blog\/escaleras-funciones-oblicuas-y-viajes-interdimensionales-jose-ramon-hernandez-correa\/#respond"]}]},{"@type":"WebPage","@id":"https:\/\/veredes.es\/blog\/escaleras-funciones-oblicuas-y-viajes-interdimensionales-jose-ramon-hernandez-correa\/","url":"https:\/\/veredes.es\/blog\/escaleras-funciones-oblicuas-y-viajes-interdimensionales-jose-ramon-hernandez-correa\/","name":"Escaleras, funciones oblicuas y viajes interdimensionales | Jos\u00e9 Ram\u00f3n Hern\u00e1ndez Correa - veredes","isPartOf":{"@id":"https:\/\/veredes.es\/blog\/#website"},"primaryImageOfPage":{"@id":"https:\/\/veredes.es\/blog\/escaleras-funciones-oblicuas-y-viajes-interdimensionales-jose-ramon-hernandez-correa\/#primaryimage"},"image":{"@id":"https:\/\/veredes.es\/blog\/escaleras-funciones-oblicuas-y-viajes-interdimensionales-jose-ramon-hernandez-correa\/#primaryimage"},"thumbnailUrl":"https:\/\/veredes.es\/blog\/wp-content\/uploads\/2021\/12\/Escaleras-funciones-oblicuas-y-viajes-interdimensionales-Jose-Ramon-Hernandez-Correa-Claude-Parent-y-Paul-Virilio-Les-inclisites-1968-Maqueta-de-madera.jpg","datePublished":"2022-01-06T23:01:57+00:00","dateModified":"2026-03-23T12:28:35+00:00","description":"Toda la informaci\u00f3n sobre: Escaleras, funciones oblicuas y viajes interdimensionales | Jos\u00e9 Ram\u00f3n Hern\u00e1ndez Correa","breadcrumb":{"@id":"https:\/\/veredes.es\/blog\/escaleras-funciones-oblicuas-y-viajes-interdimensionales-jose-ramon-hernandez-correa\/#breadcrumb"},"inLanguage":"es","potentialAction":[{"@type":"ReadAction","target":["https:\/\/veredes.es\/blog\/escaleras-funciones-oblicuas-y-viajes-interdimensionales-jose-ramon-hernandez-correa\/"]}]},{"@type":"ImageObject","inLanguage":"es","@id":"https:\/\/veredes.es\/blog\/escaleras-funciones-oblicuas-y-viajes-interdimensionales-jose-ramon-hernandez-correa\/#primaryimage","url":"https:\/\/veredes.es\/blog\/wp-content\/uploads\/2021\/12\/Escaleras-funciones-oblicuas-y-viajes-interdimensionales-Jose-Ramon-Hernandez-Correa-Claude-Parent-y-Paul-Virilio-Les-inclisites-1968-Maqueta-de-madera.jpg","contentUrl":"https:\/\/veredes.es\/blog\/wp-content\/uploads\/2021\/12\/Escaleras-funciones-oblicuas-y-viajes-interdimensionales-Jose-Ramon-Hernandez-Correa-Claude-Parent-y-Paul-Virilio-Les-inclisites-1968-Maqueta-de-madera.jpg","width":800,"height":661,"caption":"Claude Parent y Paul Virilio, Les inclisites, 1968 Maqueta de madera"},{"@type":"BreadcrumbList","@id":"https:\/\/veredes.es\/blog\/escaleras-funciones-oblicuas-y-viajes-interdimensionales-jose-ramon-hernandez-correa\/#breadcrumb","itemListElement":[{"@type":"ListItem","position":1,"name":"Portada","item":"https:\/\/veredes.es\/blog\/"},{"@type":"ListItem","position":2,"name":"Escaleras, funciones oblicuas y viajes interdimensionales | Jos\u00e9 Ram\u00f3n Hern\u00e1ndez Correa"}]},{"@type":"WebSite","@id":"https:\/\/veredes.es\/blog\/#website","url":"https:\/\/veredes.es\/blog\/","name":"veredes, arquitectura y divulgaci\u00f3n","description":"veredes","publisher":{"@id":"https:\/\/veredes.es\/blog\/#organization"},"alternateName":"veredes","potentialAction":[{"@type":"SearchAction","target":{"@type":"EntryPoint","urlTemplate":"https:\/\/veredes.es\/blog\/?s={search_term_string}"},"query-input":{"@type":"PropertyValueSpecification","valueRequired":true,"valueName":"search_term_string"}}],"inLanguage":"es"},{"@type":"Organization","@id":"https:\/\/veredes.es\/blog\/#organization","name":"veredes, arquitectura y divulgaci\u00f3n","alternateName":"veredes","url":"https:\/\/veredes.es\/blog\/","logo":{"@type":"ImageObject","inLanguage":"es","@id":"https:\/\/veredes.es\/blog\/#\/schema\/logo\/image\/","url":"https:\/\/veredes.es\/blog\/wp-content\/uploads\/2021\/12\/veredes-logo-centrado_140x54.png","contentUrl":"https:\/\/veredes.es\/blog\/wp-content\/uploads\/2021\/12\/veredes-logo-centrado_140x54.png","width":140,"height":54,"caption":"veredes, arquitectura y divulgaci\u00f3n"},"image":{"@id":"https:\/\/veredes.es\/blog\/#\/schema\/logo\/image\/"},"sameAs":["https:\/\/www.facebook.com\/veredesArquitecturayDivulgacion\/","https:\/\/x.com\/veredes","https:\/\/instagram.com\/veredes\/","https:\/\/www.linkedin.com\/company\/veredes-arquitectura-y-divulgacion\/","https:\/\/es.pinterest.com\/veredes\/","https:\/\/www.tumblr.com\/veredes"]},{"@type":"Person","@id":"https:\/\/veredes.es\/blog\/#\/schema\/person\/eefca3204fa5a4349162c2869bee6c49","name":"Jos\u00e9 Ram\u00f3n Hern\u00e1ndez Correa","image":{"@type":"ImageObject","inLanguage":"es","@id":"https:\/\/veredes.es\/blog\/wp-content\/uploads\/2018\/04\/Jos\u00e9-Ram\u00f3n-Hern\u00e1ndez-Correa-96x96.jpg","url":"https:\/\/veredes.es\/blog\/wp-content\/uploads\/2018\/04\/Jos\u00e9-Ram\u00f3n-Hern\u00e1ndez-Correa-96x96.jpg","contentUrl":"https:\/\/veredes.es\/blog\/wp-content\/uploads\/2018\/04\/Jos\u00e9-Ram\u00f3n-Hern\u00e1ndez-Correa-96x96.jpg","caption":"Jos\u00e9 Ram\u00f3n Hern\u00e1ndez Correa"},"description":"Nac\u00ed en 1960. Arquitecto por la ETSAM, 1985. Doctor Arquitecto por la Universidad Polit\u00e9cnica de Madrid, 1992. Soy, en el buen sentido de la palabra, bueno. Ahora estoy algo cansado, pero sigo atento y curioso. Arquitecto, bloguero, saxofonero, escritor... pero todo mal.","sameAs":["http:\/\/arquitectamoslocos.blogspot.com.es\/","https:\/\/www.facebook.com\/joseramon.hernandezcorrea","https:\/\/www.instagram.com\/arquitectamoslocos\/","https:\/\/www.linkedin.com\/in\/jos-ramn-hernndez-correa-b6378b2a\/","https:\/\/x.com\/https:\/\/twitter.com\/arquitectamos"],"url":"https:\/\/veredes.es\/blog\/author\/arquitectamos\/"}]}},"_links":{"self":[{"href":"https:\/\/veredes.es\/blog\/wp-json\/wp\/v2\/posts\/86724","targetHints":{"allow":["GET"]}}],"collection":[{"href":"https:\/\/veredes.es\/blog\/wp-json\/wp\/v2\/posts"}],"about":[{"href":"https:\/\/veredes.es\/blog\/wp-json\/wp\/v2\/types\/post"}],"author":[{"embeddable":true,"href":"https:\/\/veredes.es\/blog\/wp-json\/wp\/v2\/users\/33"}],"replies":[{"embeddable":true,"href":"https:\/\/veredes.es\/blog\/wp-json\/wp\/v2\/comments?post=86724"}],"version-history":[{"count":1,"href":"https:\/\/veredes.es\/blog\/wp-json\/wp\/v2\/posts\/86724\/revisions"}],"predecessor-version":[{"id":105491,"href":"https:\/\/veredes.es\/blog\/wp-json\/wp\/v2\/posts\/86724\/revisions\/105491"}],"wp:featuredmedia":[{"embeddable":true,"href":"https:\/\/veredes.es\/blog\/wp-json\/wp\/v2\/media\/86726"}],"wp:attachment":[{"href":"https:\/\/veredes.es\/blog\/wp-json\/wp\/v2\/media?parent=86724"}],"wp:term":[{"taxonomy":"category","embeddable":true,"href":"https:\/\/veredes.es\/blog\/wp-json\/wp\/v2\/categories?post=86724"},{"taxonomy":"post_tag","embeddable":true,"href":"https:\/\/veredes.es\/blog\/wp-json\/wp\/v2\/tags?post=86724"}],"curies":[{"name":"wp","href":"https:\/\/api.w.org\/{rel}","templated":true}]}}