{"id":86544,"date":"2021-12-22T00:01:31","date_gmt":"2021-12-21T23:01:31","guid":{"rendered":"https:\/\/veredes.es\/blog\/?p=86544"},"modified":"2021-12-22T09:54:29","modified_gmt":"2021-12-22T08:54:29","slug":"edificio-de-viviendas-produccion-y-formacion-esment-inca-ar3-gualguasplliteras-mdba-architects","status":"publish","type":"post","link":"https:\/\/veredes.es\/blog\/edificio-de-viviendas-produccion-y-formacion-esment-inca-ar3-gualguasplliteras-mdba-architects\/","title":{"rendered":"Edificio de viviendas , producci\u00f3n y  formaci\u00f3n &#8211; ESMENT INCA | AR3 Gualguasplliteras &#8211; MDBA Architects"},"content":{"rendered":"<p><img loading=\"lazy\" decoding=\"async\" class=\"alignnone size-full wp-image-86570\" src=\"https:\/\/veredes.es\/blog\/wp-content\/uploads\/2021\/12\/Edificio-de-viviendas-produccion-y-formacion-ESMENT-INCA-AR3-Gualguasplliteras-MDBA-Architects-01-\u00a9Milena-Villalba-2021.jpg\" alt=\"\" width=\"1600\" height=\"900\" srcset=\"https:\/\/veredes.es\/blog\/wp-content\/uploads\/2021\/12\/Edificio-de-viviendas-produccion-y-formacion-ESMENT-INCA-AR3-Gualguasplliteras-MDBA-Architects-01-\u00a9Milena-Villalba-2021.jpg 1600w, https:\/\/veredes.es\/blog\/wp-content\/uploads\/2021\/12\/Edificio-de-viviendas-produccion-y-formacion-ESMENT-INCA-AR3-Gualguasplliteras-MDBA-Architects-01-\u00a9Milena-Villalba-2021-300x169.jpg 300w, https:\/\/veredes.es\/blog\/wp-content\/uploads\/2021\/12\/Edificio-de-viviendas-produccion-y-formacion-ESMENT-INCA-AR3-Gualguasplliteras-MDBA-Architects-01-\u00a9Milena-Villalba-2021-1024x576.jpg 1024w, https:\/\/veredes.es\/blog\/wp-content\/uploads\/2021\/12\/Edificio-de-viviendas-produccion-y-formacion-ESMENT-INCA-AR3-Gualguasplliteras-MDBA-Architects-01-\u00a9Milena-Villalba-2021-1536x864.jpg 1536w\" sizes=\"auto, (max-width: 1600px) 100vw, 1600px\" \/><\/p>\n<p style=\"text-align: justify;\">El edificio es un gran contenedor que filtra la luz natural de diferentes formas para ir conformando espacios interiores directamente relacionados con los exteriores. Es esta relaci\u00f3n interior-exterior la que origina el proyecto. La idea principal es que todas las actividades desarrolladas dentro del edificio tengan una conexi\u00f3n directa con el exterior.<\/p>\n<p style=\"text-align: justify;\">Es por ello que es muy importante crear una piel envolvente que permita esta vinculaci\u00f3n de espacios y nos ayude a delimitar y desdibujar al mismo tiempo la frontera entre interior y exterior. El edificio se dispone longitudinalmente a la fachada m\u00e1s larga del solar separ\u00e1ndose de la medianera trasera. Cuenta con tres plantas sobre el nivel de la calle y una bajo rasante. Se ha dejado un paso entre el cuerpo principal del edificio y la medianera para poder situar los elementos de comunicaci\u00f3n principales: la rampa de veh\u00edculos y los accesos a los n\u00facleos de comunicaci\u00f3n vertical. En cada uno de los extremos se ubica un n\u00facleo vertical de acceso a los cuatro niveles.<\/p>\n<p style=\"text-align: justify;\">La planta baja, directamente relacionada con la calle y la ciudad en todas las fachadas, es la base del edificio, s\u00f3lida y estable. Las plantas piso, m\u00e1s ligeras, crean sus propios espacios exteriores como si fueran extensiones privadas de la calle. De esta manera se van desarrollando diversos lugares de relaci\u00f3n entre los usuarios del edificio: desde los m\u00e1s privados en la planta segunda de viviendas hasta la m\u00e1s p\u00fablica en la planta baja destinada a producci\u00f3n y restaurante.<\/p>\n<p style=\"text-align: justify;\">En cualquier caso, siempre subyace el concepto de comunidad marcadamente unido a las diferentes zonas.<\/p>\n<p style=\"text-align: justify;\">La propietaria del edificio, la Fundaci\u00f3 Amadip Esment, tiene por objetivo destinar todos los espacios a sus usuarios, personas con discapacidad intelectual, pero no renuncia a compartirlos con la comunidad, ya que sus servicios abarcan la formaci\u00f3n, la producci\u00f3n y la inserci\u00f3n laboral.<\/p>\n<div id='gallery-1' class='gallery galleryid-86544 gallery-columns-4 gallery-size-thumbnail'><figure class='gallery-item'>\n\t\t\t<div class='gallery-icon landscape'>\n\t\t\t\t<a href='https:\/\/veredes.es\/blog\/wp-content\/uploads\/2021\/12\/Edificio-de-viviendas-produccion-y-formacion-ESMENT-INCA-AR3-Gualguasplliteras-MDBA-Architects-1.jpg'><img loading=\"lazy\" decoding=\"async\" width=\"120\" height=\"120\" src=\"https:\/\/veredes.es\/blog\/wp-content\/uploads\/2021\/12\/Edificio-de-viviendas-produccion-y-formacion-ESMENT-INCA-AR3-Gualguasplliteras-MDBA-Architects-1-120x120.jpg\" class=\"attachment-thumbnail size-thumbnail\" alt=\"\" srcset=\"https:\/\/veredes.es\/blog\/wp-content\/uploads\/2021\/12\/Edificio-de-viviendas-produccion-y-formacion-ESMENT-INCA-AR3-Gualguasplliteras-MDBA-Architects-1-120x120.jpg 120w, https:\/\/veredes.es\/blog\/wp-content\/uploads\/2021\/12\/Edificio-de-viviendas-produccion-y-formacion-ESMENT-INCA-AR3-Gualguasplliteras-MDBA-Architects-1-150x150.jpg 150w\" sizes=\"auto, (max-width: 120px) 100vw, 120px\" \/><\/a>\n\t\t\t<\/div><\/figure><figure class='gallery-item'>\n\t\t\t<div class='gallery-icon landscape'>\n\t\t\t\t<a href='https:\/\/veredes.es\/blog\/wp-content\/uploads\/2021\/12\/Edificio-de-viviendas-produccion-y-formacion-ESMENT-INCA-AR3-Gualguasplliteras-MDBA-Architects-2.jpg'><img loading=\"lazy\" decoding=\"async\" width=\"120\" height=\"120\" src=\"https:\/\/veredes.es\/blog\/wp-content\/uploads\/2021\/12\/Edificio-de-viviendas-produccion-y-formacion-ESMENT-INCA-AR3-Gualguasplliteras-MDBA-Architects-2-120x120.jpg\" class=\"attachment-thumbnail size-thumbnail\" alt=\"\" srcset=\"https:\/\/veredes.es\/blog\/wp-content\/uploads\/2021\/12\/Edificio-de-viviendas-produccion-y-formacion-ESMENT-INCA-AR3-Gualguasplliteras-MDBA-Architects-2-120x120.jpg 120w, https:\/\/veredes.es\/blog\/wp-content\/uploads\/2021\/12\/Edificio-de-viviendas-produccion-y-formacion-ESMENT-INCA-AR3-Gualguasplliteras-MDBA-Architects-2-150x150.jpg 150w\" sizes=\"auto, (max-width: 120px) 100vw, 120px\" \/><\/a>\n\t\t\t<\/div><\/figure><figure class='gallery-item'>\n\t\t\t<div class='gallery-icon landscape'>\n\t\t\t\t<a href='https:\/\/veredes.es\/blog\/wp-content\/uploads\/2021\/12\/Edificio-de-viviendas-produccion-y-formacion-ESMENT-INCA-AR3-Gualguasplliteras-MDBA-Architects-3.jpg'><img loading=\"lazy\" decoding=\"async\" width=\"120\" height=\"120\" src=\"https:\/\/veredes.es\/blog\/wp-content\/uploads\/2021\/12\/Edificio-de-viviendas-produccion-y-formacion-ESMENT-INCA-AR3-Gualguasplliteras-MDBA-Architects-3-120x120.jpg\" class=\"attachment-thumbnail size-thumbnail\" alt=\"\" srcset=\"https:\/\/veredes.es\/blog\/wp-content\/uploads\/2021\/12\/Edificio-de-viviendas-produccion-y-formacion-ESMENT-INCA-AR3-Gualguasplliteras-MDBA-Architects-3-120x120.jpg 120w, https:\/\/veredes.es\/blog\/wp-content\/uploads\/2021\/12\/Edificio-de-viviendas-produccion-y-formacion-ESMENT-INCA-AR3-Gualguasplliteras-MDBA-Architects-3-150x150.jpg 150w\" sizes=\"auto, (max-width: 120px) 100vw, 120px\" \/><\/a>\n\t\t\t<\/div><\/figure><figure class='gallery-item'>\n\t\t\t<div class='gallery-icon landscape'>\n\t\t\t\t<a href='https:\/\/veredes.es\/blog\/wp-content\/uploads\/2021\/12\/Edificio-de-viviendas-produccion-y-formacion-ESMENT-INCA-AR3-Gualguasplliteras-MDBA-Architects-4.jpg'><img loading=\"lazy\" decoding=\"async\" width=\"120\" height=\"120\" src=\"https:\/\/veredes.es\/blog\/wp-content\/uploads\/2021\/12\/Edificio-de-viviendas-produccion-y-formacion-ESMENT-INCA-AR3-Gualguasplliteras-MDBA-Architects-4-120x120.jpg\" class=\"attachment-thumbnail size-thumbnail\" alt=\"\" srcset=\"https:\/\/veredes.es\/blog\/wp-content\/uploads\/2021\/12\/Edificio-de-viviendas-produccion-y-formacion-ESMENT-INCA-AR3-Gualguasplliteras-MDBA-Architects-4-120x120.jpg 120w, https:\/\/veredes.es\/blog\/wp-content\/uploads\/2021\/12\/Edificio-de-viviendas-produccion-y-formacion-ESMENT-INCA-AR3-Gualguasplliteras-MDBA-Architects-4-150x150.jpg 150w\" sizes=\"auto, (max-width: 120px) 100vw, 120px\" \/><\/a>\n\t\t\t<\/div><\/figure><figure class='gallery-item'>\n\t\t\t<div class='gallery-icon landscape'>\n\t\t\t\t<a href='https:\/\/veredes.es\/blog\/wp-content\/uploads\/2021\/12\/Edificio-de-viviendas-produccion-y-formacion-ESMENT-INCA-AR3-Gualguasplliteras-MDBA-Architects-5.jpg'><img loading=\"lazy\" decoding=\"async\" width=\"120\" height=\"120\" src=\"https:\/\/veredes.es\/blog\/wp-content\/uploads\/2021\/12\/Edificio-de-viviendas-produccion-y-formacion-ESMENT-INCA-AR3-Gualguasplliteras-MDBA-Architects-5-120x120.jpg\" class=\"attachment-thumbnail size-thumbnail\" alt=\"\" srcset=\"https:\/\/veredes.es\/blog\/wp-content\/uploads\/2021\/12\/Edificio-de-viviendas-produccion-y-formacion-ESMENT-INCA-AR3-Gualguasplliteras-MDBA-Architects-5-120x120.jpg 120w, https:\/\/veredes.es\/blog\/wp-content\/uploads\/2021\/12\/Edificio-de-viviendas-produccion-y-formacion-ESMENT-INCA-AR3-Gualguasplliteras-MDBA-Architects-5-150x150.jpg 150w\" sizes=\"auto, (max-width: 120px) 100vw, 120px\" \/><\/a>\n\t\t\t<\/div><\/figure><figure class='gallery-item'>\n\t\t\t<div class='gallery-icon landscape'>\n\t\t\t\t<a href='https:\/\/veredes.es\/blog\/wp-content\/uploads\/2021\/12\/Edificio-de-viviendas-produccion-y-formacion-ESMENT-INCA-AR3-Gualguasplliteras-MDBA-Architects-6.jpg'><img loading=\"lazy\" decoding=\"async\" width=\"120\" height=\"120\" src=\"https:\/\/veredes.es\/blog\/wp-content\/uploads\/2021\/12\/Edificio-de-viviendas-produccion-y-formacion-ESMENT-INCA-AR3-Gualguasplliteras-MDBA-Architects-6-120x120.jpg\" class=\"attachment-thumbnail size-thumbnail\" alt=\"\" srcset=\"https:\/\/veredes.es\/blog\/wp-content\/uploads\/2021\/12\/Edificio-de-viviendas-produccion-y-formacion-ESMENT-INCA-AR3-Gualguasplliteras-MDBA-Architects-6-120x120.jpg 120w, https:\/\/veredes.es\/blog\/wp-content\/uploads\/2021\/12\/Edificio-de-viviendas-produccion-y-formacion-ESMENT-INCA-AR3-Gualguasplliteras-MDBA-Architects-6-150x150.jpg 150w\" sizes=\"auto, (max-width: 120px) 100vw, 120px\" \/><\/a>\n\t\t\t<\/div><\/figure><figure class='gallery-item'>\n\t\t\t<div class='gallery-icon landscape'>\n\t\t\t\t<a href='https:\/\/veredes.es\/blog\/wp-content\/uploads\/2021\/12\/Edificio-de-viviendas-produccion-y-formacion-ESMENT-INCA-AR3-Gualguasplliteras-MDBA-Architects-7.jpg'><img loading=\"lazy\" decoding=\"async\" width=\"120\" height=\"120\" src=\"https:\/\/veredes.es\/blog\/wp-content\/uploads\/2021\/12\/Edificio-de-viviendas-produccion-y-formacion-ESMENT-INCA-AR3-Gualguasplliteras-MDBA-Architects-7-120x120.jpg\" class=\"attachment-thumbnail size-thumbnail\" alt=\"\" srcset=\"https:\/\/veredes.es\/blog\/wp-content\/uploads\/2021\/12\/Edificio-de-viviendas-produccion-y-formacion-ESMENT-INCA-AR3-Gualguasplliteras-MDBA-Architects-7-120x120.jpg 120w, https:\/\/veredes.es\/blog\/wp-content\/uploads\/2021\/12\/Edificio-de-viviendas-produccion-y-formacion-ESMENT-INCA-AR3-Gualguasplliteras-MDBA-Architects-7-150x150.jpg 150w\" sizes=\"auto, (max-width: 120px) 100vw, 120px\" \/><\/a>\n\t\t\t<\/div><\/figure><figure class='gallery-item'>\n\t\t\t<div class='gallery-icon landscape'>\n\t\t\t\t<a href='https:\/\/veredes.es\/blog\/wp-content\/uploads\/2021\/12\/Edificio-de-viviendas-produccion-y-formacion-ESMENT-INCA-AR3-Gualguasplliteras-MDBA-Architects-8.jpg'><img loading=\"lazy\" decoding=\"async\" width=\"120\" height=\"120\" src=\"https:\/\/veredes.es\/blog\/wp-content\/uploads\/2021\/12\/Edificio-de-viviendas-produccion-y-formacion-ESMENT-INCA-AR3-Gualguasplliteras-MDBA-Architects-8-120x120.jpg\" class=\"attachment-thumbnail size-thumbnail\" alt=\"\" srcset=\"https:\/\/veredes.es\/blog\/wp-content\/uploads\/2021\/12\/Edificio-de-viviendas-produccion-y-formacion-ESMENT-INCA-AR3-Gualguasplliteras-MDBA-Architects-8-120x120.jpg 120w, https:\/\/veredes.es\/blog\/wp-content\/uploads\/2021\/12\/Edificio-de-viviendas-produccion-y-formacion-ESMENT-INCA-AR3-Gualguasplliteras-MDBA-Architects-8-150x150.jpg 150w\" sizes=\"auto, (max-width: 120px) 100vw, 120px\" \/><\/a>\n\t\t\t<\/div><\/figure>\n\t\t<\/div>\n\n<p style=\"text-align: justify;\"><strong>El programa del edificio se desarrolla separadamente por plantas.<\/strong><\/p>\n<p style=\"text-align: justify;\">En la planta baja se sit\u00faa una cocina industrial y un obrador con posibilidad de formaci\u00f3n para varios grupos. Anexa a la cocina y sin separaci\u00f3n f\u00edsica se dispone una sala de bar-restaurante con una sala reservado que puede funcionar como aula. Unos grandes ventanales cuadrados sirven de filtro con la calle exterior y permiten ser usados como asientos tanto al interior como al exterior marcando el car\u00e1cter semiexterior del espacio.<\/p>\n<p style=\"text-align: justify;\">En la planta primera existen cuatro aulas de grandes dimensiones y un espacio de oficinas. El acceso a cada unidad se realiza desde un porche cubierto a trav\u00e9s de un patio que queda en la parte posterior. Los grandes ventanales de las aulas esquivan el sol mediante unos espacios intersticiales entre ellos y la fachada semicerrados con celos\u00edas fijas.<\/p>\n<p style=\"text-align: justify;\">En la planta segunda se ubican 11 viviendas m\u00ednimas de una sola habitaci\u00f3n pasantes y un centro de d\u00eda en la esquina. Estas viviendas, destinadas a fomentar la autonom\u00eda de las personas con discapacidad, se disponen en sistema de corredor accedi\u00e9ndose a ellas desde un porche cubierto en la fachada del edificio protegido del sol con celos\u00eda. Este corredor es la calle privada en la que los habitantes se relacionan y que les funciona tambi\u00e9n como terraza.<\/p>\n<p style=\"text-align: justify;\">La planta s\u00f3tano est\u00e1 destinada a aparcamiento, vestidores y almacenaje.<\/p>\n<p><img loading=\"lazy\" decoding=\"async\" class=\"alignnone size-full wp-image-86574\" src=\"https:\/\/veredes.es\/blog\/wp-content\/uploads\/2021\/12\/Edificio-de-viviendas-produccion-y-formacion-ESMENT-INCA-AR3-Gualguasplliteras-MDBA-Architects-05-\u00a9Milena-Villalba-2021.jpg\" alt=\"\" width=\"1600\" height=\"1067\" srcset=\"https:\/\/veredes.es\/blog\/wp-content\/uploads\/2021\/12\/Edificio-de-viviendas-produccion-y-formacion-ESMENT-INCA-AR3-Gualguasplliteras-MDBA-Architects-05-\u00a9Milena-Villalba-2021.jpg 1600w, https:\/\/veredes.es\/blog\/wp-content\/uploads\/2021\/12\/Edificio-de-viviendas-produccion-y-formacion-ESMENT-INCA-AR3-Gualguasplliteras-MDBA-Architects-05-\u00a9Milena-Villalba-2021-300x200.jpg 300w, https:\/\/veredes.es\/blog\/wp-content\/uploads\/2021\/12\/Edificio-de-viviendas-produccion-y-formacion-ESMENT-INCA-AR3-Gualguasplliteras-MDBA-Architects-05-\u00a9Milena-Villalba-2021-1024x683.jpg 1024w, https:\/\/veredes.es\/blog\/wp-content\/uploads\/2021\/12\/Edificio-de-viviendas-produccion-y-formacion-ESMENT-INCA-AR3-Gualguasplliteras-MDBA-Architects-05-\u00a9Milena-Villalba-2021-1536x1024.jpg 1536w\" sizes=\"auto, (max-width: 1600px) 100vw, 1600px\" \/><\/p>\n<p style=\"text-align: justify;\">Para enfatizar la solidez de la planta baja su fachada deja a la vista el hormig\u00f3n armado con la que se sustenta. La ligereza del resto de las plantas se materializa en los forjados vistos en fachada y la permeabilidad de las celos\u00edas de las fachadas.<\/p>\n<p style=\"text-align: justify;\">La estructura de hormig\u00f3n armado se ha dejado vista en todo el edificio, tanto los forjados como los pilares y muros. Los acabados han seguido la l\u00ednea de dejar el producto lo menos elaborado posible. El barro cocido, de producci\u00f3n en la isla de Mallorca, se ha utilizado en pavimentos exteriores y en la celos\u00eda de la fachada. La madera de Acoya en las ventanas de planta baja y madera tipo DM y Viroc en las puertas del edificio reducen el mantenimiento al m\u00ednimo.<\/p>\n<p style=\"text-align: justify;\">El edificio cuenta con una instalaci\u00f3n de placas fotovoltaicas para su autoconsumo y un sistema de recuperaci\u00f3n de calor de la maquinaria frigor\u00edfica para calentamiento del agua sanitaria. Adem\u00e1s se han reducido los espacios climatizados siendo todos los espacios de comunicaci\u00f3n semiexteriores, incluyendo los accesos verticales. De esta manera la huella de carbono final es m\u00e1s reducida.<\/p>\n<div id='gallery-2' class='gallery galleryid-86544 gallery-columns-4 gallery-size-thumbnail'><figure class='gallery-item'>\n\t\t\t<div class='gallery-icon landscape'>\n\t\t\t\t<a href='https:\/\/veredes.es\/blog\/wp-content\/uploads\/2021\/12\/Edificio-de-viviendas-produccion-y-formacion-ESMENT-INCA-AR3-Gualguasplliteras-MDBA-Architects-02-\u00a9Milena-Villalba-2021.jpg'><img loading=\"lazy\" decoding=\"async\" width=\"120\" height=\"120\" src=\"https:\/\/veredes.es\/blog\/wp-content\/uploads\/2021\/12\/Edificio-de-viviendas-produccion-y-formacion-ESMENT-INCA-AR3-Gualguasplliteras-MDBA-Architects-02-\u00a9Milena-Villalba-2021-120x120.jpg\" class=\"attachment-thumbnail size-thumbnail\" alt=\"\" srcset=\"https:\/\/veredes.es\/blog\/wp-content\/uploads\/2021\/12\/Edificio-de-viviendas-produccion-y-formacion-ESMENT-INCA-AR3-Gualguasplliteras-MDBA-Architects-02-\u00a9Milena-Villalba-2021-120x120.jpg 120w, https:\/\/veredes.es\/blog\/wp-content\/uploads\/2021\/12\/Edificio-de-viviendas-produccion-y-formacion-ESMENT-INCA-AR3-Gualguasplliteras-MDBA-Architects-02-\u00a9Milena-Villalba-2021-150x150.jpg 150w\" sizes=\"auto, (max-width: 120px) 100vw, 120px\" \/><\/a>\n\t\t\t<\/div><\/figure><figure class='gallery-item'>\n\t\t\t<div class='gallery-icon portrait'>\n\t\t\t\t<a href='https:\/\/veredes.es\/blog\/wp-content\/uploads\/2021\/12\/Edificio-de-viviendas-produccion-y-formacion-ESMENT-INCA-AR3-Gualguasplliteras-MDBA-Architects-03-\u00a9Milena-Villalba-2021.jpg'><img loading=\"lazy\" decoding=\"async\" width=\"120\" height=\"120\" src=\"https:\/\/veredes.es\/blog\/wp-content\/uploads\/2021\/12\/Edificio-de-viviendas-produccion-y-formacion-ESMENT-INCA-AR3-Gualguasplliteras-MDBA-Architects-03-\u00a9Milena-Villalba-2021-120x120.jpg\" class=\"attachment-thumbnail size-thumbnail\" alt=\"\" srcset=\"https:\/\/veredes.es\/blog\/wp-content\/uploads\/2021\/12\/Edificio-de-viviendas-produccion-y-formacion-ESMENT-INCA-AR3-Gualguasplliteras-MDBA-Architects-03-\u00a9Milena-Villalba-2021-120x120.jpg 120w, https:\/\/veredes.es\/blog\/wp-content\/uploads\/2021\/12\/Edificio-de-viviendas-produccion-y-formacion-ESMENT-INCA-AR3-Gualguasplliteras-MDBA-Architects-03-\u00a9Milena-Villalba-2021-150x150.jpg 150w\" sizes=\"auto, (max-width: 120px) 100vw, 120px\" \/><\/a>\n\t\t\t<\/div><\/figure><figure class='gallery-item'>\n\t\t\t<div class='gallery-icon portrait'>\n\t\t\t\t<a href='https:\/\/veredes.es\/blog\/wp-content\/uploads\/2021\/12\/Edificio-de-viviendas-produccion-y-formacion-ESMENT-INCA-AR3-Gualguasplliteras-MDBA-Architects-04-\u00a9Milena-Villalba-2021.jpg'><img loading=\"lazy\" decoding=\"async\" width=\"120\" height=\"120\" src=\"https:\/\/veredes.es\/blog\/wp-content\/uploads\/2021\/12\/Edificio-de-viviendas-produccion-y-formacion-ESMENT-INCA-AR3-Gualguasplliteras-MDBA-Architects-04-\u00a9Milena-Villalba-2021-120x120.jpg\" class=\"attachment-thumbnail size-thumbnail\" alt=\"\" srcset=\"https:\/\/veredes.es\/blog\/wp-content\/uploads\/2021\/12\/Edificio-de-viviendas-produccion-y-formacion-ESMENT-INCA-AR3-Gualguasplliteras-MDBA-Architects-04-\u00a9Milena-Villalba-2021-120x120.jpg 120w, https:\/\/veredes.es\/blog\/wp-content\/uploads\/2021\/12\/Edificio-de-viviendas-produccion-y-formacion-ESMENT-INCA-AR3-Gualguasplliteras-MDBA-Architects-04-\u00a9Milena-Villalba-2021-150x150.jpg 150w\" sizes=\"auto, (max-width: 120px) 100vw, 120px\" \/><\/a>\n\t\t\t<\/div><\/figure><figure class='gallery-item'>\n\t\t\t<div class='gallery-icon portrait'>\n\t\t\t\t<a href='https:\/\/veredes.es\/blog\/wp-content\/uploads\/2021\/12\/Edificio-de-viviendas-produccion-y-formacion-ESMENT-INCA-AR3-Gualguasplliteras-MDBA-Architects-06-\u00a9Milena-Villalba-2021.jpg'><img loading=\"lazy\" decoding=\"async\" width=\"120\" height=\"120\" src=\"https:\/\/veredes.es\/blog\/wp-content\/uploads\/2021\/12\/Edificio-de-viviendas-produccion-y-formacion-ESMENT-INCA-AR3-Gualguasplliteras-MDBA-Architects-06-\u00a9Milena-Villalba-2021-120x120.jpg\" class=\"attachment-thumbnail size-thumbnail\" alt=\"\" srcset=\"https:\/\/veredes.es\/blog\/wp-content\/uploads\/2021\/12\/Edificio-de-viviendas-produccion-y-formacion-ESMENT-INCA-AR3-Gualguasplliteras-MDBA-Architects-06-\u00a9Milena-Villalba-2021-120x120.jpg 120w, https:\/\/veredes.es\/blog\/wp-content\/uploads\/2021\/12\/Edificio-de-viviendas-produccion-y-formacion-ESMENT-INCA-AR3-Gualguasplliteras-MDBA-Architects-06-\u00a9Milena-Villalba-2021-150x150.jpg 150w\" sizes=\"auto, (max-width: 120px) 100vw, 120px\" \/><\/a>\n\t\t\t<\/div><\/figure><figure class='gallery-item'>\n\t\t\t<div class='gallery-icon portrait'>\n\t\t\t\t<a href='https:\/\/veredes.es\/blog\/wp-content\/uploads\/2021\/12\/Edificio-de-viviendas-produccion-y-formacion-ESMENT-INCA-AR3-Gualguasplliteras-MDBA-Architects-07-\u00a9Milena-Villalba-2021.jpg'><img loading=\"lazy\" decoding=\"async\" width=\"120\" height=\"120\" src=\"https:\/\/veredes.es\/blog\/wp-content\/uploads\/2021\/12\/Edificio-de-viviendas-produccion-y-formacion-ESMENT-INCA-AR3-Gualguasplliteras-MDBA-Architects-07-\u00a9Milena-Villalba-2021-120x120.jpg\" class=\"attachment-thumbnail size-thumbnail\" alt=\"\" srcset=\"https:\/\/veredes.es\/blog\/wp-content\/uploads\/2021\/12\/Edificio-de-viviendas-produccion-y-formacion-ESMENT-INCA-AR3-Gualguasplliteras-MDBA-Architects-07-\u00a9Milena-Villalba-2021-120x120.jpg 120w, https:\/\/veredes.es\/blog\/wp-content\/uploads\/2021\/12\/Edificio-de-viviendas-produccion-y-formacion-ESMENT-INCA-AR3-Gualguasplliteras-MDBA-Architects-07-\u00a9Milena-Villalba-2021-150x150.jpg 150w\" sizes=\"auto, (max-width: 120px) 100vw, 120px\" \/><\/a>\n\t\t\t<\/div><\/figure><figure class='gallery-item'>\n\t\t\t<div class='gallery-icon portrait'>\n\t\t\t\t<a href='https:\/\/veredes.es\/blog\/wp-content\/uploads\/2021\/12\/Edificio-de-viviendas-produccion-y-formacion-ESMENT-INCA-AR3-Gualguasplliteras-MDBA-Architects-08-\u00a9Milena-Villalba-2021-scaled.jpg'><img loading=\"lazy\" decoding=\"async\" width=\"120\" height=\"120\" src=\"https:\/\/veredes.es\/blog\/wp-content\/uploads\/2021\/12\/Edificio-de-viviendas-produccion-y-formacion-ESMENT-INCA-AR3-Gualguasplliteras-MDBA-Architects-08-\u00a9Milena-Villalba-2021-120x120.jpg\" class=\"attachment-thumbnail size-thumbnail\" alt=\"\" srcset=\"https:\/\/veredes.es\/blog\/wp-content\/uploads\/2021\/12\/Edificio-de-viviendas-produccion-y-formacion-ESMENT-INCA-AR3-Gualguasplliteras-MDBA-Architects-08-\u00a9Milena-Villalba-2021-120x120.jpg 120w, https:\/\/veredes.es\/blog\/wp-content\/uploads\/2021\/12\/Edificio-de-viviendas-produccion-y-formacion-ESMENT-INCA-AR3-Gualguasplliteras-MDBA-Architects-08-\u00a9Milena-Villalba-2021-150x150.jpg 150w\" sizes=\"auto, (max-width: 120px) 100vw, 120px\" \/><\/a>\n\t\t\t<\/div><\/figure><figure class='gallery-item'>\n\t\t\t<div class='gallery-icon portrait'>\n\t\t\t\t<a href='https:\/\/veredes.es\/blog\/wp-content\/uploads\/2021\/12\/Edificio-de-viviendas-produccion-y-formacion-ESMENT-INCA-AR3-Gualguasplliteras-MDBA-Architects-09-\u00a9Milena-Villalba-2021.jpg'><img loading=\"lazy\" decoding=\"async\" width=\"120\" height=\"120\" src=\"https:\/\/veredes.es\/blog\/wp-content\/uploads\/2021\/12\/Edificio-de-viviendas-produccion-y-formacion-ESMENT-INCA-AR3-Gualguasplliteras-MDBA-Architects-09-\u00a9Milena-Villalba-2021-120x120.jpg\" class=\"attachment-thumbnail size-thumbnail\" alt=\"\" srcset=\"https:\/\/veredes.es\/blog\/wp-content\/uploads\/2021\/12\/Edificio-de-viviendas-produccion-y-formacion-ESMENT-INCA-AR3-Gualguasplliteras-MDBA-Architects-09-\u00a9Milena-Villalba-2021-120x120.jpg 120w, https:\/\/veredes.es\/blog\/wp-content\/uploads\/2021\/12\/Edificio-de-viviendas-produccion-y-formacion-ESMENT-INCA-AR3-Gualguasplliteras-MDBA-Architects-09-\u00a9Milena-Villalba-2021-150x150.jpg 150w\" sizes=\"auto, (max-width: 120px) 100vw, 120px\" \/><\/a>\n\t\t\t<\/div><\/figure><figure class='gallery-item'>\n\t\t\t<div class='gallery-icon portrait'>\n\t\t\t\t<a href='https:\/\/veredes.es\/blog\/wp-content\/uploads\/2021\/12\/Edificio-de-viviendas-produccion-y-formacion-ESMENT-INCA-AR3-Gualguasplliteras-MDBA-Architects-010-\u00a9Milena-Villalba-2021.jpg'><img loading=\"lazy\" decoding=\"async\" width=\"120\" height=\"120\" src=\"https:\/\/veredes.es\/blog\/wp-content\/uploads\/2021\/12\/Edificio-de-viviendas-produccion-y-formacion-ESMENT-INCA-AR3-Gualguasplliteras-MDBA-Architects-010-\u00a9Milena-Villalba-2021-120x120.jpg\" class=\"attachment-thumbnail size-thumbnail\" alt=\"\" srcset=\"https:\/\/veredes.es\/blog\/wp-content\/uploads\/2021\/12\/Edificio-de-viviendas-produccion-y-formacion-ESMENT-INCA-AR3-Gualguasplliteras-MDBA-Architects-010-\u00a9Milena-Villalba-2021-120x120.jpg 120w, https:\/\/veredes.es\/blog\/wp-content\/uploads\/2021\/12\/Edificio-de-viviendas-produccion-y-formacion-ESMENT-INCA-AR3-Gualguasplliteras-MDBA-Architects-010-\u00a9Milena-Villalba-2021-150x150.jpg 150w\" sizes=\"auto, (max-width: 120px) 100vw, 120px\" \/><\/a>\n\t\t\t<\/div><\/figure><figure class='gallery-item'>\n\t\t\t<div class='gallery-icon landscape'>\n\t\t\t\t<a href='https:\/\/veredes.es\/blog\/wp-content\/uploads\/2021\/12\/Edificio-de-viviendas-produccion-y-formacion-ESMENT-INCA-AR3-Gualguasplliteras-MDBA-Architects-011-\u00a9Milena-Villalba-2021.jpg'><img loading=\"lazy\" decoding=\"async\" width=\"120\" height=\"120\" src=\"https:\/\/veredes.es\/blog\/wp-content\/uploads\/2021\/12\/Edificio-de-viviendas-produccion-y-formacion-ESMENT-INCA-AR3-Gualguasplliteras-MDBA-Architects-011-\u00a9Milena-Villalba-2021-120x120.jpg\" class=\"attachment-thumbnail size-thumbnail\" alt=\"\" srcset=\"https:\/\/veredes.es\/blog\/wp-content\/uploads\/2021\/12\/Edificio-de-viviendas-produccion-y-formacion-ESMENT-INCA-AR3-Gualguasplliteras-MDBA-Architects-011-\u00a9Milena-Villalba-2021-120x120.jpg 120w, https:\/\/veredes.es\/blog\/wp-content\/uploads\/2021\/12\/Edificio-de-viviendas-produccion-y-formacion-ESMENT-INCA-AR3-Gualguasplliteras-MDBA-Architects-011-\u00a9Milena-Villalba-2021-300x300.jpg 300w, https:\/\/veredes.es\/blog\/wp-content\/uploads\/2021\/12\/Edificio-de-viviendas-produccion-y-formacion-ESMENT-INCA-AR3-Gualguasplliteras-MDBA-Architects-011-\u00a9Milena-Villalba-2021-1024x1024.jpg 1024w, https:\/\/veredes.es\/blog\/wp-content\/uploads\/2021\/12\/Edificio-de-viviendas-produccion-y-formacion-ESMENT-INCA-AR3-Gualguasplliteras-MDBA-Architects-011-\u00a9Milena-Villalba-2021-1536x1536.jpg 1536w, https:\/\/veredes.es\/blog\/wp-content\/uploads\/2021\/12\/Edificio-de-viviendas-produccion-y-formacion-ESMENT-INCA-AR3-Gualguasplliteras-MDBA-Architects-011-\u00a9Milena-Villalba-2021-150x150.jpg 150w, https:\/\/veredes.es\/blog\/wp-content\/uploads\/2021\/12\/Edificio-de-viviendas-produccion-y-formacion-ESMENT-INCA-AR3-Gualguasplliteras-MDBA-Architects-011-\u00a9Milena-Villalba-2021.jpg 1600w\" sizes=\"auto, (max-width: 120px) 100vw, 120px\" \/><\/a>\n\t\t\t<\/div><\/figure><figure class='gallery-item'>\n\t\t\t<div class='gallery-icon landscape'>\n\t\t\t\t<a href='https:\/\/veredes.es\/blog\/wp-content\/uploads\/2021\/12\/Edificio-de-viviendas-produccion-y-formacion-ESMENT-INCA-AR3-Gualguasplliteras-MDBA-Architects-012-\u00a9Milena-Villalba-2021.jpg'><img loading=\"lazy\" decoding=\"async\" width=\"120\" height=\"120\" src=\"https:\/\/veredes.es\/blog\/wp-content\/uploads\/2021\/12\/Edificio-de-viviendas-produccion-y-formacion-ESMENT-INCA-AR3-Gualguasplliteras-MDBA-Architects-012-\u00a9Milena-Villalba-2021-120x120.jpg\" class=\"attachment-thumbnail size-thumbnail\" alt=\"\" srcset=\"https:\/\/veredes.es\/blog\/wp-content\/uploads\/2021\/12\/Edificio-de-viviendas-produccion-y-formacion-ESMENT-INCA-AR3-Gualguasplliteras-MDBA-Architects-012-\u00a9Milena-Villalba-2021-120x120.jpg 120w, https:\/\/veredes.es\/blog\/wp-content\/uploads\/2021\/12\/Edificio-de-viviendas-produccion-y-formacion-ESMENT-INCA-AR3-Gualguasplliteras-MDBA-Architects-012-\u00a9Milena-Villalba-2021-150x150.jpg 150w\" sizes=\"auto, (max-width: 120px) 100vw, 120px\" \/><\/a>\n\t\t\t<\/div><\/figure><figure class='gallery-item'>\n\t\t\t<div class='gallery-icon landscape'>\n\t\t\t\t<a href='https:\/\/veredes.es\/blog\/wp-content\/uploads\/2021\/12\/Edificio-de-viviendas-produccion-y-formacion-ESMENT-INCA-AR3-Gualguasplliteras-MDBA-Architects-013-\u00a9Milena-Villalba-2021.jpg'><img loading=\"lazy\" decoding=\"async\" width=\"120\" height=\"120\" src=\"https:\/\/veredes.es\/blog\/wp-content\/uploads\/2021\/12\/Edificio-de-viviendas-produccion-y-formacion-ESMENT-INCA-AR3-Gualguasplliteras-MDBA-Architects-013-\u00a9Milena-Villalba-2021-120x120.jpg\" class=\"attachment-thumbnail size-thumbnail\" alt=\"\" srcset=\"https:\/\/veredes.es\/blog\/wp-content\/uploads\/2021\/12\/Edificio-de-viviendas-produccion-y-formacion-ESMENT-INCA-AR3-Gualguasplliteras-MDBA-Architects-013-\u00a9Milena-Villalba-2021-120x120.jpg 120w, https:\/\/veredes.es\/blog\/wp-content\/uploads\/2021\/12\/Edificio-de-viviendas-produccion-y-formacion-ESMENT-INCA-AR3-Gualguasplliteras-MDBA-Architects-013-\u00a9Milena-Villalba-2021-150x150.jpg 150w\" sizes=\"auto, (max-width: 120px) 100vw, 120px\" \/><\/a>\n\t\t\t<\/div><\/figure><figure class='gallery-item'>\n\t\t\t<div class='gallery-icon landscape'>\n\t\t\t\t<a href='https:\/\/veredes.es\/blog\/wp-content\/uploads\/2021\/12\/Edificio-de-viviendas-produccion-y-formacion-ESMENT-INCA-AR3-Gualguasplliteras-MDBA-Architects-014-\u00a9Milena-Villalba-2021.jpg'><img loading=\"lazy\" decoding=\"async\" width=\"120\" height=\"120\" src=\"https:\/\/veredes.es\/blog\/wp-content\/uploads\/2021\/12\/Edificio-de-viviendas-produccion-y-formacion-ESMENT-INCA-AR3-Gualguasplliteras-MDBA-Architects-014-\u00a9Milena-Villalba-2021-120x120.jpg\" class=\"attachment-thumbnail size-thumbnail\" alt=\"\" srcset=\"https:\/\/veredes.es\/blog\/wp-content\/uploads\/2021\/12\/Edificio-de-viviendas-produccion-y-formacion-ESMENT-INCA-AR3-Gualguasplliteras-MDBA-Architects-014-\u00a9Milena-Villalba-2021-120x120.jpg 120w, https:\/\/veredes.es\/blog\/wp-content\/uploads\/2021\/12\/Edificio-de-viviendas-produccion-y-formacion-ESMENT-INCA-AR3-Gualguasplliteras-MDBA-Architects-014-\u00a9Milena-Villalba-2021-150x150.jpg 150w\" sizes=\"auto, (max-width: 120px) 100vw, 120px\" \/><\/a>\n\t\t\t<\/div><\/figure><figure class='gallery-item'>\n\t\t\t<div class='gallery-icon landscape'>\n\t\t\t\t<a href='https:\/\/veredes.es\/blog\/wp-content\/uploads\/2021\/12\/Edificio-de-viviendas-produccion-y-formacion-ESMENT-INCA-AR3-Gualguasplliteras-MDBA-Architects-015-\u00a9Milena-Villalba-2021.jpg'><img loading=\"lazy\" decoding=\"async\" width=\"120\" height=\"120\" src=\"https:\/\/veredes.es\/blog\/wp-content\/uploads\/2021\/12\/Edificio-de-viviendas-produccion-y-formacion-ESMENT-INCA-AR3-Gualguasplliteras-MDBA-Architects-015-\u00a9Milena-Villalba-2021-120x120.jpg\" class=\"attachment-thumbnail size-thumbnail\" alt=\"\" srcset=\"https:\/\/veredes.es\/blog\/wp-content\/uploads\/2021\/12\/Edificio-de-viviendas-produccion-y-formacion-ESMENT-INCA-AR3-Gualguasplliteras-MDBA-Architects-015-\u00a9Milena-Villalba-2021-120x120.jpg 120w, https:\/\/veredes.es\/blog\/wp-content\/uploads\/2021\/12\/Edificio-de-viviendas-produccion-y-formacion-ESMENT-INCA-AR3-Gualguasplliteras-MDBA-Architects-015-\u00a9Milena-Villalba-2021-150x150.jpg 150w\" sizes=\"auto, (max-width: 120px) 100vw, 120px\" \/><\/a>\n\t\t\t<\/div><\/figure><figure class='gallery-item'>\n\t\t\t<div class='gallery-icon portrait'>\n\t\t\t\t<a href='https:\/\/veredes.es\/blog\/wp-content\/uploads\/2021\/12\/Edificio-de-viviendas-produccion-y-formacion-ESMENT-INCA-AR3-Gualguasplliteras-MDBA-Architects-016-\u00a9Milena-Villalba-2021.jpg'><img loading=\"lazy\" decoding=\"async\" width=\"120\" height=\"120\" src=\"https:\/\/veredes.es\/blog\/wp-content\/uploads\/2021\/12\/Edificio-de-viviendas-produccion-y-formacion-ESMENT-INCA-AR3-Gualguasplliteras-MDBA-Architects-016-\u00a9Milena-Villalba-2021-120x120.jpg\" class=\"attachment-thumbnail size-thumbnail\" alt=\"\" srcset=\"https:\/\/veredes.es\/blog\/wp-content\/uploads\/2021\/12\/Edificio-de-viviendas-produccion-y-formacion-ESMENT-INCA-AR3-Gualguasplliteras-MDBA-Architects-016-\u00a9Milena-Villalba-2021-120x120.jpg 120w, https:\/\/veredes.es\/blog\/wp-content\/uploads\/2021\/12\/Edificio-de-viviendas-produccion-y-formacion-ESMENT-INCA-AR3-Gualguasplliteras-MDBA-Architects-016-\u00a9Milena-Villalba-2021-150x150.jpg 150w\" sizes=\"auto, (max-width: 120px) 100vw, 120px\" \/><\/a>\n\t\t\t<\/div><\/figure><figure class='gallery-item'>\n\t\t\t<div class='gallery-icon portrait'>\n\t\t\t\t<a href='https:\/\/veredes.es\/blog\/wp-content\/uploads\/2021\/12\/Edificio-de-viviendas-produccion-y-formacion-ESMENT-INCA-AR3-Gualguasplliteras-MDBA-Architects-017-\u00a9Milena-Villalba-2021.jpg'><img loading=\"lazy\" decoding=\"async\" width=\"120\" height=\"120\" src=\"https:\/\/veredes.es\/blog\/wp-content\/uploads\/2021\/12\/Edificio-de-viviendas-produccion-y-formacion-ESMENT-INCA-AR3-Gualguasplliteras-MDBA-Architects-017-\u00a9Milena-Villalba-2021-120x120.jpg\" class=\"attachment-thumbnail size-thumbnail\" alt=\"\" srcset=\"https:\/\/veredes.es\/blog\/wp-content\/uploads\/2021\/12\/Edificio-de-viviendas-produccion-y-formacion-ESMENT-INCA-AR3-Gualguasplliteras-MDBA-Architects-017-\u00a9Milena-Villalba-2021-120x120.jpg 120w, https:\/\/veredes.es\/blog\/wp-content\/uploads\/2021\/12\/Edificio-de-viviendas-produccion-y-formacion-ESMENT-INCA-AR3-Gualguasplliteras-MDBA-Architects-017-\u00a9Milena-Villalba-2021-150x150.jpg 150w\" sizes=\"auto, (max-width: 120px) 100vw, 120px\" \/><\/a>\n\t\t\t<\/div><\/figure><figure class='gallery-item'>\n\t\t\t<div class='gallery-icon portrait'>\n\t\t\t\t<a href='https:\/\/veredes.es\/blog\/wp-content\/uploads\/2021\/12\/Edificio-de-viviendas-produccion-y-formacion-ESMENT-INCA-AR3-Gualguasplliteras-MDBA-Architects-018-\u00a9Milena-Villalba-2021.jpg'><img loading=\"lazy\" decoding=\"async\" width=\"120\" height=\"120\" src=\"https:\/\/veredes.es\/blog\/wp-content\/uploads\/2021\/12\/Edificio-de-viviendas-produccion-y-formacion-ESMENT-INCA-AR3-Gualguasplliteras-MDBA-Architects-018-\u00a9Milena-Villalba-2021-120x120.jpg\" class=\"attachment-thumbnail size-thumbnail\" alt=\"\" srcset=\"https:\/\/veredes.es\/blog\/wp-content\/uploads\/2021\/12\/Edificio-de-viviendas-produccion-y-formacion-ESMENT-INCA-AR3-Gualguasplliteras-MDBA-Architects-018-\u00a9Milena-Villalba-2021-120x120.jpg 120w, https:\/\/veredes.es\/blog\/wp-content\/uploads\/2021\/12\/Edificio-de-viviendas-produccion-y-formacion-ESMENT-INCA-AR3-Gualguasplliteras-MDBA-Architects-018-\u00a9Milena-Villalba-2021-150x150.jpg 150w\" sizes=\"auto, (max-width: 120px) 100vw, 120px\" \/><\/a>\n\t\t\t<\/div><\/figure><figure class='gallery-item'>\n\t\t\t<div class='gallery-icon landscape'>\n\t\t\t\t<a href='https:\/\/veredes.es\/blog\/wp-content\/uploads\/2021\/12\/Edificio-de-viviendas-produccion-y-formacion-ESMENT-INCA-AR3-Gualguasplliteras-MDBA-Architects-019-\u00a9Milena-Villalba-2021.jpg'><img loading=\"lazy\" decoding=\"async\" width=\"120\" height=\"120\" src=\"https:\/\/veredes.es\/blog\/wp-content\/uploads\/2021\/12\/Edificio-de-viviendas-produccion-y-formacion-ESMENT-INCA-AR3-Gualguasplliteras-MDBA-Architects-019-\u00a9Milena-Villalba-2021-120x120.jpg\" class=\"attachment-thumbnail size-thumbnail\" alt=\"\" srcset=\"https:\/\/veredes.es\/blog\/wp-content\/uploads\/2021\/12\/Edificio-de-viviendas-produccion-y-formacion-ESMENT-INCA-AR3-Gualguasplliteras-MDBA-Architects-019-\u00a9Milena-Villalba-2021-120x120.jpg 120w, https:\/\/veredes.es\/blog\/wp-content\/uploads\/2021\/12\/Edificio-de-viviendas-produccion-y-formacion-ESMENT-INCA-AR3-Gualguasplliteras-MDBA-Architects-019-\u00a9Milena-Villalba-2021-150x150.jpg 150w\" sizes=\"auto, (max-width: 120px) 100vw, 120px\" \/><\/a>\n\t\t\t<\/div><\/figure>\n\t\t<\/div>\n\n<p>Obra: Edificio de viviendas , producci\u00f3n y formaci\u00f3n &#8211; ESMENT INCA<br \/>\nAutores: AR3 Gualguasplliteras | MDBA<br \/>\nA\u00f1o finalizaci\u00f3n: 2020<br \/>\nSuperficie Construida: 3.150,78 m2 (superficie construida cerrada) + 481,67 m2 (porche) + 226.17 m2 (patio)<br \/>\nUbicaci\u00f3n: C. Joan d\u2019\u00c0ustria, 55 , T.M. Inca, Mallorca, Baleares.<br \/>\nCliente: <a href=\"https:\/\/esment.org\/\" target=\"_blank\" rel=\"noopener\">Fundaci\u00f3 Amadip Esment<\/a><br \/>\nArquitecto\/a t\u00e9cnico: Xavier Su\u00e1rez Genovard<br \/>\nIngeniero: Miquel Oliver Sans\u00f3<br \/>\nConstructora: Blanc i Blanc<br \/>\nInteriorismo restaurante: <a href=\"https:\/\/estermorro.com\" target=\"_blank\" rel=\"noopener\">Ester Morro<\/a> y Juan Alba<br \/>\nFotograf\u00eda: <a href=\"https:\/\/milenavillalba.com\/\" target=\"_blank\" rel=\"noopener\"><span style=\"color: #999999;\">Milena Villalba<\/span><\/a><br \/>\n<a href=\"https:\/\/ar3arquitectes.net\/\" target=\"_blank\" rel=\"noopener\">+ ar3arquitectes.net<\/a><br \/>\n<a href=\"https:\/\/mdbarchitects.com\/\" target=\"_blank\" rel=\"noopener\"><span style=\"color: #999999;\">+ mdbarchitects.com<\/span><\/a><\/p>\n","protected":false},"excerpt":{"rendered":"<p>El edificio es un gran contenedor que filtra la luz natural de diferentes formas para ir conformando espacios interiores directamente relacionados con los exteriores. Es esta relaci\u00f3n interior-exterior la que origina el proyecto. La idea principal es que todas las actividades desarrolladas dentro del edificio tengan una conexi\u00f3n directa con el exterior. Es por ello [&hellip;]<\/p>\n","protected":false},"author":2,"featured_media":86570,"comment_status":"open","ping_status":"closed","sticky":false,"template":"","format":"standard","meta":{"footnotes":""},"categories":[34,52,23,5951,58],"tags":[15642,13218,673,812,2631,15644,296,12457,15555,12587,15643,12454],"class_list":{"0":"post-86544","1":"post","2":"type-post","3":"status-publish","4":"format-standard","5":"has-post-thumbnail","7":"category-arquitectura","8":"category-equipamiento-terciario","9":"category-obras","10":"category-slider-principal","11":"category-vivienda-colectiva","12":"tag-ar3-gualguasplliteras","13":"tag-arquitectura-de-ladrillo","14":"tag-arquitectura-en-hormigon","16":"tag-arquitectura-espanola","17":"tag-arquitectura-mallorquina","18":"tag-ceramica","19":"tag-equipamiento-dotacional","20":"tag-islas-baleares","21":"tag-mallorca","22":"tag-mdba-architects","23":"tag-vivienda-colectiva"},"yoast_head":"<!-- This site is optimized with the Yoast SEO plugin v27.4 - https:\/\/yoast.com\/product\/yoast-seo-wordpress\/ -->\n<title>Edificio de viviendas , producci\u00f3n y formaci\u00f3n - ESMENT INCA | AR3 Gualguasplliteras - MDBA Architects - veredes<\/title>\n<meta name=\"description\" content=\"Toda la informaci\u00f3n sobre: Edificio de viviendas , producci\u00f3n y formaci\u00f3n - ESMENT INCA | AR3 Gualguasplliteras - MDBA Architects\" \/>\n<meta name=\"robots\" content=\"index, follow, max-snippet:-1, max-image-preview:large, max-video-preview:-1\" \/>\n<link rel=\"canonical\" href=\"https:\/\/veredes.es\/blog\/edificio-de-viviendas-produccion-y-formacion-esment-inca-ar3-gualguasplliteras-mdba-architects\/\" \/>\n<meta property=\"og:locale\" content=\"es_ES\" \/>\n<meta property=\"og:type\" content=\"article\" \/>\n<meta property=\"og:title\" content=\"Edificio de viviendas , producci\u00f3n y formaci\u00f3n - ESMENT INCA | AR3 Gualguasplliteras - MDBA Architects - veredes\" \/>\n<meta property=\"og:description\" content=\"Toda la informaci\u00f3n sobre: Edificio de viviendas , producci\u00f3n y formaci\u00f3n - ESMENT INCA | AR3 Gualguasplliteras - MDBA Architects\" \/>\n<meta property=\"og:url\" content=\"https:\/\/veredes.es\/blog\/edificio-de-viviendas-produccion-y-formacion-esment-inca-ar3-gualguasplliteras-mdba-architects\/\" \/>\n<meta property=\"og:site_name\" content=\"veredes, arquitectura y divulgaci\u00f3n\" \/>\n<meta property=\"article:publisher\" content=\"https:\/\/www.facebook.com\/veredesArquitecturayDivulgacion\/\" \/>\n<meta property=\"article:author\" content=\"https:\/\/www.facebook.com\/veredesArquitecturayDivulgacion\/\" \/>\n<meta property=\"article:published_time\" content=\"2021-12-21T23:01:31+00:00\" \/>\n<meta property=\"article:modified_time\" content=\"2021-12-22T08:54:29+00:00\" \/>\n<meta property=\"og:image\" content=\"https:\/\/veredes.es\/blog\/wp-content\/uploads\/2021\/12\/Edificio-de-viviendas-produccion-y-formacion-ESMENT-INCA-AR3-Gualguasplliteras-MDBA-Architects-01-\u00a9Milena-Villalba-2021.jpg\" \/>\n\t<meta property=\"og:image:width\" content=\"1600\" \/>\n\t<meta property=\"og:image:height\" content=\"900\" \/>\n\t<meta property=\"og:image:type\" content=\"image\/jpeg\" \/>\n<meta name=\"author\" content=\"veredes\" \/>\n<meta name=\"twitter:card\" content=\"summary_large_image\" \/>\n<meta name=\"twitter:creator\" content=\"@https:\/\/twitter.com\/veredes\" \/>\n<meta name=\"twitter:site\" content=\"@veredes\" \/>\n<meta name=\"twitter:label1\" content=\"Escrito por\" \/>\n\t<meta name=\"twitter:data1\" content=\"veredes\" \/>\n\t<meta name=\"twitter:label2\" content=\"Tiempo de lectura\" \/>\n\t<meta name=\"twitter:data2\" content=\"5 minutos\" \/>\n<script type=\"application\/ld+json\" class=\"yoast-schema-graph\">{\"@context\":\"https:\\\/\\\/schema.org\",\"@graph\":[{\"@type\":\"Article\",\"@id\":\"https:\\\/\\\/veredes.es\\\/blog\\\/edificio-de-viviendas-produccion-y-formacion-esment-inca-ar3-gualguasplliteras-mdba-architects\\\/#article\",\"isPartOf\":{\"@id\":\"https:\\\/\\\/veredes.es\\\/blog\\\/edificio-de-viviendas-produccion-y-formacion-esment-inca-ar3-gualguasplliteras-mdba-architects\\\/\"},\"author\":{\"name\":\"veredes\",\"@id\":\"https:\\\/\\\/veredes.es\\\/blog\\\/#\\\/schema\\\/person\\\/0bbb669073ef7faba5168a0844e93d2c\"},\"headline\":\"Edificio de viviendas , producci\u00f3n y formaci\u00f3n &#8211; ESMENT INCA | AR3 Gualguasplliteras &#8211; MDBA Architects\",\"datePublished\":\"2021-12-21T23:01:31+00:00\",\"dateModified\":\"2021-12-22T08:54:29+00:00\",\"mainEntityOfPage\":{\"@id\":\"https:\\\/\\\/veredes.es\\\/blog\\\/edificio-de-viviendas-produccion-y-formacion-esment-inca-ar3-gualguasplliteras-mdba-architects\\\/\"},\"wordCount\":868,\"commentCount\":0,\"publisher\":{\"@id\":\"https:\\\/\\\/veredes.es\\\/blog\\\/#organization\"},\"image\":{\"@id\":\"https:\\\/\\\/veredes.es\\\/blog\\\/edificio-de-viviendas-produccion-y-formacion-esment-inca-ar3-gualguasplliteras-mdba-architects\\\/#primaryimage\"},\"thumbnailUrl\":\"https:\\\/\\\/veredes.es\\\/blog\\\/wp-content\\\/uploads\\\/2021\\\/12\\\/Edificio-de-viviendas-produccion-y-formacion-ESMENT-INCA-AR3-Gualguasplliteras-MDBA-Architects-01-\u00a9Milena-Villalba-2021.jpg\",\"keywords\":[\"AR3 Gualguasplliteras\",\"arquitectura de ladrillo\",\"arquitectura en hormig\u00f3n\",\"arquitectura en madera\",\"arquitectura espa\u00f1ola\",\"arquitectura mallorquina\",\"cer\u00e1mica\",\"equipamiento dotacional\",\"Islas Baleares\",\"Mallorca\",\"MDBA Architects\",\"vivienda colectiva\"],\"articleSection\":[\"arquitectura\",\"equipamiento terciario\",\"obras\",\"slider principal\",\"vivienda colectiva\"],\"inLanguage\":\"es\",\"potentialAction\":[{\"@type\":\"CommentAction\",\"name\":\"Comment\",\"target\":[\"https:\\\/\\\/veredes.es\\\/blog\\\/edificio-de-viviendas-produccion-y-formacion-esment-inca-ar3-gualguasplliteras-mdba-architects\\\/#respond\"]}]},{\"@type\":\"WebPage\",\"@id\":\"https:\\\/\\\/veredes.es\\\/blog\\\/edificio-de-viviendas-produccion-y-formacion-esment-inca-ar3-gualguasplliteras-mdba-architects\\\/\",\"url\":\"https:\\\/\\\/veredes.es\\\/blog\\\/edificio-de-viviendas-produccion-y-formacion-esment-inca-ar3-gualguasplliteras-mdba-architects\\\/\",\"name\":\"Edificio de viviendas , producci\u00f3n y formaci\u00f3n - ESMENT INCA | AR3 Gualguasplliteras - MDBA Architects - veredes\",\"isPartOf\":{\"@id\":\"https:\\\/\\\/veredes.es\\\/blog\\\/#website\"},\"primaryImageOfPage\":{\"@id\":\"https:\\\/\\\/veredes.es\\\/blog\\\/edificio-de-viviendas-produccion-y-formacion-esment-inca-ar3-gualguasplliteras-mdba-architects\\\/#primaryimage\"},\"image\":{\"@id\":\"https:\\\/\\\/veredes.es\\\/blog\\\/edificio-de-viviendas-produccion-y-formacion-esment-inca-ar3-gualguasplliteras-mdba-architects\\\/#primaryimage\"},\"thumbnailUrl\":\"https:\\\/\\\/veredes.es\\\/blog\\\/wp-content\\\/uploads\\\/2021\\\/12\\\/Edificio-de-viviendas-produccion-y-formacion-ESMENT-INCA-AR3-Gualguasplliteras-MDBA-Architects-01-\u00a9Milena-Villalba-2021.jpg\",\"datePublished\":\"2021-12-21T23:01:31+00:00\",\"dateModified\":\"2021-12-22T08:54:29+00:00\",\"description\":\"Toda la informaci\u00f3n sobre: Edificio de viviendas , producci\u00f3n y formaci\u00f3n - ESMENT INCA | AR3 Gualguasplliteras - MDBA Architects\",\"breadcrumb\":{\"@id\":\"https:\\\/\\\/veredes.es\\\/blog\\\/edificio-de-viviendas-produccion-y-formacion-esment-inca-ar3-gualguasplliteras-mdba-architects\\\/#breadcrumb\"},\"inLanguage\":\"es\",\"potentialAction\":[{\"@type\":\"ReadAction\",\"target\":[\"https:\\\/\\\/veredes.es\\\/blog\\\/edificio-de-viviendas-produccion-y-formacion-esment-inca-ar3-gualguasplliteras-mdba-architects\\\/\"]}]},{\"@type\":\"ImageObject\",\"inLanguage\":\"es\",\"@id\":\"https:\\\/\\\/veredes.es\\\/blog\\\/edificio-de-viviendas-produccion-y-formacion-esment-inca-ar3-gualguasplliteras-mdba-architects\\\/#primaryimage\",\"url\":\"https:\\\/\\\/veredes.es\\\/blog\\\/wp-content\\\/uploads\\\/2021\\\/12\\\/Edificio-de-viviendas-produccion-y-formacion-ESMENT-INCA-AR3-Gualguasplliteras-MDBA-Architects-01-\u00a9Milena-Villalba-2021.jpg\",\"contentUrl\":\"https:\\\/\\\/veredes.es\\\/blog\\\/wp-content\\\/uploads\\\/2021\\\/12\\\/Edificio-de-viviendas-produccion-y-formacion-ESMENT-INCA-AR3-Gualguasplliteras-MDBA-Architects-01-\u00a9Milena-Villalba-2021.jpg\",\"width\":1600,\"height\":900},{\"@type\":\"BreadcrumbList\",\"@id\":\"https:\\\/\\\/veredes.es\\\/blog\\\/edificio-de-viviendas-produccion-y-formacion-esment-inca-ar3-gualguasplliteras-mdba-architects\\\/#breadcrumb\",\"itemListElement\":[{\"@type\":\"ListItem\",\"position\":1,\"name\":\"Portada\",\"item\":\"https:\\\/\\\/veredes.es\\\/blog\\\/\"},{\"@type\":\"ListItem\",\"position\":2,\"name\":\"Edificio de viviendas , producci\u00f3n y formaci\u00f3n &#8211; ESMENT INCA | AR3 Gualguasplliteras &#8211; MDBA Architects\"}]},{\"@type\":\"WebSite\",\"@id\":\"https:\\\/\\\/veredes.es\\\/blog\\\/#website\",\"url\":\"https:\\\/\\\/veredes.es\\\/blog\\\/\",\"name\":\"veredes, arquitectura y divulgaci\u00f3n\",\"description\":\"veredes\",\"publisher\":{\"@id\":\"https:\\\/\\\/veredes.es\\\/blog\\\/#organization\"},\"alternateName\":\"veredes\",\"potentialAction\":[{\"@type\":\"SearchAction\",\"target\":{\"@type\":\"EntryPoint\",\"urlTemplate\":\"https:\\\/\\\/veredes.es\\\/blog\\\/?s={search_term_string}\"},\"query-input\":{\"@type\":\"PropertyValueSpecification\",\"valueRequired\":true,\"valueName\":\"search_term_string\"}}],\"inLanguage\":\"es\"},{\"@type\":\"Organization\",\"@id\":\"https:\\\/\\\/veredes.es\\\/blog\\\/#organization\",\"name\":\"veredes, arquitectura y divulgaci\u00f3n\",\"alternateName\":\"veredes\",\"url\":\"https:\\\/\\\/veredes.es\\\/blog\\\/\",\"logo\":{\"@type\":\"ImageObject\",\"inLanguage\":\"es\",\"@id\":\"https:\\\/\\\/veredes.es\\\/blog\\\/#\\\/schema\\\/logo\\\/image\\\/\",\"url\":\"https:\\\/\\\/veredes.es\\\/blog\\\/wp-content\\\/uploads\\\/2021\\\/12\\\/veredes-logo-centrado_140x54.png\",\"contentUrl\":\"https:\\\/\\\/veredes.es\\\/blog\\\/wp-content\\\/uploads\\\/2021\\\/12\\\/veredes-logo-centrado_140x54.png\",\"width\":140,\"height\":54,\"caption\":\"veredes, arquitectura y divulgaci\u00f3n\"},\"image\":{\"@id\":\"https:\\\/\\\/veredes.es\\\/blog\\\/#\\\/schema\\\/logo\\\/image\\\/\"},\"sameAs\":[\"https:\\\/\\\/www.facebook.com\\\/veredesArquitecturayDivulgacion\\\/\",\"https:\\\/\\\/x.com\\\/veredes\",\"https:\\\/\\\/instagram.com\\\/veredes\\\/\",\"https:\\\/\\\/www.linkedin.com\\\/company\\\/veredes-arquitectura-y-divulgacion\\\/\",\"https:\\\/\\\/es.pinterest.com\\\/veredes\\\/\",\"https:\\\/\\\/www.tumblr.com\\\/veredes\"]},{\"@type\":\"Person\",\"@id\":\"https:\\\/\\\/veredes.es\\\/blog\\\/#\\\/schema\\\/person\\\/0bbb669073ef7faba5168a0844e93d2c\",\"name\":\"veredes\",\"image\":{\"@type\":\"ImageObject\",\"inLanguage\":\"es\",\"@id\":\"https:\\\/\\\/veredes.es\\\/blog\\\/wp-content\\\/uploads\\\/2018\\\/04\\\/face-96x96.jpg\",\"url\":\"https:\\\/\\\/veredes.es\\\/blog\\\/wp-content\\\/uploads\\\/2018\\\/04\\\/face-96x96.jpg\",\"contentUrl\":\"https:\\\/\\\/veredes.es\\\/blog\\\/wp-content\\\/uploads\\\/2018\\\/04\\\/face-96x96.jpg\",\"caption\":\"veredes\"},\"description\":\"Surge enero de 2009 como b\u00fasqueda de satisfacer el conocimiento de la actividad arquitect\u00f3nica y tangentes que se generan. La idea es crear un espacio para divulgar los diversos proyectos en busca de nueva inspiraci\u00f3n y de intercambio.\",\"sameAs\":[\"https:\\\/\\\/veredes.es\\\/\",\"https:\\\/\\\/www.facebook.com\\\/veredesArquitecturayDivulgacion\\\/\",\"https:\\\/\\\/www.instagram.com\\\/veredes\\\/\",\"https:\\\/\\\/www.linkedin.com\\\/company\\\/veredes-arquitectura-y-divulgacion\\\/\",\"https:\\\/\\\/www.pinterest.es\\\/veredes\\\/\",\"https:\\\/\\\/x.com\\\/https:\\\/\\\/twitter.com\\\/veredes\",\"https:\\\/\\\/veredes.tumblr.com\\\/\"],\"url\":\"https:\\\/\\\/veredes.es\\\/blog\\\/author\\\/alberto\\\/\"}]}<\/script>\n<!-- \/ Yoast SEO plugin. -->","yoast_head_json":{"title":"Edificio de viviendas , producci\u00f3n y formaci\u00f3n - ESMENT INCA | AR3 Gualguasplliteras - MDBA Architects - veredes","description":"Toda la informaci\u00f3n sobre: Edificio de viviendas , producci\u00f3n y formaci\u00f3n - ESMENT INCA | AR3 Gualguasplliteras - MDBA Architects","robots":{"index":"index","follow":"follow","max-snippet":"max-snippet:-1","max-image-preview":"max-image-preview:large","max-video-preview":"max-video-preview:-1"},"canonical":"https:\/\/veredes.es\/blog\/edificio-de-viviendas-produccion-y-formacion-esment-inca-ar3-gualguasplliteras-mdba-architects\/","og_locale":"es_ES","og_type":"article","og_title":"Edificio de viviendas , producci\u00f3n y formaci\u00f3n - ESMENT INCA | AR3 Gualguasplliteras - MDBA Architects - veredes","og_description":"Toda la informaci\u00f3n sobre: Edificio de viviendas , producci\u00f3n y formaci\u00f3n - ESMENT INCA | AR3 Gualguasplliteras - MDBA Architects","og_url":"https:\/\/veredes.es\/blog\/edificio-de-viviendas-produccion-y-formacion-esment-inca-ar3-gualguasplliteras-mdba-architects\/","og_site_name":"veredes, arquitectura y divulgaci\u00f3n","article_publisher":"https:\/\/www.facebook.com\/veredesArquitecturayDivulgacion\/","article_author":"https:\/\/www.facebook.com\/veredesArquitecturayDivulgacion\/","article_published_time":"2021-12-21T23:01:31+00:00","article_modified_time":"2021-12-22T08:54:29+00:00","og_image":[{"width":1600,"height":900,"url":"https:\/\/veredes.es\/blog\/wp-content\/uploads\/2021\/12\/Edificio-de-viviendas-produccion-y-formacion-ESMENT-INCA-AR3-Gualguasplliteras-MDBA-Architects-01-\u00a9Milena-Villalba-2021.jpg","type":"image\/jpeg"}],"author":"veredes","twitter_card":"summary_large_image","twitter_creator":"@https:\/\/twitter.com\/veredes","twitter_site":"@veredes","twitter_misc":{"Escrito por":"veredes","Tiempo de lectura":"5 minutos"},"schema":{"@context":"https:\/\/schema.org","@graph":[{"@type":"Article","@id":"https:\/\/veredes.es\/blog\/edificio-de-viviendas-produccion-y-formacion-esment-inca-ar3-gualguasplliteras-mdba-architects\/#article","isPartOf":{"@id":"https:\/\/veredes.es\/blog\/edificio-de-viviendas-produccion-y-formacion-esment-inca-ar3-gualguasplliteras-mdba-architects\/"},"author":{"name":"veredes","@id":"https:\/\/veredes.es\/blog\/#\/schema\/person\/0bbb669073ef7faba5168a0844e93d2c"},"headline":"Edificio de viviendas , producci\u00f3n y formaci\u00f3n &#8211; ESMENT INCA | AR3 Gualguasplliteras &#8211; MDBA Architects","datePublished":"2021-12-21T23:01:31+00:00","dateModified":"2021-12-22T08:54:29+00:00","mainEntityOfPage":{"@id":"https:\/\/veredes.es\/blog\/edificio-de-viviendas-produccion-y-formacion-esment-inca-ar3-gualguasplliteras-mdba-architects\/"},"wordCount":868,"commentCount":0,"publisher":{"@id":"https:\/\/veredes.es\/blog\/#organization"},"image":{"@id":"https:\/\/veredes.es\/blog\/edificio-de-viviendas-produccion-y-formacion-esment-inca-ar3-gualguasplliteras-mdba-architects\/#primaryimage"},"thumbnailUrl":"https:\/\/veredes.es\/blog\/wp-content\/uploads\/2021\/12\/Edificio-de-viviendas-produccion-y-formacion-ESMENT-INCA-AR3-Gualguasplliteras-MDBA-Architects-01-\u00a9Milena-Villalba-2021.jpg","keywords":["AR3 Gualguasplliteras","arquitectura de ladrillo","arquitectura en hormig\u00f3n","arquitectura en madera","arquitectura espa\u00f1ola","arquitectura mallorquina","cer\u00e1mica","equipamiento dotacional","Islas Baleares","Mallorca","MDBA Architects","vivienda colectiva"],"articleSection":["arquitectura","equipamiento terciario","obras","slider principal","vivienda colectiva"],"inLanguage":"es","potentialAction":[{"@type":"CommentAction","name":"Comment","target":["https:\/\/veredes.es\/blog\/edificio-de-viviendas-produccion-y-formacion-esment-inca-ar3-gualguasplliteras-mdba-architects\/#respond"]}]},{"@type":"WebPage","@id":"https:\/\/veredes.es\/blog\/edificio-de-viviendas-produccion-y-formacion-esment-inca-ar3-gualguasplliteras-mdba-architects\/","url":"https:\/\/veredes.es\/blog\/edificio-de-viviendas-produccion-y-formacion-esment-inca-ar3-gualguasplliteras-mdba-architects\/","name":"Edificio de viviendas , producci\u00f3n y formaci\u00f3n - ESMENT INCA | AR3 Gualguasplliteras - MDBA Architects - veredes","isPartOf":{"@id":"https:\/\/veredes.es\/blog\/#website"},"primaryImageOfPage":{"@id":"https:\/\/veredes.es\/blog\/edificio-de-viviendas-produccion-y-formacion-esment-inca-ar3-gualguasplliteras-mdba-architects\/#primaryimage"},"image":{"@id":"https:\/\/veredes.es\/blog\/edificio-de-viviendas-produccion-y-formacion-esment-inca-ar3-gualguasplliteras-mdba-architects\/#primaryimage"},"thumbnailUrl":"https:\/\/veredes.es\/blog\/wp-content\/uploads\/2021\/12\/Edificio-de-viviendas-produccion-y-formacion-ESMENT-INCA-AR3-Gualguasplliteras-MDBA-Architects-01-\u00a9Milena-Villalba-2021.jpg","datePublished":"2021-12-21T23:01:31+00:00","dateModified":"2021-12-22T08:54:29+00:00","description":"Toda la informaci\u00f3n sobre: Edificio de viviendas , producci\u00f3n y formaci\u00f3n - ESMENT INCA | AR3 Gualguasplliteras - MDBA Architects","breadcrumb":{"@id":"https:\/\/veredes.es\/blog\/edificio-de-viviendas-produccion-y-formacion-esment-inca-ar3-gualguasplliteras-mdba-architects\/#breadcrumb"},"inLanguage":"es","potentialAction":[{"@type":"ReadAction","target":["https:\/\/veredes.es\/blog\/edificio-de-viviendas-produccion-y-formacion-esment-inca-ar3-gualguasplliteras-mdba-architects\/"]}]},{"@type":"ImageObject","inLanguage":"es","@id":"https:\/\/veredes.es\/blog\/edificio-de-viviendas-produccion-y-formacion-esment-inca-ar3-gualguasplliteras-mdba-architects\/#primaryimage","url":"https:\/\/veredes.es\/blog\/wp-content\/uploads\/2021\/12\/Edificio-de-viviendas-produccion-y-formacion-ESMENT-INCA-AR3-Gualguasplliteras-MDBA-Architects-01-\u00a9Milena-Villalba-2021.jpg","contentUrl":"https:\/\/veredes.es\/blog\/wp-content\/uploads\/2021\/12\/Edificio-de-viviendas-produccion-y-formacion-ESMENT-INCA-AR3-Gualguasplliteras-MDBA-Architects-01-\u00a9Milena-Villalba-2021.jpg","width":1600,"height":900},{"@type":"BreadcrumbList","@id":"https:\/\/veredes.es\/blog\/edificio-de-viviendas-produccion-y-formacion-esment-inca-ar3-gualguasplliteras-mdba-architects\/#breadcrumb","itemListElement":[{"@type":"ListItem","position":1,"name":"Portada","item":"https:\/\/veredes.es\/blog\/"},{"@type":"ListItem","position":2,"name":"Edificio de viviendas , producci\u00f3n y formaci\u00f3n &#8211; ESMENT INCA | AR3 Gualguasplliteras &#8211; MDBA Architects"}]},{"@type":"WebSite","@id":"https:\/\/veredes.es\/blog\/#website","url":"https:\/\/veredes.es\/blog\/","name":"veredes, arquitectura y divulgaci\u00f3n","description":"veredes","publisher":{"@id":"https:\/\/veredes.es\/blog\/#organization"},"alternateName":"veredes","potentialAction":[{"@type":"SearchAction","target":{"@type":"EntryPoint","urlTemplate":"https:\/\/veredes.es\/blog\/?s={search_term_string}"},"query-input":{"@type":"PropertyValueSpecification","valueRequired":true,"valueName":"search_term_string"}}],"inLanguage":"es"},{"@type":"Organization","@id":"https:\/\/veredes.es\/blog\/#organization","name":"veredes, arquitectura y divulgaci\u00f3n","alternateName":"veredes","url":"https:\/\/veredes.es\/blog\/","logo":{"@type":"ImageObject","inLanguage":"es","@id":"https:\/\/veredes.es\/blog\/#\/schema\/logo\/image\/","url":"https:\/\/veredes.es\/blog\/wp-content\/uploads\/2021\/12\/veredes-logo-centrado_140x54.png","contentUrl":"https:\/\/veredes.es\/blog\/wp-content\/uploads\/2021\/12\/veredes-logo-centrado_140x54.png","width":140,"height":54,"caption":"veredes, arquitectura y divulgaci\u00f3n"},"image":{"@id":"https:\/\/veredes.es\/blog\/#\/schema\/logo\/image\/"},"sameAs":["https:\/\/www.facebook.com\/veredesArquitecturayDivulgacion\/","https:\/\/x.com\/veredes","https:\/\/instagram.com\/veredes\/","https:\/\/www.linkedin.com\/company\/veredes-arquitectura-y-divulgacion\/","https:\/\/es.pinterest.com\/veredes\/","https:\/\/www.tumblr.com\/veredes"]},{"@type":"Person","@id":"https:\/\/veredes.es\/blog\/#\/schema\/person\/0bbb669073ef7faba5168a0844e93d2c","name":"veredes","image":{"@type":"ImageObject","inLanguage":"es","@id":"https:\/\/veredes.es\/blog\/wp-content\/uploads\/2018\/04\/face-96x96.jpg","url":"https:\/\/veredes.es\/blog\/wp-content\/uploads\/2018\/04\/face-96x96.jpg","contentUrl":"https:\/\/veredes.es\/blog\/wp-content\/uploads\/2018\/04\/face-96x96.jpg","caption":"veredes"},"description":"Surge enero de 2009 como b\u00fasqueda de satisfacer el conocimiento de la actividad arquitect\u00f3nica y tangentes que se generan. La idea es crear un espacio para divulgar los diversos proyectos en busca de nueva inspiraci\u00f3n y de intercambio.","sameAs":["https:\/\/veredes.es\/","https:\/\/www.facebook.com\/veredesArquitecturayDivulgacion\/","https:\/\/www.instagram.com\/veredes\/","https:\/\/www.linkedin.com\/company\/veredes-arquitectura-y-divulgacion\/","https:\/\/www.pinterest.es\/veredes\/","https:\/\/x.com\/https:\/\/twitter.com\/veredes","https:\/\/veredes.tumblr.com\/"],"url":"https:\/\/veredes.es\/blog\/author\/alberto\/"}]}},"_links":{"self":[{"href":"https:\/\/veredes.es\/blog\/wp-json\/wp\/v2\/posts\/86544","targetHints":{"allow":["GET"]}}],"collection":[{"href":"https:\/\/veredes.es\/blog\/wp-json\/wp\/v2\/posts"}],"about":[{"href":"https:\/\/veredes.es\/blog\/wp-json\/wp\/v2\/types\/post"}],"author":[{"embeddable":true,"href":"https:\/\/veredes.es\/blog\/wp-json\/wp\/v2\/users\/2"}],"replies":[{"embeddable":true,"href":"https:\/\/veredes.es\/blog\/wp-json\/wp\/v2\/comments?post=86544"}],"version-history":[{"count":0,"href":"https:\/\/veredes.es\/blog\/wp-json\/wp\/v2\/posts\/86544\/revisions"}],"wp:featuredmedia":[{"embeddable":true,"href":"https:\/\/veredes.es\/blog\/wp-json\/wp\/v2\/media\/86570"}],"wp:attachment":[{"href":"https:\/\/veredes.es\/blog\/wp-json\/wp\/v2\/media?parent=86544"}],"wp:term":[{"taxonomy":"category","embeddable":true,"href":"https:\/\/veredes.es\/blog\/wp-json\/wp\/v2\/categories?post=86544"},{"taxonomy":"post_tag","embeddable":true,"href":"https:\/\/veredes.es\/blog\/wp-json\/wp\/v2\/tags?post=86544"}],"curies":[{"name":"wp","href":"https:\/\/api.w.org\/{rel}","templated":true}]}}